{"id":15809,"date":"2025-07-19T19:09:19","date_gmt":"2025-07-19T17:09:19","guid":{"rendered":"https:\/\/notabene.world\/nb\/?p=15809"},"modified":"2025-08-15T01:46:24","modified_gmt":"2025-08-15T01:46:24","slug":"kielce-szczury-w-miescie","status":"publish","type":"post","link":"https:\/\/notabene.world\/nb\/kielce-szczury-w-miescie\/","title":{"rendered":"KIELCE. Szczury w mie\u015bcie. Nieopodal Ogrodu Wolno\u015bci"},"content":{"rendered":"\n<p class=\"has-text-align-right\"><em>Czytajcie i nie b\u0105d\u017acie oboj\u0119tni, a b\u0119dzie Wam dane<\/em><\/p>\n\n\n\n<p>W 2015 roku to Jaros\u0142aw Kaczy\u0144ski po raz pierwszy w polskiej przestrzeni publicznej otwarcie wyartyku\u0142owa\u0142 haniebne ksenofobiczne dyrdyma\u0142y o &#8222;paso\u017cytach i pierwotniakach w organizmach uchod\u017ac\u00f3w, [potencjalnie jak\u017ce] gro\u017anych dla Polak\u00f3w&#8221;. <\/p>\n\n\n\n<p>Przesz\u0142o to w sumie bez wi\u0119kszego echa poza kr\u00f3tkotrwa\u0142ym oburzeniem wolnych medi\u00f3w. Potem by\u0142o ju\u017c tylko gorzej, a apogeum mamy teraz, gdy konfederacko-pisowskie neofaszystowskie boj\u00f3wki Braun\u00f3w i B\u0105kiewicz\u00f3w zorganizowa\u0142y 19.07.2025 roku antyimigranckie protesty w osiemdziesi\u0119ciu (!) miejscowo\u015bciach w Polsce.<\/p>\n\n\n\n<p>Z przera\u017cniem obserwowa\u0142em dzisiaj mieszka\u0144c\u00f3w tak\u017ce i naszego miasta, ubranych w koszulki z logo &#8222;ga\u015bnicy antychanukowej&#8221; oraz napisem &#8222;Dru\u017cyna Brauna &#8211; \u015awi\u0119tokrzyskie&#8221;, dumnie trzymaj\u0105cych przed Urz\u0119dem Wojew\u00f3dzkim w Kielcach transparent: &#8222;Stop inwazji imigrant\u00f3w!!!&#8221;.<\/p>\n\n\n\n<p>Tak by\u0142o te\u017c w innych miastach. Wszem i wobec polskie echo ponios\u0142o w \u015bwiat rytmiczne rasistowskie okrzyki: &#8222;Wiel-ka&#8211;Pol-ska&#8211;dla&#8211;Pol-ak-\u00f3w!!!&#8221;<\/p>\n\n\n\n<p>W Kielcach brzmi\u0105 one niczym makabryczny &#8222;rechot historii&#8221;. Demonstracja odby\u0142a si\u0119 wszak po przeciwnej stronie ulicy od powsta\u0142ego niedawno &#8222;Ogrodu Wolno\u015bci&#8221;, w kt\u00f3rym kr\u0119te \u015bcie\u017cki prowadz\u0105 do dawnej Synagogi oraz zaledwie oko\u0142o 150 metr\u00f3w od ul. Planty 7, czyli od miejsca barbarzy\u0144skiego Pogromu Kieleckiego, kt\u00f3rego 79. rocznic\u0119 obchodzili\u015bmy niespe\u0142na 2 tygodnie temu, 4 lipca 2025 roku.<\/p>\n\n\n\n<p>Bez wzgl\u0119du na rozmaite interpretacje, skojarzenia oraz motywy-nie-motywy brutalnego mordu na naszych \u017cydowskich wsp\u00f3\u0142obywatelach w 1946 roku, uczestniczyli w tej zbrodni m. in. \u00f3wcze\u015bni mieszka\u0144cy Kielc. Podobno sam pogrom zosta\u0142 sprowokowany dla odwr\u00f3cenia uwagi od sfa\u0142szowanych wynik\u00f3w referendum z 30 czerwca 1946 roku (?).<\/p>\n\n\n\n<p>W dzisiejszych Kielcach, tak blisko miejsca ha\u0144by po wieczne czasy, wsp\u00f3\u0142cze\u015bni neofaszy\u015bci antyimigranck\u0105 retoryk\u0105 wydaj\u0105 si\u0119 mobilizowa\u0107 sw\u00f3j elektorat ju\u017c teraz, w nadziei na zwi\u0119kszenie szans wyborczych w roku 2027.<\/p>\n\n\n\n<p>W ostatnim czasie zauwa\u017cono w centrum Kielc pojedyncze szczury biegaj\u0105ce frywolnie po chronicznie niedosprz\u0105tanych trotuarach albo obrzydliwie brudnych podw\u00f3rkach okolicznych kamienic. Jednak\u017ce nazywanie tego &#8222;inwazj\u0105 szczur\u00f3w&#8221; by\u0142oby ewidentnym nadu\u017cyciem, k\u0142amstwem, po prostu manipulacj\u0105.<\/p>\n\n\n\n<p>To samo mo\u017cna odnie\u015b\u0107 do &#8222;inwazji imigrant\u00f3w&#8221; na Polsk\u0119 i Kielce, kt\u00f3rej nie ma i nie b\u0119dzie. Albowiem kt\u00f3\u017c o zdrowych zmys\u0142ach chcia\u0142by na sta\u0142e zamieszka\u0107 po\u015br\u00f3d wystraszonych odmienno\u015bci\u0105 kulturow\u0105 zakompleksionych ksenofob\u00f3w i rasist\u00f3w?<\/p>\n\n\n\n<p>Jest tym niemniej du\u017co bardziej prawdopodobne, \u017ce nawet nieliczne szczury, zach\u0119cone otaczaj\u0105cym nas dziadostwem mentalnym, mog\u0105 wywo\u0142a\u0107 i rozprzestrzeni\u0107 kolejn\u0105 pandemi\u0119, tym razem &#8211; w\u015bciek\u0142ego neofaszyzmu. To w\u0142a\u015bciwie ju\u017c si\u0119 dzieje na naszych oczach! Po dzisiejszych wydarzeniach trudno mie\u0107 jakiekolwiek w\u0105tpliwo\u015bci.<\/p>\n\n\n\n<p>Pora zatem na zdecydowan\u0105 interwencj\u0119 w formie bezwzgl\u0119dnej deratyzacji nie tylko naszych zapyzia\u0142ych i zapuszczonych kieleckich ulic, lecz tak\u017ce &#8211; a mo\u017ce przede wszystkim &#8211; \u017cycia publicznego w Polsce. Zanim nie osaczy i nie poch\u0142onie nas brunatna otch\u0142a\u0144 rozwrzeszczanej faszystowskiej i antychrze\u015bcija\u0144skiej t\u0142uszczy oraz dyktatury ciemniak\u00f3w.<\/p>\n\n\n\n<figure class=\"wp-block-image size-large\"><img data-recalc-dims=\"1\" loading=\"lazy\" decoding=\"async\" width=\"800\" height=\"534\" src=\"https:\/\/i0.wp.com\/notabene.world\/nb\/wp-content\/uploads\/2025\/07\/IMG-20250719-WA0022.jpg?resize=800%2C534&#038;ssl=1\" alt=\"\" class=\"wp-image-15893\" srcset=\"https:\/\/i0.wp.com\/notabene.world\/nb\/wp-content\/uploads\/2025\/07\/IMG-20250719-WA0022.jpg?resize=1024%2C683&amp;ssl=1 1024w, https:\/\/i0.wp.com\/notabene.world\/nb\/wp-content\/uploads\/2025\/07\/IMG-20250719-WA0022.jpg?resize=300%2C200&amp;ssl=1 300w, https:\/\/i0.wp.com\/notabene.world\/nb\/wp-content\/uploads\/2025\/07\/IMG-20250719-WA0022.jpg?resize=768%2C512&amp;ssl=1 768w, https:\/\/i0.wp.com\/notabene.world\/nb\/wp-content\/uploads\/2025\/07\/IMG-20250719-WA0022.jpg?w=1500&amp;ssl=1 1500w\" sizes=\"auto, (max-width: 800px) 100vw, 800px\" \/><\/figure>\n\n\n\n<figure class=\"wp-block-image size-large\"><img data-recalc-dims=\"1\" loading=\"lazy\" decoding=\"async\" width=\"800\" height=\"902\" src=\"https:\/\/i0.wp.com\/notabene.world\/nb\/wp-content\/uploads\/2025\/07\/Screenshot_20250720101857.png?resize=800%2C902&#038;ssl=1\" alt=\"\" class=\"wp-image-15924\" srcset=\"https:\/\/i0.wp.com\/notabene.world\/nb\/wp-content\/uploads\/2025\/07\/Screenshot_20250720101857.png?resize=908%2C1024&amp;ssl=1 908w, https:\/\/i0.wp.com\/notabene.world\/nb\/wp-content\/uploads\/2025\/07\/Screenshot_20250720101857.png?resize=266%2C300&amp;ssl=1 266w, https:\/\/i0.wp.com\/notabene.world\/nb\/wp-content\/uploads\/2025\/07\/Screenshot_20250720101857.png?resize=768%2C866&amp;ssl=1 768w, https:\/\/i0.wp.com\/notabene.world\/nb\/wp-content\/uploads\/2025\/07\/Screenshot_20250720101857.png?w=1047&amp;ssl=1 1047w\" sizes=\"auto, (max-width: 800px) 100vw, 800px\" \/><\/figure>\n","protected":false},"excerpt":{"rendered":"<p>Z przera\u017cniem obserwowa\u0142em dzisiaj mieszka\u0144c\u00f3w tak\u017ce i naszego miasta, ubranych w koszulki z rysunkiem &#8222;ga\u015bnicy antyhanukkowej&#8221; oraz napisem &#8222;Dru\u017cyna Brauna &#8211; \u015awi\u0119tokrzyskie&#8221;, &#8222;dumnie&#8221; trzymaj\u0105cych przed Urz\u0119dem Wojew\u00f3dzkim w Kielcach transparent: &#8222;Stop inwazji imigrant\u00f3w!!!&#8221;.<br \/>\n<br \/>\nTak by\u0142o te\u017c w innych miastach. Wszem i wobec polskie echo ponios\u0142o rytmiczne rasistowskie okrzyki: &#8222;Wiel-ka&#8211;Pol-ska&#8211;dla&#8211;Pol-ak-\u00f3w!!!&#8221;<br \/>\n<br \/>\nW Kielcach brzmi\u0105 one niczym makabryczny &#8222;rechot historii&#8221;. Demonstracja odby\u0142a si\u0119 wszak po przeciwnej stronie ulicy od powsta\u0142ego niedawno &#8222;Ogrodu Wolno\u015bci&#8221;, w kt\u00f3rym kr\u0119te \u015bcie\u017cki prowadz\u0105 do dawnej Synagogi oraz zaledwie oko\u0142o 150 metr\u00f3w od ul. Planty 7, czyli od miejsca niechlubnego Pogromu Kieleckiego, kt\u00f3rego 79. rocznic\u0119 obchodzili\u015bmy niespe\u0142na 2 tygodnie temu, 4 lipca 2025 roku.<br \/>\n<br \/>\nBez wzgl\u0119du na przer\u00f3\u017cne interpretacje oraz motywy-nie-motywy brutalnego mordu na naszych \u017cydowskich wsp\u00f3\u0142obywatelach w 1946 roku, uczestniczyli w tej zbrodni m. in. \u00f3wcze\u015bni mieszka\u0144cy Kielc. Podobno sam pogrom zosta\u0142 sprowokowany dla odwr\u00f3cenia uwagi od sfa\u0142szowanych wynik\u00f3w referendum z 30 czerwca 1946 roku.<br \/>\n<br \/>\nW dzisiejszych Kielcach, tak blisko miejsca ha\u0144by po wieczne czasy, wsp\u00f3\u0142cze\u015bni neofaszy\u015bci antyimigranck\u0105 retoryk\u0105 wydaj\u0105 si\u0119 mobilizowa\u0107 sw\u00f3j elektorat ju\u017c teraz, w nadziei na zwi\u0119kszenie szans wyborczych w roku 2027.<\/p>\n","protected":false},"author":1,"featured_media":15810,"comment_status":"closed","ping_status":"closed","sticky":false,"template":"","format":"standard","meta":{"colormag_page_container_layout":"no_sidebar_content_centered","colormag_page_sidebar_layout":"no_sidebar","_jetpack_memberships_contains_paid_content":false,"footnotes":"","_links_to":"","_links_to_target":""},"categories":[64,42,48],"tags":[],"class_list":["post-15809","post","type-post","status-publish","format-standard","has-post-thumbnail","hentry","category-aktualnosci","category-felietony","category-wiecej-swiatla"],"yoast_head":"<!-- This site is optimized with the Yoast SEO plugin v27.4 - https:\/\/yoast.com\/product\/yoast-seo-wordpress\/ -->\n<title>KIELCE. Szczury w mie\u015bcie. Nieopodal Ogrodu Wolno\u015bci - NOTABENE.WORLD<\/title>\n<meta name=\"robots\" content=\"index, follow, max-snippet:-1, max-image-preview:large, max-video-preview:-1\" \/>\n<link rel=\"canonical\" href=\"https:\/\/notabene.world\/nb\/kielce-szczury-w-miescie\/\" \/>\n<meta property=\"og:locale\" content=\"pl_PL\" \/>\n<meta property=\"og:type\" content=\"article\" \/>\n<meta property=\"og:title\" content=\"KIELCE. Szczury w mie\u015bcie. Nieopodal Ogrodu Wolno\u015bci - NOTABENE.WORLD\" \/>\n<meta property=\"og:description\" content=\"Z przera\u017cniem obserwowa\u0142em dzisiaj mieszka\u0144c\u00f3w tak\u017ce i naszego miasta, ubranych w koszulki z rysunkiem &quot;ga\u015bnicy antyhanukkowej&quot; oraz napisem &quot;Dru\u017cyna Brauna - \u015awi\u0119tokrzyskie&quot;, &quot;dumnie&quot; trzymaj\u0105cych przed Urz\u0119dem Wojew\u00f3dzkim w Kielcach transparent: &quot;Stop inwazji imigrant\u00f3w!!!&quot;. Tak by\u0142o te\u017c w innych miastach. Wszem i wobec polskie echo ponios\u0142o rytmiczne rasistowskie okrzyki: &quot;Wiel-ka--Pol-ska--dla--Pol-ak-\u00f3w!!!&quot; W Kielcach brzmi\u0105 one niczym makabryczny &quot;rechot historii&quot;. Demonstracja odby\u0142a si\u0119 wszak po przeciwnej stronie ulicy od powsta\u0142ego niedawno &quot;Ogrodu Wolno\u015bci&quot;, w kt\u00f3rym kr\u0119te \u015bcie\u017cki prowadz\u0105 do dawnej Synagogi oraz zaledwie oko\u0142o 150 metr\u00f3w od ul. Planty 7, czyli od miejsca niechlubnego Pogromu Kieleckiego, kt\u00f3rego 79. rocznic\u0119 obchodzili\u015bmy niespe\u0142na 2 tygodnie temu, 4 lipca 2025 roku. Bez wzgl\u0119du na przer\u00f3\u017cne interpretacje oraz motywy-nie-motywy brutalnego mordu na naszych \u017cydowskich wsp\u00f3\u0142obywatelach w 1946 roku, uczestniczyli w tej zbrodni m. in. \u00f3wcze\u015bni mieszka\u0144cy Kielc. Podobno sam pogrom zosta\u0142 sprowokowany dla odwr\u00f3cenia uwagi od sfa\u0142szowanych wynik\u00f3w referendum z 30 czerwca 1946 roku. W dzisiejszych Kielcach, tak blisko miejsca ha\u0144by po wieczne czasy, wsp\u00f3\u0142cze\u015bni neofaszy\u015bci antyimigranck\u0105 retoryk\u0105 wydaj\u0105 si\u0119 mobilizowa\u0107 sw\u00f3j elektorat ju\u017c teraz, w nadziei na zwi\u0119kszenie szans wyborczych w roku 2027.\" \/>\n<meta property=\"og:url\" content=\"https:\/\/notabene.world\/nb\/kielce-szczury-w-miescie\/\" \/>\n<meta property=\"og:site_name\" content=\"NOTABENE.WORLD\" \/>\n<meta property=\"article:publisher\" content=\"https:\/\/www.facebook.com\/Notabene.World\" \/>\n<meta property=\"article:published_time\" content=\"2025-07-19T17:09:19+00:00\" \/>\n<meta property=\"article:modified_time\" content=\"2025-08-15T01:46:24+00:00\" \/>\n<meta property=\"og:image\" content=\"https:\/\/notabene.world\/nb\/wp-content\/uploads\/2025\/07\/szcz3d0.jpg\" \/>\n\t<meta property=\"og:image:width\" content=\"800\" \/>\n\t<meta property=\"og:image:height\" content=\"445\" \/>\n\t<meta property=\"og:image:type\" content=\"image\/jpeg\" \/>\n<meta name=\"author\" content=\"C vel K\" \/>\n<meta name=\"twitter:card\" content=\"summary_large_image\" \/>\n<meta name=\"twitter:label1\" content=\"Napisane przez\" \/>\n\t<meta name=\"twitter:data1\" content=\"C vel K\" \/>\n\t<meta name=\"twitter:label2\" content=\"Szacowany czas czytania\" \/>\n\t<meta name=\"twitter:data2\" content=\"3 minuty\" \/>\n<script type=\"application\/ld+json\" class=\"yoast-schema-graph\">{\"@context\":\"https:\\\/\\\/schema.org\",\"@graph\":[{\"@type\":\"Article\",\"@id\":\"https:\\\/\\\/notabene.world\\\/nb\\\/kielce-szczury-w-miescie\\\/#article\",\"isPartOf\":{\"@id\":\"https:\\\/\\\/notabene.world\\\/nb\\\/kielce-szczury-w-miescie\\\/\"},\"author\":{\"name\":\"C vel K\",\"@id\":\"https:\\\/\\\/notabene.world\\\/nb\\\/#\\\/schema\\\/person\\\/2227ed509f9261e544f6078919e1981d\"},\"headline\":\"KIELCE. Szczury w mie\u015bcie. Nieopodal Ogrodu Wolno\u015bci\",\"datePublished\":\"2025-07-19T17:09:19+00:00\",\"dateModified\":\"2025-08-15T01:46:24+00:00\",\"mainEntityOfPage\":{\"@id\":\"https:\\\/\\\/notabene.world\\\/nb\\\/kielce-szczury-w-miescie\\\/\"},\"wordCount\":516,\"publisher\":{\"@id\":\"https:\\\/\\\/notabene.world\\\/nb\\\/#organization\"},\"image\":{\"@id\":\"https:\\\/\\\/notabene.world\\\/nb\\\/kielce-szczury-w-miescie\\\/#primaryimage\"},\"thumbnailUrl\":\"https:\\\/\\\/i0.wp.com\\\/notabene.world\\\/nb\\\/wp-content\\\/uploads\\\/2025\\\/07\\\/szcz3d0.jpg?fit=800%2C445&ssl=1\",\"articleSection\":[\"Aktualno\u015bci\",\"Felietony\",\"WI\u0118CEJ \u015aWIAT(\u0141)A\"],\"inLanguage\":\"pl-PL\"},{\"@type\":\"WebPage\",\"@id\":\"https:\\\/\\\/notabene.world\\\/nb\\\/kielce-szczury-w-miescie\\\/\",\"url\":\"https:\\\/\\\/notabene.world\\\/nb\\\/kielce-szczury-w-miescie\\\/\",\"name\":\"KIELCE. Szczury w mie\u015bcie. Nieopodal Ogrodu Wolno\u015bci - NOTABENE.WORLD\",\"isPartOf\":{\"@id\":\"https:\\\/\\\/notabene.world\\\/nb\\\/#website\"},\"primaryImageOfPage\":{\"@id\":\"https:\\\/\\\/notabene.world\\\/nb\\\/kielce-szczury-w-miescie\\\/#primaryimage\"},\"image\":{\"@id\":\"https:\\\/\\\/notabene.world\\\/nb\\\/kielce-szczury-w-miescie\\\/#primaryimage\"},\"thumbnailUrl\":\"https:\\\/\\\/i0.wp.com\\\/notabene.world\\\/nb\\\/wp-content\\\/uploads\\\/2025\\\/07\\\/szcz3d0.jpg?fit=800%2C445&ssl=1\",\"datePublished\":\"2025-07-19T17:09:19+00:00\",\"dateModified\":\"2025-08-15T01:46:24+00:00\",\"breadcrumb\":{\"@id\":\"https:\\\/\\\/notabene.world\\\/nb\\\/kielce-szczury-w-miescie\\\/#breadcrumb\"},\"inLanguage\":\"pl-PL\",\"potentialAction\":[{\"@type\":\"ReadAction\",\"target\":[\"https:\\\/\\\/notabene.world\\\/nb\\\/kielce-szczury-w-miescie\\\/\"]}]},{\"@type\":\"ImageObject\",\"inLanguage\":\"pl-PL\",\"@id\":\"https:\\\/\\\/notabene.world\\\/nb\\\/kielce-szczury-w-miescie\\\/#primaryimage\",\"url\":\"https:\\\/\\\/i0.wp.com\\\/notabene.world\\\/nb\\\/wp-content\\\/uploads\\\/2025\\\/07\\\/szcz3d0.jpg?fit=800%2C445&ssl=1\",\"contentUrl\":\"https:\\\/\\\/i0.wp.com\\\/notabene.world\\\/nb\\\/wp-content\\\/uploads\\\/2025\\\/07\\\/szcz3d0.jpg?fit=800%2C445&ssl=1\",\"width\":800,\"height\":445},{\"@type\":\"BreadcrumbList\",\"@id\":\"https:\\\/\\\/notabene.world\\\/nb\\\/kielce-szczury-w-miescie\\\/#breadcrumb\",\"itemListElement\":[{\"@type\":\"ListItem\",\"position\":1,\"name\":\"Home\",\"item\":\"https:\\\/\\\/notabene.world\\\/nb\\\/\"},{\"@type\":\"ListItem\",\"position\":2,\"name\":\"KIELCE. Szczury w mie\u015bcie. Nieopodal Ogrodu Wolno\u015bci\"}]},{\"@type\":\"WebSite\",\"@id\":\"https:\\\/\\\/notabene.world\\\/nb\\\/#website\",\"url\":\"https:\\\/\\\/notabene.world\\\/nb\\\/\",\"name\":\"NOTABENE.WORLD\",\"description\":\"Przekaz. Warto\u015bci. Wsp\u00f3lnota.\",\"publisher\":{\"@id\":\"https:\\\/\\\/notabene.world\\\/nb\\\/#organization\"},\"potentialAction\":[{\"@type\":\"SearchAction\",\"target\":{\"@type\":\"EntryPoint\",\"urlTemplate\":\"https:\\\/\\\/notabene.world\\\/nb\\\/?s={search_term_string}\"},\"query-input\":{\"@type\":\"PropertyValueSpecification\",\"valueRequired\":true,\"valueName\":\"search_term_string\"}}],\"inLanguage\":\"pl-PL\"},{\"@type\":\"Organization\",\"@id\":\"https:\\\/\\\/notabene.world\\\/nb\\\/#organization\",\"name\":\"NOTABENE.WORLD\",\"url\":\"https:\\\/\\\/notabene.world\\\/nb\\\/\",\"logo\":{\"@type\":\"ImageObject\",\"inLanguage\":\"pl-PL\",\"@id\":\"https:\\\/\\\/notabene.world\\\/nb\\\/#\\\/schema\\\/logo\\\/image\\\/\",\"url\":\"https:\\\/\\\/notabene.world\\\/nb\\\/wp-content\\\/uploads\\\/2022\\\/01\\\/NB-club-start-www1.jpg\",\"contentUrl\":\"https:\\\/\\\/notabene.world\\\/nb\\\/wp-content\\\/uploads\\\/2022\\\/01\\\/NB-club-start-www1.jpg\",\"width\":1000,\"height\":839,\"caption\":\"NOTABENE.WORLD\"},\"image\":{\"@id\":\"https:\\\/\\\/notabene.world\\\/nb\\\/#\\\/schema\\\/logo\\\/image\\\/\"},\"sameAs\":[\"https:\\\/\\\/www.facebook.com\\\/Notabene.World\"]},{\"@type\":\"Person\",\"@id\":\"https:\\\/\\\/notabene.world\\\/nb\\\/#\\\/schema\\\/person\\\/2227ed509f9261e544f6078919e1981d\",\"name\":\"C vel K\",\"image\":{\"@type\":\"ImageObject\",\"inLanguage\":\"pl-PL\",\"@id\":\"https:\\\/\\\/secure.gravatar.com\\\/avatar\\\/da4181237ddf77c667487dd66af5231faaf45fbcb0774d7a408f868da56bf04c?s=96&d=mm&r=g\",\"url\":\"https:\\\/\\\/secure.gravatar.com\\\/avatar\\\/da4181237ddf77c667487dd66af5231faaf45fbcb0774d7a408f868da56bf04c?s=96&d=mm&r=g\",\"contentUrl\":\"https:\\\/\\\/secure.gravatar.com\\\/avatar\\\/da4181237ddf77c667487dd66af5231faaf45fbcb0774d7a408f868da56bf04c?s=96&d=mm&r=g\",\"caption\":\"C vel K\"},\"url\":\"https:\\\/\\\/notabene.world\\\/nb\\\/author\\\/kcedro\\\/\"}]}<\/script>\n<!-- \/ Yoast SEO plugin. -->","yoast_head_json":{"title":"KIELCE. Szczury w mie\u015bcie. Nieopodal Ogrodu Wolno\u015bci - NOTABENE.WORLD","robots":{"index":"index","follow":"follow","max-snippet":"max-snippet:-1","max-image-preview":"max-image-preview:large","max-video-preview":"max-video-preview:-1"},"canonical":"https:\/\/notabene.world\/nb\/kielce-szczury-w-miescie\/","og_locale":"pl_PL","og_type":"article","og_title":"KIELCE. Szczury w mie\u015bcie. Nieopodal Ogrodu Wolno\u015bci - NOTABENE.WORLD","og_description":"Z przera\u017cniem obserwowa\u0142em dzisiaj mieszka\u0144c\u00f3w tak\u017ce i naszego miasta, ubranych w koszulki z rysunkiem \"ga\u015bnicy antyhanukkowej\" oraz napisem \"Dru\u017cyna Brauna - \u015awi\u0119tokrzyskie\", \"dumnie\" trzymaj\u0105cych przed Urz\u0119dem Wojew\u00f3dzkim w Kielcach transparent: \"Stop inwazji imigrant\u00f3w!!!\". Tak by\u0142o te\u017c w innych miastach. Wszem i wobec polskie echo ponios\u0142o rytmiczne rasistowskie okrzyki: \"Wiel-ka--Pol-ska--dla--Pol-ak-\u00f3w!!!\" W Kielcach brzmi\u0105 one niczym makabryczny \"rechot historii\". Demonstracja odby\u0142a si\u0119 wszak po przeciwnej stronie ulicy od powsta\u0142ego niedawno \"Ogrodu Wolno\u015bci\", w kt\u00f3rym kr\u0119te \u015bcie\u017cki prowadz\u0105 do dawnej Synagogi oraz zaledwie oko\u0142o 150 metr\u00f3w od ul. Planty 7, czyli od miejsca niechlubnego Pogromu Kieleckiego, kt\u00f3rego 79. rocznic\u0119 obchodzili\u015bmy niespe\u0142na 2 tygodnie temu, 4 lipca 2025 roku. Bez wzgl\u0119du na przer\u00f3\u017cne interpretacje oraz motywy-nie-motywy brutalnego mordu na naszych \u017cydowskich wsp\u00f3\u0142obywatelach w 1946 roku, uczestniczyli w tej zbrodni m. in. \u00f3wcze\u015bni mieszka\u0144cy Kielc. Podobno sam pogrom zosta\u0142 sprowokowany dla odwr\u00f3cenia uwagi od sfa\u0142szowanych wynik\u00f3w referendum z 30 czerwca 1946 roku. W dzisiejszych Kielcach, tak blisko miejsca ha\u0144by po wieczne czasy, wsp\u00f3\u0142cze\u015bni neofaszy\u015bci antyimigranck\u0105 retoryk\u0105 wydaj\u0105 si\u0119 mobilizowa\u0107 sw\u00f3j elektorat ju\u017c teraz, w nadziei na zwi\u0119kszenie szans wyborczych w roku 2027.","og_url":"https:\/\/notabene.world\/nb\/kielce-szczury-w-miescie\/","og_site_name":"NOTABENE.WORLD","article_publisher":"https:\/\/www.facebook.com\/Notabene.World","article_published_time":"2025-07-19T17:09:19+00:00","article_modified_time":"2025-08-15T01:46:24+00:00","og_image":[{"width":800,"height":445,"url":"https:\/\/notabene.world\/nb\/wp-content\/uploads\/2025\/07\/szcz3d0.jpg","type":"image\/jpeg"}],"author":"C vel K","twitter_card":"summary_large_image","twitter_misc":{"Napisane przez":"C vel K","Szacowany czas czytania":"3 minuty"},"schema":{"@context":"https:\/\/schema.org","@graph":[{"@type":"Article","@id":"https:\/\/notabene.world\/nb\/kielce-szczury-w-miescie\/#article","isPartOf":{"@id":"https:\/\/notabene.world\/nb\/kielce-szczury-w-miescie\/"},"author":{"name":"C vel K","@id":"https:\/\/notabene.world\/nb\/#\/schema\/person\/2227ed509f9261e544f6078919e1981d"},"headline":"KIELCE. Szczury w mie\u015bcie. Nieopodal Ogrodu Wolno\u015bci","datePublished":"2025-07-19T17:09:19+00:00","dateModified":"2025-08-15T01:46:24+00:00","mainEntityOfPage":{"@id":"https:\/\/notabene.world\/nb\/kielce-szczury-w-miescie\/"},"wordCount":516,"publisher":{"@id":"https:\/\/notabene.world\/nb\/#organization"},"image":{"@id":"https:\/\/notabene.world\/nb\/kielce-szczury-w-miescie\/#primaryimage"},"thumbnailUrl":"https:\/\/i0.wp.com\/notabene.world\/nb\/wp-content\/uploads\/2025\/07\/szcz3d0.jpg?fit=800%2C445&ssl=1","articleSection":["Aktualno\u015bci","Felietony","WI\u0118CEJ \u015aWIAT(\u0141)A"],"inLanguage":"pl-PL"},{"@type":"WebPage","@id":"https:\/\/notabene.world\/nb\/kielce-szczury-w-miescie\/","url":"https:\/\/notabene.world\/nb\/kielce-szczury-w-miescie\/","name":"KIELCE. Szczury w mie\u015bcie. Nieopodal Ogrodu Wolno\u015bci - NOTABENE.WORLD","isPartOf":{"@id":"https:\/\/notabene.world\/nb\/#website"},"primaryImageOfPage":{"@id":"https:\/\/notabene.world\/nb\/kielce-szczury-w-miescie\/#primaryimage"},"image":{"@id":"https:\/\/notabene.world\/nb\/kielce-szczury-w-miescie\/#primaryimage"},"thumbnailUrl":"https:\/\/i0.wp.com\/notabene.world\/nb\/wp-content\/uploads\/2025\/07\/szcz3d0.jpg?fit=800%2C445&ssl=1","datePublished":"2025-07-19T17:09:19+00:00","dateModified":"2025-08-15T01:46:24+00:00","breadcrumb":{"@id":"https:\/\/notabene.world\/nb\/kielce-szczury-w-miescie\/#breadcrumb"},"inLanguage":"pl-PL","potentialAction":[{"@type":"ReadAction","target":["https:\/\/notabene.world\/nb\/kielce-szczury-w-miescie\/"]}]},{"@type":"ImageObject","inLanguage":"pl-PL","@id":"https:\/\/notabene.world\/nb\/kielce-szczury-w-miescie\/#primaryimage","url":"https:\/\/i0.wp.com\/notabene.world\/nb\/wp-content\/uploads\/2025\/07\/szcz3d0.jpg?fit=800%2C445&ssl=1","contentUrl":"https:\/\/i0.wp.com\/notabene.world\/nb\/wp-content\/uploads\/2025\/07\/szcz3d0.jpg?fit=800%2C445&ssl=1","width":800,"height":445},{"@type":"BreadcrumbList","@id":"https:\/\/notabene.world\/nb\/kielce-szczury-w-miescie\/#breadcrumb","itemListElement":[{"@type":"ListItem","position":1,"name":"Home","item":"https:\/\/notabene.world\/nb\/"},{"@type":"ListItem","position":2,"name":"KIELCE. Szczury w mie\u015bcie. Nieopodal Ogrodu Wolno\u015bci"}]},{"@type":"WebSite","@id":"https:\/\/notabene.world\/nb\/#website","url":"https:\/\/notabene.world\/nb\/","name":"NOTABENE.WORLD","description":"Przekaz. Warto\u015bci. Wsp\u00f3lnota.","publisher":{"@id":"https:\/\/notabene.world\/nb\/#organization"},"potentialAction":[{"@type":"SearchAction","target":{"@type":"EntryPoint","urlTemplate":"https:\/\/notabene.world\/nb\/?s={search_term_string}"},"query-input":{"@type":"PropertyValueSpecification","valueRequired":true,"valueName":"search_term_string"}}],"inLanguage":"pl-PL"},{"@type":"Organization","@id":"https:\/\/notabene.world\/nb\/#organization","name":"NOTABENE.WORLD","url":"https:\/\/notabene.world\/nb\/","logo":{"@type":"ImageObject","inLanguage":"pl-PL","@id":"https:\/\/notabene.world\/nb\/#\/schema\/logo\/image\/","url":"https:\/\/notabene.world\/nb\/wp-content\/uploads\/2022\/01\/NB-club-start-www1.jpg","contentUrl":"https:\/\/notabene.world\/nb\/wp-content\/uploads\/2022\/01\/NB-club-start-www1.jpg","width":1000,"height":839,"caption":"NOTABENE.WORLD"},"image":{"@id":"https:\/\/notabene.world\/nb\/#\/schema\/logo\/image\/"},"sameAs":["https:\/\/www.facebook.com\/Notabene.World"]},{"@type":"Person","@id":"https:\/\/notabene.world\/nb\/#\/schema\/person\/2227ed509f9261e544f6078919e1981d","name":"C vel K","image":{"@type":"ImageObject","inLanguage":"pl-PL","@id":"https:\/\/secure.gravatar.com\/avatar\/da4181237ddf77c667487dd66af5231faaf45fbcb0774d7a408f868da56bf04c?s=96&d=mm&r=g","url":"https:\/\/secure.gravatar.com\/avatar\/da4181237ddf77c667487dd66af5231faaf45fbcb0774d7a408f868da56bf04c?s=96&d=mm&r=g","contentUrl":"https:\/\/secure.gravatar.com\/avatar\/da4181237ddf77c667487dd66af5231faaf45fbcb0774d7a408f868da56bf04c?s=96&d=mm&r=g","caption":"C vel K"},"url":"https:\/\/notabene.world\/nb\/author\/kcedro\/"}]}},"jetpack_featured_media_url":"https:\/\/i0.wp.com\/notabene.world\/nb\/wp-content\/uploads\/2025\/07\/szcz3d0.jpg?fit=800%2C445&ssl=1","jetpack_sharing_enabled":true,"jetpack_shortlink":"https:\/\/wp.me\/pdCobN-46Z","_links":{"self":[{"href":"https:\/\/notabene.world\/nb\/wp-json\/wp\/v2\/posts\/15809","targetHints":{"allow":["GET"]}}],"collection":[{"href":"https:\/\/notabene.world\/nb\/wp-json\/wp\/v2\/posts"}],"about":[{"href":"https:\/\/notabene.world\/nb\/wp-json\/wp\/v2\/types\/post"}],"author":[{"embeddable":true,"href":"https:\/\/notabene.world\/nb\/wp-json\/wp\/v2\/users\/1"}],"replies":[{"embeddable":true,"href":"https:\/\/notabene.world\/nb\/wp-json\/wp\/v2\/comments?post=15809"}],"version-history":[{"count":5,"href":"https:\/\/notabene.world\/nb\/wp-json\/wp\/v2\/posts\/15809\/revisions"}],"predecessor-version":[{"id":15986,"href":"https:\/\/notabene.world\/nb\/wp-json\/wp\/v2\/posts\/15809\/revisions\/15986"}],"wp:featuredmedia":[{"embeddable":true,"href":"https:\/\/notabene.world\/nb\/wp-json\/wp\/v2\/media\/15810"}],"wp:attachment":[{"href":"https:\/\/notabene.world\/nb\/wp-json\/wp\/v2\/media?parent=15809"}],"wp:term":[{"taxonomy":"category","embeddable":true,"href":"https:\/\/notabene.world\/nb\/wp-json\/wp\/v2\/categories?post=15809"},{"taxonomy":"post_tag","embeddable":true,"href":"https:\/\/notabene.world\/nb\/wp-json\/wp\/v2\/tags?post=15809"}],"curies":[{"name":"wp","href":"https:\/\/api.w.org\/{rel}","templated":true}]}}