{"id":1584,"date":"2022-01-29T18:00:00","date_gmt":"2022-01-29T17:00:00","guid":{"rendered":"https:\/\/notabene.world\/nb\/?p=1584"},"modified":"2022-02-20T23:39:48","modified_gmt":"2022-02-20T22:39:48","slug":"kapital-sztuki-suplement-2020-2021","status":"publish","type":"post","link":"https:\/\/notabene.world\/nb\/kapital-sztuki-suplement-2020-2021\/","title":{"rendered":"Kapita\u0142 sztuki &#8211; suplement 2020\/2021"},"content":{"rendered":"\n<div class=\"wp-block-columns is-layout-flex wp-container-core-columns-is-layout-28f84493 wp-block-columns-is-layout-flex\">\n<div class=\"wp-block-column is-layout-flow wp-block-column-is-layout-flow\" style=\"flex-basis:100%\">\n<div class=\"wp-block-group is-layout-flow wp-block-group-is-layout-flow\">\n<div class=\"wp-block-columns is-layout-flex wp-container-core-columns-is-layout-28f84493 wp-block-columns-is-layout-flex\">\n<div class=\"wp-block-column is-layout-flow wp-block-column-is-layout-flow\" style=\"flex-basis:100%\">\n<p class=\"has-drop-cap\">W kieleckim BWA mo\u017cna ogl\u0105da\u0107 wystaw\u0119 &nbsp;\u201eKapita\u0142 sztuki \u2013 suplement 2020\/2021&#8243;. Swoje dzie\u0142a prezentuje 80 artyst\u00f3w. S\u0105 to osoby zrzeszone w regionalnych oddzia\u0142ach Zwi\u0105zku Polskich Artyst\u00f3w Plastyk\u00f3w, Zwi\u0105zku Polskich Artyst\u00f3w Fotografik\u00f3w, Zwi\u0105zku Polskich Artyst\u00f3w Rze\u017abiarzy i Polskiego Stowarzyszenia Edukacji Plastycznej, albo zaproszone do udzia\u0142u w wystawie przez kurator\u00f3w. Obrazy, grafiki, plakaty, fotografie, rze\u017aby i instalacje \u015bwi\u0119tokrzyskich tw\u00f3rc\u00f3w wype\u0142niaj\u0105 wn\u0119trze galerii. Ponadto <em>\u201eKapita\u0142 sztuki\u201d<\/em>&nbsp; przypomina tak\u017ce tw\u00f3rczo\u015b\u0107 zmar\u0142ego w&nbsp;2021 roku Krzysztofa Jackowskiego. Wystawa&nbsp;ma dwie ods\u0142ony \u2013 cz\u0119\u015b\u0107 obraz\u00f3w wybitnego kieleckiego malarza pochodz\u0105cych z&nbsp;kolekcji BWA zaprezentowana jest na&nbsp;Kapitulnej 2, a&nbsp;cz\u0119\u015b\u0107 w&nbsp;Galerii ZPAP \u201eTycjan\u201d przy placu Artyst\u00f3w. Katalog towarzysz\u0105cy wystawie zawiera tak\u017ce wspomnienie o&nbsp;zmar\u0142ym w&nbsp;2021 roku rze\u017abiarzu&nbsp;Gustawie Hadynie.<\/p>\n\n\n\n<p>Mamy okazj\u0119 do podziwiania r\u00f3\u017cnego rodzaju dzie\u0142 sztuki, z kt\u00f3rych cz\u0119\u015b\u0107 nawi\u0105zuje do aktualnych wydarze\u0144 dotycz\u0105cych polityki, pandemii koronawirusa, czy zmian klimatycznych. Z pewno\u015bci\u0105  wystawa ta  b\u0119dzie nie lada gratk\u0105  zar\u00f3wno dla koneser\u00f3w sztuki, jak i przeci\u0119tnego widza.<\/p>\n\n\n\n<p>Biuro Wystaw Artystycznych czynne jest <strong>od wtorku do niedzieli w godz. od 11:00 do 18:00.<\/strong> Wystaw\u0119 b\u0119dzie mo\u017cna ogl\u0105da\u0107 do 10.02.2022.<\/p>\n<\/div>\n<\/div>\n<\/div>\n\n\n\n<figure class=\"wp-block-image size-full is-resized\"><img data-recalc-dims=\"1\" loading=\"lazy\" decoding=\"async\" src=\"https:\/\/i0.wp.com\/notabene.world\/nb\/wp-content\/uploads\/2022\/01\/idziemy-z-dumnie-podniesiona-glowa.jpeg?resize=800%2C620&#038;ssl=1\" alt=\"\" class=\"wp-image-1590\" width=\"800\" height=\"620\"\/><figcaption>Krzysztof Jackowski<em> Idziemy dumnie z podniesion\u0105 g\u0142ow\u0105<\/em>, 2019<\/figcaption><\/figure>\n<\/div>\n<\/div>\n\n\n\n<blockquote class=\"wp-block-quote is-layout-flow wp-block-quote-is-layout-flow\"><p><strong>\u201ePowr\u00f3t \u201aKapita\u0142u sztuki\u2018&nbsp; po&nbsp;rocznym niebycie spowodowanym pandemi\u0105, sk\u0142ania nas do&nbsp;refleksji. Paradoksalnie, sytuacja ogranicze\u0144 i&nbsp;izolacji, zmusza tw\u00f3rc\u00f3w do&nbsp;intensywnego dzia\u0142ania. [\u2026] Zamkni\u0119ci&nbsp;w&nbsp;pracowniach, w&nbsp;domach, bronimy si\u0119 przed&nbsp;z\u0142em poprzez prac\u0119. To&nbsp;krzyk bezradno\u015bci, sprzeciwu, strachu, a&nbsp;tak\u017ce t\u0119sknoty za&nbsp;normalno\u015bci\u0105. Sztuka sta\u0142a si\u0119 dla nas artyst\u00f3w swoistym wentylem bezpiecze\u0144stwa. Pozwala nam zapomnie\u0107 na&nbsp;chwil\u0119 o&nbsp;tym, co&nbsp;dzieje si\u0119 za&nbsp;oknem. Wszystkie te&nbsp;emocje wyrzucamy na&nbsp;p\u0142\u00f3tno, zamykamy w&nbsp;kadrach zdj\u0119\u0107, utrwalamy poprzez sztuk\u0119. Walczymy o&nbsp;przetrwanie, nie&nbsp;tylko&nbsp;fizyczne, ale&nbsp;o&nbsp;warto\u015bci nadrz\u0119dne. Nie&nbsp;jest nam \u0142atwo. Wra\u017cliwo\u015b\u0107, kt\u00f3r\u0105 zostali\u015bmy obdarzeni, bywa cz\u0119sto przekle\u0144stwem. Ponowne spotkanie wszystkich zwi\u0105zk\u00f3w i&nbsp;stowarzysze\u0144 tw\u00f3rczych niesie nadziej\u0119, \u017ce&nbsp;jeszcze b\u0119dzie pi\u0119knie, jeszcze b\u0119dzie normalnie\u201d\u2013 <\/strong>napisa\u0142 w&nbsp;tek\u015bcie do&nbsp;katalogu kurator wystawy z&nbsp;ramienia PSEP Marek Sabat.<\/p><\/blockquote>\n\n\n\n<figure class=\"wp-block-gallery has-nested-images columns-default is-cropped wp-block-gallery-1 is-layout-flex wp-block-gallery-is-layout-flex\">\n<figure class=\"wp-block-image size-large\"><img data-recalc-dims=\"1\" loading=\"lazy\" decoding=\"async\" width=\"750\" height=\"1000\" data-id=\"1607\" src=\"https:\/\/i0.wp.com\/notabene.world\/nb\/wp-content\/uploads\/2022\/01\/image0-1.jpeg?resize=750%2C1000&#038;ssl=1\" alt=\"\" class=\"wp-image-1607\" srcset=\"https:\/\/i0.wp.com\/notabene.world\/nb\/wp-content\/uploads\/2022\/01\/image0-1.jpeg?w=750&amp;ssl=1 750w, https:\/\/i0.wp.com\/notabene.world\/nb\/wp-content\/uploads\/2022\/01\/image0-1.jpeg?resize=225%2C300&amp;ssl=1 225w\" sizes=\"auto, (max-width: 750px) 100vw, 750px\" \/><\/figure>\n\n\n\n<figure class=\"wp-block-image size-large\"><img data-recalc-dims=\"1\" decoding=\"async\" data-id=\"1599\" src=\"https:\/\/i0.wp.com\/notabene.world\/nb\/wp-content\/uploads\/2022\/01\/rzezba-pandemia.jpeg?w=800&#038;ssl=1\" alt=\"\" class=\"wp-image-1599\"\/><\/figure>\n<\/figure>\n\n\n\n<figure class=\"wp-block-image size-large\"><img data-recalc-dims=\"1\" loading=\"lazy\" decoding=\"async\" width=\"800\" height=\"534\" src=\"https:\/\/i0.wp.com\/notabene.world\/nb\/wp-content\/uploads\/2022\/01\/269615173_4286083594829411_810734939245667927_n-1.jpg?resize=800%2C534&#038;ssl=1\" alt=\"\" class=\"wp-image-1609\" srcset=\"https:\/\/i0.wp.com\/notabene.world\/nb\/wp-content\/uploads\/2022\/01\/269615173_4286083594829411_810734939245667927_n-1.jpg?resize=1024%2C684&amp;ssl=1 1024w, https:\/\/i0.wp.com\/notabene.world\/nb\/wp-content\/uploads\/2022\/01\/269615173_4286083594829411_810734939245667927_n-1.jpg?resize=300%2C200&amp;ssl=1 300w, https:\/\/i0.wp.com\/notabene.world\/nb\/wp-content\/uploads\/2022\/01\/269615173_4286083594829411_810734939245667927_n-1.jpg?resize=768%2C513&amp;ssl=1 768w, https:\/\/i0.wp.com\/notabene.world\/nb\/wp-content\/uploads\/2022\/01\/269615173_4286083594829411_810734939245667927_n-1.jpg?resize=1536%2C1025&amp;ssl=1 1536w, https:\/\/i0.wp.com\/notabene.world\/nb\/wp-content\/uploads\/2022\/01\/269615173_4286083594829411_810734939245667927_n-1.jpg?w=2048&amp;ssl=1 2048w, https:\/\/i0.wp.com\/notabene.world\/nb\/wp-content\/uploads\/2022\/01\/269615173_4286083594829411_810734939245667927_n-1.jpg?w=1600&amp;ssl=1 1600w\" sizes=\"auto, (max-width: 800px) 100vw, 800px\" \/><figcaption>od lewej: Krzysztof Jackowski <em>Obraz zawiera lokowanie produktu<\/em>, 2012 , Krzysztof Jackowski <em>Osoby towarzysz\u0105ce<\/em>, 2011 <\/figcaption><\/figure>\n","protected":false},"excerpt":{"rendered":"<p>W kieleckim BWA mo\u017cna ogl\u0105da\u0107 wystaw\u0119 &nbsp;\u201eKapita\u0142 sztuki \u2013 suplement 2020\/2021&#8243;. Swoje dzie\u0142a prezentuje 80 artyst\u00f3w. S\u0105 to osoby zrzeszone<\/p>\n","protected":false},"author":20,"featured_media":1613,"comment_status":"closed","ping_status":"closed","sticky":false,"template":"","format":"standard","meta":{"colormag_page_container_layout":"default_layout","colormag_page_sidebar_layout":"default_layout","_jetpack_memberships_contains_paid_content":false,"footnotes":"","_links_to":"","_links_to_target":""},"categories":[6,41],"tags":[81,52,80],"class_list":["post-1584","post","type-post","status-publish","format-standard","has-post-thumbnail","hentry","category-kultura","category-sztuka","tag-bwa","tag-kultura","tag-sztuka"],"yoast_head":"<!-- This site is optimized with the Yoast SEO plugin v27.4 - https:\/\/yoast.com\/product\/yoast-seo-wordpress\/ -->\n<title>Kapita\u0142 sztuki - suplement 2020\/2021 - NOTABENE.WORLD<\/title>\n<meta name=\"description\" content=\"W kieleckim BWA mo\u017cna ogl\u0105da\u0107 wystaw\u0119 &quot;Kapita\u0142u sztuki \u2013 suplement 2020\/2021&quot;. Swoje dzie\u0142a prezentuje 80 artyst\u00f3w. S\u0105 to osoby zrzeszone w regionalnych oddzia\u0142ach Zwi\u0105zku Polskich Artyst\u00f3w Plastyk\u00f3w, Zwi\u0105zku Polskich Artyst\u00f3w Fotografik\u00f3w, Zwi\u0105zku Polskich Artyst\u00f3w Rze\u017abiarzy i Polskiego Stowarzyszenia Edukacji Plastycznej, albo zaproszone do udzia\u0142u w wystawie przez kurator\u00f3w. Obrazy, grafiki, plakaty, fotografie, rze\u017aby i instalacje \u015bwi\u0119tokrzyskich tw\u00f3rc\u00f3w wype\u0142niaj\u0105 wn\u0119trze galerii.\" \/>\n<meta name=\"robots\" content=\"index, follow, max-snippet:-1, max-image-preview:large, max-video-preview:-1\" \/>\n<link rel=\"canonical\" href=\"https:\/\/notabene.world\/nb\/kapital-sztuki-suplement-2020-2021\/\" \/>\n<meta property=\"og:locale\" content=\"pl_PL\" \/>\n<meta property=\"og:type\" content=\"article\" \/>\n<meta property=\"og:title\" content=\"Kapita\u0142 sztuki - suplement 2020\/2021 - NOTABENE.WORLD\" \/>\n<meta property=\"og:description\" content=\"W kieleckim BWA mo\u017cna ogl\u0105da\u0107 wystaw\u0119 &quot;Kapita\u0142u sztuki \u2013 suplement 2020\/2021&quot;. Swoje dzie\u0142a prezentuje 80 artyst\u00f3w. S\u0105 to osoby zrzeszone w regionalnych oddzia\u0142ach Zwi\u0105zku Polskich Artyst\u00f3w Plastyk\u00f3w, Zwi\u0105zku Polskich Artyst\u00f3w Fotografik\u00f3w, Zwi\u0105zku Polskich Artyst\u00f3w Rze\u017abiarzy i Polskiego Stowarzyszenia Edukacji Plastycznej, albo zaproszone do udzia\u0142u w wystawie przez kurator\u00f3w. Obrazy, grafiki, plakaty, fotografie, rze\u017aby i instalacje \u015bwi\u0119tokrzyskich tw\u00f3rc\u00f3w wype\u0142niaj\u0105 wn\u0119trze galerii.\" \/>\n<meta property=\"og:url\" content=\"https:\/\/notabene.world\/nb\/kapital-sztuki-suplement-2020-2021\/\" \/>\n<meta property=\"og:site_name\" content=\"NOTABENE.WORLD\" \/>\n<meta property=\"article:publisher\" content=\"https:\/\/www.facebook.com\/Notabene.World\" \/>\n<meta property=\"article:published_time\" content=\"2022-01-29T17:00:00+00:00\" \/>\n<meta property=\"article:modified_time\" content=\"2022-02-20T22:39:48+00:00\" \/>\n<meta property=\"og:image\" content=\"https:\/\/notabene.world\/nb\/wp-content\/uploads\/2022\/01\/271709292_4247711638666607_8622321431799797147_n.jpg\" \/>\n\t<meta property=\"og:image:width\" content=\"1200\" \/>\n\t<meta property=\"og:image:height\" content=\"625\" \/>\n\t<meta property=\"og:image:type\" content=\"image\/jpeg\" \/>\n<meta name=\"author\" content=\"Julia Piasecka\" \/>\n<meta name=\"twitter:card\" content=\"summary_large_image\" \/>\n<meta name=\"twitter:label1\" content=\"Napisane przez\" \/>\n\t<meta name=\"twitter:data1\" content=\"Julia Piasecka\" \/>\n\t<meta name=\"twitter:label2\" content=\"Szacowany czas czytania\" \/>\n\t<meta name=\"twitter:data2\" content=\"3 minuty\" \/>\n<script type=\"application\/ld+json\" class=\"yoast-schema-graph\">{\"@context\":\"https:\\\/\\\/schema.org\",\"@graph\":[{\"@type\":\"Article\",\"@id\":\"https:\\\/\\\/notabene.world\\\/nb\\\/kapital-sztuki-suplement-2020-2021\\\/#article\",\"isPartOf\":{\"@id\":\"https:\\\/\\\/notabene.world\\\/nb\\\/kapital-sztuki-suplement-2020-2021\\\/\"},\"author\":{\"name\":\"Julia Piasecka\",\"@id\":\"https:\\\/\\\/notabene.world\\\/nb\\\/#\\\/schema\\\/person\\\/825e898a6b9538de96e67bb72d86be15\"},\"headline\":\"Kapita\u0142 sztuki &#8211; suplement 2020\\\/2021\",\"datePublished\":\"2022-01-29T17:00:00+00:00\",\"dateModified\":\"2022-02-20T22:39:48+00:00\",\"mainEntityOfPage\":{\"@id\":\"https:\\\/\\\/notabene.world\\\/nb\\\/kapital-sztuki-suplement-2020-2021\\\/\"},\"wordCount\":430,\"publisher\":{\"@id\":\"https:\\\/\\\/notabene.world\\\/nb\\\/#organization\"},\"image\":{\"@id\":\"https:\\\/\\\/notabene.world\\\/nb\\\/kapital-sztuki-suplement-2020-2021\\\/#primaryimage\"},\"thumbnailUrl\":\"https:\\\/\\\/i0.wp.com\\\/notabene.world\\\/nb\\\/wp-content\\\/uploads\\\/2022\\\/01\\\/271709292_4247711638666607_8622321431799797147_n.jpg?fit=1200%2C625&ssl=1\",\"keywords\":[\"#bwa\",\"#kultura\",\"#sztuka\"],\"articleSection\":[\"Kultura\",\"Sztuka\"],\"inLanguage\":\"pl-PL\"},{\"@type\":\"WebPage\",\"@id\":\"https:\\\/\\\/notabene.world\\\/nb\\\/kapital-sztuki-suplement-2020-2021\\\/\",\"url\":\"https:\\\/\\\/notabene.world\\\/nb\\\/kapital-sztuki-suplement-2020-2021\\\/\",\"name\":\"Kapita\u0142 sztuki - suplement 2020\\\/2021 - NOTABENE.WORLD\",\"isPartOf\":{\"@id\":\"https:\\\/\\\/notabene.world\\\/nb\\\/#website\"},\"primaryImageOfPage\":{\"@id\":\"https:\\\/\\\/notabene.world\\\/nb\\\/kapital-sztuki-suplement-2020-2021\\\/#primaryimage\"},\"image\":{\"@id\":\"https:\\\/\\\/notabene.world\\\/nb\\\/kapital-sztuki-suplement-2020-2021\\\/#primaryimage\"},\"thumbnailUrl\":\"https:\\\/\\\/i0.wp.com\\\/notabene.world\\\/nb\\\/wp-content\\\/uploads\\\/2022\\\/01\\\/271709292_4247711638666607_8622321431799797147_n.jpg?fit=1200%2C625&ssl=1\",\"datePublished\":\"2022-01-29T17:00:00+00:00\",\"dateModified\":\"2022-02-20T22:39:48+00:00\",\"description\":\"W kieleckim BWA mo\u017cna ogl\u0105da\u0107 wystaw\u0119 \\\"Kapita\u0142u sztuki \u2013 suplement 2020\\\/2021\\\". Swoje dzie\u0142a prezentuje 80 artyst\u00f3w. S\u0105 to osoby zrzeszone w regionalnych oddzia\u0142ach Zwi\u0105zku Polskich Artyst\u00f3w Plastyk\u00f3w, Zwi\u0105zku Polskich Artyst\u00f3w Fotografik\u00f3w, Zwi\u0105zku Polskich Artyst\u00f3w Rze\u017abiarzy i Polskiego Stowarzyszenia Edukacji Plastycznej, albo zaproszone do udzia\u0142u w wystawie przez kurator\u00f3w. Obrazy, grafiki, plakaty, fotografie, rze\u017aby i instalacje \u015bwi\u0119tokrzyskich tw\u00f3rc\u00f3w wype\u0142niaj\u0105 wn\u0119trze galerii.\",\"breadcrumb\":{\"@id\":\"https:\\\/\\\/notabene.world\\\/nb\\\/kapital-sztuki-suplement-2020-2021\\\/#breadcrumb\"},\"inLanguage\":\"pl-PL\",\"potentialAction\":[{\"@type\":\"ReadAction\",\"target\":[\"https:\\\/\\\/notabene.world\\\/nb\\\/kapital-sztuki-suplement-2020-2021\\\/\"]}]},{\"@type\":\"ImageObject\",\"inLanguage\":\"pl-PL\",\"@id\":\"https:\\\/\\\/notabene.world\\\/nb\\\/kapital-sztuki-suplement-2020-2021\\\/#primaryimage\",\"url\":\"https:\\\/\\\/i0.wp.com\\\/notabene.world\\\/nb\\\/wp-content\\\/uploads\\\/2022\\\/01\\\/271709292_4247711638666607_8622321431799797147_n.jpg?fit=1200%2C625&ssl=1\",\"contentUrl\":\"https:\\\/\\\/i0.wp.com\\\/notabene.world\\\/nb\\\/wp-content\\\/uploads\\\/2022\\\/01\\\/271709292_4247711638666607_8622321431799797147_n.jpg?fit=1200%2C625&ssl=1\",\"width\":1200,\"height\":625},{\"@type\":\"BreadcrumbList\",\"@id\":\"https:\\\/\\\/notabene.world\\\/nb\\\/kapital-sztuki-suplement-2020-2021\\\/#breadcrumb\",\"itemListElement\":[{\"@type\":\"ListItem\",\"position\":1,\"name\":\"Home\",\"item\":\"https:\\\/\\\/notabene.world\\\/nb\\\/\"},{\"@type\":\"ListItem\",\"position\":2,\"name\":\"Kapita\u0142 sztuki &#8211; suplement 2020\\\/2021\"}]},{\"@type\":\"WebSite\",\"@id\":\"https:\\\/\\\/notabene.world\\\/nb\\\/#website\",\"url\":\"https:\\\/\\\/notabene.world\\\/nb\\\/\",\"name\":\"NOTABENE.WORLD\",\"description\":\"Przekaz. Warto\u015bci. Wsp\u00f3lnota.\",\"publisher\":{\"@id\":\"https:\\\/\\\/notabene.world\\\/nb\\\/#organization\"},\"potentialAction\":[{\"@type\":\"SearchAction\",\"target\":{\"@type\":\"EntryPoint\",\"urlTemplate\":\"https:\\\/\\\/notabene.world\\\/nb\\\/?s={search_term_string}\"},\"query-input\":{\"@type\":\"PropertyValueSpecification\",\"valueRequired\":true,\"valueName\":\"search_term_string\"}}],\"inLanguage\":\"pl-PL\"},{\"@type\":\"Organization\",\"@id\":\"https:\\\/\\\/notabene.world\\\/nb\\\/#organization\",\"name\":\"NOTABENE.WORLD\",\"url\":\"https:\\\/\\\/notabene.world\\\/nb\\\/\",\"logo\":{\"@type\":\"ImageObject\",\"inLanguage\":\"pl-PL\",\"@id\":\"https:\\\/\\\/notabene.world\\\/nb\\\/#\\\/schema\\\/logo\\\/image\\\/\",\"url\":\"https:\\\/\\\/notabene.world\\\/nb\\\/wp-content\\\/uploads\\\/2022\\\/01\\\/NB-club-start-www1.jpg\",\"contentUrl\":\"https:\\\/\\\/notabene.world\\\/nb\\\/wp-content\\\/uploads\\\/2022\\\/01\\\/NB-club-start-www1.jpg\",\"width\":1000,\"height\":839,\"caption\":\"NOTABENE.WORLD\"},\"image\":{\"@id\":\"https:\\\/\\\/notabene.world\\\/nb\\\/#\\\/schema\\\/logo\\\/image\\\/\"},\"sameAs\":[\"https:\\\/\\\/www.facebook.com\\\/Notabene.World\"]},{\"@type\":\"Person\",\"@id\":\"https:\\\/\\\/notabene.world\\\/nb\\\/#\\\/schema\\\/person\\\/825e898a6b9538de96e67bb72d86be15\",\"name\":\"Julia Piasecka\",\"image\":{\"@type\":\"ImageObject\",\"inLanguage\":\"pl-PL\",\"@id\":\"https:\\\/\\\/secure.gravatar.com\\\/avatar\\\/8cdbdd4ab66b28acbd2c30a91bc2d76052755817b6c6a0bbf9f5a1615ffaf4d0?s=96&d=mm&r=g\",\"url\":\"https:\\\/\\\/secure.gravatar.com\\\/avatar\\\/8cdbdd4ab66b28acbd2c30a91bc2d76052755817b6c6a0bbf9f5a1615ffaf4d0?s=96&d=mm&r=g\",\"contentUrl\":\"https:\\\/\\\/secure.gravatar.com\\\/avatar\\\/8cdbdd4ab66b28acbd2c30a91bc2d76052755817b6c6a0bbf9f5a1615ffaf4d0?s=96&d=mm&r=g\",\"caption\":\"Julia Piasecka\"},\"url\":\"https:\\\/\\\/notabene.world\\\/nb\\\/author\\\/j-p\\\/\"}]}<\/script>\n<!-- \/ Yoast SEO plugin. -->","yoast_head_json":{"title":"Kapita\u0142 sztuki - suplement 2020\/2021 - NOTABENE.WORLD","description":"W kieleckim BWA mo\u017cna ogl\u0105da\u0107 wystaw\u0119 \"Kapita\u0142u sztuki \u2013 suplement 2020\/2021\". Swoje dzie\u0142a prezentuje 80 artyst\u00f3w. S\u0105 to osoby zrzeszone w regionalnych oddzia\u0142ach Zwi\u0105zku Polskich Artyst\u00f3w Plastyk\u00f3w, Zwi\u0105zku Polskich Artyst\u00f3w Fotografik\u00f3w, Zwi\u0105zku Polskich Artyst\u00f3w Rze\u017abiarzy i Polskiego Stowarzyszenia Edukacji Plastycznej, albo zaproszone do udzia\u0142u w wystawie przez kurator\u00f3w. Obrazy, grafiki, plakaty, fotografie, rze\u017aby i instalacje \u015bwi\u0119tokrzyskich tw\u00f3rc\u00f3w wype\u0142niaj\u0105 wn\u0119trze galerii.","robots":{"index":"index","follow":"follow","max-snippet":"max-snippet:-1","max-image-preview":"max-image-preview:large","max-video-preview":"max-video-preview:-1"},"canonical":"https:\/\/notabene.world\/nb\/kapital-sztuki-suplement-2020-2021\/","og_locale":"pl_PL","og_type":"article","og_title":"Kapita\u0142 sztuki - suplement 2020\/2021 - NOTABENE.WORLD","og_description":"W kieleckim BWA mo\u017cna ogl\u0105da\u0107 wystaw\u0119 \"Kapita\u0142u sztuki \u2013 suplement 2020\/2021\". Swoje dzie\u0142a prezentuje 80 artyst\u00f3w. S\u0105 to osoby zrzeszone w regionalnych oddzia\u0142ach Zwi\u0105zku Polskich Artyst\u00f3w Plastyk\u00f3w, Zwi\u0105zku Polskich Artyst\u00f3w Fotografik\u00f3w, Zwi\u0105zku Polskich Artyst\u00f3w Rze\u017abiarzy i Polskiego Stowarzyszenia Edukacji Plastycznej, albo zaproszone do udzia\u0142u w wystawie przez kurator\u00f3w. Obrazy, grafiki, plakaty, fotografie, rze\u017aby i instalacje \u015bwi\u0119tokrzyskich tw\u00f3rc\u00f3w wype\u0142niaj\u0105 wn\u0119trze galerii.","og_url":"https:\/\/notabene.world\/nb\/kapital-sztuki-suplement-2020-2021\/","og_site_name":"NOTABENE.WORLD","article_publisher":"https:\/\/www.facebook.com\/Notabene.World","article_published_time":"2022-01-29T17:00:00+00:00","article_modified_time":"2022-02-20T22:39:48+00:00","og_image":[{"width":1200,"height":625,"url":"https:\/\/notabene.world\/nb\/wp-content\/uploads\/2022\/01\/271709292_4247711638666607_8622321431799797147_n.jpg","type":"image\/jpeg"}],"author":"Julia Piasecka","twitter_card":"summary_large_image","twitter_misc":{"Napisane przez":"Julia Piasecka","Szacowany czas czytania":"3 minuty"},"schema":{"@context":"https:\/\/schema.org","@graph":[{"@type":"Article","@id":"https:\/\/notabene.world\/nb\/kapital-sztuki-suplement-2020-2021\/#article","isPartOf":{"@id":"https:\/\/notabene.world\/nb\/kapital-sztuki-suplement-2020-2021\/"},"author":{"name":"Julia Piasecka","@id":"https:\/\/notabene.world\/nb\/#\/schema\/person\/825e898a6b9538de96e67bb72d86be15"},"headline":"Kapita\u0142 sztuki &#8211; suplement 2020\/2021","datePublished":"2022-01-29T17:00:00+00:00","dateModified":"2022-02-20T22:39:48+00:00","mainEntityOfPage":{"@id":"https:\/\/notabene.world\/nb\/kapital-sztuki-suplement-2020-2021\/"},"wordCount":430,"publisher":{"@id":"https:\/\/notabene.world\/nb\/#organization"},"image":{"@id":"https:\/\/notabene.world\/nb\/kapital-sztuki-suplement-2020-2021\/#primaryimage"},"thumbnailUrl":"https:\/\/i0.wp.com\/notabene.world\/nb\/wp-content\/uploads\/2022\/01\/271709292_4247711638666607_8622321431799797147_n.jpg?fit=1200%2C625&ssl=1","keywords":["#bwa","#kultura","#sztuka"],"articleSection":["Kultura","Sztuka"],"inLanguage":"pl-PL"},{"@type":"WebPage","@id":"https:\/\/notabene.world\/nb\/kapital-sztuki-suplement-2020-2021\/","url":"https:\/\/notabene.world\/nb\/kapital-sztuki-suplement-2020-2021\/","name":"Kapita\u0142 sztuki - suplement 2020\/2021 - NOTABENE.WORLD","isPartOf":{"@id":"https:\/\/notabene.world\/nb\/#website"},"primaryImageOfPage":{"@id":"https:\/\/notabene.world\/nb\/kapital-sztuki-suplement-2020-2021\/#primaryimage"},"image":{"@id":"https:\/\/notabene.world\/nb\/kapital-sztuki-suplement-2020-2021\/#primaryimage"},"thumbnailUrl":"https:\/\/i0.wp.com\/notabene.world\/nb\/wp-content\/uploads\/2022\/01\/271709292_4247711638666607_8622321431799797147_n.jpg?fit=1200%2C625&ssl=1","datePublished":"2022-01-29T17:00:00+00:00","dateModified":"2022-02-20T22:39:48+00:00","description":"W kieleckim BWA mo\u017cna ogl\u0105da\u0107 wystaw\u0119 \"Kapita\u0142u sztuki \u2013 suplement 2020\/2021\". Swoje dzie\u0142a prezentuje 80 artyst\u00f3w. S\u0105 to osoby zrzeszone w regionalnych oddzia\u0142ach Zwi\u0105zku Polskich Artyst\u00f3w Plastyk\u00f3w, Zwi\u0105zku Polskich Artyst\u00f3w Fotografik\u00f3w, Zwi\u0105zku Polskich Artyst\u00f3w Rze\u017abiarzy i Polskiego Stowarzyszenia Edukacji Plastycznej, albo zaproszone do udzia\u0142u w wystawie przez kurator\u00f3w. Obrazy, grafiki, plakaty, fotografie, rze\u017aby i instalacje \u015bwi\u0119tokrzyskich tw\u00f3rc\u00f3w wype\u0142niaj\u0105 wn\u0119trze galerii.","breadcrumb":{"@id":"https:\/\/notabene.world\/nb\/kapital-sztuki-suplement-2020-2021\/#breadcrumb"},"inLanguage":"pl-PL","potentialAction":[{"@type":"ReadAction","target":["https:\/\/notabene.world\/nb\/kapital-sztuki-suplement-2020-2021\/"]}]},{"@type":"ImageObject","inLanguage":"pl-PL","@id":"https:\/\/notabene.world\/nb\/kapital-sztuki-suplement-2020-2021\/#primaryimage","url":"https:\/\/i0.wp.com\/notabene.world\/nb\/wp-content\/uploads\/2022\/01\/271709292_4247711638666607_8622321431799797147_n.jpg?fit=1200%2C625&ssl=1","contentUrl":"https:\/\/i0.wp.com\/notabene.world\/nb\/wp-content\/uploads\/2022\/01\/271709292_4247711638666607_8622321431799797147_n.jpg?fit=1200%2C625&ssl=1","width":1200,"height":625},{"@type":"BreadcrumbList","@id":"https:\/\/notabene.world\/nb\/kapital-sztuki-suplement-2020-2021\/#breadcrumb","itemListElement":[{"@type":"ListItem","position":1,"name":"Home","item":"https:\/\/notabene.world\/nb\/"},{"@type":"ListItem","position":2,"name":"Kapita\u0142 sztuki &#8211; suplement 2020\/2021"}]},{"@type":"WebSite","@id":"https:\/\/notabene.world\/nb\/#website","url":"https:\/\/notabene.world\/nb\/","name":"NOTABENE.WORLD","description":"Przekaz. Warto\u015bci. Wsp\u00f3lnota.","publisher":{"@id":"https:\/\/notabene.world\/nb\/#organization"},"potentialAction":[{"@type":"SearchAction","target":{"@type":"EntryPoint","urlTemplate":"https:\/\/notabene.world\/nb\/?s={search_term_string}"},"query-input":{"@type":"PropertyValueSpecification","valueRequired":true,"valueName":"search_term_string"}}],"inLanguage":"pl-PL"},{"@type":"Organization","@id":"https:\/\/notabene.world\/nb\/#organization","name":"NOTABENE.WORLD","url":"https:\/\/notabene.world\/nb\/","logo":{"@type":"ImageObject","inLanguage":"pl-PL","@id":"https:\/\/notabene.world\/nb\/#\/schema\/logo\/image\/","url":"https:\/\/notabene.world\/nb\/wp-content\/uploads\/2022\/01\/NB-club-start-www1.jpg","contentUrl":"https:\/\/notabene.world\/nb\/wp-content\/uploads\/2022\/01\/NB-club-start-www1.jpg","width":1000,"height":839,"caption":"NOTABENE.WORLD"},"image":{"@id":"https:\/\/notabene.world\/nb\/#\/schema\/logo\/image\/"},"sameAs":["https:\/\/www.facebook.com\/Notabene.World"]},{"@type":"Person","@id":"https:\/\/notabene.world\/nb\/#\/schema\/person\/825e898a6b9538de96e67bb72d86be15","name":"Julia Piasecka","image":{"@type":"ImageObject","inLanguage":"pl-PL","@id":"https:\/\/secure.gravatar.com\/avatar\/8cdbdd4ab66b28acbd2c30a91bc2d76052755817b6c6a0bbf9f5a1615ffaf4d0?s=96&d=mm&r=g","url":"https:\/\/secure.gravatar.com\/avatar\/8cdbdd4ab66b28acbd2c30a91bc2d76052755817b6c6a0bbf9f5a1615ffaf4d0?s=96&d=mm&r=g","contentUrl":"https:\/\/secure.gravatar.com\/avatar\/8cdbdd4ab66b28acbd2c30a91bc2d76052755817b6c6a0bbf9f5a1615ffaf4d0?s=96&d=mm&r=g","caption":"Julia Piasecka"},"url":"https:\/\/notabene.world\/nb\/author\/j-p\/"}]}},"jetpack_featured_media_url":"https:\/\/i0.wp.com\/notabene.world\/nb\/wp-content\/uploads\/2022\/01\/271709292_4247711638666607_8622321431799797147_n.jpg?fit=1200%2C625&ssl=1","jetpack_sharing_enabled":true,"jetpack_shortlink":"https:\/\/wp.me\/pdCobN-py","_links":{"self":[{"href":"https:\/\/notabene.world\/nb\/wp-json\/wp\/v2\/posts\/1584","targetHints":{"allow":["GET"]}}],"collection":[{"href":"https:\/\/notabene.world\/nb\/wp-json\/wp\/v2\/posts"}],"about":[{"href":"https:\/\/notabene.world\/nb\/wp-json\/wp\/v2\/types\/post"}],"author":[{"embeddable":true,"href":"https:\/\/notabene.world\/nb\/wp-json\/wp\/v2\/users\/20"}],"replies":[{"embeddable":true,"href":"https:\/\/notabene.world\/nb\/wp-json\/wp\/v2\/comments?post=1584"}],"version-history":[{"count":5,"href":"https:\/\/notabene.world\/nb\/wp-json\/wp\/v2\/posts\/1584\/revisions"}],"predecessor-version":[{"id":2952,"href":"https:\/\/notabene.world\/nb\/wp-json\/wp\/v2\/posts\/1584\/revisions\/2952"}],"wp:featuredmedia":[{"embeddable":true,"href":"https:\/\/notabene.world\/nb\/wp-json\/wp\/v2\/media\/1613"}],"wp:attachment":[{"href":"https:\/\/notabene.world\/nb\/wp-json\/wp\/v2\/media?parent=1584"}],"wp:term":[{"taxonomy":"category","embeddable":true,"href":"https:\/\/notabene.world\/nb\/wp-json\/wp\/v2\/categories?post=1584"},{"taxonomy":"post_tag","embeddable":true,"href":"https:\/\/notabene.world\/nb\/wp-json\/wp\/v2\/tags?post=1584"}],"curies":[{"name":"wp","href":"https:\/\/api.w.org\/{rel}","templated":true}]}}