{"id":16477,"date":"2025-08-29T01:00:00","date_gmt":"2025-08-29T01:00:00","guid":{"rendered":"https:\/\/notabene.world\/nb\/?p=16477"},"modified":"2025-09-15T14:22:53","modified_gmt":"2025-09-15T14:22:53","slug":"okragly-stol-czy-emigracja","status":"publish","type":"post","link":"https:\/\/notabene.world\/nb\/okragly-stol-czy-emigracja\/","title":{"rendered":"Okr\u0105g\u0142y st\u00f3\u0142 czy emigracja?"},"content":{"rendered":"\n<p><strong>Mamy w Polsce klincz doskona\u0142y \u2013 od 20 lat dwa najwi\u0119ksze obozy polityczne nie s\u0105 w stanie przeforsowa\u0107 swojej wizji Polski. Ofiarami tej rywalizacji s\u0105 najwa\u017cniejsze konstytucyjne cia\u0142a, stanowi\u0105ce o praworz\u0105dno\u015bci. Je\u015bli oponenci nie si\u0105d\u0105 do Nowego Okr\u0105g\u0142ego Sto\u0142u jak w 1989 roku, w takiej dysfunkcyjnej demokracji b\u0119dziemy \u017cyli kolejne lat dwadzie\u015bcia.<\/strong><\/p>\n\n\n\n<p>Te dwie wizje to upraszczaj\u0105c \u2013 Polska scentralizowana, pod zdecydowan\u0105 kontrol\u0105 jednej partii, gospodark\u0105 licencjonowan\u0105 z du\u017cym sektorem pa\u0144stwowym, niech\u0119tna obcokrajowcom i wsp\u00f3\u0142pracy mi\u0119dzynarodowej (na wz\u00f3r W\u0119gier Orbana) \u2013 kontra Polska liberalna, demokratyczna, wolnorynkowa, otwarta, tolerancyjna (na wz\u00f3r kraj\u00f3w Europy Zachodniej).<\/p>\n\n\n\n<p>Pomys\u0142 Nowego Okr\u0105g\u0142ego Sto\u0142u przedstawi\u0142em w kr\u00f3tkim artykule, kt\u00f3ry opublikowa\u0142a <a href=\"https:\/\/wyborcza.pl\/7,162657,32052141,potrzebny-nowy-okragly-stol-ziemowit-nowak.html\">\u201eGazeta Wyborcza\u201d 26 czerwca br.<\/a> w druku (dzie\u0144 wcze\u015bniej w internecie). Po miesi\u0105cu (pisz\u0119 ten tekst 31 lipca) czas na rozwini\u0119cie tego pomys\u0142u i odniesienie si\u0119 do zrozumia\u0142ej jego krytyki.<\/p>\n\n\n\n<p>Do napisania pierwszego artyku\u0142u sk\u0142oni\u0142 mnie wynik dw\u00f3ch ostatnich wybor\u00f3w prezydenckich, gdzie liczba g\u0142os\u00f3w obu kandydat\u00f3w w II turze roz\u0142o\u017cy\u0142a si\u0119 prawie idealnie po po\u0142owie. Obaj kandydaci (Duda \u2013 Trzaskowski 2020 r. i Nawrocki \u2013 Trzaskowski 2025 r.) reprezentowali dok\u0142adnie te dwie skrajno\u015bci. Wszystko wskazuje na to, \u017ce tak mog\u0105 wygl\u0105da\u0107 kolejne wybory \u2013 garstka wyborc\u00f3w, przechylaj\u0105cych szal\u0119 zwyci\u0119stwa na jedn\u0105 lub drug\u0105 stron\u0119, b\u0119dzie decydowa\u0107 o sprawach zasadniczych, ustrojowych, o polskiej racji stanu, a nie o takich \u201edrobiazgach\u201d jak zmniejszenie podatku VAT z 23 do 22 procent czy wprowadzenie niewielkiej op\u0142aty za pobyt w szpitalu i wizyt\u0119 w przychodni. Czy jeste\u015bmy skazani na \u017cycie w warunkach demokracji dysfunkcyjnej, w kt\u00f3rej najwa\u017cniejsze konstytucyjne cia\u0142a s\u0105 sparali\u017cowane?<\/p>\n\n\n\n<p><strong>Wybory w 2027 roku nic nie zmieni\u0105<\/strong><\/p>\n\n\n\n<p>Zacznijmy od diagnozy. Zacz\u0119\u0142o si\u0119 w 2005 r., a domkn\u0119\u0142o w &nbsp;2015 roku. Mamy w Polsce nieuznawane przez obecny rz\u0105d, Uni\u0119 Europejsk\u0105 i po\u0142ow\u0119 wyborc\u00f3w \u2013 Trybuna\u0142 Konstytucyjny, S\u0105d Najwy\u017cszy, jak\u0105\u015b Rad\u0119 Medi\u00f3w Narodowych i Krajow\u0105 Rad\u0119 S\u0105downictwa i Krajow\u0105 Rad\u0119 Radiofonii i Telewizji. Po wyborze nowego prezydenta nic si\u0119 nie zmieni. Ma\u0142o tego \u2013 nic prze\u0142omowego nie stanie si\u0119 po wyborach parlamentarnych w 2027 roku, bez wzgl\u0119du na to, kto je wygra. Je\u015bli w\u0142adz\u0119 utrzyma strona demokratyczna, dalej nie b\u0119dzie w stanie przeprowadzi\u0107 odpowiednich reform, bo b\u0119dzie je blokowa\u0142 Nawrocki. Je\u015bli do w\u0142adzy powr\u00f3ci ob\u00f3z przeciwny, wspomniane wy\u017cej cia\u0142a b\u0119dzie wprawdzie uznawa\u0142 jej rz\u0105d, ale dalej b\u0119d\u0105 traktowane jako nielegalne przez po\u0142ow\u0119 Polak\u00f3w i Uni\u0119 Europejsk\u0105.<\/p>\n\n\n\n<p>Mamy wi\u0119c klincz doskona\u0142y. Nie wierz\u0119, \u017ce uda si\u0119 go rozwi\u0105za\u0107 demokratycznymi wyborami. Analogiczn\u0105 sytuacj\u0119 mieli\u015bmy w PRL \u2013 te\u017c by\u0142a konstytucja, nawet gwarantuj\u0105ca wolno\u015b\u0107 zgromadze\u0144 i wolno\u015b\u0107 s\u0142owa, kt\u00f3rej zapis\u00f3w jednak nie przestrzegali rz\u0105dz\u0105cy, a obywatele j\u0105 ignorowali, przyzwyczajeni do \u017cycia w zak\u0142amanym Orwellowskim \u015bwiecie. Nie chc\u0119, aby kolejne pokolenie Polak\u00f3w \u017cy\u0142o w Polsce niepraworz\u0105dnej, z Konstytucj\u0105, kt\u00f3rej najwa\u017cniejsze artyku\u0142y pozostaj\u0105 martwymi zapisami.<\/p>\n\n\n\n<p>Nie widz\u0119 lepszego wyj\u015bcia ni\u017c dobrze przygotowane, zaplanowane i zako\u0144czone konkretnymi ustaleniami obrady Nowego Okr\u0105g\u0142ego Sto\u0142u. Spodziewam si\u0119, \u017ce w rezultacie strona demokratyczna i przeciwna ustal\u0105 uchwalenie odpowiednich ustaw, a mo\u017ce nawet poprawek Konstytucji, aby znowu wspomniane wy\u017cej cia\u0142a by\u0142y powszechnie uznawane i honorowane. Politycy musz\u0105 zgodnie o\u015bwiadczy\u0107, \u017ce wyroki s\u0105dowe b\u0119d\u0105 przestrzegane, nawet je\u015bli si\u0119 nie podobaj\u0105, \u017ce nie mo\u017ce by\u0107 s\u0119dzi\u00f3w \u201eswoich\u201d i \u201enie swoich\u201d, \u017ce media publiczne pod kontrol\u0105 KRRiT nie b\u0119d\u0105 ju\u017c nigdy tub\u0105 propagandow\u0105 aktualnie rz\u0105dz\u0105cej partii. Dalszym moim marzeniem by\u0142oby, \u017ceby obie strony sporu dogada\u0142y si\u0119 co do zasad podwy\u017cszenia wieku emerytalnego (jak to zrobi\u0142y g\u0142\u00f3wne partie w Niemczech) i wprowadzenia w Polsce euro.<\/p>\n\n\n\n<p>Przejd\u017amy do odpowiedzi na krytyk\u0119. M\u00f3j pomys\u0142 krytykowali znajomi na Facebooku i komentuj\u0105cy pod artyku\u0142em w \u201eWyborczej\u201d. W\u015br\u00f3d nich profesorowie i publicy\u015bci, \u0142awnicy S\u0105du Najwy\u017cszego, dzia\u0142acze organizacji prodemokratycznych. I w zasadzie krytyka ta sprowadza\u0142a si\u0119 do jednego stwierdzenia \u2013 pomys\u0142 nierealny, utopia. A kiedy pyta\u0142em, jak\u0105 widz\u0105 alternatyw\u0119, odpowiedzi\u0105 by\u0142o\u2026 milczenie. Jeden ze znajomych odpowiedzia\u0142 \u201eemigracja\u201d. Je\u015bli pomys\u0142em na naprawienie Polski jest z Polski wyjecha\u0107, to jest to wyraz najwy\u017cszej rozpaczy i desperacji.<\/p>\n\n\n\n<p><strong>Pierwsze kroki<\/strong><\/p>\n\n\n\n<p>Pomys\u0142 nierealny? Mam wra\u017cenie, \u017ce \u015bwiadomo\u015b\u0107 klinczu, kt\u00f3ry mo\u017cna rozwi\u0105za\u0107 tylko debat\u0105, a nie wyborami powoli zaczyna dociera\u0107 do klasy politycznej. Nieoczekiwanie w podobnym tonie wypowiedzia\u0142a si\u0119 s\u0119dzia Ma\u0142gorzata Manowska, zreszt\u0105 jedna z aktorek tego dramatu \u2013 przez jednych uznawana, przez innych nieuznawana za prezesk\u0119 S\u0105du Najwy\u017cszego. W wywiadzie dla TV Republika (20.07.2025) Manowska powiedzia\u0142a:<\/p>\n\n\n\n<p>\u201eW tej chwili jest chaos, dlatego \u017ce obywatele nie wiedz\u0105, czy dobry sk\u0142ad, czy niedobry sk\u0142ad orzeka w ich sprawie i czy ten wyrok si\u0119 ostanie. (&#8230;) Gdyby ugrupowania polityczne zawar\u0142y jaki\u015b rozejm, co do przynajmniej kardynalnych kwestii, dotycz\u0105cych nie tylko wymiaru sprawiedliwo\u015bci, ale i najwa\u017cniejszych spraw dla Polski, to z ca\u0142\u0105 pewno\u015bci\u0105 nie mieliby\u015bmy do czynienia z chaosem\u201d.<\/p>\n\n\n\n<p>Nie wnikam w intencje tego \u201enawr\u00f3cenia\u201d, ale tre\u015b\u0107 jest do\u015b\u0107 zgodna z tym, co napisa\u0142em miesi\u0105c wcze\u015bniej w \u201eWyborczej\u201d. \u201eWynikiem okr\u0105g\u0142ego sto\u0142u powinna by\u0107 zmiana (poprawki) Konstytucji, ewentualnie zgoda najwi\u0119kszych obu oboz\u00f3w politycznych na przeg\u0142osowanie i podpisanie przez prezydenta odpowiednich ustaw. S\u0105dy musz\u0105 by\u0107 s\u0105dami! Nie mo\u017cna mie\u0107 s\u0119dzi\u00f3w \u201enaszych&#8221; i \u201eich&#8221;! Bez praworz\u0105dno\u015bci nie ma demokracji\u201d.<\/p>\n\n\n\n<p>W ten scenariusz nieoczekiwanie wpisa\u0142 si\u0119 r\u00f3wnie\u017c marsza\u0142ek sejmu Szymon Ho\u0142ownia, s\u0142usznie krytykowany za okoliczno\u015bci spotka\u0144 w mieszkaniu Adama Bielana z Jaros\u0142awem Kaczy\u0144skim. Broni si\u0119 on w\u0142a\u015bnie tym, \u017ce \u201etrzeba rozmawia\u0107 z wszystkimi\u201d i on to robi. Wprawdzie zachowa\u0142 si\u0119 jak s\u0142o\u0144 w sk\u0142adzie porcelany, ale kierunek obra\u0142 s\u0142uszny.<\/p>\n\n\n\n<p><strong>Zrezygnowa\u0107 z rozlicze\u0144?<\/strong><\/p>\n\n\n\n<p>Nie bez powodu nawi\u0105za\u0142em do Okr\u0105g\u0142ego Sto\u0142u z ko\u0144ca lat 80. ub. wieku. Je\u015bli komu\u015b pomys\u0142 Nowego Okr\u0105g\u0142ego Sto\u0142u wydaje si\u0119 dzi\u015b nierealny, niech sobie przypomni (albo poczyta), w jakiej sytuacji byli\u015bmy powiedzmy w 1985, 86 roku. Ilu ludzi, w tym dzia\u0142aczy \u201eSolidarno\u015bci\u201d i PZPR, przewidzia\u0142o wtedy, \u017ce za kilka lat obie strony si\u0105d\u0105 do rozm\u00f3w, w wyniku kt\u00f3rych PZPR odda w\u0142adz\u0119 bez jednego wystrza\u0142u, jednej przelanej kropli krwi? \u017be Polska wejdzie na drog\u0119 liberalnej demokracji i wolnorynkowej gospodarki? Wtedy taki scenariusz dla zdecydowanej wi\u0119kszo\u015bci Polak\u00f3w by\u0142 nierealny, by\u0142 utopi\u0105. W 1984 roku, kiedy opuszcza\u0142em mury liceum \u017beromskiego, marzy\u0142em o emigracji, bo by\u0142em przekonany, \u017ce komuna pod butem Moskwy b\u0119dzie w Polsce trwa\u0142a jeszcze 50 lat, a nie \u017ce za pi\u0119\u0107 lat upadnie.<\/p>\n\n\n\n<p>Na koniec warto si\u0119 zastanowi\u0107, co mo\u017ce pom\u00f3c w przekonaniu polityk\u00f3w obu oboz\u00f3w do takich obrad. Niestety, obawiam si\u0119, \u017ce strona demokratyczna b\u0119dzie musia\u0142a zrezygnowa\u0107 z cz\u0119\u015bci rozlicze\u0144. Mo\u017ce by\u0107 to trudne. A strona przeciwna \u2013 zaprzesta\u0107 pr\u00f3b zmiany ustroju Polski na kleptokracj\u0119 wzorowan\u0105 na Ameryce Trumpa, W\u0119grzech Orbana czy Bia\u0142orusi.<\/p>\n\n\n\n<p>W realizacji tego pomys\u0142u mog\u0105 pom\u00f3c organizacje prodemokratyczne, jak Komitet Obrony Demokracji, Akcja Demokracja, Obywatele RP, WatchDog, Strajk Kobiet no i oczywi\u015bcie stowarzyszenia &#8211; s\u0119dzi\u00f3w Iustitia i prokurator\u00f3w Lex Super Omnia. Aby to mog\u0142y zrobi\u0107, musz\u0105 jednak przekona\u0107 do pomys\u0142u Nowego Okr\u0105g\u0142ego Sto\u0142u swoich cz\u0142onk\u00f3w i sympatyk\u00f3w, bo zdaj\u0119 sobie spraw\u0119, jak wielu mo\u017ce on mie\u0107 krytyk\u00f3w.<\/p>\n\n\n\n<p><\/p>\n\n\n\n<div class=\"wp-block-media-text is-stacked-on-mobile has-white-color has-very-light-gray-to-cyan-bluish-gray-gradient-background has-text-color has-background has-link-color wp-elements-5b5cc2f3dff9520d45ef783dd151bea3\" style=\"border-style:none;border-width:0px;grid-template-columns:25% auto\"><figure class=\"wp-block-media-text__media\"><img data-recalc-dims=\"1\" loading=\"lazy\" decoding=\"async\" width=\"200\" height=\"200\" src=\"https:\/\/i0.wp.com\/notabene.world\/nb\/wp-content\/uploads\/2025\/08\/ziemowit_nowak_2025.jpg?resize=200%2C200&#038;ssl=1\" alt=\"\" class=\"wp-image-16586 size-full\" srcset=\"https:\/\/i0.wp.com\/notabene.world\/nb\/wp-content\/uploads\/2025\/08\/ziemowit_nowak_2025.jpg?w=200&amp;ssl=1 200w, https:\/\/i0.wp.com\/notabene.world\/nb\/wp-content\/uploads\/2025\/08\/ziemowit_nowak_2025.jpg?resize=150%2C150&amp;ssl=1 150w\" sizes=\"auto, (max-width: 200px) 100vw, 200px\" \/><\/figure><div class=\"wp-block-media-text__content\">\n<p class=\"has-black-color has-text-color has-link-color wp-elements-b8e9a6158a2191269e0b381ef93b47df\"><em><strong>Ziemowit Nowak<\/strong> jest absolwentem I L. O. im. Stefana \u017beromskiego w Kielcach\u00a0z roku 1984. Od 2011 roku jest rzecznikiem Wodoci\u0105g\u00f3w Kieleckich. Wcze\u015bniej przez 20 lat by\u0142 redaktorem i dziennikarzem, w tym 18 lat w \u201eGazecie Wyborczej\u201d. By\u0142 r\u00f3wnie\u017c mened\u017cerem w sp\u00f3\u0142ce radiowej AC Radio. Jest stypendyst\u0105 German Marshall Fund of the United States. Prowadzi szkolenia z zakresu PR.<\/em><\/p>\n<\/div><\/div>\n","protected":false},"excerpt":{"rendered":"<p>Mamy w Polsce klincz doskona\u0142y \u2013 od 20 lat dwa najwi\u0119ksze obozy polityczne nie s\u0105 w stanie przeforsowa\u0107 swojej wizji Polski. Ofiarami tej rywalizacji s\u0105 najwa\u017cniejsze konstytucyjne cia\u0142a, stanowi\u0105ce o praworz\u0105dno\u015bci. Je\u015bli oponenci nie si\u0105d\u0105 do Nowego Okr\u0105g\u0142ego Sto\u0142u jak w 1989 roku, w takiej dysfunkcyjnej demokracji b\u0119dziemy \u017cyli kolejne lat dwadzie\u015bcia.<br \/>\n<br \/>\nTe dwie wizje to upraszczaj\u0105c \u2013 Polska scentralizowana, pod zdecydowan\u0105 kontrol\u0105 jednej partii, gospodark\u0105 licencjonowan\u0105 z du\u017cym sektorem pa\u0144stwowym, niech\u0119tna obcokrajowcom i wsp\u00f3\u0142pracy mi\u0119dzynarodowej (na wz\u00f3r W\u0119gier Orbana) \u2013 kontra Polska liberalna, demokratyczna, wolnorynkowa, otwarta, tolerancyjna (na wz\u00f3r kraj\u00f3w Europy Zachodniej).<br \/>\n<br \/>\nPomys\u0142 Nowego Okr\u0105g\u0142ego Sto\u0142u przedstawi\u0142em w kr\u00f3tkim artykule, kt\u00f3ry opublikowa\u0142a \u201eGazeta Wyborcza\u201d 26 czerwca br. w druku (dzie\u0144 wcze\u015bniej w internecie). Po miesi\u0105cu (pisz\u0119 ten tekst 31 lipca) czas na rozwini\u0119cie tego pomys\u0142u i odniesienie si\u0119 do zrozumia\u0142ej jego krytyki.<br \/>\n<br \/>\nDo napisania pierwszego artyku\u0142u sk\u0142oni\u0142 mnie wynik dw\u00f3ch ostatnich wybor\u00f3w prezydenckich, gdzie liczba g\u0142os\u00f3w obu kandydat\u00f3w w II turze roz\u0142o\u017cy\u0142a si\u0119 prawie idealnie po po\u0142owie. Obaj kandydaci (Duda \u2013 Trzaskowski 2020 r. i Nawrocki \u2013 Trzaskowski 2025 r.) reprezentowali dok\u0142adnie te dwie skrajno\u015bci.<\/p>\n","protected":false},"author":31,"featured_media":16480,"comment_status":"closed","ping_status":"closed","sticky":false,"template":"","format":"standard","meta":{"colormag_page_container_layout":"no_sidebar_content_centered","colormag_page_sidebar_layout":"no_sidebar","_jetpack_memberships_contains_paid_content":false,"footnotes":"","_links_to":"","_links_to_target":""},"categories":[64,240,150],"tags":[],"class_list":["post-16477","post","type-post","status-publish","format-standard","has-post-thumbnail","hentry","category-aktualnosci","category-notabene","category-publicystyka"],"yoast_head":"<!-- This site is optimized with the Yoast SEO plugin v27.4 - https:\/\/yoast.com\/product\/yoast-seo-wordpress\/ -->\n<title>Okr\u0105g\u0142y st\u00f3\u0142 czy emigracja? - NOTABENE.WORLD<\/title>\n<meta name=\"robots\" content=\"index, follow, max-snippet:-1, max-image-preview:large, max-video-preview:-1\" \/>\n<link rel=\"canonical\" href=\"https:\/\/notabene.world\/nb\/okragly-stol-czy-emigracja\/\" \/>\n<meta property=\"og:locale\" content=\"pl_PL\" \/>\n<meta property=\"og:type\" content=\"article\" \/>\n<meta property=\"og:title\" content=\"Okr\u0105g\u0142y st\u00f3\u0142 czy emigracja? - NOTABENE.WORLD\" \/>\n<meta property=\"og:description\" content=\"Mamy w Polsce klincz doskona\u0142y \u2013 od 20 lat dwa najwi\u0119ksze obozy polityczne nie s\u0105 w stanie przeforsowa\u0107 swojej wizji Polski. Ofiarami tej rywalizacji s\u0105 najwa\u017cniejsze konstytucyjne cia\u0142a, stanowi\u0105ce o praworz\u0105dno\u015bci. Je\u015bli oponenci nie si\u0105d\u0105 do Nowego Okr\u0105g\u0142ego Sto\u0142u jak w 1989 roku, w takiej dysfunkcyjnej demokracji b\u0119dziemy \u017cyli kolejne lat dwadzie\u015bcia. Te dwie wizje to upraszczaj\u0105c \u2013 Polska scentralizowana, pod zdecydowan\u0105 kontrol\u0105 jednej partii, gospodark\u0105 licencjonowan\u0105 z du\u017cym sektorem pa\u0144stwowym, niech\u0119tna obcokrajowcom i wsp\u00f3\u0142pracy mi\u0119dzynarodowej (na wz\u00f3r W\u0119gier Orbana) \u2013 kontra Polska liberalna, demokratyczna, wolnorynkowa, otwarta, tolerancyjna (na wz\u00f3r kraj\u00f3w Europy Zachodniej). Pomys\u0142 Nowego Okr\u0105g\u0142ego Sto\u0142u przedstawi\u0142em w kr\u00f3tkim artykule, kt\u00f3ry opublikowa\u0142a \u201eGazeta Wyborcza\u201d 26 czerwca br. w druku (dzie\u0144 wcze\u015bniej w internecie). Po miesi\u0105cu (pisz\u0119 ten tekst 31 lipca) czas na rozwini\u0119cie tego pomys\u0142u i odniesienie si\u0119 do zrozumia\u0142ej jego krytyki. Do napisania pierwszego artyku\u0142u sk\u0142oni\u0142 mnie wynik dw\u00f3ch ostatnich wybor\u00f3w prezydenckich, gdzie liczba g\u0142os\u00f3w obu kandydat\u00f3w w II turze roz\u0142o\u017cy\u0142a si\u0119 prawie idealnie po po\u0142owie. Obaj kandydaci (Duda \u2013 Trzaskowski 2020 r. i Nawrocki \u2013 Trzaskowski 2025 r.) reprezentowali dok\u0142adnie te dwie skrajno\u015bci.\" \/>\n<meta property=\"og:url\" content=\"https:\/\/notabene.world\/nb\/okragly-stol-czy-emigracja\/\" \/>\n<meta property=\"og:site_name\" content=\"NOTABENE.WORLD\" \/>\n<meta property=\"article:publisher\" content=\"https:\/\/www.facebook.com\/Notabene.World\" \/>\n<meta property=\"article:published_time\" content=\"2025-08-29T01:00:00+00:00\" \/>\n<meta property=\"article:modified_time\" content=\"2025-09-15T14:22:53+00:00\" \/>\n<meta property=\"og:image\" content=\"https:\/\/notabene.world\/nb\/wp-content\/uploads\/2025\/08\/okr-em.jpg\" \/>\n\t<meta property=\"og:image:width\" content=\"800\" \/>\n\t<meta property=\"og:image:height\" content=\"445\" \/>\n\t<meta property=\"og:image:type\" content=\"image\/jpeg\" \/>\n<meta name=\"author\" content=\"Ziemowit Nowak\" \/>\n<meta name=\"twitter:card\" content=\"summary_large_image\" \/>\n<meta name=\"twitter:label1\" content=\"Napisane przez\" \/>\n\t<meta name=\"twitter:data1\" content=\"Ziemowit Nowak\" \/>\n\t<meta name=\"twitter:label2\" content=\"Szacowany czas czytania\" \/>\n\t<meta name=\"twitter:data2\" content=\"7 minut\" \/>\n<script type=\"application\/ld+json\" class=\"yoast-schema-graph\">{\"@context\":\"https:\\\/\\\/schema.org\",\"@graph\":[{\"@type\":\"Article\",\"@id\":\"https:\\\/\\\/notabene.world\\\/nb\\\/okragly-stol-czy-emigracja\\\/#article\",\"isPartOf\":{\"@id\":\"https:\\\/\\\/notabene.world\\\/nb\\\/okragly-stol-czy-emigracja\\\/\"},\"author\":{\"name\":\"Ziemowit Nowak\",\"@id\":\"https:\\\/\\\/notabene.world\\\/nb\\\/#\\\/schema\\\/person\\\/550bb710666057c090c94d00698639ce\"},\"headline\":\"Okr\u0105g\u0142y st\u00f3\u0142 czy emigracja?\",\"datePublished\":\"2025-08-29T01:00:00+00:00\",\"dateModified\":\"2025-09-15T14:22:53+00:00\",\"mainEntityOfPage\":{\"@id\":\"https:\\\/\\\/notabene.world\\\/nb\\\/okragly-stol-czy-emigracja\\\/\"},\"wordCount\":1359,\"publisher\":{\"@id\":\"https:\\\/\\\/notabene.world\\\/nb\\\/#organization\"},\"image\":{\"@id\":\"https:\\\/\\\/notabene.world\\\/nb\\\/okragly-stol-czy-emigracja\\\/#primaryimage\"},\"thumbnailUrl\":\"https:\\\/\\\/i0.wp.com\\\/notabene.world\\\/nb\\\/wp-content\\\/uploads\\\/2025\\\/08\\\/okr-em.jpg?fit=800%2C445&ssl=1\",\"articleSection\":[\"Aktualno\u015bci\",\"NOTABENE 1985-2025\",\"Publicystyka\"],\"inLanguage\":\"pl-PL\"},{\"@type\":\"WebPage\",\"@id\":\"https:\\\/\\\/notabene.world\\\/nb\\\/okragly-stol-czy-emigracja\\\/\",\"url\":\"https:\\\/\\\/notabene.world\\\/nb\\\/okragly-stol-czy-emigracja\\\/\",\"name\":\"Okr\u0105g\u0142y st\u00f3\u0142 czy emigracja? - NOTABENE.WORLD\",\"isPartOf\":{\"@id\":\"https:\\\/\\\/notabene.world\\\/nb\\\/#website\"},\"primaryImageOfPage\":{\"@id\":\"https:\\\/\\\/notabene.world\\\/nb\\\/okragly-stol-czy-emigracja\\\/#primaryimage\"},\"image\":{\"@id\":\"https:\\\/\\\/notabene.world\\\/nb\\\/okragly-stol-czy-emigracja\\\/#primaryimage\"},\"thumbnailUrl\":\"https:\\\/\\\/i0.wp.com\\\/notabene.world\\\/nb\\\/wp-content\\\/uploads\\\/2025\\\/08\\\/okr-em.jpg?fit=800%2C445&ssl=1\",\"datePublished\":\"2025-08-29T01:00:00+00:00\",\"dateModified\":\"2025-09-15T14:22:53+00:00\",\"breadcrumb\":{\"@id\":\"https:\\\/\\\/notabene.world\\\/nb\\\/okragly-stol-czy-emigracja\\\/#breadcrumb\"},\"inLanguage\":\"pl-PL\",\"potentialAction\":[{\"@type\":\"ReadAction\",\"target\":[\"https:\\\/\\\/notabene.world\\\/nb\\\/okragly-stol-czy-emigracja\\\/\"]}]},{\"@type\":\"ImageObject\",\"inLanguage\":\"pl-PL\",\"@id\":\"https:\\\/\\\/notabene.world\\\/nb\\\/okragly-stol-czy-emigracja\\\/#primaryimage\",\"url\":\"https:\\\/\\\/i0.wp.com\\\/notabene.world\\\/nb\\\/wp-content\\\/uploads\\\/2025\\\/08\\\/okr-em.jpg?fit=800%2C445&ssl=1\",\"contentUrl\":\"https:\\\/\\\/i0.wp.com\\\/notabene.world\\\/nb\\\/wp-content\\\/uploads\\\/2025\\\/08\\\/okr-em.jpg?fit=800%2C445&ssl=1\",\"width\":800,\"height\":445},{\"@type\":\"BreadcrumbList\",\"@id\":\"https:\\\/\\\/notabene.world\\\/nb\\\/okragly-stol-czy-emigracja\\\/#breadcrumb\",\"itemListElement\":[{\"@type\":\"ListItem\",\"position\":1,\"name\":\"Home\",\"item\":\"https:\\\/\\\/notabene.world\\\/nb\\\/\"},{\"@type\":\"ListItem\",\"position\":2,\"name\":\"Okr\u0105g\u0142y st\u00f3\u0142 czy emigracja?\"}]},{\"@type\":\"WebSite\",\"@id\":\"https:\\\/\\\/notabene.world\\\/nb\\\/#website\",\"url\":\"https:\\\/\\\/notabene.world\\\/nb\\\/\",\"name\":\"NOTABENE.WORLD\",\"description\":\"Przekaz. Warto\u015bci. Wsp\u00f3lnota.\",\"publisher\":{\"@id\":\"https:\\\/\\\/notabene.world\\\/nb\\\/#organization\"},\"potentialAction\":[{\"@type\":\"SearchAction\",\"target\":{\"@type\":\"EntryPoint\",\"urlTemplate\":\"https:\\\/\\\/notabene.world\\\/nb\\\/?s={search_term_string}\"},\"query-input\":{\"@type\":\"PropertyValueSpecification\",\"valueRequired\":true,\"valueName\":\"search_term_string\"}}],\"inLanguage\":\"pl-PL\"},{\"@type\":\"Organization\",\"@id\":\"https:\\\/\\\/notabene.world\\\/nb\\\/#organization\",\"name\":\"NOTABENE.WORLD\",\"url\":\"https:\\\/\\\/notabene.world\\\/nb\\\/\",\"logo\":{\"@type\":\"ImageObject\",\"inLanguage\":\"pl-PL\",\"@id\":\"https:\\\/\\\/notabene.world\\\/nb\\\/#\\\/schema\\\/logo\\\/image\\\/\",\"url\":\"https:\\\/\\\/notabene.world\\\/nb\\\/wp-content\\\/uploads\\\/2022\\\/01\\\/NB-club-start-www1.jpg\",\"contentUrl\":\"https:\\\/\\\/notabene.world\\\/nb\\\/wp-content\\\/uploads\\\/2022\\\/01\\\/NB-club-start-www1.jpg\",\"width\":1000,\"height\":839,\"caption\":\"NOTABENE.WORLD\"},\"image\":{\"@id\":\"https:\\\/\\\/notabene.world\\\/nb\\\/#\\\/schema\\\/logo\\\/image\\\/\"},\"sameAs\":[\"https:\\\/\\\/www.facebook.com\\\/Notabene.World\"]},{\"@type\":\"Person\",\"@id\":\"https:\\\/\\\/notabene.world\\\/nb\\\/#\\\/schema\\\/person\\\/550bb710666057c090c94d00698639ce\",\"name\":\"Ziemowit Nowak\",\"image\":{\"@type\":\"ImageObject\",\"inLanguage\":\"pl-PL\",\"@id\":\"https:\\\/\\\/secure.gravatar.com\\\/avatar\\\/a509f8d50dff41b2a4adf26abf36531e66db6b8de83f9e36aff5c5d0482d459e?s=96&d=mm&r=g\",\"url\":\"https:\\\/\\\/secure.gravatar.com\\\/avatar\\\/a509f8d50dff41b2a4adf26abf36531e66db6b8de83f9e36aff5c5d0482d459e?s=96&d=mm&r=g\",\"contentUrl\":\"https:\\\/\\\/secure.gravatar.com\\\/avatar\\\/a509f8d50dff41b2a4adf26abf36531e66db6b8de83f9e36aff5c5d0482d459e?s=96&d=mm&r=g\",\"caption\":\"Ziemowit Nowak\"},\"url\":\"https:\\\/\\\/notabene.world\\\/nb\\\/author\\\/z-n\\\/\"}]}<\/script>\n<!-- \/ Yoast SEO plugin. -->","yoast_head_json":{"title":"Okr\u0105g\u0142y st\u00f3\u0142 czy emigracja? - NOTABENE.WORLD","robots":{"index":"index","follow":"follow","max-snippet":"max-snippet:-1","max-image-preview":"max-image-preview:large","max-video-preview":"max-video-preview:-1"},"canonical":"https:\/\/notabene.world\/nb\/okragly-stol-czy-emigracja\/","og_locale":"pl_PL","og_type":"article","og_title":"Okr\u0105g\u0142y st\u00f3\u0142 czy emigracja? - NOTABENE.WORLD","og_description":"Mamy w Polsce klincz doskona\u0142y \u2013 od 20 lat dwa najwi\u0119ksze obozy polityczne nie s\u0105 w stanie przeforsowa\u0107 swojej wizji Polski. Ofiarami tej rywalizacji s\u0105 najwa\u017cniejsze konstytucyjne cia\u0142a, stanowi\u0105ce o praworz\u0105dno\u015bci. Je\u015bli oponenci nie si\u0105d\u0105 do Nowego Okr\u0105g\u0142ego Sto\u0142u jak w 1989 roku, w takiej dysfunkcyjnej demokracji b\u0119dziemy \u017cyli kolejne lat dwadzie\u015bcia. Te dwie wizje to upraszczaj\u0105c \u2013 Polska scentralizowana, pod zdecydowan\u0105 kontrol\u0105 jednej partii, gospodark\u0105 licencjonowan\u0105 z du\u017cym sektorem pa\u0144stwowym, niech\u0119tna obcokrajowcom i wsp\u00f3\u0142pracy mi\u0119dzynarodowej (na wz\u00f3r W\u0119gier Orbana) \u2013 kontra Polska liberalna, demokratyczna, wolnorynkowa, otwarta, tolerancyjna (na wz\u00f3r kraj\u00f3w Europy Zachodniej). Pomys\u0142 Nowego Okr\u0105g\u0142ego Sto\u0142u przedstawi\u0142em w kr\u00f3tkim artykule, kt\u00f3ry opublikowa\u0142a \u201eGazeta Wyborcza\u201d 26 czerwca br. w druku (dzie\u0144 wcze\u015bniej w internecie). Po miesi\u0105cu (pisz\u0119 ten tekst 31 lipca) czas na rozwini\u0119cie tego pomys\u0142u i odniesienie si\u0119 do zrozumia\u0142ej jego krytyki. Do napisania pierwszego artyku\u0142u sk\u0142oni\u0142 mnie wynik dw\u00f3ch ostatnich wybor\u00f3w prezydenckich, gdzie liczba g\u0142os\u00f3w obu kandydat\u00f3w w II turze roz\u0142o\u017cy\u0142a si\u0119 prawie idealnie po po\u0142owie. Obaj kandydaci (Duda \u2013 Trzaskowski 2020 r. i Nawrocki \u2013 Trzaskowski 2025 r.) reprezentowali dok\u0142adnie te dwie skrajno\u015bci.","og_url":"https:\/\/notabene.world\/nb\/okragly-stol-czy-emigracja\/","og_site_name":"NOTABENE.WORLD","article_publisher":"https:\/\/www.facebook.com\/Notabene.World","article_published_time":"2025-08-29T01:00:00+00:00","article_modified_time":"2025-09-15T14:22:53+00:00","og_image":[{"width":800,"height":445,"url":"https:\/\/notabene.world\/nb\/wp-content\/uploads\/2025\/08\/okr-em.jpg","type":"image\/jpeg"}],"author":"Ziemowit Nowak","twitter_card":"summary_large_image","twitter_misc":{"Napisane przez":"Ziemowit Nowak","Szacowany czas czytania":"7 minut"},"schema":{"@context":"https:\/\/schema.org","@graph":[{"@type":"Article","@id":"https:\/\/notabene.world\/nb\/okragly-stol-czy-emigracja\/#article","isPartOf":{"@id":"https:\/\/notabene.world\/nb\/okragly-stol-czy-emigracja\/"},"author":{"name":"Ziemowit Nowak","@id":"https:\/\/notabene.world\/nb\/#\/schema\/person\/550bb710666057c090c94d00698639ce"},"headline":"Okr\u0105g\u0142y st\u00f3\u0142 czy emigracja?","datePublished":"2025-08-29T01:00:00+00:00","dateModified":"2025-09-15T14:22:53+00:00","mainEntityOfPage":{"@id":"https:\/\/notabene.world\/nb\/okragly-stol-czy-emigracja\/"},"wordCount":1359,"publisher":{"@id":"https:\/\/notabene.world\/nb\/#organization"},"image":{"@id":"https:\/\/notabene.world\/nb\/okragly-stol-czy-emigracja\/#primaryimage"},"thumbnailUrl":"https:\/\/i0.wp.com\/notabene.world\/nb\/wp-content\/uploads\/2025\/08\/okr-em.jpg?fit=800%2C445&ssl=1","articleSection":["Aktualno\u015bci","NOTABENE 1985-2025","Publicystyka"],"inLanguage":"pl-PL"},{"@type":"WebPage","@id":"https:\/\/notabene.world\/nb\/okragly-stol-czy-emigracja\/","url":"https:\/\/notabene.world\/nb\/okragly-stol-czy-emigracja\/","name":"Okr\u0105g\u0142y st\u00f3\u0142 czy emigracja? - NOTABENE.WORLD","isPartOf":{"@id":"https:\/\/notabene.world\/nb\/#website"},"primaryImageOfPage":{"@id":"https:\/\/notabene.world\/nb\/okragly-stol-czy-emigracja\/#primaryimage"},"image":{"@id":"https:\/\/notabene.world\/nb\/okragly-stol-czy-emigracja\/#primaryimage"},"thumbnailUrl":"https:\/\/i0.wp.com\/notabene.world\/nb\/wp-content\/uploads\/2025\/08\/okr-em.jpg?fit=800%2C445&ssl=1","datePublished":"2025-08-29T01:00:00+00:00","dateModified":"2025-09-15T14:22:53+00:00","breadcrumb":{"@id":"https:\/\/notabene.world\/nb\/okragly-stol-czy-emigracja\/#breadcrumb"},"inLanguage":"pl-PL","potentialAction":[{"@type":"ReadAction","target":["https:\/\/notabene.world\/nb\/okragly-stol-czy-emigracja\/"]}]},{"@type":"ImageObject","inLanguage":"pl-PL","@id":"https:\/\/notabene.world\/nb\/okragly-stol-czy-emigracja\/#primaryimage","url":"https:\/\/i0.wp.com\/notabene.world\/nb\/wp-content\/uploads\/2025\/08\/okr-em.jpg?fit=800%2C445&ssl=1","contentUrl":"https:\/\/i0.wp.com\/notabene.world\/nb\/wp-content\/uploads\/2025\/08\/okr-em.jpg?fit=800%2C445&ssl=1","width":800,"height":445},{"@type":"BreadcrumbList","@id":"https:\/\/notabene.world\/nb\/okragly-stol-czy-emigracja\/#breadcrumb","itemListElement":[{"@type":"ListItem","position":1,"name":"Home","item":"https:\/\/notabene.world\/nb\/"},{"@type":"ListItem","position":2,"name":"Okr\u0105g\u0142y st\u00f3\u0142 czy emigracja?"}]},{"@type":"WebSite","@id":"https:\/\/notabene.world\/nb\/#website","url":"https:\/\/notabene.world\/nb\/","name":"NOTABENE.WORLD","description":"Przekaz. Warto\u015bci. Wsp\u00f3lnota.","publisher":{"@id":"https:\/\/notabene.world\/nb\/#organization"},"potentialAction":[{"@type":"SearchAction","target":{"@type":"EntryPoint","urlTemplate":"https:\/\/notabene.world\/nb\/?s={search_term_string}"},"query-input":{"@type":"PropertyValueSpecification","valueRequired":true,"valueName":"search_term_string"}}],"inLanguage":"pl-PL"},{"@type":"Organization","@id":"https:\/\/notabene.world\/nb\/#organization","name":"NOTABENE.WORLD","url":"https:\/\/notabene.world\/nb\/","logo":{"@type":"ImageObject","inLanguage":"pl-PL","@id":"https:\/\/notabene.world\/nb\/#\/schema\/logo\/image\/","url":"https:\/\/notabene.world\/nb\/wp-content\/uploads\/2022\/01\/NB-club-start-www1.jpg","contentUrl":"https:\/\/notabene.world\/nb\/wp-content\/uploads\/2022\/01\/NB-club-start-www1.jpg","width":1000,"height":839,"caption":"NOTABENE.WORLD"},"image":{"@id":"https:\/\/notabene.world\/nb\/#\/schema\/logo\/image\/"},"sameAs":["https:\/\/www.facebook.com\/Notabene.World"]},{"@type":"Person","@id":"https:\/\/notabene.world\/nb\/#\/schema\/person\/550bb710666057c090c94d00698639ce","name":"Ziemowit Nowak","image":{"@type":"ImageObject","inLanguage":"pl-PL","@id":"https:\/\/secure.gravatar.com\/avatar\/a509f8d50dff41b2a4adf26abf36531e66db6b8de83f9e36aff5c5d0482d459e?s=96&d=mm&r=g","url":"https:\/\/secure.gravatar.com\/avatar\/a509f8d50dff41b2a4adf26abf36531e66db6b8de83f9e36aff5c5d0482d459e?s=96&d=mm&r=g","contentUrl":"https:\/\/secure.gravatar.com\/avatar\/a509f8d50dff41b2a4adf26abf36531e66db6b8de83f9e36aff5c5d0482d459e?s=96&d=mm&r=g","caption":"Ziemowit Nowak"},"url":"https:\/\/notabene.world\/nb\/author\/z-n\/"}]}},"jetpack_featured_media_url":"https:\/\/i0.wp.com\/notabene.world\/nb\/wp-content\/uploads\/2025\/08\/okr-em.jpg?fit=800%2C445&ssl=1","jetpack_sharing_enabled":true,"jetpack_shortlink":"https:\/\/wp.me\/pdCobN-4hL","_links":{"self":[{"href":"https:\/\/notabene.world\/nb\/wp-json\/wp\/v2\/posts\/16477","targetHints":{"allow":["GET"]}}],"collection":[{"href":"https:\/\/notabene.world\/nb\/wp-json\/wp\/v2\/posts"}],"about":[{"href":"https:\/\/notabene.world\/nb\/wp-json\/wp\/v2\/types\/post"}],"author":[{"embeddable":true,"href":"https:\/\/notabene.world\/nb\/wp-json\/wp\/v2\/users\/31"}],"replies":[{"embeddable":true,"href":"https:\/\/notabene.world\/nb\/wp-json\/wp\/v2\/comments?post=16477"}],"version-history":[{"count":4,"href":"https:\/\/notabene.world\/nb\/wp-json\/wp\/v2\/posts\/16477\/revisions"}],"predecessor-version":[{"id":16593,"href":"https:\/\/notabene.world\/nb\/wp-json\/wp\/v2\/posts\/16477\/revisions\/16593"}],"wp:featuredmedia":[{"embeddable":true,"href":"https:\/\/notabene.world\/nb\/wp-json\/wp\/v2\/media\/16480"}],"wp:attachment":[{"href":"https:\/\/notabene.world\/nb\/wp-json\/wp\/v2\/media?parent=16477"}],"wp:term":[{"taxonomy":"category","embeddable":true,"href":"https:\/\/notabene.world\/nb\/wp-json\/wp\/v2\/categories?post=16477"},{"taxonomy":"post_tag","embeddable":true,"href":"https:\/\/notabene.world\/nb\/wp-json\/wp\/v2\/tags?post=16477"}],"curies":[{"name":"wp","href":"https:\/\/api.w.org\/{rel}","templated":true}]}}