{"id":17223,"date":"2025-08-04T14:47:00","date_gmt":"2025-08-04T14:47:00","guid":{"rendered":"https:\/\/notabene.world\/nb\/?p=17223"},"modified":"2025-09-15T14:26:23","modified_gmt":"2025-09-15T14:26:23","slug":"kielce-okreg-33","status":"publish","type":"post","link":"https:\/\/notabene.world\/nb\/kielce-okreg-33\/","title":{"rendered":"KIELCE. Tajemnice okr\u0119gu 33"},"content":{"rendered":"\n<p><a href=\"https:\/\/www.polityka.pl\"><\/a><\/p>\n\n\n\n<figure class=\"wp-block-image aligncenter size-full is-resized\"><img data-recalc-dims=\"1\" loading=\"lazy\" decoding=\"async\" width=\"178\" height=\"47\" src=\"https:\/\/i0.wp.com\/notabene.world\/nb\/wp-content\/uploads\/2025\/08\/pol-bz.jpg?resize=178%2C47&#038;ssl=1\" alt=\"\" class=\"wp-image-17226\" style=\"width:190px\"\/><\/figure>\n\n\n\n<figure class=\"wp-block-image size-full\"><img data-recalc-dims=\"1\" loading=\"lazy\" decoding=\"async\" width=\"800\" height=\"528\" src=\"https:\/\/i0.wp.com\/notabene.world\/nb\/wp-content\/uploads\/2025\/08\/okr33-1.jpg?resize=800%2C528&#038;ssl=1\" alt=\"\" class=\"wp-image-17231\" srcset=\"https:\/\/i0.wp.com\/notabene.world\/nb\/wp-content\/uploads\/2025\/08\/okr33-1.jpg?w=800&amp;ssl=1 800w, https:\/\/i0.wp.com\/notabene.world\/nb\/wp-content\/uploads\/2025\/08\/okr33-1.jpg?resize=300%2C198&amp;ssl=1 300w, https:\/\/i0.wp.com\/notabene.world\/nb\/wp-content\/uploads\/2025\/08\/okr33-1.jpg?resize=768%2C507&amp;ssl=1 768w\" sizes=\"auto, (max-width: 800px) 100vw, 800px\" \/><\/figure>\n\n\n\n<p>Bart\u0142omiej Zapa\u0142a<\/p>\n\n\n\n<p><strong>Tajemnice okr\u0119gu wyborczego 33. Spadochroniarze lubi\u0105 ten teren<\/strong><\/p>\n\n\n\n<p>15 wrze\u015bnia 2023<\/p>\n\n\n\n<p>Sta\u0142o si\u0119 jasne, \u017ce pozostaj\u0105cy zazwyczaj na uboczu okr\u0119g wyborczy nr 33 b\u0119dzie jedn\u0105 z wa\u017cniejszych, je\u015bli nie najwa\u017cniejsz\u0105 aren\u0105 parlamentarnej kampanii.<\/p>\n\n\n\n<p>Jak na region, kt\u00f3ry nawet nie ma prawdziwego lotniska, to wojew\u00f3dztwo zawsze by\u0142o ulubionym terenem spadochroniarzy. Rozk\u0142adali widowiskowo swoje czasze, a&nbsp;po wyl\u0105dowaniu na d\u0142ugie miesi\u0105ce lub lata znikali, by zn\u00f3w pojawi\u0107 si\u0119 na publicznym widoku przed kolejnymi wyborami. Krzysztof Bosak, Tomasz Kaczmarek (znany lepiej jako agent Tomek), Beata Kempa, Anna Krupka (nazywana przez z\u0142o\u015bliwych makija\u017cystk\u0105 prezesa), Tomasz Na\u0142\u0119cz, Grzegorz Schetyna, Bart\u0142omiej Sienkiewicz, Pawe\u0142 Zalewski czy Zbigniew Ziobro \u2013 to osoby, kt\u00f3rych realne zwi\u0105zki z&nbsp;regionem ogranicza\u0142y si\u0119 zwykle do zdobycia mandatu. To nie Jaros\u0142aw Kaczy\u0144ski wymy\u015bli\u0142, \u017ce \u015awi\u0119tokrzyskie warte jest wyborczej mszy.<\/p>\n\n\n\n<p>Pierwszym politykiem, kt\u00f3ry skutecznie odwo\u0142a\u0142 si\u0119 do mieszkaj\u0105cego w&nbsp;tej cz\u0119\u015bci Polski elektoratu i&nbsp;uczyni\u0142 z&nbsp;niego trampolin\u0119 do og\u00f3lnopolskiego zwyci\u0119stwa, by\u0142 Aleksander Kwa\u015bniewski. Okr\u0119g wyborczy 33 to nieoczekiwane dziecko reformy administracyjnej, przeprowadzonej pod koniec lat 90. przez rz\u0105d Akcji Wyborczej Solidarno\u015b\u0107 i&nbsp;Unii Wolno\u015bci.<\/p>\n\n\n\n<p>Premier Jerzy Buzek, przygotowuj\u0105c za\u0142o\u017cenia podzia\u0142u Polski na samorz\u0105dowe wojew\u00f3dztwa, nie przewidywa\u0142 istnienia regionu ze stolic\u0105 w&nbsp;Kielcach. \u015awi\u0119tokrzyskie mia\u0142o sta\u0107 si\u0119 cz\u0119\u015bci\u0105 Ma\u0142opolski. Dopiero silny protest spo\u0142eczny, wsparty wetem prezydenta Aleksandra Kwa\u015bniewskiego, zmusi\u0142 sejmow\u0105 wi\u0119kszo\u015b\u0107 do wykrojenia na mapie \u015awi\u0119tokrzyskiego. Nowy region pozbawiony zosta\u0142 co prawda okolic Miechowa, ale zyska\u0142 tereny wok\u00f3\u0142 Sandomierza i&nbsp;Staszowa, przynale\u017c\u0105ce wcze\u015bniej do wojew\u00f3dztwa tarnobrzeskiego.<\/p>\n\n\n\n<p>Niedu\u017cy obszar i&nbsp;relatywnie niskie zaludnienie z&nbsp;1,2 mln mieszka\u0144c\u00f3w, a&nbsp;tak\u017ce brak poza Kielcami drugiego silnego o\u015brodka miejskiego sprawi\u0142y, \u017ce ca\u0142y teren wojew\u00f3dztwa zosta\u0142 jednocze\u015bnie okr\u0119giem wyborczym w&nbsp;wyborach do Sejmu. Z&nbsp;16 mandatami do wzi\u0119cia jest dzi\u015b drugim najwi\u0119kszym okr\u0119giem w&nbsp;kraju. Wi\u0119cej mandat\u00f3w poselskich mo\u017cna zdoby\u0107 jedynie w&nbsp;Warszawie.<\/p>\n\n\n\n<figure class=\"wp-block-image size-full\"><img data-recalc-dims=\"1\" loading=\"lazy\" decoding=\"async\" width=\"800\" height=\"468\" src=\"https:\/\/i0.wp.com\/notabene.world\/nb\/wp-content\/uploads\/2025\/08\/okr33-2.jpg?resize=800%2C468&#038;ssl=1\" alt=\"\" class=\"wp-image-17232\" srcset=\"https:\/\/i0.wp.com\/notabene.world\/nb\/wp-content\/uploads\/2025\/08\/okr33-2.jpg?w=800&amp;ssl=1 800w, https:\/\/i0.wp.com\/notabene.world\/nb\/wp-content\/uploads\/2025\/08\/okr33-2.jpg?resize=300%2C176&amp;ssl=1 300w, https:\/\/i0.wp.com\/notabene.world\/nb\/wp-content\/uploads\/2025\/08\/okr33-2.jpg?resize=768%2C449&amp;ssl=1 768w\" sizes=\"auto, (max-width: 800px) 100vw, 800px\" \/><\/figure>\n\n\n\n<h2 class=\"wp-block-heading\">Kielce, moje Kielce<\/h2>\n\n\n\n<p>Wyborcy ze \u015awi\u0119tokrzyskiego potrafi\u0105 wyra\u017ca\u0107 swoj\u0105 wdzi\u0119czno\u015b\u0107. Aleksander Kwa\u015bniewski m\u00f3g\u0142 przekona\u0107 si\u0119 o&nbsp;tym jako pierwszy. W\u0142a\u015bciwie si\u0119 tego spodziewa\u0142, bo jako miejsce inauguracji swojej reelekcyjnej, prezydenckiej kampanii wybra\u0142 w&nbsp;2000 r. w\u0142a\u015bnie Kielce. Jego \u00f3wczesne zawo\u0142anie do t\u0142umnie zgromadzonych mieszka\u0144c\u00f3w: \u201eKielce, moje Kielce\u201d, wzbudzaj\u0105ce w\u015br\u00f3d warszawskich elit u\u015bmiechy politowania, okaza\u0142o si\u0119 piekielnie skuteczne. Ponad 60 proc. w&nbsp;pierwszej turze i&nbsp;355 tys. g\u0142os\u00f3w.<\/p>\n\n\n\n<p>Kolejna, tym razem parlamentarna kampania przynios\u0142a nast\u0119pny, d\u0142ugo niepobity rekord. 45 proc. poparcia dla Sojuszu Lewicy Demokratycznej-Unii Pracy, 9 poselskich i&nbsp;komplet 3 senatorskich mandat\u00f3w. Pod koniec 2001 r. lewica mia\u0142a w&nbsp;wojew\u00f3dztwie \u015bwi\u0119tokrzyskim praktycznie wszystko. Pi\u0119\u0107 lat p\u00f3\u017aniej pozosta\u0142o z&nbsp;tego sukcesu naprawd\u0119 niewiele. Po drodze lewica utraci\u0142a w\u0142adz\u0119 prezydenck\u0105 w&nbsp;Kielcach, z&nbsp;9 poselskich mandat\u00f3w uda\u0142o si\u0119 obroni\u0107 jedynie dwa, odda\u0142a r\u00f3wnie\u017c w\u0142adz\u0119 w&nbsp;sejmiku wojew\u00f3dzkim. Jak do tego dosz\u0142o? Odpowied\u017a na to pytanie winna by\u0107 lekcj\u0105 dla Koalicji Obywatelskiej i&nbsp;jej nowego, niespodziewanego kandydata Romana Giertycha, kt\u00f3ry w\u0142a\u015bnie tutaj otrzyma\u0142 szans\u0119 na polityczne odkupienie.<\/p>\n\n\n\n<p>Zbyt \u0142atwym wyt\u0142umaczeniem kl\u0119ski lewicy by\u0142aby s\u0142ynna afera starachowicka z&nbsp;2003 r. Polega\u0142a na tym, \u017ce lokalna elita w\u0142adzy nie mia\u0142a opor\u00f3w, by ostrzega\u0107 przed policyjnymi dzia\u0142aniami zanurzonych w&nbsp;przest\u0119pcz\u0105 dzia\u0142alno\u015b\u0107 przyjaci\u00f3\u0142. To \u201ezanurzenie\u201d nie by\u0142o jedynie metaforyczne. Jedn\u0105 z&nbsp;g\u0142\u00f3wnych scen opisywanych szeroko w&nbsp;mediach korupcyjnych praktyk by\u0142 Klub P\u0142etwonurka Kalmar, maj\u0105cy swoj\u0105 siedzib\u0119 na starachowickiej p\u0142ywalni. Knajackie w&nbsp;istocie realia sprawowania funkcji na powiatowym szczeblu sta\u0142y si\u0119 og\u00f3lnokrajowym symbolem moralnego upadku SLD. Ale w&nbsp;\u015awi\u0119tokrzyskiem, gdzie ka\u017cdy m\u00f3g\u0142 rozpozna\u0107 wielu bohater\u00f3w drukowanych w&nbsp;mediach stenogram\u00f3w, ich oddzia\u0142ywanie by\u0142o jeszcze silniejsze. Co prawda bezpo\u015bredni sprawcy afery, \u00f3wcze\u015bni pos\u0142owie Andrzej Jagie\u0142\u0142o i&nbsp;Henryk D\u0142ugosz, zap\u0142acili wyrokami wi\u0119zienia, ale od prawnej odpowiedzialno\u015bci wywin\u0119li si\u0119 zar\u00f3wno wiceminister spraw wewn\u0119trznych Zbigniew Sobotka (skazany, ale i&nbsp;szybko u\u0142askawiony przez prezydenta Kwa\u015bniewskiego), jak i&nbsp;komendant g\u0142\u00f3wny policji Antoni Kowalczyk, uniewinniony w&nbsp;I instancji, a&nbsp;potem jeszcze w&nbsp;rozstrzygni\u0119ciu podj\u0119tym na szczeblu S\u0105du Najwy\u017cszego.<\/p>\n\n\n\n<p>To by\u0142 z&nbsp;pewno\u015bci\u0105 jeden z&nbsp;wa\u017cniejszych powod\u00f3w, dla kt\u00f3rych sympatie spo\u0142eczne w&nbsp;wojew\u00f3dztwie przenios\u0142y si\u0119 ze skompromitowanej formacji na stron\u0119 nowego \u015brodowiska politycznego, kt\u00f3rego g\u0142\u00f3wnym liderem by\u0142 minister sprawiedliwo\u015bci Lech Kaczy\u0144ski. Wydaje si\u0119 jednak, \u017ce nie by\u0142a to przyczyna najwa\u017cniejsza. Wida\u0107 to by\u0142o chocia\u017cby podczas wybor\u00f3w prezydenckich w&nbsp;2005 r., w&nbsp;kt\u00f3rych Andrzej Lepper, sam maj\u0105cy wiele problem\u00f3w z&nbsp;wymiarem sprawiedliwo\u015bci, uzyska\u0142 w&nbsp;\u015awi\u0119tokrzyskiem drugi wynik. W&nbsp;kilku rolniczych gminach na po\u0142udniu wojew\u00f3dztwa zosta\u0142by za\u015b prezydentem ju\u017c po I&nbsp;turze.<\/p>\n\n\n\n<p>Tym, co chyba najmocniej przyczyni\u0142o si\u0119 do politycznego zwrotu, by\u0142o niespe\u0142nienie oczekiwa\u0144 dotycz\u0105cych sfery socjalnej. A&nbsp;w\u0142a\u015bciwie: zlekcewa\u017cenie potrzeb op\u00f3\u017anionego w&nbsp;rozwoju gospodarczym i&nbsp;posiadaj\u0105cego olbrzymie braki infrastrukturalne regionu.<\/p>\n\n\n\n<p>Rz\u0105d Leszka Millera podejmowa\u0142 jakie\u015b propagandowe pr\u00f3by okazania swojej troski. Jedno z&nbsp;wyjazdowych posiedze\u0144 gabinetu odby\u0142o si\u0119 nawet w&nbsp;Kielcach. Realnych efekt\u00f3w by\u0142o jednak jak na lekarstwo. Budowa jednopasmowej obwodnicy J\u0119drzejowa czy wyremontowanie niespe\u0142na stumetrowego odcinka g\u0142\u00f3wnego kieleckiego deptaku to by\u0142y g\u0142\u00f3wne osi\u0105gni\u0119cia. Polska dopiero aspirowa\u0142a do cz\u0142onkostwa we wsp\u00f3lnocie europejskiej i&nbsp;nie mia\u0142a w\u00f3wczas szerokiego dost\u0119pu do funduszy strukturalnych, a&nbsp;po drodze jeszcze przypl\u0105ta\u0142a si\u0119 w&nbsp;2002 r. pow\u00f3d\u017a tysi\u0105clecia, kt\u00f3ra spustoszy\u0142a spore obszary wojew\u00f3dztwa. Panowa\u0142o przekonanie, \u017ce zwi\u0105zane z&nbsp;SLD elity nie potrafi\u0105 zadba\u0107 w&nbsp;Warszawie o&nbsp;odpowiednie dowarto\u015bciowanie regionu.<\/p>\n\n\n\n<h2 class=\"wp-block-heading\">Gwiazda z Dar\u0142owa<\/h2>\n\n\n\n<p>Tym, kt\u00f3ry pokaza\u0142, w&nbsp;jaki spos\u00f3b mo\u017cna doceni\u0107 \u015awi\u0119tokrzyskie i&nbsp;jego mieszka\u0144c\u00f3w, okaza\u0142 si\u0119 pose\u0142 Prawa i&nbsp;Sprawiedliwo\u015bci Przemys\u0142aw Gosiewski. Wcale nie pochodzi\u0142 z&nbsp;regionu, nie mia\u0142 w&nbsp;nim nawet swojej rodziny, ale kiedy jako bliski wsp\u00f3\u0142pracownik Jaros\u0142awa i&nbsp;Lecha Kaczy\u0144skich zosta\u0142 w&nbsp;2001 r. kieleckim pos\u0142em, mocno zaanga\u017cowa\u0142 si\u0119 w&nbsp;sprawy wojew\u00f3dztwa. <em>\u2013 Je\u017adzili\u015bmy do miejsc, w&nbsp;kt\u00f3rych nie pojawia\u0142 si\u0119 wcze\u015bniej \u017caden pose\u0142. To by\u0142a praca, praca i&nbsp;jeszcze raz praca. Odbywali\u015bmy setki spotka\u0144, ale przede wszystkim rozmawiali\u015bmy i&nbsp;s\u0142uchali\u015bmy ludzi <\/em>\u2013 wspomina Mariusz Goraj, kt\u00f3ry w&nbsp;tej pierwszej dla PiS sejmowej kadencji by\u0142 dyrektorem biura poselskiego Przemys\u0142awa Gosiewskiego.<\/p>\n\n\n\n<p>O tym, \u017ce Gosiewski by\u0142 tytanem pracy, mog\u0105 m\u00f3wi\u0107 nie tylko jego najbli\u017csi wsp\u00f3\u0142pracownicy, trzymani na nocnych naradach przez swego szefa nawet w&nbsp;niedzielne wieczory. Przekonywali si\u0119 o&nbsp;tym tak\u017ce dziennikarze, kt\u00f3rzy byli wr\u0119cz zasypywani inicjatywami podejmowanymi przez opozycyjnego w\u00f3wczas parlamentarzyst\u0119. Te wysi\u0142ki przynios\u0142y efekty, a&nbsp;PiS, kt\u00f3re przy swym pierwszym starcie uzyska\u0142o w&nbsp;\u015awi\u0119tokrzyskiem mniej g\u0142os\u00f3w ni\u017c startuj\u0105ca tak\u017ce po raz pierwszy PO, w&nbsp;kolejnych wyborach by\u0142o ju\u017c na pierwszym miejscu. Sam Gosiewski zdoby\u0142 najlepszy indywidualny wynik, skromne jeszcze jak na p\u00f3\u017aniejsze osi\u0105gni\u0119cia 31 tys. g\u0142os\u00f3w, ale do Sejmu wesz\u0142y opr\u00f3cz niego jeszcze cztery inne osoby.<\/p>\n\n\n\n<p>Po tych wyborach polityczna gwiazda Gosiewskiego zacz\u0119\u0142a \u015bwieci\u0107 naprawd\u0119 jasno. Zosta\u0142 najpierw przewodnicz\u0105cym Klubu Parlamentarnego PiS, a&nbsp;gdy Jaros\u0142aw Kaczy\u0144ski obj\u0105\u0142 funkcj\u0119 premiera \u2013 uczyni\u0142 Gosiewskiego swoj\u0105 praw\u0105 r\u0119k\u0105 w&nbsp;rz\u0105dzie. Pocz\u0105tkowo minister bez teki i&nbsp;przewodnicz\u0105cy Komitetu Sta\u0142ego Rady Ministr\u00f3w, w&nbsp;nied\u0142ugim czasie zosta\u0142 mianowany wicepremierem. Komitet Sta\u0142y nazywany jest czasem \u201ema\u0142\u0105 Rad\u0105 Ministr\u00f3w\u201d, gromadzi wiceministr\u00f3w na administracyjnych i&nbsp;technicznych z&nbsp;punktu widzenia sprawowania w\u0142adzy posiedzeniach. Jego zadaniem jest u\u0142atwianie pracy ministrom spotykaj\u0105cym si\u0119 raz w&nbsp;tygodniu na posiedzeniach gabinetu. Gosiewski uczyni\u0142 z&nbsp;Komitetu narz\u0119dzie swojego politycznego sukcesu.<\/p>\n\n\n\n<p>Nie by\u0142o tygodnia, by nie pojawia\u0142 si\u0119 w&nbsp;Kielcach i&nbsp;innych miejscowo\u015bciach regionu w&nbsp;towarzystwie kt\u00f3rego\u015b z&nbsp;wiceministr\u00f3w. Wys\u0142uchiwa\u0142 samorz\u0105dowc\u00f3w, spotyka\u0142 si\u0119 z&nbsp;mieszka\u0144cami, obiecywa\u0142 i&nbsp;nadzorowa\u0142 wykonywanie tych obietnic, cz\u0119sto nie pytaj\u0105c nawet, co o&nbsp;danej sprawie ma do powiedzenia konstytucyjny zwierzchnik danego resortu. W&nbsp;rz\u0105dzie potrafi\u0142 mu si\u0119 sprzeciwi\u0107 jedynie Ludwik Dorn, kt\u00f3ry publicznie studzi\u0142 rozgrzewane przez Przemys\u0142awa Gosiewskiego emocje. Na przyk\u0142ad gdy po g\u0142o\u015bnej zapowiedzi, \u017ce w&nbsp;podkieleckich Obicach powstanie du\u017ce mi\u0119dzynarodowe lotnisko, jako minister spraw wewn\u0119trznych i&nbsp;administracji deklarowa\u0142, \u017ce nawet je\u015bli zostanie ono wybudowane, nie pojawi si\u0119 na nim \u017cadna plac\u00f3wka Stra\u017cy Granicznej. Pozostali zazwyczaj nie kwestionowali kolejnych inicjatyw, a&nbsp;w regionie powsta\u0142o wra\u017cenie, \u017ce Przemys\u0142aw Gosiewski mo\u017ce w&nbsp;Warszawie za\u0142atwi\u0107 wszystko.<\/p>\n\n\n\n<h2 class=\"wp-block-heading\">PiS bije rekord<\/h2>\n\n\n\n<p>Ca\u0142a Polska dowiedzia\u0142a si\u0119 o&nbsp;tym, gdy poci\u0105gi jad\u0105ce bezpo\u015brednio z&nbsp;Warszawy do Krakowa zacz\u0119\u0142y si\u0119 nagle zatrzymywa\u0107 na stacji W\u0142oszczowa P\u00f3\u0142noc. W\u0142a\u015bciwie to bardziej na peronie ni\u017c na stacji, bo prawdziwy i&nbsp;pozostaj\u0105cy przez d\u0142ugi czas w&nbsp;op\u0142akanym stanie dworzec we W\u0142oszczowie znajdowa\u0142 si\u0119 kilka kilometr\u00f3w dalej. Kiedy do tego dosz\u0142o, w&nbsp;pa\u017adzierniku 2006 r., memy nie by\u0142y jeszcze najpopularniejsz\u0105 form\u0105 komentowania \u017cycia politycznego. Przemys\u0142aw Gosiewski sta\u0142 si\u0119 za to gwiazd\u0105 \u201eSzk\u0142a kontaktowego\u201d w&nbsp;TVN 24. A&nbsp;drwinom i&nbsp;\u017cartom z&nbsp;peronu na odludziu nie by\u0142o ko\u0144ca.<\/p>\n\n\n\n<p>Z perspektywy wojew\u00f3dztwa \u015bwi\u0119tokrzyskiego sprawa nie by\u0142a jednak absurdalna. Po\u0142o\u017cony w&nbsp;centrum Polski region nale\u017ca\u0142 bowiem do najs\u0142abiej skomunikowanych. Kolejarze lubili si\u0119 chwali\u0107, \u017ce na \u015bwi\u0119tokrzyskim odcinku Centralnej Magistrali Kolejowej poci\u0105gi osi\u0105gaj\u0105 rekordow\u0105 jak na \u00f3wczesn\u0105 Polsk\u0119 pr\u0119dko\u015b\u0107 120 km\/h, ale mieszka\u0144cy wojew\u00f3dztwa nie mieli mo\u017cliwo\u015bci si\u0119 o&nbsp;tym przekona\u0107. Tras\u0119 z&nbsp;Warszawy do Krakowa jad\u0105ce po CMK poci\u0105gi pokonywa\u0142y w&nbsp;oko\u0142o dwie godziny. Podr\u00f3\u017c kolejowa z&nbsp;le\u017c\u0105cych w&nbsp;po\u0142owie drogi mi\u0119dzy tymi miastami Kielc zajmowa\u0142a do stolicy oko\u0142o czterech godzin.<\/p>\n\n\n\n<p>Pierwotny pomys\u0142 by\u0142 taki, \u017ceby najpierw wybudowa\u0107 stosunkowo kr\u00f3tki odcinek spinaj\u0105cy centraln\u0105 magistral\u0119 z&nbsp;torami prowadz\u0105cymi do Kielc, a&nbsp;p\u00f3\u017aniej umo\u017cliwi\u0107 pasa\u017cerom znacznie kr\u00f3tsz\u0105 podr\u00f3\u017c z&nbsp;Kielc do Warszawy lub Krakowa. \u0141\u0105cznica w&nbsp;Czarncy powsta\u0142a jednak dopiero w&nbsp;2022 r. Ale to detal. Symbolicznie to na peronie we W\u0142oszczowej wyborcy okr\u0119gu 33 przesiedli si\u0119 z&nbsp;SLD do PiS. Kiedy za spraw\u0105, nomen omen, Romana Giertycha Jaros\u0142aw Kaczy\u0144ski straci\u0142 rz\u0105dow\u0105 wi\u0119kszo\u015b\u0107 i&nbsp;trzeba by\u0142o rozpisa\u0107 przedterminowe wybory, \u015awi\u0119tokrzyskie nie mia\u0142o ju\u017c w\u0105tpliwo\u015bci, na kogo g\u0142osowa\u0107. Prawie 40 proc. mieszka\u0144c\u00f3w wybra\u0142o PiS, a&nbsp;Przemys\u0142aw Gosiewski, zdobywaj\u0105c ponad 138 tys. g\u0142os\u00f3w, poci\u0105gn\u0105\u0142 za sob\u0105 do Sejmu jeszcze sze\u015b\u0107 innych os\u00f3b. Oddanie elektoratu dla lidera listy by\u0142o na tyle du\u017ce, \u017ce pozostali kandydaci musieli zadowoli\u0107 si\u0119 okruchami poparcia. \u017beby zosta\u0107 pos\u0142em, wystarczy\u0142o w\u00f3wczas kandydatom PiS uzyskanie 2,5 tys. g\u0142os\u00f3w.<\/p>\n\n\n\n<p>PO nie uda\u0142o si\u0119 powt\u00f3rzy\u0107 takiego sukcesu. Trudno nawet powiedzie\u0107, \u017ce realnie pr\u00f3bowa\u0142a p\u00f3j\u015b\u0107 w&nbsp;\u015blady wytyczone przez Gosiewskiego. Po jego tragicznej \u015bmierci w&nbsp;katastrofie smole\u0144skiej nawet zsy\u0142any tutaj Zbigniew Ziobro nie mia\u0142 problem\u00f3w z&nbsp;uzyskiwaniem znakomitych wynik\u00f3w. W&nbsp;2019 r. PiS uda\u0142o si\u0119 wprowadzi\u0107 ze \u015awi\u0119tokrzyskiego a\u017c 10 pos\u0142\u00f3w, a&nbsp;tym samym pobi\u0107 ustanowiony przez SLD w&nbsp;2001 r. rekord.<\/p>\n\n\n\n<h2 class=\"wp-block-heading\">Ile wa\u017cy jeden g\u0142os w Polsce<\/h2>\n\n\n\n<p>W tym miejscu tak naprawd\u0119 rozpoczyna si\u0119 kalkulacja, kt\u00f3ra doprowadzi\u0142a do startu z&nbsp;okr\u0119gu nr 33 Jaros\u0142awa Kaczy\u0144skiego. Oczywist\u0105, cho\u0107 nie zawsze pami\u0119tan\u0105 stawk\u0105 tegorocznych wybor\u00f3w jest zdobycie 231 mandat\u00f3w, kt\u00f3re pozwol\u0105 na sformowanie rz\u0105du. I&nbsp;niewa\u017cne, sk\u0105d te mandaty b\u0119d\u0105 pochodzi\u0107. Je\u015bli w&nbsp;jednym miejscu pula si\u0119ga a\u017c 16, a&nbsp;przy silnej polaryzacji i&nbsp;rozdrobnieniu list po opozycyjnej stronie mo\u017cna liczy\u0107 na zdobycie wi\u0119cej ni\u017c 10, to oczywiste staje si\u0119, \u017ce warto pos\u0142a\u0107 w&nbsp;takie miejsce najmocniejsze posiadane zasoby. Prezes Kaczy\u0144ski, co sam zreszt\u0105 kilkakrotnie ju\u017c publicznie powiedzia\u0142, potrafi po\u015bwi\u0119ca\u0107 swoj\u0105 osobist\u0105 wygod\u0119 na rzecz partii, a&nbsp;wi\u0119kszych atut\u00f3w ni\u017c on sam PiS przecie\u017c nie posiada.<\/p>\n\n\n\n<p>Sprawa bezpo\u015bredniej rywalizacji z&nbsp;Donaldem Tuskiem w&nbsp;Warszawie nie musia\u0142a mie\u0107 tutaj decyduj\u0105cego znaczenia. Dodatkowo jeszcze, co przyznaje sama Pa\u0144stwowa Komisja Wyborcza, do wybrania jednego pos\u0142a w&nbsp;okr\u0119gu 33 potrzeba znacznie mniej g\u0142os\u00f3w ni\u017c w&nbsp;Warszawie. Dokonanie takiego obliczenia nakazuje PKW ordynacja w&nbsp;oparciu o&nbsp;liczb\u0119 mieszka\u0144c\u00f3w w&nbsp;gminach. Punktem wyj\u015bcia by\u0142 stan na 30 wrze\u015bnia 2022 r. Ustalona w\u00f3wczas tzw. norma przedstawicielska wynosi 78 424 mieszka\u0144c\u00f3w na jeden mandat. Problem w&nbsp;tym, \u017ce rozdzielone przy poprzednich g\u0142osowaniach mi\u0119dzy okr\u0119gami mandaty nie uwzgl\u0119dniaj\u0105 zachodz\u0105cych w&nbsp;Polsce demograficznych przeobra\u017ce\u0144. W&nbsp;konsekwencji PKW zaproponowa\u0142a Sejmowi dokonanie zmian a\u017c w&nbsp;21 okr\u0119gach, w&nbsp;tym w&nbsp;Kielcach i&nbsp;w Warszawie. Wniosek wyl\u0105dowa\u0142 w&nbsp;zamra\u017carce u&nbsp;marsza\u0142ek Sejmu, a&nbsp;wybory 2023 r. odb\u0119d\u0105 si\u0119 wed\u0142ug nieaktualnych oblicze\u0144. Okr\u0119g 33 nie zostanie pozbawiony jednego mandatu, nie zyska za to ani Warszawa, ani okr\u0119g podwarszawski. W&nbsp;stolicy na jeden mandat przypadnie wi\u0119c 82 319 mieszka\u0144c\u00f3w, w&nbsp;Kielcach natomiast realna norma wyniesie 73 634. Czy to nie jest kolejny dobry pow\u00f3d, \u017ceby startowa\u0107, ale i&nbsp;wybiera\u0107 pos\u0142\u00f3w akurat w\u0142a\u015bnie tutaj?<\/p>\n\n\n\n<h2 class=\"wp-block-heading\">Kto na tym skorzysta?<\/h2>\n\n\n\n<p>Pojawienie si\u0119 na listach w&nbsp;regionie Jaros\u0142awa Kaczy\u0144skiego i&nbsp;pod\u0105\u017caj\u0105cego za nim Romana Giertycha wywr\u00f3ci\u0142o do g\u00f3ry nogami uk\u0142adane wcze\u015bniej lokalne scenariusze. Najdotkliwiej przekona\u0142 si\u0119 o&nbsp;tym dotychczasowy pose\u0142 Koalicji Obywatelskiej, przedsi\u0119biorca Adam Cyra\u0144ski, kt\u00f3ry zapewniwszy sobie ostatnie miejsce na li\u015bcie, obwiesi\u0142 ca\u0142e Kielce swoimi przedkampanijnymi banerami. Jeszcze chyba nigdy w&nbsp;Polsce z&nbsp;tak\u0105 intensywno\u015bci\u0105 nie reklamowano biura poselskiego, kt\u00f3re zostanie zamkni\u0119te za dwa miesi\u0105ce. Sopocka zapowied\u017a Donalda Tuska o&nbsp;starcie by\u0142ego lidera Ligi Polskich Rodzin zaskoczy\u0142a wszystkich \u015bwi\u0119tokrzyskich dzia\u0142aczy PO. Dynamika kampanii jest tak du\u017ca, \u017ce \u017caden z&nbsp;lider\u00f3w nie po\u015bwi\u0119ca energii na terenowe konsultacje. Mogliby to tak\u017ce potwierdzi\u0107 dzia\u0142acze PiS, kt\u00f3rzy do samego ko\u0144ca nie wiedzieli, czy Kaczy\u0144ski na pewno wystartuje w&nbsp;Kielcach. Na ostatnim miejscu znajdzie si\u0119 wi\u0119c Giertych, a&nbsp;Cyra\u0144ski og\u0142osi\u0142 wycofanie si\u0119 z&nbsp;wybor\u00f3w.<\/p>\n\n\n\n<p>Szefowa \u015bwi\u0119tokrzyskiego sztabu wyborczego KO Agata Wojda, kt\u00f3ra na skutek wewn\u0119trznych rywalizacji w&nbsp;partii nie walczy w&nbsp;tym roku o&nbsp;mandat poselski, liczy, \u017ce pojawienie si\u0119 Romana Giertycha poprawi wynik ca\u0142ej listy. Cho\u0107 wcale nie twierdzi, \u017ce b\u0119dzie to \u0142atwe. \u2013 <em>Trudne z&nbsp;pewno\u015bci\u0105 dla tych, z&nbsp;kt\u00f3rymi rami\u0119 w&nbsp;rami\u0119 protestowa\u0142y\u015bmy na strajkach kobiecych i&nbsp;maszerowali\u015bmy, manifestuj\u0105c prawo do r\u00f3wno\u015bci <\/em>\u2013 m\u00f3wi. \u2013 <em>Ale z&nbsp;drugiej strony, bior\u0105c pod uwag\u0119 wcze\u015bniejsze sukcesy w\u0142a\u015bnie u&nbsp;nas agenta Tomka i&nbsp;innych \u201egwiazd\u201d, taki ruch przyniesie dodatkowe g\u0142osy<\/em> \u2013 dodaje. Sztabowcy PO z&nbsp;Warszawy nie uroni\u0105 \u0142ez, je\u015bli Giertychowi si\u0119 nie powiedzie. Jego zadanie ma by\u0107 inne, ma wyra\u017anie utrudni\u0107 start Jaros\u0142awowi Kaczy\u0144skiemu i&nbsp;pozbawi\u0107 go w&nbsp;\u015awi\u0119tokrzyskiem komfortu. Taka rola wydaje si\u0119 zdecydowanie \u0142atwiejsza.<\/p>\n\n\n\n<p>Na starcie Giertycha mo\u017ce wi\u0119c skorzysta\u0107 Lewica. Wielu tysi\u0105com uczestnik\u00f3w protest\u00f3w kobiecych w&nbsp;Kielcach zdecydowanie \u0142atwiej b\u0119dzie g\u0142osowa\u0107 teraz na jej kandydat\u00f3w, tym bardziej \u017ce listy Koalicji \u2013 bez Agaty Wojdy, by\u0142ej popularnej wiceprezydent, jednej z&nbsp;liderek licznych manifestacji, za to z&nbsp;Romanem Giertychem \u2013 przestan\u0105 by\u0107 dla tych \u015brodowisk atrakcyjne. Liczy na to lider Lewicy w&nbsp;Kielcach i&nbsp;jednocze\u015bnie zast\u0119pca prezydenta miasta Marcin Ch\u0142odnicki, kt\u00f3ry by\u0142 jedn\u0105 z&nbsp;twarzy udanego wprowadzenia samorz\u0105dowego dofinansowania do zap\u0142odnienia metod\u0105 in vitro. \u2013 <em>Od pos\u0142anek i&nbsp;pos\u0142\u00f3w oczekuje si\u0119 mo\u017cliwo\u015bci spotkania i&nbsp;dost\u0119pno\u015bci na miejscu. Prezes Kaczy\u0144ski jest osob\u0105 ca\u0142kowicie odizolowan\u0105 od spo\u0142ecze\u0144stwa, a&nbsp;Romana Giertycha w&nbsp;ostatnich latach w&nbsp;og\u00f3le nie ma w&nbsp;kraju. Je\u015bli do\u0142o\u017cymy jeszcze ich konserwatywne oblicze, to lewicowa lista mo\u017ce by\u0107 najbardziej atrakcyjna dla demokratycznej opozycji<\/em> \u2013 przekonuje. Cho\u0107 gwoli prawdy nie ma na niej zbyt wielu charyzmatycznych kobiet.<\/p>\n\n\n\n<p>Najwi\u0119cej publicznego zadowolenia wykazuj\u0105 jak dot\u0105d dzia\u0142acze PiS. Licz\u0105, \u017ce prezes partii przyci\u0105gnie rekordow\u0105 liczb\u0119 wyborc\u00f3w. Kiedy jednak nie ma w&nbsp;okolicy dziennikarzy z&nbsp;prorz\u0105dowych medi\u00f3w, w&nbsp;kt\u00f3rych przy ka\u017cdej okazji prezentuj\u0105 swoj\u0105 obecno\u015b\u0107, zaczynaj\u0105 nerwowo liczy\u0107 swoich zwolennik\u00f3w. Je\u015bli Jaros\u0142aw Kaczy\u0144ski zgarnie, jak si\u0119 ocenia, 170 tys. g\u0142os\u00f3w, to pozostali kandydaci, co prawda z&nbsp;wieloma szansami na mandat, b\u0119d\u0105 musieli si\u0119 zadowoli\u0107 znacz\u0105co mniejszym poparciem. A&nbsp;w sytuacji, gdy o&nbsp;zdobyciu mandatu mo\u017ce zdecydowa\u0107 mniej ni\u017c 2 tys. g\u0142os\u00f3w, szanse zyskuj\u0105 nawet ulokowani na dalekich miejscach lokalni dzia\u0142acze, nieposiadaj\u0105cy jeszcze parlamentarnego sta\u017cu. W&nbsp;sk\u0142\u00f3conym do granic mo\u017cliwo\u015bci \u015brodowisku, gdzie o&nbsp;politycznej hierarchii decydowa\u0142a cz\u0119stotliwo\u015b\u0107 pobytu i&nbsp;dost\u0119p do gabinetu prezesa na Nowogrodzkiej albo liczba wysy\u0142anych do niego list\u00f3w, nagle okaza\u0142o si\u0119, \u017ce \u017cadni po\u015brednicy nie b\u0119d\u0105 potrzebni. Przecie\u017c b\u0119dzie mo\u017cna zag\u0142osowa\u0107 osobi\u015bcie na prezesa.<\/p>\n\n\n\n<p>Kt\u00f3ra z&nbsp;tych kalkulacji zwyci\u0119\u017cy? Nawet w&nbsp;\u015awi\u0119tokrzyskiem zdarzaj\u0105 si\u0119 wyborcze niespodzianki. Jak na razie, na pocz\u0105tku wrze\u015bnia niebo nad Kielcami pogodne. Czasze spadochron\u00f3w prezentuj\u0105 si\u0119 okazale.<\/p>\n\n\n\n<p><a href=\"https:\/\/www.polityka.pl\/tygodnikpolityka\/kraj\/2227032,1,tajemnice-okregu-wyborczego-33-spadochroniarze-lubia-ten-teren.read\" target=\"_blank\" rel=\"noreferrer noopener\">Polityka 38.2023 (3431) z dnia 12.09.2023; Polityka; s. 18<\/a><\/p>\n\n\n\n<p>Oryginalny tytu\u0142 tekstu: &#8222;Okr\u0119g 33&#8221;.<\/p>\n\n\n\n<p class=\"has-text-align-right\"><strong><em>Tekst publikujemy za zgod\u0105 autora oraz redakcji &#8222;Polityki&#8221;<\/em><\/strong><\/p>\n\n\n\n<div class=\"wp-block-media-text is-stacked-on-mobile has-very-light-gray-to-cyan-bluish-gray-gradient-background has-background\" style=\"grid-template-columns:25% auto\"><figure class=\"wp-block-media-text__media\"><img data-recalc-dims=\"1\" loading=\"lazy\" decoding=\"async\" width=\"200\" height=\"200\" src=\"https:\/\/i0.wp.com\/notabene.world\/nb\/wp-content\/uploads\/2025\/08\/barzap.jpg?resize=200%2C200&#038;ssl=1\" alt=\"\" class=\"wp-image-17346 size-full\" srcset=\"https:\/\/i0.wp.com\/notabene.world\/nb\/wp-content\/uploads\/2025\/08\/barzap.jpg?w=200&amp;ssl=1 200w, https:\/\/i0.wp.com\/notabene.world\/nb\/wp-content\/uploads\/2025\/08\/barzap.jpg?resize=150%2C150&amp;ssl=1 150w\" sizes=\"auto, (max-width: 200px) 100vw, 200px\" \/><\/figure><div class=\"wp-block-media-text__content\">\n<p><\/p>\n\n\n\n<p><strong>Bart\u0142omiej Zapa\u0142a<\/strong><\/p>\n\n\n\n<p>Dr Bart\u0142omiej Zapa\u0142a jest absolwentem I LO im. Stefana \u017beromskiego w Kielcach (matura 1995). Dziennikarz przez wiele lat zwi\u0105zany z Polskim Radiem Kielce (2000-2018), dyrektor Akademickiej Szko\u0142y Podstawowej (2018-2024) i wyk\u0142adowca akademicki. Zast\u0119pca prezydenta Kielc (V 2024 &#8211; III 2025). Ekspert w sprawach Unii Europejskiej. Jedyny reprezentant wojew\u00f3dztwa \u015bwi\u0119tokrzyskiego w sieci Team Europe Direct. Za\u0142o\u017cyciel i prezes Fundacji Future for Europe. Laureat Europejskiej Nagrody Obywatelskiej przyznanej przez Parlament Europejski (2014).<\/p>\n\n\n\n<p><\/p>\n<\/div><\/div>\n","protected":false},"excerpt":{"rendered":"<p>15 wrze\u015bnia 2023<br \/>\n<br \/>\nSta\u0142o si\u0119 jasne, \u017ce pozostaj\u0105cy zazwyczaj na uboczu okr\u0119g wyborczy nr 33 b\u0119dzie jedn\u0105 z wa\u017cniejszych, je\u015bli nie najwa\u017cniejsz\u0105 aren\u0105 parlamentarnej kampanii.<br \/>\n<br \/>\nJak na region, kt\u00f3ry nawet nie ma prawdziwego lotniska, to wojew\u00f3dztwo zawsze by\u0142o ulubionym terenem spadochroniarzy. Rozk\u0142adali widowiskowo swoje czasze, a\u00a0po wyl\u0105dowaniu na d\u0142ugie miesi\u0105ce lub lata znikali, by zn\u00f3w pojawi\u0107 si\u0119 na publicznym widoku przed kolejnymi wyborami. Krzysztof Bosak, Tomasz Kaczmarek (znany lepiej jako agent Tomek), Beata Kempa, Anna Krupka (nazywana przez z\u0142o\u015bliwych makija\u017cystk\u0105 prezesa), Tomasz Na\u0142\u0119cz, Grzegorz Schetyna, Bart\u0142omiej Sienkiewicz, Pawe\u0142 Zalewski czy Zbigniew Ziobro \u2013 to osoby, kt\u00f3rych realne zwi\u0105zki z\u00a0regionem ogranicza\u0142y si\u0119 zwykle do zdobycia mandatu. To nie Jaros\u0142aw Kaczy\u0144ski wymy\u015bli\u0142, \u017ce \u015awi\u0119tokrzyskie warte jest wyborczej mszy.<br \/>\n<br \/>\nPierwszym politykiem, kt\u00f3ry skutecznie odwo\u0142a\u0142 si\u0119 do mieszkaj\u0105cego w\u00a0tej cz\u0119\u015bci Polski elektoratu i\u00a0uczyni\u0142 z\u00a0niego trampolin\u0119 do og\u00f3lnopolskiego zwyci\u0119stwa, by\u0142 Aleksander Kwa\u015bniewski. Okr\u0119g wyborczy 33 to nieoczekiwane dziecko reformy administracyjnej, przeprowadzonej pod koniec lat 90. przez rz\u0105d Akcji Wyborczej Solidarno\u015b\u0107 i\u00a0Unii Wolno\u015bci.<br \/>\n<br \/>\nPremier Jerzy Buzek, przygotowuj\u0105c za\u0142o\u017cenia podzia\u0142u Polski na samorz\u0105dowe wojew\u00f3dztwa, nie przewidywa\u0142 istnienia regionu ze stolic\u0105 w\u00a0Kielcach. \u015awi\u0119tokrzyskie mia\u0142o sta\u0107 si\u0119 cz\u0119\u015bci\u0105 Ma\u0142opolski. Dopiero silny protest spo\u0142eczny, wsparty wetem prezydenta Aleksandra Kwa\u015bniewskiego, zmusi\u0142 sejmow\u0105 wi\u0119kszo\u015b\u0107 do wykrojenia na mapie \u015awi\u0119tokrzyskiego. Nowy region pozbawiony zosta\u0142 co prawda okolic Miechowa, ale zyska\u0142 tereny wok\u00f3\u0142 Sandomierza i\u00a0Staszowa, przynale\u017c\u0105ce wcze\u015bniej do wojew\u00f3dztwa tarnobrzeskiego.<br \/>\n<br \/>\nNiedu\u017cy obszar i\u00a0relatywnie niskie zaludnienie z\u00a01,2 mln mieszka\u0144c\u00f3w, a\u00a0tak\u017ce brak poza Kielcami drugiego silnego o\u015brodka miejskiego sprawi\u0142y, \u017ce ca\u0142y teren wojew\u00f3dztwa zosta\u0142 jednocze\u015bnie okr\u0119giem wyborczym w\u00a0wyborach do Sejmu. Z\u00a016 mandatami do wzi\u0119cia jest dzi\u015b drugim najwi\u0119kszym okr\u0119giem w\u00a0kraju. Wi\u0119cej mandat\u00f3w poselskich mo\u017cna zdoby\u0107 jedynie w\u00a0Warszawie.<\/p>\n","protected":false},"author":42,"featured_media":17228,"comment_status":"closed","ping_status":"closed","sticky":false,"template":"","format":"standard","meta":{"colormag_page_container_layout":"no_sidebar_content_centered","colormag_page_sidebar_layout":"no_sidebar","_jetpack_memberships_contains_paid_content":false,"footnotes":"","_links_to":"","_links_to_target":""},"categories":[240,8],"tags":[],"class_list":["post-17223","post","type-post","status-publish","format-standard","has-post-thumbnail","hentry","category-notabene","category-polityka"],"yoast_head":"<!-- This site is optimized with the Yoast SEO plugin v27.4 - https:\/\/yoast.com\/product\/yoast-seo-wordpress\/ -->\n<title>KIELCE. Tajemnice okr\u0119gu 33 - NOTABENE.WORLD<\/title>\n<meta name=\"robots\" content=\"index, follow, max-snippet:-1, max-image-preview:large, max-video-preview:-1\" \/>\n<link rel=\"canonical\" href=\"https:\/\/notabene.world\/nb\/kielce-okreg-33\/\" \/>\n<meta property=\"og:locale\" content=\"pl_PL\" \/>\n<meta property=\"og:type\" content=\"article\" \/>\n<meta property=\"og:title\" content=\"KIELCE. Tajemnice okr\u0119gu 33 - NOTABENE.WORLD\" \/>\n<meta property=\"og:description\" content=\"15 wrze\u015bnia 2023 Sta\u0142o si\u0119 jasne, \u017ce pozostaj\u0105cy zazwyczaj na uboczu okr\u0119g wyborczy nr 33 b\u0119dzie jedn\u0105 z wa\u017cniejszych, je\u015bli nie najwa\u017cniejsz\u0105 aren\u0105 parlamentarnej kampanii. Jak na region, kt\u00f3ry nawet nie ma prawdziwego lotniska, to wojew\u00f3dztwo zawsze by\u0142o ulubionym terenem spadochroniarzy. Rozk\u0142adali widowiskowo swoje czasze, a\u00a0po wyl\u0105dowaniu na d\u0142ugie miesi\u0105ce lub lata znikali, by zn\u00f3w pojawi\u0107 si\u0119 na publicznym widoku przed kolejnymi wyborami. Krzysztof Bosak, Tomasz Kaczmarek (znany lepiej jako agent Tomek), Beata Kempa, Anna Krupka (nazywana przez z\u0142o\u015bliwych makija\u017cystk\u0105 prezesa), Tomasz Na\u0142\u0119cz, Grzegorz Schetyna, Bart\u0142omiej Sienkiewicz, Pawe\u0142 Zalewski czy Zbigniew Ziobro \u2013 to osoby, kt\u00f3rych realne zwi\u0105zki z\u00a0regionem ogranicza\u0142y si\u0119 zwykle do zdobycia mandatu. To nie Jaros\u0142aw Kaczy\u0144ski wymy\u015bli\u0142, \u017ce \u015awi\u0119tokrzyskie warte jest wyborczej mszy. Pierwszym politykiem, kt\u00f3ry skutecznie odwo\u0142a\u0142 si\u0119 do mieszkaj\u0105cego w\u00a0tej cz\u0119\u015bci Polski elektoratu i\u00a0uczyni\u0142 z\u00a0niego trampolin\u0119 do og\u00f3lnopolskiego zwyci\u0119stwa, by\u0142 Aleksander Kwa\u015bniewski. Okr\u0119g wyborczy 33 to nieoczekiwane dziecko reformy administracyjnej, przeprowadzonej pod koniec lat 90. przez rz\u0105d Akcji Wyborczej Solidarno\u015b\u0107 i\u00a0Unii Wolno\u015bci. Premier Jerzy Buzek, przygotowuj\u0105c za\u0142o\u017cenia podzia\u0142u Polski na samorz\u0105dowe wojew\u00f3dztwa, nie przewidywa\u0142 istnienia regionu ze stolic\u0105 w\u00a0Kielcach. \u015awi\u0119tokrzyskie mia\u0142o sta\u0107 si\u0119 cz\u0119\u015bci\u0105 Ma\u0142opolski. Dopiero silny protest spo\u0142eczny, wsparty wetem prezydenta Aleksandra Kwa\u015bniewskiego, zmusi\u0142 sejmow\u0105 wi\u0119kszo\u015b\u0107 do wykrojenia na mapie \u015awi\u0119tokrzyskiego. Nowy region pozbawiony zosta\u0142 co prawda okolic Miechowa, ale zyska\u0142 tereny wok\u00f3\u0142 Sandomierza i\u00a0Staszowa, przynale\u017c\u0105ce wcze\u015bniej do wojew\u00f3dztwa tarnobrzeskiego. Niedu\u017cy obszar i\u00a0relatywnie niskie zaludnienie z\u00a01,2 mln mieszka\u0144c\u00f3w, a\u00a0tak\u017ce brak poza Kielcami drugiego silnego o\u015brodka miejskiego sprawi\u0142y, \u017ce ca\u0142y teren wojew\u00f3dztwa zosta\u0142 jednocze\u015bnie okr\u0119giem wyborczym w\u00a0wyborach do Sejmu. Z\u00a016 mandatami do wzi\u0119cia jest dzi\u015b drugim najwi\u0119kszym okr\u0119giem w\u00a0kraju. Wi\u0119cej mandat\u00f3w poselskich mo\u017cna zdoby\u0107 jedynie w\u00a0Warszawie.\" \/>\n<meta property=\"og:url\" content=\"https:\/\/notabene.world\/nb\/kielce-okreg-33\/\" \/>\n<meta property=\"og:site_name\" content=\"NOTABENE.WORLD\" \/>\n<meta property=\"article:publisher\" content=\"https:\/\/www.facebook.com\/Notabene.World\" \/>\n<meta property=\"article:published_time\" content=\"2025-08-04T14:47:00+00:00\" \/>\n<meta property=\"article:modified_time\" content=\"2025-09-15T14:26:23+00:00\" \/>\n<meta property=\"og:image\" content=\"https:\/\/notabene.world\/nb\/wp-content\/uploads\/2025\/08\/okr33.jpg\" \/>\n\t<meta property=\"og:image:width\" content=\"800\" \/>\n\t<meta property=\"og:image:height\" content=\"445\" \/>\n\t<meta property=\"og:image:type\" content=\"image\/jpeg\" \/>\n<meta name=\"author\" content=\"Bart\u0142omiej Zapa\u0142a\" \/>\n<meta name=\"twitter:card\" content=\"summary_large_image\" \/>\n<meta name=\"twitter:label1\" content=\"Napisane przez\" \/>\n\t<meta name=\"twitter:data1\" content=\"Bart\u0142omiej Zapa\u0142a\" \/>\n\t<meta name=\"twitter:label2\" content=\"Szacowany czas czytania\" \/>\n\t<meta name=\"twitter:data2\" content=\"16 minut\" \/>\n<script type=\"application\/ld+json\" class=\"yoast-schema-graph\">{\"@context\":\"https:\\\/\\\/schema.org\",\"@graph\":[{\"@type\":\"Article\",\"@id\":\"https:\\\/\\\/notabene.world\\\/nb\\\/kielce-okreg-33\\\/#article\",\"isPartOf\":{\"@id\":\"https:\\\/\\\/notabene.world\\\/nb\\\/kielce-okreg-33\\\/\"},\"author\":{\"name\":\"Bart\u0142omiej Zapa\u0142a\",\"@id\":\"https:\\\/\\\/notabene.world\\\/nb\\\/#\\\/schema\\\/person\\\/b67b2a6a546336f3bd28b53ea8d8f379\"},\"headline\":\"KIELCE. Tajemnice okr\u0119gu 33\",\"datePublished\":\"2025-08-04T14:47:00+00:00\",\"dateModified\":\"2025-09-15T14:26:23+00:00\",\"mainEntityOfPage\":{\"@id\":\"https:\\\/\\\/notabene.world\\\/nb\\\/kielce-okreg-33\\\/\"},\"wordCount\":3261,\"publisher\":{\"@id\":\"https:\\\/\\\/notabene.world\\\/nb\\\/#organization\"},\"image\":{\"@id\":\"https:\\\/\\\/notabene.world\\\/nb\\\/kielce-okreg-33\\\/#primaryimage\"},\"thumbnailUrl\":\"https:\\\/\\\/i0.wp.com\\\/notabene.world\\\/nb\\\/wp-content\\\/uploads\\\/2025\\\/08\\\/okr33.jpg?fit=800%2C445&ssl=1\",\"articleSection\":[\"NOTABENE 1985-2025\",\"Polityka\"],\"inLanguage\":\"pl-PL\"},{\"@type\":\"WebPage\",\"@id\":\"https:\\\/\\\/notabene.world\\\/nb\\\/kielce-okreg-33\\\/\",\"url\":\"https:\\\/\\\/notabene.world\\\/nb\\\/kielce-okreg-33\\\/\",\"name\":\"KIELCE. Tajemnice okr\u0119gu 33 - NOTABENE.WORLD\",\"isPartOf\":{\"@id\":\"https:\\\/\\\/notabene.world\\\/nb\\\/#website\"},\"primaryImageOfPage\":{\"@id\":\"https:\\\/\\\/notabene.world\\\/nb\\\/kielce-okreg-33\\\/#primaryimage\"},\"image\":{\"@id\":\"https:\\\/\\\/notabene.world\\\/nb\\\/kielce-okreg-33\\\/#primaryimage\"},\"thumbnailUrl\":\"https:\\\/\\\/i0.wp.com\\\/notabene.world\\\/nb\\\/wp-content\\\/uploads\\\/2025\\\/08\\\/okr33.jpg?fit=800%2C445&ssl=1\",\"datePublished\":\"2025-08-04T14:47:00+00:00\",\"dateModified\":\"2025-09-15T14:26:23+00:00\",\"breadcrumb\":{\"@id\":\"https:\\\/\\\/notabene.world\\\/nb\\\/kielce-okreg-33\\\/#breadcrumb\"},\"inLanguage\":\"pl-PL\",\"potentialAction\":[{\"@type\":\"ReadAction\",\"target\":[\"https:\\\/\\\/notabene.world\\\/nb\\\/kielce-okreg-33\\\/\"]}]},{\"@type\":\"ImageObject\",\"inLanguage\":\"pl-PL\",\"@id\":\"https:\\\/\\\/notabene.world\\\/nb\\\/kielce-okreg-33\\\/#primaryimage\",\"url\":\"https:\\\/\\\/i0.wp.com\\\/notabene.world\\\/nb\\\/wp-content\\\/uploads\\\/2025\\\/08\\\/okr33.jpg?fit=800%2C445&ssl=1\",\"contentUrl\":\"https:\\\/\\\/i0.wp.com\\\/notabene.world\\\/nb\\\/wp-content\\\/uploads\\\/2025\\\/08\\\/okr33.jpg?fit=800%2C445&ssl=1\",\"width\":800,\"height\":445},{\"@type\":\"BreadcrumbList\",\"@id\":\"https:\\\/\\\/notabene.world\\\/nb\\\/kielce-okreg-33\\\/#breadcrumb\",\"itemListElement\":[{\"@type\":\"ListItem\",\"position\":1,\"name\":\"Home\",\"item\":\"https:\\\/\\\/notabene.world\\\/nb\\\/\"},{\"@type\":\"ListItem\",\"position\":2,\"name\":\"KIELCE. Tajemnice okr\u0119gu 33\"}]},{\"@type\":\"WebSite\",\"@id\":\"https:\\\/\\\/notabene.world\\\/nb\\\/#website\",\"url\":\"https:\\\/\\\/notabene.world\\\/nb\\\/\",\"name\":\"NOTABENE.WORLD\",\"description\":\"Przekaz. Warto\u015bci. Wsp\u00f3lnota.\",\"publisher\":{\"@id\":\"https:\\\/\\\/notabene.world\\\/nb\\\/#organization\"},\"potentialAction\":[{\"@type\":\"SearchAction\",\"target\":{\"@type\":\"EntryPoint\",\"urlTemplate\":\"https:\\\/\\\/notabene.world\\\/nb\\\/?s={search_term_string}\"},\"query-input\":{\"@type\":\"PropertyValueSpecification\",\"valueRequired\":true,\"valueName\":\"search_term_string\"}}],\"inLanguage\":\"pl-PL\"},{\"@type\":\"Organization\",\"@id\":\"https:\\\/\\\/notabene.world\\\/nb\\\/#organization\",\"name\":\"NOTABENE.WORLD\",\"url\":\"https:\\\/\\\/notabene.world\\\/nb\\\/\",\"logo\":{\"@type\":\"ImageObject\",\"inLanguage\":\"pl-PL\",\"@id\":\"https:\\\/\\\/notabene.world\\\/nb\\\/#\\\/schema\\\/logo\\\/image\\\/\",\"url\":\"https:\\\/\\\/notabene.world\\\/nb\\\/wp-content\\\/uploads\\\/2022\\\/01\\\/NB-club-start-www1.jpg\",\"contentUrl\":\"https:\\\/\\\/notabene.world\\\/nb\\\/wp-content\\\/uploads\\\/2022\\\/01\\\/NB-club-start-www1.jpg\",\"width\":1000,\"height\":839,\"caption\":\"NOTABENE.WORLD\"},\"image\":{\"@id\":\"https:\\\/\\\/notabene.world\\\/nb\\\/#\\\/schema\\\/logo\\\/image\\\/\"},\"sameAs\":[\"https:\\\/\\\/www.facebook.com\\\/Notabene.World\"]},{\"@type\":\"Person\",\"@id\":\"https:\\\/\\\/notabene.world\\\/nb\\\/#\\\/schema\\\/person\\\/b67b2a6a546336f3bd28b53ea8d8f379\",\"name\":\"Bart\u0142omiej Zapa\u0142a\",\"image\":{\"@type\":\"ImageObject\",\"inLanguage\":\"pl-PL\",\"@id\":\"https:\\\/\\\/secure.gravatar.com\\\/avatar\\\/2b2182c5cd7a193c467463c497c800613cdae934e9f85d68c93be5620f7b802c?s=96&d=mm&r=g\",\"url\":\"https:\\\/\\\/secure.gravatar.com\\\/avatar\\\/2b2182c5cd7a193c467463c497c800613cdae934e9f85d68c93be5620f7b802c?s=96&d=mm&r=g\",\"contentUrl\":\"https:\\\/\\\/secure.gravatar.com\\\/avatar\\\/2b2182c5cd7a193c467463c497c800613cdae934e9f85d68c93be5620f7b802c?s=96&d=mm&r=g\",\"caption\":\"Bart\u0142omiej Zapa\u0142a\"},\"url\":\"https:\\\/\\\/notabene.world\\\/nb\\\/author\\\/ba-za\\\/\"}]}<\/script>\n<!-- \/ Yoast SEO plugin. -->","yoast_head_json":{"title":"KIELCE. Tajemnice okr\u0119gu 33 - NOTABENE.WORLD","robots":{"index":"index","follow":"follow","max-snippet":"max-snippet:-1","max-image-preview":"max-image-preview:large","max-video-preview":"max-video-preview:-1"},"canonical":"https:\/\/notabene.world\/nb\/kielce-okreg-33\/","og_locale":"pl_PL","og_type":"article","og_title":"KIELCE. Tajemnice okr\u0119gu 33 - NOTABENE.WORLD","og_description":"15 wrze\u015bnia 2023 Sta\u0142o si\u0119 jasne, \u017ce pozostaj\u0105cy zazwyczaj na uboczu okr\u0119g wyborczy nr 33 b\u0119dzie jedn\u0105 z wa\u017cniejszych, je\u015bli nie najwa\u017cniejsz\u0105 aren\u0105 parlamentarnej kampanii. Jak na region, kt\u00f3ry nawet nie ma prawdziwego lotniska, to wojew\u00f3dztwo zawsze by\u0142o ulubionym terenem spadochroniarzy. Rozk\u0142adali widowiskowo swoje czasze, a\u00a0po wyl\u0105dowaniu na d\u0142ugie miesi\u0105ce lub lata znikali, by zn\u00f3w pojawi\u0107 si\u0119 na publicznym widoku przed kolejnymi wyborami. Krzysztof Bosak, Tomasz Kaczmarek (znany lepiej jako agent Tomek), Beata Kempa, Anna Krupka (nazywana przez z\u0142o\u015bliwych makija\u017cystk\u0105 prezesa), Tomasz Na\u0142\u0119cz, Grzegorz Schetyna, Bart\u0142omiej Sienkiewicz, Pawe\u0142 Zalewski czy Zbigniew Ziobro \u2013 to osoby, kt\u00f3rych realne zwi\u0105zki z\u00a0regionem ogranicza\u0142y si\u0119 zwykle do zdobycia mandatu. To nie Jaros\u0142aw Kaczy\u0144ski wymy\u015bli\u0142, \u017ce \u015awi\u0119tokrzyskie warte jest wyborczej mszy. Pierwszym politykiem, kt\u00f3ry skutecznie odwo\u0142a\u0142 si\u0119 do mieszkaj\u0105cego w\u00a0tej cz\u0119\u015bci Polski elektoratu i\u00a0uczyni\u0142 z\u00a0niego trampolin\u0119 do og\u00f3lnopolskiego zwyci\u0119stwa, by\u0142 Aleksander Kwa\u015bniewski. Okr\u0119g wyborczy 33 to nieoczekiwane dziecko reformy administracyjnej, przeprowadzonej pod koniec lat 90. przez rz\u0105d Akcji Wyborczej Solidarno\u015b\u0107 i\u00a0Unii Wolno\u015bci. Premier Jerzy Buzek, przygotowuj\u0105c za\u0142o\u017cenia podzia\u0142u Polski na samorz\u0105dowe wojew\u00f3dztwa, nie przewidywa\u0142 istnienia regionu ze stolic\u0105 w\u00a0Kielcach. \u015awi\u0119tokrzyskie mia\u0142o sta\u0107 si\u0119 cz\u0119\u015bci\u0105 Ma\u0142opolski. Dopiero silny protest spo\u0142eczny, wsparty wetem prezydenta Aleksandra Kwa\u015bniewskiego, zmusi\u0142 sejmow\u0105 wi\u0119kszo\u015b\u0107 do wykrojenia na mapie \u015awi\u0119tokrzyskiego. Nowy region pozbawiony zosta\u0142 co prawda okolic Miechowa, ale zyska\u0142 tereny wok\u00f3\u0142 Sandomierza i\u00a0Staszowa, przynale\u017c\u0105ce wcze\u015bniej do wojew\u00f3dztwa tarnobrzeskiego. Niedu\u017cy obszar i\u00a0relatywnie niskie zaludnienie z\u00a01,2 mln mieszka\u0144c\u00f3w, a\u00a0tak\u017ce brak poza Kielcami drugiego silnego o\u015brodka miejskiego sprawi\u0142y, \u017ce ca\u0142y teren wojew\u00f3dztwa zosta\u0142 jednocze\u015bnie okr\u0119giem wyborczym w\u00a0wyborach do Sejmu. Z\u00a016 mandatami do wzi\u0119cia jest dzi\u015b drugim najwi\u0119kszym okr\u0119giem w\u00a0kraju. Wi\u0119cej mandat\u00f3w poselskich mo\u017cna zdoby\u0107 jedynie w\u00a0Warszawie.","og_url":"https:\/\/notabene.world\/nb\/kielce-okreg-33\/","og_site_name":"NOTABENE.WORLD","article_publisher":"https:\/\/www.facebook.com\/Notabene.World","article_published_time":"2025-08-04T14:47:00+00:00","article_modified_time":"2025-09-15T14:26:23+00:00","og_image":[{"width":800,"height":445,"url":"https:\/\/notabene.world\/nb\/wp-content\/uploads\/2025\/08\/okr33.jpg","type":"image\/jpeg"}],"author":"Bart\u0142omiej Zapa\u0142a","twitter_card":"summary_large_image","twitter_misc":{"Napisane przez":"Bart\u0142omiej Zapa\u0142a","Szacowany czas czytania":"16 minut"},"schema":{"@context":"https:\/\/schema.org","@graph":[{"@type":"Article","@id":"https:\/\/notabene.world\/nb\/kielce-okreg-33\/#article","isPartOf":{"@id":"https:\/\/notabene.world\/nb\/kielce-okreg-33\/"},"author":{"name":"Bart\u0142omiej Zapa\u0142a","@id":"https:\/\/notabene.world\/nb\/#\/schema\/person\/b67b2a6a546336f3bd28b53ea8d8f379"},"headline":"KIELCE. Tajemnice okr\u0119gu 33","datePublished":"2025-08-04T14:47:00+00:00","dateModified":"2025-09-15T14:26:23+00:00","mainEntityOfPage":{"@id":"https:\/\/notabene.world\/nb\/kielce-okreg-33\/"},"wordCount":3261,"publisher":{"@id":"https:\/\/notabene.world\/nb\/#organization"},"image":{"@id":"https:\/\/notabene.world\/nb\/kielce-okreg-33\/#primaryimage"},"thumbnailUrl":"https:\/\/i0.wp.com\/notabene.world\/nb\/wp-content\/uploads\/2025\/08\/okr33.jpg?fit=800%2C445&ssl=1","articleSection":["NOTABENE 1985-2025","Polityka"],"inLanguage":"pl-PL"},{"@type":"WebPage","@id":"https:\/\/notabene.world\/nb\/kielce-okreg-33\/","url":"https:\/\/notabene.world\/nb\/kielce-okreg-33\/","name":"KIELCE. Tajemnice okr\u0119gu 33 - NOTABENE.WORLD","isPartOf":{"@id":"https:\/\/notabene.world\/nb\/#website"},"primaryImageOfPage":{"@id":"https:\/\/notabene.world\/nb\/kielce-okreg-33\/#primaryimage"},"image":{"@id":"https:\/\/notabene.world\/nb\/kielce-okreg-33\/#primaryimage"},"thumbnailUrl":"https:\/\/i0.wp.com\/notabene.world\/nb\/wp-content\/uploads\/2025\/08\/okr33.jpg?fit=800%2C445&ssl=1","datePublished":"2025-08-04T14:47:00+00:00","dateModified":"2025-09-15T14:26:23+00:00","breadcrumb":{"@id":"https:\/\/notabene.world\/nb\/kielce-okreg-33\/#breadcrumb"},"inLanguage":"pl-PL","potentialAction":[{"@type":"ReadAction","target":["https:\/\/notabene.world\/nb\/kielce-okreg-33\/"]}]},{"@type":"ImageObject","inLanguage":"pl-PL","@id":"https:\/\/notabene.world\/nb\/kielce-okreg-33\/#primaryimage","url":"https:\/\/i0.wp.com\/notabene.world\/nb\/wp-content\/uploads\/2025\/08\/okr33.jpg?fit=800%2C445&ssl=1","contentUrl":"https:\/\/i0.wp.com\/notabene.world\/nb\/wp-content\/uploads\/2025\/08\/okr33.jpg?fit=800%2C445&ssl=1","width":800,"height":445},{"@type":"BreadcrumbList","@id":"https:\/\/notabene.world\/nb\/kielce-okreg-33\/#breadcrumb","itemListElement":[{"@type":"ListItem","position":1,"name":"Home","item":"https:\/\/notabene.world\/nb\/"},{"@type":"ListItem","position":2,"name":"KIELCE. Tajemnice okr\u0119gu 33"}]},{"@type":"WebSite","@id":"https:\/\/notabene.world\/nb\/#website","url":"https:\/\/notabene.world\/nb\/","name":"NOTABENE.WORLD","description":"Przekaz. Warto\u015bci. Wsp\u00f3lnota.","publisher":{"@id":"https:\/\/notabene.world\/nb\/#organization"},"potentialAction":[{"@type":"SearchAction","target":{"@type":"EntryPoint","urlTemplate":"https:\/\/notabene.world\/nb\/?s={search_term_string}"},"query-input":{"@type":"PropertyValueSpecification","valueRequired":true,"valueName":"search_term_string"}}],"inLanguage":"pl-PL"},{"@type":"Organization","@id":"https:\/\/notabene.world\/nb\/#organization","name":"NOTABENE.WORLD","url":"https:\/\/notabene.world\/nb\/","logo":{"@type":"ImageObject","inLanguage":"pl-PL","@id":"https:\/\/notabene.world\/nb\/#\/schema\/logo\/image\/","url":"https:\/\/notabene.world\/nb\/wp-content\/uploads\/2022\/01\/NB-club-start-www1.jpg","contentUrl":"https:\/\/notabene.world\/nb\/wp-content\/uploads\/2022\/01\/NB-club-start-www1.jpg","width":1000,"height":839,"caption":"NOTABENE.WORLD"},"image":{"@id":"https:\/\/notabene.world\/nb\/#\/schema\/logo\/image\/"},"sameAs":["https:\/\/www.facebook.com\/Notabene.World"]},{"@type":"Person","@id":"https:\/\/notabene.world\/nb\/#\/schema\/person\/b67b2a6a546336f3bd28b53ea8d8f379","name":"Bart\u0142omiej Zapa\u0142a","image":{"@type":"ImageObject","inLanguage":"pl-PL","@id":"https:\/\/secure.gravatar.com\/avatar\/2b2182c5cd7a193c467463c497c800613cdae934e9f85d68c93be5620f7b802c?s=96&d=mm&r=g","url":"https:\/\/secure.gravatar.com\/avatar\/2b2182c5cd7a193c467463c497c800613cdae934e9f85d68c93be5620f7b802c?s=96&d=mm&r=g","contentUrl":"https:\/\/secure.gravatar.com\/avatar\/2b2182c5cd7a193c467463c497c800613cdae934e9f85d68c93be5620f7b802c?s=96&d=mm&r=g","caption":"Bart\u0142omiej Zapa\u0142a"},"url":"https:\/\/notabene.world\/nb\/author\/ba-za\/"}]}},"jetpack_featured_media_url":"https:\/\/i0.wp.com\/notabene.world\/nb\/wp-content\/uploads\/2025\/08\/okr33.jpg?fit=800%2C445&ssl=1","jetpack_sharing_enabled":true,"jetpack_shortlink":"https:\/\/wp.me\/pdCobN-4tN","_links":{"self":[{"href":"https:\/\/notabene.world\/nb\/wp-json\/wp\/v2\/posts\/17223","targetHints":{"allow":["GET"]}}],"collection":[{"href":"https:\/\/notabene.world\/nb\/wp-json\/wp\/v2\/posts"}],"about":[{"href":"https:\/\/notabene.world\/nb\/wp-json\/wp\/v2\/types\/post"}],"author":[{"embeddable":true,"href":"https:\/\/notabene.world\/nb\/wp-json\/wp\/v2\/users\/42"}],"replies":[{"embeddable":true,"href":"https:\/\/notabene.world\/nb\/wp-json\/wp\/v2\/comments?post=17223"}],"version-history":[{"count":5,"href":"https:\/\/notabene.world\/nb\/wp-json\/wp\/v2\/posts\/17223\/revisions"}],"predecessor-version":[{"id":17367,"href":"https:\/\/notabene.world\/nb\/wp-json\/wp\/v2\/posts\/17223\/revisions\/17367"}],"wp:featuredmedia":[{"embeddable":true,"href":"https:\/\/notabene.world\/nb\/wp-json\/wp\/v2\/media\/17228"}],"wp:attachment":[{"href":"https:\/\/notabene.world\/nb\/wp-json\/wp\/v2\/media?parent=17223"}],"wp:term":[{"taxonomy":"category","embeddable":true,"href":"https:\/\/notabene.world\/nb\/wp-json\/wp\/v2\/categories?post=17223"},{"taxonomy":"post_tag","embeddable":true,"href":"https:\/\/notabene.world\/nb\/wp-json\/wp\/v2\/tags?post=17223"}],"curies":[{"name":"wp","href":"https:\/\/api.w.org\/{rel}","templated":true}]}}