{"id":17291,"date":"2025-09-02T18:58:50","date_gmt":"2025-09-02T18:58:50","guid":{"rendered":"https:\/\/notabene.world\/nb\/?p=17291"},"modified":"2025-09-15T14:21:28","modified_gmt":"2025-09-15T14:21:28","slug":"ogrod-i-biblioteka","status":"publish","type":"post","link":"https:\/\/notabene.world\/nb\/ogrod-i-biblioteka\/","title":{"rendered":"Ogr\u00f3d i biblioteka"},"content":{"rendered":"\n<p><strong>Ogr\u00f3d, biblioteka i sztuczna inteligencja, czyli raj do\u015b\u0107 realny<\/strong><\/p>\n\n\n\n<p>Po ponad czterdziestu latach od pierwszych spotka\u0144 w murach liceum imienia Stefana \u017beromskiego zn\u00f3w zbieramy si\u0119 \u2013 bezpowrotnie nie jako uczniowie; jako \u015bwiadkowie czasu. W Towarzystwie Entuzjast\u00f3w Kultury Antycznej \u0142\u0105czy nas nie tylko wspomnienie deklinacji i koniugacji, lecz tak\u017ce przekonanie, \u017ce w my\u015bli staro\u017cytnej Grecji i Rzymu ukryte s\u0105 odpowiedzi na pytania, kt\u00f3re z wiekiem nie gasn\u0105, lecz dojrzewaj\u0105.<\/p>\n\n\n\n<p>Kiedy\u015b redagowali\u015bmy razem szkolne pismo. NOTABENE \u2013 wyra\u017cenie skromne, ale pojemne \u2013 dzi\u015b brzmi jak znak epoki, kt\u00f3rej ju\u017c nie ma. A jednak jeste\u015bmy. NOTABENE przetrwa\u0142o w nas.<\/p>\n\n\n\n<p>Dzi\u015b, z perspektywy czasu, m\u00f3wimy: mieli\u015bmy szcz\u0119\u015bcie. Owszem, \u015bwiat bywa trudny. Ale w tym w\u0142a\u015bnie \u015bwiecie, w kt\u00f3rym ro\u015bliny fotosyntetyzuj\u0105 jak zawsze, a biblioteki mieszcz\u0105 si\u0119 w kieszeni, spe\u0142nia si\u0119 idea\u0142 \u017cycia, jaki Cyceron wskaza\u0142 dwa tysi\u0105ce lat temu:<\/p>\n\n\n\n<p><em>Si hortum in bibliotheca habes, nihil deerit.<\/em><br>\u201eJe\u015bli masz ogr\u00f3d i bibliotek\u0119, niczego ci nie zabraknie.\u201d<\/p>\n\n\n\n<p>Ogr\u00f3d nietrudno dzi\u015b znale\u017a\u0107 \u2013 mo\u017cna si\u0119 zanurzy\u0107 w rodzinnym, miejskim, botanicznym. Ale biblioteka? Ta przysz\u0142a do nas sama. W ka\u017cdej chwili mo\u017cemy si\u0119gn\u0105\u0107 po dowolne dzie\u0142o, j\u0119zyk, ide\u0119, obraz czy kod genetyczny. Kiedy\u015b uczyli\u015bmy si\u0119, jak powiedzie\u0107 po \u0142acinie \u201eczas p\u0142ynie\u201d. Teraz czas p\u0142ynie przez nas.<\/p>\n\n\n\n<p>I oto, niepostrze\u017cenie, narz\u0119dzia sztucznej inteligencji pozwalaj\u0105 nam \u2013 z pozoru bez wysi\u0142ku \u2013 zbli\u017cy\u0107 si\u0119 do tego, co dawniej by\u0142o przywilejem nielicznych: my\u015blenia bez granic, wej\u015bcia w nieograniczony ci\u0105g zadawania trudnych pyta\u0144, bez tabu, szukania &#8211;swojej i uniwersalnej &#8212; form m\u0105dro\u015bci. Ale stream pyta\u0144 i odpowiedzi nie przek\u0142ada si\u0119 automatycznie na m\u0105dro\u015b\u0107.<\/p>\n\n\n\n<p><em>Non scholae, sed vitae discimus.<\/em><br>(Nie dla szko\u0142y, lecz dla \u017cycia si\u0119 uczymy.)<\/p>\n\n\n\n<p>\u017bycie wymaga, by\u015bmy nie pytali jeno, ale i dzia\u0142ali. Jak pisa\u0142 Seneka:<\/p>\n\n\n\n<p><em>Vivere militare est.<\/em><br>(\u017by\u0107 \u2013 to walczy\u0107.)<\/p>\n\n\n\n<p>I jak doda\u0142 Marek Aureliusz:<\/p>\n\n\n\n<p><em>Quod optimum est, semper difficile est.<\/em><br>(To, co najlepsze, zawsze jest trudne.)<\/p>\n\n\n\n<p>Dlatego, mimo \u017ce mamy biblioteki w kieszeni i ogrody pod r\u0119k\u0105, nie przestajemy my\u015ble\u0107. Bo umys\u0142, kt\u00f3ry przestaje szuka\u0107, nie odpoczywa \u2013 szybko rdzewieje.<\/p>\n\n\n\n<p>Niech wi\u0119c nasze 40-lecie b\u0119dzie nie tylko spotkaniem, lecz nowym pocz\u0105tkiem \u2013 tak jak to oto wydanie <em>NotaBene<\/em>, kt\u00f3re ju\u017c (prawie\u2026) nie potrzebuje papieru. Za dziesi\u0119\u0107 lat, na 50-lecie, niech b\u0119dzie nas wi\u0119cej \u2013 nie liczebnie, ale duchowo. Bogatsi o lektury, przyja\u017anie i \u2013 oby \u2013 dzieci lub uczni\u00f3w, kt\u00f3rym co\u015b z tego \u015bwiata przeka\u017cemy.<\/p>\n\n\n\n<p>A na 100-lecie\u2026 <em>si fata sinant<\/em>\u2026 c\u00f3\u017c, mo\u017ce kto\u015b o nas wspomni. Mo\u017ce w sztucznej rzeczywisto\u015bci, mo\u017ce w realnym \u015bwiecie przysz\u0142o\u015bci. Mo\u017ce nie zostanie po nas nic. Ale je\u015bli pozostanie cho\u0107by echo my\u015bli, nie b\u0119dzie to czas stracony.<\/p>\n\n\n\n<p><em>Memoria bene redditae vitae sempiterna est.<\/em><br>(Pami\u0119\u0107 dobrze prze\u017cytego \u017cycia jest wieczna.)<br>\u2014 Cyceron<\/p>\n\n\n\n<p><em>Non nobis solum nati sumus ortusque nostri partem patria vindicat, partem amici.<\/em><br>(Nie dla siebie samych si\u0119 urodzili\u015bmy \u2013 cz\u0119\u015b\u0107 naszej istoty nale\u017cy do ojczyzny, cz\u0119\u015b\u0107 do przyjaci\u00f3\u0142.)<br>\u2014 Cyceron<\/p>\n\n\n\n<p><em>Gloria virtutem tanquam umbra sequitur.<\/em><br>(Chwa\u0142a pod\u0105\u017ca za cnot\u0105 niczym cie\u0144.)<br>\u2014 Cyceron<\/p>\n\n\n\n<p><em>Pulvis et umbra sumus.<\/em><br>(Jeste\u015bmy tylko prochem i cieniem.)<br>\u2014 Horacy<\/p>\n\n\n\n<p>Lecz nawet cie\u0144, je\u015bli pada pod odpowiednim k\u0105tem, potrafi wskaza\u0107 drog\u0119.<\/p>\n\n\n\n<p><strong>NOTABENE: trwaj, \u015bwiecie. My jeszcze my\u015blimy.<\/strong><\/p>\n","protected":false},"excerpt":{"rendered":"<p>Po ponad czterdziestu latach od pierwszych spotka\u0144 w murach liceum imienia Stefana \u017beromskiego zn\u00f3w zbieramy si\u0119 \u2013 bezpowrotnie nie jako uczniowie; jako \u015bwiadkowie czasu. W Towarzystwie Entuzjast\u00f3w Kultury Antycznej \u0142\u0105czy nas nie tylko wspomnienie deklinacji i koniugacji, lecz tak\u017ce przekonanie, \u017ce w my\u015bli staro\u017cytnej Grecji i Rzymu ukryte s\u0105 odpowiedzi na pytania, kt\u00f3re z wiekiem nie gasn\u0105, lecz dojrzewaj\u0105.<br \/>\n<br \/>\nKiedy\u015b redagowali\u015bmy razem szkolne pismo. NOTABENE \u2013 wyra\u017cenie skromne, ale pojemne \u2013 dzi\u015b brzmi jak znak epoki, kt\u00f3rej ju\u017c nie ma. A jednak jeste\u015bmy. NOTABENE przetrwa\u0142a w nas.<br \/>\n<br \/>\nDzi\u015b, z perspektywy czasu, m\u00f3wimy: mieli\u015bmy szcz\u0119\u015bcie. Owszem, \u015bwiat bywa trudny. Ale w tym w\u0142a\u015bnie \u015bwiecie, w kt\u00f3rym ro\u015bliny fotosyntetyzuj\u0105 jak zawsze, a biblioteki mieszcz\u0105 si\u0119 w kieszeni, spe\u0142nia si\u0119 idea\u0142 \u017cycia, jaki Cyceron wskaza\u0142 dwa tysi\u0105ce lat temu:<br \/>\n<br \/>\nSi hortum in bibliotheca habes, nihil deerit.<br \/>\n\u201eJe\u015bli masz ogr\u00f3d i bibliotek\u0119, niczego ci nie zabraknie.\u201d<br \/>\n<br \/>\nOgr\u00f3d nietrudno dzi\u015b znale\u017a\u0107 \u2013 mo\u017cna si\u0119 zanurzy\u0107 w rodzinnym, miejskim, botanicznym. Ale biblioteka? Ta przysz\u0142a do nas sama. W ka\u017cdej chwili mo\u017cemy si\u0119gn\u0105\u0107 po dowolne dzie\u0142o, j\u0119zyk, ide\u0119, obraz czy kod genetyczny. Kiedy\u015b uczyli\u015bmy si\u0119, jak powiedzie\u0107 po \u0142acinie \u201eczas p\u0142ynie\u201d. Teraz czas p\u0142ynie przez nas.<br \/>\n<br \/>\nI oto, niepostrze\u017cenie, narz\u0119dzia sztucznej inteligencji pozwalaj\u0105 nam \u2013 z pozoru bez wysi\u0142ku \u2013 zbli\u017cy\u0107 si\u0119 do tego, co dawniej by\u0142o przywilejem nielicznych: my\u015blenia bez granic, wej\u015bcia w nieograniczony ci\u0105g zadawania trudnych pyta\u0144, bez tabu, szukania &#8211;swojej i uniwersalnej &#8212; form m\u0105dro\u015bci. Ale stream pyta\u0144 i odpowiedzi nie przek\u0142ada si\u0119 automatycznie na m\u0105dro\u015b\u0107.<br \/>\n<br \/>\nNon scholae, sed vitae discimus.<br \/>\n(Nie dla szko\u0142y, lecz dla \u017cycia si\u0119 uczymy.)<br \/>\n<br \/>\n\u017bycie wymaga, by\u015bmy nie pytali jeno, ale i dzia\u0142ali.<\/p>\n","protected":false},"author":14,"featured_media":17292,"comment_status":"closed","ping_status":"closed","sticky":false,"template":"","format":"standard","meta":{"colormag_page_container_layout":"no_sidebar_content_centered","colormag_page_sidebar_layout":"no_sidebar","_jetpack_memberships_contains_paid_content":false,"footnotes":"","_links_to":"","_links_to_target":""},"categories":[64,240],"tags":[],"class_list":["post-17291","post","type-post","status-publish","format-standard","has-post-thumbnail","hentry","category-aktualnosci","category-notabene"],"yoast_head":"<!-- This site is optimized with the Yoast SEO plugin v27.4 - https:\/\/yoast.com\/product\/yoast-seo-wordpress\/ -->\n<title>Ogr\u00f3d i biblioteka - NOTABENE.WORLD<\/title>\n<meta name=\"robots\" content=\"index, follow, max-snippet:-1, max-image-preview:large, max-video-preview:-1\" \/>\n<link rel=\"canonical\" href=\"https:\/\/notabene.world\/nb\/ogrod-i-biblioteka\/\" \/>\n<meta property=\"og:locale\" content=\"pl_PL\" \/>\n<meta property=\"og:type\" content=\"article\" \/>\n<meta property=\"og:title\" content=\"Ogr\u00f3d i biblioteka - NOTABENE.WORLD\" \/>\n<meta property=\"og:description\" content=\"Po ponad czterdziestu latach od pierwszych spotka\u0144 w murach liceum imienia Stefana \u017beromskiego zn\u00f3w zbieramy si\u0119 \u2013 bezpowrotnie nie jako uczniowie; jako \u015bwiadkowie czasu. W Towarzystwie Entuzjast\u00f3w Kultury Antycznej \u0142\u0105czy nas nie tylko wspomnienie deklinacji i koniugacji, lecz tak\u017ce przekonanie, \u017ce w my\u015bli staro\u017cytnej Grecji i Rzymu ukryte s\u0105 odpowiedzi na pytania, kt\u00f3re z wiekiem nie gasn\u0105, lecz dojrzewaj\u0105. Kiedy\u015b redagowali\u015bmy razem szkolne pismo. NOTABENE \u2013 wyra\u017cenie skromne, ale pojemne \u2013 dzi\u015b brzmi jak znak epoki, kt\u00f3rej ju\u017c nie ma. A jednak jeste\u015bmy. NOTABENE przetrwa\u0142a w nas. Dzi\u015b, z perspektywy czasu, m\u00f3wimy: mieli\u015bmy szcz\u0119\u015bcie. Owszem, \u015bwiat bywa trudny. Ale w tym w\u0142a\u015bnie \u015bwiecie, w kt\u00f3rym ro\u015bliny fotosyntetyzuj\u0105 jak zawsze, a biblioteki mieszcz\u0105 si\u0119 w kieszeni, spe\u0142nia si\u0119 idea\u0142 \u017cycia, jaki Cyceron wskaza\u0142 dwa tysi\u0105ce lat temu: Si hortum in bibliotheca habes, nihil deerit. \u201eJe\u015bli masz ogr\u00f3d i bibliotek\u0119, niczego ci nie zabraknie.\u201d Ogr\u00f3d nietrudno dzi\u015b znale\u017a\u0107 \u2013 mo\u017cna si\u0119 zanurzy\u0107 w rodzinnym, miejskim, botanicznym. Ale biblioteka? Ta przysz\u0142a do nas sama. W ka\u017cdej chwili mo\u017cemy si\u0119gn\u0105\u0107 po dowolne dzie\u0142o, j\u0119zyk, ide\u0119, obraz czy kod genetyczny. Kiedy\u015b uczyli\u015bmy si\u0119, jak powiedzie\u0107 po \u0142acinie \u201eczas p\u0142ynie\u201d. Teraz czas p\u0142ynie przez nas. I oto, niepostrze\u017cenie, narz\u0119dzia sztucznej inteligencji pozwalaj\u0105 nam \u2013 z pozoru bez wysi\u0142ku \u2013 zbli\u017cy\u0107 si\u0119 do tego, co dawniej by\u0142o przywilejem nielicznych: my\u015blenia bez granic, wej\u015bcia w nieograniczony ci\u0105g zadawania trudnych pyta\u0144, bez tabu, szukania --swojej i uniwersalnej -- form m\u0105dro\u015bci. Ale stream pyta\u0144 i odpowiedzi nie przek\u0142ada si\u0119 automatycznie na m\u0105dro\u015b\u0107. Non scholae, sed vitae discimus. (Nie dla szko\u0142y, lecz dla \u017cycia si\u0119 uczymy.) \u017bycie wymaga, by\u015bmy nie pytali jeno, ale i dzia\u0142ali.\" \/>\n<meta property=\"og:url\" content=\"https:\/\/notabene.world\/nb\/ogrod-i-biblioteka\/\" \/>\n<meta property=\"og:site_name\" content=\"NOTABENE.WORLD\" \/>\n<meta property=\"article:publisher\" content=\"https:\/\/www.facebook.com\/Notabene.World\" \/>\n<meta property=\"article:published_time\" content=\"2025-09-02T18:58:50+00:00\" \/>\n<meta property=\"article:modified_time\" content=\"2025-09-15T14:21:28+00:00\" \/>\n<meta property=\"og:image\" content=\"https:\/\/notabene.world\/nb\/wp-content\/uploads\/2025\/08\/hrgn.jpg\" \/>\n\t<meta property=\"og:image:width\" content=\"800\" \/>\n\t<meta property=\"og:image:height\" content=\"445\" \/>\n\t<meta property=\"og:image:type\" content=\"image\/jpeg\" \/>\n<meta name=\"author\" content=\"HoraCyk &amp; HoraCyk\" \/>\n<meta name=\"twitter:card\" content=\"summary_large_image\" \/>\n<meta name=\"twitter:label1\" content=\"Napisane przez\" \/>\n\t<meta name=\"twitter:data1\" content=\"HoraCyk &amp; HoraCyk\" \/>\n\t<meta name=\"twitter:label2\" content=\"Szacowany czas czytania\" \/>\n\t<meta name=\"twitter:data2\" content=\"3 minuty\" \/>\n<script type=\"application\/ld+json\" class=\"yoast-schema-graph\">{\"@context\":\"https:\\\/\\\/schema.org\",\"@graph\":[{\"@type\":\"Article\",\"@id\":\"https:\\\/\\\/notabene.world\\\/nb\\\/ogrod-i-biblioteka\\\/#article\",\"isPartOf\":{\"@id\":\"https:\\\/\\\/notabene.world\\\/nb\\\/ogrod-i-biblioteka\\\/\"},\"author\":{\"name\":\"HoraCyk &amp; HoraCyk\",\"@id\":\"https:\\\/\\\/notabene.world\\\/nb\\\/#\\\/schema\\\/person\\\/db81d96b2e97dc3d4a74bb45c778aa53\"},\"headline\":\"Ogr\u00f3d i biblioteka\",\"datePublished\":\"2025-09-02T18:58:50+00:00\",\"dateModified\":\"2025-09-15T14:21:28+00:00\",\"mainEntityOfPage\":{\"@id\":\"https:\\\/\\\/notabene.world\\\/nb\\\/ogrod-i-biblioteka\\\/\"},\"wordCount\":571,\"publisher\":{\"@id\":\"https:\\\/\\\/notabene.world\\\/nb\\\/#organization\"},\"image\":{\"@id\":\"https:\\\/\\\/notabene.world\\\/nb\\\/ogrod-i-biblioteka\\\/#primaryimage\"},\"thumbnailUrl\":\"https:\\\/\\\/i0.wp.com\\\/notabene.world\\\/nb\\\/wp-content\\\/uploads\\\/2025\\\/08\\\/hrgn.jpg?fit=800%2C445&ssl=1\",\"articleSection\":[\"Aktualno\u015bci\",\"NOTABENE 1985-2025\"],\"inLanguage\":\"pl-PL\"},{\"@type\":\"WebPage\",\"@id\":\"https:\\\/\\\/notabene.world\\\/nb\\\/ogrod-i-biblioteka\\\/\",\"url\":\"https:\\\/\\\/notabene.world\\\/nb\\\/ogrod-i-biblioteka\\\/\",\"name\":\"Ogr\u00f3d i biblioteka - NOTABENE.WORLD\",\"isPartOf\":{\"@id\":\"https:\\\/\\\/notabene.world\\\/nb\\\/#website\"},\"primaryImageOfPage\":{\"@id\":\"https:\\\/\\\/notabene.world\\\/nb\\\/ogrod-i-biblioteka\\\/#primaryimage\"},\"image\":{\"@id\":\"https:\\\/\\\/notabene.world\\\/nb\\\/ogrod-i-biblioteka\\\/#primaryimage\"},\"thumbnailUrl\":\"https:\\\/\\\/i0.wp.com\\\/notabene.world\\\/nb\\\/wp-content\\\/uploads\\\/2025\\\/08\\\/hrgn.jpg?fit=800%2C445&ssl=1\",\"datePublished\":\"2025-09-02T18:58:50+00:00\",\"dateModified\":\"2025-09-15T14:21:28+00:00\",\"breadcrumb\":{\"@id\":\"https:\\\/\\\/notabene.world\\\/nb\\\/ogrod-i-biblioteka\\\/#breadcrumb\"},\"inLanguage\":\"pl-PL\",\"potentialAction\":[{\"@type\":\"ReadAction\",\"target\":[\"https:\\\/\\\/notabene.world\\\/nb\\\/ogrod-i-biblioteka\\\/\"]}]},{\"@type\":\"ImageObject\",\"inLanguage\":\"pl-PL\",\"@id\":\"https:\\\/\\\/notabene.world\\\/nb\\\/ogrod-i-biblioteka\\\/#primaryimage\",\"url\":\"https:\\\/\\\/i0.wp.com\\\/notabene.world\\\/nb\\\/wp-content\\\/uploads\\\/2025\\\/08\\\/hrgn.jpg?fit=800%2C445&ssl=1\",\"contentUrl\":\"https:\\\/\\\/i0.wp.com\\\/notabene.world\\\/nb\\\/wp-content\\\/uploads\\\/2025\\\/08\\\/hrgn.jpg?fit=800%2C445&ssl=1\",\"width\":800,\"height\":445},{\"@type\":\"BreadcrumbList\",\"@id\":\"https:\\\/\\\/notabene.world\\\/nb\\\/ogrod-i-biblioteka\\\/#breadcrumb\",\"itemListElement\":[{\"@type\":\"ListItem\",\"position\":1,\"name\":\"Home\",\"item\":\"https:\\\/\\\/notabene.world\\\/nb\\\/\"},{\"@type\":\"ListItem\",\"position\":2,\"name\":\"Ogr\u00f3d i biblioteka\"}]},{\"@type\":\"WebSite\",\"@id\":\"https:\\\/\\\/notabene.world\\\/nb\\\/#website\",\"url\":\"https:\\\/\\\/notabene.world\\\/nb\\\/\",\"name\":\"NOTABENE.WORLD\",\"description\":\"Przekaz. Warto\u015bci. Wsp\u00f3lnota.\",\"publisher\":{\"@id\":\"https:\\\/\\\/notabene.world\\\/nb\\\/#organization\"},\"potentialAction\":[{\"@type\":\"SearchAction\",\"target\":{\"@type\":\"EntryPoint\",\"urlTemplate\":\"https:\\\/\\\/notabene.world\\\/nb\\\/?s={search_term_string}\"},\"query-input\":{\"@type\":\"PropertyValueSpecification\",\"valueRequired\":true,\"valueName\":\"search_term_string\"}}],\"inLanguage\":\"pl-PL\"},{\"@type\":\"Organization\",\"@id\":\"https:\\\/\\\/notabene.world\\\/nb\\\/#organization\",\"name\":\"NOTABENE.WORLD\",\"url\":\"https:\\\/\\\/notabene.world\\\/nb\\\/\",\"logo\":{\"@type\":\"ImageObject\",\"inLanguage\":\"pl-PL\",\"@id\":\"https:\\\/\\\/notabene.world\\\/nb\\\/#\\\/schema\\\/logo\\\/image\\\/\",\"url\":\"https:\\\/\\\/notabene.world\\\/nb\\\/wp-content\\\/uploads\\\/2022\\\/01\\\/NB-club-start-www1.jpg\",\"contentUrl\":\"https:\\\/\\\/notabene.world\\\/nb\\\/wp-content\\\/uploads\\\/2022\\\/01\\\/NB-club-start-www1.jpg\",\"width\":1000,\"height\":839,\"caption\":\"NOTABENE.WORLD\"},\"image\":{\"@id\":\"https:\\\/\\\/notabene.world\\\/nb\\\/#\\\/schema\\\/logo\\\/image\\\/\"},\"sameAs\":[\"https:\\\/\\\/www.facebook.com\\\/Notabene.World\"]},{\"@type\":\"Person\",\"@id\":\"https:\\\/\\\/notabene.world\\\/nb\\\/#\\\/schema\\\/person\\\/db81d96b2e97dc3d4a74bb45c778aa53\",\"name\":\"HoraCyk &amp; HoraCyk\",\"image\":{\"@type\":\"ImageObject\",\"inLanguage\":\"pl-PL\",\"@id\":\"https:\\\/\\\/secure.gravatar.com\\\/avatar\\\/f00d2aa94c60055cc7150cd76fca4a20660d88f7243ebe59951a6633ea291ec9?s=96&d=mm&r=g\",\"url\":\"https:\\\/\\\/secure.gravatar.com\\\/avatar\\\/f00d2aa94c60055cc7150cd76fca4a20660d88f7243ebe59951a6633ea291ec9?s=96&d=mm&r=g\",\"contentUrl\":\"https:\\\/\\\/secure.gravatar.com\\\/avatar\\\/f00d2aa94c60055cc7150cd76fca4a20660d88f7243ebe59951a6633ea291ec9?s=96&d=mm&r=g\",\"caption\":\"HoraCyk &amp; HoraCyk\"},\"url\":\"https:\\\/\\\/notabene.world\\\/nb\\\/author\\\/nb\\\/\"}]}<\/script>\n<!-- \/ Yoast SEO plugin. -->","yoast_head_json":{"title":"Ogr\u00f3d i biblioteka - NOTABENE.WORLD","robots":{"index":"index","follow":"follow","max-snippet":"max-snippet:-1","max-image-preview":"max-image-preview:large","max-video-preview":"max-video-preview:-1"},"canonical":"https:\/\/notabene.world\/nb\/ogrod-i-biblioteka\/","og_locale":"pl_PL","og_type":"article","og_title":"Ogr\u00f3d i biblioteka - NOTABENE.WORLD","og_description":"Po ponad czterdziestu latach od pierwszych spotka\u0144 w murach liceum imienia Stefana \u017beromskiego zn\u00f3w zbieramy si\u0119 \u2013 bezpowrotnie nie jako uczniowie; jako \u015bwiadkowie czasu. W Towarzystwie Entuzjast\u00f3w Kultury Antycznej \u0142\u0105czy nas nie tylko wspomnienie deklinacji i koniugacji, lecz tak\u017ce przekonanie, \u017ce w my\u015bli staro\u017cytnej Grecji i Rzymu ukryte s\u0105 odpowiedzi na pytania, kt\u00f3re z wiekiem nie gasn\u0105, lecz dojrzewaj\u0105. Kiedy\u015b redagowali\u015bmy razem szkolne pismo. NOTABENE \u2013 wyra\u017cenie skromne, ale pojemne \u2013 dzi\u015b brzmi jak znak epoki, kt\u00f3rej ju\u017c nie ma. A jednak jeste\u015bmy. NOTABENE przetrwa\u0142a w nas. Dzi\u015b, z perspektywy czasu, m\u00f3wimy: mieli\u015bmy szcz\u0119\u015bcie. Owszem, \u015bwiat bywa trudny. Ale w tym w\u0142a\u015bnie \u015bwiecie, w kt\u00f3rym ro\u015bliny fotosyntetyzuj\u0105 jak zawsze, a biblioteki mieszcz\u0105 si\u0119 w kieszeni, spe\u0142nia si\u0119 idea\u0142 \u017cycia, jaki Cyceron wskaza\u0142 dwa tysi\u0105ce lat temu: Si hortum in bibliotheca habes, nihil deerit. \u201eJe\u015bli masz ogr\u00f3d i bibliotek\u0119, niczego ci nie zabraknie.\u201d Ogr\u00f3d nietrudno dzi\u015b znale\u017a\u0107 \u2013 mo\u017cna si\u0119 zanurzy\u0107 w rodzinnym, miejskim, botanicznym. Ale biblioteka? Ta przysz\u0142a do nas sama. W ka\u017cdej chwili mo\u017cemy si\u0119gn\u0105\u0107 po dowolne dzie\u0142o, j\u0119zyk, ide\u0119, obraz czy kod genetyczny. Kiedy\u015b uczyli\u015bmy si\u0119, jak powiedzie\u0107 po \u0142acinie \u201eczas p\u0142ynie\u201d. Teraz czas p\u0142ynie przez nas. I oto, niepostrze\u017cenie, narz\u0119dzia sztucznej inteligencji pozwalaj\u0105 nam \u2013 z pozoru bez wysi\u0142ku \u2013 zbli\u017cy\u0107 si\u0119 do tego, co dawniej by\u0142o przywilejem nielicznych: my\u015blenia bez granic, wej\u015bcia w nieograniczony ci\u0105g zadawania trudnych pyta\u0144, bez tabu, szukania --swojej i uniwersalnej -- form m\u0105dro\u015bci. Ale stream pyta\u0144 i odpowiedzi nie przek\u0142ada si\u0119 automatycznie na m\u0105dro\u015b\u0107. Non scholae, sed vitae discimus. (Nie dla szko\u0142y, lecz dla \u017cycia si\u0119 uczymy.) \u017bycie wymaga, by\u015bmy nie pytali jeno, ale i dzia\u0142ali.","og_url":"https:\/\/notabene.world\/nb\/ogrod-i-biblioteka\/","og_site_name":"NOTABENE.WORLD","article_publisher":"https:\/\/www.facebook.com\/Notabene.World","article_published_time":"2025-09-02T18:58:50+00:00","article_modified_time":"2025-09-15T14:21:28+00:00","og_image":[{"width":800,"height":445,"url":"https:\/\/notabene.world\/nb\/wp-content\/uploads\/2025\/08\/hrgn.jpg","type":"image\/jpeg"}],"author":"HoraCyk &amp; HoraCyk","twitter_card":"summary_large_image","twitter_misc":{"Napisane przez":"HoraCyk &amp; HoraCyk","Szacowany czas czytania":"3 minuty"},"schema":{"@context":"https:\/\/schema.org","@graph":[{"@type":"Article","@id":"https:\/\/notabene.world\/nb\/ogrod-i-biblioteka\/#article","isPartOf":{"@id":"https:\/\/notabene.world\/nb\/ogrod-i-biblioteka\/"},"author":{"name":"HoraCyk &amp; HoraCyk","@id":"https:\/\/notabene.world\/nb\/#\/schema\/person\/db81d96b2e97dc3d4a74bb45c778aa53"},"headline":"Ogr\u00f3d i biblioteka","datePublished":"2025-09-02T18:58:50+00:00","dateModified":"2025-09-15T14:21:28+00:00","mainEntityOfPage":{"@id":"https:\/\/notabene.world\/nb\/ogrod-i-biblioteka\/"},"wordCount":571,"publisher":{"@id":"https:\/\/notabene.world\/nb\/#organization"},"image":{"@id":"https:\/\/notabene.world\/nb\/ogrod-i-biblioteka\/#primaryimage"},"thumbnailUrl":"https:\/\/i0.wp.com\/notabene.world\/nb\/wp-content\/uploads\/2025\/08\/hrgn.jpg?fit=800%2C445&ssl=1","articleSection":["Aktualno\u015bci","NOTABENE 1985-2025"],"inLanguage":"pl-PL"},{"@type":"WebPage","@id":"https:\/\/notabene.world\/nb\/ogrod-i-biblioteka\/","url":"https:\/\/notabene.world\/nb\/ogrod-i-biblioteka\/","name":"Ogr\u00f3d i biblioteka - NOTABENE.WORLD","isPartOf":{"@id":"https:\/\/notabene.world\/nb\/#website"},"primaryImageOfPage":{"@id":"https:\/\/notabene.world\/nb\/ogrod-i-biblioteka\/#primaryimage"},"image":{"@id":"https:\/\/notabene.world\/nb\/ogrod-i-biblioteka\/#primaryimage"},"thumbnailUrl":"https:\/\/i0.wp.com\/notabene.world\/nb\/wp-content\/uploads\/2025\/08\/hrgn.jpg?fit=800%2C445&ssl=1","datePublished":"2025-09-02T18:58:50+00:00","dateModified":"2025-09-15T14:21:28+00:00","breadcrumb":{"@id":"https:\/\/notabene.world\/nb\/ogrod-i-biblioteka\/#breadcrumb"},"inLanguage":"pl-PL","potentialAction":[{"@type":"ReadAction","target":["https:\/\/notabene.world\/nb\/ogrod-i-biblioteka\/"]}]},{"@type":"ImageObject","inLanguage":"pl-PL","@id":"https:\/\/notabene.world\/nb\/ogrod-i-biblioteka\/#primaryimage","url":"https:\/\/i0.wp.com\/notabene.world\/nb\/wp-content\/uploads\/2025\/08\/hrgn.jpg?fit=800%2C445&ssl=1","contentUrl":"https:\/\/i0.wp.com\/notabene.world\/nb\/wp-content\/uploads\/2025\/08\/hrgn.jpg?fit=800%2C445&ssl=1","width":800,"height":445},{"@type":"BreadcrumbList","@id":"https:\/\/notabene.world\/nb\/ogrod-i-biblioteka\/#breadcrumb","itemListElement":[{"@type":"ListItem","position":1,"name":"Home","item":"https:\/\/notabene.world\/nb\/"},{"@type":"ListItem","position":2,"name":"Ogr\u00f3d i biblioteka"}]},{"@type":"WebSite","@id":"https:\/\/notabene.world\/nb\/#website","url":"https:\/\/notabene.world\/nb\/","name":"NOTABENE.WORLD","description":"Przekaz. Warto\u015bci. Wsp\u00f3lnota.","publisher":{"@id":"https:\/\/notabene.world\/nb\/#organization"},"potentialAction":[{"@type":"SearchAction","target":{"@type":"EntryPoint","urlTemplate":"https:\/\/notabene.world\/nb\/?s={search_term_string}"},"query-input":{"@type":"PropertyValueSpecification","valueRequired":true,"valueName":"search_term_string"}}],"inLanguage":"pl-PL"},{"@type":"Organization","@id":"https:\/\/notabene.world\/nb\/#organization","name":"NOTABENE.WORLD","url":"https:\/\/notabene.world\/nb\/","logo":{"@type":"ImageObject","inLanguage":"pl-PL","@id":"https:\/\/notabene.world\/nb\/#\/schema\/logo\/image\/","url":"https:\/\/notabene.world\/nb\/wp-content\/uploads\/2022\/01\/NB-club-start-www1.jpg","contentUrl":"https:\/\/notabene.world\/nb\/wp-content\/uploads\/2022\/01\/NB-club-start-www1.jpg","width":1000,"height":839,"caption":"NOTABENE.WORLD"},"image":{"@id":"https:\/\/notabene.world\/nb\/#\/schema\/logo\/image\/"},"sameAs":["https:\/\/www.facebook.com\/Notabene.World"]},{"@type":"Person","@id":"https:\/\/notabene.world\/nb\/#\/schema\/person\/db81d96b2e97dc3d4a74bb45c778aa53","name":"HoraCyk &amp; HoraCyk","image":{"@type":"ImageObject","inLanguage":"pl-PL","@id":"https:\/\/secure.gravatar.com\/avatar\/f00d2aa94c60055cc7150cd76fca4a20660d88f7243ebe59951a6633ea291ec9?s=96&d=mm&r=g","url":"https:\/\/secure.gravatar.com\/avatar\/f00d2aa94c60055cc7150cd76fca4a20660d88f7243ebe59951a6633ea291ec9?s=96&d=mm&r=g","contentUrl":"https:\/\/secure.gravatar.com\/avatar\/f00d2aa94c60055cc7150cd76fca4a20660d88f7243ebe59951a6633ea291ec9?s=96&d=mm&r=g","caption":"HoraCyk &amp; HoraCyk"},"url":"https:\/\/notabene.world\/nb\/author\/nb\/"}]}},"jetpack_featured_media_url":"https:\/\/i0.wp.com\/notabene.world\/nb\/wp-content\/uploads\/2025\/08\/hrgn.jpg?fit=800%2C445&ssl=1","jetpack_sharing_enabled":true,"jetpack_shortlink":"https:\/\/wp.me\/pdCobN-4uT","_links":{"self":[{"href":"https:\/\/notabene.world\/nb\/wp-json\/wp\/v2\/posts\/17291","targetHints":{"allow":["GET"]}}],"collection":[{"href":"https:\/\/notabene.world\/nb\/wp-json\/wp\/v2\/posts"}],"about":[{"href":"https:\/\/notabene.world\/nb\/wp-json\/wp\/v2\/types\/post"}],"author":[{"embeddable":true,"href":"https:\/\/notabene.world\/nb\/wp-json\/wp\/v2\/users\/14"}],"replies":[{"embeddable":true,"href":"https:\/\/notabene.world\/nb\/wp-json\/wp\/v2\/comments?post=17291"}],"version-history":[{"count":5,"href":"https:\/\/notabene.world\/nb\/wp-json\/wp\/v2\/posts\/17291\/revisions"}],"predecessor-version":[{"id":17411,"href":"https:\/\/notabene.world\/nb\/wp-json\/wp\/v2\/posts\/17291\/revisions\/17411"}],"wp:featuredmedia":[{"embeddable":true,"href":"https:\/\/notabene.world\/nb\/wp-json\/wp\/v2\/media\/17292"}],"wp:attachment":[{"href":"https:\/\/notabene.world\/nb\/wp-json\/wp\/v2\/media?parent=17291"}],"wp:term":[{"taxonomy":"category","embeddable":true,"href":"https:\/\/notabene.world\/nb\/wp-json\/wp\/v2\/categories?post=17291"},{"taxonomy":"post_tag","embeddable":true,"href":"https:\/\/notabene.world\/nb\/wp-json\/wp\/v2\/tags?post=17291"}],"curies":[{"name":"wp","href":"https:\/\/api.w.org\/{rel}","templated":true}]}}