{"id":17312,"date":"2026-02-21T15:57:00","date_gmt":"2026-02-21T15:57:00","guid":{"rendered":"https:\/\/notabene.world\/nb\/?p=17312"},"modified":"2026-02-25T17:10:59","modified_gmt":"2026-02-25T17:10:59","slug":"zyje-sie-raz-refleksja-o-poranku","status":"publish","type":"post","link":"https:\/\/notabene.world\/nb\/zyje-sie-raz-refleksja-o-poranku\/","title":{"rendered":"\u017byje si\u0119 raz. Noworoczna refleksja o poranku"},"content":{"rendered":"\n<p class=\"has-text-align-right\"><em>\u017byje si\u0119 tylko raz, ale je\u015bli zrobisz to dobrze, raz wystarczy<\/em> \u2022 Mac West<\/p>\n\n\n\n<p class=\"has-text-align-right\"><em>\u017bycie nabiera sensu, gdy zaakceptujemy jego przemijalno\u015b\u0107<\/em> \u2022 Victor Frankl<\/p>\n\n\n\n<p>W otaczaj\u0105cym \u015bwiecie ka\u017cdy z nas ma swoje marzenia, przer\u00f3\u017cne plany i cele. Rodzimy si\u0119 mniej lub bardziej utalentowani, ale najwa\u017cniejsze jest to, by da\u0107 si\u0119 ponie\u015b\u0107 falom fascynacji i mo\u017cliwo\u015bci, jakie przynosi nam codzienno\u015b\u0107.<\/p>\n\n\n\n<p>Kim zostaniemy w przysz\u0142o\u015bci, jest tajemnic\u0105 dop\u00f3ki nie ukszta\u0142tuje nas nauka, wiedza i nade wszystko do\u015bwiadczenie. Jedni rodz\u0105 si\u0119 z talentem muzycznym, ze zdolno\u015bci\u0105 odczytywania nut z szeroko zamkni\u0119tymi oczami, inni \u2013 z darem artystycznym, gdzie pot\u0119ga wyobra\u017ani pozwala im z lekko\u015bci\u0105 p\u0119dzla malowa\u0107 \u015bwiat i przedstawia\u0107 go w ekspresyjnych barwach. Potrafi\u0105 te\u017c pi\u00f3rem obrazowa\u0107 \u015bwiat na kartkach papieru, z niezwyk\u0142\u0105 kreatywno\u015bci\u0105 i doskona\u0142o\u015bci\u0105 przedstawia\u0107 emocje, uczucia, historie. Wszystko to stanowi inspiracj\u0119 i pobudza wyobra\u017ani\u0119 odbiorc\u00f3w.<\/p>\n\n\n\n<p>Ka\u017cdy z nas chcia\u0142by zostawi\u0107 po sobie co\u015b niepowtarzalnego \u2013 na p\u0142\u00f3tnie, na kartce, w sercach i wyobra\u017ani innych. Niezale\u017cnie od tego, co przynosi nam los, chcemy przej\u015b\u0107 przez nasze \u017cycie najlepiej, jak potrafimy i bez l\u0119ku, \u017ce mo\u017cemy je zmarnowa\u0107. Jest zbyt cenne.<\/p>\n\n\n\n<p>To, co wok\u00f3\u0142 jest ulotne, kruche i nietrwa\u0142e. W miar\u0119 up\u0142ywu lat ka\u017cdy z nas ma tego \u015bwiadomo\u015b\u0107. Tym niemniej nasze refleksje powinny by\u0107 optymistyczne i niew\u0105tpliwie konieczne jest dobre nastawienie oraz szacunek do tego, co za nami. A to po to, aby nie wzbudza\u0107 jak\u017ce bolesnych t\u0119sknot za przesz\u0142o\u015bci\u0105, kt\u00f3rej przecie\u017c nie da si\u0119 ju\u017c zmieni\u0107.<\/p>\n\n\n\n<p>Dbajmy zatem o to, by czu\u0107 si\u0119 spe\u0142nionymi, ciesz\u0105c si\u0119 ka\u017cd\u0105 chwil\u0105, ka\u017cdym nowym dniem, przynosz\u0105cym nam nowe doznania i nowe my\u015bli. Oby tych wyj\u0105tkowych i niezapomnianych prze\u017cy\u0107 by\u0142o jak najwi\u0119cej. <em>Carpe diem,<\/em> po prostu &#8211; zw\u0142aszcza w Nowym Roku 2026.<\/p>\n\n\n\n<p><\/p>\n","protected":false},"excerpt":{"rendered":"<p>W otaczaj\u0105cym nas \u015bwiecie ka\u017cdy z nas ma swoje marzenia, przer\u00f3\u017cne plany i cele. Rodzimy si\u0119 mniej lub bardziej utalentowani, ale najwa\u017cniejsze jest to, by da\u0107 si\u0119 ponie\u015b\u0107 falom fascynacji i mo\u017cliwo\u015bci, jakie przynosi nam codzienno\u015b\u0107.<br \/>\n<br \/>\nKim zostaniemy w przysz\u0142o\u015bci, jest tajemnic\u0105 dop\u00f3ki nie ukszta\u0142tuje nas nauka, wiedza i nade wszystko do\u015bwiadczenie. Jedni rodz\u0105 si\u0119 z talentem muzycznym, ze zdolno\u015bci\u0105 odczytywania nut z szeroko zamkni\u0119tymi oczami, inni \u2013 z darem artystycznym, gdzie pot\u0119ga wyobra\u017ani pozwala im z lekko\u015bci\u0105 p\u0119dzla malowa\u0107 \u015bwiat i przedstawia\u0107 go w ekspresyjnych barwach.<br \/>\n<br \/>\nPotrafi\u0105 te\u017c pi\u00f3rem obrazowa\u0107 \u015bwiat na kartkach papieru, z niezwyk\u0142\u0105 kreatywno\u015bci\u0105 i doskona\u0142o\u015bci\u0105 przedstawia\u0107 emocje, uczucia, historie. Wszystko to stanowi inspiracj\u0119 i pobudza wyobra\u017ani\u0119 odbiorc\u00f3w.<br \/>\n<br \/>\nKa\u017cdy z nas chcia\u0142by zostawi\u0107 po sobie co\u015b niepowtarzalnego \u2013 na p\u0142\u00f3tnie, na kartce, w sercach i wyobra\u017ani innych. Niezale\u017cnie od tego, co przynosi nam los, chcemy przej\u015b\u0107 przez nasze \u017cycie najlepiej, jak potrafimy i bez l\u0119ku, \u017ce mo\u017cemy je zmarnowa\u0107. Jest zbyt cenne.<br \/>\n<br \/>\nTo, co wok\u00f3\u0142 jest ulotne, kruche i nietrwa\u0142e. W miar\u0119 up\u0142ywu lat ka\u017cdy z nas ma tego \u015bwiadomo\u015b\u0107. Tym niemniej nasze refleksje powinny by\u0107 optymistyczne i niew\u0105tpliwie konieczne jest dobre nastawienie oraz szacunek do tego, co za nami. A to po to, aby nie wzbudza\u0107 jak\u017ce bolesnych t\u0119sknot za przesz\u0142o\u015bci\u0105, kt\u00f3rej przecie\u017c nie da si\u0119 ju\u017c zmieni\u0107.<br \/>\n<br \/>\nDbajmy zatem o to, by czu\u0107 si\u0119 spe\u0142nionymi, ciesz\u0105c si\u0119 ka\u017cd\u0105 chwil\u0105, ka\u017cdym nowym dniem, przynosz\u0105cym nam nowe doznania i nowe my\u015bli. Oby tych wyj\u0105tkowych i niezapomnianych prze\u017cy\u0107 by\u0142o jak najwi\u0119cej. Carpe diem, po prostu.<\/p>\n","protected":false},"author":64,"featured_media":17313,"comment_status":"closed","ping_status":"closed","sticky":false,"template":"","format":"standard","meta":{"colormag_page_container_layout":"no_sidebar_content_centered","colormag_page_sidebar_layout":"no_sidebar","_jetpack_memberships_contains_paid_content":false,"footnotes":"","_links_to":"","_links_to_target":""},"categories":[64,240],"tags":[],"class_list":["post-17312","post","type-post","status-publish","format-standard","has-post-thumbnail","hentry","category-aktualnosci","category-notabene"],"yoast_head":"<!-- This site is optimized with the Yoast SEO plugin v27.4 - https:\/\/yoast.com\/product\/yoast-seo-wordpress\/ -->\n<title>\u017byje si\u0119 raz. Noworoczna refleksja o poranku - NOTABENE.WORLD<\/title>\n<meta name=\"robots\" content=\"index, follow, max-snippet:-1, max-image-preview:large, max-video-preview:-1\" \/>\n<link rel=\"canonical\" href=\"https:\/\/notabene.world\/nb\/zyje-sie-raz-refleksja-o-poranku\/\" \/>\n<meta property=\"og:locale\" content=\"pl_PL\" \/>\n<meta property=\"og:type\" content=\"article\" \/>\n<meta property=\"og:title\" content=\"\u017byje si\u0119 raz. Noworoczna refleksja o poranku - NOTABENE.WORLD\" \/>\n<meta property=\"og:description\" content=\"W otaczaj\u0105cym nas \u015bwiecie ka\u017cdy z nas ma swoje marzenia, przer\u00f3\u017cne plany i cele. Rodzimy si\u0119 mniej lub bardziej utalentowani, ale najwa\u017cniejsze jest to, by da\u0107 si\u0119 ponie\u015b\u0107 falom fascynacji i mo\u017cliwo\u015bci, jakie przynosi nam codzienno\u015b\u0107. Kim zostaniemy w przysz\u0142o\u015bci, jest tajemnic\u0105 dop\u00f3ki nie ukszta\u0142tuje nas nauka, wiedza i nade wszystko do\u015bwiadczenie. Jedni rodz\u0105 si\u0119 z talentem muzycznym, ze zdolno\u015bci\u0105 odczytywania nut z szeroko zamkni\u0119tymi oczami, inni \u2013 z darem artystycznym, gdzie pot\u0119ga wyobra\u017ani pozwala im z lekko\u015bci\u0105 p\u0119dzla malowa\u0107 \u015bwiat i przedstawia\u0107 go w ekspresyjnych barwach. Potrafi\u0105 te\u017c pi\u00f3rem obrazowa\u0107 \u015bwiat na kartkach papieru, z niezwyk\u0142\u0105 kreatywno\u015bci\u0105 i doskona\u0142o\u015bci\u0105 przedstawia\u0107 emocje, uczucia, historie. Wszystko to stanowi inspiracj\u0119 i pobudza wyobra\u017ani\u0119 odbiorc\u00f3w. Ka\u017cdy z nas chcia\u0142by zostawi\u0107 po sobie co\u015b niepowtarzalnego \u2013 na p\u0142\u00f3tnie, na kartce, w sercach i wyobra\u017ani innych. Niezale\u017cnie od tego, co przynosi nam los, chcemy przej\u015b\u0107 przez nasze \u017cycie najlepiej, jak potrafimy i bez l\u0119ku, \u017ce mo\u017cemy je zmarnowa\u0107. Jest zbyt cenne. To, co wok\u00f3\u0142 jest ulotne, kruche i nietrwa\u0142e. W miar\u0119 up\u0142ywu lat ka\u017cdy z nas ma tego \u015bwiadomo\u015b\u0107. Tym niemniej nasze refleksje powinny by\u0107 optymistyczne i niew\u0105tpliwie konieczne jest dobre nastawienie oraz szacunek do tego, co za nami. A to po to, aby nie wzbudza\u0107 jak\u017ce bolesnych t\u0119sknot za przesz\u0142o\u015bci\u0105, kt\u00f3rej przecie\u017c nie da si\u0119 ju\u017c zmieni\u0107. Dbajmy zatem o to, by czu\u0107 si\u0119 spe\u0142nionymi, ciesz\u0105c si\u0119 ka\u017cd\u0105 chwil\u0105, ka\u017cdym nowym dniem, przynosz\u0105cym nam nowe doznania i nowe my\u015bli. Oby tych wyj\u0105tkowych i niezapomnianych prze\u017cy\u0107 by\u0142o jak najwi\u0119cej. Carpe diem, po prostu.\" \/>\n<meta property=\"og:url\" content=\"https:\/\/notabene.world\/nb\/zyje-sie-raz-refleksja-o-poranku\/\" \/>\n<meta property=\"og:site_name\" content=\"NOTABENE.WORLD\" \/>\n<meta property=\"article:publisher\" content=\"https:\/\/www.facebook.com\/Notabene.World\" \/>\n<meta property=\"article:published_time\" content=\"2026-02-21T15:57:00+00:00\" \/>\n<meta property=\"article:modified_time\" content=\"2026-02-25T17:10:59+00:00\" \/>\n<meta property=\"og:image\" content=\"https:\/\/notabene.world\/nb\/wp-content\/uploads\/2025\/08\/piela.jpg\" \/>\n\t<meta property=\"og:image:width\" content=\"800\" \/>\n\t<meta property=\"og:image:height\" content=\"445\" \/>\n\t<meta property=\"og:image:type\" content=\"image\/jpeg\" \/>\n<meta name=\"author\" content=\"Izabella Szyma\u0144ska\" \/>\n<meta name=\"twitter:card\" content=\"summary_large_image\" \/>\n<meta name=\"twitter:label1\" content=\"Napisane przez\" \/>\n\t<meta name=\"twitter:data1\" content=\"Izabella Szyma\u0144ska\" \/>\n\t<meta name=\"twitter:label2\" content=\"Szacowany czas czytania\" \/>\n\t<meta name=\"twitter:data2\" content=\"2 minuty\" \/>\n<script type=\"application\/ld+json\" class=\"yoast-schema-graph\">{\"@context\":\"https:\\\/\\\/schema.org\",\"@graph\":[{\"@type\":\"Article\",\"@id\":\"https:\\\/\\\/notabene.world\\\/nb\\\/zyje-sie-raz-refleksja-o-poranku\\\/#article\",\"isPartOf\":{\"@id\":\"https:\\\/\\\/notabene.world\\\/nb\\\/zyje-sie-raz-refleksja-o-poranku\\\/\"},\"author\":{\"name\":\"Izabella Szyma\u0144ska\",\"@id\":\"https:\\\/\\\/notabene.world\\\/nb\\\/#\\\/schema\\\/person\\\/cad20515bd01e1e864034f480aa5db55\"},\"headline\":\"\u017byje si\u0119 raz. Noworoczna refleksja o poranku\",\"datePublished\":\"2026-02-21T15:57:00+00:00\",\"dateModified\":\"2026-02-25T17:10:59+00:00\",\"mainEntityOfPage\":{\"@id\":\"https:\\\/\\\/notabene.world\\\/nb\\\/zyje-sie-raz-refleksja-o-poranku\\\/\"},\"wordCount\":330,\"publisher\":{\"@id\":\"https:\\\/\\\/notabene.world\\\/nb\\\/#organization\"},\"image\":{\"@id\":\"https:\\\/\\\/notabene.world\\\/nb\\\/zyje-sie-raz-refleksja-o-poranku\\\/#primaryimage\"},\"thumbnailUrl\":\"https:\\\/\\\/i0.wp.com\\\/notabene.world\\\/nb\\\/wp-content\\\/uploads\\\/2025\\\/08\\\/piela.jpg?fit=800%2C445&ssl=1\",\"articleSection\":[\"Aktualno\u015bci\",\"NOTABENE 1985-2025\"],\"inLanguage\":\"pl-PL\"},{\"@type\":\"WebPage\",\"@id\":\"https:\\\/\\\/notabene.world\\\/nb\\\/zyje-sie-raz-refleksja-o-poranku\\\/\",\"url\":\"https:\\\/\\\/notabene.world\\\/nb\\\/zyje-sie-raz-refleksja-o-poranku\\\/\",\"name\":\"\u017byje si\u0119 raz. Noworoczna refleksja o poranku - NOTABENE.WORLD\",\"isPartOf\":{\"@id\":\"https:\\\/\\\/notabene.world\\\/nb\\\/#website\"},\"primaryImageOfPage\":{\"@id\":\"https:\\\/\\\/notabene.world\\\/nb\\\/zyje-sie-raz-refleksja-o-poranku\\\/#primaryimage\"},\"image\":{\"@id\":\"https:\\\/\\\/notabene.world\\\/nb\\\/zyje-sie-raz-refleksja-o-poranku\\\/#primaryimage\"},\"thumbnailUrl\":\"https:\\\/\\\/i0.wp.com\\\/notabene.world\\\/nb\\\/wp-content\\\/uploads\\\/2025\\\/08\\\/piela.jpg?fit=800%2C445&ssl=1\",\"datePublished\":\"2026-02-21T15:57:00+00:00\",\"dateModified\":\"2026-02-25T17:10:59+00:00\",\"breadcrumb\":{\"@id\":\"https:\\\/\\\/notabene.world\\\/nb\\\/zyje-sie-raz-refleksja-o-poranku\\\/#breadcrumb\"},\"inLanguage\":\"pl-PL\",\"potentialAction\":[{\"@type\":\"ReadAction\",\"target\":[\"https:\\\/\\\/notabene.world\\\/nb\\\/zyje-sie-raz-refleksja-o-poranku\\\/\"]}]},{\"@type\":\"ImageObject\",\"inLanguage\":\"pl-PL\",\"@id\":\"https:\\\/\\\/notabene.world\\\/nb\\\/zyje-sie-raz-refleksja-o-poranku\\\/#primaryimage\",\"url\":\"https:\\\/\\\/i0.wp.com\\\/notabene.world\\\/nb\\\/wp-content\\\/uploads\\\/2025\\\/08\\\/piela.jpg?fit=800%2C445&ssl=1\",\"contentUrl\":\"https:\\\/\\\/i0.wp.com\\\/notabene.world\\\/nb\\\/wp-content\\\/uploads\\\/2025\\\/08\\\/piela.jpg?fit=800%2C445&ssl=1\",\"width\":800,\"height\":445},{\"@type\":\"BreadcrumbList\",\"@id\":\"https:\\\/\\\/notabene.world\\\/nb\\\/zyje-sie-raz-refleksja-o-poranku\\\/#breadcrumb\",\"itemListElement\":[{\"@type\":\"ListItem\",\"position\":1,\"name\":\"Home\",\"item\":\"https:\\\/\\\/notabene.world\\\/nb\\\/\"},{\"@type\":\"ListItem\",\"position\":2,\"name\":\"\u017byje si\u0119 raz. Noworoczna refleksja o poranku\"}]},{\"@type\":\"WebSite\",\"@id\":\"https:\\\/\\\/notabene.world\\\/nb\\\/#website\",\"url\":\"https:\\\/\\\/notabene.world\\\/nb\\\/\",\"name\":\"NOTABENE.WORLD\",\"description\":\"Przekaz. Warto\u015bci. Wsp\u00f3lnota.\",\"publisher\":{\"@id\":\"https:\\\/\\\/notabene.world\\\/nb\\\/#organization\"},\"potentialAction\":[{\"@type\":\"SearchAction\",\"target\":{\"@type\":\"EntryPoint\",\"urlTemplate\":\"https:\\\/\\\/notabene.world\\\/nb\\\/?s={search_term_string}\"},\"query-input\":{\"@type\":\"PropertyValueSpecification\",\"valueRequired\":true,\"valueName\":\"search_term_string\"}}],\"inLanguage\":\"pl-PL\"},{\"@type\":\"Organization\",\"@id\":\"https:\\\/\\\/notabene.world\\\/nb\\\/#organization\",\"name\":\"NOTABENE.WORLD\",\"url\":\"https:\\\/\\\/notabene.world\\\/nb\\\/\",\"logo\":{\"@type\":\"ImageObject\",\"inLanguage\":\"pl-PL\",\"@id\":\"https:\\\/\\\/notabene.world\\\/nb\\\/#\\\/schema\\\/logo\\\/image\\\/\",\"url\":\"https:\\\/\\\/notabene.world\\\/nb\\\/wp-content\\\/uploads\\\/2022\\\/01\\\/NB-club-start-www1.jpg\",\"contentUrl\":\"https:\\\/\\\/notabene.world\\\/nb\\\/wp-content\\\/uploads\\\/2022\\\/01\\\/NB-club-start-www1.jpg\",\"width\":1000,\"height\":839,\"caption\":\"NOTABENE.WORLD\"},\"image\":{\"@id\":\"https:\\\/\\\/notabene.world\\\/nb\\\/#\\\/schema\\\/logo\\\/image\\\/\"},\"sameAs\":[\"https:\\\/\\\/www.facebook.com\\\/Notabene.World\"]},{\"@type\":\"Person\",\"@id\":\"https:\\\/\\\/notabene.world\\\/nb\\\/#\\\/schema\\\/person\\\/cad20515bd01e1e864034f480aa5db55\",\"name\":\"Izabella Szyma\u0144ska\",\"image\":{\"@type\":\"ImageObject\",\"inLanguage\":\"pl-PL\",\"@id\":\"https:\\\/\\\/secure.gravatar.com\\\/avatar\\\/d6ee5cb8cde7fba5aa045e87140f6dd83175b026c4ef8427e2695c0220818cf4?s=96&d=mm&r=g\",\"url\":\"https:\\\/\\\/secure.gravatar.com\\\/avatar\\\/d6ee5cb8cde7fba5aa045e87140f6dd83175b026c4ef8427e2695c0220818cf4?s=96&d=mm&r=g\",\"contentUrl\":\"https:\\\/\\\/secure.gravatar.com\\\/avatar\\\/d6ee5cb8cde7fba5aa045e87140f6dd83175b026c4ef8427e2695c0220818cf4?s=96&d=mm&r=g\",\"caption\":\"Izabella Szyma\u0144ska\"},\"url\":\"https:\\\/\\\/notabene.world\\\/nb\\\/author\\\/iz-sz\\\/\"}]}<\/script>\n<!-- \/ Yoast SEO plugin. -->","yoast_head_json":{"title":"\u017byje si\u0119 raz. Noworoczna refleksja o poranku - NOTABENE.WORLD","robots":{"index":"index","follow":"follow","max-snippet":"max-snippet:-1","max-image-preview":"max-image-preview:large","max-video-preview":"max-video-preview:-1"},"canonical":"https:\/\/notabene.world\/nb\/zyje-sie-raz-refleksja-o-poranku\/","og_locale":"pl_PL","og_type":"article","og_title":"\u017byje si\u0119 raz. Noworoczna refleksja o poranku - NOTABENE.WORLD","og_description":"W otaczaj\u0105cym nas \u015bwiecie ka\u017cdy z nas ma swoje marzenia, przer\u00f3\u017cne plany i cele. Rodzimy si\u0119 mniej lub bardziej utalentowani, ale najwa\u017cniejsze jest to, by da\u0107 si\u0119 ponie\u015b\u0107 falom fascynacji i mo\u017cliwo\u015bci, jakie przynosi nam codzienno\u015b\u0107. Kim zostaniemy w przysz\u0142o\u015bci, jest tajemnic\u0105 dop\u00f3ki nie ukszta\u0142tuje nas nauka, wiedza i nade wszystko do\u015bwiadczenie. Jedni rodz\u0105 si\u0119 z talentem muzycznym, ze zdolno\u015bci\u0105 odczytywania nut z szeroko zamkni\u0119tymi oczami, inni \u2013 z darem artystycznym, gdzie pot\u0119ga wyobra\u017ani pozwala im z lekko\u015bci\u0105 p\u0119dzla malowa\u0107 \u015bwiat i przedstawia\u0107 go w ekspresyjnych barwach. Potrafi\u0105 te\u017c pi\u00f3rem obrazowa\u0107 \u015bwiat na kartkach papieru, z niezwyk\u0142\u0105 kreatywno\u015bci\u0105 i doskona\u0142o\u015bci\u0105 przedstawia\u0107 emocje, uczucia, historie. Wszystko to stanowi inspiracj\u0119 i pobudza wyobra\u017ani\u0119 odbiorc\u00f3w. Ka\u017cdy z nas chcia\u0142by zostawi\u0107 po sobie co\u015b niepowtarzalnego \u2013 na p\u0142\u00f3tnie, na kartce, w sercach i wyobra\u017ani innych. Niezale\u017cnie od tego, co przynosi nam los, chcemy przej\u015b\u0107 przez nasze \u017cycie najlepiej, jak potrafimy i bez l\u0119ku, \u017ce mo\u017cemy je zmarnowa\u0107. Jest zbyt cenne. To, co wok\u00f3\u0142 jest ulotne, kruche i nietrwa\u0142e. W miar\u0119 up\u0142ywu lat ka\u017cdy z nas ma tego \u015bwiadomo\u015b\u0107. Tym niemniej nasze refleksje powinny by\u0107 optymistyczne i niew\u0105tpliwie konieczne jest dobre nastawienie oraz szacunek do tego, co za nami. A to po to, aby nie wzbudza\u0107 jak\u017ce bolesnych t\u0119sknot za przesz\u0142o\u015bci\u0105, kt\u00f3rej przecie\u017c nie da si\u0119 ju\u017c zmieni\u0107. Dbajmy zatem o to, by czu\u0107 si\u0119 spe\u0142nionymi, ciesz\u0105c si\u0119 ka\u017cd\u0105 chwil\u0105, ka\u017cdym nowym dniem, przynosz\u0105cym nam nowe doznania i nowe my\u015bli. Oby tych wyj\u0105tkowych i niezapomnianych prze\u017cy\u0107 by\u0142o jak najwi\u0119cej. Carpe diem, po prostu.","og_url":"https:\/\/notabene.world\/nb\/zyje-sie-raz-refleksja-o-poranku\/","og_site_name":"NOTABENE.WORLD","article_publisher":"https:\/\/www.facebook.com\/Notabene.World","article_published_time":"2026-02-21T15:57:00+00:00","article_modified_time":"2026-02-25T17:10:59+00:00","og_image":[{"width":800,"height":445,"url":"https:\/\/notabene.world\/nb\/wp-content\/uploads\/2025\/08\/piela.jpg","type":"image\/jpeg"}],"author":"Izabella Szyma\u0144ska","twitter_card":"summary_large_image","twitter_misc":{"Napisane przez":"Izabella Szyma\u0144ska","Szacowany czas czytania":"2 minuty"},"schema":{"@context":"https:\/\/schema.org","@graph":[{"@type":"Article","@id":"https:\/\/notabene.world\/nb\/zyje-sie-raz-refleksja-o-poranku\/#article","isPartOf":{"@id":"https:\/\/notabene.world\/nb\/zyje-sie-raz-refleksja-o-poranku\/"},"author":{"name":"Izabella Szyma\u0144ska","@id":"https:\/\/notabene.world\/nb\/#\/schema\/person\/cad20515bd01e1e864034f480aa5db55"},"headline":"\u017byje si\u0119 raz. Noworoczna refleksja o poranku","datePublished":"2026-02-21T15:57:00+00:00","dateModified":"2026-02-25T17:10:59+00:00","mainEntityOfPage":{"@id":"https:\/\/notabene.world\/nb\/zyje-sie-raz-refleksja-o-poranku\/"},"wordCount":330,"publisher":{"@id":"https:\/\/notabene.world\/nb\/#organization"},"image":{"@id":"https:\/\/notabene.world\/nb\/zyje-sie-raz-refleksja-o-poranku\/#primaryimage"},"thumbnailUrl":"https:\/\/i0.wp.com\/notabene.world\/nb\/wp-content\/uploads\/2025\/08\/piela.jpg?fit=800%2C445&ssl=1","articleSection":["Aktualno\u015bci","NOTABENE 1985-2025"],"inLanguage":"pl-PL"},{"@type":"WebPage","@id":"https:\/\/notabene.world\/nb\/zyje-sie-raz-refleksja-o-poranku\/","url":"https:\/\/notabene.world\/nb\/zyje-sie-raz-refleksja-o-poranku\/","name":"\u017byje si\u0119 raz. Noworoczna refleksja o poranku - NOTABENE.WORLD","isPartOf":{"@id":"https:\/\/notabene.world\/nb\/#website"},"primaryImageOfPage":{"@id":"https:\/\/notabene.world\/nb\/zyje-sie-raz-refleksja-o-poranku\/#primaryimage"},"image":{"@id":"https:\/\/notabene.world\/nb\/zyje-sie-raz-refleksja-o-poranku\/#primaryimage"},"thumbnailUrl":"https:\/\/i0.wp.com\/notabene.world\/nb\/wp-content\/uploads\/2025\/08\/piela.jpg?fit=800%2C445&ssl=1","datePublished":"2026-02-21T15:57:00+00:00","dateModified":"2026-02-25T17:10:59+00:00","breadcrumb":{"@id":"https:\/\/notabene.world\/nb\/zyje-sie-raz-refleksja-o-poranku\/#breadcrumb"},"inLanguage":"pl-PL","potentialAction":[{"@type":"ReadAction","target":["https:\/\/notabene.world\/nb\/zyje-sie-raz-refleksja-o-poranku\/"]}]},{"@type":"ImageObject","inLanguage":"pl-PL","@id":"https:\/\/notabene.world\/nb\/zyje-sie-raz-refleksja-o-poranku\/#primaryimage","url":"https:\/\/i0.wp.com\/notabene.world\/nb\/wp-content\/uploads\/2025\/08\/piela.jpg?fit=800%2C445&ssl=1","contentUrl":"https:\/\/i0.wp.com\/notabene.world\/nb\/wp-content\/uploads\/2025\/08\/piela.jpg?fit=800%2C445&ssl=1","width":800,"height":445},{"@type":"BreadcrumbList","@id":"https:\/\/notabene.world\/nb\/zyje-sie-raz-refleksja-o-poranku\/#breadcrumb","itemListElement":[{"@type":"ListItem","position":1,"name":"Home","item":"https:\/\/notabene.world\/nb\/"},{"@type":"ListItem","position":2,"name":"\u017byje si\u0119 raz. Noworoczna refleksja o poranku"}]},{"@type":"WebSite","@id":"https:\/\/notabene.world\/nb\/#website","url":"https:\/\/notabene.world\/nb\/","name":"NOTABENE.WORLD","description":"Przekaz. Warto\u015bci. Wsp\u00f3lnota.","publisher":{"@id":"https:\/\/notabene.world\/nb\/#organization"},"potentialAction":[{"@type":"SearchAction","target":{"@type":"EntryPoint","urlTemplate":"https:\/\/notabene.world\/nb\/?s={search_term_string}"},"query-input":{"@type":"PropertyValueSpecification","valueRequired":true,"valueName":"search_term_string"}}],"inLanguage":"pl-PL"},{"@type":"Organization","@id":"https:\/\/notabene.world\/nb\/#organization","name":"NOTABENE.WORLD","url":"https:\/\/notabene.world\/nb\/","logo":{"@type":"ImageObject","inLanguage":"pl-PL","@id":"https:\/\/notabene.world\/nb\/#\/schema\/logo\/image\/","url":"https:\/\/notabene.world\/nb\/wp-content\/uploads\/2022\/01\/NB-club-start-www1.jpg","contentUrl":"https:\/\/notabene.world\/nb\/wp-content\/uploads\/2022\/01\/NB-club-start-www1.jpg","width":1000,"height":839,"caption":"NOTABENE.WORLD"},"image":{"@id":"https:\/\/notabene.world\/nb\/#\/schema\/logo\/image\/"},"sameAs":["https:\/\/www.facebook.com\/Notabene.World"]},{"@type":"Person","@id":"https:\/\/notabene.world\/nb\/#\/schema\/person\/cad20515bd01e1e864034f480aa5db55","name":"Izabella Szyma\u0144ska","image":{"@type":"ImageObject","inLanguage":"pl-PL","@id":"https:\/\/secure.gravatar.com\/avatar\/d6ee5cb8cde7fba5aa045e87140f6dd83175b026c4ef8427e2695c0220818cf4?s=96&d=mm&r=g","url":"https:\/\/secure.gravatar.com\/avatar\/d6ee5cb8cde7fba5aa045e87140f6dd83175b026c4ef8427e2695c0220818cf4?s=96&d=mm&r=g","contentUrl":"https:\/\/secure.gravatar.com\/avatar\/d6ee5cb8cde7fba5aa045e87140f6dd83175b026c4ef8427e2695c0220818cf4?s=96&d=mm&r=g","caption":"Izabella Szyma\u0144ska"},"url":"https:\/\/notabene.world\/nb\/author\/iz-sz\/"}]}},"jetpack_featured_media_url":"https:\/\/i0.wp.com\/notabene.world\/nb\/wp-content\/uploads\/2025\/08\/piela.jpg?fit=800%2C445&ssl=1","jetpack_sharing_enabled":true,"jetpack_shortlink":"https:\/\/wp.me\/pdCobN-4ve","_links":{"self":[{"href":"https:\/\/notabene.world\/nb\/wp-json\/wp\/v2\/posts\/17312","targetHints":{"allow":["GET"]}}],"collection":[{"href":"https:\/\/notabene.world\/nb\/wp-json\/wp\/v2\/posts"}],"about":[{"href":"https:\/\/notabene.world\/nb\/wp-json\/wp\/v2\/types\/post"}],"author":[{"embeddable":true,"href":"https:\/\/notabene.world\/nb\/wp-json\/wp\/v2\/users\/64"}],"replies":[{"embeddable":true,"href":"https:\/\/notabene.world\/nb\/wp-json\/wp\/v2\/comments?post=17312"}],"version-history":[{"count":5,"href":"https:\/\/notabene.world\/nb\/wp-json\/wp\/v2\/posts\/17312\/revisions"}],"predecessor-version":[{"id":19053,"href":"https:\/\/notabene.world\/nb\/wp-json\/wp\/v2\/posts\/17312\/revisions\/19053"}],"wp:featuredmedia":[{"embeddable":true,"href":"https:\/\/notabene.world\/nb\/wp-json\/wp\/v2\/media\/17313"}],"wp:attachment":[{"href":"https:\/\/notabene.world\/nb\/wp-json\/wp\/v2\/media?parent=17312"}],"wp:term":[{"taxonomy":"category","embeddable":true,"href":"https:\/\/notabene.world\/nb\/wp-json\/wp\/v2\/categories?post=17312"},{"taxonomy":"post_tag","embeddable":true,"href":"https:\/\/notabene.world\/nb\/wp-json\/wp\/v2\/tags?post=17312"}],"curies":[{"name":"wp","href":"https:\/\/api.w.org\/{rel}","templated":true}]}}