{"id":1736,"date":"2022-02-03T10:14:00","date_gmt":"2022-02-03T09:14:00","guid":{"rendered":"https:\/\/notabene.world\/nb\/?p=1736"},"modified":"2022-02-20T20:15:30","modified_gmt":"2022-02-20T19:15:30","slug":"nowy-nielad","status":"publish","type":"post","link":"https:\/\/notabene.world\/nb\/nowy-nielad\/","title":{"rendered":"Nowy (NIE)\u0141ad"},"content":{"rendered":"\n<p class=\"has-drop-cap\">Nowy \u0141ad brzmi troch\u0119 jak Najwy\u017cszy Porz\u0105dek, tylko \u017ce bez&nbsp;Kylo&nbsp;Rena na czele.<br>Z pewno\u015bci\u0105 te dwa s\u0142owa niedawno zyska\u0142y na popularno\u015bci. Przyk\u0142adowo, je\u017celi wpiszemy w wyszukiwark\u0119 tylko i wy\u0142\u0105cznie s\u0142owo \u201enowy\u201d od razu wyskakuj\u0105 nam has\u0142a tj.: \u201eNowy \u0141ad\u201d, \u201eNowy \u0141ad kalkulator\u201d i na ostatnim stopniu podium plasuje si\u0119 has\u0142o \u201eNowy Jork\u201d, ale nie jest to wielkim zaskoczeniem, bior\u0105c pod uwag\u0119, \u017ce jest to przecie\u017c stolica \u015bwiata.<\/p>\n\n\n\n<p>\u201ePolski \u0141ad\u201d to prawdziwa rewolucja podatkowa, kt\u00f3ra wesz\u0142a w \u017cycie w styczniu&nbsp;2022 r.&nbsp;G\u0142\u00f3wnym za\u0142o\u017ceniem tego programu jest przede wszystkim wyj\u015bcie z kryzysu wywo\u0142anego pandemi\u0105&nbsp;COVID-19, lecz \u201eNowy \u0141ad\u201d niesie ze sob\u0105 ogromn\u0105 liczb\u0119 zmian w przepisach niemal\u017ce w ka\u017cdej dziedzinie \u017cycia \u2013 od podatk\u00f3w, poprzez emerytury, docieraj\u0105c nawet do rolnictwa. Czy na pewno tak radykalne posuni\u0119cie pozwoli na przezwyci\u0119\u017cenie  za\u0142amania gospodarczego spowodowanego koronawirusem? Jedn\u0105 z najwa\u017cniejszych zmian, jakie wprowadza ten program w podatkach, jest podniesienie kwoty wolnej do 30 tys. z\u0142 oraz pierwszego progu dochodowego do 120 tys. z\u0142. Jednocze\u015bnie znika ulga umo\u017cliwiaj\u0105ca odliczanie od podatku cz\u0119\u015bci sk\u0142adki zdrowotnej, kt\u00f3r\u0105 ma zrekompensowa\u0107 tzw. ulga dla klasy \u015bredniej.<\/p>\n\n\n\n<p>&nbsp;Ju\u017c&nbsp;pierwsze dni funkcjonowania \u201ePolskiego \u0141adu\u201d przynios\u0142y zamieszanie. Z przytupem potrz\u0105sn\u0105\u0142 on portfelami wielu pracownik\u00f3w. Ich pensje i \u015bwiadczenia, zamiast rosn\u0105\u0107 \u2013 spad\u0142y nawet o kilkaset z\u0142otych. Skutki rz\u0105dowego programu odczuli r\u00f3wnie\u017c nauczyciele, ale przecie\u017c \u201eKiedy chce si\u0119 zrobi\u0107 co\u015b dobrego, naj\u0142atwiej o drobn\u0105 pomy\u0142k\u0119\u201d \u2013 zapewnia szef polskiego rz\u0105du. Opr\u00f3cz mocno okrojonego czasu na zapoznanie si\u0119 z nowymi przepisami, istotnym problemem jest to, \u017ce przepisy s\u0105 niejasne i niejednokrotnie jedne zaprzeczaj\u0105 drugim,  przez co powstan\u0105&nbsp;sytuacje, w kt\u00f3rych&nbsp;urz\u0119dy b\u0119d\u0105 w odmienny spos\u00f3b traktowa\u0107 tre\u015bci znajduj\u0105ce si\u0119 w&nbsp;ustawach.<\/p>\n\n\n\n<blockquote class=\"wp-block-quote is-layout-flow wp-block-quote-is-layout-flow\"><p>To nie chodzi o to, \u017ce nam jest potrzebny czas na zapoznanie si\u0119 z przepisami, problemem jest to, \u017ce przepisy s\u0105 niejednoznaczne &#8211; m\u00f3wi\u0142 na antenie TVN24 BiS Adam Kashyna, wsp\u00f3\u0142w\u0142a\u015bciciel WK Architekci, cz\u0142onek Izby Polskich Przedsi\u0119biorc\u00f3w &#8211;  Musimy przygotowa\u0107 si\u0119 na sytuacj\u0119, w kt\u00f3rej r\u00f3\u017cne urz\u0119dy b\u0119d\u0105 w r\u00f3\u017cny spos\u00f3b traktowa\u0107 zapisy pojawiaj\u0105ce si\u0119 w ustawach. Musimy te\u017c zobaczy\u0107, jak b\u0119dzie przebiega\u0142a linia orzecznicza w s\u0105dach, urz\u0119dach skarbowych, \u017ceby do tego dostosowywa\u0107 nasz\u0105 dzia\u0142alno\u015b\u0107. To czynnik niepewno\u015bci, kt\u00f3rego nie byli\u015bmy w stanie wcze\u015bniej zweryfikowa\u0107. To si\u0119 dzieje dopiero teraz&nbsp;&#8211; doda\u0142.<\/p><\/blockquote>\n\n\n\n<p>\u201ePolski \u0141ad\u201d przera\u017ca nawet wytrawnych ksi\u0119gowych, poniewa\u017c musz\u0105 wykonywa\u0107 dwa razy wi\u0119cej pracy, rozliczaj\u0105c wynagrodzenia w spos\u00f3b, w  jaki robiono to przed \u201eNowym \u0141adem\u201d, jak i zgodny z tym programem &#8211; nast\u0119pnie wybieraj\u0105c korzystniejsz\u0105 dla pracownika wersj\u0119.<\/p>\n\n\n\n<blockquote class=\"wp-block-quote is-layout-flow wp-block-quote-is-layout-flow\"><p>Styl wprowadzenia Polskiego \u0141adu jest po prostu zatrwa\u017caj\u0105cy &#8211; komentowa\u0142a we &#8222;Wstajesz i wiesz&#8221; w TVN24 Joanna Ho\u0142ub-Iwan -Naprawd\u0119 chcia\u0142abym powiedzie\u0107, \u017ce niezale\u017cnie od intencji rz\u0105du &#8211; bo rozumiem, \u017ce rz\u0105d mia\u0142 intencj\u0119 wprowadzi\u0107 reform\u0119 &#8211; to styl wprowadzenia Polskiego \u0141adu jest po prostu zatrwa\u017caj\u0105cy &#8211; oceni\u0142a ekonomistka &#8211; Ka\u017cdy normalny pracownik, kt\u00f3ry myli si\u0119 w pracy, to dostaje nagan\u0119, jest odsuni\u0119ty, jest zwolniony z pracy. Natomiast tutaj jest parada pomy\u0142ek i wszystkim nam si\u0119 t\u0142umaczy, \u017ce to jest normalne &#8211; zwr\u00f3ci\u0142a uwag\u0119.<\/p><\/blockquote>\n\n\n\n<p>Z za\u0142o\u017cenia wr\u0119cz idealny program mia\u0142 da\u0107 korzy\u015bci wszystkim obywatelom, natomiast w praktyce sta\u0142 si\u0119 chaotyczn\u0105 niewiadom\u0105, kt\u00f3ra niesie wi\u0119cej problem\u00f3w ni\u017c zysk\u00f3w. Lecz co wydarzy si\u0119 dalej? Jest to pytanie, kt\u00f3re zadaje sobie pewnie wi\u0119kszo\u015b\u0107 Polak\u00f3w, ale prawdopodobnie nikt, nawet nasz rz\u0105d, nie jest w stanie na nie odpowiedzie\u0107&#8230; <\/p>\n\n\n\n<p>Niemniej jednak pozostaje nam tylko \u015bledzenie tematu w mediach spo\u0142eczno\u015bciowych b\u0105d\u017a telewizji.<\/p>\n","protected":false},"excerpt":{"rendered":"<p>Nowy \u0141ad brzmi troch\u0119 jak Najwy\u017cszy Porz\u0105dek, tylko \u017ce bez\u00a0Kylo\u00a0Rena na czele. Z pewno\u015bci\u0105 te dwa s\u0142owa niedawno zyska\u0142y na popularno\u015bci.<\/p>\n","protected":false},"author":20,"featured_media":1753,"comment_status":"closed","ping_status":"closed","sticky":true,"template":"","format":"standard","meta":{"colormag_page_container_layout":"default_layout","colormag_page_sidebar_layout":"default_layout","_jetpack_memberships_contains_paid_content":false,"footnotes":"","_links_to":"","_links_to_target":""},"categories":[152,12,150,110],"tags":[89,90,55],"class_list":["post-1736","post","type-post","status-publish","format-standard","has-post-thumbnail","hentry","category-komentarze","category-spoleczenstwo","category-publicystyka","category-spoleczenstwo-2","tag-nowylad","tag-polityka","tag-spoleczenstwo"],"yoast_head":"<!-- This site is optimized with the Yoast SEO plugin v27.5 - https:\/\/yoast.com\/product\/yoast-seo-wordpress\/ -->\n<title>Nowy (NIE)\u0141ad - NOTABENE.WORLD<\/title>\n<meta name=\"robots\" content=\"index, follow, max-snippet:-1, max-image-preview:large, max-video-preview:-1\" \/>\n<link rel=\"canonical\" href=\"https:\/\/notabene.world\/nb\/nowy-nielad\/\" \/>\n<meta property=\"og:locale\" content=\"pl_PL\" \/>\n<meta property=\"og:type\" content=\"article\" \/>\n<meta property=\"og:title\" content=\"Nowy (NIE)\u0141ad - NOTABENE.WORLD\" \/>\n<meta property=\"og:description\" content=\"Nowy \u0141ad brzmi troch\u0119 jak Najwy\u017cszy Porz\u0105dek, tylko \u017ce bez\u00a0Kylo\u00a0Rena na czele. Z pewno\u015bci\u0105 te dwa s\u0142owa niedawno zyska\u0142y na popularno\u015bci.\" \/>\n<meta property=\"og:url\" content=\"https:\/\/notabene.world\/nb\/nowy-nielad\/\" \/>\n<meta property=\"og:site_name\" content=\"NOTABENE.WORLD\" \/>\n<meta property=\"article:publisher\" content=\"https:\/\/www.facebook.com\/Notabene.World\" \/>\n<meta property=\"article:published_time\" content=\"2022-02-03T09:14:00+00:00\" \/>\n<meta property=\"article:modified_time\" content=\"2022-02-20T19:15:30+00:00\" \/>\n<meta property=\"og:image\" content=\"https:\/\/notabene.world\/nb\/wp-content\/uploads\/2022\/01\/420-2.jpg\" \/>\n\t<meta property=\"og:image:width\" content=\"840\" \/>\n\t<meta property=\"og:image:height\" content=\"454\" \/>\n\t<meta property=\"og:image:type\" content=\"image\/jpeg\" \/>\n<meta name=\"author\" content=\"Julia Piasecka\" \/>\n<meta name=\"twitter:card\" content=\"summary_large_image\" \/>\n<meta name=\"twitter:label1\" content=\"Napisane przez\" \/>\n\t<meta name=\"twitter:data1\" content=\"Julia Piasecka\" \/>\n\t<meta name=\"twitter:label2\" content=\"Szacowany czas czytania\" \/>\n\t<meta name=\"twitter:data2\" content=\"4 minuty\" \/>\n<script type=\"application\/ld+json\" class=\"yoast-schema-graph\">{\"@context\":\"https:\\\/\\\/schema.org\",\"@graph\":[{\"@type\":\"Article\",\"@id\":\"https:\\\/\\\/notabene.world\\\/nb\\\/nowy-nielad\\\/#article\",\"isPartOf\":{\"@id\":\"https:\\\/\\\/notabene.world\\\/nb\\\/nowy-nielad\\\/\"},\"author\":{\"name\":\"Julia Piasecka\",\"@id\":\"https:\\\/\\\/notabene.world\\\/nb\\\/#\\\/schema\\\/person\\\/825e898a6b9538de96e67bb72d86be15\"},\"headline\":\"Nowy (NIE)\u0141ad\",\"datePublished\":\"2022-02-03T09:14:00+00:00\",\"dateModified\":\"2022-02-20T19:15:30+00:00\",\"mainEntityOfPage\":{\"@id\":\"https:\\\/\\\/notabene.world\\\/nb\\\/nowy-nielad\\\/\"},\"wordCount\":664,\"publisher\":{\"@id\":\"https:\\\/\\\/notabene.world\\\/nb\\\/#organization\"},\"image\":{\"@id\":\"https:\\\/\\\/notabene.world\\\/nb\\\/nowy-nielad\\\/#primaryimage\"},\"thumbnailUrl\":\"https:\\\/\\\/i0.wp.com\\\/notabene.world\\\/nb\\\/wp-content\\\/uploads\\\/2022\\\/01\\\/420-2.jpg?fit=840%2C454&ssl=1\",\"keywords\":[\"#nowy\u0142ad\",\"#polityka\",\"#spo\u0142ecze\u0144stwo\"],\"articleSection\":[\"Komentarze\",\"Nasz \u015awiat\",\"Publicystyka\",\"Spo\u0142ecze\u0144stwo\"],\"inLanguage\":\"pl-PL\"},{\"@type\":\"WebPage\",\"@id\":\"https:\\\/\\\/notabene.world\\\/nb\\\/nowy-nielad\\\/\",\"url\":\"https:\\\/\\\/notabene.world\\\/nb\\\/nowy-nielad\\\/\",\"name\":\"Nowy (NIE)\u0141ad - NOTABENE.WORLD\",\"isPartOf\":{\"@id\":\"https:\\\/\\\/notabene.world\\\/nb\\\/#website\"},\"primaryImageOfPage\":{\"@id\":\"https:\\\/\\\/notabene.world\\\/nb\\\/nowy-nielad\\\/#primaryimage\"},\"image\":{\"@id\":\"https:\\\/\\\/notabene.world\\\/nb\\\/nowy-nielad\\\/#primaryimage\"},\"thumbnailUrl\":\"https:\\\/\\\/i0.wp.com\\\/notabene.world\\\/nb\\\/wp-content\\\/uploads\\\/2022\\\/01\\\/420-2.jpg?fit=840%2C454&ssl=1\",\"datePublished\":\"2022-02-03T09:14:00+00:00\",\"dateModified\":\"2022-02-20T19:15:30+00:00\",\"breadcrumb\":{\"@id\":\"https:\\\/\\\/notabene.world\\\/nb\\\/nowy-nielad\\\/#breadcrumb\"},\"inLanguage\":\"pl-PL\",\"potentialAction\":[{\"@type\":\"ReadAction\",\"target\":[\"https:\\\/\\\/notabene.world\\\/nb\\\/nowy-nielad\\\/\"]}]},{\"@type\":\"ImageObject\",\"inLanguage\":\"pl-PL\",\"@id\":\"https:\\\/\\\/notabene.world\\\/nb\\\/nowy-nielad\\\/#primaryimage\",\"url\":\"https:\\\/\\\/i0.wp.com\\\/notabene.world\\\/nb\\\/wp-content\\\/uploads\\\/2022\\\/01\\\/420-2.jpg?fit=840%2C454&ssl=1\",\"contentUrl\":\"https:\\\/\\\/i0.wp.com\\\/notabene.world\\\/nb\\\/wp-content\\\/uploads\\\/2022\\\/01\\\/420-2.jpg?fit=840%2C454&ssl=1\",\"width\":840,\"height\":454},{\"@type\":\"BreadcrumbList\",\"@id\":\"https:\\\/\\\/notabene.world\\\/nb\\\/nowy-nielad\\\/#breadcrumb\",\"itemListElement\":[{\"@type\":\"ListItem\",\"position\":1,\"name\":\"Home\",\"item\":\"https:\\\/\\\/notabene.world\\\/nb\\\/\"},{\"@type\":\"ListItem\",\"position\":2,\"name\":\"Nowy (NIE)\u0141ad\"}]},{\"@type\":\"WebSite\",\"@id\":\"https:\\\/\\\/notabene.world\\\/nb\\\/#website\",\"url\":\"https:\\\/\\\/notabene.world\\\/nb\\\/\",\"name\":\"NOTABENE.WORLD\",\"description\":\"Przekaz. Warto\u015bci. Wsp\u00f3lnota.\",\"publisher\":{\"@id\":\"https:\\\/\\\/notabene.world\\\/nb\\\/#organization\"},\"potentialAction\":[{\"@type\":\"SearchAction\",\"target\":{\"@type\":\"EntryPoint\",\"urlTemplate\":\"https:\\\/\\\/notabene.world\\\/nb\\\/?s={search_term_string}\"},\"query-input\":{\"@type\":\"PropertyValueSpecification\",\"valueRequired\":true,\"valueName\":\"search_term_string\"}}],\"inLanguage\":\"pl-PL\"},{\"@type\":\"Organization\",\"@id\":\"https:\\\/\\\/notabene.world\\\/nb\\\/#organization\",\"name\":\"NOTABENE.WORLD\",\"url\":\"https:\\\/\\\/notabene.world\\\/nb\\\/\",\"logo\":{\"@type\":\"ImageObject\",\"inLanguage\":\"pl-PL\",\"@id\":\"https:\\\/\\\/notabene.world\\\/nb\\\/#\\\/schema\\\/logo\\\/image\\\/\",\"url\":\"https:\\\/\\\/notabene.world\\\/nb\\\/wp-content\\\/uploads\\\/2022\\\/01\\\/NB-club-start-www1.jpg\",\"contentUrl\":\"https:\\\/\\\/notabene.world\\\/nb\\\/wp-content\\\/uploads\\\/2022\\\/01\\\/NB-club-start-www1.jpg\",\"width\":1000,\"height\":839,\"caption\":\"NOTABENE.WORLD\"},\"image\":{\"@id\":\"https:\\\/\\\/notabene.world\\\/nb\\\/#\\\/schema\\\/logo\\\/image\\\/\"},\"sameAs\":[\"https:\\\/\\\/www.facebook.com\\\/Notabene.World\"]},{\"@type\":\"Person\",\"@id\":\"https:\\\/\\\/notabene.world\\\/nb\\\/#\\\/schema\\\/person\\\/825e898a6b9538de96e67bb72d86be15\",\"name\":\"Julia Piasecka\",\"image\":{\"@type\":\"ImageObject\",\"inLanguage\":\"pl-PL\",\"@id\":\"https:\\\/\\\/secure.gravatar.com\\\/avatar\\\/8cdbdd4ab66b28acbd2c30a91bc2d76052755817b6c6a0bbf9f5a1615ffaf4d0?s=96&d=mm&r=g\",\"url\":\"https:\\\/\\\/secure.gravatar.com\\\/avatar\\\/8cdbdd4ab66b28acbd2c30a91bc2d76052755817b6c6a0bbf9f5a1615ffaf4d0?s=96&d=mm&r=g\",\"contentUrl\":\"https:\\\/\\\/secure.gravatar.com\\\/avatar\\\/8cdbdd4ab66b28acbd2c30a91bc2d76052755817b6c6a0bbf9f5a1615ffaf4d0?s=96&d=mm&r=g\",\"caption\":\"Julia Piasecka\"},\"url\":\"https:\\\/\\\/notabene.world\\\/nb\\\/author\\\/j-p\\\/\"}]}<\/script>\n<!-- \/ Yoast SEO plugin. -->","yoast_head_json":{"title":"Nowy (NIE)\u0141ad - NOTABENE.WORLD","robots":{"index":"index","follow":"follow","max-snippet":"max-snippet:-1","max-image-preview":"max-image-preview:large","max-video-preview":"max-video-preview:-1"},"canonical":"https:\/\/notabene.world\/nb\/nowy-nielad\/","og_locale":"pl_PL","og_type":"article","og_title":"Nowy (NIE)\u0141ad - NOTABENE.WORLD","og_description":"Nowy \u0141ad brzmi troch\u0119 jak Najwy\u017cszy Porz\u0105dek, tylko \u017ce bez\u00a0Kylo\u00a0Rena na czele. Z pewno\u015bci\u0105 te dwa s\u0142owa niedawno zyska\u0142y na popularno\u015bci.","og_url":"https:\/\/notabene.world\/nb\/nowy-nielad\/","og_site_name":"NOTABENE.WORLD","article_publisher":"https:\/\/www.facebook.com\/Notabene.World","article_published_time":"2022-02-03T09:14:00+00:00","article_modified_time":"2022-02-20T19:15:30+00:00","og_image":[{"width":840,"height":454,"url":"https:\/\/notabene.world\/nb\/wp-content\/uploads\/2022\/01\/420-2.jpg","type":"image\/jpeg"}],"author":"Julia Piasecka","twitter_card":"summary_large_image","twitter_misc":{"Napisane przez":"Julia Piasecka","Szacowany czas czytania":"4 minuty"},"schema":{"@context":"https:\/\/schema.org","@graph":[{"@type":"Article","@id":"https:\/\/notabene.world\/nb\/nowy-nielad\/#article","isPartOf":{"@id":"https:\/\/notabene.world\/nb\/nowy-nielad\/"},"author":{"name":"Julia Piasecka","@id":"https:\/\/notabene.world\/nb\/#\/schema\/person\/825e898a6b9538de96e67bb72d86be15"},"headline":"Nowy (NIE)\u0141ad","datePublished":"2022-02-03T09:14:00+00:00","dateModified":"2022-02-20T19:15:30+00:00","mainEntityOfPage":{"@id":"https:\/\/notabene.world\/nb\/nowy-nielad\/"},"wordCount":664,"publisher":{"@id":"https:\/\/notabene.world\/nb\/#organization"},"image":{"@id":"https:\/\/notabene.world\/nb\/nowy-nielad\/#primaryimage"},"thumbnailUrl":"https:\/\/i0.wp.com\/notabene.world\/nb\/wp-content\/uploads\/2022\/01\/420-2.jpg?fit=840%2C454&ssl=1","keywords":["#nowy\u0142ad","#polityka","#spo\u0142ecze\u0144stwo"],"articleSection":["Komentarze","Nasz \u015awiat","Publicystyka","Spo\u0142ecze\u0144stwo"],"inLanguage":"pl-PL"},{"@type":"WebPage","@id":"https:\/\/notabene.world\/nb\/nowy-nielad\/","url":"https:\/\/notabene.world\/nb\/nowy-nielad\/","name":"Nowy (NIE)\u0141ad - NOTABENE.WORLD","isPartOf":{"@id":"https:\/\/notabene.world\/nb\/#website"},"primaryImageOfPage":{"@id":"https:\/\/notabene.world\/nb\/nowy-nielad\/#primaryimage"},"image":{"@id":"https:\/\/notabene.world\/nb\/nowy-nielad\/#primaryimage"},"thumbnailUrl":"https:\/\/i0.wp.com\/notabene.world\/nb\/wp-content\/uploads\/2022\/01\/420-2.jpg?fit=840%2C454&ssl=1","datePublished":"2022-02-03T09:14:00+00:00","dateModified":"2022-02-20T19:15:30+00:00","breadcrumb":{"@id":"https:\/\/notabene.world\/nb\/nowy-nielad\/#breadcrumb"},"inLanguage":"pl-PL","potentialAction":[{"@type":"ReadAction","target":["https:\/\/notabene.world\/nb\/nowy-nielad\/"]}]},{"@type":"ImageObject","inLanguage":"pl-PL","@id":"https:\/\/notabene.world\/nb\/nowy-nielad\/#primaryimage","url":"https:\/\/i0.wp.com\/notabene.world\/nb\/wp-content\/uploads\/2022\/01\/420-2.jpg?fit=840%2C454&ssl=1","contentUrl":"https:\/\/i0.wp.com\/notabene.world\/nb\/wp-content\/uploads\/2022\/01\/420-2.jpg?fit=840%2C454&ssl=1","width":840,"height":454},{"@type":"BreadcrumbList","@id":"https:\/\/notabene.world\/nb\/nowy-nielad\/#breadcrumb","itemListElement":[{"@type":"ListItem","position":1,"name":"Home","item":"https:\/\/notabene.world\/nb\/"},{"@type":"ListItem","position":2,"name":"Nowy (NIE)\u0141ad"}]},{"@type":"WebSite","@id":"https:\/\/notabene.world\/nb\/#website","url":"https:\/\/notabene.world\/nb\/","name":"NOTABENE.WORLD","description":"Przekaz. Warto\u015bci. Wsp\u00f3lnota.","publisher":{"@id":"https:\/\/notabene.world\/nb\/#organization"},"potentialAction":[{"@type":"SearchAction","target":{"@type":"EntryPoint","urlTemplate":"https:\/\/notabene.world\/nb\/?s={search_term_string}"},"query-input":{"@type":"PropertyValueSpecification","valueRequired":true,"valueName":"search_term_string"}}],"inLanguage":"pl-PL"},{"@type":"Organization","@id":"https:\/\/notabene.world\/nb\/#organization","name":"NOTABENE.WORLD","url":"https:\/\/notabene.world\/nb\/","logo":{"@type":"ImageObject","inLanguage":"pl-PL","@id":"https:\/\/notabene.world\/nb\/#\/schema\/logo\/image\/","url":"https:\/\/notabene.world\/nb\/wp-content\/uploads\/2022\/01\/NB-club-start-www1.jpg","contentUrl":"https:\/\/notabene.world\/nb\/wp-content\/uploads\/2022\/01\/NB-club-start-www1.jpg","width":1000,"height":839,"caption":"NOTABENE.WORLD"},"image":{"@id":"https:\/\/notabene.world\/nb\/#\/schema\/logo\/image\/"},"sameAs":["https:\/\/www.facebook.com\/Notabene.World"]},{"@type":"Person","@id":"https:\/\/notabene.world\/nb\/#\/schema\/person\/825e898a6b9538de96e67bb72d86be15","name":"Julia Piasecka","image":{"@type":"ImageObject","inLanguage":"pl-PL","@id":"https:\/\/secure.gravatar.com\/avatar\/8cdbdd4ab66b28acbd2c30a91bc2d76052755817b6c6a0bbf9f5a1615ffaf4d0?s=96&d=mm&r=g","url":"https:\/\/secure.gravatar.com\/avatar\/8cdbdd4ab66b28acbd2c30a91bc2d76052755817b6c6a0bbf9f5a1615ffaf4d0?s=96&d=mm&r=g","contentUrl":"https:\/\/secure.gravatar.com\/avatar\/8cdbdd4ab66b28acbd2c30a91bc2d76052755817b6c6a0bbf9f5a1615ffaf4d0?s=96&d=mm&r=g","caption":"Julia Piasecka"},"url":"https:\/\/notabene.world\/nb\/author\/j-p\/"}]}},"jetpack_featured_media_url":"https:\/\/i0.wp.com\/notabene.world\/nb\/wp-content\/uploads\/2022\/01\/420-2.jpg?fit=840%2C454&ssl=1","jetpack_sharing_enabled":true,"jetpack_shortlink":"https:\/\/wp.me\/pdCobN-s0","_links":{"self":[{"href":"https:\/\/notabene.world\/nb\/wp-json\/wp\/v2\/posts\/1736","targetHints":{"allow":["GET"]}}],"collection":[{"href":"https:\/\/notabene.world\/nb\/wp-json\/wp\/v2\/posts"}],"about":[{"href":"https:\/\/notabene.world\/nb\/wp-json\/wp\/v2\/types\/post"}],"author":[{"embeddable":true,"href":"https:\/\/notabene.world\/nb\/wp-json\/wp\/v2\/users\/20"}],"replies":[{"embeddable":true,"href":"https:\/\/notabene.world\/nb\/wp-json\/wp\/v2\/comments?post=1736"}],"version-history":[{"count":5,"href":"https:\/\/notabene.world\/nb\/wp-json\/wp\/v2\/posts\/1736\/revisions"}],"predecessor-version":[{"id":1928,"href":"https:\/\/notabene.world\/nb\/wp-json\/wp\/v2\/posts\/1736\/revisions\/1928"}],"wp:featuredmedia":[{"embeddable":true,"href":"https:\/\/notabene.world\/nb\/wp-json\/wp\/v2\/media\/1753"}],"wp:attachment":[{"href":"https:\/\/notabene.world\/nb\/wp-json\/wp\/v2\/media?parent=1736"}],"wp:term":[{"taxonomy":"category","embeddable":true,"href":"https:\/\/notabene.world\/nb\/wp-json\/wp\/v2\/categories?post=1736"},{"taxonomy":"post_tag","embeddable":true,"href":"https:\/\/notabene.world\/nb\/wp-json\/wp\/v2\/tags?post=1736"}],"curies":[{"name":"wp","href":"https:\/\/api.w.org\/{rel}","templated":true}]}}