{"id":17427,"date":"2025-09-02T11:39:00","date_gmt":"2025-09-02T11:39:00","guid":{"rendered":"https:\/\/notabene.world\/nb\/?p=17427"},"modified":"2025-10-10T17:38:26","modified_gmt":"2025-10-10T17:38:26","slug":"hej-rycerze-po-nas-tarcza-i-popiol","status":"publish","type":"post","link":"https:\/\/notabene.world\/nb\/hej-rycerze-po-nas-tarcza-i-popiol\/","title":{"rendered":"Hej, rycerze: po nas tarcza i popi\u00f3\u0142"},"content":{"rendered":"\n<p><strong>Hej, rycerze: po nas tarcza i popi\u00f3\u0142: <em>Reunion, cz. 2<\/em><\/strong><\/p>\n\n\n\n<p>Trzydzie\u015bci lat temu, w kr\u00f3tkiej notce pt. <strong><em><a href=\"https:\/\/www.calameo.com\/read\/00693708208889a2c559d\" target=\"_blank\" rel=\"noreferrer noopener\">Zjazd rycerzy do tarczy<\/a><\/em>,<\/strong> pisa\u0142em o zje\u017adzie absolwent\u00f3w jako rytuale zbiorowego powrotu pod sztandar wsp\u00f3lnoty. Szko\u0142a by\u0142a jeszcze realna \u2013 bez trudu odtwarzali\u015bmy topografi\u0119 szko\u0142y, grymasy twarzy i niuanse zachowa\u0144 \u017cyj\u0105cych w komplecie niedawnych naszych wychowawc\u00f3w, oraz mit za\u0142o\u017cycielski grupy koleg\u00f3w, kt\u00f3rych da\u0142o si\u0119 przywo\u0142a\u0107 bezb\u0142\u0119dnie recytuj\u0105c imiona i nazwiska. Dzi\u015b wiele z tego si\u0119 rozmy\u0142o, a <em>reunion<\/em> przeszed\u0142 transformacj\u0119 \u2013 tak\u017ce w do\u015bwiadczeniu <strong>p\u00f3\u017anych boomers\u00f3w<\/strong>, ale w spos\u00f3b szczeg\u00f3lny r\u00f3wnie\u017c dla <strong>pokolenia X<\/strong>.<\/p>\n\n\n\n<p><strong>Pokolenie bez kotwicy, pokolenie redakcji<\/strong><\/p>\n\n\n\n<p>Gdy tworzyli\u015bmy NOTABENE w latach 80., byli\u015bmy rodem z analogowego \u015bwiata PRL-u. Dojrzewali\u015bmy w eksplozywnych, szalonych latach 90.: wszystko wtedy by\u0142o mo\u017cliwe \u2013 i wszystko mo\u017cna by\u0142o straci\u0107. Jeste\u015bmy wspomnieniem siebie jako pasjonat\u00f3w, dyskutant\u00f3w, u\u017cytkownik\u00f3w pierwszych komputer\u00f3w i posiadaczy dost\u0119pu do fotokopiarki, dost\u0119pu na wag\u0119 z\u0142ota.<\/p>\n\n\n\n<p>Dzi\u015b, w 2025 roku, <strong>nasze biografie to zbiory nieregularne<\/strong>: nikt ju\u017c nie wierzy w jedn\u0105 wsp\u00f3ln\u0105 narracj\u0119. Pracowali\u015bmy w urz\u0119dach, korporacjach, inni w NGO-sach, niekt\u00f3rzy przeszli przez emigracj\u0119, rozwody, transformacje duchowe lub zawodowe. W tym sensie <strong>jako pokolenie jeste\u015bmy emocjonalnie \u2026zdecentralizowani. <\/strong>&nbsp;\u0141\u0105czy nas przede wszystkim g\u0142\u0119boka pami\u0119\u0107 o tym, jak wygl\u0105da\u0142a rzeczywisto\u015b\u0107 przed sieci\u0105.<\/p>\n\n\n\n<p><strong>Zjazd na nasze 40-lecie i na szko\u0142y 300-setn\u0105 rocznic\u0119 jako reboot, nie tylko wspomnienie<\/strong><\/p>\n\n\n\n<p>Dla pokolenia urodzonych w drugiej po\u0142owie lat 60-tych, <em>reunion <\/em>mo\u017ce by\u0107 czym\u015b innym ni\u017c dla koleg\u00f3w cho\u0107by 3-4 lata starszych. Nie tyle powrotem do wsp\u00f3lnoty, ile <strong>symulacj\u0105 starego systemu operacyjnego<\/strong> \u2013 restartem pami\u0119ci w \u015bwiecie, kt\u00f3ry dzia\u0142a ju\u017c na zupe\u0142nie innym oprogramowaniu. Zjazd nie musi by\u0107 rytua\u0142em \u201eprzy tarczy\u201d, ale mo\u017ce by\u0107 <strong>aktem hackowania w\u0142asnej biografii<\/strong>: przypomnieniem sobie siebie z czas\u00f3w, zanim przysz\u0142o wypalenie, zm\u0119czenie, cynizm.<\/p>\n\n\n\n<p>W tym sensie zjazd to <strong>nie nostalgiczne widowisko, ale laboratorium pami\u0119ci<\/strong>. Miejsce, gdzie mo\u017cna jeszcze raz sprawdzi\u0107, czy wsp\u00f3lnota do\u015bwiadcze\u0144 ma w sobie co\u015b autentycznego, czy by\u0142a tylko funkcj\u0105 czasu i miejsca.<\/p>\n\n\n\n<p><strong>Bez programu, bez scenariusza \u2014 i mo\u017ce w\u0142a\u015bnie dlatego prawdziwe<\/strong><\/p>\n\n\n\n<p>Pokolenie pierwszej redakcji NOTABENE coraz mniej wierzy w struktury, a coraz bardziej \u2014 w szczere spotkania bez planu. I mo\u017ce w\u0142a\u015bnie to jest si\u0142\u0105 tego pokolenia \u2014 <strong>zdolno\u015b\u0107 do bycia razem bez potrzeby widowiska<\/strong>. Bez okoliczno\u015bciowych t-shirt\u00f3w, bez gad\u017cet\u00f3w z logo zjazdu, bez Facebookowych lajf\u00f3w i rolek. Czasem wystarczy wsp\u00f3lny \u015bmiech przy czytaniu starych wyda\u0144 pisma albo przypomnienie, kto zgubi\u0142 klucze, a kto nie pi\u0142 wcale.<\/p>\n\n\n\n<p><strong>W roku 2025: mi\u0119dzy diagnoz\u0105 a cisz\u0105<\/strong><\/p>\n\n\n\n<p>Dla wielu os\u00f3b urodzonych w latach 1967\u20131969, obecny moment to czas bilansu nie mniej intensywny ni\u017c dla takich jak ja, tzw. p\u00f3\u017anych boomers\u2019\u00f3w (rocznik 1964, matura 1982). Z jednej strony wci\u0105\u017c aktywni zawodowo, z drugiej \u2013 cz\u0119sto zderzamy si\u0119 z w\u0142asnymi granicami: zm\u0119czeniem, rozczarowaniem, poczuciem wyczerpania pewnych mit\u00f3w (o karierze, wolno\u015bci, wp\u0142ywie).<\/p>\n\n\n\n<p>Je\u015bli tak si\u0119 czujecie i dojechali\u015bcie tu wzrokiem, <strong>to warto by\u0142o si\u0119 spotka\u0107. Nie wszystko musi by\u0107 wypowiedziane\u2026 wida\u0107 po nas. Nawet bez sztandaru. Nawet bez tarczy. Nawet bez maski.<\/strong><\/p>\n\n\n\n<figure class=\"wp-block-image alignwide size-large\"><a href=\"https:\/\/www.calameo.com\/read\/00693708208889a2c559d\" target=\"_blank\" rel=\" noreferrer noopener\"><img data-recalc-dims=\"1\" loading=\"lazy\" decoding=\"async\" width=\"722\" height=\"1024\" src=\"https:\/\/i0.wp.com\/notabene.world\/nb\/wp-content\/uploads\/2025\/09\/nb85-95.jpg?resize=722%2C1024&#038;ssl=1\" alt=\"\" class=\"wp-image-17432\" srcset=\"https:\/\/i0.wp.com\/notabene.world\/nb\/wp-content\/uploads\/2025\/09\/nb85-95.jpg?resize=722%2C1024&amp;ssl=1 722w, https:\/\/i0.wp.com\/notabene.world\/nb\/wp-content\/uploads\/2025\/09\/nb85-95.jpg?resize=211%2C300&amp;ssl=1 211w, https:\/\/i0.wp.com\/notabene.world\/nb\/wp-content\/uploads\/2025\/09\/nb85-95.jpg?resize=768%2C1090&amp;ssl=1 768w, https:\/\/i0.wp.com\/notabene.world\/nb\/wp-content\/uploads\/2025\/09\/nb85-95.jpg?w=800&amp;ssl=1 800w\" sizes=\"auto, (max-width: 722px) 100vw, 722px\" \/><\/a><\/figure>\n","protected":false},"excerpt":{"rendered":"<p>Trzydzie\u015bci lat temu, w kr\u00f3tkiej notce pt. Zjazd rycerzy do tarczy, pisa\u0142em o zje\u017adzie absolwent\u00f3w jako rytuale zbiorowego powrotu pod sztandar wsp\u00f3lnoty. Szko\u0142a by\u0142a jeszcze realna \u2013 bez trudu odtwarzali\u015bmy topografi\u0119 szko\u0142y, grymasy twarzy i niuanse zachowa\u0144 \u017cyj\u0105cych w komplecie niedawnych naszych wychowawc\u00f3w, oraz mit za\u0142o\u017cycielski grupy koleg\u00f3w, kt\u00f3rych da\u0142o si\u0119 przywo\u0142a\u0107 bezb\u0142\u0119dnie recytuj\u0105c imiona i nazwiska.<br \/>\n<br \/>\nDzi\u015b wiele z tego si\u0119 rozmy\u0142o, a reunion przeszed\u0142 transformacj\u0119 \u2013 tak\u017ce w do\u015bwiadczeniu p\u00f3\u017anych boomers\u00f3w, ale w spos\u00f3b szczeg\u00f3lny r\u00f3wnie\u017c dla pokolenia X.<br \/>\n<br \/>\nGdy tworzyli\u015bmy NOTABENE w latach 80., byli\u015bmy rodem z analogowego \u015bwiata PRL-u. Dojrzewali\u015bmy w eksplozywnych, szalonych latach 90.: wszystko wtedy by\u0142o mo\u017cliwe \u2013 i wszystko mo\u017cna by\u0142o straci\u0107.<br \/>\n<br \/>\nJeste\u015bmy niekiedy wspomnieniem siebie jako pasjonat\u00f3w, dyskutant\u00f3w, u\u017cytkownik\u00f3w pierwszych komputer\u00f3w i posiadaczy dost\u0119pu do fotokopiarki, dost\u0119pu na wag\u0119 z\u0142ota.<br \/>\n<br \/>\nDzi\u015b, w 2025 roku, nasze biografie to zbiory nieregularne: nikt ju\u017c nie wierzy w jedn\u0105 wsp\u00f3ln\u0105 narracj\u0119. Pracowali\u015bmy w urz\u0119dach, korporacjach, inni w NGO-sach, niekt\u00f3rzy przeszli przez emigracj\u0119, rozwody, transformacje duchowe lub zawodowe. W tym sensie jako pokolenie jeste\u015bmy emocjonalnie \u2026zdecentralizowani.<br \/>\n<br \/>\n\u0141\u0105czy nas przede wszystkim g\u0142\u0119boka pami\u0119\u0107 o tym, jak wygl\u0105da\u0142a rzeczywisto\u015b\u0107 przed sieci\u0105.<\/p>\n","protected":false},"author":84,"featured_media":17439,"comment_status":"closed","ping_status":"closed","sticky":false,"template":"","format":"standard","meta":{"colormag_page_container_layout":"no_sidebar_content_centered","colormag_page_sidebar_layout":"no_sidebar","_jetpack_memberships_contains_paid_content":false,"footnotes":"","_links_to":"","_links_to_target":""},"categories":[64,240],"tags":[],"class_list":["post-17427","post","type-post","status-publish","format-standard","has-post-thumbnail","hentry","category-aktualnosci","category-notabene"],"yoast_head":"<!-- This site is optimized with the Yoast SEO plugin v27.4 - https:\/\/yoast.com\/product\/yoast-seo-wordpress\/ -->\n<title>Hej, rycerze: po nas tarcza i popi\u00f3\u0142 - NOTABENE.WORLD<\/title>\n<meta name=\"robots\" content=\"index, follow, max-snippet:-1, max-image-preview:large, max-video-preview:-1\" \/>\n<link rel=\"canonical\" href=\"https:\/\/notabene.world\/nb\/hej-rycerze-po-nas-tarcza-i-popiol\/\" \/>\n<meta property=\"og:locale\" content=\"pl_PL\" \/>\n<meta property=\"og:type\" content=\"article\" \/>\n<meta property=\"og:title\" content=\"Hej, rycerze: po nas tarcza i popi\u00f3\u0142 - NOTABENE.WORLD\" \/>\n<meta property=\"og:description\" content=\"Trzydzie\u015bci lat temu, w kr\u00f3tkiej notce pt. Zjazd rycerzy do tarczy, pisa\u0142em o zje\u017adzie absolwent\u00f3w jako rytuale zbiorowego powrotu pod sztandar wsp\u00f3lnoty. Szko\u0142a by\u0142a jeszcze realna \u2013 bez trudu odtwarzali\u015bmy topografi\u0119 szko\u0142y, grymasy twarzy i niuanse zachowa\u0144 \u017cyj\u0105cych w komplecie niedawnych naszych wychowawc\u00f3w, oraz mit za\u0142o\u017cycielski grupy koleg\u00f3w, kt\u00f3rych da\u0142o si\u0119 przywo\u0142a\u0107 bezb\u0142\u0119dnie recytuj\u0105c imiona i nazwiska. Dzi\u015b wiele z tego si\u0119 rozmy\u0142o, a reunion przeszed\u0142 transformacj\u0119 \u2013 tak\u017ce w do\u015bwiadczeniu p\u00f3\u017anych boomers\u00f3w, ale w spos\u00f3b szczeg\u00f3lny r\u00f3wnie\u017c dla pokolenia X. Gdy tworzyli\u015bmy NOTABENE w latach 80., byli\u015bmy rodem z analogowego \u015bwiata PRL-u. Dojrzewali\u015bmy w eksplozywnych, szalonych latach 90.: wszystko wtedy by\u0142o mo\u017cliwe \u2013 i wszystko mo\u017cna by\u0142o straci\u0107. Jeste\u015bmy niekiedy wspomnieniem siebie jako pasjonat\u00f3w, dyskutant\u00f3w, u\u017cytkownik\u00f3w pierwszych komputer\u00f3w i posiadaczy dost\u0119pu do fotokopiarki, dost\u0119pu na wag\u0119 z\u0142ota. Dzi\u015b, w 2025 roku, nasze biografie to zbiory nieregularne: nikt ju\u017c nie wierzy w jedn\u0105 wsp\u00f3ln\u0105 narracj\u0119. Pracowali\u015bmy w urz\u0119dach, korporacjach, inni w NGO-sach, niekt\u00f3rzy przeszli przez emigracj\u0119, rozwody, transformacje duchowe lub zawodowe. W tym sensie jako pokolenie jeste\u015bmy emocjonalnie \u2026zdecentralizowani.  \u0141\u0105czy nas przede wszystkim g\u0142\u0119boka pami\u0119\u0107 o tym, jak wygl\u0105da\u0142a rzeczywisto\u015b\u0107 przed sieci\u0105.\" \/>\n<meta property=\"og:url\" content=\"https:\/\/notabene.world\/nb\/hej-rycerze-po-nas-tarcza-i-popiol\/\" \/>\n<meta property=\"og:site_name\" content=\"NOTABENE.WORLD\" \/>\n<meta property=\"article:publisher\" content=\"https:\/\/www.facebook.com\/Notabene.World\" \/>\n<meta property=\"article:published_time\" content=\"2025-09-02T11:39:00+00:00\" \/>\n<meta property=\"article:modified_time\" content=\"2025-10-10T17:38:26+00:00\" \/>\n<meta property=\"og:image\" content=\"https:\/\/notabene.world\/nb\/wp-content\/uploads\/2025\/09\/nb1995gray-1.jpg\" \/>\n\t<meta property=\"og:image:width\" content=\"800\" \/>\n\t<meta property=\"og:image:height\" content=\"445\" \/>\n\t<meta property=\"og:image:type\" content=\"image\/jpeg\" \/>\n<meta name=\"author\" content=\"Waldemar Pac\u0142awski\" \/>\n<meta name=\"twitter:card\" content=\"summary_large_image\" \/>\n<meta name=\"twitter:label1\" content=\"Napisane przez\" \/>\n\t<meta name=\"twitter:data1\" content=\"Waldemar Pac\u0142awski\" \/>\n\t<meta name=\"twitter:label2\" content=\"Szacowany czas czytania\" \/>\n\t<meta name=\"twitter:data2\" content=\"3 minuty\" \/>\n<script type=\"application\/ld+json\" class=\"yoast-schema-graph\">{\"@context\":\"https:\\\/\\\/schema.org\",\"@graph\":[{\"@type\":\"Article\",\"@id\":\"https:\\\/\\\/notabene.world\\\/nb\\\/hej-rycerze-po-nas-tarcza-i-popiol\\\/#article\",\"isPartOf\":{\"@id\":\"https:\\\/\\\/notabene.world\\\/nb\\\/hej-rycerze-po-nas-tarcza-i-popiol\\\/\"},\"author\":{\"name\":\"Waldemar Pac\u0142awski\",\"@id\":\"https:\\\/\\\/notabene.world\\\/nb\\\/#\\\/schema\\\/person\\\/d9c534b79277dcf014ffe4929118f91d\"},\"headline\":\"Hej, rycerze: po nas tarcza i popi\u00f3\u0142\",\"datePublished\":\"2025-09-02T11:39:00+00:00\",\"dateModified\":\"2025-10-10T17:38:26+00:00\",\"mainEntityOfPage\":{\"@id\":\"https:\\\/\\\/notabene.world\\\/nb\\\/hej-rycerze-po-nas-tarcza-i-popiol\\\/\"},\"wordCount\":563,\"publisher\":{\"@id\":\"https:\\\/\\\/notabene.world\\\/nb\\\/#organization\"},\"image\":{\"@id\":\"https:\\\/\\\/notabene.world\\\/nb\\\/hej-rycerze-po-nas-tarcza-i-popiol\\\/#primaryimage\"},\"thumbnailUrl\":\"https:\\\/\\\/i0.wp.com\\\/notabene.world\\\/nb\\\/wp-content\\\/uploads\\\/2025\\\/09\\\/nb1995gray-1.jpg?fit=800%2C445&ssl=1\",\"articleSection\":[\"Aktualno\u015bci\",\"NOTABENE 1985-2025\"],\"inLanguage\":\"pl-PL\"},{\"@type\":\"WebPage\",\"@id\":\"https:\\\/\\\/notabene.world\\\/nb\\\/hej-rycerze-po-nas-tarcza-i-popiol\\\/\",\"url\":\"https:\\\/\\\/notabene.world\\\/nb\\\/hej-rycerze-po-nas-tarcza-i-popiol\\\/\",\"name\":\"Hej, rycerze: po nas tarcza i popi\u00f3\u0142 - NOTABENE.WORLD\",\"isPartOf\":{\"@id\":\"https:\\\/\\\/notabene.world\\\/nb\\\/#website\"},\"primaryImageOfPage\":{\"@id\":\"https:\\\/\\\/notabene.world\\\/nb\\\/hej-rycerze-po-nas-tarcza-i-popiol\\\/#primaryimage\"},\"image\":{\"@id\":\"https:\\\/\\\/notabene.world\\\/nb\\\/hej-rycerze-po-nas-tarcza-i-popiol\\\/#primaryimage\"},\"thumbnailUrl\":\"https:\\\/\\\/i0.wp.com\\\/notabene.world\\\/nb\\\/wp-content\\\/uploads\\\/2025\\\/09\\\/nb1995gray-1.jpg?fit=800%2C445&ssl=1\",\"datePublished\":\"2025-09-02T11:39:00+00:00\",\"dateModified\":\"2025-10-10T17:38:26+00:00\",\"breadcrumb\":{\"@id\":\"https:\\\/\\\/notabene.world\\\/nb\\\/hej-rycerze-po-nas-tarcza-i-popiol\\\/#breadcrumb\"},\"inLanguage\":\"pl-PL\",\"potentialAction\":[{\"@type\":\"ReadAction\",\"target\":[\"https:\\\/\\\/notabene.world\\\/nb\\\/hej-rycerze-po-nas-tarcza-i-popiol\\\/\"]}]},{\"@type\":\"ImageObject\",\"inLanguage\":\"pl-PL\",\"@id\":\"https:\\\/\\\/notabene.world\\\/nb\\\/hej-rycerze-po-nas-tarcza-i-popiol\\\/#primaryimage\",\"url\":\"https:\\\/\\\/i0.wp.com\\\/notabene.world\\\/nb\\\/wp-content\\\/uploads\\\/2025\\\/09\\\/nb1995gray-1.jpg?fit=800%2C445&ssl=1\",\"contentUrl\":\"https:\\\/\\\/i0.wp.com\\\/notabene.world\\\/nb\\\/wp-content\\\/uploads\\\/2025\\\/09\\\/nb1995gray-1.jpg?fit=800%2C445&ssl=1\",\"width\":800,\"height\":445},{\"@type\":\"BreadcrumbList\",\"@id\":\"https:\\\/\\\/notabene.world\\\/nb\\\/hej-rycerze-po-nas-tarcza-i-popiol\\\/#breadcrumb\",\"itemListElement\":[{\"@type\":\"ListItem\",\"position\":1,\"name\":\"Home\",\"item\":\"https:\\\/\\\/notabene.world\\\/nb\\\/\"},{\"@type\":\"ListItem\",\"position\":2,\"name\":\"Hej, rycerze: po nas tarcza i popi\u00f3\u0142\"}]},{\"@type\":\"WebSite\",\"@id\":\"https:\\\/\\\/notabene.world\\\/nb\\\/#website\",\"url\":\"https:\\\/\\\/notabene.world\\\/nb\\\/\",\"name\":\"NOTABENE.WORLD\",\"description\":\"Przekaz. Warto\u015bci. Wsp\u00f3lnota.\",\"publisher\":{\"@id\":\"https:\\\/\\\/notabene.world\\\/nb\\\/#organization\"},\"potentialAction\":[{\"@type\":\"SearchAction\",\"target\":{\"@type\":\"EntryPoint\",\"urlTemplate\":\"https:\\\/\\\/notabene.world\\\/nb\\\/?s={search_term_string}\"},\"query-input\":{\"@type\":\"PropertyValueSpecification\",\"valueRequired\":true,\"valueName\":\"search_term_string\"}}],\"inLanguage\":\"pl-PL\"},{\"@type\":\"Organization\",\"@id\":\"https:\\\/\\\/notabene.world\\\/nb\\\/#organization\",\"name\":\"NOTABENE.WORLD\",\"url\":\"https:\\\/\\\/notabene.world\\\/nb\\\/\",\"logo\":{\"@type\":\"ImageObject\",\"inLanguage\":\"pl-PL\",\"@id\":\"https:\\\/\\\/notabene.world\\\/nb\\\/#\\\/schema\\\/logo\\\/image\\\/\",\"url\":\"https:\\\/\\\/notabene.world\\\/nb\\\/wp-content\\\/uploads\\\/2022\\\/01\\\/NB-club-start-www1.jpg\",\"contentUrl\":\"https:\\\/\\\/notabene.world\\\/nb\\\/wp-content\\\/uploads\\\/2022\\\/01\\\/NB-club-start-www1.jpg\",\"width\":1000,\"height\":839,\"caption\":\"NOTABENE.WORLD\"},\"image\":{\"@id\":\"https:\\\/\\\/notabene.world\\\/nb\\\/#\\\/schema\\\/logo\\\/image\\\/\"},\"sameAs\":[\"https:\\\/\\\/www.facebook.com\\\/Notabene.World\"]},{\"@type\":\"Person\",\"@id\":\"https:\\\/\\\/notabene.world\\\/nb\\\/#\\\/schema\\\/person\\\/d9c534b79277dcf014ffe4929118f91d\",\"name\":\"Waldemar Pac\u0142awski\",\"image\":{\"@type\":\"ImageObject\",\"inLanguage\":\"pl-PL\",\"@id\":\"https:\\\/\\\/secure.gravatar.com\\\/avatar\\\/134f01ebe709b41083c237a33bb6a64fbb2fa574755ce139b04f87a4fd7dbb68?s=96&d=mm&r=g\",\"url\":\"https:\\\/\\\/secure.gravatar.com\\\/avatar\\\/134f01ebe709b41083c237a33bb6a64fbb2fa574755ce139b04f87a4fd7dbb68?s=96&d=mm&r=g\",\"contentUrl\":\"https:\\\/\\\/secure.gravatar.com\\\/avatar\\\/134f01ebe709b41083c237a33bb6a64fbb2fa574755ce139b04f87a4fd7dbb68?s=96&d=mm&r=g\",\"caption\":\"Waldemar Pac\u0142awski\"},\"url\":\"https:\\\/\\\/notabene.world\\\/nb\\\/author\\\/wal-j-pac\\\/\"}]}<\/script>\n<!-- \/ Yoast SEO plugin. -->","yoast_head_json":{"title":"Hej, rycerze: po nas tarcza i popi\u00f3\u0142 - NOTABENE.WORLD","robots":{"index":"index","follow":"follow","max-snippet":"max-snippet:-1","max-image-preview":"max-image-preview:large","max-video-preview":"max-video-preview:-1"},"canonical":"https:\/\/notabene.world\/nb\/hej-rycerze-po-nas-tarcza-i-popiol\/","og_locale":"pl_PL","og_type":"article","og_title":"Hej, rycerze: po nas tarcza i popi\u00f3\u0142 - NOTABENE.WORLD","og_description":"Trzydzie\u015bci lat temu, w kr\u00f3tkiej notce pt. Zjazd rycerzy do tarczy, pisa\u0142em o zje\u017adzie absolwent\u00f3w jako rytuale zbiorowego powrotu pod sztandar wsp\u00f3lnoty. Szko\u0142a by\u0142a jeszcze realna \u2013 bez trudu odtwarzali\u015bmy topografi\u0119 szko\u0142y, grymasy twarzy i niuanse zachowa\u0144 \u017cyj\u0105cych w komplecie niedawnych naszych wychowawc\u00f3w, oraz mit za\u0142o\u017cycielski grupy koleg\u00f3w, kt\u00f3rych da\u0142o si\u0119 przywo\u0142a\u0107 bezb\u0142\u0119dnie recytuj\u0105c imiona i nazwiska. Dzi\u015b wiele z tego si\u0119 rozmy\u0142o, a reunion przeszed\u0142 transformacj\u0119 \u2013 tak\u017ce w do\u015bwiadczeniu p\u00f3\u017anych boomers\u00f3w, ale w spos\u00f3b szczeg\u00f3lny r\u00f3wnie\u017c dla pokolenia X. Gdy tworzyli\u015bmy NOTABENE w latach 80., byli\u015bmy rodem z analogowego \u015bwiata PRL-u. Dojrzewali\u015bmy w eksplozywnych, szalonych latach 90.: wszystko wtedy by\u0142o mo\u017cliwe \u2013 i wszystko mo\u017cna by\u0142o straci\u0107. Jeste\u015bmy niekiedy wspomnieniem siebie jako pasjonat\u00f3w, dyskutant\u00f3w, u\u017cytkownik\u00f3w pierwszych komputer\u00f3w i posiadaczy dost\u0119pu do fotokopiarki, dost\u0119pu na wag\u0119 z\u0142ota. Dzi\u015b, w 2025 roku, nasze biografie to zbiory nieregularne: nikt ju\u017c nie wierzy w jedn\u0105 wsp\u00f3ln\u0105 narracj\u0119. Pracowali\u015bmy w urz\u0119dach, korporacjach, inni w NGO-sach, niekt\u00f3rzy przeszli przez emigracj\u0119, rozwody, transformacje duchowe lub zawodowe. W tym sensie jako pokolenie jeste\u015bmy emocjonalnie \u2026zdecentralizowani.  \u0141\u0105czy nas przede wszystkim g\u0142\u0119boka pami\u0119\u0107 o tym, jak wygl\u0105da\u0142a rzeczywisto\u015b\u0107 przed sieci\u0105.","og_url":"https:\/\/notabene.world\/nb\/hej-rycerze-po-nas-tarcza-i-popiol\/","og_site_name":"NOTABENE.WORLD","article_publisher":"https:\/\/www.facebook.com\/Notabene.World","article_published_time":"2025-09-02T11:39:00+00:00","article_modified_time":"2025-10-10T17:38:26+00:00","og_image":[{"width":800,"height":445,"url":"https:\/\/notabene.world\/nb\/wp-content\/uploads\/2025\/09\/nb1995gray-1.jpg","type":"image\/jpeg"}],"author":"Waldemar Pac\u0142awski","twitter_card":"summary_large_image","twitter_misc":{"Napisane przez":"Waldemar Pac\u0142awski","Szacowany czas czytania":"3 minuty"},"schema":{"@context":"https:\/\/schema.org","@graph":[{"@type":"Article","@id":"https:\/\/notabene.world\/nb\/hej-rycerze-po-nas-tarcza-i-popiol\/#article","isPartOf":{"@id":"https:\/\/notabene.world\/nb\/hej-rycerze-po-nas-tarcza-i-popiol\/"},"author":{"name":"Waldemar Pac\u0142awski","@id":"https:\/\/notabene.world\/nb\/#\/schema\/person\/d9c534b79277dcf014ffe4929118f91d"},"headline":"Hej, rycerze: po nas tarcza i popi\u00f3\u0142","datePublished":"2025-09-02T11:39:00+00:00","dateModified":"2025-10-10T17:38:26+00:00","mainEntityOfPage":{"@id":"https:\/\/notabene.world\/nb\/hej-rycerze-po-nas-tarcza-i-popiol\/"},"wordCount":563,"publisher":{"@id":"https:\/\/notabene.world\/nb\/#organization"},"image":{"@id":"https:\/\/notabene.world\/nb\/hej-rycerze-po-nas-tarcza-i-popiol\/#primaryimage"},"thumbnailUrl":"https:\/\/i0.wp.com\/notabene.world\/nb\/wp-content\/uploads\/2025\/09\/nb1995gray-1.jpg?fit=800%2C445&ssl=1","articleSection":["Aktualno\u015bci","NOTABENE 1985-2025"],"inLanguage":"pl-PL"},{"@type":"WebPage","@id":"https:\/\/notabene.world\/nb\/hej-rycerze-po-nas-tarcza-i-popiol\/","url":"https:\/\/notabene.world\/nb\/hej-rycerze-po-nas-tarcza-i-popiol\/","name":"Hej, rycerze: po nas tarcza i popi\u00f3\u0142 - NOTABENE.WORLD","isPartOf":{"@id":"https:\/\/notabene.world\/nb\/#website"},"primaryImageOfPage":{"@id":"https:\/\/notabene.world\/nb\/hej-rycerze-po-nas-tarcza-i-popiol\/#primaryimage"},"image":{"@id":"https:\/\/notabene.world\/nb\/hej-rycerze-po-nas-tarcza-i-popiol\/#primaryimage"},"thumbnailUrl":"https:\/\/i0.wp.com\/notabene.world\/nb\/wp-content\/uploads\/2025\/09\/nb1995gray-1.jpg?fit=800%2C445&ssl=1","datePublished":"2025-09-02T11:39:00+00:00","dateModified":"2025-10-10T17:38:26+00:00","breadcrumb":{"@id":"https:\/\/notabene.world\/nb\/hej-rycerze-po-nas-tarcza-i-popiol\/#breadcrumb"},"inLanguage":"pl-PL","potentialAction":[{"@type":"ReadAction","target":["https:\/\/notabene.world\/nb\/hej-rycerze-po-nas-tarcza-i-popiol\/"]}]},{"@type":"ImageObject","inLanguage":"pl-PL","@id":"https:\/\/notabene.world\/nb\/hej-rycerze-po-nas-tarcza-i-popiol\/#primaryimage","url":"https:\/\/i0.wp.com\/notabene.world\/nb\/wp-content\/uploads\/2025\/09\/nb1995gray-1.jpg?fit=800%2C445&ssl=1","contentUrl":"https:\/\/i0.wp.com\/notabene.world\/nb\/wp-content\/uploads\/2025\/09\/nb1995gray-1.jpg?fit=800%2C445&ssl=1","width":800,"height":445},{"@type":"BreadcrumbList","@id":"https:\/\/notabene.world\/nb\/hej-rycerze-po-nas-tarcza-i-popiol\/#breadcrumb","itemListElement":[{"@type":"ListItem","position":1,"name":"Home","item":"https:\/\/notabene.world\/nb\/"},{"@type":"ListItem","position":2,"name":"Hej, rycerze: po nas tarcza i popi\u00f3\u0142"}]},{"@type":"WebSite","@id":"https:\/\/notabene.world\/nb\/#website","url":"https:\/\/notabene.world\/nb\/","name":"NOTABENE.WORLD","description":"Przekaz. Warto\u015bci. Wsp\u00f3lnota.","publisher":{"@id":"https:\/\/notabene.world\/nb\/#organization"},"potentialAction":[{"@type":"SearchAction","target":{"@type":"EntryPoint","urlTemplate":"https:\/\/notabene.world\/nb\/?s={search_term_string}"},"query-input":{"@type":"PropertyValueSpecification","valueRequired":true,"valueName":"search_term_string"}}],"inLanguage":"pl-PL"},{"@type":"Organization","@id":"https:\/\/notabene.world\/nb\/#organization","name":"NOTABENE.WORLD","url":"https:\/\/notabene.world\/nb\/","logo":{"@type":"ImageObject","inLanguage":"pl-PL","@id":"https:\/\/notabene.world\/nb\/#\/schema\/logo\/image\/","url":"https:\/\/notabene.world\/nb\/wp-content\/uploads\/2022\/01\/NB-club-start-www1.jpg","contentUrl":"https:\/\/notabene.world\/nb\/wp-content\/uploads\/2022\/01\/NB-club-start-www1.jpg","width":1000,"height":839,"caption":"NOTABENE.WORLD"},"image":{"@id":"https:\/\/notabene.world\/nb\/#\/schema\/logo\/image\/"},"sameAs":["https:\/\/www.facebook.com\/Notabene.World"]},{"@type":"Person","@id":"https:\/\/notabene.world\/nb\/#\/schema\/person\/d9c534b79277dcf014ffe4929118f91d","name":"Waldemar Pac\u0142awski","image":{"@type":"ImageObject","inLanguage":"pl-PL","@id":"https:\/\/secure.gravatar.com\/avatar\/134f01ebe709b41083c237a33bb6a64fbb2fa574755ce139b04f87a4fd7dbb68?s=96&d=mm&r=g","url":"https:\/\/secure.gravatar.com\/avatar\/134f01ebe709b41083c237a33bb6a64fbb2fa574755ce139b04f87a4fd7dbb68?s=96&d=mm&r=g","contentUrl":"https:\/\/secure.gravatar.com\/avatar\/134f01ebe709b41083c237a33bb6a64fbb2fa574755ce139b04f87a4fd7dbb68?s=96&d=mm&r=g","caption":"Waldemar Pac\u0142awski"},"url":"https:\/\/notabene.world\/nb\/author\/wal-j-pac\/"}]}},"jetpack_featured_media_url":"https:\/\/i0.wp.com\/notabene.world\/nb\/wp-content\/uploads\/2025\/09\/nb1995gray-1.jpg?fit=800%2C445&ssl=1","jetpack_sharing_enabled":true,"jetpack_shortlink":"https:\/\/wp.me\/pdCobN-4x5","_links":{"self":[{"href":"https:\/\/notabene.world\/nb\/wp-json\/wp\/v2\/posts\/17427","targetHints":{"allow":["GET"]}}],"collection":[{"href":"https:\/\/notabene.world\/nb\/wp-json\/wp\/v2\/posts"}],"about":[{"href":"https:\/\/notabene.world\/nb\/wp-json\/wp\/v2\/types\/post"}],"author":[{"embeddable":true,"href":"https:\/\/notabene.world\/nb\/wp-json\/wp\/v2\/users\/84"}],"replies":[{"embeddable":true,"href":"https:\/\/notabene.world\/nb\/wp-json\/wp\/v2\/comments?post=17427"}],"version-history":[{"count":5,"href":"https:\/\/notabene.world\/nb\/wp-json\/wp\/v2\/posts\/17427\/revisions"}],"predecessor-version":[{"id":17474,"href":"https:\/\/notabene.world\/nb\/wp-json\/wp\/v2\/posts\/17427\/revisions\/17474"}],"wp:featuredmedia":[{"embeddable":true,"href":"https:\/\/notabene.world\/nb\/wp-json\/wp\/v2\/media\/17439"}],"wp:attachment":[{"href":"https:\/\/notabene.world\/nb\/wp-json\/wp\/v2\/media?parent=17427"}],"wp:term":[{"taxonomy":"category","embeddable":true,"href":"https:\/\/notabene.world\/nb\/wp-json\/wp\/v2\/categories?post=17427"},{"taxonomy":"post_tag","embeddable":true,"href":"https:\/\/notabene.world\/nb\/wp-json\/wp\/v2\/tags?post=17427"}],"curies":[{"name":"wp","href":"https:\/\/api.w.org\/{rel}","templated":true}]}}