{"id":17441,"date":"2025-08-14T04:07:00","date_gmt":"2025-08-14T04:07:00","guid":{"rendered":"https:\/\/notabene.world\/nb\/?p=17441"},"modified":"2025-09-15T14:25:12","modified_gmt":"2025-09-15T14:25:12","slug":"ocalic-od-zapomnienia","status":"publish","type":"post","link":"https:\/\/notabene.world\/nb\/ocalic-od-zapomnienia\/","title":{"rendered":"Ocali\u0107 od zapomnienia"},"content":{"rendered":"\n<p><strong>Andrzej Barwicki<\/strong><\/p>\n\n\n\n<p><strong>&#8230;Ile r\u00f3\u017cnych dar\u00f3w losu,<\/strong><\/p>\n\n\n\n<p><strong>Ile zdarze\u0144 zapomnianych,<\/strong><\/p>\n\n\n\n<p><strong>Ile tu spotkanych os\u00f3b<\/strong><\/p>\n\n\n\n<p><strong>Zwyk\u0142ych i tych bardzo znanych&#8230;<\/strong><\/p>\n\n\n\n<p><strong>Ile spotka\u0144, ile rozsta\u0144<\/strong><\/p>\n\n\n\n<p><strong>Trudnej pracy ludzi wielu,<\/strong><\/p>\n\n\n\n<p><strong>By nam p\u00f3\u017aniej droga prosta<\/strong><\/p>\n\n\n\n<p><strong>Pozwala\u0142a doj\u015b\u0107 do celu&#8230;<\/strong><\/p>\n\n\n\n<p><strong>Ile ka\u017cdy w wyobra\u017ani<\/strong><\/p>\n\n\n\n<p><strong>Nosi\u0142 pragnien, cel\u00f3w, d\u0105\u017ce\u0144&#8230;<\/strong><\/p>\n\n\n\n<p><strong>Ile bliskich wci\u0105\u017c przyja\u017ani;<\/strong><\/p>\n\n\n\n<p><strong>Przeczytanych wsp\u00f3lnie ksi\u0105\u017cek&#8230;<\/strong><\/p>\n\n\n\n<p><strong>Cho\u0107 ju\u017c lat min\u0119\u0142o tyle,<\/strong><\/p>\n\n\n\n<p><strong>\u015awiat gdzie\u015b p\u0119dzi bez wytchnienia,<\/strong><\/p>\n\n\n\n<p><strong>Chcia\u0142bym te minione chwile<\/strong><\/p>\n\n\n\n<p><strong>Ocali\u0107 od zapomnienia.<\/strong><\/p>\n\n\n\n<p><strong>Dzisiaj, gdy te s\u0142owa pisz\u0119<\/strong><\/p>\n\n\n\n<p><strong>Mam w pami\u0119ci tamte twarze,<\/strong><\/p>\n\n\n\n<p><strong>D\u017awi\u0119k szkolnego dzwonka s\u0142ysz\u0119,<\/strong><\/p>\n\n\n\n<p><strong>Widz\u0119 szkolne korytarze&#8230;<\/strong><\/p>\n\n\n\n<p><strong>C\u00f3\u017c! Cho\u0107 Ziemia wci\u0105\u017c si\u0119 kr\u0119ci<\/strong><\/p>\n\n\n\n<p><strong>Dawna szko\u0142a te\u017c si\u0119 zmienia,<\/strong><\/p>\n\n\n\n<p><strong>Chc\u0119 t\u0119, kt\u00f3r\u0105 mam w pami\u0119ci<\/strong><\/p>\n\n\n\n<p><strong>Ocali\u0107 od zapomnienia&#8230;<\/strong><\/p>\n\n\n\n<p>Mam nadziej\u0119, \u017ce i ja, cho\u0107 w cz\u0119\u015bci si\u0119 do tego przyczyni\u0119&#8230;<\/p>\n\n\n\n<p><\/p>\n\n\n\n<p class=\"has-text-align-right\"><strong>Andrzej Barwicki \u2022 Absolwent I LO im. Stefana \u017beromskiego w Kielcach (matura 1967)<\/strong><\/p>\n","protected":false},"excerpt":{"rendered":"<p>Andrzej Barwicki &#8230;Ile r\u00f3\u017cnych dar\u00f3w losu, Ile zdarze\u0144 zapomnianych, Ile tu spotkanych os\u00f3b Zwyk\u0142ych i tych bardzo znanych&#8230; Ile spotka\u0144,<\/p>\n","protected":false},"author":85,"featured_media":17443,"comment_status":"closed","ping_status":"closed","sticky":false,"template":"","format":"standard","meta":{"colormag_page_container_layout":"no_sidebar_content_centered","colormag_page_sidebar_layout":"no_sidebar","_jetpack_memberships_contains_paid_content":false,"footnotes":"","_links_to":"","_links_to_target":""},"categories":[240],"tags":[],"class_list":["post-17441","post","type-post","status-publish","format-standard","has-post-thumbnail","hentry","category-notabene"],"yoast_head":"<!-- This site is optimized with the Yoast SEO plugin v27.4 - https:\/\/yoast.com\/product\/yoast-seo-wordpress\/ -->\n<title>Ocali\u0107 od zapomnienia - NOTABENE.WORLD<\/title>\n<meta name=\"robots\" content=\"index, follow, max-snippet:-1, max-image-preview:large, max-video-preview:-1\" \/>\n<link rel=\"canonical\" href=\"https:\/\/notabene.world\/nb\/ocalic-od-zapomnienia\/\" \/>\n<meta property=\"og:locale\" content=\"pl_PL\" \/>\n<meta property=\"og:type\" content=\"article\" \/>\n<meta property=\"og:title\" content=\"Ocali\u0107 od zapomnienia - NOTABENE.WORLD\" \/>\n<meta property=\"og:description\" content=\"Andrzej Barwicki &#8230;Ile r\u00f3\u017cnych dar\u00f3w losu, Ile zdarze\u0144 zapomnianych, Ile tu spotkanych os\u00f3b Zwyk\u0142ych i tych bardzo znanych&#8230; Ile spotka\u0144,\" \/>\n<meta property=\"og:url\" content=\"https:\/\/notabene.world\/nb\/ocalic-od-zapomnienia\/\" \/>\n<meta property=\"og:site_name\" content=\"NOTABENE.WORLD\" \/>\n<meta property=\"article:publisher\" content=\"https:\/\/www.facebook.com\/Notabene.World\" \/>\n<meta property=\"article:published_time\" content=\"2025-08-14T04:07:00+00:00\" \/>\n<meta property=\"article:modified_time\" content=\"2025-09-15T14:25:12+00:00\" \/>\n<meta property=\"og:image\" content=\"https:\/\/notabene.world\/nb\/wp-content\/uploads\/2025\/09\/ooz.jpg\" \/>\n\t<meta property=\"og:image:width\" content=\"800\" \/>\n\t<meta property=\"og:image:height\" content=\"445\" \/>\n\t<meta property=\"og:image:type\" content=\"image\/jpeg\" \/>\n<meta name=\"author\" content=\"Andrzej Barwicki\" \/>\n<meta name=\"twitter:card\" content=\"summary_large_image\" \/>\n<meta name=\"twitter:label1\" content=\"Napisane przez\" \/>\n\t<meta name=\"twitter:data1\" content=\"Andrzej Barwicki\" \/>\n\t<meta name=\"twitter:label2\" content=\"Szacowany czas czytania\" \/>\n\t<meta name=\"twitter:data2\" content=\"1 minuta\" \/>\n<script type=\"application\/ld+json\" class=\"yoast-schema-graph\">{\"@context\":\"https:\\\/\\\/schema.org\",\"@graph\":[{\"@type\":\"Article\",\"@id\":\"https:\\\/\\\/notabene.world\\\/nb\\\/ocalic-od-zapomnienia\\\/#article\",\"isPartOf\":{\"@id\":\"https:\\\/\\\/notabene.world\\\/nb\\\/ocalic-od-zapomnienia\\\/\"},\"author\":{\"name\":\"Andrzej Barwicki\",\"@id\":\"https:\\\/\\\/notabene.world\\\/nb\\\/#\\\/schema\\\/person\\\/95eeaf731d18e54fe083e255bce58a2a\"},\"headline\":\"Ocali\u0107 od zapomnienia\",\"datePublished\":\"2025-08-14T04:07:00+00:00\",\"dateModified\":\"2025-09-15T14:25:12+00:00\",\"mainEntityOfPage\":{\"@id\":\"https:\\\/\\\/notabene.world\\\/nb\\\/ocalic-od-zapomnienia\\\/\"},\"wordCount\":156,\"publisher\":{\"@id\":\"https:\\\/\\\/notabene.world\\\/nb\\\/#organization\"},\"image\":{\"@id\":\"https:\\\/\\\/notabene.world\\\/nb\\\/ocalic-od-zapomnienia\\\/#primaryimage\"},\"thumbnailUrl\":\"https:\\\/\\\/i0.wp.com\\\/notabene.world\\\/nb\\\/wp-content\\\/uploads\\\/2025\\\/09\\\/ooz.jpg?fit=800%2C445&ssl=1\",\"articleSection\":[\"NOTABENE 1985-2025\"],\"inLanguage\":\"pl-PL\"},{\"@type\":\"WebPage\",\"@id\":\"https:\\\/\\\/notabene.world\\\/nb\\\/ocalic-od-zapomnienia\\\/\",\"url\":\"https:\\\/\\\/notabene.world\\\/nb\\\/ocalic-od-zapomnienia\\\/\",\"name\":\"Ocali\u0107 od zapomnienia - NOTABENE.WORLD\",\"isPartOf\":{\"@id\":\"https:\\\/\\\/notabene.world\\\/nb\\\/#website\"},\"primaryImageOfPage\":{\"@id\":\"https:\\\/\\\/notabene.world\\\/nb\\\/ocalic-od-zapomnienia\\\/#primaryimage\"},\"image\":{\"@id\":\"https:\\\/\\\/notabene.world\\\/nb\\\/ocalic-od-zapomnienia\\\/#primaryimage\"},\"thumbnailUrl\":\"https:\\\/\\\/i0.wp.com\\\/notabene.world\\\/nb\\\/wp-content\\\/uploads\\\/2025\\\/09\\\/ooz.jpg?fit=800%2C445&ssl=1\",\"datePublished\":\"2025-08-14T04:07:00+00:00\",\"dateModified\":\"2025-09-15T14:25:12+00:00\",\"breadcrumb\":{\"@id\":\"https:\\\/\\\/notabene.world\\\/nb\\\/ocalic-od-zapomnienia\\\/#breadcrumb\"},\"inLanguage\":\"pl-PL\",\"potentialAction\":[{\"@type\":\"ReadAction\",\"target\":[\"https:\\\/\\\/notabene.world\\\/nb\\\/ocalic-od-zapomnienia\\\/\"]}]},{\"@type\":\"ImageObject\",\"inLanguage\":\"pl-PL\",\"@id\":\"https:\\\/\\\/notabene.world\\\/nb\\\/ocalic-od-zapomnienia\\\/#primaryimage\",\"url\":\"https:\\\/\\\/i0.wp.com\\\/notabene.world\\\/nb\\\/wp-content\\\/uploads\\\/2025\\\/09\\\/ooz.jpg?fit=800%2C445&ssl=1\",\"contentUrl\":\"https:\\\/\\\/i0.wp.com\\\/notabene.world\\\/nb\\\/wp-content\\\/uploads\\\/2025\\\/09\\\/ooz.jpg?fit=800%2C445&ssl=1\",\"width\":800,\"height\":445},{\"@type\":\"BreadcrumbList\",\"@id\":\"https:\\\/\\\/notabene.world\\\/nb\\\/ocalic-od-zapomnienia\\\/#breadcrumb\",\"itemListElement\":[{\"@type\":\"ListItem\",\"position\":1,\"name\":\"Home\",\"item\":\"https:\\\/\\\/notabene.world\\\/nb\\\/\"},{\"@type\":\"ListItem\",\"position\":2,\"name\":\"Ocali\u0107 od zapomnienia\"}]},{\"@type\":\"WebSite\",\"@id\":\"https:\\\/\\\/notabene.world\\\/nb\\\/#website\",\"url\":\"https:\\\/\\\/notabene.world\\\/nb\\\/\",\"name\":\"NOTABENE.WORLD\",\"description\":\"Przekaz. Warto\u015bci. Wsp\u00f3lnota.\",\"publisher\":{\"@id\":\"https:\\\/\\\/notabene.world\\\/nb\\\/#organization\"},\"potentialAction\":[{\"@type\":\"SearchAction\",\"target\":{\"@type\":\"EntryPoint\",\"urlTemplate\":\"https:\\\/\\\/notabene.world\\\/nb\\\/?s={search_term_string}\"},\"query-input\":{\"@type\":\"PropertyValueSpecification\",\"valueRequired\":true,\"valueName\":\"search_term_string\"}}],\"inLanguage\":\"pl-PL\"},{\"@type\":\"Organization\",\"@id\":\"https:\\\/\\\/notabene.world\\\/nb\\\/#organization\",\"name\":\"NOTABENE.WORLD\",\"url\":\"https:\\\/\\\/notabene.world\\\/nb\\\/\",\"logo\":{\"@type\":\"ImageObject\",\"inLanguage\":\"pl-PL\",\"@id\":\"https:\\\/\\\/notabene.world\\\/nb\\\/#\\\/schema\\\/logo\\\/image\\\/\",\"url\":\"https:\\\/\\\/notabene.world\\\/nb\\\/wp-content\\\/uploads\\\/2022\\\/01\\\/NB-club-start-www1.jpg\",\"contentUrl\":\"https:\\\/\\\/notabene.world\\\/nb\\\/wp-content\\\/uploads\\\/2022\\\/01\\\/NB-club-start-www1.jpg\",\"width\":1000,\"height\":839,\"caption\":\"NOTABENE.WORLD\"},\"image\":{\"@id\":\"https:\\\/\\\/notabene.world\\\/nb\\\/#\\\/schema\\\/logo\\\/image\\\/\"},\"sameAs\":[\"https:\\\/\\\/www.facebook.com\\\/Notabene.World\"]},{\"@type\":\"Person\",\"@id\":\"https:\\\/\\\/notabene.world\\\/nb\\\/#\\\/schema\\\/person\\\/95eeaf731d18e54fe083e255bce58a2a\",\"name\":\"Andrzej Barwicki\",\"image\":{\"@type\":\"ImageObject\",\"inLanguage\":\"pl-PL\",\"@id\":\"https:\\\/\\\/secure.gravatar.com\\\/avatar\\\/1d03094d4314ee2bd1609276cb650b6ed7c4375bae458c6931d2e52df2697978?s=96&d=mm&r=g\",\"url\":\"https:\\\/\\\/secure.gravatar.com\\\/avatar\\\/1d03094d4314ee2bd1609276cb650b6ed7c4375bae458c6931d2e52df2697978?s=96&d=mm&r=g\",\"contentUrl\":\"https:\\\/\\\/secure.gravatar.com\\\/avatar\\\/1d03094d4314ee2bd1609276cb650b6ed7c4375bae458c6931d2e52df2697978?s=96&d=mm&r=g\",\"caption\":\"Andrzej Barwicki\"},\"url\":\"https:\\\/\\\/notabene.world\\\/nb\\\/author\\\/and-bar\\\/\"}]}<\/script>\n<!-- \/ Yoast SEO plugin. -->","yoast_head_json":{"title":"Ocali\u0107 od zapomnienia - NOTABENE.WORLD","robots":{"index":"index","follow":"follow","max-snippet":"max-snippet:-1","max-image-preview":"max-image-preview:large","max-video-preview":"max-video-preview:-1"},"canonical":"https:\/\/notabene.world\/nb\/ocalic-od-zapomnienia\/","og_locale":"pl_PL","og_type":"article","og_title":"Ocali\u0107 od zapomnienia - NOTABENE.WORLD","og_description":"Andrzej Barwicki &#8230;Ile r\u00f3\u017cnych dar\u00f3w losu, Ile zdarze\u0144 zapomnianych, Ile tu spotkanych os\u00f3b Zwyk\u0142ych i tych bardzo znanych&#8230; Ile spotka\u0144,","og_url":"https:\/\/notabene.world\/nb\/ocalic-od-zapomnienia\/","og_site_name":"NOTABENE.WORLD","article_publisher":"https:\/\/www.facebook.com\/Notabene.World","article_published_time":"2025-08-14T04:07:00+00:00","article_modified_time":"2025-09-15T14:25:12+00:00","og_image":[{"width":800,"height":445,"url":"https:\/\/notabene.world\/nb\/wp-content\/uploads\/2025\/09\/ooz.jpg","type":"image\/jpeg"}],"author":"Andrzej Barwicki","twitter_card":"summary_large_image","twitter_misc":{"Napisane przez":"Andrzej Barwicki","Szacowany czas czytania":"1 minuta"},"schema":{"@context":"https:\/\/schema.org","@graph":[{"@type":"Article","@id":"https:\/\/notabene.world\/nb\/ocalic-od-zapomnienia\/#article","isPartOf":{"@id":"https:\/\/notabene.world\/nb\/ocalic-od-zapomnienia\/"},"author":{"name":"Andrzej Barwicki","@id":"https:\/\/notabene.world\/nb\/#\/schema\/person\/95eeaf731d18e54fe083e255bce58a2a"},"headline":"Ocali\u0107 od zapomnienia","datePublished":"2025-08-14T04:07:00+00:00","dateModified":"2025-09-15T14:25:12+00:00","mainEntityOfPage":{"@id":"https:\/\/notabene.world\/nb\/ocalic-od-zapomnienia\/"},"wordCount":156,"publisher":{"@id":"https:\/\/notabene.world\/nb\/#organization"},"image":{"@id":"https:\/\/notabene.world\/nb\/ocalic-od-zapomnienia\/#primaryimage"},"thumbnailUrl":"https:\/\/i0.wp.com\/notabene.world\/nb\/wp-content\/uploads\/2025\/09\/ooz.jpg?fit=800%2C445&ssl=1","articleSection":["NOTABENE 1985-2025"],"inLanguage":"pl-PL"},{"@type":"WebPage","@id":"https:\/\/notabene.world\/nb\/ocalic-od-zapomnienia\/","url":"https:\/\/notabene.world\/nb\/ocalic-od-zapomnienia\/","name":"Ocali\u0107 od zapomnienia - NOTABENE.WORLD","isPartOf":{"@id":"https:\/\/notabene.world\/nb\/#website"},"primaryImageOfPage":{"@id":"https:\/\/notabene.world\/nb\/ocalic-od-zapomnienia\/#primaryimage"},"image":{"@id":"https:\/\/notabene.world\/nb\/ocalic-od-zapomnienia\/#primaryimage"},"thumbnailUrl":"https:\/\/i0.wp.com\/notabene.world\/nb\/wp-content\/uploads\/2025\/09\/ooz.jpg?fit=800%2C445&ssl=1","datePublished":"2025-08-14T04:07:00+00:00","dateModified":"2025-09-15T14:25:12+00:00","breadcrumb":{"@id":"https:\/\/notabene.world\/nb\/ocalic-od-zapomnienia\/#breadcrumb"},"inLanguage":"pl-PL","potentialAction":[{"@type":"ReadAction","target":["https:\/\/notabene.world\/nb\/ocalic-od-zapomnienia\/"]}]},{"@type":"ImageObject","inLanguage":"pl-PL","@id":"https:\/\/notabene.world\/nb\/ocalic-od-zapomnienia\/#primaryimage","url":"https:\/\/i0.wp.com\/notabene.world\/nb\/wp-content\/uploads\/2025\/09\/ooz.jpg?fit=800%2C445&ssl=1","contentUrl":"https:\/\/i0.wp.com\/notabene.world\/nb\/wp-content\/uploads\/2025\/09\/ooz.jpg?fit=800%2C445&ssl=1","width":800,"height":445},{"@type":"BreadcrumbList","@id":"https:\/\/notabene.world\/nb\/ocalic-od-zapomnienia\/#breadcrumb","itemListElement":[{"@type":"ListItem","position":1,"name":"Home","item":"https:\/\/notabene.world\/nb\/"},{"@type":"ListItem","position":2,"name":"Ocali\u0107 od zapomnienia"}]},{"@type":"WebSite","@id":"https:\/\/notabene.world\/nb\/#website","url":"https:\/\/notabene.world\/nb\/","name":"NOTABENE.WORLD","description":"Przekaz. Warto\u015bci. Wsp\u00f3lnota.","publisher":{"@id":"https:\/\/notabene.world\/nb\/#organization"},"potentialAction":[{"@type":"SearchAction","target":{"@type":"EntryPoint","urlTemplate":"https:\/\/notabene.world\/nb\/?s={search_term_string}"},"query-input":{"@type":"PropertyValueSpecification","valueRequired":true,"valueName":"search_term_string"}}],"inLanguage":"pl-PL"},{"@type":"Organization","@id":"https:\/\/notabene.world\/nb\/#organization","name":"NOTABENE.WORLD","url":"https:\/\/notabene.world\/nb\/","logo":{"@type":"ImageObject","inLanguage":"pl-PL","@id":"https:\/\/notabene.world\/nb\/#\/schema\/logo\/image\/","url":"https:\/\/notabene.world\/nb\/wp-content\/uploads\/2022\/01\/NB-club-start-www1.jpg","contentUrl":"https:\/\/notabene.world\/nb\/wp-content\/uploads\/2022\/01\/NB-club-start-www1.jpg","width":1000,"height":839,"caption":"NOTABENE.WORLD"},"image":{"@id":"https:\/\/notabene.world\/nb\/#\/schema\/logo\/image\/"},"sameAs":["https:\/\/www.facebook.com\/Notabene.World"]},{"@type":"Person","@id":"https:\/\/notabene.world\/nb\/#\/schema\/person\/95eeaf731d18e54fe083e255bce58a2a","name":"Andrzej Barwicki","image":{"@type":"ImageObject","inLanguage":"pl-PL","@id":"https:\/\/secure.gravatar.com\/avatar\/1d03094d4314ee2bd1609276cb650b6ed7c4375bae458c6931d2e52df2697978?s=96&d=mm&r=g","url":"https:\/\/secure.gravatar.com\/avatar\/1d03094d4314ee2bd1609276cb650b6ed7c4375bae458c6931d2e52df2697978?s=96&d=mm&r=g","contentUrl":"https:\/\/secure.gravatar.com\/avatar\/1d03094d4314ee2bd1609276cb650b6ed7c4375bae458c6931d2e52df2697978?s=96&d=mm&r=g","caption":"Andrzej Barwicki"},"url":"https:\/\/notabene.world\/nb\/author\/and-bar\/"}]}},"jetpack_featured_media_url":"https:\/\/i0.wp.com\/notabene.world\/nb\/wp-content\/uploads\/2025\/09\/ooz.jpg?fit=800%2C445&ssl=1","jetpack_sharing_enabled":true,"jetpack_shortlink":"https:\/\/wp.me\/pdCobN-4xj","_links":{"self":[{"href":"https:\/\/notabene.world\/nb\/wp-json\/wp\/v2\/posts\/17441","targetHints":{"allow":["GET"]}}],"collection":[{"href":"https:\/\/notabene.world\/nb\/wp-json\/wp\/v2\/posts"}],"about":[{"href":"https:\/\/notabene.world\/nb\/wp-json\/wp\/v2\/types\/post"}],"author":[{"embeddable":true,"href":"https:\/\/notabene.world\/nb\/wp-json\/wp\/v2\/users\/85"}],"replies":[{"embeddable":true,"href":"https:\/\/notabene.world\/nb\/wp-json\/wp\/v2\/comments?post=17441"}],"version-history":[{"count":3,"href":"https:\/\/notabene.world\/nb\/wp-json\/wp\/v2\/posts\/17441\/revisions"}],"predecessor-version":[{"id":17446,"href":"https:\/\/notabene.world\/nb\/wp-json\/wp\/v2\/posts\/17441\/revisions\/17446"}],"wp:featuredmedia":[{"embeddable":true,"href":"https:\/\/notabene.world\/nb\/wp-json\/wp\/v2\/media\/17443"}],"wp:attachment":[{"href":"https:\/\/notabene.world\/nb\/wp-json\/wp\/v2\/media?parent=17441"}],"wp:term":[{"taxonomy":"category","embeddable":true,"href":"https:\/\/notabene.world\/nb\/wp-json\/wp\/v2\/categories?post=17441"},{"taxonomy":"post_tag","embeddable":true,"href":"https:\/\/notabene.world\/nb\/wp-json\/wp\/v2\/tags?post=17441"}],"curies":[{"name":"wp","href":"https:\/\/api.w.org\/{rel}","templated":true}]}}