{"id":17606,"date":"2025-09-13T10:17:00","date_gmt":"2025-09-13T10:17:00","guid":{"rendered":"https:\/\/notabene.world\/nb\/?p=17606"},"modified":"2025-12-21T03:18:47","modified_gmt":"2025-12-21T03:18:47","slug":"nie-miej-tego-gdzies","status":"publish","type":"post","link":"https:\/\/notabene.world\/nb\/nie-miej-tego-gdzies\/","title":{"rendered":"Nie miej tego gdzie\u015b"},"content":{"rendered":"\n<p>By\u0142 rok 1985, podczas rutynowej kolonoskopii u Prezydenta Stan\u00f3w Zjednoczonych wykryto polipa w jelicie grubym. Polityk zosta\u0142 poddany zabiegowi chirurgicznemu. Ronald Regan \u017cy\u0142 jeszcze 19 lat.<\/p>\n\n\n\n<p>Regan mia\u0142 jednak du\u017co szcz\u0119\u015bcia. Nowotw\u00f3r zosta\u0142 wykryty we wczesnym stadium, kiedy operacja by\u0142a mo\u017cliwa. 40 lat temu raka jelita grubego leczono g\u0142\u00f3wnie za pomoc\u0105 operacji chirurgicznych oraz radioterapii i chemioterapii, w zale\u017cno\u015bci od stopnia zaawansowania choroby. Niestety w wi\u0119kszo\u015bci przypadk\u00f3w diagnoza stawiana by\u0142a zbyt p\u00f3\u017ano.&nbsp;<\/p>\n\n\n\n<p>Mamy rok 2025. Trudno powiedzie\u0107, \u017ce \u201e40 lat min\u0119\u0142o jak jeden dzie\u0144\u201d. W leczeniu raka jelita grubego dokona\u0142a si\u0119 prawdziwa rewolucja. Cho\u0107 leczenie tzw. 3. i 4. linii mamy w Polsce dopiero od 2019 roku. Dzi\u015b dysponujemy dos\u0142ownie arsena\u0142em broni przeciwko temu rakowi. Nadal najskuteczniejsz\u0105 metoda jest jednak zabieg chirurgiczny usuni\u0119cia guza, cz\u0119\u015bci lub ca\u0142o\u015bci jelita, radioterapia, kt\u00f3ra dzi\u015b opiera si\u0119 na podobnych zasadach, ale sprz\u0119t bywa niemal kosmiczny, dalej chemioterapia, kt\u00f3ra r\u00f3\u017cni si\u0119 niebywale od tamtej sprzed 40 lat. A po chemioterapii mamy leczenie celowane, precyzyjnie atakujemy zmutowane kom\u00f3rki raka, mamy immunoterapi\u0119, czyli mobilizujemy nasz w\u0142asny organizm do walki z rakiem. Ale to nie wszystko, mamy chemoembolizacj\u0119, termoablacj\u0119, radioembolizacj\u0119 i mn\u00f3stwo innych sposob\u00f3w, by zwalcza\u0107 raka i jego przerzuty do w\u0105troby czy p\u0142uc, bo tam w raku jelita grubego pojawiaj\u0105 si\u0119 w pierwszej kolejno\u015bci. Leczenie jest personalizowane, dopasowywane do indywidualnego stanu pacjenta i jego preferencji! Istny zawr\u00f3t g\u0142owy. Tak, w tym obszarze wiele si\u0119 zmieni\u0142o. Dzi\u015b z rakiem jelita grubego pacjenci nie musz\u0105 walczy\u0107, oni mog\u0105 z nim \u017cy\u0107 i to bardzo d\u0142ugo, nawet z przerzutowym rakiem jelita grubego.<\/p>\n\n\n\n<p>Jednak jest co\u015b co wci\u0105\u017c wygl\u0105da tak samo. Niestety ten nowotw\u00f3r nie daje wczesnych objaw\u00f3w. Kiedy ju\u017c si\u0119 pojawiaj\u0105, choroba jest zaawansowana. W Polsce ponad 60% nowych zachorowa\u0144 w ci\u0105gu roku to 3. i 4. stopie\u0144 zaawansowania choroby, co oznacza, \u017ce b\u0119dziemy j\u0105 leczy\u0107 bez intencji wyleczenia, ale mo\u017cemy wyd\u0142u\u017cy\u0107 \u017cycie chorych nawet o kilka lat. W 2022 roku na raka jelita grubego zachorowa\u0142o 19&nbsp;248 os\u00f3b, zmar\u0142o 12&nbsp;159 chorych<a href=\"#_ftn1\" id=\"_ftnref1\">[1]<\/a> czyli 63% os\u00f3b umiera. Na raka jelita grubego ka\u017cdego dnia umieraj\u0105 w Polsce 33 osoby! Jeste\u015bmy w ogonie Europy w tych statystykach.<\/p>\n\n\n\n<p>A ja za ka\u017cdym razem pytam dlaczego tak si\u0119 dzieje, skoro mamy Program Pada\u0144 Przesiewowych w kierunku Raka Jelita Grubego? To jedyny nowotw\u00f3r uk\u0142adu pokarmowego, kt\u00f3ry mo\u017cemy wykry\u0107 na wczesnym etapie i go wyleczy\u0107. Co wi\u0119cej to rak, kt\u00f3rem mo\u017cemy naprawd\u0119 zapobiec robi\u0105c kolonoskopi\u0119. Ale my Polacy niestety nie lubimy tego badania. Na bezp\u0142atn\u0105 kolonoskopi\u0119 z opcj\u0105 znieczulenia w ramach Narodowego Funduszu Zdrowia, kt\u00f3r\u0105 mo\u017cna zrobi\u0107 w ponad 600. o\u015brodkach w Polsce zg\u0142osi\u0142o si\u0119 w zesz\u0142ym roku 60&nbsp;000 os\u00f3b na 8 mln uprawnionych, czyli os\u00f3b pomi\u0119dzy 50. a 65. rokiem \u017cycia. Dlatego od kilku lat w ramach dzia\u0142a\u0144 Fundacji EuropaColon Polska, kt\u00f3rej jestem Prezesk\u0105 prowadzimy kampani\u0119 \u201eNie miej tego gdzie\u015b. Wszystko na temat raka jelita grubego\u201d. Zach\u0119camy zatem do wykonania kolonoskopii, bo ta mo\u017ce uratowa\u0107 Ci \u017cycie.<\/p>\n\n\n\n<p>A Ty czy ju\u017c jeste\u015b po kolonoskopii. Je\u015bli masz wi\u0119cej ni\u017c 50 lat, a jeszcze przed Tob\u0105 65. urodziny zg\u0142o\u015b si\u0119 na to badanie i #niemiejtegogdzie\u015b. Nie b\u0105d\u017a bierna\/y, wejd\u017a na stron\u0119 <a href=\"https:\/\/europacolonpolska.pl\/\" target=\"_blank\" rel=\"noreferrer noopener\">https:\/\/europacolonpolska.pl\/<\/a> i dowiedz si\u0119 wi\u0119cej.<\/p>\n\n\n\n<hr class=\"wp-block-separator has-alpha-channel-opacity\"\/>\n\n\n\n<p><a id=\"_ftn1\" href=\"#_ftnref1\">[1]<\/a> Dane z Krajowego Rejestru Nowotwor\u00f3w z 2022 r.<\/p>\n\n\n\n<div class=\"wp-block-media-text is-stacked-on-mobile has-very-light-gray-to-cyan-bluish-gray-gradient-background has-background\" style=\"grid-template-columns:25% auto\"><figure class=\"wp-block-media-text__media\"><img data-recalc-dims=\"1\" loading=\"lazy\" decoding=\"async\" width=\"200\" height=\"200\" src=\"https:\/\/i0.wp.com\/notabene.world\/nb\/wp-content\/uploads\/2025\/09\/iga_rawicka.jpg?resize=200%2C200&#038;ssl=1\" alt=\"\" class=\"wp-image-17611 size-full\" srcset=\"https:\/\/i0.wp.com\/notabene.world\/nb\/wp-content\/uploads\/2025\/09\/iga_rawicka.jpg?w=200&amp;ssl=1 200w, https:\/\/i0.wp.com\/notabene.world\/nb\/wp-content\/uploads\/2025\/09\/iga_rawicka.jpg?resize=150%2C150&amp;ssl=1 150w\" sizes=\"auto, (max-width: 200px) 100vw, 200px\" \/><\/figure><div class=\"wp-block-media-text__content\">\n<p><\/p>\n\n\n\n<p><strong>Iga Rawicka<\/strong><\/p>\n\n\n\n<p>Iga Rawicka  (z d. Stradowska). Absolwentka I LO im. Stefana \u017beromskiego w Kielcach (matura 1985). Prezes Fundacji EuropaColon Polska, laureatka nagrody <em>\u201eWizjoner Spo\u0142ecznik\u201d<\/em> w 2024 r. przyznawanej przez Tygodnik Wprost oraz\u00a0laureatka\u00a0<em>\u201eJask\u00f3\u0142ki Nadziei\u201d<\/em> w\u00a0kategorii Lider Organizacji Pacjent\u00f3w Onkologicznych\u00a0w 2023 r. Cz\u0142onkini Zarz\u0105du GI Cancers Alliance oraz World Pancreatic Cancer Day Committee, absolwentka marketingu i zarz\u0105dzania oraz Public Relations. Ekspertka w komunikacji zdrowotnej z ponad 26-letnim do\u015bwiadczeniem. Uko\u0144czy\u0142a r\u00f3wnie\u017c podyplomowe studia &#8222;Psychoonkologia w praktyce klinicznej&#8221; na Uniwersytecie Jagiello\u0144skim, by m\u00f3c lepiej wspiera\u0107 pacjent\u00f3w i ich bliskich w chorobie onkologicznej.<\/p>\n\n\n\n<p><\/p>\n<\/div><\/div>\n","protected":false},"excerpt":{"rendered":"<p>By\u0142 rok 1985, podczas rutynowej kolonoskopii u Prezydenta Stan\u00f3w Zjednoczonych wykryto polipa w jelicie grubym. Polityk zosta\u0142 poddany zabiegowi chirurgicznemu. Ronald Regan \u017cy\u0142 jeszcze 19 lat.<br \/>\n<br \/>\nRegan mia\u0142 jednak du\u017co szcz\u0119\u015bcia. Nowotw\u00f3r zosta\u0142 wykryty we wczesnym stadium, kiedy operacja by\u0142a mo\u017cliwa. 40 lat temu raka jelita grubego leczono g\u0142\u00f3wnie za pomoc\u0105 operacji chirurgicznych oraz radioterapii i chemioterapii, w zale\u017cno\u015bci od stopnia zaawansowania choroby. Niestety w wi\u0119kszo\u015bci przypadk\u00f3w diagnoza stawiana by\u0142a zbyt p\u00f3\u017ano.\u00a0<br \/>\n<br \/>\nMamy rok 2025. Trudno powiedzie\u0107, \u017ce \u201e40 lat min\u0119\u0142o jak jeden dzie\u0144\u201d. W leczeniu raka jelita grubego dokona\u0142a si\u0119 prawdziwa rewolucja. Cho\u0107 leczenie tzw. 3. i 4. linii mamy w Polsce dopiero od 2019 roku.\u00a0 Dzi\u015b dysponujemy dos\u0142ownie arsena\u0142em broni przeciwko temu rakowi. Nadal najskuteczniejsz\u0105 metoda jest jednak zabieg chirurgiczny usuni\u0119cia guza, cz\u0119\u015bci lub ca\u0142o\u015bci jelita, radioterapia, kt\u00f3ra dzi\u015b opiera si\u0119 na podobnych zasadach, ale sprz\u0119t bywa niemal kosmiczny, dalej chemioterapia, kt\u00f3ra r\u00f3\u017cni si\u0119 niebywale od tamtej sprzed 40 lat. A po chemioterapii mamy leczenie celowane, precyzyjnie atakujemy zmutowane kom\u00f3rki raka, mamy immunoterapi\u0119, czyli mobilizujemy nasz w\u0142asny organizm do walki z rakiem.<br \/>\n<br \/>\nAle to nie wszystko, mamy chemoembolizacj\u0119, termoablacj\u0119, radioembolizacj\u0119 i mn\u00f3stwo innych sposob\u00f3w by zwalcza\u0107 raka i jego przerzuty do w\u0105troby, czy p\u0142uc bo tam w raku jelita grubego pojawiaj\u0105 si\u0119 w pierwszej kolejno\u015bci. Leczenie jest personalizowane, dopasowywane do indywidualnego stanu pacjenta i jego preferencji! Istny zawr\u00f3t g\u0142owy.<br \/>\n<br \/>\nTak, w tym obszarze wiele si\u0119 zmieni\u0142o. Dzi\u015b z rakiem jelita grubego pacjenci nie musz\u0105 walczy\u0107, oni mog\u0105 z nim \u017cy\u0107 i to bardzo d\u0142ugo, nawet z przerzutowym rakiem jelita grubego.<\/p>\n","protected":false},"author":89,"featured_media":17618,"comment_status":"closed","ping_status":"closed","sticky":false,"template":"","format":"standard","meta":{"colormag_page_container_layout":"no_sidebar_content_centered","colormag_page_sidebar_layout":"no_sidebar","_jetpack_memberships_contains_paid_content":false,"footnotes":"","_links_to":"","_links_to_target":""},"categories":[240],"tags":[],"class_list":["post-17606","post","type-post","status-publish","format-standard","has-post-thumbnail","hentry","category-notabene"],"yoast_head":"<!-- This site is optimized with the Yoast SEO plugin v27.4 - https:\/\/yoast.com\/product\/yoast-seo-wordpress\/ -->\n<title>Nie miej tego gdzie\u015b - NOTABENE.WORLD<\/title>\n<meta name=\"robots\" content=\"index, follow, max-snippet:-1, max-image-preview:large, max-video-preview:-1\" \/>\n<link rel=\"canonical\" href=\"https:\/\/notabene.world\/nb\/nie-miej-tego-gdzies\/\" \/>\n<meta property=\"og:locale\" content=\"pl_PL\" \/>\n<meta property=\"og:type\" content=\"article\" \/>\n<meta property=\"og:title\" content=\"Nie miej tego gdzie\u015b - NOTABENE.WORLD\" \/>\n<meta property=\"og:description\" content=\"By\u0142 rok 1985, podczas rutynowej kolonoskopii u Prezydenta Stan\u00f3w Zjednoczonych wykryto polipa w jelicie grubym. Polityk zosta\u0142 poddany zabiegowi chirurgicznemu. Ronald Regan \u017cy\u0142 jeszcze 19 lat. Regan mia\u0142 jednak du\u017co szcz\u0119\u015bcia. Nowotw\u00f3r zosta\u0142 wykryty we wczesnym stadium, kiedy operacja by\u0142a mo\u017cliwa. 40 lat temu raka jelita grubego leczono g\u0142\u00f3wnie za pomoc\u0105 operacji chirurgicznych oraz radioterapii i chemioterapii, w zale\u017cno\u015bci od stopnia zaawansowania choroby. Niestety w wi\u0119kszo\u015bci przypadk\u00f3w diagnoza stawiana by\u0142a zbyt p\u00f3\u017ano.\u00a0 Mamy rok 2025. Trudno powiedzie\u0107, \u017ce \u201e40 lat min\u0119\u0142o jak jeden dzie\u0144\u201d. W leczeniu raka jelita grubego dokona\u0142a si\u0119 prawdziwa rewolucja. Cho\u0107 leczenie tzw. 3. i 4. linii mamy w Polsce dopiero od 2019 roku.\u00a0 Dzi\u015b dysponujemy dos\u0142ownie arsena\u0142em broni przeciwko temu rakowi. Nadal najskuteczniejsz\u0105 metoda jest jednak zabieg chirurgiczny usuni\u0119cia guza, cz\u0119\u015bci lub ca\u0142o\u015bci jelita, radioterapia, kt\u00f3ra dzi\u015b opiera si\u0119 na podobnych zasadach, ale sprz\u0119t bywa niemal kosmiczny, dalej chemioterapia, kt\u00f3ra r\u00f3\u017cni si\u0119 niebywale od tamtej sprzed 40 lat. A po chemioterapii mamy leczenie celowane, precyzyjnie atakujemy zmutowane kom\u00f3rki raka, mamy immunoterapi\u0119, czyli mobilizujemy nasz w\u0142asny organizm do walki z rakiem. Ale to nie wszystko, mamy chemoembolizacj\u0119, termoablacj\u0119, radioembolizacj\u0119 i mn\u00f3stwo innych sposob\u00f3w by zwalcza\u0107 raka i jego przerzuty do w\u0105troby, czy p\u0142uc bo tam w raku jelita grubego pojawiaj\u0105 si\u0119 w pierwszej kolejno\u015bci. Leczenie jest personalizowane, dopasowywane do indywidualnego stanu pacjenta i jego preferencji! Istny zawr\u00f3t g\u0142owy. Tak, w tym obszarze wiele si\u0119 zmieni\u0142o. Dzi\u015b z rakiem jelita grubego pacjenci nie musz\u0105 walczy\u0107, oni mog\u0105 z nim \u017cy\u0107 i to bardzo d\u0142ugo, nawet z przerzutowym rakiem jelita grubego.\" \/>\n<meta property=\"og:url\" content=\"https:\/\/notabene.world\/nb\/nie-miej-tego-gdzies\/\" \/>\n<meta property=\"og:site_name\" content=\"NOTABENE.WORLD\" \/>\n<meta property=\"article:publisher\" content=\"https:\/\/www.facebook.com\/Notabene.World\" \/>\n<meta property=\"article:published_time\" content=\"2025-09-13T10:17:00+00:00\" \/>\n<meta property=\"article:modified_time\" content=\"2025-12-21T03:18:47+00:00\" \/>\n<meta property=\"og:image\" content=\"https:\/\/notabene.world\/nb\/wp-content\/uploads\/2025\/09\/K_kolonoskopia.jpg\" \/>\n\t<meta property=\"og:image:width\" content=\"800\" \/>\n\t<meta property=\"og:image:height\" content=\"445\" \/>\n\t<meta property=\"og:image:type\" content=\"image\/jpeg\" \/>\n<meta name=\"author\" content=\"Iga Rawicka\" \/>\n<meta name=\"twitter:card\" content=\"summary_large_image\" \/>\n<meta name=\"twitter:label1\" content=\"Napisane przez\" \/>\n\t<meta name=\"twitter:data1\" content=\"Iga Rawicka\" \/>\n\t<meta name=\"twitter:label2\" content=\"Szacowany czas czytania\" \/>\n\t<meta name=\"twitter:data2\" content=\"3 minuty\" \/>\n<script type=\"application\/ld+json\" class=\"yoast-schema-graph\">{\"@context\":\"https:\\\/\\\/schema.org\",\"@graph\":[{\"@type\":\"Article\",\"@id\":\"https:\\\/\\\/notabene.world\\\/nb\\\/nie-miej-tego-gdzies\\\/#article\",\"isPartOf\":{\"@id\":\"https:\\\/\\\/notabene.world\\\/nb\\\/nie-miej-tego-gdzies\\\/\"},\"author\":{\"name\":\"Iga Rawicka\",\"@id\":\"https:\\\/\\\/notabene.world\\\/nb\\\/#\\\/schema\\\/person\\\/b752a9a7a218f77929ed7358c60b8254\"},\"headline\":\"Nie miej tego gdzie\u015b\",\"datePublished\":\"2025-09-13T10:17:00+00:00\",\"dateModified\":\"2025-12-21T03:18:47+00:00\",\"mainEntityOfPage\":{\"@id\":\"https:\\\/\\\/notabene.world\\\/nb\\\/nie-miej-tego-gdzies\\\/\"},\"wordCount\":684,\"publisher\":{\"@id\":\"https:\\\/\\\/notabene.world\\\/nb\\\/#organization\"},\"image\":{\"@id\":\"https:\\\/\\\/notabene.world\\\/nb\\\/nie-miej-tego-gdzies\\\/#primaryimage\"},\"thumbnailUrl\":\"https:\\\/\\\/i0.wp.com\\\/notabene.world\\\/nb\\\/wp-content\\\/uploads\\\/2025\\\/09\\\/K_kolonoskopia.jpg?fit=800%2C445&ssl=1\",\"articleSection\":[\"NOTABENE 1985-2025\"],\"inLanguage\":\"pl-PL\"},{\"@type\":\"WebPage\",\"@id\":\"https:\\\/\\\/notabene.world\\\/nb\\\/nie-miej-tego-gdzies\\\/\",\"url\":\"https:\\\/\\\/notabene.world\\\/nb\\\/nie-miej-tego-gdzies\\\/\",\"name\":\"Nie miej tego gdzie\u015b - NOTABENE.WORLD\",\"isPartOf\":{\"@id\":\"https:\\\/\\\/notabene.world\\\/nb\\\/#website\"},\"primaryImageOfPage\":{\"@id\":\"https:\\\/\\\/notabene.world\\\/nb\\\/nie-miej-tego-gdzies\\\/#primaryimage\"},\"image\":{\"@id\":\"https:\\\/\\\/notabene.world\\\/nb\\\/nie-miej-tego-gdzies\\\/#primaryimage\"},\"thumbnailUrl\":\"https:\\\/\\\/i0.wp.com\\\/notabene.world\\\/nb\\\/wp-content\\\/uploads\\\/2025\\\/09\\\/K_kolonoskopia.jpg?fit=800%2C445&ssl=1\",\"datePublished\":\"2025-09-13T10:17:00+00:00\",\"dateModified\":\"2025-12-21T03:18:47+00:00\",\"breadcrumb\":{\"@id\":\"https:\\\/\\\/notabene.world\\\/nb\\\/nie-miej-tego-gdzies\\\/#breadcrumb\"},\"inLanguage\":\"pl-PL\",\"potentialAction\":[{\"@type\":\"ReadAction\",\"target\":[\"https:\\\/\\\/notabene.world\\\/nb\\\/nie-miej-tego-gdzies\\\/\"]}]},{\"@type\":\"ImageObject\",\"inLanguage\":\"pl-PL\",\"@id\":\"https:\\\/\\\/notabene.world\\\/nb\\\/nie-miej-tego-gdzies\\\/#primaryimage\",\"url\":\"https:\\\/\\\/i0.wp.com\\\/notabene.world\\\/nb\\\/wp-content\\\/uploads\\\/2025\\\/09\\\/K_kolonoskopia.jpg?fit=800%2C445&ssl=1\",\"contentUrl\":\"https:\\\/\\\/i0.wp.com\\\/notabene.world\\\/nb\\\/wp-content\\\/uploads\\\/2025\\\/09\\\/K_kolonoskopia.jpg?fit=800%2C445&ssl=1\",\"width\":800,\"height\":445},{\"@type\":\"BreadcrumbList\",\"@id\":\"https:\\\/\\\/notabene.world\\\/nb\\\/nie-miej-tego-gdzies\\\/#breadcrumb\",\"itemListElement\":[{\"@type\":\"ListItem\",\"position\":1,\"name\":\"Home\",\"item\":\"https:\\\/\\\/notabene.world\\\/nb\\\/\"},{\"@type\":\"ListItem\",\"position\":2,\"name\":\"Nie miej tego gdzie\u015b\"}]},{\"@type\":\"WebSite\",\"@id\":\"https:\\\/\\\/notabene.world\\\/nb\\\/#website\",\"url\":\"https:\\\/\\\/notabene.world\\\/nb\\\/\",\"name\":\"NOTABENE.WORLD\",\"description\":\"Przekaz. Warto\u015bci. Wsp\u00f3lnota.\",\"publisher\":{\"@id\":\"https:\\\/\\\/notabene.world\\\/nb\\\/#organization\"},\"potentialAction\":[{\"@type\":\"SearchAction\",\"target\":{\"@type\":\"EntryPoint\",\"urlTemplate\":\"https:\\\/\\\/notabene.world\\\/nb\\\/?s={search_term_string}\"},\"query-input\":{\"@type\":\"PropertyValueSpecification\",\"valueRequired\":true,\"valueName\":\"search_term_string\"}}],\"inLanguage\":\"pl-PL\"},{\"@type\":\"Organization\",\"@id\":\"https:\\\/\\\/notabene.world\\\/nb\\\/#organization\",\"name\":\"NOTABENE.WORLD\",\"url\":\"https:\\\/\\\/notabene.world\\\/nb\\\/\",\"logo\":{\"@type\":\"ImageObject\",\"inLanguage\":\"pl-PL\",\"@id\":\"https:\\\/\\\/notabene.world\\\/nb\\\/#\\\/schema\\\/logo\\\/image\\\/\",\"url\":\"https:\\\/\\\/notabene.world\\\/nb\\\/wp-content\\\/uploads\\\/2022\\\/01\\\/NB-club-start-www1.jpg\",\"contentUrl\":\"https:\\\/\\\/notabene.world\\\/nb\\\/wp-content\\\/uploads\\\/2022\\\/01\\\/NB-club-start-www1.jpg\",\"width\":1000,\"height\":839,\"caption\":\"NOTABENE.WORLD\"},\"image\":{\"@id\":\"https:\\\/\\\/notabene.world\\\/nb\\\/#\\\/schema\\\/logo\\\/image\\\/\"},\"sameAs\":[\"https:\\\/\\\/www.facebook.com\\\/Notabene.World\"]},{\"@type\":\"Person\",\"@id\":\"https:\\\/\\\/notabene.world\\\/nb\\\/#\\\/schema\\\/person\\\/b752a9a7a218f77929ed7358c60b8254\",\"name\":\"Iga Rawicka\",\"image\":{\"@type\":\"ImageObject\",\"inLanguage\":\"pl-PL\",\"@id\":\"https:\\\/\\\/secure.gravatar.com\\\/avatar\\\/bee2a6eeb6361483d8f3073ac303e49813c33da46580721fdca94285c59a1093?s=96&d=mm&r=g\",\"url\":\"https:\\\/\\\/secure.gravatar.com\\\/avatar\\\/bee2a6eeb6361483d8f3073ac303e49813c33da46580721fdca94285c59a1093?s=96&d=mm&r=g\",\"contentUrl\":\"https:\\\/\\\/secure.gravatar.com\\\/avatar\\\/bee2a6eeb6361483d8f3073ac303e49813c33da46580721fdca94285c59a1093?s=96&d=mm&r=g\",\"caption\":\"Iga Rawicka\"},\"url\":\"https:\\\/\\\/notabene.world\\\/nb\\\/author\\\/iga-raw\\\/\"}]}<\/script>\n<!-- \/ Yoast SEO plugin. -->","yoast_head_json":{"title":"Nie miej tego gdzie\u015b - NOTABENE.WORLD","robots":{"index":"index","follow":"follow","max-snippet":"max-snippet:-1","max-image-preview":"max-image-preview:large","max-video-preview":"max-video-preview:-1"},"canonical":"https:\/\/notabene.world\/nb\/nie-miej-tego-gdzies\/","og_locale":"pl_PL","og_type":"article","og_title":"Nie miej tego gdzie\u015b - NOTABENE.WORLD","og_description":"By\u0142 rok 1985, podczas rutynowej kolonoskopii u Prezydenta Stan\u00f3w Zjednoczonych wykryto polipa w jelicie grubym. Polityk zosta\u0142 poddany zabiegowi chirurgicznemu. Ronald Regan \u017cy\u0142 jeszcze 19 lat. Regan mia\u0142 jednak du\u017co szcz\u0119\u015bcia. Nowotw\u00f3r zosta\u0142 wykryty we wczesnym stadium, kiedy operacja by\u0142a mo\u017cliwa. 40 lat temu raka jelita grubego leczono g\u0142\u00f3wnie za pomoc\u0105 operacji chirurgicznych oraz radioterapii i chemioterapii, w zale\u017cno\u015bci od stopnia zaawansowania choroby. Niestety w wi\u0119kszo\u015bci przypadk\u00f3w diagnoza stawiana by\u0142a zbyt p\u00f3\u017ano.\u00a0 Mamy rok 2025. Trudno powiedzie\u0107, \u017ce \u201e40 lat min\u0119\u0142o jak jeden dzie\u0144\u201d. W leczeniu raka jelita grubego dokona\u0142a si\u0119 prawdziwa rewolucja. Cho\u0107 leczenie tzw. 3. i 4. linii mamy w Polsce dopiero od 2019 roku.\u00a0 Dzi\u015b dysponujemy dos\u0142ownie arsena\u0142em broni przeciwko temu rakowi. Nadal najskuteczniejsz\u0105 metoda jest jednak zabieg chirurgiczny usuni\u0119cia guza, cz\u0119\u015bci lub ca\u0142o\u015bci jelita, radioterapia, kt\u00f3ra dzi\u015b opiera si\u0119 na podobnych zasadach, ale sprz\u0119t bywa niemal kosmiczny, dalej chemioterapia, kt\u00f3ra r\u00f3\u017cni si\u0119 niebywale od tamtej sprzed 40 lat. A po chemioterapii mamy leczenie celowane, precyzyjnie atakujemy zmutowane kom\u00f3rki raka, mamy immunoterapi\u0119, czyli mobilizujemy nasz w\u0142asny organizm do walki z rakiem. Ale to nie wszystko, mamy chemoembolizacj\u0119, termoablacj\u0119, radioembolizacj\u0119 i mn\u00f3stwo innych sposob\u00f3w by zwalcza\u0107 raka i jego przerzuty do w\u0105troby, czy p\u0142uc bo tam w raku jelita grubego pojawiaj\u0105 si\u0119 w pierwszej kolejno\u015bci. Leczenie jest personalizowane, dopasowywane do indywidualnego stanu pacjenta i jego preferencji! Istny zawr\u00f3t g\u0142owy. Tak, w tym obszarze wiele si\u0119 zmieni\u0142o. Dzi\u015b z rakiem jelita grubego pacjenci nie musz\u0105 walczy\u0107, oni mog\u0105 z nim \u017cy\u0107 i to bardzo d\u0142ugo, nawet z przerzutowym rakiem jelita grubego.","og_url":"https:\/\/notabene.world\/nb\/nie-miej-tego-gdzies\/","og_site_name":"NOTABENE.WORLD","article_publisher":"https:\/\/www.facebook.com\/Notabene.World","article_published_time":"2025-09-13T10:17:00+00:00","article_modified_time":"2025-12-21T03:18:47+00:00","og_image":[{"width":800,"height":445,"url":"https:\/\/notabene.world\/nb\/wp-content\/uploads\/2025\/09\/K_kolonoskopia.jpg","type":"image\/jpeg"}],"author":"Iga Rawicka","twitter_card":"summary_large_image","twitter_misc":{"Napisane przez":"Iga Rawicka","Szacowany czas czytania":"3 minuty"},"schema":{"@context":"https:\/\/schema.org","@graph":[{"@type":"Article","@id":"https:\/\/notabene.world\/nb\/nie-miej-tego-gdzies\/#article","isPartOf":{"@id":"https:\/\/notabene.world\/nb\/nie-miej-tego-gdzies\/"},"author":{"name":"Iga Rawicka","@id":"https:\/\/notabene.world\/nb\/#\/schema\/person\/b752a9a7a218f77929ed7358c60b8254"},"headline":"Nie miej tego gdzie\u015b","datePublished":"2025-09-13T10:17:00+00:00","dateModified":"2025-12-21T03:18:47+00:00","mainEntityOfPage":{"@id":"https:\/\/notabene.world\/nb\/nie-miej-tego-gdzies\/"},"wordCount":684,"publisher":{"@id":"https:\/\/notabene.world\/nb\/#organization"},"image":{"@id":"https:\/\/notabene.world\/nb\/nie-miej-tego-gdzies\/#primaryimage"},"thumbnailUrl":"https:\/\/i0.wp.com\/notabene.world\/nb\/wp-content\/uploads\/2025\/09\/K_kolonoskopia.jpg?fit=800%2C445&ssl=1","articleSection":["NOTABENE 1985-2025"],"inLanguage":"pl-PL"},{"@type":"WebPage","@id":"https:\/\/notabene.world\/nb\/nie-miej-tego-gdzies\/","url":"https:\/\/notabene.world\/nb\/nie-miej-tego-gdzies\/","name":"Nie miej tego gdzie\u015b - NOTABENE.WORLD","isPartOf":{"@id":"https:\/\/notabene.world\/nb\/#website"},"primaryImageOfPage":{"@id":"https:\/\/notabene.world\/nb\/nie-miej-tego-gdzies\/#primaryimage"},"image":{"@id":"https:\/\/notabene.world\/nb\/nie-miej-tego-gdzies\/#primaryimage"},"thumbnailUrl":"https:\/\/i0.wp.com\/notabene.world\/nb\/wp-content\/uploads\/2025\/09\/K_kolonoskopia.jpg?fit=800%2C445&ssl=1","datePublished":"2025-09-13T10:17:00+00:00","dateModified":"2025-12-21T03:18:47+00:00","breadcrumb":{"@id":"https:\/\/notabene.world\/nb\/nie-miej-tego-gdzies\/#breadcrumb"},"inLanguage":"pl-PL","potentialAction":[{"@type":"ReadAction","target":["https:\/\/notabene.world\/nb\/nie-miej-tego-gdzies\/"]}]},{"@type":"ImageObject","inLanguage":"pl-PL","@id":"https:\/\/notabene.world\/nb\/nie-miej-tego-gdzies\/#primaryimage","url":"https:\/\/i0.wp.com\/notabene.world\/nb\/wp-content\/uploads\/2025\/09\/K_kolonoskopia.jpg?fit=800%2C445&ssl=1","contentUrl":"https:\/\/i0.wp.com\/notabene.world\/nb\/wp-content\/uploads\/2025\/09\/K_kolonoskopia.jpg?fit=800%2C445&ssl=1","width":800,"height":445},{"@type":"BreadcrumbList","@id":"https:\/\/notabene.world\/nb\/nie-miej-tego-gdzies\/#breadcrumb","itemListElement":[{"@type":"ListItem","position":1,"name":"Home","item":"https:\/\/notabene.world\/nb\/"},{"@type":"ListItem","position":2,"name":"Nie miej tego gdzie\u015b"}]},{"@type":"WebSite","@id":"https:\/\/notabene.world\/nb\/#website","url":"https:\/\/notabene.world\/nb\/","name":"NOTABENE.WORLD","description":"Przekaz. Warto\u015bci. Wsp\u00f3lnota.","publisher":{"@id":"https:\/\/notabene.world\/nb\/#organization"},"potentialAction":[{"@type":"SearchAction","target":{"@type":"EntryPoint","urlTemplate":"https:\/\/notabene.world\/nb\/?s={search_term_string}"},"query-input":{"@type":"PropertyValueSpecification","valueRequired":true,"valueName":"search_term_string"}}],"inLanguage":"pl-PL"},{"@type":"Organization","@id":"https:\/\/notabene.world\/nb\/#organization","name":"NOTABENE.WORLD","url":"https:\/\/notabene.world\/nb\/","logo":{"@type":"ImageObject","inLanguage":"pl-PL","@id":"https:\/\/notabene.world\/nb\/#\/schema\/logo\/image\/","url":"https:\/\/notabene.world\/nb\/wp-content\/uploads\/2022\/01\/NB-club-start-www1.jpg","contentUrl":"https:\/\/notabene.world\/nb\/wp-content\/uploads\/2022\/01\/NB-club-start-www1.jpg","width":1000,"height":839,"caption":"NOTABENE.WORLD"},"image":{"@id":"https:\/\/notabene.world\/nb\/#\/schema\/logo\/image\/"},"sameAs":["https:\/\/www.facebook.com\/Notabene.World"]},{"@type":"Person","@id":"https:\/\/notabene.world\/nb\/#\/schema\/person\/b752a9a7a218f77929ed7358c60b8254","name":"Iga Rawicka","image":{"@type":"ImageObject","inLanguage":"pl-PL","@id":"https:\/\/secure.gravatar.com\/avatar\/bee2a6eeb6361483d8f3073ac303e49813c33da46580721fdca94285c59a1093?s=96&d=mm&r=g","url":"https:\/\/secure.gravatar.com\/avatar\/bee2a6eeb6361483d8f3073ac303e49813c33da46580721fdca94285c59a1093?s=96&d=mm&r=g","contentUrl":"https:\/\/secure.gravatar.com\/avatar\/bee2a6eeb6361483d8f3073ac303e49813c33da46580721fdca94285c59a1093?s=96&d=mm&r=g","caption":"Iga Rawicka"},"url":"https:\/\/notabene.world\/nb\/author\/iga-raw\/"}]}},"jetpack_featured_media_url":"https:\/\/i0.wp.com\/notabene.world\/nb\/wp-content\/uploads\/2025\/09\/K_kolonoskopia.jpg?fit=800%2C445&ssl=1","jetpack_sharing_enabled":true,"jetpack_shortlink":"https:\/\/wp.me\/pdCobN-4zY","_links":{"self":[{"href":"https:\/\/notabene.world\/nb\/wp-json\/wp\/v2\/posts\/17606","targetHints":{"allow":["GET"]}}],"collection":[{"href":"https:\/\/notabene.world\/nb\/wp-json\/wp\/v2\/posts"}],"about":[{"href":"https:\/\/notabene.world\/nb\/wp-json\/wp\/v2\/types\/post"}],"author":[{"embeddable":true,"href":"https:\/\/notabene.world\/nb\/wp-json\/wp\/v2\/users\/89"}],"replies":[{"embeddable":true,"href":"https:\/\/notabene.world\/nb\/wp-json\/wp\/v2\/comments?post=17606"}],"version-history":[{"count":5,"href":"https:\/\/notabene.world\/nb\/wp-json\/wp\/v2\/posts\/17606\/revisions"}],"predecessor-version":[{"id":17624,"href":"https:\/\/notabene.world\/nb\/wp-json\/wp\/v2\/posts\/17606\/revisions\/17624"}],"wp:featuredmedia":[{"embeddable":true,"href":"https:\/\/notabene.world\/nb\/wp-json\/wp\/v2\/media\/17618"}],"wp:attachment":[{"href":"https:\/\/notabene.world\/nb\/wp-json\/wp\/v2\/media?parent=17606"}],"wp:term":[{"taxonomy":"category","embeddable":true,"href":"https:\/\/notabene.world\/nb\/wp-json\/wp\/v2\/categories?post=17606"},{"taxonomy":"post_tag","embeddable":true,"href":"https:\/\/notabene.world\/nb\/wp-json\/wp\/v2\/tags?post=17606"}],"curies":[{"name":"wp","href":"https:\/\/api.w.org\/{rel}","templated":true}]}}