{"id":17625,"date":"2025-09-18T12:38:02","date_gmt":"2025-09-18T12:38:02","guid":{"rendered":"https:\/\/notabene.world\/nb\/?p=17625"},"modified":"2025-11-18T07:57:36","modified_gmt":"2025-11-18T07:57:36","slug":"kielecki-kosmos-refleksje-pofestiwalowe","status":"publish","type":"post","link":"https:\/\/notabene.world\/nb\/kielecki-kosmos-refleksje-pofestiwalowe\/","title":{"rendered":"Kielecki kosmos. Refleksje pofestiwalowe"},"content":{"rendered":"\n<p>Kielecko\u015b\u0107 &#8211; podobnie jak \u015bwi\u0119tokrzysko\u015b\u0107 &#8211; to jednak jest inny \u015bwiat, kt\u00f3ry wymyka si\u0119 precyzyjnym opisom i definicjom. To rzeczywi\u015bcie jest takie miejsce z pogranicza, gdzie wszystko si\u0119 miesza i lasuje, \u0142\u0105cznie ze zdrowym rozs\u0105dkiem. Kielce to jest jaskinia, z kt\u00f3rej dawno wygnano Sokratesa i gdzie nawet Platon mia\u0142by problemy, o Arystotelesie nie wspominaj\u0105c.<\/p>\n\n\n\n<p>W Kielcach wa\u017cne s\u0105 pierogi, kt\u00f3re najlepiej spo\u017cywa\u0107 na dworcu autobusowym przypominaj\u0105cym lataj\u0105cy kosmiczny spodek UFO. Wyl\u0105dowa\u0142o ono u nas w latach 70-tych ubieg\u0142ego wieku, niedawno je odrestaurowano i lada moment zarz\u0105dza\u0107 nim b\u0119dzie sztuczna inteligencja. Pierogi \u015bwi\u0119tokrzyskie wys\u0142ali\u015bmy st\u0105d w kosmos, aby nasz dzielny S\u0142awosz, kt\u00f3rego rodzina te\u017c z Kielc si\u0119 wywodzi, nie umar\u0142 z g\u0142odu. S\u0105 to zreszt\u0105 jedyne \u2013 jak dot\u0105d \u2013 pierogi, kt\u00f3re pono\u0107 zachowuj\u0105 sw\u00f3j unikatowy wdzi\u0119k i smak nawet w stanie niewa\u017cko\u015bci, czyli mo\u017cna by powiedzie\u0107, \u017ce ju\u017c bardziej kreatywnego i inspiruj\u0105cego dania i miejsca na naszej planecie w tej chwili nie ma. Ewentualnie, \u017ce ze \u015bwiec\u0105 by ich szuka\u0107.<\/p>\n\n\n\n<p>W Kielcach ze \u015bwiec\u0105 by tak\u017ce szuka\u0107 prawdziwego dziennikarstwa, bo jak si\u0119 jaki\u015b lokalny redaktor obrazi (albo, nie daj bo\u017ce, nie po drodze mu b\u0119dzie z opcj\u0105 polityczn\u0105 potencjalnych i domniemanych bohater\u00f3w jego opowie\u015bci), to gleba \u2013 nie napisze o nich nigdy wi\u0119cej. Zreszt\u0105 najstarsza gazeta w mie\u015bcie od lat niucha koniunktur\u0119 i pod ni\u0105 uk\u0142ada dzie\u0144 po dniu to, co wa\u017cne, a reszt\u0119 przemilcza. Pono\u0107 redaktor dy\u017curny wychodzi co rano na balkon, oblizuje wskazuj\u0105cy palec, unosi go dziarsko i sprawdza, z kt\u00f3rej strony akurat wieje wiatr oraz komu bije dzwon.&nbsp; Taki \u015bwiat, bo lepiej <em>a priori <\/em>antycypowa\u0107 to, co nam nawet nie przysz\u0142oby do g\u0142owy. Faktycznie, to jest jaka\u015b forma kreatywno\u015bci, godnej pozazdroszczenia. No przecie\u017c.<\/p>\n\n\n\n<p>Nie lepiej jest w lokalnym radiu publicznym, w latach 2015-2023 roku chyba trafnie nazywanym \u201cRadiem Lipiec\u201d. W wyborach 15 X zdecydowano co prawda, by kolejne lata by\u0142y ju\u017c <em>bez Lipca,<\/em> ale na salony wskoczy\u0142 za to inny lokalny kacyk, pose\u0142 Gosek, kt\u00f3ry n\u0119ka nas odt\u0105d niemal\u017ce codziennie quasi-elokwentnymi <em>bon-motami<\/em>. Miejmy si\u0119 jednak na baczno\u015bci, bo zapewne lud \u015bwi\u0119tokrzyski wybierze go na kolejn\u0105 kadencj\u0119. I co wtedy?<\/p>\n\n\n\n<p>Tak jak u Edwarda Stachury \u201cwszystko [by\u0142o kiedy\u015b] poezja\u201d, tak w Kielcach wszystko [ci\u0105gle] jest polityka. Poezja i kultura te\u017c, wi\u0119c wszystko znowu si\u0119 zgadza. Samorz\u0105dowi i rz\u0105dowi w\u0142odarze przebijaj\u0105 si\u0119 we w\u015br\u00f3d-obywatelskim lansie na przyk\u0142ad wysoko\u015bci\u0105 nagr\u00f3d literackich. Do zesz\u0142ego roku nagroda za felieton\/opowiadanie \u201cherlingowskie\u201d wynosi\u0142a, ba, 5000 z\u0142. W tym roku, przed Herlingiem pospiesznie ustanowiono \u015awi\u0119tokrzysk\u0105 Nagrod\u0119 Literack\u0105 w kwocie 20000 z\u0142, czyli tak naprawd\u0119 15000, gdy\u017c te pozosta\u0142e pi\u0119\u0107 tysiak\u00f3w zabrano i do\u0142o\u017cono <em>swojakom<\/em> do owych pi\u0119tnastu. Mo\u017cna? Mo\u017cna. A\u017c do tej zgrywy musia\u0142 do\u0142\u0105czy\u0107 sam wojewoda \u015bwi\u0119tokrzyski. Dlaczego jednak wojewoda, reprezentuj\u0105cy wszak w\u0142adz\u0119 centraln\u0105 Rzeczypospolitej, nie zdo\u0142a\u0142 ustanowi\u0107 nagrody w wysoko\u015bci co najmniej 25000 z\u0142, coby \u201cprzebi\u0107\u201d pul\u0119? A czemu nie? Kiepski ten poker jednak jest i nie do poj\u0119cia dla nas maluczkich, \u017ce za poszczeg\u00f3lnymi nagrodami stoj\u0105 naturalnie w\u0142odarze z r\u00f3\u017cnych poziom\u00f3w nie tylko intelektu, ale i opcji polsko-polskiej politycznej barykady. Na ale <em>przeca,<\/em> kto ma kaas\u0119, ten ma w\u0142aaadz\u0119 dusz, bo nie samymi pierogami wszak cz\u0142owiek \u017cyje&#8230;<\/p>\n\n\n\n<p>W Kielcach absurd goni absurd. Wszem i wobec obwieszczano, \u017ce V Festiwal Herlinga. Poci\u0105g (a jak\u017ce) do literatury mkn\u0105\u0142 w tym roku w dniach <strong>5-15.09.2025,<\/strong> czyli ca\u0142e dziesi\u0119\u0107 dni. W mediach spo\u0142eczno\u015bciowych jednak\u017ce &#8211; <em>pod\u0142ug<\/em> niezg\u0142\u0119bionej i kuriozalnej logiki marketingowej &#8211; lansowano w 95% zaledwie pierwsze trzy dni. Ten lans firmowa\u0142a te\u017c osobi\u015bcie pani prezydent(ka) Kielc, w ramach stanu permanentnej autopromocji. I jak tu \u017cy\u0107, skoro Panel Kreatywny <em>St\u0105d dot\u0105d. Od \u017beromskiego do Herlinga,<\/em> wie\u0144cz\u0105cy niejako tegoroczne oko\u0142o-herlingowskie poci\u0105gowe uniesienia, zosta\u0142 umieszczony w programie <strong>11.09.2025?<\/strong> Na pocieszenie &#8211; odbywa\u0142 si\u0119 jednakowo\u017c jakby \u201cbli\u017cej kosmosu\u201d, bo na najwy\u017cszym pi\u0119trze fascynuj\u0105cej <strong>UFO-Poczytalni na dVoRcu. <\/strong>Okazuje si\u0119, i\u017c mimo to nie by\u0142 on wystarczaj\u0105co inspiruj\u0105cy dla wsp\u00f3\u0142-organizator\u00f3w jubileuszowej \u2013 pi\u0105tej ju\u017c \u2013 edycji Festiwalu Herlinga, skoro imponuj\u0105c\u0105 liczb\u0119 sponsor\u00f3w flagowego kieleckiego wydarzenia kulturalnego wymieniono na wst\u0119pie z niemo\u017cliwie ponur\u0105 min\u0105. Nie mog\u0142em poj\u0105\u0107, o co chodzi a\u017c do momentu, gdy pewna festiwalowa nad-decydentka niespodziewanie &#8211; <em>zza w\u0119g\u0142a<\/em> &#8211; oznajmi\u0142a, \u017ce oni tam wszyscy tego dnia po prostu \u201ct\u0142ukli nadgodziny\u201d, czyli przekaza\u0142a nawet nie mi\u0119dzy wierszami, aby czem pr\u0119dzej sp\u0142ywa\u0107&#8230; Taaak, no rzeczywi\u015bcie <em>finis coronat opus.<\/em><\/p>\n\n\n\n<p>Tak, Kielce i \u015bwi\u0119tokrzysko\u015b\u0107 to jest taki prza\u015bny kosmos. Do tego, fantasmagoryczny. Niestety tym razem nie dowie\u017ali pierog\u00f3w. Ale za to pani ministra selektywnie medal da\u0142a. &nbsp;I tylko to si\u0119 liczy, co nie? <em>Don&#8217;t give up&#8230; you&#8217;re in Kielce.<\/em><\/p>\n\n\n\n<p>PS: Na koniec a\u017c sam si\u0119 ci\u015bnie na my\u015bl znany refren, kt\u00f3ry adekwatnie wpisuje si\u0119 w tematyk\u0119 festiwalowo-herlingowsk\u0105: <em>Jedzie poci\u0105g z daleka, na nikogo nie czeka, konduktorze \u0142askawy, zawie\u017a nas do Warszawy\u2026<\/em> A jak nie, to przynajmniej ST\u0104D DOTAMT\u0104D, w kosmos mo\u017ce? Tylko czy w WARS-ie b\u0119d\u0105 jeszcze pierogi? No i jak tu \u017cy\u0107, panie premierze?<\/p>\n\n\n\n<figure class=\"wp-block-image size-full\"><img data-recalc-dims=\"1\" loading=\"lazy\" decoding=\"async\" width=\"800\" height=\"445\" src=\"https:\/\/i0.wp.com\/notabene.world\/nb\/wp-content\/uploads\/2025\/09\/pierogi-ck.jpg?resize=800%2C445&#038;ssl=1\" alt=\"\" class=\"wp-image-17733\" srcset=\"https:\/\/i0.wp.com\/notabene.world\/nb\/wp-content\/uploads\/2025\/09\/pierogi-ck.jpg?w=800&amp;ssl=1 800w, https:\/\/i0.wp.com\/notabene.world\/nb\/wp-content\/uploads\/2025\/09\/pierogi-ck.jpg?resize=300%2C167&amp;ssl=1 300w, https:\/\/i0.wp.com\/notabene.world\/nb\/wp-content\/uploads\/2025\/09\/pierogi-ck.jpg?resize=768%2C427&amp;ssl=1 768w\" sizes=\"auto, (max-width: 800px) 100vw, 800px\" \/><\/figure>\n\n\n\n<figure class=\"wp-block-image size-full\"><img data-recalc-dims=\"1\" loading=\"lazy\" decoding=\"async\" width=\"800\" height=\"445\" src=\"https:\/\/i0.wp.com\/notabene.world\/nb\/wp-content\/uploads\/2025\/09\/dguyaik.jpg?resize=800%2C445&#038;ssl=1\" alt=\"\" class=\"wp-image-17696\" srcset=\"https:\/\/i0.wp.com\/notabene.world\/nb\/wp-content\/uploads\/2025\/09\/dguyaik.jpg?w=800&amp;ssl=1 800w, https:\/\/i0.wp.com\/notabene.world\/nb\/wp-content\/uploads\/2025\/09\/dguyaik.jpg?resize=300%2C167&amp;ssl=1 300w, https:\/\/i0.wp.com\/notabene.world\/nb\/wp-content\/uploads\/2025\/09\/dguyaik.jpg?resize=768%2C427&amp;ssl=1 768w\" sizes=\"auto, (max-width: 800px) 100vw, 800px\" \/><\/figure>\n","protected":false},"excerpt":{"rendered":"<p>Kielecko\u015b\u0107 podobnie jak \u015bwi\u0119tokrzysko\u015b\u0107 to jednak jest inny \u015bwiat, kt\u00f3ry wymyka si\u0119 precyzyjnym opisom i definicjom. To rzeczywi\u015bcie jest takie miejsce z pogranicza, gdzie wszystko si\u0119 miesza, \u0142\u0105cznie ze zdrowym rozs\u0105dkiem. Kielce to jest jaskinia, z kt\u00f3rej dawno wygnano Sokratesa i gdzie nawet Platon mia\u0142by problemy, o Arystotelesie nie wspominaj\u0105c.<br \/>\n<br \/>\nW Kielcach wa\u017cne s\u0105 pierogi, kt\u00f3re najlepiej spo\u017cywa\u0107 na dworcu autobusowym przypominaj\u0105cym lataj\u0105cy kosmiczny spodek UFO. Wyl\u0105dowa\u0142o ono u nas w latach 70-tych ubieg\u0142ego wieku, niedawno je odrestaurowano i lada moment zarz\u0105dza\u0107 nim b\u0119dzie sztuczna inteligencja. Pierogi \u015bwi\u0119tokrzyskie wys\u0142ali\u015bmy w kosmos, aby nasz dzielny S\u0142awosz, kt\u00f3rego rodzina te\u017c z Kielc si\u0119 wywodzi nie umar\u0142 z g\u0142odu. S\u0105 to zreszt\u0105 jedyne \u2013 jak dot\u0105d \u2013 pierogi, kt\u00f3re pono\u0107 zachowuj\u0105 sw\u00f3j unikatowy wdzi\u0119k i smak nawet w stanie niewa\u017cko\u015bci, czy mo\u017cna by powiedzie\u0107, \u017ce ju\u017c bardziej kreatywnego i inspiruj\u0105cego miejsca na naszej planecie w tej chwili nie ma. Ewentualnie ze \u015bwiec\u0105 by go szuka\u0107.<br \/>\n<br \/>\nW Kielcach ze \u015bwiec\u0105 by szuka\u0107 prawdziwego dziennikarstwa, bo jak si\u0119 jaki\u015b lokalny redaktor obrazi (albo, nie daj bo\u017ce, nie po drodze mu b\u0119dzie z opcj\u0105 polityczn\u0105 potencjalnych i domniemanych bohater\u00f3w jego opowie\u015bci), to gleba \u2013 nie napisze o nich nigdy wi\u0119cej i ch&#8230; Zreszt\u0105 najstarsza gazeta w mie\u015bcie \u201cEcho dnia\u201d od lat niucha koniunktur\u0119 i pod ni\u0105 uk\u0142ada dzie\u0144 po dniu to, co wa\u017cne, a reszt\u0119 przemilcza. Pono\u0107 redaktor dy\u017curny wychodzi co rano na balkon, oblizuje wskazuj\u0105cy palec, unosi go dziarsko i sprawdza, z kt\u00f3rej strony akurat wieje wiatr i komu bije dzwon.\u00a0 Taki \u015bwiat, bo lepiej a priori antycypowa\u0107 to, co nam nawet nie przysz\u0142oby do g\u0142owy. Faktycznie, to jest jaka\u015b forma kreatywno\u015bci, godnej pozazdroszczenia. No przecie\u017c.<\/p>\n","protected":false},"author":1,"featured_media":17696,"comment_status":"closed","ping_status":"closed","sticky":false,"template":"","format":"standard","meta":{"colormag_page_container_layout":"no_sidebar_content_centered","colormag_page_sidebar_layout":"no_sidebar","_jetpack_memberships_contains_paid_content":false,"footnotes":"","_links_to":"","_links_to_target":""},"categories":[64,42,48],"tags":[],"class_list":["post-17625","post","type-post","status-publish","format-standard","has-post-thumbnail","hentry","category-aktualnosci","category-felietony","category-wiecej-swiatla"],"yoast_head":"<!-- This site is optimized with the Yoast SEO plugin v27.4 - https:\/\/yoast.com\/product\/yoast-seo-wordpress\/ -->\n<title>Kielecki kosmos. Refleksje pofestiwalowe - NOTABENE.WORLD<\/title>\n<meta name=\"robots\" content=\"index, follow, max-snippet:-1, max-image-preview:large, max-video-preview:-1\" \/>\n<link rel=\"canonical\" href=\"https:\/\/notabene.world\/nb\/kielecki-kosmos-refleksje-pofestiwalowe\/\" \/>\n<meta property=\"og:locale\" content=\"pl_PL\" \/>\n<meta property=\"og:type\" content=\"article\" \/>\n<meta property=\"og:title\" content=\"Kielecki kosmos. Refleksje pofestiwalowe - NOTABENE.WORLD\" \/>\n<meta property=\"og:description\" content=\"Kielecko\u015b\u0107 podobnie jak \u015bwi\u0119tokrzysko\u015b\u0107 to jednak jest inny \u015bwiat, kt\u00f3ry wymyka si\u0119 precyzyjnym opisom i definicjom. To rzeczywi\u015bcie jest takie miejsce z pogranicza, gdzie wszystko si\u0119 miesza, \u0142\u0105cznie ze zdrowym rozs\u0105dkiem. Kielce to jest jaskinia, z kt\u00f3rej dawno wygnano Sokratesa i gdzie nawet Platon mia\u0142by problemy, o Arystotelesie nie wspominaj\u0105c. W Kielcach wa\u017cne s\u0105 pierogi, kt\u00f3re najlepiej spo\u017cywa\u0107 na dworcu autobusowym przypominaj\u0105cym lataj\u0105cy kosmiczny spodek UFO. Wyl\u0105dowa\u0142o ono u nas w latach 70-tych ubieg\u0142ego wieku, niedawno je odrestaurowano i lada moment zarz\u0105dza\u0107 nim b\u0119dzie sztuczna inteligencja. Pierogi \u015bwi\u0119tokrzyskie wys\u0142ali\u015bmy w kosmos, aby nasz dzielny S\u0142awosz, kt\u00f3rego rodzina te\u017c z Kielc si\u0119 wywodzi nie umar\u0142 z g\u0142odu. S\u0105 to zreszt\u0105 jedyne \u2013 jak dot\u0105d \u2013 pierogi, kt\u00f3re pono\u0107 zachowuj\u0105 sw\u00f3j unikatowy wdzi\u0119k i smak nawet w stanie niewa\u017cko\u015bci, czy mo\u017cna by powiedzie\u0107, \u017ce ju\u017c bardziej kreatywnego i inspiruj\u0105cego miejsca na naszej planecie w tej chwili nie ma. Ewentualnie ze \u015bwiec\u0105 by go szuka\u0107. W Kielcach ze \u015bwiec\u0105 by szuka\u0107 prawdziwego dziennikarstwa, bo jak si\u0119 jaki\u015b lokalny redaktor obrazi (albo, nie daj bo\u017ce, nie po drodze mu b\u0119dzie z opcj\u0105 polityczn\u0105 potencjalnych i domniemanych bohater\u00f3w jego opowie\u015bci), to gleba \u2013 nie napisze o nich nigdy wi\u0119cej i ch... Zreszt\u0105 najstarsza gazeta w mie\u015bcie \u201cEcho dnia\u201d od lat niucha koniunktur\u0119 i pod ni\u0105 uk\u0142ada dzie\u0144 po dniu to, co wa\u017cne, a reszt\u0119 przemilcza. Pono\u0107 redaktor dy\u017curny wychodzi co rano na balkon, oblizuje wskazuj\u0105cy palec, unosi go dziarsko i sprawdza, z kt\u00f3rej strony akurat wieje wiatr i komu bije dzwon.\u00a0 Taki \u015bwiat, bo lepiej a priori antycypowa\u0107 to, co nam nawet nie przysz\u0142oby do g\u0142owy. Faktycznie, to jest jaka\u015b forma kreatywno\u015bci, godnej pozazdroszczenia. No przecie\u017c.\" \/>\n<meta property=\"og:url\" content=\"https:\/\/notabene.world\/nb\/kielecki-kosmos-refleksje-pofestiwalowe\/\" \/>\n<meta property=\"og:site_name\" content=\"NOTABENE.WORLD\" \/>\n<meta property=\"article:publisher\" content=\"https:\/\/www.facebook.com\/Notabene.World\" \/>\n<meta property=\"article:published_time\" content=\"2025-09-18T12:38:02+00:00\" \/>\n<meta property=\"article:modified_time\" content=\"2025-11-18T07:57:36+00:00\" \/>\n<meta property=\"og:image\" content=\"https:\/\/notabene.world\/nb\/wp-content\/uploads\/2025\/09\/dguyaik.jpg\" \/>\n\t<meta property=\"og:image:width\" content=\"800\" \/>\n\t<meta property=\"og:image:height\" content=\"445\" \/>\n\t<meta property=\"og:image:type\" content=\"image\/jpeg\" \/>\n<meta name=\"author\" content=\"C vel K\" \/>\n<meta name=\"twitter:card\" content=\"summary_large_image\" \/>\n<meta name=\"twitter:label1\" content=\"Napisane przez\" \/>\n\t<meta name=\"twitter:data1\" content=\"C vel K\" \/>\n\t<meta name=\"twitter:label2\" content=\"Szacowany czas czytania\" \/>\n\t<meta name=\"twitter:data2\" content=\"5 minut\" \/>\n<script type=\"application\/ld+json\" class=\"yoast-schema-graph\">{\"@context\":\"https:\\\/\\\/schema.org\",\"@graph\":[{\"@type\":\"Article\",\"@id\":\"https:\\\/\\\/notabene.world\\\/nb\\\/kielecki-kosmos-refleksje-pofestiwalowe\\\/#article\",\"isPartOf\":{\"@id\":\"https:\\\/\\\/notabene.world\\\/nb\\\/kielecki-kosmos-refleksje-pofestiwalowe\\\/\"},\"author\":{\"name\":\"C vel K\",\"@id\":\"https:\\\/\\\/notabene.world\\\/nb\\\/#\\\/schema\\\/person\\\/2227ed509f9261e544f6078919e1981d\"},\"headline\":\"Kielecki kosmos. Refleksje pofestiwalowe\",\"datePublished\":\"2025-09-18T12:38:02+00:00\",\"dateModified\":\"2025-11-18T07:57:36+00:00\",\"mainEntityOfPage\":{\"@id\":\"https:\\\/\\\/notabene.world\\\/nb\\\/kielecki-kosmos-refleksje-pofestiwalowe\\\/\"},\"wordCount\":920,\"publisher\":{\"@id\":\"https:\\\/\\\/notabene.world\\\/nb\\\/#organization\"},\"image\":{\"@id\":\"https:\\\/\\\/notabene.world\\\/nb\\\/kielecki-kosmos-refleksje-pofestiwalowe\\\/#primaryimage\"},\"thumbnailUrl\":\"https:\\\/\\\/i0.wp.com\\\/notabene.world\\\/nb\\\/wp-content\\\/uploads\\\/2025\\\/09\\\/dguyaik.jpg?fit=800%2C445&ssl=1\",\"articleSection\":[\"Aktualno\u015bci\",\"Felietony\",\"WI\u0118CEJ \u015aWIAT(\u0141)A\"],\"inLanguage\":\"pl-PL\"},{\"@type\":\"WebPage\",\"@id\":\"https:\\\/\\\/notabene.world\\\/nb\\\/kielecki-kosmos-refleksje-pofestiwalowe\\\/\",\"url\":\"https:\\\/\\\/notabene.world\\\/nb\\\/kielecki-kosmos-refleksje-pofestiwalowe\\\/\",\"name\":\"Kielecki kosmos. Refleksje pofestiwalowe - NOTABENE.WORLD\",\"isPartOf\":{\"@id\":\"https:\\\/\\\/notabene.world\\\/nb\\\/#website\"},\"primaryImageOfPage\":{\"@id\":\"https:\\\/\\\/notabene.world\\\/nb\\\/kielecki-kosmos-refleksje-pofestiwalowe\\\/#primaryimage\"},\"image\":{\"@id\":\"https:\\\/\\\/notabene.world\\\/nb\\\/kielecki-kosmos-refleksje-pofestiwalowe\\\/#primaryimage\"},\"thumbnailUrl\":\"https:\\\/\\\/i0.wp.com\\\/notabene.world\\\/nb\\\/wp-content\\\/uploads\\\/2025\\\/09\\\/dguyaik.jpg?fit=800%2C445&ssl=1\",\"datePublished\":\"2025-09-18T12:38:02+00:00\",\"dateModified\":\"2025-11-18T07:57:36+00:00\",\"breadcrumb\":{\"@id\":\"https:\\\/\\\/notabene.world\\\/nb\\\/kielecki-kosmos-refleksje-pofestiwalowe\\\/#breadcrumb\"},\"inLanguage\":\"pl-PL\",\"potentialAction\":[{\"@type\":\"ReadAction\",\"target\":[\"https:\\\/\\\/notabene.world\\\/nb\\\/kielecki-kosmos-refleksje-pofestiwalowe\\\/\"]}]},{\"@type\":\"ImageObject\",\"inLanguage\":\"pl-PL\",\"@id\":\"https:\\\/\\\/notabene.world\\\/nb\\\/kielecki-kosmos-refleksje-pofestiwalowe\\\/#primaryimage\",\"url\":\"https:\\\/\\\/i0.wp.com\\\/notabene.world\\\/nb\\\/wp-content\\\/uploads\\\/2025\\\/09\\\/dguyaik.jpg?fit=800%2C445&ssl=1\",\"contentUrl\":\"https:\\\/\\\/i0.wp.com\\\/notabene.world\\\/nb\\\/wp-content\\\/uploads\\\/2025\\\/09\\\/dguyaik.jpg?fit=800%2C445&ssl=1\",\"width\":800,\"height\":445},{\"@type\":\"BreadcrumbList\",\"@id\":\"https:\\\/\\\/notabene.world\\\/nb\\\/kielecki-kosmos-refleksje-pofestiwalowe\\\/#breadcrumb\",\"itemListElement\":[{\"@type\":\"ListItem\",\"position\":1,\"name\":\"Home\",\"item\":\"https:\\\/\\\/notabene.world\\\/nb\\\/\"},{\"@type\":\"ListItem\",\"position\":2,\"name\":\"Kielecki kosmos. Refleksje pofestiwalowe\"}]},{\"@type\":\"WebSite\",\"@id\":\"https:\\\/\\\/notabene.world\\\/nb\\\/#website\",\"url\":\"https:\\\/\\\/notabene.world\\\/nb\\\/\",\"name\":\"NOTABENE.WORLD\",\"description\":\"Przekaz. Warto\u015bci. Wsp\u00f3lnota.\",\"publisher\":{\"@id\":\"https:\\\/\\\/notabene.world\\\/nb\\\/#organization\"},\"potentialAction\":[{\"@type\":\"SearchAction\",\"target\":{\"@type\":\"EntryPoint\",\"urlTemplate\":\"https:\\\/\\\/notabene.world\\\/nb\\\/?s={search_term_string}\"},\"query-input\":{\"@type\":\"PropertyValueSpecification\",\"valueRequired\":true,\"valueName\":\"search_term_string\"}}],\"inLanguage\":\"pl-PL\"},{\"@type\":\"Organization\",\"@id\":\"https:\\\/\\\/notabene.world\\\/nb\\\/#organization\",\"name\":\"NOTABENE.WORLD\",\"url\":\"https:\\\/\\\/notabene.world\\\/nb\\\/\",\"logo\":{\"@type\":\"ImageObject\",\"inLanguage\":\"pl-PL\",\"@id\":\"https:\\\/\\\/notabene.world\\\/nb\\\/#\\\/schema\\\/logo\\\/image\\\/\",\"url\":\"https:\\\/\\\/notabene.world\\\/nb\\\/wp-content\\\/uploads\\\/2022\\\/01\\\/NB-club-start-www1.jpg\",\"contentUrl\":\"https:\\\/\\\/notabene.world\\\/nb\\\/wp-content\\\/uploads\\\/2022\\\/01\\\/NB-club-start-www1.jpg\",\"width\":1000,\"height\":839,\"caption\":\"NOTABENE.WORLD\"},\"image\":{\"@id\":\"https:\\\/\\\/notabene.world\\\/nb\\\/#\\\/schema\\\/logo\\\/image\\\/\"},\"sameAs\":[\"https:\\\/\\\/www.facebook.com\\\/Notabene.World\"]},{\"@type\":\"Person\",\"@id\":\"https:\\\/\\\/notabene.world\\\/nb\\\/#\\\/schema\\\/person\\\/2227ed509f9261e544f6078919e1981d\",\"name\":\"C vel K\",\"image\":{\"@type\":\"ImageObject\",\"inLanguage\":\"pl-PL\",\"@id\":\"https:\\\/\\\/secure.gravatar.com\\\/avatar\\\/da4181237ddf77c667487dd66af5231faaf45fbcb0774d7a408f868da56bf04c?s=96&d=mm&r=g\",\"url\":\"https:\\\/\\\/secure.gravatar.com\\\/avatar\\\/da4181237ddf77c667487dd66af5231faaf45fbcb0774d7a408f868da56bf04c?s=96&d=mm&r=g\",\"contentUrl\":\"https:\\\/\\\/secure.gravatar.com\\\/avatar\\\/da4181237ddf77c667487dd66af5231faaf45fbcb0774d7a408f868da56bf04c?s=96&d=mm&r=g\",\"caption\":\"C vel K\"},\"url\":\"https:\\\/\\\/notabene.world\\\/nb\\\/author\\\/kcedro\\\/\"}]}<\/script>\n<!-- \/ Yoast SEO plugin. -->","yoast_head_json":{"title":"Kielecki kosmos. Refleksje pofestiwalowe - NOTABENE.WORLD","robots":{"index":"index","follow":"follow","max-snippet":"max-snippet:-1","max-image-preview":"max-image-preview:large","max-video-preview":"max-video-preview:-1"},"canonical":"https:\/\/notabene.world\/nb\/kielecki-kosmos-refleksje-pofestiwalowe\/","og_locale":"pl_PL","og_type":"article","og_title":"Kielecki kosmos. Refleksje pofestiwalowe - NOTABENE.WORLD","og_description":"Kielecko\u015b\u0107 podobnie jak \u015bwi\u0119tokrzysko\u015b\u0107 to jednak jest inny \u015bwiat, kt\u00f3ry wymyka si\u0119 precyzyjnym opisom i definicjom. To rzeczywi\u015bcie jest takie miejsce z pogranicza, gdzie wszystko si\u0119 miesza, \u0142\u0105cznie ze zdrowym rozs\u0105dkiem. Kielce to jest jaskinia, z kt\u00f3rej dawno wygnano Sokratesa i gdzie nawet Platon mia\u0142by problemy, o Arystotelesie nie wspominaj\u0105c. W Kielcach wa\u017cne s\u0105 pierogi, kt\u00f3re najlepiej spo\u017cywa\u0107 na dworcu autobusowym przypominaj\u0105cym lataj\u0105cy kosmiczny spodek UFO. Wyl\u0105dowa\u0142o ono u nas w latach 70-tych ubieg\u0142ego wieku, niedawno je odrestaurowano i lada moment zarz\u0105dza\u0107 nim b\u0119dzie sztuczna inteligencja. Pierogi \u015bwi\u0119tokrzyskie wys\u0142ali\u015bmy w kosmos, aby nasz dzielny S\u0142awosz, kt\u00f3rego rodzina te\u017c z Kielc si\u0119 wywodzi nie umar\u0142 z g\u0142odu. S\u0105 to zreszt\u0105 jedyne \u2013 jak dot\u0105d \u2013 pierogi, kt\u00f3re pono\u0107 zachowuj\u0105 sw\u00f3j unikatowy wdzi\u0119k i smak nawet w stanie niewa\u017cko\u015bci, czy mo\u017cna by powiedzie\u0107, \u017ce ju\u017c bardziej kreatywnego i inspiruj\u0105cego miejsca na naszej planecie w tej chwili nie ma. Ewentualnie ze \u015bwiec\u0105 by go szuka\u0107. W Kielcach ze \u015bwiec\u0105 by szuka\u0107 prawdziwego dziennikarstwa, bo jak si\u0119 jaki\u015b lokalny redaktor obrazi (albo, nie daj bo\u017ce, nie po drodze mu b\u0119dzie z opcj\u0105 polityczn\u0105 potencjalnych i domniemanych bohater\u00f3w jego opowie\u015bci), to gleba \u2013 nie napisze o nich nigdy wi\u0119cej i ch... Zreszt\u0105 najstarsza gazeta w mie\u015bcie \u201cEcho dnia\u201d od lat niucha koniunktur\u0119 i pod ni\u0105 uk\u0142ada dzie\u0144 po dniu to, co wa\u017cne, a reszt\u0119 przemilcza. Pono\u0107 redaktor dy\u017curny wychodzi co rano na balkon, oblizuje wskazuj\u0105cy palec, unosi go dziarsko i sprawdza, z kt\u00f3rej strony akurat wieje wiatr i komu bije dzwon.\u00a0 Taki \u015bwiat, bo lepiej a priori antycypowa\u0107 to, co nam nawet nie przysz\u0142oby do g\u0142owy. Faktycznie, to jest jaka\u015b forma kreatywno\u015bci, godnej pozazdroszczenia. No przecie\u017c.","og_url":"https:\/\/notabene.world\/nb\/kielecki-kosmos-refleksje-pofestiwalowe\/","og_site_name":"NOTABENE.WORLD","article_publisher":"https:\/\/www.facebook.com\/Notabene.World","article_published_time":"2025-09-18T12:38:02+00:00","article_modified_time":"2025-11-18T07:57:36+00:00","og_image":[{"width":800,"height":445,"url":"https:\/\/notabene.world\/nb\/wp-content\/uploads\/2025\/09\/dguyaik.jpg","type":"image\/jpeg"}],"author":"C vel K","twitter_card":"summary_large_image","twitter_misc":{"Napisane przez":"C vel K","Szacowany czas czytania":"5 minut"},"schema":{"@context":"https:\/\/schema.org","@graph":[{"@type":"Article","@id":"https:\/\/notabene.world\/nb\/kielecki-kosmos-refleksje-pofestiwalowe\/#article","isPartOf":{"@id":"https:\/\/notabene.world\/nb\/kielecki-kosmos-refleksje-pofestiwalowe\/"},"author":{"name":"C vel K","@id":"https:\/\/notabene.world\/nb\/#\/schema\/person\/2227ed509f9261e544f6078919e1981d"},"headline":"Kielecki kosmos. Refleksje pofestiwalowe","datePublished":"2025-09-18T12:38:02+00:00","dateModified":"2025-11-18T07:57:36+00:00","mainEntityOfPage":{"@id":"https:\/\/notabene.world\/nb\/kielecki-kosmos-refleksje-pofestiwalowe\/"},"wordCount":920,"publisher":{"@id":"https:\/\/notabene.world\/nb\/#organization"},"image":{"@id":"https:\/\/notabene.world\/nb\/kielecki-kosmos-refleksje-pofestiwalowe\/#primaryimage"},"thumbnailUrl":"https:\/\/i0.wp.com\/notabene.world\/nb\/wp-content\/uploads\/2025\/09\/dguyaik.jpg?fit=800%2C445&ssl=1","articleSection":["Aktualno\u015bci","Felietony","WI\u0118CEJ \u015aWIAT(\u0141)A"],"inLanguage":"pl-PL"},{"@type":"WebPage","@id":"https:\/\/notabene.world\/nb\/kielecki-kosmos-refleksje-pofestiwalowe\/","url":"https:\/\/notabene.world\/nb\/kielecki-kosmos-refleksje-pofestiwalowe\/","name":"Kielecki kosmos. Refleksje pofestiwalowe - NOTABENE.WORLD","isPartOf":{"@id":"https:\/\/notabene.world\/nb\/#website"},"primaryImageOfPage":{"@id":"https:\/\/notabene.world\/nb\/kielecki-kosmos-refleksje-pofestiwalowe\/#primaryimage"},"image":{"@id":"https:\/\/notabene.world\/nb\/kielecki-kosmos-refleksje-pofestiwalowe\/#primaryimage"},"thumbnailUrl":"https:\/\/i0.wp.com\/notabene.world\/nb\/wp-content\/uploads\/2025\/09\/dguyaik.jpg?fit=800%2C445&ssl=1","datePublished":"2025-09-18T12:38:02+00:00","dateModified":"2025-11-18T07:57:36+00:00","breadcrumb":{"@id":"https:\/\/notabene.world\/nb\/kielecki-kosmos-refleksje-pofestiwalowe\/#breadcrumb"},"inLanguage":"pl-PL","potentialAction":[{"@type":"ReadAction","target":["https:\/\/notabene.world\/nb\/kielecki-kosmos-refleksje-pofestiwalowe\/"]}]},{"@type":"ImageObject","inLanguage":"pl-PL","@id":"https:\/\/notabene.world\/nb\/kielecki-kosmos-refleksje-pofestiwalowe\/#primaryimage","url":"https:\/\/i0.wp.com\/notabene.world\/nb\/wp-content\/uploads\/2025\/09\/dguyaik.jpg?fit=800%2C445&ssl=1","contentUrl":"https:\/\/i0.wp.com\/notabene.world\/nb\/wp-content\/uploads\/2025\/09\/dguyaik.jpg?fit=800%2C445&ssl=1","width":800,"height":445},{"@type":"BreadcrumbList","@id":"https:\/\/notabene.world\/nb\/kielecki-kosmos-refleksje-pofestiwalowe\/#breadcrumb","itemListElement":[{"@type":"ListItem","position":1,"name":"Home","item":"https:\/\/notabene.world\/nb\/"},{"@type":"ListItem","position":2,"name":"Kielecki kosmos. Refleksje pofestiwalowe"}]},{"@type":"WebSite","@id":"https:\/\/notabene.world\/nb\/#website","url":"https:\/\/notabene.world\/nb\/","name":"NOTABENE.WORLD","description":"Przekaz. Warto\u015bci. Wsp\u00f3lnota.","publisher":{"@id":"https:\/\/notabene.world\/nb\/#organization"},"potentialAction":[{"@type":"SearchAction","target":{"@type":"EntryPoint","urlTemplate":"https:\/\/notabene.world\/nb\/?s={search_term_string}"},"query-input":{"@type":"PropertyValueSpecification","valueRequired":true,"valueName":"search_term_string"}}],"inLanguage":"pl-PL"},{"@type":"Organization","@id":"https:\/\/notabene.world\/nb\/#organization","name":"NOTABENE.WORLD","url":"https:\/\/notabene.world\/nb\/","logo":{"@type":"ImageObject","inLanguage":"pl-PL","@id":"https:\/\/notabene.world\/nb\/#\/schema\/logo\/image\/","url":"https:\/\/notabene.world\/nb\/wp-content\/uploads\/2022\/01\/NB-club-start-www1.jpg","contentUrl":"https:\/\/notabene.world\/nb\/wp-content\/uploads\/2022\/01\/NB-club-start-www1.jpg","width":1000,"height":839,"caption":"NOTABENE.WORLD"},"image":{"@id":"https:\/\/notabene.world\/nb\/#\/schema\/logo\/image\/"},"sameAs":["https:\/\/www.facebook.com\/Notabene.World"]},{"@type":"Person","@id":"https:\/\/notabene.world\/nb\/#\/schema\/person\/2227ed509f9261e544f6078919e1981d","name":"C vel K","image":{"@type":"ImageObject","inLanguage":"pl-PL","@id":"https:\/\/secure.gravatar.com\/avatar\/da4181237ddf77c667487dd66af5231faaf45fbcb0774d7a408f868da56bf04c?s=96&d=mm&r=g","url":"https:\/\/secure.gravatar.com\/avatar\/da4181237ddf77c667487dd66af5231faaf45fbcb0774d7a408f868da56bf04c?s=96&d=mm&r=g","contentUrl":"https:\/\/secure.gravatar.com\/avatar\/da4181237ddf77c667487dd66af5231faaf45fbcb0774d7a408f868da56bf04c?s=96&d=mm&r=g","caption":"C vel K"},"url":"https:\/\/notabene.world\/nb\/author\/kcedro\/"}]}},"jetpack_featured_media_url":"https:\/\/i0.wp.com\/notabene.world\/nb\/wp-content\/uploads\/2025\/09\/dguyaik.jpg?fit=800%2C445&ssl=1","jetpack_sharing_enabled":true,"jetpack_shortlink":"https:\/\/wp.me\/pdCobN-4Ah","_links":{"self":[{"href":"https:\/\/notabene.world\/nb\/wp-json\/wp\/v2\/posts\/17625","targetHints":{"allow":["GET"]}}],"collection":[{"href":"https:\/\/notabene.world\/nb\/wp-json\/wp\/v2\/posts"}],"about":[{"href":"https:\/\/notabene.world\/nb\/wp-json\/wp\/v2\/types\/post"}],"author":[{"embeddable":true,"href":"https:\/\/notabene.world\/nb\/wp-json\/wp\/v2\/users\/1"}],"replies":[{"embeddable":true,"href":"https:\/\/notabene.world\/nb\/wp-json\/wp\/v2\/comments?post=17625"}],"version-history":[{"count":5,"href":"https:\/\/notabene.world\/nb\/wp-json\/wp\/v2\/posts\/17625\/revisions"}],"predecessor-version":[{"id":18428,"href":"https:\/\/notabene.world\/nb\/wp-json\/wp\/v2\/posts\/17625\/revisions\/18428"}],"wp:featuredmedia":[{"embeddable":true,"href":"https:\/\/notabene.world\/nb\/wp-json\/wp\/v2\/media\/17696"}],"wp:attachment":[{"href":"https:\/\/notabene.world\/nb\/wp-json\/wp\/v2\/media?parent=17625"}],"wp:term":[{"taxonomy":"category","embeddable":true,"href":"https:\/\/notabene.world\/nb\/wp-json\/wp\/v2\/categories?post=17625"},{"taxonomy":"post_tag","embeddable":true,"href":"https:\/\/notabene.world\/nb\/wp-json\/wp\/v2\/tags?post=17625"}],"curies":[{"name":"wp","href":"https:\/\/api.w.org\/{rel}","templated":true}]}}