{"id":1828,"date":"2022-02-01T07:26:26","date_gmt":"2022-02-01T06:26:26","guid":{"rendered":"https:\/\/notabene.world\/nb\/?p=1828"},"modified":"2022-02-20T18:22:01","modified_gmt":"2022-02-20T17:22:01","slug":"zmiany-w-maturze-2023-probne-arkusze-mniej-materialu","status":"publish","type":"post","link":"https:\/\/notabene.world\/nb\/zmiany-w-maturze-2023-probne-arkusze-mniej-materialu\/","title":{"rendered":"Zmiany w maturze 2023 \u2014 pr\u00f3bne arkusze, mniej materia\u0142u"},"content":{"rendered":"\n<h2 class=\"wp-block-heading\" id=\"kto-i-kiedy-przystapi-do-nowej-matury-jak-zostala-ona-zmieniona-czy-ze-wzgledu-na-nauke-zdalnamozna-spodziewac-sie-okrojonego-materialu-na-pytania-te-odpowiada-dr-marcin-smolik-dyrektorcke-w-wywiadzie-na-kanale-youtube-perspektywicznej-maturzystki\" style=\"font-size:24px\">Kto i kiedy przyst\u0105pi do nowej matury? Jak zosta\u0142a ona zmieniona? Czy ze wzgl\u0119du na nauk\u0119 zdaln\u0105<br>mo\u017cna spodziewa\u0107 si\u0119 okrojonego materia\u0142u? Na pytania te odpowiada dr Marcin Smolik, dyrektor<br>CKE w wywiadzie na kanale YouTube <a href=\"https:\/\/www.youtube.com\/channel\/UCoumyLbXxgsx5w-rDfwgBQA\">Perspektywicznej Maturzystki<\/a>.<\/h2>\n\n\n\n<p>Jako pierwsi now\u0105 matur\u0119 b\u0119d\u0105 zdawa\u0107 uczniowie czteroletniego liceum w 2023 roku, a uczniowie 5-letniego technikum \u2014 w 2024. Jedn\u0105 ze zmian, kt\u00f3ra mia\u0142a zosta\u0107 w nowej maturze wprowadzona, by\u0142 pr\u00f3g zdawalno\u015bci na egzaminach rozszerzonych, wynosz\u0105cy 30%.  Wygl\u0105da na to, \u017ce to ju\u017c nieaktualne. <strong><em>W 2023  i 2024 roku nie b\u0119dzie progu zdawalno\u015bci dla przedmiot\u00f3w na poziomie rozszerzonym \u2014 trzeba b\u0119dzie jedynie przyst\u0105pi\u0107 do rozszerze\u0144<\/em>, <em>i zda\u0107 przedmioty na poziomie podstawowym<\/em><\/strong> \u2014 t\u0142umaczy Marcin Smolik. W pierwszej cz\u0119\u015bci rozmowy dyrektor CKE informuje r\u00f3wnie\u017c o tym, \u017ce nowa matura nie zostanie przesuni\u0119ta, ale zostan\u0105 do niej przygotowane <strong>odr\u0119bne wymagania, kt\u00f3re w por\u00f3wnaniu do tych widocznych obecnie w informatorach, b\u0119d\u0105 mniejsze o 20%\/25%. <\/strong> Dr Smolik zapowiedzia\u0142 je na prze\u0142om stycznia i lutego, jednak nowym terminem ich og\u0142oszenia jest<strong> 25 lutego br.<\/strong><\/p>\n\n\n\n<p><\/p>\n\n\n\n<p>W drugiej cz\u0119\u015bci rozmowy, opublikowanej 15 listopada 2021 roku, dyrektor CKE odpowiada m.in. na pytanie o ustn\u0105 matur\u0119 \u2014<em><strong> Na dzi\u015b plan jest taki, \u017ce egzaminy ustne b\u0119d\u0105<\/strong><\/em> [&#8230;] <em>Cz\u0119\u015bci ustnej w ubieg\u0142ych latach nie by\u0142o ze wzgl\u0119du na sytuacj\u0119 pandemiczn\u0105, zachorowania, hospitalizacje itp. Oczywi\u015bcie zakres cz\u0119\u015bci ustnej b\u0119dzie odpowiada\u0142 temu, co b\u0119dzie w wymaganiach egzaminacyjnych \u2014 czyli b\u0119dzie mniej<strong>.<\/strong> <\/em>W skr\u00f3cie \u2014<strong> je\u017celi sytuacja pandemiczna pozwoli, to matura ustna si\u0119 odb\u0119dzie, jednak tak jak w przypadku tej pisemnej, wymagania na ni\u0105 b\u0119d\u0105 okrojone. <\/strong><\/p>\n\n\n\n<p>Na pytanie o problem z przygotowaniem si\u0119 do nowej formu\u0142y z powodu stresu, nauki zdalnej dr Marcin Smolik uspokaja \u2014<em> Jak si\u0119 do niej przygotuj\u0105, to nie b\u0119d\u0105 mieli problem\u00f3w. Tutaj nie ma cud\u00f3w.<\/em> [&#8230;].<strong><em> Je\u017celi kto\u015b my\u015bli, \u017ce da rad\u0119 przygotowa\u0107 si\u0119 do egzaminu <\/em>na 3 miesi\u0105ce przed to \u017ale my\u015bli, a 3 miesi\u0105ce przed egzaminem z j\u0119zyka polskiego \u2014 bardzo \u017ale my\u015bli. <\/strong><\/p>\n\n\n\n<p><\/p>\n\n\n\n<p>W 3 cz\u0119\u015bci materia\u0142u dyrektor CKE m\u00f3wi o pytaniach jawnych na matur\u0119 z j.polskiego (<a href=\"https:\/\/cke.gov.pl\/images\/_EGZAMIN_MATURALNY_OD_2023\/komunikaty\/EM%20Komunikat%20o%20egzaminie%20ustnym%20z%20j%C4%99zyka%20polskiego_Formu%C5%82a%202023.pdf\">dost\u0119pn<\/a><a href=\"https:\/\/cke.gov.pl\/images\/_EGZAMIN_MATURALNY_OD_2023\/komunikaty\/EM%20Komunikat%20o%20egzaminie%20ustnym%20z%20j%C4%99zyka%20polskiego_Formu%C5%82a%202023.pdf\" target=\"_blank\" rel=\"noreferrer noopener\">e <\/a><a href=\"https:\/\/cke.gov.pl\/images\/_EGZAMIN_MATURALNY_OD_2023\/komunikaty\/EM%20Komunikat%20o%20egzaminie%20ustnym%20z%20j%C4%99zyka%20polskiego_Formu%C5%82a%202023.pdf\">tutaj<\/a>) oraz zapowiedzia\u0142 <strong>arkusze pr\u00f3bne<\/strong> na grudzie\u0144 2021. Ze wzgl\u0119du na delikatne op\u00f3\u017anienie, te pojawi\u0105 si\u0119 <strong>4 marca<\/strong> <strong>2022 roku.<\/strong> Ze wzgl\u0119du na ma\u0142\u0105 ilo\u015b\u0107 czasu, Marcin Smolik zaleca dok\u0142adne rozwi\u0105zanie zada\u0144 z informator\u00f3w maturalnych. <\/p>\n\n\n\n<figure class=\"wp-block-image size-full\"><img data-recalc-dims=\"1\" loading=\"lazy\" decoding=\"async\" width=\"800\" height=\"270\" src=\"https:\/\/i0.wp.com\/notabene.world\/nb\/wp-content\/uploads\/2022\/02\/image.png?resize=800%2C270&#038;ssl=1\" alt=\"\" class=\"wp-image-1829\" srcset=\"https:\/\/i0.wp.com\/notabene.world\/nb\/wp-content\/uploads\/2022\/02\/image.png?w=832&amp;ssl=1 832w, https:\/\/i0.wp.com\/notabene.world\/nb\/wp-content\/uploads\/2022\/02\/image.png?resize=300%2C101&amp;ssl=1 300w, https:\/\/i0.wp.com\/notabene.world\/nb\/wp-content\/uploads\/2022\/02\/image.png?resize=768%2C259&amp;ssl=1 768w\" sizes=\"auto, (max-width: 800px) 100vw, 800px\" \/><\/figure>\n\n\n\n<p><\/p>\n\n\n\n<p>S\u0142owem podsumowania \u2014 nowa matura po raz pierwszy zago\u015bci na \u0142awkach uczni\u00f3w 4-letniego liceum ju\u017c w przysz\u0142ym roku, a uczni\u00f3w 5-letniego technikum za dwa lata. Na pierwsze dwa lata, g\u0142\u00f3wnie z powodu pandemii, zrezygnowano w niej z obowi\u0105zku zdania przynajmniej jednego egzaminu rozszerzonego na 30%, a <strong>materia\u0142 zostanie okrojony o oko\u0142o 25%<\/strong>, kt\u00f3rego ostateczny kszta\u0142t poznamy nie w grudniu ubieg\u0142ego roku, ale <strong>25 lutego br<\/strong>. Zmniejszenie wymaga\u0144 dotknie r\u00f3wnie\u017c egzaminu w formie ustnej, kt\u00f3re na razie odb\u0119d\u0105 si\u0119 zgodnie z planem.<strong> Arkusze pokazowe<\/strong> zamiast w Grudniu 2021, uka\u017c\u0105 si\u0119<strong> 4 marca 2022 roku<\/strong>. Zach\u0119cam do przes\u0142uchania ca\u0142ego wywiadu dost\u0119pnego tutaj (<a href=\"https:\/\/www.youtube.com\/watch?v=R8loAFOVc7g\" target=\"_blank\" rel=\"noreferrer noopener\">cz\u0119\u015b\u0107 I<\/a>), (<a href=\"https:\/\/www.youtube.com\/watch?v=j7LTFtvqn5w\" target=\"_blank\" rel=\"noreferrer noopener\">cz\u0119\u015b\u0107 II<\/a>), (<a href=\"https:\/\/www.youtube.com\/watch?v=ss0Ir8DRd9o\" target=\"_blank\" rel=\"noreferrer noopener\">cz\u0119\u015b\u0107 III<\/a>)<\/p>\n","protected":false},"excerpt":{"rendered":"<p>W listopadzie ubieg\u0142ego roku, na kanale YouTube Perspektywicznej Maturzystki pojawi\u0142a si\u0119 rozmowa z dr. Marcinem Smolikiem, dyrektorem CKE, podzielona na 3 cz\u0119\u015bci. Dowiadujemy si\u0119 z niej mi\u0119dzy innymi kto i kiedy przyst\u0105pi do nowej matury i jak zosta\u0142a ona zmieniona, oraz czy ze wzgl\u0119du na nauk\u0119 zdaln\u0105, mo\u017cna spodziewa\u0107 si\u0119 okrojonego materia\u0142u.<\/p>\n","protected":false},"author":6,"featured_media":1857,"comment_status":"closed","ping_status":"closed","sticky":false,"template":"","format":"standard","meta":{"colormag_page_container_layout":"default_layout","colormag_page_sidebar_layout":"default_layout","_jetpack_memberships_contains_paid_content":false,"footnotes":"","_links_to":"","_links_to_target":""},"categories":[12,110],"tags":[],"class_list":["post-1828","post","type-post","status-publish","format-standard","has-post-thumbnail","hentry","category-spoleczenstwo","category-spoleczenstwo-2"],"yoast_head":"<!-- This site is optimized with the Yoast SEO plugin v27.4 - https:\/\/yoast.com\/product\/yoast-seo-wordpress\/ -->\n<title>Zmiany w maturze 2023 \u2014 pr\u00f3bne arkusze, mniej materia\u0142u - NOTABENE.WORLD<\/title>\n<meta name=\"robots\" content=\"index, follow, max-snippet:-1, max-image-preview:large, max-video-preview:-1\" \/>\n<link rel=\"canonical\" href=\"https:\/\/notabene.world\/nb\/zmiany-w-maturze-2023-probne-arkusze-mniej-materialu\/\" \/>\n<meta property=\"og:locale\" content=\"pl_PL\" \/>\n<meta property=\"og:type\" content=\"article\" \/>\n<meta property=\"og:title\" content=\"Zmiany w maturze 2023 \u2014 pr\u00f3bne arkusze, mniej materia\u0142u.\" \/>\n<meta property=\"og:description\" content=\"Kto i kiedy przyst\u0105pi do nowej matury? Jak zosta\u0142a ona zmieniona? Czy ze wzgl\u0119du na nauk\u0119 zdaln\u0105mo\u017cna spodziewa\u0107 si\u0119 okrojonego materia\u0142u? Na pytania te odpowiada dr Marcin Smolik, dyrektorCKE w wywiadzie na kanale YouTube Perspektywicznej Maturzystki.\" \/>\n<meta property=\"og:url\" content=\"https:\/\/notabene.world\/nb\/zmiany-w-maturze-2023-probne-arkusze-mniej-materialu\/\" \/>\n<meta property=\"og:site_name\" content=\"NOTABENE.WORLD\" \/>\n<meta property=\"article:publisher\" content=\"https:\/\/www.facebook.com\/Notabene.World\" \/>\n<meta property=\"article:author\" content=\"https:\/\/www.facebook.com\/profile.php?id=100014087373140\" \/>\n<meta property=\"article:published_time\" content=\"2022-02-01T06:26:26+00:00\" \/>\n<meta property=\"article:modified_time\" content=\"2022-02-20T17:22:01+00:00\" \/>\n<meta property=\"og:image\" content=\"https:\/\/notabene.world\/nb\/wp-content\/uploads\/2022\/02\/pexels-photo-6684335-1.jpeg\" \/>\n\t<meta property=\"og:image:width\" content=\"2250\" \/>\n\t<meta property=\"og:image:height\" content=\"1500\" \/>\n\t<meta property=\"og:image:type\" content=\"image\/jpeg\" \/>\n<meta name=\"author\" content=\"Julian Tarnowski\" \/>\n<meta name=\"twitter:card\" content=\"summary_large_image\" \/>\n<meta name=\"twitter:creator\" content=\"@JulianTarnowsk1\" \/>\n<meta name=\"twitter:label1\" content=\"Napisane przez\" \/>\n\t<meta name=\"twitter:data1\" content=\"Julian Tarnowski\" \/>\n\t<meta name=\"twitter:label2\" content=\"Szacowany czas czytania\" \/>\n\t<meta name=\"twitter:data2\" content=\"3 minuty\" \/>\n<script type=\"application\/ld+json\" class=\"yoast-schema-graph\">{\"@context\":\"https:\\\/\\\/schema.org\",\"@graph\":[{\"@type\":\"Article\",\"@id\":\"https:\\\/\\\/notabene.world\\\/nb\\\/zmiany-w-maturze-2023-probne-arkusze-mniej-materialu\\\/#article\",\"isPartOf\":{\"@id\":\"https:\\\/\\\/notabene.world\\\/nb\\\/zmiany-w-maturze-2023-probne-arkusze-mniej-materialu\\\/\"},\"author\":{\"name\":\"Julian Tarnowski\",\"@id\":\"https:\\\/\\\/notabene.world\\\/nb\\\/#\\\/schema\\\/person\\\/890c5cc2bd0337867802bcca5ee56dee\"},\"headline\":\"Zmiany w maturze 2023 \u2014 pr\u00f3bne arkusze, mniej materia\u0142u\",\"datePublished\":\"2022-02-01T06:26:26+00:00\",\"dateModified\":\"2022-02-20T17:22:01+00:00\",\"mainEntityOfPage\":{\"@id\":\"https:\\\/\\\/notabene.world\\\/nb\\\/zmiany-w-maturze-2023-probne-arkusze-mniej-materialu\\\/\"},\"wordCount\":532,\"publisher\":{\"@id\":\"https:\\\/\\\/notabene.world\\\/nb\\\/#organization\"},\"image\":{\"@id\":\"https:\\\/\\\/notabene.world\\\/nb\\\/zmiany-w-maturze-2023-probne-arkusze-mniej-materialu\\\/#primaryimage\"},\"thumbnailUrl\":\"https:\\\/\\\/i0.wp.com\\\/notabene.world\\\/nb\\\/wp-content\\\/uploads\\\/2022\\\/02\\\/pexels-photo-6684335-1.jpeg?fit=2250%2C1500&ssl=1\",\"articleSection\":[\"Nasz \u015awiat\",\"Spo\u0142ecze\u0144stwo\"],\"inLanguage\":\"pl-PL\"},{\"@type\":\"WebPage\",\"@id\":\"https:\\\/\\\/notabene.world\\\/nb\\\/zmiany-w-maturze-2023-probne-arkusze-mniej-materialu\\\/\",\"url\":\"https:\\\/\\\/notabene.world\\\/nb\\\/zmiany-w-maturze-2023-probne-arkusze-mniej-materialu\\\/\",\"name\":\"Zmiany w maturze 2023 \u2014 pr\u00f3bne arkusze, mniej materia\u0142u - NOTABENE.WORLD\",\"isPartOf\":{\"@id\":\"https:\\\/\\\/notabene.world\\\/nb\\\/#website\"},\"primaryImageOfPage\":{\"@id\":\"https:\\\/\\\/notabene.world\\\/nb\\\/zmiany-w-maturze-2023-probne-arkusze-mniej-materialu\\\/#primaryimage\"},\"image\":{\"@id\":\"https:\\\/\\\/notabene.world\\\/nb\\\/zmiany-w-maturze-2023-probne-arkusze-mniej-materialu\\\/#primaryimage\"},\"thumbnailUrl\":\"https:\\\/\\\/i0.wp.com\\\/notabene.world\\\/nb\\\/wp-content\\\/uploads\\\/2022\\\/02\\\/pexels-photo-6684335-1.jpeg?fit=2250%2C1500&ssl=1\",\"datePublished\":\"2022-02-01T06:26:26+00:00\",\"dateModified\":\"2022-02-20T17:22:01+00:00\",\"breadcrumb\":{\"@id\":\"https:\\\/\\\/notabene.world\\\/nb\\\/zmiany-w-maturze-2023-probne-arkusze-mniej-materialu\\\/#breadcrumb\"},\"inLanguage\":\"pl-PL\",\"potentialAction\":[{\"@type\":\"ReadAction\",\"target\":[\"https:\\\/\\\/notabene.world\\\/nb\\\/zmiany-w-maturze-2023-probne-arkusze-mniej-materialu\\\/\"]}]},{\"@type\":\"ImageObject\",\"inLanguage\":\"pl-PL\",\"@id\":\"https:\\\/\\\/notabene.world\\\/nb\\\/zmiany-w-maturze-2023-probne-arkusze-mniej-materialu\\\/#primaryimage\",\"url\":\"https:\\\/\\\/i0.wp.com\\\/notabene.world\\\/nb\\\/wp-content\\\/uploads\\\/2022\\\/02\\\/pexels-photo-6684335-1.jpeg?fit=2250%2C1500&ssl=1\",\"contentUrl\":\"https:\\\/\\\/i0.wp.com\\\/notabene.world\\\/nb\\\/wp-content\\\/uploads\\\/2022\\\/02\\\/pexels-photo-6684335-1.jpeg?fit=2250%2C1500&ssl=1\",\"width\":2250,\"height\":1500},{\"@type\":\"BreadcrumbList\",\"@id\":\"https:\\\/\\\/notabene.world\\\/nb\\\/zmiany-w-maturze-2023-probne-arkusze-mniej-materialu\\\/#breadcrumb\",\"itemListElement\":[{\"@type\":\"ListItem\",\"position\":1,\"name\":\"Home\",\"item\":\"https:\\\/\\\/notabene.world\\\/nb\\\/\"},{\"@type\":\"ListItem\",\"position\":2,\"name\":\"Zmiany w maturze 2023 \u2014 pr\u00f3bne arkusze, mniej materia\u0142u\"}]},{\"@type\":\"WebSite\",\"@id\":\"https:\\\/\\\/notabene.world\\\/nb\\\/#website\",\"url\":\"https:\\\/\\\/notabene.world\\\/nb\\\/\",\"name\":\"NOTABENE.WORLD\",\"description\":\"Przekaz. Warto\u015bci. Wsp\u00f3lnota.\",\"publisher\":{\"@id\":\"https:\\\/\\\/notabene.world\\\/nb\\\/#organization\"},\"potentialAction\":[{\"@type\":\"SearchAction\",\"target\":{\"@type\":\"EntryPoint\",\"urlTemplate\":\"https:\\\/\\\/notabene.world\\\/nb\\\/?s={search_term_string}\"},\"query-input\":{\"@type\":\"PropertyValueSpecification\",\"valueRequired\":true,\"valueName\":\"search_term_string\"}}],\"inLanguage\":\"pl-PL\"},{\"@type\":\"Organization\",\"@id\":\"https:\\\/\\\/notabene.world\\\/nb\\\/#organization\",\"name\":\"NOTABENE.WORLD\",\"url\":\"https:\\\/\\\/notabene.world\\\/nb\\\/\",\"logo\":{\"@type\":\"ImageObject\",\"inLanguage\":\"pl-PL\",\"@id\":\"https:\\\/\\\/notabene.world\\\/nb\\\/#\\\/schema\\\/logo\\\/image\\\/\",\"url\":\"https:\\\/\\\/notabene.world\\\/nb\\\/wp-content\\\/uploads\\\/2022\\\/01\\\/NB-club-start-www1.jpg\",\"contentUrl\":\"https:\\\/\\\/notabene.world\\\/nb\\\/wp-content\\\/uploads\\\/2022\\\/01\\\/NB-club-start-www1.jpg\",\"width\":1000,\"height\":839,\"caption\":\"NOTABENE.WORLD\"},\"image\":{\"@id\":\"https:\\\/\\\/notabene.world\\\/nb\\\/#\\\/schema\\\/logo\\\/image\\\/\"},\"sameAs\":[\"https:\\\/\\\/www.facebook.com\\\/Notabene.World\"]},{\"@type\":\"Person\",\"@id\":\"https:\\\/\\\/notabene.world\\\/nb\\\/#\\\/schema\\\/person\\\/890c5cc2bd0337867802bcca5ee56dee\",\"name\":\"Julian Tarnowski\",\"image\":{\"@type\":\"ImageObject\",\"inLanguage\":\"pl-PL\",\"@id\":\"https:\\\/\\\/secure.gravatar.com\\\/avatar\\\/151c2da0993f25c9e553bfa30b4da86942b5a68cf934473be0bc4dc52284b95b?s=96&d=mm&r=g\",\"url\":\"https:\\\/\\\/secure.gravatar.com\\\/avatar\\\/151c2da0993f25c9e553bfa30b4da86942b5a68cf934473be0bc4dc52284b95b?s=96&d=mm&r=g\",\"contentUrl\":\"https:\\\/\\\/secure.gravatar.com\\\/avatar\\\/151c2da0993f25c9e553bfa30b4da86942b5a68cf934473be0bc4dc52284b95b?s=96&d=mm&r=g\",\"caption\":\"Julian Tarnowski\"},\"sameAs\":[\"https:\\\/\\\/www.facebook.com\\\/profile.php?id=100014087373140\",\"https:\\\/\\\/www.instagram.com\\\/tarnowskiofficial\\\/\",\"https:\\\/\\\/x.com\\\/JulianTarnowsk1\"],\"url\":\"https:\\\/\\\/notabene.world\\\/nb\\\/author\\\/julian\\\/\"}]}<\/script>\n<!-- \/ Yoast SEO plugin. -->","yoast_head_json":{"title":"Zmiany w maturze 2023 \u2014 pr\u00f3bne arkusze, mniej materia\u0142u - NOTABENE.WORLD","robots":{"index":"index","follow":"follow","max-snippet":"max-snippet:-1","max-image-preview":"max-image-preview:large","max-video-preview":"max-video-preview:-1"},"canonical":"https:\/\/notabene.world\/nb\/zmiany-w-maturze-2023-probne-arkusze-mniej-materialu\/","og_locale":"pl_PL","og_type":"article","og_title":"Zmiany w maturze 2023 \u2014 pr\u00f3bne arkusze, mniej materia\u0142u.","og_description":"Kto i kiedy przyst\u0105pi do nowej matury? Jak zosta\u0142a ona zmieniona? Czy ze wzgl\u0119du na nauk\u0119 zdaln\u0105mo\u017cna spodziewa\u0107 si\u0119 okrojonego materia\u0142u? Na pytania te odpowiada dr Marcin Smolik, dyrektorCKE w wywiadzie na kanale YouTube Perspektywicznej Maturzystki.","og_url":"https:\/\/notabene.world\/nb\/zmiany-w-maturze-2023-probne-arkusze-mniej-materialu\/","og_site_name":"NOTABENE.WORLD","article_publisher":"https:\/\/www.facebook.com\/Notabene.World","article_author":"https:\/\/www.facebook.com\/profile.php?id=100014087373140","article_published_time":"2022-02-01T06:26:26+00:00","article_modified_time":"2022-02-20T17:22:01+00:00","og_image":[{"width":2250,"height":1500,"url":"https:\/\/notabene.world\/nb\/wp-content\/uploads\/2022\/02\/pexels-photo-6684335-1.jpeg","type":"image\/jpeg"}],"author":"Julian Tarnowski","twitter_card":"summary_large_image","twitter_creator":"@JulianTarnowsk1","twitter_misc":{"Napisane przez":"Julian Tarnowski","Szacowany czas czytania":"3 minuty"},"schema":{"@context":"https:\/\/schema.org","@graph":[{"@type":"Article","@id":"https:\/\/notabene.world\/nb\/zmiany-w-maturze-2023-probne-arkusze-mniej-materialu\/#article","isPartOf":{"@id":"https:\/\/notabene.world\/nb\/zmiany-w-maturze-2023-probne-arkusze-mniej-materialu\/"},"author":{"name":"Julian Tarnowski","@id":"https:\/\/notabene.world\/nb\/#\/schema\/person\/890c5cc2bd0337867802bcca5ee56dee"},"headline":"Zmiany w maturze 2023 \u2014 pr\u00f3bne arkusze, mniej materia\u0142u","datePublished":"2022-02-01T06:26:26+00:00","dateModified":"2022-02-20T17:22:01+00:00","mainEntityOfPage":{"@id":"https:\/\/notabene.world\/nb\/zmiany-w-maturze-2023-probne-arkusze-mniej-materialu\/"},"wordCount":532,"publisher":{"@id":"https:\/\/notabene.world\/nb\/#organization"},"image":{"@id":"https:\/\/notabene.world\/nb\/zmiany-w-maturze-2023-probne-arkusze-mniej-materialu\/#primaryimage"},"thumbnailUrl":"https:\/\/i0.wp.com\/notabene.world\/nb\/wp-content\/uploads\/2022\/02\/pexels-photo-6684335-1.jpeg?fit=2250%2C1500&ssl=1","articleSection":["Nasz \u015awiat","Spo\u0142ecze\u0144stwo"],"inLanguage":"pl-PL"},{"@type":"WebPage","@id":"https:\/\/notabene.world\/nb\/zmiany-w-maturze-2023-probne-arkusze-mniej-materialu\/","url":"https:\/\/notabene.world\/nb\/zmiany-w-maturze-2023-probne-arkusze-mniej-materialu\/","name":"Zmiany w maturze 2023 \u2014 pr\u00f3bne arkusze, mniej materia\u0142u - NOTABENE.WORLD","isPartOf":{"@id":"https:\/\/notabene.world\/nb\/#website"},"primaryImageOfPage":{"@id":"https:\/\/notabene.world\/nb\/zmiany-w-maturze-2023-probne-arkusze-mniej-materialu\/#primaryimage"},"image":{"@id":"https:\/\/notabene.world\/nb\/zmiany-w-maturze-2023-probne-arkusze-mniej-materialu\/#primaryimage"},"thumbnailUrl":"https:\/\/i0.wp.com\/notabene.world\/nb\/wp-content\/uploads\/2022\/02\/pexels-photo-6684335-1.jpeg?fit=2250%2C1500&ssl=1","datePublished":"2022-02-01T06:26:26+00:00","dateModified":"2022-02-20T17:22:01+00:00","breadcrumb":{"@id":"https:\/\/notabene.world\/nb\/zmiany-w-maturze-2023-probne-arkusze-mniej-materialu\/#breadcrumb"},"inLanguage":"pl-PL","potentialAction":[{"@type":"ReadAction","target":["https:\/\/notabene.world\/nb\/zmiany-w-maturze-2023-probne-arkusze-mniej-materialu\/"]}]},{"@type":"ImageObject","inLanguage":"pl-PL","@id":"https:\/\/notabene.world\/nb\/zmiany-w-maturze-2023-probne-arkusze-mniej-materialu\/#primaryimage","url":"https:\/\/i0.wp.com\/notabene.world\/nb\/wp-content\/uploads\/2022\/02\/pexels-photo-6684335-1.jpeg?fit=2250%2C1500&ssl=1","contentUrl":"https:\/\/i0.wp.com\/notabene.world\/nb\/wp-content\/uploads\/2022\/02\/pexels-photo-6684335-1.jpeg?fit=2250%2C1500&ssl=1","width":2250,"height":1500},{"@type":"BreadcrumbList","@id":"https:\/\/notabene.world\/nb\/zmiany-w-maturze-2023-probne-arkusze-mniej-materialu\/#breadcrumb","itemListElement":[{"@type":"ListItem","position":1,"name":"Home","item":"https:\/\/notabene.world\/nb\/"},{"@type":"ListItem","position":2,"name":"Zmiany w maturze 2023 \u2014 pr\u00f3bne arkusze, mniej materia\u0142u"}]},{"@type":"WebSite","@id":"https:\/\/notabene.world\/nb\/#website","url":"https:\/\/notabene.world\/nb\/","name":"NOTABENE.WORLD","description":"Przekaz. Warto\u015bci. Wsp\u00f3lnota.","publisher":{"@id":"https:\/\/notabene.world\/nb\/#organization"},"potentialAction":[{"@type":"SearchAction","target":{"@type":"EntryPoint","urlTemplate":"https:\/\/notabene.world\/nb\/?s={search_term_string}"},"query-input":{"@type":"PropertyValueSpecification","valueRequired":true,"valueName":"search_term_string"}}],"inLanguage":"pl-PL"},{"@type":"Organization","@id":"https:\/\/notabene.world\/nb\/#organization","name":"NOTABENE.WORLD","url":"https:\/\/notabene.world\/nb\/","logo":{"@type":"ImageObject","inLanguage":"pl-PL","@id":"https:\/\/notabene.world\/nb\/#\/schema\/logo\/image\/","url":"https:\/\/notabene.world\/nb\/wp-content\/uploads\/2022\/01\/NB-club-start-www1.jpg","contentUrl":"https:\/\/notabene.world\/nb\/wp-content\/uploads\/2022\/01\/NB-club-start-www1.jpg","width":1000,"height":839,"caption":"NOTABENE.WORLD"},"image":{"@id":"https:\/\/notabene.world\/nb\/#\/schema\/logo\/image\/"},"sameAs":["https:\/\/www.facebook.com\/Notabene.World"]},{"@type":"Person","@id":"https:\/\/notabene.world\/nb\/#\/schema\/person\/890c5cc2bd0337867802bcca5ee56dee","name":"Julian Tarnowski","image":{"@type":"ImageObject","inLanguage":"pl-PL","@id":"https:\/\/secure.gravatar.com\/avatar\/151c2da0993f25c9e553bfa30b4da86942b5a68cf934473be0bc4dc52284b95b?s=96&d=mm&r=g","url":"https:\/\/secure.gravatar.com\/avatar\/151c2da0993f25c9e553bfa30b4da86942b5a68cf934473be0bc4dc52284b95b?s=96&d=mm&r=g","contentUrl":"https:\/\/secure.gravatar.com\/avatar\/151c2da0993f25c9e553bfa30b4da86942b5a68cf934473be0bc4dc52284b95b?s=96&d=mm&r=g","caption":"Julian Tarnowski"},"sameAs":["https:\/\/www.facebook.com\/profile.php?id=100014087373140","https:\/\/www.instagram.com\/tarnowskiofficial\/","https:\/\/x.com\/JulianTarnowsk1"],"url":"https:\/\/notabene.world\/nb\/author\/julian\/"}]}},"jetpack_featured_media_url":"https:\/\/i0.wp.com\/notabene.world\/nb\/wp-content\/uploads\/2022\/02\/pexels-photo-6684335-1.jpeg?fit=2250%2C1500&ssl=1","jetpack_sharing_enabled":true,"jetpack_shortlink":"https:\/\/wp.me\/pdCobN-tu","_links":{"self":[{"href":"https:\/\/notabene.world\/nb\/wp-json\/wp\/v2\/posts\/1828","targetHints":{"allow":["GET"]}}],"collection":[{"href":"https:\/\/notabene.world\/nb\/wp-json\/wp\/v2\/posts"}],"about":[{"href":"https:\/\/notabene.world\/nb\/wp-json\/wp\/v2\/types\/post"}],"author":[{"embeddable":true,"href":"https:\/\/notabene.world\/nb\/wp-json\/wp\/v2\/users\/6"}],"replies":[{"embeddable":true,"href":"https:\/\/notabene.world\/nb\/wp-json\/wp\/v2\/comments?post=1828"}],"version-history":[{"count":5,"href":"https:\/\/notabene.world\/nb\/wp-json\/wp\/v2\/posts\/1828\/revisions"}],"predecessor-version":[{"id":1866,"href":"https:\/\/notabene.world\/nb\/wp-json\/wp\/v2\/posts\/1828\/revisions\/1866"}],"wp:featuredmedia":[{"embeddable":true,"href":"https:\/\/notabene.world\/nb\/wp-json\/wp\/v2\/media\/1857"}],"wp:attachment":[{"href":"https:\/\/notabene.world\/nb\/wp-json\/wp\/v2\/media?parent=1828"}],"wp:term":[{"taxonomy":"category","embeddable":true,"href":"https:\/\/notabene.world\/nb\/wp-json\/wp\/v2\/categories?post=1828"},{"taxonomy":"post_tag","embeddable":true,"href":"https:\/\/notabene.world\/nb\/wp-json\/wp\/v2\/tags?post=1828"}],"curies":[{"name":"wp","href":"https:\/\/api.w.org\/{rel}","templated":true}]}}