{"id":18587,"date":"2025-11-30T17:15:16","date_gmt":"2025-11-30T17:15:16","guid":{"rendered":"https:\/\/notabene.world\/nb\/?p=18587"},"modified":"2026-04-06T09:50:03","modified_gmt":"2026-04-06T09:50:03","slug":"2717-mld-zlotych","status":"publish","type":"post","link":"https:\/\/notabene.world\/nb\/2717-mld-zlotych\/","title":{"rendered":"271,7 mld z\u0142otych"},"content":{"rendered":"\n<p>Dzi\u015b jest pochmurno i mgli\u015bcie. Astronomiczna zima zaczyna si\u0119 dopiero 21 grudnia, ale poniewa\u017c w zesz\u0142ym tygodniu spad\u0142 ju\u017c \u015bnieg i w wielu regionach zrobi\u0142o si\u0119 bia\u0142o, uwierzyli\u015bmy, \u017ce zima przysz\u0142a wcze\u015bniej. Temperatura r\u00f3wnie\u017c spad\u0142a &#8211; w nocy notowano nawet -5 lub -6 stopni. Dla wielu os\u00f3b ocieplenie i powr\u00f3t do pogody typowej dla p\u00f3\u017anej jesieni jest wi\u0119c rozczarowaniem. Na pewno nie dla pracownik\u00f3w s\u0142u\u017cb energetycznych, kt\u00f3rzy w ostatnich dniach bez przerwy naprawiali zerwane linie energetyczne. Bywa\u0142y momenty, w kt\u00f3rych pr\u0105du nie mia\u0142y tysi\u0105ce mieszka\u0144c\u00f3w. Wiele interwencji podejmowa\u0142a r\u00f3wnie\u017c Stra\u017c Po\u017carna.<\/p>\n\n\n\n<p>Prognoza na najbli\u017csze dni nie jest optymistyczna: mg\u0142y, opady marzn\u0105cego deszczu i deszczu ze \u015bniegiem. IMGW ostrzega przed go\u0142oledzi\u0105. Jakie b\u0119d\u0105 \u015awi\u0119ta? Tego (jak zwykle) nie wiedz\u0105 nawet \u201enajstarsi g\u00f3rale\u201d.<\/p>\n\n\n\n<p>Wiemy ju\u017c, jak wzros\u0142y ceny w listopadzie i jaka by\u0142a inflacja &#8211; 2,4%, czyli poni\u017cej prognoz analityk\u00f3w. Niestety tylko ok. 60% spo\u0142ecze\u0144stwa wi\u0105\u017ce dane inflacyjne z poziomem cen. Tymczasem ceny towar\u00f3w i us\u0142ug rok do roku wzros\u0142y \u015brednio w\u0142a\u015bnie o 2,4%. Jest wi\u0119c nadzieja, \u017ce \u015bwi\u0105teczny koszyk zakup\u00f3w b\u0119dzie tylko nieznacznie dro\u017cszy ni\u017c w ubieg\u0142ym roku. Miejmy nadziej\u0119, \u017ce tak b\u0119dzie.<\/p>\n\n\n\n<p>Grudzie\u0144 to nie tylko czas \u015bwi\u0105teczny, ale tak\u017ce miesi\u0105c, w kt\u00f3rym pojawia si\u0119 wiele informacji o rozwi\u0105zaniach wp\u0142ywaj\u0105cych w przysz\u0142ym roku na koszty naszych domowych bud\u017cet\u00f3w. Najnowsza wiadomo\u015b\u0107 pochodzi z Ministerstwa Energii. Po pierwsze \u2014 od stycznia 2026 r. nie wzro\u015bnie op\u0142ata kogeneracyjna, pozostanie na poziomie 3 z\u0142 za MWh. Po drugie \u2014 od stycznia zlikwidowana zostanie op\u0142ata przej\u015bciowa. Oba rozwi\u0105zania oznaczaj\u0105 cz\u0119\u015bciowe obni\u017cenie naszych rachunk\u00f3w za energi\u0119.<\/p>\n\n\n\n<p>Rz\u0105d, przedstawiaj\u0105c projekt bud\u017cetu na 2026 r., potwierdzi\u0142 r\u00f3wnie\u017c utrzymanie wszystkich \u015bwiadcze\u0144 spo\u0142ecznych, m.in. Rodziny 800 plus (ok. 61,7 mld z\u0142), 13. i 14. emerytury (ok. 31,8 mld z\u0142), programu \u201eAktywny Rodzic\u201d (ok. 6 mld z\u0142). Przewidziano tak\u017ce ok. 22 mld z\u0142 na waloryzacj\u0119 \u015bwiadcze\u0144 emerytalno-rentowych od 1 marca 2026 r.<\/p>\n\n\n\n<p>Zwi\u0119kszono r\u00f3wnie\u017c nak\u0142ady na ochron\u0119 zdrowia \u2014 maj\u0105 wynie\u015b\u0107 247,8 mld z\u0142, czyli 6,81% PKB, co oznacza wzrost o 25 mld z\u0142. Zwi\u0119kszono \u015brodki na in vitro do 600 mln z\u0142 oraz zasi\u0142ek pogrzebowy \u2014 z 4 tys. do 7 tys. z\u0142.<\/p>\n\n\n\n<p>Zaplanowano te\u017c rekordowe 200,1 mld z\u0142 na obron\u0119 narodow\u0105, co stanowi 4,81% planowanego PKB na 2026 r. Dodatkowo z\u0142o\u017cono do Komisji Europejskiej wniosek o p\u0142atno\u015b\u0107 z programu SAFE na dozbrojenie. Rz\u0105d liczy na 43,7 mld euro.<\/p>\n\n\n\n<p>Przes\u0142any do Sejmu projekt bud\u017cetu jest obecnie analizowany przez komisje sejmowe. Komisja Finans\u00f3w Publicznych postanowi\u0142a wprowadzi\u0107 poprawki ograniczaj\u0105ce wydatki wielu instytucji pa\u0144stwowych. I tak: obni\u017cono wydatki Kancelarii Prezydenta RP o 12,75 mln z\u0142 (przy tegorocznym bud\u017cecie 298,8 mln z\u0142), bud\u017cet Kancelarii Sejmu zmniejszono o 16,6 mln, Kancelarii Senatu \u2014 o 28,2 mln, a bud\u017cet S\u0105du Najwy\u017cszego obci\u0119to o 30 mln. \u0141\u0105cznie ci\u0119cia maj\u0105 przynie\u015b\u0107 569,6 mln z\u0142 oszcz\u0119dno\u015bci. \u015arodki te zostan\u0105 przeznaczone m.in. na szkolnictwo wy\u017csze, Agencj\u0119 Bezpiecze\u0144stwa Wewn\u0119trznego i Agencj\u0119 Wywiadu. Niestety, mimo tych dzia\u0142a\u0144 projekt przysz\u0142orocznego bud\u017cetu \u2014 przy dochodach 647,2 mld z\u0142 i wydatkach ok. 918,9 mld z\u0142 \u2014 wci\u0105\u017c zak\u0142ada deficyt na poziomie 271,7 mld z\u0142.<\/p>\n\n\n\n<p>A w Ukrainie trwa ju\u017c 1375. dzie\u0144 wojny. Mimo negocjacji w sprawie pokoju \u2014 a mo\u017ce w\u0142a\u015bnie z ich powodu \u2014 miasta i infrastruktura energetyczna s\u0105 nieustannie bombardowane. Gin\u0105 cywile, niszczona jest infrastruktura niezb\u0119dna do \u017cycia. W nocy z pi\u0105tku na sobot\u0119 w ataku na Ukrain\u0119 bra\u0142o udzia\u0142 kilkadziesi\u0105t rakiet i oko\u0142o 600 dron\u00f3w kamikadze. Po ataku oko\u0142o 600 tysi\u0119cy mieszka\u0144c\u00f3w zosta\u0142o bez pr\u0105du.<\/p>\n\n\n\n<p><\/p>\n","protected":false},"excerpt":{"rendered":"<p>Grudzie\u0144 to nie tylko czas \u015bwi\u0105teczny, ale tak\u017ce miesi\u0105c, w kt\u00f3rym pojawia si\u0119 wiele informacji o rozwi\u0105zaniach wp\u0142ywaj\u0105cych w przysz\u0142ym roku na koszty naszych domowych bud\u017cet\u00f3w. Najnowsza wiadomo\u015b\u0107 pochodzi z Ministerstwa Energii. Po pierwsze \u2014 od stycznia 2026 r. nie wzro\u015bnie op\u0142ata kogeneracyjna, pozostanie na poziomie 3 z\u0142 za MWh. Po drugie \u2014 od stycznia zlikwidowana zostanie op\u0142ata przej\u015bciowa. Oba rozwi\u0105zania oznaczaj\u0105 cz\u0119\u015bciowe obni\u017cenie naszych rachunk\u00f3w za energi\u0119.<br \/>\n<br.\nRz\u0105d, przedstawiaj\u0105c projekt bud\u017cetu na 2026 r., potwierdzi\u0142 r\u00f3wnie\u017c utrzymanie wszystkich \u015bwiadcze\u0144 spo\u0142ecznych, m.in. Rodziny 800 plus (ok. 61,7 mld z\u0142), 13. i 14. emerytury (ok. 31,8 mld z\u0142), programu \u201eAktywny Rodzic\u201d (ok. 6 mld z\u0142). Przewidziano tak\u017ce ok. 22 mld z\u0142 na waloryzacj\u0119 \u015bwiadcze\u0144 emerytalno-rentowych od 1 marca 2026 r.\n<br \/>\nZwi\u0119kszono r\u00f3wnie\u017c nak\u0142ady na ochron\u0119 zdrowia \u2014 maj\u0105 wynie\u015b\u0107 247,8 mld z\u0142, czyli 6,81% PKB, co oznacza wzrost o 25 mld z\u0142. Zwi\u0119kszono \u015brodki na in vitro do 600 mln z\u0142 oraz zasi\u0142ek pogrzebowy \u2014 z 4 tys. do 7 tys. z\u0142.<br \/>\n<br \/>\nZaplanowano te\u017c rekordowe 200,1 mld z\u0142 na obron\u0119 narodow\u0105, co stanowi 4,81% planowanego PKB na 2026 r. Dodatkowo z\u0142o\u017cono do Komisji Europejskiej wniosek o p\u0142atno\u015b\u0107 z programu SAFE na dozbrojenie. Rz\u0105d liczy na 43,7 mld euro.<br \/>\n<br \/>\nOgraniczono wydatki wielu instytucji pa\u0144stwowych. I tak: obni\u017cono wydatki Kancelarii Prezydenta RP o 12,75 mln z\u0142 (przy tegorocznym bud\u017cecie 298,8 mln z\u0142), bud\u017cet Kancelarii Sejmu zmniejszono o 16,6 mln, Kancelarii Senatu \u2014 o 28,2 mln, a bud\u017cet S\u0105du Najwy\u017cszego obci\u0119to o 30 mln. \u0141\u0105cznie ci\u0119cia maj\u0105 przynie\u015b\u0107 569,6 mln z\u0142 oszcz\u0119dno\u015bci. \u015arodki te zostan\u0105 przeznaczone m.in. na szkolnictwo wy\u017csze, Agencj\u0119 Bezpiecze\u0144stwa Wewn\u0119trznego i Agencj\u0119 Wywiadu. Niestety, mimo tych dzia\u0142a\u0144 projekt przysz\u0142orocznego bud\u017cetu \u2014 przy dochodach 647,2 mld z\u0142 i wydatkach ok. 918,9 mld z\u0142 \u2014 wci\u0105\u017c zak\u0142ada deficyt na poziomie 271,7 mld z\u0142.<\/p>\n","protected":false},"author":35,"featured_media":18588,"comment_status":"closed","ping_status":"closed","sticky":false,"template":"","format":"standard","meta":{"colormag_page_container_layout":"default_layout","colormag_page_sidebar_layout":"default_layout","_jetpack_memberships_contains_paid_content":false,"footnotes":"","_links_to":"","_links_to_target":""},"categories":[42,175],"tags":[],"class_list":["post-18587","post","type-post","status-publish","format-standard","has-post-thumbnail","hentry","category-felietony","category-liczby-i-fakty"],"yoast_head":"<!-- This site is optimized with the Yoast SEO plugin v27.4 - https:\/\/yoast.com\/product\/yoast-seo-wordpress\/ -->\n<title>271,7 mld z\u0142otych - NOTABENE.WORLD<\/title>\n<meta name=\"robots\" content=\"index, follow, max-snippet:-1, max-image-preview:large, max-video-preview:-1\" \/>\n<link rel=\"canonical\" href=\"https:\/\/notabene.world\/nb\/2717-mld-zlotych\/\" \/>\n<meta property=\"og:locale\" content=\"pl_PL\" \/>\n<meta property=\"og:type\" content=\"article\" \/>\n<meta property=\"og:title\" content=\"271,7 mld z\u0142otych - NOTABENE.WORLD\" \/>\n<meta property=\"og:description\" content=\"Grudzie\u0144 to nie tylko czas \u015bwi\u0105teczny, ale tak\u017ce miesi\u0105c, w kt\u00f3rym pojawia si\u0119 wiele informacji o rozwi\u0105zaniach wp\u0142ywaj\u0105cych w przysz\u0142ym roku na koszty naszych domowych bud\u017cet\u00f3w. Najnowsza wiadomo\u015b\u0107 pochodzi z Ministerstwa Energii. Po pierwsze \u2014 od stycznia 2026 r. nie wzro\u015bnie op\u0142ata kogeneracyjna, pozostanie na poziomie 3 z\u0142 za MWh. Po drugie \u2014 od stycznia zlikwidowana zostanie op\u0142ata przej\u015bciowa. Oba rozwi\u0105zania oznaczaj\u0105 cz\u0119\u015bciowe obni\u017cenie naszych rachunk\u00f3w za energi\u0119.\" \/>\n<meta property=\"og:url\" content=\"https:\/\/notabene.world\/nb\/2717-mld-zlotych\/\" \/>\n<meta property=\"og:site_name\" content=\"NOTABENE.WORLD\" \/>\n<meta property=\"article:publisher\" content=\"https:\/\/www.facebook.com\/Notabene.World\" \/>\n<meta property=\"article:published_time\" content=\"2025-11-30T17:15:16+00:00\" \/>\n<meta property=\"article:modified_time\" content=\"2026-04-06T09:50:03+00:00\" \/>\n<meta property=\"og:image\" content=\"https:\/\/notabene.world\/nb\/wp-content\/uploads\/2025\/11\/nr79.jpg\" \/>\n\t<meta property=\"og:image:width\" content=\"800\" \/>\n\t<meta property=\"og:image:height\" content=\"445\" \/>\n\t<meta property=\"og:image:type\" content=\"image\/jpeg\" \/>\n<meta name=\"author\" content=\"B D\" \/>\n<meta name=\"twitter:card\" content=\"summary_large_image\" \/>\n<meta name=\"twitter:label1\" content=\"Napisane przez\" \/>\n\t<meta name=\"twitter:data1\" content=\"B D\" \/>\n\t<meta name=\"twitter:label2\" content=\"Szacowany czas czytania\" \/>\n\t<meta name=\"twitter:data2\" content=\"3 minuty\" \/>\n<script type=\"application\/ld+json\" class=\"yoast-schema-graph\">{\"@context\":\"https:\\\/\\\/schema.org\",\"@graph\":[{\"@type\":\"Article\",\"@id\":\"https:\\\/\\\/notabene.world\\\/nb\\\/2717-mld-zlotych\\\/#article\",\"isPartOf\":{\"@id\":\"https:\\\/\\\/notabene.world\\\/nb\\\/2717-mld-zlotych\\\/\"},\"author\":{\"name\":\"B D\",\"@id\":\"https:\\\/\\\/notabene.world\\\/nb\\\/#\\\/schema\\\/person\\\/9081f0d094ad3e2767736feb48c99520\"},\"headline\":\"271,7 mld z\u0142otych\",\"datePublished\":\"2025-11-30T17:15:16+00:00\",\"dateModified\":\"2026-04-06T09:50:03+00:00\",\"mainEntityOfPage\":{\"@id\":\"https:\\\/\\\/notabene.world\\\/nb\\\/2717-mld-zlotych\\\/\"},\"wordCount\":635,\"publisher\":{\"@id\":\"https:\\\/\\\/notabene.world\\\/nb\\\/#organization\"},\"image\":{\"@id\":\"https:\\\/\\\/notabene.world\\\/nb\\\/2717-mld-zlotych\\\/#primaryimage\"},\"thumbnailUrl\":\"https:\\\/\\\/i0.wp.com\\\/notabene.world\\\/nb\\\/wp-content\\\/uploads\\\/2025\\\/11\\\/nr79.jpg?fit=800%2C445&ssl=1\",\"articleSection\":[\"Felietony\",\"Liczby i Fakty\"],\"inLanguage\":\"pl-PL\"},{\"@type\":\"WebPage\",\"@id\":\"https:\\\/\\\/notabene.world\\\/nb\\\/2717-mld-zlotych\\\/\",\"url\":\"https:\\\/\\\/notabene.world\\\/nb\\\/2717-mld-zlotych\\\/\",\"name\":\"271,7 mld z\u0142otych - NOTABENE.WORLD\",\"isPartOf\":{\"@id\":\"https:\\\/\\\/notabene.world\\\/nb\\\/#website\"},\"primaryImageOfPage\":{\"@id\":\"https:\\\/\\\/notabene.world\\\/nb\\\/2717-mld-zlotych\\\/#primaryimage\"},\"image\":{\"@id\":\"https:\\\/\\\/notabene.world\\\/nb\\\/2717-mld-zlotych\\\/#primaryimage\"},\"thumbnailUrl\":\"https:\\\/\\\/i0.wp.com\\\/notabene.world\\\/nb\\\/wp-content\\\/uploads\\\/2025\\\/11\\\/nr79.jpg?fit=800%2C445&ssl=1\",\"datePublished\":\"2025-11-30T17:15:16+00:00\",\"dateModified\":\"2026-04-06T09:50:03+00:00\",\"breadcrumb\":{\"@id\":\"https:\\\/\\\/notabene.world\\\/nb\\\/2717-mld-zlotych\\\/#breadcrumb\"},\"inLanguage\":\"pl-PL\",\"potentialAction\":[{\"@type\":\"ReadAction\",\"target\":[\"https:\\\/\\\/notabene.world\\\/nb\\\/2717-mld-zlotych\\\/\"]}]},{\"@type\":\"ImageObject\",\"inLanguage\":\"pl-PL\",\"@id\":\"https:\\\/\\\/notabene.world\\\/nb\\\/2717-mld-zlotych\\\/#primaryimage\",\"url\":\"https:\\\/\\\/i0.wp.com\\\/notabene.world\\\/nb\\\/wp-content\\\/uploads\\\/2025\\\/11\\\/nr79.jpg?fit=800%2C445&ssl=1\",\"contentUrl\":\"https:\\\/\\\/i0.wp.com\\\/notabene.world\\\/nb\\\/wp-content\\\/uploads\\\/2025\\\/11\\\/nr79.jpg?fit=800%2C445&ssl=1\",\"width\":800,\"height\":445},{\"@type\":\"BreadcrumbList\",\"@id\":\"https:\\\/\\\/notabene.world\\\/nb\\\/2717-mld-zlotych\\\/#breadcrumb\",\"itemListElement\":[{\"@type\":\"ListItem\",\"position\":1,\"name\":\"Home\",\"item\":\"https:\\\/\\\/notabene.world\\\/nb\\\/\"},{\"@type\":\"ListItem\",\"position\":2,\"name\":\"271,7 mld z\u0142otych\"}]},{\"@type\":\"WebSite\",\"@id\":\"https:\\\/\\\/notabene.world\\\/nb\\\/#website\",\"url\":\"https:\\\/\\\/notabene.world\\\/nb\\\/\",\"name\":\"NOTABENE.WORLD\",\"description\":\"Przekaz. Warto\u015bci. Wsp\u00f3lnota.\",\"publisher\":{\"@id\":\"https:\\\/\\\/notabene.world\\\/nb\\\/#organization\"},\"potentialAction\":[{\"@type\":\"SearchAction\",\"target\":{\"@type\":\"EntryPoint\",\"urlTemplate\":\"https:\\\/\\\/notabene.world\\\/nb\\\/?s={search_term_string}\"},\"query-input\":{\"@type\":\"PropertyValueSpecification\",\"valueRequired\":true,\"valueName\":\"search_term_string\"}}],\"inLanguage\":\"pl-PL\"},{\"@type\":\"Organization\",\"@id\":\"https:\\\/\\\/notabene.world\\\/nb\\\/#organization\",\"name\":\"NOTABENE.WORLD\",\"url\":\"https:\\\/\\\/notabene.world\\\/nb\\\/\",\"logo\":{\"@type\":\"ImageObject\",\"inLanguage\":\"pl-PL\",\"@id\":\"https:\\\/\\\/notabene.world\\\/nb\\\/#\\\/schema\\\/logo\\\/image\\\/\",\"url\":\"https:\\\/\\\/notabene.world\\\/nb\\\/wp-content\\\/uploads\\\/2022\\\/01\\\/NB-club-start-www1.jpg\",\"contentUrl\":\"https:\\\/\\\/notabene.world\\\/nb\\\/wp-content\\\/uploads\\\/2022\\\/01\\\/NB-club-start-www1.jpg\",\"width\":1000,\"height\":839,\"caption\":\"NOTABENE.WORLD\"},\"image\":{\"@id\":\"https:\\\/\\\/notabene.world\\\/nb\\\/#\\\/schema\\\/logo\\\/image\\\/\"},\"sameAs\":[\"https:\\\/\\\/www.facebook.com\\\/Notabene.World\"]},{\"@type\":\"Person\",\"@id\":\"https:\\\/\\\/notabene.world\\\/nb\\\/#\\\/schema\\\/person\\\/9081f0d094ad3e2767736feb48c99520\",\"name\":\"B D\",\"image\":{\"@type\":\"ImageObject\",\"inLanguage\":\"pl-PL\",\"@id\":\"https:\\\/\\\/secure.gravatar.com\\\/avatar\\\/ebcdcd8c0a7789c85d5a03ead2e68bda7a5fcb1ab728d56a4bd678c5ea15faa2?s=96&d=mm&r=g\",\"url\":\"https:\\\/\\\/secure.gravatar.com\\\/avatar\\\/ebcdcd8c0a7789c85d5a03ead2e68bda7a5fcb1ab728d56a4bd678c5ea15faa2?s=96&d=mm&r=g\",\"contentUrl\":\"https:\\\/\\\/secure.gravatar.com\\\/avatar\\\/ebcdcd8c0a7789c85d5a03ead2e68bda7a5fcb1ab728d56a4bd678c5ea15faa2?s=96&d=mm&r=g\",\"caption\":\"B D\"},\"url\":\"https:\\\/\\\/notabene.world\\\/nb\\\/author\\\/jo-d\\\/\"}]}<\/script>\n<!-- \/ Yoast SEO plugin. -->","yoast_head_json":{"title":"271,7 mld z\u0142otych - NOTABENE.WORLD","robots":{"index":"index","follow":"follow","max-snippet":"max-snippet:-1","max-image-preview":"max-image-preview:large","max-video-preview":"max-video-preview:-1"},"canonical":"https:\/\/notabene.world\/nb\/2717-mld-zlotych\/","og_locale":"pl_PL","og_type":"article","og_title":"271,7 mld z\u0142otych - NOTABENE.WORLD","og_description":"Grudzie\u0144 to nie tylko czas \u015bwi\u0105teczny, ale tak\u017ce miesi\u0105c, w kt\u00f3rym pojawia si\u0119 wiele informacji o rozwi\u0105zaniach wp\u0142ywaj\u0105cych w przysz\u0142ym roku na koszty naszych domowych bud\u017cet\u00f3w. Najnowsza wiadomo\u015b\u0107 pochodzi z Ministerstwa Energii. Po pierwsze \u2014 od stycznia 2026 r. nie wzro\u015bnie op\u0142ata kogeneracyjna, pozostanie na poziomie 3 z\u0142 za MWh. Po drugie \u2014 od stycznia zlikwidowana zostanie op\u0142ata przej\u015bciowa. Oba rozwi\u0105zania oznaczaj\u0105 cz\u0119\u015bciowe obni\u017cenie naszych rachunk\u00f3w za energi\u0119.","og_url":"https:\/\/notabene.world\/nb\/2717-mld-zlotych\/","og_site_name":"NOTABENE.WORLD","article_publisher":"https:\/\/www.facebook.com\/Notabene.World","article_published_time":"2025-11-30T17:15:16+00:00","article_modified_time":"2026-04-06T09:50:03+00:00","og_image":[{"width":800,"height":445,"url":"https:\/\/notabene.world\/nb\/wp-content\/uploads\/2025\/11\/nr79.jpg","type":"image\/jpeg"}],"author":"B D","twitter_card":"summary_large_image","twitter_misc":{"Napisane przez":"B D","Szacowany czas czytania":"3 minuty"},"schema":{"@context":"https:\/\/schema.org","@graph":[{"@type":"Article","@id":"https:\/\/notabene.world\/nb\/2717-mld-zlotych\/#article","isPartOf":{"@id":"https:\/\/notabene.world\/nb\/2717-mld-zlotych\/"},"author":{"name":"B D","@id":"https:\/\/notabene.world\/nb\/#\/schema\/person\/9081f0d094ad3e2767736feb48c99520"},"headline":"271,7 mld z\u0142otych","datePublished":"2025-11-30T17:15:16+00:00","dateModified":"2026-04-06T09:50:03+00:00","mainEntityOfPage":{"@id":"https:\/\/notabene.world\/nb\/2717-mld-zlotych\/"},"wordCount":635,"publisher":{"@id":"https:\/\/notabene.world\/nb\/#organization"},"image":{"@id":"https:\/\/notabene.world\/nb\/2717-mld-zlotych\/#primaryimage"},"thumbnailUrl":"https:\/\/i0.wp.com\/notabene.world\/nb\/wp-content\/uploads\/2025\/11\/nr79.jpg?fit=800%2C445&ssl=1","articleSection":["Felietony","Liczby i Fakty"],"inLanguage":"pl-PL"},{"@type":"WebPage","@id":"https:\/\/notabene.world\/nb\/2717-mld-zlotych\/","url":"https:\/\/notabene.world\/nb\/2717-mld-zlotych\/","name":"271,7 mld z\u0142otych - NOTABENE.WORLD","isPartOf":{"@id":"https:\/\/notabene.world\/nb\/#website"},"primaryImageOfPage":{"@id":"https:\/\/notabene.world\/nb\/2717-mld-zlotych\/#primaryimage"},"image":{"@id":"https:\/\/notabene.world\/nb\/2717-mld-zlotych\/#primaryimage"},"thumbnailUrl":"https:\/\/i0.wp.com\/notabene.world\/nb\/wp-content\/uploads\/2025\/11\/nr79.jpg?fit=800%2C445&ssl=1","datePublished":"2025-11-30T17:15:16+00:00","dateModified":"2026-04-06T09:50:03+00:00","breadcrumb":{"@id":"https:\/\/notabene.world\/nb\/2717-mld-zlotych\/#breadcrumb"},"inLanguage":"pl-PL","potentialAction":[{"@type":"ReadAction","target":["https:\/\/notabene.world\/nb\/2717-mld-zlotych\/"]}]},{"@type":"ImageObject","inLanguage":"pl-PL","@id":"https:\/\/notabene.world\/nb\/2717-mld-zlotych\/#primaryimage","url":"https:\/\/i0.wp.com\/notabene.world\/nb\/wp-content\/uploads\/2025\/11\/nr79.jpg?fit=800%2C445&ssl=1","contentUrl":"https:\/\/i0.wp.com\/notabene.world\/nb\/wp-content\/uploads\/2025\/11\/nr79.jpg?fit=800%2C445&ssl=1","width":800,"height":445},{"@type":"BreadcrumbList","@id":"https:\/\/notabene.world\/nb\/2717-mld-zlotych\/#breadcrumb","itemListElement":[{"@type":"ListItem","position":1,"name":"Home","item":"https:\/\/notabene.world\/nb\/"},{"@type":"ListItem","position":2,"name":"271,7 mld z\u0142otych"}]},{"@type":"WebSite","@id":"https:\/\/notabene.world\/nb\/#website","url":"https:\/\/notabene.world\/nb\/","name":"NOTABENE.WORLD","description":"Przekaz. Warto\u015bci. Wsp\u00f3lnota.","publisher":{"@id":"https:\/\/notabene.world\/nb\/#organization"},"potentialAction":[{"@type":"SearchAction","target":{"@type":"EntryPoint","urlTemplate":"https:\/\/notabene.world\/nb\/?s={search_term_string}"},"query-input":{"@type":"PropertyValueSpecification","valueRequired":true,"valueName":"search_term_string"}}],"inLanguage":"pl-PL"},{"@type":"Organization","@id":"https:\/\/notabene.world\/nb\/#organization","name":"NOTABENE.WORLD","url":"https:\/\/notabene.world\/nb\/","logo":{"@type":"ImageObject","inLanguage":"pl-PL","@id":"https:\/\/notabene.world\/nb\/#\/schema\/logo\/image\/","url":"https:\/\/notabene.world\/nb\/wp-content\/uploads\/2022\/01\/NB-club-start-www1.jpg","contentUrl":"https:\/\/notabene.world\/nb\/wp-content\/uploads\/2022\/01\/NB-club-start-www1.jpg","width":1000,"height":839,"caption":"NOTABENE.WORLD"},"image":{"@id":"https:\/\/notabene.world\/nb\/#\/schema\/logo\/image\/"},"sameAs":["https:\/\/www.facebook.com\/Notabene.World"]},{"@type":"Person","@id":"https:\/\/notabene.world\/nb\/#\/schema\/person\/9081f0d094ad3e2767736feb48c99520","name":"B D","image":{"@type":"ImageObject","inLanguage":"pl-PL","@id":"https:\/\/secure.gravatar.com\/avatar\/ebcdcd8c0a7789c85d5a03ead2e68bda7a5fcb1ab728d56a4bd678c5ea15faa2?s=96&d=mm&r=g","url":"https:\/\/secure.gravatar.com\/avatar\/ebcdcd8c0a7789c85d5a03ead2e68bda7a5fcb1ab728d56a4bd678c5ea15faa2?s=96&d=mm&r=g","contentUrl":"https:\/\/secure.gravatar.com\/avatar\/ebcdcd8c0a7789c85d5a03ead2e68bda7a5fcb1ab728d56a4bd678c5ea15faa2?s=96&d=mm&r=g","caption":"B D"},"url":"https:\/\/notabene.world\/nb\/author\/jo-d\/"}]}},"jetpack_featured_media_url":"https:\/\/i0.wp.com\/notabene.world\/nb\/wp-content\/uploads\/2025\/11\/nr79.jpg?fit=800%2C445&ssl=1","jetpack_sharing_enabled":true,"jetpack_shortlink":"https:\/\/wp.me\/pdCobN-4PN","_links":{"self":[{"href":"https:\/\/notabene.world\/nb\/wp-json\/wp\/v2\/posts\/18587","targetHints":{"allow":["GET"]}}],"collection":[{"href":"https:\/\/notabene.world\/nb\/wp-json\/wp\/v2\/posts"}],"about":[{"href":"https:\/\/notabene.world\/nb\/wp-json\/wp\/v2\/types\/post"}],"author":[{"embeddable":true,"href":"https:\/\/notabene.world\/nb\/wp-json\/wp\/v2\/users\/35"}],"replies":[{"embeddable":true,"href":"https:\/\/notabene.world\/nb\/wp-json\/wp\/v2\/comments?post=18587"}],"version-history":[{"count":5,"href":"https:\/\/notabene.world\/nb\/wp-json\/wp\/v2\/posts\/18587\/revisions"}],"predecessor-version":[{"id":19666,"href":"https:\/\/notabene.world\/nb\/wp-json\/wp\/v2\/posts\/18587\/revisions\/19666"}],"wp:featuredmedia":[{"embeddable":true,"href":"https:\/\/notabene.world\/nb\/wp-json\/wp\/v2\/media\/18588"}],"wp:attachment":[{"href":"https:\/\/notabene.world\/nb\/wp-json\/wp\/v2\/media?parent=18587"}],"wp:term":[{"taxonomy":"category","embeddable":true,"href":"https:\/\/notabene.world\/nb\/wp-json\/wp\/v2\/categories?post=18587"},{"taxonomy":"post_tag","embeddable":true,"href":"https:\/\/notabene.world\/nb\/wp-json\/wp\/v2\/tags?post=18587"}],"curies":[{"name":"wp","href":"https:\/\/api.w.org\/{rel}","templated":true}]}}