{"id":19430,"date":"2026-03-17T21:58:00","date_gmt":"2026-03-17T21:58:00","guid":{"rendered":"https:\/\/notabene.world\/nb\/?p=19430"},"modified":"2026-04-19T15:45:16","modified_gmt":"2026-04-19T15:45:16","slug":"radio-zza-zamknietego-mikrofonu","status":"publish","type":"post","link":"https:\/\/notabene.world\/nb\/radio-zza-zamknietego-mikrofonu\/","title":{"rendered":"RADIO zza zamkni\u0119tego mikrofonu"},"content":{"rendered":"\n<div class=\"wp-block-media-text is-stacked-on-mobile\" style=\"grid-template-columns:35% auto\"><figure class=\"wp-block-media-text__media\"><img data-recalc-dims=\"1\" loading=\"lazy\" decoding=\"async\" width=\"800\" height=\"445\" src=\"https:\/\/i0.wp.com\/notabene.world\/nb\/wp-content\/uploads\/2026\/03\/WRKCAM.jpg?resize=800%2C445&#038;ssl=1\" alt=\"\" class=\"wp-image-19553 size-full\" srcset=\"https:\/\/i0.wp.com\/notabene.world\/nb\/wp-content\/uploads\/2026\/03\/WRKCAM.jpg?w=800&amp;ssl=1 800w, https:\/\/i0.wp.com\/notabene.world\/nb\/wp-content\/uploads\/2026\/03\/WRKCAM.jpg?resize=300%2C167&amp;ssl=1 300w, https:\/\/i0.wp.com\/notabene.world\/nb\/wp-content\/uploads\/2026\/03\/WRKCAM.jpg?resize=768%2C427&amp;ssl=1 768w\" sizes=\"auto, (max-width: 800px) 100vw, 800px\" \/><\/figure><div class=\"wp-block-media-text__content\">\n<p>Podcast <strong><a href=\"https:\/\/notabene.world\/nb\/wp-content\/uploads\/2026\/03\/20260317.mp3\" target=\"_blank\" rel=\"noreferrer noopener\">17.03.2026<\/a><\/strong> \u2022 Czar wspomnie\u0144 z Wy\u015bcigu Pokoju!<\/p>\n\n\n\n<hr class=\"wp-block-separator has-alpha-channel-opacity is-style-wide\"\/>\n<\/div><\/div>\n\n\n\n<hr class=\"wp-block-separator has-alpha-channel-opacity\"\/>\n\n\n\n<div class=\"wp-block-media-text is-stacked-on-mobile\" style=\"grid-template-columns:35% auto\"><figure class=\"wp-block-media-text__media\"><img data-recalc-dims=\"1\" loading=\"lazy\" decoding=\"async\" width=\"800\" height=\"445\" src=\"https:\/\/i0.wp.com\/notabene.world\/nb\/wp-content\/uploads\/2026\/03\/ARCCWLKC-1.jpg?resize=800%2C445&#038;ssl=1\" alt=\"\" class=\"wp-image-19545 size-full\" srcset=\"https:\/\/i0.wp.com\/notabene.world\/nb\/wp-content\/uploads\/2026\/03\/ARCCWLKC-1.jpg?w=800&amp;ssl=1 800w, https:\/\/i0.wp.com\/notabene.world\/nb\/wp-content\/uploads\/2026\/03\/ARCCWLKC-1.jpg?resize=300%2C167&amp;ssl=1 300w, https:\/\/i0.wp.com\/notabene.world\/nb\/wp-content\/uploads\/2026\/03\/ARCCWLKC-1.jpg?resize=768%2C427&amp;ssl=1 768w\" sizes=\"auto, (max-width: 800px) 100vw, 800px\" \/><\/figure><div class=\"wp-block-media-text__content\">\n<p>Podcast <strong><a href=\"https:\/\/notabene.world\/nb\/wp-content\/uploads\/2026\/03\/20260316.mp3\" target=\"_blank\" rel=\"noreferrer noopener\">16.03.2026<\/a><\/strong> \u2022 O dylematach zwi\u0105zanych z &#8222;higien\u0105 cyfrow\u0105&#8221;<\/p>\n\n\n\n<hr class=\"wp-block-separator has-alpha-channel-opacity is-style-wide\"\/>\n<\/div><\/div>\n\n\n\n<hr class=\"wp-block-separator has-alpha-channel-opacity\"\/>\n\n\n\n<div class=\"wp-block-media-text is-stacked-on-mobile\" style=\"grid-template-columns:35% auto\"><figure class=\"wp-block-media-text__media\"><img data-recalc-dims=\"1\" loading=\"lazy\" decoding=\"async\" width=\"800\" height=\"445\" src=\"https:\/\/i0.wp.com\/notabene.world\/nb\/wp-content\/uploads\/2026\/03\/WRKCET-1.jpg?resize=800%2C445&#038;ssl=1\" alt=\"\" class=\"wp-image-19480 size-full\" srcset=\"https:\/\/i0.wp.com\/notabene.world\/nb\/wp-content\/uploads\/2026\/03\/WRKCET-1.jpg?w=800&amp;ssl=1 800w, https:\/\/i0.wp.com\/notabene.world\/nb\/wp-content\/uploads\/2026\/03\/WRKCET-1.jpg?resize=300%2C167&amp;ssl=1 300w, https:\/\/i0.wp.com\/notabene.world\/nb\/wp-content\/uploads\/2026\/03\/WRKCET-1.jpg?resize=768%2C427&amp;ssl=1 768w\" sizes=\"auto, (max-width: 800px) 100vw, 800px\" \/><\/figure><div class=\"wp-block-media-text__content\">\n<p>Podcast <a href=\"https:\/\/notabene.world\/nb\/wp-content\/uploads\/2026\/03\/20260314.mp3\" target=\"_blank\" rel=\"noreferrer noopener\"><strong>14.03.2026<\/strong><\/a> \u2022 Kielce w rankingu miast wojew\u00f3dzkich w Polsce<\/p>\n\n\n\n<hr class=\"wp-block-separator has-alpha-channel-opacity is-style-wide\"\/>\n<\/div><\/div>\n\n\n\n<hr class=\"wp-block-separator has-alpha-channel-opacity\"\/>\n\n\n\n<div class=\"wp-block-media-text is-stacked-on-mobile\" style=\"border-style:none;border-width:0px;grid-template-columns:35% auto\"><figure class=\"wp-block-media-text__media\"><img data-recalc-dims=\"1\" loading=\"lazy\" decoding=\"async\" width=\"800\" height=\"445\" src=\"https:\/\/i0.wp.com\/notabene.world\/nb\/wp-content\/uploads\/2026\/03\/WRKC.jpg?resize=800%2C445&#038;ssl=1\" alt=\"\" class=\"wp-image-19431 size-full\" srcset=\"https:\/\/i0.wp.com\/notabene.world\/nb\/wp-content\/uploads\/2026\/03\/WRKC.jpg?w=800&amp;ssl=1 800w, https:\/\/i0.wp.com\/notabene.world\/nb\/wp-content\/uploads\/2026\/03\/WRKC.jpg?resize=300%2C167&amp;ssl=1 300w, https:\/\/i0.wp.com\/notabene.world\/nb\/wp-content\/uploads\/2026\/03\/WRKC.jpg?resize=768%2C427&amp;ssl=1 768w\" sizes=\"auto, (max-width: 800px) 100vw, 800px\" \/><\/figure><div class=\"wp-block-media-text__content\">\n<p>Podcast <strong><a href=\"https:\/\/notabene.world\/nb\/wp-content\/uploads\/2026\/03\/20260311.mp3\" type=\"link\" id=\"https:\/\/notabene.world\/nb\/wp-content\/uploads\/2026\/03\/20260310a.mp3\" target=\"_blank\" rel=\"noreferrer noopener\">11.03.2026<\/a><\/strong> \u2022 O pozytywnym my\u015bleniu i szcz\u0119\u015bciu<\/p>\n\n\n\n<hr class=\"wp-block-separator has-alpha-channel-opacity is-style-wide\" style=\"margin-top:var(--wp--preset--spacing--20);margin-bottom:var(--wp--preset--spacing--20)\"\/>\n<\/div><\/div>\n\n\n\n<hr class=\"wp-block-separator has-alpha-channel-opacity\"\/>\n\n\n\n<div class=\"wp-block-media-text is-stacked-on-mobile\" style=\"border-style:none;border-width:0px;grid-template-columns:35% auto\"><figure class=\"wp-block-media-text__media\"><img data-recalc-dims=\"1\" loading=\"lazy\" decoding=\"async\" width=\"800\" height=\"445\" src=\"https:\/\/i0.wp.com\/notabene.world\/nb\/wp-content\/uploads\/2026\/03\/WRKC.jpg?resize=800%2C445&#038;ssl=1\" alt=\"\" class=\"wp-image-19431 size-full\" srcset=\"https:\/\/i0.wp.com\/notabene.world\/nb\/wp-content\/uploads\/2026\/03\/WRKC.jpg?w=800&amp;ssl=1 800w, https:\/\/i0.wp.com\/notabene.world\/nb\/wp-content\/uploads\/2026\/03\/WRKC.jpg?resize=300%2C167&amp;ssl=1 300w, https:\/\/i0.wp.com\/notabene.world\/nb\/wp-content\/uploads\/2026\/03\/WRKC.jpg?resize=768%2C427&amp;ssl=1 768w\" sizes=\"auto, (max-width: 800px) 100vw, 800px\" \/><\/figure><div class=\"wp-block-media-text__content\">\n<p>Podcast <strong><a href=\"https:\/\/notabene.world\/nb\/wp-content\/uploads\/2026\/03\/20260310a.mp3\" target=\"_blank\" rel=\"noreferrer noopener\">10.03.2026<\/a><\/strong> \u2022 Inauguracyjny podcast naszego RADIA ZZM<\/p>\n\n\n\n<hr class=\"wp-block-separator has-alpha-channel-opacity is-style-wide\" style=\"margin-top:var(--wp--preset--spacing--20);margin-bottom:var(--wp--preset--spacing--20)\"\/>\n<\/div><\/div>\n\n\n\n<hr class=\"wp-block-separator has-alpha-channel-opacity\"\/>\n\n\n\n<p><\/p>\n","protected":false},"excerpt":{"rendered":"","protected":false},"author":97,"featured_media":19553,"comment_status":"closed","ping_status":"closed","sticky":false,"template":"","format":"standard","meta":{"colormag_page_container_layout":"default_layout","colormag_page_sidebar_layout":"default_layout","_jetpack_memberships_contains_paid_content":false,"footnotes":"","_links_to":"","_links_to_target":""},"categories":[64,259],"tags":[],"class_list":["post-19430","post","type-post","status-publish","format-standard","has-post-thumbnail","hentry","category-aktualnosci","category-radio"],"yoast_head":"<!-- This site is optimized with the Yoast SEO plugin v27.4 - https:\/\/yoast.com\/product\/yoast-seo-wordpress\/ -->\n<title>RADIO zza zamkni\u0119tego mikrofonu - NOTABENE.WORLD<\/title>\n<meta name=\"robots\" content=\"index, follow, max-snippet:-1, max-image-preview:large, max-video-preview:-1\" \/>\n<link rel=\"canonical\" href=\"https:\/\/notabene.world\/nb\/radio-zza-zamknietego-mikrofonu\/\" \/>\n<meta property=\"og:locale\" content=\"pl_PL\" \/>\n<meta property=\"og:type\" content=\"article\" \/>\n<meta property=\"og:title\" content=\"RADIO zza zamkni\u0119tego mikrofonu - NOTABENE.WORLD\" \/>\n<meta property=\"og:url\" content=\"https:\/\/notabene.world\/nb\/radio-zza-zamknietego-mikrofonu\/\" \/>\n<meta property=\"og:site_name\" content=\"NOTABENE.WORLD\" \/>\n<meta property=\"article:publisher\" content=\"https:\/\/www.facebook.com\/Notabene.World\" \/>\n<meta property=\"article:published_time\" content=\"2026-03-17T21:58:00+00:00\" \/>\n<meta property=\"article:modified_time\" content=\"2026-04-19T15:45:16+00:00\" \/>\n<meta property=\"og:image\" content=\"https:\/\/notabene.world\/nb\/wp-content\/uploads\/2026\/03\/WRKCAM.jpg\" \/>\n\t<meta property=\"og:image:width\" content=\"800\" \/>\n\t<meta property=\"og:image:height\" content=\"445\" \/>\n\t<meta property=\"og:image:type\" content=\"image\/jpeg\" \/>\n<meta name=\"author\" content=\"WR &amp; ET &amp; KC\" \/>\n<meta name=\"twitter:card\" content=\"summary_large_image\" \/>\n<meta name=\"twitter:label1\" content=\"Napisane przez\" \/>\n\t<meta name=\"twitter:data1\" content=\"WR &amp; ET &amp; KC\" \/>\n<script type=\"application\/ld+json\" class=\"yoast-schema-graph\">{\"@context\":\"https:\\\/\\\/schema.org\",\"@graph\":[{\"@type\":\"Article\",\"@id\":\"https:\\\/\\\/notabene.world\\\/nb\\\/radio-zza-zamknietego-mikrofonu\\\/#article\",\"isPartOf\":{\"@id\":\"https:\\\/\\\/notabene.world\\\/nb\\\/radio-zza-zamknietego-mikrofonu\\\/\"},\"author\":{\"name\":\"WR &amp; ET &amp; KC\",\"@id\":\"https:\\\/\\\/notabene.world\\\/nb\\\/#\\\/schema\\\/person\\\/dfbaa8673816bf74f08ad29a6b6a2eda\"},\"headline\":\"RADIO zza zamkni\u0119tego mikrofonu\",\"datePublished\":\"2026-03-17T21:58:00+00:00\",\"dateModified\":\"2026-04-19T15:45:16+00:00\",\"mainEntityOfPage\":{\"@id\":\"https:\\\/\\\/notabene.world\\\/nb\\\/radio-zza-zamknietego-mikrofonu\\\/\"},\"wordCount\":43,\"publisher\":{\"@id\":\"https:\\\/\\\/notabene.world\\\/nb\\\/#organization\"},\"image\":{\"@id\":\"https:\\\/\\\/notabene.world\\\/nb\\\/radio-zza-zamknietego-mikrofonu\\\/#primaryimage\"},\"thumbnailUrl\":\"https:\\\/\\\/i0.wp.com\\\/notabene.world\\\/nb\\\/wp-content\\\/uploads\\\/2026\\\/03\\\/WRKCAM.jpg?fit=800%2C445&ssl=1\",\"articleSection\":[\"Aktualno\u015bci\",\"Radio\"],\"inLanguage\":\"pl-PL\"},{\"@type\":\"WebPage\",\"@id\":\"https:\\\/\\\/notabene.world\\\/nb\\\/radio-zza-zamknietego-mikrofonu\\\/\",\"url\":\"https:\\\/\\\/notabene.world\\\/nb\\\/radio-zza-zamknietego-mikrofonu\\\/\",\"name\":\"RADIO zza zamkni\u0119tego mikrofonu - NOTABENE.WORLD\",\"isPartOf\":{\"@id\":\"https:\\\/\\\/notabene.world\\\/nb\\\/#website\"},\"primaryImageOfPage\":{\"@id\":\"https:\\\/\\\/notabene.world\\\/nb\\\/radio-zza-zamknietego-mikrofonu\\\/#primaryimage\"},\"image\":{\"@id\":\"https:\\\/\\\/notabene.world\\\/nb\\\/radio-zza-zamknietego-mikrofonu\\\/#primaryimage\"},\"thumbnailUrl\":\"https:\\\/\\\/i0.wp.com\\\/notabene.world\\\/nb\\\/wp-content\\\/uploads\\\/2026\\\/03\\\/WRKCAM.jpg?fit=800%2C445&ssl=1\",\"datePublished\":\"2026-03-17T21:58:00+00:00\",\"dateModified\":\"2026-04-19T15:45:16+00:00\",\"breadcrumb\":{\"@id\":\"https:\\\/\\\/notabene.world\\\/nb\\\/radio-zza-zamknietego-mikrofonu\\\/#breadcrumb\"},\"inLanguage\":\"pl-PL\",\"potentialAction\":[{\"@type\":\"ReadAction\",\"target\":[\"https:\\\/\\\/notabene.world\\\/nb\\\/radio-zza-zamknietego-mikrofonu\\\/\"]}]},{\"@type\":\"ImageObject\",\"inLanguage\":\"pl-PL\",\"@id\":\"https:\\\/\\\/notabene.world\\\/nb\\\/radio-zza-zamknietego-mikrofonu\\\/#primaryimage\",\"url\":\"https:\\\/\\\/i0.wp.com\\\/notabene.world\\\/nb\\\/wp-content\\\/uploads\\\/2026\\\/03\\\/WRKCAM.jpg?fit=800%2C445&ssl=1\",\"contentUrl\":\"https:\\\/\\\/i0.wp.com\\\/notabene.world\\\/nb\\\/wp-content\\\/uploads\\\/2026\\\/03\\\/WRKCAM.jpg?fit=800%2C445&ssl=1\",\"width\":800,\"height\":445},{\"@type\":\"BreadcrumbList\",\"@id\":\"https:\\\/\\\/notabene.world\\\/nb\\\/radio-zza-zamknietego-mikrofonu\\\/#breadcrumb\",\"itemListElement\":[{\"@type\":\"ListItem\",\"position\":1,\"name\":\"Home\",\"item\":\"https:\\\/\\\/notabene.world\\\/nb\\\/\"},{\"@type\":\"ListItem\",\"position\":2,\"name\":\"RADIO zza zamkni\u0119tego mikrofonu\"}]},{\"@type\":\"WebSite\",\"@id\":\"https:\\\/\\\/notabene.world\\\/nb\\\/#website\",\"url\":\"https:\\\/\\\/notabene.world\\\/nb\\\/\",\"name\":\"NOTABENE.WORLD\",\"description\":\"Przekaz. Warto\u015bci. Wsp\u00f3lnota.\",\"publisher\":{\"@id\":\"https:\\\/\\\/notabene.world\\\/nb\\\/#organization\"},\"potentialAction\":[{\"@type\":\"SearchAction\",\"target\":{\"@type\":\"EntryPoint\",\"urlTemplate\":\"https:\\\/\\\/notabene.world\\\/nb\\\/?s={search_term_string}\"},\"query-input\":{\"@type\":\"PropertyValueSpecification\",\"valueRequired\":true,\"valueName\":\"search_term_string\"}}],\"inLanguage\":\"pl-PL\"},{\"@type\":\"Organization\",\"@id\":\"https:\\\/\\\/notabene.world\\\/nb\\\/#organization\",\"name\":\"NOTABENE.WORLD\",\"url\":\"https:\\\/\\\/notabene.world\\\/nb\\\/\",\"logo\":{\"@type\":\"ImageObject\",\"inLanguage\":\"pl-PL\",\"@id\":\"https:\\\/\\\/notabene.world\\\/nb\\\/#\\\/schema\\\/logo\\\/image\\\/\",\"url\":\"https:\\\/\\\/notabene.world\\\/nb\\\/wp-content\\\/uploads\\\/2022\\\/01\\\/NB-club-start-www1.jpg\",\"contentUrl\":\"https:\\\/\\\/notabene.world\\\/nb\\\/wp-content\\\/uploads\\\/2022\\\/01\\\/NB-club-start-www1.jpg\",\"width\":1000,\"height\":839,\"caption\":\"NOTABENE.WORLD\"},\"image\":{\"@id\":\"https:\\\/\\\/notabene.world\\\/nb\\\/#\\\/schema\\\/logo\\\/image\\\/\"},\"sameAs\":[\"https:\\\/\\\/www.facebook.com\\\/Notabene.World\"]},{\"@type\":\"Person\",\"@id\":\"https:\\\/\\\/notabene.world\\\/nb\\\/#\\\/schema\\\/person\\\/dfbaa8673816bf74f08ad29a6b6a2eda\",\"name\":\"WR &amp; ET &amp; KC\",\"image\":{\"@type\":\"ImageObject\",\"inLanguage\":\"pl-PL\",\"@id\":\"https:\\\/\\\/secure.gravatar.com\\\/avatar\\\/0f344cbff74df273447b36fccb4fa453f8adbdec0e4a9134e3af30ae9fb37092?s=96&d=mm&r=g\",\"url\":\"https:\\\/\\\/secure.gravatar.com\\\/avatar\\\/0f344cbff74df273447b36fccb4fa453f8adbdec0e4a9134e3af30ae9fb37092?s=96&d=mm&r=g\",\"contentUrl\":\"https:\\\/\\\/secure.gravatar.com\\\/avatar\\\/0f344cbff74df273447b36fccb4fa453f8adbdec0e4a9134e3af30ae9fb37092?s=96&d=mm&r=g\",\"caption\":\"WR &amp; ET &amp; KC\"},\"url\":\"https:\\\/\\\/notabene.world\\\/nb\\\/author\\\/w-r-k-c\\\/\"}]}<\/script>\n<!-- \/ Yoast SEO plugin. -->","yoast_head_json":{"title":"RADIO zza zamkni\u0119tego mikrofonu - NOTABENE.WORLD","robots":{"index":"index","follow":"follow","max-snippet":"max-snippet:-1","max-image-preview":"max-image-preview:large","max-video-preview":"max-video-preview:-1"},"canonical":"https:\/\/notabene.world\/nb\/radio-zza-zamknietego-mikrofonu\/","og_locale":"pl_PL","og_type":"article","og_title":"RADIO zza zamkni\u0119tego mikrofonu - NOTABENE.WORLD","og_url":"https:\/\/notabene.world\/nb\/radio-zza-zamknietego-mikrofonu\/","og_site_name":"NOTABENE.WORLD","article_publisher":"https:\/\/www.facebook.com\/Notabene.World","article_published_time":"2026-03-17T21:58:00+00:00","article_modified_time":"2026-04-19T15:45:16+00:00","og_image":[{"width":800,"height":445,"url":"https:\/\/notabene.world\/nb\/wp-content\/uploads\/2026\/03\/WRKCAM.jpg","type":"image\/jpeg"}],"author":"WR &amp; ET &amp; KC","twitter_card":"summary_large_image","twitter_misc":{"Napisane przez":"WR &amp; ET &amp; KC"},"schema":{"@context":"https:\/\/schema.org","@graph":[{"@type":"Article","@id":"https:\/\/notabene.world\/nb\/radio-zza-zamknietego-mikrofonu\/#article","isPartOf":{"@id":"https:\/\/notabene.world\/nb\/radio-zza-zamknietego-mikrofonu\/"},"author":{"name":"WR &amp; ET &amp; KC","@id":"https:\/\/notabene.world\/nb\/#\/schema\/person\/dfbaa8673816bf74f08ad29a6b6a2eda"},"headline":"RADIO zza zamkni\u0119tego mikrofonu","datePublished":"2026-03-17T21:58:00+00:00","dateModified":"2026-04-19T15:45:16+00:00","mainEntityOfPage":{"@id":"https:\/\/notabene.world\/nb\/radio-zza-zamknietego-mikrofonu\/"},"wordCount":43,"publisher":{"@id":"https:\/\/notabene.world\/nb\/#organization"},"image":{"@id":"https:\/\/notabene.world\/nb\/radio-zza-zamknietego-mikrofonu\/#primaryimage"},"thumbnailUrl":"https:\/\/i0.wp.com\/notabene.world\/nb\/wp-content\/uploads\/2026\/03\/WRKCAM.jpg?fit=800%2C445&ssl=1","articleSection":["Aktualno\u015bci","Radio"],"inLanguage":"pl-PL"},{"@type":"WebPage","@id":"https:\/\/notabene.world\/nb\/radio-zza-zamknietego-mikrofonu\/","url":"https:\/\/notabene.world\/nb\/radio-zza-zamknietego-mikrofonu\/","name":"RADIO zza zamkni\u0119tego mikrofonu - NOTABENE.WORLD","isPartOf":{"@id":"https:\/\/notabene.world\/nb\/#website"},"primaryImageOfPage":{"@id":"https:\/\/notabene.world\/nb\/radio-zza-zamknietego-mikrofonu\/#primaryimage"},"image":{"@id":"https:\/\/notabene.world\/nb\/radio-zza-zamknietego-mikrofonu\/#primaryimage"},"thumbnailUrl":"https:\/\/i0.wp.com\/notabene.world\/nb\/wp-content\/uploads\/2026\/03\/WRKCAM.jpg?fit=800%2C445&ssl=1","datePublished":"2026-03-17T21:58:00+00:00","dateModified":"2026-04-19T15:45:16+00:00","breadcrumb":{"@id":"https:\/\/notabene.world\/nb\/radio-zza-zamknietego-mikrofonu\/#breadcrumb"},"inLanguage":"pl-PL","potentialAction":[{"@type":"ReadAction","target":["https:\/\/notabene.world\/nb\/radio-zza-zamknietego-mikrofonu\/"]}]},{"@type":"ImageObject","inLanguage":"pl-PL","@id":"https:\/\/notabene.world\/nb\/radio-zza-zamknietego-mikrofonu\/#primaryimage","url":"https:\/\/i0.wp.com\/notabene.world\/nb\/wp-content\/uploads\/2026\/03\/WRKCAM.jpg?fit=800%2C445&ssl=1","contentUrl":"https:\/\/i0.wp.com\/notabene.world\/nb\/wp-content\/uploads\/2026\/03\/WRKCAM.jpg?fit=800%2C445&ssl=1","width":800,"height":445},{"@type":"BreadcrumbList","@id":"https:\/\/notabene.world\/nb\/radio-zza-zamknietego-mikrofonu\/#breadcrumb","itemListElement":[{"@type":"ListItem","position":1,"name":"Home","item":"https:\/\/notabene.world\/nb\/"},{"@type":"ListItem","position":2,"name":"RADIO zza zamkni\u0119tego mikrofonu"}]},{"@type":"WebSite","@id":"https:\/\/notabene.world\/nb\/#website","url":"https:\/\/notabene.world\/nb\/","name":"NOTABENE.WORLD","description":"Przekaz. Warto\u015bci. Wsp\u00f3lnota.","publisher":{"@id":"https:\/\/notabene.world\/nb\/#organization"},"potentialAction":[{"@type":"SearchAction","target":{"@type":"EntryPoint","urlTemplate":"https:\/\/notabene.world\/nb\/?s={search_term_string}"},"query-input":{"@type":"PropertyValueSpecification","valueRequired":true,"valueName":"search_term_string"}}],"inLanguage":"pl-PL"},{"@type":"Organization","@id":"https:\/\/notabene.world\/nb\/#organization","name":"NOTABENE.WORLD","url":"https:\/\/notabene.world\/nb\/","logo":{"@type":"ImageObject","inLanguage":"pl-PL","@id":"https:\/\/notabene.world\/nb\/#\/schema\/logo\/image\/","url":"https:\/\/notabene.world\/nb\/wp-content\/uploads\/2022\/01\/NB-club-start-www1.jpg","contentUrl":"https:\/\/notabene.world\/nb\/wp-content\/uploads\/2022\/01\/NB-club-start-www1.jpg","width":1000,"height":839,"caption":"NOTABENE.WORLD"},"image":{"@id":"https:\/\/notabene.world\/nb\/#\/schema\/logo\/image\/"},"sameAs":["https:\/\/www.facebook.com\/Notabene.World"]},{"@type":"Person","@id":"https:\/\/notabene.world\/nb\/#\/schema\/person\/dfbaa8673816bf74f08ad29a6b6a2eda","name":"WR &amp; ET &amp; KC","image":{"@type":"ImageObject","inLanguage":"pl-PL","@id":"https:\/\/secure.gravatar.com\/avatar\/0f344cbff74df273447b36fccb4fa453f8adbdec0e4a9134e3af30ae9fb37092?s=96&d=mm&r=g","url":"https:\/\/secure.gravatar.com\/avatar\/0f344cbff74df273447b36fccb4fa453f8adbdec0e4a9134e3af30ae9fb37092?s=96&d=mm&r=g","contentUrl":"https:\/\/secure.gravatar.com\/avatar\/0f344cbff74df273447b36fccb4fa453f8adbdec0e4a9134e3af30ae9fb37092?s=96&d=mm&r=g","caption":"WR &amp; ET &amp; KC"},"url":"https:\/\/notabene.world\/nb\/author\/w-r-k-c\/"}]}},"jetpack_featured_media_url":"https:\/\/i0.wp.com\/notabene.world\/nb\/wp-content\/uploads\/2026\/03\/WRKCAM.jpg?fit=800%2C445&ssl=1","jetpack_sharing_enabled":true,"jetpack_shortlink":"https:\/\/wp.me\/pdCobN-53o","_links":{"self":[{"href":"https:\/\/notabene.world\/nb\/wp-json\/wp\/v2\/posts\/19430","targetHints":{"allow":["GET"]}}],"collection":[{"href":"https:\/\/notabene.world\/nb\/wp-json\/wp\/v2\/posts"}],"about":[{"href":"https:\/\/notabene.world\/nb\/wp-json\/wp\/v2\/types\/post"}],"author":[{"embeddable":true,"href":"https:\/\/notabene.world\/nb\/wp-json\/wp\/v2\/users\/97"}],"replies":[{"embeddable":true,"href":"https:\/\/notabene.world\/nb\/wp-json\/wp\/v2\/comments?post=19430"}],"version-history":[{"count":5,"href":"https:\/\/notabene.world\/nb\/wp-json\/wp\/v2\/posts\/19430\/revisions"}],"predecessor-version":[{"id":19559,"href":"https:\/\/notabene.world\/nb\/wp-json\/wp\/v2\/posts\/19430\/revisions\/19559"}],"wp:featuredmedia":[{"embeddable":true,"href":"https:\/\/notabene.world\/nb\/wp-json\/wp\/v2\/media\/19553"}],"wp:attachment":[{"href":"https:\/\/notabene.world\/nb\/wp-json\/wp\/v2\/media?parent=19430"}],"wp:term":[{"taxonomy":"category","embeddable":true,"href":"https:\/\/notabene.world\/nb\/wp-json\/wp\/v2\/categories?post=19430"},{"taxonomy":"post_tag","embeddable":true,"href":"https:\/\/notabene.world\/nb\/wp-json\/wp\/v2\/tags?post=19430"}],"curies":[{"name":"wp","href":"https:\/\/api.w.org\/{rel}","templated":true}]}}