{"id":19507,"date":"2026-03-20T06:59:51","date_gmt":"2026-03-20T06:59:51","guid":{"rendered":"https:\/\/notabene.world\/nb\/?p=19507"},"modified":"2026-03-23T17:14:30","modified_gmt":"2026-03-23T17:14:30","slug":"weto-gate","status":"publish","type":"post","link":"https:\/\/notabene.world\/nb\/weto-gate\/","title":{"rendered":"WETO GATE &#8211; Nawrocki prezydentem wojny"},"content":{"rendered":"\n<p>A wi\u0119c wojna! Bezpardonowa pe\u0142noskalowa, okrutna i brutalna wojna. Wojna jak\u0105 od pierwszego dnia swego urz\u0119dowania prezydent Karol Nawrocki wypowiedzia\u0142 rz\u0105dowi i koalicji wi\u0119kszo\u015bciowej w parlamencie polskim. Wojna ta, nawiasem m\u00f3wi\u0105c jest wyrazem jego pogardy i lekcewa\u017cenia dla demokratycznego wyboru Polak\u00f3w, a podobno \u201epo pierwsze Polska, po pierwsze Polacy\u201d). Skoro to Polacy chcieli takiej wi\u0119kszo\u015bci w parlamencie, a nie krasnoludki, zatem odrobin\u0119 konsekwencji i logiki Panie prezydencie, zar\u00f3wno w tym co si\u0119 m\u00f3wi, jak i w tym co si\u0119 robi. <\/p>\n\n\n\n<p>Przypomina to jako \u017cywo, jota jot\u0119, absurd upartego dyskredytowania Wielkiej Orkiestry \u015awi\u0105tecznej Pomocy i samego Jurka Owsiaka, pomimo ewidentnych korzy\u015bci jak sama orkiestra i jej dzia\u0142alno\u015bci przynios\u0142y przez dziesi\u0119ciolecia Polsce i Polakom. Tymczasem wojna toczy si\u0119 o ka\u017cd\u0105 ustaw\u0119 i ka\u017cdy podpis prezydencki. Ostanie weto ma jednak wymiar inny, nie tylko praktyczny, ale r\u00f3wnie\u017c symboliczny. Ono rzeczywi\u015bcie nie ma \u017cadnego uzasadnienia merytorycznego, bo wszystkie argumenty s\u0105 przeciwko niemu (bajki o drogim zagranicznym kredycie sp\u0142acanym przez pokolenia, gdy mamy swoje pieni\u0105dze z NBP s\u0105 jedynie mydleniem oczu i pretekstem do owego weta. <\/p>\n\n\n\n<p>Prezydent wypowiada nim kolejn\u0105 wojn\u0119, rz\u0105dowi swojego w\u0142asnego kraju. Bo Karol Nawrocki to prezydent wojny. Z ca\u0142\u0105 pewno\u015bci\u0105 nie jest to prezydent wszystkich Polak\u00f3w (kt\u00f3rzy w mia\u017cd\u017c\u0105cej wi\u0119kszo\u015bci opowiedzieli si\u0119 za europejskim programem SEJF, kt\u00f3rego jedynym zadaniem jest wzmocnienie bezpiecze\u0144stwa ca\u0142ej Europy (czego nota bene tak zdecydowanie domaga si\u0119 prezydent Donald Trump. Czy\u017cby prezydent Nawrocki nie podziela\u0142 tych ameryka\u0144skich oczekiwa\u0144. Jedno trzeba sobie powiedzie\u0107 wprost: Karol Nawrocki ewidentnie nie jest prezydentem zgody narodowej, jest zdecydowanie prezydentem wojny, ci\u0105g\u0142ego konfliktu i wewn\u0119trznej walki partyjnej.<\/p>\n\n\n\n<p>Jest bezdyskusyjnie prezydentem wojny polsko\u2013polskiej w jej pe\u0142noskalowej, \u017ce pos\u0142u\u017c\u0119 si\u0119 t\u0105 terminologi\u0105. Wszystko co robi w zakresie torpedowania projekt\u00f3w rz\u0105dowych ustaw, robi z determinacj\u0105 i pe\u0142na \u015bwiadomo\u015bci\u0105, depcz\u0105c przy okazji po\u0142ow\u0119 narodu zupe\u0142nie nie licz\u0105c si\u0119 z tym, \u017ce ten rz\u0105d kt\u00f3ry de facto sprawuje w\u0142adz\u0119 w Polsce, bo to do tego zosta\u0142 powo\u0142any, ma silniejszy mandat spo\u0142eczny i demokratyczny, ni\u017c on sam. Jego prezydencka misja w zdecydowanej wi\u0119kszo\u015bci sprowadza si\u0119 do torpedowania wszelkich rz\u0105dowych inicjatyw ustawodawczych i poczyna\u0144 maj\u0105cych realizowa\u0107 polityki Rady Ministr\u00f3w.<\/p>\n\n\n\n<p>Dzia\u0142ania Karola Nawrockiego skoncentrowane s\u0105 w\u0142a\u015bnie na tym mo\u017cliwie skutecznie generowa\u0107 rozliczne problemy w uchwalaniu rz\u0105dowych projekt\u00f3w ustaw, zar\u00f3wno poprzez wetowanie jak i odsy\u0105\u0142nie tych podpisanych do Trybuna\u0142u Konstytucyjnego, przeci\u0105ganie do maksimum terminu ich parafowaniaby w ten spos\u00f3b wykaza\u0107 nieudolno\u015b\u0107, brak sprawczo\u015bci i skuteczno\u015bci dzia\u0142ania rz\u0105du Donalda Tuska. W skr\u00f3cie chodzi jedynie o to, by za wszelk\u0105 cen\u0119 wykaza\u0107 \u017ce ten rz\u0105d nie nadaje si\u0119 do kierowania Polsk\u0105. Taka postawa prezydenta stoi w ra\u017c\u0105cej sprzeczno\u015bci z duchem konstytucyjnych zapis\u00f3w definiuj\u0105cej istot\u0119 funkcji najwa\u017cniejszej g\u0142owy w pa\u0144stwie. To oczywiste. <\/p>\n\n\n\n<p>By\u0107 mo\u017ce bowiem nikomu z tw\u00f3rc\u00f3w naszej ustawy zasadniczej nawet do g\u0142owy nie przychodzi\u0142o ze prezydent m\u00f3g\u0142by kiedykolwiek postawi\u0107 sobie za jedyny sw\u00f3j cel bezwzgl\u0119dn\u0105 wojn\u0119 z w\u0142asnym rz\u0105dem. Karol Nawrocki czyni to nie ogl\u0105daj\u0105c si\u0119 na interes narodowy, kosztem Polek i Polak\u00f3w, kosztem ca\u0142ego pa\u0144stwa i robi to bez mrugni\u0119cia okiem. Oczywi\u015bcie wszystko to podlane jest bardzo g\u0119stym bogoojczy\u017anianym sosem i patetyczn\u0105, nad\u0119t\u0105 przechodz\u0105ca momentami w krzyk retoryk\u0105 zbawcy narodu. Prawdziwe t\u0142o tego kiepskiego politycznego teatru stanowi tymczasem jasno zdefiniowany interes partyjny Prawa i Sprawiedliwo\u015bci (czy tez szerzej: obozu prawicy) i mo\u017cliwo\u015b\u0107 zaszkodzenia ca\u0142emu obozowi demokratycznemu, uosobianemu przez znienawidzonego przez ca\u0142\u0105 prawic\u0119 Donalda Tuska. <\/p>\n\n\n\n<p>Tym razem jednak prezydent mia\u0142 na szali bezpiecze\u0144stwo kraju, definiowane w spos\u00f3b bardzo bezpo\u015bredni, przez olbrzymie \u015brodki unijne przeznaczone na zbrojenia i jako zwierzchnik si\u0142 zbrojnych mia\u0142 obowi\u0105zek kierowa\u0107 si\u0119 kryteriami bezpiecze\u0144stwa pa\u0144stwa polskiego. Tymczasem wetuj\u0105c ustaw\u0119 o SAFE narazi\u0142 Polsk\u0119 na rzeczywiste problemy wynikaj\u0105ce z niemo\u017cno\u015bci si\u0119gni\u0119cia w normalnej procedurze po \u015brodki unijne, kt\u00f3re umo\u017cliwi\u0105 rozbudowanie potencja\u0142u obronnego ca\u0142ej Europy, w tym oczywi\u015bcie Polski. Bo przypomnijmy, ok. 90 milard\u00f3w z\u0142otych z tych \u015brodk\u00f3w zosta\u0142oby przeznaczone na polski przemys\u0142 obronny, daj\u0105c tym samym olbrzymi i co wa\u017cne natychmiastowy zastrzyk finansowy polskim firmo zbrojeniowym i wszystkim, kt\u00f3re dzia\u0142aj\u0105 na rzecz przemys\u0142u obronnego. <\/p>\n\n\n\n<p>Korzy\u015b\u0107 dla polskiej armii by\u0142aby bezdyskusyjna i jednoznaczna, czemu dawali wyraz jednog\u0142o\u015bnie najwy\u017csi przedstawiciele wojska, r\u00f3wnie\u017c ci powo\u0142ywani na wysokie stanowiska generalskie za czas\u00f3w rz\u0105d\u00f3w Prawa i Sprawiedliwo\u015bci. Widocznie zatem Karol Nawrocki w swoim systemie warto\u015bciowania wy\u017cej stawia lojalno\u015b\u0107 partyjn\u0105 rozumian\u0105 jak\u0105 wsparcie Prawa i Sprawiedliwo\u015bci w kampanii wyborczej (de facto ju\u017c si\u0119 tocz\u0105cej) ni\u017c dobro i bezpiecze\u0144stwo Polek i Polak\u00f3w. To weto jest bezdyskusyjnym dowodem na to, \u017ce prezydent zawsze kiedy ma do wyboru zgod\u0119 i budowanie lub wojn\u0119 polsko-polsk\u0105 i destrukcj\u0119 wybiera to drugie. Bo wojna jest na r\u0119k\u0119 prezesowi Kaczy\u0144skiemu szczeg\u00f3lnie w obliczu spadaj\u0105cych sonda\u017cy jego formacji. <\/p>\n\n\n\n<p>Karol Nawrocki staje si\u0119 powoli archetypiczn\u0105 negacj\u0105 najwy\u017cszego urz\u0119du w pa\u0144stwie Mo\u017ce si\u0119 okaza\u0107, \u017ce do podr\u0119cznik\u00f3w historii przejdzie jako czarny przyk\u0142ad tego, jak prezydent demokratycznego kraju nie powinien piastowa\u0107 sw\u00f3j urz\u0105d, s\u0142owem jako swoisty wzorzec i przyk\u0142ad antyprezydenta. Jego maska, je\u015bli w og\u00f3le j\u0105 kiedykolwiek zak\u0142ada\u0142 w\u0142a\u015bnie definitywnie opad\u0142a z hukiem i nigdy ju\u017c nie odbuduje zaufania Polak\u00f3w po tym co uczyni\u0142 i to dok\u0142adnie w rocznic\u0119 wst\u0105pienie Polski do NATO. Tym wetem Karol Nawrocki okry\u0142 ha\u0144ba urz\u0105d prezydencki w spos\u00f3b absolutnie w historii Polski bezprecedensowy. <\/p>\n\n\n\n<p>By\u0107 mo\u017ce nale\u017ca\u0142o si\u0119 tego spodziewa\u0107, kiedy dowiadywali\u015bmy si\u0119 r\u00f3\u017cnych szokuj\u0105cych rzeczy z jego \u017cyciorysu, ukrywanie si\u0119 pod pseudonimem Batyr, celem promowania w\u0142asnej ksi\u0105\u017cki, wy\u0142udzenie kawalerki od schorowanego starszego cz\u0142owieka. Znamienne s\u0105 te\u017c w tym wzgl\u0119dzie przestrogi prof. Dudka. Te fakty z \u017cyciorysu wskazywa\u0142y jednoznacznie, \u017ce Karol Nawrocki jest cz\u0142owiekiem, kt\u00f3ry nie cofnie si\u0119 przed niczym i zdolny jest do niegodziwo\u015bci w celu odniesienia korzy\u015bci osobistych. <\/p>\n\n\n\n<p>To powinno by\u0142o nas wszystkich sprowokowa\u0107 do g\u0142\u0119bszej refleksji. Jej brak spowodowa\u0142, \u017ce mamy oto prezydenta wojny. Wojny polsko-polskiej rozp\u0119tanej na pe\u0142na skal\u0119, wojny toczonej pomimo konfliktu w Ukrainie, pomimo diametralnej zmiany stanowiska Ameryki w kwestiach bezpiecze\u0144stwa Europejskiego i roli USA w strukturach NATO, wreszcie pomimo rozpocz\u0119tej i trudnej do przewidzenia w skutkach wojny w Iranie. <\/p>\n\n\n\n<p>To wszystko sprawia, \u017ce znale\u017ali\u015bmy si\u0119 w Polsce jeszcze bardziej podzielonej, jeszcze bardziej skonfliktowanej i spolaryzowanej wewn\u0119trznie. Polsce, kt\u00f3ra coraz bardziej musi liczy\u0107 tylko na siebie, bo po raz kolejny nie jest stanie wykorzysta\u0107 szans, jakie daje nam przynale\u017cno\u015b\u0107 do Unii Europejskiej i wynikaj\u0105cych z tej przynale\u017cno\u015bci mo\u017cliwo\u015bci. Odpowiedzialno\u015b\u0107 za ten stan rzeczy oczywi\u015bcie bezpo\u015brednio spoczywa na obozie prawicy, kt\u00f3ry prowadz\u0105c kr\u00f3tkowzroczn\u0105 wasalistyczn\u0105 polityk\u0119 w stosunku do Ameryki pod rz\u0105dami Donalda Trumpa kieruje si\u0119 jedynie obsesyjnym d\u0105\u017ceniem do odzyskania w\u0142adzy, cho\u0107by mia\u0142o si\u0119 to odbywa\u0107 po trupach. <\/p>\n\n\n\n<p>I ta przeno\u015bnia traci w tym wypadku sw\u00f3j metaforyczny charakter, bo sprawa dotyczy kwestii \u017cycia i \u015bmierci, bezpiecze\u0144stwa narodowego i zapobie\u017cenia wojnie, kt\u00f3ra, czego nie trzeba chyba nikomu przypomina\u0107, jest tu\u017c za naszymi granicami. Pami\u0119tajmy kto w tym trudnym dla Polski momencie, po raz kolejny postawi\u0142 na konflikt, eskalacj\u0119 i destabilizacj\u0119, na wzgl\u0119dzie maj\u0105c jedynie interes partyjny i partyjniackie politykierstwo. To prezydent Polski (ale z ca\u0142a pewno\u015bci\u0105 nie prezydent wszystkich Polak\u00f3w), Karol Nawrocki \u2013 prezydent wojny polsko-polskiej.<\/p>\n","protected":false},"excerpt":{"rendered":"<p>Karol Nawrocki &#8211; prezydentem wojny<br \/>\n<br \/>\nA wi\u0119c wojna! Bezpardonowa pe\u0142noskalowa, okrutna i brutalna wojna. Wojna jak\u0105 od pierwszego dnia swego urz\u0119dowania prezydent Karol Nawrocki wypowiedzia\u0142 rz\u0105dowi i koalicji wi\u0119kszo\u015bciowej w parlamencie polskim. Wojna ta, nawiasem m\u00f3wi\u0105c jest wyrazem jego pogardy i lekcewa\u017cenia dla demokratycznego wyboru Polak\u00f3w, a podobno \u201epo pierwsze Polska, po pierwsze Polacy\u201d). Skoro to Polacy chcieli takiej wi\u0119kszo\u015bci w parlamencie, a nie krasnoludki, zatem odrobin\u0119 konsekwencji i logiki Panie prezydencie, zar\u00f3wno w tym co si\u0119 m\u00f3wi, jak i w tym co si\u0119 robi.<br \/>\n<br \/>\nPrzypomina to jako \u017cywo, jota jot\u0119, absurd upartego dyskredytowania Wielkiej Orkiestry \u015awi\u0105tecznej Pomocy i samego Jurka Owsiaka, pomimo ewidentnych korzy\u015bci jak sama orkiestra i jej dzia\u0142alno\u015bci przynios\u0142y przez dziesi\u0119ciolecia Polsce i Polakom. Tymczasem wojna toczy si\u0119 o ka\u017cd\u0105 ustaw\u0119 i ka\u017cdy podpis prezydencki. Ostanie weto ma jednak wymiar inny, nie tylko praktyczny, ale r\u00f3wnie\u017c symboliczny. Ono rzeczywi\u015bcie nie ma \u017cadnego uzasadnienia merytorycznego, bo wszystkie argumenty s\u0105 przeciwko niemu (bajki o drogim zagranicznym kredycie sp\u0142acanym przez pokolenia, gdy mamy swoje pieni\u0105dze z NBP s\u0105 jedynie mydleniem oczu i pretekstem do owego weta.<br \/>\n<br \/>\nPrezydent wypowiada nim kolejn\u0105 wojn\u0119, rz\u0105dowi swojego w\u0142asnego kraju. Bo Karol Nawrocki to prezydent wojny.<\/p>\n","protected":false},"author":98,"featured_media":19500,"comment_status":"closed","ping_status":"closed","sticky":false,"template":"","format":"standard","meta":{"colormag_page_container_layout":"default_layout","colormag_page_sidebar_layout":"default_layout","_jetpack_memberships_contains_paid_content":false,"footnotes":"","_links_to":"","_links_to_target":""},"categories":[64,152,260],"tags":[],"class_list":["post-19507","post","type-post","status-publish","format-standard","has-post-thumbnail","hentry","category-aktualnosci","category-komentarze","category-na-moje-oko"],"yoast_head":"<!-- This site is optimized with the Yoast SEO plugin v27.4 - https:\/\/yoast.com\/product\/yoast-seo-wordpress\/ -->\n<title>WETO GATE - Nawrocki prezydentem wojny - NOTABENE.WORLD<\/title>\n<meta name=\"robots\" content=\"index, follow, max-snippet:-1, max-image-preview:large, max-video-preview:-1\" \/>\n<link rel=\"canonical\" href=\"https:\/\/notabene.world\/nb\/weto-gate\/\" \/>\n<meta property=\"og:locale\" content=\"pl_PL\" \/>\n<meta property=\"og:type\" content=\"article\" \/>\n<meta property=\"og:title\" content=\"WETO GATE - Nawrocki prezydentem wojny - NOTABENE.WORLD\" \/>\n<meta property=\"og:description\" content=\"Karol Nawrocki - prezydentem wojny A wi\u0119c wojna! Bezpardonowa pe\u0142noskalowa, okrutna i brutalna wojna. Wojna jak\u0105 od pierwszego dnia swego urz\u0119dowania prezydent Karol Nawrocki wypowiedzia\u0142 rz\u0105dowi i koalicji wi\u0119kszo\u015bciowej w parlamencie polskim. Wojna ta, nawiasem m\u00f3wi\u0105c jest wyrazem jego pogardy i lekcewa\u017cenia dla demokratycznego wyboru Polak\u00f3w, a podobno \u201epo pierwsze Polska, po pierwsze Polacy\u201d). Skoro to Polacy chcieli takiej wi\u0119kszo\u015bci w parlamencie, a nie krasnoludki, zatem odrobin\u0119 konsekwencji i logiki Panie prezydencie, zar\u00f3wno w tym co si\u0119 m\u00f3wi, jak i w tym co si\u0119 robi.  Przypomina to jako \u017cywo, jota jot\u0119, absurd upartego dyskredytowania Wielkiej Orkiestry \u015awi\u0105tecznej Pomocy i samego Jurka Owsiaka, pomimo ewidentnych korzy\u015bci jak sama orkiestra i jej dzia\u0142alno\u015bci przynios\u0142y przez dziesi\u0119ciolecia Polsce i Polakom. Tymczasem wojna toczy si\u0119 o ka\u017cd\u0105 ustaw\u0119 i ka\u017cdy podpis prezydencki. Ostanie weto ma jednak wymiar inny, nie tylko praktyczny, ale r\u00f3wnie\u017c symboliczny. Ono rzeczywi\u015bcie nie ma \u017cadnego uzasadnienia merytorycznego, bo wszystkie argumenty s\u0105 przeciwko niemu (bajki o drogim zagranicznym kredycie sp\u0142acanym przez pokolenia, gdy mamy swoje pieni\u0105dze z NBP s\u0105 jedynie mydleniem oczu i pretekstem do owego weta.  Prezydent wypowiada nim kolejn\u0105 wojn\u0119, rz\u0105dowi swojego w\u0142asnego kraju. Bo Karol Nawrocki to prezydent wojny.\" \/>\n<meta property=\"og:url\" content=\"https:\/\/notabene.world\/nb\/weto-gate\/\" \/>\n<meta property=\"og:site_name\" content=\"NOTABENE.WORLD\" \/>\n<meta property=\"article:publisher\" content=\"https:\/\/www.facebook.com\/Notabene.World\" \/>\n<meta property=\"article:published_time\" content=\"2026-03-20T06:59:51+00:00\" \/>\n<meta property=\"article:modified_time\" content=\"2026-03-23T17:14:30+00:00\" \/>\n<meta property=\"og:image\" content=\"https:\/\/notabene.world\/nb\/wp-content\/uploads\/2026\/03\/Emil-TP.jpg\" \/>\n\t<meta property=\"og:image:width\" content=\"800\" \/>\n\t<meta property=\"og:image:height\" content=\"445\" \/>\n\t<meta property=\"og:image:type\" content=\"image\/jpeg\" \/>\n<meta name=\"author\" content=\"Emil Tokarczyk\" \/>\n<meta name=\"twitter:card\" content=\"summary_large_image\" \/>\n<meta name=\"twitter:label1\" content=\"Napisane przez\" \/>\n\t<meta name=\"twitter:data1\" content=\"Emil Tokarczyk\" \/>\n\t<meta name=\"twitter:label2\" content=\"Szacowany czas czytania\" \/>\n\t<meta name=\"twitter:data2\" content=\"7 minut\" \/>\n<script type=\"application\/ld+json\" class=\"yoast-schema-graph\">{\"@context\":\"https:\\\/\\\/schema.org\",\"@graph\":[{\"@type\":\"Article\",\"@id\":\"https:\\\/\\\/notabene.world\\\/nb\\\/weto-gate\\\/#article\",\"isPartOf\":{\"@id\":\"https:\\\/\\\/notabene.world\\\/nb\\\/weto-gate\\\/\"},\"author\":{\"name\":\"Emil Tokarczyk\",\"@id\":\"https:\\\/\\\/notabene.world\\\/nb\\\/#\\\/schema\\\/person\\\/4a2f6a8a29f1b6cdec6373a4e15451cc\"},\"headline\":\"WETO GATE &#8211; Nawrocki prezydentem wojny\",\"datePublished\":\"2026-03-20T06:59:51+00:00\",\"dateModified\":\"2026-03-23T17:14:30+00:00\",\"mainEntityOfPage\":{\"@id\":\"https:\\\/\\\/notabene.world\\\/nb\\\/weto-gate\\\/\"},\"wordCount\":1347,\"publisher\":{\"@id\":\"https:\\\/\\\/notabene.world\\\/nb\\\/#organization\"},\"image\":{\"@id\":\"https:\\\/\\\/notabene.world\\\/nb\\\/weto-gate\\\/#primaryimage\"},\"thumbnailUrl\":\"https:\\\/\\\/i0.wp.com\\\/notabene.world\\\/nb\\\/wp-content\\\/uploads\\\/2026\\\/03\\\/Emil-TP.jpg?fit=800%2C445&ssl=1\",\"articleSection\":[\"Aktualno\u015bci\",\"Komentarze\",\"NA MOJE OKO\"],\"inLanguage\":\"pl-PL\"},{\"@type\":\"WebPage\",\"@id\":\"https:\\\/\\\/notabene.world\\\/nb\\\/weto-gate\\\/\",\"url\":\"https:\\\/\\\/notabene.world\\\/nb\\\/weto-gate\\\/\",\"name\":\"WETO GATE - Nawrocki prezydentem wojny - NOTABENE.WORLD\",\"isPartOf\":{\"@id\":\"https:\\\/\\\/notabene.world\\\/nb\\\/#website\"},\"primaryImageOfPage\":{\"@id\":\"https:\\\/\\\/notabene.world\\\/nb\\\/weto-gate\\\/#primaryimage\"},\"image\":{\"@id\":\"https:\\\/\\\/notabene.world\\\/nb\\\/weto-gate\\\/#primaryimage\"},\"thumbnailUrl\":\"https:\\\/\\\/i0.wp.com\\\/notabene.world\\\/nb\\\/wp-content\\\/uploads\\\/2026\\\/03\\\/Emil-TP.jpg?fit=800%2C445&ssl=1\",\"datePublished\":\"2026-03-20T06:59:51+00:00\",\"dateModified\":\"2026-03-23T17:14:30+00:00\",\"breadcrumb\":{\"@id\":\"https:\\\/\\\/notabene.world\\\/nb\\\/weto-gate\\\/#breadcrumb\"},\"inLanguage\":\"pl-PL\",\"potentialAction\":[{\"@type\":\"ReadAction\",\"target\":[\"https:\\\/\\\/notabene.world\\\/nb\\\/weto-gate\\\/\"]}]},{\"@type\":\"ImageObject\",\"inLanguage\":\"pl-PL\",\"@id\":\"https:\\\/\\\/notabene.world\\\/nb\\\/weto-gate\\\/#primaryimage\",\"url\":\"https:\\\/\\\/i0.wp.com\\\/notabene.world\\\/nb\\\/wp-content\\\/uploads\\\/2026\\\/03\\\/Emil-TP.jpg?fit=800%2C445&ssl=1\",\"contentUrl\":\"https:\\\/\\\/i0.wp.com\\\/notabene.world\\\/nb\\\/wp-content\\\/uploads\\\/2026\\\/03\\\/Emil-TP.jpg?fit=800%2C445&ssl=1\",\"width\":800,\"height\":445},{\"@type\":\"BreadcrumbList\",\"@id\":\"https:\\\/\\\/notabene.world\\\/nb\\\/weto-gate\\\/#breadcrumb\",\"itemListElement\":[{\"@type\":\"ListItem\",\"position\":1,\"name\":\"Home\",\"item\":\"https:\\\/\\\/notabene.world\\\/nb\\\/\"},{\"@type\":\"ListItem\",\"position\":2,\"name\":\"WETO GATE &#8211; Nawrocki prezydentem wojny\"}]},{\"@type\":\"WebSite\",\"@id\":\"https:\\\/\\\/notabene.world\\\/nb\\\/#website\",\"url\":\"https:\\\/\\\/notabene.world\\\/nb\\\/\",\"name\":\"NOTABENE.WORLD\",\"description\":\"Przekaz. Warto\u015bci. Wsp\u00f3lnota.\",\"publisher\":{\"@id\":\"https:\\\/\\\/notabene.world\\\/nb\\\/#organization\"},\"potentialAction\":[{\"@type\":\"SearchAction\",\"target\":{\"@type\":\"EntryPoint\",\"urlTemplate\":\"https:\\\/\\\/notabene.world\\\/nb\\\/?s={search_term_string}\"},\"query-input\":{\"@type\":\"PropertyValueSpecification\",\"valueRequired\":true,\"valueName\":\"search_term_string\"}}],\"inLanguage\":\"pl-PL\"},{\"@type\":\"Organization\",\"@id\":\"https:\\\/\\\/notabene.world\\\/nb\\\/#organization\",\"name\":\"NOTABENE.WORLD\",\"url\":\"https:\\\/\\\/notabene.world\\\/nb\\\/\",\"logo\":{\"@type\":\"ImageObject\",\"inLanguage\":\"pl-PL\",\"@id\":\"https:\\\/\\\/notabene.world\\\/nb\\\/#\\\/schema\\\/logo\\\/image\\\/\",\"url\":\"https:\\\/\\\/notabene.world\\\/nb\\\/wp-content\\\/uploads\\\/2022\\\/01\\\/NB-club-start-www1.jpg\",\"contentUrl\":\"https:\\\/\\\/notabene.world\\\/nb\\\/wp-content\\\/uploads\\\/2022\\\/01\\\/NB-club-start-www1.jpg\",\"width\":1000,\"height\":839,\"caption\":\"NOTABENE.WORLD\"},\"image\":{\"@id\":\"https:\\\/\\\/notabene.world\\\/nb\\\/#\\\/schema\\\/logo\\\/image\\\/\"},\"sameAs\":[\"https:\\\/\\\/www.facebook.com\\\/Notabene.World\"]},{\"@type\":\"Person\",\"@id\":\"https:\\\/\\\/notabene.world\\\/nb\\\/#\\\/schema\\\/person\\\/4a2f6a8a29f1b6cdec6373a4e15451cc\",\"name\":\"Emil Tokarczyk\",\"image\":{\"@type\":\"ImageObject\",\"inLanguage\":\"pl-PL\",\"@id\":\"https:\\\/\\\/secure.gravatar.com\\\/avatar\\\/75a98a706ff1c349d08cf501cf24da0f21953d0b670be72ba682dc2711ed3db6?s=96&d=mm&r=g\",\"url\":\"https:\\\/\\\/secure.gravatar.com\\\/avatar\\\/75a98a706ff1c349d08cf501cf24da0f21953d0b670be72ba682dc2711ed3db6?s=96&d=mm&r=g\",\"contentUrl\":\"https:\\\/\\\/secure.gravatar.com\\\/avatar\\\/75a98a706ff1c349d08cf501cf24da0f21953d0b670be72ba682dc2711ed3db6?s=96&d=mm&r=g\",\"caption\":\"Emil Tokarczyk\"},\"url\":\"https:\\\/\\\/notabene.world\\\/nb\\\/author\\\/em-to\\\/\"}]}<\/script>\n<!-- \/ Yoast SEO plugin. -->","yoast_head_json":{"title":"WETO GATE - Nawrocki prezydentem wojny - NOTABENE.WORLD","robots":{"index":"index","follow":"follow","max-snippet":"max-snippet:-1","max-image-preview":"max-image-preview:large","max-video-preview":"max-video-preview:-1"},"canonical":"https:\/\/notabene.world\/nb\/weto-gate\/","og_locale":"pl_PL","og_type":"article","og_title":"WETO GATE - Nawrocki prezydentem wojny - NOTABENE.WORLD","og_description":"Karol Nawrocki - prezydentem wojny A wi\u0119c wojna! Bezpardonowa pe\u0142noskalowa, okrutna i brutalna wojna. Wojna jak\u0105 od pierwszego dnia swego urz\u0119dowania prezydent Karol Nawrocki wypowiedzia\u0142 rz\u0105dowi i koalicji wi\u0119kszo\u015bciowej w parlamencie polskim. Wojna ta, nawiasem m\u00f3wi\u0105c jest wyrazem jego pogardy i lekcewa\u017cenia dla demokratycznego wyboru Polak\u00f3w, a podobno \u201epo pierwsze Polska, po pierwsze Polacy\u201d). Skoro to Polacy chcieli takiej wi\u0119kszo\u015bci w parlamencie, a nie krasnoludki, zatem odrobin\u0119 konsekwencji i logiki Panie prezydencie, zar\u00f3wno w tym co si\u0119 m\u00f3wi, jak i w tym co si\u0119 robi.  Przypomina to jako \u017cywo, jota jot\u0119, absurd upartego dyskredytowania Wielkiej Orkiestry \u015awi\u0105tecznej Pomocy i samego Jurka Owsiaka, pomimo ewidentnych korzy\u015bci jak sama orkiestra i jej dzia\u0142alno\u015bci przynios\u0142y przez dziesi\u0119ciolecia Polsce i Polakom. Tymczasem wojna toczy si\u0119 o ka\u017cd\u0105 ustaw\u0119 i ka\u017cdy podpis prezydencki. Ostanie weto ma jednak wymiar inny, nie tylko praktyczny, ale r\u00f3wnie\u017c symboliczny. Ono rzeczywi\u015bcie nie ma \u017cadnego uzasadnienia merytorycznego, bo wszystkie argumenty s\u0105 przeciwko niemu (bajki o drogim zagranicznym kredycie sp\u0142acanym przez pokolenia, gdy mamy swoje pieni\u0105dze z NBP s\u0105 jedynie mydleniem oczu i pretekstem do owego weta.  Prezydent wypowiada nim kolejn\u0105 wojn\u0119, rz\u0105dowi swojego w\u0142asnego kraju. Bo Karol Nawrocki to prezydent wojny.","og_url":"https:\/\/notabene.world\/nb\/weto-gate\/","og_site_name":"NOTABENE.WORLD","article_publisher":"https:\/\/www.facebook.com\/Notabene.World","article_published_time":"2026-03-20T06:59:51+00:00","article_modified_time":"2026-03-23T17:14:30+00:00","og_image":[{"width":800,"height":445,"url":"https:\/\/notabene.world\/nb\/wp-content\/uploads\/2026\/03\/Emil-TP.jpg","type":"image\/jpeg"}],"author":"Emil Tokarczyk","twitter_card":"summary_large_image","twitter_misc":{"Napisane przez":"Emil Tokarczyk","Szacowany czas czytania":"7 minut"},"schema":{"@context":"https:\/\/schema.org","@graph":[{"@type":"Article","@id":"https:\/\/notabene.world\/nb\/weto-gate\/#article","isPartOf":{"@id":"https:\/\/notabene.world\/nb\/weto-gate\/"},"author":{"name":"Emil Tokarczyk","@id":"https:\/\/notabene.world\/nb\/#\/schema\/person\/4a2f6a8a29f1b6cdec6373a4e15451cc"},"headline":"WETO GATE &#8211; Nawrocki prezydentem wojny","datePublished":"2026-03-20T06:59:51+00:00","dateModified":"2026-03-23T17:14:30+00:00","mainEntityOfPage":{"@id":"https:\/\/notabene.world\/nb\/weto-gate\/"},"wordCount":1347,"publisher":{"@id":"https:\/\/notabene.world\/nb\/#organization"},"image":{"@id":"https:\/\/notabene.world\/nb\/weto-gate\/#primaryimage"},"thumbnailUrl":"https:\/\/i0.wp.com\/notabene.world\/nb\/wp-content\/uploads\/2026\/03\/Emil-TP.jpg?fit=800%2C445&ssl=1","articleSection":["Aktualno\u015bci","Komentarze","NA MOJE OKO"],"inLanguage":"pl-PL"},{"@type":"WebPage","@id":"https:\/\/notabene.world\/nb\/weto-gate\/","url":"https:\/\/notabene.world\/nb\/weto-gate\/","name":"WETO GATE - Nawrocki prezydentem wojny - NOTABENE.WORLD","isPartOf":{"@id":"https:\/\/notabene.world\/nb\/#website"},"primaryImageOfPage":{"@id":"https:\/\/notabene.world\/nb\/weto-gate\/#primaryimage"},"image":{"@id":"https:\/\/notabene.world\/nb\/weto-gate\/#primaryimage"},"thumbnailUrl":"https:\/\/i0.wp.com\/notabene.world\/nb\/wp-content\/uploads\/2026\/03\/Emil-TP.jpg?fit=800%2C445&ssl=1","datePublished":"2026-03-20T06:59:51+00:00","dateModified":"2026-03-23T17:14:30+00:00","breadcrumb":{"@id":"https:\/\/notabene.world\/nb\/weto-gate\/#breadcrumb"},"inLanguage":"pl-PL","potentialAction":[{"@type":"ReadAction","target":["https:\/\/notabene.world\/nb\/weto-gate\/"]}]},{"@type":"ImageObject","inLanguage":"pl-PL","@id":"https:\/\/notabene.world\/nb\/weto-gate\/#primaryimage","url":"https:\/\/i0.wp.com\/notabene.world\/nb\/wp-content\/uploads\/2026\/03\/Emil-TP.jpg?fit=800%2C445&ssl=1","contentUrl":"https:\/\/i0.wp.com\/notabene.world\/nb\/wp-content\/uploads\/2026\/03\/Emil-TP.jpg?fit=800%2C445&ssl=1","width":800,"height":445},{"@type":"BreadcrumbList","@id":"https:\/\/notabene.world\/nb\/weto-gate\/#breadcrumb","itemListElement":[{"@type":"ListItem","position":1,"name":"Home","item":"https:\/\/notabene.world\/nb\/"},{"@type":"ListItem","position":2,"name":"WETO GATE &#8211; Nawrocki prezydentem wojny"}]},{"@type":"WebSite","@id":"https:\/\/notabene.world\/nb\/#website","url":"https:\/\/notabene.world\/nb\/","name":"NOTABENE.WORLD","description":"Przekaz. Warto\u015bci. Wsp\u00f3lnota.","publisher":{"@id":"https:\/\/notabene.world\/nb\/#organization"},"potentialAction":[{"@type":"SearchAction","target":{"@type":"EntryPoint","urlTemplate":"https:\/\/notabene.world\/nb\/?s={search_term_string}"},"query-input":{"@type":"PropertyValueSpecification","valueRequired":true,"valueName":"search_term_string"}}],"inLanguage":"pl-PL"},{"@type":"Organization","@id":"https:\/\/notabene.world\/nb\/#organization","name":"NOTABENE.WORLD","url":"https:\/\/notabene.world\/nb\/","logo":{"@type":"ImageObject","inLanguage":"pl-PL","@id":"https:\/\/notabene.world\/nb\/#\/schema\/logo\/image\/","url":"https:\/\/notabene.world\/nb\/wp-content\/uploads\/2022\/01\/NB-club-start-www1.jpg","contentUrl":"https:\/\/notabene.world\/nb\/wp-content\/uploads\/2022\/01\/NB-club-start-www1.jpg","width":1000,"height":839,"caption":"NOTABENE.WORLD"},"image":{"@id":"https:\/\/notabene.world\/nb\/#\/schema\/logo\/image\/"},"sameAs":["https:\/\/www.facebook.com\/Notabene.World"]},{"@type":"Person","@id":"https:\/\/notabene.world\/nb\/#\/schema\/person\/4a2f6a8a29f1b6cdec6373a4e15451cc","name":"Emil Tokarczyk","image":{"@type":"ImageObject","inLanguage":"pl-PL","@id":"https:\/\/secure.gravatar.com\/avatar\/75a98a706ff1c349d08cf501cf24da0f21953d0b670be72ba682dc2711ed3db6?s=96&d=mm&r=g","url":"https:\/\/secure.gravatar.com\/avatar\/75a98a706ff1c349d08cf501cf24da0f21953d0b670be72ba682dc2711ed3db6?s=96&d=mm&r=g","contentUrl":"https:\/\/secure.gravatar.com\/avatar\/75a98a706ff1c349d08cf501cf24da0f21953d0b670be72ba682dc2711ed3db6?s=96&d=mm&r=g","caption":"Emil Tokarczyk"},"url":"https:\/\/notabene.world\/nb\/author\/em-to\/"}]}},"jetpack_featured_media_url":"https:\/\/i0.wp.com\/notabene.world\/nb\/wp-content\/uploads\/2026\/03\/Emil-TP.jpg?fit=800%2C445&ssl=1","jetpack_sharing_enabled":true,"jetpack_shortlink":"https:\/\/wp.me\/pdCobN-54D","_links":{"self":[{"href":"https:\/\/notabene.world\/nb\/wp-json\/wp\/v2\/posts\/19507","targetHints":{"allow":["GET"]}}],"collection":[{"href":"https:\/\/notabene.world\/nb\/wp-json\/wp\/v2\/posts"}],"about":[{"href":"https:\/\/notabene.world\/nb\/wp-json\/wp\/v2\/types\/post"}],"author":[{"embeddable":true,"href":"https:\/\/notabene.world\/nb\/wp-json\/wp\/v2\/users\/98"}],"replies":[{"embeddable":true,"href":"https:\/\/notabene.world\/nb\/wp-json\/wp\/v2\/comments?post=19507"}],"version-history":[{"count":5,"href":"https:\/\/notabene.world\/nb\/wp-json\/wp\/v2\/posts\/19507\/revisions"}],"predecessor-version":[{"id":19538,"href":"https:\/\/notabene.world\/nb\/wp-json\/wp\/v2\/posts\/19507\/revisions\/19538"}],"wp:featuredmedia":[{"embeddable":true,"href":"https:\/\/notabene.world\/nb\/wp-json\/wp\/v2\/media\/19500"}],"wp:attachment":[{"href":"https:\/\/notabene.world\/nb\/wp-json\/wp\/v2\/media?parent=19507"}],"wp:term":[{"taxonomy":"category","embeddable":true,"href":"https:\/\/notabene.world\/nb\/wp-json\/wp\/v2\/categories?post=19507"},{"taxonomy":"post_tag","embeddable":true,"href":"https:\/\/notabene.world\/nb\/wp-json\/wp\/v2\/tags?post=19507"}],"curies":[{"name":"wp","href":"https:\/\/api.w.org\/{rel}","templated":true}]}}