{"id":1954,"date":"2022-02-04T12:00:00","date_gmt":"2022-02-04T11:00:00","guid":{"rendered":"https:\/\/notabene.world\/nb\/?p=1954"},"modified":"2022-02-11T22:30:02","modified_gmt":"2022-02-11T21:30:02","slug":"nowy-trener-reprezentacji-polski","status":"publish","type":"post","link":"https:\/\/notabene.world\/nb\/nowy-trener-reprezentacji-polski\/","title":{"rendered":"Nowy selekcjoner polskiej reprezentacji pi\u0142ki no\u017cnej"},"content":{"rendered":"\n<p>W miniony poniedzia\u0142ek kibic\u00f3w Bia\u0142o-Czerwonych zaskoczy\u0142a decyzja Polskiego Zwi\u0105zku Pi\u0142ki No\u017cnej. Na nowego selekcjonera polskiej reprezentacji zosta\u0142 wybrany Czes\u0142aw Michniewicz. Jego posta\u0107 budzi spore kontrowersje zwi\u0105zane z jego przesz\u0142o\u015bci\u0105. Jak zareagowali na t\u0119 wiadomo\u015b\u0107 internauci? Co my\u015bli na ten temat sama reprezentacja naszego kraju? Co sta\u0142o si\u0119 z by\u0142ym trenerem kadry? <\/p>\n\n\n\n<figure class=\"wp-block-image size-full\"><img data-recalc-dims=\"1\" loading=\"lazy\" decoding=\"async\" width=\"327\" height=\"150\" src=\"https:\/\/i0.wp.com\/notabene.world\/nb\/wp-content\/uploads\/2022\/02\/PZPN-1.png?resize=327%2C150&#038;ssl=1\" alt=\"\" class=\"wp-image-1979\" srcset=\"https:\/\/i0.wp.com\/notabene.world\/nb\/wp-content\/uploads\/2022\/02\/PZPN-1.png?w=327&amp;ssl=1 327w, https:\/\/i0.wp.com\/notabene.world\/nb\/wp-content\/uploads\/2022\/02\/PZPN-1.png?resize=300%2C138&amp;ssl=1 300w\" sizes=\"auto, (max-width: 327px) 100vw, 327px\" \/><figcaption>Logo zapo\u017cyczone z ofijalnej strony Polskiego Zwi\u0105zku Pi\u0142ki No\u017cnej &#8211; https:\/\/pzpn.pl<\/figcaption><\/figure>\n\n\n\n<p>31 stycznia 2022 roku po wielu rozmowach na nowego selekcjonera Polskiej reprezentacji zosta\u0142 wybrany Czes\u0142aw Michniewicz. Przekona\u0142 prezesa PZPN swoim planem- chce skupi\u0107 si\u0119 na meczach bara\u017cowych oraz awansie do mistrzostw \u015bwiata w Katarze. Nowy trener podpisa\u0142 umow\u0119 do ko\u0144ca roku z mo\u017cliwo\u015bci\u0105 przed\u0142u\u017cenia. Po dog\u0142\u0119bnej analizie Cezary Kulesza zdecydowa\u0142 si\u0119 wybra\u0107 Czes\u0142awa ze wzgl\u0119du na odpowiednie cechy i do\u015bwiadczenie. Nowy selekcjoner podj\u0105\u0142 ju\u017c dwie bardzo wa\u017cne decyzje. Na kapitana dru\u017cyny wybra\u0142 Roberta Lewandowskiego. Zdradzi\u0142 r\u00f3wnie\u017c, \u017ce wed\u0142ug niego Wojciech Szcz\u0119sny jest najlepszym bramkarzem reprezentacji. Oba te ustalenia by\u0142y do\u015b\u0107 oczywiste.<\/p>\n\n\n\n<figure class=\"wp-block-image size-large\"><img data-recalc-dims=\"1\" loading=\"lazy\" decoding=\"async\" width=\"682\" height=\"1024\" src=\"https:\/\/i0.wp.com\/notabene.world\/nb\/wp-content\/uploads\/2022\/02\/272264616_330700938985272_6037456616148384606_n.jpg?resize=682%2C1024&#038;ssl=1\" alt=\"\" class=\"wp-image-1974\" srcset=\"https:\/\/i0.wp.com\/notabene.world\/nb\/wp-content\/uploads\/2022\/02\/272264616_330700938985272_6037456616148384606_n.jpg?resize=682%2C1024&amp;ssl=1 682w, https:\/\/i0.wp.com\/notabene.world\/nb\/wp-content\/uploads\/2022\/02\/272264616_330700938985272_6037456616148384606_n.jpg?resize=200%2C300&amp;ssl=1 200w, https:\/\/i0.wp.com\/notabene.world\/nb\/wp-content\/uploads\/2022\/02\/272264616_330700938985272_6037456616148384606_n.jpg?resize=768%2C1154&amp;ssl=1 768w, https:\/\/i0.wp.com\/notabene.world\/nb\/wp-content\/uploads\/2022\/02\/272264616_330700938985272_6037456616148384606_n.jpg?w=828&amp;ssl=1 828w\" sizes=\"auto, (max-width: 682px) 100vw, 682px\" \/><figcaption>Twitter- @Czarek_Kulesza<\/figcaption><\/figure>\n\n\n\n<p>Nie trzeba by\u0142o d\u0142ugo czeka\u0107 na zdanie kibic\u00f3w w kwestii wybrania Czes\u0142awa na trenera dru\u017cyny. Na kontrowersj\u0119 wp\u0142ywa przesz\u0142o\u015b\u0107 selekcjonera. Media oraz internauci doszukali si\u0119 informacji sprzed prawie 20 lat o jego zwi\u0105zku z organizacj\u0105 korupcji w polskiej pi\u0142ce. Podobno kontaktowa\u0142 si\u0119 on 711 razy po\u0142\u0105czeniem telefonicznym z Ryszardem F. ,,Fryzjerem&#8221;. Samemu Czes\u0142awowi nigdy nie postawiono zarzut\u00f3w w tej sprawie. Mo\u017cna jednak zauwa\u017cy\u0107 jego zdenerwowanie podczas wywiadu z redaktorem WP- Szymonem Jadczakiem. Nerwowo reagowa\u0142 na ka\u017cde pytanie zwi\u0105zane z jego przesz\u0142o\u015bci\u0105. Wiele kibic\u00f3w nie ukrywa niezadowolenia w tej sprawie. Du\u017ca ich cz\u0119\u015b\u0107 twierdzi, \u017ce jego kontrkandydat Adam Nawa\u0142ka bardziej nadaje si\u0119 na to stanowisko. W przesz\u0142o\u015bci pe\u0142ni\u0142 t\u0119 funkcj\u0119, wi\u0119c by\u0142 uznawany za faworyta w\u015br\u00f3d rywali. Nawet redakcja ,,Przegl\u0105d Sportowy&#8221; 2 dni przed og\u0142oszeniem nowego selekcjonera opublikowa\u0142a ok\u0142adk\u0119 wprost faworyzuj\u0105c\u0105 Adama.<\/p>\n\n\n\n<figure class=\"wp-block-image size-large\"><img data-recalc-dims=\"1\" loading=\"lazy\" decoding=\"async\" width=\"767\" height=\"1024\" src=\"https:\/\/i0.wp.com\/notabene.world\/nb\/wp-content\/uploads\/2022\/02\/272454371_410597907486566_1530637510945976223_n.jpg?resize=767%2C1024&#038;ssl=1\" alt=\"\" class=\"wp-image-1975\" srcset=\"https:\/\/i0.wp.com\/notabene.world\/nb\/wp-content\/uploads\/2022\/02\/272454371_410597907486566_1530637510945976223_n.jpg?resize=767%2C1024&amp;ssl=1 767w, https:\/\/i0.wp.com\/notabene.world\/nb\/wp-content\/uploads\/2022\/02\/272454371_410597907486566_1530637510945976223_n.jpg?resize=225%2C300&amp;ssl=1 225w, https:\/\/i0.wp.com\/notabene.world\/nb\/wp-content\/uploads\/2022\/02\/272454371_410597907486566_1530637510945976223_n.jpg?resize=768%2C1026&amp;ssl=1 768w, https:\/\/i0.wp.com\/notabene.world\/nb\/wp-content\/uploads\/2022\/02\/272454371_410597907486566_1530637510945976223_n.jpg?w=828&amp;ssl=1 828w\" sizes=\"auto, (max-width: 767px) 100vw, 767px\" \/><figcaption>Twitter- @BogusWinda<\/figcaption><\/figure>\n\n\n\n<p>Dlaczego w\u0142a\u015bciwie PZPN szuka\u0142o nowego trenera dla reprezentacji? 26 grudnia 2021 roku by\u0142y trener Paulo Sousa podpisa\u0142 umow\u0119 z brazylijskim klubem Flamengo w Rio de Janeiro. Coach rozstawa\u0142 si\u0119 r\u00f3wnie\u017c w nieprzyjemny spos\u00f3b z poprzednimi klubami- w Anglii i we Francji. Tym razem r\u00f3wnie\u017c odszed\u0142 w nieciekawej atmosferze. Wed\u0142ug jego umowy z Bia\u0142o-Czerwonymi mia\u0142 ich trenowa\u0107 do marca 2022 roku, lecz zgodnie z nowym kontraktem mia\u0142 rozpocz\u0105\u0107 wsp\u00f3\u0142prace z Flamengo ju\u017c w pierwszych dniach stycznia. <\/p>\n\n\n\n<figure class=\"wp-block-image size-large\"><img data-recalc-dims=\"1\" loading=\"lazy\" decoding=\"async\" width=\"721\" height=\"1024\" src=\"https:\/\/i0.wp.com\/notabene.world\/nb\/wp-content\/uploads\/2022\/02\/273015508_2600810363395702_4005276088561808382_n.jpg?resize=721%2C1024&#038;ssl=1\" alt=\"\" class=\"wp-image-1981\" srcset=\"https:\/\/i0.wp.com\/notabene.world\/nb\/wp-content\/uploads\/2022\/02\/273015508_2600810363395702_4005276088561808382_n.jpg?resize=721%2C1024&amp;ssl=1 721w, https:\/\/i0.wp.com\/notabene.world\/nb\/wp-content\/uploads\/2022\/02\/273015508_2600810363395702_4005276088561808382_n.jpg?resize=211%2C300&amp;ssl=1 211w, https:\/\/i0.wp.com\/notabene.world\/nb\/wp-content\/uploads\/2022\/02\/273015508_2600810363395702_4005276088561808382_n.jpg?resize=768%2C1091&amp;ssl=1 768w, https:\/\/i0.wp.com\/notabene.world\/nb\/wp-content\/uploads\/2022\/02\/273015508_2600810363395702_4005276088561808382_n.jpg?w=828&amp;ssl=1 828w\" sizes=\"auto, (max-width: 721px) 100vw, 721px\" \/><figcaption>Instagram- @_rl9<\/figcaption><\/figure>\n\n\n\n<p>Sama reprezentacja jak wiadomo, z niepewnych \u017ar\u00f3de\u0142 nie interesuje si\u0119 przesz\u0142o\u015bci\u0105 trenera. Staraj\u0105 si\u0119 skupi\u0107 swoj\u0105 uwag\u0119 na treningach i dogadaniu z Czes\u0142awem. W czwartek 3 lutego wa\u017cn\u0105 rozmow\u0119 odby\u0142 Robert Lewandowski z nowym selekcjonerem.  Jak pisze na Twitterze portal ,,\u0141\u0105czy nas pi\u0142ka&#8221;- <em>&#8222;Trzy godziny bardzo dobrej rozmowy o&nbsp;polskiej&nbsp;pi\u0142ce&#8221;<\/em> . Konwersacja przebieg\u0142a w wyj\u0105tkowo przyjaznej atmosferze, zwa\u017caj\u0105c na zgrzyt mi\u0119dzy nimi jaki\u015b czas temu. Lewandowski kiedy\u015b negatywnie skomentowa\u0142 gr\u0119 dru\u017cyny m\u0142odzie\u017cowej prowadzonej w\u00f3wczas przez Michniewicza. <\/p>\n\n\n\n<figure class=\"wp-block-image size-large\"><img data-recalc-dims=\"1\" loading=\"lazy\" decoding=\"async\" width=\"738\" height=\"1024\" src=\"https:\/\/i0.wp.com\/notabene.world\/nb\/wp-content\/uploads\/2022\/02\/272360253_1078157856089259_5310910828172102758_n.jpg?resize=738%2C1024&#038;ssl=1\" alt=\"\" class=\"wp-image-1978\" srcset=\"https:\/\/i0.wp.com\/notabene.world\/nb\/wp-content\/uploads\/2022\/02\/272360253_1078157856089259_5310910828172102758_n.jpg?resize=738%2C1024&amp;ssl=1 738w, https:\/\/i0.wp.com\/notabene.world\/nb\/wp-content\/uploads\/2022\/02\/272360253_1078157856089259_5310910828172102758_n.jpg?resize=216%2C300&amp;ssl=1 216w, https:\/\/i0.wp.com\/notabene.world\/nb\/wp-content\/uploads\/2022\/02\/272360253_1078157856089259_5310910828172102758_n.jpg?resize=768%2C1066&amp;ssl=1 768w, https:\/\/i0.wp.com\/notabene.world\/nb\/wp-content\/uploads\/2022\/02\/272360253_1078157856089259_5310910828172102758_n.jpg?w=828&amp;ssl=1 828w\" sizes=\"auto, (max-width: 738px) 100vw, 738px\" \/><figcaption>Twitter- @LaczyNasPilka<\/figcaption><\/figure>\n","protected":false},"excerpt":{"rendered":"<p>31 stycznia 2022 roku prezes Polskiego Zwi\u0105zku Pi\u0142ki No\u017cnej na nowego selekcjonera reprezentacji wybra\u0142 Czes\u0142awa Michniewicza. Niepokoj\u0105ca przesz\u0142o\u015b\u0107 trenera odbi\u0142a si\u0119 g\u0142o\u015bnym echem w\u015br\u00f3d kibic\u00f3w. O co dok\u0142adnie chodzi internautom? Jak zareagowa\u0142a na te informacje sama reprezentacja? Co sta\u0142o si\u0119 z by\u0142ym trenerem Bia\u0142o-Czerwonych?<\/p>\n","protected":false},"author":8,"featured_media":2008,"comment_status":"closed","ping_status":"closed","sticky":false,"template":"","format":"standard","meta":{"colormag_page_container_layout":"default_layout","colormag_page_sidebar_layout":"default_layout","_jetpack_memberships_contains_paid_content":false,"footnotes":"","_links_to":"","_links_to_target":""},"categories":[9],"tags":[],"class_list":["post-1954","post","type-post","status-publish","format-standard","has-post-thumbnail","hentry","category-sport"],"yoast_head":"<!-- This site is optimized with the Yoast SEO plugin v27.4 - https:\/\/yoast.com\/product\/yoast-seo-wordpress\/ -->\n<title>Nowy selekcjoner polskiej reprezentacji pi\u0142ki no\u017cnej - NOTABENE.WORLD<\/title>\n<meta name=\"description\" content=\"31 stycznia 2022 roku prezes Polskiego Zwi\u0105zku Pi\u0142ki No\u017cnej na nowego selekcjonera reprezentacji wybra\u0142 Czes\u0142awa Michniewicza. Niepokoj\u0105ca przesz\u0142o\u015b\u0107 trenera odbi\u0142a si\u0119 g\u0142o\u015bnym echem w\u015br\u00f3d kibic\u00f3w. O co dok\u0142adnie chodzi internautom? Jak zareagowa\u0142a na te informacje sama reprezentacja? Co sta\u0142o si\u0119 z by\u0142ym trenerem Bia\u0142o-Czerwonych?\" \/>\n<meta name=\"robots\" content=\"index, follow, max-snippet:-1, max-image-preview:large, max-video-preview:-1\" \/>\n<link rel=\"canonical\" href=\"https:\/\/notabene.world\/nb\/nowy-trener-reprezentacji-polski\/\" \/>\n<meta property=\"og:locale\" content=\"pl_PL\" \/>\n<meta property=\"og:type\" content=\"article\" \/>\n<meta property=\"og:title\" content=\"Nowy selekcjoner polskiej reprezentacji pi\u0142ki no\u017cnej - NOTABENE.WORLD\" \/>\n<meta property=\"og:description\" content=\"31 stycznia 2022 roku prezes Polskiego Zwi\u0105zku Pi\u0142ki No\u017cnej na nowego selekcjonera reprezentacji wybra\u0142 Czes\u0142awa Michniewicza. Niepokoj\u0105ca przesz\u0142o\u015b\u0107 trenera odbi\u0142a si\u0119 g\u0142o\u015bnym echem w\u015br\u00f3d kibic\u00f3w. O co dok\u0142adnie chodzi internautom? Jak zareagowa\u0142a na te informacje sama reprezentacja? Co sta\u0142o si\u0119 z by\u0142ym trenerem Bia\u0142o-Czerwonych?\" \/>\n<meta property=\"og:url\" content=\"https:\/\/notabene.world\/nb\/nowy-trener-reprezentacji-polski\/\" \/>\n<meta property=\"og:site_name\" content=\"NOTABENE.WORLD\" \/>\n<meta property=\"article:publisher\" content=\"https:\/\/www.facebook.com\/Notabene.World\" \/>\n<meta property=\"article:published_time\" content=\"2022-02-04T11:00:00+00:00\" \/>\n<meta property=\"article:modified_time\" content=\"2022-02-11T21:30:02+00:00\" \/>\n<meta property=\"og:image\" content=\"https:\/\/notabene.world\/nb\/wp-content\/uploads\/2022\/02\/michn2.jpg\" \/>\n\t<meta property=\"og:image:width\" content=\"800\" \/>\n\t<meta property=\"og:image:height\" content=\"445\" \/>\n\t<meta property=\"og:image:type\" content=\"image\/jpeg\" \/>\n<meta name=\"author\" content=\"Oliwia Masternak\" \/>\n<meta name=\"twitter:card\" content=\"summary_large_image\" \/>\n<meta name=\"twitter:label1\" content=\"Napisane przez\" \/>\n\t<meta name=\"twitter:data1\" content=\"Oliwia Masternak\" \/>\n\t<meta name=\"twitter:label2\" content=\"Szacowany czas czytania\" \/>\n\t<meta name=\"twitter:data2\" content=\"4 minuty\" \/>\n<script type=\"application\/ld+json\" class=\"yoast-schema-graph\">{\"@context\":\"https:\\\/\\\/schema.org\",\"@graph\":[{\"@type\":\"Article\",\"@id\":\"https:\\\/\\\/notabene.world\\\/nb\\\/nowy-trener-reprezentacji-polski\\\/#article\",\"isPartOf\":{\"@id\":\"https:\\\/\\\/notabene.world\\\/nb\\\/nowy-trener-reprezentacji-polski\\\/\"},\"author\":{\"name\":\"Oliwia Masternak\",\"@id\":\"https:\\\/\\\/notabene.world\\\/nb\\\/#\\\/schema\\\/person\\\/b1d9ae31d71d4fc2391a4920219be808\"},\"headline\":\"Nowy selekcjoner polskiej reprezentacji pi\u0142ki no\u017cnej\",\"datePublished\":\"2022-02-04T11:00:00+00:00\",\"dateModified\":\"2022-02-11T21:30:02+00:00\",\"mainEntityOfPage\":{\"@id\":\"https:\\\/\\\/notabene.world\\\/nb\\\/nowy-trener-reprezentacji-polski\\\/\"},\"wordCount\":541,\"publisher\":{\"@id\":\"https:\\\/\\\/notabene.world\\\/nb\\\/#organization\"},\"image\":{\"@id\":\"https:\\\/\\\/notabene.world\\\/nb\\\/nowy-trener-reprezentacji-polski\\\/#primaryimage\"},\"thumbnailUrl\":\"https:\\\/\\\/i0.wp.com\\\/notabene.world\\\/nb\\\/wp-content\\\/uploads\\\/2022\\\/02\\\/michn2.jpg?fit=800%2C445&ssl=1\",\"articleSection\":[\"Sport\"],\"inLanguage\":\"pl-PL\"},{\"@type\":\"WebPage\",\"@id\":\"https:\\\/\\\/notabene.world\\\/nb\\\/nowy-trener-reprezentacji-polski\\\/\",\"url\":\"https:\\\/\\\/notabene.world\\\/nb\\\/nowy-trener-reprezentacji-polski\\\/\",\"name\":\"Nowy selekcjoner polskiej reprezentacji pi\u0142ki no\u017cnej - NOTABENE.WORLD\",\"isPartOf\":{\"@id\":\"https:\\\/\\\/notabene.world\\\/nb\\\/#website\"},\"primaryImageOfPage\":{\"@id\":\"https:\\\/\\\/notabene.world\\\/nb\\\/nowy-trener-reprezentacji-polski\\\/#primaryimage\"},\"image\":{\"@id\":\"https:\\\/\\\/notabene.world\\\/nb\\\/nowy-trener-reprezentacji-polski\\\/#primaryimage\"},\"thumbnailUrl\":\"https:\\\/\\\/i0.wp.com\\\/notabene.world\\\/nb\\\/wp-content\\\/uploads\\\/2022\\\/02\\\/michn2.jpg?fit=800%2C445&ssl=1\",\"datePublished\":\"2022-02-04T11:00:00+00:00\",\"dateModified\":\"2022-02-11T21:30:02+00:00\",\"description\":\"31 stycznia 2022 roku prezes Polskiego Zwi\u0105zku Pi\u0142ki No\u017cnej na nowego selekcjonera reprezentacji wybra\u0142 Czes\u0142awa Michniewicza. Niepokoj\u0105ca przesz\u0142o\u015b\u0107 trenera odbi\u0142a si\u0119 g\u0142o\u015bnym echem w\u015br\u00f3d kibic\u00f3w. O co dok\u0142adnie chodzi internautom? Jak zareagowa\u0142a na te informacje sama reprezentacja? Co sta\u0142o si\u0119 z by\u0142ym trenerem Bia\u0142o-Czerwonych?\",\"breadcrumb\":{\"@id\":\"https:\\\/\\\/notabene.world\\\/nb\\\/nowy-trener-reprezentacji-polski\\\/#breadcrumb\"},\"inLanguage\":\"pl-PL\",\"potentialAction\":[{\"@type\":\"ReadAction\",\"target\":[\"https:\\\/\\\/notabene.world\\\/nb\\\/nowy-trener-reprezentacji-polski\\\/\"]}]},{\"@type\":\"ImageObject\",\"inLanguage\":\"pl-PL\",\"@id\":\"https:\\\/\\\/notabene.world\\\/nb\\\/nowy-trener-reprezentacji-polski\\\/#primaryimage\",\"url\":\"https:\\\/\\\/i0.wp.com\\\/notabene.world\\\/nb\\\/wp-content\\\/uploads\\\/2022\\\/02\\\/michn2.jpg?fit=800%2C445&ssl=1\",\"contentUrl\":\"https:\\\/\\\/i0.wp.com\\\/notabene.world\\\/nb\\\/wp-content\\\/uploads\\\/2022\\\/02\\\/michn2.jpg?fit=800%2C445&ssl=1\",\"width\":800,\"height\":445},{\"@type\":\"BreadcrumbList\",\"@id\":\"https:\\\/\\\/notabene.world\\\/nb\\\/nowy-trener-reprezentacji-polski\\\/#breadcrumb\",\"itemListElement\":[{\"@type\":\"ListItem\",\"position\":1,\"name\":\"Home\",\"item\":\"https:\\\/\\\/notabene.world\\\/nb\\\/\"},{\"@type\":\"ListItem\",\"position\":2,\"name\":\"Nowy selekcjoner polskiej reprezentacji pi\u0142ki no\u017cnej\"}]},{\"@type\":\"WebSite\",\"@id\":\"https:\\\/\\\/notabene.world\\\/nb\\\/#website\",\"url\":\"https:\\\/\\\/notabene.world\\\/nb\\\/\",\"name\":\"NOTABENE.WORLD\",\"description\":\"Przekaz. Warto\u015bci. Wsp\u00f3lnota.\",\"publisher\":{\"@id\":\"https:\\\/\\\/notabene.world\\\/nb\\\/#organization\"},\"potentialAction\":[{\"@type\":\"SearchAction\",\"target\":{\"@type\":\"EntryPoint\",\"urlTemplate\":\"https:\\\/\\\/notabene.world\\\/nb\\\/?s={search_term_string}\"},\"query-input\":{\"@type\":\"PropertyValueSpecification\",\"valueRequired\":true,\"valueName\":\"search_term_string\"}}],\"inLanguage\":\"pl-PL\"},{\"@type\":\"Organization\",\"@id\":\"https:\\\/\\\/notabene.world\\\/nb\\\/#organization\",\"name\":\"NOTABENE.WORLD\",\"url\":\"https:\\\/\\\/notabene.world\\\/nb\\\/\",\"logo\":{\"@type\":\"ImageObject\",\"inLanguage\":\"pl-PL\",\"@id\":\"https:\\\/\\\/notabene.world\\\/nb\\\/#\\\/schema\\\/logo\\\/image\\\/\",\"url\":\"https:\\\/\\\/notabene.world\\\/nb\\\/wp-content\\\/uploads\\\/2022\\\/01\\\/NB-club-start-www1.jpg\",\"contentUrl\":\"https:\\\/\\\/notabene.world\\\/nb\\\/wp-content\\\/uploads\\\/2022\\\/01\\\/NB-club-start-www1.jpg\",\"width\":1000,\"height\":839,\"caption\":\"NOTABENE.WORLD\"},\"image\":{\"@id\":\"https:\\\/\\\/notabene.world\\\/nb\\\/#\\\/schema\\\/logo\\\/image\\\/\"},\"sameAs\":[\"https:\\\/\\\/www.facebook.com\\\/Notabene.World\"]},{\"@type\":\"Person\",\"@id\":\"https:\\\/\\\/notabene.world\\\/nb\\\/#\\\/schema\\\/person\\\/b1d9ae31d71d4fc2391a4920219be808\",\"name\":\"Oliwia Masternak\",\"image\":{\"@type\":\"ImageObject\",\"inLanguage\":\"pl-PL\",\"@id\":\"https:\\\/\\\/secure.gravatar.com\\\/avatar\\\/cf5dd902e1dae3bc351aab35b8642405f3cfd2ce05b9530a6cac3103d6861888?s=96&d=mm&r=g\",\"url\":\"https:\\\/\\\/secure.gravatar.com\\\/avatar\\\/cf5dd902e1dae3bc351aab35b8642405f3cfd2ce05b9530a6cac3103d6861888?s=96&d=mm&r=g\",\"contentUrl\":\"https:\\\/\\\/secure.gravatar.com\\\/avatar\\\/cf5dd902e1dae3bc351aab35b8642405f3cfd2ce05b9530a6cac3103d6861888?s=96&d=mm&r=g\",\"caption\":\"Oliwia Masternak\"},\"url\":\"https:\\\/\\\/notabene.world\\\/nb\\\/author\\\/oliwia\\\/\"}]}<\/script>\n<!-- \/ Yoast SEO plugin. -->","yoast_head_json":{"title":"Nowy selekcjoner polskiej reprezentacji pi\u0142ki no\u017cnej - NOTABENE.WORLD","description":"31 stycznia 2022 roku prezes Polskiego Zwi\u0105zku Pi\u0142ki No\u017cnej na nowego selekcjonera reprezentacji wybra\u0142 Czes\u0142awa Michniewicza. Niepokoj\u0105ca przesz\u0142o\u015b\u0107 trenera odbi\u0142a si\u0119 g\u0142o\u015bnym echem w\u015br\u00f3d kibic\u00f3w. O co dok\u0142adnie chodzi internautom? Jak zareagowa\u0142a na te informacje sama reprezentacja? Co sta\u0142o si\u0119 z by\u0142ym trenerem Bia\u0142o-Czerwonych?","robots":{"index":"index","follow":"follow","max-snippet":"max-snippet:-1","max-image-preview":"max-image-preview:large","max-video-preview":"max-video-preview:-1"},"canonical":"https:\/\/notabene.world\/nb\/nowy-trener-reprezentacji-polski\/","og_locale":"pl_PL","og_type":"article","og_title":"Nowy selekcjoner polskiej reprezentacji pi\u0142ki no\u017cnej - NOTABENE.WORLD","og_description":"31 stycznia 2022 roku prezes Polskiego Zwi\u0105zku Pi\u0142ki No\u017cnej na nowego selekcjonera reprezentacji wybra\u0142 Czes\u0142awa Michniewicza. Niepokoj\u0105ca przesz\u0142o\u015b\u0107 trenera odbi\u0142a si\u0119 g\u0142o\u015bnym echem w\u015br\u00f3d kibic\u00f3w. O co dok\u0142adnie chodzi internautom? Jak zareagowa\u0142a na te informacje sama reprezentacja? Co sta\u0142o si\u0119 z by\u0142ym trenerem Bia\u0142o-Czerwonych?","og_url":"https:\/\/notabene.world\/nb\/nowy-trener-reprezentacji-polski\/","og_site_name":"NOTABENE.WORLD","article_publisher":"https:\/\/www.facebook.com\/Notabene.World","article_published_time":"2022-02-04T11:00:00+00:00","article_modified_time":"2022-02-11T21:30:02+00:00","og_image":[{"width":800,"height":445,"url":"https:\/\/notabene.world\/nb\/wp-content\/uploads\/2022\/02\/michn2.jpg","type":"image\/jpeg"}],"author":"Oliwia Masternak","twitter_card":"summary_large_image","twitter_misc":{"Napisane przez":"Oliwia Masternak","Szacowany czas czytania":"4 minuty"},"schema":{"@context":"https:\/\/schema.org","@graph":[{"@type":"Article","@id":"https:\/\/notabene.world\/nb\/nowy-trener-reprezentacji-polski\/#article","isPartOf":{"@id":"https:\/\/notabene.world\/nb\/nowy-trener-reprezentacji-polski\/"},"author":{"name":"Oliwia Masternak","@id":"https:\/\/notabene.world\/nb\/#\/schema\/person\/b1d9ae31d71d4fc2391a4920219be808"},"headline":"Nowy selekcjoner polskiej reprezentacji pi\u0142ki no\u017cnej","datePublished":"2022-02-04T11:00:00+00:00","dateModified":"2022-02-11T21:30:02+00:00","mainEntityOfPage":{"@id":"https:\/\/notabene.world\/nb\/nowy-trener-reprezentacji-polski\/"},"wordCount":541,"publisher":{"@id":"https:\/\/notabene.world\/nb\/#organization"},"image":{"@id":"https:\/\/notabene.world\/nb\/nowy-trener-reprezentacji-polski\/#primaryimage"},"thumbnailUrl":"https:\/\/i0.wp.com\/notabene.world\/nb\/wp-content\/uploads\/2022\/02\/michn2.jpg?fit=800%2C445&ssl=1","articleSection":["Sport"],"inLanguage":"pl-PL"},{"@type":"WebPage","@id":"https:\/\/notabene.world\/nb\/nowy-trener-reprezentacji-polski\/","url":"https:\/\/notabene.world\/nb\/nowy-trener-reprezentacji-polski\/","name":"Nowy selekcjoner polskiej reprezentacji pi\u0142ki no\u017cnej - NOTABENE.WORLD","isPartOf":{"@id":"https:\/\/notabene.world\/nb\/#website"},"primaryImageOfPage":{"@id":"https:\/\/notabene.world\/nb\/nowy-trener-reprezentacji-polski\/#primaryimage"},"image":{"@id":"https:\/\/notabene.world\/nb\/nowy-trener-reprezentacji-polski\/#primaryimage"},"thumbnailUrl":"https:\/\/i0.wp.com\/notabene.world\/nb\/wp-content\/uploads\/2022\/02\/michn2.jpg?fit=800%2C445&ssl=1","datePublished":"2022-02-04T11:00:00+00:00","dateModified":"2022-02-11T21:30:02+00:00","description":"31 stycznia 2022 roku prezes Polskiego Zwi\u0105zku Pi\u0142ki No\u017cnej na nowego selekcjonera reprezentacji wybra\u0142 Czes\u0142awa Michniewicza. Niepokoj\u0105ca przesz\u0142o\u015b\u0107 trenera odbi\u0142a si\u0119 g\u0142o\u015bnym echem w\u015br\u00f3d kibic\u00f3w. O co dok\u0142adnie chodzi internautom? Jak zareagowa\u0142a na te informacje sama reprezentacja? Co sta\u0142o si\u0119 z by\u0142ym trenerem Bia\u0142o-Czerwonych?","breadcrumb":{"@id":"https:\/\/notabene.world\/nb\/nowy-trener-reprezentacji-polski\/#breadcrumb"},"inLanguage":"pl-PL","potentialAction":[{"@type":"ReadAction","target":["https:\/\/notabene.world\/nb\/nowy-trener-reprezentacji-polski\/"]}]},{"@type":"ImageObject","inLanguage":"pl-PL","@id":"https:\/\/notabene.world\/nb\/nowy-trener-reprezentacji-polski\/#primaryimage","url":"https:\/\/i0.wp.com\/notabene.world\/nb\/wp-content\/uploads\/2022\/02\/michn2.jpg?fit=800%2C445&ssl=1","contentUrl":"https:\/\/i0.wp.com\/notabene.world\/nb\/wp-content\/uploads\/2022\/02\/michn2.jpg?fit=800%2C445&ssl=1","width":800,"height":445},{"@type":"BreadcrumbList","@id":"https:\/\/notabene.world\/nb\/nowy-trener-reprezentacji-polski\/#breadcrumb","itemListElement":[{"@type":"ListItem","position":1,"name":"Home","item":"https:\/\/notabene.world\/nb\/"},{"@type":"ListItem","position":2,"name":"Nowy selekcjoner polskiej reprezentacji pi\u0142ki no\u017cnej"}]},{"@type":"WebSite","@id":"https:\/\/notabene.world\/nb\/#website","url":"https:\/\/notabene.world\/nb\/","name":"NOTABENE.WORLD","description":"Przekaz. Warto\u015bci. Wsp\u00f3lnota.","publisher":{"@id":"https:\/\/notabene.world\/nb\/#organization"},"potentialAction":[{"@type":"SearchAction","target":{"@type":"EntryPoint","urlTemplate":"https:\/\/notabene.world\/nb\/?s={search_term_string}"},"query-input":{"@type":"PropertyValueSpecification","valueRequired":true,"valueName":"search_term_string"}}],"inLanguage":"pl-PL"},{"@type":"Organization","@id":"https:\/\/notabene.world\/nb\/#organization","name":"NOTABENE.WORLD","url":"https:\/\/notabene.world\/nb\/","logo":{"@type":"ImageObject","inLanguage":"pl-PL","@id":"https:\/\/notabene.world\/nb\/#\/schema\/logo\/image\/","url":"https:\/\/notabene.world\/nb\/wp-content\/uploads\/2022\/01\/NB-club-start-www1.jpg","contentUrl":"https:\/\/notabene.world\/nb\/wp-content\/uploads\/2022\/01\/NB-club-start-www1.jpg","width":1000,"height":839,"caption":"NOTABENE.WORLD"},"image":{"@id":"https:\/\/notabene.world\/nb\/#\/schema\/logo\/image\/"},"sameAs":["https:\/\/www.facebook.com\/Notabene.World"]},{"@type":"Person","@id":"https:\/\/notabene.world\/nb\/#\/schema\/person\/b1d9ae31d71d4fc2391a4920219be808","name":"Oliwia Masternak","image":{"@type":"ImageObject","inLanguage":"pl-PL","@id":"https:\/\/secure.gravatar.com\/avatar\/cf5dd902e1dae3bc351aab35b8642405f3cfd2ce05b9530a6cac3103d6861888?s=96&d=mm&r=g","url":"https:\/\/secure.gravatar.com\/avatar\/cf5dd902e1dae3bc351aab35b8642405f3cfd2ce05b9530a6cac3103d6861888?s=96&d=mm&r=g","contentUrl":"https:\/\/secure.gravatar.com\/avatar\/cf5dd902e1dae3bc351aab35b8642405f3cfd2ce05b9530a6cac3103d6861888?s=96&d=mm&r=g","caption":"Oliwia Masternak"},"url":"https:\/\/notabene.world\/nb\/author\/oliwia\/"}]}},"jetpack_featured_media_url":"https:\/\/i0.wp.com\/notabene.world\/nb\/wp-content\/uploads\/2022\/02\/michn2.jpg?fit=800%2C445&ssl=1","jetpack_sharing_enabled":true,"jetpack_shortlink":"https:\/\/wp.me\/pdCobN-vw","_links":{"self":[{"href":"https:\/\/notabene.world\/nb\/wp-json\/wp\/v2\/posts\/1954","targetHints":{"allow":["GET"]}}],"collection":[{"href":"https:\/\/notabene.world\/nb\/wp-json\/wp\/v2\/posts"}],"about":[{"href":"https:\/\/notabene.world\/nb\/wp-json\/wp\/v2\/types\/post"}],"author":[{"embeddable":true,"href":"https:\/\/notabene.world\/nb\/wp-json\/wp\/v2\/users\/8"}],"replies":[{"embeddable":true,"href":"https:\/\/notabene.world\/nb\/wp-json\/wp\/v2\/comments?post=1954"}],"version-history":[{"count":4,"href":"https:\/\/notabene.world\/nb\/wp-json\/wp\/v2\/posts\/1954\/revisions"}],"predecessor-version":[{"id":2439,"href":"https:\/\/notabene.world\/nb\/wp-json\/wp\/v2\/posts\/1954\/revisions\/2439"}],"wp:featuredmedia":[{"embeddable":true,"href":"https:\/\/notabene.world\/nb\/wp-json\/wp\/v2\/media\/2008"}],"wp:attachment":[{"href":"https:\/\/notabene.world\/nb\/wp-json\/wp\/v2\/media?parent=1954"}],"wp:term":[{"taxonomy":"category","embeddable":true,"href":"https:\/\/notabene.world\/nb\/wp-json\/wp\/v2\/categories?post=1954"},{"taxonomy":"post_tag","embeddable":true,"href":"https:\/\/notabene.world\/nb\/wp-json\/wp\/v2\/tags?post=1954"}],"curies":[{"name":"wp","href":"https:\/\/api.w.org\/{rel}","templated":true}]}}