{"id":19738,"date":"2026-04-28T11:56:00","date_gmt":"2026-04-28T11:56:00","guid":{"rendered":"https:\/\/notabene.world\/nb\/?p=19738"},"modified":"2026-04-29T12:40:31","modified_gmt":"2026-04-29T12:40:31","slug":"to-dla-ciebie","status":"publish","type":"post","link":"https:\/\/notabene.world\/nb\/to-dla-ciebie\/","title":{"rendered":"To dla Ciebie"},"content":{"rendered":"\n<p class=\"has-text-align-right\"><em>15 wierszy \u2022 Anna Rezner<\/em><\/p>\n\n\n\n<p class=\"has-text-align-right\"><em>Redakcja: Antoni Rezner<\/em><\/p>\n\n\n\n<p class=\"has-text-align-right\"><em>Ilustracja \u2022 Rafa\u0142 Olbi\u0144ski<\/em><\/p>\n\n\n\n<p><\/p>\n\n\n\n<hr class=\"wp-block-separator aligncenter has-alpha-channel-opacity\"\/>\n\n\n\n<p class=\"has-text-align-center\"><strong>Niedotulony \u015bwiat<\/strong><\/p>\n\n\n\n<p class=\"has-text-align-center\">Tyle bruk\u00f3w niedotkni\u0119tych<br>Motyli przelatuj\u0105cych<br>Kot\u00f3w przemykaj\u0105cych obok<br>Ludzi niewys\u0142uchanych, niewytulonych,<br>nieprzywitanych i nie po\u017cegnanych jak nale\u017cy<br>W drodze do wieczno\u015bci\u2026<\/p>\n\n\n\n<p><\/p>\n\n\n\n<hr class=\"wp-block-separator aligncenter has-alpha-channel-opacity\"\/>\n\n\n\n<p class=\"has-text-align-center\"><strong>Jestem\u2026<\/strong><\/p>\n\n\n\n<p class=\"has-text-align-center\">Przedzieraj\u0105c swe JA<br>przez g\u0119stwin\u0119 pragnie\u0144<br>tego \u015bwiata \u2013<br>brzask tryskaj\u0105cy novum<br>ka\u017cdego z nas\u2026<br>W krzyku buntu, rozpaczy, nadziei\u2026<br>g\u0142ow\u0105 w tera\u017aniejszo\u015bci<br>wydzieramy z miejsca dobrostanu \u2013<br>nowy dzie\u0144\u2026<br><br>Mo\u017cesz co\u015b w nim:<br>Zostawi\u0107\u2026<br>Przemy\u015ble\u0107\u2026<br>Dotkn\u0105\u0107\u2026<br>da\u0107, jeszcze jeden<br>krzyk tego \u015bwiata<br>&#8211; Jestem<br>Ju\u017c \u015bwit!<\/p>\n\n\n\n<p><\/p>\n\n\n\n<hr class=\"wp-block-separator aligncenter has-alpha-channel-opacity\"\/>\n\n\n\n<p class=\"has-text-align-center\"><strong>Kilka (trudnych?) pyta\u0144<\/strong><\/p>\n\n\n\n<p class=\"has-text-align-center\">Brylant \u2013 z\u0142udny blask, czy pi\u0119kno szlachetne?<br>Cz\u0142owiek \u2013 zwyk\u0142y wyraz, czy monstrum bez granic?<br>Wiara \u2013 pustka, czy granica dozna\u0144?<br>Dobro \u2013 poj\u0119cie, czy ohydna z\u0142uda?<br>Szcz\u0119\u015bcie \u2013 tkwi\u0119 w nim, czy nim moja w\u0119dr\u00f3wka?<br>Rozum \u2013 na w\u0142asno\u015b\u0107, czy \u0142yk z obcego dzbana?<br>Mi\u0142osierdzie \u2013 dzi\u0119kowa\u0107, czy nienawidzi\u0107?<br>R\u0119ka \u2013 ca\u0142owa\u0107, czy odepchn\u0105\u0107?<br>Drugi \u2013 wzi\u0105\u0107 w ramiona, czy przej\u015b\u0107 obok?<br><br>Ufa\u0107 \u2013 czy burzy\u0107 trud ufaj\u0105cych?<br>Kra\u015b\u0107 \u2013 czy by\u0107 okradanym?<br>Kocha\u0107 \u2013 czy by\u0107 kochanym?<br>M\u00f3wi\u0107 \u2013 czy by\u0107 obm\u00f3wionym?<br>S\u0142ucha\u0107 \u2013 czy by\u0107 wys\u0142uchanym?<br>I\u015b\u0107 \u2013 czy kto\u015b ma przej\u015b\u0107 po mnie?<br>Bra\u0107 \u2013 czy kto\u015b ma bra\u0107 ze mnie?<br>Da\u0107 \u2013 czy zatrzyma\u0107?<br>Krzycze\u0107 \u2013 czy wytrzyma\u0107?<br><br>Odej\u015b\u0107 nie mog\u0119.<br>Zosta\u0107 nie chc\u0119<br>Umiera\u0107 nie umiem\u2026<\/p>\n\n\n\n<p><\/p>\n\n\n\n<hr class=\"wp-block-separator aligncenter has-alpha-channel-opacity\"\/>\n\n\n\n<p class=\"has-text-align-center\"><strong>Po prostu mi\u0142o\u015b\u0107<\/strong><\/p>\n\n\n\n<p class=\"has-text-align-center\">Gdy pierwsi ludzie si\u0119 kochali<br>Nie znali nazwy, nie na\u015bladowali dotyku<br>Nigdy na filmie nie widzieli poca\u0142unku<br>Nie wiedzieli czy patrze\u0107, czy zwiesi\u0107 wzrok<br>Odej\u015b\u0107, czy zosta\u0107?<br>A ona nienazwana by\u0142a od pocz\u0105tku<\/p>\n\n\n\n<p><\/p>\n\n\n\n<hr class=\"wp-block-separator aligncenter has-alpha-channel-opacity\"\/>\n\n\n\n<p class=\"has-text-align-center\"><strong>Gar\u015b\u0107 prostych \u017cycze\u0144<\/strong><\/p>\n\n\n\n<p class=\"has-text-align-center\">M\u0105dro\u015bci o \u015bwicie \u2013 nie tej po zmierzchu<br>Szcz\u0119\u015bcia, co wnika w ka\u017cde spe\u0142nienie<br>I codzienno\u015bci \u2013 jak Twoje marzenie.<br>\u017bycia dla dobra drugiego cz\u0142owieka<br>Pewno\u015bci, \u017ce zawsze z mi\u0142o\u015bci\u0105 kto\u015b czeka<br>Czasu, co w rytmie spe\u0142nienia tyka<br>Pokory, co ka\u017cd\u0105 sekund\u0119 przenika<br>I dobrych ludzi \u2013 przys\u0142anych od Boga<br>By byli przy Tobie, gdy przyjdzie trwoga<\/p>\n\n\n\n<p><\/p>\n\n\n\n<hr class=\"wp-block-separator aligncenter has-alpha-channel-opacity\"\/>\n\n\n\n<p class=\"has-text-align-center\"><strong>Bo o tym jest chwa\u0142a<\/strong><\/p>\n\n\n\n<p class=\"has-text-align-center\">Chwa\u0142a tym, co zaczynaj\u0105 i ko\u0144cz\u0105;<br>Kiedy si\u0142 nie starcza<br>I tym, co luki wype\u0142niaj\u0105<br>Tym, co przed nami,<br>I co trzeba w prz\u00f3d zrobi\u0107 my\u015bl\u0105<br>Chwa\u0142a \u201eWielkim\u201d i pochlebcom (bo to trudny kawa\u0142ek chleba)<br>Chwa\u0142a zapomnianym<br>Chwa\u0142a matkom , i synom tej ziemi<br>&#8211; \u017ce wierzy\u0107 nie przestaj\u0105 w \u015awit\u2026<br>Latarnikom m\u0105dro\u015bci chwa\u0142a<br>A przede wszystkim chwa\u0142a kochaj\u0105cym<br>Kt\u00f3rych pokocha\u0107 zapomniano\u2026<\/p>\n\n\n\n<p><\/p>\n\n\n\n<hr class=\"wp-block-separator aligncenter has-alpha-channel-opacity\"\/>\n\n\n\n<p class=\"has-text-align-center\"><strong>Jeste\u015b u siebie<\/strong><\/p>\n\n\n\n<p class=\"has-text-align-center\">Tu jest Twoje miejsce i Tw\u00f3j czas<br>wybawienia,<br>rozterki,<br>mi\u0142o\u015bci,<br>trudnych pyta\u0144,<br>nieoczekiwanych odpowiedzi,<br>zmaga\u0144 ze sob\u0105,<br>wspomnie\u0144,<br>odkry\u0107 niechcianych,<br>my\u015bli zapomnianych,<br>powrotu od ucieczek,<br>czas ko\u0144ca i pocz\u0105tku\u2026<br>A przede wszystkim \u0141aski\u2026<\/p>\n\n\n\n<p><\/p>\n\n\n\n<hr class=\"wp-block-separator aligncenter has-alpha-channel-opacity\"\/>\n\n\n\n<p class=\"has-text-align-center\"><strong>Pakunki<\/strong><\/p>\n\n\n\n<p class=\"has-text-align-center\">Zapakowa\u0142em swoje \u017cycie do pude\u0142ka<br>Szed\u0142em pod g\u00f3r\u0119, a z pude\u0142ka<br>Wysypa\u0142a si\u0119 zawarto\u015b\u0107:<br>Mi\u0142o\u015b\u0107<br>Nadzieja<br>Pasja<br>I wiara,<br>\u017be warto!<br>Ty te\u017c tak mo\u017cesz!<br>To Tw\u00f3j czas!<\/p>\n\n\n\n<p><\/p>\n\n\n\n<hr class=\"wp-block-separator aligncenter has-alpha-channel-opacity\"\/>\n\n\n\n<p class=\"has-text-align-center\"><strong>Nieprzytulona kobieco\u015b\u0107<\/strong><\/p>\n\n\n\n<p class=\"has-text-align-center\">Usta nieca\u0142owane<br>Piersi niedotykane<br>Mi\u0142o\u015b\u0107 niechciana<br>To ja<br>Kobieta niekochana<\/p>\n\n\n\n<p><\/p>\n\n\n\n<hr class=\"wp-block-separator aligncenter has-alpha-channel-opacity\"\/>\n\n\n\n<p class=\"has-text-align-center\"><strong>Dialog z nico\u015bci\u0105<\/strong><\/p>\n\n\n\n<p class=\"has-text-align-center\">A gdyby nic ju\u017c nie by\u0142o<br>Mo\u017ce by\u015bmy si\u0119 spotkali<br>W niczym zatopili<br>Do niczego d\u0105\u017cyli<br>O niczym pogadali<br>I nic ju\u017c przed nami<br>Bo za nami tak wiele\u2026<\/p>\n\n\n\n<p><\/p>\n\n\n\n<hr class=\"wp-block-separator aligncenter has-alpha-channel-opacity\"\/>\n\n\n\n<p class=\"has-text-align-center\"><strong>Mowa pogrzebowa<\/strong><\/p>\n\n\n\n<p class=\"has-text-align-center\">By\u0142 pot\u0119g\u0105<br>A kiedy dr\u017ca\u0142<br>W \u015brodku samotnie<br>Wok\u00f3\u0142 by\u0142a pustka<br>Wielu w swoich domach<br>Zachwyca\u0142o si\u0119 sob\u0105<br><br>By\u0142 Geniuszem<br>Cz\u0119sto otoczonym<br>Lecz nikt jad\u0142em<br>Ciep\u0142ym<br>Si\u0119 z nim nie podzieli\u0142<br>Wola\u0142 resztki wyla\u0107<br>I wod\u0119 spu\u015bci\u0107<br><br>Dla przysz\u0142ych pokole\u0144 drogowskazem<br>\u017be nie warto?<\/p>\n\n\n\n<p><\/p>\n\n\n\n<hr class=\"wp-block-separator aligncenter has-alpha-channel-opacity\"\/>\n\n\n\n<p class=\"has-text-align-center\"><strong>M\u00f3j spadek<\/strong><\/p>\n\n\n\n<p class=\"has-text-align-center\">Chc\u0119 zostawi\u0107<br>Po sobie \u015awit<br>I tylko \u015bwit\u2026<br>Z zapachem<br>Malin<br>I \u015bwie\u017cych truskawek\u2026<br>I pok\u00f3j w Tobie\u2026<br>Si\u0105d\u017a spokojnie<br>Przy stole<br>Pe\u0142nym mi\u0142o\u015bci<br>A ja b\u0119d\u0119 zawsze wpatrzona<br>W Twoje pi\u0119kne<br>T\u0119skne oczy\u2026<\/p>\n\n\n\n<p><\/p>\n\n\n\n<hr class=\"wp-block-separator aligncenter has-alpha-channel-opacity\"\/>\n\n\n\n<p class=\"has-text-align-center\"><strong>Wra\u017cliwo\u015bci niech si\u0119 wreszcie spotykaj\u0105<\/strong><\/p>\n\n\n\n<p class=\"has-text-align-center\">Wra\u017cliwo\u015bci niech si\u0119 spotykaj\u0105<br>Nikt ich nie dotyka\u2026<br>Spe\u0142nie\u0144 niedoczekanych<br>P\u0142yn\u0105cych w marzeniach<br>Nie przeszkadza\u2026<br>W codzienno\u015bci skrojonej<br>Na pe\u0142ni\u0119<br>Zosta\u0107 chc\u0119 jeszcze<br>Mimo, \u017ce n\u0119c\u0105<br>\u015awiaty nieznane<\/p>\n\n\n\n<p><\/p>\n\n\n\n<hr class=\"wp-block-separator aligncenter has-alpha-channel-opacity\"\/>\n\n\n\n<p class=\"has-text-align-center\"><strong>Spe\u0142nienie<\/strong><\/p>\n\n\n\n<p class=\"has-text-align-center\">Wyci\u0105gaj\u0105c r\u0119k\u0119 z u\u0142udy pulchnego b\u0142ogostanu \u2013<br>Nie dosi\u0119gasz nieba\u2026<br><br>Nie kupisz za z\u0142oty medal<br>Spe\u0142nienia g\u0142odnego.<br><br>Otoczona zast\u0119pem kochank\u00f3w \u2013<br>Nie dosi\u0119gniesz rozgrzanymi<br>Ustami tego jednego.<br><br>Nie id\u0105c kamienist\u0105 drog\u0105,<br>W pocie czo\u0142a szukaj\u0105c drogowskazu<br>&#8211; nie poczujesz szcz\u0119\u015bcia celu.<br><br>St\u0105paj\u0105c wci\u0105\u017c po ogrodzie,<br>Pe\u0142nym drzew i kwiat\u00f3w,<br>Doznania pi\u0119kna oazy szukasz daremnie.<br><br>W ch\u0142odnych murach \u015bwi\u0105tyni<br>Brak modlitwy konaj\u0105cego\u2026<\/p>\n\n\n\n<p><\/p>\n\n\n\n<hr class=\"wp-block-separator aligncenter has-alpha-channel-opacity\"\/>\n\n\n\n<p class=\"has-text-align-center\"><strong>Sens?<\/strong><\/p>\n\n\n\n<p class=\"has-text-align-center\">Uchwyci\u0107 chwil\u0119,<br>Kt\u00f3ra w nas trwa\u2026<br>Uchwyci\u0107 uczucie,<br>Kt\u00f3re przenika\u2026<br>Opisa\u0107 dotyk,<br>Co wn\u0119trza dotyka\u2026<br>Wnikn\u0105\u0107 w cudowne<br>S\u0142\u00f3w drogich brzmienie\u2026<br>Uchwyci\u0107 w sobie,<br>My\u015bli natchnienie\u2026<br><br>A mo\u017ce\u2026<br>W zmienno\u015bci?<br>Nieuchwytno\u015bci?<br>Tkwi pi\u0119kno dozna\u0144?<\/p>\n\n\n\n<p class=\"has-text-align-right\"><em>Ilustracja \u2022 Rafa\u0142 Olbi\u0144ski<\/em><\/p>\n\n\n\n<figure class=\"wp-block-image size-full\"><img data-recalc-dims=\"1\" loading=\"lazy\" decoding=\"async\" width=\"800\" height=\"956\" src=\"https:\/\/i0.wp.com\/notabene.world\/nb\/wp-content\/uploads\/2026\/04\/arez15.jpg?resize=800%2C956&#038;ssl=1\" alt=\"\" class=\"wp-image-19740\" srcset=\"https:\/\/i0.wp.com\/notabene.world\/nb\/wp-content\/uploads\/2026\/04\/arez15.jpg?w=800&amp;ssl=1 800w, https:\/\/i0.wp.com\/notabene.world\/nb\/wp-content\/uploads\/2026\/04\/arez15.jpg?resize=251%2C300&amp;ssl=1 251w, https:\/\/i0.wp.com\/notabene.world\/nb\/wp-content\/uploads\/2026\/04\/arez15.jpg?resize=768%2C918&amp;ssl=1 768w\" sizes=\"auto, (max-width: 800px) 100vw, 800px\" \/><\/figure>\n","protected":false},"excerpt":{"rendered":"<p>15 wierszy \u2022 Anna Rezner Redakcja: Antoni Rezner Ilustracja \u2022 Rafa\u0142 Olbi\u0144ski Niedotulony \u015bwiat Tyle bruk\u00f3w niedotkni\u0119tychMotyli przelatuj\u0105cychKot\u00f3w przemykaj\u0105cych obokLudzi<\/p>\n","protected":false},"author":94,"featured_media":19739,"comment_status":"closed","ping_status":"closed","sticky":false,"template":"","format":"standard","meta":{"colormag_page_container_layout":"default_layout","colormag_page_sidebar_layout":"default_layout","_jetpack_memberships_contains_paid_content":false,"footnotes":"","_links_to":"","_links_to_target":""},"categories":[64,202],"tags":[],"class_list":["post-19738","post","type-post","status-publish","format-standard","has-post-thumbnail","hentry","category-aktualnosci","category-poezja"],"yoast_head":"<!-- This site is optimized with the Yoast SEO plugin v27.5 - https:\/\/yoast.com\/product\/yoast-seo-wordpress\/ -->\n<title>To dla Ciebie - NOTABENE.WORLD<\/title>\n<meta name=\"robots\" content=\"index, follow, max-snippet:-1, max-image-preview:large, max-video-preview:-1\" \/>\n<link rel=\"canonical\" href=\"https:\/\/notabene.world\/nb\/to-dla-ciebie\/\" \/>\n<meta property=\"og:locale\" content=\"pl_PL\" \/>\n<meta property=\"og:type\" content=\"article\" \/>\n<meta property=\"og:title\" content=\"To dla Ciebie - NOTABENE.WORLD\" \/>\n<meta property=\"og:description\" content=\"15 wierszy \u2022 Anna Rezner Redakcja: Antoni Rezner Ilustracja \u2022 Rafa\u0142 Olbi\u0144ski Niedotulony \u015bwiat Tyle bruk\u00f3w niedotkni\u0119tychMotyli przelatuj\u0105cychKot\u00f3w przemykaj\u0105cych obokLudzi\" \/>\n<meta property=\"og:url\" content=\"https:\/\/notabene.world\/nb\/to-dla-ciebie\/\" \/>\n<meta property=\"og:site_name\" content=\"NOTABENE.WORLD\" \/>\n<meta property=\"article:publisher\" content=\"https:\/\/www.facebook.com\/Notabene.World\" \/>\n<meta property=\"article:published_time\" content=\"2026-04-28T11:56:00+00:00\" \/>\n<meta property=\"article:modified_time\" content=\"2026-04-29T12:40:31+00:00\" \/>\n<meta property=\"og:image\" content=\"https:\/\/notabene.world\/nb\/wp-content\/uploads\/2026\/04\/arez15a.jpg\" \/>\n\t<meta property=\"og:image:width\" content=\"800\" \/>\n\t<meta property=\"og:image:height\" content=\"445\" \/>\n\t<meta property=\"og:image:type\" content=\"image\/jpeg\" \/>\n<meta name=\"author\" content=\"Anna Rezner\" \/>\n<meta name=\"twitter:card\" content=\"summary_large_image\" \/>\n<meta name=\"twitter:label1\" content=\"Napisane przez\" \/>\n\t<meta name=\"twitter:data1\" content=\"Anna Rezner\" \/>\n\t<meta name=\"twitter:label2\" content=\"Szacowany czas czytania\" \/>\n\t<meta name=\"twitter:data2\" content=\"4 minuty\" \/>\n<script type=\"application\/ld+json\" class=\"yoast-schema-graph\">{\"@context\":\"https:\\\/\\\/schema.org\",\"@graph\":[{\"@type\":\"Article\",\"@id\":\"https:\\\/\\\/notabene.world\\\/nb\\\/to-dla-ciebie\\\/#article\",\"isPartOf\":{\"@id\":\"https:\\\/\\\/notabene.world\\\/nb\\\/to-dla-ciebie\\\/\"},\"author\":{\"name\":\"Anna Rezner\",\"@id\":\"https:\\\/\\\/notabene.world\\\/nb\\\/#\\\/schema\\\/person\\\/0e36c86845f89a1a9c3b817801e5b349\"},\"headline\":\"To dla Ciebie\",\"datePublished\":\"2026-04-28T11:56:00+00:00\",\"dateModified\":\"2026-04-29T12:40:31+00:00\",\"mainEntityOfPage\":{\"@id\":\"https:\\\/\\\/notabene.world\\\/nb\\\/to-dla-ciebie\\\/\"},\"wordCount\":762,\"publisher\":{\"@id\":\"https:\\\/\\\/notabene.world\\\/nb\\\/#organization\"},\"image\":{\"@id\":\"https:\\\/\\\/notabene.world\\\/nb\\\/to-dla-ciebie\\\/#primaryimage\"},\"thumbnailUrl\":\"https:\\\/\\\/i0.wp.com\\\/notabene.world\\\/nb\\\/wp-content\\\/uploads\\\/2026\\\/04\\\/arez15a.jpg?fit=800%2C445&ssl=1\",\"articleSection\":[\"Aktualno\u015bci\",\"Poezja\"],\"inLanguage\":\"pl-PL\"},{\"@type\":\"WebPage\",\"@id\":\"https:\\\/\\\/notabene.world\\\/nb\\\/to-dla-ciebie\\\/\",\"url\":\"https:\\\/\\\/notabene.world\\\/nb\\\/to-dla-ciebie\\\/\",\"name\":\"To dla Ciebie - NOTABENE.WORLD\",\"isPartOf\":{\"@id\":\"https:\\\/\\\/notabene.world\\\/nb\\\/#website\"},\"primaryImageOfPage\":{\"@id\":\"https:\\\/\\\/notabene.world\\\/nb\\\/to-dla-ciebie\\\/#primaryimage\"},\"image\":{\"@id\":\"https:\\\/\\\/notabene.world\\\/nb\\\/to-dla-ciebie\\\/#primaryimage\"},\"thumbnailUrl\":\"https:\\\/\\\/i0.wp.com\\\/notabene.world\\\/nb\\\/wp-content\\\/uploads\\\/2026\\\/04\\\/arez15a.jpg?fit=800%2C445&ssl=1\",\"datePublished\":\"2026-04-28T11:56:00+00:00\",\"dateModified\":\"2026-04-29T12:40:31+00:00\",\"breadcrumb\":{\"@id\":\"https:\\\/\\\/notabene.world\\\/nb\\\/to-dla-ciebie\\\/#breadcrumb\"},\"inLanguage\":\"pl-PL\",\"potentialAction\":[{\"@type\":\"ReadAction\",\"target\":[\"https:\\\/\\\/notabene.world\\\/nb\\\/to-dla-ciebie\\\/\"]}]},{\"@type\":\"ImageObject\",\"inLanguage\":\"pl-PL\",\"@id\":\"https:\\\/\\\/notabene.world\\\/nb\\\/to-dla-ciebie\\\/#primaryimage\",\"url\":\"https:\\\/\\\/i0.wp.com\\\/notabene.world\\\/nb\\\/wp-content\\\/uploads\\\/2026\\\/04\\\/arez15a.jpg?fit=800%2C445&ssl=1\",\"contentUrl\":\"https:\\\/\\\/i0.wp.com\\\/notabene.world\\\/nb\\\/wp-content\\\/uploads\\\/2026\\\/04\\\/arez15a.jpg?fit=800%2C445&ssl=1\",\"width\":800,\"height\":445},{\"@type\":\"BreadcrumbList\",\"@id\":\"https:\\\/\\\/notabene.world\\\/nb\\\/to-dla-ciebie\\\/#breadcrumb\",\"itemListElement\":[{\"@type\":\"ListItem\",\"position\":1,\"name\":\"Home\",\"item\":\"https:\\\/\\\/notabene.world\\\/nb\\\/\"},{\"@type\":\"ListItem\",\"position\":2,\"name\":\"To dla Ciebie\"}]},{\"@type\":\"WebSite\",\"@id\":\"https:\\\/\\\/notabene.world\\\/nb\\\/#website\",\"url\":\"https:\\\/\\\/notabene.world\\\/nb\\\/\",\"name\":\"NOTABENE.WORLD\",\"description\":\"Przekaz. Warto\u015bci. Wsp\u00f3lnota.\",\"publisher\":{\"@id\":\"https:\\\/\\\/notabene.world\\\/nb\\\/#organization\"},\"potentialAction\":[{\"@type\":\"SearchAction\",\"target\":{\"@type\":\"EntryPoint\",\"urlTemplate\":\"https:\\\/\\\/notabene.world\\\/nb\\\/?s={search_term_string}\"},\"query-input\":{\"@type\":\"PropertyValueSpecification\",\"valueRequired\":true,\"valueName\":\"search_term_string\"}}],\"inLanguage\":\"pl-PL\"},{\"@type\":\"Organization\",\"@id\":\"https:\\\/\\\/notabene.world\\\/nb\\\/#organization\",\"name\":\"NOTABENE.WORLD\",\"url\":\"https:\\\/\\\/notabene.world\\\/nb\\\/\",\"logo\":{\"@type\":\"ImageObject\",\"inLanguage\":\"pl-PL\",\"@id\":\"https:\\\/\\\/notabene.world\\\/nb\\\/#\\\/schema\\\/logo\\\/image\\\/\",\"url\":\"https:\\\/\\\/notabene.world\\\/nb\\\/wp-content\\\/uploads\\\/2022\\\/01\\\/NB-club-start-www1.jpg\",\"contentUrl\":\"https:\\\/\\\/notabene.world\\\/nb\\\/wp-content\\\/uploads\\\/2022\\\/01\\\/NB-club-start-www1.jpg\",\"width\":1000,\"height\":839,\"caption\":\"NOTABENE.WORLD\"},\"image\":{\"@id\":\"https:\\\/\\\/notabene.world\\\/nb\\\/#\\\/schema\\\/logo\\\/image\\\/\"},\"sameAs\":[\"https:\\\/\\\/www.facebook.com\\\/Notabene.World\"]},{\"@type\":\"Person\",\"@id\":\"https:\\\/\\\/notabene.world\\\/nb\\\/#\\\/schema\\\/person\\\/0e36c86845f89a1a9c3b817801e5b349\",\"name\":\"Anna Rezner\",\"image\":{\"@type\":\"ImageObject\",\"inLanguage\":\"pl-PL\",\"@id\":\"https:\\\/\\\/secure.gravatar.com\\\/avatar\\\/7064ca40c04b36295ef7eae5275302cba8b37a7a50eb1247dd0d6df858ec1d51?s=96&d=mm&r=g\",\"url\":\"https:\\\/\\\/secure.gravatar.com\\\/avatar\\\/7064ca40c04b36295ef7eae5275302cba8b37a7a50eb1247dd0d6df858ec1d51?s=96&d=mm&r=g\",\"contentUrl\":\"https:\\\/\\\/secure.gravatar.com\\\/avatar\\\/7064ca40c04b36295ef7eae5275302cba8b37a7a50eb1247dd0d6df858ec1d51?s=96&d=mm&r=g\",\"caption\":\"Anna Rezner\"},\"url\":\"https:\\\/\\\/notabene.world\\\/nb\\\/author\\\/ann-res\\\/\"}]}<\/script>\n<!-- \/ Yoast SEO plugin. -->","yoast_head_json":{"title":"To dla Ciebie - NOTABENE.WORLD","robots":{"index":"index","follow":"follow","max-snippet":"max-snippet:-1","max-image-preview":"max-image-preview:large","max-video-preview":"max-video-preview:-1"},"canonical":"https:\/\/notabene.world\/nb\/to-dla-ciebie\/","og_locale":"pl_PL","og_type":"article","og_title":"To dla Ciebie - NOTABENE.WORLD","og_description":"15 wierszy \u2022 Anna Rezner Redakcja: Antoni Rezner Ilustracja \u2022 Rafa\u0142 Olbi\u0144ski Niedotulony \u015bwiat Tyle bruk\u00f3w niedotkni\u0119tychMotyli przelatuj\u0105cychKot\u00f3w przemykaj\u0105cych obokLudzi","og_url":"https:\/\/notabene.world\/nb\/to-dla-ciebie\/","og_site_name":"NOTABENE.WORLD","article_publisher":"https:\/\/www.facebook.com\/Notabene.World","article_published_time":"2026-04-28T11:56:00+00:00","article_modified_time":"2026-04-29T12:40:31+00:00","og_image":[{"width":800,"height":445,"url":"https:\/\/notabene.world\/nb\/wp-content\/uploads\/2026\/04\/arez15a.jpg","type":"image\/jpeg"}],"author":"Anna Rezner","twitter_card":"summary_large_image","twitter_misc":{"Napisane przez":"Anna Rezner","Szacowany czas czytania":"4 minuty"},"schema":{"@context":"https:\/\/schema.org","@graph":[{"@type":"Article","@id":"https:\/\/notabene.world\/nb\/to-dla-ciebie\/#article","isPartOf":{"@id":"https:\/\/notabene.world\/nb\/to-dla-ciebie\/"},"author":{"name":"Anna Rezner","@id":"https:\/\/notabene.world\/nb\/#\/schema\/person\/0e36c86845f89a1a9c3b817801e5b349"},"headline":"To dla Ciebie","datePublished":"2026-04-28T11:56:00+00:00","dateModified":"2026-04-29T12:40:31+00:00","mainEntityOfPage":{"@id":"https:\/\/notabene.world\/nb\/to-dla-ciebie\/"},"wordCount":762,"publisher":{"@id":"https:\/\/notabene.world\/nb\/#organization"},"image":{"@id":"https:\/\/notabene.world\/nb\/to-dla-ciebie\/#primaryimage"},"thumbnailUrl":"https:\/\/i0.wp.com\/notabene.world\/nb\/wp-content\/uploads\/2026\/04\/arez15a.jpg?fit=800%2C445&ssl=1","articleSection":["Aktualno\u015bci","Poezja"],"inLanguage":"pl-PL"},{"@type":"WebPage","@id":"https:\/\/notabene.world\/nb\/to-dla-ciebie\/","url":"https:\/\/notabene.world\/nb\/to-dla-ciebie\/","name":"To dla Ciebie - NOTABENE.WORLD","isPartOf":{"@id":"https:\/\/notabene.world\/nb\/#website"},"primaryImageOfPage":{"@id":"https:\/\/notabene.world\/nb\/to-dla-ciebie\/#primaryimage"},"image":{"@id":"https:\/\/notabene.world\/nb\/to-dla-ciebie\/#primaryimage"},"thumbnailUrl":"https:\/\/i0.wp.com\/notabene.world\/nb\/wp-content\/uploads\/2026\/04\/arez15a.jpg?fit=800%2C445&ssl=1","datePublished":"2026-04-28T11:56:00+00:00","dateModified":"2026-04-29T12:40:31+00:00","breadcrumb":{"@id":"https:\/\/notabene.world\/nb\/to-dla-ciebie\/#breadcrumb"},"inLanguage":"pl-PL","potentialAction":[{"@type":"ReadAction","target":["https:\/\/notabene.world\/nb\/to-dla-ciebie\/"]}]},{"@type":"ImageObject","inLanguage":"pl-PL","@id":"https:\/\/notabene.world\/nb\/to-dla-ciebie\/#primaryimage","url":"https:\/\/i0.wp.com\/notabene.world\/nb\/wp-content\/uploads\/2026\/04\/arez15a.jpg?fit=800%2C445&ssl=1","contentUrl":"https:\/\/i0.wp.com\/notabene.world\/nb\/wp-content\/uploads\/2026\/04\/arez15a.jpg?fit=800%2C445&ssl=1","width":800,"height":445},{"@type":"BreadcrumbList","@id":"https:\/\/notabene.world\/nb\/to-dla-ciebie\/#breadcrumb","itemListElement":[{"@type":"ListItem","position":1,"name":"Home","item":"https:\/\/notabene.world\/nb\/"},{"@type":"ListItem","position":2,"name":"To dla Ciebie"}]},{"@type":"WebSite","@id":"https:\/\/notabene.world\/nb\/#website","url":"https:\/\/notabene.world\/nb\/","name":"NOTABENE.WORLD","description":"Przekaz. Warto\u015bci. Wsp\u00f3lnota.","publisher":{"@id":"https:\/\/notabene.world\/nb\/#organization"},"potentialAction":[{"@type":"SearchAction","target":{"@type":"EntryPoint","urlTemplate":"https:\/\/notabene.world\/nb\/?s={search_term_string}"},"query-input":{"@type":"PropertyValueSpecification","valueRequired":true,"valueName":"search_term_string"}}],"inLanguage":"pl-PL"},{"@type":"Organization","@id":"https:\/\/notabene.world\/nb\/#organization","name":"NOTABENE.WORLD","url":"https:\/\/notabene.world\/nb\/","logo":{"@type":"ImageObject","inLanguage":"pl-PL","@id":"https:\/\/notabene.world\/nb\/#\/schema\/logo\/image\/","url":"https:\/\/notabene.world\/nb\/wp-content\/uploads\/2022\/01\/NB-club-start-www1.jpg","contentUrl":"https:\/\/notabene.world\/nb\/wp-content\/uploads\/2022\/01\/NB-club-start-www1.jpg","width":1000,"height":839,"caption":"NOTABENE.WORLD"},"image":{"@id":"https:\/\/notabene.world\/nb\/#\/schema\/logo\/image\/"},"sameAs":["https:\/\/www.facebook.com\/Notabene.World"]},{"@type":"Person","@id":"https:\/\/notabene.world\/nb\/#\/schema\/person\/0e36c86845f89a1a9c3b817801e5b349","name":"Anna Rezner","image":{"@type":"ImageObject","inLanguage":"pl-PL","@id":"https:\/\/secure.gravatar.com\/avatar\/7064ca40c04b36295ef7eae5275302cba8b37a7a50eb1247dd0d6df858ec1d51?s=96&d=mm&r=g","url":"https:\/\/secure.gravatar.com\/avatar\/7064ca40c04b36295ef7eae5275302cba8b37a7a50eb1247dd0d6df858ec1d51?s=96&d=mm&r=g","contentUrl":"https:\/\/secure.gravatar.com\/avatar\/7064ca40c04b36295ef7eae5275302cba8b37a7a50eb1247dd0d6df858ec1d51?s=96&d=mm&r=g","caption":"Anna Rezner"},"url":"https:\/\/notabene.world\/nb\/author\/ann-res\/"}]}},"jetpack_featured_media_url":"https:\/\/i0.wp.com\/notabene.world\/nb\/wp-content\/uploads\/2026\/04\/arez15a.jpg?fit=800%2C445&ssl=1","jetpack_sharing_enabled":true,"jetpack_shortlink":"https:\/\/wp.me\/pdCobN-58m","_links":{"self":[{"href":"https:\/\/notabene.world\/nb\/wp-json\/wp\/v2\/posts\/19738","targetHints":{"allow":["GET"]}}],"collection":[{"href":"https:\/\/notabene.world\/nb\/wp-json\/wp\/v2\/posts"}],"about":[{"href":"https:\/\/notabene.world\/nb\/wp-json\/wp\/v2\/types\/post"}],"author":[{"embeddable":true,"href":"https:\/\/notabene.world\/nb\/wp-json\/wp\/v2\/users\/94"}],"replies":[{"embeddable":true,"href":"https:\/\/notabene.world\/nb\/wp-json\/wp\/v2\/comments?post=19738"}],"version-history":[{"count":5,"href":"https:\/\/notabene.world\/nb\/wp-json\/wp\/v2\/posts\/19738\/revisions"}],"predecessor-version":[{"id":19748,"href":"https:\/\/notabene.world\/nb\/wp-json\/wp\/v2\/posts\/19738\/revisions\/19748"}],"wp:featuredmedia":[{"embeddable":true,"href":"https:\/\/notabene.world\/nb\/wp-json\/wp\/v2\/media\/19739"}],"wp:attachment":[{"href":"https:\/\/notabene.world\/nb\/wp-json\/wp\/v2\/media?parent=19738"}],"wp:term":[{"taxonomy":"category","embeddable":true,"href":"https:\/\/notabene.world\/nb\/wp-json\/wp\/v2\/categories?post=19738"},{"taxonomy":"post_tag","embeddable":true,"href":"https:\/\/notabene.world\/nb\/wp-json\/wp\/v2\/tags?post=19738"}],"curies":[{"name":"wp","href":"https:\/\/api.w.org\/{rel}","templated":true}]}}