{"id":1988,"date":"2022-02-04T15:26:22","date_gmt":"2022-02-04T14:26:22","guid":{"rendered":"https:\/\/notabene.world\/nb\/?p=1988"},"modified":"2022-02-20T23:35:06","modified_gmt":"2022-02-20T22:35:06","slug":"reprezentacja-polski-na-igrzyskach-olimpijskich-w-pekinie","status":"publish","type":"post","link":"https:\/\/notabene.world\/nb\/reprezentacja-polski-na-igrzyskach-olimpijskich-w-pekinie\/","title":{"rendered":"Reprezentacja Polski na Igrzyskach Olimpijskich w Pekinie"},"content":{"rendered":"\n<figure class=\"wp-block-image size-large is-resized\"><img data-recalc-dims=\"1\" loading=\"lazy\" decoding=\"async\" src=\"https:\/\/i0.wp.com\/notabene.world\/nb\/wp-content\/uploads\/2022\/02\/uid_d9657f9ee166328a72cef342a4e6d1201642508129253_width_1200_play_0_pos_0_gs_0_height_678_polska-kadra-podczas-ceremonii-otwarcia-w-pyongchangu-fot-getty-images.jpg?resize=800%2C452&#038;ssl=1\" alt=\"\" class=\"wp-image-1989\" width=\"800\" height=\"452\" srcset=\"https:\/\/i0.wp.com\/notabene.world\/nb\/wp-content\/uploads\/2022\/02\/uid_d9657f9ee166328a72cef342a4e6d1201642508129253_width_1200_play_0_pos_0_gs_0_height_678_polska-kadra-podczas-ceremonii-otwarcia-w-pyongchangu-fot-getty-images.jpg?resize=1024%2C579&amp;ssl=1 1024w, https:\/\/i0.wp.com\/notabene.world\/nb\/wp-content\/uploads\/2022\/02\/uid_d9657f9ee166328a72cef342a4e6d1201642508129253_width_1200_play_0_pos_0_gs_0_height_678_polska-kadra-podczas-ceremonii-otwarcia-w-pyongchangu-fot-getty-images.jpg?resize=300%2C170&amp;ssl=1 300w, https:\/\/i0.wp.com\/notabene.world\/nb\/wp-content\/uploads\/2022\/02\/uid_d9657f9ee166328a72cef342a4e6d1201642508129253_width_1200_play_0_pos_0_gs_0_height_678_polska-kadra-podczas-ceremonii-otwarcia-w-pyongchangu-fot-getty-images.jpg?resize=768%2C434&amp;ssl=1 768w, https:\/\/i0.wp.com\/notabene.world\/nb\/wp-content\/uploads\/2022\/02\/uid_d9657f9ee166328a72cef342a4e6d1201642508129253_width_1200_play_0_pos_0_gs_0_height_678_polska-kadra-podczas-ceremonii-otwarcia-w-pyongchangu-fot-getty-images.jpg?w=1200&amp;ssl=1 1200w\" sizes=\"auto, (max-width: 800px) 100vw, 800px\" \/><\/figure>\n\n\n\n<p>Dzi\u015b (4 lutego 2022) rozpoczynaj\u0105 si\u0119 XXIV Zimowe Igrzyska Olimpijskie. W tym roku odbywaj\u0105 si\u0119 w Pekinie i potrwaj\u0105 do 20 lutego. Polsk\u0105 reprezentacj\u0119 stanowi \u0142\u0105cznie 57 os\u00f3b, w tym 30 kobiet i 27 m\u0119\u017cczyzn. Dla por\u00f3wnania, na Igrzyskach w Pjongczangu, 4 lata temu, w reprezentacji znalaz\u0142o si\u0119 60 os\u00f3b. <\/p>\n\n\n\n<figure class=\"wp-block-gallery has-nested-images columns-default is-cropped wp-block-gallery-1 is-layout-flex wp-block-gallery-is-layout-flex\">\n<figure class=\"wp-block-image size-large\"><img data-recalc-dims=\"1\" loading=\"lazy\" decoding=\"async\" width=\"800\" height=\"452\" data-id=\"1990\" src=\"https:\/\/i0.wp.com\/notabene.world\/nb\/wp-content\/uploads\/2022\/02\/uid_b01b49621f162807ae905f8d6d7b1adf1642275582214_width_1200_play_0_pos_0_gs_0_height_678_kto-w-kadrze-polski-na-igrzyska-olimpijskie-pekin-2022-fot-getty.jpg?resize=800%2C452&#038;ssl=1\" alt=\"\" class=\"wp-image-1990\" srcset=\"https:\/\/i0.wp.com\/notabene.world\/nb\/wp-content\/uploads\/2022\/02\/uid_b01b49621f162807ae905f8d6d7b1adf1642275582214_width_1200_play_0_pos_0_gs_0_height_678_kto-w-kadrze-polski-na-igrzyska-olimpijskie-pekin-2022-fot-getty.jpg?resize=1024%2C579&amp;ssl=1 1024w, https:\/\/i0.wp.com\/notabene.world\/nb\/wp-content\/uploads\/2022\/02\/uid_b01b49621f162807ae905f8d6d7b1adf1642275582214_width_1200_play_0_pos_0_gs_0_height_678_kto-w-kadrze-polski-na-igrzyska-olimpijskie-pekin-2022-fot-getty.jpg?resize=300%2C170&amp;ssl=1 300w, https:\/\/i0.wp.com\/notabene.world\/nb\/wp-content\/uploads\/2022\/02\/uid_b01b49621f162807ae905f8d6d7b1adf1642275582214_width_1200_play_0_pos_0_gs_0_height_678_kto-w-kadrze-polski-na-igrzyska-olimpijskie-pekin-2022-fot-getty.jpg?resize=768%2C434&amp;ssl=1 768w, https:\/\/i0.wp.com\/notabene.world\/nb\/wp-content\/uploads\/2022\/02\/uid_b01b49621f162807ae905f8d6d7b1adf1642275582214_width_1200_play_0_pos_0_gs_0_height_678_kto-w-kadrze-polski-na-igrzyska-olimpijskie-pekin-2022-fot-getty.jpg?w=1200&amp;ssl=1 1200w\" sizes=\"auto, (max-width: 800px) 100vw, 800px\" \/><\/figure>\n<\/figure>\n\n\n\n<p>Oto reprezentacja Polski w poszczeg\u00f3lnych dyscyplinach sportowych:<\/p>\n\n\n\n<h2 class=\"wp-block-heading\" id=\"biathlon\"><strong>Biathlon<\/strong><\/h2>\n\n\n\n<p>Kamila \u017buk, Anna M\u0105ka, Kinga Zbylut, Monika Chojnisz-Star\u0119ga, Grzegorz Guzik<\/p>\n\n\n\n<h2 class=\"wp-block-heading\" id=\"biegi-narciarskie\"><strong>Biegi Narciarskie<\/strong><\/h2>\n\n\n\n<p>Izabela Marcisz, Monika Skinder, Weronika Kaleta, Magdalena Kobielusz, Karolina Kukuczka&nbsp;(zast\u0105pi\u0142a ona Zuzann\u0119 Fujak), Maciej Star\u0119ga, Kamil Bury, Dominik Bury, Mateusz Haratyk<\/p>\n\n\n\n<h2 class=\"wp-block-heading\" id=\"kombinacja-norweska\"><strong>Kombinacja norweska<\/strong><\/h2>\n\n\n\n<p>Szczepan Kupczak, Andrzej Szczechowicz<\/p>\n\n\n\n<h2 class=\"wp-block-heading\" id=\"lyzwiarstwo-figurowe\"><strong>\u0141y\u017cwiarstwo figurowe<\/strong><\/h2>\n\n\n\n<p>Jekatierina Kurakowa oraz para Natalia Kaliszek i Maksym Spodyriew<\/p>\n\n\n\n<h2 class=\"wp-block-heading\" id=\"lyzwiarstwo-szybkie\"><strong>\u0141y\u017cwiarstwo szybkie<\/strong><\/h2>\n\n\n\n<p>Karolina Bosiek, Natalia Czerwonka, Magdalena Czyszczo\u0144, And\u017celika W\u00f3jcik, Kaja Ziomek, Zbigniew Br\u00f3dka, Artur Janicki, Marek Kania, Piotr Michalski, Damian \u017burek<\/p>\n\n\n\n<h2 class=\"wp-block-heading\" id=\"narciastwo-alpejskie\"><strong>Narciastwo alpejskie<\/strong><\/h2>\n\n\n\n<p>Maryna G\u0105sienica-Daniel, Magdalena \u0141uczak, Zuzanna Czapska,&nbsp;Hanna Zi\u0119ba, Micha\u0142 Jasiczek, Pawe\u0142 Pyjas<\/p>\n\n\n\n<h2 class=\"wp-block-heading\" id=\"saneczkarstwo\"><strong>Saneczkarstwo<\/strong><\/h2>\n\n\n\n<p>Klaudia Domaradzka, Mateusz Sochowicz oraz Wojciech Chmielewski i Jakub Kowalewski (jako dw\u00f3jka)<\/p>\n\n\n\n<h2 class=\"wp-block-heading\" id=\"short-track\"><strong>Short Track<\/strong><\/h2>\n\n\n\n<p>Natalia Maliszewska, Patrycja Maliszewska, Nikola Mazur, Kamila Stormowska, Micha\u0142 Niewi\u0144\u015bki, Rafa\u0142 Kuczy\u0144ski<\/p>\n\n\n\n<h2 class=\"wp-block-heading\" id=\"skoki-narciarskie\"><strong>Skoki narciarskie<\/strong><\/h2>\n\n\n\n<p>Kinga Rajda, Nicole Konderla, Kamil Stoch, Dawid Kubacki, Piotr \u017by\u0142a, Pawe\u0142 W\u0105sek, Stefan Hula<\/p>\n\n\n\n<h2 class=\"wp-block-heading\" id=\"snowboard\"><strong>Snowboard<\/strong><\/h2>\n\n\n\n<p>Aleksandra Kr\u00f3l,&nbsp;Weronika Biela-Nowaczyk,&nbsp;Aleksandra Michalik,&nbsp;Oskar Kwiatkowski,&nbsp;Micha\u0142 Nowaczyk<\/p>\n\n\n\n<p><\/p>\n\n\n\n<p><strong>Link do transmisji na \u017cywo z ceremonii:<\/strong><\/p>\n\n\n\n<p><a href=\"https:\/\/eurosport.tvn24.pl\/pekin2022\/pekin-2022-ceremonia-otwarcia-zimowych-igrzysk-olimpijskich-relacja-na-zywo,1094328.html\">https:\/\/eurosport.tvn24.pl\/pekin2022\/pekin-2022-ceremonia-otwarcia-zimowych-igrzysk-olimpijskich-relacja-na-zywo,1094328.html<\/a><\/p>\n","protected":false},"excerpt":{"rendered":"<p>Dzi\u015b (4 lutego 2022) rozpoczynaj\u0105 si\u0119 XXIV Zimowe Igrzyska Olimpijskie. W tym roku odbywaj\u0105 si\u0119 w Pekinie i potrwaj\u0105 do 20 lutego. Polsk\u0105 reprezentacj\u0119 stanowi \u0142\u0105cznie 57 os\u00f3b, w tym 30 kobiet i 27 m\u0119\u017cczyzn.<\/p>\n","protected":false},"author":17,"featured_media":1990,"comment_status":"closed","ping_status":"closed","sticky":false,"template":"","format":"standard","meta":{"colormag_page_container_layout":"default_layout","colormag_page_sidebar_layout":"default_layout","_jetpack_memberships_contains_paid_content":false,"footnotes":"","_links_to":"","_links_to_target":""},"categories":[9],"tags":[],"class_list":["post-1988","post","type-post","status-publish","format-standard","has-post-thumbnail","hentry","category-sport"],"yoast_head":"<!-- This site is optimized with the Yoast SEO plugin v27.5 - https:\/\/yoast.com\/product\/yoast-seo-wordpress\/ -->\n<title>Reprezentacja Polski na Igrzyskach Olimpijskich w Pekinie - NOTABENE.WORLD<\/title>\n<meta name=\"robots\" content=\"index, follow, max-snippet:-1, max-image-preview:large, max-video-preview:-1\" \/>\n<link rel=\"canonical\" href=\"https:\/\/notabene.world\/nb\/reprezentacja-polski-na-igrzyskach-olimpijskich-w-pekinie\/\" \/>\n<meta property=\"og:locale\" content=\"pl_PL\" \/>\n<meta property=\"og:type\" content=\"article\" \/>\n<meta property=\"og:title\" content=\"Reprezentacja Polski na Igrzyskach Olimpijskich w Pekinie - NOTABENE.WORLD\" \/>\n<meta property=\"og:description\" content=\"Dzi\u015b (4 lutego 2022) rozpoczynaj\u0105 si\u0119 XXIV Zimowe Igrzyska Olimpijskie. W tym roku odbywaj\u0105 si\u0119 w Pekinie i potrwaj\u0105 do 20 lutego. Polsk\u0105 reprezentacj\u0119 stanowi \u0142\u0105cznie 57 os\u00f3b, w tym 30 kobiet i 27 m\u0119\u017cczyzn.\" \/>\n<meta property=\"og:url\" content=\"https:\/\/notabene.world\/nb\/reprezentacja-polski-na-igrzyskach-olimpijskich-w-pekinie\/\" \/>\n<meta property=\"og:site_name\" content=\"NOTABENE.WORLD\" \/>\n<meta property=\"article:publisher\" content=\"https:\/\/www.facebook.com\/Notabene.World\" \/>\n<meta property=\"article:published_time\" content=\"2022-02-04T14:26:22+00:00\" \/>\n<meta property=\"article:modified_time\" content=\"2022-02-20T22:35:06+00:00\" \/>\n<meta property=\"og:image\" content=\"https:\/\/notabene.world\/nb\/wp-content\/uploads\/2022\/02\/uid_b01b49621f162807ae905f8d6d7b1adf1642275582214_width_1200_play_0_pos_0_gs_0_height_678_kto-w-kadrze-polski-na-igrzyska-olimpijskie-pekin-2022-fot-getty.jpg\" \/>\n\t<meta property=\"og:image:width\" content=\"1200\" \/>\n\t<meta property=\"og:image:height\" content=\"678\" \/>\n\t<meta property=\"og:image:type\" content=\"image\/jpeg\" \/>\n<meta name=\"author\" content=\"Wiktoria Wr\u00f3bel\" \/>\n<meta name=\"twitter:card\" content=\"summary_large_image\" \/>\n<meta name=\"twitter:label1\" content=\"Napisane przez\" \/>\n\t<meta name=\"twitter:data1\" content=\"Wiktoria Wr\u00f3bel\" \/>\n\t<meta name=\"twitter:label2\" content=\"Szacowany czas czytania\" \/>\n\t<meta name=\"twitter:data2\" content=\"2 minuty\" \/>\n<script type=\"application\/ld+json\" class=\"yoast-schema-graph\">{\"@context\":\"https:\\\/\\\/schema.org\",\"@graph\":[{\"@type\":\"Article\",\"@id\":\"https:\\\/\\\/notabene.world\\\/nb\\\/reprezentacja-polski-na-igrzyskach-olimpijskich-w-pekinie\\\/#article\",\"isPartOf\":{\"@id\":\"https:\\\/\\\/notabene.world\\\/nb\\\/reprezentacja-polski-na-igrzyskach-olimpijskich-w-pekinie\\\/\"},\"author\":{\"name\":\"Wiktoria Wr\u00f3bel\",\"@id\":\"https:\\\/\\\/notabene.world\\\/nb\\\/#\\\/schema\\\/person\\\/7fb9f9f76598bbf33360404c87ca097c\"},\"headline\":\"Reprezentacja Polski na Igrzyskach Olimpijskich w Pekinie\",\"datePublished\":\"2022-02-04T14:26:22+00:00\",\"dateModified\":\"2022-02-20T22:35:06+00:00\",\"mainEntityOfPage\":{\"@id\":\"https:\\\/\\\/notabene.world\\\/nb\\\/reprezentacja-polski-na-igrzyskach-olimpijskich-w-pekinie\\\/\"},\"wordCount\":243,\"publisher\":{\"@id\":\"https:\\\/\\\/notabene.world\\\/nb\\\/#organization\"},\"image\":{\"@id\":\"https:\\\/\\\/notabene.world\\\/nb\\\/reprezentacja-polski-na-igrzyskach-olimpijskich-w-pekinie\\\/#primaryimage\"},\"thumbnailUrl\":\"https:\\\/\\\/i0.wp.com\\\/notabene.world\\\/nb\\\/wp-content\\\/uploads\\\/2022\\\/02\\\/uid_b01b49621f162807ae905f8d6d7b1adf1642275582214_width_1200_play_0_pos_0_gs_0_height_678_kto-w-kadrze-polski-na-igrzyska-olimpijskie-pekin-2022-fot-getty.jpg?fit=1200%2C678&ssl=1\",\"articleSection\":[\"Sport\"],\"inLanguage\":\"pl-PL\"},{\"@type\":\"WebPage\",\"@id\":\"https:\\\/\\\/notabene.world\\\/nb\\\/reprezentacja-polski-na-igrzyskach-olimpijskich-w-pekinie\\\/\",\"url\":\"https:\\\/\\\/notabene.world\\\/nb\\\/reprezentacja-polski-na-igrzyskach-olimpijskich-w-pekinie\\\/\",\"name\":\"Reprezentacja Polski na Igrzyskach Olimpijskich w Pekinie - NOTABENE.WORLD\",\"isPartOf\":{\"@id\":\"https:\\\/\\\/notabene.world\\\/nb\\\/#website\"},\"primaryImageOfPage\":{\"@id\":\"https:\\\/\\\/notabene.world\\\/nb\\\/reprezentacja-polski-na-igrzyskach-olimpijskich-w-pekinie\\\/#primaryimage\"},\"image\":{\"@id\":\"https:\\\/\\\/notabene.world\\\/nb\\\/reprezentacja-polski-na-igrzyskach-olimpijskich-w-pekinie\\\/#primaryimage\"},\"thumbnailUrl\":\"https:\\\/\\\/i0.wp.com\\\/notabene.world\\\/nb\\\/wp-content\\\/uploads\\\/2022\\\/02\\\/uid_b01b49621f162807ae905f8d6d7b1adf1642275582214_width_1200_play_0_pos_0_gs_0_height_678_kto-w-kadrze-polski-na-igrzyska-olimpijskie-pekin-2022-fot-getty.jpg?fit=1200%2C678&ssl=1\",\"datePublished\":\"2022-02-04T14:26:22+00:00\",\"dateModified\":\"2022-02-20T22:35:06+00:00\",\"breadcrumb\":{\"@id\":\"https:\\\/\\\/notabene.world\\\/nb\\\/reprezentacja-polski-na-igrzyskach-olimpijskich-w-pekinie\\\/#breadcrumb\"},\"inLanguage\":\"pl-PL\",\"potentialAction\":[{\"@type\":\"ReadAction\",\"target\":[\"https:\\\/\\\/notabene.world\\\/nb\\\/reprezentacja-polski-na-igrzyskach-olimpijskich-w-pekinie\\\/\"]}]},{\"@type\":\"ImageObject\",\"inLanguage\":\"pl-PL\",\"@id\":\"https:\\\/\\\/notabene.world\\\/nb\\\/reprezentacja-polski-na-igrzyskach-olimpijskich-w-pekinie\\\/#primaryimage\",\"url\":\"https:\\\/\\\/i0.wp.com\\\/notabene.world\\\/nb\\\/wp-content\\\/uploads\\\/2022\\\/02\\\/uid_b01b49621f162807ae905f8d6d7b1adf1642275582214_width_1200_play_0_pos_0_gs_0_height_678_kto-w-kadrze-polski-na-igrzyska-olimpijskie-pekin-2022-fot-getty.jpg?fit=1200%2C678&ssl=1\",\"contentUrl\":\"https:\\\/\\\/i0.wp.com\\\/notabene.world\\\/nb\\\/wp-content\\\/uploads\\\/2022\\\/02\\\/uid_b01b49621f162807ae905f8d6d7b1adf1642275582214_width_1200_play_0_pos_0_gs_0_height_678_kto-w-kadrze-polski-na-igrzyska-olimpijskie-pekin-2022-fot-getty.jpg?fit=1200%2C678&ssl=1\",\"width\":1200,\"height\":678},{\"@type\":\"BreadcrumbList\",\"@id\":\"https:\\\/\\\/notabene.world\\\/nb\\\/reprezentacja-polski-na-igrzyskach-olimpijskich-w-pekinie\\\/#breadcrumb\",\"itemListElement\":[{\"@type\":\"ListItem\",\"position\":1,\"name\":\"Home\",\"item\":\"https:\\\/\\\/notabene.world\\\/nb\\\/\"},{\"@type\":\"ListItem\",\"position\":2,\"name\":\"Reprezentacja Polski na Igrzyskach Olimpijskich w Pekinie\"}]},{\"@type\":\"WebSite\",\"@id\":\"https:\\\/\\\/notabene.world\\\/nb\\\/#website\",\"url\":\"https:\\\/\\\/notabene.world\\\/nb\\\/\",\"name\":\"NOTABENE.WORLD\",\"description\":\"Przekaz. Warto\u015bci. Wsp\u00f3lnota.\",\"publisher\":{\"@id\":\"https:\\\/\\\/notabene.world\\\/nb\\\/#organization\"},\"potentialAction\":[{\"@type\":\"SearchAction\",\"target\":{\"@type\":\"EntryPoint\",\"urlTemplate\":\"https:\\\/\\\/notabene.world\\\/nb\\\/?s={search_term_string}\"},\"query-input\":{\"@type\":\"PropertyValueSpecification\",\"valueRequired\":true,\"valueName\":\"search_term_string\"}}],\"inLanguage\":\"pl-PL\"},{\"@type\":\"Organization\",\"@id\":\"https:\\\/\\\/notabene.world\\\/nb\\\/#organization\",\"name\":\"NOTABENE.WORLD\",\"url\":\"https:\\\/\\\/notabene.world\\\/nb\\\/\",\"logo\":{\"@type\":\"ImageObject\",\"inLanguage\":\"pl-PL\",\"@id\":\"https:\\\/\\\/notabene.world\\\/nb\\\/#\\\/schema\\\/logo\\\/image\\\/\",\"url\":\"https:\\\/\\\/notabene.world\\\/nb\\\/wp-content\\\/uploads\\\/2022\\\/01\\\/NB-club-start-www1.jpg\",\"contentUrl\":\"https:\\\/\\\/notabene.world\\\/nb\\\/wp-content\\\/uploads\\\/2022\\\/01\\\/NB-club-start-www1.jpg\",\"width\":1000,\"height\":839,\"caption\":\"NOTABENE.WORLD\"},\"image\":{\"@id\":\"https:\\\/\\\/notabene.world\\\/nb\\\/#\\\/schema\\\/logo\\\/image\\\/\"},\"sameAs\":[\"https:\\\/\\\/www.facebook.com\\\/Notabene.World\"]},{\"@type\":\"Person\",\"@id\":\"https:\\\/\\\/notabene.world\\\/nb\\\/#\\\/schema\\\/person\\\/7fb9f9f76598bbf33360404c87ca097c\",\"name\":\"Wiktoria Wr\u00f3bel\",\"image\":{\"@type\":\"ImageObject\",\"inLanguage\":\"pl-PL\",\"@id\":\"https:\\\/\\\/secure.gravatar.com\\\/avatar\\\/e7d264f918171600e6cc2be5ccc9796973aa121a9a51b9a7084574829500141b?s=96&d=mm&r=g\",\"url\":\"https:\\\/\\\/secure.gravatar.com\\\/avatar\\\/e7d264f918171600e6cc2be5ccc9796973aa121a9a51b9a7084574829500141b?s=96&d=mm&r=g\",\"contentUrl\":\"https:\\\/\\\/secure.gravatar.com\\\/avatar\\\/e7d264f918171600e6cc2be5ccc9796973aa121a9a51b9a7084574829500141b?s=96&d=mm&r=g\",\"caption\":\"Wiktoria Wr\u00f3bel\"},\"url\":\"https:\\\/\\\/notabene.world\\\/nb\\\/author\\\/w-w\\\/\"}]}<\/script>\n<!-- \/ Yoast SEO plugin. -->","yoast_head_json":{"title":"Reprezentacja Polski na Igrzyskach Olimpijskich w Pekinie - NOTABENE.WORLD","robots":{"index":"index","follow":"follow","max-snippet":"max-snippet:-1","max-image-preview":"max-image-preview:large","max-video-preview":"max-video-preview:-1"},"canonical":"https:\/\/notabene.world\/nb\/reprezentacja-polski-na-igrzyskach-olimpijskich-w-pekinie\/","og_locale":"pl_PL","og_type":"article","og_title":"Reprezentacja Polski na Igrzyskach Olimpijskich w Pekinie - NOTABENE.WORLD","og_description":"Dzi\u015b (4 lutego 2022) rozpoczynaj\u0105 si\u0119 XXIV Zimowe Igrzyska Olimpijskie. W tym roku odbywaj\u0105 si\u0119 w Pekinie i potrwaj\u0105 do 20 lutego. Polsk\u0105 reprezentacj\u0119 stanowi \u0142\u0105cznie 57 os\u00f3b, w tym 30 kobiet i 27 m\u0119\u017cczyzn.","og_url":"https:\/\/notabene.world\/nb\/reprezentacja-polski-na-igrzyskach-olimpijskich-w-pekinie\/","og_site_name":"NOTABENE.WORLD","article_publisher":"https:\/\/www.facebook.com\/Notabene.World","article_published_time":"2022-02-04T14:26:22+00:00","article_modified_time":"2022-02-20T22:35:06+00:00","og_image":[{"width":1200,"height":678,"url":"https:\/\/notabene.world\/nb\/wp-content\/uploads\/2022\/02\/uid_b01b49621f162807ae905f8d6d7b1adf1642275582214_width_1200_play_0_pos_0_gs_0_height_678_kto-w-kadrze-polski-na-igrzyska-olimpijskie-pekin-2022-fot-getty.jpg","type":"image\/jpeg"}],"author":"Wiktoria Wr\u00f3bel","twitter_card":"summary_large_image","twitter_misc":{"Napisane przez":"Wiktoria Wr\u00f3bel","Szacowany czas czytania":"2 minuty"},"schema":{"@context":"https:\/\/schema.org","@graph":[{"@type":"Article","@id":"https:\/\/notabene.world\/nb\/reprezentacja-polski-na-igrzyskach-olimpijskich-w-pekinie\/#article","isPartOf":{"@id":"https:\/\/notabene.world\/nb\/reprezentacja-polski-na-igrzyskach-olimpijskich-w-pekinie\/"},"author":{"name":"Wiktoria Wr\u00f3bel","@id":"https:\/\/notabene.world\/nb\/#\/schema\/person\/7fb9f9f76598bbf33360404c87ca097c"},"headline":"Reprezentacja Polski na Igrzyskach Olimpijskich w Pekinie","datePublished":"2022-02-04T14:26:22+00:00","dateModified":"2022-02-20T22:35:06+00:00","mainEntityOfPage":{"@id":"https:\/\/notabene.world\/nb\/reprezentacja-polski-na-igrzyskach-olimpijskich-w-pekinie\/"},"wordCount":243,"publisher":{"@id":"https:\/\/notabene.world\/nb\/#organization"},"image":{"@id":"https:\/\/notabene.world\/nb\/reprezentacja-polski-na-igrzyskach-olimpijskich-w-pekinie\/#primaryimage"},"thumbnailUrl":"https:\/\/i0.wp.com\/notabene.world\/nb\/wp-content\/uploads\/2022\/02\/uid_b01b49621f162807ae905f8d6d7b1adf1642275582214_width_1200_play_0_pos_0_gs_0_height_678_kto-w-kadrze-polski-na-igrzyska-olimpijskie-pekin-2022-fot-getty.jpg?fit=1200%2C678&ssl=1","articleSection":["Sport"],"inLanguage":"pl-PL"},{"@type":"WebPage","@id":"https:\/\/notabene.world\/nb\/reprezentacja-polski-na-igrzyskach-olimpijskich-w-pekinie\/","url":"https:\/\/notabene.world\/nb\/reprezentacja-polski-na-igrzyskach-olimpijskich-w-pekinie\/","name":"Reprezentacja Polski na Igrzyskach Olimpijskich w Pekinie - NOTABENE.WORLD","isPartOf":{"@id":"https:\/\/notabene.world\/nb\/#website"},"primaryImageOfPage":{"@id":"https:\/\/notabene.world\/nb\/reprezentacja-polski-na-igrzyskach-olimpijskich-w-pekinie\/#primaryimage"},"image":{"@id":"https:\/\/notabene.world\/nb\/reprezentacja-polski-na-igrzyskach-olimpijskich-w-pekinie\/#primaryimage"},"thumbnailUrl":"https:\/\/i0.wp.com\/notabene.world\/nb\/wp-content\/uploads\/2022\/02\/uid_b01b49621f162807ae905f8d6d7b1adf1642275582214_width_1200_play_0_pos_0_gs_0_height_678_kto-w-kadrze-polski-na-igrzyska-olimpijskie-pekin-2022-fot-getty.jpg?fit=1200%2C678&ssl=1","datePublished":"2022-02-04T14:26:22+00:00","dateModified":"2022-02-20T22:35:06+00:00","breadcrumb":{"@id":"https:\/\/notabene.world\/nb\/reprezentacja-polski-na-igrzyskach-olimpijskich-w-pekinie\/#breadcrumb"},"inLanguage":"pl-PL","potentialAction":[{"@type":"ReadAction","target":["https:\/\/notabene.world\/nb\/reprezentacja-polski-na-igrzyskach-olimpijskich-w-pekinie\/"]}]},{"@type":"ImageObject","inLanguage":"pl-PL","@id":"https:\/\/notabene.world\/nb\/reprezentacja-polski-na-igrzyskach-olimpijskich-w-pekinie\/#primaryimage","url":"https:\/\/i0.wp.com\/notabene.world\/nb\/wp-content\/uploads\/2022\/02\/uid_b01b49621f162807ae905f8d6d7b1adf1642275582214_width_1200_play_0_pos_0_gs_0_height_678_kto-w-kadrze-polski-na-igrzyska-olimpijskie-pekin-2022-fot-getty.jpg?fit=1200%2C678&ssl=1","contentUrl":"https:\/\/i0.wp.com\/notabene.world\/nb\/wp-content\/uploads\/2022\/02\/uid_b01b49621f162807ae905f8d6d7b1adf1642275582214_width_1200_play_0_pos_0_gs_0_height_678_kto-w-kadrze-polski-na-igrzyska-olimpijskie-pekin-2022-fot-getty.jpg?fit=1200%2C678&ssl=1","width":1200,"height":678},{"@type":"BreadcrumbList","@id":"https:\/\/notabene.world\/nb\/reprezentacja-polski-na-igrzyskach-olimpijskich-w-pekinie\/#breadcrumb","itemListElement":[{"@type":"ListItem","position":1,"name":"Home","item":"https:\/\/notabene.world\/nb\/"},{"@type":"ListItem","position":2,"name":"Reprezentacja Polski na Igrzyskach Olimpijskich w Pekinie"}]},{"@type":"WebSite","@id":"https:\/\/notabene.world\/nb\/#website","url":"https:\/\/notabene.world\/nb\/","name":"NOTABENE.WORLD","description":"Przekaz. Warto\u015bci. Wsp\u00f3lnota.","publisher":{"@id":"https:\/\/notabene.world\/nb\/#organization"},"potentialAction":[{"@type":"SearchAction","target":{"@type":"EntryPoint","urlTemplate":"https:\/\/notabene.world\/nb\/?s={search_term_string}"},"query-input":{"@type":"PropertyValueSpecification","valueRequired":true,"valueName":"search_term_string"}}],"inLanguage":"pl-PL"},{"@type":"Organization","@id":"https:\/\/notabene.world\/nb\/#organization","name":"NOTABENE.WORLD","url":"https:\/\/notabene.world\/nb\/","logo":{"@type":"ImageObject","inLanguage":"pl-PL","@id":"https:\/\/notabene.world\/nb\/#\/schema\/logo\/image\/","url":"https:\/\/notabene.world\/nb\/wp-content\/uploads\/2022\/01\/NB-club-start-www1.jpg","contentUrl":"https:\/\/notabene.world\/nb\/wp-content\/uploads\/2022\/01\/NB-club-start-www1.jpg","width":1000,"height":839,"caption":"NOTABENE.WORLD"},"image":{"@id":"https:\/\/notabene.world\/nb\/#\/schema\/logo\/image\/"},"sameAs":["https:\/\/www.facebook.com\/Notabene.World"]},{"@type":"Person","@id":"https:\/\/notabene.world\/nb\/#\/schema\/person\/7fb9f9f76598bbf33360404c87ca097c","name":"Wiktoria Wr\u00f3bel","image":{"@type":"ImageObject","inLanguage":"pl-PL","@id":"https:\/\/secure.gravatar.com\/avatar\/e7d264f918171600e6cc2be5ccc9796973aa121a9a51b9a7084574829500141b?s=96&d=mm&r=g","url":"https:\/\/secure.gravatar.com\/avatar\/e7d264f918171600e6cc2be5ccc9796973aa121a9a51b9a7084574829500141b?s=96&d=mm&r=g","contentUrl":"https:\/\/secure.gravatar.com\/avatar\/e7d264f918171600e6cc2be5ccc9796973aa121a9a51b9a7084574829500141b?s=96&d=mm&r=g","caption":"Wiktoria Wr\u00f3bel"},"url":"https:\/\/notabene.world\/nb\/author\/w-w\/"}]}},"jetpack_featured_media_url":"https:\/\/i0.wp.com\/notabene.world\/nb\/wp-content\/uploads\/2022\/02\/uid_b01b49621f162807ae905f8d6d7b1adf1642275582214_width_1200_play_0_pos_0_gs_0_height_678_kto-w-kadrze-polski-na-igrzyska-olimpijskie-pekin-2022-fot-getty.jpg?fit=1200%2C678&ssl=1","jetpack_sharing_enabled":true,"jetpack_shortlink":"https:\/\/wp.me\/pdCobN-w4","_links":{"self":[{"href":"https:\/\/notabene.world\/nb\/wp-json\/wp\/v2\/posts\/1988","targetHints":{"allow":["GET"]}}],"collection":[{"href":"https:\/\/notabene.world\/nb\/wp-json\/wp\/v2\/posts"}],"about":[{"href":"https:\/\/notabene.world\/nb\/wp-json\/wp\/v2\/types\/post"}],"author":[{"embeddable":true,"href":"https:\/\/notabene.world\/nb\/wp-json\/wp\/v2\/users\/17"}],"replies":[{"embeddable":true,"href":"https:\/\/notabene.world\/nb\/wp-json\/wp\/v2\/comments?post=1988"}],"version-history":[{"count":2,"href":"https:\/\/notabene.world\/nb\/wp-json\/wp\/v2\/posts\/1988\/revisions"}],"predecessor-version":[{"id":2283,"href":"https:\/\/notabene.world\/nb\/wp-json\/wp\/v2\/posts\/1988\/revisions\/2283"}],"wp:featuredmedia":[{"embeddable":true,"href":"https:\/\/notabene.world\/nb\/wp-json\/wp\/v2\/media\/1990"}],"wp:attachment":[{"href":"https:\/\/notabene.world\/nb\/wp-json\/wp\/v2\/media?parent=1988"}],"wp:term":[{"taxonomy":"category","embeddable":true,"href":"https:\/\/notabene.world\/nb\/wp-json\/wp\/v2\/categories?post=1988"},{"taxonomy":"post_tag","embeddable":true,"href":"https:\/\/notabene.world\/nb\/wp-json\/wp\/v2\/tags?post=1988"}],"curies":[{"name":"wp","href":"https:\/\/api.w.org\/{rel}","templated":true}]}}