{"id":2000,"date":"2022-02-04T18:00:34","date_gmt":"2022-02-04T17:00:34","guid":{"rendered":"https:\/\/notabene.world\/nb\/?p=2000"},"modified":"2022-02-09T21:53:29","modified_gmt":"2022-02-09T20:53:29","slug":"04-02-swiatowy-dzien-walki-z-rakiem","status":"publish","type":"post","link":"https:\/\/notabene.world\/nb\/04-02-swiatowy-dzien-walki-z-rakiem\/","title":{"rendered":"04.02 \u2013 \u015awiatowy Dzie\u0144 Walki z Rakiem"},"content":{"rendered":"\n<p class=\"has-drop-cap\">Od 22 lat ka\u017cdego czwartego dnia lutego obchodzimy \u015awiatowy Dzie\u0144 Walki z Rakiem. W roku 2000, pod egid\u0105 prezydenta Francji oraz dyrektora generalnego UNESCO, zorganizowany zosta\u0142 \u015awiatowy Szczyt Walki z Rakiem, na kt\u00f3rym to rz\u0105dy \u015bwiata, obecne w\u00f3wczas w Pary\u017cu, podpisa\u0142y tzw. Kart\u0119 Parysk\u0105, zobowi\u0105zuj\u0105c si\u0119 tym samym do wprowadzenia w \u017cycie program\u00f3w zapobiegaj\u0105cych oraz lecz\u0105cych choroby nowotworowe.<\/p>\n\n\n\n<p>Z okazji tego dnia, w trosce Pa\u0144stwa zdrowie, redakcja NOTABENE.WORLD pragnie przypomnie\u0107 podstawowe zasady profilaktyki.<\/p>\n\n\n\n<p>Wed\u0142ug Europejskiego Kodeksu Walki z Rakiem, podstaw\u0105 jest zdrowy tryb \u017cycia. Na szczeg\u00f3ln\u0105 uwag\u0119 zas\u0142uguj\u0105 u\u017cywki, g\u0142\u00f3wnie papierosy oraz alkohol.<\/p>\n\n\n\n<p>Wed\u0142ug ustale\u0144 WHO, przestrzeganie poni\u017cszych zalece\u0144 zmniejszy\u0142oby liczb\u0119 zgon\u00f3w spowodowanych chorob\u0105 nowotworow\u0105, nawet o po\u0142ow\u0119!<\/p>\n\n\n\n<p><strong>Oto zasady, kt\u00f3re znajdziemy w wy\u017cej wymienionym Kodeksie<\/strong>:<\/p>\n\n\n\n<p>1. <strong>Nie pal<\/strong>. Dym tytoniowy jest najcz\u0119stszym czynnikiem rakotw\u00f3rczym oraz przyczyn\u0105 najwi\u0119kszej ilo\u015bci zgon\u00f3w nowotworowych<\/p>\n\n\n\n<p>801&nbsp;108 108 lub 22 211 80 15 \u2013 kontakt do Og\u00f3lnopolskiej Telefonicznej Poradni Pomocy Pal\u0105cym (od poniedzia\u0142ku do pi\u0105tku w godzinach 11:00\u201319:00 oraz w soboty w godzinach&nbsp;9:00\u201315.00)<\/p>\n\n\n\n<p>2. <strong>Wystrzegaj si\u0119 oty\u0142o\u015bci<\/strong>. Oty\u0142o\u015b\u0107 jest drugim, po paleniu tytoniu, najcz\u0119stszym czynnikiem wyst\u0119powania wielu chor\u00f3b przewlek\u0142ych, w tym nowotwor\u00f3w z\u0142o\u015bliwych<\/p>\n\n\n\n<p>3. <strong>B\u0105d\u017a aktywny fizycznie<\/strong> \u2013 okazuje si\u0119, \u017ce wiele bada\u0144 wykaza\u0142o zale\u017cno\u015b\u0107 mi\u0119dzy aktywno\u015bci\u0105 fizyczn\u0105, a mniejsz\u0105 szans\u0105 zachorowania na nowotw\u00f3r (np. okr\u0119\u017cnicy, piersi, trzonu macicy oraz prostaty). Zaleca si\u0119 \u0107wiczenie 3 razy w tygodniu po p\u00f3\u0142 godziny, chocia\u017c, jak czytamy w Kodeksie, patrz\u0105c pod k\u0105tem profilaktyki nowotwor\u00f3w, \u0107wiczenia powinny by\u0107 bardziej intensywne (ale dopasowane do mo\u017cliwo\u015bci i stanu zdrowia!).<\/p>\n\n\n\n<p>4. <strong>Jedz sporo warzyw i owoc\u00f3w, ogranicz t\u0142uszcze zwierz\u0119ce.<\/strong> Cz\u0119ste spo\u017cycie warzyw i owoc\u00f3w zmniejsza ryzyko zachorowania na nowotwory, w szczeg\u00f3lno\u015bci, prze\u0142yku, \u017co\u0142\u0105dka, okr\u0119\u017cnicy, odbytnicy oraz trzustki. WHO zaleca warzywa oraz owoce spo\u017cywa\u0107 5 razy dziennie \u2013 przy ka\u017cdym posi\u0142ku. Warto r\u00f3wnie\u017c zast\u0105pi\u0107 nimi t\u0142uste przek\u0105ski.<\/p>\n\n\n\n<p>5. <strong>Nie pij lub ogranicz alkohol.<\/strong> Alkohol jest substancj\u0105 rakotw\u00f3rcz\u0105! Picie go zwi\u0119ksza ryzyko zachorowania na z\u0142o\u015bliwe nowotwory m.in. jamy ustnej, gard\u0142a, krtani, prze\u0142yku, w\u0105troby i piersi. Ponadto po\u0142\u0105czone z paleniem papieros\u00f3w gwa\u0142townie zwi\u0119ksza ryzyko choroby, poniewa\u017c ka\u017cdy z tych czynnik\u00f3w pot\u0119guje szkodliwo\u015b\u0107 drugiego! Znaczenie ma r\u00f3wnie\u017c spos\u00f3b spo\u017cywania alkoholu: upijanie si\u0119 oraz tzw. binge drinking maj\u0105 bardzo niekorzystny wp\u0142yw na nasz organizm, natomiast &#8211; znany jako \u015br\u00f3dziemnomorski &#8211; styl picia, polegaj\u0105cy na codziennym wypijaniu ma\u0142ej ilo\u015bci alkoholu (np. 1 lub 2 kieliszki wina \u2013 ale TYLKO), mo\u017ce mie\u0107 pozytywne skutki.<\/p>\n\n\n\n<p>6. <strong>Unikaj nadmiernej ekspozycji na s\u0142o\u0144ce.<\/strong> Promienie UV s\u0105 czynnikiem rakotw\u00f3rczym. Pami\u0119taj o u\u017cywaniu krem\u00f3w z filtrem. Ca\u0142kowicie powinno si\u0119 zrezygnowa\u0107 z tzw. solari\u00f3w.<\/p>\n\n\n\n<p>7. <strong>Przestrzegaj \u015bci\u015ble przepis\u00f3w dotycz\u0105cych ochrony przed nara\u017ceniem na znane substancje rakotw\u00f3rcze<\/strong>. Zawsze stosuj si\u0119 do instrukcji post\u0119powania z substancjami rakotw\u00f3rczymi. Przestrzegaj zalece\u0144 krajowych o\u015brodk\u00f3w ochrony radiologicznej. Skupia si\u0119 to g\u0142owie na przestrzeganiu BHP. S\u0105 zawody szczeg\u00f3lnie nara\u017cone na kontakt z substancjami rakotw\u00f3rczymi np. g\u00f3rnicy<\/p>\n\n\n\n<p>8. <strong>Szczep si\u0119 przeciw wirusowemu zapaleniu w\u0105troby typu B!<\/strong><\/p>\n\n\n\n<p>9. <strong>Kobiety po 25. roku \u017cycia powinny uczestniczy\u0107 w badaniach przesiewowych w kierunku raka szyjki macicy<\/strong>. Badania nale\u017cy prowadzi\u0107 w ramach program\u00f3w podlegaj\u0105cych procedurom kontroli jako\u015bci, zgodnym z \u201eEuropejskimi wytycznymi kontroli jako\u015bci bada\u0144 przesiewowych w kierunku raka szyjki macicy\u201d<\/p>\n\n\n\n<p>10. <strong>Kobiety po 50. roku \u017cycia powinny uczestniczy\u0107 w badaniach przesiewowych w kierunku raka piersi<\/strong>. Badania te nale\u017cy prowadzi\u0107 w ramach program\u00f3w zdrowotnych podlegaj\u0105cych procedurom kontroli jako\u015bci, zgodnym z \u201eEuropejskimi wytycznymi kontroli jako\u015bci mammograficznych bada\u0144 przesiewowych\u201d<\/p>\n\n\n\n<p>11. <strong>Kobiety i m\u0119\u017cczy\u017ani po 50. roku \u017cycia powinni uczestniczy\u0107 w badaniach przesiewowych w kierunku raka jelita grubego<\/strong>. Badania te powinny by\u0107 prowadzone w ramach program\u00f3w uwzgl\u0119dniaj\u0105cych procedury kontroli jako\u015bci.<\/p>\n","protected":false},"excerpt":{"rendered":"<p>Od 22 lat ka\u017cdego czwartego dnia lutego obchodzimy \u015awiatowy Dzie\u0144 Walki z Rakiem. W roku 2000, pod egid\u0105 prezydenta Francji oraz dyrektora generalnego UNESCO, zorganizowany zosta\u0142 \u015awiatowy Szczyt Walki z Rakiem, na kt\u00f3rym to rz\u0105dy \u015bwiata, obecne w\u00f3wczas w Pary\u017cu, podpisa\u0142y tzw. Kart\u0119 Parysk\u0105, zobowi\u0105zuj\u0105c si\u0119 tym samym do wprowadzenia w \u017cycie program\u00f3w zapobiegaj\u0105cych oraz lecz\u0105cych choroby nowotworowe.<\/p>\n","protected":false},"author":26,"featured_media":2006,"comment_status":"closed","ping_status":"closed","sticky":false,"template":"","format":"standard","meta":{"colormag_page_container_layout":"default_layout","colormag_page_sidebar_layout":"default_layout","_jetpack_memberships_contains_paid_content":false,"footnotes":"","_links_to":"","_links_to_target":""},"categories":[12,110],"tags":[95,97,102,99,101],"class_list":["post-2000","post","type-post","status-publish","format-standard","has-post-thumbnail","hentry","category-spoleczenstwo","category-spoleczenstwo-2","tag-nowotwor","tag-profilaktyka","tag-rak","tag-swiatowy_dzien_walki_z_rakiem","tag-zdrowie"],"yoast_head":"<!-- This site is optimized with the Yoast SEO plugin v27.4 - https:\/\/yoast.com\/product\/yoast-seo-wordpress\/ -->\n<title>04.02 \u2013 \u015awiatowy Dzie\u0144 Walki z Rakiem - NOTABENE.WORLD<\/title>\n<meta name=\"robots\" content=\"index, follow, max-snippet:-1, max-image-preview:large, max-video-preview:-1\" \/>\n<link rel=\"canonical\" href=\"https:\/\/notabene.world\/nb\/04-02-swiatowy-dzien-walki-z-rakiem\/\" \/>\n<meta property=\"og:locale\" content=\"pl_PL\" \/>\n<meta property=\"og:type\" content=\"article\" \/>\n<meta property=\"og:title\" content=\"04.02 \u2013 \u015awiatowy Dzie\u0144 Walki z Rakiem - NOTABENE.WORLD\" \/>\n<meta property=\"og:description\" content=\"Od 22 lat ka\u017cdego czwartego dnia lutego obchodzimy \u015awiatowy Dzie\u0144 Walki z Rakiem. W roku 2000, pod egid\u0105 prezydenta Francji oraz dyrektora generalnego UNESCO, zorganizowany zosta\u0142 \u015awiatowy Szczyt Walki z Rakiem, na kt\u00f3rym to rz\u0105dy \u015bwiata, obecne w\u00f3wczas w Pary\u017cu, podpisa\u0142y tzw. Kart\u0119 Parysk\u0105, zobowi\u0105zuj\u0105c si\u0119 tym samym do wprowadzenia w \u017cycie program\u00f3w zapobiegaj\u0105cych oraz lecz\u0105cych choroby nowotworowe.\" \/>\n<meta property=\"og:url\" content=\"https:\/\/notabene.world\/nb\/04-02-swiatowy-dzien-walki-z-rakiem\/\" \/>\n<meta property=\"og:site_name\" content=\"NOTABENE.WORLD\" \/>\n<meta property=\"article:publisher\" content=\"https:\/\/www.facebook.com\/Notabene.World\" \/>\n<meta property=\"article:published_time\" content=\"2022-02-04T17:00:34+00:00\" \/>\n<meta property=\"article:modified_time\" content=\"2022-02-09T20:53:29+00:00\" \/>\n<meta property=\"og:image\" content=\"https:\/\/notabene.world\/nb\/wp-content\/uploads\/2022\/02\/sdwr.jpeg\" \/>\n\t<meta property=\"og:image:width\" content=\"800\" \/>\n\t<meta property=\"og:image:height\" content=\"445\" \/>\n\t<meta property=\"og:image:type\" content=\"image\/jpeg\" \/>\n<meta name=\"author\" content=\"Adrianna G\u0105sior\" \/>\n<meta name=\"twitter:card\" content=\"summary_large_image\" \/>\n<meta name=\"twitter:label1\" content=\"Napisane przez\" \/>\n\t<meta name=\"twitter:data1\" content=\"Adrianna G\u0105sior\" \/>\n\t<meta name=\"twitter:label2\" content=\"Szacowany czas czytania\" \/>\n\t<meta name=\"twitter:data2\" content=\"4 minuty\" \/>\n<script type=\"application\/ld+json\" class=\"yoast-schema-graph\">{\"@context\":\"https:\\\/\\\/schema.org\",\"@graph\":[{\"@type\":\"Article\",\"@id\":\"https:\\\/\\\/notabene.world\\\/nb\\\/04-02-swiatowy-dzien-walki-z-rakiem\\\/#article\",\"isPartOf\":{\"@id\":\"https:\\\/\\\/notabene.world\\\/nb\\\/04-02-swiatowy-dzien-walki-z-rakiem\\\/\"},\"author\":{\"name\":\"Adrianna G\u0105sior\",\"@id\":\"https:\\\/\\\/notabene.world\\\/nb\\\/#\\\/schema\\\/person\\\/7b458cfdb858dc03397c92a0559fc2af\"},\"headline\":\"04.02 \u2013 \u015awiatowy Dzie\u0144 Walki z Rakiem\",\"datePublished\":\"2022-02-04T17:00:34+00:00\",\"dateModified\":\"2022-02-09T20:53:29+00:00\",\"mainEntityOfPage\":{\"@id\":\"https:\\\/\\\/notabene.world\\\/nb\\\/04-02-swiatowy-dzien-walki-z-rakiem\\\/\"},\"wordCount\":671,\"publisher\":{\"@id\":\"https:\\\/\\\/notabene.world\\\/nb\\\/#organization\"},\"image\":{\"@id\":\"https:\\\/\\\/notabene.world\\\/nb\\\/04-02-swiatowy-dzien-walki-z-rakiem\\\/#primaryimage\"},\"thumbnailUrl\":\"https:\\\/\\\/i0.wp.com\\\/notabene.world\\\/nb\\\/wp-content\\\/uploads\\\/2022\\\/02\\\/sdwr.jpeg?fit=800%2C445&ssl=1\",\"keywords\":[\"#nowotw\u00f3r\",\"#profilaktyka\",\"#rak\",\"#\u015bwiatowy_dzie\u0144_walki_z_rakiem\",\"#zdrowie\"],\"articleSection\":[\"Nasz \u015awiat\",\"Spo\u0142ecze\u0144stwo\"],\"inLanguage\":\"pl-PL\"},{\"@type\":\"WebPage\",\"@id\":\"https:\\\/\\\/notabene.world\\\/nb\\\/04-02-swiatowy-dzien-walki-z-rakiem\\\/\",\"url\":\"https:\\\/\\\/notabene.world\\\/nb\\\/04-02-swiatowy-dzien-walki-z-rakiem\\\/\",\"name\":\"04.02 \u2013 \u015awiatowy Dzie\u0144 Walki z Rakiem - NOTABENE.WORLD\",\"isPartOf\":{\"@id\":\"https:\\\/\\\/notabene.world\\\/nb\\\/#website\"},\"primaryImageOfPage\":{\"@id\":\"https:\\\/\\\/notabene.world\\\/nb\\\/04-02-swiatowy-dzien-walki-z-rakiem\\\/#primaryimage\"},\"image\":{\"@id\":\"https:\\\/\\\/notabene.world\\\/nb\\\/04-02-swiatowy-dzien-walki-z-rakiem\\\/#primaryimage\"},\"thumbnailUrl\":\"https:\\\/\\\/i0.wp.com\\\/notabene.world\\\/nb\\\/wp-content\\\/uploads\\\/2022\\\/02\\\/sdwr.jpeg?fit=800%2C445&ssl=1\",\"datePublished\":\"2022-02-04T17:00:34+00:00\",\"dateModified\":\"2022-02-09T20:53:29+00:00\",\"breadcrumb\":{\"@id\":\"https:\\\/\\\/notabene.world\\\/nb\\\/04-02-swiatowy-dzien-walki-z-rakiem\\\/#breadcrumb\"},\"inLanguage\":\"pl-PL\",\"potentialAction\":[{\"@type\":\"ReadAction\",\"target\":[\"https:\\\/\\\/notabene.world\\\/nb\\\/04-02-swiatowy-dzien-walki-z-rakiem\\\/\"]}]},{\"@type\":\"ImageObject\",\"inLanguage\":\"pl-PL\",\"@id\":\"https:\\\/\\\/notabene.world\\\/nb\\\/04-02-swiatowy-dzien-walki-z-rakiem\\\/#primaryimage\",\"url\":\"https:\\\/\\\/i0.wp.com\\\/notabene.world\\\/nb\\\/wp-content\\\/uploads\\\/2022\\\/02\\\/sdwr.jpeg?fit=800%2C445&ssl=1\",\"contentUrl\":\"https:\\\/\\\/i0.wp.com\\\/notabene.world\\\/nb\\\/wp-content\\\/uploads\\\/2022\\\/02\\\/sdwr.jpeg?fit=800%2C445&ssl=1\",\"width\":800,\"height\":445},{\"@type\":\"BreadcrumbList\",\"@id\":\"https:\\\/\\\/notabene.world\\\/nb\\\/04-02-swiatowy-dzien-walki-z-rakiem\\\/#breadcrumb\",\"itemListElement\":[{\"@type\":\"ListItem\",\"position\":1,\"name\":\"Home\",\"item\":\"https:\\\/\\\/notabene.world\\\/nb\\\/\"},{\"@type\":\"ListItem\",\"position\":2,\"name\":\"04.02 \u2013 \u015awiatowy Dzie\u0144 Walki z Rakiem\"}]},{\"@type\":\"WebSite\",\"@id\":\"https:\\\/\\\/notabene.world\\\/nb\\\/#website\",\"url\":\"https:\\\/\\\/notabene.world\\\/nb\\\/\",\"name\":\"NOTABENE.WORLD\",\"description\":\"Przekaz. Warto\u015bci. Wsp\u00f3lnota.\",\"publisher\":{\"@id\":\"https:\\\/\\\/notabene.world\\\/nb\\\/#organization\"},\"potentialAction\":[{\"@type\":\"SearchAction\",\"target\":{\"@type\":\"EntryPoint\",\"urlTemplate\":\"https:\\\/\\\/notabene.world\\\/nb\\\/?s={search_term_string}\"},\"query-input\":{\"@type\":\"PropertyValueSpecification\",\"valueRequired\":true,\"valueName\":\"search_term_string\"}}],\"inLanguage\":\"pl-PL\"},{\"@type\":\"Organization\",\"@id\":\"https:\\\/\\\/notabene.world\\\/nb\\\/#organization\",\"name\":\"NOTABENE.WORLD\",\"url\":\"https:\\\/\\\/notabene.world\\\/nb\\\/\",\"logo\":{\"@type\":\"ImageObject\",\"inLanguage\":\"pl-PL\",\"@id\":\"https:\\\/\\\/notabene.world\\\/nb\\\/#\\\/schema\\\/logo\\\/image\\\/\",\"url\":\"https:\\\/\\\/notabene.world\\\/nb\\\/wp-content\\\/uploads\\\/2022\\\/01\\\/NB-club-start-www1.jpg\",\"contentUrl\":\"https:\\\/\\\/notabene.world\\\/nb\\\/wp-content\\\/uploads\\\/2022\\\/01\\\/NB-club-start-www1.jpg\",\"width\":1000,\"height\":839,\"caption\":\"NOTABENE.WORLD\"},\"image\":{\"@id\":\"https:\\\/\\\/notabene.world\\\/nb\\\/#\\\/schema\\\/logo\\\/image\\\/\"},\"sameAs\":[\"https:\\\/\\\/www.facebook.com\\\/Notabene.World\"]},{\"@type\":\"Person\",\"@id\":\"https:\\\/\\\/notabene.world\\\/nb\\\/#\\\/schema\\\/person\\\/7b458cfdb858dc03397c92a0559fc2af\",\"name\":\"Adrianna G\u0105sior\",\"image\":{\"@type\":\"ImageObject\",\"inLanguage\":\"pl-PL\",\"@id\":\"https:\\\/\\\/secure.gravatar.com\\\/avatar\\\/edf034836f11a0b5a9962f87ccd88313c0b196bffe1785e05f0289e659b51b58?s=96&d=mm&r=g\",\"url\":\"https:\\\/\\\/secure.gravatar.com\\\/avatar\\\/edf034836f11a0b5a9962f87ccd88313c0b196bffe1785e05f0289e659b51b58?s=96&d=mm&r=g\",\"contentUrl\":\"https:\\\/\\\/secure.gravatar.com\\\/avatar\\\/edf034836f11a0b5a9962f87ccd88313c0b196bffe1785e05f0289e659b51b58?s=96&d=mm&r=g\",\"caption\":\"Adrianna G\u0105sior\"},\"url\":\"https:\\\/\\\/notabene.world\\\/nb\\\/author\\\/a-g\\\/\"}]}<\/script>\n<!-- \/ Yoast SEO plugin. -->","yoast_head_json":{"title":"04.02 \u2013 \u015awiatowy Dzie\u0144 Walki z Rakiem - NOTABENE.WORLD","robots":{"index":"index","follow":"follow","max-snippet":"max-snippet:-1","max-image-preview":"max-image-preview:large","max-video-preview":"max-video-preview:-1"},"canonical":"https:\/\/notabene.world\/nb\/04-02-swiatowy-dzien-walki-z-rakiem\/","og_locale":"pl_PL","og_type":"article","og_title":"04.02 \u2013 \u015awiatowy Dzie\u0144 Walki z Rakiem - NOTABENE.WORLD","og_description":"Od 22 lat ka\u017cdego czwartego dnia lutego obchodzimy \u015awiatowy Dzie\u0144 Walki z Rakiem. W roku 2000, pod egid\u0105 prezydenta Francji oraz dyrektora generalnego UNESCO, zorganizowany zosta\u0142 \u015awiatowy Szczyt Walki z Rakiem, na kt\u00f3rym to rz\u0105dy \u015bwiata, obecne w\u00f3wczas w Pary\u017cu, podpisa\u0142y tzw. Kart\u0119 Parysk\u0105, zobowi\u0105zuj\u0105c si\u0119 tym samym do wprowadzenia w \u017cycie program\u00f3w zapobiegaj\u0105cych oraz lecz\u0105cych choroby nowotworowe.","og_url":"https:\/\/notabene.world\/nb\/04-02-swiatowy-dzien-walki-z-rakiem\/","og_site_name":"NOTABENE.WORLD","article_publisher":"https:\/\/www.facebook.com\/Notabene.World","article_published_time":"2022-02-04T17:00:34+00:00","article_modified_time":"2022-02-09T20:53:29+00:00","og_image":[{"width":800,"height":445,"url":"https:\/\/notabene.world\/nb\/wp-content\/uploads\/2022\/02\/sdwr.jpeg","type":"image\/jpeg"}],"author":"Adrianna G\u0105sior","twitter_card":"summary_large_image","twitter_misc":{"Napisane przez":"Adrianna G\u0105sior","Szacowany czas czytania":"4 minuty"},"schema":{"@context":"https:\/\/schema.org","@graph":[{"@type":"Article","@id":"https:\/\/notabene.world\/nb\/04-02-swiatowy-dzien-walki-z-rakiem\/#article","isPartOf":{"@id":"https:\/\/notabene.world\/nb\/04-02-swiatowy-dzien-walki-z-rakiem\/"},"author":{"name":"Adrianna G\u0105sior","@id":"https:\/\/notabene.world\/nb\/#\/schema\/person\/7b458cfdb858dc03397c92a0559fc2af"},"headline":"04.02 \u2013 \u015awiatowy Dzie\u0144 Walki z Rakiem","datePublished":"2022-02-04T17:00:34+00:00","dateModified":"2022-02-09T20:53:29+00:00","mainEntityOfPage":{"@id":"https:\/\/notabene.world\/nb\/04-02-swiatowy-dzien-walki-z-rakiem\/"},"wordCount":671,"publisher":{"@id":"https:\/\/notabene.world\/nb\/#organization"},"image":{"@id":"https:\/\/notabene.world\/nb\/04-02-swiatowy-dzien-walki-z-rakiem\/#primaryimage"},"thumbnailUrl":"https:\/\/i0.wp.com\/notabene.world\/nb\/wp-content\/uploads\/2022\/02\/sdwr.jpeg?fit=800%2C445&ssl=1","keywords":["#nowotw\u00f3r","#profilaktyka","#rak","#\u015bwiatowy_dzie\u0144_walki_z_rakiem","#zdrowie"],"articleSection":["Nasz \u015awiat","Spo\u0142ecze\u0144stwo"],"inLanguage":"pl-PL"},{"@type":"WebPage","@id":"https:\/\/notabene.world\/nb\/04-02-swiatowy-dzien-walki-z-rakiem\/","url":"https:\/\/notabene.world\/nb\/04-02-swiatowy-dzien-walki-z-rakiem\/","name":"04.02 \u2013 \u015awiatowy Dzie\u0144 Walki z Rakiem - NOTABENE.WORLD","isPartOf":{"@id":"https:\/\/notabene.world\/nb\/#website"},"primaryImageOfPage":{"@id":"https:\/\/notabene.world\/nb\/04-02-swiatowy-dzien-walki-z-rakiem\/#primaryimage"},"image":{"@id":"https:\/\/notabene.world\/nb\/04-02-swiatowy-dzien-walki-z-rakiem\/#primaryimage"},"thumbnailUrl":"https:\/\/i0.wp.com\/notabene.world\/nb\/wp-content\/uploads\/2022\/02\/sdwr.jpeg?fit=800%2C445&ssl=1","datePublished":"2022-02-04T17:00:34+00:00","dateModified":"2022-02-09T20:53:29+00:00","breadcrumb":{"@id":"https:\/\/notabene.world\/nb\/04-02-swiatowy-dzien-walki-z-rakiem\/#breadcrumb"},"inLanguage":"pl-PL","potentialAction":[{"@type":"ReadAction","target":["https:\/\/notabene.world\/nb\/04-02-swiatowy-dzien-walki-z-rakiem\/"]}]},{"@type":"ImageObject","inLanguage":"pl-PL","@id":"https:\/\/notabene.world\/nb\/04-02-swiatowy-dzien-walki-z-rakiem\/#primaryimage","url":"https:\/\/i0.wp.com\/notabene.world\/nb\/wp-content\/uploads\/2022\/02\/sdwr.jpeg?fit=800%2C445&ssl=1","contentUrl":"https:\/\/i0.wp.com\/notabene.world\/nb\/wp-content\/uploads\/2022\/02\/sdwr.jpeg?fit=800%2C445&ssl=1","width":800,"height":445},{"@type":"BreadcrumbList","@id":"https:\/\/notabene.world\/nb\/04-02-swiatowy-dzien-walki-z-rakiem\/#breadcrumb","itemListElement":[{"@type":"ListItem","position":1,"name":"Home","item":"https:\/\/notabene.world\/nb\/"},{"@type":"ListItem","position":2,"name":"04.02 \u2013 \u015awiatowy Dzie\u0144 Walki z Rakiem"}]},{"@type":"WebSite","@id":"https:\/\/notabene.world\/nb\/#website","url":"https:\/\/notabene.world\/nb\/","name":"NOTABENE.WORLD","description":"Przekaz. Warto\u015bci. Wsp\u00f3lnota.","publisher":{"@id":"https:\/\/notabene.world\/nb\/#organization"},"potentialAction":[{"@type":"SearchAction","target":{"@type":"EntryPoint","urlTemplate":"https:\/\/notabene.world\/nb\/?s={search_term_string}"},"query-input":{"@type":"PropertyValueSpecification","valueRequired":true,"valueName":"search_term_string"}}],"inLanguage":"pl-PL"},{"@type":"Organization","@id":"https:\/\/notabene.world\/nb\/#organization","name":"NOTABENE.WORLD","url":"https:\/\/notabene.world\/nb\/","logo":{"@type":"ImageObject","inLanguage":"pl-PL","@id":"https:\/\/notabene.world\/nb\/#\/schema\/logo\/image\/","url":"https:\/\/notabene.world\/nb\/wp-content\/uploads\/2022\/01\/NB-club-start-www1.jpg","contentUrl":"https:\/\/notabene.world\/nb\/wp-content\/uploads\/2022\/01\/NB-club-start-www1.jpg","width":1000,"height":839,"caption":"NOTABENE.WORLD"},"image":{"@id":"https:\/\/notabene.world\/nb\/#\/schema\/logo\/image\/"},"sameAs":["https:\/\/www.facebook.com\/Notabene.World"]},{"@type":"Person","@id":"https:\/\/notabene.world\/nb\/#\/schema\/person\/7b458cfdb858dc03397c92a0559fc2af","name":"Adrianna G\u0105sior","image":{"@type":"ImageObject","inLanguage":"pl-PL","@id":"https:\/\/secure.gravatar.com\/avatar\/edf034836f11a0b5a9962f87ccd88313c0b196bffe1785e05f0289e659b51b58?s=96&d=mm&r=g","url":"https:\/\/secure.gravatar.com\/avatar\/edf034836f11a0b5a9962f87ccd88313c0b196bffe1785e05f0289e659b51b58?s=96&d=mm&r=g","contentUrl":"https:\/\/secure.gravatar.com\/avatar\/edf034836f11a0b5a9962f87ccd88313c0b196bffe1785e05f0289e659b51b58?s=96&d=mm&r=g","caption":"Adrianna G\u0105sior"},"url":"https:\/\/notabene.world\/nb\/author\/a-g\/"}]}},"jetpack_featured_media_url":"https:\/\/i0.wp.com\/notabene.world\/nb\/wp-content\/uploads\/2022\/02\/sdwr.jpeg?fit=800%2C445&ssl=1","jetpack_sharing_enabled":true,"jetpack_shortlink":"https:\/\/wp.me\/pdCobN-wg","_links":{"self":[{"href":"https:\/\/notabene.world\/nb\/wp-json\/wp\/v2\/posts\/2000","targetHints":{"allow":["GET"]}}],"collection":[{"href":"https:\/\/notabene.world\/nb\/wp-json\/wp\/v2\/posts"}],"about":[{"href":"https:\/\/notabene.world\/nb\/wp-json\/wp\/v2\/types\/post"}],"author":[{"embeddable":true,"href":"https:\/\/notabene.world\/nb\/wp-json\/wp\/v2\/users\/26"}],"replies":[{"embeddable":true,"href":"https:\/\/notabene.world\/nb\/wp-json\/wp\/v2\/comments?post=2000"}],"version-history":[{"count":5,"href":"https:\/\/notabene.world\/nb\/wp-json\/wp\/v2\/posts\/2000\/revisions"}],"predecessor-version":[{"id":2038,"href":"https:\/\/notabene.world\/nb\/wp-json\/wp\/v2\/posts\/2000\/revisions\/2038"}],"wp:featuredmedia":[{"embeddable":true,"href":"https:\/\/notabene.world\/nb\/wp-json\/wp\/v2\/media\/2006"}],"wp:attachment":[{"href":"https:\/\/notabene.world\/nb\/wp-json\/wp\/v2\/media?parent=2000"}],"wp:term":[{"taxonomy":"category","embeddable":true,"href":"https:\/\/notabene.world\/nb\/wp-json\/wp\/v2\/categories?post=2000"},{"taxonomy":"post_tag","embeddable":true,"href":"https:\/\/notabene.world\/nb\/wp-json\/wp\/v2\/tags?post=2000"}],"curies":[{"name":"wp","href":"https:\/\/api.w.org\/{rel}","templated":true}]}}