{"id":2127,"date":"2022-02-06T14:58:25","date_gmt":"2022-02-06T13:58:25","guid":{"rendered":"https:\/\/notabene.world\/nb\/?p=2127"},"modified":"2022-02-20T23:34:08","modified_gmt":"2022-02-20T22:34:08","slug":"pierwszy-medal-olimpijski-dla-polski-w-pekinie-dawid-kubacki-z-brazem","status":"publish","type":"post","link":"https:\/\/notabene.world\/nb\/pierwszy-medal-olimpijski-dla-polski-w-pekinie-dawid-kubacki-z-brazem\/","title":{"rendered":"Pierwszy medal olimpijski dla Polski &#8211; Dawid Kubacki z br\u0105zem!"},"content":{"rendered":"\n<p>Dawid Kubacki zosta\u0142 br\u0105zowym medalist\u0105 olimpijskim w skokach narciarskich na skoczni normalnej. W niedziel\u0119 6 lutego wywalczy\u0142 pierwszy na tych Igrzyskach kr\u0105\u017cek dla Polski. <\/p>\n\n\n\n<p>Na p\u00f3\u0142metku konkursu miejsce trzecie zajmowa\u0142 Kamil Stoch, maj\u0105c przy tym wi\u0119ksze szanse na zdobycie medalu, jednak to jego kolega z dru\u017cyny okaza\u0142 si\u0119 lepszy. Kubacki zaj\u0105\u0142 trzecie miejsce, zaraz po zwyci\u0119zcy Ryoyu Kobayashim i drugim Manuelu Fettnerze. Jest to tym samym pierwszy indywidualny medal olimpijski Dawida. <\/p>\n\n\n\n<p>Kamil Stoch ostatecznie zaj\u0105\u0142 miejsce sz\u00f3ste, Piotr \u017by\u0142a dwudzieste pierwsze, a Stefan Hula dwudzieste sz\u00f3ste. Wszyscy nasi zawodnicy pozytywnie nas zaskoczyli &#8211; w ko\u0144cu przez wi\u0119kszo\u015b\u0107 sezonu ich wyniki by\u0142y niezadowalaj\u0105ce. Nasi skoczkowie po raz kolejny pokazali, \u017ce nie ma rzeczy niemo\u017cliwych!<\/p>\n\n\n\n<p>Pierwszy konkurs m\u0119\u017cczyzn w skokach narciarskich w Pekinie zdecydowanie nie by\u0142 przewidywalny. Podobnie jak w sobotnim konkursie kobiet, warunki pozwala\u0142y na oddawanie bardzo d\u0142ugich skok\u00f3w. Niestety nie zawsze przek\u0142ada\u0142o si\u0119 to na wyniki &#8211; niekt\u00f3rzy zawodnicy, jak na przyk\u0142ad Kamil Stoch w drugiej serii, trafili s\u0142abo i zabrak\u0142o im szcz\u0119\u015bcia. <\/p>\n\n\n\n<p>Co prawda jest to pierwszy medal olimpijski Kubackiego, ale nale\u017cy wspomnie\u0107 o jego wcze\u015bniejszych sukcesach. Nasz skoczek jest mi\u0119dzy innymi mistrzem \u015bwiata i zwyci\u0119zc\u0105 Turnieju Czterech Skoczni. Miejmy nadziej\u0119, \u017ce w przysz\u0142o\u015bci jego dorobek medalowy b\u0119dzie si\u0119 powi\u0119ksza\u0142!<\/p>\n","protected":false},"excerpt":{"rendered":"<p>Dawid Kubacki zosta\u0142 br\u0105zowym medalist\u0105 olimpijskim w skokach narciarskich na skoczni normalnej. W niedziel\u0119 6 lutego wywalczy\u0142 pierwszy na tych Igrzyskach kr\u0105\u017cek dla Polski. <\/p>\n","protected":false},"author":23,"featured_media":2130,"comment_status":"closed","ping_status":"closed","sticky":false,"template":"","format":"standard","meta":{"colormag_page_container_layout":"default_layout","colormag_page_sidebar_layout":"default_layout","_jetpack_memberships_contains_paid_content":false,"footnotes":"","_links_to":"","_links_to_target":""},"categories":[9],"tags":[107,108,106,109],"class_list":["post-2127","post","type-post","status-publish","format-standard","has-post-thumbnail","hentry","category-sport","tag-igrzyskaolimpijskie","tag-io","tag-pekin2022","tag-skokinarciarskie"],"yoast_head":"<!-- This site is optimized with the Yoast SEO plugin v27.4 - https:\/\/yoast.com\/product\/yoast-seo-wordpress\/ -->\n<title>Pierwszy medal olimpijski dla Polski - Dawid Kubacki z br\u0105zem! - NOTABENE.WORLD<\/title>\n<meta name=\"robots\" content=\"index, follow, max-snippet:-1, max-image-preview:large, max-video-preview:-1\" \/>\n<link rel=\"canonical\" href=\"https:\/\/notabene.world\/nb\/pierwszy-medal-olimpijski-dla-polski-w-pekinie-dawid-kubacki-z-brazem\/\" \/>\n<meta property=\"og:locale\" content=\"pl_PL\" \/>\n<meta property=\"og:type\" content=\"article\" \/>\n<meta property=\"og:title\" content=\"Pierwszy medal olimpijski dla Polski - Dawid Kubacki z br\u0105zem! - NOTABENE.WORLD\" \/>\n<meta property=\"og:description\" content=\"Dawid Kubacki zosta\u0142 br\u0105zowym medalist\u0105 olimpijskim w skokach narciarskich na skoczni normalnej. W niedziel\u0119 6 lutego wywalczy\u0142 pierwszy na tych Igrzyskach kr\u0105\u017cek dla Polski.\" \/>\n<meta property=\"og:url\" content=\"https:\/\/notabene.world\/nb\/pierwszy-medal-olimpijski-dla-polski-w-pekinie-dawid-kubacki-z-brazem\/\" \/>\n<meta property=\"og:site_name\" content=\"NOTABENE.WORLD\" \/>\n<meta property=\"article:publisher\" content=\"https:\/\/www.facebook.com\/Notabene.World\" \/>\n<meta property=\"article:published_time\" content=\"2022-02-06T13:58:25+00:00\" \/>\n<meta property=\"article:modified_time\" content=\"2022-02-20T22:34:08+00:00\" \/>\n<meta property=\"og:image\" content=\"https:\/\/notabene.world\/nb\/wp-content\/uploads\/2022\/02\/000EGGYJXF92KNJR-C122-F4.jpg\" \/>\n\t<meta property=\"og:image:width\" content=\"815\" \/>\n\t<meta property=\"og:image:height\" content=\"543\" \/>\n\t<meta property=\"og:image:type\" content=\"image\/jpeg\" \/>\n<meta name=\"author\" content=\"M. Hoffmann\" \/>\n<meta name=\"twitter:card\" content=\"summary_large_image\" \/>\n<meta name=\"twitter:label1\" content=\"Napisane przez\" \/>\n\t<meta name=\"twitter:data1\" content=\"M. Hoffmann\" \/>\n\t<meta name=\"twitter:label2\" content=\"Szacowany czas czytania\" \/>\n\t<meta name=\"twitter:data2\" content=\"2 minuty\" \/>\n<script type=\"application\/ld+json\" class=\"yoast-schema-graph\">{\"@context\":\"https:\\\/\\\/schema.org\",\"@graph\":[{\"@type\":\"Article\",\"@id\":\"https:\\\/\\\/notabene.world\\\/nb\\\/pierwszy-medal-olimpijski-dla-polski-w-pekinie-dawid-kubacki-z-brazem\\\/#article\",\"isPartOf\":{\"@id\":\"https:\\\/\\\/notabene.world\\\/nb\\\/pierwszy-medal-olimpijski-dla-polski-w-pekinie-dawid-kubacki-z-brazem\\\/\"},\"author\":{\"name\":\"M. Hoffmann\",\"@id\":\"https:\\\/\\\/notabene.world\\\/nb\\\/#\\\/schema\\\/person\\\/331faf5f761ee67ad7d5d058fd8df849\"},\"headline\":\"Pierwszy medal olimpijski dla Polski &#8211; Dawid Kubacki z br\u0105zem!\",\"datePublished\":\"2022-02-06T13:58:25+00:00\",\"dateModified\":\"2022-02-20T22:34:08+00:00\",\"mainEntityOfPage\":{\"@id\":\"https:\\\/\\\/notabene.world\\\/nb\\\/pierwszy-medal-olimpijski-dla-polski-w-pekinie-dawid-kubacki-z-brazem\\\/\"},\"wordCount\":245,\"publisher\":{\"@id\":\"https:\\\/\\\/notabene.world\\\/nb\\\/#organization\"},\"image\":{\"@id\":\"https:\\\/\\\/notabene.world\\\/nb\\\/pierwszy-medal-olimpijski-dla-polski-w-pekinie-dawid-kubacki-z-brazem\\\/#primaryimage\"},\"thumbnailUrl\":\"https:\\\/\\\/i0.wp.com\\\/notabene.world\\\/nb\\\/wp-content\\\/uploads\\\/2022\\\/02\\\/000EGGYJXF92KNJR-C122-F4.jpg?fit=815%2C543&ssl=1\",\"keywords\":[\"igrzyskaolimpijskie\",\"io\",\"pekin2022\",\"skokinarciarskie\"],\"articleSection\":[\"Sport\"],\"inLanguage\":\"pl-PL\"},{\"@type\":\"WebPage\",\"@id\":\"https:\\\/\\\/notabene.world\\\/nb\\\/pierwszy-medal-olimpijski-dla-polski-w-pekinie-dawid-kubacki-z-brazem\\\/\",\"url\":\"https:\\\/\\\/notabene.world\\\/nb\\\/pierwszy-medal-olimpijski-dla-polski-w-pekinie-dawid-kubacki-z-brazem\\\/\",\"name\":\"Pierwszy medal olimpijski dla Polski - Dawid Kubacki z br\u0105zem! - NOTABENE.WORLD\",\"isPartOf\":{\"@id\":\"https:\\\/\\\/notabene.world\\\/nb\\\/#website\"},\"primaryImageOfPage\":{\"@id\":\"https:\\\/\\\/notabene.world\\\/nb\\\/pierwszy-medal-olimpijski-dla-polski-w-pekinie-dawid-kubacki-z-brazem\\\/#primaryimage\"},\"image\":{\"@id\":\"https:\\\/\\\/notabene.world\\\/nb\\\/pierwszy-medal-olimpijski-dla-polski-w-pekinie-dawid-kubacki-z-brazem\\\/#primaryimage\"},\"thumbnailUrl\":\"https:\\\/\\\/i0.wp.com\\\/notabene.world\\\/nb\\\/wp-content\\\/uploads\\\/2022\\\/02\\\/000EGGYJXF92KNJR-C122-F4.jpg?fit=815%2C543&ssl=1\",\"datePublished\":\"2022-02-06T13:58:25+00:00\",\"dateModified\":\"2022-02-20T22:34:08+00:00\",\"breadcrumb\":{\"@id\":\"https:\\\/\\\/notabene.world\\\/nb\\\/pierwszy-medal-olimpijski-dla-polski-w-pekinie-dawid-kubacki-z-brazem\\\/#breadcrumb\"},\"inLanguage\":\"pl-PL\",\"potentialAction\":[{\"@type\":\"ReadAction\",\"target\":[\"https:\\\/\\\/notabene.world\\\/nb\\\/pierwszy-medal-olimpijski-dla-polski-w-pekinie-dawid-kubacki-z-brazem\\\/\"]}]},{\"@type\":\"ImageObject\",\"inLanguage\":\"pl-PL\",\"@id\":\"https:\\\/\\\/notabene.world\\\/nb\\\/pierwszy-medal-olimpijski-dla-polski-w-pekinie-dawid-kubacki-z-brazem\\\/#primaryimage\",\"url\":\"https:\\\/\\\/i0.wp.com\\\/notabene.world\\\/nb\\\/wp-content\\\/uploads\\\/2022\\\/02\\\/000EGGYJXF92KNJR-C122-F4.jpg?fit=815%2C543&ssl=1\",\"contentUrl\":\"https:\\\/\\\/i0.wp.com\\\/notabene.world\\\/nb\\\/wp-content\\\/uploads\\\/2022\\\/02\\\/000EGGYJXF92KNJR-C122-F4.jpg?fit=815%2C543&ssl=1\",\"width\":815,\"height\":543},{\"@type\":\"BreadcrumbList\",\"@id\":\"https:\\\/\\\/notabene.world\\\/nb\\\/pierwszy-medal-olimpijski-dla-polski-w-pekinie-dawid-kubacki-z-brazem\\\/#breadcrumb\",\"itemListElement\":[{\"@type\":\"ListItem\",\"position\":1,\"name\":\"Home\",\"item\":\"https:\\\/\\\/notabene.world\\\/nb\\\/\"},{\"@type\":\"ListItem\",\"position\":2,\"name\":\"Pierwszy medal olimpijski dla Polski &#8211; Dawid Kubacki z br\u0105zem!\"}]},{\"@type\":\"WebSite\",\"@id\":\"https:\\\/\\\/notabene.world\\\/nb\\\/#website\",\"url\":\"https:\\\/\\\/notabene.world\\\/nb\\\/\",\"name\":\"NOTABENE.WORLD\",\"description\":\"Przekaz. Warto\u015bci. Wsp\u00f3lnota.\",\"publisher\":{\"@id\":\"https:\\\/\\\/notabene.world\\\/nb\\\/#organization\"},\"potentialAction\":[{\"@type\":\"SearchAction\",\"target\":{\"@type\":\"EntryPoint\",\"urlTemplate\":\"https:\\\/\\\/notabene.world\\\/nb\\\/?s={search_term_string}\"},\"query-input\":{\"@type\":\"PropertyValueSpecification\",\"valueRequired\":true,\"valueName\":\"search_term_string\"}}],\"inLanguage\":\"pl-PL\"},{\"@type\":\"Organization\",\"@id\":\"https:\\\/\\\/notabene.world\\\/nb\\\/#organization\",\"name\":\"NOTABENE.WORLD\",\"url\":\"https:\\\/\\\/notabene.world\\\/nb\\\/\",\"logo\":{\"@type\":\"ImageObject\",\"inLanguage\":\"pl-PL\",\"@id\":\"https:\\\/\\\/notabene.world\\\/nb\\\/#\\\/schema\\\/logo\\\/image\\\/\",\"url\":\"https:\\\/\\\/notabene.world\\\/nb\\\/wp-content\\\/uploads\\\/2022\\\/01\\\/NB-club-start-www1.jpg\",\"contentUrl\":\"https:\\\/\\\/notabene.world\\\/nb\\\/wp-content\\\/uploads\\\/2022\\\/01\\\/NB-club-start-www1.jpg\",\"width\":1000,\"height\":839,\"caption\":\"NOTABENE.WORLD\"},\"image\":{\"@id\":\"https:\\\/\\\/notabene.world\\\/nb\\\/#\\\/schema\\\/logo\\\/image\\\/\"},\"sameAs\":[\"https:\\\/\\\/www.facebook.com\\\/Notabene.World\"]},{\"@type\":\"Person\",\"@id\":\"https:\\\/\\\/notabene.world\\\/nb\\\/#\\\/schema\\\/person\\\/331faf5f761ee67ad7d5d058fd8df849\",\"name\":\"M. Hoffmann\",\"image\":{\"@type\":\"ImageObject\",\"inLanguage\":\"pl-PL\",\"@id\":\"https:\\\/\\\/secure.gravatar.com\\\/avatar\\\/7d680551b50541a2eb4d9f0eeb5ec73e8b7b30a37b96432deb5650eabb999f24?s=96&d=mm&r=g\",\"url\":\"https:\\\/\\\/secure.gravatar.com\\\/avatar\\\/7d680551b50541a2eb4d9f0eeb5ec73e8b7b30a37b96432deb5650eabb999f24?s=96&d=mm&r=g\",\"contentUrl\":\"https:\\\/\\\/secure.gravatar.com\\\/avatar\\\/7d680551b50541a2eb4d9f0eeb5ec73e8b7b30a37b96432deb5650eabb999f24?s=96&d=mm&r=g\",\"caption\":\"M. Hoffmann\"},\"url\":\"https:\\\/\\\/notabene.world\\\/nb\\\/author\\\/m-h\\\/\"}]}<\/script>\n<!-- \/ Yoast SEO plugin. -->","yoast_head_json":{"title":"Pierwszy medal olimpijski dla Polski - Dawid Kubacki z br\u0105zem! - NOTABENE.WORLD","robots":{"index":"index","follow":"follow","max-snippet":"max-snippet:-1","max-image-preview":"max-image-preview:large","max-video-preview":"max-video-preview:-1"},"canonical":"https:\/\/notabene.world\/nb\/pierwszy-medal-olimpijski-dla-polski-w-pekinie-dawid-kubacki-z-brazem\/","og_locale":"pl_PL","og_type":"article","og_title":"Pierwszy medal olimpijski dla Polski - Dawid Kubacki z br\u0105zem! - NOTABENE.WORLD","og_description":"Dawid Kubacki zosta\u0142 br\u0105zowym medalist\u0105 olimpijskim w skokach narciarskich na skoczni normalnej. W niedziel\u0119 6 lutego wywalczy\u0142 pierwszy na tych Igrzyskach kr\u0105\u017cek dla Polski.","og_url":"https:\/\/notabene.world\/nb\/pierwszy-medal-olimpijski-dla-polski-w-pekinie-dawid-kubacki-z-brazem\/","og_site_name":"NOTABENE.WORLD","article_publisher":"https:\/\/www.facebook.com\/Notabene.World","article_published_time":"2022-02-06T13:58:25+00:00","article_modified_time":"2022-02-20T22:34:08+00:00","og_image":[{"width":815,"height":543,"url":"https:\/\/notabene.world\/nb\/wp-content\/uploads\/2022\/02\/000EGGYJXF92KNJR-C122-F4.jpg","type":"image\/jpeg"}],"author":"M. Hoffmann","twitter_card":"summary_large_image","twitter_misc":{"Napisane przez":"M. Hoffmann","Szacowany czas czytania":"2 minuty"},"schema":{"@context":"https:\/\/schema.org","@graph":[{"@type":"Article","@id":"https:\/\/notabene.world\/nb\/pierwszy-medal-olimpijski-dla-polski-w-pekinie-dawid-kubacki-z-brazem\/#article","isPartOf":{"@id":"https:\/\/notabene.world\/nb\/pierwszy-medal-olimpijski-dla-polski-w-pekinie-dawid-kubacki-z-brazem\/"},"author":{"name":"M. Hoffmann","@id":"https:\/\/notabene.world\/nb\/#\/schema\/person\/331faf5f761ee67ad7d5d058fd8df849"},"headline":"Pierwszy medal olimpijski dla Polski &#8211; Dawid Kubacki z br\u0105zem!","datePublished":"2022-02-06T13:58:25+00:00","dateModified":"2022-02-20T22:34:08+00:00","mainEntityOfPage":{"@id":"https:\/\/notabene.world\/nb\/pierwszy-medal-olimpijski-dla-polski-w-pekinie-dawid-kubacki-z-brazem\/"},"wordCount":245,"publisher":{"@id":"https:\/\/notabene.world\/nb\/#organization"},"image":{"@id":"https:\/\/notabene.world\/nb\/pierwszy-medal-olimpijski-dla-polski-w-pekinie-dawid-kubacki-z-brazem\/#primaryimage"},"thumbnailUrl":"https:\/\/i0.wp.com\/notabene.world\/nb\/wp-content\/uploads\/2022\/02\/000EGGYJXF92KNJR-C122-F4.jpg?fit=815%2C543&ssl=1","keywords":["igrzyskaolimpijskie","io","pekin2022","skokinarciarskie"],"articleSection":["Sport"],"inLanguage":"pl-PL"},{"@type":"WebPage","@id":"https:\/\/notabene.world\/nb\/pierwszy-medal-olimpijski-dla-polski-w-pekinie-dawid-kubacki-z-brazem\/","url":"https:\/\/notabene.world\/nb\/pierwszy-medal-olimpijski-dla-polski-w-pekinie-dawid-kubacki-z-brazem\/","name":"Pierwszy medal olimpijski dla Polski - Dawid Kubacki z br\u0105zem! - NOTABENE.WORLD","isPartOf":{"@id":"https:\/\/notabene.world\/nb\/#website"},"primaryImageOfPage":{"@id":"https:\/\/notabene.world\/nb\/pierwszy-medal-olimpijski-dla-polski-w-pekinie-dawid-kubacki-z-brazem\/#primaryimage"},"image":{"@id":"https:\/\/notabene.world\/nb\/pierwszy-medal-olimpijski-dla-polski-w-pekinie-dawid-kubacki-z-brazem\/#primaryimage"},"thumbnailUrl":"https:\/\/i0.wp.com\/notabene.world\/nb\/wp-content\/uploads\/2022\/02\/000EGGYJXF92KNJR-C122-F4.jpg?fit=815%2C543&ssl=1","datePublished":"2022-02-06T13:58:25+00:00","dateModified":"2022-02-20T22:34:08+00:00","breadcrumb":{"@id":"https:\/\/notabene.world\/nb\/pierwszy-medal-olimpijski-dla-polski-w-pekinie-dawid-kubacki-z-brazem\/#breadcrumb"},"inLanguage":"pl-PL","potentialAction":[{"@type":"ReadAction","target":["https:\/\/notabene.world\/nb\/pierwszy-medal-olimpijski-dla-polski-w-pekinie-dawid-kubacki-z-brazem\/"]}]},{"@type":"ImageObject","inLanguage":"pl-PL","@id":"https:\/\/notabene.world\/nb\/pierwszy-medal-olimpijski-dla-polski-w-pekinie-dawid-kubacki-z-brazem\/#primaryimage","url":"https:\/\/i0.wp.com\/notabene.world\/nb\/wp-content\/uploads\/2022\/02\/000EGGYJXF92KNJR-C122-F4.jpg?fit=815%2C543&ssl=1","contentUrl":"https:\/\/i0.wp.com\/notabene.world\/nb\/wp-content\/uploads\/2022\/02\/000EGGYJXF92KNJR-C122-F4.jpg?fit=815%2C543&ssl=1","width":815,"height":543},{"@type":"BreadcrumbList","@id":"https:\/\/notabene.world\/nb\/pierwszy-medal-olimpijski-dla-polski-w-pekinie-dawid-kubacki-z-brazem\/#breadcrumb","itemListElement":[{"@type":"ListItem","position":1,"name":"Home","item":"https:\/\/notabene.world\/nb\/"},{"@type":"ListItem","position":2,"name":"Pierwszy medal olimpijski dla Polski &#8211; Dawid Kubacki z br\u0105zem!"}]},{"@type":"WebSite","@id":"https:\/\/notabene.world\/nb\/#website","url":"https:\/\/notabene.world\/nb\/","name":"NOTABENE.WORLD","description":"Przekaz. Warto\u015bci. Wsp\u00f3lnota.","publisher":{"@id":"https:\/\/notabene.world\/nb\/#organization"},"potentialAction":[{"@type":"SearchAction","target":{"@type":"EntryPoint","urlTemplate":"https:\/\/notabene.world\/nb\/?s={search_term_string}"},"query-input":{"@type":"PropertyValueSpecification","valueRequired":true,"valueName":"search_term_string"}}],"inLanguage":"pl-PL"},{"@type":"Organization","@id":"https:\/\/notabene.world\/nb\/#organization","name":"NOTABENE.WORLD","url":"https:\/\/notabene.world\/nb\/","logo":{"@type":"ImageObject","inLanguage":"pl-PL","@id":"https:\/\/notabene.world\/nb\/#\/schema\/logo\/image\/","url":"https:\/\/notabene.world\/nb\/wp-content\/uploads\/2022\/01\/NB-club-start-www1.jpg","contentUrl":"https:\/\/notabene.world\/nb\/wp-content\/uploads\/2022\/01\/NB-club-start-www1.jpg","width":1000,"height":839,"caption":"NOTABENE.WORLD"},"image":{"@id":"https:\/\/notabene.world\/nb\/#\/schema\/logo\/image\/"},"sameAs":["https:\/\/www.facebook.com\/Notabene.World"]},{"@type":"Person","@id":"https:\/\/notabene.world\/nb\/#\/schema\/person\/331faf5f761ee67ad7d5d058fd8df849","name":"M. Hoffmann","image":{"@type":"ImageObject","inLanguage":"pl-PL","@id":"https:\/\/secure.gravatar.com\/avatar\/7d680551b50541a2eb4d9f0eeb5ec73e8b7b30a37b96432deb5650eabb999f24?s=96&d=mm&r=g","url":"https:\/\/secure.gravatar.com\/avatar\/7d680551b50541a2eb4d9f0eeb5ec73e8b7b30a37b96432deb5650eabb999f24?s=96&d=mm&r=g","contentUrl":"https:\/\/secure.gravatar.com\/avatar\/7d680551b50541a2eb4d9f0eeb5ec73e8b7b30a37b96432deb5650eabb999f24?s=96&d=mm&r=g","caption":"M. Hoffmann"},"url":"https:\/\/notabene.world\/nb\/author\/m-h\/"}]}},"jetpack_featured_media_url":"https:\/\/i0.wp.com\/notabene.world\/nb\/wp-content\/uploads\/2022\/02\/000EGGYJXF92KNJR-C122-F4.jpg?fit=815%2C543&ssl=1","jetpack_sharing_enabled":true,"jetpack_shortlink":"https:\/\/wp.me\/pdCobN-yj","_links":{"self":[{"href":"https:\/\/notabene.world\/nb\/wp-json\/wp\/v2\/posts\/2127","targetHints":{"allow":["GET"]}}],"collection":[{"href":"https:\/\/notabene.world\/nb\/wp-json\/wp\/v2\/posts"}],"about":[{"href":"https:\/\/notabene.world\/nb\/wp-json\/wp\/v2\/types\/post"}],"author":[{"embeddable":true,"href":"https:\/\/notabene.world\/nb\/wp-json\/wp\/v2\/users\/23"}],"replies":[{"embeddable":true,"href":"https:\/\/notabene.world\/nb\/wp-json\/wp\/v2\/comments?post=2127"}],"version-history":[{"count":3,"href":"https:\/\/notabene.world\/nb\/wp-json\/wp\/v2\/posts\/2127\/revisions"}],"predecessor-version":[{"id":2265,"href":"https:\/\/notabene.world\/nb\/wp-json\/wp\/v2\/posts\/2127\/revisions\/2265"}],"wp:featuredmedia":[{"embeddable":true,"href":"https:\/\/notabene.world\/nb\/wp-json\/wp\/v2\/media\/2130"}],"wp:attachment":[{"href":"https:\/\/notabene.world\/nb\/wp-json\/wp\/v2\/media?parent=2127"}],"wp:term":[{"taxonomy":"category","embeddable":true,"href":"https:\/\/notabene.world\/nb\/wp-json\/wp\/v2\/categories?post=2127"},{"taxonomy":"post_tag","embeddable":true,"href":"https:\/\/notabene.world\/nb\/wp-json\/wp\/v2\/tags?post=2127"}],"curies":[{"name":"wp","href":"https:\/\/api.w.org\/{rel}","templated":true}]}}