{"id":2244,"date":"2022-02-08T22:31:00","date_gmt":"2022-02-08T21:31:00","guid":{"rendered":"https:\/\/notabene.world\/nb\/?p=2244"},"modified":"2024-03-19T05:54:02","modified_gmt":"2024-03-19T04:54:02","slug":"mistrz-i-malgorzata-w-teatrze-muzycznym-w-gdyni-recenzja","status":"publish","type":"post","link":"https:\/\/notabene.world\/nb\/mistrz-i-malgorzata-w-teatrze-muzycznym-w-gdyni-recenzja\/","title":{"rendered":"\u201eMistrz i Ma\u0142gorzata\u201d w Teatrze Muzycznym w Gdyni \u2013 recenzja"},"content":{"rendered":"\n<p class=\"has-drop-cap has-text-align-left\">W pi\u0105tek, czwartego dnia lutego, mia\u0142am nieopisan\u0105 przyjemno\u015b\u0107 obejrze\u0107, wyre\u017cyserowany przez <strong>Janusza J\u00f3zefowicza<\/strong>, spektakl <strong>\u201eMistrz i Ma\u0142gorzata\u201d<\/strong>. Ju\u017c sama atmosfera, doskonale znanego, gdy\u0144skiego, <strong>Teatru Muzycznego<\/strong> zapewnia\u0142a ka\u017cdemu go\u015bciowi, przyjemnie \u015bciskaj\u0105ce w \u017co\u0142\u0105dku uczucie wyczekiwania i podniecenia. Generalnie, do\u015bwiadczenie teatru zawsze wzbudza\u0142o we mnie ci\u0119\u017ckie do opisania emocje, emocje z pogranicza ekscytacji oraz melancholijnej zadumy. Czekaj\u0105c na wej\u015bcie do budynku patrzy\u0142am na bilet z wyznaczonym miejscem w lewej lo\u017cy. Stara\u0142am si\u0119 nie da\u0107 temu dzieci\u0119cemu rozgor\u0105czkowaniu przej\u0105\u0107 nade mn\u0105 zupe\u0142nej kontroli. Odwiedza\u0142am przecie\u017c powa\u017cy teatr, by obejrze\u0107 powa\u017cny spektakl, traktuj\u0105cy o powa\u017cnych tematach. Je\u015bli mam by\u0107 szczera, czytaj\u0105c ksi\u0105\u017ck\u0119 Bu\u0142hakowa dwa czy trzy lata wcze\u015bniej, nie zosta\u0142am jej fank\u0105. Wola\u0142am w\u00f3wczas realistyczny i bole\u015bnie przyziemny \u201dRok 1984\u201d Orwella, ni\u017c lataj\u0105ce nad miastem kobiety i gadaj\u0105ce koty. I wtedy zacz\u0105\u0142 si\u0119 spektakl, a ja momentalnie pokocha\u0142am lataj\u0105ce nad miastem kobiety i gadaj\u0105ce koty.<\/p>\n\n\n\n<p class=\"has-text-align-left\">Ci\u0119\u017cko dok\u0142adnie opisa\u0107 to do\u015bwiadczenie. Ci\u0119\u017cko odda\u0107 emocje i atmosfer\u0119 w spos\u00f3b, kt\u00f3ry pozwoli osobom nie b\u0119d\u0105cym na tym spektaklu, zrozumie\u0107 je chocia\u017c w pewnym stopniu. Przecudowna, zapieraj\u0105ca dech scenografia<strong> Andrzeja Poniedzielskiego<\/strong> jest niemo\u017cliwa do zobrazowania znanymi mi s\u0142owami. Staraj\u0105c si\u0119 jednak \u2013 jak to na recenzj\u0119 przysta\u0142o \u2013 cho\u0107 odrobin\u0119 merytorycznie uj\u0105\u0107 temat, spr\u00f3buj\u0119 to zrobi\u0107. Musicie mie\u0107 jednak Pa\u0144stwo \u015bwiadomo\u015b\u0107 niemo\u017cno\u015bci zupe\u0142nego odzwierciedlenia. Zatem \u2013 na pocz\u0105tek \u2013 pragn\u0119 podkre\u015bli\u0107 dok\u0142adno\u015b\u0107 i staranno\u015b\u0107 scenografii. Zawiera\u0142a ona wiele drobnych element\u00f3w, szczeg\u00f3\u0142\u00f3w, kt\u00f3re, mimo \u017ce nie rzuca\u0142y si\u0119 w oczy, by\u0142y perfekcyjnym \u201edopieszczeniem\u201d przedstawianego widowni obrazu. By\u0142a zachowana w dobrym smaku, w konkretnym klimacie, nawet obskurno\u015b\u0107, brud i staro\u015b\u0107 klatki schodowej zosta\u0142y przedstawione w spos\u00f3b estetyczny, a zarazem adekwatny. Scenografia w przera\u017caj\u0105co dobry spos\u00f3b przenosi\u0142a widza w realia stalinowskiej Rosji, co u mnie wywo\u0142a\u0142o niemal namacalny l\u0119k i niepok\u00f3j. Stanowi\u0142a genialny \u0142\u0105cznik mi\u0119dzy alternatywn\u0105 histori\u0105 z powie\u015bci rozgrywaj\u0105cej si\u0119 w Jerozolimie, a faktycznym miejscem akcji \u2013 Moskw\u0105. Widowni\u0119 dos\u0142ownie uderza\u0142o to przej\u015bcie, wprowadza\u0142o zamierzone zdezorientowanie, tak jakby kto\u015b nagle zamkn\u0105\u0142 czytan\u0105 przez nas powie\u015b\u0107, a my w pierwszym momencie nie potrafimy odnale\u017a\u0107 si\u0119 w nieksi\u0105\u017ckowej rzeczywisto\u015bci. Cho\u0107 widywa\u0142am wiele interesuj\u0105cych scenografii i niekonwencjonalnych rozwi\u0105za\u0144, scenografia Andrzeja Poniedzielskiego z pewno\u015bci\u0105 by\u0142a najlepsz\u0105 jak\u0105 mia\u0142am okazj\u0119 zobaczy\u0107.<\/p>\n\n\n\n<p class=\"has-text-align-left\">Spektakl w Teatrze Muzycznym nie m\u00f3g\u0142by si\u0119 obej\u015b\u0107 bez odbieraj\u0105cej mow\u0119 muzyki. Sama nie wiem od czego zacz\u0105\u0107. Z pewno\u015bci\u0105 nale\u017c\u0105 si\u0119 g\u0142\u0119bokie pok\u0142ony, wspomnianemu ju\u017c, <strong>Andrzejowi Poniedzielskiemu<\/strong>, za niebanalne, g\u0142\u0119bokie, wpadaj\u0105ce w ucho teksty piosenek. S\u0142owa by\u0142y poruszaj\u0105ce, ale to w po\u0142\u0105czeniu z muzyk\u0105 <strong>Janusza Stok\u0142osy<\/strong>, powodowa\u0142y dreszcze na mojej sk\u00f3rze niemal nieustannie. Nie spos\u00f3b nie zwr\u00f3ci\u0107 uwagi na przejmuj\u0105c\u0105 muzyk\u0119, kt\u00f3ra pot\u0119gowa\u0142a emocje i wra\u017cenia. Orkiestra zas\u0142uguje na owacje na stoj\u0105co za wprawienie mnie w stan niemego os\u0142upienia. No i oczywi\u015bcie g\u0142osy aktor\u00f3w, kt\u00f3rzy swoim wykonaniem odbierali mow\u0119. Jak nietrudno zauwa\u017cy\u0107, jestem oczarowana muzyk\u0105 ze spektaklu i \u0142amie mi si\u0119 serce z my\u015bl, \u017ce jej wi\u0119cej nie us\u0142ysz\u0119. Ch\u0142on\u0119\u0142am j\u0105 ca\u0142\u0105 sob\u0105 staraj\u0105c si\u0119 zamkn\u0105\u0107 j\u0105 w swojej pami\u0119ci.<\/p>\n\n\n\n<p class=\"has-text-align-left\">Gra aktorska r\u00f3wnie\u017c przypad\u0142a mi do gustu. Fenomenalny <strong>Robert Gonera <\/strong>odda\u0142 Wolanda jako tajemniczego, czasem ironicznego, pe\u0142nego znudzenia i oboj\u0119tno\u015bci. Uwa\u017cam jego gr\u0119 za zdecydowanie \u015bwietn\u0105, co jedynie potwierdzaj\u0105 wyra\u017anie dono\u015bniejsze oklaski na jego uk\u0142on, ze strony, z pewno\u015bci\u0105 ju\u017c zm\u0119czonej brawami, widowni. Pozostali aktorzy r\u00f3wnie genialni. Poza absolutnie dobrze zagranymi podstacjami Mistrza (<strong>Jakub Brucheiser<\/strong>) oraz Ma\u0142gorzaty (<strong>Beata K\u0119pa<\/strong>), wyj\u0105tkowo przypad\u0142a mi do gustu posta\u0107 Pi\u0142ata, w kt\u00f3r\u0105 wcieli\u0142 si\u0119 <strong>Krzysztof Kowalski<\/strong>. Uwa\u017cam, \u017ce dobrze zagra\u0142 niepewno\u015b\u0107 i wahanie, kt\u00f3re bohater stara\u0142 si\u0119 ukry\u0107 pod warstw\u0105 pot\u0119gi, twardo\u015bci i nieugi\u0119to\u015bci.<\/p>\n\n\n\n<p class=\"has-text-align-left\">Po samych ochach i achach, o kt\u00f3rych mo\u017cna jeszcze m\u00f3wi\u0107 i m\u00f3wi\u0107 w kontek\u015bcie choreografii, znakomitych kostium\u00f3w, gry \u015bwiat\u0142em itp., przyszed\u0142 czas na odrobin\u0119 goryczy. Musicie wiedzie\u0107, \u017ce spektakl ten jest spektaklem dwuaktowym, ma zatem zaplanowan\u0105 jedn\u0105 przerw\u0119. Po cz\u0119\u015bci pierwszej, zupe\u0142nie oczarowana, na mi\u0119kkich nogach wysz\u0142am z sali chc\u0105c och\u0142on\u0105\u0107. Ze znajomo\u015bci ksi\u0105\u017cki Bu\u0142hakowa, wiedzia\u0142am czego mniej wi\u0119cej spodziewa\u0107 si\u0119 fabularnie w akcie drugim, co jedynie wzbudzi\u0142o moj\u0105 ciekawo\u015b\u0107 odno\u015bnie mo\u017cliwych rozwi\u0105za\u0144. Akt drugi z pewno\u015bci\u0105 mia\u0142 wi\u0119kszy potencja\u0142 na zaskoczenie widza ni\u017c akt pierwszy. A wi\u0119c g\u0142odna wra\u017ce\u0144, rozpieszczona pierwsz\u0105 cz\u0119\u015bci\u0105 sztuki, liczy\u0142am na absolutne czary. I faktycznie by\u0142y sceny, kt\u00f3re mnie zaskoczy\u0142y, kt\u00f3re by\u0142y absolutnie znakomite, przyk\u0142adowo scena ukrzy\u017cowania. Jednak to na co czeka\u0142am, a mianowicie, latanie Ma\u0142gorzaty nad miastem, zosta\u0142o rozwi\u0105zane w nieco rozczarowuj\u0105cy spos\u00f3b. Mianowicie, by\u0142o to rozwi\u0105zanie komputerowe, polegaj\u0105ce na technologicznym sprawieniu wra\u017cenia tr\u00f3jwymiarowego latania bohaterki. Efekt by\u0142 interesuj\u0105cy, chocia\u017c nie ukrywam lekkiego zawodu. Mia\u0142am to szcz\u0119\u015bcie ogl\u0105da\u0107 spektakl z lo\u017cy, wiem jednak, \u017ce osoby z pierwszych rz\u0119dach odczuwa\u0142y lekki dyskomfort zwi\u0105zany z tym efektem. Przez niewielk\u0105 odleg\u0142o\u015b\u0107 jaka dzieli\u0142a ich od sceny, nie byli w stanie dostrzec wszystkich jego walor\u00f3w. Obrazy przestawione w ten elektroniczny spos\u00f3b odst\u0119powa\u0142y od og\u00f3lnej estetyki i charakteru sztuki. W pewnych momentach odnosi\u0142am wra\u017cenie, i\u017c ogl\u0105dam \u201eHarry\u2019ego Pottera\u201d, kt\u00f3ry diametralnie r\u00f3\u017cni si\u0119 klimatem od \u201eMistrza i Ma\u0142gorzaty\u201d. Osobi\u015bcie uwa\u017cam animacje za nienaturalnie i sztucznie przed\u0142u\u017cone, pozostawiaj\u0105ce uczucie lekkiego za\u017cenowania , a przede wszystkim wytr\u0105caj\u0105ce ze skupienia i atmosfery spektaklu.<\/p>\n\n\n\n<p class=\"has-text-align-left\">Drugi akt sztuki nie zostawi\u0142 po sobie takiego \u201ewow\u201d jakiego oczekiwa\u0142am i na jaki liczy\u0142am. Mimo to ma mi\u0119kkich nogach klaska\u0142am ile tylko mia\u0142am si\u0142. Uwa\u017cam ten spektakl za zdecydowanie dobry, chocia\u017c nie bez zastrze\u017ce\u0144. Niejednokrotnie doprowadzi\u0142 mnie do \u0142ez z nadmiaru r\u00f3\u017cnych emocji (niekoniecznie smutku), trz\u0119s\u0142am si\u0119 i obejmowa\u0142am ramionami z nat\u0119\u017cenia wra\u017ce\u0144. Cho\u0107 uwa\u017cam, \u017ce s\u0105 elementy, kt\u00f3re mo\u017cna by by\u0142o poprawi\u0107, by\u0142 to jeden z lepszych spektakli jakie mia\u0142am przyjemno\u015b\u0107 ogl\u0105da\u0107.<\/p>\n","protected":false},"excerpt":{"rendered":"<p>W ubieg\u0142y pi\u0105tek, czwartego dnia lutego, mia\u0142am nieopisan\u0105 przyjemno\u015b\u0107 obejrze\u0107, wyre\u017cyserowany przez Janusza J\u00f3zefowicza, spektakl \u201eMistrz i Ma\u0142gorzata\u201d. Ju\u017c sama atmosfera, doskonale znanego, gdy\u0144skiego, Teatru Muzycznego zapewnia\u0142a ka\u017cdemu go\u015bciowi, przyjemnie \u015bciskaj\u0105ce w \u017co\u0142\u0105dku uczucie wyczekiwania i podniecenia.<\/p>\n","protected":false},"author":26,"featured_media":2259,"comment_status":"closed","ping_status":"closed","sticky":false,"template":"","format":"standard","meta":{"colormag_page_container_layout":"no_sidebar_content_centered","colormag_page_sidebar_layout":"no_sidebar","_jetpack_memberships_contains_paid_content":false,"footnotes":"","_links_to":"","_links_to_target":""},"categories":[6,5,41,40],"tags":[117,113,52,114,115,62,116,118,51,112],"class_list":["post-2244","post","type-post","status-publish","format-standard","has-post-thumbnail","hentry","category-kultura","category-muzyka","category-sztuka","category-teatr","tag-aktorzy","tag-gdynia","tag-kultura","tag-mim","tag-mistrzimalgorzata","tag-muzyka","tag-recenzja","tag-scenografia","tag-teatr","tag-teatrmuzyczny"],"yoast_head":"<!-- This site is optimized with the Yoast SEO plugin v27.4 - https:\/\/yoast.com\/product\/yoast-seo-wordpress\/ -->\n<title>\u201eMistrz i Ma\u0142gorzata\u201d w Teatrze Muzycznym w Gdyni \u2013 recenzja - NOTABENE.WORLD<\/title>\n<meta name=\"robots\" content=\"index, follow, max-snippet:-1, max-image-preview:large, max-video-preview:-1\" \/>\n<link rel=\"canonical\" href=\"https:\/\/notabene.world\/nb\/mistrz-i-malgorzata-w-teatrze-muzycznym-w-gdyni-recenzja\/\" \/>\n<meta property=\"og:locale\" content=\"pl_PL\" \/>\n<meta property=\"og:type\" content=\"article\" \/>\n<meta property=\"og:title\" content=\"\u201eMistrz i Ma\u0142gorzata\u201d w Teatrze Muzycznym w Gdyni \u2013 recenzja - NOTABENE.WORLD\" \/>\n<meta property=\"og:description\" content=\"W ubieg\u0142y pi\u0105tek, czwartego dnia lutego, mia\u0142am nieopisan\u0105 przyjemno\u015b\u0107 obejrze\u0107, wyre\u017cyserowany przez Janusza J\u00f3zefowicza, spektakl \u201eMistrz i Ma\u0142gorzata\u201d. Ju\u017c sama atmosfera, doskonale znanego, gdy\u0144skiego, Teatru Muzycznego zapewnia\u0142a ka\u017cdemu go\u015bciowi, przyjemnie \u015bciskaj\u0105ce w \u017co\u0142\u0105dku uczucie wyczekiwania i podniecenia.\" \/>\n<meta property=\"og:url\" content=\"https:\/\/notabene.world\/nb\/mistrz-i-malgorzata-w-teatrze-muzycznym-w-gdyni-recenzja\/\" \/>\n<meta property=\"og:site_name\" content=\"NOTABENE.WORLD\" \/>\n<meta property=\"article:publisher\" content=\"https:\/\/www.facebook.com\/Notabene.World\" \/>\n<meta property=\"article:published_time\" content=\"2022-02-08T21:31:00+00:00\" \/>\n<meta property=\"article:modified_time\" content=\"2024-03-19T04:54:02+00:00\" \/>\n<meta property=\"og:image\" content=\"https:\/\/notabene.world\/nb\/wp-content\/uploads\/2022\/02\/MiM_small-1.jpgmmm-1.jpg\" \/>\n\t<meta property=\"og:image:width\" content=\"800\" \/>\n\t<meta property=\"og:image:height\" content=\"445\" \/>\n\t<meta property=\"og:image:type\" content=\"image\/jpeg\" \/>\n<meta name=\"author\" content=\"Adrianna G\u0105sior\" \/>\n<meta name=\"twitter:card\" content=\"summary_large_image\" \/>\n<meta name=\"twitter:label1\" content=\"Napisane przez\" \/>\n\t<meta name=\"twitter:data1\" content=\"Adrianna G\u0105sior\" \/>\n\t<meta name=\"twitter:label2\" content=\"Szacowany czas czytania\" \/>\n\t<meta name=\"twitter:data2\" content=\"6 minut\" \/>\n<script type=\"application\/ld+json\" class=\"yoast-schema-graph\">{\"@context\":\"https:\\\/\\\/schema.org\",\"@graph\":[{\"@type\":\"Article\",\"@id\":\"https:\\\/\\\/notabene.world\\\/nb\\\/mistrz-i-malgorzata-w-teatrze-muzycznym-w-gdyni-recenzja\\\/#article\",\"isPartOf\":{\"@id\":\"https:\\\/\\\/notabene.world\\\/nb\\\/mistrz-i-malgorzata-w-teatrze-muzycznym-w-gdyni-recenzja\\\/\"},\"author\":{\"name\":\"Adrianna G\u0105sior\",\"@id\":\"https:\\\/\\\/notabene.world\\\/nb\\\/#\\\/schema\\\/person\\\/7b458cfdb858dc03397c92a0559fc2af\"},\"headline\":\"\u201eMistrz i Ma\u0142gorzata\u201d w Teatrze Muzycznym w Gdyni \u2013 recenzja\",\"datePublished\":\"2022-02-08T21:31:00+00:00\",\"dateModified\":\"2024-03-19T04:54:02+00:00\",\"mainEntityOfPage\":{\"@id\":\"https:\\\/\\\/notabene.world\\\/nb\\\/mistrz-i-malgorzata-w-teatrze-muzycznym-w-gdyni-recenzja\\\/\"},\"wordCount\":1126,\"publisher\":{\"@id\":\"https:\\\/\\\/notabene.world\\\/nb\\\/#organization\"},\"image\":{\"@id\":\"https:\\\/\\\/notabene.world\\\/nb\\\/mistrz-i-malgorzata-w-teatrze-muzycznym-w-gdyni-recenzja\\\/#primaryimage\"},\"thumbnailUrl\":\"https:\\\/\\\/i0.wp.com\\\/notabene.world\\\/nb\\\/wp-content\\\/uploads\\\/2022\\\/02\\\/MiM_small-1.jpgmmm-1.jpg?fit=800%2C445&ssl=1\",\"keywords\":[\"#aktorzy\",\"#gdynia\",\"#kultura\",\"#MiM\",\"#MistrziMa\u0142gorzata\",\"#muzyka\",\"#recenzja\",\"#scenografia\",\"#teatr\",\"#teatrmuzyczny\"],\"articleSection\":[\"Kultura\",\"Muzyka\",\"Sztuka\",\"Teatr\"],\"inLanguage\":\"pl-PL\"},{\"@type\":\"WebPage\",\"@id\":\"https:\\\/\\\/notabene.world\\\/nb\\\/mistrz-i-malgorzata-w-teatrze-muzycznym-w-gdyni-recenzja\\\/\",\"url\":\"https:\\\/\\\/notabene.world\\\/nb\\\/mistrz-i-malgorzata-w-teatrze-muzycznym-w-gdyni-recenzja\\\/\",\"name\":\"\u201eMistrz i Ma\u0142gorzata\u201d w Teatrze Muzycznym w Gdyni \u2013 recenzja - NOTABENE.WORLD\",\"isPartOf\":{\"@id\":\"https:\\\/\\\/notabene.world\\\/nb\\\/#website\"},\"primaryImageOfPage\":{\"@id\":\"https:\\\/\\\/notabene.world\\\/nb\\\/mistrz-i-malgorzata-w-teatrze-muzycznym-w-gdyni-recenzja\\\/#primaryimage\"},\"image\":{\"@id\":\"https:\\\/\\\/notabene.world\\\/nb\\\/mistrz-i-malgorzata-w-teatrze-muzycznym-w-gdyni-recenzja\\\/#primaryimage\"},\"thumbnailUrl\":\"https:\\\/\\\/i0.wp.com\\\/notabene.world\\\/nb\\\/wp-content\\\/uploads\\\/2022\\\/02\\\/MiM_small-1.jpgmmm-1.jpg?fit=800%2C445&ssl=1\",\"datePublished\":\"2022-02-08T21:31:00+00:00\",\"dateModified\":\"2024-03-19T04:54:02+00:00\",\"breadcrumb\":{\"@id\":\"https:\\\/\\\/notabene.world\\\/nb\\\/mistrz-i-malgorzata-w-teatrze-muzycznym-w-gdyni-recenzja\\\/#breadcrumb\"},\"inLanguage\":\"pl-PL\",\"potentialAction\":[{\"@type\":\"ReadAction\",\"target\":[\"https:\\\/\\\/notabene.world\\\/nb\\\/mistrz-i-malgorzata-w-teatrze-muzycznym-w-gdyni-recenzja\\\/\"]}]},{\"@type\":\"ImageObject\",\"inLanguage\":\"pl-PL\",\"@id\":\"https:\\\/\\\/notabene.world\\\/nb\\\/mistrz-i-malgorzata-w-teatrze-muzycznym-w-gdyni-recenzja\\\/#primaryimage\",\"url\":\"https:\\\/\\\/i0.wp.com\\\/notabene.world\\\/nb\\\/wp-content\\\/uploads\\\/2022\\\/02\\\/MiM_small-1.jpgmmm-1.jpg?fit=800%2C445&ssl=1\",\"contentUrl\":\"https:\\\/\\\/i0.wp.com\\\/notabene.world\\\/nb\\\/wp-content\\\/uploads\\\/2022\\\/02\\\/MiM_small-1.jpgmmm-1.jpg?fit=800%2C445&ssl=1\",\"width\":800,\"height\":445},{\"@type\":\"BreadcrumbList\",\"@id\":\"https:\\\/\\\/notabene.world\\\/nb\\\/mistrz-i-malgorzata-w-teatrze-muzycznym-w-gdyni-recenzja\\\/#breadcrumb\",\"itemListElement\":[{\"@type\":\"ListItem\",\"position\":1,\"name\":\"Home\",\"item\":\"https:\\\/\\\/notabene.world\\\/nb\\\/\"},{\"@type\":\"ListItem\",\"position\":2,\"name\":\"\u201eMistrz i Ma\u0142gorzata\u201d w Teatrze Muzycznym w Gdyni \u2013 recenzja\"}]},{\"@type\":\"WebSite\",\"@id\":\"https:\\\/\\\/notabene.world\\\/nb\\\/#website\",\"url\":\"https:\\\/\\\/notabene.world\\\/nb\\\/\",\"name\":\"NOTABENE.WORLD\",\"description\":\"Przekaz. Warto\u015bci. Wsp\u00f3lnota.\",\"publisher\":{\"@id\":\"https:\\\/\\\/notabene.world\\\/nb\\\/#organization\"},\"potentialAction\":[{\"@type\":\"SearchAction\",\"target\":{\"@type\":\"EntryPoint\",\"urlTemplate\":\"https:\\\/\\\/notabene.world\\\/nb\\\/?s={search_term_string}\"},\"query-input\":{\"@type\":\"PropertyValueSpecification\",\"valueRequired\":true,\"valueName\":\"search_term_string\"}}],\"inLanguage\":\"pl-PL\"},{\"@type\":\"Organization\",\"@id\":\"https:\\\/\\\/notabene.world\\\/nb\\\/#organization\",\"name\":\"NOTABENE.WORLD\",\"url\":\"https:\\\/\\\/notabene.world\\\/nb\\\/\",\"logo\":{\"@type\":\"ImageObject\",\"inLanguage\":\"pl-PL\",\"@id\":\"https:\\\/\\\/notabene.world\\\/nb\\\/#\\\/schema\\\/logo\\\/image\\\/\",\"url\":\"https:\\\/\\\/notabene.world\\\/nb\\\/wp-content\\\/uploads\\\/2022\\\/01\\\/NB-club-start-www1.jpg\",\"contentUrl\":\"https:\\\/\\\/notabene.world\\\/nb\\\/wp-content\\\/uploads\\\/2022\\\/01\\\/NB-club-start-www1.jpg\",\"width\":1000,\"height\":839,\"caption\":\"NOTABENE.WORLD\"},\"image\":{\"@id\":\"https:\\\/\\\/notabene.world\\\/nb\\\/#\\\/schema\\\/logo\\\/image\\\/\"},\"sameAs\":[\"https:\\\/\\\/www.facebook.com\\\/Notabene.World\"]},{\"@type\":\"Person\",\"@id\":\"https:\\\/\\\/notabene.world\\\/nb\\\/#\\\/schema\\\/person\\\/7b458cfdb858dc03397c92a0559fc2af\",\"name\":\"Adrianna G\u0105sior\",\"image\":{\"@type\":\"ImageObject\",\"inLanguage\":\"pl-PL\",\"@id\":\"https:\\\/\\\/secure.gravatar.com\\\/avatar\\\/edf034836f11a0b5a9962f87ccd88313c0b196bffe1785e05f0289e659b51b58?s=96&d=mm&r=g\",\"url\":\"https:\\\/\\\/secure.gravatar.com\\\/avatar\\\/edf034836f11a0b5a9962f87ccd88313c0b196bffe1785e05f0289e659b51b58?s=96&d=mm&r=g\",\"contentUrl\":\"https:\\\/\\\/secure.gravatar.com\\\/avatar\\\/edf034836f11a0b5a9962f87ccd88313c0b196bffe1785e05f0289e659b51b58?s=96&d=mm&r=g\",\"caption\":\"Adrianna G\u0105sior\"},\"url\":\"https:\\\/\\\/notabene.world\\\/nb\\\/author\\\/a-g\\\/\"}]}<\/script>\n<!-- \/ Yoast SEO plugin. -->","yoast_head_json":{"title":"\u201eMistrz i Ma\u0142gorzata\u201d w Teatrze Muzycznym w Gdyni \u2013 recenzja - NOTABENE.WORLD","robots":{"index":"index","follow":"follow","max-snippet":"max-snippet:-1","max-image-preview":"max-image-preview:large","max-video-preview":"max-video-preview:-1"},"canonical":"https:\/\/notabene.world\/nb\/mistrz-i-malgorzata-w-teatrze-muzycznym-w-gdyni-recenzja\/","og_locale":"pl_PL","og_type":"article","og_title":"\u201eMistrz i Ma\u0142gorzata\u201d w Teatrze Muzycznym w Gdyni \u2013 recenzja - NOTABENE.WORLD","og_description":"W ubieg\u0142y pi\u0105tek, czwartego dnia lutego, mia\u0142am nieopisan\u0105 przyjemno\u015b\u0107 obejrze\u0107, wyre\u017cyserowany przez Janusza J\u00f3zefowicza, spektakl \u201eMistrz i Ma\u0142gorzata\u201d. Ju\u017c sama atmosfera, doskonale znanego, gdy\u0144skiego, Teatru Muzycznego zapewnia\u0142a ka\u017cdemu go\u015bciowi, przyjemnie \u015bciskaj\u0105ce w \u017co\u0142\u0105dku uczucie wyczekiwania i podniecenia.","og_url":"https:\/\/notabene.world\/nb\/mistrz-i-malgorzata-w-teatrze-muzycznym-w-gdyni-recenzja\/","og_site_name":"NOTABENE.WORLD","article_publisher":"https:\/\/www.facebook.com\/Notabene.World","article_published_time":"2022-02-08T21:31:00+00:00","article_modified_time":"2024-03-19T04:54:02+00:00","og_image":[{"width":800,"height":445,"url":"https:\/\/notabene.world\/nb\/wp-content\/uploads\/2022\/02\/MiM_small-1.jpgmmm-1.jpg","type":"image\/jpeg"}],"author":"Adrianna G\u0105sior","twitter_card":"summary_large_image","twitter_misc":{"Napisane przez":"Adrianna G\u0105sior","Szacowany czas czytania":"6 minut"},"schema":{"@context":"https:\/\/schema.org","@graph":[{"@type":"Article","@id":"https:\/\/notabene.world\/nb\/mistrz-i-malgorzata-w-teatrze-muzycznym-w-gdyni-recenzja\/#article","isPartOf":{"@id":"https:\/\/notabene.world\/nb\/mistrz-i-malgorzata-w-teatrze-muzycznym-w-gdyni-recenzja\/"},"author":{"name":"Adrianna G\u0105sior","@id":"https:\/\/notabene.world\/nb\/#\/schema\/person\/7b458cfdb858dc03397c92a0559fc2af"},"headline":"\u201eMistrz i Ma\u0142gorzata\u201d w Teatrze Muzycznym w Gdyni \u2013 recenzja","datePublished":"2022-02-08T21:31:00+00:00","dateModified":"2024-03-19T04:54:02+00:00","mainEntityOfPage":{"@id":"https:\/\/notabene.world\/nb\/mistrz-i-malgorzata-w-teatrze-muzycznym-w-gdyni-recenzja\/"},"wordCount":1126,"publisher":{"@id":"https:\/\/notabene.world\/nb\/#organization"},"image":{"@id":"https:\/\/notabene.world\/nb\/mistrz-i-malgorzata-w-teatrze-muzycznym-w-gdyni-recenzja\/#primaryimage"},"thumbnailUrl":"https:\/\/i0.wp.com\/notabene.world\/nb\/wp-content\/uploads\/2022\/02\/MiM_small-1.jpgmmm-1.jpg?fit=800%2C445&ssl=1","keywords":["#aktorzy","#gdynia","#kultura","#MiM","#MistrziMa\u0142gorzata","#muzyka","#recenzja","#scenografia","#teatr","#teatrmuzyczny"],"articleSection":["Kultura","Muzyka","Sztuka","Teatr"],"inLanguage":"pl-PL"},{"@type":"WebPage","@id":"https:\/\/notabene.world\/nb\/mistrz-i-malgorzata-w-teatrze-muzycznym-w-gdyni-recenzja\/","url":"https:\/\/notabene.world\/nb\/mistrz-i-malgorzata-w-teatrze-muzycznym-w-gdyni-recenzja\/","name":"\u201eMistrz i Ma\u0142gorzata\u201d w Teatrze Muzycznym w Gdyni \u2013 recenzja - NOTABENE.WORLD","isPartOf":{"@id":"https:\/\/notabene.world\/nb\/#website"},"primaryImageOfPage":{"@id":"https:\/\/notabene.world\/nb\/mistrz-i-malgorzata-w-teatrze-muzycznym-w-gdyni-recenzja\/#primaryimage"},"image":{"@id":"https:\/\/notabene.world\/nb\/mistrz-i-malgorzata-w-teatrze-muzycznym-w-gdyni-recenzja\/#primaryimage"},"thumbnailUrl":"https:\/\/i0.wp.com\/notabene.world\/nb\/wp-content\/uploads\/2022\/02\/MiM_small-1.jpgmmm-1.jpg?fit=800%2C445&ssl=1","datePublished":"2022-02-08T21:31:00+00:00","dateModified":"2024-03-19T04:54:02+00:00","breadcrumb":{"@id":"https:\/\/notabene.world\/nb\/mistrz-i-malgorzata-w-teatrze-muzycznym-w-gdyni-recenzja\/#breadcrumb"},"inLanguage":"pl-PL","potentialAction":[{"@type":"ReadAction","target":["https:\/\/notabene.world\/nb\/mistrz-i-malgorzata-w-teatrze-muzycznym-w-gdyni-recenzja\/"]}]},{"@type":"ImageObject","inLanguage":"pl-PL","@id":"https:\/\/notabene.world\/nb\/mistrz-i-malgorzata-w-teatrze-muzycznym-w-gdyni-recenzja\/#primaryimage","url":"https:\/\/i0.wp.com\/notabene.world\/nb\/wp-content\/uploads\/2022\/02\/MiM_small-1.jpgmmm-1.jpg?fit=800%2C445&ssl=1","contentUrl":"https:\/\/i0.wp.com\/notabene.world\/nb\/wp-content\/uploads\/2022\/02\/MiM_small-1.jpgmmm-1.jpg?fit=800%2C445&ssl=1","width":800,"height":445},{"@type":"BreadcrumbList","@id":"https:\/\/notabene.world\/nb\/mistrz-i-malgorzata-w-teatrze-muzycznym-w-gdyni-recenzja\/#breadcrumb","itemListElement":[{"@type":"ListItem","position":1,"name":"Home","item":"https:\/\/notabene.world\/nb\/"},{"@type":"ListItem","position":2,"name":"\u201eMistrz i Ma\u0142gorzata\u201d w Teatrze Muzycznym w Gdyni \u2013 recenzja"}]},{"@type":"WebSite","@id":"https:\/\/notabene.world\/nb\/#website","url":"https:\/\/notabene.world\/nb\/","name":"NOTABENE.WORLD","description":"Przekaz. Warto\u015bci. Wsp\u00f3lnota.","publisher":{"@id":"https:\/\/notabene.world\/nb\/#organization"},"potentialAction":[{"@type":"SearchAction","target":{"@type":"EntryPoint","urlTemplate":"https:\/\/notabene.world\/nb\/?s={search_term_string}"},"query-input":{"@type":"PropertyValueSpecification","valueRequired":true,"valueName":"search_term_string"}}],"inLanguage":"pl-PL"},{"@type":"Organization","@id":"https:\/\/notabene.world\/nb\/#organization","name":"NOTABENE.WORLD","url":"https:\/\/notabene.world\/nb\/","logo":{"@type":"ImageObject","inLanguage":"pl-PL","@id":"https:\/\/notabene.world\/nb\/#\/schema\/logo\/image\/","url":"https:\/\/notabene.world\/nb\/wp-content\/uploads\/2022\/01\/NB-club-start-www1.jpg","contentUrl":"https:\/\/notabene.world\/nb\/wp-content\/uploads\/2022\/01\/NB-club-start-www1.jpg","width":1000,"height":839,"caption":"NOTABENE.WORLD"},"image":{"@id":"https:\/\/notabene.world\/nb\/#\/schema\/logo\/image\/"},"sameAs":["https:\/\/www.facebook.com\/Notabene.World"]},{"@type":"Person","@id":"https:\/\/notabene.world\/nb\/#\/schema\/person\/7b458cfdb858dc03397c92a0559fc2af","name":"Adrianna G\u0105sior","image":{"@type":"ImageObject","inLanguage":"pl-PL","@id":"https:\/\/secure.gravatar.com\/avatar\/edf034836f11a0b5a9962f87ccd88313c0b196bffe1785e05f0289e659b51b58?s=96&d=mm&r=g","url":"https:\/\/secure.gravatar.com\/avatar\/edf034836f11a0b5a9962f87ccd88313c0b196bffe1785e05f0289e659b51b58?s=96&d=mm&r=g","contentUrl":"https:\/\/secure.gravatar.com\/avatar\/edf034836f11a0b5a9962f87ccd88313c0b196bffe1785e05f0289e659b51b58?s=96&d=mm&r=g","caption":"Adrianna G\u0105sior"},"url":"https:\/\/notabene.world\/nb\/author\/a-g\/"}]}},"jetpack_featured_media_url":"https:\/\/i0.wp.com\/notabene.world\/nb\/wp-content\/uploads\/2022\/02\/MiM_small-1.jpgmmm-1.jpg?fit=800%2C445&ssl=1","jetpack_sharing_enabled":true,"jetpack_shortlink":"https:\/\/wp.me\/pdCobN-Ac","_links":{"self":[{"href":"https:\/\/notabene.world\/nb\/wp-json\/wp\/v2\/posts\/2244","targetHints":{"allow":["GET"]}}],"collection":[{"href":"https:\/\/notabene.world\/nb\/wp-json\/wp\/v2\/posts"}],"about":[{"href":"https:\/\/notabene.world\/nb\/wp-json\/wp\/v2\/types\/post"}],"author":[{"embeddable":true,"href":"https:\/\/notabene.world\/nb\/wp-json\/wp\/v2\/users\/26"}],"replies":[{"embeddable":true,"href":"https:\/\/notabene.world\/nb\/wp-json\/wp\/v2\/comments?post=2244"}],"version-history":[{"count":5,"href":"https:\/\/notabene.world\/nb\/wp-json\/wp\/v2\/posts\/2244\/revisions"}],"predecessor-version":[{"id":3159,"href":"https:\/\/notabene.world\/nb\/wp-json\/wp\/v2\/posts\/2244\/revisions\/3159"}],"wp:featuredmedia":[{"embeddable":true,"href":"https:\/\/notabene.world\/nb\/wp-json\/wp\/v2\/media\/2259"}],"wp:attachment":[{"href":"https:\/\/notabene.world\/nb\/wp-json\/wp\/v2\/media?parent=2244"}],"wp:term":[{"taxonomy":"category","embeddable":true,"href":"https:\/\/notabene.world\/nb\/wp-json\/wp\/v2\/categories?post=2244"},{"taxonomy":"post_tag","embeddable":true,"href":"https:\/\/notabene.world\/nb\/wp-json\/wp\/v2\/tags?post=2244"}],"curies":[{"name":"wp","href":"https:\/\/api.w.org\/{rel}","templated":true}]}}