{"id":2280,"date":"2022-02-08T13:06:00","date_gmt":"2022-02-08T12:06:00","guid":{"rendered":"https:\/\/notabene.world\/nb\/?p=2280"},"modified":"2022-02-17T15:28:50","modified_gmt":"2022-02-17T14:28:50","slug":"prof-stanislaw-zak-konczy-90-lat","status":"publish","type":"post","link":"https:\/\/notabene.world\/nb\/prof-stanislaw-zak-konczy-90-lat\/","title":{"rendered":"Profesor Stanis\u0142aw \u017bak ko\u0144czy 90 lat!"},"content":{"rendered":"\n<figure class=\"wp-block-embed aligncenter is-type-video is-provider-youtube wp-block-embed-youtube wp-embed-aspect-16-9 wp-has-aspect-ratio\"><div class=\"wp-block-embed__wrapper\">\n<span class=\"embed-youtube\" style=\"text-align:center; display: block;\"><iframe loading=\"lazy\" class=\"youtube-player\" width=\"800\" height=\"450\" src=\"https:\/\/www.youtube.com\/embed\/1f-whBs8VLA?version=3&#038;rel=1&#038;showsearch=0&#038;showinfo=1&#038;iv_load_policy=1&#038;fs=1&#038;hl=pl-PL&#038;autohide=2&#038;wmode=transparent\" allowfullscreen=\"true\" style=\"border:0;\" sandbox=\"allow-scripts allow-same-origin allow-popups allow-presentation allow-popups-to-escape-sandbox\"><\/iframe><\/span>\n<\/div><figcaption>Rozmowa z Profesorem Stanis\u0142awem \u017bakiem \u2013 28.12.2021<\/figcaption><\/figure>\n\n\n\n<figure class=\"wp-block-image size-large\"><img data-recalc-dims=\"1\" loading=\"lazy\" decoding=\"async\" width=\"800\" height=\"800\" src=\"https:\/\/i0.wp.com\/notabene.world\/nb\/wp-content\/uploads\/2022\/02\/20220208_155821-COLLAGE.jpg?resize=800%2C800&#038;ssl=1\" alt=\"\" class=\"wp-image-2290\" srcset=\"https:\/\/i0.wp.com\/notabene.world\/nb\/wp-content\/uploads\/2022\/02\/20220208_155821-COLLAGE.jpg?w=1024&amp;ssl=1 1024w, https:\/\/i0.wp.com\/notabene.world\/nb\/wp-content\/uploads\/2022\/02\/20220208_155821-COLLAGE.jpg?resize=300%2C300&amp;ssl=1 300w, https:\/\/i0.wp.com\/notabene.world\/nb\/wp-content\/uploads\/2022\/02\/20220208_155821-COLLAGE.jpg?resize=150%2C150&amp;ssl=1 150w, https:\/\/i0.wp.com\/notabene.world\/nb\/wp-content\/uploads\/2022\/02\/20220208_155821-COLLAGE.jpg?resize=768%2C768&amp;ssl=1 768w\" sizes=\"auto, (max-width: 800px) 100vw, 800px\" \/><\/figure>\n","protected":false},"excerpt":{"rendered":"","protected":false},"author":14,"featured_media":2281,"comment_status":"closed","ping_status":"closed","sticky":false,"template":"","format":"standard","meta":{"colormag_page_container_layout":"default_layout","colormag_page_sidebar_layout":"default_layout","_jetpack_memberships_contains_paid_content":false,"footnotes":"","_links_to":"","_links_to_target":""},"categories":[93,88],"tags":[],"class_list":["post-2280","post","type-post","status-publish","format-standard","has-post-thumbnail","hentry","category-1001-slow","category-fotoreportaze"],"yoast_head":"<!-- This site is optimized with the Yoast SEO plugin v27.4 - https:\/\/yoast.com\/product\/yoast-seo-wordpress\/ -->\n<title>Profesor Stanis\u0142aw \u017bak ko\u0144czy 90 lat! - NOTABENE.WORLD<\/title>\n<meta name=\"robots\" content=\"index, follow, max-snippet:-1, max-image-preview:large, max-video-preview:-1\" \/>\n<link rel=\"canonical\" href=\"https:\/\/notabene.world\/nb\/prof-stanislaw-zak-konczy-90-lat\/\" \/>\n<meta property=\"og:locale\" content=\"pl_PL\" \/>\n<meta property=\"og:type\" content=\"article\" \/>\n<meta property=\"og:title\" content=\"Profesor Stanis\u0142aw \u017bak ko\u0144czy 90 lat! - NOTABENE.WORLD\" \/>\n<meta property=\"og:url\" content=\"https:\/\/notabene.world\/nb\/prof-stanislaw-zak-konczy-90-lat\/\" \/>\n<meta property=\"og:site_name\" content=\"NOTABENE.WORLD\" \/>\n<meta property=\"article:publisher\" content=\"https:\/\/www.facebook.com\/Notabene.World\" \/>\n<meta property=\"article:published_time\" content=\"2022-02-08T12:06:00+00:00\" \/>\n<meta property=\"article:modified_time\" content=\"2022-02-17T14:28:50+00:00\" \/>\n<meta property=\"og:image\" content=\"https:\/\/notabene.world\/nb\/wp-content\/uploads\/2022\/02\/szak-2021.jpg\" \/>\n\t<meta property=\"og:image:width\" content=\"800\" \/>\n\t<meta property=\"og:image:height\" content=\"445\" \/>\n\t<meta property=\"og:image:type\" content=\"image\/jpeg\" \/>\n<meta name=\"author\" content=\"HoraCyk &amp; HoraCyk\" \/>\n<meta name=\"twitter:card\" content=\"summary_large_image\" \/>\n<meta name=\"twitter:label1\" content=\"Napisane przez\" \/>\n\t<meta name=\"twitter:data1\" content=\"HoraCyk &amp; HoraCyk\" \/>\n\t<meta name=\"twitter:label2\" content=\"Szacowany czas czytania\" \/>\n\t<meta name=\"twitter:data2\" content=\"1 minuta\" \/>\n<script type=\"application\/ld+json\" class=\"yoast-schema-graph\">{\"@context\":\"https:\\\/\\\/schema.org\",\"@graph\":[{\"@type\":\"Article\",\"@id\":\"https:\\\/\\\/notabene.world\\\/nb\\\/prof-stanislaw-zak-konczy-90-lat\\\/#article\",\"isPartOf\":{\"@id\":\"https:\\\/\\\/notabene.world\\\/nb\\\/prof-stanislaw-zak-konczy-90-lat\\\/\"},\"author\":{\"name\":\"HoraCyk &amp; HoraCyk\",\"@id\":\"https:\\\/\\\/notabene.world\\\/nb\\\/#\\\/schema\\\/person\\\/db81d96b2e97dc3d4a74bb45c778aa53\"},\"headline\":\"Profesor Stanis\u0142aw \u017bak ko\u0144czy 90 lat!\",\"datePublished\":\"2022-02-08T12:06:00+00:00\",\"dateModified\":\"2022-02-17T14:28:50+00:00\",\"mainEntityOfPage\":{\"@id\":\"https:\\\/\\\/notabene.world\\\/nb\\\/prof-stanislaw-zak-konczy-90-lat\\\/\"},\"wordCount\":18,\"publisher\":{\"@id\":\"https:\\\/\\\/notabene.world\\\/nb\\\/#organization\"},\"image\":{\"@id\":\"https:\\\/\\\/notabene.world\\\/nb\\\/prof-stanislaw-zak-konczy-90-lat\\\/#primaryimage\"},\"thumbnailUrl\":\"https:\\\/\\\/i0.wp.com\\\/notabene.world\\\/nb\\\/wp-content\\\/uploads\\\/2022\\\/02\\\/szak-2021.jpg?fit=800%2C445&ssl=1\",\"articleSection\":[\"1001 S\u0142\u00f3w\",\"Fotoreporta\u017ce\"],\"inLanguage\":\"pl-PL\"},{\"@type\":\"WebPage\",\"@id\":\"https:\\\/\\\/notabene.world\\\/nb\\\/prof-stanislaw-zak-konczy-90-lat\\\/\",\"url\":\"https:\\\/\\\/notabene.world\\\/nb\\\/prof-stanislaw-zak-konczy-90-lat\\\/\",\"name\":\"Profesor Stanis\u0142aw \u017bak ko\u0144czy 90 lat! - NOTABENE.WORLD\",\"isPartOf\":{\"@id\":\"https:\\\/\\\/notabene.world\\\/nb\\\/#website\"},\"primaryImageOfPage\":{\"@id\":\"https:\\\/\\\/notabene.world\\\/nb\\\/prof-stanislaw-zak-konczy-90-lat\\\/#primaryimage\"},\"image\":{\"@id\":\"https:\\\/\\\/notabene.world\\\/nb\\\/prof-stanislaw-zak-konczy-90-lat\\\/#primaryimage\"},\"thumbnailUrl\":\"https:\\\/\\\/i0.wp.com\\\/notabene.world\\\/nb\\\/wp-content\\\/uploads\\\/2022\\\/02\\\/szak-2021.jpg?fit=800%2C445&ssl=1\",\"datePublished\":\"2022-02-08T12:06:00+00:00\",\"dateModified\":\"2022-02-17T14:28:50+00:00\",\"breadcrumb\":{\"@id\":\"https:\\\/\\\/notabene.world\\\/nb\\\/prof-stanislaw-zak-konczy-90-lat\\\/#breadcrumb\"},\"inLanguage\":\"pl-PL\",\"potentialAction\":[{\"@type\":\"ReadAction\",\"target\":[\"https:\\\/\\\/notabene.world\\\/nb\\\/prof-stanislaw-zak-konczy-90-lat\\\/\"]}]},{\"@type\":\"ImageObject\",\"inLanguage\":\"pl-PL\",\"@id\":\"https:\\\/\\\/notabene.world\\\/nb\\\/prof-stanislaw-zak-konczy-90-lat\\\/#primaryimage\",\"url\":\"https:\\\/\\\/i0.wp.com\\\/notabene.world\\\/nb\\\/wp-content\\\/uploads\\\/2022\\\/02\\\/szak-2021.jpg?fit=800%2C445&ssl=1\",\"contentUrl\":\"https:\\\/\\\/i0.wp.com\\\/notabene.world\\\/nb\\\/wp-content\\\/uploads\\\/2022\\\/02\\\/szak-2021.jpg?fit=800%2C445&ssl=1\",\"width\":800,\"height\":445},{\"@type\":\"BreadcrumbList\",\"@id\":\"https:\\\/\\\/notabene.world\\\/nb\\\/prof-stanislaw-zak-konczy-90-lat\\\/#breadcrumb\",\"itemListElement\":[{\"@type\":\"ListItem\",\"position\":1,\"name\":\"Home\",\"item\":\"https:\\\/\\\/notabene.world\\\/nb\\\/\"},{\"@type\":\"ListItem\",\"position\":2,\"name\":\"Profesor Stanis\u0142aw \u017bak ko\u0144czy 90 lat!\"}]},{\"@type\":\"WebSite\",\"@id\":\"https:\\\/\\\/notabene.world\\\/nb\\\/#website\",\"url\":\"https:\\\/\\\/notabene.world\\\/nb\\\/\",\"name\":\"NOTABENE.WORLD\",\"description\":\"Przekaz. Warto\u015bci. Wsp\u00f3lnota.\",\"publisher\":{\"@id\":\"https:\\\/\\\/notabene.world\\\/nb\\\/#organization\"},\"potentialAction\":[{\"@type\":\"SearchAction\",\"target\":{\"@type\":\"EntryPoint\",\"urlTemplate\":\"https:\\\/\\\/notabene.world\\\/nb\\\/?s={search_term_string}\"},\"query-input\":{\"@type\":\"PropertyValueSpecification\",\"valueRequired\":true,\"valueName\":\"search_term_string\"}}],\"inLanguage\":\"pl-PL\"},{\"@type\":\"Organization\",\"@id\":\"https:\\\/\\\/notabene.world\\\/nb\\\/#organization\",\"name\":\"NOTABENE.WORLD\",\"url\":\"https:\\\/\\\/notabene.world\\\/nb\\\/\",\"logo\":{\"@type\":\"ImageObject\",\"inLanguage\":\"pl-PL\",\"@id\":\"https:\\\/\\\/notabene.world\\\/nb\\\/#\\\/schema\\\/logo\\\/image\\\/\",\"url\":\"https:\\\/\\\/notabene.world\\\/nb\\\/wp-content\\\/uploads\\\/2022\\\/01\\\/NB-club-start-www1.jpg\",\"contentUrl\":\"https:\\\/\\\/notabene.world\\\/nb\\\/wp-content\\\/uploads\\\/2022\\\/01\\\/NB-club-start-www1.jpg\",\"width\":1000,\"height\":839,\"caption\":\"NOTABENE.WORLD\"},\"image\":{\"@id\":\"https:\\\/\\\/notabene.world\\\/nb\\\/#\\\/schema\\\/logo\\\/image\\\/\"},\"sameAs\":[\"https:\\\/\\\/www.facebook.com\\\/Notabene.World\"]},{\"@type\":\"Person\",\"@id\":\"https:\\\/\\\/notabene.world\\\/nb\\\/#\\\/schema\\\/person\\\/db81d96b2e97dc3d4a74bb45c778aa53\",\"name\":\"HoraCyk &amp; HoraCyk\",\"image\":{\"@type\":\"ImageObject\",\"inLanguage\":\"pl-PL\",\"@id\":\"https:\\\/\\\/secure.gravatar.com\\\/avatar\\\/f00d2aa94c60055cc7150cd76fca4a20660d88f7243ebe59951a6633ea291ec9?s=96&d=mm&r=g\",\"url\":\"https:\\\/\\\/secure.gravatar.com\\\/avatar\\\/f00d2aa94c60055cc7150cd76fca4a20660d88f7243ebe59951a6633ea291ec9?s=96&d=mm&r=g\",\"contentUrl\":\"https:\\\/\\\/secure.gravatar.com\\\/avatar\\\/f00d2aa94c60055cc7150cd76fca4a20660d88f7243ebe59951a6633ea291ec9?s=96&d=mm&r=g\",\"caption\":\"HoraCyk &amp; HoraCyk\"},\"url\":\"https:\\\/\\\/notabene.world\\\/nb\\\/author\\\/nb\\\/\"}]}<\/script>\n<!-- \/ Yoast SEO plugin. -->","yoast_head_json":{"title":"Profesor Stanis\u0142aw \u017bak ko\u0144czy 90 lat! - NOTABENE.WORLD","robots":{"index":"index","follow":"follow","max-snippet":"max-snippet:-1","max-image-preview":"max-image-preview:large","max-video-preview":"max-video-preview:-1"},"canonical":"https:\/\/notabene.world\/nb\/prof-stanislaw-zak-konczy-90-lat\/","og_locale":"pl_PL","og_type":"article","og_title":"Profesor Stanis\u0142aw \u017bak ko\u0144czy 90 lat! - NOTABENE.WORLD","og_url":"https:\/\/notabene.world\/nb\/prof-stanislaw-zak-konczy-90-lat\/","og_site_name":"NOTABENE.WORLD","article_publisher":"https:\/\/www.facebook.com\/Notabene.World","article_published_time":"2022-02-08T12:06:00+00:00","article_modified_time":"2022-02-17T14:28:50+00:00","og_image":[{"width":800,"height":445,"url":"https:\/\/notabene.world\/nb\/wp-content\/uploads\/2022\/02\/szak-2021.jpg","type":"image\/jpeg"}],"author":"HoraCyk &amp; HoraCyk","twitter_card":"summary_large_image","twitter_misc":{"Napisane przez":"HoraCyk &amp; HoraCyk","Szacowany czas czytania":"1 minuta"},"schema":{"@context":"https:\/\/schema.org","@graph":[{"@type":"Article","@id":"https:\/\/notabene.world\/nb\/prof-stanislaw-zak-konczy-90-lat\/#article","isPartOf":{"@id":"https:\/\/notabene.world\/nb\/prof-stanislaw-zak-konczy-90-lat\/"},"author":{"name":"HoraCyk &amp; HoraCyk","@id":"https:\/\/notabene.world\/nb\/#\/schema\/person\/db81d96b2e97dc3d4a74bb45c778aa53"},"headline":"Profesor Stanis\u0142aw \u017bak ko\u0144czy 90 lat!","datePublished":"2022-02-08T12:06:00+00:00","dateModified":"2022-02-17T14:28:50+00:00","mainEntityOfPage":{"@id":"https:\/\/notabene.world\/nb\/prof-stanislaw-zak-konczy-90-lat\/"},"wordCount":18,"publisher":{"@id":"https:\/\/notabene.world\/nb\/#organization"},"image":{"@id":"https:\/\/notabene.world\/nb\/prof-stanislaw-zak-konczy-90-lat\/#primaryimage"},"thumbnailUrl":"https:\/\/i0.wp.com\/notabene.world\/nb\/wp-content\/uploads\/2022\/02\/szak-2021.jpg?fit=800%2C445&ssl=1","articleSection":["1001 S\u0142\u00f3w","Fotoreporta\u017ce"],"inLanguage":"pl-PL"},{"@type":"WebPage","@id":"https:\/\/notabene.world\/nb\/prof-stanislaw-zak-konczy-90-lat\/","url":"https:\/\/notabene.world\/nb\/prof-stanislaw-zak-konczy-90-lat\/","name":"Profesor Stanis\u0142aw \u017bak ko\u0144czy 90 lat! - NOTABENE.WORLD","isPartOf":{"@id":"https:\/\/notabene.world\/nb\/#website"},"primaryImageOfPage":{"@id":"https:\/\/notabene.world\/nb\/prof-stanislaw-zak-konczy-90-lat\/#primaryimage"},"image":{"@id":"https:\/\/notabene.world\/nb\/prof-stanislaw-zak-konczy-90-lat\/#primaryimage"},"thumbnailUrl":"https:\/\/i0.wp.com\/notabene.world\/nb\/wp-content\/uploads\/2022\/02\/szak-2021.jpg?fit=800%2C445&ssl=1","datePublished":"2022-02-08T12:06:00+00:00","dateModified":"2022-02-17T14:28:50+00:00","breadcrumb":{"@id":"https:\/\/notabene.world\/nb\/prof-stanislaw-zak-konczy-90-lat\/#breadcrumb"},"inLanguage":"pl-PL","potentialAction":[{"@type":"ReadAction","target":["https:\/\/notabene.world\/nb\/prof-stanislaw-zak-konczy-90-lat\/"]}]},{"@type":"ImageObject","inLanguage":"pl-PL","@id":"https:\/\/notabene.world\/nb\/prof-stanislaw-zak-konczy-90-lat\/#primaryimage","url":"https:\/\/i0.wp.com\/notabene.world\/nb\/wp-content\/uploads\/2022\/02\/szak-2021.jpg?fit=800%2C445&ssl=1","contentUrl":"https:\/\/i0.wp.com\/notabene.world\/nb\/wp-content\/uploads\/2022\/02\/szak-2021.jpg?fit=800%2C445&ssl=1","width":800,"height":445},{"@type":"BreadcrumbList","@id":"https:\/\/notabene.world\/nb\/prof-stanislaw-zak-konczy-90-lat\/#breadcrumb","itemListElement":[{"@type":"ListItem","position":1,"name":"Home","item":"https:\/\/notabene.world\/nb\/"},{"@type":"ListItem","position":2,"name":"Profesor Stanis\u0142aw \u017bak ko\u0144czy 90 lat!"}]},{"@type":"WebSite","@id":"https:\/\/notabene.world\/nb\/#website","url":"https:\/\/notabene.world\/nb\/","name":"NOTABENE.WORLD","description":"Przekaz. Warto\u015bci. Wsp\u00f3lnota.","publisher":{"@id":"https:\/\/notabene.world\/nb\/#organization"},"potentialAction":[{"@type":"SearchAction","target":{"@type":"EntryPoint","urlTemplate":"https:\/\/notabene.world\/nb\/?s={search_term_string}"},"query-input":{"@type":"PropertyValueSpecification","valueRequired":true,"valueName":"search_term_string"}}],"inLanguage":"pl-PL"},{"@type":"Organization","@id":"https:\/\/notabene.world\/nb\/#organization","name":"NOTABENE.WORLD","url":"https:\/\/notabene.world\/nb\/","logo":{"@type":"ImageObject","inLanguage":"pl-PL","@id":"https:\/\/notabene.world\/nb\/#\/schema\/logo\/image\/","url":"https:\/\/notabene.world\/nb\/wp-content\/uploads\/2022\/01\/NB-club-start-www1.jpg","contentUrl":"https:\/\/notabene.world\/nb\/wp-content\/uploads\/2022\/01\/NB-club-start-www1.jpg","width":1000,"height":839,"caption":"NOTABENE.WORLD"},"image":{"@id":"https:\/\/notabene.world\/nb\/#\/schema\/logo\/image\/"},"sameAs":["https:\/\/www.facebook.com\/Notabene.World"]},{"@type":"Person","@id":"https:\/\/notabene.world\/nb\/#\/schema\/person\/db81d96b2e97dc3d4a74bb45c778aa53","name":"HoraCyk &amp; HoraCyk","image":{"@type":"ImageObject","inLanguage":"pl-PL","@id":"https:\/\/secure.gravatar.com\/avatar\/f00d2aa94c60055cc7150cd76fca4a20660d88f7243ebe59951a6633ea291ec9?s=96&d=mm&r=g","url":"https:\/\/secure.gravatar.com\/avatar\/f00d2aa94c60055cc7150cd76fca4a20660d88f7243ebe59951a6633ea291ec9?s=96&d=mm&r=g","contentUrl":"https:\/\/secure.gravatar.com\/avatar\/f00d2aa94c60055cc7150cd76fca4a20660d88f7243ebe59951a6633ea291ec9?s=96&d=mm&r=g","caption":"HoraCyk &amp; HoraCyk"},"url":"https:\/\/notabene.world\/nb\/author\/nb\/"}]}},"jetpack_featured_media_url":"https:\/\/i0.wp.com\/notabene.world\/nb\/wp-content\/uploads\/2022\/02\/szak-2021.jpg?fit=800%2C445&ssl=1","jetpack_sharing_enabled":true,"jetpack_shortlink":"https:\/\/wp.me\/pdCobN-AM","_links":{"self":[{"href":"https:\/\/notabene.world\/nb\/wp-json\/wp\/v2\/posts\/2280","targetHints":{"allow":["GET"]}}],"collection":[{"href":"https:\/\/notabene.world\/nb\/wp-json\/wp\/v2\/posts"}],"about":[{"href":"https:\/\/notabene.world\/nb\/wp-json\/wp\/v2\/types\/post"}],"author":[{"embeddable":true,"href":"https:\/\/notabene.world\/nb\/wp-json\/wp\/v2\/users\/14"}],"replies":[{"embeddable":true,"href":"https:\/\/notabene.world\/nb\/wp-json\/wp\/v2\/comments?post=2280"}],"version-history":[{"count":5,"href":"https:\/\/notabene.world\/nb\/wp-json\/wp\/v2\/posts\/2280\/revisions"}],"predecessor-version":[{"id":2362,"href":"https:\/\/notabene.world\/nb\/wp-json\/wp\/v2\/posts\/2280\/revisions\/2362"}],"wp:featuredmedia":[{"embeddable":true,"href":"https:\/\/notabene.world\/nb\/wp-json\/wp\/v2\/media\/2281"}],"wp:attachment":[{"href":"https:\/\/notabene.world\/nb\/wp-json\/wp\/v2\/media?parent=2280"}],"wp:term":[{"taxonomy":"category","embeddable":true,"href":"https:\/\/notabene.world\/nb\/wp-json\/wp\/v2\/categories?post=2280"},{"taxonomy":"post_tag","embeddable":true,"href":"https:\/\/notabene.world\/nb\/wp-json\/wp\/v2\/tags?post=2280"}],"curies":[{"name":"wp","href":"https:\/\/api.w.org\/{rel}","templated":true}]}}