{"id":2369,"date":"2022-02-09T23:26:00","date_gmt":"2022-02-09T22:26:00","guid":{"rendered":"https:\/\/notabene.world\/nb\/?p=2369"},"modified":"2022-03-02T15:06:50","modified_gmt":"2022-03-02T14:06:50","slug":"lex-czarnek-przeglosowane-co-to-znaczy-dla-nas-wszystkich","status":"publish","type":"post","link":"https:\/\/notabene.world\/nb\/lex-czarnek-przeglosowane-co-to-znaczy-dla-nas-wszystkich\/","title":{"rendered":"&#8222;Lex Czarnek&#8221; przeg\u0142osowane. Co to oznacza dla nas wszystkich?"},"content":{"rendered":"\n<p>W \u015brod\u0119 9 lutego 2022 roku Sejm przeg\u0142osowa\u0142 ustaw\u0119 Lex Czarnek, teraz wszystko w r\u0119kach prezydenta.<\/p>\n\n\n\n<p>Ustawa sygnowana nazwiskiem Ministra Edukacji i Nauki Przemys\u0142awa Czarnka ju\u017c niebawem mo\u017ce zaistnie\u0107 w naszej szkolnej rzeczywisto\u015bci. My\u015bl\u0119, \u017ce ka\u017cdego jednak zastanawia, co ona zmieni?<\/p>\n\n\n\n<p>Znany z konserwatywnych pogl\u0105d\u00f3w Przemys\u0142aw Czarnek w swoich wypowiedziach nie stroni od przykrywania swoich absurdalnych wymys\u0142\u00f3w otoczk\u0105 pseudoochrony m\u0142odzie\u017cy w polskich szko\u0142ach. Ustawa Lex Czarnek zak\u0142ada m.in. zwi\u0119kszenie roli kuratora o\u015bwiaty, co oznacza, \u017ce ministerstwo na\u0142o\u017cy rygor na tre\u015bci przekazywane dzieciom w szko\u0142ach. Do tej pory przedstawiciele niezale\u017cnych politycznie organizacji spo\u0142ecznych, kt\u00f3rzy chcieli dzieli\u0107 si\u0119 swoj\u0105 wiedz\u0105 i do\u015bwiadczeniem z m\u0142odzie\u017c\u0105 szkoln\u0105, potrzebowali na to &#8222;tylko&#8221; zgody rodzic\u00f3w, dyrekcji szko\u0142y i grona pedagogicznego, natomiast teraz kontrol\u0119 nad tego typu wydarzeniami przejmie MEiN za po\u015brednictwem kurator\u00f3w. Czarnek uzasadnia to trosk\u0105 o bezpiecze\u0144stwo m\u0142odzie\u017cy, do kt\u00f3rej wed\u0142ug niego dociera aktualnie w szkole zbyt du\u017co demoralizuj\u0105cych tre\u015bci. Jednak co na to wszystko rodzice i nauczyciele, kt\u00f3rych po\u015brednio Czarnek oskar\u017ca o niekompetencje w wyborze tre\u015bci przekazywanych dzieciom? Co na to ludzie, kt\u00f3rzy chc\u0105, by ich dzieci \u015bwiadomie odr\u00f3\u017cnia\u0142y dobro i z\u0142o oraz zdobywa\u0142y wiedz\u0119 nie tylko podr\u0119cznikow\u0105, ale tak\u017ce przygotowuj\u0105c\u0105 je do \u017cycia w nowoczesnym spo\u0142ecze\u0144stwie?<\/p>\n\n\n\n<figure class=\"wp-block-embed is-type-rich is-provider-twitter wp-block-embed-twitter\"><div class=\"wp-block-embed__wrapper\">\n<blockquote class=\"twitter-tweet\" data-width=\"550\" data-dnt=\"true\"><p lang=\"pl\" dir=\"ltr\">By\u0142am w VIII klasie, kiedy Marek Jurek proponowa\u0142 wprowadzenie do szk\u00f3\u0142 kar cielesnych i ograniczano prawa kobiet, poprzez ograniczanie praw do aborcji. To mnie zniech\u0119ci\u0142o do ko\u0144ca \u017cycia do wszelkich konserwatywnych partii, powo\u0142uj\u0105cych si\u0119 na Boga. <a href=\"https:\/\/twitter.com\/hashtag\/LexCzarnek?src=hash&amp;ref_src=twsrc%5Etfw\">#LexCzarnek<\/a><\/p>&mdash; Lucyna Relewicz #FBPE ***** *** \u270c\ufe0f\ufe0f\ud83c\uddf5\ud83c\uddf1\ud83c\uddea\ud83c\uddfa (@ReLucyna) <a href=\"https:\/\/twitter.com\/ReLucyna\/status\/1491496522931974147?ref_src=twsrc%5Etfw\">February 9, 2022<\/a><\/blockquote><script async src=\"https:\/\/platform.twitter.com\/widgets.js\" charset=\"utf-8\"><\/script>\n<\/div><\/figure>\n\n\n\n<p>Ca\u0142a fantazja pracy nauczyciela, kt\u00f3r\u0105 ma szans\u0119 objawi\u0107 w niekonwencjonalnym sposobie prowadzenia lekcji, maj\u0105cym zaciekawi\u0107 ucznia, zacznie zagra\u017ca\u0107 jego posadzie, na przekazywanie wielu edukacyjnych tre\u015bci m.in. na temat organizacji wspieraj\u0105cych LGBTQ+ i m\u00f3wi\u0105cych otwarcie o seksuologii, kuratorium mo\u017ce nie wyda\u0107 zgody, co podobno mia\u0142oby zwi\u0119kszy\u0107 \u015bwiadomo\u015b\u0107 uczni\u00f3w i rodzic\u00f3w. Istniej\u0105 podejrzenia, \u017ce jako pierwszy tak\u0105 odmow\u0119  otrzyma WO\u015aP, lubiana przez uczni\u00f3w akcja R\u00f3\u017cowa Skrzyneczka oraz przedstawiciele firm takich jak Always, prowadz\u0105cych prelekcje na temat dojrzewania. Minister najwidoczniej pragnie zamkn\u0105\u0107 umys\u0142y m\u0142odych na wiedz\u0119 o kszta\u0142towaniu samo\u015bwiadomo\u015bci, przez prawdopodobny strach o wykszta\u0142cenie os\u00f3b zbyt my\u015bl\u0105cych jak na jego standardy.<\/p>\n\n\n\n<p>Dodatkowo ustawa zak\u0142ada zmniejszenie kompetencji w\u00f3jt\u00f3w, burmistrz\u00f3w i prezydent\u00f3w miast w zakresie wp\u0142ywu na obsad\u0119 stanowisk kierowniczych w szko\u0142ach, na co r\u00f3wnie\u017c wi\u0119kszy wp\u0142yw b\u0119dzie mia\u0142o kuratorium. Wielu nieuzasadnienie &#8222;nieodpowiednich&#8221; dyrektor\u00f3w mo\u017ce zosta\u0107 poddanych do dymisji, przez niestosowanie si\u0119 do zalece\u0144 kuratorium.<\/p>\n\n\n\n<p>W ostatnim czasie Czarnek swoimi teoriami na temat edukacji narobi\u0142 sobie niema\u0142ej ilo\u015bci wrog\u00f3w w\u015br\u00f3d m\u0142odzie\u017cy, rodzic\u00f3w i nauczycieli, lecz jak widzimy: nieko\u0144cz\u0105ce si\u0119 widmo zmian wci\u0105\u017c ci\u0105gnie si\u0119 korytarzami polskich szk\u00f3\u0142, a w internecie nietrudno natkn\u0105\u0107 si\u0119 na og\u0142oszenia o podpisaniu obywatelskiego veta: <a href=\"https:\/\/naszademokracja.pl\/petitions\/mlodziez-przeciwko-lexczarnek?share=e5a26955-0f1c-4c69-b41f-5257658a2a85&amp;source=email-share-button&amp;utm_medium=&amp;utm_source=email\" target=\"_blank\" rel=\"noreferrer noopener\">https:\/\/naszademokracja.pl\/petitions\/mlodziez-przeciwko-lexczarnek?share=e5a26955-0f1c-4c69-b41f-5257658a2a85&amp;source=email-share-button&amp;utm_medium=&amp;utm_source=email<\/a><\/p>\n\n\n\n<p>Czy pomys\u0142y Czarnka doprowadz\u0105 do protest\u00f3w na miar\u0119 licznie ucz\u0119szczanych Strajk\u00f3w Kobiet?<\/p>\n\n\n\n<figure class=\"wp-block-embed is-type-rich is-provider-twitter wp-block-embed-twitter\"><div class=\"wp-block-embed__wrapper\">\n<blockquote class=\"twitter-tweet\" data-width=\"550\" data-dnt=\"true\"><p lang=\"pl\" dir=\"ltr\">Dzi\u0119kujemy za ponad DWA TYSI\u0104CE podpis\u00f3w pod apelem do prezydenta <a href=\"https:\/\/twitter.com\/AndrzejDuda?ref_src=twsrc%5Etfw\">@AndrzejDuda<\/a>, aby zawetowa\u0142 szkodliw\u0105 ustaw\u0119 <a href=\"https:\/\/twitter.com\/hashtag\/LexCzarnek?src=hash&amp;ref_src=twsrc%5Etfw\">#LexCzarnek<\/a> \u270c\ufe0f<br><br>Jedziemy z podpisami dalej! Zachecamy do podpisania si\u0119 \ud83d\udc49 <a href=\"https:\/\/t.co\/MPkIrlADbJ\">https:\/\/t.co\/MPkIrlADbJ<\/a> <a href=\"https:\/\/t.co\/IQcaE6ZNVA\">pic.twitter.com\/IQcaE6ZNVA<\/a><\/p>&mdash; M\u0142oda Lewica (@mlodalewica_) <a href=\"https:\/\/twitter.com\/mlodalewica_\/status\/1491784708254011394?ref_src=twsrc%5Etfw\">February 10, 2022<\/a><\/blockquote><script async src=\"https:\/\/platform.twitter.com\/widgets.js\" charset=\"utf-8\"><\/script>\n<\/div><\/figure>\n","protected":false},"excerpt":{"rendered":"<p>W \u015brod\u0119 9. lutego 2022 roku Sejm przeg\u0142osowa\u0142 ustaw\u0119 Lex Czarnek, teraz wszystko w r\u0119kach prezydenta. Ustawa sygnowana nazwiskiem Ministra Edukacji i Nauki Przemys\u0142awa Czarnka ju\u017c niebawem mo\u017ce zaistnie\u0107 w naszej szkolnej rzeczywisto\u015bci. My\u015bl\u0119, \u017ce ka\u017cdego jednak zastanawia, co ona zmieni?<\/p>\n","protected":false},"author":22,"featured_media":2398,"comment_status":"closed","ping_status":"closed","sticky":false,"template":"","format":"standard","meta":{"colormag_page_container_layout":"default_layout","colormag_page_sidebar_layout":"default_layout","_jetpack_memberships_contains_paid_content":false,"footnotes":"","_links_to":"","_links_to_target":""},"categories":[8,110],"tags":[132,90,55],"class_list":["post-2369","post","type-post","status-publish","format-standard","has-post-thumbnail","hentry","category-polityka","category-spoleczenstwo-2","tag-edukacja","tag-polityka","tag-spoleczenstwo"],"yoast_head":"<!-- This site is optimized with the Yoast SEO plugin v27.4 - https:\/\/yoast.com\/product\/yoast-seo-wordpress\/ -->\n<title>&quot;Lex Czarnek&quot; przeg\u0142osowane. Co to oznacza dla nas wszystkich? - NOTABENE.WORLD<\/title>\n<meta name=\"robots\" content=\"index, follow, max-snippet:-1, max-image-preview:large, max-video-preview:-1\" \/>\n<link rel=\"canonical\" href=\"https:\/\/notabene.world\/nb\/lex-czarnek-przeglosowane-co-to-znaczy-dla-nas-wszystkich\/\" \/>\n<meta property=\"og:locale\" content=\"pl_PL\" \/>\n<meta property=\"og:type\" content=\"article\" \/>\n<meta property=\"og:title\" content=\"&quot;Lex Czarnek&quot; przeg\u0142osowane. Co to oznacza dla nas wszystkich? - NOTABENE.WORLD\" \/>\n<meta property=\"og:description\" content=\"W \u015brod\u0119 9. lutego 2022 roku Sejm przeg\u0142osowa\u0142 ustaw\u0119 Lex Czarnek, teraz wszystko w r\u0119kach prezydenta. Ustawa sygnowana nazwiskiem Ministra Edukacji i Nauki Przemys\u0142awa Czarnka ju\u017c niebawem mo\u017ce zaistnie\u0107 w naszej szkolnej rzeczywisto\u015bci. My\u015bl\u0119, \u017ce ka\u017cdego jednak zastanawia, co ona zmieni?\" \/>\n<meta property=\"og:url\" content=\"https:\/\/notabene.world\/nb\/lex-czarnek-przeglosowane-co-to-znaczy-dla-nas-wszystkich\/\" \/>\n<meta property=\"og:site_name\" content=\"NOTABENE.WORLD\" \/>\n<meta property=\"article:publisher\" content=\"https:\/\/www.facebook.com\/Notabene.World\" \/>\n<meta property=\"article:published_time\" content=\"2022-02-09T22:26:00+00:00\" \/>\n<meta property=\"article:modified_time\" content=\"2022-03-02T14:06:50+00:00\" \/>\n<meta property=\"og:image\" content=\"https:\/\/notabene.world\/nb\/wp-content\/uploads\/2022\/02\/czarnek-800x445-1.jpg\" \/>\n\t<meta property=\"og:image:width\" content=\"800\" \/>\n\t<meta property=\"og:image:height\" content=\"445\" \/>\n\t<meta property=\"og:image:type\" content=\"image\/jpeg\" \/>\n<meta name=\"author\" content=\"Maja Gacek\" \/>\n<meta name=\"twitter:card\" content=\"summary_large_image\" \/>\n<meta name=\"twitter:label1\" content=\"Napisane przez\" \/>\n\t<meta name=\"twitter:data1\" content=\"Maja Gacek\" \/>\n\t<meta name=\"twitter:label2\" content=\"Szacowany czas czytania\" \/>\n\t<meta name=\"twitter:data2\" content=\"3 minuty\" \/>\n<script type=\"application\/ld+json\" class=\"yoast-schema-graph\">{\"@context\":\"https:\\\/\\\/schema.org\",\"@graph\":[{\"@type\":\"Article\",\"@id\":\"https:\\\/\\\/notabene.world\\\/nb\\\/lex-czarnek-przeglosowane-co-to-znaczy-dla-nas-wszystkich\\\/#article\",\"isPartOf\":{\"@id\":\"https:\\\/\\\/notabene.world\\\/nb\\\/lex-czarnek-przeglosowane-co-to-znaczy-dla-nas-wszystkich\\\/\"},\"author\":{\"name\":\"Maja Gacek\",\"@id\":\"https:\\\/\\\/notabene.world\\\/nb\\\/#\\\/schema\\\/person\\\/08c2a689b2046e73bc9093b70e9da7f1\"},\"headline\":\"&#8222;Lex Czarnek&#8221; przeg\u0142osowane. Co to oznacza dla nas wszystkich?\",\"datePublished\":\"2022-02-09T22:26:00+00:00\",\"dateModified\":\"2022-03-02T14:06:50+00:00\",\"mainEntityOfPage\":{\"@id\":\"https:\\\/\\\/notabene.world\\\/nb\\\/lex-czarnek-przeglosowane-co-to-znaczy-dla-nas-wszystkich\\\/\"},\"wordCount\":558,\"publisher\":{\"@id\":\"https:\\\/\\\/notabene.world\\\/nb\\\/#organization\"},\"image\":{\"@id\":\"https:\\\/\\\/notabene.world\\\/nb\\\/lex-czarnek-przeglosowane-co-to-znaczy-dla-nas-wszystkich\\\/#primaryimage\"},\"thumbnailUrl\":\"https:\\\/\\\/i0.wp.com\\\/notabene.world\\\/nb\\\/wp-content\\\/uploads\\\/2022\\\/02\\\/czarnek-800x445-1.jpg?fit=800%2C445&ssl=1\",\"keywords\":[\"#edukacja\",\"#polityka\",\"#spo\u0142ecze\u0144stwo\"],\"articleSection\":[\"Polityka\",\"Spo\u0142ecze\u0144stwo\"],\"inLanguage\":\"pl-PL\"},{\"@type\":\"WebPage\",\"@id\":\"https:\\\/\\\/notabene.world\\\/nb\\\/lex-czarnek-przeglosowane-co-to-znaczy-dla-nas-wszystkich\\\/\",\"url\":\"https:\\\/\\\/notabene.world\\\/nb\\\/lex-czarnek-przeglosowane-co-to-znaczy-dla-nas-wszystkich\\\/\",\"name\":\"\\\"Lex Czarnek\\\" przeg\u0142osowane. Co to oznacza dla nas wszystkich? - NOTABENE.WORLD\",\"isPartOf\":{\"@id\":\"https:\\\/\\\/notabene.world\\\/nb\\\/#website\"},\"primaryImageOfPage\":{\"@id\":\"https:\\\/\\\/notabene.world\\\/nb\\\/lex-czarnek-przeglosowane-co-to-znaczy-dla-nas-wszystkich\\\/#primaryimage\"},\"image\":{\"@id\":\"https:\\\/\\\/notabene.world\\\/nb\\\/lex-czarnek-przeglosowane-co-to-znaczy-dla-nas-wszystkich\\\/#primaryimage\"},\"thumbnailUrl\":\"https:\\\/\\\/i0.wp.com\\\/notabene.world\\\/nb\\\/wp-content\\\/uploads\\\/2022\\\/02\\\/czarnek-800x445-1.jpg?fit=800%2C445&ssl=1\",\"datePublished\":\"2022-02-09T22:26:00+00:00\",\"dateModified\":\"2022-03-02T14:06:50+00:00\",\"breadcrumb\":{\"@id\":\"https:\\\/\\\/notabene.world\\\/nb\\\/lex-czarnek-przeglosowane-co-to-znaczy-dla-nas-wszystkich\\\/#breadcrumb\"},\"inLanguage\":\"pl-PL\",\"potentialAction\":[{\"@type\":\"ReadAction\",\"target\":[\"https:\\\/\\\/notabene.world\\\/nb\\\/lex-czarnek-przeglosowane-co-to-znaczy-dla-nas-wszystkich\\\/\"]}]},{\"@type\":\"ImageObject\",\"inLanguage\":\"pl-PL\",\"@id\":\"https:\\\/\\\/notabene.world\\\/nb\\\/lex-czarnek-przeglosowane-co-to-znaczy-dla-nas-wszystkich\\\/#primaryimage\",\"url\":\"https:\\\/\\\/i0.wp.com\\\/notabene.world\\\/nb\\\/wp-content\\\/uploads\\\/2022\\\/02\\\/czarnek-800x445-1.jpg?fit=800%2C445&ssl=1\",\"contentUrl\":\"https:\\\/\\\/i0.wp.com\\\/notabene.world\\\/nb\\\/wp-content\\\/uploads\\\/2022\\\/02\\\/czarnek-800x445-1.jpg?fit=800%2C445&ssl=1\",\"width\":800,\"height\":445},{\"@type\":\"BreadcrumbList\",\"@id\":\"https:\\\/\\\/notabene.world\\\/nb\\\/lex-czarnek-przeglosowane-co-to-znaczy-dla-nas-wszystkich\\\/#breadcrumb\",\"itemListElement\":[{\"@type\":\"ListItem\",\"position\":1,\"name\":\"Home\",\"item\":\"https:\\\/\\\/notabene.world\\\/nb\\\/\"},{\"@type\":\"ListItem\",\"position\":2,\"name\":\"&#8220;Lex Czarnek&#8221; przeg\u0142osowane. Co to oznacza dla nas wszystkich?\"}]},{\"@type\":\"WebSite\",\"@id\":\"https:\\\/\\\/notabene.world\\\/nb\\\/#website\",\"url\":\"https:\\\/\\\/notabene.world\\\/nb\\\/\",\"name\":\"NOTABENE.WORLD\",\"description\":\"Przekaz. Warto\u015bci. Wsp\u00f3lnota.\",\"publisher\":{\"@id\":\"https:\\\/\\\/notabene.world\\\/nb\\\/#organization\"},\"potentialAction\":[{\"@type\":\"SearchAction\",\"target\":{\"@type\":\"EntryPoint\",\"urlTemplate\":\"https:\\\/\\\/notabene.world\\\/nb\\\/?s={search_term_string}\"},\"query-input\":{\"@type\":\"PropertyValueSpecification\",\"valueRequired\":true,\"valueName\":\"search_term_string\"}}],\"inLanguage\":\"pl-PL\"},{\"@type\":\"Organization\",\"@id\":\"https:\\\/\\\/notabene.world\\\/nb\\\/#organization\",\"name\":\"NOTABENE.WORLD\",\"url\":\"https:\\\/\\\/notabene.world\\\/nb\\\/\",\"logo\":{\"@type\":\"ImageObject\",\"inLanguage\":\"pl-PL\",\"@id\":\"https:\\\/\\\/notabene.world\\\/nb\\\/#\\\/schema\\\/logo\\\/image\\\/\",\"url\":\"https:\\\/\\\/notabene.world\\\/nb\\\/wp-content\\\/uploads\\\/2022\\\/01\\\/NB-club-start-www1.jpg\",\"contentUrl\":\"https:\\\/\\\/notabene.world\\\/nb\\\/wp-content\\\/uploads\\\/2022\\\/01\\\/NB-club-start-www1.jpg\",\"width\":1000,\"height\":839,\"caption\":\"NOTABENE.WORLD\"},\"image\":{\"@id\":\"https:\\\/\\\/notabene.world\\\/nb\\\/#\\\/schema\\\/logo\\\/image\\\/\"},\"sameAs\":[\"https:\\\/\\\/www.facebook.com\\\/Notabene.World\"]},{\"@type\":\"Person\",\"@id\":\"https:\\\/\\\/notabene.world\\\/nb\\\/#\\\/schema\\\/person\\\/08c2a689b2046e73bc9093b70e9da7f1\",\"name\":\"Maja Gacek\",\"image\":{\"@type\":\"ImageObject\",\"inLanguage\":\"pl-PL\",\"@id\":\"https:\\\/\\\/secure.gravatar.com\\\/avatar\\\/f1eedb58eb1068ee98853ec595f02c8f778c4646298635e535dfbb957c41c422?s=96&d=mm&r=g\",\"url\":\"https:\\\/\\\/secure.gravatar.com\\\/avatar\\\/f1eedb58eb1068ee98853ec595f02c8f778c4646298635e535dfbb957c41c422?s=96&d=mm&r=g\",\"contentUrl\":\"https:\\\/\\\/secure.gravatar.com\\\/avatar\\\/f1eedb58eb1068ee98853ec595f02c8f778c4646298635e535dfbb957c41c422?s=96&d=mm&r=g\",\"caption\":\"Maja Gacek\"},\"url\":\"https:\\\/\\\/notabene.world\\\/nb\\\/author\\\/m-g\\\/\"}]}<\/script>\n<!-- \/ Yoast SEO plugin. -->","yoast_head_json":{"title":"\"Lex Czarnek\" przeg\u0142osowane. Co to oznacza dla nas wszystkich? - NOTABENE.WORLD","robots":{"index":"index","follow":"follow","max-snippet":"max-snippet:-1","max-image-preview":"max-image-preview:large","max-video-preview":"max-video-preview:-1"},"canonical":"https:\/\/notabene.world\/nb\/lex-czarnek-przeglosowane-co-to-znaczy-dla-nas-wszystkich\/","og_locale":"pl_PL","og_type":"article","og_title":"\"Lex Czarnek\" przeg\u0142osowane. Co to oznacza dla nas wszystkich? - NOTABENE.WORLD","og_description":"W \u015brod\u0119 9. lutego 2022 roku Sejm przeg\u0142osowa\u0142 ustaw\u0119 Lex Czarnek, teraz wszystko w r\u0119kach prezydenta. Ustawa sygnowana nazwiskiem Ministra Edukacji i Nauki Przemys\u0142awa Czarnka ju\u017c niebawem mo\u017ce zaistnie\u0107 w naszej szkolnej rzeczywisto\u015bci. My\u015bl\u0119, \u017ce ka\u017cdego jednak zastanawia, co ona zmieni?","og_url":"https:\/\/notabene.world\/nb\/lex-czarnek-przeglosowane-co-to-znaczy-dla-nas-wszystkich\/","og_site_name":"NOTABENE.WORLD","article_publisher":"https:\/\/www.facebook.com\/Notabene.World","article_published_time":"2022-02-09T22:26:00+00:00","article_modified_time":"2022-03-02T14:06:50+00:00","og_image":[{"width":800,"height":445,"url":"https:\/\/notabene.world\/nb\/wp-content\/uploads\/2022\/02\/czarnek-800x445-1.jpg","type":"image\/jpeg"}],"author":"Maja Gacek","twitter_card":"summary_large_image","twitter_misc":{"Napisane przez":"Maja Gacek","Szacowany czas czytania":"3 minuty"},"schema":{"@context":"https:\/\/schema.org","@graph":[{"@type":"Article","@id":"https:\/\/notabene.world\/nb\/lex-czarnek-przeglosowane-co-to-znaczy-dla-nas-wszystkich\/#article","isPartOf":{"@id":"https:\/\/notabene.world\/nb\/lex-czarnek-przeglosowane-co-to-znaczy-dla-nas-wszystkich\/"},"author":{"name":"Maja Gacek","@id":"https:\/\/notabene.world\/nb\/#\/schema\/person\/08c2a689b2046e73bc9093b70e9da7f1"},"headline":"&#8222;Lex Czarnek&#8221; przeg\u0142osowane. Co to oznacza dla nas wszystkich?","datePublished":"2022-02-09T22:26:00+00:00","dateModified":"2022-03-02T14:06:50+00:00","mainEntityOfPage":{"@id":"https:\/\/notabene.world\/nb\/lex-czarnek-przeglosowane-co-to-znaczy-dla-nas-wszystkich\/"},"wordCount":558,"publisher":{"@id":"https:\/\/notabene.world\/nb\/#organization"},"image":{"@id":"https:\/\/notabene.world\/nb\/lex-czarnek-przeglosowane-co-to-znaczy-dla-nas-wszystkich\/#primaryimage"},"thumbnailUrl":"https:\/\/i0.wp.com\/notabene.world\/nb\/wp-content\/uploads\/2022\/02\/czarnek-800x445-1.jpg?fit=800%2C445&ssl=1","keywords":["#edukacja","#polityka","#spo\u0142ecze\u0144stwo"],"articleSection":["Polityka","Spo\u0142ecze\u0144stwo"],"inLanguage":"pl-PL"},{"@type":"WebPage","@id":"https:\/\/notabene.world\/nb\/lex-czarnek-przeglosowane-co-to-znaczy-dla-nas-wszystkich\/","url":"https:\/\/notabene.world\/nb\/lex-czarnek-przeglosowane-co-to-znaczy-dla-nas-wszystkich\/","name":"\"Lex Czarnek\" przeg\u0142osowane. Co to oznacza dla nas wszystkich? - NOTABENE.WORLD","isPartOf":{"@id":"https:\/\/notabene.world\/nb\/#website"},"primaryImageOfPage":{"@id":"https:\/\/notabene.world\/nb\/lex-czarnek-przeglosowane-co-to-znaczy-dla-nas-wszystkich\/#primaryimage"},"image":{"@id":"https:\/\/notabene.world\/nb\/lex-czarnek-przeglosowane-co-to-znaczy-dla-nas-wszystkich\/#primaryimage"},"thumbnailUrl":"https:\/\/i0.wp.com\/notabene.world\/nb\/wp-content\/uploads\/2022\/02\/czarnek-800x445-1.jpg?fit=800%2C445&ssl=1","datePublished":"2022-02-09T22:26:00+00:00","dateModified":"2022-03-02T14:06:50+00:00","breadcrumb":{"@id":"https:\/\/notabene.world\/nb\/lex-czarnek-przeglosowane-co-to-znaczy-dla-nas-wszystkich\/#breadcrumb"},"inLanguage":"pl-PL","potentialAction":[{"@type":"ReadAction","target":["https:\/\/notabene.world\/nb\/lex-czarnek-przeglosowane-co-to-znaczy-dla-nas-wszystkich\/"]}]},{"@type":"ImageObject","inLanguage":"pl-PL","@id":"https:\/\/notabene.world\/nb\/lex-czarnek-przeglosowane-co-to-znaczy-dla-nas-wszystkich\/#primaryimage","url":"https:\/\/i0.wp.com\/notabene.world\/nb\/wp-content\/uploads\/2022\/02\/czarnek-800x445-1.jpg?fit=800%2C445&ssl=1","contentUrl":"https:\/\/i0.wp.com\/notabene.world\/nb\/wp-content\/uploads\/2022\/02\/czarnek-800x445-1.jpg?fit=800%2C445&ssl=1","width":800,"height":445},{"@type":"BreadcrumbList","@id":"https:\/\/notabene.world\/nb\/lex-czarnek-przeglosowane-co-to-znaczy-dla-nas-wszystkich\/#breadcrumb","itemListElement":[{"@type":"ListItem","position":1,"name":"Home","item":"https:\/\/notabene.world\/nb\/"},{"@type":"ListItem","position":2,"name":"&#8220;Lex Czarnek&#8221; przeg\u0142osowane. Co to oznacza dla nas wszystkich?"}]},{"@type":"WebSite","@id":"https:\/\/notabene.world\/nb\/#website","url":"https:\/\/notabene.world\/nb\/","name":"NOTABENE.WORLD","description":"Przekaz. Warto\u015bci. Wsp\u00f3lnota.","publisher":{"@id":"https:\/\/notabene.world\/nb\/#organization"},"potentialAction":[{"@type":"SearchAction","target":{"@type":"EntryPoint","urlTemplate":"https:\/\/notabene.world\/nb\/?s={search_term_string}"},"query-input":{"@type":"PropertyValueSpecification","valueRequired":true,"valueName":"search_term_string"}}],"inLanguage":"pl-PL"},{"@type":"Organization","@id":"https:\/\/notabene.world\/nb\/#organization","name":"NOTABENE.WORLD","url":"https:\/\/notabene.world\/nb\/","logo":{"@type":"ImageObject","inLanguage":"pl-PL","@id":"https:\/\/notabene.world\/nb\/#\/schema\/logo\/image\/","url":"https:\/\/notabene.world\/nb\/wp-content\/uploads\/2022\/01\/NB-club-start-www1.jpg","contentUrl":"https:\/\/notabene.world\/nb\/wp-content\/uploads\/2022\/01\/NB-club-start-www1.jpg","width":1000,"height":839,"caption":"NOTABENE.WORLD"},"image":{"@id":"https:\/\/notabene.world\/nb\/#\/schema\/logo\/image\/"},"sameAs":["https:\/\/www.facebook.com\/Notabene.World"]},{"@type":"Person","@id":"https:\/\/notabene.world\/nb\/#\/schema\/person\/08c2a689b2046e73bc9093b70e9da7f1","name":"Maja Gacek","image":{"@type":"ImageObject","inLanguage":"pl-PL","@id":"https:\/\/secure.gravatar.com\/avatar\/f1eedb58eb1068ee98853ec595f02c8f778c4646298635e535dfbb957c41c422?s=96&d=mm&r=g","url":"https:\/\/secure.gravatar.com\/avatar\/f1eedb58eb1068ee98853ec595f02c8f778c4646298635e535dfbb957c41c422?s=96&d=mm&r=g","contentUrl":"https:\/\/secure.gravatar.com\/avatar\/f1eedb58eb1068ee98853ec595f02c8f778c4646298635e535dfbb957c41c422?s=96&d=mm&r=g","caption":"Maja Gacek"},"url":"https:\/\/notabene.world\/nb\/author\/m-g\/"}]}},"jetpack_featured_media_url":"https:\/\/i0.wp.com\/notabene.world\/nb\/wp-content\/uploads\/2022\/02\/czarnek-800x445-1.jpg?fit=800%2C445&ssl=1","jetpack_sharing_enabled":true,"jetpack_shortlink":"https:\/\/wp.me\/pdCobN-Cd","_links":{"self":[{"href":"https:\/\/notabene.world\/nb\/wp-json\/wp\/v2\/posts\/2369","targetHints":{"allow":["GET"]}}],"collection":[{"href":"https:\/\/notabene.world\/nb\/wp-json\/wp\/v2\/posts"}],"about":[{"href":"https:\/\/notabene.world\/nb\/wp-json\/wp\/v2\/types\/post"}],"author":[{"embeddable":true,"href":"https:\/\/notabene.world\/nb\/wp-json\/wp\/v2\/users\/22"}],"replies":[{"embeddable":true,"href":"https:\/\/notabene.world\/nb\/wp-json\/wp\/v2\/comments?post=2369"}],"version-history":[{"count":5,"href":"https:\/\/notabene.world\/nb\/wp-json\/wp\/v2\/posts\/2369\/revisions"}],"predecessor-version":[{"id":2397,"href":"https:\/\/notabene.world\/nb\/wp-json\/wp\/v2\/posts\/2369\/revisions\/2397"}],"wp:featuredmedia":[{"embeddable":true,"href":"https:\/\/notabene.world\/nb\/wp-json\/wp\/v2\/media\/2398"}],"wp:attachment":[{"href":"https:\/\/notabene.world\/nb\/wp-json\/wp\/v2\/media?parent=2369"}],"wp:term":[{"taxonomy":"category","embeddable":true,"href":"https:\/\/notabene.world\/nb\/wp-json\/wp\/v2\/categories?post=2369"},{"taxonomy":"post_tag","embeddable":true,"href":"https:\/\/notabene.world\/nb\/wp-json\/wp\/v2\/tags?post=2369"}],"curies":[{"name":"wp","href":"https:\/\/api.w.org\/{rel}","templated":true}]}}