{"id":2431,"date":"2022-02-22T23:59:00","date_gmt":"2022-02-22T22:59:00","guid":{"rendered":"https:\/\/notabene.world\/nb\/?p=2431"},"modified":"2022-03-19T20:27:02","modified_gmt":"2022-03-19T19:27:02","slug":"pzla-hmp-kkl","status":"publish","type":"post","link":"https:\/\/notabene.world\/nb\/pzla-hmp-kkl\/","title":{"rendered":"Trzy medale KKL podczas Halowych Mistrzostw Polski junior\u00f3w!"},"content":{"rendered":"\n<p>Od 11 lutego przez ca\u0142y weekend w <em>Uniwersyteckim Centrum Lekkoatletycznym<\/em> w Rzeszowie mia\u0142y miejsce <em>Halowe Mistrzostwa Polski Junior\u00f3w<\/em>. Konkurencje odbywa\u0142y si\u0119 w dw\u00f3ch kategoriach wiekowych- poni\u017cej 20 roku \u017cycia i poni\u017cej 18. Uczestnicy z ca\u0142ej Polski zjechali si\u0119, aby sprawdzi\u0107 form\u0119 w najwa\u017cniejszych zawodach sezonu ,,indoor&#8221; (t\u0142um. wewn\u0105trz). Kielecki Klub Lekkoatletyczny (KKL) reprezentowa\u0142o 10 zawodnik\u00f3w w swoich koronnych dyscyplinach. W\u015br\u00f3d nich mogli\u015bmy ogl\u0105da\u0107  podopiecznych takich trener\u00f3w jak: <strong>Pawe\u0142 Tietierin<\/strong>, <strong>Krzysztof J\u00f3\u017awik<\/strong>, <strong>Agnieszka Wrona<\/strong>, <strong>Zdzis\u0142aw Lipi\u0144ski<\/strong> oraz <strong>Grzegorz Furmanek<\/strong>. Reprezentanci naszego miasta stan\u0119li na wysoko\u015bci zadania, zajmuj\u0105c bardzo wysokie pozycje. <\/p>\n\n\n\n<figure class=\"wp-block-image size-large\"><img data-recalc-dims=\"1\" loading=\"lazy\" decoding=\"async\" width=\"800\" height=\"601\" src=\"https:\/\/i0.wp.com\/notabene.world\/nb\/wp-content\/uploads\/2022\/02\/274587669_375774211057556_7200669070009038641_n-1.jpg?resize=800%2C601&#038;ssl=1\" alt=\"\" class=\"wp-image-3066\" srcset=\"https:\/\/i0.wp.com\/notabene.world\/nb\/wp-content\/uploads\/2022\/02\/274587669_375774211057556_7200669070009038641_n-1.jpg?resize=1024%2C769&amp;ssl=1 1024w, https:\/\/i0.wp.com\/notabene.world\/nb\/wp-content\/uploads\/2022\/02\/274587669_375774211057556_7200669070009038641_n-1.jpg?resize=300%2C225&amp;ssl=1 300w, https:\/\/i0.wp.com\/notabene.world\/nb\/wp-content\/uploads\/2022\/02\/274587669_375774211057556_7200669070009038641_n-1.jpg?resize=768%2C576&amp;ssl=1 768w, https:\/\/i0.wp.com\/notabene.world\/nb\/wp-content\/uploads\/2022\/02\/274587669_375774211057556_7200669070009038641_n-1.jpg?resize=1536%2C1153&amp;ssl=1 1536w, https:\/\/i0.wp.com\/notabene.world\/nb\/wp-content\/uploads\/2022\/02\/274587669_375774211057556_7200669070009038641_n-1.jpg?w=1600&amp;ssl=1 1600w\" sizes=\"auto, (max-width: 800px) 100vw, 800px\" \/><figcaption>Od lewej Krzysztof J\u00f3\u017awik, Ma\u0142gorzata Michalska, Oliwia Be\u0142czew, Julia Zacharz, Pawe\u0142 Tietierin<\/figcaption><\/figure>\n\n\n\n<p>Pierwszego dnia o godzinie 11 rozpocz\u0105\u0142 si\u0119 konkurs tr\u00f3jskoku kobiet kategorii u18. Podczas tej rywalizacji <strong>Alicja Borek<\/strong> si\u0119gn\u0119\u0142a po br\u0105zowy medal. Ponadto w swojej czwartej pr\u00f3bie uzyskuj\u0105c wynik 11.41m pobi\u0142a sw\u00f3j w\u0142asny rekord wojew\u00f3dztwa juniorek m\u0142odszych w tr\u00f3jskoku. To nie pierwszy sukces zawodniczki <strong>Paw\u0142a Tietierina<\/strong>. Od dw\u00f3ch lat udowadnia swoj\u0105 form\u0119 ci\u0105gle pobijaj\u0105c swoje ,,\u017cyci\u00f3wki&#8221;. <\/p>\n\n\n\n<figure class=\"wp-block-gallery has-nested-images columns-default is-cropped wp-block-gallery-1 is-layout-flex wp-block-gallery-is-layout-flex\">\n<figure class=\"wp-block-image size-large\"><img data-recalc-dims=\"1\" loading=\"lazy\" decoding=\"async\" width=\"540\" height=\"810\" data-id=\"3067\" src=\"https:\/\/i0.wp.com\/notabene.world\/nb\/wp-content\/uploads\/2022\/02\/273623682_347662570547184_798000590037656379_n-1.jpg?resize=540%2C810&#038;ssl=1\" alt=\"\" class=\"wp-image-3067\" srcset=\"https:\/\/i0.wp.com\/notabene.world\/nb\/wp-content\/uploads\/2022\/02\/273623682_347662570547184_798000590037656379_n-1.jpg?w=540&amp;ssl=1 540w, https:\/\/i0.wp.com\/notabene.world\/nb\/wp-content\/uploads\/2022\/02\/273623682_347662570547184_798000590037656379_n-1.jpg?resize=200%2C300&amp;ssl=1 200w\" sizes=\"auto, (max-width: 540px) 100vw, 540px\" \/><\/figure>\n\n\n\n<figure class=\"wp-block-image size-large\"><img data-recalc-dims=\"1\" loading=\"lazy\" decoding=\"async\" width=\"800\" height=\"534\" data-id=\"3068\" src=\"https:\/\/i0.wp.com\/notabene.world\/nb\/wp-content\/uploads\/2022\/02\/274700508_5246102225434556_2809836167364633299_n.jpg?resize=800%2C534&#038;ssl=1\" alt=\"\" class=\"wp-image-3068\" srcset=\"https:\/\/i0.wp.com\/notabene.world\/nb\/wp-content\/uploads\/2022\/02\/274700508_5246102225434556_2809836167364633299_n.jpg?resize=1024%2C683&amp;ssl=1 1024w, https:\/\/i0.wp.com\/notabene.world\/nb\/wp-content\/uploads\/2022\/02\/274700508_5246102225434556_2809836167364633299_n.jpg?resize=300%2C200&amp;ssl=1 300w, https:\/\/i0.wp.com\/notabene.world\/nb\/wp-content\/uploads\/2022\/02\/274700508_5246102225434556_2809836167364633299_n.jpg?resize=768%2C512&amp;ssl=1 768w, https:\/\/i0.wp.com\/notabene.world\/nb\/wp-content\/uploads\/2022\/02\/274700508_5246102225434556_2809836167364633299_n.jpg?w=1080&amp;ssl=1 1080w\" sizes=\"auto, (max-width: 800px) 100vw, 800px\" \/><figcaption>Alicja Borek<\/figcaption><\/figure>\n\n\n\n<figure class=\"wp-block-image size-large\"><img data-recalc-dims=\"1\" loading=\"lazy\" decoding=\"async\" width=\"800\" height=\"533\" data-id=\"3069\" src=\"https:\/\/i0.wp.com\/notabene.world\/nb\/wp-content\/uploads\/2022\/02\/273719106_5012422155513415_4353047601626654009_n.jpg?resize=800%2C533&#038;ssl=1\" alt=\"\" class=\"wp-image-3069\" srcset=\"https:\/\/i0.wp.com\/notabene.world\/nb\/wp-content\/uploads\/2022\/02\/273719106_5012422155513415_4353047601626654009_n.jpg?w=945&amp;ssl=1 945w, https:\/\/i0.wp.com\/notabene.world\/nb\/wp-content\/uploads\/2022\/02\/273719106_5012422155513415_4353047601626654009_n.jpg?resize=300%2C200&amp;ssl=1 300w, https:\/\/i0.wp.com\/notabene.world\/nb\/wp-content\/uploads\/2022\/02\/273719106_5012422155513415_4353047601626654009_n.jpg?resize=768%2C512&amp;ssl=1 768w\" sizes=\"auto, (max-width: 800px) 100vw, 800px\" \/><\/figure>\n<\/figure>\n\n\n\n<p>Tego samego dnia dwie jej kole\u017canki z klubu startowa\u0142y w konkursie skoku o tyczce r\u00f3wnie\u017c w tej samej kategorii wiekowej. M\u0142odsza z nich-<strong> Zofia Jastrz\u0105b<\/strong> uplasowa\u0142a si\u0119 na si\u00f3dmym miejscu z wynikiem <em>3.40m<\/em>. Do tej wysoko\u015bci sz\u0142o jej bez \u017cadnych przeszk\u00f3d. Warto zwr\u00f3ci\u0107 uwag\u0119, \u017ce by\u0142a najm\u0142odsz\u0105 zawodniczk\u0105 w tej rywalizacji. Jedn\u0105 pozycj\u0119 wy\u017cej zaj\u0119\u0142a jej partnerka treningowa- <strong>Natalia Biskupska<\/strong>. Uda\u0142o jej si\u0119 przeskoczy\u0107 wysoko\u015b\u0107 <em>3.50m<\/em>. Niestety w uzyskaniu lepszego wyniku przeszkodzi\u0142a jej kontuzja plec\u00f3w. Natalia na swoim koncie ma ju\u017c 2 medale w zawodach rangi krajowej. Trzymamy kciuki za zdrowie i czekamy na kolejne starty ju\u017c na stadionie. Obie zawodniczki to podopieczne trenerki <strong>Agnieszki Wrony<\/strong>. <\/p>\n\n\n\n<figure class=\"wp-block-gallery has-nested-images columns-default is-cropped wp-block-gallery-2 is-layout-flex wp-block-gallery-is-layout-flex\">\n<figure class=\"wp-block-image size-large\"><img data-recalc-dims=\"1\" loading=\"lazy\" decoding=\"async\" width=\"682\" height=\"1024\" data-id=\"3041\" src=\"https:\/\/i0.wp.com\/notabene.world\/nb\/wp-content\/uploads\/2022\/02\/273630960_324228912986753_1120055985176243937_n-1.jpg?resize=682%2C1024&#038;ssl=1\" alt=\"\" class=\"wp-image-3041\" srcset=\"https:\/\/i0.wp.com\/notabene.world\/nb\/wp-content\/uploads\/2022\/02\/273630960_324228912986753_1120055985176243937_n-1.jpg?resize=682%2C1024&amp;ssl=1 682w, https:\/\/i0.wp.com\/notabene.world\/nb\/wp-content\/uploads\/2022\/02\/273630960_324228912986753_1120055985176243937_n-1.jpg?resize=200%2C300&amp;ssl=1 200w, https:\/\/i0.wp.com\/notabene.world\/nb\/wp-content\/uploads\/2022\/02\/273630960_324228912986753_1120055985176243937_n-1.jpg?resize=768%2C1153&amp;ssl=1 768w, https:\/\/i0.wp.com\/notabene.world\/nb\/wp-content\/uploads\/2022\/02\/273630960_324228912986753_1120055985176243937_n-1.jpg?resize=1023%2C1536&amp;ssl=1 1023w, https:\/\/i0.wp.com\/notabene.world\/nb\/wp-content\/uploads\/2022\/02\/273630960_324228912986753_1120055985176243937_n-1.jpg?w=1364&amp;ssl=1 1364w\" sizes=\"auto, (max-width: 682px) 100vw, 682px\" \/><\/figure>\n\n\n\n<figure class=\"wp-block-image size-large\"><img data-recalc-dims=\"1\" loading=\"lazy\" decoding=\"async\" width=\"682\" height=\"1024\" data-id=\"3043\" src=\"https:\/\/i0.wp.com\/notabene.world\/nb\/wp-content\/uploads\/2022\/02\/273539165_978685042753216_269493781366228037_n.jpg?resize=682%2C1024&#038;ssl=1\" alt=\"\" class=\"wp-image-3043\" srcset=\"https:\/\/i0.wp.com\/notabene.world\/nb\/wp-content\/uploads\/2022\/02\/273539165_978685042753216_269493781366228037_n.jpg?resize=682%2C1024&amp;ssl=1 682w, https:\/\/i0.wp.com\/notabene.world\/nb\/wp-content\/uploads\/2022\/02\/273539165_978685042753216_269493781366228037_n.jpg?resize=200%2C300&amp;ssl=1 200w, https:\/\/i0.wp.com\/notabene.world\/nb\/wp-content\/uploads\/2022\/02\/273539165_978685042753216_269493781366228037_n.jpg?resize=768%2C1153&amp;ssl=1 768w, https:\/\/i0.wp.com\/notabene.world\/nb\/wp-content\/uploads\/2022\/02\/273539165_978685042753216_269493781366228037_n.jpg?resize=1023%2C1536&amp;ssl=1 1023w, https:\/\/i0.wp.com\/notabene.world\/nb\/wp-content\/uploads\/2022\/02\/273539165_978685042753216_269493781366228037_n.jpg?w=1364&amp;ssl=1 1364w\" sizes=\"auto, (max-width: 682px) 100vw, 682px\" \/><figcaption>Nikodem Pochopie\u0144 i Natalia Biskupska<\/figcaption><\/figure>\n\n\n\n<figure class=\"wp-block-image size-large\"><img data-recalc-dims=\"1\" loading=\"lazy\" decoding=\"async\" width=\"540\" height=\"810\" data-id=\"3042\" src=\"https:\/\/i0.wp.com\/notabene.world\/nb\/wp-content\/uploads\/2022\/02\/273704907_923178471720796_5236593146845928703_n-1.jpg?resize=540%2C810&#038;ssl=1\" alt=\"\" class=\"wp-image-3042\" srcset=\"https:\/\/i0.wp.com\/notabene.world\/nb\/wp-content\/uploads\/2022\/02\/273704907_923178471720796_5236593146845928703_n-1.jpg?w=540&amp;ssl=1 540w, https:\/\/i0.wp.com\/notabene.world\/nb\/wp-content\/uploads\/2022\/02\/273704907_923178471720796_5236593146845928703_n-1.jpg?resize=200%2C300&amp;ssl=1 200w\" sizes=\"auto, (max-width: 540px) 100vw, 540px\" \/><\/figure>\n<figcaption class=\"blocks-gallery-caption\">Natalia Biskupska oraz Zofia Jastrz\u0105b podczas startu<\/figcaption><\/figure>\n\n\n\n<p>Nast\u0119pnego dnia wystartowa\u0142a kolejna czw\u00f3rka naszych zawodnik\u00f3w. Pierwsza na starcie pojawi\u0142a si\u0119<strong> Julia Zacharz<\/strong>. Startuj\u0105ca na dystansie 60m zawodniczka po uzyskanym wyniku <em>8.20s<\/em> w eliminacjach dosta\u0142a si\u0119 do fina\u0142u B. W nast\u0119pnym biegu uzyska\u0142a wynik <em>8.16s<\/em>, zajmuj\u0105c 2 miejsce w swoim biegu. Jest to podopieczna trenera <strong>Paw\u0142a Tietierina<\/strong>. Ostatecznie w kategorii u18 uplasowa\u0142a si\u0119 na 10 miejscu. <\/p>\n\n\n\n<figure class=\"wp-block-gallery has-nested-images columns-default is-cropped wp-block-gallery-3 is-layout-flex wp-block-gallery-is-layout-flex\">\n<figure class=\"wp-block-image size-large\"><img data-recalc-dims=\"1\" loading=\"lazy\" decoding=\"async\" width=\"768\" height=\"1024\" data-id=\"3077\" src=\"https:\/\/i0.wp.com\/notabene.world\/nb\/wp-content\/uploads\/2022\/02\/274477456_638658143866441_6051445500691208882_n.jpg?resize=768%2C1024&#038;ssl=1\" alt=\"\" class=\"wp-image-3077\" srcset=\"https:\/\/i0.wp.com\/notabene.world\/nb\/wp-content\/uploads\/2022\/02\/274477456_638658143866441_6051445500691208882_n.jpg?resize=768%2C1024&amp;ssl=1 768w, https:\/\/i0.wp.com\/notabene.world\/nb\/wp-content\/uploads\/2022\/02\/274477456_638658143866441_6051445500691208882_n.jpg?resize=225%2C300&amp;ssl=1 225w, https:\/\/i0.wp.com\/notabene.world\/nb\/wp-content\/uploads\/2022\/02\/274477456_638658143866441_6051445500691208882_n.jpg?resize=1152%2C1536&amp;ssl=1 1152w, https:\/\/i0.wp.com\/notabene.world\/nb\/wp-content\/uploads\/2022\/02\/274477456_638658143866441_6051445500691208882_n.jpg?w=1200&amp;ssl=1 1200w\" sizes=\"auto, (max-width: 768px) 100vw, 768px\" \/><\/figure>\n\n\n\n<figure class=\"wp-block-image size-large\"><img data-recalc-dims=\"1\" loading=\"lazy\" decoding=\"async\" width=\"769\" height=\"1024\" data-id=\"3063\" src=\"https:\/\/i0.wp.com\/notabene.world\/nb\/wp-content\/uploads\/2022\/02\/274490620_348603370497667_1648202459470656954_n.jpg?resize=769%2C1024&#038;ssl=1\" alt=\"\" class=\"wp-image-3063\" srcset=\"https:\/\/i0.wp.com\/notabene.world\/nb\/wp-content\/uploads\/2022\/02\/274490620_348603370497667_1648202459470656954_n.jpg?resize=769%2C1024&amp;ssl=1 769w, https:\/\/i0.wp.com\/notabene.world\/nb\/wp-content\/uploads\/2022\/02\/274490620_348603370497667_1648202459470656954_n.jpg?resize=225%2C300&amp;ssl=1 225w, https:\/\/i0.wp.com\/notabene.world\/nb\/wp-content\/uploads\/2022\/02\/274490620_348603370497667_1648202459470656954_n.jpg?resize=768%2C1023&amp;ssl=1 768w, https:\/\/i0.wp.com\/notabene.world\/nb\/wp-content\/uploads\/2022\/02\/274490620_348603370497667_1648202459470656954_n.jpg?resize=1153%2C1536&amp;ssl=1 1153w, https:\/\/i0.wp.com\/notabene.world\/nb\/wp-content\/uploads\/2022\/02\/274490620_348603370497667_1648202459470656954_n.jpg?w=1201&amp;ssl=1 1201w\" sizes=\"auto, (max-width: 769px) 100vw, 769px\" \/><figcaption>Julia Zacharz wraz z trenerem Paw\u0142em Tietierinem po swoim starcie<\/figcaption><\/figure>\n\n\n\n<figure class=\"wp-block-image size-large\"><img data-recalc-dims=\"1\" loading=\"lazy\" decoding=\"async\" width=\"800\" height=\"370\" data-id=\"3078\" src=\"https:\/\/i0.wp.com\/notabene.world\/nb\/wp-content\/uploads\/2022\/02\/274513838_270442348434610_4407858813302761222_n.jpg?resize=800%2C370&#038;ssl=1\" alt=\"\" class=\"wp-image-3078\" srcset=\"https:\/\/i0.wp.com\/notabene.world\/nb\/wp-content\/uploads\/2022\/02\/274513838_270442348434610_4407858813302761222_n.jpg?resize=1024%2C473&amp;ssl=1 1024w, https:\/\/i0.wp.com\/notabene.world\/nb\/wp-content\/uploads\/2022\/02\/274513838_270442348434610_4407858813302761222_n.jpg?resize=300%2C138&amp;ssl=1 300w, https:\/\/i0.wp.com\/notabene.world\/nb\/wp-content\/uploads\/2022\/02\/274513838_270442348434610_4407858813302761222_n.jpg?resize=768%2C354&amp;ssl=1 768w, https:\/\/i0.wp.com\/notabene.world\/nb\/wp-content\/uploads\/2022\/02\/274513838_270442348434610_4407858813302761222_n.jpg?resize=1536%2C709&amp;ssl=1 1536w, https:\/\/i0.wp.com\/notabene.world\/nb\/wp-content\/uploads\/2022\/02\/274513838_270442348434610_4407858813302761222_n.jpg?resize=2048%2C945&amp;ssl=1 2048w, https:\/\/i0.wp.com\/notabene.world\/nb\/wp-content\/uploads\/2022\/02\/274513838_270442348434610_4407858813302761222_n.jpg?w=1600&amp;ssl=1 1600w\" sizes=\"auto, (max-width: 800px) 100vw, 800px\" \/><\/figure>\n<\/figure>\n\n\n\n<p>Par\u0119 minut p\u00f3\u017aniej na tej samej bie\u017cni <strong>Oliwia Be\u0142czew<\/strong> si\u0119gn\u0119\u0142a po najwy\u017csze miejsce podium na dystansie 1000m w kategorii u18. Uzyska\u0142a wynik <em>2;58,23<\/em> w pierwszym biegu fina\u0142owym. Nale\u017cy tutaj wspomnie\u0107, \u017ce ta m\u0142oda zawodniczka tydzie\u0144 wcze\u015bniej pobi\u0142a rekord wojew\u00f3dztwa \u015bwi\u0119tokrzyskiego juniorek m\u0142odszych na dystansie 600m. Ma niebywa\u0142y talent, kt\u00f3ry pokazuje ju\u017c od paru lat.  Jej trenerem jest <strong>Krzysztof J\u00f3\u017awik<\/strong>, kt\u00f3ry w tym roku r\u00f3wnie\u017c wystawi\u0142 w tej samej konkurencji <strong>Ma\u0142gorzat\u0119 Michalsk\u0105<\/strong>. Uplasowa\u0142a si\u0119 ona na 11 miejscu z nowym rekordem \u017cyciowym <em>3.06.29<\/em>.Trenuje pod okiem trenera J\u00f3\u017awika dopiero par\u0119 miesi\u0119cy. Mimo tego mo\u017ce pochwali\u0107 si\u0119 bardzo udanym sezonem &#8222;indoor&#8221;. <\/p>\n\n\n\n<figure class=\"wp-block-gallery has-nested-images columns-default is-cropped wp-block-gallery-4 is-layout-flex wp-block-gallery-is-layout-flex\">\n<figure class=\"wp-block-image size-large\"><img data-recalc-dims=\"1\" loading=\"lazy\" decoding=\"async\" width=\"526\" height=\"701\" data-id=\"3059\" src=\"https:\/\/i0.wp.com\/notabene.world\/nb\/wp-content\/uploads\/2022\/02\/Belczew-1.jpg?resize=526%2C701&#038;ssl=1\" alt=\"\" class=\"wp-image-3059\" srcset=\"https:\/\/i0.wp.com\/notabene.world\/nb\/wp-content\/uploads\/2022\/02\/Belczew-1.jpg?w=526&amp;ssl=1 526w, https:\/\/i0.wp.com\/notabene.world\/nb\/wp-content\/uploads\/2022\/02\/Belczew-1.jpg?resize=225%2C300&amp;ssl=1 225w\" sizes=\"auto, (max-width: 526px) 100vw, 526px\" \/><\/figure>\n\n\n\n<figure class=\"wp-block-image size-large\"><img data-recalc-dims=\"1\" loading=\"lazy\" decoding=\"async\" width=\"800\" height=\"505\" data-id=\"3060\" src=\"https:\/\/i0.wp.com\/notabene.world\/nb\/wp-content\/uploads\/2022\/02\/274659452_520052656151018_6027941405622977937_n.jpg?resize=800%2C505&#038;ssl=1\" alt=\"\" class=\"wp-image-3060\" srcset=\"https:\/\/i0.wp.com\/notabene.world\/nb\/wp-content\/uploads\/2022\/02\/274659452_520052656151018_6027941405622977937_n.jpg?resize=1024%2C646&amp;ssl=1 1024w, https:\/\/i0.wp.com\/notabene.world\/nb\/wp-content\/uploads\/2022\/02\/274659452_520052656151018_6027941405622977937_n.jpg?resize=300%2C189&amp;ssl=1 300w, https:\/\/i0.wp.com\/notabene.world\/nb\/wp-content\/uploads\/2022\/02\/274659452_520052656151018_6027941405622977937_n.jpg?resize=768%2C485&amp;ssl=1 768w, https:\/\/i0.wp.com\/notabene.world\/nb\/wp-content\/uploads\/2022\/02\/274659452_520052656151018_6027941405622977937_n.jpg?resize=1536%2C970&amp;ssl=1 1536w, https:\/\/i0.wp.com\/notabene.world\/nb\/wp-content\/uploads\/2022\/02\/274659452_520052656151018_6027941405622977937_n.jpg?w=1711&amp;ssl=1 1711w, https:\/\/i0.wp.com\/notabene.world\/nb\/wp-content\/uploads\/2022\/02\/274659452_520052656151018_6027941405622977937_n.jpg?w=1600&amp;ssl=1 1600w\" sizes=\"auto, (max-width: 800px) 100vw, 800px\" \/><\/figure>\n\n\n\n<figure class=\"wp-block-image size-large\"><img data-recalc-dims=\"1\" loading=\"lazy\" decoding=\"async\" width=\"769\" height=\"1024\" data-id=\"3061\" src=\"https:\/\/i0.wp.com\/notabene.world\/nb\/wp-content\/uploads\/2022\/02\/274502821_474541447731241_734424458404259323_n.jpg?resize=769%2C1024&#038;ssl=1\" alt=\"\" class=\"wp-image-3061\" srcset=\"https:\/\/i0.wp.com\/notabene.world\/nb\/wp-content\/uploads\/2022\/02\/274502821_474541447731241_734424458404259323_n.jpg?resize=769%2C1024&amp;ssl=1 769w, https:\/\/i0.wp.com\/notabene.world\/nb\/wp-content\/uploads\/2022\/02\/274502821_474541447731241_734424458404259323_n.jpg?resize=225%2C300&amp;ssl=1 225w, https:\/\/i0.wp.com\/notabene.world\/nb\/wp-content\/uploads\/2022\/02\/274502821_474541447731241_734424458404259323_n.jpg?resize=768%2C1023&amp;ssl=1 768w, https:\/\/i0.wp.com\/notabene.world\/nb\/wp-content\/uploads\/2022\/02\/274502821_474541447731241_734424458404259323_n.jpg?resize=1153%2C1536&amp;ssl=1 1153w, https:\/\/i0.wp.com\/notabene.world\/nb\/wp-content\/uploads\/2022\/02\/274502821_474541447731241_734424458404259323_n.jpg?w=1201&amp;ssl=1 1201w\" sizes=\"auto, (max-width: 769px) 100vw, 769px\" \/><\/figure>\n\n\n\n<figure class=\"wp-block-image size-large\"><img data-recalc-dims=\"1\" loading=\"lazy\" decoding=\"async\" width=\"800\" height=\"464\" data-id=\"3062\" src=\"https:\/\/i0.wp.com\/notabene.world\/nb\/wp-content\/uploads\/2022\/02\/274604528_1086812695228870_3898484625313303193_n.jpg?resize=800%2C464&#038;ssl=1\" alt=\"\" class=\"wp-image-3062\" srcset=\"https:\/\/i0.wp.com\/notabene.world\/nb\/wp-content\/uploads\/2022\/02\/274604528_1086812695228870_3898484625313303193_n.jpg?resize=1024%2C594&amp;ssl=1 1024w, https:\/\/i0.wp.com\/notabene.world\/nb\/wp-content\/uploads\/2022\/02\/274604528_1086812695228870_3898484625313303193_n.jpg?resize=300%2C174&amp;ssl=1 300w, https:\/\/i0.wp.com\/notabene.world\/nb\/wp-content\/uploads\/2022\/02\/274604528_1086812695228870_3898484625313303193_n.jpg?resize=768%2C445&amp;ssl=1 768w, https:\/\/i0.wp.com\/notabene.world\/nb\/wp-content\/uploads\/2022\/02\/274604528_1086812695228870_3898484625313303193_n.jpg?w=1080&amp;ssl=1 1080w\" sizes=\"auto, (max-width: 800px) 100vw, 800px\" \/><\/figure>\n<figcaption class=\"blocks-gallery-caption\">Podopieczne trenera Krzysztofa J\u00f3\u017awika- Oliwia Be\u0142czew, Ma\u0142gorzata Michalska<\/figcaption><\/figure>\n\n\n\n<p>Ostatnim zawodnikiem startuj\u0105cym drugiego dnia by\u0142 <strong>Nikodem Pochopie\u0144<\/strong>. Tyczkarz- kolejny podopieczny <strong>Agnieszki Wrony<\/strong> zdoby\u0142 srebrny medal w kategorii u20. Uzyska\u0142 wynik <em>4.60m<\/em>. Do z\u0142ota zabrak\u0142o mu tylko pi\u0119ciu centymetr\u00f3w. Jest to jego pierwszy medal indywidualny tak wysokiej rangi zawod\u00f3w. Trzeba r\u00f3wnie\u017c przypomnie\u0107, \u017ce przez ostatnie par\u0119 tygodni podczas zawod\u00f3w eliminacyjnych wielokrotnie pobija\u0142 rekord wojew\u00f3dztwa junior\u00f3w w skoku o tyczce. Obecnie ten rekord wynosi <em>4.70m<\/em>.<\/p>\n\n\n\n<figure class=\"wp-block-image size-large\"><img data-recalc-dims=\"1\" loading=\"lazy\" decoding=\"async\" width=\"800\" height=\"369\" src=\"https:\/\/i0.wp.com\/notabene.world\/nb\/wp-content\/uploads\/2022\/02\/Pochopien.jpg?resize=800%2C369&#038;ssl=1\" alt=\"\" class=\"wp-image-3049\" srcset=\"https:\/\/i0.wp.com\/notabene.world\/nb\/wp-content\/uploads\/2022\/02\/Pochopien.jpg?resize=1024%2C472&amp;ssl=1 1024w, https:\/\/i0.wp.com\/notabene.world\/nb\/wp-content\/uploads\/2022\/02\/Pochopien.jpg?resize=300%2C138&amp;ssl=1 300w, https:\/\/i0.wp.com\/notabene.world\/nb\/wp-content\/uploads\/2022\/02\/Pochopien.jpg?resize=768%2C354&amp;ssl=1 768w, https:\/\/i0.wp.com\/notabene.world\/nb\/wp-content\/uploads\/2022\/02\/Pochopien.jpg?w=1172&amp;ssl=1 1172w\" sizes=\"auto, (max-width: 800px) 100vw, 800px\" \/><figcaption>Nikodem Pochopie\u0144 na drugim miejscu podczas Halowych Mistrzostw Polski w Rzeszowie 2022<\/figcaption><\/figure>\n\n\n\n<p>W ostatni dzie\u0144 na Rzeszowskiej hali wystartowa\u0142a ostatnia tr\u00f3jka naszych reprezentantek. Najpierw <strong>Gabriela Lipi\u0144ska<\/strong> w skoku w dal w kategorii u18 zaj\u0119\u0142a 5 lokat\u0119 z wynikiem <em>5.36m<\/em>. Mimo przeciwno\u015bci losu, jakie j\u0105 spotka\u0142y par\u0119 tygodni wcze\u015bniej, stan\u0119\u0142a na wysoko\u015bci zadania. Zawodniczka <strong>Zdzis\u0142awa Lipi\u0144skiego<\/strong> i <strong>Paw\u0142a Tietierina<\/strong> pierwszy raz startowa\u0142a w indywidualnych zawodach rangi krajowej. <\/p>\n\n\n\n<figure class=\"wp-block-gallery has-nested-images columns-default is-cropped wp-block-gallery-5 is-layout-flex wp-block-gallery-is-layout-flex\">\n<figure class=\"wp-block-image size-large\"><img data-recalc-dims=\"1\" loading=\"lazy\" decoding=\"async\" width=\"800\" height=\"534\" data-id=\"3051\" src=\"https:\/\/i0.wp.com\/notabene.world\/nb\/wp-content\/uploads\/2022\/02\/Lipinska.jpg?resize=800%2C534&#038;ssl=1\" alt=\"\" class=\"wp-image-3051\" srcset=\"https:\/\/i0.wp.com\/notabene.world\/nb\/wp-content\/uploads\/2022\/02\/Lipinska.jpg?resize=1024%2C683&amp;ssl=1 1024w, https:\/\/i0.wp.com\/notabene.world\/nb\/wp-content\/uploads\/2022\/02\/Lipinska.jpg?resize=300%2C200&amp;ssl=1 300w, https:\/\/i0.wp.com\/notabene.world\/nb\/wp-content\/uploads\/2022\/02\/Lipinska.jpg?resize=768%2C512&amp;ssl=1 768w, https:\/\/i0.wp.com\/notabene.world\/nb\/wp-content\/uploads\/2022\/02\/Lipinska.jpg?resize=1536%2C1024&amp;ssl=1 1536w, https:\/\/i0.wp.com\/notabene.world\/nb\/wp-content\/uploads\/2022\/02\/Lipinska.jpg?w=1837&amp;ssl=1 1837w, https:\/\/i0.wp.com\/notabene.world\/nb\/wp-content\/uploads\/2022\/02\/Lipinska.jpg?w=1600&amp;ssl=1 1600w\" sizes=\"auto, (max-width: 800px) 100vw, 800px\" \/><\/figure>\n\n\n\n<figure class=\"wp-block-image size-large\"><img data-recalc-dims=\"1\" loading=\"lazy\" decoding=\"async\" width=\"750\" height=\"1000\" data-id=\"3074\" src=\"https:\/\/i0.wp.com\/notabene.world\/nb\/wp-content\/uploads\/2022\/02\/274503211_500810211434281_7368871402211910100_n.jpg?resize=750%2C1000&#038;ssl=1\" alt=\"\" class=\"wp-image-3074\" srcset=\"https:\/\/i0.wp.com\/notabene.world\/nb\/wp-content\/uploads\/2022\/02\/274503211_500810211434281_7368871402211910100_n.jpg?w=750&amp;ssl=1 750w, https:\/\/i0.wp.com\/notabene.world\/nb\/wp-content\/uploads\/2022\/02\/274503211_500810211434281_7368871402211910100_n.jpg?resize=225%2C300&amp;ssl=1 225w\" sizes=\"auto, (max-width: 750px) 100vw, 750px\" \/><figcaption>Od lewej Pawe\u0142 Tietierin, Gabriela Lipi\u0144ska, Zdzis\u0142aw Lipi\u0144ski<\/figcaption><\/figure>\n\n\n\n<figure class=\"wp-block-image size-large\"><img data-recalc-dims=\"1\" loading=\"lazy\" decoding=\"async\" width=\"800\" height=\"534\" data-id=\"3053\" src=\"https:\/\/i0.wp.com\/notabene.world\/nb\/wp-content\/uploads\/2022\/02\/Lipinska2.jpg?resize=800%2C534&#038;ssl=1\" alt=\"\" class=\"wp-image-3053\" srcset=\"https:\/\/i0.wp.com\/notabene.world\/nb\/wp-content\/uploads\/2022\/02\/Lipinska2.jpg?resize=1024%2C683&amp;ssl=1 1024w, https:\/\/i0.wp.com\/notabene.world\/nb\/wp-content\/uploads\/2022\/02\/Lipinska2.jpg?resize=300%2C200&amp;ssl=1 300w, https:\/\/i0.wp.com\/notabene.world\/nb\/wp-content\/uploads\/2022\/02\/Lipinska2.jpg?resize=768%2C512&amp;ssl=1 768w, https:\/\/i0.wp.com\/notabene.world\/nb\/wp-content\/uploads\/2022\/02\/Lipinska2.jpg?resize=1536%2C1024&amp;ssl=1 1536w, https:\/\/i0.wp.com\/notabene.world\/nb\/wp-content\/uploads\/2022\/02\/Lipinska2.jpg?w=1837&amp;ssl=1 1837w, https:\/\/i0.wp.com\/notabene.world\/nb\/wp-content\/uploads\/2022\/02\/Lipinska2.jpg?w=1600&amp;ssl=1 1600w\" sizes=\"auto, (max-width: 800px) 100vw, 800px\" \/><\/figure>\n<figcaption class=\"blocks-gallery-caption\">Gabriela Lipi\u0144ska podczas startu<\/figcaption><\/figure>\n\n\n\n<p>Ostatnie startowa\u0142y podopieczne trenera <strong>Grzegorza Furmanka<\/strong>. Pierwsza- <strong>Wiktoria Wijas<\/strong> w pchni\u0119ciu czterokilogramow\u0105 kul\u0105 uzyska\u0142a wynik <em>10.59m<\/em>. Da\u0142 jej on 7 miejsce w kategorii u20. Pobi\u0142a sw\u00f3j rekord \u017cyciowy w ostatniej pr\u00f3bie. Zaraz po niej <strong>Zuzanna Pa\u0142yga<\/strong> w kategorii u18 pchaj\u0105c trzykilogramow\u0105 kul\u0105, uzyska\u0142a wynik <em>11.47m<\/em>. Zaj\u0119\u0142a 12 miejsce r\u00f3wnie\u017c z now\u0105 ,,\u017cyci\u00f3wk\u0105&#8221;. Obie te zawodniczki docelowo przygotowuj\u0105 si\u0119 do konkurencji rzutu m\u0142otem w sezonie letnim. <\/p>\n\n\n\n<figure class=\"wp-block-gallery has-nested-images columns-default is-cropped wp-block-gallery-6 is-layout-flex wp-block-gallery-is-layout-flex\">\n<figure class=\"wp-block-image size-large\"><img data-recalc-dims=\"1\" loading=\"lazy\" decoding=\"async\" width=\"800\" height=\"533\" data-id=\"3055\" src=\"https:\/\/i0.wp.com\/notabene.world\/nb\/wp-content\/uploads\/2022\/02\/Wijas.jpg?resize=800%2C533&#038;ssl=1\" alt=\"\" class=\"wp-image-3055\" srcset=\"https:\/\/i0.wp.com\/notabene.world\/nb\/wp-content\/uploads\/2022\/02\/Wijas.jpg?resize=1024%2C682&amp;ssl=1 1024w, https:\/\/i0.wp.com\/notabene.world\/nb\/wp-content\/uploads\/2022\/02\/Wijas.jpg?resize=300%2C200&amp;ssl=1 300w, https:\/\/i0.wp.com\/notabene.world\/nb\/wp-content\/uploads\/2022\/02\/Wijas.jpg?resize=768%2C512&amp;ssl=1 768w, https:\/\/i0.wp.com\/notabene.world\/nb\/wp-content\/uploads\/2022\/02\/Wijas.jpg?resize=1536%2C1024&amp;ssl=1 1536w, https:\/\/i0.wp.com\/notabene.world\/nb\/wp-content\/uploads\/2022\/02\/Wijas.jpg?w=1628&amp;ssl=1 1628w\" sizes=\"auto, (max-width: 800px) 100vw, 800px\" \/><\/figure>\n\n\n\n<figure class=\"wp-block-image size-large\"><img data-recalc-dims=\"1\" loading=\"lazy\" decoding=\"async\" width=\"800\" height=\"533\" data-id=\"3056\" src=\"https:\/\/i0.wp.com\/notabene.world\/nb\/wp-content\/uploads\/2022\/02\/Wijas2.jpg?resize=800%2C533&#038;ssl=1\" alt=\"\" class=\"wp-image-3056\" srcset=\"https:\/\/i0.wp.com\/notabene.world\/nb\/wp-content\/uploads\/2022\/02\/Wijas2.jpg?resize=1024%2C682&amp;ssl=1 1024w, https:\/\/i0.wp.com\/notabene.world\/nb\/wp-content\/uploads\/2022\/02\/Wijas2.jpg?resize=300%2C200&amp;ssl=1 300w, https:\/\/i0.wp.com\/notabene.world\/nb\/wp-content\/uploads\/2022\/02\/Wijas2.jpg?resize=768%2C512&amp;ssl=1 768w, https:\/\/i0.wp.com\/notabene.world\/nb\/wp-content\/uploads\/2022\/02\/Wijas2.jpg?resize=1536%2C1024&amp;ssl=1 1536w, https:\/\/i0.wp.com\/notabene.world\/nb\/wp-content\/uploads\/2022\/02\/Wijas2.jpg?w=1826&amp;ssl=1 1826w, https:\/\/i0.wp.com\/notabene.world\/nb\/wp-content\/uploads\/2022\/02\/Wijas2.jpg?w=1600&amp;ssl=1 1600w\" sizes=\"auto, (max-width: 800px) 100vw, 800px\" \/><\/figure>\n\n\n\n<figure class=\"wp-block-image size-large\"><img data-recalc-dims=\"1\" loading=\"lazy\" decoding=\"async\" width=\"800\" height=\"534\" data-id=\"3057\" src=\"https:\/\/i0.wp.com\/notabene.world\/nb\/wp-content\/uploads\/2022\/02\/HMP-Palyga.jpg?resize=800%2C534&#038;ssl=1\" alt=\"\" class=\"wp-image-3057\" srcset=\"https:\/\/i0.wp.com\/notabene.world\/nb\/wp-content\/uploads\/2022\/02\/HMP-Palyga.jpg?resize=1024%2C683&amp;ssl=1 1024w, https:\/\/i0.wp.com\/notabene.world\/nb\/wp-content\/uploads\/2022\/02\/HMP-Palyga.jpg?resize=300%2C200&amp;ssl=1 300w, https:\/\/i0.wp.com\/notabene.world\/nb\/wp-content\/uploads\/2022\/02\/HMP-Palyga.jpg?resize=768%2C512&amp;ssl=1 768w, https:\/\/i0.wp.com\/notabene.world\/nb\/wp-content\/uploads\/2022\/02\/HMP-Palyga.jpg?resize=1536%2C1024&amp;ssl=1 1536w, https:\/\/i0.wp.com\/notabene.world\/nb\/wp-content\/uploads\/2022\/02\/HMP-Palyga.jpg?w=1837&amp;ssl=1 1837w, https:\/\/i0.wp.com\/notabene.world\/nb\/wp-content\/uploads\/2022\/02\/HMP-Palyga.jpg?w=1600&amp;ssl=1 1600w\" sizes=\"auto, (max-width: 800px) 100vw, 800px\" \/><\/figure>\n<figcaption class=\"blocks-gallery-caption\">Zuzanna Pa\u0142yga oraz Wiktoria Wijas podczas konkurs\u00f3w pchni\u0119cia kul\u0105<\/figcaption><\/figure>\n\n\n\n<p>Serdeczne gratulacje pozosta\u0142ym zawodnikom. Cieszymy si\u0119 i czekamy na kolejne sukcesy naszych kieleckich reprezentant\u00f3w. Ich poczynania i relacje z trening\u00f3w mo\u017cna \u015bledzi\u0107 na Facebook-u <em>Kielecki Klub Lekkoatletyczny<\/em> oraz Instagramie <em>@kkl_kielce<\/em> <\/p>\n","protected":false},"excerpt":{"rendered":"<p>Od 11 lutego przez ca\u0142y weekend w Uniwersyteckim Centrum Lekkoatletycznym w Rzeszowie mia\u0142y miejsce Halowe Mistrzostwa Polski Junior\u00f3w. Konkurencje odbywa\u0142y si\u0119 w dw\u00f3ch kategoriach wiekowych- poni\u017cej 20 roku \u017cycia i poni\u017cej 18. Uczestnicy z ca\u0142ej Polski zjechali si\u0119, aby sprawdzi\u0107 form\u0119 w najwa\u017cniejszych zawodach sezonu ,,indoor&#8221; (t\u0142um. wewn\u0105trz).<\/p>\n","protected":false},"author":8,"featured_media":3081,"comment_status":"closed","ping_status":"closed","sticky":false,"template":"","format":"standard","meta":{"colormag_page_container_layout":"default_layout","colormag_page_sidebar_layout":"default_layout","_jetpack_memberships_contains_paid_content":false,"footnotes":"","_links_to":"","_links_to_target":""},"categories":[9],"tags":[155,154,156,153],"class_list":["post-2431","post","type-post","status-publish","format-standard","has-post-thumbnail","hentry","category-sport","tag-kielce","tag-kkl","tag-lekkoatletyka","tag-sport-2"],"yoast_head":"<!-- This site is optimized with the Yoast SEO plugin v27.4 - https:\/\/yoast.com\/product\/yoast-seo-wordpress\/ -->\n<title>Trzy medale KKL podczas Halowych Mistrzostw Polski junior\u00f3w! - NOTABENE.WORLD<\/title>\n<meta name=\"description\" content=\"Od 11 lutego przez ca\u0142y weekend w Uniwersyteckim Centrum Lekkoatletycznym w Rzeszowie mia\u0142y miejsce Halowe Mistrzostwa Polski Junior\u00f3w. Konkurencje odbywa\u0142y si\u0119 w dw\u00f3ch kategoriach wiekowych- poni\u017cej 20 roku \u017cycia i poni\u017cej 18. Uczestnicy z ca\u0142ej Polski zjechali si\u0119, aby sprawdzi\u0107 form\u0119 w najwa\u017cniejszych zawodach sezonu ,,indoor&quot; (t\u0142m. wewn\u0105trz).\" \/>\n<meta name=\"robots\" content=\"index, follow, max-snippet:-1, max-image-preview:large, max-video-preview:-1\" \/>\n<link rel=\"canonical\" href=\"https:\/\/notabene.world\/nb\/pzla-hmp-kkl\/\" \/>\n<meta property=\"og:locale\" content=\"pl_PL\" \/>\n<meta property=\"og:type\" content=\"article\" \/>\n<meta property=\"og:title\" content=\"Trzy medale KKL podczas Halowych Mistrzostw Polski junior\u00f3w! - NOTABENE.WORLD\" \/>\n<meta property=\"og:description\" content=\"Od 11 lutego przez ca\u0142y weekend w Uniwersyteckim Centrum Lekkoatletycznym w Rzeszowie mia\u0142y miejsce Halowe Mistrzostwa Polski Junior\u00f3w. Konkurencje odbywa\u0142y si\u0119 w dw\u00f3ch kategoriach wiekowych- poni\u017cej 20 roku \u017cycia i poni\u017cej 18. Uczestnicy z ca\u0142ej Polski zjechali si\u0119, aby sprawdzi\u0107 form\u0119 w najwa\u017cniejszych zawodach sezonu ,,indoor&quot; (t\u0142m. wewn\u0105trz).\" \/>\n<meta property=\"og:url\" content=\"https:\/\/notabene.world\/nb\/pzla-hmp-kkl\/\" \/>\n<meta property=\"og:site_name\" content=\"NOTABENE.WORLD\" \/>\n<meta property=\"article:publisher\" content=\"https:\/\/www.facebook.com\/Notabene.World\" \/>\n<meta property=\"article:published_time\" content=\"2022-02-22T22:59:00+00:00\" \/>\n<meta property=\"article:modified_time\" content=\"2022-03-19T19:27:02+00:00\" \/>\n<meta property=\"og:image\" content=\"https:\/\/notabene.world\/nb\/wp-content\/uploads\/2022\/02\/lekk.jpg\" \/>\n\t<meta property=\"og:image:width\" content=\"800\" \/>\n\t<meta property=\"og:image:height\" content=\"445\" \/>\n\t<meta property=\"og:image:type\" content=\"image\/jpeg\" \/>\n<meta name=\"author\" content=\"Oliwia Masternak\" \/>\n<meta name=\"twitter:card\" content=\"summary_large_image\" \/>\n<meta name=\"twitter:label1\" content=\"Napisane przez\" \/>\n\t<meta name=\"twitter:data1\" content=\"Oliwia Masternak\" \/>\n\t<meta name=\"twitter:label2\" content=\"Szacowany czas czytania\" \/>\n\t<meta name=\"twitter:data2\" content=\"9 minut\" \/>\n<script type=\"application\/ld+json\" class=\"yoast-schema-graph\">{\"@context\":\"https:\\\/\\\/schema.org\",\"@graph\":[{\"@type\":\"Article\",\"@id\":\"https:\\\/\\\/notabene.world\\\/nb\\\/pzla-hmp-kkl\\\/#article\",\"isPartOf\":{\"@id\":\"https:\\\/\\\/notabene.world\\\/nb\\\/pzla-hmp-kkl\\\/\"},\"author\":{\"name\":\"Oliwia Masternak\",\"@id\":\"https:\\\/\\\/notabene.world\\\/nb\\\/#\\\/schema\\\/person\\\/b1d9ae31d71d4fc2391a4920219be808\"},\"headline\":\"Trzy medale KKL podczas Halowych Mistrzostw Polski junior\u00f3w!\",\"datePublished\":\"2022-02-22T22:59:00+00:00\",\"dateModified\":\"2022-03-19T19:27:02+00:00\",\"mainEntityOfPage\":{\"@id\":\"https:\\\/\\\/notabene.world\\\/nb\\\/pzla-hmp-kkl\\\/\"},\"wordCount\":843,\"publisher\":{\"@id\":\"https:\\\/\\\/notabene.world\\\/nb\\\/#organization\"},\"image\":{\"@id\":\"https:\\\/\\\/notabene.world\\\/nb\\\/pzla-hmp-kkl\\\/#primaryimage\"},\"thumbnailUrl\":\"https:\\\/\\\/i0.wp.com\\\/notabene.world\\\/nb\\\/wp-content\\\/uploads\\\/2022\\\/02\\\/lekk.jpg?fit=800%2C445&ssl=1\",\"keywords\":[\"#kielce\",\"#kkl\",\"#lekkoatletyka\",\"#sport\"],\"articleSection\":[\"Sport\"],\"inLanguage\":\"pl-PL\"},{\"@type\":\"WebPage\",\"@id\":\"https:\\\/\\\/notabene.world\\\/nb\\\/pzla-hmp-kkl\\\/\",\"url\":\"https:\\\/\\\/notabene.world\\\/nb\\\/pzla-hmp-kkl\\\/\",\"name\":\"Trzy medale KKL podczas Halowych Mistrzostw Polski junior\u00f3w! - NOTABENE.WORLD\",\"isPartOf\":{\"@id\":\"https:\\\/\\\/notabene.world\\\/nb\\\/#website\"},\"primaryImageOfPage\":{\"@id\":\"https:\\\/\\\/notabene.world\\\/nb\\\/pzla-hmp-kkl\\\/#primaryimage\"},\"image\":{\"@id\":\"https:\\\/\\\/notabene.world\\\/nb\\\/pzla-hmp-kkl\\\/#primaryimage\"},\"thumbnailUrl\":\"https:\\\/\\\/i0.wp.com\\\/notabene.world\\\/nb\\\/wp-content\\\/uploads\\\/2022\\\/02\\\/lekk.jpg?fit=800%2C445&ssl=1\",\"datePublished\":\"2022-02-22T22:59:00+00:00\",\"dateModified\":\"2022-03-19T19:27:02+00:00\",\"description\":\"Od 11 lutego przez ca\u0142y weekend w Uniwersyteckim Centrum Lekkoatletycznym w Rzeszowie mia\u0142y miejsce Halowe Mistrzostwa Polski Junior\u00f3w. Konkurencje odbywa\u0142y si\u0119 w dw\u00f3ch kategoriach wiekowych- poni\u017cej 20 roku \u017cycia i poni\u017cej 18. Uczestnicy z ca\u0142ej Polski zjechali si\u0119, aby sprawdzi\u0107 form\u0119 w najwa\u017cniejszych zawodach sezonu ,,indoor\\\" (t\u0142m. wewn\u0105trz).\",\"breadcrumb\":{\"@id\":\"https:\\\/\\\/notabene.world\\\/nb\\\/pzla-hmp-kkl\\\/#breadcrumb\"},\"inLanguage\":\"pl-PL\",\"potentialAction\":[{\"@type\":\"ReadAction\",\"target\":[\"https:\\\/\\\/notabene.world\\\/nb\\\/pzla-hmp-kkl\\\/\"]}]},{\"@type\":\"ImageObject\",\"inLanguage\":\"pl-PL\",\"@id\":\"https:\\\/\\\/notabene.world\\\/nb\\\/pzla-hmp-kkl\\\/#primaryimage\",\"url\":\"https:\\\/\\\/i0.wp.com\\\/notabene.world\\\/nb\\\/wp-content\\\/uploads\\\/2022\\\/02\\\/lekk.jpg?fit=800%2C445&ssl=1\",\"contentUrl\":\"https:\\\/\\\/i0.wp.com\\\/notabene.world\\\/nb\\\/wp-content\\\/uploads\\\/2022\\\/02\\\/lekk.jpg?fit=800%2C445&ssl=1\",\"width\":800,\"height\":445},{\"@type\":\"BreadcrumbList\",\"@id\":\"https:\\\/\\\/notabene.world\\\/nb\\\/pzla-hmp-kkl\\\/#breadcrumb\",\"itemListElement\":[{\"@type\":\"ListItem\",\"position\":1,\"name\":\"Home\",\"item\":\"https:\\\/\\\/notabene.world\\\/nb\\\/\"},{\"@type\":\"ListItem\",\"position\":2,\"name\":\"Trzy medale KKL podczas Halowych Mistrzostw Polski junior\u00f3w!\"}]},{\"@type\":\"WebSite\",\"@id\":\"https:\\\/\\\/notabene.world\\\/nb\\\/#website\",\"url\":\"https:\\\/\\\/notabene.world\\\/nb\\\/\",\"name\":\"NOTABENE.WORLD\",\"description\":\"Przekaz. Warto\u015bci. Wsp\u00f3lnota.\",\"publisher\":{\"@id\":\"https:\\\/\\\/notabene.world\\\/nb\\\/#organization\"},\"potentialAction\":[{\"@type\":\"SearchAction\",\"target\":{\"@type\":\"EntryPoint\",\"urlTemplate\":\"https:\\\/\\\/notabene.world\\\/nb\\\/?s={search_term_string}\"},\"query-input\":{\"@type\":\"PropertyValueSpecification\",\"valueRequired\":true,\"valueName\":\"search_term_string\"}}],\"inLanguage\":\"pl-PL\"},{\"@type\":\"Organization\",\"@id\":\"https:\\\/\\\/notabene.world\\\/nb\\\/#organization\",\"name\":\"NOTABENE.WORLD\",\"url\":\"https:\\\/\\\/notabene.world\\\/nb\\\/\",\"logo\":{\"@type\":\"ImageObject\",\"inLanguage\":\"pl-PL\",\"@id\":\"https:\\\/\\\/notabene.world\\\/nb\\\/#\\\/schema\\\/logo\\\/image\\\/\",\"url\":\"https:\\\/\\\/notabene.world\\\/nb\\\/wp-content\\\/uploads\\\/2022\\\/01\\\/NB-club-start-www1.jpg\",\"contentUrl\":\"https:\\\/\\\/notabene.world\\\/nb\\\/wp-content\\\/uploads\\\/2022\\\/01\\\/NB-club-start-www1.jpg\",\"width\":1000,\"height\":839,\"caption\":\"NOTABENE.WORLD\"},\"image\":{\"@id\":\"https:\\\/\\\/notabene.world\\\/nb\\\/#\\\/schema\\\/logo\\\/image\\\/\"},\"sameAs\":[\"https:\\\/\\\/www.facebook.com\\\/Notabene.World\"]},{\"@type\":\"Person\",\"@id\":\"https:\\\/\\\/notabene.world\\\/nb\\\/#\\\/schema\\\/person\\\/b1d9ae31d71d4fc2391a4920219be808\",\"name\":\"Oliwia Masternak\",\"image\":{\"@type\":\"ImageObject\",\"inLanguage\":\"pl-PL\",\"@id\":\"https:\\\/\\\/secure.gravatar.com\\\/avatar\\\/cf5dd902e1dae3bc351aab35b8642405f3cfd2ce05b9530a6cac3103d6861888?s=96&d=mm&r=g\",\"url\":\"https:\\\/\\\/secure.gravatar.com\\\/avatar\\\/cf5dd902e1dae3bc351aab35b8642405f3cfd2ce05b9530a6cac3103d6861888?s=96&d=mm&r=g\",\"contentUrl\":\"https:\\\/\\\/secure.gravatar.com\\\/avatar\\\/cf5dd902e1dae3bc351aab35b8642405f3cfd2ce05b9530a6cac3103d6861888?s=96&d=mm&r=g\",\"caption\":\"Oliwia Masternak\"},\"url\":\"https:\\\/\\\/notabene.world\\\/nb\\\/author\\\/oliwia\\\/\"}]}<\/script>\n<!-- \/ Yoast SEO plugin. -->","yoast_head_json":{"title":"Trzy medale KKL podczas Halowych Mistrzostw Polski junior\u00f3w! - NOTABENE.WORLD","description":"Od 11 lutego przez ca\u0142y weekend w Uniwersyteckim Centrum Lekkoatletycznym w Rzeszowie mia\u0142y miejsce Halowe Mistrzostwa Polski Junior\u00f3w. Konkurencje odbywa\u0142y si\u0119 w dw\u00f3ch kategoriach wiekowych- poni\u017cej 20 roku \u017cycia i poni\u017cej 18. Uczestnicy z ca\u0142ej Polski zjechali si\u0119, aby sprawdzi\u0107 form\u0119 w najwa\u017cniejszych zawodach sezonu ,,indoor\" (t\u0142m. wewn\u0105trz).","robots":{"index":"index","follow":"follow","max-snippet":"max-snippet:-1","max-image-preview":"max-image-preview:large","max-video-preview":"max-video-preview:-1"},"canonical":"https:\/\/notabene.world\/nb\/pzla-hmp-kkl\/","og_locale":"pl_PL","og_type":"article","og_title":"Trzy medale KKL podczas Halowych Mistrzostw Polski junior\u00f3w! - NOTABENE.WORLD","og_description":"Od 11 lutego przez ca\u0142y weekend w Uniwersyteckim Centrum Lekkoatletycznym w Rzeszowie mia\u0142y miejsce Halowe Mistrzostwa Polski Junior\u00f3w. Konkurencje odbywa\u0142y si\u0119 w dw\u00f3ch kategoriach wiekowych- poni\u017cej 20 roku \u017cycia i poni\u017cej 18. Uczestnicy z ca\u0142ej Polski zjechali si\u0119, aby sprawdzi\u0107 form\u0119 w najwa\u017cniejszych zawodach sezonu ,,indoor\" (t\u0142m. wewn\u0105trz).","og_url":"https:\/\/notabene.world\/nb\/pzla-hmp-kkl\/","og_site_name":"NOTABENE.WORLD","article_publisher":"https:\/\/www.facebook.com\/Notabene.World","article_published_time":"2022-02-22T22:59:00+00:00","article_modified_time":"2022-03-19T19:27:02+00:00","og_image":[{"width":800,"height":445,"url":"https:\/\/notabene.world\/nb\/wp-content\/uploads\/2022\/02\/lekk.jpg","type":"image\/jpeg"}],"author":"Oliwia Masternak","twitter_card":"summary_large_image","twitter_misc":{"Napisane przez":"Oliwia Masternak","Szacowany czas czytania":"9 minut"},"schema":{"@context":"https:\/\/schema.org","@graph":[{"@type":"Article","@id":"https:\/\/notabene.world\/nb\/pzla-hmp-kkl\/#article","isPartOf":{"@id":"https:\/\/notabene.world\/nb\/pzla-hmp-kkl\/"},"author":{"name":"Oliwia Masternak","@id":"https:\/\/notabene.world\/nb\/#\/schema\/person\/b1d9ae31d71d4fc2391a4920219be808"},"headline":"Trzy medale KKL podczas Halowych Mistrzostw Polski junior\u00f3w!","datePublished":"2022-02-22T22:59:00+00:00","dateModified":"2022-03-19T19:27:02+00:00","mainEntityOfPage":{"@id":"https:\/\/notabene.world\/nb\/pzla-hmp-kkl\/"},"wordCount":843,"publisher":{"@id":"https:\/\/notabene.world\/nb\/#organization"},"image":{"@id":"https:\/\/notabene.world\/nb\/pzla-hmp-kkl\/#primaryimage"},"thumbnailUrl":"https:\/\/i0.wp.com\/notabene.world\/nb\/wp-content\/uploads\/2022\/02\/lekk.jpg?fit=800%2C445&ssl=1","keywords":["#kielce","#kkl","#lekkoatletyka","#sport"],"articleSection":["Sport"],"inLanguage":"pl-PL"},{"@type":"WebPage","@id":"https:\/\/notabene.world\/nb\/pzla-hmp-kkl\/","url":"https:\/\/notabene.world\/nb\/pzla-hmp-kkl\/","name":"Trzy medale KKL podczas Halowych Mistrzostw Polski junior\u00f3w! - NOTABENE.WORLD","isPartOf":{"@id":"https:\/\/notabene.world\/nb\/#website"},"primaryImageOfPage":{"@id":"https:\/\/notabene.world\/nb\/pzla-hmp-kkl\/#primaryimage"},"image":{"@id":"https:\/\/notabene.world\/nb\/pzla-hmp-kkl\/#primaryimage"},"thumbnailUrl":"https:\/\/i0.wp.com\/notabene.world\/nb\/wp-content\/uploads\/2022\/02\/lekk.jpg?fit=800%2C445&ssl=1","datePublished":"2022-02-22T22:59:00+00:00","dateModified":"2022-03-19T19:27:02+00:00","description":"Od 11 lutego przez ca\u0142y weekend w Uniwersyteckim Centrum Lekkoatletycznym w Rzeszowie mia\u0142y miejsce Halowe Mistrzostwa Polski Junior\u00f3w. Konkurencje odbywa\u0142y si\u0119 w dw\u00f3ch kategoriach wiekowych- poni\u017cej 20 roku \u017cycia i poni\u017cej 18. Uczestnicy z ca\u0142ej Polski zjechali si\u0119, aby sprawdzi\u0107 form\u0119 w najwa\u017cniejszych zawodach sezonu ,,indoor\" (t\u0142m. wewn\u0105trz).","breadcrumb":{"@id":"https:\/\/notabene.world\/nb\/pzla-hmp-kkl\/#breadcrumb"},"inLanguage":"pl-PL","potentialAction":[{"@type":"ReadAction","target":["https:\/\/notabene.world\/nb\/pzla-hmp-kkl\/"]}]},{"@type":"ImageObject","inLanguage":"pl-PL","@id":"https:\/\/notabene.world\/nb\/pzla-hmp-kkl\/#primaryimage","url":"https:\/\/i0.wp.com\/notabene.world\/nb\/wp-content\/uploads\/2022\/02\/lekk.jpg?fit=800%2C445&ssl=1","contentUrl":"https:\/\/i0.wp.com\/notabene.world\/nb\/wp-content\/uploads\/2022\/02\/lekk.jpg?fit=800%2C445&ssl=1","width":800,"height":445},{"@type":"BreadcrumbList","@id":"https:\/\/notabene.world\/nb\/pzla-hmp-kkl\/#breadcrumb","itemListElement":[{"@type":"ListItem","position":1,"name":"Home","item":"https:\/\/notabene.world\/nb\/"},{"@type":"ListItem","position":2,"name":"Trzy medale KKL podczas Halowych Mistrzostw Polski junior\u00f3w!"}]},{"@type":"WebSite","@id":"https:\/\/notabene.world\/nb\/#website","url":"https:\/\/notabene.world\/nb\/","name":"NOTABENE.WORLD","description":"Przekaz. Warto\u015bci. Wsp\u00f3lnota.","publisher":{"@id":"https:\/\/notabene.world\/nb\/#organization"},"potentialAction":[{"@type":"SearchAction","target":{"@type":"EntryPoint","urlTemplate":"https:\/\/notabene.world\/nb\/?s={search_term_string}"},"query-input":{"@type":"PropertyValueSpecification","valueRequired":true,"valueName":"search_term_string"}}],"inLanguage":"pl-PL"},{"@type":"Organization","@id":"https:\/\/notabene.world\/nb\/#organization","name":"NOTABENE.WORLD","url":"https:\/\/notabene.world\/nb\/","logo":{"@type":"ImageObject","inLanguage":"pl-PL","@id":"https:\/\/notabene.world\/nb\/#\/schema\/logo\/image\/","url":"https:\/\/notabene.world\/nb\/wp-content\/uploads\/2022\/01\/NB-club-start-www1.jpg","contentUrl":"https:\/\/notabene.world\/nb\/wp-content\/uploads\/2022\/01\/NB-club-start-www1.jpg","width":1000,"height":839,"caption":"NOTABENE.WORLD"},"image":{"@id":"https:\/\/notabene.world\/nb\/#\/schema\/logo\/image\/"},"sameAs":["https:\/\/www.facebook.com\/Notabene.World"]},{"@type":"Person","@id":"https:\/\/notabene.world\/nb\/#\/schema\/person\/b1d9ae31d71d4fc2391a4920219be808","name":"Oliwia Masternak","image":{"@type":"ImageObject","inLanguage":"pl-PL","@id":"https:\/\/secure.gravatar.com\/avatar\/cf5dd902e1dae3bc351aab35b8642405f3cfd2ce05b9530a6cac3103d6861888?s=96&d=mm&r=g","url":"https:\/\/secure.gravatar.com\/avatar\/cf5dd902e1dae3bc351aab35b8642405f3cfd2ce05b9530a6cac3103d6861888?s=96&d=mm&r=g","contentUrl":"https:\/\/secure.gravatar.com\/avatar\/cf5dd902e1dae3bc351aab35b8642405f3cfd2ce05b9530a6cac3103d6861888?s=96&d=mm&r=g","caption":"Oliwia Masternak"},"url":"https:\/\/notabene.world\/nb\/author\/oliwia\/"}]}},"jetpack_featured_media_url":"https:\/\/i0.wp.com\/notabene.world\/nb\/wp-content\/uploads\/2022\/02\/lekk.jpg?fit=800%2C445&ssl=1","jetpack_sharing_enabled":true,"jetpack_shortlink":"https:\/\/wp.me\/pdCobN-Dd","_links":{"self":[{"href":"https:\/\/notabene.world\/nb\/wp-json\/wp\/v2\/posts\/2431","targetHints":{"allow":["GET"]}}],"collection":[{"href":"https:\/\/notabene.world\/nb\/wp-json\/wp\/v2\/posts"}],"about":[{"href":"https:\/\/notabene.world\/nb\/wp-json\/wp\/v2\/types\/post"}],"author":[{"embeddable":true,"href":"https:\/\/notabene.world\/nb\/wp-json\/wp\/v2\/users\/8"}],"replies":[{"embeddable":true,"href":"https:\/\/notabene.world\/nb\/wp-json\/wp\/v2\/comments?post=2431"}],"version-history":[{"count":5,"href":"https:\/\/notabene.world\/nb\/wp-json\/wp\/v2\/posts\/2431\/revisions"}],"predecessor-version":[{"id":3917,"href":"https:\/\/notabene.world\/nb\/wp-json\/wp\/v2\/posts\/2431\/revisions\/3917"}],"wp:featuredmedia":[{"embeddable":true,"href":"https:\/\/notabene.world\/nb\/wp-json\/wp\/v2\/media\/3081"}],"wp:attachment":[{"href":"https:\/\/notabene.world\/nb\/wp-json\/wp\/v2\/media?parent=2431"}],"wp:term":[{"taxonomy":"category","embeddable":true,"href":"https:\/\/notabene.world\/nb\/wp-json\/wp\/v2\/categories?post=2431"},{"taxonomy":"post_tag","embeddable":true,"href":"https:\/\/notabene.world\/nb\/wp-json\/wp\/v2\/tags?post=2431"}],"curies":[{"name":"wp","href":"https:\/\/api.w.org\/{rel}","templated":true}]}}