{"id":2485,"date":"2022-02-01T07:55:00","date_gmt":"2022-02-01T06:55:00","guid":{"rendered":"https:\/\/notabene.world\/nb\/?p=2485"},"modified":"2022-02-23T16:37:00","modified_gmt":"2022-02-23T15:37:00","slug":"uczniowie-szczepcie-sie","status":"publish","type":"post","link":"https:\/\/notabene.world\/nb\/uczniowie-szczepcie-sie\/","title":{"rendered":"Uczniowie, szczepcie si\u0119"},"content":{"rendered":"\n<p>Szczepienia w\u015br\u00f3d dzieci i m\u0142odzie\u017cy to najlepsza ochrona przed pandemi\u0105, ci\u0119\u017ckimi powik\u0142aniami i \u015bmierci\u0105. To r\u00f3wnie\u017c warunek, aby przysz\u0142oroczne studni\u00f3wki ju\u017c by\u0142y normalne.<\/p>\n\n\n\n<p>Ostatnio pada cz\u0119sty argument antyszczepionkowc\u00f3w i szczepko-sceptyk\u00f3w &#8211; &#8222;bo Portugalia zaszczepiona, a ludzie si\u0119 zaka\u017caj\u0105&#8221;. Fakt, tylko \u017ce co innego zaka\u017cenie, a co innego ci\u0119\u017cka choroba lub \u015bmier\u0107. Szczepionka nie chroni w 100 procentach przed zaka\u017ceniem, ale przed ci\u0119\u017ck\u0105 chorob\u0105 i \u015bmierci\u0105 &#8211; bardzo. Jak to wygl\u0105da w liczbach? Sprawdzi\u0142em, ile razy wi\u0119cej pacjent\u00f3w z Covid-19 le\u017cy w szpitalu w Polsce ni\u017c w Portugalii &#8211; od 26 do 28 razy wi\u0119cej! Tysi\u0105ce ludzi cierpi w Polsce niepotrzebnie, bo zdecydowana wi\u0119kszo\u015b\u0107 mog\u0142a si\u0119 zaszczepi\u0107 i nie trafi\u0107 do szpitala. Portugalia ma 4 razy mniej mieszka\u0144c\u00f3w, prawie trzydzie\u015bci razy mniej ci\u0119\u017cko chorych!<br><\/p>\n\n\n\n<p><strong>A teraz liczby<\/strong><br>Liczba hospitalizacji z powodu Covid-19, tydzie\u0144 21-28.11.2021 r.<br>Portugalia &#8211; od 597 do 764 pacjent\u00f3w<br>Polska &#8211; od 16 tys. 733 do 20 tys. 67 pacjent\u00f3w.<\/p>\n\n\n\n<p>Jest to tylko jeden wybrany okres z jesiennej fali zaka\u017ce\u0144. Podobne wnioski przynosz\u0105 por\u00f3wnania z kolejnych tygodni.<br>\u0179r\u00f3d\u0142o:<br><a href=\"https:\/\/www.ecdc.europa.eu\/en\/publications-data\/download-data-hospital-and-icu-admission-rates-and-current-occupancy-covid-19?fbclid=IwAR1iROsTlQLTOKqLfj7ajuuLROvyGz_-nKEgLbTHyPyWQB2YJ69ZlbR4SHU\" target=\"_blank\" rel=\"noreferrer noopener\">https:\/\/www.ecdc.europa.eu\/en\/publications-data\/download-data-hospital-and-icu-admission-rates-and-current-occupancy-covid-19?fbclid=IwAR1iROsTlQLTOKqLfj7ajuuLROvyGz_-nKEgLbTHyPyWQB2YJ69ZlbR4SHU<\/a><\/p>\n","protected":false},"excerpt":{"rendered":"<p>Szczepienia w\u015br\u00f3d dzieci i m\u0142odzie\u017cy to najlepsza ochrona przed pandemi\u0105, ci\u0119\u017ckimi powik\u0142aniami i \u015bmierci\u0105. To r\u00f3wnie\u017c warunek, aby przysz\u0142oroczne studni\u00f3wki ju\u017c by\u0142y normalne.<\/p>\n","protected":false},"author":31,"featured_media":2487,"comment_status":"closed","ping_status":"closed","sticky":false,"template":"","format":"standard","meta":{"colormag_page_container_layout":"default_layout","colormag_page_sidebar_layout":"default_layout","_jetpack_memberships_contains_paid_content":false,"footnotes":"","_links_to":"","_links_to_target":""},"categories":[12,150,110],"tags":[],"class_list":["post-2485","post","type-post","status-publish","format-standard","has-post-thumbnail","hentry","category-spoleczenstwo","category-publicystyka","category-spoleczenstwo-2"],"yoast_head":"<!-- This site is optimized with the Yoast SEO plugin v27.4 - https:\/\/yoast.com\/product\/yoast-seo-wordpress\/ -->\n<title>Uczniowie, szczepcie si\u0119 - NOTABENE.WORLD<\/title>\n<meta name=\"robots\" content=\"index, follow, max-snippet:-1, max-image-preview:large, max-video-preview:-1\" \/>\n<link rel=\"canonical\" href=\"https:\/\/notabene.world\/nb\/uczniowie-szczepcie-sie\/\" \/>\n<meta property=\"og:locale\" content=\"pl_PL\" \/>\n<meta property=\"og:type\" content=\"article\" \/>\n<meta property=\"og:title\" content=\"Uczniowie, szczepcie si\u0119 - NOTABENE.WORLD\" \/>\n<meta property=\"og:description\" content=\"Szczepienia w\u015br\u00f3d dzieci i m\u0142odzie\u017cy to najlepsza ochrona przed pandemi\u0105, ci\u0119\u017ckimi powik\u0142aniami i \u015bmierci\u0105. To r\u00f3wnie\u017c warunek, aby przysz\u0142oroczne studni\u00f3wki ju\u017c by\u0142y normalne.\" \/>\n<meta property=\"og:url\" content=\"https:\/\/notabene.world\/nb\/uczniowie-szczepcie-sie\/\" \/>\n<meta property=\"og:site_name\" content=\"NOTABENE.WORLD\" \/>\n<meta property=\"article:publisher\" content=\"https:\/\/www.facebook.com\/Notabene.World\" \/>\n<meta property=\"article:published_time\" content=\"2022-02-01T06:55:00+00:00\" \/>\n<meta property=\"article:modified_time\" content=\"2022-02-23T15:37:00+00:00\" \/>\n<meta property=\"og:image\" content=\"https:\/\/notabene.world\/nb\/wp-content\/uploads\/2022\/02\/2021.09.20-szcz.jpg\" \/>\n\t<meta property=\"og:image:width\" content=\"800\" \/>\n\t<meta property=\"og:image:height\" content=\"445\" \/>\n\t<meta property=\"og:image:type\" content=\"image\/jpeg\" \/>\n<meta name=\"author\" content=\"Ziemowit Nowak\" \/>\n<meta name=\"twitter:card\" content=\"summary_large_image\" \/>\n<meta name=\"twitter:label1\" content=\"Napisane przez\" \/>\n\t<meta name=\"twitter:data1\" content=\"Ziemowit Nowak\" \/>\n\t<meta name=\"twitter:label2\" content=\"Szacowany czas czytania\" \/>\n\t<meta name=\"twitter:data2\" content=\"1 minuta\" \/>\n<script type=\"application\/ld+json\" class=\"yoast-schema-graph\">{\"@context\":\"https:\\\/\\\/schema.org\",\"@graph\":[{\"@type\":\"Article\",\"@id\":\"https:\\\/\\\/notabene.world\\\/nb\\\/uczniowie-szczepcie-sie\\\/#article\",\"isPartOf\":{\"@id\":\"https:\\\/\\\/notabene.world\\\/nb\\\/uczniowie-szczepcie-sie\\\/\"},\"author\":{\"name\":\"Ziemowit Nowak\",\"@id\":\"https:\\\/\\\/notabene.world\\\/nb\\\/#\\\/schema\\\/person\\\/550bb710666057c090c94d00698639ce\"},\"headline\":\"Uczniowie, szczepcie si\u0119\",\"datePublished\":\"2022-02-01T06:55:00+00:00\",\"dateModified\":\"2022-02-23T15:37:00+00:00\",\"mainEntityOfPage\":{\"@id\":\"https:\\\/\\\/notabene.world\\\/nb\\\/uczniowie-szczepcie-sie\\\/\"},\"wordCount\":215,\"publisher\":{\"@id\":\"https:\\\/\\\/notabene.world\\\/nb\\\/#organization\"},\"image\":{\"@id\":\"https:\\\/\\\/notabene.world\\\/nb\\\/uczniowie-szczepcie-sie\\\/#primaryimage\"},\"thumbnailUrl\":\"https:\\\/\\\/i0.wp.com\\\/notabene.world\\\/nb\\\/wp-content\\\/uploads\\\/2022\\\/02\\\/2021.09.20-szcz.jpg?fit=800%2C445&ssl=1\",\"articleSection\":[\"Nasz \u015awiat\",\"Publicystyka\",\"Spo\u0142ecze\u0144stwo\"],\"inLanguage\":\"pl-PL\"},{\"@type\":\"WebPage\",\"@id\":\"https:\\\/\\\/notabene.world\\\/nb\\\/uczniowie-szczepcie-sie\\\/\",\"url\":\"https:\\\/\\\/notabene.world\\\/nb\\\/uczniowie-szczepcie-sie\\\/\",\"name\":\"Uczniowie, szczepcie si\u0119 - NOTABENE.WORLD\",\"isPartOf\":{\"@id\":\"https:\\\/\\\/notabene.world\\\/nb\\\/#website\"},\"primaryImageOfPage\":{\"@id\":\"https:\\\/\\\/notabene.world\\\/nb\\\/uczniowie-szczepcie-sie\\\/#primaryimage\"},\"image\":{\"@id\":\"https:\\\/\\\/notabene.world\\\/nb\\\/uczniowie-szczepcie-sie\\\/#primaryimage\"},\"thumbnailUrl\":\"https:\\\/\\\/i0.wp.com\\\/notabene.world\\\/nb\\\/wp-content\\\/uploads\\\/2022\\\/02\\\/2021.09.20-szcz.jpg?fit=800%2C445&ssl=1\",\"datePublished\":\"2022-02-01T06:55:00+00:00\",\"dateModified\":\"2022-02-23T15:37:00+00:00\",\"breadcrumb\":{\"@id\":\"https:\\\/\\\/notabene.world\\\/nb\\\/uczniowie-szczepcie-sie\\\/#breadcrumb\"},\"inLanguage\":\"pl-PL\",\"potentialAction\":[{\"@type\":\"ReadAction\",\"target\":[\"https:\\\/\\\/notabene.world\\\/nb\\\/uczniowie-szczepcie-sie\\\/\"]}]},{\"@type\":\"ImageObject\",\"inLanguage\":\"pl-PL\",\"@id\":\"https:\\\/\\\/notabene.world\\\/nb\\\/uczniowie-szczepcie-sie\\\/#primaryimage\",\"url\":\"https:\\\/\\\/i0.wp.com\\\/notabene.world\\\/nb\\\/wp-content\\\/uploads\\\/2022\\\/02\\\/2021.09.20-szcz.jpg?fit=800%2C445&ssl=1\",\"contentUrl\":\"https:\\\/\\\/i0.wp.com\\\/notabene.world\\\/nb\\\/wp-content\\\/uploads\\\/2022\\\/02\\\/2021.09.20-szcz.jpg?fit=800%2C445&ssl=1\",\"width\":800,\"height\":445},{\"@type\":\"BreadcrumbList\",\"@id\":\"https:\\\/\\\/notabene.world\\\/nb\\\/uczniowie-szczepcie-sie\\\/#breadcrumb\",\"itemListElement\":[{\"@type\":\"ListItem\",\"position\":1,\"name\":\"Home\",\"item\":\"https:\\\/\\\/notabene.world\\\/nb\\\/\"},{\"@type\":\"ListItem\",\"position\":2,\"name\":\"Uczniowie, szczepcie si\u0119\"}]},{\"@type\":\"WebSite\",\"@id\":\"https:\\\/\\\/notabene.world\\\/nb\\\/#website\",\"url\":\"https:\\\/\\\/notabene.world\\\/nb\\\/\",\"name\":\"NOTABENE.WORLD\",\"description\":\"Przekaz. Warto\u015bci. Wsp\u00f3lnota.\",\"publisher\":{\"@id\":\"https:\\\/\\\/notabene.world\\\/nb\\\/#organization\"},\"potentialAction\":[{\"@type\":\"SearchAction\",\"target\":{\"@type\":\"EntryPoint\",\"urlTemplate\":\"https:\\\/\\\/notabene.world\\\/nb\\\/?s={search_term_string}\"},\"query-input\":{\"@type\":\"PropertyValueSpecification\",\"valueRequired\":true,\"valueName\":\"search_term_string\"}}],\"inLanguage\":\"pl-PL\"},{\"@type\":\"Organization\",\"@id\":\"https:\\\/\\\/notabene.world\\\/nb\\\/#organization\",\"name\":\"NOTABENE.WORLD\",\"url\":\"https:\\\/\\\/notabene.world\\\/nb\\\/\",\"logo\":{\"@type\":\"ImageObject\",\"inLanguage\":\"pl-PL\",\"@id\":\"https:\\\/\\\/notabene.world\\\/nb\\\/#\\\/schema\\\/logo\\\/image\\\/\",\"url\":\"https:\\\/\\\/notabene.world\\\/nb\\\/wp-content\\\/uploads\\\/2022\\\/01\\\/NB-club-start-www1.jpg\",\"contentUrl\":\"https:\\\/\\\/notabene.world\\\/nb\\\/wp-content\\\/uploads\\\/2022\\\/01\\\/NB-club-start-www1.jpg\",\"width\":1000,\"height\":839,\"caption\":\"NOTABENE.WORLD\"},\"image\":{\"@id\":\"https:\\\/\\\/notabene.world\\\/nb\\\/#\\\/schema\\\/logo\\\/image\\\/\"},\"sameAs\":[\"https:\\\/\\\/www.facebook.com\\\/Notabene.World\"]},{\"@type\":\"Person\",\"@id\":\"https:\\\/\\\/notabene.world\\\/nb\\\/#\\\/schema\\\/person\\\/550bb710666057c090c94d00698639ce\",\"name\":\"Ziemowit Nowak\",\"image\":{\"@type\":\"ImageObject\",\"inLanguage\":\"pl-PL\",\"@id\":\"https:\\\/\\\/secure.gravatar.com\\\/avatar\\\/a509f8d50dff41b2a4adf26abf36531e66db6b8de83f9e36aff5c5d0482d459e?s=96&d=mm&r=g\",\"url\":\"https:\\\/\\\/secure.gravatar.com\\\/avatar\\\/a509f8d50dff41b2a4adf26abf36531e66db6b8de83f9e36aff5c5d0482d459e?s=96&d=mm&r=g\",\"contentUrl\":\"https:\\\/\\\/secure.gravatar.com\\\/avatar\\\/a509f8d50dff41b2a4adf26abf36531e66db6b8de83f9e36aff5c5d0482d459e?s=96&d=mm&r=g\",\"caption\":\"Ziemowit Nowak\"},\"url\":\"https:\\\/\\\/notabene.world\\\/nb\\\/author\\\/z-n\\\/\"}]}<\/script>\n<!-- \/ Yoast SEO plugin. -->","yoast_head_json":{"title":"Uczniowie, szczepcie si\u0119 - NOTABENE.WORLD","robots":{"index":"index","follow":"follow","max-snippet":"max-snippet:-1","max-image-preview":"max-image-preview:large","max-video-preview":"max-video-preview:-1"},"canonical":"https:\/\/notabene.world\/nb\/uczniowie-szczepcie-sie\/","og_locale":"pl_PL","og_type":"article","og_title":"Uczniowie, szczepcie si\u0119 - NOTABENE.WORLD","og_description":"Szczepienia w\u015br\u00f3d dzieci i m\u0142odzie\u017cy to najlepsza ochrona przed pandemi\u0105, ci\u0119\u017ckimi powik\u0142aniami i \u015bmierci\u0105. To r\u00f3wnie\u017c warunek, aby przysz\u0142oroczne studni\u00f3wki ju\u017c by\u0142y normalne.","og_url":"https:\/\/notabene.world\/nb\/uczniowie-szczepcie-sie\/","og_site_name":"NOTABENE.WORLD","article_publisher":"https:\/\/www.facebook.com\/Notabene.World","article_published_time":"2022-02-01T06:55:00+00:00","article_modified_time":"2022-02-23T15:37:00+00:00","og_image":[{"width":800,"height":445,"url":"https:\/\/notabene.world\/nb\/wp-content\/uploads\/2022\/02\/2021.09.20-szcz.jpg","type":"image\/jpeg"}],"author":"Ziemowit Nowak","twitter_card":"summary_large_image","twitter_misc":{"Napisane przez":"Ziemowit Nowak","Szacowany czas czytania":"1 minuta"},"schema":{"@context":"https:\/\/schema.org","@graph":[{"@type":"Article","@id":"https:\/\/notabene.world\/nb\/uczniowie-szczepcie-sie\/#article","isPartOf":{"@id":"https:\/\/notabene.world\/nb\/uczniowie-szczepcie-sie\/"},"author":{"name":"Ziemowit Nowak","@id":"https:\/\/notabene.world\/nb\/#\/schema\/person\/550bb710666057c090c94d00698639ce"},"headline":"Uczniowie, szczepcie si\u0119","datePublished":"2022-02-01T06:55:00+00:00","dateModified":"2022-02-23T15:37:00+00:00","mainEntityOfPage":{"@id":"https:\/\/notabene.world\/nb\/uczniowie-szczepcie-sie\/"},"wordCount":215,"publisher":{"@id":"https:\/\/notabene.world\/nb\/#organization"},"image":{"@id":"https:\/\/notabene.world\/nb\/uczniowie-szczepcie-sie\/#primaryimage"},"thumbnailUrl":"https:\/\/i0.wp.com\/notabene.world\/nb\/wp-content\/uploads\/2022\/02\/2021.09.20-szcz.jpg?fit=800%2C445&ssl=1","articleSection":["Nasz \u015awiat","Publicystyka","Spo\u0142ecze\u0144stwo"],"inLanguage":"pl-PL"},{"@type":"WebPage","@id":"https:\/\/notabene.world\/nb\/uczniowie-szczepcie-sie\/","url":"https:\/\/notabene.world\/nb\/uczniowie-szczepcie-sie\/","name":"Uczniowie, szczepcie si\u0119 - NOTABENE.WORLD","isPartOf":{"@id":"https:\/\/notabene.world\/nb\/#website"},"primaryImageOfPage":{"@id":"https:\/\/notabene.world\/nb\/uczniowie-szczepcie-sie\/#primaryimage"},"image":{"@id":"https:\/\/notabene.world\/nb\/uczniowie-szczepcie-sie\/#primaryimage"},"thumbnailUrl":"https:\/\/i0.wp.com\/notabene.world\/nb\/wp-content\/uploads\/2022\/02\/2021.09.20-szcz.jpg?fit=800%2C445&ssl=1","datePublished":"2022-02-01T06:55:00+00:00","dateModified":"2022-02-23T15:37:00+00:00","breadcrumb":{"@id":"https:\/\/notabene.world\/nb\/uczniowie-szczepcie-sie\/#breadcrumb"},"inLanguage":"pl-PL","potentialAction":[{"@type":"ReadAction","target":["https:\/\/notabene.world\/nb\/uczniowie-szczepcie-sie\/"]}]},{"@type":"ImageObject","inLanguage":"pl-PL","@id":"https:\/\/notabene.world\/nb\/uczniowie-szczepcie-sie\/#primaryimage","url":"https:\/\/i0.wp.com\/notabene.world\/nb\/wp-content\/uploads\/2022\/02\/2021.09.20-szcz.jpg?fit=800%2C445&ssl=1","contentUrl":"https:\/\/i0.wp.com\/notabene.world\/nb\/wp-content\/uploads\/2022\/02\/2021.09.20-szcz.jpg?fit=800%2C445&ssl=1","width":800,"height":445},{"@type":"BreadcrumbList","@id":"https:\/\/notabene.world\/nb\/uczniowie-szczepcie-sie\/#breadcrumb","itemListElement":[{"@type":"ListItem","position":1,"name":"Home","item":"https:\/\/notabene.world\/nb\/"},{"@type":"ListItem","position":2,"name":"Uczniowie, szczepcie si\u0119"}]},{"@type":"WebSite","@id":"https:\/\/notabene.world\/nb\/#website","url":"https:\/\/notabene.world\/nb\/","name":"NOTABENE.WORLD","description":"Przekaz. Warto\u015bci. Wsp\u00f3lnota.","publisher":{"@id":"https:\/\/notabene.world\/nb\/#organization"},"potentialAction":[{"@type":"SearchAction","target":{"@type":"EntryPoint","urlTemplate":"https:\/\/notabene.world\/nb\/?s={search_term_string}"},"query-input":{"@type":"PropertyValueSpecification","valueRequired":true,"valueName":"search_term_string"}}],"inLanguage":"pl-PL"},{"@type":"Organization","@id":"https:\/\/notabene.world\/nb\/#organization","name":"NOTABENE.WORLD","url":"https:\/\/notabene.world\/nb\/","logo":{"@type":"ImageObject","inLanguage":"pl-PL","@id":"https:\/\/notabene.world\/nb\/#\/schema\/logo\/image\/","url":"https:\/\/notabene.world\/nb\/wp-content\/uploads\/2022\/01\/NB-club-start-www1.jpg","contentUrl":"https:\/\/notabene.world\/nb\/wp-content\/uploads\/2022\/01\/NB-club-start-www1.jpg","width":1000,"height":839,"caption":"NOTABENE.WORLD"},"image":{"@id":"https:\/\/notabene.world\/nb\/#\/schema\/logo\/image\/"},"sameAs":["https:\/\/www.facebook.com\/Notabene.World"]},{"@type":"Person","@id":"https:\/\/notabene.world\/nb\/#\/schema\/person\/550bb710666057c090c94d00698639ce","name":"Ziemowit Nowak","image":{"@type":"ImageObject","inLanguage":"pl-PL","@id":"https:\/\/secure.gravatar.com\/avatar\/a509f8d50dff41b2a4adf26abf36531e66db6b8de83f9e36aff5c5d0482d459e?s=96&d=mm&r=g","url":"https:\/\/secure.gravatar.com\/avatar\/a509f8d50dff41b2a4adf26abf36531e66db6b8de83f9e36aff5c5d0482d459e?s=96&d=mm&r=g","contentUrl":"https:\/\/secure.gravatar.com\/avatar\/a509f8d50dff41b2a4adf26abf36531e66db6b8de83f9e36aff5c5d0482d459e?s=96&d=mm&r=g","caption":"Ziemowit Nowak"},"url":"https:\/\/notabene.world\/nb\/author\/z-n\/"}]}},"jetpack_featured_media_url":"https:\/\/i0.wp.com\/notabene.world\/nb\/wp-content\/uploads\/2022\/02\/2021.09.20-szcz.jpg?fit=800%2C445&ssl=1","jetpack_sharing_enabled":true,"jetpack_shortlink":"https:\/\/wp.me\/pdCobN-E5","_links":{"self":[{"href":"https:\/\/notabene.world\/nb\/wp-json\/wp\/v2\/posts\/2485","targetHints":{"allow":["GET"]}}],"collection":[{"href":"https:\/\/notabene.world\/nb\/wp-json\/wp\/v2\/posts"}],"about":[{"href":"https:\/\/notabene.world\/nb\/wp-json\/wp\/v2\/types\/post"}],"author":[{"embeddable":true,"href":"https:\/\/notabene.world\/nb\/wp-json\/wp\/v2\/users\/31"}],"replies":[{"embeddable":true,"href":"https:\/\/notabene.world\/nb\/wp-json\/wp\/v2\/comments?post=2485"}],"version-history":[{"count":2,"href":"https:\/\/notabene.world\/nb\/wp-json\/wp\/v2\/posts\/2485\/revisions"}],"predecessor-version":[{"id":2493,"href":"https:\/\/notabene.world\/nb\/wp-json\/wp\/v2\/posts\/2485\/revisions\/2493"}],"wp:featuredmedia":[{"embeddable":true,"href":"https:\/\/notabene.world\/nb\/wp-json\/wp\/v2\/media\/2487"}],"wp:attachment":[{"href":"https:\/\/notabene.world\/nb\/wp-json\/wp\/v2\/media?parent=2485"}],"wp:term":[{"taxonomy":"category","embeddable":true,"href":"https:\/\/notabene.world\/nb\/wp-json\/wp\/v2\/categories?post=2485"},{"taxonomy":"post_tag","embeddable":true,"href":"https:\/\/notabene.world\/nb\/wp-json\/wp\/v2\/tags?post=2485"}],"curies":[{"name":"wp","href":"https:\/\/api.w.org\/{rel}","templated":true}]}}