{"id":2503,"date":"2025-08-18T22:25:13","date_gmt":"2025-08-18T22:25:13","guid":{"rendered":"https:\/\/notabene.world\/nb\/?p=2503"},"modified":"2025-11-21T01:32:30","modified_gmt":"2025-11-21T01:32:30","slug":"fatum-sacrum-i-profanum","status":"publish","type":"post","link":"https:\/\/notabene.world\/nb\/fatum-sacrum-i-profanum\/","title":{"rendered":"Fatum, sacrum i profanum. Wojna czy pok\u00f3j?"},"content":{"rendered":"\n<figure class=\"wp-block-image size-large\"><img data-recalc-dims=\"1\" loading=\"lazy\" decoding=\"async\" width=\"800\" height=\"63\" src=\"https:\/\/i0.wp.com\/notabene.world\/nb\/wp-content\/uploads\/2022\/02\/ukrfl2.jpg?resize=800%2C63&#038;ssl=1\" alt=\"\" class=\"wp-image-3014\" srcset=\"https:\/\/i0.wp.com\/notabene.world\/nb\/wp-content\/uploads\/2022\/02\/ukrfl2.jpg?resize=1024%2C80&amp;ssl=1 1024w, https:\/\/i0.wp.com\/notabene.world\/nb\/wp-content\/uploads\/2022\/02\/ukrfl2.jpg?resize=300%2C23&amp;ssl=1 300w, https:\/\/i0.wp.com\/notabene.world\/nb\/wp-content\/uploads\/2022\/02\/ukrfl2.jpg?resize=768%2C60&amp;ssl=1 768w, https:\/\/i0.wp.com\/notabene.world\/nb\/wp-content\/uploads\/2022\/02\/ukrfl2.jpg?w=1280&amp;ssl=1 1280w\" sizes=\"auto, (max-width: 800px) 100vw, 800px\" \/><\/figure>\n\n\n\n<p>Za spraw\u0105 Rosji ponownie znale\u017ali\u015bmy si\u0119 w owym przekl\u0119tym geopolitycznym tr\u00f3jk\u0105cie historii, kt\u00f3rego ramy wyznaczaj\u0105&nbsp;<em>fatum<\/em>&nbsp;(to, co nieuniknione),&nbsp;<em>sacrum<\/em>&nbsp;(to, co \u015bwi\u0119te), kt\u00f3re wszak jest brukane przez nieprzewidywalne&nbsp;<em>profanum<\/em>&nbsp;(to, co ludzkie, niedoskona\u0142e).<\/p>\n\n\n\n<p>Autor s\u0142ynnej rosyjskiej epopei narodowej \u201cWojna i pok\u00f3j\u201d Lew To\u0142stoj by\u0142 przekonany, \u017ce histori\u0105 rz\u0105dzi \u015blepy los,\u00a0<em>fatum,<\/em>\u00a0kt\u00f3rego w \u017caden spos\u00f3b nie da si\u0119 unikn\u0105\u0107. Nie jest ono bynajmniej zale\u017cne od jakichkolwiek ludzkich dzia\u0142a\u0144. Jego wykonawcami nie s\u0105 wybieralni \u201cgenialni wodzowie\u201d, lecz narodowe masy, na czele kt\u00f3rych staj\u0105 w\u0142adcy wype\u0142niaj\u0105cy z woli boga i narodu misj\u0119 dziejow\u0105. W ten spos\u00f3b uzasadniano wszelkie imperialne podboje.\u00a0<\/p>\n\n\n\n<p>Podobn\u0105 pokr\u0119tn\u0105 logik\u0105 zdaje si\u0119 pod\u0105\u017ca\u0107 W\u0142adimir Putin, kt\u00f3ry wraz z aneksj\u0105 Krymu w lutym 2014 roku samozwa\u0144czo sta\u0142 si\u0119 imperatorem tzw. Noworosji. Jej integraln\u0105 cz\u0119\u015b\u0107 stanowi\u0142 kiedy\u015b P\u00f3\u0142wysep Krymski, ale przecie\u017c to by\u0142o dawno. W 1954 roku Nikita Chruszczow \u201cpodarowa\u0142\u201d Krym Ukrainie i tak to powinno by\u0142o pozosta\u0107 ju\u017c na zawsze.<\/p>\n\n\n\n<p>Jeszcze niedawno anachroniczne i barbarzy\u0144skie wojenne zakusy Putina wobec Ukrainy w d\u0142u\u017cszej perspektywie nie mia\u0142y szans powodzenia. Jako przyw\u00f3dca wojny niesprawiedliwej Putin sta\u0142 si\u0119 uosobieniem z\u0142a, kt\u00f3r\u0105 to rol\u0119 w czasach opisywanych przez To\u0142stoja pe\u0142ni\u0142 Napoleon Bonaparte. Agresja Rosji wobec Ukrainy s\u0142u\u017cy tylko i wy\u0142\u0105cznie zaspokojeniu chorych ambicji imperatora.<\/p>\n\n\n\n<p>Ma te\u017c wiele wsp\u00f3lnego z wydumanym historycznym pseudo-patriotyzmem i domnieman\u0105 dziejow\u0105 konieczno\u015bci\u0105. Oderwany od rzeczywisto\u015bci W\u0142adimir Putin najwyra\u017aniej nie doczyta\u0142 niestety do ko\u0144ca dzie\u0142a Lwa To\u0142stoja.<\/p>\n\n\n\n<p>Pok\u00f3j i dobro zdecydowanie przynale\u017c\u0105 do sfery&nbsp;<em>sacrum. <\/em>S\u0105 \u015bwi\u0119to\u015bciami, wobec kt\u00f3rych putinowskie <em>profanum<\/em> sromotnie musi polec. W Waszyngtonie w\u0142a\u015bnie dobiega ko\u0144ca spotkanie przyw\u00f3dc\u00f3w wolnego \u015bwiata, kt\u00f3re jest podobno konsekwencj\u0105 spotkania Trumpa i Putina na czerwonym dywanie Alaski. \u017b\u0105dania Putina s\u0105 jasne: zmiana granicy Ukrainy do mniej wi\u0119cej aktualnej linii frontu. <\/p>\n\n\n\n<p>W zamian ma nast\u0105pi\u0107 pok\u00f3j gwarantowany przez pa\u0144stwa NATO na kszta\u0142t artyku\u0142u 5., czyli wedle zasady &#8222;jeden za wszystkich, wszyscy za jednego&#8221;. Zak\u0142adaj\u0105c, \u017ce by\u0142oby to mo\u017cliwe za cen\u0119 szybkiego traktatu pokojowego, czy nie oznacza to jednocze\u015bnie, i\u017c w razie ponownego ataku Rosji na Ukrain\u0119 w bli\u017cszej lub dalszej przysz\u0142o\u015bci, wszyscy zostaniemy wci\u0105gni\u0119ci w kolejn\u0105 &#8222;wielk\u0105 wojn\u0119&#8221;? Czy\u017cby naprawd\u0119 mia\u0142o nas jednak dopa\u015b\u0107 makabryczne i niewyobra\u017calne <em>fatum?<\/em><\/p>\n\n\n\n<p>W chwili, gdy zadaj\u0119 te pytania nad Wis\u0142\u0105 za\u015b trwa kolejna absurdalna przepychanka, dlaczego ani prezydent RP, ani premier polskiego rz\u0105du nie s\u0105 dzi\u015b obecni w Waszyngtonie&#8230; Zamiast Polski &#8211; jako przedstawiciel &#8222;wschodniej flanki NATO&#8221; &#8211; przy stole dyskusyjnym znalaz\u0142a si\u0119 za to Finlandia, co jest rozwi\u0105zaniem ca\u0142kiem przytomnym. Finlandia bowiem zachowa\u0142a swoj\u0105 okrojon\u0105 pa\u0144stwowo\u015b\u0107 po roku 1945 dzi\u0119ki ust\u0119pstwom terytorialnym wobec Zwi\u0105zku Radzieckiego. Mia\u0142a te\u017c po wieczne czasy zachowa\u0107 neutralno\u015b\u0107 i nie wst\u0119powa\u0107 do NATO. A tu, prosz\u0119, jaka niespodzianka! Jedn\u0105 z tzw. niezamierzonych konsekwencji putinowskiej agresji na Ukrain\u0119 sta\u0142o si\u0119 cz\u0142onkostwo w sojuszu p\u00f3\u0142nocnoatlantyckim Finlandii oraz Szwecji. By\u0107 mo\u017ce zatem Ukraina tak\u017ce kiedy\u015b do NATO zostanie przyj\u0119ta? Nigdy nie m\u00f3wmy nigdy.<\/p>\n\n\n\n<figure class=\"wp-block-image size-large\"><img data-recalc-dims=\"1\" loading=\"lazy\" decoding=\"async\" width=\"800\" height=\"63\" src=\"https:\/\/i0.wp.com\/notabene.world\/nb\/wp-content\/uploads\/2022\/02\/ukrfl2.jpg?resize=800%2C63&#038;ssl=1\" alt=\"\" class=\"wp-image-3014\" srcset=\"https:\/\/i0.wp.com\/notabene.world\/nb\/wp-content\/uploads\/2022\/02\/ukrfl2.jpg?resize=1024%2C80&amp;ssl=1 1024w, https:\/\/i0.wp.com\/notabene.world\/nb\/wp-content\/uploads\/2022\/02\/ukrfl2.jpg?resize=300%2C23&amp;ssl=1 300w, https:\/\/i0.wp.com\/notabene.world\/nb\/wp-content\/uploads\/2022\/02\/ukrfl2.jpg?resize=768%2C60&amp;ssl=1 768w, https:\/\/i0.wp.com\/notabene.world\/nb\/wp-content\/uploads\/2022\/02\/ukrfl2.jpg?w=1280&amp;ssl=1 1280w\" sizes=\"auto, (max-width: 800px) 100vw, 800px\" \/><\/figure>\n","protected":false},"excerpt":{"rendered":"<p>Za spraw\u0105 Rosji ponownie znale\u017ali\u015bmy si\u0119 w owym przekl\u0119tym geopolitycznym tr\u00f3jk\u0105cie historii, kt\u00f3rego ramy wyznaczaj\u0105\u00a0fatum\u00a0(to, co nieuniknione),\u00a0sacrum\u00a0(to, co \u015bwi\u0119te), kt\u00f3re wszak jest brukane przez nieprzewidywalne\u00a0profanum\u00a0(to, co ludzkie, niedoskona\u0142e).<br \/>\n<br \/>\nAutor s\u0142ynnej rosyjskiej epopei narodowej \u201cWojna i pok\u00f3j\u201d Lew To\u0142stoj by\u0142 przekonany, \u017ce histori\u0105 rz\u0105dzi \u015blepy los,\u00a0fatum,\u00a0kt\u00f3rego w \u017caden spos\u00f3b nie da si\u0119 unikn\u0105\u0107.<br \/>\n<br \/>\nNie jest ono bowiem zale\u017cne od jakichkolwiek ludzkich dzia\u0142a\u0144. Jego wykonawcami nie s\u0105 wybieralni \u201cgenialni wodzowie\u201d, lecz narodowe masy, na czele kt\u00f3rych staj\u0105 w\u0142adcy wype\u0142niaj\u0105cy z woli boga i narodu misj\u0119 dziejow\u0105. W ten spos\u00f3b uzasadniano wszelkie imperialne podboje.\u00a0<br \/>\n<br \/>\nPodobn\u0105 pokr\u0119tn\u0105 logik\u0105 zdaje si\u0119 pod\u0105\u017ca\u0107 W\u0142adimir Putin, kt\u00f3ry wraz z aneksj\u0105 Krymu w lutym 2014 roku samozwa\u0144czo sta\u0142 si\u0119 imperatorem tzw. Noworosji. Jej integraln\u0105 cz\u0119\u015b\u0107 stanowi\u0142 kiedy\u015b P\u00f3\u0142wysep Krymski, ale przecie\u017c to by\u0142o dawno. W 1954 roku Nikita Chruszczow \u201cpodarowa\u0142\u201d Krym Ukrainie i tak to powinno by\u0142o pozosta\u0107 ju\u017c na zawsze.<br \/>\n<br \/>\nJeszcze niedawno anachroniczne i barbarzy\u0144skie wojenne zakusy Putina wobec Ukrainy w d\u0142u\u017cszej perspektywie nie mia\u0142y szans powodzenia. Jako przyw\u00f3dca wojny niesprawiedliwej Putin sta\u0142 si\u0119 uosobieniem z\u0142a, kt\u00f3r\u0105 to rol\u0119 w czasach opisywanych przez To\u0142stoja pe\u0142ni\u0142 Napoleon Bonaparte.<br \/>\n<br \/>\nAgresja Rosji wobec Ukrainy s\u0142u\u017cy tylko i wy\u0142\u0105cznie zaspokojeniu chorych ambicji imperatora. Ma te\u017c wiele wsp\u00f3lnego z wydumanym historycznym pseudo-patriotyzmem i domnieman\u0105 dziejow\u0105 konieczno\u015bci\u0105. Oderwany od rzeczywisto\u015bci W\u0142adimir Putin najwyra\u017aniej nie doczyta\u0142 niestety do ko\u0144ca dzie\u0142a Lwa To\u0142stoja.<\/p>\n","protected":false},"author":1,"featured_media":17025,"comment_status":"closed","ping_status":"closed","sticky":false,"template":"","format":"standard","meta":{"colormag_page_container_layout":"no_sidebar_content_centered","colormag_page_sidebar_layout":"no_sidebar","_jetpack_memberships_contains_paid_content":false,"footnotes":"","_links_to":"","_links_to_target":""},"categories":[64,42,48],"tags":[],"class_list":["post-2503","post","type-post","status-publish","format-standard","has-post-thumbnail","hentry","category-aktualnosci","category-felietony","category-wiecej-swiatla"],"yoast_head":"<!-- This site is optimized with the Yoast SEO plugin v27.4 - https:\/\/yoast.com\/product\/yoast-seo-wordpress\/ -->\n<title>Fatum, sacrum i profanum. Wojna czy pok\u00f3j? - NOTABENE.WORLD<\/title>\n<meta name=\"robots\" content=\"index, follow, max-snippet:-1, max-image-preview:large, max-video-preview:-1\" \/>\n<link rel=\"canonical\" href=\"https:\/\/notabene.world\/nb\/fatum-sacrum-i-profanum\/\" \/>\n<meta property=\"og:locale\" content=\"pl_PL\" \/>\n<meta property=\"og:type\" content=\"article\" \/>\n<meta property=\"og:title\" content=\"Fatum, sacrum i profanum. Wojna czy pok\u00f3j? - NOTABENE.WORLD\" \/>\n<meta property=\"og:description\" content=\"Za spraw\u0105 Rosji ponownie znale\u017ali\u015bmy si\u0119 w owym przekl\u0119tym geopolitycznym tr\u00f3jk\u0105cie historii, kt\u00f3rego ramy wyznaczaj\u0105\u00a0fatum\u00a0(to, co nieuniknione),\u00a0sacrum\u00a0(to, co \u015bwi\u0119te), kt\u00f3re wszak jest brukane przez nieprzewidywalne\u00a0profanum\u00a0(to, co ludzkie, niedoskona\u0142e). Autor s\u0142ynnej rosyjskiej epopei narodowej \u201cWojna i pok\u00f3j\u201d Lew To\u0142stoj by\u0142 przekonany, \u017ce histori\u0105 rz\u0105dzi \u015blepy los,\u00a0fatum,\u00a0kt\u00f3rego w \u017caden spos\u00f3b nie da si\u0119 unikn\u0105\u0107. Nie jest ono bowiem zale\u017cne od jakichkolwiek ludzkich dzia\u0142a\u0144. Jego wykonawcami nie s\u0105 wybieralni \u201cgenialni wodzowie\u201d, lecz narodowe masy, na czele kt\u00f3rych staj\u0105 w\u0142adcy wype\u0142niaj\u0105cy z woli boga i narodu misj\u0119 dziejow\u0105. W ten spos\u00f3b uzasadniano wszelkie imperialne podboje.\u00a0 Podobn\u0105 pokr\u0119tn\u0105 logik\u0105 zdaje si\u0119 pod\u0105\u017ca\u0107 W\u0142adimir Putin, kt\u00f3ry wraz z aneksj\u0105 Krymu w lutym 2014 roku samozwa\u0144czo sta\u0142 si\u0119 imperatorem tzw. Noworosji. Jej integraln\u0105 cz\u0119\u015b\u0107 stanowi\u0142 kiedy\u015b P\u00f3\u0142wysep Krymski, ale przecie\u017c to by\u0142o dawno. W 1954 roku Nikita Chruszczow \u201cpodarowa\u0142\u201d Krym Ukrainie i tak to powinno by\u0142o pozosta\u0107 ju\u017c na zawsze. Jeszcze niedawno anachroniczne i barbarzy\u0144skie wojenne zakusy Putina wobec Ukrainy w d\u0142u\u017cszej perspektywie nie mia\u0142y szans powodzenia. Jako przyw\u00f3dca wojny niesprawiedliwej Putin sta\u0142 si\u0119 uosobieniem z\u0142a, kt\u00f3r\u0105 to rol\u0119 w czasach opisywanych przez To\u0142stoja pe\u0142ni\u0142 Napoleon Bonaparte. Agresja Rosji wobec Ukrainy s\u0142u\u017cy tylko i wy\u0142\u0105cznie zaspokojeniu chorych ambicji imperatora. Ma te\u017c wiele wsp\u00f3lnego z wydumanym historycznym pseudo-patriotyzmem i domnieman\u0105 dziejow\u0105 konieczno\u015bci\u0105. Oderwany od rzeczywisto\u015bci W\u0142adimir Putin najwyra\u017aniej nie doczyta\u0142 niestety do ko\u0144ca dzie\u0142a Lwa To\u0142stoja.\" \/>\n<meta property=\"og:url\" content=\"https:\/\/notabene.world\/nb\/fatum-sacrum-i-profanum\/\" \/>\n<meta property=\"og:site_name\" content=\"NOTABENE.WORLD\" \/>\n<meta property=\"article:publisher\" content=\"https:\/\/www.facebook.com\/Notabene.World\" \/>\n<meta property=\"article:published_time\" content=\"2025-08-18T22:25:13+00:00\" \/>\n<meta property=\"article:modified_time\" content=\"2025-11-21T01:32:30+00:00\" \/>\n<meta property=\"og:image\" content=\"https:\/\/notabene.world\/nb\/wp-content\/uploads\/2025\/08\/wptl.jpg\" \/>\n\t<meta property=\"og:image:width\" content=\"800\" \/>\n\t<meta property=\"og:image:height\" content=\"445\" \/>\n\t<meta property=\"og:image:type\" content=\"image\/jpeg\" \/>\n<meta name=\"author\" content=\"C vel K\" \/>\n<meta name=\"twitter:card\" content=\"summary_large_image\" \/>\n<meta name=\"twitter:label1\" content=\"Napisane przez\" \/>\n\t<meta name=\"twitter:data1\" content=\"C vel K\" \/>\n\t<meta name=\"twitter:label2\" content=\"Szacowany czas czytania\" \/>\n\t<meta name=\"twitter:data2\" content=\"2 minuty\" \/>\n<script type=\"application\/ld+json\" class=\"yoast-schema-graph\">{\"@context\":\"https:\\\/\\\/schema.org\",\"@graph\":[{\"@type\":\"Article\",\"@id\":\"https:\\\/\\\/notabene.world\\\/nb\\\/fatum-sacrum-i-profanum\\\/#article\",\"isPartOf\":{\"@id\":\"https:\\\/\\\/notabene.world\\\/nb\\\/fatum-sacrum-i-profanum\\\/\"},\"author\":{\"name\":\"C vel K\",\"@id\":\"https:\\\/\\\/notabene.world\\\/nb\\\/#\\\/schema\\\/person\\\/2227ed509f9261e544f6078919e1981d\"},\"headline\":\"Fatum, sacrum i profanum. Wojna czy pok\u00f3j?\",\"datePublished\":\"2025-08-18T22:25:13+00:00\",\"dateModified\":\"2025-11-21T01:32:30+00:00\",\"mainEntityOfPage\":{\"@id\":\"https:\\\/\\\/notabene.world\\\/nb\\\/fatum-sacrum-i-profanum\\\/\"},\"wordCount\":565,\"publisher\":{\"@id\":\"https:\\\/\\\/notabene.world\\\/nb\\\/#organization\"},\"image\":{\"@id\":\"https:\\\/\\\/notabene.world\\\/nb\\\/fatum-sacrum-i-profanum\\\/#primaryimage\"},\"thumbnailUrl\":\"https:\\\/\\\/i0.wp.com\\\/notabene.world\\\/nb\\\/wp-content\\\/uploads\\\/2025\\\/08\\\/wptl.jpg?fit=800%2C445&ssl=1\",\"articleSection\":[\"Aktualno\u015bci\",\"Felietony\",\"WI\u0118CEJ \u015aWIAT(\u0141)A\"],\"inLanguage\":\"pl-PL\"},{\"@type\":\"WebPage\",\"@id\":\"https:\\\/\\\/notabene.world\\\/nb\\\/fatum-sacrum-i-profanum\\\/\",\"url\":\"https:\\\/\\\/notabene.world\\\/nb\\\/fatum-sacrum-i-profanum\\\/\",\"name\":\"Fatum, sacrum i profanum. Wojna czy pok\u00f3j? - NOTABENE.WORLD\",\"isPartOf\":{\"@id\":\"https:\\\/\\\/notabene.world\\\/nb\\\/#website\"},\"primaryImageOfPage\":{\"@id\":\"https:\\\/\\\/notabene.world\\\/nb\\\/fatum-sacrum-i-profanum\\\/#primaryimage\"},\"image\":{\"@id\":\"https:\\\/\\\/notabene.world\\\/nb\\\/fatum-sacrum-i-profanum\\\/#primaryimage\"},\"thumbnailUrl\":\"https:\\\/\\\/i0.wp.com\\\/notabene.world\\\/nb\\\/wp-content\\\/uploads\\\/2025\\\/08\\\/wptl.jpg?fit=800%2C445&ssl=1\",\"datePublished\":\"2025-08-18T22:25:13+00:00\",\"dateModified\":\"2025-11-21T01:32:30+00:00\",\"breadcrumb\":{\"@id\":\"https:\\\/\\\/notabene.world\\\/nb\\\/fatum-sacrum-i-profanum\\\/#breadcrumb\"},\"inLanguage\":\"pl-PL\",\"potentialAction\":[{\"@type\":\"ReadAction\",\"target\":[\"https:\\\/\\\/notabene.world\\\/nb\\\/fatum-sacrum-i-profanum\\\/\"]}]},{\"@type\":\"ImageObject\",\"inLanguage\":\"pl-PL\",\"@id\":\"https:\\\/\\\/notabene.world\\\/nb\\\/fatum-sacrum-i-profanum\\\/#primaryimage\",\"url\":\"https:\\\/\\\/i0.wp.com\\\/notabene.world\\\/nb\\\/wp-content\\\/uploads\\\/2025\\\/08\\\/wptl.jpg?fit=800%2C445&ssl=1\",\"contentUrl\":\"https:\\\/\\\/i0.wp.com\\\/notabene.world\\\/nb\\\/wp-content\\\/uploads\\\/2025\\\/08\\\/wptl.jpg?fit=800%2C445&ssl=1\",\"width\":800,\"height\":445},{\"@type\":\"BreadcrumbList\",\"@id\":\"https:\\\/\\\/notabene.world\\\/nb\\\/fatum-sacrum-i-profanum\\\/#breadcrumb\",\"itemListElement\":[{\"@type\":\"ListItem\",\"position\":1,\"name\":\"Home\",\"item\":\"https:\\\/\\\/notabene.world\\\/nb\\\/\"},{\"@type\":\"ListItem\",\"position\":2,\"name\":\"Fatum, sacrum i profanum. Wojna czy pok\u00f3j?\"}]},{\"@type\":\"WebSite\",\"@id\":\"https:\\\/\\\/notabene.world\\\/nb\\\/#website\",\"url\":\"https:\\\/\\\/notabene.world\\\/nb\\\/\",\"name\":\"NOTABENE.WORLD\",\"description\":\"Przekaz. Warto\u015bci. Wsp\u00f3lnota.\",\"publisher\":{\"@id\":\"https:\\\/\\\/notabene.world\\\/nb\\\/#organization\"},\"potentialAction\":[{\"@type\":\"SearchAction\",\"target\":{\"@type\":\"EntryPoint\",\"urlTemplate\":\"https:\\\/\\\/notabene.world\\\/nb\\\/?s={search_term_string}\"},\"query-input\":{\"@type\":\"PropertyValueSpecification\",\"valueRequired\":true,\"valueName\":\"search_term_string\"}}],\"inLanguage\":\"pl-PL\"},{\"@type\":\"Organization\",\"@id\":\"https:\\\/\\\/notabene.world\\\/nb\\\/#organization\",\"name\":\"NOTABENE.WORLD\",\"url\":\"https:\\\/\\\/notabene.world\\\/nb\\\/\",\"logo\":{\"@type\":\"ImageObject\",\"inLanguage\":\"pl-PL\",\"@id\":\"https:\\\/\\\/notabene.world\\\/nb\\\/#\\\/schema\\\/logo\\\/image\\\/\",\"url\":\"https:\\\/\\\/notabene.world\\\/nb\\\/wp-content\\\/uploads\\\/2022\\\/01\\\/NB-club-start-www1.jpg\",\"contentUrl\":\"https:\\\/\\\/notabene.world\\\/nb\\\/wp-content\\\/uploads\\\/2022\\\/01\\\/NB-club-start-www1.jpg\",\"width\":1000,\"height\":839,\"caption\":\"NOTABENE.WORLD\"},\"image\":{\"@id\":\"https:\\\/\\\/notabene.world\\\/nb\\\/#\\\/schema\\\/logo\\\/image\\\/\"},\"sameAs\":[\"https:\\\/\\\/www.facebook.com\\\/Notabene.World\"]},{\"@type\":\"Person\",\"@id\":\"https:\\\/\\\/notabene.world\\\/nb\\\/#\\\/schema\\\/person\\\/2227ed509f9261e544f6078919e1981d\",\"name\":\"C vel K\",\"image\":{\"@type\":\"ImageObject\",\"inLanguage\":\"pl-PL\",\"@id\":\"https:\\\/\\\/secure.gravatar.com\\\/avatar\\\/da4181237ddf77c667487dd66af5231faaf45fbcb0774d7a408f868da56bf04c?s=96&d=mm&r=g\",\"url\":\"https:\\\/\\\/secure.gravatar.com\\\/avatar\\\/da4181237ddf77c667487dd66af5231faaf45fbcb0774d7a408f868da56bf04c?s=96&d=mm&r=g\",\"contentUrl\":\"https:\\\/\\\/secure.gravatar.com\\\/avatar\\\/da4181237ddf77c667487dd66af5231faaf45fbcb0774d7a408f868da56bf04c?s=96&d=mm&r=g\",\"caption\":\"C vel K\"},\"url\":\"https:\\\/\\\/notabene.world\\\/nb\\\/author\\\/kcedro\\\/\"}]}<\/script>\n<!-- \/ Yoast SEO plugin. -->","yoast_head_json":{"title":"Fatum, sacrum i profanum. Wojna czy pok\u00f3j? - NOTABENE.WORLD","robots":{"index":"index","follow":"follow","max-snippet":"max-snippet:-1","max-image-preview":"max-image-preview:large","max-video-preview":"max-video-preview:-1"},"canonical":"https:\/\/notabene.world\/nb\/fatum-sacrum-i-profanum\/","og_locale":"pl_PL","og_type":"article","og_title":"Fatum, sacrum i profanum. Wojna czy pok\u00f3j? - NOTABENE.WORLD","og_description":"Za spraw\u0105 Rosji ponownie znale\u017ali\u015bmy si\u0119 w owym przekl\u0119tym geopolitycznym tr\u00f3jk\u0105cie historii, kt\u00f3rego ramy wyznaczaj\u0105\u00a0fatum\u00a0(to, co nieuniknione),\u00a0sacrum\u00a0(to, co \u015bwi\u0119te), kt\u00f3re wszak jest brukane przez nieprzewidywalne\u00a0profanum\u00a0(to, co ludzkie, niedoskona\u0142e). Autor s\u0142ynnej rosyjskiej epopei narodowej \u201cWojna i pok\u00f3j\u201d Lew To\u0142stoj by\u0142 przekonany, \u017ce histori\u0105 rz\u0105dzi \u015blepy los,\u00a0fatum,\u00a0kt\u00f3rego w \u017caden spos\u00f3b nie da si\u0119 unikn\u0105\u0107. Nie jest ono bowiem zale\u017cne od jakichkolwiek ludzkich dzia\u0142a\u0144. Jego wykonawcami nie s\u0105 wybieralni \u201cgenialni wodzowie\u201d, lecz narodowe masy, na czele kt\u00f3rych staj\u0105 w\u0142adcy wype\u0142niaj\u0105cy z woli boga i narodu misj\u0119 dziejow\u0105. W ten spos\u00f3b uzasadniano wszelkie imperialne podboje.\u00a0 Podobn\u0105 pokr\u0119tn\u0105 logik\u0105 zdaje si\u0119 pod\u0105\u017ca\u0107 W\u0142adimir Putin, kt\u00f3ry wraz z aneksj\u0105 Krymu w lutym 2014 roku samozwa\u0144czo sta\u0142 si\u0119 imperatorem tzw. Noworosji. Jej integraln\u0105 cz\u0119\u015b\u0107 stanowi\u0142 kiedy\u015b P\u00f3\u0142wysep Krymski, ale przecie\u017c to by\u0142o dawno. W 1954 roku Nikita Chruszczow \u201cpodarowa\u0142\u201d Krym Ukrainie i tak to powinno by\u0142o pozosta\u0107 ju\u017c na zawsze. Jeszcze niedawno anachroniczne i barbarzy\u0144skie wojenne zakusy Putina wobec Ukrainy w d\u0142u\u017cszej perspektywie nie mia\u0142y szans powodzenia. Jako przyw\u00f3dca wojny niesprawiedliwej Putin sta\u0142 si\u0119 uosobieniem z\u0142a, kt\u00f3r\u0105 to rol\u0119 w czasach opisywanych przez To\u0142stoja pe\u0142ni\u0142 Napoleon Bonaparte. Agresja Rosji wobec Ukrainy s\u0142u\u017cy tylko i wy\u0142\u0105cznie zaspokojeniu chorych ambicji imperatora. Ma te\u017c wiele wsp\u00f3lnego z wydumanym historycznym pseudo-patriotyzmem i domnieman\u0105 dziejow\u0105 konieczno\u015bci\u0105. Oderwany od rzeczywisto\u015bci W\u0142adimir Putin najwyra\u017aniej nie doczyta\u0142 niestety do ko\u0144ca dzie\u0142a Lwa To\u0142stoja.","og_url":"https:\/\/notabene.world\/nb\/fatum-sacrum-i-profanum\/","og_site_name":"NOTABENE.WORLD","article_publisher":"https:\/\/www.facebook.com\/Notabene.World","article_published_time":"2025-08-18T22:25:13+00:00","article_modified_time":"2025-11-21T01:32:30+00:00","og_image":[{"width":800,"height":445,"url":"https:\/\/notabene.world\/nb\/wp-content\/uploads\/2025\/08\/wptl.jpg","type":"image\/jpeg"}],"author":"C vel K","twitter_card":"summary_large_image","twitter_misc":{"Napisane przez":"C vel K","Szacowany czas czytania":"2 minuty"},"schema":{"@context":"https:\/\/schema.org","@graph":[{"@type":"Article","@id":"https:\/\/notabene.world\/nb\/fatum-sacrum-i-profanum\/#article","isPartOf":{"@id":"https:\/\/notabene.world\/nb\/fatum-sacrum-i-profanum\/"},"author":{"name":"C vel K","@id":"https:\/\/notabene.world\/nb\/#\/schema\/person\/2227ed509f9261e544f6078919e1981d"},"headline":"Fatum, sacrum i profanum. Wojna czy pok\u00f3j?","datePublished":"2025-08-18T22:25:13+00:00","dateModified":"2025-11-21T01:32:30+00:00","mainEntityOfPage":{"@id":"https:\/\/notabene.world\/nb\/fatum-sacrum-i-profanum\/"},"wordCount":565,"publisher":{"@id":"https:\/\/notabene.world\/nb\/#organization"},"image":{"@id":"https:\/\/notabene.world\/nb\/fatum-sacrum-i-profanum\/#primaryimage"},"thumbnailUrl":"https:\/\/i0.wp.com\/notabene.world\/nb\/wp-content\/uploads\/2025\/08\/wptl.jpg?fit=800%2C445&ssl=1","articleSection":["Aktualno\u015bci","Felietony","WI\u0118CEJ \u015aWIAT(\u0141)A"],"inLanguage":"pl-PL"},{"@type":"WebPage","@id":"https:\/\/notabene.world\/nb\/fatum-sacrum-i-profanum\/","url":"https:\/\/notabene.world\/nb\/fatum-sacrum-i-profanum\/","name":"Fatum, sacrum i profanum. Wojna czy pok\u00f3j? - NOTABENE.WORLD","isPartOf":{"@id":"https:\/\/notabene.world\/nb\/#website"},"primaryImageOfPage":{"@id":"https:\/\/notabene.world\/nb\/fatum-sacrum-i-profanum\/#primaryimage"},"image":{"@id":"https:\/\/notabene.world\/nb\/fatum-sacrum-i-profanum\/#primaryimage"},"thumbnailUrl":"https:\/\/i0.wp.com\/notabene.world\/nb\/wp-content\/uploads\/2025\/08\/wptl.jpg?fit=800%2C445&ssl=1","datePublished":"2025-08-18T22:25:13+00:00","dateModified":"2025-11-21T01:32:30+00:00","breadcrumb":{"@id":"https:\/\/notabene.world\/nb\/fatum-sacrum-i-profanum\/#breadcrumb"},"inLanguage":"pl-PL","potentialAction":[{"@type":"ReadAction","target":["https:\/\/notabene.world\/nb\/fatum-sacrum-i-profanum\/"]}]},{"@type":"ImageObject","inLanguage":"pl-PL","@id":"https:\/\/notabene.world\/nb\/fatum-sacrum-i-profanum\/#primaryimage","url":"https:\/\/i0.wp.com\/notabene.world\/nb\/wp-content\/uploads\/2025\/08\/wptl.jpg?fit=800%2C445&ssl=1","contentUrl":"https:\/\/i0.wp.com\/notabene.world\/nb\/wp-content\/uploads\/2025\/08\/wptl.jpg?fit=800%2C445&ssl=1","width":800,"height":445},{"@type":"BreadcrumbList","@id":"https:\/\/notabene.world\/nb\/fatum-sacrum-i-profanum\/#breadcrumb","itemListElement":[{"@type":"ListItem","position":1,"name":"Home","item":"https:\/\/notabene.world\/nb\/"},{"@type":"ListItem","position":2,"name":"Fatum, sacrum i profanum. Wojna czy pok\u00f3j?"}]},{"@type":"WebSite","@id":"https:\/\/notabene.world\/nb\/#website","url":"https:\/\/notabene.world\/nb\/","name":"NOTABENE.WORLD","description":"Przekaz. Warto\u015bci. Wsp\u00f3lnota.","publisher":{"@id":"https:\/\/notabene.world\/nb\/#organization"},"potentialAction":[{"@type":"SearchAction","target":{"@type":"EntryPoint","urlTemplate":"https:\/\/notabene.world\/nb\/?s={search_term_string}"},"query-input":{"@type":"PropertyValueSpecification","valueRequired":true,"valueName":"search_term_string"}}],"inLanguage":"pl-PL"},{"@type":"Organization","@id":"https:\/\/notabene.world\/nb\/#organization","name":"NOTABENE.WORLD","url":"https:\/\/notabene.world\/nb\/","logo":{"@type":"ImageObject","inLanguage":"pl-PL","@id":"https:\/\/notabene.world\/nb\/#\/schema\/logo\/image\/","url":"https:\/\/notabene.world\/nb\/wp-content\/uploads\/2022\/01\/NB-club-start-www1.jpg","contentUrl":"https:\/\/notabene.world\/nb\/wp-content\/uploads\/2022\/01\/NB-club-start-www1.jpg","width":1000,"height":839,"caption":"NOTABENE.WORLD"},"image":{"@id":"https:\/\/notabene.world\/nb\/#\/schema\/logo\/image\/"},"sameAs":["https:\/\/www.facebook.com\/Notabene.World"]},{"@type":"Person","@id":"https:\/\/notabene.world\/nb\/#\/schema\/person\/2227ed509f9261e544f6078919e1981d","name":"C vel K","image":{"@type":"ImageObject","inLanguage":"pl-PL","@id":"https:\/\/secure.gravatar.com\/avatar\/da4181237ddf77c667487dd66af5231faaf45fbcb0774d7a408f868da56bf04c?s=96&d=mm&r=g","url":"https:\/\/secure.gravatar.com\/avatar\/da4181237ddf77c667487dd66af5231faaf45fbcb0774d7a408f868da56bf04c?s=96&d=mm&r=g","contentUrl":"https:\/\/secure.gravatar.com\/avatar\/da4181237ddf77c667487dd66af5231faaf45fbcb0774d7a408f868da56bf04c?s=96&d=mm&r=g","caption":"C vel K"},"url":"https:\/\/notabene.world\/nb\/author\/kcedro\/"}]}},"jetpack_featured_media_url":"https:\/\/i0.wp.com\/notabene.world\/nb\/wp-content\/uploads\/2025\/08\/wptl.jpg?fit=800%2C445&ssl=1","jetpack_sharing_enabled":true,"jetpack_shortlink":"https:\/\/wp.me\/pdCobN-En","_links":{"self":[{"href":"https:\/\/notabene.world\/nb\/wp-json\/wp\/v2\/posts\/2503","targetHints":{"allow":["GET"]}}],"collection":[{"href":"https:\/\/notabene.world\/nb\/wp-json\/wp\/v2\/posts"}],"about":[{"href":"https:\/\/notabene.world\/nb\/wp-json\/wp\/v2\/types\/post"}],"author":[{"embeddable":true,"href":"https:\/\/notabene.world\/nb\/wp-json\/wp\/v2\/users\/1"}],"replies":[{"embeddable":true,"href":"https:\/\/notabene.world\/nb\/wp-json\/wp\/v2\/comments?post=2503"}],"version-history":[{"count":5,"href":"https:\/\/notabene.world\/nb\/wp-json\/wp\/v2\/posts\/2503\/revisions"}],"predecessor-version":[{"id":18494,"href":"https:\/\/notabene.world\/nb\/wp-json\/wp\/v2\/posts\/2503\/revisions\/18494"}],"wp:featuredmedia":[{"embeddable":true,"href":"https:\/\/notabene.world\/nb\/wp-json\/wp\/v2\/media\/17025"}],"wp:attachment":[{"href":"https:\/\/notabene.world\/nb\/wp-json\/wp\/v2\/media?parent=2503"}],"wp:term":[{"taxonomy":"category","embeddable":true,"href":"https:\/\/notabene.world\/nb\/wp-json\/wp\/v2\/categories?post=2503"},{"taxonomy":"post_tag","embeddable":true,"href":"https:\/\/notabene.world\/nb\/wp-json\/wp\/v2\/tags?post=2503"}],"curies":[{"name":"wp","href":"https:\/\/api.w.org\/{rel}","templated":true}]}}