{"id":2786,"date":"2026-02-19T03:45:30","date_gmt":"2026-02-19T03:45:30","guid":{"rendered":"https:\/\/notabene.world\/nb\/?p=2786"},"modified":"2026-02-25T17:12:04","modified_gmt":"2026-02-25T17:12:04","slug":"maskarada","status":"publish","type":"post","link":"https:\/\/notabene.world\/nb\/maskarada\/","title":{"rendered":"Maskarada"},"content":{"rendered":"\n<p class=\"has-drop-cap\">Pora wstawa\u0107, bo mam dzi\u015b znowu urodziny. Imieniny tak\u017ce kiedy\u015b mia\u0142em dzi\u015b, ale kilka lat temu przenios\u0142em je na czerwiec, no bo po co \u015bwi\u0119towa\u0107 raz, skoro mo\u017cna i dwa, i trzy, i cztery, i tak dalej. Jak co rano, wk\u0142adam mask\u0119 i sprawdzam w lustrze, czy wszystko ze mn\u0105 OK. G\u0142owa jest. Dwie r\u0119ce s\u0105, dwie nogi te\u017c, wi\u0119c pora wzi\u0105\u0107 sie do pracy. Spr\u00f3buj\u0119 jeszcze po drodze z\u0142apa\u0107 przynajmniej kilka my\u015bli ulotnych. Zanim bezpowrotnie przewieje je wiatr. Skoro jestem dzi\u015b\u00a0<em>homo sapiens<\/em>\u00a0(cz\u0142owiek &#8222;my\u015bl\u0105cy&#8221;), robi\u0119 co g\u0142owa na my\u015bl przyniesie. Ale\u017c to jest maskarada urodzi\u0107 si\u0119 w Dzie\u0144 Konrada.<\/p>\n\n\n\n<p>Nie tak dawno w Krakowie w tym\u017ce dniu znowu by\u0142y \u201cDziady\u201d. Konrad za\u015b improwizowa\u0142 &#8211; jak zawsze &#8211; w samotno\u015bci, tamtym razem (w 2022) jako niewiasta i st\u0105d tak kategoryczne by\u0142y \u017c\u0105dania co niekt\u00f3rych, by przedstawienie zdj\u0105\u0107 z afisza albo przynajmniej nie pokazywa\u0107 go m\u0142odzie\u017cy. Nie wnikaj\u0105c w meritum sporu, lepsz\u0105 reklam\u0119 w tym wypadku trudno by\u0142o sobie wyobrazi\u0107.\u00a0<\/p>\n\n\n\n<p>Domniemany patriotyczny\u00a0<em>homo ludens<\/em>\u00a0(cz\u0142owiek bawi\u0105cy si\u0119) czyli Mickiewicz i jego dzie\u0142o w og\u00f3le maj\u0105 u nas wyj\u0105tkowego pecha, tudzie\u017c &#8222;wielkie szcz\u0119\u015bcie&#8221;. M\u00f3wienie \u201cDziadami\u201d &#8211; odk\u0105d sta\u0142o si\u0119 modne &#8211; mia\u0142o si\u0119 wszak sko\u0144czy\u0107 w roku 1968. Oburzy\u0142 si\u0119 by\u0142 wtedy na\u0144 \u2013 i to nie na \u017carty \u2013 sam\u00a0<em>homo &#8222;sovieticus<\/em>&#8221;\u00a0(cz\u0142owiek sowiecki). Wtedy odprawianie \u201cDziad\u00f3w\u201d bezskutecznie wybijano z g\u0142owy protestuj\u0105cym obywatelom, student\u00f3w zap\u0119dzaj\u0105c \u201cdo nauki\u201d, literat\u00f3w za\u015b \u2013 \u201cdo pi\u00f3ra\u201d. I tak to za spraw\u0105 Konrada wci\u0105\u017c trwa w najlepsze ta nasza swojska, troch\u0119 kowbojska i nabzdyczona maskarada.\u00a0<\/p>\n\n\n\n<p>Gombrowicz \u015bwietnie by si\u0119 w tym wszystkim odnalaz\u0142, gdy\u017c maskarady to jego specjalno\u015b\u0107. W ramach \u201cwyzwalania Polaka z Polski\u201d stoczy\u0142 zreszt\u0105 z Mickiewiczem \u201ctransatlantycki\u201d pojedynek na miny. Z ca\u0142\u0105 pewno\u015bci\u0105 nie pozwoli\u0142by przylepi\u0107 Konradowi na dobre jakiejkolwiek g\u0119by, gdy\u017c by\u0142oby to niehonorowe. W ka\u017cdej maskaradzie chodzi przecie\u017c przede wszystkim o to, by si\u0119 nie da\u0107 upupi\u0107. Mo\u017cna wtedy odwa\u017cniej spojrze\u0107 w lustro &#8211; ju\u017c bez maski.\u00a0<em>Lustereczko, powiedz przecie, kto jest najpi\u0119kniejszy w \u015bwiecie.<\/em>..\u00a0Karnawa\u0142 sko\u0144czy\u0142 si\u0119 jakby wczoraj, zabawa za\u015b trwa w najlepsze.<\/p>\n\n\n\n<p class=\"has-text-align-right\"><em>Kielce, Europa, 19.02.2026<\/em><\/p>\n","protected":false},"excerpt":{"rendered":"<p>Pora wstawa\u0107, bo mam dzi\u015b znowu urodziny. Imieniny tak\u017ce kiedy\u015b mia\u0142em dzi\u015b, ale kilka lat temu przenios\u0142em je na czerwiec, no bo po co \u015bwi\u0119towa\u0107 raz, skoro mo\u017cna i dwa, i trzy, i cztery, i tak dalej. Jak co rano, wk\u0142adam mask\u0119 i sprawdzam w lustrze, czy wszystko ze mn\u0105 OK. G\u0142owa jest. Dwie r\u0119ce s\u0105, dwie nogi te\u017c, wi\u0119c pora wzi\u0105\u0107 sie do pracy. Spr\u00f3buj\u0119 jeszcze po drodze z\u0142apa\u0107 przynajmniej kilka my\u015bli ulotnych. Zanim bezpowrotnie przewieje je wiatr. Skoro jestem dzi\u015b\u00a0homo sapiens\u00a0(cz\u0142owiek &#8222;my\u015bl\u0105cy&#8221;), robi\u0119 co g\u0142owa na my\u015bl przyniesie. Ale\u017c to jest maskarada urodzi\u0107 si\u0119 w Dzie\u0144 Konrada.<br \/>\n<br \/>\nNie tak dawno w Krakowie w tym\u017ce dniu znowu by\u0142y \u201cDziady\u201d. Konrad za\u015b improwizowa\u0142 &#8211; jak zawsze &#8211; w samotno\u015bci, tamtym razem (w 2022) jako niewiasta i st\u0105d tak kategoryczne by\u0142y \u017c\u0105dania co niekt\u00f3rych, by przedstawienie zdj\u0105\u0107 z afisza albo przynajmniej nie pokazywa\u0107 go m\u0142odzie\u017cy. Nie wnikaj\u0105c w meritum sporu, lepsz\u0105 reklam\u0119 w tym wypadku trudno by\u0142o sobie wyobrazi\u0107.\u00a0<br \/>\n<br \/>\nDomniemany patriotyczny\u00a0homo ludens\u00a0(cz\u0142owiek bawi\u0105cy si\u0119) czyli Mickiewicz i jego dzie\u0142o w og\u00f3le maj\u0105 u nas wyj\u0105tkowego pecha, tudzie\u017c &#8222;wielkie szcz\u0119\u015bcie&#8221;. M\u00f3wienie \u201cDziadami\u201d &#8211; odk\u0105d sta\u0142o si\u0119 modne &#8211; mia\u0142o si\u0119 wszak sko\u0144czy\u0107 w roku 1968. Oburzy\u0142 si\u0119 by\u0142 wtedy na\u0144 \u2013 i to nie na \u017carty \u2013 sam\u00a0homo &#8222;sovieticus&#8221;\u00a0(cz\u0142owiek sowiecki). Wtedy odprawianie \u201cDziad\u00f3w\u201d bezskutecznie wybijano z g\u0142owy protestuj\u0105cym obywatelom, student\u00f3w zap\u0119dzaj\u0105c \u201cdo nauki\u201d, literat\u00f3w za\u015b \u2013 \u201cdo pi\u00f3ra\u201d. I tak to za spraw\u0105 Konrada wci\u0105\u017c trwa w najlepsze ta nasza swojska, troch\u0119 kowbojska i nabzdyczona maskarada.<\/p>\n","protected":false},"author":1,"featured_media":2788,"comment_status":"closed","ping_status":"closed","sticky":false,"template":"","format":"standard","meta":{"colormag_page_container_layout":"default_layout","colormag_page_sidebar_layout":"default_layout","_jetpack_memberships_contains_paid_content":false,"footnotes":"","_links_to":"","_links_to_target":""},"categories":[42,48],"tags":[],"class_list":["post-2786","post","type-post","status-publish","format-standard","has-post-thumbnail","hentry","category-felietony","category-wiecej-swiatla"],"yoast_head":"<!-- This site is optimized with the Yoast SEO plugin v27.4 - https:\/\/yoast.com\/product\/yoast-seo-wordpress\/ -->\n<title>Maskarada - NOTABENE.WORLD<\/title>\n<meta name=\"robots\" content=\"index, follow, max-snippet:-1, max-image-preview:large, max-video-preview:-1\" \/>\n<link rel=\"canonical\" href=\"https:\/\/notabene.world\/nb\/maskarada\/\" \/>\n<meta property=\"og:locale\" content=\"pl_PL\" \/>\n<meta property=\"og:type\" content=\"article\" \/>\n<meta property=\"og:title\" content=\"Maskarada - NOTABENE.WORLD\" \/>\n<meta property=\"og:description\" content=\"Pora wstawa\u0107, bo mam dzi\u015b znowu urodziny. Imieniny tak\u017ce kiedy\u015b mia\u0142em dzi\u015b, ale kilka lat temu przenios\u0142em je na czerwiec, no bo po co \u015bwi\u0119towa\u0107 raz, skoro mo\u017cna i dwa, i trzy, i cztery, i tak dalej. Jak co rano, wk\u0142adam mask\u0119 i sprawdzam w lustrze, czy wszystko ze mn\u0105 OK. G\u0142owa jest. Dwie r\u0119ce s\u0105, dwie nogi te\u017c, wi\u0119c pora wzi\u0105\u0107 sie do pracy. Spr\u00f3buj\u0119 jeszcze po drodze z\u0142apa\u0107 przynajmniej kilka my\u015bli ulotnych. Zanim bezpowrotnie przewieje je wiatr. Skoro jestem dzi\u015b\u00a0homo sapiens\u00a0(cz\u0142owiek &quot;my\u015bl\u0105cy&quot;), robi\u0119 co g\u0142owa na my\u015bl przyniesie. Ale\u017c to jest maskarada urodzi\u0107 si\u0119 w Dzie\u0144 Konrada. Nie tak dawno w Krakowie w tym\u017ce dniu znowu by\u0142y \u201cDziady\u201d. Konrad za\u015b improwizowa\u0142 - jak zawsze - w samotno\u015bci, tamtym razem (w 2022) jako niewiasta i st\u0105d tak kategoryczne by\u0142y \u017c\u0105dania co niekt\u00f3rych, by przedstawienie zdj\u0105\u0107 z afisza albo przynajmniej nie pokazywa\u0107 go m\u0142odzie\u017cy. Nie wnikaj\u0105c w meritum sporu, lepsz\u0105 reklam\u0119 w tym wypadku trudno by\u0142o sobie wyobrazi\u0107.\u00a0 Domniemany patriotyczny\u00a0homo ludens\u00a0(cz\u0142owiek bawi\u0105cy si\u0119) czyli Mickiewicz i jego dzie\u0142o w og\u00f3le maj\u0105 u nas wyj\u0105tkowego pecha, tudzie\u017c &quot;wielkie szcz\u0119\u015bcie&quot;. M\u00f3wienie \u201cDziadami\u201d - odk\u0105d sta\u0142o si\u0119 modne - mia\u0142o si\u0119 wszak sko\u0144czy\u0107 w roku 1968. Oburzy\u0142 si\u0119 by\u0142 wtedy na\u0144 \u2013 i to nie na \u017carty \u2013 sam\u00a0homo &quot;sovieticus&quot;\u00a0(cz\u0142owiek sowiecki). Wtedy odprawianie \u201cDziad\u00f3w\u201d bezskutecznie wybijano z g\u0142owy protestuj\u0105cym obywatelom, student\u00f3w zap\u0119dzaj\u0105c \u201cdo nauki\u201d, literat\u00f3w za\u015b \u2013 \u201cdo pi\u00f3ra\u201d. I tak to za spraw\u0105 Konrada wci\u0105\u017c trwa w najlepsze ta nasza swojska, troch\u0119 kowbojska i nabzdyczona maskarada.\" \/>\n<meta property=\"og:url\" content=\"https:\/\/notabene.world\/nb\/maskarada\/\" \/>\n<meta property=\"og:site_name\" content=\"NOTABENE.WORLD\" \/>\n<meta property=\"article:publisher\" content=\"https:\/\/www.facebook.com\/Notabene.World\" \/>\n<meta property=\"article:published_time\" content=\"2026-02-19T03:45:30+00:00\" \/>\n<meta property=\"article:modified_time\" content=\"2026-02-25T17:12:04+00:00\" \/>\n<meta property=\"og:image\" content=\"https:\/\/notabene.world\/nb\/wp-content\/uploads\/2022\/02\/gemby.jpg\" \/>\n\t<meta property=\"og:image:width\" content=\"800\" \/>\n\t<meta property=\"og:image:height\" content=\"445\" \/>\n\t<meta property=\"og:image:type\" content=\"image\/jpeg\" \/>\n<meta name=\"author\" content=\"C vel K\" \/>\n<meta name=\"twitter:card\" content=\"summary_large_image\" \/>\n<meta name=\"twitter:label1\" content=\"Napisane przez\" \/>\n\t<meta name=\"twitter:data1\" content=\"C vel K\" \/>\n\t<meta name=\"twitter:label2\" content=\"Szacowany czas czytania\" \/>\n\t<meta name=\"twitter:data2\" content=\"2 minuty\" \/>\n<script type=\"application\/ld+json\" class=\"yoast-schema-graph\">{\"@context\":\"https:\\\/\\\/schema.org\",\"@graph\":[{\"@type\":\"Article\",\"@id\":\"https:\\\/\\\/notabene.world\\\/nb\\\/maskarada\\\/#article\",\"isPartOf\":{\"@id\":\"https:\\\/\\\/notabene.world\\\/nb\\\/maskarada\\\/\"},\"author\":{\"name\":\"C vel K\",\"@id\":\"https:\\\/\\\/notabene.world\\\/nb\\\/#\\\/schema\\\/person\\\/2227ed509f9261e544f6078919e1981d\"},\"headline\":\"Maskarada\",\"datePublished\":\"2026-02-19T03:45:30+00:00\",\"dateModified\":\"2026-02-25T17:12:04+00:00\",\"mainEntityOfPage\":{\"@id\":\"https:\\\/\\\/notabene.world\\\/nb\\\/maskarada\\\/\"},\"wordCount\":388,\"publisher\":{\"@id\":\"https:\\\/\\\/notabene.world\\\/nb\\\/#organization\"},\"image\":{\"@id\":\"https:\\\/\\\/notabene.world\\\/nb\\\/maskarada\\\/#primaryimage\"},\"thumbnailUrl\":\"https:\\\/\\\/i0.wp.com\\\/notabene.world\\\/nb\\\/wp-content\\\/uploads\\\/2022\\\/02\\\/gemby.jpg?fit=800%2C445&ssl=1\",\"articleSection\":[\"Felietony\",\"WI\u0118CEJ \u015aWIAT(\u0141)A\"],\"inLanguage\":\"pl-PL\"},{\"@type\":\"WebPage\",\"@id\":\"https:\\\/\\\/notabene.world\\\/nb\\\/maskarada\\\/\",\"url\":\"https:\\\/\\\/notabene.world\\\/nb\\\/maskarada\\\/\",\"name\":\"Maskarada - NOTABENE.WORLD\",\"isPartOf\":{\"@id\":\"https:\\\/\\\/notabene.world\\\/nb\\\/#website\"},\"primaryImageOfPage\":{\"@id\":\"https:\\\/\\\/notabene.world\\\/nb\\\/maskarada\\\/#primaryimage\"},\"image\":{\"@id\":\"https:\\\/\\\/notabene.world\\\/nb\\\/maskarada\\\/#primaryimage\"},\"thumbnailUrl\":\"https:\\\/\\\/i0.wp.com\\\/notabene.world\\\/nb\\\/wp-content\\\/uploads\\\/2022\\\/02\\\/gemby.jpg?fit=800%2C445&ssl=1\",\"datePublished\":\"2026-02-19T03:45:30+00:00\",\"dateModified\":\"2026-02-25T17:12:04+00:00\",\"breadcrumb\":{\"@id\":\"https:\\\/\\\/notabene.world\\\/nb\\\/maskarada\\\/#breadcrumb\"},\"inLanguage\":\"pl-PL\",\"potentialAction\":[{\"@type\":\"ReadAction\",\"target\":[\"https:\\\/\\\/notabene.world\\\/nb\\\/maskarada\\\/\"]}]},{\"@type\":\"ImageObject\",\"inLanguage\":\"pl-PL\",\"@id\":\"https:\\\/\\\/notabene.world\\\/nb\\\/maskarada\\\/#primaryimage\",\"url\":\"https:\\\/\\\/i0.wp.com\\\/notabene.world\\\/nb\\\/wp-content\\\/uploads\\\/2022\\\/02\\\/gemby.jpg?fit=800%2C445&ssl=1\",\"contentUrl\":\"https:\\\/\\\/i0.wp.com\\\/notabene.world\\\/nb\\\/wp-content\\\/uploads\\\/2022\\\/02\\\/gemby.jpg?fit=800%2C445&ssl=1\",\"width\":800,\"height\":445},{\"@type\":\"BreadcrumbList\",\"@id\":\"https:\\\/\\\/notabene.world\\\/nb\\\/maskarada\\\/#breadcrumb\",\"itemListElement\":[{\"@type\":\"ListItem\",\"position\":1,\"name\":\"Home\",\"item\":\"https:\\\/\\\/notabene.world\\\/nb\\\/\"},{\"@type\":\"ListItem\",\"position\":2,\"name\":\"Maskarada\"}]},{\"@type\":\"WebSite\",\"@id\":\"https:\\\/\\\/notabene.world\\\/nb\\\/#website\",\"url\":\"https:\\\/\\\/notabene.world\\\/nb\\\/\",\"name\":\"NOTABENE.WORLD\",\"description\":\"Przekaz. Warto\u015bci. Wsp\u00f3lnota.\",\"publisher\":{\"@id\":\"https:\\\/\\\/notabene.world\\\/nb\\\/#organization\"},\"potentialAction\":[{\"@type\":\"SearchAction\",\"target\":{\"@type\":\"EntryPoint\",\"urlTemplate\":\"https:\\\/\\\/notabene.world\\\/nb\\\/?s={search_term_string}\"},\"query-input\":{\"@type\":\"PropertyValueSpecification\",\"valueRequired\":true,\"valueName\":\"search_term_string\"}}],\"inLanguage\":\"pl-PL\"},{\"@type\":\"Organization\",\"@id\":\"https:\\\/\\\/notabene.world\\\/nb\\\/#organization\",\"name\":\"NOTABENE.WORLD\",\"url\":\"https:\\\/\\\/notabene.world\\\/nb\\\/\",\"logo\":{\"@type\":\"ImageObject\",\"inLanguage\":\"pl-PL\",\"@id\":\"https:\\\/\\\/notabene.world\\\/nb\\\/#\\\/schema\\\/logo\\\/image\\\/\",\"url\":\"https:\\\/\\\/notabene.world\\\/nb\\\/wp-content\\\/uploads\\\/2022\\\/01\\\/NB-club-start-www1.jpg\",\"contentUrl\":\"https:\\\/\\\/notabene.world\\\/nb\\\/wp-content\\\/uploads\\\/2022\\\/01\\\/NB-club-start-www1.jpg\",\"width\":1000,\"height\":839,\"caption\":\"NOTABENE.WORLD\"},\"image\":{\"@id\":\"https:\\\/\\\/notabene.world\\\/nb\\\/#\\\/schema\\\/logo\\\/image\\\/\"},\"sameAs\":[\"https:\\\/\\\/www.facebook.com\\\/Notabene.World\"]},{\"@type\":\"Person\",\"@id\":\"https:\\\/\\\/notabene.world\\\/nb\\\/#\\\/schema\\\/person\\\/2227ed509f9261e544f6078919e1981d\",\"name\":\"C vel K\",\"image\":{\"@type\":\"ImageObject\",\"inLanguage\":\"pl-PL\",\"@id\":\"https:\\\/\\\/secure.gravatar.com\\\/avatar\\\/da4181237ddf77c667487dd66af5231faaf45fbcb0774d7a408f868da56bf04c?s=96&d=mm&r=g\",\"url\":\"https:\\\/\\\/secure.gravatar.com\\\/avatar\\\/da4181237ddf77c667487dd66af5231faaf45fbcb0774d7a408f868da56bf04c?s=96&d=mm&r=g\",\"contentUrl\":\"https:\\\/\\\/secure.gravatar.com\\\/avatar\\\/da4181237ddf77c667487dd66af5231faaf45fbcb0774d7a408f868da56bf04c?s=96&d=mm&r=g\",\"caption\":\"C vel K\"},\"url\":\"https:\\\/\\\/notabene.world\\\/nb\\\/author\\\/kcedro\\\/\"}]}<\/script>\n<!-- \/ Yoast SEO plugin. -->","yoast_head_json":{"title":"Maskarada - NOTABENE.WORLD","robots":{"index":"index","follow":"follow","max-snippet":"max-snippet:-1","max-image-preview":"max-image-preview:large","max-video-preview":"max-video-preview:-1"},"canonical":"https:\/\/notabene.world\/nb\/maskarada\/","og_locale":"pl_PL","og_type":"article","og_title":"Maskarada - NOTABENE.WORLD","og_description":"Pora wstawa\u0107, bo mam dzi\u015b znowu urodziny. Imieniny tak\u017ce kiedy\u015b mia\u0142em dzi\u015b, ale kilka lat temu przenios\u0142em je na czerwiec, no bo po co \u015bwi\u0119towa\u0107 raz, skoro mo\u017cna i dwa, i trzy, i cztery, i tak dalej. Jak co rano, wk\u0142adam mask\u0119 i sprawdzam w lustrze, czy wszystko ze mn\u0105 OK. G\u0142owa jest. Dwie r\u0119ce s\u0105, dwie nogi te\u017c, wi\u0119c pora wzi\u0105\u0107 sie do pracy. Spr\u00f3buj\u0119 jeszcze po drodze z\u0142apa\u0107 przynajmniej kilka my\u015bli ulotnych. Zanim bezpowrotnie przewieje je wiatr. Skoro jestem dzi\u015b\u00a0homo sapiens\u00a0(cz\u0142owiek \"my\u015bl\u0105cy\"), robi\u0119 co g\u0142owa na my\u015bl przyniesie. Ale\u017c to jest maskarada urodzi\u0107 si\u0119 w Dzie\u0144 Konrada. Nie tak dawno w Krakowie w tym\u017ce dniu znowu by\u0142y \u201cDziady\u201d. Konrad za\u015b improwizowa\u0142 - jak zawsze - w samotno\u015bci, tamtym razem (w 2022) jako niewiasta i st\u0105d tak kategoryczne by\u0142y \u017c\u0105dania co niekt\u00f3rych, by przedstawienie zdj\u0105\u0107 z afisza albo przynajmniej nie pokazywa\u0107 go m\u0142odzie\u017cy. Nie wnikaj\u0105c w meritum sporu, lepsz\u0105 reklam\u0119 w tym wypadku trudno by\u0142o sobie wyobrazi\u0107.\u00a0 Domniemany patriotyczny\u00a0homo ludens\u00a0(cz\u0142owiek bawi\u0105cy si\u0119) czyli Mickiewicz i jego dzie\u0142o w og\u00f3le maj\u0105 u nas wyj\u0105tkowego pecha, tudzie\u017c \"wielkie szcz\u0119\u015bcie\". M\u00f3wienie \u201cDziadami\u201d - odk\u0105d sta\u0142o si\u0119 modne - mia\u0142o si\u0119 wszak sko\u0144czy\u0107 w roku 1968. Oburzy\u0142 si\u0119 by\u0142 wtedy na\u0144 \u2013 i to nie na \u017carty \u2013 sam\u00a0homo \"sovieticus\"\u00a0(cz\u0142owiek sowiecki). Wtedy odprawianie \u201cDziad\u00f3w\u201d bezskutecznie wybijano z g\u0142owy protestuj\u0105cym obywatelom, student\u00f3w zap\u0119dzaj\u0105c \u201cdo nauki\u201d, literat\u00f3w za\u015b \u2013 \u201cdo pi\u00f3ra\u201d. I tak to za spraw\u0105 Konrada wci\u0105\u017c trwa w najlepsze ta nasza swojska, troch\u0119 kowbojska i nabzdyczona maskarada.","og_url":"https:\/\/notabene.world\/nb\/maskarada\/","og_site_name":"NOTABENE.WORLD","article_publisher":"https:\/\/www.facebook.com\/Notabene.World","article_published_time":"2026-02-19T03:45:30+00:00","article_modified_time":"2026-02-25T17:12:04+00:00","og_image":[{"width":800,"height":445,"url":"https:\/\/notabene.world\/nb\/wp-content\/uploads\/2022\/02\/gemby.jpg","type":"image\/jpeg"}],"author":"C vel K","twitter_card":"summary_large_image","twitter_misc":{"Napisane przez":"C vel K","Szacowany czas czytania":"2 minuty"},"schema":{"@context":"https:\/\/schema.org","@graph":[{"@type":"Article","@id":"https:\/\/notabene.world\/nb\/maskarada\/#article","isPartOf":{"@id":"https:\/\/notabene.world\/nb\/maskarada\/"},"author":{"name":"C vel K","@id":"https:\/\/notabene.world\/nb\/#\/schema\/person\/2227ed509f9261e544f6078919e1981d"},"headline":"Maskarada","datePublished":"2026-02-19T03:45:30+00:00","dateModified":"2026-02-25T17:12:04+00:00","mainEntityOfPage":{"@id":"https:\/\/notabene.world\/nb\/maskarada\/"},"wordCount":388,"publisher":{"@id":"https:\/\/notabene.world\/nb\/#organization"},"image":{"@id":"https:\/\/notabene.world\/nb\/maskarada\/#primaryimage"},"thumbnailUrl":"https:\/\/i0.wp.com\/notabene.world\/nb\/wp-content\/uploads\/2022\/02\/gemby.jpg?fit=800%2C445&ssl=1","articleSection":["Felietony","WI\u0118CEJ \u015aWIAT(\u0141)A"],"inLanguage":"pl-PL"},{"@type":"WebPage","@id":"https:\/\/notabene.world\/nb\/maskarada\/","url":"https:\/\/notabene.world\/nb\/maskarada\/","name":"Maskarada - NOTABENE.WORLD","isPartOf":{"@id":"https:\/\/notabene.world\/nb\/#website"},"primaryImageOfPage":{"@id":"https:\/\/notabene.world\/nb\/maskarada\/#primaryimage"},"image":{"@id":"https:\/\/notabene.world\/nb\/maskarada\/#primaryimage"},"thumbnailUrl":"https:\/\/i0.wp.com\/notabene.world\/nb\/wp-content\/uploads\/2022\/02\/gemby.jpg?fit=800%2C445&ssl=1","datePublished":"2026-02-19T03:45:30+00:00","dateModified":"2026-02-25T17:12:04+00:00","breadcrumb":{"@id":"https:\/\/notabene.world\/nb\/maskarada\/#breadcrumb"},"inLanguage":"pl-PL","potentialAction":[{"@type":"ReadAction","target":["https:\/\/notabene.world\/nb\/maskarada\/"]}]},{"@type":"ImageObject","inLanguage":"pl-PL","@id":"https:\/\/notabene.world\/nb\/maskarada\/#primaryimage","url":"https:\/\/i0.wp.com\/notabene.world\/nb\/wp-content\/uploads\/2022\/02\/gemby.jpg?fit=800%2C445&ssl=1","contentUrl":"https:\/\/i0.wp.com\/notabene.world\/nb\/wp-content\/uploads\/2022\/02\/gemby.jpg?fit=800%2C445&ssl=1","width":800,"height":445},{"@type":"BreadcrumbList","@id":"https:\/\/notabene.world\/nb\/maskarada\/#breadcrumb","itemListElement":[{"@type":"ListItem","position":1,"name":"Home","item":"https:\/\/notabene.world\/nb\/"},{"@type":"ListItem","position":2,"name":"Maskarada"}]},{"@type":"WebSite","@id":"https:\/\/notabene.world\/nb\/#website","url":"https:\/\/notabene.world\/nb\/","name":"NOTABENE.WORLD","description":"Przekaz. Warto\u015bci. Wsp\u00f3lnota.","publisher":{"@id":"https:\/\/notabene.world\/nb\/#organization"},"potentialAction":[{"@type":"SearchAction","target":{"@type":"EntryPoint","urlTemplate":"https:\/\/notabene.world\/nb\/?s={search_term_string}"},"query-input":{"@type":"PropertyValueSpecification","valueRequired":true,"valueName":"search_term_string"}}],"inLanguage":"pl-PL"},{"@type":"Organization","@id":"https:\/\/notabene.world\/nb\/#organization","name":"NOTABENE.WORLD","url":"https:\/\/notabene.world\/nb\/","logo":{"@type":"ImageObject","inLanguage":"pl-PL","@id":"https:\/\/notabene.world\/nb\/#\/schema\/logo\/image\/","url":"https:\/\/notabene.world\/nb\/wp-content\/uploads\/2022\/01\/NB-club-start-www1.jpg","contentUrl":"https:\/\/notabene.world\/nb\/wp-content\/uploads\/2022\/01\/NB-club-start-www1.jpg","width":1000,"height":839,"caption":"NOTABENE.WORLD"},"image":{"@id":"https:\/\/notabene.world\/nb\/#\/schema\/logo\/image\/"},"sameAs":["https:\/\/www.facebook.com\/Notabene.World"]},{"@type":"Person","@id":"https:\/\/notabene.world\/nb\/#\/schema\/person\/2227ed509f9261e544f6078919e1981d","name":"C vel K","image":{"@type":"ImageObject","inLanguage":"pl-PL","@id":"https:\/\/secure.gravatar.com\/avatar\/da4181237ddf77c667487dd66af5231faaf45fbcb0774d7a408f868da56bf04c?s=96&d=mm&r=g","url":"https:\/\/secure.gravatar.com\/avatar\/da4181237ddf77c667487dd66af5231faaf45fbcb0774d7a408f868da56bf04c?s=96&d=mm&r=g","contentUrl":"https:\/\/secure.gravatar.com\/avatar\/da4181237ddf77c667487dd66af5231faaf45fbcb0774d7a408f868da56bf04c?s=96&d=mm&r=g","caption":"C vel K"},"url":"https:\/\/notabene.world\/nb\/author\/kcedro\/"}]}},"jetpack_featured_media_url":"https:\/\/i0.wp.com\/notabene.world\/nb\/wp-content\/uploads\/2022\/02\/gemby.jpg?fit=800%2C445&ssl=1","jetpack_sharing_enabled":true,"jetpack_shortlink":"https:\/\/wp.me\/pdCobN-IW","_links":{"self":[{"href":"https:\/\/notabene.world\/nb\/wp-json\/wp\/v2\/posts\/2786","targetHints":{"allow":["GET"]}}],"collection":[{"href":"https:\/\/notabene.world\/nb\/wp-json\/wp\/v2\/posts"}],"about":[{"href":"https:\/\/notabene.world\/nb\/wp-json\/wp\/v2\/types\/post"}],"author":[{"embeddable":true,"href":"https:\/\/notabene.world\/nb\/wp-json\/wp\/v2\/users\/1"}],"replies":[{"embeddable":true,"href":"https:\/\/notabene.world\/nb\/wp-json\/wp\/v2\/comments?post=2786"}],"version-history":[{"count":5,"href":"https:\/\/notabene.world\/nb\/wp-json\/wp\/v2\/posts\/2786\/revisions"}],"predecessor-version":[{"id":19334,"href":"https:\/\/notabene.world\/nb\/wp-json\/wp\/v2\/posts\/2786\/revisions\/19334"}],"wp:featuredmedia":[{"embeddable":true,"href":"https:\/\/notabene.world\/nb\/wp-json\/wp\/v2\/media\/2788"}],"wp:attachment":[{"href":"https:\/\/notabene.world\/nb\/wp-json\/wp\/v2\/media?parent=2786"}],"wp:term":[{"taxonomy":"category","embeddable":true,"href":"https:\/\/notabene.world\/nb\/wp-json\/wp\/v2\/categories?post=2786"},{"taxonomy":"post_tag","embeddable":true,"href":"https:\/\/notabene.world\/nb\/wp-json\/wp\/v2\/tags?post=2786"}],"curies":[{"name":"wp","href":"https:\/\/api.w.org\/{rel}","templated":true}]}}