{"id":2966,"date":"2022-02-21T18:59:43","date_gmt":"2022-02-21T17:59:43","guid":{"rendered":"https:\/\/notabene.world\/nb\/?p=2966"},"modified":"2022-04-11T02:44:01","modified_gmt":"2022-04-11T00:44:01","slug":"czemu-uczen-uczniem-jest","status":"publish","type":"post","link":"https:\/\/notabene.world\/nb\/czemu-uczen-uczniem-jest\/","title":{"rendered":"Czemu ucze\u0144 uczniem jest?"},"content":{"rendered":"\n<p>Obecny system nauczania w Rzeczpospolitej jest jednym z najni\u017cej ocenianych w ca\u0142ej Europie, nawet jak na standardy kraj\u00f3w dawnego bloku wschodniego. Wielu dydaktyk\u00f3w uwa\u017ca, \u017ce poprzez jego archaiczno\u015b\u0107, t\u0142umi si\u0119 w m\u0142odych ludziach wszelk\u0105 kreatywno\u015b\u0107 i wol\u0119 do indywidualnego my\u015blenia. Warto jest zauwa\u017cy\u0107, \u017ce obecne systemy nauczania kraj\u00f3w skandynawskich zosta\u0142y stworzone w pierwszej lub drugiej po\u0142owie dwudziestego pierwszego wieku, kiedy polski si\u0119ga jeszcze pierwszych dekad Polskiej Republiki Ludowej. Wina wi\u0119c le\u017cy w mniejszym stopniu po stronie pedagog\u00f3w, kt\u00f3rzy wpasowuj\u0105 si\u0119 w tok edukacji, a raczej po stronie rz\u0105dz\u0105cych niezdolnych do wprowadzenia zmian w dawno \u2018przeterminowanym\u2019 systemie. Aby m\u0142odzie\u017c ch\u0119tnie przychodzi\u0142a do szko\u0142y potrzebne s\u0105 gruntowne przemiany, zar\u00f3wno w programie nauczania, jak i podej\u015bciu grona pedagogicznego do uczni\u00f3w.<\/p>\n\n\n\n<p>Jak donosz\u0105 informacje podane przez Organizacj\u0119 Wsp\u00f3\u0142pracy Gospodarczej i Rozwoju z 2019 roku, przeci\u0119tne dziecko sp\u0119dza ponad sze\u015b\u0107 tysi\u0119cy godzin w plac\u00f3wce edukacyjnej pomi\u0119dzy si\u00f3dmym a czternastym rokiem \u017cycia. To tam w\u0142a\u015bnie dzieje si\u0119 wa\u017cniejsza po\u0142owa wcze\u015bniejszego \u017cycia ka\u017cdego Polaka. Poprzez interakcj\u0119 ze swoimi r\u00f3wie\u015bnikami oraz doros\u0142ymi pracownikami szko\u0142y formuj\u0105 si\u0119 pierwsze pogl\u0105dy, kszta\u0142tuje si\u0119 \u015bwiatopogl\u0105d. Osobami posiadaj\u0105cymi najwi\u0119kszy wp\u0142yw na zdanie m\u0142odych ludzi s\u0105 bezsprzecznie nauczyciele, kt\u00f3rzy nierzadko z pozycji autorytetu staraj\u0105 si\u0119 nam narzuci\u0107 swoje zdanie pod pretekstem przedstawienia materia\u0142u lekcyjnego. Doskona\u0142y przyk\u0142ad sytuacji, gdzie uczni\u00f3w zmusza si\u0119 do przyj\u0119cia zdania szkolnego prze\u0142o\u017conego mo\u017cna znale\u017a\u0107 w scenie lekcji j\u0119zyka polskiego w \u201cFerdydurke\u201d autorstwa Witolda Gombrowicza. Zwany \u2018profesorem Bladaczk\u0105\u2019 pedagog pr\u00f3buje zmusi\u0107 gimnazjalist\u00f3w do zgodzenia si\u0119 z nim odno\u015bnie wielko\u015bci poezji Juliusza S\u0142owackiego; t\u0142umaczy, \u017ce jego utwory s\u0105 zachwycaj\u0105cymi dzie\u0142ami kultury, argumentuj\u0105c to jedynie stwierdzeniem \u2018S\u0142owacki wielkim poet\u0105 by\u0142\u2019. Zniech\u0119ceni wywodem profesora uczniowie zaczynaj\u0105 zajmowa\u0107 si\u0119 rzeczami kompletnie niezwi\u0105zanymi z lekcj\u0105- bazgrz\u0105 w zeszytach, bawi\u0105 si\u0119 swoimi w\u0142osami, czy wycinaj\u0105 dziury w szkolnych \u0142awkach. Ukazuje to, jak wiele zale\u017cy od komunikacji w miejscu nauki- gdyby temat zosta\u0142 pokryty w interesuj\u0105cy i anga\u017cuj\u0105cy spos\u00f3b, by\u0107 mo\u017ce wi\u0119ksza ilo\u015b\u0107 wychowank\u00f3w by\u0142aby przekonana do opinii nauczyciela. W polskim systemie edukacyjnym takie sytuacje maj\u0105 miejsce ca\u0142y czas- nawet pomimo bardziej wolno\u015bciowego podej\u015bcia niekt\u00f3rych polonist\u00f3w, m\u0142odzi Polki i Polacy s\u0105 zmuszeni my\u015ble\u0107 \u2018wed\u0142ug klucza\u2019.&nbsp;<\/p>\n\n\n\n<p>Gombrowicz w \u201cFerdydurke\u201d ukazuje obraz polskich pedagog\u00f3w jako os\u00f3b szarych i nieciekawych, kt\u00f3rych najwy\u017cszym celem jest \u2018upupienie\u2019 jak najwi\u0119kszej ilo\u015bci os\u00f3b. Proces ten polega na traktowaniu ludzi, jak gdyby byli dzie\u0107mi- poprzez zwracanie si\u0119 do nich w pieszczotliwym tonie, narzucaj\u0105c im infantyln\u0105 form\u0119, kt\u00f3ra ma na celu u\u0142atwienie dalszego ich \u2018tresowania\u2019. M\u0142oda osoba nie\u015bwiadoma aspekt\u00f3w doros\u0142ego \u017cycia \u0142atwiej przyswaja nieprzydatn\u0105 do niczego wiedz\u0119, tym samym pozwalaj\u0105c na kontynuacj\u0119 istnienia instytucji szkolnych. Czytelnik doszukiwa\u0107 si\u0119 mo\u017ce w karykaturalnym wyobra\u017ceniu szko\u0142y Gombrowicza por\u00f3wnania do reali\u00f3w wi\u0119ziennych, z kt\u00f3rych r\u00f3wnie trudno jest uciec.<br>W utworze widzimy, jak m\u0142odzie\u017c stara si\u0119 unikn\u0105\u0107 uwi\u0119zienia w tej szkolnej formie- poprzez szkodliwe nawyki takie jak picie alkoholu czy u\u017cywanie prostego i wulgarnego j\u0119zyka staraj\u0105 si\u0119 pokaza\u0107 doros\u0142o\u015b\u0107 w jedyny wiadomy dla nich spos\u00f3b. Podej\u015bcie nauczycieli do uczni\u00f3w musi ulec gruntownej zmianie. W p\u00f3\u017aniejszych etapach edukacji pedagogowie nie powinni m\u00f3wi\u0107 do swoich podopiecznych z pozycji autorytetu, a raczej z pozycji zrozumienia i ch\u0119ci do dzielenia si\u0119 swoj\u0105 wiedz\u0105.<\/p>\n\n\n\n<p>Poprzez zmiany w systemie edukacyjnym i podej\u015bciu pedagog\u00f3w do swoich wychowank\u00f3w, szko\u0142a ponownie mo\u017ce sta\u0107 si\u0119 miejscem, gdzie uczniowie zar\u00f3wno pog\u0142\u0119bia\u0107 b\u0119d\u0105 swoj\u0105 wiedz\u0119, jak i rozwija\u0107 swoje pasje i zainteresowania. Aby jednak wszystkie te przemiany mia\u0142y sens, trzeba porzuci\u0107 taktyki, kt\u00f3re Witold Gombrowicz opisa\u0142 w \u201cFerdydurke\u201d. M\u0142odzie\u017c nie mo\u017ce by\u0107 infantylizowania w celu u\u0142atwienia manipulacji, a pogl\u0105dy nauczycieli nie mog\u0105 by\u0107 narzucane m\u0142odym ludziom. Powinno si\u0119 pozwoli\u0107 na samodzielne kszta\u0142towanie pogl\u0105d\u00f3w o tym, kto by\u0142, a kto nie by\u0142 wielkim poet\u0105.<\/p>\n","protected":false},"excerpt":{"rendered":"<p>Obecny system nauczania w Rzeczpospolitej jest jednym z najni\u017cej ocenianych w ca\u0142ej Europie, nawet jak na standardy kraj\u00f3w dawnego bloku wschodniego. Wielu dydaktyk\u00f3w uwa\u017ca, \u017ce poprzez jego archaiczno\u015b\u0107, t\u0142umi si\u0119 w m\u0142odych ludziach wszelk\u0105 kreatywno\u015b\u0107 i wol\u0119 do indywidualnego my\u015blenia.<\/p>\n","protected":false},"author":2,"featured_media":2995,"comment_status":"closed","ping_status":"closed","sticky":false,"template":"","format":"standard","meta":{"colormag_page_container_layout":"default_layout","colormag_page_sidebar_layout":"default_layout","_jetpack_memberships_contains_paid_content":false,"footnotes":"","_links_to":"","_links_to_target":""},"categories":[12,110],"tags":[],"class_list":["post-2966","post","type-post","status-publish","format-standard","has-post-thumbnail","hentry","category-spoleczenstwo","category-spoleczenstwo-2"],"yoast_head":"<!-- This site is optimized with the Yoast SEO plugin v27.4 - https:\/\/yoast.com\/product\/yoast-seo-wordpress\/ -->\n<title>Czemu ucze\u0144 uczniem jest? - NOTABENE.WORLD<\/title>\n<meta name=\"robots\" content=\"index, follow, max-snippet:-1, max-image-preview:large, max-video-preview:-1\" \/>\n<link rel=\"canonical\" href=\"https:\/\/notabene.world\/nb\/czemu-uczen-uczniem-jest\/\" \/>\n<meta property=\"og:locale\" content=\"pl_PL\" \/>\n<meta property=\"og:type\" content=\"article\" \/>\n<meta property=\"og:title\" content=\"Czemu ucze\u0144 uczniem jest? - NOTABENE.WORLD\" \/>\n<meta property=\"og:description\" content=\"Obecny system nauczania w Rzeczpospolitej jest jednym z najni\u017cej ocenianych w ca\u0142ej Europie, nawet jak na standardy kraj\u00f3w dawnego bloku wschodniego. Wielu dydaktyk\u00f3w uwa\u017ca, \u017ce poprzez jego archaiczno\u015b\u0107, t\u0142umi si\u0119 w m\u0142odych ludziach wszelk\u0105 kreatywno\u015b\u0107 i wol\u0119 do indywidualnego my\u015blenia.\" \/>\n<meta property=\"og:url\" content=\"https:\/\/notabene.world\/nb\/czemu-uczen-uczniem-jest\/\" \/>\n<meta property=\"og:site_name\" content=\"NOTABENE.WORLD\" \/>\n<meta property=\"article:publisher\" content=\"https:\/\/www.facebook.com\/Notabene.World\" \/>\n<meta property=\"article:published_time\" content=\"2022-02-21T17:59:43+00:00\" \/>\n<meta property=\"article:modified_time\" content=\"2022-04-11T00:44:01+00:00\" \/>\n<meta property=\"og:image\" content=\"https:\/\/notabene.world\/nb\/wp-content\/uploads\/2022\/02\/ferd3.jpg\" \/>\n\t<meta property=\"og:image:width\" content=\"800\" \/>\n\t<meta property=\"og:image:height\" content=\"445\" \/>\n\t<meta property=\"og:image:type\" content=\"image\/jpeg\" \/>\n<meta name=\"author\" content=\"Micha\u0142 S Kondrak\" \/>\n<meta name=\"twitter:card\" content=\"summary_large_image\" \/>\n<meta name=\"twitter:label1\" content=\"Napisane przez\" \/>\n\t<meta name=\"twitter:data1\" content=\"Micha\u0142 S Kondrak\" \/>\n\t<meta name=\"twitter:label2\" content=\"Szacowany czas czytania\" \/>\n\t<meta name=\"twitter:data2\" content=\"4 minuty\" \/>\n<script type=\"application\/ld+json\" class=\"yoast-schema-graph\">{\"@context\":\"https:\\\/\\\/schema.org\",\"@graph\":[{\"@type\":\"Article\",\"@id\":\"https:\\\/\\\/notabene.world\\\/nb\\\/czemu-uczen-uczniem-jest\\\/#article\",\"isPartOf\":{\"@id\":\"https:\\\/\\\/notabene.world\\\/nb\\\/czemu-uczen-uczniem-jest\\\/\"},\"author\":{\"name\":\"Micha\u0142 S Kondrak\",\"@id\":\"https:\\\/\\\/notabene.world\\\/nb\\\/#\\\/schema\\\/person\\\/6c7e4c7ff5cfc5bef6d752b42ebcddf9\"},\"headline\":\"Czemu ucze\u0144 uczniem jest?\",\"datePublished\":\"2022-02-21T17:59:43+00:00\",\"dateModified\":\"2022-04-11T00:44:01+00:00\",\"mainEntityOfPage\":{\"@id\":\"https:\\\/\\\/notabene.world\\\/nb\\\/czemu-uczen-uczniem-jest\\\/\"},\"wordCount\":727,\"publisher\":{\"@id\":\"https:\\\/\\\/notabene.world\\\/nb\\\/#organization\"},\"image\":{\"@id\":\"https:\\\/\\\/notabene.world\\\/nb\\\/czemu-uczen-uczniem-jest\\\/#primaryimage\"},\"thumbnailUrl\":\"https:\\\/\\\/i0.wp.com\\\/notabene.world\\\/nb\\\/wp-content\\\/uploads\\\/2022\\\/02\\\/ferd3.jpg?fit=800%2C445&ssl=1\",\"articleSection\":[\"Nasz \u015awiat\",\"Spo\u0142ecze\u0144stwo\"],\"inLanguage\":\"pl-PL\"},{\"@type\":\"WebPage\",\"@id\":\"https:\\\/\\\/notabene.world\\\/nb\\\/czemu-uczen-uczniem-jest\\\/\",\"url\":\"https:\\\/\\\/notabene.world\\\/nb\\\/czemu-uczen-uczniem-jest\\\/\",\"name\":\"Czemu ucze\u0144 uczniem jest? - NOTABENE.WORLD\",\"isPartOf\":{\"@id\":\"https:\\\/\\\/notabene.world\\\/nb\\\/#website\"},\"primaryImageOfPage\":{\"@id\":\"https:\\\/\\\/notabene.world\\\/nb\\\/czemu-uczen-uczniem-jest\\\/#primaryimage\"},\"image\":{\"@id\":\"https:\\\/\\\/notabene.world\\\/nb\\\/czemu-uczen-uczniem-jest\\\/#primaryimage\"},\"thumbnailUrl\":\"https:\\\/\\\/i0.wp.com\\\/notabene.world\\\/nb\\\/wp-content\\\/uploads\\\/2022\\\/02\\\/ferd3.jpg?fit=800%2C445&ssl=1\",\"datePublished\":\"2022-02-21T17:59:43+00:00\",\"dateModified\":\"2022-04-11T00:44:01+00:00\",\"breadcrumb\":{\"@id\":\"https:\\\/\\\/notabene.world\\\/nb\\\/czemu-uczen-uczniem-jest\\\/#breadcrumb\"},\"inLanguage\":\"pl-PL\",\"potentialAction\":[{\"@type\":\"ReadAction\",\"target\":[\"https:\\\/\\\/notabene.world\\\/nb\\\/czemu-uczen-uczniem-jest\\\/\"]}]},{\"@type\":\"ImageObject\",\"inLanguage\":\"pl-PL\",\"@id\":\"https:\\\/\\\/notabene.world\\\/nb\\\/czemu-uczen-uczniem-jest\\\/#primaryimage\",\"url\":\"https:\\\/\\\/i0.wp.com\\\/notabene.world\\\/nb\\\/wp-content\\\/uploads\\\/2022\\\/02\\\/ferd3.jpg?fit=800%2C445&ssl=1\",\"contentUrl\":\"https:\\\/\\\/i0.wp.com\\\/notabene.world\\\/nb\\\/wp-content\\\/uploads\\\/2022\\\/02\\\/ferd3.jpg?fit=800%2C445&ssl=1\",\"width\":800,\"height\":445},{\"@type\":\"BreadcrumbList\",\"@id\":\"https:\\\/\\\/notabene.world\\\/nb\\\/czemu-uczen-uczniem-jest\\\/#breadcrumb\",\"itemListElement\":[{\"@type\":\"ListItem\",\"position\":1,\"name\":\"Home\",\"item\":\"https:\\\/\\\/notabene.world\\\/nb\\\/\"},{\"@type\":\"ListItem\",\"position\":2,\"name\":\"Czemu ucze\u0144 uczniem jest?\"}]},{\"@type\":\"WebSite\",\"@id\":\"https:\\\/\\\/notabene.world\\\/nb\\\/#website\",\"url\":\"https:\\\/\\\/notabene.world\\\/nb\\\/\",\"name\":\"NOTABENE.WORLD\",\"description\":\"Przekaz. Warto\u015bci. Wsp\u00f3lnota.\",\"publisher\":{\"@id\":\"https:\\\/\\\/notabene.world\\\/nb\\\/#organization\"},\"potentialAction\":[{\"@type\":\"SearchAction\",\"target\":{\"@type\":\"EntryPoint\",\"urlTemplate\":\"https:\\\/\\\/notabene.world\\\/nb\\\/?s={search_term_string}\"},\"query-input\":{\"@type\":\"PropertyValueSpecification\",\"valueRequired\":true,\"valueName\":\"search_term_string\"}}],\"inLanguage\":\"pl-PL\"},{\"@type\":\"Organization\",\"@id\":\"https:\\\/\\\/notabene.world\\\/nb\\\/#organization\",\"name\":\"NOTABENE.WORLD\",\"url\":\"https:\\\/\\\/notabene.world\\\/nb\\\/\",\"logo\":{\"@type\":\"ImageObject\",\"inLanguage\":\"pl-PL\",\"@id\":\"https:\\\/\\\/notabene.world\\\/nb\\\/#\\\/schema\\\/logo\\\/image\\\/\",\"url\":\"https:\\\/\\\/notabene.world\\\/nb\\\/wp-content\\\/uploads\\\/2022\\\/01\\\/NB-club-start-www1.jpg\",\"contentUrl\":\"https:\\\/\\\/notabene.world\\\/nb\\\/wp-content\\\/uploads\\\/2022\\\/01\\\/NB-club-start-www1.jpg\",\"width\":1000,\"height\":839,\"caption\":\"NOTABENE.WORLD\"},\"image\":{\"@id\":\"https:\\\/\\\/notabene.world\\\/nb\\\/#\\\/schema\\\/logo\\\/image\\\/\"},\"sameAs\":[\"https:\\\/\\\/www.facebook.com\\\/Notabene.World\"]},{\"@type\":\"Person\",\"@id\":\"https:\\\/\\\/notabene.world\\\/nb\\\/#\\\/schema\\\/person\\\/6c7e4c7ff5cfc5bef6d752b42ebcddf9\",\"name\":\"Micha\u0142 S Kondrak\",\"image\":{\"@type\":\"ImageObject\",\"inLanguage\":\"pl-PL\",\"@id\":\"https:\\\/\\\/secure.gravatar.com\\\/avatar\\\/73522a2dd213b11f0b52f0825e7e7f227cd70f2ddffa23ca4c41847f57f1076e?s=96&d=mm&r=g\",\"url\":\"https:\\\/\\\/secure.gravatar.com\\\/avatar\\\/73522a2dd213b11f0b52f0825e7e7f227cd70f2ddffa23ca4c41847f57f1076e?s=96&d=mm&r=g\",\"contentUrl\":\"https:\\\/\\\/secure.gravatar.com\\\/avatar\\\/73522a2dd213b11f0b52f0825e7e7f227cd70f2ddffa23ca4c41847f57f1076e?s=96&d=mm&r=g\",\"caption\":\"Micha\u0142 S Kondrak\"},\"url\":\"https:\\\/\\\/notabene.world\\\/nb\\\/author\\\/michal\\\/\"}]}<\/script>\n<!-- \/ Yoast SEO plugin. -->","yoast_head_json":{"title":"Czemu ucze\u0144 uczniem jest? - NOTABENE.WORLD","robots":{"index":"index","follow":"follow","max-snippet":"max-snippet:-1","max-image-preview":"max-image-preview:large","max-video-preview":"max-video-preview:-1"},"canonical":"https:\/\/notabene.world\/nb\/czemu-uczen-uczniem-jest\/","og_locale":"pl_PL","og_type":"article","og_title":"Czemu ucze\u0144 uczniem jest? - NOTABENE.WORLD","og_description":"Obecny system nauczania w Rzeczpospolitej jest jednym z najni\u017cej ocenianych w ca\u0142ej Europie, nawet jak na standardy kraj\u00f3w dawnego bloku wschodniego. Wielu dydaktyk\u00f3w uwa\u017ca, \u017ce poprzez jego archaiczno\u015b\u0107, t\u0142umi si\u0119 w m\u0142odych ludziach wszelk\u0105 kreatywno\u015b\u0107 i wol\u0119 do indywidualnego my\u015blenia.","og_url":"https:\/\/notabene.world\/nb\/czemu-uczen-uczniem-jest\/","og_site_name":"NOTABENE.WORLD","article_publisher":"https:\/\/www.facebook.com\/Notabene.World","article_published_time":"2022-02-21T17:59:43+00:00","article_modified_time":"2022-04-11T00:44:01+00:00","og_image":[{"width":800,"height":445,"url":"https:\/\/notabene.world\/nb\/wp-content\/uploads\/2022\/02\/ferd3.jpg","type":"image\/jpeg"}],"author":"Micha\u0142 S Kondrak","twitter_card":"summary_large_image","twitter_misc":{"Napisane przez":"Micha\u0142 S Kondrak","Szacowany czas czytania":"4 minuty"},"schema":{"@context":"https:\/\/schema.org","@graph":[{"@type":"Article","@id":"https:\/\/notabene.world\/nb\/czemu-uczen-uczniem-jest\/#article","isPartOf":{"@id":"https:\/\/notabene.world\/nb\/czemu-uczen-uczniem-jest\/"},"author":{"name":"Micha\u0142 S Kondrak","@id":"https:\/\/notabene.world\/nb\/#\/schema\/person\/6c7e4c7ff5cfc5bef6d752b42ebcddf9"},"headline":"Czemu ucze\u0144 uczniem jest?","datePublished":"2022-02-21T17:59:43+00:00","dateModified":"2022-04-11T00:44:01+00:00","mainEntityOfPage":{"@id":"https:\/\/notabene.world\/nb\/czemu-uczen-uczniem-jest\/"},"wordCount":727,"publisher":{"@id":"https:\/\/notabene.world\/nb\/#organization"},"image":{"@id":"https:\/\/notabene.world\/nb\/czemu-uczen-uczniem-jest\/#primaryimage"},"thumbnailUrl":"https:\/\/i0.wp.com\/notabene.world\/nb\/wp-content\/uploads\/2022\/02\/ferd3.jpg?fit=800%2C445&ssl=1","articleSection":["Nasz \u015awiat","Spo\u0142ecze\u0144stwo"],"inLanguage":"pl-PL"},{"@type":"WebPage","@id":"https:\/\/notabene.world\/nb\/czemu-uczen-uczniem-jest\/","url":"https:\/\/notabene.world\/nb\/czemu-uczen-uczniem-jest\/","name":"Czemu ucze\u0144 uczniem jest? - NOTABENE.WORLD","isPartOf":{"@id":"https:\/\/notabene.world\/nb\/#website"},"primaryImageOfPage":{"@id":"https:\/\/notabene.world\/nb\/czemu-uczen-uczniem-jest\/#primaryimage"},"image":{"@id":"https:\/\/notabene.world\/nb\/czemu-uczen-uczniem-jest\/#primaryimage"},"thumbnailUrl":"https:\/\/i0.wp.com\/notabene.world\/nb\/wp-content\/uploads\/2022\/02\/ferd3.jpg?fit=800%2C445&ssl=1","datePublished":"2022-02-21T17:59:43+00:00","dateModified":"2022-04-11T00:44:01+00:00","breadcrumb":{"@id":"https:\/\/notabene.world\/nb\/czemu-uczen-uczniem-jest\/#breadcrumb"},"inLanguage":"pl-PL","potentialAction":[{"@type":"ReadAction","target":["https:\/\/notabene.world\/nb\/czemu-uczen-uczniem-jest\/"]}]},{"@type":"ImageObject","inLanguage":"pl-PL","@id":"https:\/\/notabene.world\/nb\/czemu-uczen-uczniem-jest\/#primaryimage","url":"https:\/\/i0.wp.com\/notabene.world\/nb\/wp-content\/uploads\/2022\/02\/ferd3.jpg?fit=800%2C445&ssl=1","contentUrl":"https:\/\/i0.wp.com\/notabene.world\/nb\/wp-content\/uploads\/2022\/02\/ferd3.jpg?fit=800%2C445&ssl=1","width":800,"height":445},{"@type":"BreadcrumbList","@id":"https:\/\/notabene.world\/nb\/czemu-uczen-uczniem-jest\/#breadcrumb","itemListElement":[{"@type":"ListItem","position":1,"name":"Home","item":"https:\/\/notabene.world\/nb\/"},{"@type":"ListItem","position":2,"name":"Czemu ucze\u0144 uczniem jest?"}]},{"@type":"WebSite","@id":"https:\/\/notabene.world\/nb\/#website","url":"https:\/\/notabene.world\/nb\/","name":"NOTABENE.WORLD","description":"Przekaz. Warto\u015bci. Wsp\u00f3lnota.","publisher":{"@id":"https:\/\/notabene.world\/nb\/#organization"},"potentialAction":[{"@type":"SearchAction","target":{"@type":"EntryPoint","urlTemplate":"https:\/\/notabene.world\/nb\/?s={search_term_string}"},"query-input":{"@type":"PropertyValueSpecification","valueRequired":true,"valueName":"search_term_string"}}],"inLanguage":"pl-PL"},{"@type":"Organization","@id":"https:\/\/notabene.world\/nb\/#organization","name":"NOTABENE.WORLD","url":"https:\/\/notabene.world\/nb\/","logo":{"@type":"ImageObject","inLanguage":"pl-PL","@id":"https:\/\/notabene.world\/nb\/#\/schema\/logo\/image\/","url":"https:\/\/notabene.world\/nb\/wp-content\/uploads\/2022\/01\/NB-club-start-www1.jpg","contentUrl":"https:\/\/notabene.world\/nb\/wp-content\/uploads\/2022\/01\/NB-club-start-www1.jpg","width":1000,"height":839,"caption":"NOTABENE.WORLD"},"image":{"@id":"https:\/\/notabene.world\/nb\/#\/schema\/logo\/image\/"},"sameAs":["https:\/\/www.facebook.com\/Notabene.World"]},{"@type":"Person","@id":"https:\/\/notabene.world\/nb\/#\/schema\/person\/6c7e4c7ff5cfc5bef6d752b42ebcddf9","name":"Micha\u0142 S Kondrak","image":{"@type":"ImageObject","inLanguage":"pl-PL","@id":"https:\/\/secure.gravatar.com\/avatar\/73522a2dd213b11f0b52f0825e7e7f227cd70f2ddffa23ca4c41847f57f1076e?s=96&d=mm&r=g","url":"https:\/\/secure.gravatar.com\/avatar\/73522a2dd213b11f0b52f0825e7e7f227cd70f2ddffa23ca4c41847f57f1076e?s=96&d=mm&r=g","contentUrl":"https:\/\/secure.gravatar.com\/avatar\/73522a2dd213b11f0b52f0825e7e7f227cd70f2ddffa23ca4c41847f57f1076e?s=96&d=mm&r=g","caption":"Micha\u0142 S Kondrak"},"url":"https:\/\/notabene.world\/nb\/author\/michal\/"}]}},"jetpack_featured_media_url":"https:\/\/i0.wp.com\/notabene.world\/nb\/wp-content\/uploads\/2022\/02\/ferd3.jpg?fit=800%2C445&ssl=1","jetpack_sharing_enabled":true,"jetpack_shortlink":"https:\/\/wp.me\/pdCobN-LQ","_links":{"self":[{"href":"https:\/\/notabene.world\/nb\/wp-json\/wp\/v2\/posts\/2966","targetHints":{"allow":["GET"]}}],"collection":[{"href":"https:\/\/notabene.world\/nb\/wp-json\/wp\/v2\/posts"}],"about":[{"href":"https:\/\/notabene.world\/nb\/wp-json\/wp\/v2\/types\/post"}],"author":[{"embeddable":true,"href":"https:\/\/notabene.world\/nb\/wp-json\/wp\/v2\/users\/2"}],"replies":[{"embeddable":true,"href":"https:\/\/notabene.world\/nb\/wp-json\/wp\/v2\/comments?post=2966"}],"version-history":[{"count":3,"href":"https:\/\/notabene.world\/nb\/wp-json\/wp\/v2\/posts\/2966\/revisions"}],"predecessor-version":[{"id":2989,"href":"https:\/\/notabene.world\/nb\/wp-json\/wp\/v2\/posts\/2966\/revisions\/2989"}],"wp:featuredmedia":[{"embeddable":true,"href":"https:\/\/notabene.world\/nb\/wp-json\/wp\/v2\/media\/2995"}],"wp:attachment":[{"href":"https:\/\/notabene.world\/nb\/wp-json\/wp\/v2\/media?parent=2966"}],"wp:term":[{"taxonomy":"category","embeddable":true,"href":"https:\/\/notabene.world\/nb\/wp-json\/wp\/v2\/categories?post=2966"},{"taxonomy":"post_tag","embeddable":true,"href":"https:\/\/notabene.world\/nb\/wp-json\/wp\/v2\/tags?post=2966"}],"curies":[{"name":"wp","href":"https:\/\/api.w.org\/{rel}","templated":true}]}}