{"id":2998,"date":"2022-02-24T08:06:52","date_gmt":"2022-02-24T07:06:52","guid":{"rendered":"https:\/\/notabene.world\/nb\/?p=2998"},"modified":"2022-03-19T20:36:01","modified_gmt":"2022-03-19T19:36:01","slug":"putin-zaczal-wojne","status":"publish","type":"post","link":"https:\/\/notabene.world\/nb\/putin-zaczal-wojne\/","title":{"rendered":"Putin zacz\u0105\u0142 wojn\u0119"},"content":{"rendered":"\n<p class=\"has-drop-cap\">Ciemny scenariusz, kt\u00f3ry  przewidywa\u0142 prezydent USA, zaczyna si\u0119 spe\u0142nia\u0107. Po zako\u0144czeniu IO w Pekinie nie trzeba by\u0142o d\u0142ugo czeka\u0107, aby W\u0142adimir Putin zdecydowa\u0142 si\u0119 na pierwszy krok w stron\u0119 wojny. Rosja odpali\u0142a pociski manewruj\u0105ce na ukrai\u0144skie miasta. W najbli\u017cszym czasie ma rozpocz\u0105\u0107 si\u0119 ofensywa l\u0105dowa. &#8211; Putin z premedytacj\u0105 wybra\u0142 wojn\u0119. \u015awiat z tego Rosj\u0119 rozliczy &#8211; zapewnia Joe Biden.<\/p>\n\n\n\n<p>Wojna mi\u0119dzy Rosj\u0105 a Ukrain\u0105 sta\u0142a si\u0119 faktem. W czwartek &nbsp;po&nbsp;godzinie 5 rano armia rosyjska zaatakowa\u0142a w kilku miejscach r\u00f3wnocze\u015bnie. Ukrai\u0144skie si\u0142y zbrojne opublikowa\u0142y o\u015bwiadczenie, \u017ce rosyjskie wojsko rozpocz\u0119\u0142o \u201eintensywny ostrza\u0142\u201d na wschodzie kraju. Rosja przeprowadzi\u0142a r\u00f3wnie\u017c ataki  na lotnisko Boryspol pod Kijowem i kilka innych lotnisk. Jak dodano, ukrai\u0144skie si\u0142y powietrzne odpieraj\u0105 atak lotniczy ze strony Rosji. W o\u015bwiadczeniu zdementowano doniesienia o rosyjskich spadochroniarzach w po\u0142udniowym porcie Odessy. Jak si\u0119 okaza\u0142o, wojska bia\u0142oruskie r\u00f3wnie\u017c wesz\u0142y na terytorium Ukrainy, przekraczaj\u0105c przej\u015bcie graniczne w Senkiwce w obwodzie czernichowskim. Departament Obrony USA \u015bledzi zg\u0142oszone wtargni\u0119cie wojsk z Bia\u0142orusi na Ukrain\u0119, poinformowa\u0142 anonimowo w czwartek ameryka\u0144ski urz\u0119dnik. <\/p>\n\n\n\n<div class=\"wp-block-image\"><figure class=\"aligncenter size-full\"><img data-recalc-dims=\"1\" loading=\"lazy\" decoding=\"async\" width=\"626\" height=\"641\" src=\"https:\/\/i0.wp.com\/notabene.world\/nb\/wp-content\/uploads\/2022\/02\/image1.jpeg?resize=626%2C641&#038;ssl=1\" alt=\"\" class=\"wp-image-3002\" srcset=\"https:\/\/i0.wp.com\/notabene.world\/nb\/wp-content\/uploads\/2022\/02\/image1.jpeg?w=626&amp;ssl=1 626w, https:\/\/i0.wp.com\/notabene.world\/nb\/wp-content\/uploads\/2022\/02\/image1.jpeg?resize=293%2C300&amp;ssl=1 293w\" sizes=\"auto, (max-width: 626px) 100vw, 626px\" \/><\/figure><\/div>\n\n\n\n<p>Czego mo\u017cemy spodziewa\u0107 si\u0119 dalej? Jaki b\u0119dzie nast\u0119pny ruch nieprzewidywalnego Putina? Co zamierza NATO?  &#8211; pytania tego typu na pewno kr\u0105\u017c\u0105 po g\u0142owie niejednej osoby. Na razie wiemy, \u017ce o godzinie 8.00 w BBN odb\u0119dzie si\u0119 narada Prezydenta Andrzeja Dudy z rz\u0105dem, dow\u00f3dcami Si\u0142 Zbrojnych RP oraz szefami s\u0142u\u017cb specjalnych. <\/p>\n\n\n\n<div class=\"wp-block-image\"><figure class=\"aligncenter size-full\"><img data-recalc-dims=\"1\" loading=\"lazy\" decoding=\"async\" width=\"581\" height=\"338\" src=\"https:\/\/i0.wp.com\/notabene.world\/nb\/wp-content\/uploads\/2022\/02\/image0.jpeg?resize=581%2C338&#038;ssl=1\" alt=\"\" class=\"wp-image-3001\" srcset=\"https:\/\/i0.wp.com\/notabene.world\/nb\/wp-content\/uploads\/2022\/02\/image0.jpeg?w=581&amp;ssl=1 581w, https:\/\/i0.wp.com\/notabene.world\/nb\/wp-content\/uploads\/2022\/02\/image0.jpeg?resize=300%2C175&amp;ssl=1 300w\" sizes=\"auto, (max-width: 581px) 100vw, 581px\" \/><\/figure><\/div>\n\n\n\n<p>Na t\u0119 chwil\u0119 pozostaje nam czeka\u0107 i obserwowa\u0107 dalszy rozw\u00f3j tej nieciekawej sytuacji i oczywi\u015bcie mie\u0107 nadziej\u0119, \u017ce sko\u0144czy si\u0119 w najlepszy dla nas spos\u00f3b.<\/p>\n","protected":false},"excerpt":{"rendered":"<p>Ciemny scenariusz, kt\u00f3ry  przewidywa\u0142 prezydent USA, zaczyna si\u0119 spe\u0142nia\u0107. Po zako\u0144czeniu IO w Pekinie nie trzeba by\u0142o d\u0142ugo czeka\u0107, aby W\u0142adimir Putin zdecydowa\u0142 si\u0119 na pierwszy krok w stron\u0119 wojny. Rosja odpali\u0142a pociski manewruj\u0105ce na ukrai\u0144skie miasta. W najbli\u017cszym czasie ma rozpocz\u0105\u0107 si\u0119 ofensywa l\u0105dowa. &#8211; Putin z premedytacj\u0105 wybra\u0142 wojn\u0119. \u015awiat z tego Rosj\u0119 rozliczy &#8211; zapewnia Joe Biden.<\/p>\n","protected":false},"author":20,"featured_media":3011,"comment_status":"closed","ping_status":"closed","sticky":false,"template":"","format":"standard","meta":{"colormag_page_container_layout":"default_layout","colormag_page_sidebar_layout":"default_layout","_jetpack_memberships_contains_paid_content":false,"footnotes":"","_links_to":"","_links_to_target":""},"categories":[12,8],"tags":[90,134],"class_list":["post-2998","post","type-post","status-publish","format-standard","has-post-thumbnail","hentry","category-spoleczenstwo","category-polityka","tag-polityka","tag-wojna"],"yoast_head":"<!-- This site is optimized with the Yoast SEO plugin v27.4 - https:\/\/yoast.com\/product\/yoast-seo-wordpress\/ -->\n<title>Putin zacz\u0105\u0142 wojn\u0119 - NOTABENE.WORLD<\/title>\n<meta name=\"robots\" content=\"index, follow, max-snippet:-1, max-image-preview:large, max-video-preview:-1\" \/>\n<link rel=\"canonical\" href=\"https:\/\/notabene.world\/nb\/putin-zaczal-wojne\/\" \/>\n<meta property=\"og:locale\" content=\"pl_PL\" \/>\n<meta property=\"og:type\" content=\"article\" \/>\n<meta property=\"og:title\" content=\"Putin zacz\u0105\u0142 wojn\u0119 - NOTABENE.WORLD\" \/>\n<meta property=\"og:description\" content=\"Ciemny scenariusz, kt\u00f3ry przewidywa\u0142 prezydent USA, zaczyna si\u0119 spe\u0142nia\u0107. Po zako\u0144czeniu IO w Pekinie nie trzeba by\u0142o d\u0142ugo czeka\u0107, aby W\u0142adimir Putin zdecydowa\u0142 si\u0119 na pierwszy krok w stron\u0119 wojny. Rosja odpali\u0142a pociski manewruj\u0105ce na ukrai\u0144skie miasta. W najbli\u017cszym czasie ma rozpocz\u0105\u0107 si\u0119 ofensywa l\u0105dowa. - Putin z premedytacj\u0105 wybra\u0142 wojn\u0119. \u015awiat z tego Rosj\u0119 rozliczy - zapewnia Joe Biden.\" \/>\n<meta property=\"og:url\" content=\"https:\/\/notabene.world\/nb\/putin-zaczal-wojne\/\" \/>\n<meta property=\"og:site_name\" content=\"NOTABENE.WORLD\" \/>\n<meta property=\"article:publisher\" content=\"https:\/\/www.facebook.com\/Notabene.World\" \/>\n<meta property=\"article:published_time\" content=\"2022-02-24T07:06:52+00:00\" \/>\n<meta property=\"article:modified_time\" content=\"2022-03-19T19:36:01+00:00\" \/>\n<meta property=\"og:image\" content=\"https:\/\/notabene.world\/nb\/wp-content\/uploads\/2022\/02\/ukr.jpg\" \/>\n\t<meta property=\"og:image:width\" content=\"800\" \/>\n\t<meta property=\"og:image:height\" content=\"445\" \/>\n\t<meta property=\"og:image:type\" content=\"image\/jpeg\" \/>\n<meta name=\"author\" content=\"Julia Piasecka\" \/>\n<meta name=\"twitter:card\" content=\"summary_large_image\" \/>\n<meta name=\"twitter:label1\" content=\"Napisane przez\" \/>\n\t<meta name=\"twitter:data1\" content=\"Julia Piasecka\" \/>\n\t<meta name=\"twitter:label2\" content=\"Szacowany czas czytania\" \/>\n\t<meta name=\"twitter:data2\" content=\"2 minuty\" \/>\n<script type=\"application\/ld+json\" class=\"yoast-schema-graph\">{\"@context\":\"https:\\\/\\\/schema.org\",\"@graph\":[{\"@type\":\"Article\",\"@id\":\"https:\\\/\\\/notabene.world\\\/nb\\\/putin-zaczal-wojne\\\/#article\",\"isPartOf\":{\"@id\":\"https:\\\/\\\/notabene.world\\\/nb\\\/putin-zaczal-wojne\\\/\"},\"author\":{\"name\":\"Julia Piasecka\",\"@id\":\"https:\\\/\\\/notabene.world\\\/nb\\\/#\\\/schema\\\/person\\\/825e898a6b9538de96e67bb72d86be15\"},\"headline\":\"Putin zacz\u0105\u0142 wojn\u0119\",\"datePublished\":\"2022-02-24T07:06:52+00:00\",\"dateModified\":\"2022-03-19T19:36:01+00:00\",\"mainEntityOfPage\":{\"@id\":\"https:\\\/\\\/notabene.world\\\/nb\\\/putin-zaczal-wojne\\\/\"},\"wordCount\":294,\"publisher\":{\"@id\":\"https:\\\/\\\/notabene.world\\\/nb\\\/#organization\"},\"image\":{\"@id\":\"https:\\\/\\\/notabene.world\\\/nb\\\/putin-zaczal-wojne\\\/#primaryimage\"},\"thumbnailUrl\":\"https:\\\/\\\/i0.wp.com\\\/notabene.world\\\/nb\\\/wp-content\\\/uploads\\\/2022\\\/02\\\/ukr.jpg?fit=800%2C445&ssl=1\",\"keywords\":[\"#polityka\",\"#wojna\"],\"articleSection\":[\"Nasz \u015awiat\",\"Polityka\"],\"inLanguage\":\"pl-PL\"},{\"@type\":\"WebPage\",\"@id\":\"https:\\\/\\\/notabene.world\\\/nb\\\/putin-zaczal-wojne\\\/\",\"url\":\"https:\\\/\\\/notabene.world\\\/nb\\\/putin-zaczal-wojne\\\/\",\"name\":\"Putin zacz\u0105\u0142 wojn\u0119 - NOTABENE.WORLD\",\"isPartOf\":{\"@id\":\"https:\\\/\\\/notabene.world\\\/nb\\\/#website\"},\"primaryImageOfPage\":{\"@id\":\"https:\\\/\\\/notabene.world\\\/nb\\\/putin-zaczal-wojne\\\/#primaryimage\"},\"image\":{\"@id\":\"https:\\\/\\\/notabene.world\\\/nb\\\/putin-zaczal-wojne\\\/#primaryimage\"},\"thumbnailUrl\":\"https:\\\/\\\/i0.wp.com\\\/notabene.world\\\/nb\\\/wp-content\\\/uploads\\\/2022\\\/02\\\/ukr.jpg?fit=800%2C445&ssl=1\",\"datePublished\":\"2022-02-24T07:06:52+00:00\",\"dateModified\":\"2022-03-19T19:36:01+00:00\",\"breadcrumb\":{\"@id\":\"https:\\\/\\\/notabene.world\\\/nb\\\/putin-zaczal-wojne\\\/#breadcrumb\"},\"inLanguage\":\"pl-PL\",\"potentialAction\":[{\"@type\":\"ReadAction\",\"target\":[\"https:\\\/\\\/notabene.world\\\/nb\\\/putin-zaczal-wojne\\\/\"]}]},{\"@type\":\"ImageObject\",\"inLanguage\":\"pl-PL\",\"@id\":\"https:\\\/\\\/notabene.world\\\/nb\\\/putin-zaczal-wojne\\\/#primaryimage\",\"url\":\"https:\\\/\\\/i0.wp.com\\\/notabene.world\\\/nb\\\/wp-content\\\/uploads\\\/2022\\\/02\\\/ukr.jpg?fit=800%2C445&ssl=1\",\"contentUrl\":\"https:\\\/\\\/i0.wp.com\\\/notabene.world\\\/nb\\\/wp-content\\\/uploads\\\/2022\\\/02\\\/ukr.jpg?fit=800%2C445&ssl=1\",\"width\":800,\"height\":445},{\"@type\":\"BreadcrumbList\",\"@id\":\"https:\\\/\\\/notabene.world\\\/nb\\\/putin-zaczal-wojne\\\/#breadcrumb\",\"itemListElement\":[{\"@type\":\"ListItem\",\"position\":1,\"name\":\"Home\",\"item\":\"https:\\\/\\\/notabene.world\\\/nb\\\/\"},{\"@type\":\"ListItem\",\"position\":2,\"name\":\"Putin zacz\u0105\u0142 wojn\u0119\"}]},{\"@type\":\"WebSite\",\"@id\":\"https:\\\/\\\/notabene.world\\\/nb\\\/#website\",\"url\":\"https:\\\/\\\/notabene.world\\\/nb\\\/\",\"name\":\"NOTABENE.WORLD\",\"description\":\"Przekaz. Warto\u015bci. Wsp\u00f3lnota.\",\"publisher\":{\"@id\":\"https:\\\/\\\/notabene.world\\\/nb\\\/#organization\"},\"potentialAction\":[{\"@type\":\"SearchAction\",\"target\":{\"@type\":\"EntryPoint\",\"urlTemplate\":\"https:\\\/\\\/notabene.world\\\/nb\\\/?s={search_term_string}\"},\"query-input\":{\"@type\":\"PropertyValueSpecification\",\"valueRequired\":true,\"valueName\":\"search_term_string\"}}],\"inLanguage\":\"pl-PL\"},{\"@type\":\"Organization\",\"@id\":\"https:\\\/\\\/notabene.world\\\/nb\\\/#organization\",\"name\":\"NOTABENE.WORLD\",\"url\":\"https:\\\/\\\/notabene.world\\\/nb\\\/\",\"logo\":{\"@type\":\"ImageObject\",\"inLanguage\":\"pl-PL\",\"@id\":\"https:\\\/\\\/notabene.world\\\/nb\\\/#\\\/schema\\\/logo\\\/image\\\/\",\"url\":\"https:\\\/\\\/notabene.world\\\/nb\\\/wp-content\\\/uploads\\\/2022\\\/01\\\/NB-club-start-www1.jpg\",\"contentUrl\":\"https:\\\/\\\/notabene.world\\\/nb\\\/wp-content\\\/uploads\\\/2022\\\/01\\\/NB-club-start-www1.jpg\",\"width\":1000,\"height\":839,\"caption\":\"NOTABENE.WORLD\"},\"image\":{\"@id\":\"https:\\\/\\\/notabene.world\\\/nb\\\/#\\\/schema\\\/logo\\\/image\\\/\"},\"sameAs\":[\"https:\\\/\\\/www.facebook.com\\\/Notabene.World\"]},{\"@type\":\"Person\",\"@id\":\"https:\\\/\\\/notabene.world\\\/nb\\\/#\\\/schema\\\/person\\\/825e898a6b9538de96e67bb72d86be15\",\"name\":\"Julia Piasecka\",\"image\":{\"@type\":\"ImageObject\",\"inLanguage\":\"pl-PL\",\"@id\":\"https:\\\/\\\/secure.gravatar.com\\\/avatar\\\/8cdbdd4ab66b28acbd2c30a91bc2d76052755817b6c6a0bbf9f5a1615ffaf4d0?s=96&d=mm&r=g\",\"url\":\"https:\\\/\\\/secure.gravatar.com\\\/avatar\\\/8cdbdd4ab66b28acbd2c30a91bc2d76052755817b6c6a0bbf9f5a1615ffaf4d0?s=96&d=mm&r=g\",\"contentUrl\":\"https:\\\/\\\/secure.gravatar.com\\\/avatar\\\/8cdbdd4ab66b28acbd2c30a91bc2d76052755817b6c6a0bbf9f5a1615ffaf4d0?s=96&d=mm&r=g\",\"caption\":\"Julia Piasecka\"},\"url\":\"https:\\\/\\\/notabene.world\\\/nb\\\/author\\\/j-p\\\/\"}]}<\/script>\n<!-- \/ Yoast SEO plugin. -->","yoast_head_json":{"title":"Putin zacz\u0105\u0142 wojn\u0119 - NOTABENE.WORLD","robots":{"index":"index","follow":"follow","max-snippet":"max-snippet:-1","max-image-preview":"max-image-preview:large","max-video-preview":"max-video-preview:-1"},"canonical":"https:\/\/notabene.world\/nb\/putin-zaczal-wojne\/","og_locale":"pl_PL","og_type":"article","og_title":"Putin zacz\u0105\u0142 wojn\u0119 - NOTABENE.WORLD","og_description":"Ciemny scenariusz, kt\u00f3ry przewidywa\u0142 prezydent USA, zaczyna si\u0119 spe\u0142nia\u0107. Po zako\u0144czeniu IO w Pekinie nie trzeba by\u0142o d\u0142ugo czeka\u0107, aby W\u0142adimir Putin zdecydowa\u0142 si\u0119 na pierwszy krok w stron\u0119 wojny. Rosja odpali\u0142a pociski manewruj\u0105ce na ukrai\u0144skie miasta. W najbli\u017cszym czasie ma rozpocz\u0105\u0107 si\u0119 ofensywa l\u0105dowa. - Putin z premedytacj\u0105 wybra\u0142 wojn\u0119. \u015awiat z tego Rosj\u0119 rozliczy - zapewnia Joe Biden.","og_url":"https:\/\/notabene.world\/nb\/putin-zaczal-wojne\/","og_site_name":"NOTABENE.WORLD","article_publisher":"https:\/\/www.facebook.com\/Notabene.World","article_published_time":"2022-02-24T07:06:52+00:00","article_modified_time":"2022-03-19T19:36:01+00:00","og_image":[{"width":800,"height":445,"url":"https:\/\/notabene.world\/nb\/wp-content\/uploads\/2022\/02\/ukr.jpg","type":"image\/jpeg"}],"author":"Julia Piasecka","twitter_card":"summary_large_image","twitter_misc":{"Napisane przez":"Julia Piasecka","Szacowany czas czytania":"2 minuty"},"schema":{"@context":"https:\/\/schema.org","@graph":[{"@type":"Article","@id":"https:\/\/notabene.world\/nb\/putin-zaczal-wojne\/#article","isPartOf":{"@id":"https:\/\/notabene.world\/nb\/putin-zaczal-wojne\/"},"author":{"name":"Julia Piasecka","@id":"https:\/\/notabene.world\/nb\/#\/schema\/person\/825e898a6b9538de96e67bb72d86be15"},"headline":"Putin zacz\u0105\u0142 wojn\u0119","datePublished":"2022-02-24T07:06:52+00:00","dateModified":"2022-03-19T19:36:01+00:00","mainEntityOfPage":{"@id":"https:\/\/notabene.world\/nb\/putin-zaczal-wojne\/"},"wordCount":294,"publisher":{"@id":"https:\/\/notabene.world\/nb\/#organization"},"image":{"@id":"https:\/\/notabene.world\/nb\/putin-zaczal-wojne\/#primaryimage"},"thumbnailUrl":"https:\/\/i0.wp.com\/notabene.world\/nb\/wp-content\/uploads\/2022\/02\/ukr.jpg?fit=800%2C445&ssl=1","keywords":["#polityka","#wojna"],"articleSection":["Nasz \u015awiat","Polityka"],"inLanguage":"pl-PL"},{"@type":"WebPage","@id":"https:\/\/notabene.world\/nb\/putin-zaczal-wojne\/","url":"https:\/\/notabene.world\/nb\/putin-zaczal-wojne\/","name":"Putin zacz\u0105\u0142 wojn\u0119 - NOTABENE.WORLD","isPartOf":{"@id":"https:\/\/notabene.world\/nb\/#website"},"primaryImageOfPage":{"@id":"https:\/\/notabene.world\/nb\/putin-zaczal-wojne\/#primaryimage"},"image":{"@id":"https:\/\/notabene.world\/nb\/putin-zaczal-wojne\/#primaryimage"},"thumbnailUrl":"https:\/\/i0.wp.com\/notabene.world\/nb\/wp-content\/uploads\/2022\/02\/ukr.jpg?fit=800%2C445&ssl=1","datePublished":"2022-02-24T07:06:52+00:00","dateModified":"2022-03-19T19:36:01+00:00","breadcrumb":{"@id":"https:\/\/notabene.world\/nb\/putin-zaczal-wojne\/#breadcrumb"},"inLanguage":"pl-PL","potentialAction":[{"@type":"ReadAction","target":["https:\/\/notabene.world\/nb\/putin-zaczal-wojne\/"]}]},{"@type":"ImageObject","inLanguage":"pl-PL","@id":"https:\/\/notabene.world\/nb\/putin-zaczal-wojne\/#primaryimage","url":"https:\/\/i0.wp.com\/notabene.world\/nb\/wp-content\/uploads\/2022\/02\/ukr.jpg?fit=800%2C445&ssl=1","contentUrl":"https:\/\/i0.wp.com\/notabene.world\/nb\/wp-content\/uploads\/2022\/02\/ukr.jpg?fit=800%2C445&ssl=1","width":800,"height":445},{"@type":"BreadcrumbList","@id":"https:\/\/notabene.world\/nb\/putin-zaczal-wojne\/#breadcrumb","itemListElement":[{"@type":"ListItem","position":1,"name":"Home","item":"https:\/\/notabene.world\/nb\/"},{"@type":"ListItem","position":2,"name":"Putin zacz\u0105\u0142 wojn\u0119"}]},{"@type":"WebSite","@id":"https:\/\/notabene.world\/nb\/#website","url":"https:\/\/notabene.world\/nb\/","name":"NOTABENE.WORLD","description":"Przekaz. Warto\u015bci. Wsp\u00f3lnota.","publisher":{"@id":"https:\/\/notabene.world\/nb\/#organization"},"potentialAction":[{"@type":"SearchAction","target":{"@type":"EntryPoint","urlTemplate":"https:\/\/notabene.world\/nb\/?s={search_term_string}"},"query-input":{"@type":"PropertyValueSpecification","valueRequired":true,"valueName":"search_term_string"}}],"inLanguage":"pl-PL"},{"@type":"Organization","@id":"https:\/\/notabene.world\/nb\/#organization","name":"NOTABENE.WORLD","url":"https:\/\/notabene.world\/nb\/","logo":{"@type":"ImageObject","inLanguage":"pl-PL","@id":"https:\/\/notabene.world\/nb\/#\/schema\/logo\/image\/","url":"https:\/\/notabene.world\/nb\/wp-content\/uploads\/2022\/01\/NB-club-start-www1.jpg","contentUrl":"https:\/\/notabene.world\/nb\/wp-content\/uploads\/2022\/01\/NB-club-start-www1.jpg","width":1000,"height":839,"caption":"NOTABENE.WORLD"},"image":{"@id":"https:\/\/notabene.world\/nb\/#\/schema\/logo\/image\/"},"sameAs":["https:\/\/www.facebook.com\/Notabene.World"]},{"@type":"Person","@id":"https:\/\/notabene.world\/nb\/#\/schema\/person\/825e898a6b9538de96e67bb72d86be15","name":"Julia Piasecka","image":{"@type":"ImageObject","inLanguage":"pl-PL","@id":"https:\/\/secure.gravatar.com\/avatar\/8cdbdd4ab66b28acbd2c30a91bc2d76052755817b6c6a0bbf9f5a1615ffaf4d0?s=96&d=mm&r=g","url":"https:\/\/secure.gravatar.com\/avatar\/8cdbdd4ab66b28acbd2c30a91bc2d76052755817b6c6a0bbf9f5a1615ffaf4d0?s=96&d=mm&r=g","contentUrl":"https:\/\/secure.gravatar.com\/avatar\/8cdbdd4ab66b28acbd2c30a91bc2d76052755817b6c6a0bbf9f5a1615ffaf4d0?s=96&d=mm&r=g","caption":"Julia Piasecka"},"url":"https:\/\/notabene.world\/nb\/author\/j-p\/"}]}},"jetpack_featured_media_url":"https:\/\/i0.wp.com\/notabene.world\/nb\/wp-content\/uploads\/2022\/02\/ukr.jpg?fit=800%2C445&ssl=1","jetpack_sharing_enabled":true,"jetpack_shortlink":"https:\/\/wp.me\/pdCobN-Mm","_links":{"self":[{"href":"https:\/\/notabene.world\/nb\/wp-json\/wp\/v2\/posts\/2998","targetHints":{"allow":["GET"]}}],"collection":[{"href":"https:\/\/notabene.world\/nb\/wp-json\/wp\/v2\/posts"}],"about":[{"href":"https:\/\/notabene.world\/nb\/wp-json\/wp\/v2\/types\/post"}],"author":[{"embeddable":true,"href":"https:\/\/notabene.world\/nb\/wp-json\/wp\/v2\/users\/20"}],"replies":[{"embeddable":true,"href":"https:\/\/notabene.world\/nb\/wp-json\/wp\/v2\/comments?post=2998"}],"version-history":[{"count":5,"href":"https:\/\/notabene.world\/nb\/wp-json\/wp\/v2\/posts\/2998\/revisions"}],"predecessor-version":[{"id":3106,"href":"https:\/\/notabene.world\/nb\/wp-json\/wp\/v2\/posts\/2998\/revisions\/3106"}],"wp:featuredmedia":[{"embeddable":true,"href":"https:\/\/notabene.world\/nb\/wp-json\/wp\/v2\/media\/3011"}],"wp:attachment":[{"href":"https:\/\/notabene.world\/nb\/wp-json\/wp\/v2\/media?parent=2998"}],"wp:term":[{"taxonomy":"category","embeddable":true,"href":"https:\/\/notabene.world\/nb\/wp-json\/wp\/v2\/categories?post=2998"},{"taxonomy":"post_tag","embeddable":true,"href":"https:\/\/notabene.world\/nb\/wp-json\/wp\/v2\/tags?post=2998"}],"curies":[{"name":"wp","href":"https:\/\/api.w.org\/{rel}","templated":true}]}}