{"id":3089,"date":"2022-02-27T23:00:00","date_gmt":"2022-02-27T22:00:00","guid":{"rendered":"https:\/\/notabene.world\/nb\/?p=3089"},"modified":"2022-03-07T08:18:58","modified_gmt":"2022-03-07T07:18:58","slug":"stanal-w-ogniu-nasz-wielki-dom","status":"publish","type":"post","link":"https:\/\/notabene.world\/nb\/stanal-w-ogniu-nasz-wielki-dom\/","title":{"rendered":"Stan\u0105\u0142 w ogniu nasz wielki dom&#8230;"},"content":{"rendered":"\n<p><em><strong>&#8222;Stan\u0105\u0142 w ogniu nasz wielki dom, dom dla psychicznie i nerwowo chorych&#8230;&#8221; (Jacek Kaczmarski)<\/strong><\/em><\/p>\n\n\n\n<p class=\"has-drop-cap\">Czy ta diagnoza nie jest przesadzona? &#8211; m\u00f3g\u0142by kto\u015b zapyta\u0107. Odpowied\u017a na pytanie te\u017c nie wydaje si\u0119 oczywista, ale mo\u017cemy wskaza\u0107 wiele przes\u0142anek, kt\u00f3re potwierdzaj\u0105 jej trafno\u015b\u0107. Trwaj\u0105ca od kilku dni wojna na Ukrainie wywo\u0142a\u0142a w polskim spo\u0142ecze\u0144stwie erupcj\u0119 r\u00f3\u017cnych emocji. Przewa\u017caj\u0105 te wskazuj\u0105ce na solidarno\u015b\u0107 z narodem, kt\u00f3ry zaciekle stawia op\u00f3r naje\u017ad\u017acy. Szcz\u0119\u015bliwie przewa\u017caj\u0105. To, co raczej umyka tzw. \u201emainstreamowi\u201d to postawa i publiczne deklaracje os\u00f3b, kt\u00f3re, zar\u00f3wno w przeddzie\u0144 rosyjskiej agresji, jak i obecnie, kiedy sta\u0142a si\u0119 ona faktem, pouczaj\u0105 swych rodak\u00f3w o tym, jak bardzo Ukrai\u0144com nie nale\u017cy ufa\u0107, bo przecie\u017c s\u0105 odpowiedzialni za zbrodnie przeciw Polakom\u2026 <\/p>\n\n\n\n<p>To, \u017ce chodzi o niekwestionowane zbrodnie sprzed 80 lat wskazuje, \u017ce oczywi\u015bcie o nich nie zapominamy, ale jako\u015b nie potrafimy jednocze\u015bnie zastanowi\u0107 si\u0119 nad stopniem odpowiedzialno\u015bci obecnie \u017cyj\u0105cych Ukrai\u0144c\u00f3w za to, co uczynili cz\u0142onkowie UPA i OUN np. naszym rodakom na Wo\u0142yniu. Owszem, ich przyw\u00f3dcy odpowiadaj\u0105 za brak rzeczywistego, historycznego rozliczenia z tym ludob\u00f3jstwem. Za kult Bandery czy raczej za przyzwolenie na jego funkcjonowanie, tak\u017ce. Czy jednak to oznacza, \u017ce wszyscy Ukrai\u0144cy s\u0105 ow\u0142adni\u0119ci tym samym pragnieniem \u201eriezania Lach\u00f3w\u201d, jak ich dziadowie? Powy\u017csze pytanie zabrzmia\u0142o zapewne dla wielu do\u015b\u0107 dziwnie, ale w\u0142a\u015bnie takimi argumentami pos\u0142uguj\u0105 si\u0119 osoby, kt\u00f3re uwa\u017caj\u0105, i\u017c popieranie strony ukrai\u0144skiej, przyjmowanie uchod\u017ac\u00f3w wojennych itp. s\u0105 dzia\u0142aniami, co najmniej nierozs\u0105dnymi\u2026 Wzi\u0105wszy pod uwag\u0119 liczb\u0119 Ukrai\u0144c\u00f3w pracuj\u0105cych lub ucz\u0105cych si\u0119 w Polsce przed rozpocz\u0119ciem dzia\u0142a\u0144 wojennych, ich pracodawcy lub nauczyciele mogliby zapewne okre\u015bli\u0107 prawdopodobie\u0144stwo powt\u00f3rki wo\u0142y\u0144skiego scenariusza\u2026 Zmierzajmy jednak w bardziej racjonalnym kierunku.&nbsp;<\/p>\n\n\n\n<p>Wklejenie flagi ukrai\u0144skiej na zdj\u0119cie profilowe na Facebooku z pewno\u015bci\u0105 nie jest \u017cadnym gestem realnego poparcia dla narodu walcz\u0105cego z rosyjsk\u0105 inwazj\u0105. Jest jednak sygna\u0142em, chocia\u017cby umo\u017cliwiaj\u0105cym stwierdzenie, jak bardzo powszechna jest identyfikacja z cierpieniem i b\u00f3lem, kt\u00f3rego do\u015bwiadczaj\u0105 zaatakowani. Nie oni s\u0105 agresorem i nie oni byli dla naszego kraju jakimkolwiek zagro\u017ceniem w ci\u0105gu tych wszystkich lat niezale\u017cnego, pa\u0144stwowego bytu Ukrainy. Tym, kt\u00f3rzy lubi\u0105 liczy\u0107 rachunki krzywd, mo\u017ce nale\u017ca\u0142oby przypomnie\u0107 do czego niegdy\u015b doprowadzi\u0142a nadzwyczaj umiej\u0119tna polityka Rzeczypospolitej wobec Kozak\u00f3w lub na czym wyros\u0142y fortuny kresowej magnaterii\u2026 <\/p>\n\n\n\n<p>Mam na my\u015bli rzeczow\u0105 ocen\u0119 reali\u00f3w a nie przekaz mitologiczny. Je\u015bli mieliby\u015bmy dokonywa\u0107 historycznego rozrachunku, nie czy\u0144my tego zaw\u0119\u017caj\u0105c perspektyw\u0119 do pami\u0119ci zdarze\u0144 z okresu II wojny \u015bwiatowej, bo dramat\u00f3w, w kt\u00f3rych jako nar\u00f3d wcale nie wypadamy idealnie, mo\u017cna by przytoczy\u0107 wiele. Czy kiedykolwiek b\u0119dziemy w stanie nauczy\u0107 si\u0119 oddziela\u0107 pami\u0119\u0107 i potrzeb\u0119 jej piel\u0119gnowania od niech\u0119ci, ksenofobii czy wr\u0119cz nienawi\u015bci? W\u0105tpi\u0119. Mog\u0119 jedynie liczy\u0107, \u017ce pozytywne emocje wobec tych, kt\u00f3rzy ewidentnie s\u0105 pokrzywdzeni przez zaistnia\u0142e i niezawinione przez nich okoliczno\u015bci b\u0119d\u0105 zawsze w takiej przewadze, jak\u0105 wida\u0107 w ostatnich kilku dniach.&nbsp;<\/p>\n","protected":false},"excerpt":{"rendered":"<p>&#8222;Stan\u0105\u0142 w ogniu nasz wielki dom, dom dla psychicznie i nerwowo chorych&#8230;&#8221; (Jacek Kaczmarski)<br \/>\nCzy ta diagnoza nie jest przesadzona? &#8211; m\u00f3g\u0142by kto\u015b zapyta\u0107. Odpowied\u017a na pytanie te\u017c nie wydaje si\u0119 oczywista, ale mo\u017cemy wskaza\u0107 wiele przes\u0142anek, kt\u00f3re potwierdzaj\u0105 jej trafno\u015b\u0107. Trwaj\u0105ca od kilku dni wojna na Ukrainie wywo\u0142a\u0142a w polskim spo\u0142ecze\u0144stwie erupcj\u0119 r\u00f3\u017cnych emocji. Przewa\u017caj\u0105 te wskazuj\u0105ce na solidarno\u015b\u0107 z narodem, kt\u00f3ry zaciekle stawia op\u00f3r naje\u017ad\u017acy. Szcz\u0119\u015bliwie przewa\u017caj\u0105.<\/p>\n","protected":false},"author":34,"featured_media":3100,"comment_status":"closed","ping_status":"closed","sticky":false,"template":"","format":"standard","meta":{"colormag_page_container_layout":"default_layout","colormag_page_sidebar_layout":"default_layout","_jetpack_memberships_contains_paid_content":false,"footnotes":"","_links_to":"","_links_to_target":""},"categories":[42,150],"tags":[],"class_list":["post-3089","post","type-post","status-publish","format-standard","has-post-thumbnail","hentry","category-felietony","category-publicystyka"],"yoast_head":"<!-- This site is optimized with the Yoast SEO plugin v27.4 - https:\/\/yoast.com\/product\/yoast-seo-wordpress\/ -->\n<title>Stan\u0105\u0142 w ogniu nasz wielki dom... - NOTABENE.WORLD<\/title>\n<meta name=\"robots\" content=\"index, follow, max-snippet:-1, max-image-preview:large, max-video-preview:-1\" \/>\n<link rel=\"canonical\" href=\"https:\/\/notabene.world\/nb\/stanal-w-ogniu-nasz-wielki-dom\/\" \/>\n<meta property=\"og:locale\" content=\"pl_PL\" \/>\n<meta property=\"og:type\" content=\"article\" \/>\n<meta property=\"og:title\" content=\"Stan\u0105\u0142 w ogniu nasz wielki dom... - NOTABENE.WORLD\" \/>\n<meta property=\"og:description\" content=\"&quot;Stan\u0105\u0142 w ogniu nasz wielki dom, dom dla psychicznie i nerwowo chorych...&quot; (Jacek Kaczmarski) Czy ta diagnoza nie jest przesadzona? - m\u00f3g\u0142by kto\u015b zapyta\u0107. Odpowied\u017a na pytanie te\u017c nie wydaje si\u0119 oczywista, ale mo\u017cemy wskaza\u0107 wiele przes\u0142anek, kt\u00f3re potwierdzaj\u0105 jej trafno\u015b\u0107. Trwaj\u0105ca od kilku dni wojna na Ukrainie wywo\u0142a\u0142a w polskim spo\u0142ecze\u0144stwie erupcj\u0119 r\u00f3\u017cnych emocji. Przewa\u017caj\u0105 te wskazuj\u0105ce na solidarno\u015b\u0107 z narodem, kt\u00f3ry zaciekle stawia op\u00f3r naje\u017ad\u017acy. Szcz\u0119\u015bliwie przewa\u017caj\u0105.\" \/>\n<meta property=\"og:url\" content=\"https:\/\/notabene.world\/nb\/stanal-w-ogniu-nasz-wielki-dom\/\" \/>\n<meta property=\"og:site_name\" content=\"NOTABENE.WORLD\" \/>\n<meta property=\"article:publisher\" content=\"https:\/\/www.facebook.com\/Notabene.World\" \/>\n<meta property=\"article:published_time\" content=\"2022-02-27T22:00:00+00:00\" \/>\n<meta property=\"article:modified_time\" content=\"2022-03-07T07:18:58+00:00\" \/>\n<meta property=\"og:image\" content=\"https:\/\/notabene.world\/nb\/wp-content\/uploads\/2022\/02\/stwonwd-2.jpg\" \/>\n\t<meta property=\"og:image:width\" content=\"800\" \/>\n\t<meta property=\"og:image:height\" content=\"445\" \/>\n\t<meta property=\"og:image:type\" content=\"image\/jpeg\" \/>\n<meta name=\"author\" content=\"Andrzej Przychodni\" \/>\n<meta name=\"twitter:card\" content=\"summary_large_image\" \/>\n<meta name=\"twitter:label1\" content=\"Napisane przez\" \/>\n\t<meta name=\"twitter:data1\" content=\"Andrzej Przychodni\" \/>\n\t<meta name=\"twitter:label2\" content=\"Szacowany czas czytania\" \/>\n\t<meta name=\"twitter:data2\" content=\"3 minuty\" \/>\n<script type=\"application\/ld+json\" class=\"yoast-schema-graph\">{\"@context\":\"https:\\\/\\\/schema.org\",\"@graph\":[{\"@type\":\"Article\",\"@id\":\"https:\\\/\\\/notabene.world\\\/nb\\\/stanal-w-ogniu-nasz-wielki-dom\\\/#article\",\"isPartOf\":{\"@id\":\"https:\\\/\\\/notabene.world\\\/nb\\\/stanal-w-ogniu-nasz-wielki-dom\\\/\"},\"author\":{\"name\":\"Andrzej Przychodni\",\"@id\":\"https:\\\/\\\/notabene.world\\\/nb\\\/#\\\/schema\\\/person\\\/2b7cad700674930906781d67215bede8\"},\"headline\":\"Stan\u0105\u0142 w ogniu nasz wielki dom&#8230;\",\"datePublished\":\"2022-02-27T22:00:00+00:00\",\"dateModified\":\"2022-03-07T07:18:58+00:00\",\"mainEntityOfPage\":{\"@id\":\"https:\\\/\\\/notabene.world\\\/nb\\\/stanal-w-ogniu-nasz-wielki-dom\\\/\"},\"wordCount\":555,\"publisher\":{\"@id\":\"https:\\\/\\\/notabene.world\\\/nb\\\/#organization\"},\"image\":{\"@id\":\"https:\\\/\\\/notabene.world\\\/nb\\\/stanal-w-ogniu-nasz-wielki-dom\\\/#primaryimage\"},\"thumbnailUrl\":\"https:\\\/\\\/i0.wp.com\\\/notabene.world\\\/nb\\\/wp-content\\\/uploads\\\/2022\\\/02\\\/stwonwd-2.jpg?fit=800%2C445&ssl=1\",\"articleSection\":[\"Felietony\",\"Publicystyka\"],\"inLanguage\":\"pl-PL\"},{\"@type\":\"WebPage\",\"@id\":\"https:\\\/\\\/notabene.world\\\/nb\\\/stanal-w-ogniu-nasz-wielki-dom\\\/\",\"url\":\"https:\\\/\\\/notabene.world\\\/nb\\\/stanal-w-ogniu-nasz-wielki-dom\\\/\",\"name\":\"Stan\u0105\u0142 w ogniu nasz wielki dom... - NOTABENE.WORLD\",\"isPartOf\":{\"@id\":\"https:\\\/\\\/notabene.world\\\/nb\\\/#website\"},\"primaryImageOfPage\":{\"@id\":\"https:\\\/\\\/notabene.world\\\/nb\\\/stanal-w-ogniu-nasz-wielki-dom\\\/#primaryimage\"},\"image\":{\"@id\":\"https:\\\/\\\/notabene.world\\\/nb\\\/stanal-w-ogniu-nasz-wielki-dom\\\/#primaryimage\"},\"thumbnailUrl\":\"https:\\\/\\\/i0.wp.com\\\/notabene.world\\\/nb\\\/wp-content\\\/uploads\\\/2022\\\/02\\\/stwonwd-2.jpg?fit=800%2C445&ssl=1\",\"datePublished\":\"2022-02-27T22:00:00+00:00\",\"dateModified\":\"2022-03-07T07:18:58+00:00\",\"breadcrumb\":{\"@id\":\"https:\\\/\\\/notabene.world\\\/nb\\\/stanal-w-ogniu-nasz-wielki-dom\\\/#breadcrumb\"},\"inLanguage\":\"pl-PL\",\"potentialAction\":[{\"@type\":\"ReadAction\",\"target\":[\"https:\\\/\\\/notabene.world\\\/nb\\\/stanal-w-ogniu-nasz-wielki-dom\\\/\"]}]},{\"@type\":\"ImageObject\",\"inLanguage\":\"pl-PL\",\"@id\":\"https:\\\/\\\/notabene.world\\\/nb\\\/stanal-w-ogniu-nasz-wielki-dom\\\/#primaryimage\",\"url\":\"https:\\\/\\\/i0.wp.com\\\/notabene.world\\\/nb\\\/wp-content\\\/uploads\\\/2022\\\/02\\\/stwonwd-2.jpg?fit=800%2C445&ssl=1\",\"contentUrl\":\"https:\\\/\\\/i0.wp.com\\\/notabene.world\\\/nb\\\/wp-content\\\/uploads\\\/2022\\\/02\\\/stwonwd-2.jpg?fit=800%2C445&ssl=1\",\"width\":800,\"height\":445},{\"@type\":\"BreadcrumbList\",\"@id\":\"https:\\\/\\\/notabene.world\\\/nb\\\/stanal-w-ogniu-nasz-wielki-dom\\\/#breadcrumb\",\"itemListElement\":[{\"@type\":\"ListItem\",\"position\":1,\"name\":\"Home\",\"item\":\"https:\\\/\\\/notabene.world\\\/nb\\\/\"},{\"@type\":\"ListItem\",\"position\":2,\"name\":\"Stan\u0105\u0142 w ogniu nasz wielki dom&#8230;\"}]},{\"@type\":\"WebSite\",\"@id\":\"https:\\\/\\\/notabene.world\\\/nb\\\/#website\",\"url\":\"https:\\\/\\\/notabene.world\\\/nb\\\/\",\"name\":\"NOTABENE.WORLD\",\"description\":\"Przekaz. Warto\u015bci. Wsp\u00f3lnota.\",\"publisher\":{\"@id\":\"https:\\\/\\\/notabene.world\\\/nb\\\/#organization\"},\"potentialAction\":[{\"@type\":\"SearchAction\",\"target\":{\"@type\":\"EntryPoint\",\"urlTemplate\":\"https:\\\/\\\/notabene.world\\\/nb\\\/?s={search_term_string}\"},\"query-input\":{\"@type\":\"PropertyValueSpecification\",\"valueRequired\":true,\"valueName\":\"search_term_string\"}}],\"inLanguage\":\"pl-PL\"},{\"@type\":\"Organization\",\"@id\":\"https:\\\/\\\/notabene.world\\\/nb\\\/#organization\",\"name\":\"NOTABENE.WORLD\",\"url\":\"https:\\\/\\\/notabene.world\\\/nb\\\/\",\"logo\":{\"@type\":\"ImageObject\",\"inLanguage\":\"pl-PL\",\"@id\":\"https:\\\/\\\/notabene.world\\\/nb\\\/#\\\/schema\\\/logo\\\/image\\\/\",\"url\":\"https:\\\/\\\/notabene.world\\\/nb\\\/wp-content\\\/uploads\\\/2022\\\/01\\\/NB-club-start-www1.jpg\",\"contentUrl\":\"https:\\\/\\\/notabene.world\\\/nb\\\/wp-content\\\/uploads\\\/2022\\\/01\\\/NB-club-start-www1.jpg\",\"width\":1000,\"height\":839,\"caption\":\"NOTABENE.WORLD\"},\"image\":{\"@id\":\"https:\\\/\\\/notabene.world\\\/nb\\\/#\\\/schema\\\/logo\\\/image\\\/\"},\"sameAs\":[\"https:\\\/\\\/www.facebook.com\\\/Notabene.World\"]},{\"@type\":\"Person\",\"@id\":\"https:\\\/\\\/notabene.world\\\/nb\\\/#\\\/schema\\\/person\\\/2b7cad700674930906781d67215bede8\",\"name\":\"Andrzej Przychodni\",\"image\":{\"@type\":\"ImageObject\",\"inLanguage\":\"pl-PL\",\"@id\":\"https:\\\/\\\/secure.gravatar.com\\\/avatar\\\/59cf61ea3d9013b543b2632c50eed86eaf659f714e68a721e67a1a746964b8be?s=96&d=mm&r=g\",\"url\":\"https:\\\/\\\/secure.gravatar.com\\\/avatar\\\/59cf61ea3d9013b543b2632c50eed86eaf659f714e68a721e67a1a746964b8be?s=96&d=mm&r=g\",\"contentUrl\":\"https:\\\/\\\/secure.gravatar.com\\\/avatar\\\/59cf61ea3d9013b543b2632c50eed86eaf659f714e68a721e67a1a746964b8be?s=96&d=mm&r=g\",\"caption\":\"Andrzej Przychodni\"},\"url\":\"https:\\\/\\\/notabene.world\\\/nb\\\/author\\\/an-p\\\/\"}]}<\/script>\n<!-- \/ Yoast SEO plugin. -->","yoast_head_json":{"title":"Stan\u0105\u0142 w ogniu nasz wielki dom... - NOTABENE.WORLD","robots":{"index":"index","follow":"follow","max-snippet":"max-snippet:-1","max-image-preview":"max-image-preview:large","max-video-preview":"max-video-preview:-1"},"canonical":"https:\/\/notabene.world\/nb\/stanal-w-ogniu-nasz-wielki-dom\/","og_locale":"pl_PL","og_type":"article","og_title":"Stan\u0105\u0142 w ogniu nasz wielki dom... - NOTABENE.WORLD","og_description":"\"Stan\u0105\u0142 w ogniu nasz wielki dom, dom dla psychicznie i nerwowo chorych...\" (Jacek Kaczmarski) Czy ta diagnoza nie jest przesadzona? - m\u00f3g\u0142by kto\u015b zapyta\u0107. Odpowied\u017a na pytanie te\u017c nie wydaje si\u0119 oczywista, ale mo\u017cemy wskaza\u0107 wiele przes\u0142anek, kt\u00f3re potwierdzaj\u0105 jej trafno\u015b\u0107. Trwaj\u0105ca od kilku dni wojna na Ukrainie wywo\u0142a\u0142a w polskim spo\u0142ecze\u0144stwie erupcj\u0119 r\u00f3\u017cnych emocji. Przewa\u017caj\u0105 te wskazuj\u0105ce na solidarno\u015b\u0107 z narodem, kt\u00f3ry zaciekle stawia op\u00f3r naje\u017ad\u017acy. Szcz\u0119\u015bliwie przewa\u017caj\u0105.","og_url":"https:\/\/notabene.world\/nb\/stanal-w-ogniu-nasz-wielki-dom\/","og_site_name":"NOTABENE.WORLD","article_publisher":"https:\/\/www.facebook.com\/Notabene.World","article_published_time":"2022-02-27T22:00:00+00:00","article_modified_time":"2022-03-07T07:18:58+00:00","og_image":[{"width":800,"height":445,"url":"https:\/\/notabene.world\/nb\/wp-content\/uploads\/2022\/02\/stwonwd-2.jpg","type":"image\/jpeg"}],"author":"Andrzej Przychodni","twitter_card":"summary_large_image","twitter_misc":{"Napisane przez":"Andrzej Przychodni","Szacowany czas czytania":"3 minuty"},"schema":{"@context":"https:\/\/schema.org","@graph":[{"@type":"Article","@id":"https:\/\/notabene.world\/nb\/stanal-w-ogniu-nasz-wielki-dom\/#article","isPartOf":{"@id":"https:\/\/notabene.world\/nb\/stanal-w-ogniu-nasz-wielki-dom\/"},"author":{"name":"Andrzej Przychodni","@id":"https:\/\/notabene.world\/nb\/#\/schema\/person\/2b7cad700674930906781d67215bede8"},"headline":"Stan\u0105\u0142 w ogniu nasz wielki dom&#8230;","datePublished":"2022-02-27T22:00:00+00:00","dateModified":"2022-03-07T07:18:58+00:00","mainEntityOfPage":{"@id":"https:\/\/notabene.world\/nb\/stanal-w-ogniu-nasz-wielki-dom\/"},"wordCount":555,"publisher":{"@id":"https:\/\/notabene.world\/nb\/#organization"},"image":{"@id":"https:\/\/notabene.world\/nb\/stanal-w-ogniu-nasz-wielki-dom\/#primaryimage"},"thumbnailUrl":"https:\/\/i0.wp.com\/notabene.world\/nb\/wp-content\/uploads\/2022\/02\/stwonwd-2.jpg?fit=800%2C445&ssl=1","articleSection":["Felietony","Publicystyka"],"inLanguage":"pl-PL"},{"@type":"WebPage","@id":"https:\/\/notabene.world\/nb\/stanal-w-ogniu-nasz-wielki-dom\/","url":"https:\/\/notabene.world\/nb\/stanal-w-ogniu-nasz-wielki-dom\/","name":"Stan\u0105\u0142 w ogniu nasz wielki dom... - NOTABENE.WORLD","isPartOf":{"@id":"https:\/\/notabene.world\/nb\/#website"},"primaryImageOfPage":{"@id":"https:\/\/notabene.world\/nb\/stanal-w-ogniu-nasz-wielki-dom\/#primaryimage"},"image":{"@id":"https:\/\/notabene.world\/nb\/stanal-w-ogniu-nasz-wielki-dom\/#primaryimage"},"thumbnailUrl":"https:\/\/i0.wp.com\/notabene.world\/nb\/wp-content\/uploads\/2022\/02\/stwonwd-2.jpg?fit=800%2C445&ssl=1","datePublished":"2022-02-27T22:00:00+00:00","dateModified":"2022-03-07T07:18:58+00:00","breadcrumb":{"@id":"https:\/\/notabene.world\/nb\/stanal-w-ogniu-nasz-wielki-dom\/#breadcrumb"},"inLanguage":"pl-PL","potentialAction":[{"@type":"ReadAction","target":["https:\/\/notabene.world\/nb\/stanal-w-ogniu-nasz-wielki-dom\/"]}]},{"@type":"ImageObject","inLanguage":"pl-PL","@id":"https:\/\/notabene.world\/nb\/stanal-w-ogniu-nasz-wielki-dom\/#primaryimage","url":"https:\/\/i0.wp.com\/notabene.world\/nb\/wp-content\/uploads\/2022\/02\/stwonwd-2.jpg?fit=800%2C445&ssl=1","contentUrl":"https:\/\/i0.wp.com\/notabene.world\/nb\/wp-content\/uploads\/2022\/02\/stwonwd-2.jpg?fit=800%2C445&ssl=1","width":800,"height":445},{"@type":"BreadcrumbList","@id":"https:\/\/notabene.world\/nb\/stanal-w-ogniu-nasz-wielki-dom\/#breadcrumb","itemListElement":[{"@type":"ListItem","position":1,"name":"Home","item":"https:\/\/notabene.world\/nb\/"},{"@type":"ListItem","position":2,"name":"Stan\u0105\u0142 w ogniu nasz wielki dom&#8230;"}]},{"@type":"WebSite","@id":"https:\/\/notabene.world\/nb\/#website","url":"https:\/\/notabene.world\/nb\/","name":"NOTABENE.WORLD","description":"Przekaz. Warto\u015bci. Wsp\u00f3lnota.","publisher":{"@id":"https:\/\/notabene.world\/nb\/#organization"},"potentialAction":[{"@type":"SearchAction","target":{"@type":"EntryPoint","urlTemplate":"https:\/\/notabene.world\/nb\/?s={search_term_string}"},"query-input":{"@type":"PropertyValueSpecification","valueRequired":true,"valueName":"search_term_string"}}],"inLanguage":"pl-PL"},{"@type":"Organization","@id":"https:\/\/notabene.world\/nb\/#organization","name":"NOTABENE.WORLD","url":"https:\/\/notabene.world\/nb\/","logo":{"@type":"ImageObject","inLanguage":"pl-PL","@id":"https:\/\/notabene.world\/nb\/#\/schema\/logo\/image\/","url":"https:\/\/notabene.world\/nb\/wp-content\/uploads\/2022\/01\/NB-club-start-www1.jpg","contentUrl":"https:\/\/notabene.world\/nb\/wp-content\/uploads\/2022\/01\/NB-club-start-www1.jpg","width":1000,"height":839,"caption":"NOTABENE.WORLD"},"image":{"@id":"https:\/\/notabene.world\/nb\/#\/schema\/logo\/image\/"},"sameAs":["https:\/\/www.facebook.com\/Notabene.World"]},{"@type":"Person","@id":"https:\/\/notabene.world\/nb\/#\/schema\/person\/2b7cad700674930906781d67215bede8","name":"Andrzej Przychodni","image":{"@type":"ImageObject","inLanguage":"pl-PL","@id":"https:\/\/secure.gravatar.com\/avatar\/59cf61ea3d9013b543b2632c50eed86eaf659f714e68a721e67a1a746964b8be?s=96&d=mm&r=g","url":"https:\/\/secure.gravatar.com\/avatar\/59cf61ea3d9013b543b2632c50eed86eaf659f714e68a721e67a1a746964b8be?s=96&d=mm&r=g","contentUrl":"https:\/\/secure.gravatar.com\/avatar\/59cf61ea3d9013b543b2632c50eed86eaf659f714e68a721e67a1a746964b8be?s=96&d=mm&r=g","caption":"Andrzej Przychodni"},"url":"https:\/\/notabene.world\/nb\/author\/an-p\/"}]}},"jetpack_featured_media_url":"https:\/\/i0.wp.com\/notabene.world\/nb\/wp-content\/uploads\/2022\/02\/stwonwd-2.jpg?fit=800%2C445&ssl=1","jetpack_sharing_enabled":true,"jetpack_shortlink":"https:\/\/wp.me\/pdCobN-NP","_links":{"self":[{"href":"https:\/\/notabene.world\/nb\/wp-json\/wp\/v2\/posts\/3089","targetHints":{"allow":["GET"]}}],"collection":[{"href":"https:\/\/notabene.world\/nb\/wp-json\/wp\/v2\/posts"}],"about":[{"href":"https:\/\/notabene.world\/nb\/wp-json\/wp\/v2\/types\/post"}],"author":[{"embeddable":true,"href":"https:\/\/notabene.world\/nb\/wp-json\/wp\/v2\/users\/34"}],"replies":[{"embeddable":true,"href":"https:\/\/notabene.world\/nb\/wp-json\/wp\/v2\/comments?post=3089"}],"version-history":[{"count":5,"href":"https:\/\/notabene.world\/nb\/wp-json\/wp\/v2\/posts\/3089\/revisions"}],"predecessor-version":[{"id":3155,"href":"https:\/\/notabene.world\/nb\/wp-json\/wp\/v2\/posts\/3089\/revisions\/3155"}],"wp:featuredmedia":[{"embeddable":true,"href":"https:\/\/notabene.world\/nb\/wp-json\/wp\/v2\/media\/3100"}],"wp:attachment":[{"href":"https:\/\/notabene.world\/nb\/wp-json\/wp\/v2\/media?parent=3089"}],"wp:term":[{"taxonomy":"category","embeddable":true,"href":"https:\/\/notabene.world\/nb\/wp-json\/wp\/v2\/categories?post=3089"},{"taxonomy":"post_tag","embeddable":true,"href":"https:\/\/notabene.world\/nb\/wp-json\/wp\/v2\/tags?post=3089"}],"curies":[{"name":"wp","href":"https:\/\/api.w.org\/{rel}","templated":true}]}}