{"id":3134,"date":"2022-03-03T21:43:45","date_gmt":"2022-03-03T20:43:45","guid":{"rendered":"https:\/\/notabene.world\/nb\/?p=3134"},"modified":"2022-03-07T08:33:08","modified_gmt":"2022-03-07T07:33:08","slug":"strawinski-i-inni-winni","status":"publish","type":"post","link":"https:\/\/notabene.world\/nb\/strawinski-i-inni-winni\/","title":{"rendered":"Strawi\u0144ski i inni &#8222;winni&#8221;"},"content":{"rendered":"\n<p class=\"has-drop-cap\">Czy w zwi\u0105zku z napa\u015bci\u0105 faszystowskich Niemiec na Polsk\u0119, Polacy obrazili si\u0119&nbsp; na muzyk\u0119 Haydna lub Beethovena? Jasne, \u017ce j\u0119zyk okupanta sta\u0142 si\u0119 nienawistny, jeszcze na wiele lat po wojnie,&nbsp; jednak\u017ce nikt nie kwestionowa\u0142 wk\u0142adu takich os\u00f3b jak Goethe w kultur\u0119 og\u00f3lnoludzk\u0105. Albo raczej nikt rozs\u0105dny. Trudno bowiem wini\u0107 antenat\u00f3w za zbrodnie ich nast\u0119pc\u00f3w. <\/p>\n\n\n\n<p>Dok\u0142adnie tak samo, jak trudno wini\u0107 jak\u0105\u015b wsp\u00f3\u0142czesn\u0105 spo\u0142eczno\u015b\u0107,&nbsp; \u017ce cz\u0119\u015b\u0107 spo\u0142eczno\u015bci ich dziad\u00f3w lub pradziad\u00f3w dopu\u015bci\u0142a si\u0119 ludob\u00f3jstwa. Je\u015bli przyjmiemy, \u017ce&nbsp; obecnie \u017cyj\u0105cy s\u0105 odpowiedzialni za wszystko, czego dopu\u015bci\u0142y si\u0119 poprzednie pokolenia, nie znajdziemy niewinnego narodu w Europie, a mo\u017ce&nbsp; i na ca\u0142ym \u015bwiecie. Rozliczenie krzywd przesz\u0142o\u015bci w my\u015bl zasady &#8222;oko za oko&#8221; zako\u0144czy\u0142oby si\u0119 chyba kompletnym wyludnieniem naszej planety. By\u0107 mo\u017ce odetchn\u0119\u0142a by ona w\u00f3wczas z ulg\u0105,&nbsp; ale&#8230;<\/p>\n\n\n\n<p>Jedn\u0105 z warto\u015bci,&nbsp; kt\u00f3rej na bezludnej ziemi ewidentnie by brakowa\u0142o to wytwory kultury. Mo\u017ce nie wszystkich, zak\u0142adaj\u0105c \u017ce architektura, rze\u017aba i malarstwo przetrwa\u0142yby hipotetyczny, chocia\u017c ca\u0142kiem mo\u017cliwy Armageddon. Mam na my\u015bli g\u0142\u00f3wnie dzie\u0142a niematerialne, gdy\u017c one wymagaj\u0105 nie tylko odbiorc\u00f3w ale te\u017c wykonawc\u00f3w, przywracaj\u0105cych je ka\u017cdorazowo do istnienia, nawet je\u015bli mia\u0142oby to by\u0107 wykonanie dwuminutowej pie\u015bni&#8230; <\/p>\n\n\n\n<p>Tw\u00f3rc\u0105 kultury, ale i jej odbiorc\u0105 jest tylko cz\u0142owiek, co tak szlachetnie odr\u00f3\u017cnia go od \u015bwiata zwierz\u0105t. W obliczu wojny nie dziwi raczej,&nbsp; \u017ce nast\u0119puje embargo na wykonawc\u00f3w reprezentuj\u0105cych kraj agresora. Jednak\u017ce dawni tw\u00f3rcy, kt\u00f3rych wk\u0142ad w og\u00f3lnoludzk\u0105 kultur\u0119 nie budzi\u0142 nigdy w\u0105tpliwo\u015bci, z naszymi wsp\u00f3\u0142czesnymi konfliktami nie maj\u0105 nic wsp\u00f3lnego, na \u017cadne embargo sobie nie zas\u0142u\u017cyli.&nbsp;Dlatego nie spal\u0119 ksi\u0105\u017cek Bu\u0142hakowa i To\u0142stoja czy Dostojewskiego ani nie zamierzam przesta\u0107 s\u0142ucha\u0107 Strawi\u0144skiego czy Czajkowskiego. Podejmuj\u0105cym decyzje o wykluczeniu nadawania na antenie radiowej m.in. jego utwor\u00f3w polecam zastanowienie, czy naprawd\u0119 w czymkolwiek pomaga to walcz\u0105cej o wolno\u015b\u0107 Ukrainie&#8230;<\/p>\n","protected":false},"excerpt":{"rendered":"<p>Jasne, \u017ce j\u0119zyk okupanta sta\u0142 si\u0119 nienawistny, jeszcze na wiele lat po wojnie,\u00a0 jednak\u017ce nikt nie kwestionowa\u0142 wk\u0142adu takich os\u00f3b jak Goethe w kultur\u0119 og\u00f3lnoludzk\u0105. Albo raczej nikt rozs\u0105dny. Trudno bowiem wini\u0107 antenat\u00f3w za zbrodnie ich nast\u0119pc\u00f3w.<\/p>\n","protected":false},"author":34,"featured_media":3139,"comment_status":"closed","ping_status":"closed","sticky":false,"template":"","format":"standard","meta":{"colormag_page_container_layout":"default_layout","colormag_page_sidebar_layout":"default_layout","_jetpack_memberships_contains_paid_content":false,"footnotes":"","_links_to":"","_links_to_target":""},"categories":[42,150],"tags":[],"class_list":["post-3134","post","type-post","status-publish","format-standard","has-post-thumbnail","hentry","category-felietony","category-publicystyka"],"yoast_head":"<!-- This site is optimized with the Yoast SEO plugin v27.4 - https:\/\/yoast.com\/product\/yoast-seo-wordpress\/ -->\n<title>Strawi\u0144ski i inni &quot;winni&quot; - NOTABENE.WORLD<\/title>\n<meta name=\"robots\" content=\"index, follow, max-snippet:-1, max-image-preview:large, max-video-preview:-1\" \/>\n<link rel=\"canonical\" href=\"https:\/\/notabene.world\/nb\/strawinski-i-inni-winni\/\" \/>\n<meta property=\"og:locale\" content=\"pl_PL\" \/>\n<meta property=\"og:type\" content=\"article\" \/>\n<meta property=\"og:title\" content=\"Strawi\u0144ski i inni &quot;winni&quot; - NOTABENE.WORLD\" \/>\n<meta property=\"og:description\" content=\"Jasne, \u017ce j\u0119zyk okupanta sta\u0142 si\u0119 nienawistny, jeszcze na wiele lat po wojnie,\u00a0 jednak\u017ce nikt nie kwestionowa\u0142 wk\u0142adu takich os\u00f3b jak Goethe w kultur\u0119 og\u00f3lnoludzk\u0105. Albo raczej nikt rozs\u0105dny. Trudno bowiem wini\u0107 antenat\u00f3w za zbrodnie ich nast\u0119pc\u00f3w.\" \/>\n<meta property=\"og:url\" content=\"https:\/\/notabene.world\/nb\/strawinski-i-inni-winni\/\" \/>\n<meta property=\"og:site_name\" content=\"NOTABENE.WORLD\" \/>\n<meta property=\"article:publisher\" content=\"https:\/\/www.facebook.com\/Notabene.World\" \/>\n<meta property=\"article:published_time\" content=\"2022-03-03T20:43:45+00:00\" \/>\n<meta property=\"article:modified_time\" content=\"2022-03-07T07:33:08+00:00\" \/>\n<meta property=\"og:image\" content=\"https:\/\/notabene.world\/nb\/wp-content\/uploads\/2022\/03\/muz-ka.jpg\" \/>\n\t<meta property=\"og:image:width\" content=\"800\" \/>\n\t<meta property=\"og:image:height\" content=\"445\" \/>\n\t<meta property=\"og:image:type\" content=\"image\/jpeg\" \/>\n<meta name=\"author\" content=\"Andrzej Przychodni\" \/>\n<meta name=\"twitter:card\" content=\"summary_large_image\" \/>\n<meta name=\"twitter:label1\" content=\"Napisane przez\" \/>\n\t<meta name=\"twitter:data1\" content=\"Andrzej Przychodni\" \/>\n\t<meta name=\"twitter:label2\" content=\"Szacowany czas czytania\" \/>\n\t<meta name=\"twitter:data2\" content=\"2 minuty\" \/>\n<script type=\"application\/ld+json\" class=\"yoast-schema-graph\">{\"@context\":\"https:\\\/\\\/schema.org\",\"@graph\":[{\"@type\":\"Article\",\"@id\":\"https:\\\/\\\/notabene.world\\\/nb\\\/strawinski-i-inni-winni\\\/#article\",\"isPartOf\":{\"@id\":\"https:\\\/\\\/notabene.world\\\/nb\\\/strawinski-i-inni-winni\\\/\"},\"author\":{\"name\":\"Andrzej Przychodni\",\"@id\":\"https:\\\/\\\/notabene.world\\\/nb\\\/#\\\/schema\\\/person\\\/2b7cad700674930906781d67215bede8\"},\"headline\":\"Strawi\u0144ski i inni &#8222;winni&#8221;\",\"datePublished\":\"2022-03-03T20:43:45+00:00\",\"dateModified\":\"2022-03-07T07:33:08+00:00\",\"mainEntityOfPage\":{\"@id\":\"https:\\\/\\\/notabene.world\\\/nb\\\/strawinski-i-inni-winni\\\/\"},\"wordCount\":373,\"publisher\":{\"@id\":\"https:\\\/\\\/notabene.world\\\/nb\\\/#organization\"},\"image\":{\"@id\":\"https:\\\/\\\/notabene.world\\\/nb\\\/strawinski-i-inni-winni\\\/#primaryimage\"},\"thumbnailUrl\":\"https:\\\/\\\/i0.wp.com\\\/notabene.world\\\/nb\\\/wp-content\\\/uploads\\\/2022\\\/03\\\/muz-ka.jpg?fit=800%2C445&ssl=1\",\"articleSection\":[\"Felietony\",\"Publicystyka\"],\"inLanguage\":\"pl-PL\"},{\"@type\":\"WebPage\",\"@id\":\"https:\\\/\\\/notabene.world\\\/nb\\\/strawinski-i-inni-winni\\\/\",\"url\":\"https:\\\/\\\/notabene.world\\\/nb\\\/strawinski-i-inni-winni\\\/\",\"name\":\"Strawi\u0144ski i inni \\\"winni\\\" - NOTABENE.WORLD\",\"isPartOf\":{\"@id\":\"https:\\\/\\\/notabene.world\\\/nb\\\/#website\"},\"primaryImageOfPage\":{\"@id\":\"https:\\\/\\\/notabene.world\\\/nb\\\/strawinski-i-inni-winni\\\/#primaryimage\"},\"image\":{\"@id\":\"https:\\\/\\\/notabene.world\\\/nb\\\/strawinski-i-inni-winni\\\/#primaryimage\"},\"thumbnailUrl\":\"https:\\\/\\\/i0.wp.com\\\/notabene.world\\\/nb\\\/wp-content\\\/uploads\\\/2022\\\/03\\\/muz-ka.jpg?fit=800%2C445&ssl=1\",\"datePublished\":\"2022-03-03T20:43:45+00:00\",\"dateModified\":\"2022-03-07T07:33:08+00:00\",\"breadcrumb\":{\"@id\":\"https:\\\/\\\/notabene.world\\\/nb\\\/strawinski-i-inni-winni\\\/#breadcrumb\"},\"inLanguage\":\"pl-PL\",\"potentialAction\":[{\"@type\":\"ReadAction\",\"target\":[\"https:\\\/\\\/notabene.world\\\/nb\\\/strawinski-i-inni-winni\\\/\"]}]},{\"@type\":\"ImageObject\",\"inLanguage\":\"pl-PL\",\"@id\":\"https:\\\/\\\/notabene.world\\\/nb\\\/strawinski-i-inni-winni\\\/#primaryimage\",\"url\":\"https:\\\/\\\/i0.wp.com\\\/notabene.world\\\/nb\\\/wp-content\\\/uploads\\\/2022\\\/03\\\/muz-ka.jpg?fit=800%2C445&ssl=1\",\"contentUrl\":\"https:\\\/\\\/i0.wp.com\\\/notabene.world\\\/nb\\\/wp-content\\\/uploads\\\/2022\\\/03\\\/muz-ka.jpg?fit=800%2C445&ssl=1\",\"width\":800,\"height\":445},{\"@type\":\"BreadcrumbList\",\"@id\":\"https:\\\/\\\/notabene.world\\\/nb\\\/strawinski-i-inni-winni\\\/#breadcrumb\",\"itemListElement\":[{\"@type\":\"ListItem\",\"position\":1,\"name\":\"Home\",\"item\":\"https:\\\/\\\/notabene.world\\\/nb\\\/\"},{\"@type\":\"ListItem\",\"position\":2,\"name\":\"Strawi\u0144ski i inni &#8220;winni&#8221;\"}]},{\"@type\":\"WebSite\",\"@id\":\"https:\\\/\\\/notabene.world\\\/nb\\\/#website\",\"url\":\"https:\\\/\\\/notabene.world\\\/nb\\\/\",\"name\":\"NOTABENE.WORLD\",\"description\":\"Przekaz. Warto\u015bci. Wsp\u00f3lnota.\",\"publisher\":{\"@id\":\"https:\\\/\\\/notabene.world\\\/nb\\\/#organization\"},\"potentialAction\":[{\"@type\":\"SearchAction\",\"target\":{\"@type\":\"EntryPoint\",\"urlTemplate\":\"https:\\\/\\\/notabene.world\\\/nb\\\/?s={search_term_string}\"},\"query-input\":{\"@type\":\"PropertyValueSpecification\",\"valueRequired\":true,\"valueName\":\"search_term_string\"}}],\"inLanguage\":\"pl-PL\"},{\"@type\":\"Organization\",\"@id\":\"https:\\\/\\\/notabene.world\\\/nb\\\/#organization\",\"name\":\"NOTABENE.WORLD\",\"url\":\"https:\\\/\\\/notabene.world\\\/nb\\\/\",\"logo\":{\"@type\":\"ImageObject\",\"inLanguage\":\"pl-PL\",\"@id\":\"https:\\\/\\\/notabene.world\\\/nb\\\/#\\\/schema\\\/logo\\\/image\\\/\",\"url\":\"https:\\\/\\\/notabene.world\\\/nb\\\/wp-content\\\/uploads\\\/2022\\\/01\\\/NB-club-start-www1.jpg\",\"contentUrl\":\"https:\\\/\\\/notabene.world\\\/nb\\\/wp-content\\\/uploads\\\/2022\\\/01\\\/NB-club-start-www1.jpg\",\"width\":1000,\"height\":839,\"caption\":\"NOTABENE.WORLD\"},\"image\":{\"@id\":\"https:\\\/\\\/notabene.world\\\/nb\\\/#\\\/schema\\\/logo\\\/image\\\/\"},\"sameAs\":[\"https:\\\/\\\/www.facebook.com\\\/Notabene.World\"]},{\"@type\":\"Person\",\"@id\":\"https:\\\/\\\/notabene.world\\\/nb\\\/#\\\/schema\\\/person\\\/2b7cad700674930906781d67215bede8\",\"name\":\"Andrzej Przychodni\",\"image\":{\"@type\":\"ImageObject\",\"inLanguage\":\"pl-PL\",\"@id\":\"https:\\\/\\\/secure.gravatar.com\\\/avatar\\\/59cf61ea3d9013b543b2632c50eed86eaf659f714e68a721e67a1a746964b8be?s=96&d=mm&r=g\",\"url\":\"https:\\\/\\\/secure.gravatar.com\\\/avatar\\\/59cf61ea3d9013b543b2632c50eed86eaf659f714e68a721e67a1a746964b8be?s=96&d=mm&r=g\",\"contentUrl\":\"https:\\\/\\\/secure.gravatar.com\\\/avatar\\\/59cf61ea3d9013b543b2632c50eed86eaf659f714e68a721e67a1a746964b8be?s=96&d=mm&r=g\",\"caption\":\"Andrzej Przychodni\"},\"url\":\"https:\\\/\\\/notabene.world\\\/nb\\\/author\\\/an-p\\\/\"}]}<\/script>\n<!-- \/ Yoast SEO plugin. -->","yoast_head_json":{"title":"Strawi\u0144ski i inni \"winni\" - NOTABENE.WORLD","robots":{"index":"index","follow":"follow","max-snippet":"max-snippet:-1","max-image-preview":"max-image-preview:large","max-video-preview":"max-video-preview:-1"},"canonical":"https:\/\/notabene.world\/nb\/strawinski-i-inni-winni\/","og_locale":"pl_PL","og_type":"article","og_title":"Strawi\u0144ski i inni \"winni\" - NOTABENE.WORLD","og_description":"Jasne, \u017ce j\u0119zyk okupanta sta\u0142 si\u0119 nienawistny, jeszcze na wiele lat po wojnie,\u00a0 jednak\u017ce nikt nie kwestionowa\u0142 wk\u0142adu takich os\u00f3b jak Goethe w kultur\u0119 og\u00f3lnoludzk\u0105. Albo raczej nikt rozs\u0105dny. Trudno bowiem wini\u0107 antenat\u00f3w za zbrodnie ich nast\u0119pc\u00f3w.","og_url":"https:\/\/notabene.world\/nb\/strawinski-i-inni-winni\/","og_site_name":"NOTABENE.WORLD","article_publisher":"https:\/\/www.facebook.com\/Notabene.World","article_published_time":"2022-03-03T20:43:45+00:00","article_modified_time":"2022-03-07T07:33:08+00:00","og_image":[{"width":800,"height":445,"url":"https:\/\/notabene.world\/nb\/wp-content\/uploads\/2022\/03\/muz-ka.jpg","type":"image\/jpeg"}],"author":"Andrzej Przychodni","twitter_card":"summary_large_image","twitter_misc":{"Napisane przez":"Andrzej Przychodni","Szacowany czas czytania":"2 minuty"},"schema":{"@context":"https:\/\/schema.org","@graph":[{"@type":"Article","@id":"https:\/\/notabene.world\/nb\/strawinski-i-inni-winni\/#article","isPartOf":{"@id":"https:\/\/notabene.world\/nb\/strawinski-i-inni-winni\/"},"author":{"name":"Andrzej Przychodni","@id":"https:\/\/notabene.world\/nb\/#\/schema\/person\/2b7cad700674930906781d67215bede8"},"headline":"Strawi\u0144ski i inni &#8222;winni&#8221;","datePublished":"2022-03-03T20:43:45+00:00","dateModified":"2022-03-07T07:33:08+00:00","mainEntityOfPage":{"@id":"https:\/\/notabene.world\/nb\/strawinski-i-inni-winni\/"},"wordCount":373,"publisher":{"@id":"https:\/\/notabene.world\/nb\/#organization"},"image":{"@id":"https:\/\/notabene.world\/nb\/strawinski-i-inni-winni\/#primaryimage"},"thumbnailUrl":"https:\/\/i0.wp.com\/notabene.world\/nb\/wp-content\/uploads\/2022\/03\/muz-ka.jpg?fit=800%2C445&ssl=1","articleSection":["Felietony","Publicystyka"],"inLanguage":"pl-PL"},{"@type":"WebPage","@id":"https:\/\/notabene.world\/nb\/strawinski-i-inni-winni\/","url":"https:\/\/notabene.world\/nb\/strawinski-i-inni-winni\/","name":"Strawi\u0144ski i inni \"winni\" - NOTABENE.WORLD","isPartOf":{"@id":"https:\/\/notabene.world\/nb\/#website"},"primaryImageOfPage":{"@id":"https:\/\/notabene.world\/nb\/strawinski-i-inni-winni\/#primaryimage"},"image":{"@id":"https:\/\/notabene.world\/nb\/strawinski-i-inni-winni\/#primaryimage"},"thumbnailUrl":"https:\/\/i0.wp.com\/notabene.world\/nb\/wp-content\/uploads\/2022\/03\/muz-ka.jpg?fit=800%2C445&ssl=1","datePublished":"2022-03-03T20:43:45+00:00","dateModified":"2022-03-07T07:33:08+00:00","breadcrumb":{"@id":"https:\/\/notabene.world\/nb\/strawinski-i-inni-winni\/#breadcrumb"},"inLanguage":"pl-PL","potentialAction":[{"@type":"ReadAction","target":["https:\/\/notabene.world\/nb\/strawinski-i-inni-winni\/"]}]},{"@type":"ImageObject","inLanguage":"pl-PL","@id":"https:\/\/notabene.world\/nb\/strawinski-i-inni-winni\/#primaryimage","url":"https:\/\/i0.wp.com\/notabene.world\/nb\/wp-content\/uploads\/2022\/03\/muz-ka.jpg?fit=800%2C445&ssl=1","contentUrl":"https:\/\/i0.wp.com\/notabene.world\/nb\/wp-content\/uploads\/2022\/03\/muz-ka.jpg?fit=800%2C445&ssl=1","width":800,"height":445},{"@type":"BreadcrumbList","@id":"https:\/\/notabene.world\/nb\/strawinski-i-inni-winni\/#breadcrumb","itemListElement":[{"@type":"ListItem","position":1,"name":"Home","item":"https:\/\/notabene.world\/nb\/"},{"@type":"ListItem","position":2,"name":"Strawi\u0144ski i inni &#8220;winni&#8221;"}]},{"@type":"WebSite","@id":"https:\/\/notabene.world\/nb\/#website","url":"https:\/\/notabene.world\/nb\/","name":"NOTABENE.WORLD","description":"Przekaz. Warto\u015bci. Wsp\u00f3lnota.","publisher":{"@id":"https:\/\/notabene.world\/nb\/#organization"},"potentialAction":[{"@type":"SearchAction","target":{"@type":"EntryPoint","urlTemplate":"https:\/\/notabene.world\/nb\/?s={search_term_string}"},"query-input":{"@type":"PropertyValueSpecification","valueRequired":true,"valueName":"search_term_string"}}],"inLanguage":"pl-PL"},{"@type":"Organization","@id":"https:\/\/notabene.world\/nb\/#organization","name":"NOTABENE.WORLD","url":"https:\/\/notabene.world\/nb\/","logo":{"@type":"ImageObject","inLanguage":"pl-PL","@id":"https:\/\/notabene.world\/nb\/#\/schema\/logo\/image\/","url":"https:\/\/notabene.world\/nb\/wp-content\/uploads\/2022\/01\/NB-club-start-www1.jpg","contentUrl":"https:\/\/notabene.world\/nb\/wp-content\/uploads\/2022\/01\/NB-club-start-www1.jpg","width":1000,"height":839,"caption":"NOTABENE.WORLD"},"image":{"@id":"https:\/\/notabene.world\/nb\/#\/schema\/logo\/image\/"},"sameAs":["https:\/\/www.facebook.com\/Notabene.World"]},{"@type":"Person","@id":"https:\/\/notabene.world\/nb\/#\/schema\/person\/2b7cad700674930906781d67215bede8","name":"Andrzej Przychodni","image":{"@type":"ImageObject","inLanguage":"pl-PL","@id":"https:\/\/secure.gravatar.com\/avatar\/59cf61ea3d9013b543b2632c50eed86eaf659f714e68a721e67a1a746964b8be?s=96&d=mm&r=g","url":"https:\/\/secure.gravatar.com\/avatar\/59cf61ea3d9013b543b2632c50eed86eaf659f714e68a721e67a1a746964b8be?s=96&d=mm&r=g","contentUrl":"https:\/\/secure.gravatar.com\/avatar\/59cf61ea3d9013b543b2632c50eed86eaf659f714e68a721e67a1a746964b8be?s=96&d=mm&r=g","caption":"Andrzej Przychodni"},"url":"https:\/\/notabene.world\/nb\/author\/an-p\/"}]}},"jetpack_featured_media_url":"https:\/\/i0.wp.com\/notabene.world\/nb\/wp-content\/uploads\/2022\/03\/muz-ka.jpg?fit=800%2C445&ssl=1","jetpack_sharing_enabled":true,"jetpack_shortlink":"https:\/\/wp.me\/pdCobN-Oy","_links":{"self":[{"href":"https:\/\/notabene.world\/nb\/wp-json\/wp\/v2\/posts\/3134","targetHints":{"allow":["GET"]}}],"collection":[{"href":"https:\/\/notabene.world\/nb\/wp-json\/wp\/v2\/posts"}],"about":[{"href":"https:\/\/notabene.world\/nb\/wp-json\/wp\/v2\/types\/post"}],"author":[{"embeddable":true,"href":"https:\/\/notabene.world\/nb\/wp-json\/wp\/v2\/users\/34"}],"replies":[{"embeddable":true,"href":"https:\/\/notabene.world\/nb\/wp-json\/wp\/v2\/comments?post=3134"}],"version-history":[{"count":5,"href":"https:\/\/notabene.world\/nb\/wp-json\/wp\/v2\/posts\/3134\/revisions"}],"predecessor-version":[{"id":3157,"href":"https:\/\/notabene.world\/nb\/wp-json\/wp\/v2\/posts\/3134\/revisions\/3157"}],"wp:featuredmedia":[{"embeddable":true,"href":"https:\/\/notabene.world\/nb\/wp-json\/wp\/v2\/media\/3139"}],"wp:attachment":[{"href":"https:\/\/notabene.world\/nb\/wp-json\/wp\/v2\/media?parent=3134"}],"wp:term":[{"taxonomy":"category","embeddable":true,"href":"https:\/\/notabene.world\/nb\/wp-json\/wp\/v2\/categories?post=3134"},{"taxonomy":"post_tag","embeddable":true,"href":"https:\/\/notabene.world\/nb\/wp-json\/wp\/v2\/tags?post=3134"}],"curies":[{"name":"wp","href":"https:\/\/api.w.org\/{rel}","templated":true}]}}