{"id":3184,"date":"2022-03-09T09:13:19","date_gmt":"2022-03-09T08:13:19","guid":{"rendered":"https:\/\/notabene.world\/nb\/?p=3184"},"modified":"2022-03-14T21:48:58","modified_gmt":"2022-03-14T20:48:58","slug":"co-dalej","status":"publish","type":"post","link":"https:\/\/notabene.world\/nb\/co-dalej\/","title":{"rendered":"Strach i co dalej?"},"content":{"rendered":"\n<p>Rzymska zasada <em>dziel i rz\u0105d\u017a (divide et impera)<\/em> \u2013 wci\u0105\u017c obecna w otaczaj\u0105cym nas \u015bwiecie \u2013 sprowadza si\u0119 w gruncie rzeczy do osi\u0105gania iluzorycznch zwyci\u0119stw za pomoc\u0105 strachu. Ci\u0105g\u0142e podsycanie w\u015br\u00f3d danych spo\u0142eczno\u015bci konflikt\u00f3w wewn\u0119trznych i zewn\u0119trznych s\u0142u\u017cy zwi\u0119kszaniu skuteczno\u015bci zarz\u0105dzania nimi i realizacji cel\u00f3w, kt\u00f3re niewiele maj\u0105 wsp\u00f3lnego z tworzeniem pozytywnej przestrzeni spo\u0142ecznej czy te\u017c budowaniem rzeczywistej i trwa\u0142ej wsp\u00f3lnoty. Logika sk\u0142\u00f3cania wszystkich ze wszystkimi jest zaprzeczeniem zasad elementarnej etyki w polityce. Nawet nabardziej szczytny cel nie mo\u017ce u\u015bwi\u0119ca\u0107 \u015brodk\u00f3w. Nie da si\u0119 dobra budowa\u0107 poprzez z\u0142o, podobnie jak nie sprawdza si\u0119 znana nam sk\u0105din\u0105d strategia, i\u017c \u201cim gorzej, tym lepiej\u201d.<br><\/p>\n\n\n\n<p>Polityka strachu, objawiaj\u0105ca si\u0119 m. in. antyszczepionkow\u0105 histeri\u0105, jaka obieg\u0142a \u015bwiat w ostatnich miesi\u0105cach zacz\u0119\u0142a nas oddala\u0107 od siebie jeszcze bardziej ni\u017c kiedykolwiek. Przez chwil\u0119 wydawa\u0142o si\u0119 zreszt\u0105, \u017ce ju\u017c nic gorszego ni\u017c globalna pandemia nie mo\u017ce nas spotka\u0107, a skoro tak, to czekali\u015bmy na jej koniec. W tym pandemicznym tunelu zacz\u0119\u0142o by\u0107 ju\u017c nawet wida\u0107 nie\u015bmia\u0142e \u015bwiate\u0142ko.<br><\/p>\n\n\n\n<p>Bezwzgl\u0119dna agresja Rosji wobec Ukrainy niestety zmienia wszystko. Polityka strachu w wydaniu barbarzy\u0144skiego re\u017cimu Putina nie zna granic. Co\u015b si\u0119 sko\u0144czy\u0142o i co\u015b si\u0119 zaczyna. Na naszych oczach w ci\u0105gu zaledwie kilkunastu dni run\u0105\u0142 \u015bwiat, jaki znali\u015bmy. Przed nami &#8211; kolejny tunel. Nie\u0142atwo jest zachowa\u0107 zimn\u0105 krew i spok\u00f3j w sytuacji zagro\u017cenia. Paradoksalnie jednoczy nas jednak strach o przysz\u0142o\u015b\u0107 wolnego \u015bwiata.<\/p>\n\n\n\n<p class=\"has-text-align-right\"><em>Kielce, Europa 9.03.2022<\/em><\/p>\n\n\n\n<figure class=\"wp-block-image size-large\"><img data-recalc-dims=\"1\" loading=\"lazy\" decoding=\"async\" width=\"800\" height=\"63\" src=\"https:\/\/i0.wp.com\/notabene.world\/nb\/wp-content\/uploads\/2022\/02\/ukrfl2.jpg?resize=800%2C63&#038;ssl=1\" alt=\"\" class=\"wp-image-3014\" srcset=\"https:\/\/i0.wp.com\/notabene.world\/nb\/wp-content\/uploads\/2022\/02\/ukrfl2.jpg?resize=1024%2C80&amp;ssl=1 1024w, https:\/\/i0.wp.com\/notabene.world\/nb\/wp-content\/uploads\/2022\/02\/ukrfl2.jpg?resize=300%2C23&amp;ssl=1 300w, https:\/\/i0.wp.com\/notabene.world\/nb\/wp-content\/uploads\/2022\/02\/ukrfl2.jpg?resize=768%2C60&amp;ssl=1 768w, https:\/\/i0.wp.com\/notabene.world\/nb\/wp-content\/uploads\/2022\/02\/ukrfl2.jpg?w=1280&amp;ssl=1 1280w\" sizes=\"auto, (max-width: 800px) 100vw, 800px\" \/><\/figure>\n","protected":false},"excerpt":{"rendered":"<p>Bezwzgl\u0119dna agresja Rosji wobec Ukrainy niestety zmienia wszystko. Polityka strachu w wydaniu barbarzy\u0144skiego re\u017cimu Putina nie zna granic. Co\u015b si\u0119 sko\u0144czy\u0142o i co\u015b si\u0119 zaczyna. Na naszych oczach w ci\u0105gu zaledwie kilkunastu dni run\u0105\u0142 \u015bwiat, jaki znali\u015bmy. Przed nami &#8211; kolejny tunel. Nie\u0142atwo jest zachowa\u0107 zimn\u0105 krew i spok\u00f3j w sytuacji zagro\u017cenia. Paradoksalnie jednoczy nas jednak strach o przysz\u0142o\u015b\u0107 wolnego \u015bwiata.<\/p>\n","protected":false},"author":1,"featured_media":3291,"comment_status":"closed","ping_status":"closed","sticky":false,"template":"","format":"standard","meta":{"colormag_page_container_layout":"default_layout","colormag_page_sidebar_layout":"default_layout","_jetpack_memberships_contains_paid_content":false,"footnotes":"","_links_to":"","_links_to_target":""},"categories":[42,150,48],"tags":[],"class_list":["post-3184","post","type-post","status-publish","format-standard","has-post-thumbnail","hentry","category-felietony","category-publicystyka","category-wiecej-swiatla"],"yoast_head":"<!-- This site is optimized with the Yoast SEO plugin v27.4 - https:\/\/yoast.com\/product\/yoast-seo-wordpress\/ -->\n<title>Strach i co dalej? - NOTABENE.WORLD<\/title>\n<meta name=\"robots\" content=\"index, follow, max-snippet:-1, max-image-preview:large, max-video-preview:-1\" \/>\n<link rel=\"canonical\" href=\"https:\/\/notabene.world\/nb\/co-dalej\/\" \/>\n<meta property=\"og:locale\" content=\"pl_PL\" \/>\n<meta property=\"og:type\" content=\"article\" \/>\n<meta property=\"og:title\" content=\"Strach i co dalej? - NOTABENE.WORLD\" \/>\n<meta property=\"og:description\" content=\"Bezwzgl\u0119dna agresja Rosji wobec Ukrainy niestety zmienia wszystko. Polityka strachu w wydaniu barbarzy\u0144skiego re\u017cimu Putina nie zna granic. Co\u015b si\u0119 sko\u0144czy\u0142o i co\u015b si\u0119 zaczyna. Na naszych oczach w ci\u0105gu zaledwie kilkunastu dni run\u0105\u0142 \u015bwiat, jaki znali\u015bmy. Przed nami - kolejny tunel. Nie\u0142atwo jest zachowa\u0107 zimn\u0105 krew i spok\u00f3j w sytuacji zagro\u017cenia. Paradoksalnie jednoczy nas jednak strach o przysz\u0142o\u015b\u0107 wolnego \u015bwiata.\" \/>\n<meta property=\"og:url\" content=\"https:\/\/notabene.world\/nb\/co-dalej\/\" \/>\n<meta property=\"og:site_name\" content=\"NOTABENE.WORLD\" \/>\n<meta property=\"article:publisher\" content=\"https:\/\/www.facebook.com\/Notabene.World\" \/>\n<meta property=\"article:published_time\" content=\"2022-03-09T08:13:19+00:00\" \/>\n<meta property=\"article:modified_time\" content=\"2022-03-14T20:48:58+00:00\" \/>\n<meta property=\"og:image\" content=\"https:\/\/notabene.world\/nb\/wp-content\/uploads\/2022\/03\/tun3-1.jpg\" \/>\n\t<meta property=\"og:image:width\" content=\"800\" \/>\n\t<meta property=\"og:image:height\" content=\"445\" \/>\n\t<meta property=\"og:image:type\" content=\"image\/jpeg\" \/>\n<meta name=\"author\" content=\"C vel K\" \/>\n<meta name=\"twitter:card\" content=\"summary_large_image\" \/>\n<meta name=\"twitter:label1\" content=\"Napisane przez\" \/>\n\t<meta name=\"twitter:data1\" content=\"C vel K\" \/>\n\t<meta name=\"twitter:label2\" content=\"Szacowany czas czytania\" \/>\n\t<meta name=\"twitter:data2\" content=\"2 minuty\" \/>\n<script type=\"application\/ld+json\" class=\"yoast-schema-graph\">{\"@context\":\"https:\\\/\\\/schema.org\",\"@graph\":[{\"@type\":\"Article\",\"@id\":\"https:\\\/\\\/notabene.world\\\/nb\\\/co-dalej\\\/#article\",\"isPartOf\":{\"@id\":\"https:\\\/\\\/notabene.world\\\/nb\\\/co-dalej\\\/\"},\"author\":{\"name\":\"C vel K\",\"@id\":\"https:\\\/\\\/notabene.world\\\/nb\\\/#\\\/schema\\\/person\\\/2227ed509f9261e544f6078919e1981d\"},\"headline\":\"Strach i co dalej?\",\"datePublished\":\"2022-03-09T08:13:19+00:00\",\"dateModified\":\"2022-03-14T20:48:58+00:00\",\"mainEntityOfPage\":{\"@id\":\"https:\\\/\\\/notabene.world\\\/nb\\\/co-dalej\\\/\"},\"wordCount\":279,\"publisher\":{\"@id\":\"https:\\\/\\\/notabene.world\\\/nb\\\/#organization\"},\"image\":{\"@id\":\"https:\\\/\\\/notabene.world\\\/nb\\\/co-dalej\\\/#primaryimage\"},\"thumbnailUrl\":\"https:\\\/\\\/i0.wp.com\\\/notabene.world\\\/nb\\\/wp-content\\\/uploads\\\/2022\\\/03\\\/tun3-1.jpg?fit=800%2C445&ssl=1\",\"articleSection\":[\"Felietony\",\"Publicystyka\",\"WI\u0118CEJ \u015aWIAT(\u0141)A\"],\"inLanguage\":\"pl-PL\"},{\"@type\":\"WebPage\",\"@id\":\"https:\\\/\\\/notabene.world\\\/nb\\\/co-dalej\\\/\",\"url\":\"https:\\\/\\\/notabene.world\\\/nb\\\/co-dalej\\\/\",\"name\":\"Strach i co dalej? - NOTABENE.WORLD\",\"isPartOf\":{\"@id\":\"https:\\\/\\\/notabene.world\\\/nb\\\/#website\"},\"primaryImageOfPage\":{\"@id\":\"https:\\\/\\\/notabene.world\\\/nb\\\/co-dalej\\\/#primaryimage\"},\"image\":{\"@id\":\"https:\\\/\\\/notabene.world\\\/nb\\\/co-dalej\\\/#primaryimage\"},\"thumbnailUrl\":\"https:\\\/\\\/i0.wp.com\\\/notabene.world\\\/nb\\\/wp-content\\\/uploads\\\/2022\\\/03\\\/tun3-1.jpg?fit=800%2C445&ssl=1\",\"datePublished\":\"2022-03-09T08:13:19+00:00\",\"dateModified\":\"2022-03-14T20:48:58+00:00\",\"breadcrumb\":{\"@id\":\"https:\\\/\\\/notabene.world\\\/nb\\\/co-dalej\\\/#breadcrumb\"},\"inLanguage\":\"pl-PL\",\"potentialAction\":[{\"@type\":\"ReadAction\",\"target\":[\"https:\\\/\\\/notabene.world\\\/nb\\\/co-dalej\\\/\"]}]},{\"@type\":\"ImageObject\",\"inLanguage\":\"pl-PL\",\"@id\":\"https:\\\/\\\/notabene.world\\\/nb\\\/co-dalej\\\/#primaryimage\",\"url\":\"https:\\\/\\\/i0.wp.com\\\/notabene.world\\\/nb\\\/wp-content\\\/uploads\\\/2022\\\/03\\\/tun3-1.jpg?fit=800%2C445&ssl=1\",\"contentUrl\":\"https:\\\/\\\/i0.wp.com\\\/notabene.world\\\/nb\\\/wp-content\\\/uploads\\\/2022\\\/03\\\/tun3-1.jpg?fit=800%2C445&ssl=1\",\"width\":800,\"height\":445},{\"@type\":\"BreadcrumbList\",\"@id\":\"https:\\\/\\\/notabene.world\\\/nb\\\/co-dalej\\\/#breadcrumb\",\"itemListElement\":[{\"@type\":\"ListItem\",\"position\":1,\"name\":\"Home\",\"item\":\"https:\\\/\\\/notabene.world\\\/nb\\\/\"},{\"@type\":\"ListItem\",\"position\":2,\"name\":\"Strach i co dalej?\"}]},{\"@type\":\"WebSite\",\"@id\":\"https:\\\/\\\/notabene.world\\\/nb\\\/#website\",\"url\":\"https:\\\/\\\/notabene.world\\\/nb\\\/\",\"name\":\"NOTABENE.WORLD\",\"description\":\"Przekaz. Warto\u015bci. Wsp\u00f3lnota.\",\"publisher\":{\"@id\":\"https:\\\/\\\/notabene.world\\\/nb\\\/#organization\"},\"potentialAction\":[{\"@type\":\"SearchAction\",\"target\":{\"@type\":\"EntryPoint\",\"urlTemplate\":\"https:\\\/\\\/notabene.world\\\/nb\\\/?s={search_term_string}\"},\"query-input\":{\"@type\":\"PropertyValueSpecification\",\"valueRequired\":true,\"valueName\":\"search_term_string\"}}],\"inLanguage\":\"pl-PL\"},{\"@type\":\"Organization\",\"@id\":\"https:\\\/\\\/notabene.world\\\/nb\\\/#organization\",\"name\":\"NOTABENE.WORLD\",\"url\":\"https:\\\/\\\/notabene.world\\\/nb\\\/\",\"logo\":{\"@type\":\"ImageObject\",\"inLanguage\":\"pl-PL\",\"@id\":\"https:\\\/\\\/notabene.world\\\/nb\\\/#\\\/schema\\\/logo\\\/image\\\/\",\"url\":\"https:\\\/\\\/notabene.world\\\/nb\\\/wp-content\\\/uploads\\\/2022\\\/01\\\/NB-club-start-www1.jpg\",\"contentUrl\":\"https:\\\/\\\/notabene.world\\\/nb\\\/wp-content\\\/uploads\\\/2022\\\/01\\\/NB-club-start-www1.jpg\",\"width\":1000,\"height\":839,\"caption\":\"NOTABENE.WORLD\"},\"image\":{\"@id\":\"https:\\\/\\\/notabene.world\\\/nb\\\/#\\\/schema\\\/logo\\\/image\\\/\"},\"sameAs\":[\"https:\\\/\\\/www.facebook.com\\\/Notabene.World\"]},{\"@type\":\"Person\",\"@id\":\"https:\\\/\\\/notabene.world\\\/nb\\\/#\\\/schema\\\/person\\\/2227ed509f9261e544f6078919e1981d\",\"name\":\"C vel K\",\"image\":{\"@type\":\"ImageObject\",\"inLanguage\":\"pl-PL\",\"@id\":\"https:\\\/\\\/secure.gravatar.com\\\/avatar\\\/da4181237ddf77c667487dd66af5231faaf45fbcb0774d7a408f868da56bf04c?s=96&d=mm&r=g\",\"url\":\"https:\\\/\\\/secure.gravatar.com\\\/avatar\\\/da4181237ddf77c667487dd66af5231faaf45fbcb0774d7a408f868da56bf04c?s=96&d=mm&r=g\",\"contentUrl\":\"https:\\\/\\\/secure.gravatar.com\\\/avatar\\\/da4181237ddf77c667487dd66af5231faaf45fbcb0774d7a408f868da56bf04c?s=96&d=mm&r=g\",\"caption\":\"C vel K\"},\"url\":\"https:\\\/\\\/notabene.world\\\/nb\\\/author\\\/kcedro\\\/\"}]}<\/script>\n<!-- \/ Yoast SEO plugin. -->","yoast_head_json":{"title":"Strach i co dalej? - NOTABENE.WORLD","robots":{"index":"index","follow":"follow","max-snippet":"max-snippet:-1","max-image-preview":"max-image-preview:large","max-video-preview":"max-video-preview:-1"},"canonical":"https:\/\/notabene.world\/nb\/co-dalej\/","og_locale":"pl_PL","og_type":"article","og_title":"Strach i co dalej? - NOTABENE.WORLD","og_description":"Bezwzgl\u0119dna agresja Rosji wobec Ukrainy niestety zmienia wszystko. Polityka strachu w wydaniu barbarzy\u0144skiego re\u017cimu Putina nie zna granic. Co\u015b si\u0119 sko\u0144czy\u0142o i co\u015b si\u0119 zaczyna. Na naszych oczach w ci\u0105gu zaledwie kilkunastu dni run\u0105\u0142 \u015bwiat, jaki znali\u015bmy. Przed nami - kolejny tunel. Nie\u0142atwo jest zachowa\u0107 zimn\u0105 krew i spok\u00f3j w sytuacji zagro\u017cenia. Paradoksalnie jednoczy nas jednak strach o przysz\u0142o\u015b\u0107 wolnego \u015bwiata.","og_url":"https:\/\/notabene.world\/nb\/co-dalej\/","og_site_name":"NOTABENE.WORLD","article_publisher":"https:\/\/www.facebook.com\/Notabene.World","article_published_time":"2022-03-09T08:13:19+00:00","article_modified_time":"2022-03-14T20:48:58+00:00","og_image":[{"width":800,"height":445,"url":"https:\/\/notabene.world\/nb\/wp-content\/uploads\/2022\/03\/tun3-1.jpg","type":"image\/jpeg"}],"author":"C vel K","twitter_card":"summary_large_image","twitter_misc":{"Napisane przez":"C vel K","Szacowany czas czytania":"2 minuty"},"schema":{"@context":"https:\/\/schema.org","@graph":[{"@type":"Article","@id":"https:\/\/notabene.world\/nb\/co-dalej\/#article","isPartOf":{"@id":"https:\/\/notabene.world\/nb\/co-dalej\/"},"author":{"name":"C vel K","@id":"https:\/\/notabene.world\/nb\/#\/schema\/person\/2227ed509f9261e544f6078919e1981d"},"headline":"Strach i co dalej?","datePublished":"2022-03-09T08:13:19+00:00","dateModified":"2022-03-14T20:48:58+00:00","mainEntityOfPage":{"@id":"https:\/\/notabene.world\/nb\/co-dalej\/"},"wordCount":279,"publisher":{"@id":"https:\/\/notabene.world\/nb\/#organization"},"image":{"@id":"https:\/\/notabene.world\/nb\/co-dalej\/#primaryimage"},"thumbnailUrl":"https:\/\/i0.wp.com\/notabene.world\/nb\/wp-content\/uploads\/2022\/03\/tun3-1.jpg?fit=800%2C445&ssl=1","articleSection":["Felietony","Publicystyka","WI\u0118CEJ \u015aWIAT(\u0141)A"],"inLanguage":"pl-PL"},{"@type":"WebPage","@id":"https:\/\/notabene.world\/nb\/co-dalej\/","url":"https:\/\/notabene.world\/nb\/co-dalej\/","name":"Strach i co dalej? - NOTABENE.WORLD","isPartOf":{"@id":"https:\/\/notabene.world\/nb\/#website"},"primaryImageOfPage":{"@id":"https:\/\/notabene.world\/nb\/co-dalej\/#primaryimage"},"image":{"@id":"https:\/\/notabene.world\/nb\/co-dalej\/#primaryimage"},"thumbnailUrl":"https:\/\/i0.wp.com\/notabene.world\/nb\/wp-content\/uploads\/2022\/03\/tun3-1.jpg?fit=800%2C445&ssl=1","datePublished":"2022-03-09T08:13:19+00:00","dateModified":"2022-03-14T20:48:58+00:00","breadcrumb":{"@id":"https:\/\/notabene.world\/nb\/co-dalej\/#breadcrumb"},"inLanguage":"pl-PL","potentialAction":[{"@type":"ReadAction","target":["https:\/\/notabene.world\/nb\/co-dalej\/"]}]},{"@type":"ImageObject","inLanguage":"pl-PL","@id":"https:\/\/notabene.world\/nb\/co-dalej\/#primaryimage","url":"https:\/\/i0.wp.com\/notabene.world\/nb\/wp-content\/uploads\/2022\/03\/tun3-1.jpg?fit=800%2C445&ssl=1","contentUrl":"https:\/\/i0.wp.com\/notabene.world\/nb\/wp-content\/uploads\/2022\/03\/tun3-1.jpg?fit=800%2C445&ssl=1","width":800,"height":445},{"@type":"BreadcrumbList","@id":"https:\/\/notabene.world\/nb\/co-dalej\/#breadcrumb","itemListElement":[{"@type":"ListItem","position":1,"name":"Home","item":"https:\/\/notabene.world\/nb\/"},{"@type":"ListItem","position":2,"name":"Strach i co dalej?"}]},{"@type":"WebSite","@id":"https:\/\/notabene.world\/nb\/#website","url":"https:\/\/notabene.world\/nb\/","name":"NOTABENE.WORLD","description":"Przekaz. Warto\u015bci. Wsp\u00f3lnota.","publisher":{"@id":"https:\/\/notabene.world\/nb\/#organization"},"potentialAction":[{"@type":"SearchAction","target":{"@type":"EntryPoint","urlTemplate":"https:\/\/notabene.world\/nb\/?s={search_term_string}"},"query-input":{"@type":"PropertyValueSpecification","valueRequired":true,"valueName":"search_term_string"}}],"inLanguage":"pl-PL"},{"@type":"Organization","@id":"https:\/\/notabene.world\/nb\/#organization","name":"NOTABENE.WORLD","url":"https:\/\/notabene.world\/nb\/","logo":{"@type":"ImageObject","inLanguage":"pl-PL","@id":"https:\/\/notabene.world\/nb\/#\/schema\/logo\/image\/","url":"https:\/\/notabene.world\/nb\/wp-content\/uploads\/2022\/01\/NB-club-start-www1.jpg","contentUrl":"https:\/\/notabene.world\/nb\/wp-content\/uploads\/2022\/01\/NB-club-start-www1.jpg","width":1000,"height":839,"caption":"NOTABENE.WORLD"},"image":{"@id":"https:\/\/notabene.world\/nb\/#\/schema\/logo\/image\/"},"sameAs":["https:\/\/www.facebook.com\/Notabene.World"]},{"@type":"Person","@id":"https:\/\/notabene.world\/nb\/#\/schema\/person\/2227ed509f9261e544f6078919e1981d","name":"C vel K","image":{"@type":"ImageObject","inLanguage":"pl-PL","@id":"https:\/\/secure.gravatar.com\/avatar\/da4181237ddf77c667487dd66af5231faaf45fbcb0774d7a408f868da56bf04c?s=96&d=mm&r=g","url":"https:\/\/secure.gravatar.com\/avatar\/da4181237ddf77c667487dd66af5231faaf45fbcb0774d7a408f868da56bf04c?s=96&d=mm&r=g","contentUrl":"https:\/\/secure.gravatar.com\/avatar\/da4181237ddf77c667487dd66af5231faaf45fbcb0774d7a408f868da56bf04c?s=96&d=mm&r=g","caption":"C vel K"},"url":"https:\/\/notabene.world\/nb\/author\/kcedro\/"}]}},"jetpack_featured_media_url":"https:\/\/i0.wp.com\/notabene.world\/nb\/wp-content\/uploads\/2022\/03\/tun3-1.jpg?fit=800%2C445&ssl=1","jetpack_sharing_enabled":true,"jetpack_shortlink":"https:\/\/wp.me\/pdCobN-Pm","_links":{"self":[{"href":"https:\/\/notabene.world\/nb\/wp-json\/wp\/v2\/posts\/3184","targetHints":{"allow":["GET"]}}],"collection":[{"href":"https:\/\/notabene.world\/nb\/wp-json\/wp\/v2\/posts"}],"about":[{"href":"https:\/\/notabene.world\/nb\/wp-json\/wp\/v2\/types\/post"}],"author":[{"embeddable":true,"href":"https:\/\/notabene.world\/nb\/wp-json\/wp\/v2\/users\/1"}],"replies":[{"embeddable":true,"href":"https:\/\/notabene.world\/nb\/wp-json\/wp\/v2\/comments?post=3184"}],"version-history":[{"count":5,"href":"https:\/\/notabene.world\/nb\/wp-json\/wp\/v2\/posts\/3184\/revisions"}],"predecessor-version":[{"id":4023,"href":"https:\/\/notabene.world\/nb\/wp-json\/wp\/v2\/posts\/3184\/revisions\/4023"}],"wp:featuredmedia":[{"embeddable":true,"href":"https:\/\/notabene.world\/nb\/wp-json\/wp\/v2\/media\/3291"}],"wp:attachment":[{"href":"https:\/\/notabene.world\/nb\/wp-json\/wp\/v2\/media?parent=3184"}],"wp:term":[{"taxonomy":"category","embeddable":true,"href":"https:\/\/notabene.world\/nb\/wp-json\/wp\/v2\/categories?post=3184"},{"taxonomy":"post_tag","embeddable":true,"href":"https:\/\/notabene.world\/nb\/wp-json\/wp\/v2\/tags?post=3184"}],"curies":[{"name":"wp","href":"https:\/\/api.w.org\/{rel}","templated":true}]}}