{"id":3993,"date":"2023-03-22T16:38:00","date_gmt":"2023-03-22T15:38:00","guid":{"rendered":"https:\/\/notabene.world\/nb\/?p=3993"},"modified":"2024-04-28T20:59:13","modified_gmt":"2024-04-28T18:59:13","slug":"kielecki-spacer-leona","status":"publish","type":"post","link":"https:\/\/notabene.world\/nb\/kielecki-spacer-leona\/","title":{"rendered":"Kielecki spacer Leona"},"content":{"rendered":"\n<p>Leon jest psem. Nied\u0142ugo min\u0105 cztery lata od kiedy zosta\u0142 mieszka\u0144cem Kielc. Zosta\u0142 adoptowany ze schroniska w wojew\u00f3dztwie \u0142\u00f3dzkim, a od\u0142owiony gdzie\u015b na Podkarpaciu, co jest przyk\u0142adem bezsensownego trwonienia samorz\u0105dowych pieni\u0119dzy. B\u0119dziemy mieli jeszcze okazj\u0119 o tym m\u00f3wi\u0107.&nbsp;<\/p>\n\n\n\n<p>Jego energia i nieustanna ch\u0119\u0107 poznawania nowych \u015bcie\u017cek prowadzi nas do r\u00f3\u017cnych miejsc, a to daje mo\u017cliwo\u015b\u0107 obserwowania \u017cycia naszego miasta. Wbrew obiegowej, a jak\u017ce niesprawiedliwej opinii, w Kielcach dzieje si\u0119. Dzieje si\u0119 sporo na \u015bcie\u017ckach, trawnikach, wok\u00f3\u0142 blok\u00f3w i na obrze\u017cach miasta. Leon odwiedza te miejsca na smyczy, cz\u0119sto w kaga\u0144cu lub na d\u0142ugiej \u2013 15 metrowej lince. Dlaczego? Bo takie jest prawo. Cz\u0119sto machamy lekcewa\u017c\u0105co r\u0119k\u0105 na \u0142amanie prawa, a nie powinni\u015bmy. Bo kiedy z\u0142amiemy kijek, to ten kijek nie jest ani mniej, ani bardziej z\u0142amany \u2013 JEST Z\u0141AMANY. Czy to wp\u0142ywa na jako\u015b\u0107 naszego \u017cycia? Oczywi\u015bcie, \u017ce tak! A do kogo pretensje? Najcz\u0119\u015bciej sami powinni\u015bmy by\u0107 ich adresatami. I tak pierwszy i naj\u015bwie\u017cszy przyk\u0142ad z brzegu: wypalanie traw.<\/p>\n\n\n\n<figure class=\"wp-block-gallery has-nested-images columns-4 is-cropped wp-block-gallery-1 is-layout-flex wp-block-gallery-is-layout-flex\">\n<figure class=\"wp-block-image size-large\"><img data-recalc-dims=\"1\" loading=\"lazy\" decoding=\"async\" width=\"640\" height=\"480\" data-id=\"3997\" src=\"https:\/\/i0.wp.com\/notabene.world\/nb\/wp-content\/uploads\/2022\/03\/274917323_629622851434831_6111814528230979371_n.jpg?resize=640%2C480&#038;ssl=1\" alt=\"\" class=\"wp-image-3997\" srcset=\"https:\/\/i0.wp.com\/notabene.world\/nb\/wp-content\/uploads\/2022\/03\/274917323_629622851434831_6111814528230979371_n.jpg?w=640&amp;ssl=1 640w, https:\/\/i0.wp.com\/notabene.world\/nb\/wp-content\/uploads\/2022\/03\/274917323_629622851434831_6111814528230979371_n.jpg?resize=300%2C225&amp;ssl=1 300w\" sizes=\"auto, (max-width: 640px) 100vw, 640px\" \/><\/figure>\n\n\n\n<figure class=\"wp-block-image size-large\"><img data-recalc-dims=\"1\" loading=\"lazy\" decoding=\"async\" width=\"640\" height=\"480\" data-id=\"3996\" src=\"https:\/\/i0.wp.com\/notabene.world\/nb\/wp-content\/uploads\/2022\/03\/274966633_1177841942965098_8509699107887512101_n.jpg?resize=640%2C480&#038;ssl=1\" alt=\"\" class=\"wp-image-3996\" srcset=\"https:\/\/i0.wp.com\/notabene.world\/nb\/wp-content\/uploads\/2022\/03\/274966633_1177841942965098_8509699107887512101_n.jpg?w=640&amp;ssl=1 640w, https:\/\/i0.wp.com\/notabene.world\/nb\/wp-content\/uploads\/2022\/03\/274966633_1177841942965098_8509699107887512101_n.jpg?resize=300%2C225&amp;ssl=1 300w\" sizes=\"auto, (max-width: 640px) 100vw, 640px\" \/><\/figure>\n\n\n\n<figure class=\"wp-block-image size-large\"><img data-recalc-dims=\"1\" loading=\"lazy\" decoding=\"async\" width=\"640\" height=\"480\" data-id=\"3998\" src=\"https:\/\/i0.wp.com\/notabene.world\/nb\/wp-content\/uploads\/2022\/03\/275306594_923522608229693_7256979879600402795_n.jpg?resize=640%2C480&#038;ssl=1\" alt=\"\" class=\"wp-image-3998\" srcset=\"https:\/\/i0.wp.com\/notabene.world\/nb\/wp-content\/uploads\/2022\/03\/275306594_923522608229693_7256979879600402795_n.jpg?w=640&amp;ssl=1 640w, https:\/\/i0.wp.com\/notabene.world\/nb\/wp-content\/uploads\/2022\/03\/275306594_923522608229693_7256979879600402795_n.jpg?resize=300%2C225&amp;ssl=1 300w\" sizes=\"auto, (max-width: 640px) 100vw, 640px\" \/><\/figure>\n\n\n\n<figure class=\"wp-block-image size-large\"><img data-recalc-dims=\"1\" loading=\"lazy\" decoding=\"async\" width=\"640\" height=\"853\" data-id=\"3999\" src=\"https:\/\/i0.wp.com\/notabene.world\/nb\/wp-content\/uploads\/2022\/03\/275623274_389034453036226_4596526447503998109_n.jpg?resize=640%2C853&#038;ssl=1\" alt=\"\" class=\"wp-image-3999\" srcset=\"https:\/\/i0.wp.com\/notabene.world\/nb\/wp-content\/uploads\/2022\/03\/275623274_389034453036226_4596526447503998109_n.jpg?w=640&amp;ssl=1 640w, https:\/\/i0.wp.com\/notabene.world\/nb\/wp-content\/uploads\/2022\/03\/275623274_389034453036226_4596526447503998109_n.jpg?resize=225%2C300&amp;ssl=1 225w\" sizes=\"auto, (max-width: 640px) 100vw, 640px\" \/><\/figure>\n<\/figure>\n\n\n\n<p>Par\u0119 dni temu trafili\u015bmy z Leonem na olbrzymi\u0105 po\u0142a\u0107 wypalonego terenu. I to nie gdzie\u015b daleko (chocia\u017c wsz\u0119dzie jest to naganne), a niemal w centrum miasta: przy torach na osiedlu \u015alichowice. Zdj\u0119cia s\u0105 przygn\u0119biaj\u0105ce, wra\u017cenia jeszcze gorsze, a co na to prawo? Ot\u00f3\u017c: wypalanie traw nie poprawia jako\u015bci gleby, a wr\u0119cz przeciwnie przyczynia si\u0119 do obni\u017cenia rolniczej i ekologicznej warto\u015bci grunt\u00f3w. Powoduje wyja\u0142owienie i zubo\u017cenie gleby, poniewa\u017c zostaje wypalona warstwa pr\u00f3chnicy.&nbsp;<\/p>\n\n\n\n<p>Po\u017car (temperatura gleby podnosi si\u0119 do ok. 1000 \u00b0C), powoduje \u015bmier\u0107 d\u017cd\u017cownic, kt\u00f3re u\u017cy\u017aniaj\u0105 ziemi\u0119, biedronek zjadaj\u0105cych mszyce czy mr\u00f3wek pomagaj\u0105cych rolnikom walczy\u0107 ze szkodliwymi owadami. Gin\u0105 p\u0142azy (\u017caby, ropuchy, jaszczurki), drobne ssaki i gryzonie. Proceder wypalania jest szczeg\u00f3lnie niebezpieczny dla gniazd l\u0119gowych zak\u0142adanych zwyczajowo na ziemi lub w ga\u0142\u0105zkach krzew\u00f3w. Usytuowanie teren\u00f3w trawiastych w pobli\u017cu skupisk drzewostan\u00f3w mo\u017ce skutkowa\u0107 \u015bmierci\u0105 du\u017cych zwierz\u0105t le\u015bnych.<\/p>\n\n\n\n<p>Ogie\u0144 zabija&nbsp;&nbsp;pszczo\u0142y i trzmiele \u2013 co powoduje zmniejszenie liczby zapylonych kwiat\u00f3w, a w konsekwencji obni\u017cenie plon\u00f3w ro\u015blin.&nbsp;<\/p>\n\n\n\n<p>Ogie\u0144 i temperatury nim wywo\u0142ane stanowi\u0105 zagro\u017cenie r\u00f3wnie\u017c dla os\u00f3b wypalaj\u0105cych po\u0142acie traw (mo\u017cliwo\u015b\u0107 doznania zawa\u0142u serca lub udaru termicznego).<\/p>\n\n\n\n<p>To konsekwencje przyrodniczo-zdrowotne, a co z prawem? I tu prawo nie milczy:&nbsp;<\/p>\n\n\n\n<p>Kary za wypalanie traw: areszt, grzywna, pozbawienie wolno\u015bci do 10 lat<\/p>\n\n\n\n<p>Zgodnie z art. 124 ust. 1 Ustawy o ochronie przyrody (Dz. U. 2004 Nr 92 poz. 880) zabrania si\u0119 wypalania \u0142\u0105k, pastwisk, nieu\u017cytk\u00f3w, row\u00f3w, pas\u00f3w przydro\u017cnych, szlak\u00f3w kolejowych oraz trzcinowisk i szuwar\u00f3w. W art. 131 pkt 12 ww. ustawy wskazuje si\u0119, \u017ce kto dopu\u015bci si\u0119 ich wypalania podlega karze aresztu albo grzywny. Ponadto art. 163 \u00a7 1 pkt 1 Kodeksu karnego (Dz.U. 1997 Nr 88 poz. 553) stanowi, \u017ce kto sprowadza zdarzenie, kt\u00f3re zagra\u017ca \u017cyciu lub zdrowiu wielu os\u00f3b albo mieniu w wielkich rozmiarach, maj\u0105ce posta\u0107 po\u017caru, podlega karze pozbawienia wolno\u015bci od roku do lat 10.<\/p>\n\n\n\n<p>Czy to przemawia? Nie niszczmy sami siebie.&nbsp;<\/p>\n\n\n\n<p>W nast\u0119pnym spotkaniu wyja\u015bni\u0119 ubi\u00f3r Leona: szelki, smyczy, kaganiec i link\u0119.<\/p>\n","protected":false},"excerpt":{"rendered":"<p>Leon jest psem. Nied\u0142ugo min\u0105 cztery lata od kiedy zosta\u0142 mieszka\u0144cem Kielc. Zosta\u0142 adoptowany ze schroniska w wojew\u00f3dztwie \u0142\u00f3dzkim, a od\u0142owiony gdzie\u015b na Podkarpaciu, co jest przyk\u0142adem bezsensownego trwonienia samorz\u0105dowych pieni\u0119dzy. B\u0119dziemy mieli jeszcze okazj\u0119 o tym m\u00f3wi\u0107.\u00a0<br \/>\n<br \/>\nJego energia i nieustanna ch\u0119\u0107 poznawania nowych \u015bcie\u017cek prowadzi nas do r\u00f3\u017cnych miejsc, a to daje mo\u017cliwo\u015b\u0107 obserwowania \u017cycia naszego miasta. Wbrew obiegowej, a jak\u017ce niesprawiedliwej opinii, w Kielcach dzieje si\u0119. Dzieje si\u0119 sporo na \u015bcie\u017ckach, trawnikach, wok\u00f3\u0142 blok\u00f3w i na obrze\u017cach miasta. Leon odwiedza te miejsca na smyczy, cz\u0119sto w kaga\u0144cu lub na d\u0142ugiej \u2013 15 metrowej lince. Dlaczego? Bo takie jest prawo. Cz\u0119sto machamy lekcewa\u017c\u0105co r\u0119k\u0105 na \u0142amanie prawa, a nie powinni\u015bmy. Bo kiedy z\u0142amiemy kijek, to ten kijek nie jest ani mniej, ani bardziej z\u0142amany \u2013 JEST Z\u0141AMANY. Czy to wp\u0142ywa na jako\u015b\u0107 naszego \u017cycia? Oczywi\u015bcie, \u017ce tak! A do kogo pretensje? Najcz\u0119\u015bciej sami powinni\u015bmy by\u0107 ich adresatami. I tak pierwszy i naj\u015bwie\u017cszy przyk\u0142ad z brzegu: wypalanie traw.<\/p>\n","protected":false},"author":36,"featured_media":3994,"comment_status":"closed","ping_status":"closed","sticky":false,"template":"","format":"standard","meta":{"colormag_page_container_layout":"no_sidebar_content_centered","colormag_page_sidebar_layout":"no_sidebar","_jetpack_memberships_contains_paid_content":false,"footnotes":"","_links_to":"","_links_to_target":""},"categories":[42,161],"tags":[],"class_list":["post-3993","post","type-post","status-publish","format-standard","has-post-thumbnail","hentry","category-felietony","category-kielecki-spacer-leona"],"yoast_head":"<!-- This site is optimized with the Yoast SEO plugin v27.4 - https:\/\/yoast.com\/product\/yoast-seo-wordpress\/ -->\n<title>Kielecki spacer Leona - NOTABENE.WORLD<\/title>\n<meta name=\"robots\" content=\"index, follow, max-snippet:-1, max-image-preview:large, max-video-preview:-1\" \/>\n<link rel=\"canonical\" href=\"https:\/\/notabene.world\/nb\/kielecki-spacer-leona\/\" \/>\n<meta property=\"og:locale\" content=\"pl_PL\" \/>\n<meta property=\"og:type\" content=\"article\" \/>\n<meta property=\"og:title\" content=\"Kielecki spacer Leona - NOTABENE.WORLD\" \/>\n<meta property=\"og:description\" content=\"Leon jest psem. Nied\u0142ugo min\u0105 cztery lata od kiedy zosta\u0142 mieszka\u0144cem Kielc. Zosta\u0142 adoptowany ze schroniska w wojew\u00f3dztwie \u0142\u00f3dzkim, a od\u0142owiony gdzie\u015b na Podkarpaciu, co jest przyk\u0142adem bezsensownego trwonienia samorz\u0105dowych pieni\u0119dzy. B\u0119dziemy mieli jeszcze okazj\u0119 o tym m\u00f3wi\u0107.\u00a0 Jego energia i nieustanna ch\u0119\u0107 poznawania nowych \u015bcie\u017cek prowadzi nas do r\u00f3\u017cnych miejsc, a to daje mo\u017cliwo\u015b\u0107 obserwowania \u017cycia naszego miasta. Wbrew obiegowej, a jak\u017ce niesprawiedliwej opinii, w Kielcach dzieje si\u0119. Dzieje si\u0119 sporo na \u015bcie\u017ckach, trawnikach, wok\u00f3\u0142 blok\u00f3w i na obrze\u017cach miasta. Leon odwiedza te miejsca na smyczy, cz\u0119sto w kaga\u0144cu lub na d\u0142ugiej \u2013 15 metrowej lince. Dlaczego? Bo takie jest prawo. Cz\u0119sto machamy lekcewa\u017c\u0105co r\u0119k\u0105 na \u0142amanie prawa, a nie powinni\u015bmy. Bo kiedy z\u0142amiemy kijek, to ten kijek nie jest ani mniej, ani bardziej z\u0142amany \u2013 JEST Z\u0141AMANY. Czy to wp\u0142ywa na jako\u015b\u0107 naszego \u017cycia? Oczywi\u015bcie, \u017ce tak! A do kogo pretensje? Najcz\u0119\u015bciej sami powinni\u015bmy by\u0107 ich adresatami. I tak pierwszy i naj\u015bwie\u017cszy przyk\u0142ad z brzegu: wypalanie traw.\" \/>\n<meta property=\"og:url\" content=\"https:\/\/notabene.world\/nb\/kielecki-spacer-leona\/\" \/>\n<meta property=\"og:site_name\" content=\"NOTABENE.WORLD\" \/>\n<meta property=\"article:publisher\" content=\"https:\/\/www.facebook.com\/Notabene.World\" \/>\n<meta property=\"article:published_time\" content=\"2023-03-22T15:38:00+00:00\" \/>\n<meta property=\"article:modified_time\" content=\"2024-04-28T18:59:13+00:00\" \/>\n<meta property=\"og:image\" content=\"https:\/\/notabene.world\/nb\/wp-content\/uploads\/2022\/03\/leon.jpg\" \/>\n\t<meta property=\"og:image:width\" content=\"800\" \/>\n\t<meta property=\"og:image:height\" content=\"445\" \/>\n\t<meta property=\"og:image:type\" content=\"image\/jpeg\" \/>\n<meta name=\"author\" content=\"I R C\" \/>\n<meta name=\"twitter:card\" content=\"summary_large_image\" \/>\n<meta name=\"twitter:label1\" content=\"Napisane przez\" \/>\n\t<meta name=\"twitter:data1\" content=\"I R C\" \/>\n\t<meta name=\"twitter:label2\" content=\"Szacowany czas czytania\" \/>\n\t<meta name=\"twitter:data2\" content=\"4 minuty\" \/>\n<script type=\"application\/ld+json\" class=\"yoast-schema-graph\">{\"@context\":\"https:\\\/\\\/schema.org\",\"@graph\":[{\"@type\":\"Article\",\"@id\":\"https:\\\/\\\/notabene.world\\\/nb\\\/kielecki-spacer-leona\\\/#article\",\"isPartOf\":{\"@id\":\"https:\\\/\\\/notabene.world\\\/nb\\\/kielecki-spacer-leona\\\/\"},\"author\":{\"name\":\"I R C\",\"@id\":\"https:\\\/\\\/notabene.world\\\/nb\\\/#\\\/schema\\\/person\\\/ac70a2aaa7211680d43f77c39f6b6cc6\"},\"headline\":\"Kielecki spacer Leona\",\"datePublished\":\"2023-03-22T15:38:00+00:00\",\"dateModified\":\"2024-04-28T18:59:13+00:00\",\"mainEntityOfPage\":{\"@id\":\"https:\\\/\\\/notabene.world\\\/nb\\\/kielecki-spacer-leona\\\/\"},\"wordCount\":560,\"publisher\":{\"@id\":\"https:\\\/\\\/notabene.world\\\/nb\\\/#organization\"},\"image\":{\"@id\":\"https:\\\/\\\/notabene.world\\\/nb\\\/kielecki-spacer-leona\\\/#primaryimage\"},\"thumbnailUrl\":\"https:\\\/\\\/i0.wp.com\\\/notabene.world\\\/nb\\\/wp-content\\\/uploads\\\/2022\\\/03\\\/leon.jpg?fit=800%2C445&ssl=1\",\"articleSection\":[\"Felietony\",\"Kielecki Spacer Leona\"],\"inLanguage\":\"pl-PL\"},{\"@type\":\"WebPage\",\"@id\":\"https:\\\/\\\/notabene.world\\\/nb\\\/kielecki-spacer-leona\\\/\",\"url\":\"https:\\\/\\\/notabene.world\\\/nb\\\/kielecki-spacer-leona\\\/\",\"name\":\"Kielecki spacer Leona - NOTABENE.WORLD\",\"isPartOf\":{\"@id\":\"https:\\\/\\\/notabene.world\\\/nb\\\/#website\"},\"primaryImageOfPage\":{\"@id\":\"https:\\\/\\\/notabene.world\\\/nb\\\/kielecki-spacer-leona\\\/#primaryimage\"},\"image\":{\"@id\":\"https:\\\/\\\/notabene.world\\\/nb\\\/kielecki-spacer-leona\\\/#primaryimage\"},\"thumbnailUrl\":\"https:\\\/\\\/i0.wp.com\\\/notabene.world\\\/nb\\\/wp-content\\\/uploads\\\/2022\\\/03\\\/leon.jpg?fit=800%2C445&ssl=1\",\"datePublished\":\"2023-03-22T15:38:00+00:00\",\"dateModified\":\"2024-04-28T18:59:13+00:00\",\"breadcrumb\":{\"@id\":\"https:\\\/\\\/notabene.world\\\/nb\\\/kielecki-spacer-leona\\\/#breadcrumb\"},\"inLanguage\":\"pl-PL\",\"potentialAction\":[{\"@type\":\"ReadAction\",\"target\":[\"https:\\\/\\\/notabene.world\\\/nb\\\/kielecki-spacer-leona\\\/\"]}]},{\"@type\":\"ImageObject\",\"inLanguage\":\"pl-PL\",\"@id\":\"https:\\\/\\\/notabene.world\\\/nb\\\/kielecki-spacer-leona\\\/#primaryimage\",\"url\":\"https:\\\/\\\/i0.wp.com\\\/notabene.world\\\/nb\\\/wp-content\\\/uploads\\\/2022\\\/03\\\/leon.jpg?fit=800%2C445&ssl=1\",\"contentUrl\":\"https:\\\/\\\/i0.wp.com\\\/notabene.world\\\/nb\\\/wp-content\\\/uploads\\\/2022\\\/03\\\/leon.jpg?fit=800%2C445&ssl=1\",\"width\":800,\"height\":445},{\"@type\":\"BreadcrumbList\",\"@id\":\"https:\\\/\\\/notabene.world\\\/nb\\\/kielecki-spacer-leona\\\/#breadcrumb\",\"itemListElement\":[{\"@type\":\"ListItem\",\"position\":1,\"name\":\"Home\",\"item\":\"https:\\\/\\\/notabene.world\\\/nb\\\/\"},{\"@type\":\"ListItem\",\"position\":2,\"name\":\"Kielecki spacer Leona\"}]},{\"@type\":\"WebSite\",\"@id\":\"https:\\\/\\\/notabene.world\\\/nb\\\/#website\",\"url\":\"https:\\\/\\\/notabene.world\\\/nb\\\/\",\"name\":\"NOTABENE.WORLD\",\"description\":\"Przekaz. Warto\u015bci. Wsp\u00f3lnota.\",\"publisher\":{\"@id\":\"https:\\\/\\\/notabene.world\\\/nb\\\/#organization\"},\"potentialAction\":[{\"@type\":\"SearchAction\",\"target\":{\"@type\":\"EntryPoint\",\"urlTemplate\":\"https:\\\/\\\/notabene.world\\\/nb\\\/?s={search_term_string}\"},\"query-input\":{\"@type\":\"PropertyValueSpecification\",\"valueRequired\":true,\"valueName\":\"search_term_string\"}}],\"inLanguage\":\"pl-PL\"},{\"@type\":\"Organization\",\"@id\":\"https:\\\/\\\/notabene.world\\\/nb\\\/#organization\",\"name\":\"NOTABENE.WORLD\",\"url\":\"https:\\\/\\\/notabene.world\\\/nb\\\/\",\"logo\":{\"@type\":\"ImageObject\",\"inLanguage\":\"pl-PL\",\"@id\":\"https:\\\/\\\/notabene.world\\\/nb\\\/#\\\/schema\\\/logo\\\/image\\\/\",\"url\":\"https:\\\/\\\/notabene.world\\\/nb\\\/wp-content\\\/uploads\\\/2022\\\/01\\\/NB-club-start-www1.jpg\",\"contentUrl\":\"https:\\\/\\\/notabene.world\\\/nb\\\/wp-content\\\/uploads\\\/2022\\\/01\\\/NB-club-start-www1.jpg\",\"width\":1000,\"height\":839,\"caption\":\"NOTABENE.WORLD\"},\"image\":{\"@id\":\"https:\\\/\\\/notabene.world\\\/nb\\\/#\\\/schema\\\/logo\\\/image\\\/\"},\"sameAs\":[\"https:\\\/\\\/www.facebook.com\\\/Notabene.World\"]},{\"@type\":\"Person\",\"@id\":\"https:\\\/\\\/notabene.world\\\/nb\\\/#\\\/schema\\\/person\\\/ac70a2aaa7211680d43f77c39f6b6cc6\",\"name\":\"I R C\",\"image\":{\"@type\":\"ImageObject\",\"inLanguage\":\"pl-PL\",\"@id\":\"https:\\\/\\\/secure.gravatar.com\\\/avatar\\\/fe2825cf9f743227fcf297d0160324b27a850abef445f5fbfb0296cb18d5d169?s=96&d=mm&r=g\",\"url\":\"https:\\\/\\\/secure.gravatar.com\\\/avatar\\\/fe2825cf9f743227fcf297d0160324b27a850abef445f5fbfb0296cb18d5d169?s=96&d=mm&r=g\",\"contentUrl\":\"https:\\\/\\\/secure.gravatar.com\\\/avatar\\\/fe2825cf9f743227fcf297d0160324b27a850abef445f5fbfb0296cb18d5d169?s=96&d=mm&r=g\",\"caption\":\"I R C\"},\"url\":\"https:\\\/\\\/notabene.world\\\/nb\\\/author\\\/in-r\\\/\"}]}<\/script>\n<!-- \/ Yoast SEO plugin. -->","yoast_head_json":{"title":"Kielecki spacer Leona - NOTABENE.WORLD","robots":{"index":"index","follow":"follow","max-snippet":"max-snippet:-1","max-image-preview":"max-image-preview:large","max-video-preview":"max-video-preview:-1"},"canonical":"https:\/\/notabene.world\/nb\/kielecki-spacer-leona\/","og_locale":"pl_PL","og_type":"article","og_title":"Kielecki spacer Leona - NOTABENE.WORLD","og_description":"Leon jest psem. Nied\u0142ugo min\u0105 cztery lata od kiedy zosta\u0142 mieszka\u0144cem Kielc. Zosta\u0142 adoptowany ze schroniska w wojew\u00f3dztwie \u0142\u00f3dzkim, a od\u0142owiony gdzie\u015b na Podkarpaciu, co jest przyk\u0142adem bezsensownego trwonienia samorz\u0105dowych pieni\u0119dzy. B\u0119dziemy mieli jeszcze okazj\u0119 o tym m\u00f3wi\u0107.\u00a0 Jego energia i nieustanna ch\u0119\u0107 poznawania nowych \u015bcie\u017cek prowadzi nas do r\u00f3\u017cnych miejsc, a to daje mo\u017cliwo\u015b\u0107 obserwowania \u017cycia naszego miasta. Wbrew obiegowej, a jak\u017ce niesprawiedliwej opinii, w Kielcach dzieje si\u0119. Dzieje si\u0119 sporo na \u015bcie\u017ckach, trawnikach, wok\u00f3\u0142 blok\u00f3w i na obrze\u017cach miasta. Leon odwiedza te miejsca na smyczy, cz\u0119sto w kaga\u0144cu lub na d\u0142ugiej \u2013 15 metrowej lince. Dlaczego? Bo takie jest prawo. Cz\u0119sto machamy lekcewa\u017c\u0105co r\u0119k\u0105 na \u0142amanie prawa, a nie powinni\u015bmy. Bo kiedy z\u0142amiemy kijek, to ten kijek nie jest ani mniej, ani bardziej z\u0142amany \u2013 JEST Z\u0141AMANY. Czy to wp\u0142ywa na jako\u015b\u0107 naszego \u017cycia? Oczywi\u015bcie, \u017ce tak! A do kogo pretensje? Najcz\u0119\u015bciej sami powinni\u015bmy by\u0107 ich adresatami. I tak pierwszy i naj\u015bwie\u017cszy przyk\u0142ad z brzegu: wypalanie traw.","og_url":"https:\/\/notabene.world\/nb\/kielecki-spacer-leona\/","og_site_name":"NOTABENE.WORLD","article_publisher":"https:\/\/www.facebook.com\/Notabene.World","article_published_time":"2023-03-22T15:38:00+00:00","article_modified_time":"2024-04-28T18:59:13+00:00","og_image":[{"width":800,"height":445,"url":"https:\/\/notabene.world\/nb\/wp-content\/uploads\/2022\/03\/leon.jpg","type":"image\/jpeg"}],"author":"I R C","twitter_card":"summary_large_image","twitter_misc":{"Napisane przez":"I R C","Szacowany czas czytania":"4 minuty"},"schema":{"@context":"https:\/\/schema.org","@graph":[{"@type":"Article","@id":"https:\/\/notabene.world\/nb\/kielecki-spacer-leona\/#article","isPartOf":{"@id":"https:\/\/notabene.world\/nb\/kielecki-spacer-leona\/"},"author":{"name":"I R C","@id":"https:\/\/notabene.world\/nb\/#\/schema\/person\/ac70a2aaa7211680d43f77c39f6b6cc6"},"headline":"Kielecki spacer Leona","datePublished":"2023-03-22T15:38:00+00:00","dateModified":"2024-04-28T18:59:13+00:00","mainEntityOfPage":{"@id":"https:\/\/notabene.world\/nb\/kielecki-spacer-leona\/"},"wordCount":560,"publisher":{"@id":"https:\/\/notabene.world\/nb\/#organization"},"image":{"@id":"https:\/\/notabene.world\/nb\/kielecki-spacer-leona\/#primaryimage"},"thumbnailUrl":"https:\/\/i0.wp.com\/notabene.world\/nb\/wp-content\/uploads\/2022\/03\/leon.jpg?fit=800%2C445&ssl=1","articleSection":["Felietony","Kielecki Spacer Leona"],"inLanguage":"pl-PL"},{"@type":"WebPage","@id":"https:\/\/notabene.world\/nb\/kielecki-spacer-leona\/","url":"https:\/\/notabene.world\/nb\/kielecki-spacer-leona\/","name":"Kielecki spacer Leona - NOTABENE.WORLD","isPartOf":{"@id":"https:\/\/notabene.world\/nb\/#website"},"primaryImageOfPage":{"@id":"https:\/\/notabene.world\/nb\/kielecki-spacer-leona\/#primaryimage"},"image":{"@id":"https:\/\/notabene.world\/nb\/kielecki-spacer-leona\/#primaryimage"},"thumbnailUrl":"https:\/\/i0.wp.com\/notabene.world\/nb\/wp-content\/uploads\/2022\/03\/leon.jpg?fit=800%2C445&ssl=1","datePublished":"2023-03-22T15:38:00+00:00","dateModified":"2024-04-28T18:59:13+00:00","breadcrumb":{"@id":"https:\/\/notabene.world\/nb\/kielecki-spacer-leona\/#breadcrumb"},"inLanguage":"pl-PL","potentialAction":[{"@type":"ReadAction","target":["https:\/\/notabene.world\/nb\/kielecki-spacer-leona\/"]}]},{"@type":"ImageObject","inLanguage":"pl-PL","@id":"https:\/\/notabene.world\/nb\/kielecki-spacer-leona\/#primaryimage","url":"https:\/\/i0.wp.com\/notabene.world\/nb\/wp-content\/uploads\/2022\/03\/leon.jpg?fit=800%2C445&ssl=1","contentUrl":"https:\/\/i0.wp.com\/notabene.world\/nb\/wp-content\/uploads\/2022\/03\/leon.jpg?fit=800%2C445&ssl=1","width":800,"height":445},{"@type":"BreadcrumbList","@id":"https:\/\/notabene.world\/nb\/kielecki-spacer-leona\/#breadcrumb","itemListElement":[{"@type":"ListItem","position":1,"name":"Home","item":"https:\/\/notabene.world\/nb\/"},{"@type":"ListItem","position":2,"name":"Kielecki spacer Leona"}]},{"@type":"WebSite","@id":"https:\/\/notabene.world\/nb\/#website","url":"https:\/\/notabene.world\/nb\/","name":"NOTABENE.WORLD","description":"Przekaz. Warto\u015bci. Wsp\u00f3lnota.","publisher":{"@id":"https:\/\/notabene.world\/nb\/#organization"},"potentialAction":[{"@type":"SearchAction","target":{"@type":"EntryPoint","urlTemplate":"https:\/\/notabene.world\/nb\/?s={search_term_string}"},"query-input":{"@type":"PropertyValueSpecification","valueRequired":true,"valueName":"search_term_string"}}],"inLanguage":"pl-PL"},{"@type":"Organization","@id":"https:\/\/notabene.world\/nb\/#organization","name":"NOTABENE.WORLD","url":"https:\/\/notabene.world\/nb\/","logo":{"@type":"ImageObject","inLanguage":"pl-PL","@id":"https:\/\/notabene.world\/nb\/#\/schema\/logo\/image\/","url":"https:\/\/notabene.world\/nb\/wp-content\/uploads\/2022\/01\/NB-club-start-www1.jpg","contentUrl":"https:\/\/notabene.world\/nb\/wp-content\/uploads\/2022\/01\/NB-club-start-www1.jpg","width":1000,"height":839,"caption":"NOTABENE.WORLD"},"image":{"@id":"https:\/\/notabene.world\/nb\/#\/schema\/logo\/image\/"},"sameAs":["https:\/\/www.facebook.com\/Notabene.World"]},{"@type":"Person","@id":"https:\/\/notabene.world\/nb\/#\/schema\/person\/ac70a2aaa7211680d43f77c39f6b6cc6","name":"I R C","image":{"@type":"ImageObject","inLanguage":"pl-PL","@id":"https:\/\/secure.gravatar.com\/avatar\/fe2825cf9f743227fcf297d0160324b27a850abef445f5fbfb0296cb18d5d169?s=96&d=mm&r=g","url":"https:\/\/secure.gravatar.com\/avatar\/fe2825cf9f743227fcf297d0160324b27a850abef445f5fbfb0296cb18d5d169?s=96&d=mm&r=g","contentUrl":"https:\/\/secure.gravatar.com\/avatar\/fe2825cf9f743227fcf297d0160324b27a850abef445f5fbfb0296cb18d5d169?s=96&d=mm&r=g","caption":"I R C"},"url":"https:\/\/notabene.world\/nb\/author\/in-r\/"}]}},"jetpack_featured_media_url":"https:\/\/i0.wp.com\/notabene.world\/nb\/wp-content\/uploads\/2022\/03\/leon.jpg?fit=800%2C445&ssl=1","jetpack_sharing_enabled":true,"jetpack_shortlink":"https:\/\/wp.me\/pdCobN-12p","_links":{"self":[{"href":"https:\/\/notabene.world\/nb\/wp-json\/wp\/v2\/posts\/3993","targetHints":{"allow":["GET"]}}],"collection":[{"href":"https:\/\/notabene.world\/nb\/wp-json\/wp\/v2\/posts"}],"about":[{"href":"https:\/\/notabene.world\/nb\/wp-json\/wp\/v2\/types\/post"}],"author":[{"embeddable":true,"href":"https:\/\/notabene.world\/nb\/wp-json\/wp\/v2\/users\/36"}],"replies":[{"embeddable":true,"href":"https:\/\/notabene.world\/nb\/wp-json\/wp\/v2\/comments?post=3993"}],"version-history":[{"count":5,"href":"https:\/\/notabene.world\/nb\/wp-json\/wp\/v2\/posts\/3993\/revisions"}],"predecessor-version":[{"id":12825,"href":"https:\/\/notabene.world\/nb\/wp-json\/wp\/v2\/posts\/3993\/revisions\/12825"}],"wp:featuredmedia":[{"embeddable":true,"href":"https:\/\/notabene.world\/nb\/wp-json\/wp\/v2\/media\/3994"}],"wp:attachment":[{"href":"https:\/\/notabene.world\/nb\/wp-json\/wp\/v2\/media?parent=3993"}],"wp:term":[{"taxonomy":"category","embeddable":true,"href":"https:\/\/notabene.world\/nb\/wp-json\/wp\/v2\/categories?post=3993"},{"taxonomy":"post_tag","embeddable":true,"href":"https:\/\/notabene.world\/nb\/wp-json\/wp\/v2\/tags?post=3993"}],"curies":[{"name":"wp","href":"https:\/\/api.w.org\/{rel}","templated":true}]}}