{"id":4051,"date":"2022-03-17T03:38:37","date_gmt":"2022-03-17T02:38:37","guid":{"rendered":"https:\/\/notabene.world\/nb\/?p=4051"},"modified":"2022-03-17T03:44:26","modified_gmt":"2022-03-17T02:44:26","slug":"o-wojnie-przy-czajkowskim","status":"publish","type":"post","link":"https:\/\/notabene.world\/nb\/o-wojnie-przy-czajkowskim\/","title":{"rendered":"O wojnie przy Czajkowskim"},"content":{"rendered":"\n<p>W\u0142\u0105czam &#8222;Dziadka do orzech\u00f3w&#8221; i my\u015bl\u0119 o wojnie. Zastanawiam si\u0119,&nbsp; co pchn\u0119\u0142o do jej rozp\u0119tania. Czy ona r\u00f3\u017cni si\u0119 zasadniczo od tych, kt\u00f3re obserwowali\u015bmy z wi\u0119kszego dystansu? Tych w Afryce, Iraku czy Afganistanie&#8230; Mo\u017ce jedynie skal\u0105 zaanga\u017cowanych si\u0142 i \u015brodk\u00f3w, chocia\u017c ww. konfliktom te\u017c nie zbywa\u0142o na rozmachu&#8230; Kiedy ku naszemu przera\u017ceniu samoloty uderza\u0142y w World Trade Center, powstawa\u0142o to samo pytanie. Dlaczego? Czemu kto\u015b wpad\u0142 na pomys\u0142 spowodowania cierpienia i \u015bmierci innych ludzi? W takiej liczbie i w takich okoliczno\u015bciach&#8230; <\/p>\n\n\n\n<p>Czy to wszystko mo\u017cna wyt\u0142umaczy\u0107 ambicj\u0105 posiadania wp\u0142ywu na losy tego \u015bwiata? Ambicj\u0105 sprawowania rz\u0105du dusz? &#8222;Nauczycielka \u017cycia&#8221; nie odpowie nam jednoznacznie na te pytania. Wydawa\u0142oby si\u0119, \u017ce motywacja religijnych radyka\u0142\u00f3w jest inna od tej, o kt\u00f3r\u0105 pos\u0105dzamy W\u0142adymira W\u0142adymirowicza&#8230; Ta ostatnia mo\u017ce bardziej przypomina nam d\u0105\u017cenia Piotra Wielkiego inspirowanego nie czym innym jak niedo\u015bcig\u0142ym wzorem Imperium Rzymskiego. Rozw\u00f3j terytorialny tego ostatniego to wszak pasmo wojen, cierpie\u0144 i tego, co dzi\u015b nazywamy ludob\u00f3jstwem. Zachwyceni spu\u015bcizn\u0105 antyku cz\u0119sto zapominamy o tej znanej przecie\u017c,&nbsp; acz mrocznej karcie dziej\u00f3w Rzymu. Nie pami\u0119tamy jak jeszcze wcze\u015bniej Ate\u0144czycy dopu\u015bcili si\u0119 zbrodni w imi\u0119 zasady &#8211; &#8222;je\u015bli nie jeste\u015b z nami, jeste\u015b przeciwko nam&#8221;. <\/p>\n\n\n\n<p>Wolimy pami\u0119ta\u0107 ludzkie osi\u0105gni\u0119cia cywilizacyjne, takie jak attyckie rzemios\u0142o, sztuka czy filozofia albo rzymskie prawodawstwo, pragmatyzm, architektura i technika. Wydawa\u0142oby si\u0119, \u017ce jedno z ww. osi\u0105gni\u0119\u0107, mo\u017ce w jakim\u015b stopniu usprawiedliwia\u0107 zamierzch\u0142e zbrodnie pope\u0142nione w trakcie rzymskiej ekspansji. Mam na my\u015bli pragmatyzm. Rozw\u00f3j terytorialny by\u0142 bowiem obliczony g\u0142\u00f3wnie na zaspokojenie dost\u0119pu do surowc\u00f3w i d\u00f3br, i zapewnienie stabilno\u015bci ich dostaw do stolicy. To rzecz jasna pewne uproszczenie,&nbsp; ale zwr\u00f3\u0107my uwag\u0119, \u017ce analogiczne przyczyny mo\u017cna wskaza\u0107 dla obu niedawnych wojen w Zatoce Perskiej&#8230; Znajdziemy te\u017c wiele wsp\u00f3\u0142czesnych nam podobie\u0144stw przypominaj\u0105c sobie rzymsk\u0105 zasad\u0119 &#8222;dziel i rz\u0105d\u017a&#8221;. Czy ma znaczenie,&nbsp; kt\u00f3re z istniej\u0105cych mocarstw ja stosowa\u0142o lub stosuje? Oczywi\u015bcie,&nbsp; \u017ce&nbsp; nie ma. Czy my, mieszka\u0144cy kraju nad Wis\u0142\u0105 jeste\u015bmy te\u017c ca\u0142kiem niewinni? Nadal jeste\u015bmy Winkelriedem narod\u00f3w? Przedmurzem Europy? Chyba jednak nie. <\/p>\n\n\n\n<p>Mamy te\u017c wyra\u017any k\u0142opot, \u017ceby stwierdzi\u0107, ponad wszelk\u0105 w\u0105tpliwo\u015b\u0107,\u00a0 po co jest ta obecna wojna&#8230; Tylko dla mocarstwowych ambicji W\u0142adimira? Czy\u017cby ukrai\u0144scy cywile,\u00a0 kt\u00f3rzy jednak nie witali jego \u017co\u0142nierzy kwiatami rozczarowali go tak bardzo, \u017ce zamierza ich wszystkich wybi\u0107 termobarycznymi, forforowymi czy kasetonowymi pociskami? Ludzkie poj\u0119cie tego, co codziennie do\u015bwiadczaj\u0105 Ukrai\u0144cy, ju\u017c dawno przesz\u0142o, g\u0142o\u015bno wybijaj\u0105c staccato po pokrytym gruzem bruku.\u00a0Nie zmieniamy si\u0119. Jeste\u015bmy tacy sami jak 2 czy 3 tysi\u0105ce lat temu. Jeste\u015bmy takimi samymi kar\u0142ami strachu, bezradno\u015bci lub bestialstwa&#8230; Potrafimy przy tym szybko znale\u017a\u0107 innych winnych&#8230; Dawno zmar\u0142ych kompozytor\u00f3w lub pisarzy, kt\u00f3rzy byli Rosjanami&#8230; Tak, jakby to oni strzelali do ukrai\u0144skich starc\u00f3w, kobiet i dzieci&#8230; Wstyd i poczucie bezradno\u015bci nie pozwalaj\u0105 mi wy\u0142\u0105czy\u0107 Czajkowskiego&#8230;<\/p>\n","protected":false},"excerpt":{"rendered":"<p>W\u0142\u0105czam &#8222;Dziadka do orzech\u00f3w&#8221; i my\u015bl\u0119 o wojnie. Zastanawiam si\u0119,\u00a0 co pchn\u0119\u0142o do jej rozp\u0119tania. Czy ona r\u00f3\u017cni si\u0119 zasadniczo od tych, kt\u00f3re obserwowali\u015bmy z wi\u0119kszego dystansu? Tych w Afryce, Iraku czy Afganistanie&#8230; Mo\u017ce jedynie skal\u0105 zaanga\u017cowanych si\u0142 i \u015brodk\u00f3w, chocia\u017c ww. konfliktom te\u017c nie zbywa\u0142o na rozmachu&#8230; Kiedy ku naszemu przera\u017ceniu samoloty uderza\u0142y w World Trade Center, powstawa\u0142o to samo pytanie. Dlaczego? Czemu kto\u015b wpad\u0142 na pomys\u0142 spowodowania cierpienia i \u015bmierci innych ludzi? W takiej liczbie i w takich okoliczno\u015bciach&#8230;<br \/>\nNie zmieniamy si\u0119. Jeste\u015bmy tacy sami jak 2 czy 3 tysi\u0105ce lat temu. Jeste\u015bmy takimi samymi kar\u0142ami strachu, bezradno\u015bci lub bestialstwa&#8230; Potrafimy przy tym szybko znale\u017a\u0107 innych winnych&#8230; Dawno zmar\u0142ych kompozytor\u00f3w lub pisarzy, kt\u00f3rzy byli Rosjanami&#8230; Tak, jakby to oni strzelali do ukrai\u0144skich starc\u00f3w, kobiet i dzieci&#8230;Wstyd i poczucie bezradno\u015bci nie pozwalaj\u0105 mi wy\u0142\u0105czy\u0107 Czajkowskiego&#8230; <\/p>\n","protected":false},"author":34,"featured_media":4052,"comment_status":"closed","ping_status":"closed","sticky":false,"template":"","format":"standard","meta":{"colormag_page_container_layout":"no_sidebar_full_width","colormag_page_sidebar_layout":"no_sidebar","_jetpack_memberships_contains_paid_content":false,"footnotes":"","_links_to":"","_links_to_target":""},"categories":[42,150],"tags":[],"class_list":["post-4051","post","type-post","status-publish","format-standard","has-post-thumbnail","hentry","category-felietony","category-publicystyka"],"yoast_head":"<!-- This site is optimized with the Yoast SEO plugin v27.4 - https:\/\/yoast.com\/product\/yoast-seo-wordpress\/ -->\n<title>O wojnie przy Czajkowskim - NOTABENE.WORLD<\/title>\n<meta name=\"robots\" content=\"index, follow, max-snippet:-1, max-image-preview:large, max-video-preview:-1\" \/>\n<link rel=\"canonical\" href=\"https:\/\/notabene.world\/nb\/o-wojnie-przy-czajkowskim\/\" \/>\n<meta property=\"og:locale\" content=\"pl_PL\" \/>\n<meta property=\"og:type\" content=\"article\" \/>\n<meta property=\"og:title\" content=\"O wojnie przy Czajkowskim - NOTABENE.WORLD\" \/>\n<meta property=\"og:description\" content=\"W\u0142\u0105czam &quot;Dziadka do orzech\u00f3w&quot; i my\u015bl\u0119 o wojnie. Zastanawiam si\u0119,\u00a0 co pchn\u0119\u0142o do jej rozp\u0119tania. Czy ona r\u00f3\u017cni si\u0119 zasadniczo od tych, kt\u00f3re obserwowali\u015bmy z wi\u0119kszego dystansu? Tych w Afryce, Iraku czy Afganistanie... Mo\u017ce jedynie skal\u0105 zaanga\u017cowanych si\u0142 i \u015brodk\u00f3w, chocia\u017c ww. konfliktom te\u017c nie zbywa\u0142o na rozmachu... Kiedy ku naszemu przera\u017ceniu samoloty uderza\u0142y w World Trade Center, powstawa\u0142o to samo pytanie. Dlaczego? Czemu kto\u015b wpad\u0142 na pomys\u0142 spowodowania cierpienia i \u015bmierci innych ludzi? W takiej liczbie i w takich okoliczno\u015bciach... Nie zmieniamy si\u0119. Jeste\u015bmy tacy sami jak 2 czy 3 tysi\u0105ce lat temu. Jeste\u015bmy takimi samymi kar\u0142ami strachu, bezradno\u015bci lub bestialstwa... Potrafimy przy tym szybko znale\u017a\u0107 innych winnych... Dawno zmar\u0142ych kompozytor\u00f3w lub pisarzy, kt\u00f3rzy byli Rosjanami... Tak, jakby to oni strzelali do ukrai\u0144skich starc\u00f3w, kobiet i dzieci...Wstyd i poczucie bezradno\u015bci nie pozwalaj\u0105 mi wy\u0142\u0105czy\u0107 Czajkowskiego...\" \/>\n<meta property=\"og:url\" content=\"https:\/\/notabene.world\/nb\/o-wojnie-przy-czajkowskim\/\" \/>\n<meta property=\"og:site_name\" content=\"NOTABENE.WORLD\" \/>\n<meta property=\"article:publisher\" content=\"https:\/\/www.facebook.com\/Notabene.World\" \/>\n<meta property=\"article:published_time\" content=\"2022-03-17T02:38:37+00:00\" \/>\n<meta property=\"article:modified_time\" content=\"2022-03-17T02:44:26+00:00\" \/>\n<meta property=\"og:image\" content=\"https:\/\/notabene.world\/nb\/wp-content\/uploads\/2022\/03\/nutcr.jpg\" \/>\n\t<meta property=\"og:image:width\" content=\"800\" \/>\n\t<meta property=\"og:image:height\" content=\"445\" \/>\n\t<meta property=\"og:image:type\" content=\"image\/jpeg\" \/>\n<meta name=\"author\" content=\"Andrzej Przychodni\" \/>\n<meta name=\"twitter:card\" content=\"summary_large_image\" \/>\n<meta name=\"twitter:label1\" content=\"Napisane przez\" \/>\n\t<meta name=\"twitter:data1\" content=\"Andrzej Przychodni\" \/>\n\t<meta name=\"twitter:label2\" content=\"Szacowany czas czytania\" \/>\n\t<meta name=\"twitter:data2\" content=\"3 minuty\" \/>\n<script type=\"application\/ld+json\" class=\"yoast-schema-graph\">{\"@context\":\"https:\\\/\\\/schema.org\",\"@graph\":[{\"@type\":\"Article\",\"@id\":\"https:\\\/\\\/notabene.world\\\/nb\\\/o-wojnie-przy-czajkowskim\\\/#article\",\"isPartOf\":{\"@id\":\"https:\\\/\\\/notabene.world\\\/nb\\\/o-wojnie-przy-czajkowskim\\\/\"},\"author\":{\"name\":\"Andrzej Przychodni\",\"@id\":\"https:\\\/\\\/notabene.world\\\/nb\\\/#\\\/schema\\\/person\\\/2b7cad700674930906781d67215bede8\"},\"headline\":\"O wojnie przy Czajkowskim\",\"datePublished\":\"2022-03-17T02:38:37+00:00\",\"dateModified\":\"2022-03-17T02:44:26+00:00\",\"mainEntityOfPage\":{\"@id\":\"https:\\\/\\\/notabene.world\\\/nb\\\/o-wojnie-przy-czajkowskim\\\/\"},\"wordCount\":542,\"publisher\":{\"@id\":\"https:\\\/\\\/notabene.world\\\/nb\\\/#organization\"},\"image\":{\"@id\":\"https:\\\/\\\/notabene.world\\\/nb\\\/o-wojnie-przy-czajkowskim\\\/#primaryimage\"},\"thumbnailUrl\":\"https:\\\/\\\/i0.wp.com\\\/notabene.world\\\/nb\\\/wp-content\\\/uploads\\\/2022\\\/03\\\/nutcr.jpg?fit=800%2C445&ssl=1\",\"articleSection\":[\"Felietony\",\"Publicystyka\"],\"inLanguage\":\"pl-PL\"},{\"@type\":\"WebPage\",\"@id\":\"https:\\\/\\\/notabene.world\\\/nb\\\/o-wojnie-przy-czajkowskim\\\/\",\"url\":\"https:\\\/\\\/notabene.world\\\/nb\\\/o-wojnie-przy-czajkowskim\\\/\",\"name\":\"O wojnie przy Czajkowskim - NOTABENE.WORLD\",\"isPartOf\":{\"@id\":\"https:\\\/\\\/notabene.world\\\/nb\\\/#website\"},\"primaryImageOfPage\":{\"@id\":\"https:\\\/\\\/notabene.world\\\/nb\\\/o-wojnie-przy-czajkowskim\\\/#primaryimage\"},\"image\":{\"@id\":\"https:\\\/\\\/notabene.world\\\/nb\\\/o-wojnie-przy-czajkowskim\\\/#primaryimage\"},\"thumbnailUrl\":\"https:\\\/\\\/i0.wp.com\\\/notabene.world\\\/nb\\\/wp-content\\\/uploads\\\/2022\\\/03\\\/nutcr.jpg?fit=800%2C445&ssl=1\",\"datePublished\":\"2022-03-17T02:38:37+00:00\",\"dateModified\":\"2022-03-17T02:44:26+00:00\",\"breadcrumb\":{\"@id\":\"https:\\\/\\\/notabene.world\\\/nb\\\/o-wojnie-przy-czajkowskim\\\/#breadcrumb\"},\"inLanguage\":\"pl-PL\",\"potentialAction\":[{\"@type\":\"ReadAction\",\"target\":[\"https:\\\/\\\/notabene.world\\\/nb\\\/o-wojnie-przy-czajkowskim\\\/\"]}]},{\"@type\":\"ImageObject\",\"inLanguage\":\"pl-PL\",\"@id\":\"https:\\\/\\\/notabene.world\\\/nb\\\/o-wojnie-przy-czajkowskim\\\/#primaryimage\",\"url\":\"https:\\\/\\\/i0.wp.com\\\/notabene.world\\\/nb\\\/wp-content\\\/uploads\\\/2022\\\/03\\\/nutcr.jpg?fit=800%2C445&ssl=1\",\"contentUrl\":\"https:\\\/\\\/i0.wp.com\\\/notabene.world\\\/nb\\\/wp-content\\\/uploads\\\/2022\\\/03\\\/nutcr.jpg?fit=800%2C445&ssl=1\",\"width\":800,\"height\":445},{\"@type\":\"BreadcrumbList\",\"@id\":\"https:\\\/\\\/notabene.world\\\/nb\\\/o-wojnie-przy-czajkowskim\\\/#breadcrumb\",\"itemListElement\":[{\"@type\":\"ListItem\",\"position\":1,\"name\":\"Home\",\"item\":\"https:\\\/\\\/notabene.world\\\/nb\\\/\"},{\"@type\":\"ListItem\",\"position\":2,\"name\":\"O wojnie przy Czajkowskim\"}]},{\"@type\":\"WebSite\",\"@id\":\"https:\\\/\\\/notabene.world\\\/nb\\\/#website\",\"url\":\"https:\\\/\\\/notabene.world\\\/nb\\\/\",\"name\":\"NOTABENE.WORLD\",\"description\":\"Przekaz. Warto\u015bci. Wsp\u00f3lnota.\",\"publisher\":{\"@id\":\"https:\\\/\\\/notabene.world\\\/nb\\\/#organization\"},\"potentialAction\":[{\"@type\":\"SearchAction\",\"target\":{\"@type\":\"EntryPoint\",\"urlTemplate\":\"https:\\\/\\\/notabene.world\\\/nb\\\/?s={search_term_string}\"},\"query-input\":{\"@type\":\"PropertyValueSpecification\",\"valueRequired\":true,\"valueName\":\"search_term_string\"}}],\"inLanguage\":\"pl-PL\"},{\"@type\":\"Organization\",\"@id\":\"https:\\\/\\\/notabene.world\\\/nb\\\/#organization\",\"name\":\"NOTABENE.WORLD\",\"url\":\"https:\\\/\\\/notabene.world\\\/nb\\\/\",\"logo\":{\"@type\":\"ImageObject\",\"inLanguage\":\"pl-PL\",\"@id\":\"https:\\\/\\\/notabene.world\\\/nb\\\/#\\\/schema\\\/logo\\\/image\\\/\",\"url\":\"https:\\\/\\\/notabene.world\\\/nb\\\/wp-content\\\/uploads\\\/2022\\\/01\\\/NB-club-start-www1.jpg\",\"contentUrl\":\"https:\\\/\\\/notabene.world\\\/nb\\\/wp-content\\\/uploads\\\/2022\\\/01\\\/NB-club-start-www1.jpg\",\"width\":1000,\"height\":839,\"caption\":\"NOTABENE.WORLD\"},\"image\":{\"@id\":\"https:\\\/\\\/notabene.world\\\/nb\\\/#\\\/schema\\\/logo\\\/image\\\/\"},\"sameAs\":[\"https:\\\/\\\/www.facebook.com\\\/Notabene.World\"]},{\"@type\":\"Person\",\"@id\":\"https:\\\/\\\/notabene.world\\\/nb\\\/#\\\/schema\\\/person\\\/2b7cad700674930906781d67215bede8\",\"name\":\"Andrzej Przychodni\",\"image\":{\"@type\":\"ImageObject\",\"inLanguage\":\"pl-PL\",\"@id\":\"https:\\\/\\\/secure.gravatar.com\\\/avatar\\\/59cf61ea3d9013b543b2632c50eed86eaf659f714e68a721e67a1a746964b8be?s=96&d=mm&r=g\",\"url\":\"https:\\\/\\\/secure.gravatar.com\\\/avatar\\\/59cf61ea3d9013b543b2632c50eed86eaf659f714e68a721e67a1a746964b8be?s=96&d=mm&r=g\",\"contentUrl\":\"https:\\\/\\\/secure.gravatar.com\\\/avatar\\\/59cf61ea3d9013b543b2632c50eed86eaf659f714e68a721e67a1a746964b8be?s=96&d=mm&r=g\",\"caption\":\"Andrzej Przychodni\"},\"url\":\"https:\\\/\\\/notabene.world\\\/nb\\\/author\\\/an-p\\\/\"}]}<\/script>\n<!-- \/ Yoast SEO plugin. -->","yoast_head_json":{"title":"O wojnie przy Czajkowskim - NOTABENE.WORLD","robots":{"index":"index","follow":"follow","max-snippet":"max-snippet:-1","max-image-preview":"max-image-preview:large","max-video-preview":"max-video-preview:-1"},"canonical":"https:\/\/notabene.world\/nb\/o-wojnie-przy-czajkowskim\/","og_locale":"pl_PL","og_type":"article","og_title":"O wojnie przy Czajkowskim - NOTABENE.WORLD","og_description":"W\u0142\u0105czam \"Dziadka do orzech\u00f3w\" i my\u015bl\u0119 o wojnie. Zastanawiam si\u0119,\u00a0 co pchn\u0119\u0142o do jej rozp\u0119tania. Czy ona r\u00f3\u017cni si\u0119 zasadniczo od tych, kt\u00f3re obserwowali\u015bmy z wi\u0119kszego dystansu? Tych w Afryce, Iraku czy Afganistanie... Mo\u017ce jedynie skal\u0105 zaanga\u017cowanych si\u0142 i \u015brodk\u00f3w, chocia\u017c ww. konfliktom te\u017c nie zbywa\u0142o na rozmachu... Kiedy ku naszemu przera\u017ceniu samoloty uderza\u0142y w World Trade Center, powstawa\u0142o to samo pytanie. Dlaczego? Czemu kto\u015b wpad\u0142 na pomys\u0142 spowodowania cierpienia i \u015bmierci innych ludzi? W takiej liczbie i w takich okoliczno\u015bciach... Nie zmieniamy si\u0119. Jeste\u015bmy tacy sami jak 2 czy 3 tysi\u0105ce lat temu. Jeste\u015bmy takimi samymi kar\u0142ami strachu, bezradno\u015bci lub bestialstwa... Potrafimy przy tym szybko znale\u017a\u0107 innych winnych... Dawno zmar\u0142ych kompozytor\u00f3w lub pisarzy, kt\u00f3rzy byli Rosjanami... Tak, jakby to oni strzelali do ukrai\u0144skich starc\u00f3w, kobiet i dzieci...Wstyd i poczucie bezradno\u015bci nie pozwalaj\u0105 mi wy\u0142\u0105czy\u0107 Czajkowskiego...","og_url":"https:\/\/notabene.world\/nb\/o-wojnie-przy-czajkowskim\/","og_site_name":"NOTABENE.WORLD","article_publisher":"https:\/\/www.facebook.com\/Notabene.World","article_published_time":"2022-03-17T02:38:37+00:00","article_modified_time":"2022-03-17T02:44:26+00:00","og_image":[{"width":800,"height":445,"url":"https:\/\/notabene.world\/nb\/wp-content\/uploads\/2022\/03\/nutcr.jpg","type":"image\/jpeg"}],"author":"Andrzej Przychodni","twitter_card":"summary_large_image","twitter_misc":{"Napisane przez":"Andrzej Przychodni","Szacowany czas czytania":"3 minuty"},"schema":{"@context":"https:\/\/schema.org","@graph":[{"@type":"Article","@id":"https:\/\/notabene.world\/nb\/o-wojnie-przy-czajkowskim\/#article","isPartOf":{"@id":"https:\/\/notabene.world\/nb\/o-wojnie-przy-czajkowskim\/"},"author":{"name":"Andrzej Przychodni","@id":"https:\/\/notabene.world\/nb\/#\/schema\/person\/2b7cad700674930906781d67215bede8"},"headline":"O wojnie przy Czajkowskim","datePublished":"2022-03-17T02:38:37+00:00","dateModified":"2022-03-17T02:44:26+00:00","mainEntityOfPage":{"@id":"https:\/\/notabene.world\/nb\/o-wojnie-przy-czajkowskim\/"},"wordCount":542,"publisher":{"@id":"https:\/\/notabene.world\/nb\/#organization"},"image":{"@id":"https:\/\/notabene.world\/nb\/o-wojnie-przy-czajkowskim\/#primaryimage"},"thumbnailUrl":"https:\/\/i0.wp.com\/notabene.world\/nb\/wp-content\/uploads\/2022\/03\/nutcr.jpg?fit=800%2C445&ssl=1","articleSection":["Felietony","Publicystyka"],"inLanguage":"pl-PL"},{"@type":"WebPage","@id":"https:\/\/notabene.world\/nb\/o-wojnie-przy-czajkowskim\/","url":"https:\/\/notabene.world\/nb\/o-wojnie-przy-czajkowskim\/","name":"O wojnie przy Czajkowskim - NOTABENE.WORLD","isPartOf":{"@id":"https:\/\/notabene.world\/nb\/#website"},"primaryImageOfPage":{"@id":"https:\/\/notabene.world\/nb\/o-wojnie-przy-czajkowskim\/#primaryimage"},"image":{"@id":"https:\/\/notabene.world\/nb\/o-wojnie-przy-czajkowskim\/#primaryimage"},"thumbnailUrl":"https:\/\/i0.wp.com\/notabene.world\/nb\/wp-content\/uploads\/2022\/03\/nutcr.jpg?fit=800%2C445&ssl=1","datePublished":"2022-03-17T02:38:37+00:00","dateModified":"2022-03-17T02:44:26+00:00","breadcrumb":{"@id":"https:\/\/notabene.world\/nb\/o-wojnie-przy-czajkowskim\/#breadcrumb"},"inLanguage":"pl-PL","potentialAction":[{"@type":"ReadAction","target":["https:\/\/notabene.world\/nb\/o-wojnie-przy-czajkowskim\/"]}]},{"@type":"ImageObject","inLanguage":"pl-PL","@id":"https:\/\/notabene.world\/nb\/o-wojnie-przy-czajkowskim\/#primaryimage","url":"https:\/\/i0.wp.com\/notabene.world\/nb\/wp-content\/uploads\/2022\/03\/nutcr.jpg?fit=800%2C445&ssl=1","contentUrl":"https:\/\/i0.wp.com\/notabene.world\/nb\/wp-content\/uploads\/2022\/03\/nutcr.jpg?fit=800%2C445&ssl=1","width":800,"height":445},{"@type":"BreadcrumbList","@id":"https:\/\/notabene.world\/nb\/o-wojnie-przy-czajkowskim\/#breadcrumb","itemListElement":[{"@type":"ListItem","position":1,"name":"Home","item":"https:\/\/notabene.world\/nb\/"},{"@type":"ListItem","position":2,"name":"O wojnie przy Czajkowskim"}]},{"@type":"WebSite","@id":"https:\/\/notabene.world\/nb\/#website","url":"https:\/\/notabene.world\/nb\/","name":"NOTABENE.WORLD","description":"Przekaz. Warto\u015bci. Wsp\u00f3lnota.","publisher":{"@id":"https:\/\/notabene.world\/nb\/#organization"},"potentialAction":[{"@type":"SearchAction","target":{"@type":"EntryPoint","urlTemplate":"https:\/\/notabene.world\/nb\/?s={search_term_string}"},"query-input":{"@type":"PropertyValueSpecification","valueRequired":true,"valueName":"search_term_string"}}],"inLanguage":"pl-PL"},{"@type":"Organization","@id":"https:\/\/notabene.world\/nb\/#organization","name":"NOTABENE.WORLD","url":"https:\/\/notabene.world\/nb\/","logo":{"@type":"ImageObject","inLanguage":"pl-PL","@id":"https:\/\/notabene.world\/nb\/#\/schema\/logo\/image\/","url":"https:\/\/notabene.world\/nb\/wp-content\/uploads\/2022\/01\/NB-club-start-www1.jpg","contentUrl":"https:\/\/notabene.world\/nb\/wp-content\/uploads\/2022\/01\/NB-club-start-www1.jpg","width":1000,"height":839,"caption":"NOTABENE.WORLD"},"image":{"@id":"https:\/\/notabene.world\/nb\/#\/schema\/logo\/image\/"},"sameAs":["https:\/\/www.facebook.com\/Notabene.World"]},{"@type":"Person","@id":"https:\/\/notabene.world\/nb\/#\/schema\/person\/2b7cad700674930906781d67215bede8","name":"Andrzej Przychodni","image":{"@type":"ImageObject","inLanguage":"pl-PL","@id":"https:\/\/secure.gravatar.com\/avatar\/59cf61ea3d9013b543b2632c50eed86eaf659f714e68a721e67a1a746964b8be?s=96&d=mm&r=g","url":"https:\/\/secure.gravatar.com\/avatar\/59cf61ea3d9013b543b2632c50eed86eaf659f714e68a721e67a1a746964b8be?s=96&d=mm&r=g","contentUrl":"https:\/\/secure.gravatar.com\/avatar\/59cf61ea3d9013b543b2632c50eed86eaf659f714e68a721e67a1a746964b8be?s=96&d=mm&r=g","caption":"Andrzej Przychodni"},"url":"https:\/\/notabene.world\/nb\/author\/an-p\/"}]}},"jetpack_featured_media_url":"https:\/\/i0.wp.com\/notabene.world\/nb\/wp-content\/uploads\/2022\/03\/nutcr.jpg?fit=800%2C445&ssl=1","jetpack_sharing_enabled":true,"jetpack_shortlink":"https:\/\/wp.me\/pdCobN-13l","_links":{"self":[{"href":"https:\/\/notabene.world\/nb\/wp-json\/wp\/v2\/posts\/4051","targetHints":{"allow":["GET"]}}],"collection":[{"href":"https:\/\/notabene.world\/nb\/wp-json\/wp\/v2\/posts"}],"about":[{"href":"https:\/\/notabene.world\/nb\/wp-json\/wp\/v2\/types\/post"}],"author":[{"embeddable":true,"href":"https:\/\/notabene.world\/nb\/wp-json\/wp\/v2\/users\/34"}],"replies":[{"embeddable":true,"href":"https:\/\/notabene.world\/nb\/wp-json\/wp\/v2\/comments?post=4051"}],"version-history":[{"count":5,"href":"https:\/\/notabene.world\/nb\/wp-json\/wp\/v2\/posts\/4051\/revisions"}],"predecessor-version":[{"id":4057,"href":"https:\/\/notabene.world\/nb\/wp-json\/wp\/v2\/posts\/4051\/revisions\/4057"}],"wp:featuredmedia":[{"embeddable":true,"href":"https:\/\/notabene.world\/nb\/wp-json\/wp\/v2\/media\/4052"}],"wp:attachment":[{"href":"https:\/\/notabene.world\/nb\/wp-json\/wp\/v2\/media?parent=4051"}],"wp:term":[{"taxonomy":"category","embeddable":true,"href":"https:\/\/notabene.world\/nb\/wp-json\/wp\/v2\/categories?post=4051"},{"taxonomy":"post_tag","embeddable":true,"href":"https:\/\/notabene.world\/nb\/wp-json\/wp\/v2\/tags?post=4051"}],"curies":[{"name":"wp","href":"https:\/\/api.w.org\/{rel}","templated":true}]}}