{"id":4222,"date":"2022-03-26T12:44:03","date_gmt":"2022-03-26T11:44:03","guid":{"rendered":"https:\/\/notabene.world\/nb\/?p=4222"},"modified":"2022-03-27T13:30:30","modified_gmt":"2022-03-27T11:30:30","slug":"w-tym-sporcie-jest-wiele-niesprawiedliwosci-wywiad-z-polska-skoczkinia-narciarska-kamila-karpiel","status":"publish","type":"post","link":"https:\/\/notabene.world\/nb\/w-tym-sporcie-jest-wiele-niesprawiedliwosci-wywiad-z-polska-skoczkinia-narciarska-kamila-karpiel\/","title":{"rendered":"&#8222;W tym sporcie jest wiele niesprawiedliwo\u015bci&#8221; &#8211; wywiad ze skoczkini\u0105 narciarsk\u0105 Kamil\u0105 Karpiel"},"content":{"rendered":"\n<p>Skoki narciarskie, jak ka\u017cdy inny sport uprawiany zawodowo, poch\u0142aniaj\u0105 wi\u0119kszo\u015b\u0107 czasu zawodnik\u00f3w. Przeprowadzi\u0142am rozmow\u0119 z polsk\u0105 skoczkini\u0105, Kamil\u0105 Karpiel, by dowiedzie\u0107 si\u0119, jak wygl\u0105da \u017cycie sportowca.<\/p>\n\n\n\n<ul class=\"wp-block-list\"><li>Pierwszy skok w \u017cyciu odda\u0142a\u015b w 2010 roku. Co ci\u0119 do tego sk\u0142oni\u0142o?<\/li><\/ul>\n\n\n\n<p>Przede wszystkim dzieci\u0119ca ciekawo\u015b\u0107, ch\u0119\u0107 zrobienia czego\u015b, czego nigdy nie zrobi\u0142am wcze\u015bniej, ale przede wszystkim moja energia do dzia\u0142ania. Nudzi\u0142o mnie ju\u017c zje\u017cd\u017canie spod progu na nartach, chcia\u0142am by\u0107 t\u0105 pierwsz\u0105 z grupy, kt\u00f3ra skoczy.<\/p>\n\n\n\n<ul class=\"wp-block-list\"><li>Czy od razu wiedzia\u0142a\u015b, \u017ce skoki to to, co kochasz i chcesz robi\u0107 w \u017cyciu? Czy mo\u017ce mia\u0142a\u015b jakie\u015b w\u0105tpliwo\u015bci?&nbsp;<\/li><\/ul>\n\n\n\n<p>Szczerze m\u00f3wi\u0105c, za dziecka o tym nie my\u015bla\u0142am, by\u0142o to bardzo hobbystyczne, taka forma rozrywki, czysta zabawa. P\u00f3\u017aniej zacz\u0119\u0142am postrzega\u0107 to jako form\u0119 jakiego\u015b drobnego zarobku, zacz\u0119\u0142am traktowa\u0107 to powa\u017cnie. Nigdy do ko\u0144ca nie mia\u0142am i dalej nie mam pewno\u015bci, \u017ce dobrze wybra\u0142am. Stara\u0142am si\u0119 nie zastanawia\u0107 nad tym, bo powoduje to znajdowanie miliona rzeczy kt\u00f3re m\u00f3wi\u0105 mi, \u017ce to nie jest dla mnie i \u017ce marnuj\u0119 si\u0119 w skokach, mog\u0105c robi\u0107 zupe\u0142nie co\u015b innego. Za dziesi\u0119\u0107 lat b\u0119d\u0119 mog\u0142a powiedzie\u0107, czy to by\u0142a dobra, czy z\u0142a decyzja.<\/p>\n\n\n\n<ul class=\"wp-block-list\"><li>Co by\u0142o najwa\u017cniejszym wydarzeniem w twojej sportowej karierze? Mo\u017ce co\u015b szczeg\u00f3lnie zapad\u0142o ci w pami\u0119\u0107?&nbsp;<\/li><\/ul>\n\n\n\n<p>Najlepiej wspominam, jak do tej pory, Mistrzostwa \u015awiata w Seefeld w 2019 roku. To by\u0142o co\u015b niesamowitego, najlepszy wyjazd mojego \u017cycia. Atmosfera, pogoda, ludzie, prze\u017cycia, zawody. Nie da si\u0119 tego opisa\u0107.<\/p>\n\n\n\n<ul class=\"wp-block-list\"><li>Czy gdyby\u015b teraz wybiera\u0142a \u017cyciow\u0105 karier\u0119, po raz drugi wybra\u0142aby\u015b skoki? Je\u015bli nie, to co innego?<\/li><\/ul>\n\n\n\n<p>Ci\u0119\u017cko mi powiedzie\u0107, co bym wybra\u0142a. W tym momencie jestem w takim miejscu, \u017ce wybra\u0142abym zupe\u0142nie co innego. Aktualnie szkol\u0119 si\u0119 w oklejaniu samochod\u00f3w foli\u0105 do zmiany koloru i ochronn\u0105, to jest co\u015b co planuj\u0119 robi\u0107, ale co z tego wyjdzie &#8211; zobaczymy. Postaram si\u0119 jeszcze walczy\u0107 o marzenia sportowe, ale p\u00f3ki co mam w\u0105tpliwo\u015bci czy kontynuowa\u0107, czy sko\u0144czy\u0107 szkolenie i wyjecha\u0107. To akurat bardzo trudny moment w mojej karierze&#8230; Nale\u017c\u0119 do os\u00f3b, kt\u00f3re nie odpuszczaj\u0105, ale czasami trzymanie si\u0119 czego\u015b sprawia wi\u0119kszy b\u00f3l, ni\u017c odpuszczenie sobie tego.<\/p>\n\n\n\n<ul class=\"wp-block-list\"><li>Jeste\u015b kobiet\u0105 w skomplikowanym \u015bwiecie sportu. Czy uwa\u017casz, \u017ce bycie m\u0119\u017cczyzn\u0105 u\u0142atwia sportowcom niekt\u00f3re aspekty kariery sportowej w skokach?<\/li><\/ul>\n\n\n\n<p>Zdecydowanie, z mojego punktu widzenia, m\u0119\u017cczy\u017ani maj\u0105 mniejsze pole do wybicia si\u0119 w tym sporcie, bo trenuje ich du\u017co, na bardzo wysokim poziomie. Jednak do doj\u015bcia do pewnego miejsca w karierze maj\u0105 zdecydowanie \u0142atwiej. Plusem u nich jest utrzymanie wagi, maj\u0105 te\u017c wi\u0119cej si\u0142y, wi\u0119c jest im pro\u015bciej wiele rzeczy wykona\u0107. \u0141atwiej jest im r\u00f3wnie\u017c pozyska\u0107 sponsora i zarabia\u0107 pieni\u0105dze w tym sporcie, bo jak si\u0119 prezentuj\u0105 r\u00f3\u017cnice mi\u0119dzy zarobkami, to wi\u0119kszo\u015b\u0107 zdaje sobie spraw\u0119.<\/p>\n\n\n\n<ul class=\"wp-block-list\"><li>Ostatnio wiele s\u0142yszy si\u0119 o niesprawiedliwo\u015bci i z\u0142ej organizacji FIS-u. Czy ty na miejscu dyrektor\u00f3w i koordynator\u00f3w zmieni\u0142aby\u015b niekt\u00f3re zasady? Takie jak inne ocenianie kobiet przez s\u0119dzi\u00f3w, czy brak mo\u017cliwo\u015bci lot\u00f3w.&nbsp;<\/li><\/ul>\n\n\n\n<p>Du\u017co bym zmieni\u0142a, ale na pewno nie jest sprawiedliwie w kwestii mo\u017cliwo\u015bci lot\u00f3w, skok\u00f3w na Igrzyskach na du\u017cej skoczni, zarobk\u00f3w, ocen, naszej &#8222;40&#8221; a nie &#8222;50&#8221;, jak u ch\u0142opak\u00f3w, ilo\u015bci organizowanych zawod\u00f3w&#8230; Jest wiele niesprawiedliwo\u015bci w tym sporcie.<\/p>\n\n\n\n<ul class=\"wp-block-list\"><li>Czy, gdyby\u015b dosta\u0142a tak\u0105 mo\u017cliwo\u015b\u0107, skoczy\u0142aby\u015b na \u201emamucie\u201d?&nbsp;<\/li><\/ul>\n\n\n\n<p>Oczywi\u015bcie, \u017ce tak! Mo\u017ce nie w tym momencie, ale je\u015bli dzisiaj powiedzieliby mi, \u017ce za p\u00f3\u0142 roku b\u0119d\u0119 mia\u0142a tak\u0105 mo\u017cliwo\u015b\u0107, to zrobi\u0142abym wszystko, \u017ceby skaka\u0107 jak najlepiej, \u017ceby m\u00f3c si\u0119 przelecie\u0107!<\/p>\n\n\n\n<ul class=\"wp-block-list\"><li>Tak naprawd\u0119 niedawno wkroczy\u0142a\u015b w doros\u0142o\u015b\u0107. Jak udawa\u0142o ci si\u0119 pogodzi\u0107 \u017cycie zawodowej skoczkini z \u017cyciem nastolatki?<\/li><\/ul>\n\n\n\n<p>Czasami z radzeniem sobie by\u0142o ci\u0119\u017cko. W szkole postawi\u0142am na sport, nauczyciele w szkole to wiedzieli, dyrektor to wiedzia\u0142 i mia\u0142am ogromne wsparcie ze strony szko\u0142y sportowej w Zakopanem. Bardzo mi pomogli w napisaniu matur, kt\u00f3re zda\u0142am lepiej ni\u017c obstawia\u0142am. A poza tym, praktycznie nie mia\u0142am czasu dla siebie, ale i tak bardzo dba\u0142am o to, \u017ceby si\u0119 wycisza\u0107 i odpoczywa\u0107 w ca\u0142ym tym szale\u0144stwie. Du\u017co czasu na \u017cycie towarzyskie nie mia\u0142am, bo praktycznie nigdy mnie nie by\u0142o, a jak by\u0142am to si\u0119 uczy\u0142am, nadrabia\u0142am zaleg\u0142o\u015bci w szkole. Korzysta\u0142am przede wszystkim z wakacji, kiedy tylko trenowa\u0142am. Wtedy te\u017c najwi\u0119cej czasu sp\u0119dza\u0142am ze znajomymi.<\/p>\n\n\n\n<ul class=\"wp-block-list\"><li>Kto spo\u015br\u00f3d skoczk\u00f3w\/skoczki\u0144 jest twoim idolem\/idolk\u0105?&nbsp;<\/li><\/ul>\n\n\n\n<p>Nie mam \u017cadnych idoli ani idolek, kto\u015b czasem mi imponuje postaw\u0105 czy osi\u0105gni\u0119ciami, ale nigdy nie chcia\u0142am by\u0107 jak te osoby. Zawsze chcia\u0142am by\u0107 indywidualistk\u0105, zdobywa\u0107 sukcesy po swojemu. Moim przewodnikiem przez \u017cycie i sport by\u0142 i jest u\u015bmiech i pozytywne nastawienie.<\/p>\n\n\n\n<ul class=\"wp-block-list\"><li>Czy mo\u017cesz powiedzie\u0107 co\u015b o aktualnej sytuacji w polskiej kadrze kobiet? Jak rozwi\u0105za\u0107 problemy wewn\u0119trzne? Na pewno wszyscy chcieliby\u015bmy si\u0119 czego\u015b dowiedzie\u0107. <\/li><\/ul>\n\n\n\n<p>Problem\u00f3w jest tak wiele, \u017ce trudno b\u0119dzie je naprawi\u0107, je\u015bli nic si\u0119 nie zmieni. P\u00f3ki co nie interesuj\u0105 mnie ju\u017c te problemy, bo ju\u017c nie jestem ich cz\u0119\u015bci\u0105. Teraz trenuj\u0119 w klubie, cz\u0119\u015bciowo za swoje pieni\u0105dze i jest mi psychicznie du\u017co lepiej, ale nie wiem czy sobie poradz\u0119 w kwestii finansowej. Przede wszystkim powinno si\u0119 zmieni\u0107 podej\u015bcie do grupy ze strony zwi\u0105zku, a w grupie powinno by\u0107 zero faworyzacji, bo to tak naprawd\u0119 zepsu\u0142o ca\u0142\u0105 atmosfer\u0119. A ona z kolei jest najwa\u017cniejsza, by budowa\u0107 grup\u0119.<\/p>\n\n\n\n<ul class=\"wp-block-list\"><li>I ostatnie pytanie: Podczas zawod\u00f3w m\u0119\u017cczyzn wida\u0107 dobre relacje mi\u0119dzy niekt\u00f3rymi z ch\u0142opak\u00f3w. Na pewno maj\u0105 w\u015br\u00f3d skoczk\u00f3w przyjaci\u00f3\u0142 innych nacji. Czy w\u015br\u00f3d dziewczyn jest podobnie? Zawi\u0105zujecie jakie\u015b bli\u017csze kontakty ze skoczkiniami innych narodowo\u015bci?<\/li><\/ul>\n\n\n\n<p>Oczywi\u015bcie, \u017ce tak! I to jest w tym wszystkim chyba najlepsze. Ja z racji tego, \u017ce do dziewczyn mam troch\u0119 dystans, zdecydowanie wi\u0119cej mam znajomych ch\u0142opak\u00f3w z r\u00f3\u017cnych kraj\u00f3w ni\u017c kole\u017canek. Determinuje nas to do rozwoju, uczymy si\u0119 j\u0119zyk\u00f3w, nabieramy pewno\u015bci siebie, zaczynami wyczuwa\u0107 swoj\u0105 warto\u015b\u0107. To wszystko jest cz\u0119\u015bci\u0105 sportu i ca\u0142ej ekipy, kt\u00f3ra go tworzy i w\u0142a\u015bnie dlatego trenowanie jest takie przyjemne. Zawsze jest co\u015b i kto\u015b, kto w ci\u0119\u017ckim okresie przyjdzie ci powiedzie\u0107: &#8222;Nie przejmuj si\u0119, te\u017c kiedy\u015b by\u0142am\/-em w takiej sytuacji, z tego si\u0119 wychodzi.&#8221; Tona wsparcia jest w tych wszystkich ludziach i to ceni\u0119 najbardziej.<\/p>\n","protected":false},"excerpt":{"rendered":"<p>Skoki narciarskie, jak ka\u017cdy inny sport uprawiany zawodowo, poch\u0142aniaj\u0105 wi\u0119kszo\u015b\u0107 czasu zawodnik\u00f3w. Przeprowadzi\u0142am rozmow\u0119 z polsk\u0105 skoczkini\u0105, Kamil\u0105 Karpiel, by dowiedzie\u0107 si\u0119, jak wygl\u0105da \u017cycie sportowca.<\/p>\n","protected":false},"author":23,"featured_media":4570,"comment_status":"closed","ping_status":"closed","sticky":false,"template":"","format":"standard","meta":{"colormag_page_container_layout":"default_layout","colormag_page_sidebar_layout":"default_layout","_jetpack_memberships_contains_paid_content":false,"footnotes":"","_links_to":"","_links_to_target":""},"categories":[9],"tags":[174,173,109,111],"class_list":["post-4222","post","type-post","status-publish","format-standard","has-post-thumbnail","hentry","category-sport","tag-polska","tag-skijumping","tag-skokinarciarskie","tag-sport"],"yoast_head":"<!-- This site is optimized with the Yoast SEO plugin v27.4 - https:\/\/yoast.com\/product\/yoast-seo-wordpress\/ -->\n<title>&quot;W tym sporcie jest wiele niesprawiedliwo\u015bci&quot; - wywiad ze skoczkini\u0105 narciarsk\u0105 Kamil\u0105 Karpiel - NOTABENE.WORLD<\/title>\n<meta name=\"robots\" content=\"index, follow, max-snippet:-1, max-image-preview:large, max-video-preview:-1\" \/>\n<link rel=\"canonical\" href=\"https:\/\/notabene.world\/nb\/w-tym-sporcie-jest-wiele-niesprawiedliwosci-wywiad-z-polska-skoczkinia-narciarska-kamila-karpiel\/\" \/>\n<meta property=\"og:locale\" content=\"pl_PL\" \/>\n<meta property=\"og:type\" content=\"article\" \/>\n<meta property=\"og:title\" content=\"&quot;W tym sporcie jest wiele niesprawiedliwo\u015bci&quot; - wywiad ze skoczkini\u0105 narciarsk\u0105 Kamil\u0105 Karpiel - NOTABENE.WORLD\" \/>\n<meta property=\"og:description\" content=\"Skoki narciarskie, jak ka\u017cdy inny sport uprawiany zawodowo, poch\u0142aniaj\u0105 wi\u0119kszo\u015b\u0107 czasu zawodnik\u00f3w. Przeprowadzi\u0142am rozmow\u0119 z polsk\u0105 skoczkini\u0105, Kamil\u0105 Karpiel, by dowiedzie\u0107 si\u0119, jak wygl\u0105da \u017cycie sportowca.\" \/>\n<meta property=\"og:url\" content=\"https:\/\/notabene.world\/nb\/w-tym-sporcie-jest-wiele-niesprawiedliwosci-wywiad-z-polska-skoczkinia-narciarska-kamila-karpiel\/\" \/>\n<meta property=\"og:site_name\" content=\"NOTABENE.WORLD\" \/>\n<meta property=\"article:publisher\" content=\"https:\/\/www.facebook.com\/Notabene.World\" \/>\n<meta property=\"article:published_time\" content=\"2022-03-26T11:44:03+00:00\" \/>\n<meta property=\"article:modified_time\" content=\"2022-03-27T11:30:30+00:00\" \/>\n<meta property=\"og:image\" content=\"https:\/\/notabene.world\/nb\/wp-content\/uploads\/2022\/03\/fis-cup-kobiet-szczyrk-2021-2konkurs-fot-julia-piatkowska-KamilaKarpiel.jpg\" \/>\n\t<meta property=\"og:image:width\" content=\"2000\" \/>\n\t<meta property=\"og:image:height\" content=\"1333\" \/>\n\t<meta property=\"og:image:type\" content=\"image\/jpeg\" \/>\n<meta name=\"author\" content=\"M. Hoffmann\" \/>\n<meta name=\"twitter:card\" content=\"summary_large_image\" \/>\n<meta name=\"twitter:label1\" content=\"Napisane przez\" \/>\n\t<meta name=\"twitter:data1\" content=\"M. Hoffmann\" \/>\n\t<meta name=\"twitter:label2\" content=\"Szacowany czas czytania\" \/>\n\t<meta name=\"twitter:data2\" content=\"6 minut\" \/>\n<script type=\"application\/ld+json\" class=\"yoast-schema-graph\">{\"@context\":\"https:\\\/\\\/schema.org\",\"@graph\":[{\"@type\":\"Article\",\"@id\":\"https:\\\/\\\/notabene.world\\\/nb\\\/w-tym-sporcie-jest-wiele-niesprawiedliwosci-wywiad-z-polska-skoczkinia-narciarska-kamila-karpiel\\\/#article\",\"isPartOf\":{\"@id\":\"https:\\\/\\\/notabene.world\\\/nb\\\/w-tym-sporcie-jest-wiele-niesprawiedliwosci-wywiad-z-polska-skoczkinia-narciarska-kamila-karpiel\\\/\"},\"author\":{\"name\":\"M. Hoffmann\",\"@id\":\"https:\\\/\\\/notabene.world\\\/nb\\\/#\\\/schema\\\/person\\\/331faf5f761ee67ad7d5d058fd8df849\"},\"headline\":\"&#8222;W tym sporcie jest wiele niesprawiedliwo\u015bci&#8221; &#8211; wywiad ze skoczkini\u0105 narciarsk\u0105 Kamil\u0105 Karpiel\",\"datePublished\":\"2022-03-26T11:44:03+00:00\",\"dateModified\":\"2022-03-27T11:30:30+00:00\",\"mainEntityOfPage\":{\"@id\":\"https:\\\/\\\/notabene.world\\\/nb\\\/w-tym-sporcie-jest-wiele-niesprawiedliwosci-wywiad-z-polska-skoczkinia-narciarska-kamila-karpiel\\\/\"},\"wordCount\":1166,\"publisher\":{\"@id\":\"https:\\\/\\\/notabene.world\\\/nb\\\/#organization\"},\"image\":{\"@id\":\"https:\\\/\\\/notabene.world\\\/nb\\\/w-tym-sporcie-jest-wiele-niesprawiedliwosci-wywiad-z-polska-skoczkinia-narciarska-kamila-karpiel\\\/#primaryimage\"},\"thumbnailUrl\":\"https:\\\/\\\/i0.wp.com\\\/notabene.world\\\/nb\\\/wp-content\\\/uploads\\\/2022\\\/03\\\/fis-cup-kobiet-szczyrk-2021-2konkurs-fot-julia-piatkowska-KamilaKarpiel.jpg?fit=2000%2C1333&ssl=1\",\"keywords\":[\"polska\",\"skijumping\",\"skokinarciarskie\",\"sport\"],\"articleSection\":[\"Sport\"],\"inLanguage\":\"pl-PL\"},{\"@type\":\"WebPage\",\"@id\":\"https:\\\/\\\/notabene.world\\\/nb\\\/w-tym-sporcie-jest-wiele-niesprawiedliwosci-wywiad-z-polska-skoczkinia-narciarska-kamila-karpiel\\\/\",\"url\":\"https:\\\/\\\/notabene.world\\\/nb\\\/w-tym-sporcie-jest-wiele-niesprawiedliwosci-wywiad-z-polska-skoczkinia-narciarska-kamila-karpiel\\\/\",\"name\":\"\\\"W tym sporcie jest wiele niesprawiedliwo\u015bci\\\" - wywiad ze skoczkini\u0105 narciarsk\u0105 Kamil\u0105 Karpiel - NOTABENE.WORLD\",\"isPartOf\":{\"@id\":\"https:\\\/\\\/notabene.world\\\/nb\\\/#website\"},\"primaryImageOfPage\":{\"@id\":\"https:\\\/\\\/notabene.world\\\/nb\\\/w-tym-sporcie-jest-wiele-niesprawiedliwosci-wywiad-z-polska-skoczkinia-narciarska-kamila-karpiel\\\/#primaryimage\"},\"image\":{\"@id\":\"https:\\\/\\\/notabene.world\\\/nb\\\/w-tym-sporcie-jest-wiele-niesprawiedliwosci-wywiad-z-polska-skoczkinia-narciarska-kamila-karpiel\\\/#primaryimage\"},\"thumbnailUrl\":\"https:\\\/\\\/i0.wp.com\\\/notabene.world\\\/nb\\\/wp-content\\\/uploads\\\/2022\\\/03\\\/fis-cup-kobiet-szczyrk-2021-2konkurs-fot-julia-piatkowska-KamilaKarpiel.jpg?fit=2000%2C1333&ssl=1\",\"datePublished\":\"2022-03-26T11:44:03+00:00\",\"dateModified\":\"2022-03-27T11:30:30+00:00\",\"breadcrumb\":{\"@id\":\"https:\\\/\\\/notabene.world\\\/nb\\\/w-tym-sporcie-jest-wiele-niesprawiedliwosci-wywiad-z-polska-skoczkinia-narciarska-kamila-karpiel\\\/#breadcrumb\"},\"inLanguage\":\"pl-PL\",\"potentialAction\":[{\"@type\":\"ReadAction\",\"target\":[\"https:\\\/\\\/notabene.world\\\/nb\\\/w-tym-sporcie-jest-wiele-niesprawiedliwosci-wywiad-z-polska-skoczkinia-narciarska-kamila-karpiel\\\/\"]}]},{\"@type\":\"ImageObject\",\"inLanguage\":\"pl-PL\",\"@id\":\"https:\\\/\\\/notabene.world\\\/nb\\\/w-tym-sporcie-jest-wiele-niesprawiedliwosci-wywiad-z-polska-skoczkinia-narciarska-kamila-karpiel\\\/#primaryimage\",\"url\":\"https:\\\/\\\/i0.wp.com\\\/notabene.world\\\/nb\\\/wp-content\\\/uploads\\\/2022\\\/03\\\/fis-cup-kobiet-szczyrk-2021-2konkurs-fot-julia-piatkowska-KamilaKarpiel.jpg?fit=2000%2C1333&ssl=1\",\"contentUrl\":\"https:\\\/\\\/i0.wp.com\\\/notabene.world\\\/nb\\\/wp-content\\\/uploads\\\/2022\\\/03\\\/fis-cup-kobiet-szczyrk-2021-2konkurs-fot-julia-piatkowska-KamilaKarpiel.jpg?fit=2000%2C1333&ssl=1\",\"width\":2000,\"height\":1333},{\"@type\":\"BreadcrumbList\",\"@id\":\"https:\\\/\\\/notabene.world\\\/nb\\\/w-tym-sporcie-jest-wiele-niesprawiedliwosci-wywiad-z-polska-skoczkinia-narciarska-kamila-karpiel\\\/#breadcrumb\",\"itemListElement\":[{\"@type\":\"ListItem\",\"position\":1,\"name\":\"Home\",\"item\":\"https:\\\/\\\/notabene.world\\\/nb\\\/\"},{\"@type\":\"ListItem\",\"position\":2,\"name\":\"&#8220;W tym sporcie jest wiele niesprawiedliwo\u015bci&#8221; &#8211; wywiad ze skoczkini\u0105 narciarsk\u0105 Kamil\u0105 Karpiel\"}]},{\"@type\":\"WebSite\",\"@id\":\"https:\\\/\\\/notabene.world\\\/nb\\\/#website\",\"url\":\"https:\\\/\\\/notabene.world\\\/nb\\\/\",\"name\":\"NOTABENE.WORLD\",\"description\":\"Przekaz. Warto\u015bci. Wsp\u00f3lnota.\",\"publisher\":{\"@id\":\"https:\\\/\\\/notabene.world\\\/nb\\\/#organization\"},\"potentialAction\":[{\"@type\":\"SearchAction\",\"target\":{\"@type\":\"EntryPoint\",\"urlTemplate\":\"https:\\\/\\\/notabene.world\\\/nb\\\/?s={search_term_string}\"},\"query-input\":{\"@type\":\"PropertyValueSpecification\",\"valueRequired\":true,\"valueName\":\"search_term_string\"}}],\"inLanguage\":\"pl-PL\"},{\"@type\":\"Organization\",\"@id\":\"https:\\\/\\\/notabene.world\\\/nb\\\/#organization\",\"name\":\"NOTABENE.WORLD\",\"url\":\"https:\\\/\\\/notabene.world\\\/nb\\\/\",\"logo\":{\"@type\":\"ImageObject\",\"inLanguage\":\"pl-PL\",\"@id\":\"https:\\\/\\\/notabene.world\\\/nb\\\/#\\\/schema\\\/logo\\\/image\\\/\",\"url\":\"https:\\\/\\\/notabene.world\\\/nb\\\/wp-content\\\/uploads\\\/2022\\\/01\\\/NB-club-start-www1.jpg\",\"contentUrl\":\"https:\\\/\\\/notabene.world\\\/nb\\\/wp-content\\\/uploads\\\/2022\\\/01\\\/NB-club-start-www1.jpg\",\"width\":1000,\"height\":839,\"caption\":\"NOTABENE.WORLD\"},\"image\":{\"@id\":\"https:\\\/\\\/notabene.world\\\/nb\\\/#\\\/schema\\\/logo\\\/image\\\/\"},\"sameAs\":[\"https:\\\/\\\/www.facebook.com\\\/Notabene.World\"]},{\"@type\":\"Person\",\"@id\":\"https:\\\/\\\/notabene.world\\\/nb\\\/#\\\/schema\\\/person\\\/331faf5f761ee67ad7d5d058fd8df849\",\"name\":\"M. Hoffmann\",\"image\":{\"@type\":\"ImageObject\",\"inLanguage\":\"pl-PL\",\"@id\":\"https:\\\/\\\/secure.gravatar.com\\\/avatar\\\/7d680551b50541a2eb4d9f0eeb5ec73e8b7b30a37b96432deb5650eabb999f24?s=96&d=mm&r=g\",\"url\":\"https:\\\/\\\/secure.gravatar.com\\\/avatar\\\/7d680551b50541a2eb4d9f0eeb5ec73e8b7b30a37b96432deb5650eabb999f24?s=96&d=mm&r=g\",\"contentUrl\":\"https:\\\/\\\/secure.gravatar.com\\\/avatar\\\/7d680551b50541a2eb4d9f0eeb5ec73e8b7b30a37b96432deb5650eabb999f24?s=96&d=mm&r=g\",\"caption\":\"M. Hoffmann\"},\"url\":\"https:\\\/\\\/notabene.world\\\/nb\\\/author\\\/m-h\\\/\"}]}<\/script>\n<!-- \/ Yoast SEO plugin. -->","yoast_head_json":{"title":"\"W tym sporcie jest wiele niesprawiedliwo\u015bci\" - wywiad ze skoczkini\u0105 narciarsk\u0105 Kamil\u0105 Karpiel - NOTABENE.WORLD","robots":{"index":"index","follow":"follow","max-snippet":"max-snippet:-1","max-image-preview":"max-image-preview:large","max-video-preview":"max-video-preview:-1"},"canonical":"https:\/\/notabene.world\/nb\/w-tym-sporcie-jest-wiele-niesprawiedliwosci-wywiad-z-polska-skoczkinia-narciarska-kamila-karpiel\/","og_locale":"pl_PL","og_type":"article","og_title":"\"W tym sporcie jest wiele niesprawiedliwo\u015bci\" - wywiad ze skoczkini\u0105 narciarsk\u0105 Kamil\u0105 Karpiel - NOTABENE.WORLD","og_description":"Skoki narciarskie, jak ka\u017cdy inny sport uprawiany zawodowo, poch\u0142aniaj\u0105 wi\u0119kszo\u015b\u0107 czasu zawodnik\u00f3w. Przeprowadzi\u0142am rozmow\u0119 z polsk\u0105 skoczkini\u0105, Kamil\u0105 Karpiel, by dowiedzie\u0107 si\u0119, jak wygl\u0105da \u017cycie sportowca.","og_url":"https:\/\/notabene.world\/nb\/w-tym-sporcie-jest-wiele-niesprawiedliwosci-wywiad-z-polska-skoczkinia-narciarska-kamila-karpiel\/","og_site_name":"NOTABENE.WORLD","article_publisher":"https:\/\/www.facebook.com\/Notabene.World","article_published_time":"2022-03-26T11:44:03+00:00","article_modified_time":"2022-03-27T11:30:30+00:00","og_image":[{"width":2000,"height":1333,"url":"https:\/\/notabene.world\/nb\/wp-content\/uploads\/2022\/03\/fis-cup-kobiet-szczyrk-2021-2konkurs-fot-julia-piatkowska-KamilaKarpiel.jpg","type":"image\/jpeg"}],"author":"M. Hoffmann","twitter_card":"summary_large_image","twitter_misc":{"Napisane przez":"M. Hoffmann","Szacowany czas czytania":"6 minut"},"schema":{"@context":"https:\/\/schema.org","@graph":[{"@type":"Article","@id":"https:\/\/notabene.world\/nb\/w-tym-sporcie-jest-wiele-niesprawiedliwosci-wywiad-z-polska-skoczkinia-narciarska-kamila-karpiel\/#article","isPartOf":{"@id":"https:\/\/notabene.world\/nb\/w-tym-sporcie-jest-wiele-niesprawiedliwosci-wywiad-z-polska-skoczkinia-narciarska-kamila-karpiel\/"},"author":{"name":"M. Hoffmann","@id":"https:\/\/notabene.world\/nb\/#\/schema\/person\/331faf5f761ee67ad7d5d058fd8df849"},"headline":"&#8222;W tym sporcie jest wiele niesprawiedliwo\u015bci&#8221; &#8211; wywiad ze skoczkini\u0105 narciarsk\u0105 Kamil\u0105 Karpiel","datePublished":"2022-03-26T11:44:03+00:00","dateModified":"2022-03-27T11:30:30+00:00","mainEntityOfPage":{"@id":"https:\/\/notabene.world\/nb\/w-tym-sporcie-jest-wiele-niesprawiedliwosci-wywiad-z-polska-skoczkinia-narciarska-kamila-karpiel\/"},"wordCount":1166,"publisher":{"@id":"https:\/\/notabene.world\/nb\/#organization"},"image":{"@id":"https:\/\/notabene.world\/nb\/w-tym-sporcie-jest-wiele-niesprawiedliwosci-wywiad-z-polska-skoczkinia-narciarska-kamila-karpiel\/#primaryimage"},"thumbnailUrl":"https:\/\/i0.wp.com\/notabene.world\/nb\/wp-content\/uploads\/2022\/03\/fis-cup-kobiet-szczyrk-2021-2konkurs-fot-julia-piatkowska-KamilaKarpiel.jpg?fit=2000%2C1333&ssl=1","keywords":["polska","skijumping","skokinarciarskie","sport"],"articleSection":["Sport"],"inLanguage":"pl-PL"},{"@type":"WebPage","@id":"https:\/\/notabene.world\/nb\/w-tym-sporcie-jest-wiele-niesprawiedliwosci-wywiad-z-polska-skoczkinia-narciarska-kamila-karpiel\/","url":"https:\/\/notabene.world\/nb\/w-tym-sporcie-jest-wiele-niesprawiedliwosci-wywiad-z-polska-skoczkinia-narciarska-kamila-karpiel\/","name":"\"W tym sporcie jest wiele niesprawiedliwo\u015bci\" - wywiad ze skoczkini\u0105 narciarsk\u0105 Kamil\u0105 Karpiel - NOTABENE.WORLD","isPartOf":{"@id":"https:\/\/notabene.world\/nb\/#website"},"primaryImageOfPage":{"@id":"https:\/\/notabene.world\/nb\/w-tym-sporcie-jest-wiele-niesprawiedliwosci-wywiad-z-polska-skoczkinia-narciarska-kamila-karpiel\/#primaryimage"},"image":{"@id":"https:\/\/notabene.world\/nb\/w-tym-sporcie-jest-wiele-niesprawiedliwosci-wywiad-z-polska-skoczkinia-narciarska-kamila-karpiel\/#primaryimage"},"thumbnailUrl":"https:\/\/i0.wp.com\/notabene.world\/nb\/wp-content\/uploads\/2022\/03\/fis-cup-kobiet-szczyrk-2021-2konkurs-fot-julia-piatkowska-KamilaKarpiel.jpg?fit=2000%2C1333&ssl=1","datePublished":"2022-03-26T11:44:03+00:00","dateModified":"2022-03-27T11:30:30+00:00","breadcrumb":{"@id":"https:\/\/notabene.world\/nb\/w-tym-sporcie-jest-wiele-niesprawiedliwosci-wywiad-z-polska-skoczkinia-narciarska-kamila-karpiel\/#breadcrumb"},"inLanguage":"pl-PL","potentialAction":[{"@type":"ReadAction","target":["https:\/\/notabene.world\/nb\/w-tym-sporcie-jest-wiele-niesprawiedliwosci-wywiad-z-polska-skoczkinia-narciarska-kamila-karpiel\/"]}]},{"@type":"ImageObject","inLanguage":"pl-PL","@id":"https:\/\/notabene.world\/nb\/w-tym-sporcie-jest-wiele-niesprawiedliwosci-wywiad-z-polska-skoczkinia-narciarska-kamila-karpiel\/#primaryimage","url":"https:\/\/i0.wp.com\/notabene.world\/nb\/wp-content\/uploads\/2022\/03\/fis-cup-kobiet-szczyrk-2021-2konkurs-fot-julia-piatkowska-KamilaKarpiel.jpg?fit=2000%2C1333&ssl=1","contentUrl":"https:\/\/i0.wp.com\/notabene.world\/nb\/wp-content\/uploads\/2022\/03\/fis-cup-kobiet-szczyrk-2021-2konkurs-fot-julia-piatkowska-KamilaKarpiel.jpg?fit=2000%2C1333&ssl=1","width":2000,"height":1333},{"@type":"BreadcrumbList","@id":"https:\/\/notabene.world\/nb\/w-tym-sporcie-jest-wiele-niesprawiedliwosci-wywiad-z-polska-skoczkinia-narciarska-kamila-karpiel\/#breadcrumb","itemListElement":[{"@type":"ListItem","position":1,"name":"Home","item":"https:\/\/notabene.world\/nb\/"},{"@type":"ListItem","position":2,"name":"&#8220;W tym sporcie jest wiele niesprawiedliwo\u015bci&#8221; &#8211; wywiad ze skoczkini\u0105 narciarsk\u0105 Kamil\u0105 Karpiel"}]},{"@type":"WebSite","@id":"https:\/\/notabene.world\/nb\/#website","url":"https:\/\/notabene.world\/nb\/","name":"NOTABENE.WORLD","description":"Przekaz. Warto\u015bci. Wsp\u00f3lnota.","publisher":{"@id":"https:\/\/notabene.world\/nb\/#organization"},"potentialAction":[{"@type":"SearchAction","target":{"@type":"EntryPoint","urlTemplate":"https:\/\/notabene.world\/nb\/?s={search_term_string}"},"query-input":{"@type":"PropertyValueSpecification","valueRequired":true,"valueName":"search_term_string"}}],"inLanguage":"pl-PL"},{"@type":"Organization","@id":"https:\/\/notabene.world\/nb\/#organization","name":"NOTABENE.WORLD","url":"https:\/\/notabene.world\/nb\/","logo":{"@type":"ImageObject","inLanguage":"pl-PL","@id":"https:\/\/notabene.world\/nb\/#\/schema\/logo\/image\/","url":"https:\/\/notabene.world\/nb\/wp-content\/uploads\/2022\/01\/NB-club-start-www1.jpg","contentUrl":"https:\/\/notabene.world\/nb\/wp-content\/uploads\/2022\/01\/NB-club-start-www1.jpg","width":1000,"height":839,"caption":"NOTABENE.WORLD"},"image":{"@id":"https:\/\/notabene.world\/nb\/#\/schema\/logo\/image\/"},"sameAs":["https:\/\/www.facebook.com\/Notabene.World"]},{"@type":"Person","@id":"https:\/\/notabene.world\/nb\/#\/schema\/person\/331faf5f761ee67ad7d5d058fd8df849","name":"M. Hoffmann","image":{"@type":"ImageObject","inLanguage":"pl-PL","@id":"https:\/\/secure.gravatar.com\/avatar\/7d680551b50541a2eb4d9f0eeb5ec73e8b7b30a37b96432deb5650eabb999f24?s=96&d=mm&r=g","url":"https:\/\/secure.gravatar.com\/avatar\/7d680551b50541a2eb4d9f0eeb5ec73e8b7b30a37b96432deb5650eabb999f24?s=96&d=mm&r=g","contentUrl":"https:\/\/secure.gravatar.com\/avatar\/7d680551b50541a2eb4d9f0eeb5ec73e8b7b30a37b96432deb5650eabb999f24?s=96&d=mm&r=g","caption":"M. Hoffmann"},"url":"https:\/\/notabene.world\/nb\/author\/m-h\/"}]}},"jetpack_featured_media_url":"https:\/\/i0.wp.com\/notabene.world\/nb\/wp-content\/uploads\/2022\/03\/fis-cup-kobiet-szczyrk-2021-2konkurs-fot-julia-piatkowska-KamilaKarpiel.jpg?fit=2000%2C1333&ssl=1","jetpack_sharing_enabled":true,"jetpack_shortlink":"https:\/\/wp.me\/pdCobN-166","_links":{"self":[{"href":"https:\/\/notabene.world\/nb\/wp-json\/wp\/v2\/posts\/4222","targetHints":{"allow":["GET"]}}],"collection":[{"href":"https:\/\/notabene.world\/nb\/wp-json\/wp\/v2\/posts"}],"about":[{"href":"https:\/\/notabene.world\/nb\/wp-json\/wp\/v2\/types\/post"}],"author":[{"embeddable":true,"href":"https:\/\/notabene.world\/nb\/wp-json\/wp\/v2\/users\/23"}],"replies":[{"embeddable":true,"href":"https:\/\/notabene.world\/nb\/wp-json\/wp\/v2\/comments?post=4222"}],"version-history":[{"count":5,"href":"https:\/\/notabene.world\/nb\/wp-json\/wp\/v2\/posts\/4222\/revisions"}],"predecessor-version":[{"id":4733,"href":"https:\/\/notabene.world\/nb\/wp-json\/wp\/v2\/posts\/4222\/revisions\/4733"}],"wp:featuredmedia":[{"embeddable":true,"href":"https:\/\/notabene.world\/nb\/wp-json\/wp\/v2\/media\/4570"}],"wp:attachment":[{"href":"https:\/\/notabene.world\/nb\/wp-json\/wp\/v2\/media?parent=4222"}],"wp:term":[{"taxonomy":"category","embeddable":true,"href":"https:\/\/notabene.world\/nb\/wp-json\/wp\/v2\/categories?post=4222"},{"taxonomy":"post_tag","embeddable":true,"href":"https:\/\/notabene.world\/nb\/wp-json\/wp\/v2\/tags?post=4222"}],"curies":[{"name":"wp","href":"https:\/\/api.w.org\/{rel}","templated":true}]}}