{"id":4350,"date":"2022-03-22T09:24:28","date_gmt":"2022-03-22T08:24:28","guid":{"rendered":"https:\/\/notabene.world\/nb\/?p=4350"},"modified":"2022-04-07T09:44:21","modified_gmt":"2022-04-07T07:44:21","slug":"salon-kobiet-miejsce-dobrej-rozmowy","status":"publish","type":"post","link":"https:\/\/notabene.world\/nb\/salon-kobiet-miejsce-dobrej-rozmowy\/","title":{"rendered":"Salon Kobiet &#8211; miejsce dobrej rozmowy"},"content":{"rendered":"\n<ul class=\"wp-block-list\"><li>Czy lubi\u0105 Pa\u0144stwo spotkania z inspiruj\u0105cymi, interesuj\u0105cymi i warto\u015bciowymi lud\u017ami? Kto by nie lubi\u0142? My tak\u017ce, dlatego rozpoczynamy zupe\u0142nie nowy projekt : <strong>\u201eSalon Kobiet \u2013 miejsce dobrej rozmowy\u201d-<\/strong> m\u00f3wi\u0142a dyrektorka Augustyna Nowacka, zapraszaj\u0105c do udzia\u0142u w spotkaniach, kt\u00f3re wystartowa\u0142y w Galerii Winda, w Kieleckim Centrum Kultury, w grudniu ubieg\u0142ego roku.<\/li><\/ul>\n\n\n\n<p>Go\u015b\u0107mi Salonu byli do tej pory: Agata Passent, prof. Marianna Janion, Andrzej Piaseczny, Agnieszka Jelonek, Renata Kim, oraz Renata i Grzegorz Lastowiczowie.<\/p>\n\n\n\n<ul class=\"wp-block-list\"><li>Czas taki, \u017ce komunikator\u00f3w du\u017co, a rzeczywistej rozmowy niewiele. Dlatego stworzyli\u015bmy miejsce, gdzie ludzie, ich tw\u00f3rczo\u015b\u0107, dokonania, spos\u00f3b widzenia \u015bwiata, warto\u015bci i inspiracje s\u0105 na pierwszym miejscu. Gdzie spotkamy si\u0119 w kole\u017ce\u0144skiej atmosferze i mamy czas na wzajemne poznawanie si\u0119, refleksj\u0119, u\u015bmiech, a czasem wzruszenie- opowiada Augustyna Nowacka, dyrektorka Kieleckiego Centrum Kultury.<\/li><\/ul>\n\n\n\n<p><strong>Salon kobiet<\/strong>, bo prowadz\u0105 trzy inspiruj\u0105ce kobiety-dziennikarki: Aleksandra Bielecka, Magdalena Fudala i Marzena Sobala. Trzy \u017cywio\u0142y, trzy r\u00f3\u017cne charaktery, ale podobny spos\u00f3b widzenia \u015bwiata. Ka\u017cda z pa\u0144 prowadzi w\u0142asne spotkanie, z go\u015bciem, kt\u00f3rego zaprasza.<\/p>\n\n\n\n<p>27 marca, czyli jak zwykle w niedziel\u0119, jak zwykle o godzinie 17-nastej, go\u015bcini\u0105 Marzeny Sobali b\u0119dzie dr Anna K\u0119pczy\u0144ska-Nyk. Lekarka kt\u00f3ra wsp\u00f3\u0142pracuje z Centrum Terapii Lew-Starowicz jako seksuolo\u017cka i endokrynolo\u017cka.<\/p>\n\n\n\n<p>W kr\u0119gu Jej szczeg\u00f3lnych &nbsp;zainteresowa\u0144 jest opieka medyczna oraz terapia hormonalna uzgadniaj\u0105ca p\u0142e\u0107 os\u00f3b transp\u0142ciowych. https:\/\/kck.bilety24.pl\/<\/p>\n\n\n\n<ul class=\"wp-block-list\"><li>Porozmawiamy o sprawach o kt\u00f3rych nie umiemy rozmawia\u0107: o prawdach i mitach seksualno\u015bci, o tym jak by\u0107 szcz\u0119\u015bliw\u0105 istot\u0105 seksualn\u0105, o zaburzeniach po\u017c\u0105dania, o zrozumieniu p\u0142ciowo\u015bci cz\u0142owieka i \u2026o powrotach do rodzinnego domu. Bo Pani doktor, lekarka z Warszawy, pochodzi z Bielin i \u015bpiewa w Bieliniankach- m\u00f3wi Marzena Sobala gospodyni Salonu 27 marca.<\/li><\/ul>\n\n\n\n<p>Wej\u015bci\u00f3wki na spotkanie w cenie 20 z\u0142, mo\u017cna kupowa\u0107 klikaj\u0105c w ten link <a href=\"https:\/\/kck.bilety24.pl\/\">https:\/\/kck.bilety24.pl\/<\/a><\/p>\n\n\n\n<p>W cenie wej\u015bci\u00f3wki \u201ekawiarniany\u201d pocz\u0119stunek.<\/p>\n\n\n\n<div class=\"wp-block-image\"><figure class=\"aligncenter size-large\"><img data-recalc-dims=\"1\" loading=\"lazy\" decoding=\"async\" width=\"727\" height=\"1024\" src=\"https:\/\/i0.wp.com\/notabene.world\/nb\/wp-content\/uploads\/2022\/03\/drkep3.jpg?resize=727%2C1024&#038;ssl=1\" alt=\"\" class=\"wp-image-4358\" srcset=\"https:\/\/i0.wp.com\/notabene.world\/nb\/wp-content\/uploads\/2022\/03\/drkep3.jpg?resize=727%2C1024&amp;ssl=1 727w, https:\/\/i0.wp.com\/notabene.world\/nb\/wp-content\/uploads\/2022\/03\/drkep3.jpg?resize=213%2C300&amp;ssl=1 213w, https:\/\/i0.wp.com\/notabene.world\/nb\/wp-content\/uploads\/2022\/03\/drkep3.jpg?resize=768%2C1082&amp;ssl=1 768w, https:\/\/i0.wp.com\/notabene.world\/nb\/wp-content\/uploads\/2022\/03\/drkep3.jpg?w=800&amp;ssl=1 800w\" sizes=\"auto, (max-width: 727px) 100vw, 727px\" \/><\/figure><\/div>\n","protected":false},"excerpt":{"rendered":"<p>Czy lubi\u0105 Pa\u0144stwo spotkania z inspiruj\u0105cymi, interesuj\u0105cymi i warto\u015bciowymi lud\u017ami? Kto by nie lubi\u0142? My tak\u017ce, dlatego rozpoczynamy zupe\u0142nie nowy projekt : \u201eSalon Kobiet \u2013 miejsce dobrej rozmowy\u201d- m\u00f3wi\u0142a dyrektorka Augustyna Nowacka, zapraszaj\u0105c do udzia\u0142u w spotkaniach, kt\u00f3re wystartowa\u0142y w Galerii Winda, w Kieleckim Centrum Kultury, w grudniu ubieg\u0142ego roku.<br \/>\nGo\u015b\u0107mi Salonu byli do tej pory: Agata Passent, prof. Marianna Janion, Andrzej Piaseczny, Agnieszka Jelonek, Renata Kim, oraz Renata i Grzegorz Lastowiczowie.<\/p>\n","protected":false},"author":39,"featured_media":4352,"comment_status":"closed","ping_status":"closed","sticky":false,"template":"","format":"standard","meta":{"colormag_page_container_layout":"no_sidebar_full_width","colormag_page_sidebar_layout":"no_sidebar","_jetpack_memberships_contains_paid_content":false,"footnotes":"","_links_to":"","_links_to_target":""},"categories":[160,163],"tags":[],"class_list":["post-4350","post","type-post","status-publish","format-standard","has-post-thumbnail","hentry","category-swietokrzyskie-aktualia","category-zapowiedzi-i-zaproszenia"],"yoast_head":"<!-- This site is optimized with the Yoast SEO plugin v27.4 - https:\/\/yoast.com\/product\/yoast-seo-wordpress\/ -->\n<title>Salon Kobiet - miejsce dobrej rozmowy - NOTABENE.WORLD<\/title>\n<meta name=\"robots\" content=\"index, follow, max-snippet:-1, max-image-preview:large, max-video-preview:-1\" \/>\n<link rel=\"canonical\" href=\"https:\/\/notabene.world\/nb\/salon-kobiet-miejsce-dobrej-rozmowy\/\" \/>\n<meta property=\"og:locale\" content=\"pl_PL\" \/>\n<meta property=\"og:type\" content=\"article\" \/>\n<meta property=\"og:title\" content=\"Salon Kobiet - miejsce dobrej rozmowy - NOTABENE.WORLD\" \/>\n<meta property=\"og:description\" content=\"Czy lubi\u0105 Pa\u0144stwo spotkania z inspiruj\u0105cymi, interesuj\u0105cymi i warto\u015bciowymi lud\u017ami? Kto by nie lubi\u0142? My tak\u017ce, dlatego rozpoczynamy zupe\u0142nie nowy projekt : \u201eSalon Kobiet \u2013 miejsce dobrej rozmowy\u201d- m\u00f3wi\u0142a dyrektorka Augustyna Nowacka, zapraszaj\u0105c do udzia\u0142u w spotkaniach, kt\u00f3re wystartowa\u0142y w Galerii Winda, w Kieleckim Centrum Kultury, w grudniu ubieg\u0142ego roku. Go\u015b\u0107mi Salonu byli do tej pory: Agata Passent, prof. Marianna Janion, Andrzej Piaseczny, Agnieszka Jelonek, Renata Kim, oraz Renata i Grzegorz Lastowiczowie.\" \/>\n<meta property=\"og:url\" content=\"https:\/\/notabene.world\/nb\/salon-kobiet-miejsce-dobrej-rozmowy\/\" \/>\n<meta property=\"og:site_name\" content=\"NOTABENE.WORLD\" \/>\n<meta property=\"article:publisher\" content=\"https:\/\/www.facebook.com\/Notabene.World\" \/>\n<meta property=\"article:published_time\" content=\"2022-03-22T08:24:28+00:00\" \/>\n<meta property=\"article:modified_time\" content=\"2022-04-07T07:44:21+00:00\" \/>\n<meta property=\"og:image\" content=\"https:\/\/notabene.world\/nb\/wp-content\/uploads\/2022\/03\/drkep2.jpg\" \/>\n\t<meta property=\"og:image:width\" content=\"800\" \/>\n\t<meta property=\"og:image:height\" content=\"445\" \/>\n\t<meta property=\"og:image:type\" content=\"image\/jpeg\" \/>\n<meta name=\"author\" content=\"Marzena Sobala\" \/>\n<meta name=\"twitter:card\" content=\"summary_large_image\" \/>\n<meta name=\"twitter:label1\" content=\"Napisane przez\" \/>\n\t<meta name=\"twitter:data1\" content=\"Marzena Sobala\" \/>\n\t<meta name=\"twitter:label2\" content=\"Szacowany czas czytania\" \/>\n\t<meta name=\"twitter:data2\" content=\"2 minuty\" \/>\n<script type=\"application\/ld+json\" class=\"yoast-schema-graph\">{\"@context\":\"https:\\\/\\\/schema.org\",\"@graph\":[{\"@type\":\"Article\",\"@id\":\"https:\\\/\\\/notabene.world\\\/nb\\\/salon-kobiet-miejsce-dobrej-rozmowy\\\/#article\",\"isPartOf\":{\"@id\":\"https:\\\/\\\/notabene.world\\\/nb\\\/salon-kobiet-miejsce-dobrej-rozmowy\\\/\"},\"author\":{\"name\":\"Marzena Sobala\",\"@id\":\"https:\\\/\\\/notabene.world\\\/nb\\\/#\\\/schema\\\/person\\\/dff6b8db7a8638ca44eab4bdb68c329b\"},\"headline\":\"Salon Kobiet &#8211; miejsce dobrej rozmowy\",\"datePublished\":\"2022-03-22T08:24:28+00:00\",\"dateModified\":\"2022-04-07T07:44:21+00:00\",\"mainEntityOfPage\":{\"@id\":\"https:\\\/\\\/notabene.world\\\/nb\\\/salon-kobiet-miejsce-dobrej-rozmowy\\\/\"},\"wordCount\":346,\"publisher\":{\"@id\":\"https:\\\/\\\/notabene.world\\\/nb\\\/#organization\"},\"image\":{\"@id\":\"https:\\\/\\\/notabene.world\\\/nb\\\/salon-kobiet-miejsce-dobrej-rozmowy\\\/#primaryimage\"},\"thumbnailUrl\":\"https:\\\/\\\/i0.wp.com\\\/notabene.world\\\/nb\\\/wp-content\\\/uploads\\\/2022\\\/03\\\/drkep2.jpg?fit=800%2C445&ssl=1\",\"articleSection\":[\"\u015awi\u0119tokrzyskie Aktualia\",\"Zapowiedzi i Zaproszenia\"],\"inLanguage\":\"pl-PL\"},{\"@type\":\"WebPage\",\"@id\":\"https:\\\/\\\/notabene.world\\\/nb\\\/salon-kobiet-miejsce-dobrej-rozmowy\\\/\",\"url\":\"https:\\\/\\\/notabene.world\\\/nb\\\/salon-kobiet-miejsce-dobrej-rozmowy\\\/\",\"name\":\"Salon Kobiet - miejsce dobrej rozmowy - NOTABENE.WORLD\",\"isPartOf\":{\"@id\":\"https:\\\/\\\/notabene.world\\\/nb\\\/#website\"},\"primaryImageOfPage\":{\"@id\":\"https:\\\/\\\/notabene.world\\\/nb\\\/salon-kobiet-miejsce-dobrej-rozmowy\\\/#primaryimage\"},\"image\":{\"@id\":\"https:\\\/\\\/notabene.world\\\/nb\\\/salon-kobiet-miejsce-dobrej-rozmowy\\\/#primaryimage\"},\"thumbnailUrl\":\"https:\\\/\\\/i0.wp.com\\\/notabene.world\\\/nb\\\/wp-content\\\/uploads\\\/2022\\\/03\\\/drkep2.jpg?fit=800%2C445&ssl=1\",\"datePublished\":\"2022-03-22T08:24:28+00:00\",\"dateModified\":\"2022-04-07T07:44:21+00:00\",\"breadcrumb\":{\"@id\":\"https:\\\/\\\/notabene.world\\\/nb\\\/salon-kobiet-miejsce-dobrej-rozmowy\\\/#breadcrumb\"},\"inLanguage\":\"pl-PL\",\"potentialAction\":[{\"@type\":\"ReadAction\",\"target\":[\"https:\\\/\\\/notabene.world\\\/nb\\\/salon-kobiet-miejsce-dobrej-rozmowy\\\/\"]}]},{\"@type\":\"ImageObject\",\"inLanguage\":\"pl-PL\",\"@id\":\"https:\\\/\\\/notabene.world\\\/nb\\\/salon-kobiet-miejsce-dobrej-rozmowy\\\/#primaryimage\",\"url\":\"https:\\\/\\\/i0.wp.com\\\/notabene.world\\\/nb\\\/wp-content\\\/uploads\\\/2022\\\/03\\\/drkep2.jpg?fit=800%2C445&ssl=1\",\"contentUrl\":\"https:\\\/\\\/i0.wp.com\\\/notabene.world\\\/nb\\\/wp-content\\\/uploads\\\/2022\\\/03\\\/drkep2.jpg?fit=800%2C445&ssl=1\",\"width\":800,\"height\":445},{\"@type\":\"BreadcrumbList\",\"@id\":\"https:\\\/\\\/notabene.world\\\/nb\\\/salon-kobiet-miejsce-dobrej-rozmowy\\\/#breadcrumb\",\"itemListElement\":[{\"@type\":\"ListItem\",\"position\":1,\"name\":\"Home\",\"item\":\"https:\\\/\\\/notabene.world\\\/nb\\\/\"},{\"@type\":\"ListItem\",\"position\":2,\"name\":\"Salon Kobiet &#8211; miejsce dobrej rozmowy\"}]},{\"@type\":\"WebSite\",\"@id\":\"https:\\\/\\\/notabene.world\\\/nb\\\/#website\",\"url\":\"https:\\\/\\\/notabene.world\\\/nb\\\/\",\"name\":\"NOTABENE.WORLD\",\"description\":\"Przekaz. Warto\u015bci. Wsp\u00f3lnota.\",\"publisher\":{\"@id\":\"https:\\\/\\\/notabene.world\\\/nb\\\/#organization\"},\"potentialAction\":[{\"@type\":\"SearchAction\",\"target\":{\"@type\":\"EntryPoint\",\"urlTemplate\":\"https:\\\/\\\/notabene.world\\\/nb\\\/?s={search_term_string}\"},\"query-input\":{\"@type\":\"PropertyValueSpecification\",\"valueRequired\":true,\"valueName\":\"search_term_string\"}}],\"inLanguage\":\"pl-PL\"},{\"@type\":\"Organization\",\"@id\":\"https:\\\/\\\/notabene.world\\\/nb\\\/#organization\",\"name\":\"NOTABENE.WORLD\",\"url\":\"https:\\\/\\\/notabene.world\\\/nb\\\/\",\"logo\":{\"@type\":\"ImageObject\",\"inLanguage\":\"pl-PL\",\"@id\":\"https:\\\/\\\/notabene.world\\\/nb\\\/#\\\/schema\\\/logo\\\/image\\\/\",\"url\":\"https:\\\/\\\/notabene.world\\\/nb\\\/wp-content\\\/uploads\\\/2022\\\/01\\\/NB-club-start-www1.jpg\",\"contentUrl\":\"https:\\\/\\\/notabene.world\\\/nb\\\/wp-content\\\/uploads\\\/2022\\\/01\\\/NB-club-start-www1.jpg\",\"width\":1000,\"height\":839,\"caption\":\"NOTABENE.WORLD\"},\"image\":{\"@id\":\"https:\\\/\\\/notabene.world\\\/nb\\\/#\\\/schema\\\/logo\\\/image\\\/\"},\"sameAs\":[\"https:\\\/\\\/www.facebook.com\\\/Notabene.World\"]},{\"@type\":\"Person\",\"@id\":\"https:\\\/\\\/notabene.world\\\/nb\\\/#\\\/schema\\\/person\\\/dff6b8db7a8638ca44eab4bdb68c329b\",\"name\":\"Marzena Sobala\",\"image\":{\"@type\":\"ImageObject\",\"inLanguage\":\"pl-PL\",\"@id\":\"https:\\\/\\\/secure.gravatar.com\\\/avatar\\\/0221ca682c3312b2aec804054cc32197e6fefdcd899b42fd88a6cc94795ca085?s=96&d=mm&r=g\",\"url\":\"https:\\\/\\\/secure.gravatar.com\\\/avatar\\\/0221ca682c3312b2aec804054cc32197e6fefdcd899b42fd88a6cc94795ca085?s=96&d=mm&r=g\",\"contentUrl\":\"https:\\\/\\\/secure.gravatar.com\\\/avatar\\\/0221ca682c3312b2aec804054cc32197e6fefdcd899b42fd88a6cc94795ca085?s=96&d=mm&r=g\",\"caption\":\"Marzena Sobala\"},\"url\":\"https:\\\/\\\/notabene.world\\\/nb\\\/author\\\/m-so\\\/\"}]}<\/script>\n<!-- \/ Yoast SEO plugin. -->","yoast_head_json":{"title":"Salon Kobiet - miejsce dobrej rozmowy - NOTABENE.WORLD","robots":{"index":"index","follow":"follow","max-snippet":"max-snippet:-1","max-image-preview":"max-image-preview:large","max-video-preview":"max-video-preview:-1"},"canonical":"https:\/\/notabene.world\/nb\/salon-kobiet-miejsce-dobrej-rozmowy\/","og_locale":"pl_PL","og_type":"article","og_title":"Salon Kobiet - miejsce dobrej rozmowy - NOTABENE.WORLD","og_description":"Czy lubi\u0105 Pa\u0144stwo spotkania z inspiruj\u0105cymi, interesuj\u0105cymi i warto\u015bciowymi lud\u017ami? Kto by nie lubi\u0142? My tak\u017ce, dlatego rozpoczynamy zupe\u0142nie nowy projekt : \u201eSalon Kobiet \u2013 miejsce dobrej rozmowy\u201d- m\u00f3wi\u0142a dyrektorka Augustyna Nowacka, zapraszaj\u0105c do udzia\u0142u w spotkaniach, kt\u00f3re wystartowa\u0142y w Galerii Winda, w Kieleckim Centrum Kultury, w grudniu ubieg\u0142ego roku. Go\u015b\u0107mi Salonu byli do tej pory: Agata Passent, prof. Marianna Janion, Andrzej Piaseczny, Agnieszka Jelonek, Renata Kim, oraz Renata i Grzegorz Lastowiczowie.","og_url":"https:\/\/notabene.world\/nb\/salon-kobiet-miejsce-dobrej-rozmowy\/","og_site_name":"NOTABENE.WORLD","article_publisher":"https:\/\/www.facebook.com\/Notabene.World","article_published_time":"2022-03-22T08:24:28+00:00","article_modified_time":"2022-04-07T07:44:21+00:00","og_image":[{"width":800,"height":445,"url":"https:\/\/notabene.world\/nb\/wp-content\/uploads\/2022\/03\/drkep2.jpg","type":"image\/jpeg"}],"author":"Marzena Sobala","twitter_card":"summary_large_image","twitter_misc":{"Napisane przez":"Marzena Sobala","Szacowany czas czytania":"2 minuty"},"schema":{"@context":"https:\/\/schema.org","@graph":[{"@type":"Article","@id":"https:\/\/notabene.world\/nb\/salon-kobiet-miejsce-dobrej-rozmowy\/#article","isPartOf":{"@id":"https:\/\/notabene.world\/nb\/salon-kobiet-miejsce-dobrej-rozmowy\/"},"author":{"name":"Marzena Sobala","@id":"https:\/\/notabene.world\/nb\/#\/schema\/person\/dff6b8db7a8638ca44eab4bdb68c329b"},"headline":"Salon Kobiet &#8211; miejsce dobrej rozmowy","datePublished":"2022-03-22T08:24:28+00:00","dateModified":"2022-04-07T07:44:21+00:00","mainEntityOfPage":{"@id":"https:\/\/notabene.world\/nb\/salon-kobiet-miejsce-dobrej-rozmowy\/"},"wordCount":346,"publisher":{"@id":"https:\/\/notabene.world\/nb\/#organization"},"image":{"@id":"https:\/\/notabene.world\/nb\/salon-kobiet-miejsce-dobrej-rozmowy\/#primaryimage"},"thumbnailUrl":"https:\/\/i0.wp.com\/notabene.world\/nb\/wp-content\/uploads\/2022\/03\/drkep2.jpg?fit=800%2C445&ssl=1","articleSection":["\u015awi\u0119tokrzyskie Aktualia","Zapowiedzi i Zaproszenia"],"inLanguage":"pl-PL"},{"@type":"WebPage","@id":"https:\/\/notabene.world\/nb\/salon-kobiet-miejsce-dobrej-rozmowy\/","url":"https:\/\/notabene.world\/nb\/salon-kobiet-miejsce-dobrej-rozmowy\/","name":"Salon Kobiet - miejsce dobrej rozmowy - NOTABENE.WORLD","isPartOf":{"@id":"https:\/\/notabene.world\/nb\/#website"},"primaryImageOfPage":{"@id":"https:\/\/notabene.world\/nb\/salon-kobiet-miejsce-dobrej-rozmowy\/#primaryimage"},"image":{"@id":"https:\/\/notabene.world\/nb\/salon-kobiet-miejsce-dobrej-rozmowy\/#primaryimage"},"thumbnailUrl":"https:\/\/i0.wp.com\/notabene.world\/nb\/wp-content\/uploads\/2022\/03\/drkep2.jpg?fit=800%2C445&ssl=1","datePublished":"2022-03-22T08:24:28+00:00","dateModified":"2022-04-07T07:44:21+00:00","breadcrumb":{"@id":"https:\/\/notabene.world\/nb\/salon-kobiet-miejsce-dobrej-rozmowy\/#breadcrumb"},"inLanguage":"pl-PL","potentialAction":[{"@type":"ReadAction","target":["https:\/\/notabene.world\/nb\/salon-kobiet-miejsce-dobrej-rozmowy\/"]}]},{"@type":"ImageObject","inLanguage":"pl-PL","@id":"https:\/\/notabene.world\/nb\/salon-kobiet-miejsce-dobrej-rozmowy\/#primaryimage","url":"https:\/\/i0.wp.com\/notabene.world\/nb\/wp-content\/uploads\/2022\/03\/drkep2.jpg?fit=800%2C445&ssl=1","contentUrl":"https:\/\/i0.wp.com\/notabene.world\/nb\/wp-content\/uploads\/2022\/03\/drkep2.jpg?fit=800%2C445&ssl=1","width":800,"height":445},{"@type":"BreadcrumbList","@id":"https:\/\/notabene.world\/nb\/salon-kobiet-miejsce-dobrej-rozmowy\/#breadcrumb","itemListElement":[{"@type":"ListItem","position":1,"name":"Home","item":"https:\/\/notabene.world\/nb\/"},{"@type":"ListItem","position":2,"name":"Salon Kobiet &#8211; miejsce dobrej rozmowy"}]},{"@type":"WebSite","@id":"https:\/\/notabene.world\/nb\/#website","url":"https:\/\/notabene.world\/nb\/","name":"NOTABENE.WORLD","description":"Przekaz. Warto\u015bci. Wsp\u00f3lnota.","publisher":{"@id":"https:\/\/notabene.world\/nb\/#organization"},"potentialAction":[{"@type":"SearchAction","target":{"@type":"EntryPoint","urlTemplate":"https:\/\/notabene.world\/nb\/?s={search_term_string}"},"query-input":{"@type":"PropertyValueSpecification","valueRequired":true,"valueName":"search_term_string"}}],"inLanguage":"pl-PL"},{"@type":"Organization","@id":"https:\/\/notabene.world\/nb\/#organization","name":"NOTABENE.WORLD","url":"https:\/\/notabene.world\/nb\/","logo":{"@type":"ImageObject","inLanguage":"pl-PL","@id":"https:\/\/notabene.world\/nb\/#\/schema\/logo\/image\/","url":"https:\/\/notabene.world\/nb\/wp-content\/uploads\/2022\/01\/NB-club-start-www1.jpg","contentUrl":"https:\/\/notabene.world\/nb\/wp-content\/uploads\/2022\/01\/NB-club-start-www1.jpg","width":1000,"height":839,"caption":"NOTABENE.WORLD"},"image":{"@id":"https:\/\/notabene.world\/nb\/#\/schema\/logo\/image\/"},"sameAs":["https:\/\/www.facebook.com\/Notabene.World"]},{"@type":"Person","@id":"https:\/\/notabene.world\/nb\/#\/schema\/person\/dff6b8db7a8638ca44eab4bdb68c329b","name":"Marzena Sobala","image":{"@type":"ImageObject","inLanguage":"pl-PL","@id":"https:\/\/secure.gravatar.com\/avatar\/0221ca682c3312b2aec804054cc32197e6fefdcd899b42fd88a6cc94795ca085?s=96&d=mm&r=g","url":"https:\/\/secure.gravatar.com\/avatar\/0221ca682c3312b2aec804054cc32197e6fefdcd899b42fd88a6cc94795ca085?s=96&d=mm&r=g","contentUrl":"https:\/\/secure.gravatar.com\/avatar\/0221ca682c3312b2aec804054cc32197e6fefdcd899b42fd88a6cc94795ca085?s=96&d=mm&r=g","caption":"Marzena Sobala"},"url":"https:\/\/notabene.world\/nb\/author\/m-so\/"}]}},"jetpack_featured_media_url":"https:\/\/i0.wp.com\/notabene.world\/nb\/wp-content\/uploads\/2022\/03\/drkep2.jpg?fit=800%2C445&ssl=1","jetpack_sharing_enabled":true,"jetpack_shortlink":"https:\/\/wp.me\/pdCobN-18a","_links":{"self":[{"href":"https:\/\/notabene.world\/nb\/wp-json\/wp\/v2\/posts\/4350","targetHints":{"allow":["GET"]}}],"collection":[{"href":"https:\/\/notabene.world\/nb\/wp-json\/wp\/v2\/posts"}],"about":[{"href":"https:\/\/notabene.world\/nb\/wp-json\/wp\/v2\/types\/post"}],"author":[{"embeddable":true,"href":"https:\/\/notabene.world\/nb\/wp-json\/wp\/v2\/users\/39"}],"replies":[{"embeddable":true,"href":"https:\/\/notabene.world\/nb\/wp-json\/wp\/v2\/comments?post=4350"}],"version-history":[{"count":3,"href":"https:\/\/notabene.world\/nb\/wp-json\/wp\/v2\/posts\/4350\/revisions"}],"predecessor-version":[{"id":4359,"href":"https:\/\/notabene.world\/nb\/wp-json\/wp\/v2\/posts\/4350\/revisions\/4359"}],"wp:featuredmedia":[{"embeddable":true,"href":"https:\/\/notabene.world\/nb\/wp-json\/wp\/v2\/media\/4352"}],"wp:attachment":[{"href":"https:\/\/notabene.world\/nb\/wp-json\/wp\/v2\/media?parent=4350"}],"wp:term":[{"taxonomy":"category","embeddable":true,"href":"https:\/\/notabene.world\/nb\/wp-json\/wp\/v2\/categories?post=4350"},{"taxonomy":"post_tag","embeddable":true,"href":"https:\/\/notabene.world\/nb\/wp-json\/wp\/v2\/tags?post=4350"}],"curies":[{"name":"wp","href":"https:\/\/api.w.org\/{rel}","templated":true}]}}