{"id":4382,"date":"2022-03-22T23:47:00","date_gmt":"2022-03-22T22:47:00","guid":{"rendered":"https:\/\/notabene.world\/nb\/?p=4382"},"modified":"2022-03-23T04:24:46","modified_gmt":"2022-03-23T03:24:46","slug":"swiatowy-dzien-czytania-tolkiena","status":"publish","type":"post","link":"https:\/\/notabene.world\/nb\/swiatowy-dzien-czytania-tolkiena\/","title":{"rendered":"\u015awiatowy Dzie\u0144 Czytania Tolkiena"},"content":{"rendered":"\n<p><\/p>\n\n\n\n<p>25 marca obchodzimy \u015awiatowy Dzie\u0144 Czytania Tolkiena. Fani powie\u015bci brytyjskiego pisarza spotykaj\u0105 si\u0119, by \u015bwi\u0119towa\u0107 to szczeg\u00f3lne wydarzenie na ca\u0142ym \u015bwiecie. W tym roku do akcji #TolkienReadingDay2022 przy\u0142\u0105czy\u0142y si\u0119 kieleckie instytucje: Poczytalnia na dVoRcu, filia Miejska Biblioteka Publiczna w Kielcach, Muzeum Zabawy i Zabawek w Kielcach oraz ksi\u0119garnia CK Wiedza. Tematem przewodnim tegorocznego \u015bwi\u0119ta jest mi\u0142o\u015b\u0107 i przyja\u017a\u0144. Z tymi poj\u0119ciami s\u0105 powi\u0105zane fantastyczne atrakcje: gry i zabawy, panele dyskusyjne, g\u0142o\u015bne czytanie, a na koniec \u2026 komisyjne zniszczenie pier\u015bcienia. Ka\u017cdy, kto przyjdzie w ten dzie\u0144 do Mediateki przebrany w str\u00f3j ze \u015bwiata ksi\u0105\u017cek Tolkiena, otrzyma drobny upominek. Poni\u017cej przedstawiamy program wydarze\u0144:<\/p>\n\n\n\n<p><strong>Muzeum Zabawy i Zabawek<\/strong><\/p>\n\n\n\n<p><strong>Godz. 10:00-13:00<\/strong> &#8211; \u201eWyprawa\u201d- spotkanie oparte o interaktywne zadania do zrealizowania w \u015bwiecie Tolkiena dla dzieci i m\u0142odzie\u017cy;<\/p>\n\n\n\n<p><strong>Godz. 17:00 \u2013<\/strong> \u201eMali rycerze\u201d- spotkanie z Hirdem, szkolenie dla ma\u0142ych woj\u00f3w i rycerzy;<\/p>\n\n\n\n<p>W muzeum dost\u0119pna b\u0119dzie r\u00f3wnie\u017c wystawa figurek z gry bitewnej.<\/p>\n\n\n\n<p><strong>Ksi\u0119garnia CK Wiedza<\/strong><\/p>\n\n\n\n<p><strong>Godz. 15:00 &#8211; <\/strong>spotkanie z udzia\u0142em prof. Aleksandry Kl\u0119czar z Instytutu Filologii Klasycznej Uniwersytetu Jagiello\u0144skiego w Krakowie.<\/p>\n\n\n\n<ul class=\"wp-block-list\"><li>lektura dzie\u0142 J.R.R. Tolkiena;<\/li><\/ul>\n\n\n\n<ul class=\"wp-block-list\"><li>dyskusja o t\u0142umaczeniach dzie\u0142 pisarza na j\u0119zyki martwe;<\/li><\/ul>\n\n\n\n<ul class=\"wp-block-list\"><li>wystawa r\u00f3\u017cnych przek\u0142ad\u00f3w dzie\u0142 Tolkiena;<\/li><\/ul>\n\n\n\n<p><strong>Poczytalnia na dVoRcu \u2013 Wielki Fina\u0142 Dnia Czytania Tolkiena, godz. 17:00<\/strong><\/p>\n\n\n\n<ul class=\"wp-block-list\"><li>prelekcja na temat \u201eMitologia s\u0142owia\u0144ska i jej potencja\u0142 dla literatury fantasy. Przyja\u017a\u0144 i nieprzyja\u017a\u0144\u201d prof.&nbsp; Krzysztofa Brachy z Instytutu Historii Uniwersytetu Jana Kochanowskiego;<\/li><\/ul>\n\n\n\n<ul class=\"wp-block-list\"><li>G\u0142o\u015bne czytanie utwor\u00f3w J.R.R Tolkiena;<\/li><\/ul>\n\n\n\n<ul class=\"wp-block-list\"><li>Wystawa zdj\u0119\u0107 szopki bo\u017conarodzeniowej w stylu tolkienowskim z Klasztoru Braci Mniejszych Kapucyn\u00f3w przy parafii \u015bw. Franciszka autorstwa \u0141ukasza Zarzyckiego;<\/li><\/ul>\n\n\n\n<ul class=\"wp-block-list\"><li>Pokaz stroj\u00f3w ze \u015bwiata Tolkiena w wykonaniu Mangowo-Fantastyczne Kielce;<\/li><\/ul>\n\n\n\n<ul class=\"wp-block-list\"><li>Wielki fina\u0142 &#8211; \u201eZniszczenie pier\u015bcienia\u201d<\/li><\/ul>\n\n\n\n<figure class=\"wp-block-image size-full\"><img data-recalc-dims=\"1\" loading=\"lazy\" decoding=\"async\" width=\"509\" height=\"720\" src=\"https:\/\/i0.wp.com\/notabene.world\/nb\/wp-content\/uploads\/2022\/03\/Tolkien.jpg?resize=509%2C720&#038;ssl=1\" alt=\"\" class=\"wp-image-4386\" srcset=\"https:\/\/i0.wp.com\/notabene.world\/nb\/wp-content\/uploads\/2022\/03\/Tolkien.jpg?w=509&amp;ssl=1 509w, https:\/\/i0.wp.com\/notabene.world\/nb\/wp-content\/uploads\/2022\/03\/Tolkien.jpg?resize=212%2C300&amp;ssl=1 212w\" sizes=\"auto, (max-width: 509px) 100vw, 509px\" \/><\/figure>\n","protected":false},"excerpt":{"rendered":"<p>25 marca obchodzimy \u015awiatowy Dzie\u0144 Czytania Tolkiena. Fani powie\u015bci brytyjskiego pisarza spotykaj\u0105 si\u0119, by \u015bwi\u0119towa\u0107 to szczeg\u00f3lne wydarzenie na ca\u0142ym \u015bwiecie. W tym roku do akcji #TolkienReadingDay2022 przy\u0142\u0105czy\u0142y si\u0119 kieleckie instytucje: Poczytalnia na dVoRcu, filia Miejska Biblioteka Publiczna w Kielcach, Muzeum Zabawy i Zabawek w Kielcach oraz ksi\u0119garnia CK Wiedza. Tematem przewodnim tegorocznego \u015bwi\u0119ta jest mi\u0142o\u015b\u0107 i przyja\u017a\u0144. Z tymi poj\u0119ciami s\u0105 powi\u0105zane fantastyczne atrakcje: gry i zabawy, panele dyskusyjne, g\u0142o\u015bne czytanie, a na koniec \u2026 komisyjne zniszczenie pier\u015bcienia. Ka\u017cdy, kto przyjdzie w ten dzie\u0144 do Mediateki przebrany w str\u00f3j ze \u015bwiata ksi\u0105\u017cek Tolkiena, otrzyma drobny upominek.<\/p>\n","protected":false},"author":35,"featured_media":4384,"comment_status":"closed","ping_status":"closed","sticky":false,"template":"","format":"standard","meta":{"colormag_page_container_layout":"no_sidebar_full_width","colormag_page_sidebar_layout":"no_sidebar","_jetpack_memberships_contains_paid_content":false,"footnotes":"","_links_to":"","_links_to_target":""},"categories":[160,163],"tags":[],"class_list":["post-4382","post","type-post","status-publish","format-standard","has-post-thumbnail","hentry","category-swietokrzyskie-aktualia","category-zapowiedzi-i-zaproszenia"],"yoast_head":"<!-- This site is optimized with the Yoast SEO plugin v27.4 - https:\/\/yoast.com\/product\/yoast-seo-wordpress\/ -->\n<title>\u015awiatowy Dzie\u0144 Czytania Tolkiena - NOTABENE.WORLD<\/title>\n<meta name=\"robots\" content=\"index, follow, max-snippet:-1, max-image-preview:large, max-video-preview:-1\" \/>\n<link rel=\"canonical\" href=\"https:\/\/notabene.world\/nb\/swiatowy-dzien-czytania-tolkiena\/\" \/>\n<meta property=\"og:locale\" content=\"pl_PL\" \/>\n<meta property=\"og:type\" content=\"article\" \/>\n<meta property=\"og:title\" content=\"\u015awiatowy Dzie\u0144 Czytania Tolkiena - NOTABENE.WORLD\" \/>\n<meta property=\"og:description\" content=\"25 marca obchodzimy \u015awiatowy Dzie\u0144 Czytania Tolkiena. Fani powie\u015bci brytyjskiego pisarza spotykaj\u0105 si\u0119, by \u015bwi\u0119towa\u0107 to szczeg\u00f3lne wydarzenie na ca\u0142ym \u015bwiecie. W tym roku do akcji #TolkienReadingDay2022 przy\u0142\u0105czy\u0142y si\u0119 kieleckie instytucje: Poczytalnia na dVoRcu, filia Miejska Biblioteka Publiczna w Kielcach, Muzeum Zabawy i Zabawek w Kielcach oraz ksi\u0119garnia CK Wiedza. Tematem przewodnim tegorocznego \u015bwi\u0119ta jest mi\u0142o\u015b\u0107 i przyja\u017a\u0144. Z tymi poj\u0119ciami s\u0105 powi\u0105zane fantastyczne atrakcje: gry i zabawy, panele dyskusyjne, g\u0142o\u015bne czytanie, a na koniec \u2026 komisyjne zniszczenie pier\u015bcienia. Ka\u017cdy, kto przyjdzie w ten dzie\u0144 do Mediateki przebrany w str\u00f3j ze \u015bwiata ksi\u0105\u017cek Tolkiena, otrzyma drobny upominek.\" \/>\n<meta property=\"og:url\" content=\"https:\/\/notabene.world\/nb\/swiatowy-dzien-czytania-tolkiena\/\" \/>\n<meta property=\"og:site_name\" content=\"NOTABENE.WORLD\" \/>\n<meta property=\"article:publisher\" content=\"https:\/\/www.facebook.com\/Notabene.World\" \/>\n<meta property=\"article:published_time\" content=\"2022-03-22T22:47:00+00:00\" \/>\n<meta property=\"article:modified_time\" content=\"2022-03-23T03:24:46+00:00\" \/>\n<meta property=\"og:image\" content=\"https:\/\/notabene.world\/nb\/wp-content\/uploads\/2022\/03\/tolk.jpg\" \/>\n\t<meta property=\"og:image:width\" content=\"800\" \/>\n\t<meta property=\"og:image:height\" content=\"445\" \/>\n\t<meta property=\"og:image:type\" content=\"image\/jpeg\" \/>\n<meta name=\"author\" content=\"B D\" \/>\n<meta name=\"twitter:card\" content=\"summary_large_image\" \/>\n<meta name=\"twitter:label1\" content=\"Napisane przez\" \/>\n\t<meta name=\"twitter:data1\" content=\"B D\" \/>\n\t<meta name=\"twitter:label2\" content=\"Szacowany czas czytania\" \/>\n\t<meta name=\"twitter:data2\" content=\"2 minuty\" \/>\n<script type=\"application\/ld+json\" class=\"yoast-schema-graph\">{\"@context\":\"https:\\\/\\\/schema.org\",\"@graph\":[{\"@type\":\"Article\",\"@id\":\"https:\\\/\\\/notabene.world\\\/nb\\\/swiatowy-dzien-czytania-tolkiena\\\/#article\",\"isPartOf\":{\"@id\":\"https:\\\/\\\/notabene.world\\\/nb\\\/swiatowy-dzien-czytania-tolkiena\\\/\"},\"author\":{\"name\":\"B D\",\"@id\":\"https:\\\/\\\/notabene.world\\\/nb\\\/#\\\/schema\\\/person\\\/9081f0d094ad3e2767736feb48c99520\"},\"headline\":\"\u015awiatowy Dzie\u0144 Czytania Tolkiena\",\"datePublished\":\"2022-03-22T22:47:00+00:00\",\"dateModified\":\"2022-03-23T03:24:46+00:00\",\"mainEntityOfPage\":{\"@id\":\"https:\\\/\\\/notabene.world\\\/nb\\\/swiatowy-dzien-czytania-tolkiena\\\/\"},\"wordCount\":303,\"publisher\":{\"@id\":\"https:\\\/\\\/notabene.world\\\/nb\\\/#organization\"},\"image\":{\"@id\":\"https:\\\/\\\/notabene.world\\\/nb\\\/swiatowy-dzien-czytania-tolkiena\\\/#primaryimage\"},\"thumbnailUrl\":\"https:\\\/\\\/i0.wp.com\\\/notabene.world\\\/nb\\\/wp-content\\\/uploads\\\/2022\\\/03\\\/tolk.jpg?fit=800%2C445&ssl=1\",\"articleSection\":[\"\u015awi\u0119tokrzyskie Aktualia\",\"Zapowiedzi i Zaproszenia\"],\"inLanguage\":\"pl-PL\"},{\"@type\":\"WebPage\",\"@id\":\"https:\\\/\\\/notabene.world\\\/nb\\\/swiatowy-dzien-czytania-tolkiena\\\/\",\"url\":\"https:\\\/\\\/notabene.world\\\/nb\\\/swiatowy-dzien-czytania-tolkiena\\\/\",\"name\":\"\u015awiatowy Dzie\u0144 Czytania Tolkiena - NOTABENE.WORLD\",\"isPartOf\":{\"@id\":\"https:\\\/\\\/notabene.world\\\/nb\\\/#website\"},\"primaryImageOfPage\":{\"@id\":\"https:\\\/\\\/notabene.world\\\/nb\\\/swiatowy-dzien-czytania-tolkiena\\\/#primaryimage\"},\"image\":{\"@id\":\"https:\\\/\\\/notabene.world\\\/nb\\\/swiatowy-dzien-czytania-tolkiena\\\/#primaryimage\"},\"thumbnailUrl\":\"https:\\\/\\\/i0.wp.com\\\/notabene.world\\\/nb\\\/wp-content\\\/uploads\\\/2022\\\/03\\\/tolk.jpg?fit=800%2C445&ssl=1\",\"datePublished\":\"2022-03-22T22:47:00+00:00\",\"dateModified\":\"2022-03-23T03:24:46+00:00\",\"breadcrumb\":{\"@id\":\"https:\\\/\\\/notabene.world\\\/nb\\\/swiatowy-dzien-czytania-tolkiena\\\/#breadcrumb\"},\"inLanguage\":\"pl-PL\",\"potentialAction\":[{\"@type\":\"ReadAction\",\"target\":[\"https:\\\/\\\/notabene.world\\\/nb\\\/swiatowy-dzien-czytania-tolkiena\\\/\"]}]},{\"@type\":\"ImageObject\",\"inLanguage\":\"pl-PL\",\"@id\":\"https:\\\/\\\/notabene.world\\\/nb\\\/swiatowy-dzien-czytania-tolkiena\\\/#primaryimage\",\"url\":\"https:\\\/\\\/i0.wp.com\\\/notabene.world\\\/nb\\\/wp-content\\\/uploads\\\/2022\\\/03\\\/tolk.jpg?fit=800%2C445&ssl=1\",\"contentUrl\":\"https:\\\/\\\/i0.wp.com\\\/notabene.world\\\/nb\\\/wp-content\\\/uploads\\\/2022\\\/03\\\/tolk.jpg?fit=800%2C445&ssl=1\",\"width\":800,\"height\":445},{\"@type\":\"BreadcrumbList\",\"@id\":\"https:\\\/\\\/notabene.world\\\/nb\\\/swiatowy-dzien-czytania-tolkiena\\\/#breadcrumb\",\"itemListElement\":[{\"@type\":\"ListItem\",\"position\":1,\"name\":\"Home\",\"item\":\"https:\\\/\\\/notabene.world\\\/nb\\\/\"},{\"@type\":\"ListItem\",\"position\":2,\"name\":\"\u015awiatowy Dzie\u0144 Czytania Tolkiena\"}]},{\"@type\":\"WebSite\",\"@id\":\"https:\\\/\\\/notabene.world\\\/nb\\\/#website\",\"url\":\"https:\\\/\\\/notabene.world\\\/nb\\\/\",\"name\":\"NOTABENE.WORLD\",\"description\":\"Przekaz. Warto\u015bci. Wsp\u00f3lnota.\",\"publisher\":{\"@id\":\"https:\\\/\\\/notabene.world\\\/nb\\\/#organization\"},\"potentialAction\":[{\"@type\":\"SearchAction\",\"target\":{\"@type\":\"EntryPoint\",\"urlTemplate\":\"https:\\\/\\\/notabene.world\\\/nb\\\/?s={search_term_string}\"},\"query-input\":{\"@type\":\"PropertyValueSpecification\",\"valueRequired\":true,\"valueName\":\"search_term_string\"}}],\"inLanguage\":\"pl-PL\"},{\"@type\":\"Organization\",\"@id\":\"https:\\\/\\\/notabene.world\\\/nb\\\/#organization\",\"name\":\"NOTABENE.WORLD\",\"url\":\"https:\\\/\\\/notabene.world\\\/nb\\\/\",\"logo\":{\"@type\":\"ImageObject\",\"inLanguage\":\"pl-PL\",\"@id\":\"https:\\\/\\\/notabene.world\\\/nb\\\/#\\\/schema\\\/logo\\\/image\\\/\",\"url\":\"https:\\\/\\\/notabene.world\\\/nb\\\/wp-content\\\/uploads\\\/2022\\\/01\\\/NB-club-start-www1.jpg\",\"contentUrl\":\"https:\\\/\\\/notabene.world\\\/nb\\\/wp-content\\\/uploads\\\/2022\\\/01\\\/NB-club-start-www1.jpg\",\"width\":1000,\"height\":839,\"caption\":\"NOTABENE.WORLD\"},\"image\":{\"@id\":\"https:\\\/\\\/notabene.world\\\/nb\\\/#\\\/schema\\\/logo\\\/image\\\/\"},\"sameAs\":[\"https:\\\/\\\/www.facebook.com\\\/Notabene.World\"]},{\"@type\":\"Person\",\"@id\":\"https:\\\/\\\/notabene.world\\\/nb\\\/#\\\/schema\\\/person\\\/9081f0d094ad3e2767736feb48c99520\",\"name\":\"B D\",\"image\":{\"@type\":\"ImageObject\",\"inLanguage\":\"pl-PL\",\"@id\":\"https:\\\/\\\/secure.gravatar.com\\\/avatar\\\/ebcdcd8c0a7789c85d5a03ead2e68bda7a5fcb1ab728d56a4bd678c5ea15faa2?s=96&d=mm&r=g\",\"url\":\"https:\\\/\\\/secure.gravatar.com\\\/avatar\\\/ebcdcd8c0a7789c85d5a03ead2e68bda7a5fcb1ab728d56a4bd678c5ea15faa2?s=96&d=mm&r=g\",\"contentUrl\":\"https:\\\/\\\/secure.gravatar.com\\\/avatar\\\/ebcdcd8c0a7789c85d5a03ead2e68bda7a5fcb1ab728d56a4bd678c5ea15faa2?s=96&d=mm&r=g\",\"caption\":\"B D\"},\"url\":\"https:\\\/\\\/notabene.world\\\/nb\\\/author\\\/jo-d\\\/\"}]}<\/script>\n<!-- \/ Yoast SEO plugin. -->","yoast_head_json":{"title":"\u015awiatowy Dzie\u0144 Czytania Tolkiena - NOTABENE.WORLD","robots":{"index":"index","follow":"follow","max-snippet":"max-snippet:-1","max-image-preview":"max-image-preview:large","max-video-preview":"max-video-preview:-1"},"canonical":"https:\/\/notabene.world\/nb\/swiatowy-dzien-czytania-tolkiena\/","og_locale":"pl_PL","og_type":"article","og_title":"\u015awiatowy Dzie\u0144 Czytania Tolkiena - NOTABENE.WORLD","og_description":"25 marca obchodzimy \u015awiatowy Dzie\u0144 Czytania Tolkiena. Fani powie\u015bci brytyjskiego pisarza spotykaj\u0105 si\u0119, by \u015bwi\u0119towa\u0107 to szczeg\u00f3lne wydarzenie na ca\u0142ym \u015bwiecie. W tym roku do akcji #TolkienReadingDay2022 przy\u0142\u0105czy\u0142y si\u0119 kieleckie instytucje: Poczytalnia na dVoRcu, filia Miejska Biblioteka Publiczna w Kielcach, Muzeum Zabawy i Zabawek w Kielcach oraz ksi\u0119garnia CK Wiedza. Tematem przewodnim tegorocznego \u015bwi\u0119ta jest mi\u0142o\u015b\u0107 i przyja\u017a\u0144. Z tymi poj\u0119ciami s\u0105 powi\u0105zane fantastyczne atrakcje: gry i zabawy, panele dyskusyjne, g\u0142o\u015bne czytanie, a na koniec \u2026 komisyjne zniszczenie pier\u015bcienia. Ka\u017cdy, kto przyjdzie w ten dzie\u0144 do Mediateki przebrany w str\u00f3j ze \u015bwiata ksi\u0105\u017cek Tolkiena, otrzyma drobny upominek.","og_url":"https:\/\/notabene.world\/nb\/swiatowy-dzien-czytania-tolkiena\/","og_site_name":"NOTABENE.WORLD","article_publisher":"https:\/\/www.facebook.com\/Notabene.World","article_published_time":"2022-03-22T22:47:00+00:00","article_modified_time":"2022-03-23T03:24:46+00:00","og_image":[{"width":800,"height":445,"url":"https:\/\/notabene.world\/nb\/wp-content\/uploads\/2022\/03\/tolk.jpg","type":"image\/jpeg"}],"author":"B D","twitter_card":"summary_large_image","twitter_misc":{"Napisane przez":"B D","Szacowany czas czytania":"2 minuty"},"schema":{"@context":"https:\/\/schema.org","@graph":[{"@type":"Article","@id":"https:\/\/notabene.world\/nb\/swiatowy-dzien-czytania-tolkiena\/#article","isPartOf":{"@id":"https:\/\/notabene.world\/nb\/swiatowy-dzien-czytania-tolkiena\/"},"author":{"name":"B D","@id":"https:\/\/notabene.world\/nb\/#\/schema\/person\/9081f0d094ad3e2767736feb48c99520"},"headline":"\u015awiatowy Dzie\u0144 Czytania Tolkiena","datePublished":"2022-03-22T22:47:00+00:00","dateModified":"2022-03-23T03:24:46+00:00","mainEntityOfPage":{"@id":"https:\/\/notabene.world\/nb\/swiatowy-dzien-czytania-tolkiena\/"},"wordCount":303,"publisher":{"@id":"https:\/\/notabene.world\/nb\/#organization"},"image":{"@id":"https:\/\/notabene.world\/nb\/swiatowy-dzien-czytania-tolkiena\/#primaryimage"},"thumbnailUrl":"https:\/\/i0.wp.com\/notabene.world\/nb\/wp-content\/uploads\/2022\/03\/tolk.jpg?fit=800%2C445&ssl=1","articleSection":["\u015awi\u0119tokrzyskie Aktualia","Zapowiedzi i Zaproszenia"],"inLanguage":"pl-PL"},{"@type":"WebPage","@id":"https:\/\/notabene.world\/nb\/swiatowy-dzien-czytania-tolkiena\/","url":"https:\/\/notabene.world\/nb\/swiatowy-dzien-czytania-tolkiena\/","name":"\u015awiatowy Dzie\u0144 Czytania Tolkiena - NOTABENE.WORLD","isPartOf":{"@id":"https:\/\/notabene.world\/nb\/#website"},"primaryImageOfPage":{"@id":"https:\/\/notabene.world\/nb\/swiatowy-dzien-czytania-tolkiena\/#primaryimage"},"image":{"@id":"https:\/\/notabene.world\/nb\/swiatowy-dzien-czytania-tolkiena\/#primaryimage"},"thumbnailUrl":"https:\/\/i0.wp.com\/notabene.world\/nb\/wp-content\/uploads\/2022\/03\/tolk.jpg?fit=800%2C445&ssl=1","datePublished":"2022-03-22T22:47:00+00:00","dateModified":"2022-03-23T03:24:46+00:00","breadcrumb":{"@id":"https:\/\/notabene.world\/nb\/swiatowy-dzien-czytania-tolkiena\/#breadcrumb"},"inLanguage":"pl-PL","potentialAction":[{"@type":"ReadAction","target":["https:\/\/notabene.world\/nb\/swiatowy-dzien-czytania-tolkiena\/"]}]},{"@type":"ImageObject","inLanguage":"pl-PL","@id":"https:\/\/notabene.world\/nb\/swiatowy-dzien-czytania-tolkiena\/#primaryimage","url":"https:\/\/i0.wp.com\/notabene.world\/nb\/wp-content\/uploads\/2022\/03\/tolk.jpg?fit=800%2C445&ssl=1","contentUrl":"https:\/\/i0.wp.com\/notabene.world\/nb\/wp-content\/uploads\/2022\/03\/tolk.jpg?fit=800%2C445&ssl=1","width":800,"height":445},{"@type":"BreadcrumbList","@id":"https:\/\/notabene.world\/nb\/swiatowy-dzien-czytania-tolkiena\/#breadcrumb","itemListElement":[{"@type":"ListItem","position":1,"name":"Home","item":"https:\/\/notabene.world\/nb\/"},{"@type":"ListItem","position":2,"name":"\u015awiatowy Dzie\u0144 Czytania Tolkiena"}]},{"@type":"WebSite","@id":"https:\/\/notabene.world\/nb\/#website","url":"https:\/\/notabene.world\/nb\/","name":"NOTABENE.WORLD","description":"Przekaz. Warto\u015bci. Wsp\u00f3lnota.","publisher":{"@id":"https:\/\/notabene.world\/nb\/#organization"},"potentialAction":[{"@type":"SearchAction","target":{"@type":"EntryPoint","urlTemplate":"https:\/\/notabene.world\/nb\/?s={search_term_string}"},"query-input":{"@type":"PropertyValueSpecification","valueRequired":true,"valueName":"search_term_string"}}],"inLanguage":"pl-PL"},{"@type":"Organization","@id":"https:\/\/notabene.world\/nb\/#organization","name":"NOTABENE.WORLD","url":"https:\/\/notabene.world\/nb\/","logo":{"@type":"ImageObject","inLanguage":"pl-PL","@id":"https:\/\/notabene.world\/nb\/#\/schema\/logo\/image\/","url":"https:\/\/notabene.world\/nb\/wp-content\/uploads\/2022\/01\/NB-club-start-www1.jpg","contentUrl":"https:\/\/notabene.world\/nb\/wp-content\/uploads\/2022\/01\/NB-club-start-www1.jpg","width":1000,"height":839,"caption":"NOTABENE.WORLD"},"image":{"@id":"https:\/\/notabene.world\/nb\/#\/schema\/logo\/image\/"},"sameAs":["https:\/\/www.facebook.com\/Notabene.World"]},{"@type":"Person","@id":"https:\/\/notabene.world\/nb\/#\/schema\/person\/9081f0d094ad3e2767736feb48c99520","name":"B D","image":{"@type":"ImageObject","inLanguage":"pl-PL","@id":"https:\/\/secure.gravatar.com\/avatar\/ebcdcd8c0a7789c85d5a03ead2e68bda7a5fcb1ab728d56a4bd678c5ea15faa2?s=96&d=mm&r=g","url":"https:\/\/secure.gravatar.com\/avatar\/ebcdcd8c0a7789c85d5a03ead2e68bda7a5fcb1ab728d56a4bd678c5ea15faa2?s=96&d=mm&r=g","contentUrl":"https:\/\/secure.gravatar.com\/avatar\/ebcdcd8c0a7789c85d5a03ead2e68bda7a5fcb1ab728d56a4bd678c5ea15faa2?s=96&d=mm&r=g","caption":"B D"},"url":"https:\/\/notabene.world\/nb\/author\/jo-d\/"}]}},"jetpack_featured_media_url":"https:\/\/i0.wp.com\/notabene.world\/nb\/wp-content\/uploads\/2022\/03\/tolk.jpg?fit=800%2C445&ssl=1","jetpack_sharing_enabled":true,"jetpack_shortlink":"https:\/\/wp.me\/pdCobN-18G","_links":{"self":[{"href":"https:\/\/notabene.world\/nb\/wp-json\/wp\/v2\/posts\/4382","targetHints":{"allow":["GET"]}}],"collection":[{"href":"https:\/\/notabene.world\/nb\/wp-json\/wp\/v2\/posts"}],"about":[{"href":"https:\/\/notabene.world\/nb\/wp-json\/wp\/v2\/types\/post"}],"author":[{"embeddable":true,"href":"https:\/\/notabene.world\/nb\/wp-json\/wp\/v2\/users\/35"}],"replies":[{"embeddable":true,"href":"https:\/\/notabene.world\/nb\/wp-json\/wp\/v2\/comments?post=4382"}],"version-history":[{"count":5,"href":"https:\/\/notabene.world\/nb\/wp-json\/wp\/v2\/posts\/4382\/revisions"}],"predecessor-version":[{"id":4396,"href":"https:\/\/notabene.world\/nb\/wp-json\/wp\/v2\/posts\/4382\/revisions\/4396"}],"wp:featuredmedia":[{"embeddable":true,"href":"https:\/\/notabene.world\/nb\/wp-json\/wp\/v2\/media\/4384"}],"wp:attachment":[{"href":"https:\/\/notabene.world\/nb\/wp-json\/wp\/v2\/media?parent=4382"}],"wp:term":[{"taxonomy":"category","embeddable":true,"href":"https:\/\/notabene.world\/nb\/wp-json\/wp\/v2\/categories?post=4382"},{"taxonomy":"post_tag","embeddable":true,"href":"https:\/\/notabene.world\/nb\/wp-json\/wp\/v2\/tags?post=4382"}],"curies":[{"name":"wp","href":"https:\/\/api.w.org\/{rel}","templated":true}]}}