{"id":4403,"date":"2022-04-14T14:00:00","date_gmt":"2022-04-14T12:00:00","guid":{"rendered":"https:\/\/notabene.world\/nb\/?p=4403"},"modified":"2022-05-08T20:17:20","modified_gmt":"2022-05-08T18:17:20","slug":"szkola-alternatywna","status":"publish","type":"post","link":"https:\/\/notabene.world\/nb\/szkola-alternatywna\/","title":{"rendered":"Szko\u0142a alternatywna"},"content":{"rendered":"\n<p>Co by by\u0142o gdyby tak zrobi\u0107 sobie przerw\u0119 od szko\u0142y? Chocia\u017c przez dzie\u0144 czy dwa odpu\u015bci\u0107 sobie wstawanie o 6:00, a zamiast tego nastawi\u0107 sw\u00f3j budzik na godzin\u0119 8:30? A mo\u017ce wcale go nie ustawia\u0107 i cho\u0107 przez jeden dzie\u0144 porz\u0105dnie si\u0119 wyspa\u0107? <\/p>\n\n\n\n<p>Jestem pewna, \u017ce takie my\u015bli przewijaj\u0105 si\u0119 przez g\u0142ow\u0119 ka\u017cdego ucznia raz na jaki\u015b czas. Rzadko kiedy jednak kto\u015b traktuje je jako bodziec do zmiany czego\u015b w swojej edukacji. Zatrzymuj\u0105c si\u0119 na chwil\u0119 w swoich wyobra\u017ceniach, nie zdajemy sobie sprawy z mo\u017cliwo\u015bci uczenia si\u0119 w inny spos\u00f3b, dostosowany do naszych indywidualnych potrzeb oraz stylu \u017cycia. Ja r\u00f3wnie\u017c nie mia\u0142am o tym poj\u0119cia do momentu, w kt\u00f3rym dowiedzia\u0142am si\u0119 o <strong>edukacji domowej<\/strong>.<\/p>\n\n\n\n<div class=\"wp-block-buttons is-layout-flex wp-block-buttons-is-layout-flex\">\n<div class=\"wp-block-button\"><a class=\"wp-block-button__link\">Moje pocz\u0105tki przygody z edukacj\u0105 domow\u0105<\/a><\/div>\n<\/div>\n\n\n\n<p>Jak m\u00f3wi <em>Wikipedia,&nbsp;<\/em>edukacja domowa polega na nauczaniu dzieci lub m\u0142odzie\u017cy przez ich rodzic\u00f3w, poza systemem szkolnym. Oznacza to, \u017ce uczniowie i ich rodzice s\u0105 odpowiedzialni za przyswojenie wiedzy, a w szkole zdaj\u0105 tylko egzaminy. Dla mnie jest to przede wszystkim ogromna dowolno\u015b\u0107 sposobu nauki oraz multum mo\u017cliwo\u015bci. Oczywiste jest to, \u017ce dzieci w wieku szko\u0142y podstawowej, ucz\u0105ce si\u0119 w edukacji domowej, musz\u0105 w pewien spos\u00f3b polega\u0107 na swoich rodzicach. To w\u0142a\u015bnie oni przekazuj\u0105 im wiedz\u0119 i naprowadzaj\u0105 na warto\u015bciowe tre\u015bci. Ja jednak chcia\u0142abym si\u0119 skupi\u0107 na <strong>edukacji domowej w liceum<\/strong>. Sama jestem uczennic\u0105 <strong>Szko\u0142y w Chmurze<\/strong> na edukacji domowej w drugiej klasie szko\u0142y \u015bredniej. U mnie pomys\u0142 na taki spos\u00f3b nauki przyszed\u0142 wraz z nadej\u015bciem pandemii <em><strong>Covid<\/strong> <strong>19<\/strong> <\/em>oraz rozpocz\u0119ciem zdalnego nauczania. Z ka\u017cdym dniem lekcji zdalnych zacz\u0119\u0142am zauwa\u017ca\u0107 ile pracy jestem w stanie wykona\u0107 sama, przygotowuj\u0105c si\u0119 samodzielnie do<strong> <em>egzaminu <\/em><\/strong><em><strong>\u00f3smoklasisty<\/strong><\/em>. Ku memu ogromnemu zdziwieniu ilo\u015b\u0107 czasu, kt\u00f3r\u0105 po\u015bwi\u0119ca\u0142am na samodzieln\u0105 nauk\u0119 by\u0142a o wiele mniejsza ni\u017c suma godzin sp\u0119dzonych bezczynnie przed ekranem komputera. Wtedy przekona\u0142am si\u0119, \u017ce ucz\u0105c si\u0119 samodzielnie jestem o wiele bardziej efektywna.<\/p>\n\n\n\n<p>R\u00f3wnie wa\u017cnym powodem zmiany mojego sposobu nauki by\u0142 fakt, \u017ce chodzi\u0142am do Szko\u0142y Muzycznej i brakowa\u0142o mi czasu na \u0107wiczenie na instrumencie. Nat\u0142ok zaj\u0119\u0107 w szkole, masa prac domowych oraz ogromna ilo\u015b\u0107 test\u00f3w zabiera\u0142y mi czas, kt\u00f3ry mog\u0142abym po\u015bwi\u0119ci\u0107 na rozwijanie moich umiej\u0119tno\u015bci gry na fortepianie. Szko\u0142a przesta\u0142a sprawia\u0107 mi frajd\u0119 i zacz\u0119\u0142a kojarzy\u0107 si\u0119 tylko ze stresem, zm\u0119czeniem i brakiem wolnego czasu.<\/p>\n\n\n\n<div class=\"wp-block-buttons is-layout-flex wp-block-buttons-is-layout-flex\">\n<div class=\"wp-block-button\"><a class=\"wp-block-button__link\">Dla kogo jest edukacja domowa i jak si\u0119 w niej odnale\u017a\u0107?<\/a><\/div>\n<\/div>\n\n\n\n<p>Edukacja domowa daje ogrom wolno\u015bci, ale r\u00f3wnie\u017c niesie za sob\u0105 du\u017c\u0105 odpowiedzialno\u015b\u0107. \u017beby dobrze odnale\u017a\u0107 si\u0119 w takim systemie, wa\u017cna jest <strong>ch\u0119\u0107 do nauki<\/strong> oraz <strong>motywacja wewn\u0119trzna<\/strong>. Nie ma tutaj ocen, kartk\u00f3wek oraz sprawdzian\u00f3w, kt\u00f3re zmusza\u0142yby nas do siedzenia przed ksi\u0105\u017ckami. Nie ma r\u00f3wnie\u017c narzuconych deadline&#8217;\u00f3w. Bardzo wa\u017cne jest, \u017ceby znale\u017a\u0107 sw\u00f3j rytm oraz wypracowa\u0107 sobie tryb pracy, kt\u00f3ry jest najbardziej efektywny. Du\u017c\u0105 zalet\u0105 jest to, \u017ce czas nauki mo\u017cna dostosowa\u0107 do swoich w\u0142asnych preferencji. Jedni wol\u0105 uczy\u0107 si\u0119 z samego rana i mie\u0107 wolne popo\u0142udnie. Drudzy ceni\u0105 sobie mo\u017cliwo\u015b\u0107 wyspania si\u0119 rano i preferuj\u0105 nauk\u0119 po po\u0142udniu lub wieczorem. Kolejn\u0105 rzecz\u0105, w kt\u00f3rej osoby wybieraj\u0105ce edukacj\u0119 domow\u0105 mog\u0105 czu\u0107 si\u0119 bardzo swobodnie to <strong>materia\u0142y<\/strong>&nbsp;i&nbsp;<strong>pomoce<\/strong> <strong>naukowe<\/strong>. Cz\u0119\u015b\u0107 os\u00f3b uczy si\u0119 historii, zwiedzaj\u0105c muzea i zabytki, niekt\u00f3rzy wybieraj\u0105 podr\u0119cznik, a jeszcze inni lubi\u0105 uczy\u0107 si\u0119 ze stron w Internecie i filmik\u00f3w na <em>YouTube<\/em>. Wszystkie te mo\u017cliwo\u015bci s\u0105 jak najbardziej w porz\u0105dku, je\u015bli tylko odpowiadaj\u0105 koncepcji uczni\u00f3w i mog\u0105 oni wynie\u015b\u0107 z nich co\u015b warto\u015bciowego.<\/p>\n\n\n\n<p>Edukacja domowa \u015bwietnie sprawdzi si\u0119 u os\u00f3b, kt\u00f3re czuj\u0105, \u017ce szko\u0142a systemowa zabiera im czas na <strong>realizowanie<\/strong> <strong>swoich<\/strong> <strong>pasji<\/strong>. Uczniowie wybieraj\u0105cy ten tryb nauki mog\u0105 przeznacza\u0107 minimaln\u0105 ilo\u015b\u0107 czasu na przedmioty, kt\u00f3re nie wydaj\u0105 im si\u0119 interesuj\u0105ce, a za to w pe\u0142ni odda\u0107 si\u0119 rozwijaniu pasji i zainteresowa\u0144. To oni wybieraj\u0105, na czym im zale\u017cy, a co nie jest dla nich wa\u017cne. Uwa\u017cam, \u017ce ten tryb nauki jest r\u00f3wnie\u017c doskona\u0142y dla os\u00f3b, kt\u00f3re cz\u0119sto podr\u00f3\u017cuj\u0105. Dzi\u0119ki brakowi problem\u00f3w zwi\u0105zanych z frekwencj\u0105 mog\u0105 swobodnie wyje\u017cd\u017ca\u0107, a terminy egzamin\u00f3w dopasowywa\u0107 do swojego grafiku. Na edukacj\u0119 domow\u0105 cz\u0119sto r\u00f3wnie\u017c decyduj\u0105 si\u0119 osoby, dla kt\u00f3rych uczenie si\u0119 i przebywanie w du\u017cej grupie os\u00f3b jest stresuj\u0105ce i problematyczne. Przebywanie w domowym zaciszu i uczenie si\u0119 we w\u0142asnym komforcie b\u0119dzie pomocne dla os\u00f3b z <em>Autyzmem<\/em> czy <em>Zespo\u0142em<\/em> <em>Aspergera<\/em>. <\/p>\n\n\n\n<p>Warto pami\u0119ta\u0107, \u017ce edukacja domowa nie jest dla wszystkich. Du\u017co os\u00f3b ma problem z motywacj\u0105 wewn\u0119trzn\u0105, a terminy sprawdzian\u00f3w w szkole s\u0105 dla nich bod\u017acem do nauki. W takim trybie bardzo wa\u017cnym elementem jest samozaparcie i determinacja, poniewa\u017c to uczniowie sami musza zmotywowa\u0107 si\u0119 do pracy. <\/p>\n\n\n\n<div class=\"wp-block-buttons is-layout-flex wp-block-buttons-is-layout-flex\">\n<div class=\"wp-block-button\"><a class=\"wp-block-button__link\">Co zyska\u0142am dzi\u0119ki edukacji domowej <\/a><\/div>\n<\/div>\n\n\n\n<p>Edukacja domowa pozwoli\u0142a mi odkry\u0107 moj\u0105 prawdziw\u0105 pasj\u0119 i pomy\u015ble\u0107 o tym co naprawd\u0119 chcia\u0142abym robi\u0107 w \u017cyciu. W szkole zawsze uczy\u0142am si\u0119 dobrze i ka\u017cd\u0105 klas\u0119 ko\u0144czy\u0142am z <strong>wyr\u00f3\u017cnieniem<\/strong>, jednak gdy kto\u015b zapyta\u0142 mnie o moje mocne strony, ci\u0119\u017cko by\u0142o mi cokolwiek wymieni\u0107. By\u0142am dobr\u0105 uczennic\u0105, ale \u017caden przedmiot nie przyci\u0105ga\u0142 dostatecznie mojej uwagi. Przez nat\u0142ok prac domowych oraz test\u00f3w z ka\u017cdego mo\u017cliwego przedmiotu, ci\u0119\u017cko by\u0142o mi zainteresowa\u0107 si\u0119 czym\u015b konkretnym. Gdy zmieni\u0142am tryb nauki, w ko\u0144cu znalaz\u0142am czas na sport. Zacz\u0119\u0142am trenowa\u0107 <strong>lekk\u0105<\/strong> <strong>atletyk\u0119<\/strong> i dowiedzia\u0142am si\u0119, \u017ce naprawd\u0119 lubi\u0119 to robi\u0107. Po roku trening\u00f3w uda\u0142o mi si\u0119 dosta\u0107 na moje pierwsze w \u017cyciu <em><strong>Halowe<\/strong><\/em> <strong><em>Mistrzostwa<\/em><\/strong> <em><strong>Polski<\/strong><\/em> w skoku w dal, kt\u00f3re ostatecznie uko\u0144czy\u0142am na pi\u0105tej pozycji. Podj\u0119\u0142am te\u017c decyzj\u0119 o zrezygnowaniu ze <strong>Szko\u0142y<\/strong> <strong>Muzycznej<\/strong>. W ko\u0144cu znalaz\u0142am chwil\u0119 na pos\u0142uchanie dobrej muzyki i by\u0142am na wielu wspania\u0142ych koncertach, kt\u00f3re na d\u0142ugo zostan\u0105 mi w pami\u0119ci. Zrezygnowanie ze szko\u0142y systemowej niesamowicie podnios\u0142o komfort i jako\u015b\u0107 mojego stylu \u017cycia. Mam czas na to, \u017ceby je\u015b\u0107 codziennie regularne, ciep\u0142e posi\u0142ki. Wysypiam si\u0119 i jestem wypocz\u0119ta. Nie stresuj\u0119 si\u0119 niepotrzebnymi rzeczami i mam czas na to co lubi\u0119 robi\u0107.<\/p>\n\n\n\n<div class=\"wp-block-buttons is-layout-flex wp-block-buttons-is-layout-flex\">\n<div class=\"wp-block-button\"><a class=\"wp-block-button__link\">Szko\u0142a w Chmurze<\/a><\/div>\n<\/div>\n\n\n\n<p>\u017beby dobrze odnale\u017a\u0107 si\u0119 w systemie edukacji domowej, warto zwr\u00f3ci\u0107 uwag\u0119 na szko\u0142\u0119, do jakiej si\u0119 przepisujemy. Teoretycznie mo\u017cemy przej\u015b\u0107 na ten rodzaj edukacji w ka\u017cdej szkole, ale zdecydowanie lepiej jest znale\u017a\u0107 szko\u0142\u0119 przyjazn\u0105 oraz do\u015bwiadczon\u0105 w pracy z uczniami z edukacji domowej. Tak\u0105 szko\u0142\u0105 jest <strong>Szko\u0142a<\/strong> <strong>w<\/strong> <strong>Chmurze<\/strong>, w kt\u00f3rej ucz\u0119 si\u0119 od stycznia tego roku. Szko\u0142a swoj\u0105 siedzib\u0119 ma w Warszawie, ale uczniowie z edukacji domowej korzystaj\u0105 z platformy internetowej stworzonej w\u0142a\u015bnie dla nich. Platforma sk\u0142ada si\u0119 z pi\u0119ciu zak\u0142adek takich jak: <strong>kokpit<\/strong>, <strong>karty<\/strong> <strong>pracy<\/strong>, <strong>kalendarz<\/strong>, <strong>egzaminy<\/strong> oraz <strong>materia\u0142y<\/strong>. My\u015bl\u0119, \u017ce najbardziej warto\u015bciowymi materia\u0142ami s\u0105 karty pracy z ka\u017cdego przedmiotu, pogrupowane w <strong>zagadnienia<\/strong> oraz <strong>tematy<\/strong>. W liceum ka\u017cdy ucze\u0144 ma dost\u0119p do kart pracy z ca\u0142ych czterech lat szko\u0142y \u015bredniej i to w\u0142a\u015bnie od wybiera, kt\u00f3re s\u0105 dla niego najciekawsze oraz w jakiej kolejno\u015bci chce je robi\u0107. Oczywi\u015bcie nie jest to obowi\u0105zkowe, jednak bardzo pomaga w zdawaniu egzamin\u00f3w. <strong>Egzamin<\/strong> z ka\u017cdego przedmiotu zdajemy na platformie w formie <strong>ustnej<\/strong> oraz <strong>pisemnej<\/strong>. Cz\u0119\u015b\u0107 pisemna to zadania ze zrobionych przez nas kart pracy, u\u0142o\u017cone w losowej kolejno\u015b\u0107. Chyba nikt nie ma w\u0105tpliwo\u015bci, \u017ce o wiele przyjemniej jest pisa\u0107 egzamin z materia\u0142\u00f3w przerobionych wcze\u015bniej. <strong>Egzamin<\/strong> <strong>ustny<\/strong> to 15-minutowa rozmowa z egzaminatorem. Mo\u017ce mie\u0107 ona form\u0119 projektu lub zadawania pyta\u0144 z okre\u015blonej puli materia\u0142u. Ucze\u0144 mo\u017ce r\u00f3wnie\u017c powiedzie\u0107, \u017ce przygotowa\u0142 odpowiedzi na trzy okre\u015blone pytania i przedstawi\u0107 je nauczycielowi. Ka\u017cdy egzamin przeprowadzany jest z materia\u0142u z ca\u0142ego roku. Wszystko przebiega w bardzo przyjemnej atmosferze i du\u017cym poczuciu komfortu. Ogromnym plusem Szko\u0142y w Chmurze s\u0105 bezp\u0142atne konsultacje. Wszyscy uczniowie maj\u0105 r\u00f3wnie\u017c dost\u0119p do konsultacji z ka\u017cdego przedmiotu oraz interesuj\u0105cych warsztat\u00f3w, kt\u00f3rych terminy znajduj\u0105 si\u0119 w kalendarzu. W wakacje odbywaj\u0105 si\u0119 te\u017c zloty dla uczni\u00f3w i ich rodzin. Informacje dotycz\u0105ce rekrutacji do Szko\u0142y w Chmurze oraz inne szczeg\u00f3\u0142owe informacje mo\u017cna znale\u017a\u0107 na jej oficjalnej stronie: <a href=\"https:\/\/szkolawchmurze.org\/kariera\">Szko\u0142a w Chmurze (szkolawchmurze.org)<\/a><\/p>\n\n\n\n<div class=\"wp-block-buttons is-layout-flex wp-block-buttons-is-layout-flex\">\n<div class=\"wp-block-button\"><a class=\"wp-block-button__link\">A co ze znajomymi?<\/a><\/div>\n<\/div>\n\n\n\n<p>Du\u017co os\u00f3b boi si\u0119, \u017ce po odej\u015bciu ze szko\u0142y straci kontakt z <strong>r\u00f3wie\u015bnikami<\/strong>. Zwr\u00f3\u0107my jednak uwag\u0119 na to, \u017ce po przej\u015bciu do systemu edukacji domowej uczniowie maj\u0105 o wiele wi\u0119cej czasu na zawieranie nowych znajomo\u015bci. Chodz\u0105c na zaj\u0119cia dodatkowe oraz bior\u0105c udzia\u0142 w r\u00f3\u017cnych ciekawych wydarzeniach, mo\u017cna pozna\u0107 mn\u00f3stwo dobrych znajomych i przyjaci\u00f3\u0142. Osoby, kt\u00f3re zrezygnowa\u0142y z chodzenia do szko\u0142y, s\u0105 cz\u0119sto <strong>spokojniejsze<\/strong> <strong>psychicznie<\/strong> i <strong>bardziej<\/strong> <strong>otwarte<\/strong> na nowe znajomo\u015bci, przez co szybko nawi\u0105zuj\u0105 <strong>ciekawe<\/strong> <strong>relacje<\/strong>. Nic nie stoi r\u00f3wnie\u017c na przeszkodzie, aby utrzymywa\u0107 kontakt z osobami ze starej klasy lub szko\u0142y. Jest naprawd\u0119 mn\u00f3stwo mo\u017cliwo\u015bci. Jako osoba, kt\u00f3ra odesz\u0142a od standardowego sposobu nauczania mog\u0119 ze spokojem zapewni\u0107, \u017ce uczniowie b\u0119d\u0105cy na edukacji domowej nie s\u0105 wycofani spo\u0142ecznie i maj\u0105 kontakt z r\u00f3wie\u015bnikami. Sama zyska\u0142am du\u017co wi\u0119cej warto\u015bciowych znajomo\u015bci po odej\u015bciu ze szko\u0142y, ni\u017c w momencie gdy do niej chodzi\u0142am.<\/p>\n\n\n\n<div class=\"wp-block-buttons is-layout-flex wp-block-buttons-is-layout-flex\">\n<div class=\"wp-block-button\"><a class=\"wp-block-button__link\">Teraz twoja kolej!<\/a><\/div>\n<\/div>\n\n\n\n<p>Decyzja o zmienieniu swojego sposobu nauczania poprzez przej\u015bcie do systemu edukacji domowej nigdy nie jest prosta i cz\u0119sto poddawana wielu w\u0105tpliwo\u015bciom. Uwa\u017cam jednak, \u017ce warto przemy\u015ble\u0107 mo\u017cliwo\u015b\u0107 uczenia si\u0119 alternatywnie i zmienienia swojego <strong>stylu<\/strong> <strong>\u017cycia<\/strong> na taki, kt\u00f3ry jest dopasowany tylko i wy\u0142\u0105cznie do <strong>nas<\/strong> <strong>samych<\/strong>. Nale\u017cy r\u00f3wnie\u017c pami\u0119ta\u0107, \u017ce nie dla ka\u017cdego b\u0119dzie to dobra droga. Warto przemy\u015ble\u0107 tutaj kwesti\u0119 <strong>dobrej<\/strong> <strong>samodyscypliny<\/strong> oraz <strong>organizacji<\/strong> <strong>czasu<\/strong>. My\u015bl\u0119, \u017ce jednak s\u0105 to cechy, kt\u00f3re mo\u017cna z czasem wypracowa\u0107. Przej\u015bcie na edukacj\u0119 domow\u0105 nie wi\u0105\u017ce si\u0119 z \u017cadnymi kosztami. Jest r\u00f3wnie\u017c odwracalne \u2014 je\u015bli nauka w domu ci si\u0119 nie spodoba, w ka\u017cdej chwili mo\u017cesz wr\u00f3ci\u0107 do szko\u0142y systemowej. To co? Teraz twoja kolej!<\/p>\n\n\n\n<figure class=\"wp-block-image size-full\"><img data-recalc-dims=\"1\" loading=\"lazy\" decoding=\"async\" width=\"800\" height=\"445\" src=\"https:\/\/i0.wp.com\/notabene.world\/nb\/wp-content\/uploads\/2022\/04\/openb8a.jpg?resize=800%2C445&#038;ssl=1\" alt=\"\" class=\"wp-image-5239\" srcset=\"https:\/\/i0.wp.com\/notabene.world\/nb\/wp-content\/uploads\/2022\/04\/openb8a.jpg?w=800&amp;ssl=1 800w, https:\/\/i0.wp.com\/notabene.world\/nb\/wp-content\/uploads\/2022\/04\/openb8a.jpg?resize=300%2C167&amp;ssl=1 300w, https:\/\/i0.wp.com\/notabene.world\/nb\/wp-content\/uploads\/2022\/04\/openb8a.jpg?resize=768%2C427&amp;ssl=1 768w\" sizes=\"auto, (max-width: 800px) 100vw, 800px\" \/><\/figure>\n","protected":false},"excerpt":{"rendered":"<p>Co by by\u0142o gdyby tak zrobi\u0107 sobie przerw\u0119 od szko\u0142y? Chocia\u017c przez dzie\u0144 czy dwa odpu\u015bci\u0107 sobie wstawanie o 6:00, a zamiast tego nastawi\u0107 sw\u00f3j budzik na godzin\u0119 8:30? A mo\u017ce wcale go nie ustawia\u0107 i cho\u0107 przez jeden dzie\u0144 porz\u0105dnie si\u0119 wyspa\u0107?<br \/>\nJestem pewna, \u017ce takie my\u015bli przewijaj\u0105 si\u0119 przez g\u0142ow\u0119 ka\u017cdego ucznia raz na jaki\u015b czas. Rzadko kiedy jednak kto\u015b traktuje je (te przemy\u015blenia) jako bodziec do zmiany czego\u015b w swojej edukacji. Zatrzymuj\u0105c si\u0119 na chwil\u0119 w swoich wyobra\u017ceniach, nie zdajemy sobie sprawy z mo\u017cliwo\u015bci uczenia si\u0119 w inny spos\u00f3b, dostosowany do naszych indywidualnych potrzeb oraz trybu(stylu) \u017cycia. Ja r\u00f3wnie\u017c nie mia\u0142am o tym poj\u0119cia do momentu, w kt\u00f3rym dowiedzia\u0142am si\u0119 o opcji jak\u0105 jest edukacja domowa.<\/p>\n","protected":false},"author":38,"featured_media":5238,"comment_status":"closed","ping_status":"closed","sticky":false,"template":"","format":"standard","meta":{"colormag_page_container_layout":"default_layout","colormag_page_sidebar_layout":"default_layout","_jetpack_memberships_contains_paid_content":false,"footnotes":"","_links_to":"","_links_to_target":""},"categories":[12,47,150,110],"tags":[],"class_list":["post-4403","post","type-post","status-publish","format-standard","has-post-thumbnail","hentry","category-spoleczenstwo","category-polecane","category-publicystyka","category-spoleczenstwo-2"],"yoast_head":"<!-- This site is optimized with the Yoast SEO plugin v27.4 - https:\/\/yoast.com\/product\/yoast-seo-wordpress\/ -->\n<title>Szko\u0142a alternatywna - NOTABENE.WORLD<\/title>\n<meta name=\"description\" content=\"Co by by\u0142o gdyby tak zrobi\u0107 sobie przerw\u0119 od szko\u0142y? Chocia\u017c przez dzie\u0144 czy dwa odpu\u015bci\u0107 sobie wstawanie o 6:00, a zamiast tego nastawi\u0107 sw\u00f3j budzik na godzin\u0119 8:30? A mo\u017ce wcale go nie ustawia\u0107 i cho\u0107 przez jeden dzie\u0144 porz\u0105dnie si\u0119 wyspa\u0107? Jestem pewna, \u017ce takie my\u015bli przewijaj\u0105 si\u0119 przez g\u0142ow\u0119 ka\u017cdego ucznia raz na jaki\u015b czas. Rzadko kiedy jednak kto\u015b traktuje je jako bodziec do zmiany czego\u015b w swojej edukacji. Zatrzymuj\u0105c si\u0119 na chwil\u0119 w swoich wyobra\u017ceniach, nie zdajemy sobie sprawy z mo\u017cliwo\u015bci uczenia si\u0119 w inny spos\u00f3b, dostosowany do naszych indywidualnych potrzeb oraz trybu (stylu) \u017cycia. Ja r\u00f3wnie\u017c nie mia\u0142am o tym poj\u0119cia do momentu, w kt\u00f3rym dowiedzia\u0142am si\u0119 o edukacji domowej.\" \/>\n<meta name=\"robots\" content=\"index, follow, max-snippet:-1, max-image-preview:large, max-video-preview:-1\" \/>\n<link rel=\"canonical\" href=\"https:\/\/notabene.world\/nb\/szkola-alternatywna\/\" \/>\n<meta property=\"og:locale\" content=\"pl_PL\" \/>\n<meta property=\"og:type\" content=\"article\" \/>\n<meta property=\"og:title\" content=\"Szko\u0142a alternatywna - NOTABENE.WORLD\" \/>\n<meta property=\"og:description\" content=\"Co by by\u0142o gdyby tak zrobi\u0107 sobie przerw\u0119 od szko\u0142y? Chocia\u017c przez dzie\u0144 czy dwa odpu\u015bci\u0107 sobie wstawanie o 6:00, a zamiast tego nastawi\u0107 sw\u00f3j budzik na godzin\u0119 8:30? A mo\u017ce wcale go nie ustawia\u0107 i cho\u0107 przez jeden dzie\u0144 porz\u0105dnie si\u0119 wyspa\u0107? Jestem pewna, \u017ce takie my\u015bli przewijaj\u0105 si\u0119 przez g\u0142ow\u0119 ka\u017cdego ucznia raz na jaki\u015b czas. Rzadko kiedy jednak kto\u015b traktuje je jako bodziec do zmiany czego\u015b w swojej edukacji. Zatrzymuj\u0105c si\u0119 na chwil\u0119 w swoich wyobra\u017ceniach, nie zdajemy sobie sprawy z mo\u017cliwo\u015bci uczenia si\u0119 w inny spos\u00f3b, dostosowany do naszych indywidualnych potrzeb oraz trybu (stylu) \u017cycia. Ja r\u00f3wnie\u017c nie mia\u0142am o tym poj\u0119cia do momentu, w kt\u00f3rym dowiedzia\u0142am si\u0119 o edukacji domowej.\" \/>\n<meta property=\"og:url\" content=\"https:\/\/notabene.world\/nb\/szkola-alternatywna\/\" \/>\n<meta property=\"og:site_name\" content=\"NOTABENE.WORLD\" \/>\n<meta property=\"article:publisher\" content=\"https:\/\/www.facebook.com\/Notabene.World\" \/>\n<meta property=\"article:published_time\" content=\"2022-04-14T12:00:00+00:00\" \/>\n<meta property=\"article:modified_time\" content=\"2022-05-08T18:17:20+00:00\" \/>\n<meta property=\"og:image\" content=\"https:\/\/notabene.world\/nb\/wp-content\/uploads\/2022\/04\/openb3a.jpg\" \/>\n\t<meta property=\"og:image:width\" content=\"800\" \/>\n\t<meta property=\"og:image:height\" content=\"445\" \/>\n\t<meta property=\"og:image:type\" content=\"image\/jpeg\" \/>\n<meta name=\"author\" content=\"Gabriela Lipi\u0144ska\" \/>\n<meta name=\"twitter:card\" content=\"summary_large_image\" \/>\n<meta name=\"twitter:label1\" content=\"Napisane przez\" \/>\n\t<meta name=\"twitter:data1\" content=\"Gabriela Lipi\u0144ska\" \/>\n\t<meta name=\"twitter:label2\" content=\"Szacowany czas czytania\" \/>\n\t<meta name=\"twitter:data2\" content=\"10 minut\" \/>\n<script type=\"application\/ld+json\" class=\"yoast-schema-graph\">{\"@context\":\"https:\\\/\\\/schema.org\",\"@graph\":[{\"@type\":\"Article\",\"@id\":\"https:\\\/\\\/notabene.world\\\/nb\\\/szkola-alternatywna\\\/#article\",\"isPartOf\":{\"@id\":\"https:\\\/\\\/notabene.world\\\/nb\\\/szkola-alternatywna\\\/\"},\"author\":{\"name\":\"Gabriela Lipi\u0144ska\",\"@id\":\"https:\\\/\\\/notabene.world\\\/nb\\\/#\\\/schema\\\/person\\\/4e9a17698662d25036f4054dc9fe2bf9\"},\"headline\":\"Szko\u0142a alternatywna\",\"datePublished\":\"2022-04-14T12:00:00+00:00\",\"dateModified\":\"2022-05-08T18:17:20+00:00\",\"mainEntityOfPage\":{\"@id\":\"https:\\\/\\\/notabene.world\\\/nb\\\/szkola-alternatywna\\\/\"},\"wordCount\":1792,\"publisher\":{\"@id\":\"https:\\\/\\\/notabene.world\\\/nb\\\/#organization\"},\"image\":{\"@id\":\"https:\\\/\\\/notabene.world\\\/nb\\\/szkola-alternatywna\\\/#primaryimage\"},\"thumbnailUrl\":\"https:\\\/\\\/i0.wp.com\\\/notabene.world\\\/nb\\\/wp-content\\\/uploads\\\/2022\\\/04\\\/openb3a.jpg?fit=800%2C445&ssl=1\",\"articleSection\":[\"Nasz \u015awiat\",\"Polecane\",\"Publicystyka\",\"Spo\u0142ecze\u0144stwo\"],\"inLanguage\":\"pl-PL\"},{\"@type\":\"WebPage\",\"@id\":\"https:\\\/\\\/notabene.world\\\/nb\\\/szkola-alternatywna\\\/\",\"url\":\"https:\\\/\\\/notabene.world\\\/nb\\\/szkola-alternatywna\\\/\",\"name\":\"Szko\u0142a alternatywna - NOTABENE.WORLD\",\"isPartOf\":{\"@id\":\"https:\\\/\\\/notabene.world\\\/nb\\\/#website\"},\"primaryImageOfPage\":{\"@id\":\"https:\\\/\\\/notabene.world\\\/nb\\\/szkola-alternatywna\\\/#primaryimage\"},\"image\":{\"@id\":\"https:\\\/\\\/notabene.world\\\/nb\\\/szkola-alternatywna\\\/#primaryimage\"},\"thumbnailUrl\":\"https:\\\/\\\/i0.wp.com\\\/notabene.world\\\/nb\\\/wp-content\\\/uploads\\\/2022\\\/04\\\/openb3a.jpg?fit=800%2C445&ssl=1\",\"datePublished\":\"2022-04-14T12:00:00+00:00\",\"dateModified\":\"2022-05-08T18:17:20+00:00\",\"description\":\"Co by by\u0142o gdyby tak zrobi\u0107 sobie przerw\u0119 od szko\u0142y? Chocia\u017c przez dzie\u0144 czy dwa odpu\u015bci\u0107 sobie wstawanie o 6:00, a zamiast tego nastawi\u0107 sw\u00f3j budzik na godzin\u0119 8:30? A mo\u017ce wcale go nie ustawia\u0107 i cho\u0107 przez jeden dzie\u0144 porz\u0105dnie si\u0119 wyspa\u0107? Jestem pewna, \u017ce takie my\u015bli przewijaj\u0105 si\u0119 przez g\u0142ow\u0119 ka\u017cdego ucznia raz na jaki\u015b czas. Rzadko kiedy jednak kto\u015b traktuje je jako bodziec do zmiany czego\u015b w swojej edukacji. Zatrzymuj\u0105c si\u0119 na chwil\u0119 w swoich wyobra\u017ceniach, nie zdajemy sobie sprawy z mo\u017cliwo\u015bci uczenia si\u0119 w inny spos\u00f3b, dostosowany do naszych indywidualnych potrzeb oraz trybu (stylu) \u017cycia. Ja r\u00f3wnie\u017c nie mia\u0142am o tym poj\u0119cia do momentu, w kt\u00f3rym dowiedzia\u0142am si\u0119 o edukacji domowej.\",\"breadcrumb\":{\"@id\":\"https:\\\/\\\/notabene.world\\\/nb\\\/szkola-alternatywna\\\/#breadcrumb\"},\"inLanguage\":\"pl-PL\",\"potentialAction\":[{\"@type\":\"ReadAction\",\"target\":[\"https:\\\/\\\/notabene.world\\\/nb\\\/szkola-alternatywna\\\/\"]}]},{\"@type\":\"ImageObject\",\"inLanguage\":\"pl-PL\",\"@id\":\"https:\\\/\\\/notabene.world\\\/nb\\\/szkola-alternatywna\\\/#primaryimage\",\"url\":\"https:\\\/\\\/i0.wp.com\\\/notabene.world\\\/nb\\\/wp-content\\\/uploads\\\/2022\\\/04\\\/openb3a.jpg?fit=800%2C445&ssl=1\",\"contentUrl\":\"https:\\\/\\\/i0.wp.com\\\/notabene.world\\\/nb\\\/wp-content\\\/uploads\\\/2022\\\/04\\\/openb3a.jpg?fit=800%2C445&ssl=1\",\"width\":800,\"height\":445},{\"@type\":\"BreadcrumbList\",\"@id\":\"https:\\\/\\\/notabene.world\\\/nb\\\/szkola-alternatywna\\\/#breadcrumb\",\"itemListElement\":[{\"@type\":\"ListItem\",\"position\":1,\"name\":\"Home\",\"item\":\"https:\\\/\\\/notabene.world\\\/nb\\\/\"},{\"@type\":\"ListItem\",\"position\":2,\"name\":\"Szko\u0142a alternatywna\"}]},{\"@type\":\"WebSite\",\"@id\":\"https:\\\/\\\/notabene.world\\\/nb\\\/#website\",\"url\":\"https:\\\/\\\/notabene.world\\\/nb\\\/\",\"name\":\"NOTABENE.WORLD\",\"description\":\"Przekaz. Warto\u015bci. Wsp\u00f3lnota.\",\"publisher\":{\"@id\":\"https:\\\/\\\/notabene.world\\\/nb\\\/#organization\"},\"potentialAction\":[{\"@type\":\"SearchAction\",\"target\":{\"@type\":\"EntryPoint\",\"urlTemplate\":\"https:\\\/\\\/notabene.world\\\/nb\\\/?s={search_term_string}\"},\"query-input\":{\"@type\":\"PropertyValueSpecification\",\"valueRequired\":true,\"valueName\":\"search_term_string\"}}],\"inLanguage\":\"pl-PL\"},{\"@type\":\"Organization\",\"@id\":\"https:\\\/\\\/notabene.world\\\/nb\\\/#organization\",\"name\":\"NOTABENE.WORLD\",\"url\":\"https:\\\/\\\/notabene.world\\\/nb\\\/\",\"logo\":{\"@type\":\"ImageObject\",\"inLanguage\":\"pl-PL\",\"@id\":\"https:\\\/\\\/notabene.world\\\/nb\\\/#\\\/schema\\\/logo\\\/image\\\/\",\"url\":\"https:\\\/\\\/notabene.world\\\/nb\\\/wp-content\\\/uploads\\\/2022\\\/01\\\/NB-club-start-www1.jpg\",\"contentUrl\":\"https:\\\/\\\/notabene.world\\\/nb\\\/wp-content\\\/uploads\\\/2022\\\/01\\\/NB-club-start-www1.jpg\",\"width\":1000,\"height\":839,\"caption\":\"NOTABENE.WORLD\"},\"image\":{\"@id\":\"https:\\\/\\\/notabene.world\\\/nb\\\/#\\\/schema\\\/logo\\\/image\\\/\"},\"sameAs\":[\"https:\\\/\\\/www.facebook.com\\\/Notabene.World\"]},{\"@type\":\"Person\",\"@id\":\"https:\\\/\\\/notabene.world\\\/nb\\\/#\\\/schema\\\/person\\\/4e9a17698662d25036f4054dc9fe2bf9\",\"name\":\"Gabriela Lipi\u0144ska\",\"image\":{\"@type\":\"ImageObject\",\"inLanguage\":\"pl-PL\",\"@id\":\"https:\\\/\\\/secure.gravatar.com\\\/avatar\\\/687463e1daedd104567f74f8ba7491c9855abbf7e649b21e58208d924216fe5a?s=96&d=mm&r=g\",\"url\":\"https:\\\/\\\/secure.gravatar.com\\\/avatar\\\/687463e1daedd104567f74f8ba7491c9855abbf7e649b21e58208d924216fe5a?s=96&d=mm&r=g\",\"contentUrl\":\"https:\\\/\\\/secure.gravatar.com\\\/avatar\\\/687463e1daedd104567f74f8ba7491c9855abbf7e649b21e58208d924216fe5a?s=96&d=mm&r=g\",\"caption\":\"Gabriela Lipi\u0144ska\"},\"url\":\"https:\\\/\\\/notabene.world\\\/nb\\\/author\\\/ga-l\\\/\"}]}<\/script>\n<!-- \/ Yoast SEO plugin. -->","yoast_head_json":{"title":"Szko\u0142a alternatywna - NOTABENE.WORLD","description":"Co by by\u0142o gdyby tak zrobi\u0107 sobie przerw\u0119 od szko\u0142y? Chocia\u017c przez dzie\u0144 czy dwa odpu\u015bci\u0107 sobie wstawanie o 6:00, a zamiast tego nastawi\u0107 sw\u00f3j budzik na godzin\u0119 8:30? A mo\u017ce wcale go nie ustawia\u0107 i cho\u0107 przez jeden dzie\u0144 porz\u0105dnie si\u0119 wyspa\u0107? Jestem pewna, \u017ce takie my\u015bli przewijaj\u0105 si\u0119 przez g\u0142ow\u0119 ka\u017cdego ucznia raz na jaki\u015b czas. Rzadko kiedy jednak kto\u015b traktuje je jako bodziec do zmiany czego\u015b w swojej edukacji. Zatrzymuj\u0105c si\u0119 na chwil\u0119 w swoich wyobra\u017ceniach, nie zdajemy sobie sprawy z mo\u017cliwo\u015bci uczenia si\u0119 w inny spos\u00f3b, dostosowany do naszych indywidualnych potrzeb oraz trybu (stylu) \u017cycia. Ja r\u00f3wnie\u017c nie mia\u0142am o tym poj\u0119cia do momentu, w kt\u00f3rym dowiedzia\u0142am si\u0119 o edukacji domowej.","robots":{"index":"index","follow":"follow","max-snippet":"max-snippet:-1","max-image-preview":"max-image-preview:large","max-video-preview":"max-video-preview:-1"},"canonical":"https:\/\/notabene.world\/nb\/szkola-alternatywna\/","og_locale":"pl_PL","og_type":"article","og_title":"Szko\u0142a alternatywna - NOTABENE.WORLD","og_description":"Co by by\u0142o gdyby tak zrobi\u0107 sobie przerw\u0119 od szko\u0142y? Chocia\u017c przez dzie\u0144 czy dwa odpu\u015bci\u0107 sobie wstawanie o 6:00, a zamiast tego nastawi\u0107 sw\u00f3j budzik na godzin\u0119 8:30? A mo\u017ce wcale go nie ustawia\u0107 i cho\u0107 przez jeden dzie\u0144 porz\u0105dnie si\u0119 wyspa\u0107? Jestem pewna, \u017ce takie my\u015bli przewijaj\u0105 si\u0119 przez g\u0142ow\u0119 ka\u017cdego ucznia raz na jaki\u015b czas. Rzadko kiedy jednak kto\u015b traktuje je jako bodziec do zmiany czego\u015b w swojej edukacji. Zatrzymuj\u0105c si\u0119 na chwil\u0119 w swoich wyobra\u017ceniach, nie zdajemy sobie sprawy z mo\u017cliwo\u015bci uczenia si\u0119 w inny spos\u00f3b, dostosowany do naszych indywidualnych potrzeb oraz trybu (stylu) \u017cycia. Ja r\u00f3wnie\u017c nie mia\u0142am o tym poj\u0119cia do momentu, w kt\u00f3rym dowiedzia\u0142am si\u0119 o edukacji domowej.","og_url":"https:\/\/notabene.world\/nb\/szkola-alternatywna\/","og_site_name":"NOTABENE.WORLD","article_publisher":"https:\/\/www.facebook.com\/Notabene.World","article_published_time":"2022-04-14T12:00:00+00:00","article_modified_time":"2022-05-08T18:17:20+00:00","og_image":[{"width":800,"height":445,"url":"https:\/\/notabene.world\/nb\/wp-content\/uploads\/2022\/04\/openb3a.jpg","type":"image\/jpeg"}],"author":"Gabriela Lipi\u0144ska","twitter_card":"summary_large_image","twitter_misc":{"Napisane przez":"Gabriela Lipi\u0144ska","Szacowany czas czytania":"10 minut"},"schema":{"@context":"https:\/\/schema.org","@graph":[{"@type":"Article","@id":"https:\/\/notabene.world\/nb\/szkola-alternatywna\/#article","isPartOf":{"@id":"https:\/\/notabene.world\/nb\/szkola-alternatywna\/"},"author":{"name":"Gabriela Lipi\u0144ska","@id":"https:\/\/notabene.world\/nb\/#\/schema\/person\/4e9a17698662d25036f4054dc9fe2bf9"},"headline":"Szko\u0142a alternatywna","datePublished":"2022-04-14T12:00:00+00:00","dateModified":"2022-05-08T18:17:20+00:00","mainEntityOfPage":{"@id":"https:\/\/notabene.world\/nb\/szkola-alternatywna\/"},"wordCount":1792,"publisher":{"@id":"https:\/\/notabene.world\/nb\/#organization"},"image":{"@id":"https:\/\/notabene.world\/nb\/szkola-alternatywna\/#primaryimage"},"thumbnailUrl":"https:\/\/i0.wp.com\/notabene.world\/nb\/wp-content\/uploads\/2022\/04\/openb3a.jpg?fit=800%2C445&ssl=1","articleSection":["Nasz \u015awiat","Polecane","Publicystyka","Spo\u0142ecze\u0144stwo"],"inLanguage":"pl-PL"},{"@type":"WebPage","@id":"https:\/\/notabene.world\/nb\/szkola-alternatywna\/","url":"https:\/\/notabene.world\/nb\/szkola-alternatywna\/","name":"Szko\u0142a alternatywna - NOTABENE.WORLD","isPartOf":{"@id":"https:\/\/notabene.world\/nb\/#website"},"primaryImageOfPage":{"@id":"https:\/\/notabene.world\/nb\/szkola-alternatywna\/#primaryimage"},"image":{"@id":"https:\/\/notabene.world\/nb\/szkola-alternatywna\/#primaryimage"},"thumbnailUrl":"https:\/\/i0.wp.com\/notabene.world\/nb\/wp-content\/uploads\/2022\/04\/openb3a.jpg?fit=800%2C445&ssl=1","datePublished":"2022-04-14T12:00:00+00:00","dateModified":"2022-05-08T18:17:20+00:00","description":"Co by by\u0142o gdyby tak zrobi\u0107 sobie przerw\u0119 od szko\u0142y? Chocia\u017c przez dzie\u0144 czy dwa odpu\u015bci\u0107 sobie wstawanie o 6:00, a zamiast tego nastawi\u0107 sw\u00f3j budzik na godzin\u0119 8:30? A mo\u017ce wcale go nie ustawia\u0107 i cho\u0107 przez jeden dzie\u0144 porz\u0105dnie si\u0119 wyspa\u0107? Jestem pewna, \u017ce takie my\u015bli przewijaj\u0105 si\u0119 przez g\u0142ow\u0119 ka\u017cdego ucznia raz na jaki\u015b czas. Rzadko kiedy jednak kto\u015b traktuje je jako bodziec do zmiany czego\u015b w swojej edukacji. Zatrzymuj\u0105c si\u0119 na chwil\u0119 w swoich wyobra\u017ceniach, nie zdajemy sobie sprawy z mo\u017cliwo\u015bci uczenia si\u0119 w inny spos\u00f3b, dostosowany do naszych indywidualnych potrzeb oraz trybu (stylu) \u017cycia. Ja r\u00f3wnie\u017c nie mia\u0142am o tym poj\u0119cia do momentu, w kt\u00f3rym dowiedzia\u0142am si\u0119 o edukacji domowej.","breadcrumb":{"@id":"https:\/\/notabene.world\/nb\/szkola-alternatywna\/#breadcrumb"},"inLanguage":"pl-PL","potentialAction":[{"@type":"ReadAction","target":["https:\/\/notabene.world\/nb\/szkola-alternatywna\/"]}]},{"@type":"ImageObject","inLanguage":"pl-PL","@id":"https:\/\/notabene.world\/nb\/szkola-alternatywna\/#primaryimage","url":"https:\/\/i0.wp.com\/notabene.world\/nb\/wp-content\/uploads\/2022\/04\/openb3a.jpg?fit=800%2C445&ssl=1","contentUrl":"https:\/\/i0.wp.com\/notabene.world\/nb\/wp-content\/uploads\/2022\/04\/openb3a.jpg?fit=800%2C445&ssl=1","width":800,"height":445},{"@type":"BreadcrumbList","@id":"https:\/\/notabene.world\/nb\/szkola-alternatywna\/#breadcrumb","itemListElement":[{"@type":"ListItem","position":1,"name":"Home","item":"https:\/\/notabene.world\/nb\/"},{"@type":"ListItem","position":2,"name":"Szko\u0142a alternatywna"}]},{"@type":"WebSite","@id":"https:\/\/notabene.world\/nb\/#website","url":"https:\/\/notabene.world\/nb\/","name":"NOTABENE.WORLD","description":"Przekaz. Warto\u015bci. Wsp\u00f3lnota.","publisher":{"@id":"https:\/\/notabene.world\/nb\/#organization"},"potentialAction":[{"@type":"SearchAction","target":{"@type":"EntryPoint","urlTemplate":"https:\/\/notabene.world\/nb\/?s={search_term_string}"},"query-input":{"@type":"PropertyValueSpecification","valueRequired":true,"valueName":"search_term_string"}}],"inLanguage":"pl-PL"},{"@type":"Organization","@id":"https:\/\/notabene.world\/nb\/#organization","name":"NOTABENE.WORLD","url":"https:\/\/notabene.world\/nb\/","logo":{"@type":"ImageObject","inLanguage":"pl-PL","@id":"https:\/\/notabene.world\/nb\/#\/schema\/logo\/image\/","url":"https:\/\/notabene.world\/nb\/wp-content\/uploads\/2022\/01\/NB-club-start-www1.jpg","contentUrl":"https:\/\/notabene.world\/nb\/wp-content\/uploads\/2022\/01\/NB-club-start-www1.jpg","width":1000,"height":839,"caption":"NOTABENE.WORLD"},"image":{"@id":"https:\/\/notabene.world\/nb\/#\/schema\/logo\/image\/"},"sameAs":["https:\/\/www.facebook.com\/Notabene.World"]},{"@type":"Person","@id":"https:\/\/notabene.world\/nb\/#\/schema\/person\/4e9a17698662d25036f4054dc9fe2bf9","name":"Gabriela Lipi\u0144ska","image":{"@type":"ImageObject","inLanguage":"pl-PL","@id":"https:\/\/secure.gravatar.com\/avatar\/687463e1daedd104567f74f8ba7491c9855abbf7e649b21e58208d924216fe5a?s=96&d=mm&r=g","url":"https:\/\/secure.gravatar.com\/avatar\/687463e1daedd104567f74f8ba7491c9855abbf7e649b21e58208d924216fe5a?s=96&d=mm&r=g","contentUrl":"https:\/\/secure.gravatar.com\/avatar\/687463e1daedd104567f74f8ba7491c9855abbf7e649b21e58208d924216fe5a?s=96&d=mm&r=g","caption":"Gabriela Lipi\u0144ska"},"url":"https:\/\/notabene.world\/nb\/author\/ga-l\/"}]}},"jetpack_featured_media_url":"https:\/\/i0.wp.com\/notabene.world\/nb\/wp-content\/uploads\/2022\/04\/openb3a.jpg?fit=800%2C445&ssl=1","jetpack_sharing_enabled":true,"jetpack_shortlink":"https:\/\/wp.me\/pdCobN-191","_links":{"self":[{"href":"https:\/\/notabene.world\/nb\/wp-json\/wp\/v2\/posts\/4403","targetHints":{"allow":["GET"]}}],"collection":[{"href":"https:\/\/notabene.world\/nb\/wp-json\/wp\/v2\/posts"}],"about":[{"href":"https:\/\/notabene.world\/nb\/wp-json\/wp\/v2\/types\/post"}],"author":[{"embeddable":true,"href":"https:\/\/notabene.world\/nb\/wp-json\/wp\/v2\/users\/38"}],"replies":[{"embeddable":true,"href":"https:\/\/notabene.world\/nb\/wp-json\/wp\/v2\/comments?post=4403"}],"version-history":[{"count":5,"href":"https:\/\/notabene.world\/nb\/wp-json\/wp\/v2\/posts\/4403\/revisions"}],"predecessor-version":[{"id":5513,"href":"https:\/\/notabene.world\/nb\/wp-json\/wp\/v2\/posts\/4403\/revisions\/5513"}],"wp:featuredmedia":[{"embeddable":true,"href":"https:\/\/notabene.world\/nb\/wp-json\/wp\/v2\/media\/5238"}],"wp:attachment":[{"href":"https:\/\/notabene.world\/nb\/wp-json\/wp\/v2\/media?parent=4403"}],"wp:term":[{"taxonomy":"category","embeddable":true,"href":"https:\/\/notabene.world\/nb\/wp-json\/wp\/v2\/categories?post=4403"},{"taxonomy":"post_tag","embeddable":true,"href":"https:\/\/notabene.world\/nb\/wp-json\/wp\/v2\/tags?post=4403"}],"curies":[{"name":"wp","href":"https:\/\/api.w.org\/{rel}","templated":true}]}}