{"id":4474,"date":"2022-03-24T23:07:00","date_gmt":"2022-03-24T22:07:00","guid":{"rendered":"https:\/\/notabene.world\/nb\/?p=4474"},"modified":"2022-04-04T08:28:33","modified_gmt":"2022-04-04T06:28:33","slug":"miedzynarodowy-dzien-teatru-w-teatrze-zeromskiego","status":"publish","type":"post","link":"https:\/\/notabene.world\/nb\/miedzynarodowy-dzien-teatru-w-teatrze-zeromskiego\/","title":{"rendered":"Mi\u0119dzynarodowy Dzie\u0144 Teatru w Teatrze \u017beromskiego"},"content":{"rendered":"\n<p>Mi\u0119dzynarodowy Dzie\u0144 Teatru przypada 27 marca, ale my postanowili\u015bmy \u015bwi\u0119towa\u0107 ca\u0142y weekend!<br>25, 26 i 27 marca o godz. 19 zapraszamy na &#8222;Och, te duchy&#8221; Eduardo De Filippo w re\u017c. Dana Jemmetta, komedi\u0119 w arystokratycznej aurze, przygotowan\u0105 przez mi\u0119dzynarodowy zesp\u00f3\u0142 tw\u00f3rc\u00f3w.<br>Przygotowali\u015bmy dla Was specjaln\u0105 cen\u0119 bilet\u00f3w &#8211; 25 z\u0142<\/p>\n\n\n\n<p>Czy dom, kt\u00f3ry wynaj\u0105\u0142 Pasquale Lojacono jest nawiedzony? M\u00f3wi\u0105, \u017ce zamurowano w nim \u017cywcem dwoje kochank\u00f3w. A mo\u017ce m\u0119\u017cczyzna woli wierzy\u0107 w duchy, zamiast przyj\u0105\u0107 do wiadomo\u015bci fakt, \u017ce jego \u017cona Maria go zdradza? Wypiera i desperacko ucieka od bolesnej prawdy w fantazj\u0119? \u0141zawa komedia miesza si\u0119 tu z horrorem klasy B, potajemne romanse \u2013 z paranormalnymi zjawiskami.<br>W niedziel\u0119 ze sceny pop\u0142yn\u0105 tak\u017ce s\u0142owa tegorocznego or\u0119dzia na Dzie\u0144 Teatru, kt\u00f3re w tym roku przygotowuje Monika Strz\u0119pka, re\u017cyserka, od wrze\u015bnia dyrektorka Teatru Dramatycznego m. st. Warszawy.<\/p>\n\n\n\n<figure class=\"wp-block-image size-large\"><a href=\"https:\/\/m.facebook.com\/258900850830300\/posts\/4947905388596466\/\" target=\"_blank\" rel=\"noopener\"><img data-recalc-dims=\"1\" loading=\"lazy\" decoding=\"async\" width=\"800\" height=\"800\" src=\"https:\/\/i0.wp.com\/notabene.world\/nb\/wp-content\/uploads\/2022\/03\/276033063_4947801508606854_3126708212389200410_n.png?resize=800%2C800&#038;ssl=1\" alt=\"\" class=\"wp-image-4477\" srcset=\"https:\/\/i0.wp.com\/notabene.world\/nb\/wp-content\/uploads\/2022\/03\/276033063_4947801508606854_3126708212389200410_n.png?resize=1024%2C1024&amp;ssl=1 1024w, https:\/\/i0.wp.com\/notabene.world\/nb\/wp-content\/uploads\/2022\/03\/276033063_4947801508606854_3126708212389200410_n.png?resize=300%2C300&amp;ssl=1 300w, https:\/\/i0.wp.com\/notabene.world\/nb\/wp-content\/uploads\/2022\/03\/276033063_4947801508606854_3126708212389200410_n.png?resize=150%2C150&amp;ssl=1 150w, https:\/\/i0.wp.com\/notabene.world\/nb\/wp-content\/uploads\/2022\/03\/276033063_4947801508606854_3126708212389200410_n.png?resize=768%2C768&amp;ssl=1 768w, https:\/\/i0.wp.com\/notabene.world\/nb\/wp-content\/uploads\/2022\/03\/276033063_4947801508606854_3126708212389200410_n.png?w=1080&amp;ssl=1 1080w\" sizes=\"auto, (max-width: 800px) 100vw, 800px\" \/><\/a><\/figure>\n","protected":false},"excerpt":{"rendered":"<p>Mi\u0119dzynarodowy Dzie\u0144 Teatru przypada 27 marca, ale my postanowili\u015bmy \u015bwi\u0119towa\u0107 ca\u0142y weekend!<br \/>\n25, 26 i 27 marca o godz. 19 zapraszamy na &#8222;Och, te duchy&#8221; Eduardo De Filippo w re\u017c. Dana Jemmetta, komedi\u0119 w arystokratycznej aurze, przygotowan\u0105 przez mi\u0119dzynarodowy zesp\u00f3\u0142 tw\u00f3rc\u00f3w.<\/p>\n","protected":false},"author":14,"featured_media":4478,"comment_status":"closed","ping_status":"closed","sticky":false,"template":"","format":"standard","meta":{"colormag_page_container_layout":"default_layout","colormag_page_sidebar_layout":"default_layout","_jetpack_memberships_contains_paid_content":false,"footnotes":"","_links_to":"","_links_to_target":""},"categories":[160,163],"tags":[],"class_list":["post-4474","post","type-post","status-publish","format-standard","has-post-thumbnail","hentry","category-swietokrzyskie-aktualia","category-zapowiedzi-i-zaproszenia"],"yoast_head":"<!-- This site is optimized with the Yoast SEO plugin v27.4 - https:\/\/yoast.com\/product\/yoast-seo-wordpress\/ -->\n<title>Mi\u0119dzynarodowy Dzie\u0144 Teatru w Teatrze \u017beromskiego - NOTABENE.WORLD<\/title>\n<meta name=\"robots\" content=\"index, follow, max-snippet:-1, max-image-preview:large, max-video-preview:-1\" \/>\n<link rel=\"canonical\" href=\"https:\/\/notabene.world\/nb\/miedzynarodowy-dzien-teatru-w-teatrze-zeromskiego\/\" \/>\n<meta property=\"og:locale\" content=\"pl_PL\" \/>\n<meta property=\"og:type\" content=\"article\" \/>\n<meta property=\"og:title\" content=\"Mi\u0119dzynarodowy Dzie\u0144 Teatru w Teatrze \u017beromskiego - NOTABENE.WORLD\" \/>\n<meta property=\"og:description\" content=\"Mi\u0119dzynarodowy Dzie\u0144 Teatru przypada 27 marca, ale my postanowili\u015bmy \u015bwi\u0119towa\u0107 ca\u0142y weekend! 25, 26 i 27 marca o godz. 19 zapraszamy na &quot;Och, te duchy&quot; Eduardo De Filippo w re\u017c. Dana Jemmetta, komedi\u0119 w arystokratycznej aurze, przygotowan\u0105 przez mi\u0119dzynarodowy zesp\u00f3\u0142 tw\u00f3rc\u00f3w.\" \/>\n<meta property=\"og:url\" content=\"https:\/\/notabene.world\/nb\/miedzynarodowy-dzien-teatru-w-teatrze-zeromskiego\/\" \/>\n<meta property=\"og:site_name\" content=\"NOTABENE.WORLD\" \/>\n<meta property=\"article:publisher\" content=\"https:\/\/www.facebook.com\/Notabene.World\" \/>\n<meta property=\"article:published_time\" content=\"2022-03-24T22:07:00+00:00\" \/>\n<meta property=\"article:modified_time\" content=\"2022-04-04T06:28:33+00:00\" \/>\n<meta property=\"og:image\" content=\"https:\/\/notabene.world\/nb\/wp-content\/uploads\/2022\/03\/zert.jpg\" \/>\n\t<meta property=\"og:image:width\" content=\"800\" \/>\n\t<meta property=\"og:image:height\" content=\"445\" \/>\n\t<meta property=\"og:image:type\" content=\"image\/jpeg\" \/>\n<meta name=\"author\" content=\"HoraCyk &amp; HoraCyk\" \/>\n<meta name=\"twitter:card\" content=\"summary_large_image\" \/>\n<meta name=\"twitter:label1\" content=\"Napisane przez\" \/>\n\t<meta name=\"twitter:data1\" content=\"HoraCyk &amp; HoraCyk\" \/>\n\t<meta name=\"twitter:label2\" content=\"Szacowany czas czytania\" \/>\n\t<meta name=\"twitter:data2\" content=\"2 minuty\" \/>\n<script type=\"application\/ld+json\" class=\"yoast-schema-graph\">{\"@context\":\"https:\\\/\\\/schema.org\",\"@graph\":[{\"@type\":\"Article\",\"@id\":\"https:\\\/\\\/notabene.world\\\/nb\\\/miedzynarodowy-dzien-teatru-w-teatrze-zeromskiego\\\/#article\",\"isPartOf\":{\"@id\":\"https:\\\/\\\/notabene.world\\\/nb\\\/miedzynarodowy-dzien-teatru-w-teatrze-zeromskiego\\\/\"},\"author\":{\"name\":\"HoraCyk &amp; HoraCyk\",\"@id\":\"https:\\\/\\\/notabene.world\\\/nb\\\/#\\\/schema\\\/person\\\/db81d96b2e97dc3d4a74bb45c778aa53\"},\"headline\":\"Mi\u0119dzynarodowy Dzie\u0144 Teatru w Teatrze \u017beromskiego\",\"datePublished\":\"2022-03-24T22:07:00+00:00\",\"dateModified\":\"2022-04-04T06:28:33+00:00\",\"mainEntityOfPage\":{\"@id\":\"https:\\\/\\\/notabene.world\\\/nb\\\/miedzynarodowy-dzien-teatru-w-teatrze-zeromskiego\\\/\"},\"wordCount\":159,\"publisher\":{\"@id\":\"https:\\\/\\\/notabene.world\\\/nb\\\/#organization\"},\"image\":{\"@id\":\"https:\\\/\\\/notabene.world\\\/nb\\\/miedzynarodowy-dzien-teatru-w-teatrze-zeromskiego\\\/#primaryimage\"},\"thumbnailUrl\":\"https:\\\/\\\/i0.wp.com\\\/notabene.world\\\/nb\\\/wp-content\\\/uploads\\\/2022\\\/03\\\/zert.jpg?fit=800%2C445&ssl=1\",\"articleSection\":[\"\u015awi\u0119tokrzyskie Aktualia\",\"Zapowiedzi i Zaproszenia\"],\"inLanguage\":\"pl-PL\"},{\"@type\":\"WebPage\",\"@id\":\"https:\\\/\\\/notabene.world\\\/nb\\\/miedzynarodowy-dzien-teatru-w-teatrze-zeromskiego\\\/\",\"url\":\"https:\\\/\\\/notabene.world\\\/nb\\\/miedzynarodowy-dzien-teatru-w-teatrze-zeromskiego\\\/\",\"name\":\"Mi\u0119dzynarodowy Dzie\u0144 Teatru w Teatrze \u017beromskiego - NOTABENE.WORLD\",\"isPartOf\":{\"@id\":\"https:\\\/\\\/notabene.world\\\/nb\\\/#website\"},\"primaryImageOfPage\":{\"@id\":\"https:\\\/\\\/notabene.world\\\/nb\\\/miedzynarodowy-dzien-teatru-w-teatrze-zeromskiego\\\/#primaryimage\"},\"image\":{\"@id\":\"https:\\\/\\\/notabene.world\\\/nb\\\/miedzynarodowy-dzien-teatru-w-teatrze-zeromskiego\\\/#primaryimage\"},\"thumbnailUrl\":\"https:\\\/\\\/i0.wp.com\\\/notabene.world\\\/nb\\\/wp-content\\\/uploads\\\/2022\\\/03\\\/zert.jpg?fit=800%2C445&ssl=1\",\"datePublished\":\"2022-03-24T22:07:00+00:00\",\"dateModified\":\"2022-04-04T06:28:33+00:00\",\"breadcrumb\":{\"@id\":\"https:\\\/\\\/notabene.world\\\/nb\\\/miedzynarodowy-dzien-teatru-w-teatrze-zeromskiego\\\/#breadcrumb\"},\"inLanguage\":\"pl-PL\",\"potentialAction\":[{\"@type\":\"ReadAction\",\"target\":[\"https:\\\/\\\/notabene.world\\\/nb\\\/miedzynarodowy-dzien-teatru-w-teatrze-zeromskiego\\\/\"]}]},{\"@type\":\"ImageObject\",\"inLanguage\":\"pl-PL\",\"@id\":\"https:\\\/\\\/notabene.world\\\/nb\\\/miedzynarodowy-dzien-teatru-w-teatrze-zeromskiego\\\/#primaryimage\",\"url\":\"https:\\\/\\\/i0.wp.com\\\/notabene.world\\\/nb\\\/wp-content\\\/uploads\\\/2022\\\/03\\\/zert.jpg?fit=800%2C445&ssl=1\",\"contentUrl\":\"https:\\\/\\\/i0.wp.com\\\/notabene.world\\\/nb\\\/wp-content\\\/uploads\\\/2022\\\/03\\\/zert.jpg?fit=800%2C445&ssl=1\",\"width\":800,\"height\":445},{\"@type\":\"BreadcrumbList\",\"@id\":\"https:\\\/\\\/notabene.world\\\/nb\\\/miedzynarodowy-dzien-teatru-w-teatrze-zeromskiego\\\/#breadcrumb\",\"itemListElement\":[{\"@type\":\"ListItem\",\"position\":1,\"name\":\"Home\",\"item\":\"https:\\\/\\\/notabene.world\\\/nb\\\/\"},{\"@type\":\"ListItem\",\"position\":2,\"name\":\"Mi\u0119dzynarodowy Dzie\u0144 Teatru w Teatrze \u017beromskiego\"}]},{\"@type\":\"WebSite\",\"@id\":\"https:\\\/\\\/notabene.world\\\/nb\\\/#website\",\"url\":\"https:\\\/\\\/notabene.world\\\/nb\\\/\",\"name\":\"NOTABENE.WORLD\",\"description\":\"Przekaz. Warto\u015bci. Wsp\u00f3lnota.\",\"publisher\":{\"@id\":\"https:\\\/\\\/notabene.world\\\/nb\\\/#organization\"},\"potentialAction\":[{\"@type\":\"SearchAction\",\"target\":{\"@type\":\"EntryPoint\",\"urlTemplate\":\"https:\\\/\\\/notabene.world\\\/nb\\\/?s={search_term_string}\"},\"query-input\":{\"@type\":\"PropertyValueSpecification\",\"valueRequired\":true,\"valueName\":\"search_term_string\"}}],\"inLanguage\":\"pl-PL\"},{\"@type\":\"Organization\",\"@id\":\"https:\\\/\\\/notabene.world\\\/nb\\\/#organization\",\"name\":\"NOTABENE.WORLD\",\"url\":\"https:\\\/\\\/notabene.world\\\/nb\\\/\",\"logo\":{\"@type\":\"ImageObject\",\"inLanguage\":\"pl-PL\",\"@id\":\"https:\\\/\\\/notabene.world\\\/nb\\\/#\\\/schema\\\/logo\\\/image\\\/\",\"url\":\"https:\\\/\\\/notabene.world\\\/nb\\\/wp-content\\\/uploads\\\/2022\\\/01\\\/NB-club-start-www1.jpg\",\"contentUrl\":\"https:\\\/\\\/notabene.world\\\/nb\\\/wp-content\\\/uploads\\\/2022\\\/01\\\/NB-club-start-www1.jpg\",\"width\":1000,\"height\":839,\"caption\":\"NOTABENE.WORLD\"},\"image\":{\"@id\":\"https:\\\/\\\/notabene.world\\\/nb\\\/#\\\/schema\\\/logo\\\/image\\\/\"},\"sameAs\":[\"https:\\\/\\\/www.facebook.com\\\/Notabene.World\"]},{\"@type\":\"Person\",\"@id\":\"https:\\\/\\\/notabene.world\\\/nb\\\/#\\\/schema\\\/person\\\/db81d96b2e97dc3d4a74bb45c778aa53\",\"name\":\"HoraCyk &amp; HoraCyk\",\"image\":{\"@type\":\"ImageObject\",\"inLanguage\":\"pl-PL\",\"@id\":\"https:\\\/\\\/secure.gravatar.com\\\/avatar\\\/f00d2aa94c60055cc7150cd76fca4a20660d88f7243ebe59951a6633ea291ec9?s=96&d=mm&r=g\",\"url\":\"https:\\\/\\\/secure.gravatar.com\\\/avatar\\\/f00d2aa94c60055cc7150cd76fca4a20660d88f7243ebe59951a6633ea291ec9?s=96&d=mm&r=g\",\"contentUrl\":\"https:\\\/\\\/secure.gravatar.com\\\/avatar\\\/f00d2aa94c60055cc7150cd76fca4a20660d88f7243ebe59951a6633ea291ec9?s=96&d=mm&r=g\",\"caption\":\"HoraCyk &amp; HoraCyk\"},\"url\":\"https:\\\/\\\/notabene.world\\\/nb\\\/author\\\/nb\\\/\"}]}<\/script>\n<!-- \/ Yoast SEO plugin. -->","yoast_head_json":{"title":"Mi\u0119dzynarodowy Dzie\u0144 Teatru w Teatrze \u017beromskiego - NOTABENE.WORLD","robots":{"index":"index","follow":"follow","max-snippet":"max-snippet:-1","max-image-preview":"max-image-preview:large","max-video-preview":"max-video-preview:-1"},"canonical":"https:\/\/notabene.world\/nb\/miedzynarodowy-dzien-teatru-w-teatrze-zeromskiego\/","og_locale":"pl_PL","og_type":"article","og_title":"Mi\u0119dzynarodowy Dzie\u0144 Teatru w Teatrze \u017beromskiego - NOTABENE.WORLD","og_description":"Mi\u0119dzynarodowy Dzie\u0144 Teatru przypada 27 marca, ale my postanowili\u015bmy \u015bwi\u0119towa\u0107 ca\u0142y weekend! 25, 26 i 27 marca o godz. 19 zapraszamy na \"Och, te duchy\" Eduardo De Filippo w re\u017c. Dana Jemmetta, komedi\u0119 w arystokratycznej aurze, przygotowan\u0105 przez mi\u0119dzynarodowy zesp\u00f3\u0142 tw\u00f3rc\u00f3w.","og_url":"https:\/\/notabene.world\/nb\/miedzynarodowy-dzien-teatru-w-teatrze-zeromskiego\/","og_site_name":"NOTABENE.WORLD","article_publisher":"https:\/\/www.facebook.com\/Notabene.World","article_published_time":"2022-03-24T22:07:00+00:00","article_modified_time":"2022-04-04T06:28:33+00:00","og_image":[{"width":800,"height":445,"url":"https:\/\/notabene.world\/nb\/wp-content\/uploads\/2022\/03\/zert.jpg","type":"image\/jpeg"}],"author":"HoraCyk &amp; HoraCyk","twitter_card":"summary_large_image","twitter_misc":{"Napisane przez":"HoraCyk &amp; HoraCyk","Szacowany czas czytania":"2 minuty"},"schema":{"@context":"https:\/\/schema.org","@graph":[{"@type":"Article","@id":"https:\/\/notabene.world\/nb\/miedzynarodowy-dzien-teatru-w-teatrze-zeromskiego\/#article","isPartOf":{"@id":"https:\/\/notabene.world\/nb\/miedzynarodowy-dzien-teatru-w-teatrze-zeromskiego\/"},"author":{"name":"HoraCyk &amp; HoraCyk","@id":"https:\/\/notabene.world\/nb\/#\/schema\/person\/db81d96b2e97dc3d4a74bb45c778aa53"},"headline":"Mi\u0119dzynarodowy Dzie\u0144 Teatru w Teatrze \u017beromskiego","datePublished":"2022-03-24T22:07:00+00:00","dateModified":"2022-04-04T06:28:33+00:00","mainEntityOfPage":{"@id":"https:\/\/notabene.world\/nb\/miedzynarodowy-dzien-teatru-w-teatrze-zeromskiego\/"},"wordCount":159,"publisher":{"@id":"https:\/\/notabene.world\/nb\/#organization"},"image":{"@id":"https:\/\/notabene.world\/nb\/miedzynarodowy-dzien-teatru-w-teatrze-zeromskiego\/#primaryimage"},"thumbnailUrl":"https:\/\/i0.wp.com\/notabene.world\/nb\/wp-content\/uploads\/2022\/03\/zert.jpg?fit=800%2C445&ssl=1","articleSection":["\u015awi\u0119tokrzyskie Aktualia","Zapowiedzi i Zaproszenia"],"inLanguage":"pl-PL"},{"@type":"WebPage","@id":"https:\/\/notabene.world\/nb\/miedzynarodowy-dzien-teatru-w-teatrze-zeromskiego\/","url":"https:\/\/notabene.world\/nb\/miedzynarodowy-dzien-teatru-w-teatrze-zeromskiego\/","name":"Mi\u0119dzynarodowy Dzie\u0144 Teatru w Teatrze \u017beromskiego - NOTABENE.WORLD","isPartOf":{"@id":"https:\/\/notabene.world\/nb\/#website"},"primaryImageOfPage":{"@id":"https:\/\/notabene.world\/nb\/miedzynarodowy-dzien-teatru-w-teatrze-zeromskiego\/#primaryimage"},"image":{"@id":"https:\/\/notabene.world\/nb\/miedzynarodowy-dzien-teatru-w-teatrze-zeromskiego\/#primaryimage"},"thumbnailUrl":"https:\/\/i0.wp.com\/notabene.world\/nb\/wp-content\/uploads\/2022\/03\/zert.jpg?fit=800%2C445&ssl=1","datePublished":"2022-03-24T22:07:00+00:00","dateModified":"2022-04-04T06:28:33+00:00","breadcrumb":{"@id":"https:\/\/notabene.world\/nb\/miedzynarodowy-dzien-teatru-w-teatrze-zeromskiego\/#breadcrumb"},"inLanguage":"pl-PL","potentialAction":[{"@type":"ReadAction","target":["https:\/\/notabene.world\/nb\/miedzynarodowy-dzien-teatru-w-teatrze-zeromskiego\/"]}]},{"@type":"ImageObject","inLanguage":"pl-PL","@id":"https:\/\/notabene.world\/nb\/miedzynarodowy-dzien-teatru-w-teatrze-zeromskiego\/#primaryimage","url":"https:\/\/i0.wp.com\/notabene.world\/nb\/wp-content\/uploads\/2022\/03\/zert.jpg?fit=800%2C445&ssl=1","contentUrl":"https:\/\/i0.wp.com\/notabene.world\/nb\/wp-content\/uploads\/2022\/03\/zert.jpg?fit=800%2C445&ssl=1","width":800,"height":445},{"@type":"BreadcrumbList","@id":"https:\/\/notabene.world\/nb\/miedzynarodowy-dzien-teatru-w-teatrze-zeromskiego\/#breadcrumb","itemListElement":[{"@type":"ListItem","position":1,"name":"Home","item":"https:\/\/notabene.world\/nb\/"},{"@type":"ListItem","position":2,"name":"Mi\u0119dzynarodowy Dzie\u0144 Teatru w Teatrze \u017beromskiego"}]},{"@type":"WebSite","@id":"https:\/\/notabene.world\/nb\/#website","url":"https:\/\/notabene.world\/nb\/","name":"NOTABENE.WORLD","description":"Przekaz. Warto\u015bci. Wsp\u00f3lnota.","publisher":{"@id":"https:\/\/notabene.world\/nb\/#organization"},"potentialAction":[{"@type":"SearchAction","target":{"@type":"EntryPoint","urlTemplate":"https:\/\/notabene.world\/nb\/?s={search_term_string}"},"query-input":{"@type":"PropertyValueSpecification","valueRequired":true,"valueName":"search_term_string"}}],"inLanguage":"pl-PL"},{"@type":"Organization","@id":"https:\/\/notabene.world\/nb\/#organization","name":"NOTABENE.WORLD","url":"https:\/\/notabene.world\/nb\/","logo":{"@type":"ImageObject","inLanguage":"pl-PL","@id":"https:\/\/notabene.world\/nb\/#\/schema\/logo\/image\/","url":"https:\/\/notabene.world\/nb\/wp-content\/uploads\/2022\/01\/NB-club-start-www1.jpg","contentUrl":"https:\/\/notabene.world\/nb\/wp-content\/uploads\/2022\/01\/NB-club-start-www1.jpg","width":1000,"height":839,"caption":"NOTABENE.WORLD"},"image":{"@id":"https:\/\/notabene.world\/nb\/#\/schema\/logo\/image\/"},"sameAs":["https:\/\/www.facebook.com\/Notabene.World"]},{"@type":"Person","@id":"https:\/\/notabene.world\/nb\/#\/schema\/person\/db81d96b2e97dc3d4a74bb45c778aa53","name":"HoraCyk &amp; HoraCyk","image":{"@type":"ImageObject","inLanguage":"pl-PL","@id":"https:\/\/secure.gravatar.com\/avatar\/f00d2aa94c60055cc7150cd76fca4a20660d88f7243ebe59951a6633ea291ec9?s=96&d=mm&r=g","url":"https:\/\/secure.gravatar.com\/avatar\/f00d2aa94c60055cc7150cd76fca4a20660d88f7243ebe59951a6633ea291ec9?s=96&d=mm&r=g","contentUrl":"https:\/\/secure.gravatar.com\/avatar\/f00d2aa94c60055cc7150cd76fca4a20660d88f7243ebe59951a6633ea291ec9?s=96&d=mm&r=g","caption":"HoraCyk &amp; HoraCyk"},"url":"https:\/\/notabene.world\/nb\/author\/nb\/"}]}},"jetpack_featured_media_url":"https:\/\/i0.wp.com\/notabene.world\/nb\/wp-content\/uploads\/2022\/03\/zert.jpg?fit=800%2C445&ssl=1","jetpack_sharing_enabled":true,"jetpack_shortlink":"https:\/\/wp.me\/pdCobN-1aa","_links":{"self":[{"href":"https:\/\/notabene.world\/nb\/wp-json\/wp\/v2\/posts\/4474","targetHints":{"allow":["GET"]}}],"collection":[{"href":"https:\/\/notabene.world\/nb\/wp-json\/wp\/v2\/posts"}],"about":[{"href":"https:\/\/notabene.world\/nb\/wp-json\/wp\/v2\/types\/post"}],"author":[{"embeddable":true,"href":"https:\/\/notabene.world\/nb\/wp-json\/wp\/v2\/users\/14"}],"replies":[{"embeddable":true,"href":"https:\/\/notabene.world\/nb\/wp-json\/wp\/v2\/comments?post=4474"}],"version-history":[{"count":5,"href":"https:\/\/notabene.world\/nb\/wp-json\/wp\/v2\/posts\/4474\/revisions"}],"predecessor-version":[{"id":4484,"href":"https:\/\/notabene.world\/nb\/wp-json\/wp\/v2\/posts\/4474\/revisions\/4484"}],"wp:featuredmedia":[{"embeddable":true,"href":"https:\/\/notabene.world\/nb\/wp-json\/wp\/v2\/media\/4478"}],"wp:attachment":[{"href":"https:\/\/notabene.world\/nb\/wp-json\/wp\/v2\/media?parent=4474"}],"wp:term":[{"taxonomy":"category","embeddable":true,"href":"https:\/\/notabene.world\/nb\/wp-json\/wp\/v2\/categories?post=4474"},{"taxonomy":"post_tag","embeddable":true,"href":"https:\/\/notabene.world\/nb\/wp-json\/wp\/v2\/tags?post=4474"}],"curies":[{"name":"wp","href":"https:\/\/api.w.org\/{rel}","templated":true}]}}