{"id":4729,"date":"2022-03-27T13:27:10","date_gmt":"2022-03-27T11:27:10","guid":{"rendered":"https:\/\/notabene.world\/nb\/?p=4729"},"modified":"2022-03-31T04:56:52","modified_gmt":"2022-03-31T02:56:52","slug":"pierwszy-dzien-wiosny","status":"publish","type":"post","link":"https:\/\/notabene.world\/nb\/pierwszy-dzien-wiosny\/","title":{"rendered":"Pierwszy tydzie\u0144 wiosny&#8230;"},"content":{"rendered":"\n<p class=\"has-drop-cap\">Niedzielna kawa ju\u017c zaparzona, a ja zastanawiam si\u0119, jak w kr\u00f3tkim tek\u015bcie zmie\u015bci\u0107 informacj\u0119 o tym, co zdarzy\u0142o si\u0119 w ci\u0105gu tego tygodnia. Tak naprawd\u0119 powinnam napisa\u0107, \u017ce szczeg\u00f3lnie interesuje mnie czwartek.<\/p>\n\n\n\n<p>Tego w\u0142a\u015bnie tego dnia wydarzy\u0142o si\u0119 wiele. Zbyt wiele. Rano podano, \u017ce Polski \u0141ad przestanie obowi\u0105zywa\u0107 od 1 lipca tego roku, zniknie ulga dla klasy \u015bredniej, zostanie kwota wolna od podatku w wysoko\u015bci 30 tys. z\u0142otych i pr\u00f3g podatkowy w wysoko\u015bci 120 tys. z\u0142otych. Pojawi si\u0119 (postulowana przez wielu) mo\u017cliwo\u015b\u0107 rozliczania si\u0119 wsp\u00f3lnie z dzieckiem dla samotnych rodzic\u00f3w, nowe mo\u017cliwo\u015bci rozliczania sk\u0142adki zdrowotnej dla przedsi\u0119biorc\u00f3w, no i obni\u017cka stawki podatku PIT z 17% do 12%. Nie wnikam w szczeg\u00f3\u0142y, ale zgadzam si\u0119 z dowcipem, \u017ce teraz lepiej zosta\u0107 saperem \u2026 ni\u017c ksi\u0119gowym.<\/p>\n\n\n\n<p>Potem podano, \u017ce od 28 marca znika obowi\u0105zek noszenia maseczek, nie b\u0119dzie izolacji i kwarantanny. Koniec pandemii! Mimo \u017ce liczba zaka\u017ce\u0144 codziennie to w dalszym ci\u0105gu oko\u0142o 10 tys., a wielu lekarzy niezmiennie zaleca dystans i noszenie maseczek w pomieszczeniach zamkni\u0119tych.<\/p>\n\n\n\n<p>W po\u0142udnie media przenios\u0142y si\u0119 do Brukseli, tam &#8211; chyba pierwszy raz w historii &#8211; jednocze\u015bnie odby\u0142o si\u0119 kilka wydarze\u0144: nadzwyczajny szczyt NATO, spotkanie szef\u00f3w siedmiu najwa\u017cniejszych pod wzgl\u0119dem gospodarczym pa\u0144stw \u015bwiata G7 i szczyt Rady Europejskiej. W ka\u017cdym ze spotka\u0144 uczestniczy\u0142 Joe Biden, prezydent USA. Temat spotka\u0144 to przede wszystkim wojna w Ukrainie, ale tak\u017ce pomoc dla walcz\u0105cych i uchod\u017ac\u00f3w oraz problem sankcji i kwestia uniezale\u017cnienia si\u0119 Europy od surowc\u00f3w z Rosji. Wydaje si\u0119, \u017ce wreszcie Zach\u00f3d rozumie zagro\u017cenie wynikaj\u0105ce z ekspansywnej polityki Putina, kt\u00f3ry chce odbudowa\u0107 mocarstwow\u0105 Rosj\u0119. My\u015bl\u0119, \u017ce wszystkich, tak jak mnie, przera\u017caj\u0105 zdj\u0119cia walcz\u0105cej Ukrainy. Zdj\u0119cia, przedstawiaj\u0105ce ofiary tej wojny: kobiety i dzieci, osoby starsze, chore. Zdj\u0119cia zburzonych miast, zbombardowanych szpitali, dom\u00f3w opieki, barbarzy\u0144stwa. Gwa\u0142t\u00f3w. To s\u0105 dowody zbrodni wojennych.<\/p>\n\n\n\n<p>W pi\u0105tek rozpocz\u0119\u0142a si\u0119 w Polsce wizyta prezydenta USA Joe Bidena, wizyta bardzo oczekiwana przede wszystkim z powodu sytuacji na Ukrainie. Polska jest pa\u0144stwem frontowym. Czy wszyscy zdajemy sobie spraw\u0119, co to znaczy? &nbsp;Front zawsze niesie za sob\u0105 zagro\u017cenie dla wielu niewyobra\u017calne. Czekali\u015bmy wi\u0119c na t\u0119 wizyt\u0119 z nadziej\u0105, \u017ce jeszcze raz prezydent Biden potwierdzi art.5 NATO. I potwierdzi\u0142 wielokrotnie, m\u00f3wi\u0105c \u201eSi\u0142y ameryka\u0144skie s\u0105 w Europie po to, by broni\u0107 sojusznik\u00f3w z NATO. Mamy \u015bwi\u0119ty obowi\u0105zek w ramach art. 5, by broni\u0107 ka\u017cdego cz\u0142onka NATO, ka\u017cdego kawa\u0142ka ziemi\u201d. Prezydent m\u00f3wi\u0142 te\u017c sporo o sile demokracji, o praworz\u0105dno\u015bci, wolno\u015bci s\u0142owa, wolnych wyborach, wolno\u015bci medi\u00f3w. Bardzo mocno podkre\u015bli\u0142, \u017ce dzi\u015b mamy wojn\u0119 mi\u0119dzy demokracj\u0105 a autokracj\u0105, mi\u0119dzy wolno\u015bci\u0105 a uciskiem. Wszystkie spotkania prezydenta Bidena w trakcie wizyty by\u0142y wa\u017cne, media obserwowa\u0142y ka\u017cdy gest prezydenta, ka\u017cde jego s\u0142owo, a sobotnie wyst\u0105pienie relacjonowano na ca\u0142y \u015bwiat. &nbsp;&nbsp;&nbsp;&nbsp;&nbsp;<\/p>\n\n\n\n<p>Ukraina ci\u0105gle walczy, w niedziel\u0119 minie 32 dzie\u0144 wojny. Mija miesi\u0105c, od kiedy Rosja napad\u0142a na Ukrain\u0119. Bohaterstwo ukrai\u0144skich \u017co\u0142nierzy, sprawno\u015b\u0107 dowodzenia wojskiem, bohaterstwo ukrai\u0144skiego spo\u0142ecze\u0144stwa budz\u0105 podziw na ca\u0142ym \u015bwiecie. O tym te\u017c m\u00f3wi\u0142 Joe Biden w swoim przem\u00f3wieniu.<\/p>\n\n\n\n<p>I taki to by\u0142 tydzie\u0144, pierwszy tydzie\u0144 wiosny. Inny, ni\u017c co roku. &nbsp;&nbsp;<\/p>\n","protected":false},"excerpt":{"rendered":"<p>Niedzielna kawa ju\u017c zaparzona, a ja zastanawiam si\u0119, jak w kr\u00f3tkim tek\u015bcie zmie\u015bci\u0107 informacj\u0119 o tym, co zdarzy\u0142o si\u0119 w ci\u0105gu tego tygodnia. Tak naprawd\u0119 powinnam napisa\u0107, \u017ce szczeg\u00f3lnie interesuje mnie czwartek.<br \/>\nTego w\u0142a\u015bnie tego dnia wydarzy\u0142o si\u0119 wiele. Zbyt wiele.<br \/>\nI taki te\u017c by\u0142 miniony tydzie\u0144, pierwszy tydzie\u0144 wiosny. Inny, ni\u017c co roku.   <\/p>\n","protected":false},"author":35,"featured_media":4730,"comment_status":"closed","ping_status":"closed","sticky":false,"template":"","format":"standard","meta":{"colormag_page_container_layout":"no_sidebar_full_width","colormag_page_sidebar_layout":"no_sidebar","_jetpack_memberships_contains_paid_content":false,"footnotes":"","_links_to":"","_links_to_target":""},"categories":[42,175,150],"tags":[],"class_list":["post-4729","post","type-post","status-publish","format-standard","has-post-thumbnail","hentry","category-felietony","category-liczby-i-fakty","category-publicystyka"],"yoast_head":"<!-- This site is optimized with the Yoast SEO plugin v27.4 - https:\/\/yoast.com\/product\/yoast-seo-wordpress\/ -->\n<title>Pierwszy tydzie\u0144 wiosny... - NOTABENE.WORLD<\/title>\n<meta name=\"robots\" content=\"index, follow, max-snippet:-1, max-image-preview:large, max-video-preview:-1\" \/>\n<link rel=\"canonical\" href=\"https:\/\/notabene.world\/nb\/pierwszy-dzien-wiosny\/\" \/>\n<meta property=\"og:locale\" content=\"pl_PL\" \/>\n<meta property=\"og:type\" content=\"article\" \/>\n<meta property=\"og:title\" content=\"Pierwszy tydzie\u0144 wiosny... - NOTABENE.WORLD\" \/>\n<meta property=\"og:description\" content=\"Niedzielna kawa ju\u017c zaparzona, a ja zastanawiam si\u0119, jak w kr\u00f3tkim tek\u015bcie zmie\u015bci\u0107 informacj\u0119 o tym, co zdarzy\u0142o si\u0119 w ci\u0105gu tego tygodnia. Tak naprawd\u0119 powinnam napisa\u0107, \u017ce szczeg\u00f3lnie interesuje mnie czwartek. Tego w\u0142a\u015bnie tego dnia wydarzy\u0142o si\u0119 wiele. Zbyt wiele. I taki te\u017c by\u0142 miniony tydzie\u0144, pierwszy tydzie\u0144 wiosny. Inny, ni\u017c co roku.\" \/>\n<meta property=\"og:url\" content=\"https:\/\/notabene.world\/nb\/pierwszy-dzien-wiosny\/\" \/>\n<meta property=\"og:site_name\" content=\"NOTABENE.WORLD\" \/>\n<meta property=\"article:publisher\" content=\"https:\/\/www.facebook.com\/Notabene.World\" \/>\n<meta property=\"article:published_time\" content=\"2022-03-27T11:27:10+00:00\" \/>\n<meta property=\"article:modified_time\" content=\"2022-03-31T02:56:52+00:00\" \/>\n<meta property=\"og:image\" content=\"https:\/\/notabene.world\/nb\/wp-content\/uploads\/2022\/03\/licz-logo.jpg\" \/>\n\t<meta property=\"og:image:width\" content=\"800\" \/>\n\t<meta property=\"og:image:height\" content=\"445\" \/>\n\t<meta property=\"og:image:type\" content=\"image\/jpeg\" \/>\n<meta name=\"author\" content=\"B D\" \/>\n<meta name=\"twitter:card\" content=\"summary_large_image\" \/>\n<meta name=\"twitter:label1\" content=\"Napisane przez\" \/>\n\t<meta name=\"twitter:data1\" content=\"B D\" \/>\n\t<meta name=\"twitter:label2\" content=\"Szacowany czas czytania\" \/>\n\t<meta name=\"twitter:data2\" content=\"3 minuty\" \/>\n<script type=\"application\/ld+json\" class=\"yoast-schema-graph\">{\"@context\":\"https:\\\/\\\/schema.org\",\"@graph\":[{\"@type\":\"Article\",\"@id\":\"https:\\\/\\\/notabene.world\\\/nb\\\/pierwszy-dzien-wiosny\\\/#article\",\"isPartOf\":{\"@id\":\"https:\\\/\\\/notabene.world\\\/nb\\\/pierwszy-dzien-wiosny\\\/\"},\"author\":{\"name\":\"B D\",\"@id\":\"https:\\\/\\\/notabene.world\\\/nb\\\/#\\\/schema\\\/person\\\/9081f0d094ad3e2767736feb48c99520\"},\"headline\":\"Pierwszy tydzie\u0144 wiosny&#8230;\",\"datePublished\":\"2022-03-27T11:27:10+00:00\",\"dateModified\":\"2022-03-31T02:56:52+00:00\",\"mainEntityOfPage\":{\"@id\":\"https:\\\/\\\/notabene.world\\\/nb\\\/pierwszy-dzien-wiosny\\\/\"},\"wordCount\":595,\"publisher\":{\"@id\":\"https:\\\/\\\/notabene.world\\\/nb\\\/#organization\"},\"image\":{\"@id\":\"https:\\\/\\\/notabene.world\\\/nb\\\/pierwszy-dzien-wiosny\\\/#primaryimage\"},\"thumbnailUrl\":\"https:\\\/\\\/i0.wp.com\\\/notabene.world\\\/nb\\\/wp-content\\\/uploads\\\/2022\\\/03\\\/licz-logo.jpg?fit=800%2C445&ssl=1\",\"articleSection\":[\"Felietony\",\"Liczby i Fakty\",\"Publicystyka\"],\"inLanguage\":\"pl-PL\"},{\"@type\":\"WebPage\",\"@id\":\"https:\\\/\\\/notabene.world\\\/nb\\\/pierwszy-dzien-wiosny\\\/\",\"url\":\"https:\\\/\\\/notabene.world\\\/nb\\\/pierwszy-dzien-wiosny\\\/\",\"name\":\"Pierwszy tydzie\u0144 wiosny... - NOTABENE.WORLD\",\"isPartOf\":{\"@id\":\"https:\\\/\\\/notabene.world\\\/nb\\\/#website\"},\"primaryImageOfPage\":{\"@id\":\"https:\\\/\\\/notabene.world\\\/nb\\\/pierwszy-dzien-wiosny\\\/#primaryimage\"},\"image\":{\"@id\":\"https:\\\/\\\/notabene.world\\\/nb\\\/pierwszy-dzien-wiosny\\\/#primaryimage\"},\"thumbnailUrl\":\"https:\\\/\\\/i0.wp.com\\\/notabene.world\\\/nb\\\/wp-content\\\/uploads\\\/2022\\\/03\\\/licz-logo.jpg?fit=800%2C445&ssl=1\",\"datePublished\":\"2022-03-27T11:27:10+00:00\",\"dateModified\":\"2022-03-31T02:56:52+00:00\",\"breadcrumb\":{\"@id\":\"https:\\\/\\\/notabene.world\\\/nb\\\/pierwszy-dzien-wiosny\\\/#breadcrumb\"},\"inLanguage\":\"pl-PL\",\"potentialAction\":[{\"@type\":\"ReadAction\",\"target\":[\"https:\\\/\\\/notabene.world\\\/nb\\\/pierwszy-dzien-wiosny\\\/\"]}]},{\"@type\":\"ImageObject\",\"inLanguage\":\"pl-PL\",\"@id\":\"https:\\\/\\\/notabene.world\\\/nb\\\/pierwszy-dzien-wiosny\\\/#primaryimage\",\"url\":\"https:\\\/\\\/i0.wp.com\\\/notabene.world\\\/nb\\\/wp-content\\\/uploads\\\/2022\\\/03\\\/licz-logo.jpg?fit=800%2C445&ssl=1\",\"contentUrl\":\"https:\\\/\\\/i0.wp.com\\\/notabene.world\\\/nb\\\/wp-content\\\/uploads\\\/2022\\\/03\\\/licz-logo.jpg?fit=800%2C445&ssl=1\",\"width\":800,\"height\":445},{\"@type\":\"BreadcrumbList\",\"@id\":\"https:\\\/\\\/notabene.world\\\/nb\\\/pierwszy-dzien-wiosny\\\/#breadcrumb\",\"itemListElement\":[{\"@type\":\"ListItem\",\"position\":1,\"name\":\"Home\",\"item\":\"https:\\\/\\\/notabene.world\\\/nb\\\/\"},{\"@type\":\"ListItem\",\"position\":2,\"name\":\"Pierwszy tydzie\u0144 wiosny&#8230;\"}]},{\"@type\":\"WebSite\",\"@id\":\"https:\\\/\\\/notabene.world\\\/nb\\\/#website\",\"url\":\"https:\\\/\\\/notabene.world\\\/nb\\\/\",\"name\":\"NOTABENE.WORLD\",\"description\":\"Przekaz. Warto\u015bci. Wsp\u00f3lnota.\",\"publisher\":{\"@id\":\"https:\\\/\\\/notabene.world\\\/nb\\\/#organization\"},\"potentialAction\":[{\"@type\":\"SearchAction\",\"target\":{\"@type\":\"EntryPoint\",\"urlTemplate\":\"https:\\\/\\\/notabene.world\\\/nb\\\/?s={search_term_string}\"},\"query-input\":{\"@type\":\"PropertyValueSpecification\",\"valueRequired\":true,\"valueName\":\"search_term_string\"}}],\"inLanguage\":\"pl-PL\"},{\"@type\":\"Organization\",\"@id\":\"https:\\\/\\\/notabene.world\\\/nb\\\/#organization\",\"name\":\"NOTABENE.WORLD\",\"url\":\"https:\\\/\\\/notabene.world\\\/nb\\\/\",\"logo\":{\"@type\":\"ImageObject\",\"inLanguage\":\"pl-PL\",\"@id\":\"https:\\\/\\\/notabene.world\\\/nb\\\/#\\\/schema\\\/logo\\\/image\\\/\",\"url\":\"https:\\\/\\\/notabene.world\\\/nb\\\/wp-content\\\/uploads\\\/2022\\\/01\\\/NB-club-start-www1.jpg\",\"contentUrl\":\"https:\\\/\\\/notabene.world\\\/nb\\\/wp-content\\\/uploads\\\/2022\\\/01\\\/NB-club-start-www1.jpg\",\"width\":1000,\"height\":839,\"caption\":\"NOTABENE.WORLD\"},\"image\":{\"@id\":\"https:\\\/\\\/notabene.world\\\/nb\\\/#\\\/schema\\\/logo\\\/image\\\/\"},\"sameAs\":[\"https:\\\/\\\/www.facebook.com\\\/Notabene.World\"]},{\"@type\":\"Person\",\"@id\":\"https:\\\/\\\/notabene.world\\\/nb\\\/#\\\/schema\\\/person\\\/9081f0d094ad3e2767736feb48c99520\",\"name\":\"B D\",\"image\":{\"@type\":\"ImageObject\",\"inLanguage\":\"pl-PL\",\"@id\":\"https:\\\/\\\/secure.gravatar.com\\\/avatar\\\/ebcdcd8c0a7789c85d5a03ead2e68bda7a5fcb1ab728d56a4bd678c5ea15faa2?s=96&d=mm&r=g\",\"url\":\"https:\\\/\\\/secure.gravatar.com\\\/avatar\\\/ebcdcd8c0a7789c85d5a03ead2e68bda7a5fcb1ab728d56a4bd678c5ea15faa2?s=96&d=mm&r=g\",\"contentUrl\":\"https:\\\/\\\/secure.gravatar.com\\\/avatar\\\/ebcdcd8c0a7789c85d5a03ead2e68bda7a5fcb1ab728d56a4bd678c5ea15faa2?s=96&d=mm&r=g\",\"caption\":\"B D\"},\"url\":\"https:\\\/\\\/notabene.world\\\/nb\\\/author\\\/jo-d\\\/\"}]}<\/script>\n<!-- \/ Yoast SEO plugin. -->","yoast_head_json":{"title":"Pierwszy tydzie\u0144 wiosny... - NOTABENE.WORLD","robots":{"index":"index","follow":"follow","max-snippet":"max-snippet:-1","max-image-preview":"max-image-preview:large","max-video-preview":"max-video-preview:-1"},"canonical":"https:\/\/notabene.world\/nb\/pierwszy-dzien-wiosny\/","og_locale":"pl_PL","og_type":"article","og_title":"Pierwszy tydzie\u0144 wiosny... - NOTABENE.WORLD","og_description":"Niedzielna kawa ju\u017c zaparzona, a ja zastanawiam si\u0119, jak w kr\u00f3tkim tek\u015bcie zmie\u015bci\u0107 informacj\u0119 o tym, co zdarzy\u0142o si\u0119 w ci\u0105gu tego tygodnia. Tak naprawd\u0119 powinnam napisa\u0107, \u017ce szczeg\u00f3lnie interesuje mnie czwartek. Tego w\u0142a\u015bnie tego dnia wydarzy\u0142o si\u0119 wiele. Zbyt wiele. I taki te\u017c by\u0142 miniony tydzie\u0144, pierwszy tydzie\u0144 wiosny. Inny, ni\u017c co roku.","og_url":"https:\/\/notabene.world\/nb\/pierwszy-dzien-wiosny\/","og_site_name":"NOTABENE.WORLD","article_publisher":"https:\/\/www.facebook.com\/Notabene.World","article_published_time":"2022-03-27T11:27:10+00:00","article_modified_time":"2022-03-31T02:56:52+00:00","og_image":[{"width":800,"height":445,"url":"https:\/\/notabene.world\/nb\/wp-content\/uploads\/2022\/03\/licz-logo.jpg","type":"image\/jpeg"}],"author":"B D","twitter_card":"summary_large_image","twitter_misc":{"Napisane przez":"B D","Szacowany czas czytania":"3 minuty"},"schema":{"@context":"https:\/\/schema.org","@graph":[{"@type":"Article","@id":"https:\/\/notabene.world\/nb\/pierwszy-dzien-wiosny\/#article","isPartOf":{"@id":"https:\/\/notabene.world\/nb\/pierwszy-dzien-wiosny\/"},"author":{"name":"B D","@id":"https:\/\/notabene.world\/nb\/#\/schema\/person\/9081f0d094ad3e2767736feb48c99520"},"headline":"Pierwszy tydzie\u0144 wiosny&#8230;","datePublished":"2022-03-27T11:27:10+00:00","dateModified":"2022-03-31T02:56:52+00:00","mainEntityOfPage":{"@id":"https:\/\/notabene.world\/nb\/pierwszy-dzien-wiosny\/"},"wordCount":595,"publisher":{"@id":"https:\/\/notabene.world\/nb\/#organization"},"image":{"@id":"https:\/\/notabene.world\/nb\/pierwszy-dzien-wiosny\/#primaryimage"},"thumbnailUrl":"https:\/\/i0.wp.com\/notabene.world\/nb\/wp-content\/uploads\/2022\/03\/licz-logo.jpg?fit=800%2C445&ssl=1","articleSection":["Felietony","Liczby i Fakty","Publicystyka"],"inLanguage":"pl-PL"},{"@type":"WebPage","@id":"https:\/\/notabene.world\/nb\/pierwszy-dzien-wiosny\/","url":"https:\/\/notabene.world\/nb\/pierwszy-dzien-wiosny\/","name":"Pierwszy tydzie\u0144 wiosny... - NOTABENE.WORLD","isPartOf":{"@id":"https:\/\/notabene.world\/nb\/#website"},"primaryImageOfPage":{"@id":"https:\/\/notabene.world\/nb\/pierwszy-dzien-wiosny\/#primaryimage"},"image":{"@id":"https:\/\/notabene.world\/nb\/pierwszy-dzien-wiosny\/#primaryimage"},"thumbnailUrl":"https:\/\/i0.wp.com\/notabene.world\/nb\/wp-content\/uploads\/2022\/03\/licz-logo.jpg?fit=800%2C445&ssl=1","datePublished":"2022-03-27T11:27:10+00:00","dateModified":"2022-03-31T02:56:52+00:00","breadcrumb":{"@id":"https:\/\/notabene.world\/nb\/pierwszy-dzien-wiosny\/#breadcrumb"},"inLanguage":"pl-PL","potentialAction":[{"@type":"ReadAction","target":["https:\/\/notabene.world\/nb\/pierwszy-dzien-wiosny\/"]}]},{"@type":"ImageObject","inLanguage":"pl-PL","@id":"https:\/\/notabene.world\/nb\/pierwszy-dzien-wiosny\/#primaryimage","url":"https:\/\/i0.wp.com\/notabene.world\/nb\/wp-content\/uploads\/2022\/03\/licz-logo.jpg?fit=800%2C445&ssl=1","contentUrl":"https:\/\/i0.wp.com\/notabene.world\/nb\/wp-content\/uploads\/2022\/03\/licz-logo.jpg?fit=800%2C445&ssl=1","width":800,"height":445},{"@type":"BreadcrumbList","@id":"https:\/\/notabene.world\/nb\/pierwszy-dzien-wiosny\/#breadcrumb","itemListElement":[{"@type":"ListItem","position":1,"name":"Home","item":"https:\/\/notabene.world\/nb\/"},{"@type":"ListItem","position":2,"name":"Pierwszy tydzie\u0144 wiosny&#8230;"}]},{"@type":"WebSite","@id":"https:\/\/notabene.world\/nb\/#website","url":"https:\/\/notabene.world\/nb\/","name":"NOTABENE.WORLD","description":"Przekaz. Warto\u015bci. Wsp\u00f3lnota.","publisher":{"@id":"https:\/\/notabene.world\/nb\/#organization"},"potentialAction":[{"@type":"SearchAction","target":{"@type":"EntryPoint","urlTemplate":"https:\/\/notabene.world\/nb\/?s={search_term_string}"},"query-input":{"@type":"PropertyValueSpecification","valueRequired":true,"valueName":"search_term_string"}}],"inLanguage":"pl-PL"},{"@type":"Organization","@id":"https:\/\/notabene.world\/nb\/#organization","name":"NOTABENE.WORLD","url":"https:\/\/notabene.world\/nb\/","logo":{"@type":"ImageObject","inLanguage":"pl-PL","@id":"https:\/\/notabene.world\/nb\/#\/schema\/logo\/image\/","url":"https:\/\/notabene.world\/nb\/wp-content\/uploads\/2022\/01\/NB-club-start-www1.jpg","contentUrl":"https:\/\/notabene.world\/nb\/wp-content\/uploads\/2022\/01\/NB-club-start-www1.jpg","width":1000,"height":839,"caption":"NOTABENE.WORLD"},"image":{"@id":"https:\/\/notabene.world\/nb\/#\/schema\/logo\/image\/"},"sameAs":["https:\/\/www.facebook.com\/Notabene.World"]},{"@type":"Person","@id":"https:\/\/notabene.world\/nb\/#\/schema\/person\/9081f0d094ad3e2767736feb48c99520","name":"B D","image":{"@type":"ImageObject","inLanguage":"pl-PL","@id":"https:\/\/secure.gravatar.com\/avatar\/ebcdcd8c0a7789c85d5a03ead2e68bda7a5fcb1ab728d56a4bd678c5ea15faa2?s=96&d=mm&r=g","url":"https:\/\/secure.gravatar.com\/avatar\/ebcdcd8c0a7789c85d5a03ead2e68bda7a5fcb1ab728d56a4bd678c5ea15faa2?s=96&d=mm&r=g","contentUrl":"https:\/\/secure.gravatar.com\/avatar\/ebcdcd8c0a7789c85d5a03ead2e68bda7a5fcb1ab728d56a4bd678c5ea15faa2?s=96&d=mm&r=g","caption":"B D"},"url":"https:\/\/notabene.world\/nb\/author\/jo-d\/"}]}},"jetpack_featured_media_url":"https:\/\/i0.wp.com\/notabene.world\/nb\/wp-content\/uploads\/2022\/03\/licz-logo.jpg?fit=800%2C445&ssl=1","jetpack_sharing_enabled":true,"jetpack_shortlink":"https:\/\/wp.me\/pdCobN-1eh","_links":{"self":[{"href":"https:\/\/notabene.world\/nb\/wp-json\/wp\/v2\/posts\/4729","targetHints":{"allow":["GET"]}}],"collection":[{"href":"https:\/\/notabene.world\/nb\/wp-json\/wp\/v2\/posts"}],"about":[{"href":"https:\/\/notabene.world\/nb\/wp-json\/wp\/v2\/types\/post"}],"author":[{"embeddable":true,"href":"https:\/\/notabene.world\/nb\/wp-json\/wp\/v2\/users\/35"}],"replies":[{"embeddable":true,"href":"https:\/\/notabene.world\/nb\/wp-json\/wp\/v2\/comments?post=4729"}],"version-history":[{"count":5,"href":"https:\/\/notabene.world\/nb\/wp-json\/wp\/v2\/posts\/4729\/revisions"}],"predecessor-version":[{"id":4747,"href":"https:\/\/notabene.world\/nb\/wp-json\/wp\/v2\/posts\/4729\/revisions\/4747"}],"wp:featuredmedia":[{"embeddable":true,"href":"https:\/\/notabene.world\/nb\/wp-json\/wp\/v2\/media\/4730"}],"wp:attachment":[{"href":"https:\/\/notabene.world\/nb\/wp-json\/wp\/v2\/media?parent=4729"}],"wp:term":[{"taxonomy":"category","embeddable":true,"href":"https:\/\/notabene.world\/nb\/wp-json\/wp\/v2\/categories?post=4729"},{"taxonomy":"post_tag","embeddable":true,"href":"https:\/\/notabene.world\/nb\/wp-json\/wp\/v2\/tags?post=4729"}],"curies":[{"name":"wp","href":"https:\/\/api.w.org\/{rel}","templated":true}]}}