{"id":4749,"date":"2022-03-28T07:18:10","date_gmt":"2022-03-28T05:18:10","guid":{"rendered":"https:\/\/notabene.world\/nb\/?p=4749"},"modified":"2024-03-15T04:42:21","modified_gmt":"2024-03-15T03:42:21","slug":"kielecki-spacer-leona-2","status":"publish","type":"post","link":"https:\/\/notabene.world\/nb\/kielecki-spacer-leona-2\/","title":{"rendered":"Kielecki spacer Leona"},"content":{"rendered":"\n<p>Obiecane wyja\u015bnienie dlaczego Leon chodzi na smyczy, czasami w kaga\u0144cu, a czasami na lince musi troch\u0119 poczeka\u0107. Kolejne spacery przynios\u0142y sprawy nie cierpi\u0105ce zw\u0142oki do wyja\u015bnienia. W dodatku dotyczy to wszystkich nas, nie tylko psiarzy. Brzmi z\u0142owrogo: WYCINANIE DRZEW I KRZEW\u00d3W.<\/p>\n\n\n\n<p>Mamy z Leonem par\u0119 miejsc do odwiedzania i nie ma \u017cadnego harmonogramu w chodzeniu w te miejsca. I tak po 1. marca (data ma tutaj kluczowe znaczenie) odwiedzili\u015bmy miejsce, kt\u00f3re zazwyczaj by\u0142o \u2018zakrzaczone\u2019, a jednocze\u015bnie siedliskiem je\u017cy i ba\u017cant\u00f3w. A tu szokuj\u0105cy widok: zastali\u015bmy \u2018wygolon\u0105\u2019 polan\u0119, smutno u\u0142o\u017cone ga\u0142\u0119zie i kupki ju\u017c zmielonej kory. Par\u0119 drzew obok zosta\u0142o z\u0142owrogo oznaczonych r\u00f3\u017cow\u0105 farb\u0105: to taki wyrok!&nbsp; Oczywi\u015bcie mo\u017cna machn\u0105\u0107 r\u0119k\u0105 na jakie\u015b tam krzaki. Tylko czy na pewno mo\u017cna to lekcewa\u017cy\u0107?<\/p>\n\n\n\n<p>Jeszcze w latach osiemdziesi\u0105tych Kielce by\u0142y postrzegane jako zielone miasto. Ziele\u0144 w naszym mie\u015bcie zwraca\u0142a uwag\u0119 i by\u0142a przedmiotem podziwu. W 2015 roku MojaPolis i BiQdata opracowa\u0142y ranking najbardziej zielonych miast w Polsce. Raport by\u0142 dla Kielc mia\u017cd\u017c\u0105cy. Okaza\u0142o si\u0119, \u017ce Katowice i inne \u015bl\u0105skie miasta mia\u0142y wtedy dwa razy wi\u0119cej zieleni.<\/p>\n\n\n\n<p>W kategorii park\u00f3w i ziele\u0144c\u00f3w zajmowali\u015bmy 21. miejsce, pod wzgl\u0119dem zieleni osiedlowej plasowali\u015bmy &nbsp;si\u0119 na 34. pozycji. Oceniono te\u017c nasze \u017cywop\u0142oty, kt\u00f3re chroni\u0105 nas przed zanieczyszczeniem i ha\u0142asem: kielecki wska\u017anik to 530 m na metr kwadratowy przy \u015bredniej 718 m, a w Sopocie 2919 m!<\/p>\n\n\n\n<p>No tak, ale to dane z 2015 roku. Niestety, w tym samym roku z nazwy Ministerstwa Ochrony \u015arodowiska znikn\u0119\u0142o s\u0142owo \u2018ochrony\u2019 i od tej pory jeste\u015bmy te\u017c pozbawieni takich danych. A co z tymi krzakami? Krzewy dzisiaj s\u0105 nie tylko elementem kultury przestrzennej cz\u0142owieka, r\u00f3wnie wa\u017cne jest ich miejsce w ekosystemie. To w nich gniazduj\u0105 ptaki, ro\u015bnie tak\u017ce znaczenie krzew\u00f3w w zachowaniu w\u0142a\u015bciwo\u015bci organicznych i chemicznych gleby. Redukuj\u0105 zanieczyszczenia powietrza, bywa, \u017ce stanowi\u0105 nawet ochron\u0119 przeciwpowodziow\u0105.<\/p>\n\n\n\n<p>Wr\u00f3ble uwielbiaj\u0105 krzewy. Par\u0119 dni temu obchodzili\u015bmy \u015awiatowy Dzie\u0144 Wr\u00f3bla. Ten uroczy ptak powoli znika z naszych miast, co gorsza znika z naszego ekosystemu. Warto zadba\u0107 o obecno\u015b\u0107 w naszej okolicy g\u0119stych i wysokich krzew\u00f3w, gdzie zim\u0105 wr\u00f3ble b\u0119d\u0105 mog\u0142y schowa\u0107 si\u0119 przed drapie\u017cnikami, sp\u0119dzi\u0107 noc, a wiosn\u0105 poszukiwa\u0107 tam owad\u00f3w do wykarmienia piskl\u0105t.<\/p>\n\n\n\n<p>I teraz wracamy do wspomnianej daty: 1. marca. Ot\u00f3\u017c prawo reguluje czas wycinki drzew i krzew\u00f3w. Termin mi\u0119dzy 1. marca a 15. pa\u017adziernika funkcjonuje w przestrzeni publicznej jako okres l\u0119gowy ptak\u00f3w i rzeczywi\u015bcie dla wi\u0119kszo\u015bci gatunk\u00f3w okres l\u0119gowy si\u0119 w nim zawiera. A co zrobi\u0107 kiedy widzimy pilarzy w tym czasie? Po pierwsze zapyta\u0107 czy maj\u0105 stosowne pozwolenie, maj\u0105 obowi\u0105zek okazania go. Je\u017celi tego nie zrobi\u0105 to dzwonimy do Stra\u017cy Miejskiej lub bezpo\u015brednio do RDO\u015a (Regionalna Dyrekcja Ochrony \u015arodowiska) w Kielcach, nr tel. 41 343 53 40. Reaguj\u0105c chronimy swoje otoczenie, chronimy siebie. Ziele\u0144 jest nam potrzebna, nie dajmy jej sobie zabiera\u0107.<\/p>\n\n\n\n<figure class=\"wp-block-gallery has-nested-images columns-default is-cropped wp-block-gallery-1 is-layout-flex wp-block-gallery-is-layout-flex\">\n<figure class=\"wp-block-image size-large\"><img data-recalc-dims=\"1\" loading=\"lazy\" decoding=\"async\" width=\"640\" height=\"853\" data-id=\"4759\" src=\"https:\/\/i0.wp.com\/notabene.world\/nb\/wp-content\/uploads\/2022\/03\/277409266_322612239856893_3328146569007434079_n.jpg?resize=640%2C853&#038;ssl=1\" alt=\"\" class=\"wp-image-4759\" srcset=\"https:\/\/i0.wp.com\/notabene.world\/nb\/wp-content\/uploads\/2022\/03\/277409266_322612239856893_3328146569007434079_n.jpg?w=640&amp;ssl=1 640w, https:\/\/i0.wp.com\/notabene.world\/nb\/wp-content\/uploads\/2022\/03\/277409266_322612239856893_3328146569007434079_n.jpg?resize=225%2C300&amp;ssl=1 225w\" sizes=\"auto, (max-width: 640px) 100vw, 640px\" \/><\/figure>\n\n\n\n<figure class=\"wp-block-image size-large\"><img data-recalc-dims=\"1\" loading=\"lazy\" decoding=\"async\" width=\"640\" height=\"853\" data-id=\"4758\" src=\"https:\/\/i0.wp.com\/notabene.world\/nb\/wp-content\/uploads\/2022\/03\/277406035_297592469156893_4255154102652378443_n.jpg?resize=640%2C853&#038;ssl=1\" alt=\"\" class=\"wp-image-4758\" srcset=\"https:\/\/i0.wp.com\/notabene.world\/nb\/wp-content\/uploads\/2022\/03\/277406035_297592469156893_4255154102652378443_n.jpg?w=640&amp;ssl=1 640w, https:\/\/i0.wp.com\/notabene.world\/nb\/wp-content\/uploads\/2022\/03\/277406035_297592469156893_4255154102652378443_n.jpg?resize=225%2C300&amp;ssl=1 225w\" sizes=\"auto, (max-width: 640px) 100vw, 640px\" \/><\/figure>\n\n\n\n<figure class=\"wp-block-image size-large\"><img data-recalc-dims=\"1\" loading=\"lazy\" decoding=\"async\" width=\"640\" height=\"853\" data-id=\"4757\" src=\"https:\/\/i0.wp.com\/notabene.world\/nb\/wp-content\/uploads\/2022\/03\/277256452_1173986176749351_8273795579258130862_n.jpg?resize=640%2C853&#038;ssl=1\" alt=\"\" class=\"wp-image-4757\" srcset=\"https:\/\/i0.wp.com\/notabene.world\/nb\/wp-content\/uploads\/2022\/03\/277256452_1173986176749351_8273795579258130862_n.jpg?w=640&amp;ssl=1 640w, https:\/\/i0.wp.com\/notabene.world\/nb\/wp-content\/uploads\/2022\/03\/277256452_1173986176749351_8273795579258130862_n.jpg?resize=225%2C300&amp;ssl=1 225w\" sizes=\"auto, (max-width: 640px) 100vw, 640px\" \/><\/figure>\n\n\n\n<figure class=\"wp-block-image size-large\"><img data-recalc-dims=\"1\" loading=\"lazy\" decoding=\"async\" width=\"640\" height=\"853\" data-id=\"4755\" src=\"https:\/\/i0.wp.com\/notabene.world\/nb\/wp-content\/uploads\/2022\/03\/275749699_289435976643396_7036748332456673273_n.jpg?resize=640%2C853&#038;ssl=1\" alt=\"\" class=\"wp-image-4755\" srcset=\"https:\/\/i0.wp.com\/notabene.world\/nb\/wp-content\/uploads\/2022\/03\/275749699_289435976643396_7036748332456673273_n.jpg?w=640&amp;ssl=1 640w, https:\/\/i0.wp.com\/notabene.world\/nb\/wp-content\/uploads\/2022\/03\/275749699_289435976643396_7036748332456673273_n.jpg?resize=225%2C300&amp;ssl=1 225w\" sizes=\"auto, (max-width: 640px) 100vw, 640px\" \/><\/figure>\n\n\n\n<figure class=\"wp-block-image size-large\"><img data-recalc-dims=\"1\" loading=\"lazy\" decoding=\"async\" width=\"640\" height=\"853\" data-id=\"4754\" src=\"https:\/\/i0.wp.com\/notabene.world\/nb\/wp-content\/uploads\/2022\/03\/275692798_434750831786193_6711297379624020956_n.jpg?resize=640%2C853&#038;ssl=1\" alt=\"\" class=\"wp-image-4754\" srcset=\"https:\/\/i0.wp.com\/notabene.world\/nb\/wp-content\/uploads\/2022\/03\/275692798_434750831786193_6711297379624020956_n.jpg?w=640&amp;ssl=1 640w, https:\/\/i0.wp.com\/notabene.world\/nb\/wp-content\/uploads\/2022\/03\/275692798_434750831786193_6711297379624020956_n.jpg?resize=225%2C300&amp;ssl=1 225w\" sizes=\"auto, (max-width: 640px) 100vw, 640px\" \/><\/figure>\n\n\n\n<figure class=\"wp-block-image size-large\"><img data-recalc-dims=\"1\" loading=\"lazy\" decoding=\"async\" width=\"640\" height=\"886\" data-id=\"4756\" src=\"https:\/\/i0.wp.com\/notabene.world\/nb\/wp-content\/uploads\/2022\/03\/277112049_834437097958842_206674145841897869_n.jpg?resize=640%2C886&#038;ssl=1\" alt=\"\" class=\"wp-image-4756\" srcset=\"https:\/\/i0.wp.com\/notabene.world\/nb\/wp-content\/uploads\/2022\/03\/277112049_834437097958842_206674145841897869_n.jpg?w=640&amp;ssl=1 640w, https:\/\/i0.wp.com\/notabene.world\/nb\/wp-content\/uploads\/2022\/03\/277112049_834437097958842_206674145841897869_n.jpg?resize=217%2C300&amp;ssl=1 217w\" sizes=\"auto, (max-width: 640px) 100vw, 640px\" \/><\/figure>\n<\/figure>\n\n\n\n<p>Grafika: #wedon\u2019tdeservetheEarth<\/p>\n\n\n\n<figure class=\"wp-block-image size-full\"><img data-recalc-dims=\"1\" loading=\"lazy\" decoding=\"async\" width=\"800\" height=\"800\" src=\"https:\/\/i0.wp.com\/notabene.world\/nb\/wp-content\/uploads\/2024\/03\/irc-plakat-nb.jpg?resize=800%2C800&#038;ssl=1\" alt=\"\" class=\"wp-image-12607\" srcset=\"https:\/\/i0.wp.com\/notabene.world\/nb\/wp-content\/uploads\/2024\/03\/irc-plakat-nb.jpg?w=1024&amp;ssl=1 1024w, https:\/\/i0.wp.com\/notabene.world\/nb\/wp-content\/uploads\/2024\/03\/irc-plakat-nb.jpg?resize=300%2C300&amp;ssl=1 300w, https:\/\/i0.wp.com\/notabene.world\/nb\/wp-content\/uploads\/2024\/03\/irc-plakat-nb.jpg?resize=150%2C150&amp;ssl=1 150w, https:\/\/i0.wp.com\/notabene.world\/nb\/wp-content\/uploads\/2024\/03\/irc-plakat-nb.jpg?resize=768%2C768&amp;ssl=1 768w\" sizes=\"auto, (max-width: 800px) 100vw, 800px\" \/><\/figure>\n","protected":false},"excerpt":{"rendered":"<p>Obiecane wyja\u015bnienie dlaczego Leon chodzi na smyczy, czasami w kaga\u0144cu, a czasami na lince musi troch\u0119 poczeka\u0107. Kolejne spacery przynios\u0142y sprawy nie cierpi\u0105ce zw\u0142oki do wyja\u015bnienia. W dodatku dotyczy to wszystkich nas, nie tylko psiarzy. Brzmi z\u0142owrogo: WYCINANIE DRZEW I KRZEW\u00d3W.<\/p>\n","protected":false},"author":36,"featured_media":3994,"comment_status":"closed","ping_status":"closed","sticky":false,"template":"","format":"standard","meta":{"colormag_page_container_layout":"no_sidebar_content_centered","colormag_page_sidebar_layout":"no_sidebar","_jetpack_memberships_contains_paid_content":false,"footnotes":"","_links_to":"","_links_to_target":""},"categories":[42,161,150],"tags":[],"class_list":["post-4749","post","type-post","status-publish","format-standard","has-post-thumbnail","hentry","category-felietony","category-kielecki-spacer-leona","category-publicystyka"],"yoast_head":"<!-- This site is optimized with the Yoast SEO plugin v27.4 - https:\/\/yoast.com\/product\/yoast-seo-wordpress\/ -->\n<title>Kielecki spacer Leona - NOTABENE.WORLD<\/title>\n<meta name=\"robots\" content=\"index, follow, max-snippet:-1, max-image-preview:large, max-video-preview:-1\" \/>\n<link rel=\"canonical\" href=\"https:\/\/notabene.world\/nb\/kielecki-spacer-leona-2\/\" \/>\n<meta property=\"og:locale\" content=\"pl_PL\" \/>\n<meta property=\"og:type\" content=\"article\" \/>\n<meta property=\"og:title\" content=\"Kielecki spacer Leona - NOTABENE.WORLD\" \/>\n<meta property=\"og:description\" content=\"Obiecane wyja\u015bnienie dlaczego Leon chodzi na smyczy, czasami w kaga\u0144cu, a czasami na lince musi troch\u0119 poczeka\u0107. Kolejne spacery przynios\u0142y sprawy nie cierpi\u0105ce zw\u0142oki do wyja\u015bnienia. W dodatku dotyczy to wszystkich nas, nie tylko psiarzy. Brzmi z\u0142owrogo: WYCINANIE DRZEW I KRZEW\u00d3W.\" \/>\n<meta property=\"og:url\" content=\"https:\/\/notabene.world\/nb\/kielecki-spacer-leona-2\/\" \/>\n<meta property=\"og:site_name\" content=\"NOTABENE.WORLD\" \/>\n<meta property=\"article:publisher\" content=\"https:\/\/www.facebook.com\/Notabene.World\" \/>\n<meta property=\"article:published_time\" content=\"2022-03-28T05:18:10+00:00\" \/>\n<meta property=\"article:modified_time\" content=\"2024-03-15T03:42:21+00:00\" \/>\n<meta property=\"og:image\" content=\"https:\/\/notabene.world\/nb\/wp-content\/uploads\/2022\/03\/leon.jpg\" \/>\n\t<meta property=\"og:image:width\" content=\"800\" \/>\n\t<meta property=\"og:image:height\" content=\"445\" \/>\n\t<meta property=\"og:image:type\" content=\"image\/jpeg\" \/>\n<meta name=\"author\" content=\"I R C\" \/>\n<meta name=\"twitter:card\" content=\"summary_large_image\" \/>\n<meta name=\"twitter:label1\" content=\"Napisane przez\" \/>\n\t<meta name=\"twitter:data1\" content=\"I R C\" \/>\n\t<meta name=\"twitter:label2\" content=\"Szacowany czas czytania\" \/>\n\t<meta name=\"twitter:data2\" content=\"4 minuty\" \/>\n<script type=\"application\/ld+json\" class=\"yoast-schema-graph\">{\"@context\":\"https:\\\/\\\/schema.org\",\"@graph\":[{\"@type\":\"Article\",\"@id\":\"https:\\\/\\\/notabene.world\\\/nb\\\/kielecki-spacer-leona-2\\\/#article\",\"isPartOf\":{\"@id\":\"https:\\\/\\\/notabene.world\\\/nb\\\/kielecki-spacer-leona-2\\\/\"},\"author\":{\"name\":\"I R C\",\"@id\":\"https:\\\/\\\/notabene.world\\\/nb\\\/#\\\/schema\\\/person\\\/ac70a2aaa7211680d43f77c39f6b6cc6\"},\"headline\":\"Kielecki spacer Leona\",\"datePublished\":\"2022-03-28T05:18:10+00:00\",\"dateModified\":\"2024-03-15T03:42:21+00:00\",\"mainEntityOfPage\":{\"@id\":\"https:\\\/\\\/notabene.world\\\/nb\\\/kielecki-spacer-leona-2\\\/\"},\"wordCount\":532,\"publisher\":{\"@id\":\"https:\\\/\\\/notabene.world\\\/nb\\\/#organization\"},\"image\":{\"@id\":\"https:\\\/\\\/notabene.world\\\/nb\\\/kielecki-spacer-leona-2\\\/#primaryimage\"},\"thumbnailUrl\":\"https:\\\/\\\/i0.wp.com\\\/notabene.world\\\/nb\\\/wp-content\\\/uploads\\\/2022\\\/03\\\/leon.jpg?fit=800%2C445&ssl=1\",\"articleSection\":[\"Felietony\",\"Kielecki Spacer Leona\",\"Publicystyka\"],\"inLanguage\":\"pl-PL\"},{\"@type\":\"WebPage\",\"@id\":\"https:\\\/\\\/notabene.world\\\/nb\\\/kielecki-spacer-leona-2\\\/\",\"url\":\"https:\\\/\\\/notabene.world\\\/nb\\\/kielecki-spacer-leona-2\\\/\",\"name\":\"Kielecki spacer Leona - NOTABENE.WORLD\",\"isPartOf\":{\"@id\":\"https:\\\/\\\/notabene.world\\\/nb\\\/#website\"},\"primaryImageOfPage\":{\"@id\":\"https:\\\/\\\/notabene.world\\\/nb\\\/kielecki-spacer-leona-2\\\/#primaryimage\"},\"image\":{\"@id\":\"https:\\\/\\\/notabene.world\\\/nb\\\/kielecki-spacer-leona-2\\\/#primaryimage\"},\"thumbnailUrl\":\"https:\\\/\\\/i0.wp.com\\\/notabene.world\\\/nb\\\/wp-content\\\/uploads\\\/2022\\\/03\\\/leon.jpg?fit=800%2C445&ssl=1\",\"datePublished\":\"2022-03-28T05:18:10+00:00\",\"dateModified\":\"2024-03-15T03:42:21+00:00\",\"breadcrumb\":{\"@id\":\"https:\\\/\\\/notabene.world\\\/nb\\\/kielecki-spacer-leona-2\\\/#breadcrumb\"},\"inLanguage\":\"pl-PL\",\"potentialAction\":[{\"@type\":\"ReadAction\",\"target\":[\"https:\\\/\\\/notabene.world\\\/nb\\\/kielecki-spacer-leona-2\\\/\"]}]},{\"@type\":\"ImageObject\",\"inLanguage\":\"pl-PL\",\"@id\":\"https:\\\/\\\/notabene.world\\\/nb\\\/kielecki-spacer-leona-2\\\/#primaryimage\",\"url\":\"https:\\\/\\\/i0.wp.com\\\/notabene.world\\\/nb\\\/wp-content\\\/uploads\\\/2022\\\/03\\\/leon.jpg?fit=800%2C445&ssl=1\",\"contentUrl\":\"https:\\\/\\\/i0.wp.com\\\/notabene.world\\\/nb\\\/wp-content\\\/uploads\\\/2022\\\/03\\\/leon.jpg?fit=800%2C445&ssl=1\",\"width\":800,\"height\":445},{\"@type\":\"BreadcrumbList\",\"@id\":\"https:\\\/\\\/notabene.world\\\/nb\\\/kielecki-spacer-leona-2\\\/#breadcrumb\",\"itemListElement\":[{\"@type\":\"ListItem\",\"position\":1,\"name\":\"Home\",\"item\":\"https:\\\/\\\/notabene.world\\\/nb\\\/\"},{\"@type\":\"ListItem\",\"position\":2,\"name\":\"Kielecki spacer Leona\"}]},{\"@type\":\"WebSite\",\"@id\":\"https:\\\/\\\/notabene.world\\\/nb\\\/#website\",\"url\":\"https:\\\/\\\/notabene.world\\\/nb\\\/\",\"name\":\"NOTABENE.WORLD\",\"description\":\"Przekaz. Warto\u015bci. Wsp\u00f3lnota.\",\"publisher\":{\"@id\":\"https:\\\/\\\/notabene.world\\\/nb\\\/#organization\"},\"potentialAction\":[{\"@type\":\"SearchAction\",\"target\":{\"@type\":\"EntryPoint\",\"urlTemplate\":\"https:\\\/\\\/notabene.world\\\/nb\\\/?s={search_term_string}\"},\"query-input\":{\"@type\":\"PropertyValueSpecification\",\"valueRequired\":true,\"valueName\":\"search_term_string\"}}],\"inLanguage\":\"pl-PL\"},{\"@type\":\"Organization\",\"@id\":\"https:\\\/\\\/notabene.world\\\/nb\\\/#organization\",\"name\":\"NOTABENE.WORLD\",\"url\":\"https:\\\/\\\/notabene.world\\\/nb\\\/\",\"logo\":{\"@type\":\"ImageObject\",\"inLanguage\":\"pl-PL\",\"@id\":\"https:\\\/\\\/notabene.world\\\/nb\\\/#\\\/schema\\\/logo\\\/image\\\/\",\"url\":\"https:\\\/\\\/notabene.world\\\/nb\\\/wp-content\\\/uploads\\\/2022\\\/01\\\/NB-club-start-www1.jpg\",\"contentUrl\":\"https:\\\/\\\/notabene.world\\\/nb\\\/wp-content\\\/uploads\\\/2022\\\/01\\\/NB-club-start-www1.jpg\",\"width\":1000,\"height\":839,\"caption\":\"NOTABENE.WORLD\"},\"image\":{\"@id\":\"https:\\\/\\\/notabene.world\\\/nb\\\/#\\\/schema\\\/logo\\\/image\\\/\"},\"sameAs\":[\"https:\\\/\\\/www.facebook.com\\\/Notabene.World\"]},{\"@type\":\"Person\",\"@id\":\"https:\\\/\\\/notabene.world\\\/nb\\\/#\\\/schema\\\/person\\\/ac70a2aaa7211680d43f77c39f6b6cc6\",\"name\":\"I R C\",\"image\":{\"@type\":\"ImageObject\",\"inLanguage\":\"pl-PL\",\"@id\":\"https:\\\/\\\/secure.gravatar.com\\\/avatar\\\/fe2825cf9f743227fcf297d0160324b27a850abef445f5fbfb0296cb18d5d169?s=96&d=mm&r=g\",\"url\":\"https:\\\/\\\/secure.gravatar.com\\\/avatar\\\/fe2825cf9f743227fcf297d0160324b27a850abef445f5fbfb0296cb18d5d169?s=96&d=mm&r=g\",\"contentUrl\":\"https:\\\/\\\/secure.gravatar.com\\\/avatar\\\/fe2825cf9f743227fcf297d0160324b27a850abef445f5fbfb0296cb18d5d169?s=96&d=mm&r=g\",\"caption\":\"I R C\"},\"url\":\"https:\\\/\\\/notabene.world\\\/nb\\\/author\\\/in-r\\\/\"}]}<\/script>\n<!-- \/ Yoast SEO plugin. -->","yoast_head_json":{"title":"Kielecki spacer Leona - NOTABENE.WORLD","robots":{"index":"index","follow":"follow","max-snippet":"max-snippet:-1","max-image-preview":"max-image-preview:large","max-video-preview":"max-video-preview:-1"},"canonical":"https:\/\/notabene.world\/nb\/kielecki-spacer-leona-2\/","og_locale":"pl_PL","og_type":"article","og_title":"Kielecki spacer Leona - NOTABENE.WORLD","og_description":"Obiecane wyja\u015bnienie dlaczego Leon chodzi na smyczy, czasami w kaga\u0144cu, a czasami na lince musi troch\u0119 poczeka\u0107. Kolejne spacery przynios\u0142y sprawy nie cierpi\u0105ce zw\u0142oki do wyja\u015bnienia. W dodatku dotyczy to wszystkich nas, nie tylko psiarzy. Brzmi z\u0142owrogo: WYCINANIE DRZEW I KRZEW\u00d3W.","og_url":"https:\/\/notabene.world\/nb\/kielecki-spacer-leona-2\/","og_site_name":"NOTABENE.WORLD","article_publisher":"https:\/\/www.facebook.com\/Notabene.World","article_published_time":"2022-03-28T05:18:10+00:00","article_modified_time":"2024-03-15T03:42:21+00:00","og_image":[{"width":800,"height":445,"url":"https:\/\/notabene.world\/nb\/wp-content\/uploads\/2022\/03\/leon.jpg","type":"image\/jpeg"}],"author":"I R C","twitter_card":"summary_large_image","twitter_misc":{"Napisane przez":"I R C","Szacowany czas czytania":"4 minuty"},"schema":{"@context":"https:\/\/schema.org","@graph":[{"@type":"Article","@id":"https:\/\/notabene.world\/nb\/kielecki-spacer-leona-2\/#article","isPartOf":{"@id":"https:\/\/notabene.world\/nb\/kielecki-spacer-leona-2\/"},"author":{"name":"I R C","@id":"https:\/\/notabene.world\/nb\/#\/schema\/person\/ac70a2aaa7211680d43f77c39f6b6cc6"},"headline":"Kielecki spacer Leona","datePublished":"2022-03-28T05:18:10+00:00","dateModified":"2024-03-15T03:42:21+00:00","mainEntityOfPage":{"@id":"https:\/\/notabene.world\/nb\/kielecki-spacer-leona-2\/"},"wordCount":532,"publisher":{"@id":"https:\/\/notabene.world\/nb\/#organization"},"image":{"@id":"https:\/\/notabene.world\/nb\/kielecki-spacer-leona-2\/#primaryimage"},"thumbnailUrl":"https:\/\/i0.wp.com\/notabene.world\/nb\/wp-content\/uploads\/2022\/03\/leon.jpg?fit=800%2C445&ssl=1","articleSection":["Felietony","Kielecki Spacer Leona","Publicystyka"],"inLanguage":"pl-PL"},{"@type":"WebPage","@id":"https:\/\/notabene.world\/nb\/kielecki-spacer-leona-2\/","url":"https:\/\/notabene.world\/nb\/kielecki-spacer-leona-2\/","name":"Kielecki spacer Leona - NOTABENE.WORLD","isPartOf":{"@id":"https:\/\/notabene.world\/nb\/#website"},"primaryImageOfPage":{"@id":"https:\/\/notabene.world\/nb\/kielecki-spacer-leona-2\/#primaryimage"},"image":{"@id":"https:\/\/notabene.world\/nb\/kielecki-spacer-leona-2\/#primaryimage"},"thumbnailUrl":"https:\/\/i0.wp.com\/notabene.world\/nb\/wp-content\/uploads\/2022\/03\/leon.jpg?fit=800%2C445&ssl=1","datePublished":"2022-03-28T05:18:10+00:00","dateModified":"2024-03-15T03:42:21+00:00","breadcrumb":{"@id":"https:\/\/notabene.world\/nb\/kielecki-spacer-leona-2\/#breadcrumb"},"inLanguage":"pl-PL","potentialAction":[{"@type":"ReadAction","target":["https:\/\/notabene.world\/nb\/kielecki-spacer-leona-2\/"]}]},{"@type":"ImageObject","inLanguage":"pl-PL","@id":"https:\/\/notabene.world\/nb\/kielecki-spacer-leona-2\/#primaryimage","url":"https:\/\/i0.wp.com\/notabene.world\/nb\/wp-content\/uploads\/2022\/03\/leon.jpg?fit=800%2C445&ssl=1","contentUrl":"https:\/\/i0.wp.com\/notabene.world\/nb\/wp-content\/uploads\/2022\/03\/leon.jpg?fit=800%2C445&ssl=1","width":800,"height":445},{"@type":"BreadcrumbList","@id":"https:\/\/notabene.world\/nb\/kielecki-spacer-leona-2\/#breadcrumb","itemListElement":[{"@type":"ListItem","position":1,"name":"Home","item":"https:\/\/notabene.world\/nb\/"},{"@type":"ListItem","position":2,"name":"Kielecki spacer Leona"}]},{"@type":"WebSite","@id":"https:\/\/notabene.world\/nb\/#website","url":"https:\/\/notabene.world\/nb\/","name":"NOTABENE.WORLD","description":"Przekaz. Warto\u015bci. Wsp\u00f3lnota.","publisher":{"@id":"https:\/\/notabene.world\/nb\/#organization"},"potentialAction":[{"@type":"SearchAction","target":{"@type":"EntryPoint","urlTemplate":"https:\/\/notabene.world\/nb\/?s={search_term_string}"},"query-input":{"@type":"PropertyValueSpecification","valueRequired":true,"valueName":"search_term_string"}}],"inLanguage":"pl-PL"},{"@type":"Organization","@id":"https:\/\/notabene.world\/nb\/#organization","name":"NOTABENE.WORLD","url":"https:\/\/notabene.world\/nb\/","logo":{"@type":"ImageObject","inLanguage":"pl-PL","@id":"https:\/\/notabene.world\/nb\/#\/schema\/logo\/image\/","url":"https:\/\/notabene.world\/nb\/wp-content\/uploads\/2022\/01\/NB-club-start-www1.jpg","contentUrl":"https:\/\/notabene.world\/nb\/wp-content\/uploads\/2022\/01\/NB-club-start-www1.jpg","width":1000,"height":839,"caption":"NOTABENE.WORLD"},"image":{"@id":"https:\/\/notabene.world\/nb\/#\/schema\/logo\/image\/"},"sameAs":["https:\/\/www.facebook.com\/Notabene.World"]},{"@type":"Person","@id":"https:\/\/notabene.world\/nb\/#\/schema\/person\/ac70a2aaa7211680d43f77c39f6b6cc6","name":"I R C","image":{"@type":"ImageObject","inLanguage":"pl-PL","@id":"https:\/\/secure.gravatar.com\/avatar\/fe2825cf9f743227fcf297d0160324b27a850abef445f5fbfb0296cb18d5d169?s=96&d=mm&r=g","url":"https:\/\/secure.gravatar.com\/avatar\/fe2825cf9f743227fcf297d0160324b27a850abef445f5fbfb0296cb18d5d169?s=96&d=mm&r=g","contentUrl":"https:\/\/secure.gravatar.com\/avatar\/fe2825cf9f743227fcf297d0160324b27a850abef445f5fbfb0296cb18d5d169?s=96&d=mm&r=g","caption":"I R C"},"url":"https:\/\/notabene.world\/nb\/author\/in-r\/"}]}},"jetpack_featured_media_url":"https:\/\/i0.wp.com\/notabene.world\/nb\/wp-content\/uploads\/2022\/03\/leon.jpg?fit=800%2C445&ssl=1","jetpack_sharing_enabled":true,"jetpack_shortlink":"https:\/\/wp.me\/pdCobN-1eB","_links":{"self":[{"href":"https:\/\/notabene.world\/nb\/wp-json\/wp\/v2\/posts\/4749","targetHints":{"allow":["GET"]}}],"collection":[{"href":"https:\/\/notabene.world\/nb\/wp-json\/wp\/v2\/posts"}],"about":[{"href":"https:\/\/notabene.world\/nb\/wp-json\/wp\/v2\/types\/post"}],"author":[{"embeddable":true,"href":"https:\/\/notabene.world\/nb\/wp-json\/wp\/v2\/users\/36"}],"replies":[{"embeddable":true,"href":"https:\/\/notabene.world\/nb\/wp-json\/wp\/v2\/comments?post=4749"}],"version-history":[{"count":5,"href":"https:\/\/notabene.world\/nb\/wp-json\/wp\/v2\/posts\/4749\/revisions"}],"predecessor-version":[{"id":12617,"href":"https:\/\/notabene.world\/nb\/wp-json\/wp\/v2\/posts\/4749\/revisions\/12617"}],"wp:featuredmedia":[{"embeddable":true,"href":"https:\/\/notabene.world\/nb\/wp-json\/wp\/v2\/media\/3994"}],"wp:attachment":[{"href":"https:\/\/notabene.world\/nb\/wp-json\/wp\/v2\/media?parent=4749"}],"wp:term":[{"taxonomy":"category","embeddable":true,"href":"https:\/\/notabene.world\/nb\/wp-json\/wp\/v2\/categories?post=4749"},{"taxonomy":"post_tag","embeddable":true,"href":"https:\/\/notabene.world\/nb\/wp-json\/wp\/v2\/tags?post=4749"}],"curies":[{"name":"wp","href":"https:\/\/api.w.org\/{rel}","templated":true}]}}