{"id":4768,"date":"2025-07-21T21:13:07","date_gmt":"2025-07-21T19:13:07","guid":{"rendered":"https:\/\/notabene.world\/nb\/?p=4768"},"modified":"2025-07-23T16:03:23","modified_gmt":"2025-07-23T14:03:23","slug":"od-ody-do-ody-2025","status":"publish","type":"post","link":"https:\/\/notabene.world\/nb\/od-ody-do-ody-2025\/","title":{"rendered":"Carpe diem: Od ody do ody"},"content":{"rendered":"\n<p class=\"has-text-align-right\"><em>Czytajcie i patrzcie w morze, a b\u0119dzie Wam dane<\/em><\/p>\n\n\n\n<p>W lipcu 2014 roku niespodziewanie znalaz\u0142em si\u0119 w Urugwaju. Z okien restauracji&nbsp;<em>El viejo y el mar (Stary cz\u0142owiek i morze)&nbsp;<\/em>w Montevideo w ch\u0142odne lipcowe p\u00f3\u017ane popo\u0142udnie \u015bwiat wygl\u0105da inaczej. Pierwszy w\u0142a\u015bciciel by\u0142 podobno zaprzyja\u017aniony z Ernestem Hemingwayem i st\u0105d wzi\u0119\u0142a si\u0119 nazwa miejsca, po\u0142o\u017conego dok\u0142adnie u uj\u015bcia Rio de La Plata do po\u0142udniowego Atlantyku.<\/p>\n\n\n\n<p>Wpatruj\u0119 si\u0119 we wzburzone fale nieopodal i ws\u0142uchuj\u0119 si\u0119 w ich szum\u2026 Nie jestem pewien, jakiego dok\u0142adnie marlina (mo\u017ce pasiastego?) z\u0142owi\u0142 Santiago z pe\u0142nego alegorii opowiadania Hemingwaya. Wiadomo, \u017ce by\u0142a to Wielka Ryba z\u0142owiona przez Starego Rybaka po kilkudziesi\u0119ciu nieszcz\u0119\u015bliwych dniach bezowocnej pracy na morzu. <\/p>\n\n\n\n<p>Mimo przeciwno\u015bci stary Santiago walczy, wierz\u0105c \u017ce w ko\u0144cu co\u015b z\u0142owi. Santiago nie poddaje si\u0119 i dlatego zwyci\u0119\u017ca. Wierzy, \u017ce jako cz\u0142owieka fizycznie mo\u017cna go zniszczy\u0107, jednak\u017ce nie mo\u017cna pokona\u0107 jego ducha i woli przetrwania. Ratuje go metafizyka. Po prostu. Gdyby opowie\u015b\u0107 Hemingwaya napisa\u0107 wierszem, musia\u0142aby mie\u0107 form\u0119 ody. By\u0142aby to&nbsp;<em>Oda o pot\u0119dze ludzkiego ducha<\/em>.<\/p>\n\n\n\n<p>W niedzielne popo\u0142udnie lipca 2025 roku siedz\u0119 w kieleckiej kawiarence <em>Ma\u0142a rozkosz, <\/em>kt\u00f3ra powinna si\u0119 w\u0142a\u015bciwie nazywa\u0107 <em>Carpe diem (Chwytaj dzie\u0144).<\/em> Za oknem co prawda nie ma Atlantyku, ale t\u0119tni\u0105ca \u017cyciem \u015bwi\u0119tokrzyska stolica mojej ma\u0142ej ojczyzny. Dzie\u0144 jest ciep\u0142y i s\u0142oneczny, wi\u0119c go chwytam: fizycznie, lirycznie i metafizycznie.<\/p>\n\n\n\n<p>Pisz\u0119 <em>Od\u0119 \u015bwi\u0119tokrzysk\u0105?<\/em>  Raczej nie. Wszystkie ody zosta\u0142y ju\u017c dawno napisane. <em>Oda do m\u0142odo\u015bci, Oda do zdrowia, Oda do wolno\u015bci, Oda do rado\u015bci\u2026\u00a0<\/em>&#8211; ta ostatnia wy\u015bpiewywana dono\u015bnie i po wielekro\u0107, i w wielu wersjach j\u0119zykowych. A\u017c trudno uwierzy\u0107, \u017ce wojna tak blisko, wi\u0119c mimo wszystko&#8230; chwytajmy dzie\u0144. Jutro albo pojutrze musi by\u0107 lepiej. <em>Oda carpe diem.<\/em><\/p>\n\n\n\n<figure class=\"wp-block-gallery has-nested-images columns-default is-cropped wp-block-gallery-1 is-layout-flex wp-block-gallery-is-layout-flex\">\n<figure class=\"wp-block-image size-large\"><img data-recalc-dims=\"1\" loading=\"lazy\" decoding=\"async\" width=\"800\" height=\"445\" data-id=\"15947\" src=\"https:\/\/i0.wp.com\/notabene.world\/nb\/wp-content\/uploads\/2024\/05\/cadi.jpg?resize=800%2C445&#038;ssl=1\" alt=\"\" class=\"wp-image-15947\" srcset=\"https:\/\/i0.wp.com\/notabene.world\/nb\/wp-content\/uploads\/2024\/05\/cadi.jpg?w=800&amp;ssl=1 800w, https:\/\/i0.wp.com\/notabene.world\/nb\/wp-content\/uploads\/2024\/05\/cadi.jpg?resize=300%2C167&amp;ssl=1 300w, https:\/\/i0.wp.com\/notabene.world\/nb\/wp-content\/uploads\/2024\/05\/cadi.jpg?resize=768%2C427&amp;ssl=1 768w\" sizes=\"auto, (max-width: 800px) 100vw, 800px\" \/><\/figure>\n<\/figure>\n","protected":false},"excerpt":{"rendered":"<p>W lipcu 2014 roku niespodziewanie znalaz\u0142em si\u0119 w Urugwaju. Z okien restauracji\u00a0El viejo y el mar (Stary cz\u0142owiek i morze)\u00a0w Montevideo w ch\u0142odne lipcowe p\u00f3\u017ane popo\u0142udnie \u015bwiat wygl\u0105da inaczej. Pierwszy w\u0142a\u015bciciel by\u0142 podobno zaprzyja\u017aniony z Ernestem Hemingwayem i st\u0105d wzi\u0119\u0142a si\u0119 nazwa miejsca, po\u0142o\u017conego dok\u0142adnie u uj\u015bcia Rio de La Plata do po\u0142udniowego Atlantyku.<br \/>\n<br \/>\nWpatruj\u0119 si\u0119 we wzburzone fale nieopodal i ws\u0142uchuj\u0119 si\u0119 w ich szum\u2026 Nie jestem pewien, jakiego dok\u0142adnie marlina (mo\u017ce pasiastego?) z\u0142owi\u0142 Santiago z pe\u0142nego alegorii opowiadania Hemingwaya. Wiadomo, \u017ce by\u0142a to Wielka Ryba z\u0142owiona przez Starego Rybaka po kilkudziesi\u0119ciu nieszcz\u0119\u015bliwych dniach bezowocnej pracy na morzu.<br \/>\n<br \/>\nMimo przeciwno\u015bci stary Santiago walczy, wierz\u0105c \u017ce w ko\u0144cu co\u015b z\u0142owi. Santiago nie poddaje si\u0119 i dlatego zwyci\u0119\u017ca. Wierzy, \u017ce jako cz\u0142owieka fizycznie mo\u017cna go zniszczy\u0107, jednak\u017ce nie mo\u017cna pokona\u0107 jego ducha i woli przetrwania. Ratuje go metafizyka. Po prostu. Gdyby opowie\u015b\u0107 Hemingwaya napisa\u0107 wierszem, musia\u0142aby mie\u0107 form\u0119 ody. By\u0142aby to\u00a0Oda o pot\u0119dze ludzkiego ducha.<\/p>\n","protected":false},"author":1,"featured_media":15949,"comment_status":"closed","ping_status":"closed","sticky":false,"template":"","format":"standard","meta":{"colormag_page_container_layout":"no_sidebar_content_centered","colormag_page_sidebar_layout":"no_sidebar","_jetpack_memberships_contains_paid_content":false,"footnotes":"","_links_to":"","_links_to_target":""},"categories":[64,42,48],"tags":[],"class_list":["post-4768","post","type-post","status-publish","format-standard","has-post-thumbnail","hentry","category-aktualnosci","category-felietony","category-wiecej-swiatla"],"yoast_head":"<!-- This site is optimized with the Yoast SEO plugin v27.4 - https:\/\/yoast.com\/product\/yoast-seo-wordpress\/ -->\n<title>Carpe diem: Od ody do ody - NOTABENE.WORLD<\/title>\n<meta name=\"robots\" content=\"index, follow, max-snippet:-1, max-image-preview:large, max-video-preview:-1\" \/>\n<link rel=\"canonical\" href=\"https:\/\/notabene.world\/nb\/od-ody-do-ody-2025\/\" \/>\n<meta property=\"og:locale\" content=\"pl_PL\" \/>\n<meta property=\"og:type\" content=\"article\" \/>\n<meta property=\"og:title\" content=\"Carpe diem: Od ody do ody - NOTABENE.WORLD\" \/>\n<meta property=\"og:description\" content=\"W lipcu 2014 roku niespodziewanie znalaz\u0142em si\u0119 w Urugwaju. Z okien restauracji\u00a0El viejo y el mar (Stary cz\u0142owiek i morze)\u00a0w Montevideo w ch\u0142odne lipcowe p\u00f3\u017ane popo\u0142udnie \u015bwiat wygl\u0105da inaczej. Pierwszy w\u0142a\u015bciciel by\u0142 podobno zaprzyja\u017aniony z Ernestem Hemingwayem i st\u0105d wzi\u0119\u0142a si\u0119 nazwa miejsca, po\u0142o\u017conego dok\u0142adnie u uj\u015bcia Rio de La Plata do po\u0142udniowego Atlantyku. Wpatruj\u0119 si\u0119 we wzburzone fale nieopodal i ws\u0142uchuj\u0119 si\u0119 w ich szum\u2026 Nie jestem pewien, jakiego dok\u0142adnie marlina (mo\u017ce pasiastego?) z\u0142owi\u0142 Santiago z pe\u0142nego alegorii opowiadania Hemingwaya. Wiadomo, \u017ce by\u0142a to Wielka Ryba z\u0142owiona przez Starego Rybaka po kilkudziesi\u0119ciu nieszcz\u0119\u015bliwych dniach bezowocnej pracy na morzu.  Mimo przeciwno\u015bci stary Santiago walczy, wierz\u0105c \u017ce w ko\u0144cu co\u015b z\u0142owi. Santiago nie poddaje si\u0119 i dlatego zwyci\u0119\u017ca. Wierzy, \u017ce jako cz\u0142owieka fizycznie mo\u017cna go zniszczy\u0107, jednak\u017ce nie mo\u017cna pokona\u0107 jego ducha i woli przetrwania. Ratuje go metafizyka. Po prostu. Gdyby opowie\u015b\u0107 Hemingwaya napisa\u0107 wierszem, musia\u0142aby mie\u0107 form\u0119 ody. By\u0142aby to\u00a0Oda o pot\u0119dze ludzkiego ducha.\" \/>\n<meta property=\"og:url\" content=\"https:\/\/notabene.world\/nb\/od-ody-do-ody-2025\/\" \/>\n<meta property=\"og:site_name\" content=\"NOTABENE.WORLD\" \/>\n<meta property=\"article:publisher\" content=\"https:\/\/www.facebook.com\/Notabene.World\" \/>\n<meta property=\"article:published_time\" content=\"2025-07-21T19:13:07+00:00\" \/>\n<meta property=\"article:modified_time\" content=\"2025-07-23T14:03:23+00:00\" \/>\n<meta property=\"og:image\" content=\"https:\/\/notabene.world\/nb\/wp-content\/uploads\/2025\/07\/cd1.jpg\" \/>\n\t<meta property=\"og:image:width\" content=\"800\" \/>\n\t<meta property=\"og:image:height\" content=\"445\" \/>\n\t<meta property=\"og:image:type\" content=\"image\/jpeg\" \/>\n<meta name=\"author\" content=\"C vel K\" \/>\n<meta name=\"twitter:card\" content=\"summary_large_image\" \/>\n<meta name=\"twitter:label1\" content=\"Napisane przez\" \/>\n\t<meta name=\"twitter:data1\" content=\"C vel K\" \/>\n\t<meta name=\"twitter:label2\" content=\"Szacowany czas czytania\" \/>\n\t<meta name=\"twitter:data2\" content=\"2 minuty\" \/>\n<script type=\"application\/ld+json\" class=\"yoast-schema-graph\">{\"@context\":\"https:\\\/\\\/schema.org\",\"@graph\":[{\"@type\":\"Article\",\"@id\":\"https:\\\/\\\/notabene.world\\\/nb\\\/od-ody-do-ody-2025\\\/#article\",\"isPartOf\":{\"@id\":\"https:\\\/\\\/notabene.world\\\/nb\\\/od-ody-do-ody-2025\\\/\"},\"author\":{\"name\":\"C vel K\",\"@id\":\"https:\\\/\\\/notabene.world\\\/nb\\\/#\\\/schema\\\/person\\\/2227ed509f9261e544f6078919e1981d\"},\"headline\":\"Carpe diem: Od ody do ody\",\"datePublished\":\"2025-07-21T19:13:07+00:00\",\"dateModified\":\"2025-07-23T14:03:23+00:00\",\"mainEntityOfPage\":{\"@id\":\"https:\\\/\\\/notabene.world\\\/nb\\\/od-ody-do-ody-2025\\\/\"},\"wordCount\":338,\"publisher\":{\"@id\":\"https:\\\/\\\/notabene.world\\\/nb\\\/#organization\"},\"image\":{\"@id\":\"https:\\\/\\\/notabene.world\\\/nb\\\/od-ody-do-ody-2025\\\/#primaryimage\"},\"thumbnailUrl\":\"https:\\\/\\\/i0.wp.com\\\/notabene.world\\\/nb\\\/wp-content\\\/uploads\\\/2025\\\/07\\\/cd1.jpg?fit=800%2C445&ssl=1\",\"articleSection\":[\"Aktualno\u015bci\",\"Felietony\",\"WI\u0118CEJ \u015aWIAT(\u0141)A\"],\"inLanguage\":\"pl-PL\"},{\"@type\":\"WebPage\",\"@id\":\"https:\\\/\\\/notabene.world\\\/nb\\\/od-ody-do-ody-2025\\\/\",\"url\":\"https:\\\/\\\/notabene.world\\\/nb\\\/od-ody-do-ody-2025\\\/\",\"name\":\"Carpe diem: Od ody do ody - NOTABENE.WORLD\",\"isPartOf\":{\"@id\":\"https:\\\/\\\/notabene.world\\\/nb\\\/#website\"},\"primaryImageOfPage\":{\"@id\":\"https:\\\/\\\/notabene.world\\\/nb\\\/od-ody-do-ody-2025\\\/#primaryimage\"},\"image\":{\"@id\":\"https:\\\/\\\/notabene.world\\\/nb\\\/od-ody-do-ody-2025\\\/#primaryimage\"},\"thumbnailUrl\":\"https:\\\/\\\/i0.wp.com\\\/notabene.world\\\/nb\\\/wp-content\\\/uploads\\\/2025\\\/07\\\/cd1.jpg?fit=800%2C445&ssl=1\",\"datePublished\":\"2025-07-21T19:13:07+00:00\",\"dateModified\":\"2025-07-23T14:03:23+00:00\",\"breadcrumb\":{\"@id\":\"https:\\\/\\\/notabene.world\\\/nb\\\/od-ody-do-ody-2025\\\/#breadcrumb\"},\"inLanguage\":\"pl-PL\",\"potentialAction\":[{\"@type\":\"ReadAction\",\"target\":[\"https:\\\/\\\/notabene.world\\\/nb\\\/od-ody-do-ody-2025\\\/\"]}]},{\"@type\":\"ImageObject\",\"inLanguage\":\"pl-PL\",\"@id\":\"https:\\\/\\\/notabene.world\\\/nb\\\/od-ody-do-ody-2025\\\/#primaryimage\",\"url\":\"https:\\\/\\\/i0.wp.com\\\/notabene.world\\\/nb\\\/wp-content\\\/uploads\\\/2025\\\/07\\\/cd1.jpg?fit=800%2C445&ssl=1\",\"contentUrl\":\"https:\\\/\\\/i0.wp.com\\\/notabene.world\\\/nb\\\/wp-content\\\/uploads\\\/2025\\\/07\\\/cd1.jpg?fit=800%2C445&ssl=1\",\"width\":800,\"height\":445},{\"@type\":\"BreadcrumbList\",\"@id\":\"https:\\\/\\\/notabene.world\\\/nb\\\/od-ody-do-ody-2025\\\/#breadcrumb\",\"itemListElement\":[{\"@type\":\"ListItem\",\"position\":1,\"name\":\"Home\",\"item\":\"https:\\\/\\\/notabene.world\\\/nb\\\/\"},{\"@type\":\"ListItem\",\"position\":2,\"name\":\"Carpe diem: Od ody do ody\"}]},{\"@type\":\"WebSite\",\"@id\":\"https:\\\/\\\/notabene.world\\\/nb\\\/#website\",\"url\":\"https:\\\/\\\/notabene.world\\\/nb\\\/\",\"name\":\"NOTABENE.WORLD\",\"description\":\"Przekaz. Warto\u015bci. Wsp\u00f3lnota.\",\"publisher\":{\"@id\":\"https:\\\/\\\/notabene.world\\\/nb\\\/#organization\"},\"potentialAction\":[{\"@type\":\"SearchAction\",\"target\":{\"@type\":\"EntryPoint\",\"urlTemplate\":\"https:\\\/\\\/notabene.world\\\/nb\\\/?s={search_term_string}\"},\"query-input\":{\"@type\":\"PropertyValueSpecification\",\"valueRequired\":true,\"valueName\":\"search_term_string\"}}],\"inLanguage\":\"pl-PL\"},{\"@type\":\"Organization\",\"@id\":\"https:\\\/\\\/notabene.world\\\/nb\\\/#organization\",\"name\":\"NOTABENE.WORLD\",\"url\":\"https:\\\/\\\/notabene.world\\\/nb\\\/\",\"logo\":{\"@type\":\"ImageObject\",\"inLanguage\":\"pl-PL\",\"@id\":\"https:\\\/\\\/notabene.world\\\/nb\\\/#\\\/schema\\\/logo\\\/image\\\/\",\"url\":\"https:\\\/\\\/notabene.world\\\/nb\\\/wp-content\\\/uploads\\\/2022\\\/01\\\/NB-club-start-www1.jpg\",\"contentUrl\":\"https:\\\/\\\/notabene.world\\\/nb\\\/wp-content\\\/uploads\\\/2022\\\/01\\\/NB-club-start-www1.jpg\",\"width\":1000,\"height\":839,\"caption\":\"NOTABENE.WORLD\"},\"image\":{\"@id\":\"https:\\\/\\\/notabene.world\\\/nb\\\/#\\\/schema\\\/logo\\\/image\\\/\"},\"sameAs\":[\"https:\\\/\\\/www.facebook.com\\\/Notabene.World\"]},{\"@type\":\"Person\",\"@id\":\"https:\\\/\\\/notabene.world\\\/nb\\\/#\\\/schema\\\/person\\\/2227ed509f9261e544f6078919e1981d\",\"name\":\"C vel K\",\"image\":{\"@type\":\"ImageObject\",\"inLanguage\":\"pl-PL\",\"@id\":\"https:\\\/\\\/secure.gravatar.com\\\/avatar\\\/da4181237ddf77c667487dd66af5231faaf45fbcb0774d7a408f868da56bf04c?s=96&d=mm&r=g\",\"url\":\"https:\\\/\\\/secure.gravatar.com\\\/avatar\\\/da4181237ddf77c667487dd66af5231faaf45fbcb0774d7a408f868da56bf04c?s=96&d=mm&r=g\",\"contentUrl\":\"https:\\\/\\\/secure.gravatar.com\\\/avatar\\\/da4181237ddf77c667487dd66af5231faaf45fbcb0774d7a408f868da56bf04c?s=96&d=mm&r=g\",\"caption\":\"C vel K\"},\"url\":\"https:\\\/\\\/notabene.world\\\/nb\\\/author\\\/kcedro\\\/\"}]}<\/script>\n<!-- \/ Yoast SEO plugin. -->","yoast_head_json":{"title":"Carpe diem: Od ody do ody - NOTABENE.WORLD","robots":{"index":"index","follow":"follow","max-snippet":"max-snippet:-1","max-image-preview":"max-image-preview:large","max-video-preview":"max-video-preview:-1"},"canonical":"https:\/\/notabene.world\/nb\/od-ody-do-ody-2025\/","og_locale":"pl_PL","og_type":"article","og_title":"Carpe diem: Od ody do ody - NOTABENE.WORLD","og_description":"W lipcu 2014 roku niespodziewanie znalaz\u0142em si\u0119 w Urugwaju. Z okien restauracji\u00a0El viejo y el mar (Stary cz\u0142owiek i morze)\u00a0w Montevideo w ch\u0142odne lipcowe p\u00f3\u017ane popo\u0142udnie \u015bwiat wygl\u0105da inaczej. Pierwszy w\u0142a\u015bciciel by\u0142 podobno zaprzyja\u017aniony z Ernestem Hemingwayem i st\u0105d wzi\u0119\u0142a si\u0119 nazwa miejsca, po\u0142o\u017conego dok\u0142adnie u uj\u015bcia Rio de La Plata do po\u0142udniowego Atlantyku. Wpatruj\u0119 si\u0119 we wzburzone fale nieopodal i ws\u0142uchuj\u0119 si\u0119 w ich szum\u2026 Nie jestem pewien, jakiego dok\u0142adnie marlina (mo\u017ce pasiastego?) z\u0142owi\u0142 Santiago z pe\u0142nego alegorii opowiadania Hemingwaya. Wiadomo, \u017ce by\u0142a to Wielka Ryba z\u0142owiona przez Starego Rybaka po kilkudziesi\u0119ciu nieszcz\u0119\u015bliwych dniach bezowocnej pracy na morzu.  Mimo przeciwno\u015bci stary Santiago walczy, wierz\u0105c \u017ce w ko\u0144cu co\u015b z\u0142owi. Santiago nie poddaje si\u0119 i dlatego zwyci\u0119\u017ca. Wierzy, \u017ce jako cz\u0142owieka fizycznie mo\u017cna go zniszczy\u0107, jednak\u017ce nie mo\u017cna pokona\u0107 jego ducha i woli przetrwania. Ratuje go metafizyka. Po prostu. Gdyby opowie\u015b\u0107 Hemingwaya napisa\u0107 wierszem, musia\u0142aby mie\u0107 form\u0119 ody. By\u0142aby to\u00a0Oda o pot\u0119dze ludzkiego ducha.","og_url":"https:\/\/notabene.world\/nb\/od-ody-do-ody-2025\/","og_site_name":"NOTABENE.WORLD","article_publisher":"https:\/\/www.facebook.com\/Notabene.World","article_published_time":"2025-07-21T19:13:07+00:00","article_modified_time":"2025-07-23T14:03:23+00:00","og_image":[{"width":800,"height":445,"url":"https:\/\/notabene.world\/nb\/wp-content\/uploads\/2025\/07\/cd1.jpg","type":"image\/jpeg"}],"author":"C vel K","twitter_card":"summary_large_image","twitter_misc":{"Napisane przez":"C vel K","Szacowany czas czytania":"2 minuty"},"schema":{"@context":"https:\/\/schema.org","@graph":[{"@type":"Article","@id":"https:\/\/notabene.world\/nb\/od-ody-do-ody-2025\/#article","isPartOf":{"@id":"https:\/\/notabene.world\/nb\/od-ody-do-ody-2025\/"},"author":{"name":"C vel K","@id":"https:\/\/notabene.world\/nb\/#\/schema\/person\/2227ed509f9261e544f6078919e1981d"},"headline":"Carpe diem: Od ody do ody","datePublished":"2025-07-21T19:13:07+00:00","dateModified":"2025-07-23T14:03:23+00:00","mainEntityOfPage":{"@id":"https:\/\/notabene.world\/nb\/od-ody-do-ody-2025\/"},"wordCount":338,"publisher":{"@id":"https:\/\/notabene.world\/nb\/#organization"},"image":{"@id":"https:\/\/notabene.world\/nb\/od-ody-do-ody-2025\/#primaryimage"},"thumbnailUrl":"https:\/\/i0.wp.com\/notabene.world\/nb\/wp-content\/uploads\/2025\/07\/cd1.jpg?fit=800%2C445&ssl=1","articleSection":["Aktualno\u015bci","Felietony","WI\u0118CEJ \u015aWIAT(\u0141)A"],"inLanguage":"pl-PL"},{"@type":"WebPage","@id":"https:\/\/notabene.world\/nb\/od-ody-do-ody-2025\/","url":"https:\/\/notabene.world\/nb\/od-ody-do-ody-2025\/","name":"Carpe diem: Od ody do ody - NOTABENE.WORLD","isPartOf":{"@id":"https:\/\/notabene.world\/nb\/#website"},"primaryImageOfPage":{"@id":"https:\/\/notabene.world\/nb\/od-ody-do-ody-2025\/#primaryimage"},"image":{"@id":"https:\/\/notabene.world\/nb\/od-ody-do-ody-2025\/#primaryimage"},"thumbnailUrl":"https:\/\/i0.wp.com\/notabene.world\/nb\/wp-content\/uploads\/2025\/07\/cd1.jpg?fit=800%2C445&ssl=1","datePublished":"2025-07-21T19:13:07+00:00","dateModified":"2025-07-23T14:03:23+00:00","breadcrumb":{"@id":"https:\/\/notabene.world\/nb\/od-ody-do-ody-2025\/#breadcrumb"},"inLanguage":"pl-PL","potentialAction":[{"@type":"ReadAction","target":["https:\/\/notabene.world\/nb\/od-ody-do-ody-2025\/"]}]},{"@type":"ImageObject","inLanguage":"pl-PL","@id":"https:\/\/notabene.world\/nb\/od-ody-do-ody-2025\/#primaryimage","url":"https:\/\/i0.wp.com\/notabene.world\/nb\/wp-content\/uploads\/2025\/07\/cd1.jpg?fit=800%2C445&ssl=1","contentUrl":"https:\/\/i0.wp.com\/notabene.world\/nb\/wp-content\/uploads\/2025\/07\/cd1.jpg?fit=800%2C445&ssl=1","width":800,"height":445},{"@type":"BreadcrumbList","@id":"https:\/\/notabene.world\/nb\/od-ody-do-ody-2025\/#breadcrumb","itemListElement":[{"@type":"ListItem","position":1,"name":"Home","item":"https:\/\/notabene.world\/nb\/"},{"@type":"ListItem","position":2,"name":"Carpe diem: Od ody do ody"}]},{"@type":"WebSite","@id":"https:\/\/notabene.world\/nb\/#website","url":"https:\/\/notabene.world\/nb\/","name":"NOTABENE.WORLD","description":"Przekaz. Warto\u015bci. Wsp\u00f3lnota.","publisher":{"@id":"https:\/\/notabene.world\/nb\/#organization"},"potentialAction":[{"@type":"SearchAction","target":{"@type":"EntryPoint","urlTemplate":"https:\/\/notabene.world\/nb\/?s={search_term_string}"},"query-input":{"@type":"PropertyValueSpecification","valueRequired":true,"valueName":"search_term_string"}}],"inLanguage":"pl-PL"},{"@type":"Organization","@id":"https:\/\/notabene.world\/nb\/#organization","name":"NOTABENE.WORLD","url":"https:\/\/notabene.world\/nb\/","logo":{"@type":"ImageObject","inLanguage":"pl-PL","@id":"https:\/\/notabene.world\/nb\/#\/schema\/logo\/image\/","url":"https:\/\/notabene.world\/nb\/wp-content\/uploads\/2022\/01\/NB-club-start-www1.jpg","contentUrl":"https:\/\/notabene.world\/nb\/wp-content\/uploads\/2022\/01\/NB-club-start-www1.jpg","width":1000,"height":839,"caption":"NOTABENE.WORLD"},"image":{"@id":"https:\/\/notabene.world\/nb\/#\/schema\/logo\/image\/"},"sameAs":["https:\/\/www.facebook.com\/Notabene.World"]},{"@type":"Person","@id":"https:\/\/notabene.world\/nb\/#\/schema\/person\/2227ed509f9261e544f6078919e1981d","name":"C vel K","image":{"@type":"ImageObject","inLanguage":"pl-PL","@id":"https:\/\/secure.gravatar.com\/avatar\/da4181237ddf77c667487dd66af5231faaf45fbcb0774d7a408f868da56bf04c?s=96&d=mm&r=g","url":"https:\/\/secure.gravatar.com\/avatar\/da4181237ddf77c667487dd66af5231faaf45fbcb0774d7a408f868da56bf04c?s=96&d=mm&r=g","contentUrl":"https:\/\/secure.gravatar.com\/avatar\/da4181237ddf77c667487dd66af5231faaf45fbcb0774d7a408f868da56bf04c?s=96&d=mm&r=g","caption":"C vel K"},"url":"https:\/\/notabene.world\/nb\/author\/kcedro\/"}]}},"jetpack_featured_media_url":"https:\/\/i0.wp.com\/notabene.world\/nb\/wp-content\/uploads\/2025\/07\/cd1.jpg?fit=800%2C445&ssl=1","jetpack_sharing_enabled":true,"jetpack_shortlink":"https:\/\/wp.me\/pdCobN-1eU","_links":{"self":[{"href":"https:\/\/notabene.world\/nb\/wp-json\/wp\/v2\/posts\/4768","targetHints":{"allow":["GET"]}}],"collection":[{"href":"https:\/\/notabene.world\/nb\/wp-json\/wp\/v2\/posts"}],"about":[{"href":"https:\/\/notabene.world\/nb\/wp-json\/wp\/v2\/types\/post"}],"author":[{"embeddable":true,"href":"https:\/\/notabene.world\/nb\/wp-json\/wp\/v2\/users\/1"}],"replies":[{"embeddable":true,"href":"https:\/\/notabene.world\/nb\/wp-json\/wp\/v2\/comments?post=4768"}],"version-history":[{"count":5,"href":"https:\/\/notabene.world\/nb\/wp-json\/wp\/v2\/posts\/4768\/revisions"}],"predecessor-version":[{"id":15969,"href":"https:\/\/notabene.world\/nb\/wp-json\/wp\/v2\/posts\/4768\/revisions\/15969"}],"wp:featuredmedia":[{"embeddable":true,"href":"https:\/\/notabene.world\/nb\/wp-json\/wp\/v2\/media\/15949"}],"wp:attachment":[{"href":"https:\/\/notabene.world\/nb\/wp-json\/wp\/v2\/media?parent=4768"}],"wp:term":[{"taxonomy":"category","embeddable":true,"href":"https:\/\/notabene.world\/nb\/wp-json\/wp\/v2\/categories?post=4768"},{"taxonomy":"post_tag","embeddable":true,"href":"https:\/\/notabene.world\/nb\/wp-json\/wp\/v2\/tags?post=4768"}],"curies":[{"name":"wp","href":"https:\/\/api.w.org\/{rel}","templated":true}]}}