{"id":5247,"date":"2022-04-10T10:10:00","date_gmt":"2022-04-10T08:10:00","guid":{"rendered":"https:\/\/notabene.world\/nb\/?p=5247"},"modified":"2022-05-08T20:49:44","modified_gmt":"2022-05-08T18:49:44","slug":"beczki-macierewicza","status":"publish","type":"post","link":"https:\/\/notabene.world\/nb\/beczki-macierewicza\/","title":{"rendered":"Beczki Macierewicza"},"content":{"rendered":"\n<p class=\"has-drop-cap\">Nasta\u0142 nowy rozdzia\u0142 w katastrofie smole\u0144skiej sprzed 12 lat. Katastrofie zamkni\u0119tej przez samego Jaros\u0142awa Kaczy\u0144skiego, kt\u00f3ry kilka lat temu stwierdzi\u0142, \u017ce miesi\u0119cznic nar\u00f3d ju\u017c nie musi obchodzi\u0107, bo -walczyli\u015bmy o prawd\u0119 i prawda zwyci\u0119\u017cy\u0142a-. Katastrofie zamkni\u0119tej artystycznie poprzez wybudowanie schodk\u00f3w na placu marsz. J. Pi\u0142sudskiego (najbardziej irytuj\u0105ce i najbardziej prowokuj\u0105ce schodki \u015bwiata. Prowokuj\u0105ce oczywi\u015bcie do biegania po nich, fotografowania si\u0119, jednym s\u0142owem do profanacji). Katastrofie zamkni\u0119tej wypowiedzi\u0105 (mo\u017cna znale\u017a\u0107 w sieci) Jacka Kurskiego, niegdy\u015b sk\u0142\u00f3conego z Kaczy\u0144skim, dzi\u015b jego g\u0142\u00f3wnego propagandyst\u0119, kt\u00f3ry w wywiadzie telewizyjnym przyzna\u0142, \u017ce zamachu nie by\u0142o i \u017ce w zamach nie wierzy sam Macierewicz.<\/p>\n\n\n\n<p>Ludzie swoje ju\u017c wyp\u0142akali w 2010. Znie\u015bli jako\u015b pochowanie Kaczy\u0144skich na Wawelu i przestali \u017cy\u0107 wypadkiem lotniczym. Zrozumia\u0142 to Kaczy\u0144ski i widz\u0105c, \u017ce nic nie ugra, poza ogromem tego co ju\u017c ugra\u0142, od\u0142o\u017cy\u0142 spraw\u0119 na jaki\u015b czas, pochowa\u0142 \u201edowody\u201d razem z Macierewiczem, kt\u00f3rego te\u017c schowa\u0142, w celu wzmocnienia s\u0142upk\u00f3w poparcia. Bowiem, ten chytry jak lis strateg i piarowiec, odchodz\u0105c od mitu zamachu, intuicyjnie czu\u0142, \u017ce mo\u017ce do niego kiedy\u015b powr\u00f3ci\u0107.<\/p>\n\n\n\n<p>Okazj\u0105 do wielkiego powrotu jest oczywi\u015bcie wojna w Ukrainie. Pomy\u015bla\u0142 strateg: skoro to jest chwila, gdy ludzie przyt\u0142oczeni s\u0105 ogromem bestialstwa jakiego dokonuje Rosja w Ukrainie, kiedy p\u0142acz\u0105c, nie mog\u0105 uwierzy\u0107, \u017ce w \u015brodku Europy co\u015b takiego barbarzy\u0144skiego si\u0119 dzieje, to przecie\u017c uwierzy\u0107 mog\u0105, \u017ce ten straszny Putin dokona\u0142 zamachu. I podpi\u0105\u0142 si\u0119 pod wojn\u0119! Powr\u00f3ci\u0142 w chwale Macierewicz, (przez wielu oskar\u017cany o to, \u017ce jest agentem Rosji. \u201eMacierewicz i jego tajemnice\u201d Tomasz Pi\u0105tek), ruga dziennikarzy, zapowiada dowody, pokazuje te same zestawienia, raporty kt\u00f3re ju\u017c znamy i grzmi o akcie bezprawnej agresji strony rosyjskiej na statek powietrzny Tu-154M. Drwi z logiki, ubli\u017ca inteligencji i zdrowemu rozs\u0105dkowi. Wie oczywi\u015bcie, \u017ce nar\u00f3d jest jakby mniej zainteresowany. Ale ma pomocnik\u00f3w! Po\u017cyteczni idioci r\u00f3\u017cnych zawod\u00f3w i posad, od dziennikarzy poprzez opozycj\u0119, wt\u0142aczaj\u0105 elektoratowi do g\u0142owy, te prawdy Macierewicza i Kaczy\u0144skiego, powtarzaj\u0105c brednie, pokazuj\u0105c konferencje prasowe podczas kt\u00f3rych nie mog\u0105 zadawa\u0107 pyta\u0144, pokazuj\u0105c symulacje kt\u00f3rych powstydzi\u0142by si\u0119 bystry dziesi\u0119ciolatek, publikuj\u0105 nieistniej\u0105ce dowody i prowadz\u0105 akademickie dysputy w radiu, gazetach i telewizji pod has\u0142em: dlaczego Macierewicz to robi? Dlaczego nie liczy si\u0119 z prawd\u0105 i cierpieniem rodzin? Dlaczego k\u0142amie? I to w obliczu wojny? S\u0142ucham tego i nie wiem, czy oni rzeczywi\u015bcie nie znaj\u0105 odpowiedzi na te pytania, czy zadaj\u0105 je, bo trzeba wypracowa\u0107 wiersz\u00f3wk\u0119, czy jak w przypadku polityk\u00f3w, trzeba si\u0119 pokaza\u0107 na antenie, a to temat \u0142atwy, wiadomo co m\u00f3wi\u0107, przygotowa\u0107 si\u0119 nie trzeba. Czy jest a\u017c tak \u017ale, \u017ce nie rozumiej\u0105 powagi sytuacji i gry Kaczy\u0144skiego?<\/p>\n\n\n\n<p>Ot\u00f3\u017c proponuj\u0119 opozycji oraz liberalnym dziennikarzom, w du\u017cej cz\u0119\u015bci mi\u0119kiszonom znanym z delikatno\u015bci zamazuj\u0105cej rzeczywisto\u015b\u0107, \u017ceby w my\u015bl dobrze poj\u0119tego interesu Pa\u0144stwa, zamiast powtarza\u0107, \u017ce maj\u0105 obowi\u0105zek pokazywania stanowiska ka\u017cdej strony, nie informowali o bzdurach, nie zajmowali czasu teatrzykiem Macierewicza, bombami termobarycznymi, ale co najwy\u017cej podliczyli ile kosztuje to szukanie \u201eprawdy\u201d i powtarzali t\u0119 informacj\u0119 za ka\u017cdym razem, gdy zwolennicy teorii zamachu b\u0119d\u0119 na jego dow\u00f3d wysadza\u0107 w powietrze kolejne beczki. Bo b\u0119d\u0105. Bo nie licz\u0105 si\u0119 z kodeksem honorowym ani kodeksem dziennikarskim. Przecie\u017c udowodnili to, traktuj\u0105c konstytucj\u0119 wiele razy, jak paczk\u0119 chusteczek higienicznych!<\/p>\n\n\n\n<p>A co z lud\u017ami, wyborcami? S\u0142uchaj\u0105, bo co maj\u0105 robi\u0107, skoro Macierewicz i wybuch wsz\u0119dzie? Nie ws\u0142uchuj\u0105 si\u0119 za bardzo, ale rozumiej\u0105, \u017ce ho, ho, to chyba ta katastrofa nie zosta\u0142a wyja\u015bniona, skoro nawet niezale\u017cne media ci\u0105gle o niej m\u00f3wi\u0105? No fakt. Putina sta\u0107 na wszystko. Na szcz\u0119\u015bcie, d\u0142ugo o tych sprawach nie my\u015bl\u0105, bo szybko wracaj\u0105 w swoich g\u0142owach do cen pr\u0105du i marchewki, niesp\u0142aconego kredytu i wa\u0142a, kt\u00f3rego maj\u0105 zamiast planowanych wakacji. Ale o czym pomy\u015bl\u0105 w dniu wybor\u00f3w? Pe\u0142ni emocji zwi\u0105zanych z odgrzewan\u0105 katastrof\u0105? Pomy\u015blcie wszyscy ci, kt\u00f3rzy na \u0142amach tak zwanych wolnych medi\u00f3w, ci\u0105gni\u0119ci na sznurku przez strateg\u00f3w PiS-owskich, kolejny raz zaczniecie roztrz\u0105sa\u0107 drobiazgowo teori\u0119 zamachu, czy wychwala\u0107 odwag\u0119 rz\u0105du za nieuzgodnion\u0105 z UE ani Sojuszem P\u00f3\u0142nocnoatlantyckim samozwa\u0144cz\u0105, bezefektywn\u0105 wypraw\u0119 do Kijowa.<\/p>\n","protected":false},"excerpt":{"rendered":"<p>Nasta\u0142 nowy rozdzia\u0142 w katastrofie smole\u0144skiej sprzed 12 lat. Katastrofie zamkni\u0119tej przez samego Jaros\u0142awa Kaczy\u0144skiego, kt\u00f3ry kilka lat temu stwierdzi\u0142, \u017ce miesi\u0119cznic nar\u00f3d ju\u017c nie musi obchodzi\u0107, bo -walczyli\u015bmy o prawd\u0119 i prawda zwyci\u0119\u017cy\u0142a-. Katastrofie zamkni\u0119tej artystycznie poprzez wybudowanie schodk\u00f3w na placu marsz. J. Pi\u0142sudskiego (najbardziej irytuj\u0105ce i najbardziej prowokuj\u0105ce schodki \u015bwiata. Prowokuj\u0105ce oczywi\u015bcie do biegania po nich, fotografowania si\u0119, jednym s\u0142owem do profanacji). Katastrofie zamkni\u0119tej wypowiedzi\u0105 (mo\u017cna znale\u017a\u0107 w sieci) Jacka Kurskiego, niegdy\u015b sk\u0142\u00f3conego z Kaczy\u0144skim, dzi\u015b jego g\u0142\u00f3wnego propagandyst\u0119, kt\u00f3ry w wywiadzie telewizyjnym przyzna\u0142, \u017ce zamachu nie by\u0142o i \u017ce w zamach nie wierzy sam Macierewicz.<\/p>\n","protected":false},"author":39,"featured_media":5249,"comment_status":"closed","ping_status":"closed","sticky":false,"template":"","format":"standard","meta":{"colormag_page_container_layout":"default_layout","colormag_page_sidebar_layout":"default_layout","_jetpack_memberships_contains_paid_content":false,"footnotes":"","_links_to":"","_links_to_target":""},"categories":[42,150,110],"tags":[],"class_list":["post-5247","post","type-post","status-publish","format-standard","has-post-thumbnail","hentry","category-felietony","category-publicystyka","category-spoleczenstwo-2"],"yoast_head":"<!-- This site is optimized with the Yoast SEO plugin v27.5 - https:\/\/yoast.com\/product\/yoast-seo-wordpress\/ -->\n<title>Beczki Macierewicza - NOTABENE.WORLD<\/title>\n<meta name=\"robots\" content=\"index, follow, max-snippet:-1, max-image-preview:large, max-video-preview:-1\" \/>\n<link rel=\"canonical\" href=\"https:\/\/notabene.world\/nb\/beczki-macierewicza\/\" \/>\n<meta property=\"og:locale\" content=\"pl_PL\" \/>\n<meta property=\"og:type\" content=\"article\" \/>\n<meta property=\"og:title\" content=\"Beczki Macierewicza - NOTABENE.WORLD\" \/>\n<meta property=\"og:description\" content=\"Nasta\u0142 nowy rozdzia\u0142 w katastrofie smole\u0144skiej sprzed 12 lat. Katastrofie zamkni\u0119tej przez samego Jaros\u0142awa Kaczy\u0144skiego, kt\u00f3ry kilka lat temu stwierdzi\u0142, \u017ce miesi\u0119cznic nar\u00f3d ju\u017c nie musi obchodzi\u0107, bo -walczyli\u015bmy o prawd\u0119 i prawda zwyci\u0119\u017cy\u0142a-. Katastrofie zamkni\u0119tej artystycznie poprzez wybudowanie schodk\u00f3w na placu marsz. J. Pi\u0142sudskiego (najbardziej irytuj\u0105ce i najbardziej prowokuj\u0105ce schodki \u015bwiata. Prowokuj\u0105ce oczywi\u015bcie do biegania po nich, fotografowania si\u0119, jednym s\u0142owem do profanacji). Katastrofie zamkni\u0119tej wypowiedzi\u0105 (mo\u017cna znale\u017a\u0107 w sieci) Jacka Kurskiego, niegdy\u015b sk\u0142\u00f3conego z Kaczy\u0144skim, dzi\u015b jego g\u0142\u00f3wnego propagandyst\u0119, kt\u00f3ry w wywiadzie telewizyjnym przyzna\u0142, \u017ce zamachu nie by\u0142o i \u017ce w zamach nie wierzy sam Macierewicz.\" \/>\n<meta property=\"og:url\" content=\"https:\/\/notabene.world\/nb\/beczki-macierewicza\/\" \/>\n<meta property=\"og:site_name\" content=\"NOTABENE.WORLD\" \/>\n<meta property=\"article:publisher\" content=\"https:\/\/www.facebook.com\/Notabene.World\" \/>\n<meta property=\"article:published_time\" content=\"2022-04-10T08:10:00+00:00\" \/>\n<meta property=\"article:modified_time\" content=\"2022-05-08T18:49:44+00:00\" \/>\n<meta property=\"og:image\" content=\"https:\/\/notabene.world\/nb\/wp-content\/uploads\/2022\/04\/smo10.jpg\" \/>\n\t<meta property=\"og:image:width\" content=\"800\" \/>\n\t<meta property=\"og:image:height\" content=\"445\" \/>\n\t<meta property=\"og:image:type\" content=\"image\/jpeg\" \/>\n<meta name=\"author\" content=\"Marzena Sobala\" \/>\n<meta name=\"twitter:card\" content=\"summary_large_image\" \/>\n<meta name=\"twitter:label1\" content=\"Napisane przez\" \/>\n\t<meta name=\"twitter:data1\" content=\"Marzena Sobala\" \/>\n\t<meta name=\"twitter:label2\" content=\"Szacowany czas czytania\" \/>\n\t<meta name=\"twitter:data2\" content=\"4 minuty\" \/>\n<script type=\"application\/ld+json\" class=\"yoast-schema-graph\">{\"@context\":\"https:\\\/\\\/schema.org\",\"@graph\":[{\"@type\":\"Article\",\"@id\":\"https:\\\/\\\/notabene.world\\\/nb\\\/beczki-macierewicza\\\/#article\",\"isPartOf\":{\"@id\":\"https:\\\/\\\/notabene.world\\\/nb\\\/beczki-macierewicza\\\/\"},\"author\":{\"name\":\"Marzena Sobala\",\"@id\":\"https:\\\/\\\/notabene.world\\\/nb\\\/#\\\/schema\\\/person\\\/dff6b8db7a8638ca44eab4bdb68c329b\"},\"headline\":\"Beczki Macierewicza\",\"datePublished\":\"2022-04-10T08:10:00+00:00\",\"dateModified\":\"2022-05-08T18:49:44+00:00\",\"mainEntityOfPage\":{\"@id\":\"https:\\\/\\\/notabene.world\\\/nb\\\/beczki-macierewicza\\\/\"},\"wordCount\":754,\"publisher\":{\"@id\":\"https:\\\/\\\/notabene.world\\\/nb\\\/#organization\"},\"image\":{\"@id\":\"https:\\\/\\\/notabene.world\\\/nb\\\/beczki-macierewicza\\\/#primaryimage\"},\"thumbnailUrl\":\"https:\\\/\\\/i0.wp.com\\\/notabene.world\\\/nb\\\/wp-content\\\/uploads\\\/2022\\\/04\\\/smo10.jpg?fit=800%2C445&ssl=1\",\"articleSection\":[\"Felietony\",\"Publicystyka\",\"Spo\u0142ecze\u0144stwo\"],\"inLanguage\":\"pl-PL\"},{\"@type\":\"WebPage\",\"@id\":\"https:\\\/\\\/notabene.world\\\/nb\\\/beczki-macierewicza\\\/\",\"url\":\"https:\\\/\\\/notabene.world\\\/nb\\\/beczki-macierewicza\\\/\",\"name\":\"Beczki Macierewicza - NOTABENE.WORLD\",\"isPartOf\":{\"@id\":\"https:\\\/\\\/notabene.world\\\/nb\\\/#website\"},\"primaryImageOfPage\":{\"@id\":\"https:\\\/\\\/notabene.world\\\/nb\\\/beczki-macierewicza\\\/#primaryimage\"},\"image\":{\"@id\":\"https:\\\/\\\/notabene.world\\\/nb\\\/beczki-macierewicza\\\/#primaryimage\"},\"thumbnailUrl\":\"https:\\\/\\\/i0.wp.com\\\/notabene.world\\\/nb\\\/wp-content\\\/uploads\\\/2022\\\/04\\\/smo10.jpg?fit=800%2C445&ssl=1\",\"datePublished\":\"2022-04-10T08:10:00+00:00\",\"dateModified\":\"2022-05-08T18:49:44+00:00\",\"breadcrumb\":{\"@id\":\"https:\\\/\\\/notabene.world\\\/nb\\\/beczki-macierewicza\\\/#breadcrumb\"},\"inLanguage\":\"pl-PL\",\"potentialAction\":[{\"@type\":\"ReadAction\",\"target\":[\"https:\\\/\\\/notabene.world\\\/nb\\\/beczki-macierewicza\\\/\"]}]},{\"@type\":\"ImageObject\",\"inLanguage\":\"pl-PL\",\"@id\":\"https:\\\/\\\/notabene.world\\\/nb\\\/beczki-macierewicza\\\/#primaryimage\",\"url\":\"https:\\\/\\\/i0.wp.com\\\/notabene.world\\\/nb\\\/wp-content\\\/uploads\\\/2022\\\/04\\\/smo10.jpg?fit=800%2C445&ssl=1\",\"contentUrl\":\"https:\\\/\\\/i0.wp.com\\\/notabene.world\\\/nb\\\/wp-content\\\/uploads\\\/2022\\\/04\\\/smo10.jpg?fit=800%2C445&ssl=1\",\"width\":800,\"height\":445},{\"@type\":\"BreadcrumbList\",\"@id\":\"https:\\\/\\\/notabene.world\\\/nb\\\/beczki-macierewicza\\\/#breadcrumb\",\"itemListElement\":[{\"@type\":\"ListItem\",\"position\":1,\"name\":\"Home\",\"item\":\"https:\\\/\\\/notabene.world\\\/nb\\\/\"},{\"@type\":\"ListItem\",\"position\":2,\"name\":\"Beczki Macierewicza\"}]},{\"@type\":\"WebSite\",\"@id\":\"https:\\\/\\\/notabene.world\\\/nb\\\/#website\",\"url\":\"https:\\\/\\\/notabene.world\\\/nb\\\/\",\"name\":\"NOTABENE.WORLD\",\"description\":\"Przekaz. Warto\u015bci. Wsp\u00f3lnota.\",\"publisher\":{\"@id\":\"https:\\\/\\\/notabene.world\\\/nb\\\/#organization\"},\"potentialAction\":[{\"@type\":\"SearchAction\",\"target\":{\"@type\":\"EntryPoint\",\"urlTemplate\":\"https:\\\/\\\/notabene.world\\\/nb\\\/?s={search_term_string}\"},\"query-input\":{\"@type\":\"PropertyValueSpecification\",\"valueRequired\":true,\"valueName\":\"search_term_string\"}}],\"inLanguage\":\"pl-PL\"},{\"@type\":\"Organization\",\"@id\":\"https:\\\/\\\/notabene.world\\\/nb\\\/#organization\",\"name\":\"NOTABENE.WORLD\",\"url\":\"https:\\\/\\\/notabene.world\\\/nb\\\/\",\"logo\":{\"@type\":\"ImageObject\",\"inLanguage\":\"pl-PL\",\"@id\":\"https:\\\/\\\/notabene.world\\\/nb\\\/#\\\/schema\\\/logo\\\/image\\\/\",\"url\":\"https:\\\/\\\/notabene.world\\\/nb\\\/wp-content\\\/uploads\\\/2022\\\/01\\\/NB-club-start-www1.jpg\",\"contentUrl\":\"https:\\\/\\\/notabene.world\\\/nb\\\/wp-content\\\/uploads\\\/2022\\\/01\\\/NB-club-start-www1.jpg\",\"width\":1000,\"height\":839,\"caption\":\"NOTABENE.WORLD\"},\"image\":{\"@id\":\"https:\\\/\\\/notabene.world\\\/nb\\\/#\\\/schema\\\/logo\\\/image\\\/\"},\"sameAs\":[\"https:\\\/\\\/www.facebook.com\\\/Notabene.World\"]},{\"@type\":\"Person\",\"@id\":\"https:\\\/\\\/notabene.world\\\/nb\\\/#\\\/schema\\\/person\\\/dff6b8db7a8638ca44eab4bdb68c329b\",\"name\":\"Marzena Sobala\",\"image\":{\"@type\":\"ImageObject\",\"inLanguage\":\"pl-PL\",\"@id\":\"https:\\\/\\\/secure.gravatar.com\\\/avatar\\\/0221ca682c3312b2aec804054cc32197e6fefdcd899b42fd88a6cc94795ca085?s=96&d=mm&r=g\",\"url\":\"https:\\\/\\\/secure.gravatar.com\\\/avatar\\\/0221ca682c3312b2aec804054cc32197e6fefdcd899b42fd88a6cc94795ca085?s=96&d=mm&r=g\",\"contentUrl\":\"https:\\\/\\\/secure.gravatar.com\\\/avatar\\\/0221ca682c3312b2aec804054cc32197e6fefdcd899b42fd88a6cc94795ca085?s=96&d=mm&r=g\",\"caption\":\"Marzena Sobala\"},\"url\":\"https:\\\/\\\/notabene.world\\\/nb\\\/author\\\/m-so\\\/\"}]}<\/script>\n<!-- \/ Yoast SEO plugin. -->","yoast_head_json":{"title":"Beczki Macierewicza - NOTABENE.WORLD","robots":{"index":"index","follow":"follow","max-snippet":"max-snippet:-1","max-image-preview":"max-image-preview:large","max-video-preview":"max-video-preview:-1"},"canonical":"https:\/\/notabene.world\/nb\/beczki-macierewicza\/","og_locale":"pl_PL","og_type":"article","og_title":"Beczki Macierewicza - NOTABENE.WORLD","og_description":"Nasta\u0142 nowy rozdzia\u0142 w katastrofie smole\u0144skiej sprzed 12 lat. Katastrofie zamkni\u0119tej przez samego Jaros\u0142awa Kaczy\u0144skiego, kt\u00f3ry kilka lat temu stwierdzi\u0142, \u017ce miesi\u0119cznic nar\u00f3d ju\u017c nie musi obchodzi\u0107, bo -walczyli\u015bmy o prawd\u0119 i prawda zwyci\u0119\u017cy\u0142a-. Katastrofie zamkni\u0119tej artystycznie poprzez wybudowanie schodk\u00f3w na placu marsz. J. Pi\u0142sudskiego (najbardziej irytuj\u0105ce i najbardziej prowokuj\u0105ce schodki \u015bwiata. Prowokuj\u0105ce oczywi\u015bcie do biegania po nich, fotografowania si\u0119, jednym s\u0142owem do profanacji). Katastrofie zamkni\u0119tej wypowiedzi\u0105 (mo\u017cna znale\u017a\u0107 w sieci) Jacka Kurskiego, niegdy\u015b sk\u0142\u00f3conego z Kaczy\u0144skim, dzi\u015b jego g\u0142\u00f3wnego propagandyst\u0119, kt\u00f3ry w wywiadzie telewizyjnym przyzna\u0142, \u017ce zamachu nie by\u0142o i \u017ce w zamach nie wierzy sam Macierewicz.","og_url":"https:\/\/notabene.world\/nb\/beczki-macierewicza\/","og_site_name":"NOTABENE.WORLD","article_publisher":"https:\/\/www.facebook.com\/Notabene.World","article_published_time":"2022-04-10T08:10:00+00:00","article_modified_time":"2022-05-08T18:49:44+00:00","og_image":[{"width":800,"height":445,"url":"https:\/\/notabene.world\/nb\/wp-content\/uploads\/2022\/04\/smo10.jpg","type":"image\/jpeg"}],"author":"Marzena Sobala","twitter_card":"summary_large_image","twitter_misc":{"Napisane przez":"Marzena Sobala","Szacowany czas czytania":"4 minuty"},"schema":{"@context":"https:\/\/schema.org","@graph":[{"@type":"Article","@id":"https:\/\/notabene.world\/nb\/beczki-macierewicza\/#article","isPartOf":{"@id":"https:\/\/notabene.world\/nb\/beczki-macierewicza\/"},"author":{"name":"Marzena Sobala","@id":"https:\/\/notabene.world\/nb\/#\/schema\/person\/dff6b8db7a8638ca44eab4bdb68c329b"},"headline":"Beczki Macierewicza","datePublished":"2022-04-10T08:10:00+00:00","dateModified":"2022-05-08T18:49:44+00:00","mainEntityOfPage":{"@id":"https:\/\/notabene.world\/nb\/beczki-macierewicza\/"},"wordCount":754,"publisher":{"@id":"https:\/\/notabene.world\/nb\/#organization"},"image":{"@id":"https:\/\/notabene.world\/nb\/beczki-macierewicza\/#primaryimage"},"thumbnailUrl":"https:\/\/i0.wp.com\/notabene.world\/nb\/wp-content\/uploads\/2022\/04\/smo10.jpg?fit=800%2C445&ssl=1","articleSection":["Felietony","Publicystyka","Spo\u0142ecze\u0144stwo"],"inLanguage":"pl-PL"},{"@type":"WebPage","@id":"https:\/\/notabene.world\/nb\/beczki-macierewicza\/","url":"https:\/\/notabene.world\/nb\/beczki-macierewicza\/","name":"Beczki Macierewicza - NOTABENE.WORLD","isPartOf":{"@id":"https:\/\/notabene.world\/nb\/#website"},"primaryImageOfPage":{"@id":"https:\/\/notabene.world\/nb\/beczki-macierewicza\/#primaryimage"},"image":{"@id":"https:\/\/notabene.world\/nb\/beczki-macierewicza\/#primaryimage"},"thumbnailUrl":"https:\/\/i0.wp.com\/notabene.world\/nb\/wp-content\/uploads\/2022\/04\/smo10.jpg?fit=800%2C445&ssl=1","datePublished":"2022-04-10T08:10:00+00:00","dateModified":"2022-05-08T18:49:44+00:00","breadcrumb":{"@id":"https:\/\/notabene.world\/nb\/beczki-macierewicza\/#breadcrumb"},"inLanguage":"pl-PL","potentialAction":[{"@type":"ReadAction","target":["https:\/\/notabene.world\/nb\/beczki-macierewicza\/"]}]},{"@type":"ImageObject","inLanguage":"pl-PL","@id":"https:\/\/notabene.world\/nb\/beczki-macierewicza\/#primaryimage","url":"https:\/\/i0.wp.com\/notabene.world\/nb\/wp-content\/uploads\/2022\/04\/smo10.jpg?fit=800%2C445&ssl=1","contentUrl":"https:\/\/i0.wp.com\/notabene.world\/nb\/wp-content\/uploads\/2022\/04\/smo10.jpg?fit=800%2C445&ssl=1","width":800,"height":445},{"@type":"BreadcrumbList","@id":"https:\/\/notabene.world\/nb\/beczki-macierewicza\/#breadcrumb","itemListElement":[{"@type":"ListItem","position":1,"name":"Home","item":"https:\/\/notabene.world\/nb\/"},{"@type":"ListItem","position":2,"name":"Beczki Macierewicza"}]},{"@type":"WebSite","@id":"https:\/\/notabene.world\/nb\/#website","url":"https:\/\/notabene.world\/nb\/","name":"NOTABENE.WORLD","description":"Przekaz. Warto\u015bci. Wsp\u00f3lnota.","publisher":{"@id":"https:\/\/notabene.world\/nb\/#organization"},"potentialAction":[{"@type":"SearchAction","target":{"@type":"EntryPoint","urlTemplate":"https:\/\/notabene.world\/nb\/?s={search_term_string}"},"query-input":{"@type":"PropertyValueSpecification","valueRequired":true,"valueName":"search_term_string"}}],"inLanguage":"pl-PL"},{"@type":"Organization","@id":"https:\/\/notabene.world\/nb\/#organization","name":"NOTABENE.WORLD","url":"https:\/\/notabene.world\/nb\/","logo":{"@type":"ImageObject","inLanguage":"pl-PL","@id":"https:\/\/notabene.world\/nb\/#\/schema\/logo\/image\/","url":"https:\/\/notabene.world\/nb\/wp-content\/uploads\/2022\/01\/NB-club-start-www1.jpg","contentUrl":"https:\/\/notabene.world\/nb\/wp-content\/uploads\/2022\/01\/NB-club-start-www1.jpg","width":1000,"height":839,"caption":"NOTABENE.WORLD"},"image":{"@id":"https:\/\/notabene.world\/nb\/#\/schema\/logo\/image\/"},"sameAs":["https:\/\/www.facebook.com\/Notabene.World"]},{"@type":"Person","@id":"https:\/\/notabene.world\/nb\/#\/schema\/person\/dff6b8db7a8638ca44eab4bdb68c329b","name":"Marzena Sobala","image":{"@type":"ImageObject","inLanguage":"pl-PL","@id":"https:\/\/secure.gravatar.com\/avatar\/0221ca682c3312b2aec804054cc32197e6fefdcd899b42fd88a6cc94795ca085?s=96&d=mm&r=g","url":"https:\/\/secure.gravatar.com\/avatar\/0221ca682c3312b2aec804054cc32197e6fefdcd899b42fd88a6cc94795ca085?s=96&d=mm&r=g","contentUrl":"https:\/\/secure.gravatar.com\/avatar\/0221ca682c3312b2aec804054cc32197e6fefdcd899b42fd88a6cc94795ca085?s=96&d=mm&r=g","caption":"Marzena Sobala"},"url":"https:\/\/notabene.world\/nb\/author\/m-so\/"}]}},"jetpack_featured_media_url":"https:\/\/i0.wp.com\/notabene.world\/nb\/wp-content\/uploads\/2022\/04\/smo10.jpg?fit=800%2C445&ssl=1","jetpack_sharing_enabled":true,"jetpack_shortlink":"https:\/\/wp.me\/pdCobN-1mD","_links":{"self":[{"href":"https:\/\/notabene.world\/nb\/wp-json\/wp\/v2\/posts\/5247","targetHints":{"allow":["GET"]}}],"collection":[{"href":"https:\/\/notabene.world\/nb\/wp-json\/wp\/v2\/posts"}],"about":[{"href":"https:\/\/notabene.world\/nb\/wp-json\/wp\/v2\/types\/post"}],"author":[{"embeddable":true,"href":"https:\/\/notabene.world\/nb\/wp-json\/wp\/v2\/users\/39"}],"replies":[{"embeddable":true,"href":"https:\/\/notabene.world\/nb\/wp-json\/wp\/v2\/comments?post=5247"}],"version-history":[{"count":2,"href":"https:\/\/notabene.world\/nb\/wp-json\/wp\/v2\/posts\/5247\/revisions"}],"predecessor-version":[{"id":5250,"href":"https:\/\/notabene.world\/nb\/wp-json\/wp\/v2\/posts\/5247\/revisions\/5250"}],"wp:featuredmedia":[{"embeddable":true,"href":"https:\/\/notabene.world\/nb\/wp-json\/wp\/v2\/media\/5249"}],"wp:attachment":[{"href":"https:\/\/notabene.world\/nb\/wp-json\/wp\/v2\/media?parent=5247"}],"wp:term":[{"taxonomy":"category","embeddable":true,"href":"https:\/\/notabene.world\/nb\/wp-json\/wp\/v2\/categories?post=5247"},{"taxonomy":"post_tag","embeddable":true,"href":"https:\/\/notabene.world\/nb\/wp-json\/wp\/v2\/tags?post=5247"}],"curies":[{"name":"wp","href":"https:\/\/api.w.org\/{rel}","templated":true}]}}