{"id":5251,"date":"2022-04-15T10:00:00","date_gmt":"2022-04-15T08:00:00","guid":{"rendered":"https:\/\/notabene.world\/nb\/?p=5251"},"modified":"2022-05-09T01:35:54","modified_gmt":"2022-05-08T23:35:54","slug":"kawiarnia-pod-amorem","status":"publish","type":"post","link":"https:\/\/notabene.world\/nb\/kawiarnia-pod-amorem\/","title":{"rendered":"Czym jest mi\u0142o\u015b\u0107? &#8211; pora na spektakl \u017beromszczak\u00f3w!"},"content":{"rendered":"\n<p><strong>8 kwietnia 2022 roku <\/strong>w<em> I liceum og\u00f3lnokszta\u0142c\u0105cym im. Stefana \u017beromskiego w Kielcach<\/em> uczniowie klas trzecich wystawili sztuk\u0119 pt. <strong><em>,,Kawiarnia pod Amorem&#8221;<\/em><\/strong>. Pocz\u0105tkowo premiera mia\u0142a si\u0119 odby\u0107 <em>14 lutego<\/em> z okazji walentynek. Po komplikacjach spowodowanych nauczaniem zdalnym w ko\u0144cu po dw\u00f3ch miesi\u0105cach op\u00f3\u017anienia uda\u0142o im si\u0119 zaprezentowa\u0107 swoje umiej\u0119tno\u015bci.  Widownia by\u0142a zachwycona. Ka\u017cdy najmniejszy detal zosta\u0142 dopracowany. Rozpoczynaj\u0105c od kwestii aktor\u00f3w, przechodz\u0105c przez stroje, i ko\u0144cz\u0105c na orkiestrze. Klimat zosta\u0142 zachowany w stylu lat 20. Wielu m\u0142odych ludzi zaanga\u017cowa\u0142o si\u0119 w realizacj\u0119 przedstawienia, chocia\u017cby w roz\u0142o\u017cenie sprz\u0119tu akustycznego czy pod\u015bwietlenie auli. Aktorzy wygl\u0105dali ol\u015bniewaj\u0105co w swoich strojach. Na scenie kr\u00f3lowa\u0142y bia\u0142e per\u0142y oraz bardzo charakterystyczne eleganckie stroje. <br><\/p>\n\n\n\n<figure class=\"wp-block-image size-large\"><img data-recalc-dims=\"1\" loading=\"lazy\" decoding=\"async\" width=\"800\" height=\"512\" src=\"https:\/\/i0.wp.com\/notabene.world\/nb\/wp-content\/uploads\/2022\/04\/591591B4-BF94-4064-9BDC-09BC2A776289.jpeg?resize=800%2C512&#038;ssl=1\" alt=\"\" class=\"wp-image-5316\" srcset=\"https:\/\/i0.wp.com\/notabene.world\/nb\/wp-content\/uploads\/2022\/04\/591591B4-BF94-4064-9BDC-09BC2A776289.jpeg?resize=1024%2C655&amp;ssl=1 1024w, https:\/\/i0.wp.com\/notabene.world\/nb\/wp-content\/uploads\/2022\/04\/591591B4-BF94-4064-9BDC-09BC2A776289.jpeg?resize=300%2C192&amp;ssl=1 300w, https:\/\/i0.wp.com\/notabene.world\/nb\/wp-content\/uploads\/2022\/04\/591591B4-BF94-4064-9BDC-09BC2A776289.jpeg?resize=768%2C491&amp;ssl=1 768w, https:\/\/i0.wp.com\/notabene.world\/nb\/wp-content\/uploads\/2022\/04\/591591B4-BF94-4064-9BDC-09BC2A776289.jpeg?w=1280&amp;ssl=1 1280w\" sizes=\"auto, (max-width: 800px) 100vw, 800px\" \/><figcaption>Zesp\u00f3\u0142 organizuj\u0105cy spektakl<\/figcaption><\/figure>\n\n\n\n<p>Odpowiedzialna za re\u017cyseri\u0119 spektaklu jest profesor <strong>Pani Barbara Bukowska<\/strong>. Do u\u0142o\u017cenia scenariusza si\u0119gn\u0119\u0142a po jedne z najbardziej kultowych utwor\u00f3w literackich oraz muzycznych. Z pomoc\u0105 tw\u00f3rczo\u015bci m.in <em>Wis\u0142awy Szymborskiej<\/em>, polonistka poruszy\u0142a bardzo wa\u017cny temat- <strong>Czym jest mi\u0142o\u015b\u0107?<\/strong> Spektakl sk\u0142ada\u0142 si\u0119 z kilku kr\u00f3tkich rozm\u00f3w aktor\u00f3w przerywanych piosenkami granymi oraz \u015bpiewanymi przez orkiestr\u0119. Aran\u017cacja sceny r\u00f3wnie\u017c zosta\u0142a dopi\u0119ta na ostatni guzik. Odpowiedzialna za ni\u0105 <strong>Wiktoria Wr\u00f3bel<\/strong>, postawi\u0142a na stonowane kolory w bardzo eleganckim stylu. G\u0142\u00f3wnie dominowa\u0142y kolory br\u0105zu, be\u017cu, czerni prze\u0142amane czerwonym o\u015bwietleniem. Wygl\u0105da\u0142o to co najmniej niesamowicie. <\/p>\n\n\n\n<figure class=\"wp-block-gallery has-nested-images columns-default is-cropped wp-block-gallery-1 is-layout-flex wp-block-gallery-is-layout-flex\">\n<figure class=\"wp-block-image size-large\"><img data-recalc-dims=\"1\" loading=\"lazy\" decoding=\"async\" width=\"800\" height=\"545\" data-id=\"5288\" src=\"https:\/\/i0.wp.com\/notabene.world\/nb\/wp-content\/uploads\/2022\/04\/92D22C04-83A0-4E3E-9CBF-766E21207F40.jpeg?resize=800%2C545&#038;ssl=1\" alt=\"\" class=\"wp-image-5288\" srcset=\"https:\/\/i0.wp.com\/notabene.world\/nb\/wp-content\/uploads\/2022\/04\/92D22C04-83A0-4E3E-9CBF-766E21207F40-scaled.jpeg?resize=1024%2C697&amp;ssl=1 1024w, https:\/\/i0.wp.com\/notabene.world\/nb\/wp-content\/uploads\/2022\/04\/92D22C04-83A0-4E3E-9CBF-766E21207F40-scaled.jpeg?resize=300%2C204&amp;ssl=1 300w, https:\/\/i0.wp.com\/notabene.world\/nb\/wp-content\/uploads\/2022\/04\/92D22C04-83A0-4E3E-9CBF-766E21207F40-scaled.jpeg?resize=768%2C523&amp;ssl=1 768w, https:\/\/i0.wp.com\/notabene.world\/nb\/wp-content\/uploads\/2022\/04\/92D22C04-83A0-4E3E-9CBF-766E21207F40-scaled.jpeg?resize=1536%2C1045&amp;ssl=1 1536w, https:\/\/i0.wp.com\/notabene.world\/nb\/wp-content\/uploads\/2022\/04\/92D22C04-83A0-4E3E-9CBF-766E21207F40-scaled.jpeg?resize=2048%2C1394&amp;ssl=1 2048w, https:\/\/i0.wp.com\/notabene.world\/nb\/wp-content\/uploads\/2022\/04\/92D22C04-83A0-4E3E-9CBF-766E21207F40-scaled.jpeg?w=1600&amp;ssl=1 1600w, https:\/\/i0.wp.com\/notabene.world\/nb\/wp-content\/uploads\/2022\/04\/92D22C04-83A0-4E3E-9CBF-766E21207F40-scaled.jpeg?w=2400&amp;ssl=1 2400w\" sizes=\"auto, (max-width: 800px) 100vw, 800px\" \/><figcaption>Od lewej Aleksandra Kulik oraz Wiktoria Wr\u00f3bel<\/figcaption><\/figure>\n<\/figure>\n\n\n\n<p>W rol\u0119 wcielili si\u0119 g\u0142\u00f3wnie uczniowie I LO. W\u015br\u00f3d ich wypowiedzi mogli\u015bmy us\u0142ysze\u0107 takie wiersze jak; <em>,,Perspektywa&#8221;<\/em> autorstwa <em>Wis\u0142awy Szymborskiej <\/em>czy <em>,,Mi\u0142o\u015b\u0107&#8221;<\/em> <em>Marii Pawlikowskiej-Jasnorzewskiej<\/em>. Najwi\u0119ksz\u0105 robot\u0119 robi\u0142o samo t\u0142o wyst\u0119pu. Rozmowy w kawiarence czy gestykulacje wygl\u0105da\u0142y bardzo realistycznie. Serce wi\u0119kszo\u015bci publiczno\u015bci skrad\u0142a graj\u0105ca kelnerk\u0119- <strong>Alicja Blank<\/strong>. Nie wysz\u0142a ze swojej roli ani razu. Pi\u0119knie wtopi\u0142a si\u0119 w t\u0142o. Warto r\u00f3wnie\u017c wyr\u00f3\u017cni\u0107 Wiktori\u0119 S\u0119k, kt\u00f3ra swoim strojem skupia\u0142a uwag\u0119 publiczno\u015bci podczas sceny z <strong>Mateuszem \u015aliw\u0105<\/strong>. Wcielili si\u0119 w postacie <em>Laury i Filona<\/em>. Jej makija\u017c oraz w\u0142osy by\u0142y dobrane wr\u0119cz idealnie do reszty. Wszyscy aktorzy \u015bwietnie odegrali rol\u0119. Zarecytowali swoje wiersze w nieskazitelny spos\u00f3b. Wprowadzili klimat, jakiego jeszcze nie by\u0142o! Ogromne gratulacje dla wszystkich pozosta\u0142ych wyst\u0119puj\u0105cych. Byli nimi; <strong>Kacper Kwiecie\u0144<\/strong>, <strong>Milena Materny<\/strong>, <strong>Aleksandra Kuca<\/strong>, <strong>Oliwier Kubicki<\/strong>, <strong>Grzegorz Adamczyk,<\/strong> <strong>Madzia Gil<\/strong>, <strong>Aleksandra Kulik<\/strong>, <strong>Wiktoria Wr\u00f3bel<\/strong>.<\/p>\n\n\n\n<figure class=\"wp-block-gallery has-nested-images columns-default is-cropped wp-block-gallery-2 is-layout-flex wp-block-gallery-is-layout-flex\">\n<figure class=\"wp-block-image size-full\"><img data-recalc-dims=\"1\" loading=\"lazy\" decoding=\"async\" width=\"640\" height=\"479\" data-id=\"5314\" src=\"https:\/\/i0.wp.com\/notabene.world\/nb\/wp-content\/uploads\/2022\/04\/280CB928-5634-471E-A098-8DB53B2DF849.jpeg?resize=640%2C479&#038;ssl=1\" alt=\"\" class=\"wp-image-5314\" srcset=\"https:\/\/i0.wp.com\/notabene.world\/nb\/wp-content\/uploads\/2022\/04\/280CB928-5634-471E-A098-8DB53B2DF849.jpeg?w=640&amp;ssl=1 640w, https:\/\/i0.wp.com\/notabene.world\/nb\/wp-content\/uploads\/2022\/04\/280CB928-5634-471E-A098-8DB53B2DF849.jpeg?resize=300%2C225&amp;ssl=1 300w\" sizes=\"auto, (max-width: 640px) 100vw, 640px\" \/><figcaption>Alicja Blank<\/figcaption><\/figure>\n\n\n\n<figure class=\"wp-block-image size-large\"><img data-recalc-dims=\"1\" loading=\"lazy\" decoding=\"async\" width=\"800\" height=\"607\" data-id=\"5317\" src=\"https:\/\/i0.wp.com\/notabene.world\/nb\/wp-content\/uploads\/2022\/04\/08068C91-CE2D-4A3E-8329-101C8D5C8DEF.jpeg?resize=800%2C607&#038;ssl=1\" alt=\"\" class=\"wp-image-5317\" srcset=\"https:\/\/i0.wp.com\/notabene.world\/nb\/wp-content\/uploads\/2022\/04\/08068C91-CE2D-4A3E-8329-101C8D5C8DEF.jpeg?resize=1024%2C777&amp;ssl=1 1024w, https:\/\/i0.wp.com\/notabene.world\/nb\/wp-content\/uploads\/2022\/04\/08068C91-CE2D-4A3E-8329-101C8D5C8DEF.jpeg?resize=300%2C228&amp;ssl=1 300w, https:\/\/i0.wp.com\/notabene.world\/nb\/wp-content\/uploads\/2022\/04\/08068C91-CE2D-4A3E-8329-101C8D5C8DEF.jpeg?resize=768%2C583&amp;ssl=1 768w, https:\/\/i0.wp.com\/notabene.world\/nb\/wp-content\/uploads\/2022\/04\/08068C91-CE2D-4A3E-8329-101C8D5C8DEF.jpeg?w=1280&amp;ssl=1 1280w\" sizes=\"auto, (max-width: 800px) 100vw, 800px\" \/><figcaption>Wiktoria S\u0119k<\/figcaption><\/figure>\n\n\n\n<figure class=\"wp-block-image size-large\"><img data-recalc-dims=\"1\" loading=\"lazy\" decoding=\"async\" width=\"800\" height=\"559\" data-id=\"5319\" src=\"https:\/\/i0.wp.com\/notabene.world\/nb\/wp-content\/uploads\/2022\/04\/997C5DF5-EB90-4350-AE79-D08EFCB312EC.jpeg?resize=800%2C559&#038;ssl=1\" alt=\"\" class=\"wp-image-5319\" srcset=\"https:\/\/i0.wp.com\/notabene.world\/nb\/wp-content\/uploads\/2022\/04\/997C5DF5-EB90-4350-AE79-D08EFCB312EC.jpeg?resize=1024%2C716&amp;ssl=1 1024w, https:\/\/i0.wp.com\/notabene.world\/nb\/wp-content\/uploads\/2022\/04\/997C5DF5-EB90-4350-AE79-D08EFCB312EC.jpeg?resize=300%2C210&amp;ssl=1 300w, https:\/\/i0.wp.com\/notabene.world\/nb\/wp-content\/uploads\/2022\/04\/997C5DF5-EB90-4350-AE79-D08EFCB312EC.jpeg?resize=768%2C537&amp;ssl=1 768w, https:\/\/i0.wp.com\/notabene.world\/nb\/wp-content\/uploads\/2022\/04\/997C5DF5-EB90-4350-AE79-D08EFCB312EC.jpeg?resize=130%2C90&amp;ssl=1 130w, https:\/\/i0.wp.com\/notabene.world\/nb\/wp-content\/uploads\/2022\/04\/997C5DF5-EB90-4350-AE79-D08EFCB312EC.jpeg?w=1280&amp;ssl=1 1280w\" sizes=\"auto, (max-width: 800px) 100vw, 800px\" \/><figcaption>Mateusz \u015aliwa<\/figcaption><\/figure>\n\n\n\n<figure class=\"wp-block-image size-large\"><img data-recalc-dims=\"1\" loading=\"lazy\" decoding=\"async\" width=\"800\" height=\"564\" data-id=\"5320\" src=\"https:\/\/i0.wp.com\/notabene.world\/nb\/wp-content\/uploads\/2022\/04\/BDDD12F4-1CFF-4A9E-B188-4883F7430415.jpeg?resize=800%2C564&#038;ssl=1\" alt=\"\" class=\"wp-image-5320\" srcset=\"https:\/\/i0.wp.com\/notabene.world\/nb\/wp-content\/uploads\/2022\/04\/BDDD12F4-1CFF-4A9E-B188-4883F7430415.jpeg?resize=1024%2C722&amp;ssl=1 1024w, https:\/\/i0.wp.com\/notabene.world\/nb\/wp-content\/uploads\/2022\/04\/BDDD12F4-1CFF-4A9E-B188-4883F7430415.jpeg?resize=300%2C211&amp;ssl=1 300w, https:\/\/i0.wp.com\/notabene.world\/nb\/wp-content\/uploads\/2022\/04\/BDDD12F4-1CFF-4A9E-B188-4883F7430415.jpeg?resize=768%2C541&amp;ssl=1 768w, https:\/\/i0.wp.com\/notabene.world\/nb\/wp-content\/uploads\/2022\/04\/BDDD12F4-1CFF-4A9E-B188-4883F7430415.jpeg?w=1280&amp;ssl=1 1280w\" sizes=\"auto, (max-width: 800px) 100vw, 800px\" \/><figcaption>Magdalena Gil, Grzegorz Adamczyk<\/figcaption><\/figure>\n\n\n\n<figure class=\"wp-block-image size-large\"><img data-recalc-dims=\"1\" loading=\"lazy\" decoding=\"async\" width=\"800\" height=\"586\" data-id=\"5321\" src=\"https:\/\/i0.wp.com\/notabene.world\/nb\/wp-content\/uploads\/2022\/04\/B6449A87-69BE-49D5-B933-F5CE3FB173FE.jpeg?resize=800%2C586&#038;ssl=1\" alt=\"\" class=\"wp-image-5321\" srcset=\"https:\/\/i0.wp.com\/notabene.world\/nb\/wp-content\/uploads\/2022\/04\/B6449A87-69BE-49D5-B933-F5CE3FB173FE.jpeg?resize=1024%2C750&amp;ssl=1 1024w, https:\/\/i0.wp.com\/notabene.world\/nb\/wp-content\/uploads\/2022\/04\/B6449A87-69BE-49D5-B933-F5CE3FB173FE.jpeg?resize=300%2C220&amp;ssl=1 300w, https:\/\/i0.wp.com\/notabene.world\/nb\/wp-content\/uploads\/2022\/04\/B6449A87-69BE-49D5-B933-F5CE3FB173FE.jpeg?resize=768%2C563&amp;ssl=1 768w, https:\/\/i0.wp.com\/notabene.world\/nb\/wp-content\/uploads\/2022\/04\/B6449A87-69BE-49D5-B933-F5CE3FB173FE.jpeg?w=1280&amp;ssl=1 1280w\" sizes=\"auto, (max-width: 800px) 100vw, 800px\" \/><\/figure>\n<\/figure>\n\n\n\n<figure class=\"wp-block-pullquote has-text-align-left\"><blockquote><p><em>,,Perspektywa&#8221;<\/em>                                                      Wis\u0142awa Szymborska<\/p><cite>Min\u0119li si\u0119 jak obcy,<br>bez gestu i s\u0142owa,<br>ona w drodze do sklepu,<br>on do samochodu.[\u2026]<\/cite><\/blockquote><\/figure>\n\n\n\n<p><\/p>\n\n\n\n<figure class=\"wp-block-gallery has-nested-images columns-default is-cropped wp-block-gallery-3 is-layout-flex wp-block-gallery-is-layout-flex\">\n<figure class=\"wp-block-image size-large\"><img data-recalc-dims=\"1\" loading=\"lazy\" decoding=\"async\" width=\"751\" height=\"1024\" data-id=\"5322\" src=\"https:\/\/i0.wp.com\/notabene.world\/nb\/wp-content\/uploads\/2022\/04\/C1F72660-3308-4AAB-A832-E5F9242D1CB4-751x1024.jpeg?resize=751%2C1024&#038;ssl=1\" alt=\"\" class=\"wp-image-5322\" srcset=\"https:\/\/i0.wp.com\/notabene.world\/nb\/wp-content\/uploads\/2022\/04\/C1F72660-3308-4AAB-A832-E5F9242D1CB4.jpeg?resize=751%2C1024&amp;ssl=1 751w, https:\/\/i0.wp.com\/notabene.world\/nb\/wp-content\/uploads\/2022\/04\/C1F72660-3308-4AAB-A832-E5F9242D1CB4.jpeg?resize=220%2C300&amp;ssl=1 220w, https:\/\/i0.wp.com\/notabene.world\/nb\/wp-content\/uploads\/2022\/04\/C1F72660-3308-4AAB-A832-E5F9242D1CB4.jpeg?resize=768%2C1047&amp;ssl=1 768w, https:\/\/i0.wp.com\/notabene.world\/nb\/wp-content\/uploads\/2022\/04\/C1F72660-3308-4AAB-A832-E5F9242D1CB4.jpeg?w=939&amp;ssl=1 939w\" sizes=\"auto, (max-width: 751px) 100vw, 751px\" \/><figcaption>Oliwier Kubicki<\/figcaption><\/figure>\n\n\n\n<figure class=\"wp-block-image size-large\"><img data-recalc-dims=\"1\" loading=\"lazy\" decoding=\"async\" width=\"666\" height=\"1024\" data-id=\"5323\" src=\"https:\/\/i0.wp.com\/notabene.world\/nb\/wp-content\/uploads\/2022\/04\/3D405191-8603-4268-8E1A-5028A7474EB6.jpeg?resize=666%2C1024&#038;ssl=1\" alt=\"\" class=\"wp-image-5323\" srcset=\"https:\/\/i0.wp.com\/notabene.world\/nb\/wp-content\/uploads\/2022\/04\/3D405191-8603-4268-8E1A-5028A7474EB6.jpeg?resize=666%2C1024&amp;ssl=1 666w, https:\/\/i0.wp.com\/notabene.world\/nb\/wp-content\/uploads\/2022\/04\/3D405191-8603-4268-8E1A-5028A7474EB6.jpeg?resize=195%2C300&amp;ssl=1 195w, https:\/\/i0.wp.com\/notabene.world\/nb\/wp-content\/uploads\/2022\/04\/3D405191-8603-4268-8E1A-5028A7474EB6.jpeg?resize=768%2C1180&amp;ssl=1 768w, https:\/\/i0.wp.com\/notabene.world\/nb\/wp-content\/uploads\/2022\/04\/3D405191-8603-4268-8E1A-5028A7474EB6.jpeg?w=833&amp;ssl=1 833w\" sizes=\"auto, (max-width: 666px) 100vw, 666px\" \/><figcaption>Aleksandra Kuli<\/figcaption><\/figure>\n\n\n\n<figure class=\"wp-block-image size-large\"><img data-recalc-dims=\"1\" loading=\"lazy\" decoding=\"async\" width=\"759\" height=\"1024\" data-id=\"5324\" src=\"https:\/\/i0.wp.com\/notabene.world\/nb\/wp-content\/uploads\/2022\/04\/4F5225FF-C7A8-4F7C-B140-47F3C2E861C4.jpeg?resize=759%2C1024&#038;ssl=1\" alt=\"\" class=\"wp-image-5324\" srcset=\"https:\/\/i0.wp.com\/notabene.world\/nb\/wp-content\/uploads\/2022\/04\/4F5225FF-C7A8-4F7C-B140-47F3C2E861C4.jpeg?resize=759%2C1024&amp;ssl=1 759w, https:\/\/i0.wp.com\/notabene.world\/nb\/wp-content\/uploads\/2022\/04\/4F5225FF-C7A8-4F7C-B140-47F3C2E861C4.jpeg?resize=222%2C300&amp;ssl=1 222w, https:\/\/i0.wp.com\/notabene.world\/nb\/wp-content\/uploads\/2022\/04\/4F5225FF-C7A8-4F7C-B140-47F3C2E861C4.jpeg?resize=768%2C1036&amp;ssl=1 768w, https:\/\/i0.wp.com\/notabene.world\/nb\/wp-content\/uploads\/2022\/04\/4F5225FF-C7A8-4F7C-B140-47F3C2E861C4.jpeg?w=949&amp;ssl=1 949w\" sizes=\"auto, (max-width: 759px) 100vw, 759px\" \/><figcaption>Wiktoria Wr\u00f3bel<\/figcaption><\/figure>\n\n\n\n<figure class=\"wp-block-image size-large\"><img data-recalc-dims=\"1\" loading=\"lazy\" decoding=\"async\" width=\"702\" height=\"1024\" data-id=\"5335\" src=\"https:\/\/i0.wp.com\/notabene.world\/nb\/wp-content\/uploads\/2022\/04\/A4B3B07D-D79D-4471-8F09-7E7101AF5076.jpeg?resize=702%2C1024&#038;ssl=1\" alt=\"\" class=\"wp-image-5335\" srcset=\"https:\/\/i0.wp.com\/notabene.world\/nb\/wp-content\/uploads\/2022\/04\/A4B3B07D-D79D-4471-8F09-7E7101AF5076.jpeg?resize=702%2C1024&amp;ssl=1 702w, https:\/\/i0.wp.com\/notabene.world\/nb\/wp-content\/uploads\/2022\/04\/A4B3B07D-D79D-4471-8F09-7E7101AF5076.jpeg?resize=206%2C300&amp;ssl=1 206w, https:\/\/i0.wp.com\/notabene.world\/nb\/wp-content\/uploads\/2022\/04\/A4B3B07D-D79D-4471-8F09-7E7101AF5076.jpeg?resize=768%2C1120&amp;ssl=1 768w, https:\/\/i0.wp.com\/notabene.world\/nb\/wp-content\/uploads\/2022\/04\/A4B3B07D-D79D-4471-8F09-7E7101AF5076.jpeg?w=878&amp;ssl=1 878w\" sizes=\"auto, (max-width: 702px) 100vw, 702px\" \/><figcaption>Kacper Kwiecie\u0144<\/figcaption><\/figure>\n<\/figure>\n\n\n\n<p>Podczas wyst\u0119pu, jak ju\u017c wcze\u015bniej wspomnia\u0142am, du\u017cy wp\u0142yw mia\u0142a przedstawiona muzyka. Gitarzystka <strong>Zosia Szymczykowska<\/strong>, perkusista <strong>Igor Wielgus <\/strong>oraz pianista<strong> Wojtek Kruczek<\/strong> trzymali nad wszystkim r\u0119k\u0119. Opr\u00f3cz nich jeden utw\u00f3r na skrzypcach zagra\u0142a <strong>Martyna Warduli\u0144ska<\/strong>. Do ich akompaniamentu za\u015bpiewali kolejno: <strong>Angelika Rotszejn<\/strong>, <strong>Wojtek Wojciechowski<\/strong>, <strong>Oliwia Nawrot<\/strong>, <strong>Anna Szkliniarz<\/strong>. Wielk\u0105 sensacj\u0105 by\u0142 r\u00f3wnie\u017c wykonany taniec przez <strong>Juli\u0119 Ogi\u0144sk\u0105<\/strong> i <strong>Wiktora<\/strong> <strong>Piekarskiego<\/strong> do utworu <em>Ewy Demarczyk<\/em> pt. <em>,,Grande Valse Brillante&#8221;<\/em>. Zata\u0144czyli tytu\u0142owego walca przed pozosta\u0142ymi wyst\u0119puj\u0105cymi. Wielkie podzi\u0119kowania nale\u017c\u0105 si\u0119 g\u0142\u00f3wnie <strong>Wojtkowi Wojciechowskiemu<\/strong> (wokalista) oraz <strong>Wiktorowi Piekarskiemu<\/strong> (tancerz) za zjawienie si\u0119 na wyst\u0119pie. Obaj panowie na co dzie\u0144 nie ucz\u0119szczaj\u0105 do liceum \u017beromskiego.<\/p>\n\n\n\n<figure class=\"wp-block-gallery has-nested-images columns-default is-cropped wp-block-gallery-4 is-layout-flex wp-block-gallery-is-layout-flex\">\n<figure class=\"wp-block-image size-large\"><img data-recalc-dims=\"1\" loading=\"lazy\" decoding=\"async\" width=\"800\" height=\"527\" data-id=\"5326\" src=\"https:\/\/i0.wp.com\/notabene.world\/nb\/wp-content\/uploads\/2022\/04\/792A1D98-6D61-41E1-89A2-77053D9E64EA.jpeg?resize=800%2C527&#038;ssl=1\" alt=\"\" class=\"wp-image-5326\" srcset=\"https:\/\/i0.wp.com\/notabene.world\/nb\/wp-content\/uploads\/2022\/04\/792A1D98-6D61-41E1-89A2-77053D9E64EA.jpeg?resize=1024%2C674&amp;ssl=1 1024w, https:\/\/i0.wp.com\/notabene.world\/nb\/wp-content\/uploads\/2022\/04\/792A1D98-6D61-41E1-89A2-77053D9E64EA.jpeg?resize=300%2C198&amp;ssl=1 300w, https:\/\/i0.wp.com\/notabene.world\/nb\/wp-content\/uploads\/2022\/04\/792A1D98-6D61-41E1-89A2-77053D9E64EA.jpeg?resize=768%2C506&amp;ssl=1 768w, https:\/\/i0.wp.com\/notabene.world\/nb\/wp-content\/uploads\/2022\/04\/792A1D98-6D61-41E1-89A2-77053D9E64EA.jpeg?w=1280&amp;ssl=1 1280w\" sizes=\"auto, (max-width: 800px) 100vw, 800px\" \/><figcaption>Wojtek Wojciechowski<\/figcaption><\/figure>\n\n\n\n<figure class=\"wp-block-image size-large\"><img data-recalc-dims=\"1\" loading=\"lazy\" decoding=\"async\" width=\"800\" height=\"545\" data-id=\"5328\" src=\"https:\/\/i0.wp.com\/notabene.world\/nb\/wp-content\/uploads\/2022\/04\/2E696EC1-16DA-45D8-B628-08312D7FCF22.jpeg?resize=800%2C545&#038;ssl=1\" alt=\"\" class=\"wp-image-5328\" srcset=\"https:\/\/i0.wp.com\/notabene.world\/nb\/wp-content\/uploads\/2022\/04\/2E696EC1-16DA-45D8-B628-08312D7FCF22.jpeg?resize=1024%2C697&amp;ssl=1 1024w, https:\/\/i0.wp.com\/notabene.world\/nb\/wp-content\/uploads\/2022\/04\/2E696EC1-16DA-45D8-B628-08312D7FCF22.jpeg?resize=300%2C204&amp;ssl=1 300w, https:\/\/i0.wp.com\/notabene.world\/nb\/wp-content\/uploads\/2022\/04\/2E696EC1-16DA-45D8-B628-08312D7FCF22.jpeg?resize=768%2C523&amp;ssl=1 768w, https:\/\/i0.wp.com\/notabene.world\/nb\/wp-content\/uploads\/2022\/04\/2E696EC1-16DA-45D8-B628-08312D7FCF22.jpeg?w=1280&amp;ssl=1 1280w\" sizes=\"auto, (max-width: 800px) 100vw, 800px\" \/><figcaption>Wojtek Wojciechowski oraz Anna Szkliniarz<\/figcaption><\/figure>\n\n\n\n<figure class=\"wp-block-image size-large\"><img data-recalc-dims=\"1\" loading=\"lazy\" decoding=\"async\" width=\"734\" height=\"1024\" data-id=\"5329\" src=\"https:\/\/i0.wp.com\/notabene.world\/nb\/wp-content\/uploads\/2022\/04\/74C654B5-6131-458B-9B7A-66CCE06A0C45.jpeg?resize=734%2C1024&#038;ssl=1\" alt=\"\" class=\"wp-image-5329\" srcset=\"https:\/\/i0.wp.com\/notabene.world\/nb\/wp-content\/uploads\/2022\/04\/74C654B5-6131-458B-9B7A-66CCE06A0C45.jpeg?resize=734%2C1024&amp;ssl=1 734w, https:\/\/i0.wp.com\/notabene.world\/nb\/wp-content\/uploads\/2022\/04\/74C654B5-6131-458B-9B7A-66CCE06A0C45.jpeg?resize=215%2C300&amp;ssl=1 215w, https:\/\/i0.wp.com\/notabene.world\/nb\/wp-content\/uploads\/2022\/04\/74C654B5-6131-458B-9B7A-66CCE06A0C45.jpeg?resize=768%2C1072&amp;ssl=1 768w, https:\/\/i0.wp.com\/notabene.world\/nb\/wp-content\/uploads\/2022\/04\/74C654B5-6131-458B-9B7A-66CCE06A0C45.jpeg?w=917&amp;ssl=1 917w\" sizes=\"auto, (max-width: 734px) 100vw, 734px\" \/><figcaption>Oliwia Nawrot<\/figcaption><\/figure>\n\n\n\n<figure class=\"wp-block-image size-large\"><img data-recalc-dims=\"1\" loading=\"lazy\" decoding=\"async\" width=\"800\" height=\"605\" data-id=\"5334\" src=\"https:\/\/i0.wp.com\/notabene.world\/nb\/wp-content\/uploads\/2022\/04\/DDC49F81-D871-4E04-8D8F-25D0CA629D64.jpeg?resize=800%2C605&#038;ssl=1\" alt=\"\" class=\"wp-image-5334\" srcset=\"https:\/\/i0.wp.com\/notabene.world\/nb\/wp-content\/uploads\/2022\/04\/DDC49F81-D871-4E04-8D8F-25D0CA629D64.jpeg?resize=1024%2C775&amp;ssl=1 1024w, https:\/\/i0.wp.com\/notabene.world\/nb\/wp-content\/uploads\/2022\/04\/DDC49F81-D871-4E04-8D8F-25D0CA629D64.jpeg?resize=300%2C227&amp;ssl=1 300w, https:\/\/i0.wp.com\/notabene.world\/nb\/wp-content\/uploads\/2022\/04\/DDC49F81-D871-4E04-8D8F-25D0CA629D64.jpeg?resize=768%2C581&amp;ssl=1 768w, https:\/\/i0.wp.com\/notabene.world\/nb\/wp-content\/uploads\/2022\/04\/DDC49F81-D871-4E04-8D8F-25D0CA629D64.jpeg?w=1280&amp;ssl=1 1280w\" sizes=\"auto, (max-width: 800px) 100vw, 800px\" \/><figcaption>Od lewej: Angelika Rotszejn, Oliwier  Kubicki, Martyna Warduli\u0144ska<\/figcaption><\/figure>\n<\/figure>\n\n\n\n<p><br>Ogromnie gratulacje dla wszystkich wyst\u0119puj\u0105cych, za  odwag\u0119 oraz kreatywno\u015b\u0107. Czekamy na wi\u0119cej tego typu wyst\u0119pu pod wi\u0119kszym gronem publiczno\u015bci. Uwa\u017cam, \u017ce wielu mieszka\u0144c\u00f3w Kielc ch\u0119tnie zobaczy\u0142oby pe\u0142nometra\u017cowy wyst\u0119p na scenach w domach kultury.<\/p>\n\n\n\n<p>Fot. Oliwia Masternak<\/p>\n\n\n\n<figure class=\"wp-block-gallery has-nested-images columns-default is-cropped wp-block-gallery-5 is-layout-flex wp-block-gallery-is-layout-flex\">\n<figure class=\"wp-block-image size-large\"><img data-recalc-dims=\"1\" loading=\"lazy\" decoding=\"async\" width=\"800\" height=\"546\" data-id=\"5331\" src=\"https:\/\/i0.wp.com\/notabene.world\/nb\/wp-content\/uploads\/2022\/04\/36B96D3C-DAB2-41C0-8E10-B88884BA0240.jpeg?resize=800%2C546&#038;ssl=1\" alt=\"\" class=\"wp-image-5331\" srcset=\"https:\/\/i0.wp.com\/notabene.world\/nb\/wp-content\/uploads\/2022\/04\/36B96D3C-DAB2-41C0-8E10-B88884BA0240.jpeg?resize=1024%2C699&amp;ssl=1 1024w, https:\/\/i0.wp.com\/notabene.world\/nb\/wp-content\/uploads\/2022\/04\/36B96D3C-DAB2-41C0-8E10-B88884BA0240.jpeg?resize=300%2C205&amp;ssl=1 300w, https:\/\/i0.wp.com\/notabene.world\/nb\/wp-content\/uploads\/2022\/04\/36B96D3C-DAB2-41C0-8E10-B88884BA0240.jpeg?resize=768%2C524&amp;ssl=1 768w, https:\/\/i0.wp.com\/notabene.world\/nb\/wp-content\/uploads\/2022\/04\/36B96D3C-DAB2-41C0-8E10-B88884BA0240.jpeg?resize=130%2C90&amp;ssl=1 130w, https:\/\/i0.wp.com\/notabene.world\/nb\/wp-content\/uploads\/2022\/04\/36B96D3C-DAB2-41C0-8E10-B88884BA0240.jpeg?w=1280&amp;ssl=1 1280w\" sizes=\"auto, (max-width: 800px) 100vw, 800px\" \/><\/figure>\n\n\n\n<figure class=\"wp-block-image size-large\"><img data-recalc-dims=\"1\" loading=\"lazy\" decoding=\"async\" width=\"800\" height=\"595\" data-id=\"5332\" src=\"https:\/\/i0.wp.com\/notabene.world\/nb\/wp-content\/uploads\/2022\/04\/D11ACADD-7F05-430C-B6BF-99E81C27AA67.jpeg?resize=800%2C595&#038;ssl=1\" alt=\"\" class=\"wp-image-5332\" srcset=\"https:\/\/i0.wp.com\/notabene.world\/nb\/wp-content\/uploads\/2022\/04\/D11ACADD-7F05-430C-B6BF-99E81C27AA67.jpeg?resize=1024%2C762&amp;ssl=1 1024w, https:\/\/i0.wp.com\/notabene.world\/nb\/wp-content\/uploads\/2022\/04\/D11ACADD-7F05-430C-B6BF-99E81C27AA67.jpeg?resize=300%2C223&amp;ssl=1 300w, https:\/\/i0.wp.com\/notabene.world\/nb\/wp-content\/uploads\/2022\/04\/D11ACADD-7F05-430C-B6BF-99E81C27AA67.jpeg?resize=768%2C571&amp;ssl=1 768w, https:\/\/i0.wp.com\/notabene.world\/nb\/wp-content\/uploads\/2022\/04\/D11ACADD-7F05-430C-B6BF-99E81C27AA67.jpeg?w=1280&amp;ssl=1 1280w\" sizes=\"auto, (max-width: 800px) 100vw, 800px\" \/><\/figure>\n\n\n\n<figure class=\"wp-block-image size-large\"><img data-recalc-dims=\"1\" loading=\"lazy\" decoding=\"async\" width=\"800\" height=\"590\" data-id=\"5333\" src=\"https:\/\/i0.wp.com\/notabene.world\/nb\/wp-content\/uploads\/2022\/04\/869DF1CD-4684-4A07-8196-6401F3091FC0.jpeg?resize=800%2C590&#038;ssl=1\" alt=\"\" class=\"wp-image-5333\" srcset=\"https:\/\/i0.wp.com\/notabene.world\/nb\/wp-content\/uploads\/2022\/04\/869DF1CD-4684-4A07-8196-6401F3091FC0.jpeg?resize=1024%2C755&amp;ssl=1 1024w, https:\/\/i0.wp.com\/notabene.world\/nb\/wp-content\/uploads\/2022\/04\/869DF1CD-4684-4A07-8196-6401F3091FC0.jpeg?resize=300%2C221&amp;ssl=1 300w, https:\/\/i0.wp.com\/notabene.world\/nb\/wp-content\/uploads\/2022\/04\/869DF1CD-4684-4A07-8196-6401F3091FC0.jpeg?resize=768%2C566&amp;ssl=1 768w, https:\/\/i0.wp.com\/notabene.world\/nb\/wp-content\/uploads\/2022\/04\/869DF1CD-4684-4A07-8196-6401F3091FC0.jpeg?w=1280&amp;ssl=1 1280w\" sizes=\"auto, (max-width: 800px) 100vw, 800px\" \/><\/figure>\n<figcaption class=\"blocks-gallery-caption\">Julia Ogi\u0144ska z Wiktorem Piekarskim<\/figcaption><\/figure>\n\n\n\n<p><\/p>\n","protected":false},"excerpt":{"rendered":"<p>8 kwietnia 2022 roku w I liceum og\u00f3lnokszta\u0142c\u0105cym im. Stefana \u017beromskiego w Kielcach uczniowie klas trzecich wystawili sztuk\u0119 pt. ,,Kawiarnia pod Amorem&#8221;. Pocz\u0105tkowo premiera mia\u0142a si\u0119 odby\u0107 14 lutego z okazji walentynek. Po komplikacjach spowodowanych nauczaniem zdalnym w ko\u0144cu po dw\u00f3ch miesi\u0105cach op\u00f3\u017anienia uda\u0142o im si\u0119 zaprezentowa\u0107 swoje umiej\u0119tno\u015bci.  Widownia by\u0142a zachwycona. Ka\u017cdy najmniejszy detal zosta\u0142 dopracowany. Rozpoczynaj\u0105c od kwestii aktor\u00f3w, przechodz\u0105c przez stroje i ko\u0144cz\u0105c na orkiestrze. Klimat zosta\u0142 zachowany w stylu lat 20. Wielu m\u0142odych ludzi zaanga\u017cowa\u0142o si\u0119 w realizacj\u0119 przedstawienia, chocia\u017cby w roz\u0142o\u017cenie sprz\u0119tu akustycznego czy pod\u015bwietlenie auli. Aktorzy wygl\u0105dali ol\u015bniewaj\u0105co w swoich strojach. Na scenie kr\u00f3lowa\u0142y bia\u0142e per\u0142y oraz bardzo charakterystyczne eleganckie stroje. <\/p>\n","protected":false},"author":8,"featured_media":5382,"comment_status":"closed","ping_status":"closed","sticky":false,"template":"","format":"standard","meta":{"colormag_page_container_layout":"default_layout","colormag_page_sidebar_layout":"default_layout","_jetpack_memberships_contains_paid_content":false,"footnotes":"","_links_to":"","_links_to_target":""},"categories":[6,12,110],"tags":[91,182,52,180,181],"class_list":["post-5251","post","type-post","status-publish","format-standard","has-post-thumbnail","hentry","category-kultura","category-spoleczenstwo","category-spoleczenstwo-2","tag-fotoreportaz","tag-kawiarenkapodamorem","tag-kultura","tag-spektakl","tag-zerom"],"yoast_head":"<!-- This site is optimized with the Yoast SEO plugin v27.5 - https:\/\/yoast.com\/product\/yoast-seo-wordpress\/ -->\n<title>Czym jest mi\u0142o\u015b\u0107? - pora na spektakl \u017beromszczak\u00f3w! - NOTABENE.WORLD<\/title>\n<meta name=\"description\" content=\"8 kwietnia 2022 roku w I liceum og\u00f3lnokszta\u0142c\u0105cym im. Stefana \u017beromskiego w Kielcach uczniowie klas trzecich wystawili sztuk\u0119 pt. ,,Kawiarnia pod Amorem&quot;. Pocz\u0105tkowo premiera mia\u0142a si\u0119 odby\u0107 14 lutego z okazji walentynek. Po komplikacjach spowodowanych nauczaniem zdalnym w ko\u0144cu po dw\u00f3ch miesi\u0105cach op\u00f3\u017anienia uda\u0142o im si\u0119 zaprezentowa\u0107 swoje umiej\u0119tno\u015bci. Widownia by\u0142a zachwycona. Ka\u017cdy najmniejszy detal zosta\u0142 dopracowany. Rozpoczynaj\u0105c od kwestii aktor\u00f3w, przechodz\u0105c przez stroje i ko\u0144cz\u0105c na orkiestrze. Klimat zosta\u0142 zachowany w stylu lat 20. Wielu m\u0142odych ludzi zaanga\u017cowa\u0142o si\u0119 w realizacj\u0119 przedstawienia, chocia\u017cby w roz\u0142o\u017cenie sprz\u0119tu akustycznego czy pod\u015bwietlenie auli. Aktorzy wygl\u0105dali ol\u015bniewaj\u0105co w swoich strojach. Na scenie kr\u00f3lowa\u0142y bia\u0142e per\u0142y oraz bardzo charakterystyczne eleganckie stroje.\" \/>\n<meta name=\"robots\" content=\"index, follow, max-snippet:-1, max-image-preview:large, max-video-preview:-1\" \/>\n<link rel=\"canonical\" href=\"https:\/\/notabene.world\/nb\/kawiarnia-pod-amorem\/\" \/>\n<meta property=\"og:locale\" content=\"pl_PL\" \/>\n<meta property=\"og:type\" content=\"article\" \/>\n<meta property=\"og:title\" content=\"Czym jest mi\u0142o\u015b\u0107? - pora na spektakl \u017beromszczak\u00f3w! - NOTABENE.WORLD\" \/>\n<meta property=\"og:description\" content=\"8 kwietnia 2022 roku w I liceum og\u00f3lnokszta\u0142c\u0105cym im. Stefana \u017beromskiego w Kielcach uczniowie klas trzecich wystawili sztuk\u0119 pt. ,,Kawiarnia pod Amorem&quot;. Pocz\u0105tkowo premiera mia\u0142a si\u0119 odby\u0107 14 lutego z okazji walentynek. Po komplikacjach spowodowanych nauczaniem zdalnym w ko\u0144cu po dw\u00f3ch miesi\u0105cach op\u00f3\u017anienia uda\u0142o im si\u0119 zaprezentowa\u0107 swoje umiej\u0119tno\u015bci. Widownia by\u0142a zachwycona. Ka\u017cdy najmniejszy detal zosta\u0142 dopracowany. Rozpoczynaj\u0105c od kwestii aktor\u00f3w, przechodz\u0105c przez stroje i ko\u0144cz\u0105c na orkiestrze. Klimat zosta\u0142 zachowany w stylu lat 20. Wielu m\u0142odych ludzi zaanga\u017cowa\u0142o si\u0119 w realizacj\u0119 przedstawienia, chocia\u017cby w roz\u0142o\u017cenie sprz\u0119tu akustycznego czy pod\u015bwietlenie auli. Aktorzy wygl\u0105dali ol\u015bniewaj\u0105co w swoich strojach. Na scenie kr\u00f3lowa\u0142y bia\u0142e per\u0142y oraz bardzo charakterystyczne eleganckie stroje.\" \/>\n<meta property=\"og:url\" content=\"https:\/\/notabene.world\/nb\/kawiarnia-pod-amorem\/\" \/>\n<meta property=\"og:site_name\" content=\"NOTABENE.WORLD\" \/>\n<meta property=\"article:publisher\" content=\"https:\/\/www.facebook.com\/Notabene.World\" \/>\n<meta property=\"article:published_time\" content=\"2022-04-15T08:00:00+00:00\" \/>\n<meta property=\"article:modified_time\" content=\"2022-05-08T23:35:54+00:00\" \/>\n<meta property=\"og:image\" content=\"https:\/\/notabene.world\/nb\/wp-content\/uploads\/2022\/04\/am-1.jpg\" \/>\n\t<meta property=\"og:image:width\" content=\"800\" \/>\n\t<meta property=\"og:image:height\" content=\"445\" \/>\n\t<meta property=\"og:image:type\" content=\"image\/jpeg\" \/>\n<meta name=\"author\" content=\"Oliwia Masternak\" \/>\n<meta name=\"twitter:card\" content=\"summary_large_image\" \/>\n<meta name=\"twitter:label1\" content=\"Napisane przez\" \/>\n\t<meta name=\"twitter:data1\" content=\"Oliwia Masternak\" \/>\n\t<meta name=\"twitter:label2\" content=\"Szacowany czas czytania\" \/>\n\t<meta name=\"twitter:data2\" content=\"7 minut\" \/>\n<script type=\"application\/ld+json\" class=\"yoast-schema-graph\">{\"@context\":\"https:\\\/\\\/schema.org\",\"@graph\":[{\"@type\":\"Article\",\"@id\":\"https:\\\/\\\/notabene.world\\\/nb\\\/kawiarnia-pod-amorem\\\/#article\",\"isPartOf\":{\"@id\":\"https:\\\/\\\/notabene.world\\\/nb\\\/kawiarnia-pod-amorem\\\/\"},\"author\":{\"name\":\"Oliwia Masternak\",\"@id\":\"https:\\\/\\\/notabene.world\\\/nb\\\/#\\\/schema\\\/person\\\/b1d9ae31d71d4fc2391a4920219be808\"},\"headline\":\"Czym jest mi\u0142o\u015b\u0107? &#8211; pora na spektakl \u017beromszczak\u00f3w!\",\"datePublished\":\"2022-04-15T08:00:00+00:00\",\"dateModified\":\"2022-05-08T23:35:54+00:00\",\"mainEntityOfPage\":{\"@id\":\"https:\\\/\\\/notabene.world\\\/nb\\\/kawiarnia-pod-amorem\\\/\"},\"wordCount\":685,\"publisher\":{\"@id\":\"https:\\\/\\\/notabene.world\\\/nb\\\/#organization\"},\"image\":{\"@id\":\"https:\\\/\\\/notabene.world\\\/nb\\\/kawiarnia-pod-amorem\\\/#primaryimage\"},\"thumbnailUrl\":\"https:\\\/\\\/i0.wp.com\\\/notabene.world\\\/nb\\\/wp-content\\\/uploads\\\/2022\\\/04\\\/am-1.jpg?fit=800%2C445&ssl=1\",\"keywords\":[\"#fotoreportaz\",\"#KawiarenkaPodAmorem\",\"#kultura\",\"#spektakl\",\"#\u017berom\"],\"articleSection\":[\"Kultura\",\"Nasz \u015awiat\",\"Spo\u0142ecze\u0144stwo\"],\"inLanguage\":\"pl-PL\"},{\"@type\":\"WebPage\",\"@id\":\"https:\\\/\\\/notabene.world\\\/nb\\\/kawiarnia-pod-amorem\\\/\",\"url\":\"https:\\\/\\\/notabene.world\\\/nb\\\/kawiarnia-pod-amorem\\\/\",\"name\":\"Czym jest mi\u0142o\u015b\u0107? - pora na spektakl \u017beromszczak\u00f3w! - NOTABENE.WORLD\",\"isPartOf\":{\"@id\":\"https:\\\/\\\/notabene.world\\\/nb\\\/#website\"},\"primaryImageOfPage\":{\"@id\":\"https:\\\/\\\/notabene.world\\\/nb\\\/kawiarnia-pod-amorem\\\/#primaryimage\"},\"image\":{\"@id\":\"https:\\\/\\\/notabene.world\\\/nb\\\/kawiarnia-pod-amorem\\\/#primaryimage\"},\"thumbnailUrl\":\"https:\\\/\\\/i0.wp.com\\\/notabene.world\\\/nb\\\/wp-content\\\/uploads\\\/2022\\\/04\\\/am-1.jpg?fit=800%2C445&ssl=1\",\"datePublished\":\"2022-04-15T08:00:00+00:00\",\"dateModified\":\"2022-05-08T23:35:54+00:00\",\"description\":\"8 kwietnia 2022 roku w I liceum og\u00f3lnokszta\u0142c\u0105cym im. Stefana \u017beromskiego w Kielcach uczniowie klas trzecich wystawili sztuk\u0119 pt. ,,Kawiarnia pod Amorem\\\". Pocz\u0105tkowo premiera mia\u0142a si\u0119 odby\u0107 14 lutego z okazji walentynek. Po komplikacjach spowodowanych nauczaniem zdalnym w ko\u0144cu po dw\u00f3ch miesi\u0105cach op\u00f3\u017anienia uda\u0142o im si\u0119 zaprezentowa\u0107 swoje umiej\u0119tno\u015bci. Widownia by\u0142a zachwycona. Ka\u017cdy najmniejszy detal zosta\u0142 dopracowany. Rozpoczynaj\u0105c od kwestii aktor\u00f3w, przechodz\u0105c przez stroje i ko\u0144cz\u0105c na orkiestrze. Klimat zosta\u0142 zachowany w stylu lat 20. Wielu m\u0142odych ludzi zaanga\u017cowa\u0142o si\u0119 w realizacj\u0119 przedstawienia, chocia\u017cby w roz\u0142o\u017cenie sprz\u0119tu akustycznego czy pod\u015bwietlenie auli. Aktorzy wygl\u0105dali ol\u015bniewaj\u0105co w swoich strojach. Na scenie kr\u00f3lowa\u0142y bia\u0142e per\u0142y oraz bardzo charakterystyczne eleganckie stroje.\",\"breadcrumb\":{\"@id\":\"https:\\\/\\\/notabene.world\\\/nb\\\/kawiarnia-pod-amorem\\\/#breadcrumb\"},\"inLanguage\":\"pl-PL\",\"potentialAction\":[{\"@type\":\"ReadAction\",\"target\":[\"https:\\\/\\\/notabene.world\\\/nb\\\/kawiarnia-pod-amorem\\\/\"]}]},{\"@type\":\"ImageObject\",\"inLanguage\":\"pl-PL\",\"@id\":\"https:\\\/\\\/notabene.world\\\/nb\\\/kawiarnia-pod-amorem\\\/#primaryimage\",\"url\":\"https:\\\/\\\/i0.wp.com\\\/notabene.world\\\/nb\\\/wp-content\\\/uploads\\\/2022\\\/04\\\/am-1.jpg?fit=800%2C445&ssl=1\",\"contentUrl\":\"https:\\\/\\\/i0.wp.com\\\/notabene.world\\\/nb\\\/wp-content\\\/uploads\\\/2022\\\/04\\\/am-1.jpg?fit=800%2C445&ssl=1\",\"width\":800,\"height\":445},{\"@type\":\"BreadcrumbList\",\"@id\":\"https:\\\/\\\/notabene.world\\\/nb\\\/kawiarnia-pod-amorem\\\/#breadcrumb\",\"itemListElement\":[{\"@type\":\"ListItem\",\"position\":1,\"name\":\"Home\",\"item\":\"https:\\\/\\\/notabene.world\\\/nb\\\/\"},{\"@type\":\"ListItem\",\"position\":2,\"name\":\"Czym jest mi\u0142o\u015b\u0107? &#8211; pora na spektakl \u017beromszczak\u00f3w!\"}]},{\"@type\":\"WebSite\",\"@id\":\"https:\\\/\\\/notabene.world\\\/nb\\\/#website\",\"url\":\"https:\\\/\\\/notabene.world\\\/nb\\\/\",\"name\":\"NOTABENE.WORLD\",\"description\":\"Przekaz. Warto\u015bci. Wsp\u00f3lnota.\",\"publisher\":{\"@id\":\"https:\\\/\\\/notabene.world\\\/nb\\\/#organization\"},\"potentialAction\":[{\"@type\":\"SearchAction\",\"target\":{\"@type\":\"EntryPoint\",\"urlTemplate\":\"https:\\\/\\\/notabene.world\\\/nb\\\/?s={search_term_string}\"},\"query-input\":{\"@type\":\"PropertyValueSpecification\",\"valueRequired\":true,\"valueName\":\"search_term_string\"}}],\"inLanguage\":\"pl-PL\"},{\"@type\":\"Organization\",\"@id\":\"https:\\\/\\\/notabene.world\\\/nb\\\/#organization\",\"name\":\"NOTABENE.WORLD\",\"url\":\"https:\\\/\\\/notabene.world\\\/nb\\\/\",\"logo\":{\"@type\":\"ImageObject\",\"inLanguage\":\"pl-PL\",\"@id\":\"https:\\\/\\\/notabene.world\\\/nb\\\/#\\\/schema\\\/logo\\\/image\\\/\",\"url\":\"https:\\\/\\\/notabene.world\\\/nb\\\/wp-content\\\/uploads\\\/2022\\\/01\\\/NB-club-start-www1.jpg\",\"contentUrl\":\"https:\\\/\\\/notabene.world\\\/nb\\\/wp-content\\\/uploads\\\/2022\\\/01\\\/NB-club-start-www1.jpg\",\"width\":1000,\"height\":839,\"caption\":\"NOTABENE.WORLD\"},\"image\":{\"@id\":\"https:\\\/\\\/notabene.world\\\/nb\\\/#\\\/schema\\\/logo\\\/image\\\/\"},\"sameAs\":[\"https:\\\/\\\/www.facebook.com\\\/Notabene.World\"]},{\"@type\":\"Person\",\"@id\":\"https:\\\/\\\/notabene.world\\\/nb\\\/#\\\/schema\\\/person\\\/b1d9ae31d71d4fc2391a4920219be808\",\"name\":\"Oliwia Masternak\",\"image\":{\"@type\":\"ImageObject\",\"inLanguage\":\"pl-PL\",\"@id\":\"https:\\\/\\\/secure.gravatar.com\\\/avatar\\\/cf5dd902e1dae3bc351aab35b8642405f3cfd2ce05b9530a6cac3103d6861888?s=96&d=mm&r=g\",\"url\":\"https:\\\/\\\/secure.gravatar.com\\\/avatar\\\/cf5dd902e1dae3bc351aab35b8642405f3cfd2ce05b9530a6cac3103d6861888?s=96&d=mm&r=g\",\"contentUrl\":\"https:\\\/\\\/secure.gravatar.com\\\/avatar\\\/cf5dd902e1dae3bc351aab35b8642405f3cfd2ce05b9530a6cac3103d6861888?s=96&d=mm&r=g\",\"caption\":\"Oliwia Masternak\"},\"url\":\"https:\\\/\\\/notabene.world\\\/nb\\\/author\\\/oliwia\\\/\"}]}<\/script>\n<!-- \/ Yoast SEO plugin. -->","yoast_head_json":{"title":"Czym jest mi\u0142o\u015b\u0107? - pora na spektakl \u017beromszczak\u00f3w! - NOTABENE.WORLD","description":"8 kwietnia 2022 roku w I liceum og\u00f3lnokszta\u0142c\u0105cym im. Stefana \u017beromskiego w Kielcach uczniowie klas trzecich wystawili sztuk\u0119 pt. ,,Kawiarnia pod Amorem\". Pocz\u0105tkowo premiera mia\u0142a si\u0119 odby\u0107 14 lutego z okazji walentynek. Po komplikacjach spowodowanych nauczaniem zdalnym w ko\u0144cu po dw\u00f3ch miesi\u0105cach op\u00f3\u017anienia uda\u0142o im si\u0119 zaprezentowa\u0107 swoje umiej\u0119tno\u015bci. Widownia by\u0142a zachwycona. Ka\u017cdy najmniejszy detal zosta\u0142 dopracowany. Rozpoczynaj\u0105c od kwestii aktor\u00f3w, przechodz\u0105c przez stroje i ko\u0144cz\u0105c na orkiestrze. Klimat zosta\u0142 zachowany w stylu lat 20. Wielu m\u0142odych ludzi zaanga\u017cowa\u0142o si\u0119 w realizacj\u0119 przedstawienia, chocia\u017cby w roz\u0142o\u017cenie sprz\u0119tu akustycznego czy pod\u015bwietlenie auli. Aktorzy wygl\u0105dali ol\u015bniewaj\u0105co w swoich strojach. Na scenie kr\u00f3lowa\u0142y bia\u0142e per\u0142y oraz bardzo charakterystyczne eleganckie stroje.","robots":{"index":"index","follow":"follow","max-snippet":"max-snippet:-1","max-image-preview":"max-image-preview:large","max-video-preview":"max-video-preview:-1"},"canonical":"https:\/\/notabene.world\/nb\/kawiarnia-pod-amorem\/","og_locale":"pl_PL","og_type":"article","og_title":"Czym jest mi\u0142o\u015b\u0107? - pora na spektakl \u017beromszczak\u00f3w! - NOTABENE.WORLD","og_description":"8 kwietnia 2022 roku w I liceum og\u00f3lnokszta\u0142c\u0105cym im. Stefana \u017beromskiego w Kielcach uczniowie klas trzecich wystawili sztuk\u0119 pt. ,,Kawiarnia pod Amorem\". Pocz\u0105tkowo premiera mia\u0142a si\u0119 odby\u0107 14 lutego z okazji walentynek. Po komplikacjach spowodowanych nauczaniem zdalnym w ko\u0144cu po dw\u00f3ch miesi\u0105cach op\u00f3\u017anienia uda\u0142o im si\u0119 zaprezentowa\u0107 swoje umiej\u0119tno\u015bci. Widownia by\u0142a zachwycona. Ka\u017cdy najmniejszy detal zosta\u0142 dopracowany. Rozpoczynaj\u0105c od kwestii aktor\u00f3w, przechodz\u0105c przez stroje i ko\u0144cz\u0105c na orkiestrze. Klimat zosta\u0142 zachowany w stylu lat 20. Wielu m\u0142odych ludzi zaanga\u017cowa\u0142o si\u0119 w realizacj\u0119 przedstawienia, chocia\u017cby w roz\u0142o\u017cenie sprz\u0119tu akustycznego czy pod\u015bwietlenie auli. Aktorzy wygl\u0105dali ol\u015bniewaj\u0105co w swoich strojach. Na scenie kr\u00f3lowa\u0142y bia\u0142e per\u0142y oraz bardzo charakterystyczne eleganckie stroje.","og_url":"https:\/\/notabene.world\/nb\/kawiarnia-pod-amorem\/","og_site_name":"NOTABENE.WORLD","article_publisher":"https:\/\/www.facebook.com\/Notabene.World","article_published_time":"2022-04-15T08:00:00+00:00","article_modified_time":"2022-05-08T23:35:54+00:00","og_image":[{"width":800,"height":445,"url":"https:\/\/notabene.world\/nb\/wp-content\/uploads\/2022\/04\/am-1.jpg","type":"image\/jpeg"}],"author":"Oliwia Masternak","twitter_card":"summary_large_image","twitter_misc":{"Napisane przez":"Oliwia Masternak","Szacowany czas czytania":"7 minut"},"schema":{"@context":"https:\/\/schema.org","@graph":[{"@type":"Article","@id":"https:\/\/notabene.world\/nb\/kawiarnia-pod-amorem\/#article","isPartOf":{"@id":"https:\/\/notabene.world\/nb\/kawiarnia-pod-amorem\/"},"author":{"name":"Oliwia Masternak","@id":"https:\/\/notabene.world\/nb\/#\/schema\/person\/b1d9ae31d71d4fc2391a4920219be808"},"headline":"Czym jest mi\u0142o\u015b\u0107? &#8211; pora na spektakl \u017beromszczak\u00f3w!","datePublished":"2022-04-15T08:00:00+00:00","dateModified":"2022-05-08T23:35:54+00:00","mainEntityOfPage":{"@id":"https:\/\/notabene.world\/nb\/kawiarnia-pod-amorem\/"},"wordCount":685,"publisher":{"@id":"https:\/\/notabene.world\/nb\/#organization"},"image":{"@id":"https:\/\/notabene.world\/nb\/kawiarnia-pod-amorem\/#primaryimage"},"thumbnailUrl":"https:\/\/i0.wp.com\/notabene.world\/nb\/wp-content\/uploads\/2022\/04\/am-1.jpg?fit=800%2C445&ssl=1","keywords":["#fotoreportaz","#KawiarenkaPodAmorem","#kultura","#spektakl","#\u017berom"],"articleSection":["Kultura","Nasz \u015awiat","Spo\u0142ecze\u0144stwo"],"inLanguage":"pl-PL"},{"@type":"WebPage","@id":"https:\/\/notabene.world\/nb\/kawiarnia-pod-amorem\/","url":"https:\/\/notabene.world\/nb\/kawiarnia-pod-amorem\/","name":"Czym jest mi\u0142o\u015b\u0107? - pora na spektakl \u017beromszczak\u00f3w! - NOTABENE.WORLD","isPartOf":{"@id":"https:\/\/notabene.world\/nb\/#website"},"primaryImageOfPage":{"@id":"https:\/\/notabene.world\/nb\/kawiarnia-pod-amorem\/#primaryimage"},"image":{"@id":"https:\/\/notabene.world\/nb\/kawiarnia-pod-amorem\/#primaryimage"},"thumbnailUrl":"https:\/\/i0.wp.com\/notabene.world\/nb\/wp-content\/uploads\/2022\/04\/am-1.jpg?fit=800%2C445&ssl=1","datePublished":"2022-04-15T08:00:00+00:00","dateModified":"2022-05-08T23:35:54+00:00","description":"8 kwietnia 2022 roku w I liceum og\u00f3lnokszta\u0142c\u0105cym im. Stefana \u017beromskiego w Kielcach uczniowie klas trzecich wystawili sztuk\u0119 pt. ,,Kawiarnia pod Amorem\". Pocz\u0105tkowo premiera mia\u0142a si\u0119 odby\u0107 14 lutego z okazji walentynek. Po komplikacjach spowodowanych nauczaniem zdalnym w ko\u0144cu po dw\u00f3ch miesi\u0105cach op\u00f3\u017anienia uda\u0142o im si\u0119 zaprezentowa\u0107 swoje umiej\u0119tno\u015bci. Widownia by\u0142a zachwycona. Ka\u017cdy najmniejszy detal zosta\u0142 dopracowany. Rozpoczynaj\u0105c od kwestii aktor\u00f3w, przechodz\u0105c przez stroje i ko\u0144cz\u0105c na orkiestrze. Klimat zosta\u0142 zachowany w stylu lat 20. Wielu m\u0142odych ludzi zaanga\u017cowa\u0142o si\u0119 w realizacj\u0119 przedstawienia, chocia\u017cby w roz\u0142o\u017cenie sprz\u0119tu akustycznego czy pod\u015bwietlenie auli. Aktorzy wygl\u0105dali ol\u015bniewaj\u0105co w swoich strojach. Na scenie kr\u00f3lowa\u0142y bia\u0142e per\u0142y oraz bardzo charakterystyczne eleganckie stroje.","breadcrumb":{"@id":"https:\/\/notabene.world\/nb\/kawiarnia-pod-amorem\/#breadcrumb"},"inLanguage":"pl-PL","potentialAction":[{"@type":"ReadAction","target":["https:\/\/notabene.world\/nb\/kawiarnia-pod-amorem\/"]}]},{"@type":"ImageObject","inLanguage":"pl-PL","@id":"https:\/\/notabene.world\/nb\/kawiarnia-pod-amorem\/#primaryimage","url":"https:\/\/i0.wp.com\/notabene.world\/nb\/wp-content\/uploads\/2022\/04\/am-1.jpg?fit=800%2C445&ssl=1","contentUrl":"https:\/\/i0.wp.com\/notabene.world\/nb\/wp-content\/uploads\/2022\/04\/am-1.jpg?fit=800%2C445&ssl=1","width":800,"height":445},{"@type":"BreadcrumbList","@id":"https:\/\/notabene.world\/nb\/kawiarnia-pod-amorem\/#breadcrumb","itemListElement":[{"@type":"ListItem","position":1,"name":"Home","item":"https:\/\/notabene.world\/nb\/"},{"@type":"ListItem","position":2,"name":"Czym jest mi\u0142o\u015b\u0107? &#8211; pora na spektakl \u017beromszczak\u00f3w!"}]},{"@type":"WebSite","@id":"https:\/\/notabene.world\/nb\/#website","url":"https:\/\/notabene.world\/nb\/","name":"NOTABENE.WORLD","description":"Przekaz. Warto\u015bci. Wsp\u00f3lnota.","publisher":{"@id":"https:\/\/notabene.world\/nb\/#organization"},"potentialAction":[{"@type":"SearchAction","target":{"@type":"EntryPoint","urlTemplate":"https:\/\/notabene.world\/nb\/?s={search_term_string}"},"query-input":{"@type":"PropertyValueSpecification","valueRequired":true,"valueName":"search_term_string"}}],"inLanguage":"pl-PL"},{"@type":"Organization","@id":"https:\/\/notabene.world\/nb\/#organization","name":"NOTABENE.WORLD","url":"https:\/\/notabene.world\/nb\/","logo":{"@type":"ImageObject","inLanguage":"pl-PL","@id":"https:\/\/notabene.world\/nb\/#\/schema\/logo\/image\/","url":"https:\/\/notabene.world\/nb\/wp-content\/uploads\/2022\/01\/NB-club-start-www1.jpg","contentUrl":"https:\/\/notabene.world\/nb\/wp-content\/uploads\/2022\/01\/NB-club-start-www1.jpg","width":1000,"height":839,"caption":"NOTABENE.WORLD"},"image":{"@id":"https:\/\/notabene.world\/nb\/#\/schema\/logo\/image\/"},"sameAs":["https:\/\/www.facebook.com\/Notabene.World"]},{"@type":"Person","@id":"https:\/\/notabene.world\/nb\/#\/schema\/person\/b1d9ae31d71d4fc2391a4920219be808","name":"Oliwia Masternak","image":{"@type":"ImageObject","inLanguage":"pl-PL","@id":"https:\/\/secure.gravatar.com\/avatar\/cf5dd902e1dae3bc351aab35b8642405f3cfd2ce05b9530a6cac3103d6861888?s=96&d=mm&r=g","url":"https:\/\/secure.gravatar.com\/avatar\/cf5dd902e1dae3bc351aab35b8642405f3cfd2ce05b9530a6cac3103d6861888?s=96&d=mm&r=g","contentUrl":"https:\/\/secure.gravatar.com\/avatar\/cf5dd902e1dae3bc351aab35b8642405f3cfd2ce05b9530a6cac3103d6861888?s=96&d=mm&r=g","caption":"Oliwia Masternak"},"url":"https:\/\/notabene.world\/nb\/author\/oliwia\/"}]}},"jetpack_featured_media_url":"https:\/\/i0.wp.com\/notabene.world\/nb\/wp-content\/uploads\/2022\/04\/am-1.jpg?fit=800%2C445&ssl=1","jetpack_sharing_enabled":true,"jetpack_shortlink":"https:\/\/wp.me\/pdCobN-1mH","_links":{"self":[{"href":"https:\/\/notabene.world\/nb\/wp-json\/wp\/v2\/posts\/5251","targetHints":{"allow":["GET"]}}],"collection":[{"href":"https:\/\/notabene.world\/nb\/wp-json\/wp\/v2\/posts"}],"about":[{"href":"https:\/\/notabene.world\/nb\/wp-json\/wp\/v2\/types\/post"}],"author":[{"embeddable":true,"href":"https:\/\/notabene.world\/nb\/wp-json\/wp\/v2\/users\/8"}],"replies":[{"embeddable":true,"href":"https:\/\/notabene.world\/nb\/wp-json\/wp\/v2\/comments?post=5251"}],"version-history":[{"count":5,"href":"https:\/\/notabene.world\/nb\/wp-json\/wp\/v2\/posts\/5251\/revisions"}],"predecessor-version":[{"id":5376,"href":"https:\/\/notabene.world\/nb\/wp-json\/wp\/v2\/posts\/5251\/revisions\/5376"}],"wp:featuredmedia":[{"embeddable":true,"href":"https:\/\/notabene.world\/nb\/wp-json\/wp\/v2\/media\/5382"}],"wp:attachment":[{"href":"https:\/\/notabene.world\/nb\/wp-json\/wp\/v2\/media?parent=5251"}],"wp:term":[{"taxonomy":"category","embeddable":true,"href":"https:\/\/notabene.world\/nb\/wp-json\/wp\/v2\/categories?post=5251"},{"taxonomy":"post_tag","embeddable":true,"href":"https:\/\/notabene.world\/nb\/wp-json\/wp\/v2\/tags?post=5251"}],"curies":[{"name":"wp","href":"https:\/\/api.w.org\/{rel}","templated":true}]}}