{"id":5416,"date":"2022-04-22T17:15:07","date_gmt":"2022-04-22T15:15:07","guid":{"rendered":"https:\/\/notabene.world\/nb\/?p=5416"},"modified":"2022-04-30T20:51:53","modified_gmt":"2022-04-30T18:51:53","slug":"ciemnosc-za-oknem","status":"publish","type":"post","link":"https:\/\/notabene.world\/nb\/ciemnosc-za-oknem\/","title":{"rendered":"Ciemno\u015b\u0107 za oknem"},"content":{"rendered":"\n<p>To by\u0142 wieczorny poci\u0105g. Ka\u017cda osoba by\u0142a zm\u0119czona, wraca\u0142a do domu, wyje\u017cd\u017ca\u0142a na wypraw\u0119, za\u0142atwia\u0142a swoje sprawy. Wybra\u0142am miejsce przy stoliku. Jest tutaj najzwyczajniej najwi\u0119cej miejsca, aby wygodnie podziwia\u0107 ciemno\u015b\u0107 za oknem. Ka\u017cde siedzenie zaj\u0119te, pasa\u017cerowie podr\u00f3\u017cuj\u0105cy z dwudziestoma baga\u017cami w t\u0119 zaskakuj\u0105co zimn\u0105, kwietniow\u0105 noc.&nbsp;<\/p>\n\n\n\n<p>Dw\u00f3jka ch\u0142opc\u00f3w siedzia\u0142a w telefonach. Mo\u017cna by powiedzie\u0107 z nud\u00f3w, co jaki\u015b czas&nbsp;starszy z nich zerka\u0142 w stron\u0119 mamy. Siedzia\u0142am w bawe\u0142nianej koszulce i kamizelce, ch\u0142opcy w bluzach i kurtkach. Wygl\u0105dali na bardzo zm\u0119czonych. Pan obok mnie tupa\u0142 nogami w rytm odpalonego na jego telefonie teledysku. Wi\u0119c przenios\u0142am wzrok na matk\u0119 ch\u0142opc\u00f3w. Ciep\u0142o ubrana, upi\u0119te w\u0142osy, niezbyt umalowana z podkr\u0105\u017conymi oczami i ma\u0142ymi zmarszczkami na czole. Wzrok wtapia w wielk\u0105 i jedyn\u0105 torb\u0119 jak\u0105 ma przy sobie, powoli zasypiaj\u0105c. Starszy z ch\u0142opc\u00f3w spojrza\u0142 si\u0119 na ni\u0105 raz jeszcze i przysi\u0119gam na ca\u0142e moje serce, \u017ce widzia\u0142am najs\u0142abszy u\u015bmiech jaki mo\u017cna by\u0142o dostrzec. Obydwoje bez wiedzy drugiego wymieniali si\u0119 takimi u\u015bmiechami, nie maj\u0105c si\u0142y na wi\u0119cej i jednocze\u015bnie wiedz\u0105c, \u017ce maj\u0105 wi\u0119cej si\u0142y. Pan obok mnie tym razem wystukiwa\u0142 na stoliku rytm s\u0142uchanego utworu. Najm\u0142odszy ju\u017c dawno usn\u0105\u0142. Jego brat patrzy si\u0119 na swoje d\u0142onie ledwo podtrzymuj\u0105c ci\u0119\u017car w\u0142asnej g\u0142owy. <\/p>\n\n\n\n<p>Komunikat. Dojechali\u015bmy do Opola.<\/p>\n\n\n\n<p>Matka jakby z ulg\u0105 powoli zapina sw\u00f3j \u017cakiet i ca\u0142uje ch\u0142opc\u00f3w w czo\u0142o.<\/p>\n\n\n\n<p>&#8222;Mamo, czy daleko jeszcze do domu?&#8221; zapyta\u0142 p\u00f3\u0142przytomny ch\u0142opiec, na oko w wieku 5 lat. Jego brat st\u0142umi\u0142 w sobie g\u0142\u0119bokie westchni\u0119cie, rodzicielka natomiast szybko, ale i tylko na chwil\u0119 zamkn\u0119\u0142a oczy, jakby chroni\u0105c si\u0119 od fali b\u00f3lu, kt\u00f3re nios\u0105 za sob\u0105 te niewinne s\u0142owa dziecka. <\/p>\n\n\n\n<p>&#8222;Do ko\u0144ca nie wiem kochanie, ale obiecuj\u0119, \u017ce ju\u017c niedaleko&#8221;<\/p>\n\n\n\n<p>I wysiedli.&nbsp;<\/p>\n\n\n\n<p>A ja zosta\u0142am sama przy stoliku. Wygodnie podziwiaj\u0105c ciemno\u015b\u0107 za oknem.&nbsp;<\/p>\n","protected":false},"excerpt":{"rendered":"<p>To by\u0142 wieczorny poci\u0105g. Ka\u017cda osoba by\u0142a zm\u0119czona, wraca\u0142a do domu, wyje\u017cd\u017ca\u0142a na wypraw\u0119, za\u0142atwia\u0142a swoje sprawy. Wybra\u0142am miejsce przy stoliku. Jest tutaj najzwyczajniej najwi\u0119cej miejsca, aby wygodnie podziwia\u0107 ciemno\u015b\u0107 za oknem. Ka\u017cde siedzenie zaj\u0119te, pasa\u017cerowie podr\u00f3\u017cuj\u0105cy z dwudziestoma baga\u017cami w t\u0119 zaskakuj\u0105co zimn\u0105, kwietniow\u0105 noc.<br \/>\nDw\u00f3jka ch\u0142opc\u00f3w siedzia\u0142a w telefonach. Mo\u017cna by powiedzie\u0107 z nud\u00f3w, co jaki\u015b czas starszy z nich zerka\u0142 w stron\u0119 mamy. Siedzia\u0142am w bawe\u0142nianej koszulce i kamizelce, ch\u0142opcy w bluzach i kurtkach. Wygl\u0105dali na bardzo zm\u0119czonych.<br \/>\n&#8222;Mamo, czy daleko jeszcze do domu?&#8221; zapyta\u0142 p\u00f3\u0142przytomny ch\u0142opiec, na oko w wieku 5 lat. Jego brat st\u0142umi\u0142 w sobie g\u0142\u0119bokie westchni\u0119cie, rodzicielka natomiast szybko, ale i tylko na chwil\u0119 zamkn\u0119\u0142a oczy, jakby chroni\u0105c si\u0119 od fali b\u00f3lu, kt\u00f3re nios\u0105 za sob\u0105 te niewinne s\u0142owa dziecka. <\/p>\n","protected":false},"author":4,"featured_media":5431,"comment_status":"closed","ping_status":"closed","sticky":false,"template":"","format":"standard","meta":{"colormag_page_container_layout":"default_layout","colormag_page_sidebar_layout":"default_layout","_jetpack_memberships_contains_paid_content":false,"footnotes":"","_links_to":"","_links_to_target":""},"categories":[42,12],"tags":[],"class_list":["post-5416","post","type-post","status-publish","format-standard","has-post-thumbnail","hentry","category-felietony","category-spoleczenstwo"],"yoast_head":"<!-- This site is optimized with the Yoast SEO plugin v27.4 - https:\/\/yoast.com\/product\/yoast-seo-wordpress\/ -->\n<title>Ciemno\u015b\u0107 za oknem - NOTABENE.WORLD<\/title>\n<meta name=\"robots\" content=\"index, follow, max-snippet:-1, max-image-preview:large, max-video-preview:-1\" \/>\n<link rel=\"canonical\" href=\"https:\/\/notabene.world\/nb\/ciemnosc-za-oknem\/\" \/>\n<meta property=\"og:locale\" content=\"pl_PL\" \/>\n<meta property=\"og:type\" content=\"article\" \/>\n<meta property=\"og:title\" content=\"Ciemno\u015b\u0107 za oknem - NOTABENE.WORLD\" \/>\n<meta property=\"og:description\" content=\"To by\u0142 wieczorny poci\u0105g. Ka\u017cda osoba by\u0142a zm\u0119czona, wraca\u0142a do domu, wyje\u017cd\u017ca\u0142a na wypraw\u0119, za\u0142atwia\u0142a swoje sprawy. Wybra\u0142am miejsce przy stoliku. Jest tutaj najzwyczajniej najwi\u0119cej miejsca, aby wygodnie podziwia\u0107 ciemno\u015b\u0107 za oknem. Ka\u017cde siedzenie zaj\u0119te, pasa\u017cerowie podr\u00f3\u017cuj\u0105cy z dwudziestoma baga\u017cami w t\u0119 zaskakuj\u0105co zimn\u0105, kwietniow\u0105 noc. Dw\u00f3jka ch\u0142opc\u00f3w siedzia\u0142a w telefonach. Mo\u017cna by powiedzie\u0107 z nud\u00f3w, co jaki\u015b czas starszy z nich zerka\u0142 w stron\u0119 mamy. Siedzia\u0142am w bawe\u0142nianej koszulce i kamizelce, ch\u0142opcy w bluzach i kurtkach. Wygl\u0105dali na bardzo zm\u0119czonych. &quot;Mamo, czy daleko jeszcze do domu?&quot; zapyta\u0142 p\u00f3\u0142przytomny ch\u0142opiec, na oko w wieku 5 lat. Jego brat st\u0142umi\u0142 w sobie g\u0142\u0119bokie westchni\u0119cie, rodzicielka natomiast szybko, ale i tylko na chwil\u0119 zamkn\u0119\u0142a oczy, jakby chroni\u0105c si\u0119 od fali b\u00f3lu, kt\u00f3re nios\u0105 za sob\u0105 te niewinne s\u0142owa dziecka.\" \/>\n<meta property=\"og:url\" content=\"https:\/\/notabene.world\/nb\/ciemnosc-za-oknem\/\" \/>\n<meta property=\"og:site_name\" content=\"NOTABENE.WORLD\" \/>\n<meta property=\"article:publisher\" content=\"https:\/\/www.facebook.com\/Notabene.World\" \/>\n<meta property=\"article:published_time\" content=\"2022-04-22T15:15:07+00:00\" \/>\n<meta property=\"article:modified_time\" content=\"2022-04-30T18:51:53+00:00\" \/>\n<meta property=\"og:image\" content=\"https:\/\/notabene.world\/nb\/wp-content\/uploads\/2022\/04\/cz.jpg\" \/>\n\t<meta property=\"og:image:width\" content=\"800\" \/>\n\t<meta property=\"og:image:height\" content=\"445\" \/>\n\t<meta property=\"og:image:type\" content=\"image\/jpeg\" \/>\n<meta name=\"author\" content=\"Wiktoria S\u0119k\" \/>\n<meta name=\"twitter:card\" content=\"summary_large_image\" \/>\n<meta name=\"twitter:label1\" content=\"Napisane przez\" \/>\n\t<meta name=\"twitter:data1\" content=\"Wiktoria S\u0119k\" \/>\n\t<meta name=\"twitter:label2\" content=\"Szacowany czas czytania\" \/>\n\t<meta name=\"twitter:data2\" content=\"2 minuty\" \/>\n<script type=\"application\/ld+json\" class=\"yoast-schema-graph\">{\"@context\":\"https:\\\/\\\/schema.org\",\"@graph\":[{\"@type\":\"Article\",\"@id\":\"https:\\\/\\\/notabene.world\\\/nb\\\/ciemnosc-za-oknem\\\/#article\",\"isPartOf\":{\"@id\":\"https:\\\/\\\/notabene.world\\\/nb\\\/ciemnosc-za-oknem\\\/\"},\"author\":{\"name\":\"Wiktoria S\u0119k\",\"@id\":\"https:\\\/\\\/notabene.world\\\/nb\\\/#\\\/schema\\\/person\\\/f0c564b35774612eb9d01411cf7db155\"},\"headline\":\"Ciemno\u015b\u0107 za oknem\",\"datePublished\":\"2022-04-22T15:15:07+00:00\",\"dateModified\":\"2022-04-30T18:51:53+00:00\",\"mainEntityOfPage\":{\"@id\":\"https:\\\/\\\/notabene.world\\\/nb\\\/ciemnosc-za-oknem\\\/\"},\"wordCount\":371,\"publisher\":{\"@id\":\"https:\\\/\\\/notabene.world\\\/nb\\\/#organization\"},\"image\":{\"@id\":\"https:\\\/\\\/notabene.world\\\/nb\\\/ciemnosc-za-oknem\\\/#primaryimage\"},\"thumbnailUrl\":\"https:\\\/\\\/i0.wp.com\\\/notabene.world\\\/nb\\\/wp-content\\\/uploads\\\/2022\\\/04\\\/cz.jpg?fit=800%2C445&ssl=1\",\"articleSection\":[\"Felietony\",\"Nasz \u015awiat\"],\"inLanguage\":\"pl-PL\"},{\"@type\":\"WebPage\",\"@id\":\"https:\\\/\\\/notabene.world\\\/nb\\\/ciemnosc-za-oknem\\\/\",\"url\":\"https:\\\/\\\/notabene.world\\\/nb\\\/ciemnosc-za-oknem\\\/\",\"name\":\"Ciemno\u015b\u0107 za oknem - NOTABENE.WORLD\",\"isPartOf\":{\"@id\":\"https:\\\/\\\/notabene.world\\\/nb\\\/#website\"},\"primaryImageOfPage\":{\"@id\":\"https:\\\/\\\/notabene.world\\\/nb\\\/ciemnosc-za-oknem\\\/#primaryimage\"},\"image\":{\"@id\":\"https:\\\/\\\/notabene.world\\\/nb\\\/ciemnosc-za-oknem\\\/#primaryimage\"},\"thumbnailUrl\":\"https:\\\/\\\/i0.wp.com\\\/notabene.world\\\/nb\\\/wp-content\\\/uploads\\\/2022\\\/04\\\/cz.jpg?fit=800%2C445&ssl=1\",\"datePublished\":\"2022-04-22T15:15:07+00:00\",\"dateModified\":\"2022-04-30T18:51:53+00:00\",\"breadcrumb\":{\"@id\":\"https:\\\/\\\/notabene.world\\\/nb\\\/ciemnosc-za-oknem\\\/#breadcrumb\"},\"inLanguage\":\"pl-PL\",\"potentialAction\":[{\"@type\":\"ReadAction\",\"target\":[\"https:\\\/\\\/notabene.world\\\/nb\\\/ciemnosc-za-oknem\\\/\"]}]},{\"@type\":\"ImageObject\",\"inLanguage\":\"pl-PL\",\"@id\":\"https:\\\/\\\/notabene.world\\\/nb\\\/ciemnosc-za-oknem\\\/#primaryimage\",\"url\":\"https:\\\/\\\/i0.wp.com\\\/notabene.world\\\/nb\\\/wp-content\\\/uploads\\\/2022\\\/04\\\/cz.jpg?fit=800%2C445&ssl=1\",\"contentUrl\":\"https:\\\/\\\/i0.wp.com\\\/notabene.world\\\/nb\\\/wp-content\\\/uploads\\\/2022\\\/04\\\/cz.jpg?fit=800%2C445&ssl=1\",\"width\":800,\"height\":445},{\"@type\":\"BreadcrumbList\",\"@id\":\"https:\\\/\\\/notabene.world\\\/nb\\\/ciemnosc-za-oknem\\\/#breadcrumb\",\"itemListElement\":[{\"@type\":\"ListItem\",\"position\":1,\"name\":\"Home\",\"item\":\"https:\\\/\\\/notabene.world\\\/nb\\\/\"},{\"@type\":\"ListItem\",\"position\":2,\"name\":\"Ciemno\u015b\u0107 za oknem\"}]},{\"@type\":\"WebSite\",\"@id\":\"https:\\\/\\\/notabene.world\\\/nb\\\/#website\",\"url\":\"https:\\\/\\\/notabene.world\\\/nb\\\/\",\"name\":\"NOTABENE.WORLD\",\"description\":\"Przekaz. Warto\u015bci. Wsp\u00f3lnota.\",\"publisher\":{\"@id\":\"https:\\\/\\\/notabene.world\\\/nb\\\/#organization\"},\"potentialAction\":[{\"@type\":\"SearchAction\",\"target\":{\"@type\":\"EntryPoint\",\"urlTemplate\":\"https:\\\/\\\/notabene.world\\\/nb\\\/?s={search_term_string}\"},\"query-input\":{\"@type\":\"PropertyValueSpecification\",\"valueRequired\":true,\"valueName\":\"search_term_string\"}}],\"inLanguage\":\"pl-PL\"},{\"@type\":\"Organization\",\"@id\":\"https:\\\/\\\/notabene.world\\\/nb\\\/#organization\",\"name\":\"NOTABENE.WORLD\",\"url\":\"https:\\\/\\\/notabene.world\\\/nb\\\/\",\"logo\":{\"@type\":\"ImageObject\",\"inLanguage\":\"pl-PL\",\"@id\":\"https:\\\/\\\/notabene.world\\\/nb\\\/#\\\/schema\\\/logo\\\/image\\\/\",\"url\":\"https:\\\/\\\/notabene.world\\\/nb\\\/wp-content\\\/uploads\\\/2022\\\/01\\\/NB-club-start-www1.jpg\",\"contentUrl\":\"https:\\\/\\\/notabene.world\\\/nb\\\/wp-content\\\/uploads\\\/2022\\\/01\\\/NB-club-start-www1.jpg\",\"width\":1000,\"height\":839,\"caption\":\"NOTABENE.WORLD\"},\"image\":{\"@id\":\"https:\\\/\\\/notabene.world\\\/nb\\\/#\\\/schema\\\/logo\\\/image\\\/\"},\"sameAs\":[\"https:\\\/\\\/www.facebook.com\\\/Notabene.World\"]},{\"@type\":\"Person\",\"@id\":\"https:\\\/\\\/notabene.world\\\/nb\\\/#\\\/schema\\\/person\\\/f0c564b35774612eb9d01411cf7db155\",\"name\":\"Wiktoria S\u0119k\",\"image\":{\"@type\":\"ImageObject\",\"inLanguage\":\"pl-PL\",\"@id\":\"https:\\\/\\\/secure.gravatar.com\\\/avatar\\\/06090a995bb3a0f3689d57f910a642c6bc8f38e52120867ff3015b7ac22dcb80?s=96&d=mm&r=g\",\"url\":\"https:\\\/\\\/secure.gravatar.com\\\/avatar\\\/06090a995bb3a0f3689d57f910a642c6bc8f38e52120867ff3015b7ac22dcb80?s=96&d=mm&r=g\",\"contentUrl\":\"https:\\\/\\\/secure.gravatar.com\\\/avatar\\\/06090a995bb3a0f3689d57f910a642c6bc8f38e52120867ff3015b7ac22dcb80?s=96&d=mm&r=g\",\"caption\":\"Wiktoria S\u0119k\"},\"url\":\"https:\\\/\\\/notabene.world\\\/nb\\\/author\\\/wiktoria\\\/\"}]}<\/script>\n<!-- \/ Yoast SEO plugin. -->","yoast_head_json":{"title":"Ciemno\u015b\u0107 za oknem - NOTABENE.WORLD","robots":{"index":"index","follow":"follow","max-snippet":"max-snippet:-1","max-image-preview":"max-image-preview:large","max-video-preview":"max-video-preview:-1"},"canonical":"https:\/\/notabene.world\/nb\/ciemnosc-za-oknem\/","og_locale":"pl_PL","og_type":"article","og_title":"Ciemno\u015b\u0107 za oknem - NOTABENE.WORLD","og_description":"To by\u0142 wieczorny poci\u0105g. Ka\u017cda osoba by\u0142a zm\u0119czona, wraca\u0142a do domu, wyje\u017cd\u017ca\u0142a na wypraw\u0119, za\u0142atwia\u0142a swoje sprawy. Wybra\u0142am miejsce przy stoliku. Jest tutaj najzwyczajniej najwi\u0119cej miejsca, aby wygodnie podziwia\u0107 ciemno\u015b\u0107 za oknem. Ka\u017cde siedzenie zaj\u0119te, pasa\u017cerowie podr\u00f3\u017cuj\u0105cy z dwudziestoma baga\u017cami w t\u0119 zaskakuj\u0105co zimn\u0105, kwietniow\u0105 noc. Dw\u00f3jka ch\u0142opc\u00f3w siedzia\u0142a w telefonach. Mo\u017cna by powiedzie\u0107 z nud\u00f3w, co jaki\u015b czas starszy z nich zerka\u0142 w stron\u0119 mamy. Siedzia\u0142am w bawe\u0142nianej koszulce i kamizelce, ch\u0142opcy w bluzach i kurtkach. Wygl\u0105dali na bardzo zm\u0119czonych. \"Mamo, czy daleko jeszcze do domu?\" zapyta\u0142 p\u00f3\u0142przytomny ch\u0142opiec, na oko w wieku 5 lat. Jego brat st\u0142umi\u0142 w sobie g\u0142\u0119bokie westchni\u0119cie, rodzicielka natomiast szybko, ale i tylko na chwil\u0119 zamkn\u0119\u0142a oczy, jakby chroni\u0105c si\u0119 od fali b\u00f3lu, kt\u00f3re nios\u0105 za sob\u0105 te niewinne s\u0142owa dziecka.","og_url":"https:\/\/notabene.world\/nb\/ciemnosc-za-oknem\/","og_site_name":"NOTABENE.WORLD","article_publisher":"https:\/\/www.facebook.com\/Notabene.World","article_published_time":"2022-04-22T15:15:07+00:00","article_modified_time":"2022-04-30T18:51:53+00:00","og_image":[{"width":800,"height":445,"url":"https:\/\/notabene.world\/nb\/wp-content\/uploads\/2022\/04\/cz.jpg","type":"image\/jpeg"}],"author":"Wiktoria S\u0119k","twitter_card":"summary_large_image","twitter_misc":{"Napisane przez":"Wiktoria S\u0119k","Szacowany czas czytania":"2 minuty"},"schema":{"@context":"https:\/\/schema.org","@graph":[{"@type":"Article","@id":"https:\/\/notabene.world\/nb\/ciemnosc-za-oknem\/#article","isPartOf":{"@id":"https:\/\/notabene.world\/nb\/ciemnosc-za-oknem\/"},"author":{"name":"Wiktoria S\u0119k","@id":"https:\/\/notabene.world\/nb\/#\/schema\/person\/f0c564b35774612eb9d01411cf7db155"},"headline":"Ciemno\u015b\u0107 za oknem","datePublished":"2022-04-22T15:15:07+00:00","dateModified":"2022-04-30T18:51:53+00:00","mainEntityOfPage":{"@id":"https:\/\/notabene.world\/nb\/ciemnosc-za-oknem\/"},"wordCount":371,"publisher":{"@id":"https:\/\/notabene.world\/nb\/#organization"},"image":{"@id":"https:\/\/notabene.world\/nb\/ciemnosc-za-oknem\/#primaryimage"},"thumbnailUrl":"https:\/\/i0.wp.com\/notabene.world\/nb\/wp-content\/uploads\/2022\/04\/cz.jpg?fit=800%2C445&ssl=1","articleSection":["Felietony","Nasz \u015awiat"],"inLanguage":"pl-PL"},{"@type":"WebPage","@id":"https:\/\/notabene.world\/nb\/ciemnosc-za-oknem\/","url":"https:\/\/notabene.world\/nb\/ciemnosc-za-oknem\/","name":"Ciemno\u015b\u0107 za oknem - NOTABENE.WORLD","isPartOf":{"@id":"https:\/\/notabene.world\/nb\/#website"},"primaryImageOfPage":{"@id":"https:\/\/notabene.world\/nb\/ciemnosc-za-oknem\/#primaryimage"},"image":{"@id":"https:\/\/notabene.world\/nb\/ciemnosc-za-oknem\/#primaryimage"},"thumbnailUrl":"https:\/\/i0.wp.com\/notabene.world\/nb\/wp-content\/uploads\/2022\/04\/cz.jpg?fit=800%2C445&ssl=1","datePublished":"2022-04-22T15:15:07+00:00","dateModified":"2022-04-30T18:51:53+00:00","breadcrumb":{"@id":"https:\/\/notabene.world\/nb\/ciemnosc-za-oknem\/#breadcrumb"},"inLanguage":"pl-PL","potentialAction":[{"@type":"ReadAction","target":["https:\/\/notabene.world\/nb\/ciemnosc-za-oknem\/"]}]},{"@type":"ImageObject","inLanguage":"pl-PL","@id":"https:\/\/notabene.world\/nb\/ciemnosc-za-oknem\/#primaryimage","url":"https:\/\/i0.wp.com\/notabene.world\/nb\/wp-content\/uploads\/2022\/04\/cz.jpg?fit=800%2C445&ssl=1","contentUrl":"https:\/\/i0.wp.com\/notabene.world\/nb\/wp-content\/uploads\/2022\/04\/cz.jpg?fit=800%2C445&ssl=1","width":800,"height":445},{"@type":"BreadcrumbList","@id":"https:\/\/notabene.world\/nb\/ciemnosc-za-oknem\/#breadcrumb","itemListElement":[{"@type":"ListItem","position":1,"name":"Home","item":"https:\/\/notabene.world\/nb\/"},{"@type":"ListItem","position":2,"name":"Ciemno\u015b\u0107 za oknem"}]},{"@type":"WebSite","@id":"https:\/\/notabene.world\/nb\/#website","url":"https:\/\/notabene.world\/nb\/","name":"NOTABENE.WORLD","description":"Przekaz. Warto\u015bci. Wsp\u00f3lnota.","publisher":{"@id":"https:\/\/notabene.world\/nb\/#organization"},"potentialAction":[{"@type":"SearchAction","target":{"@type":"EntryPoint","urlTemplate":"https:\/\/notabene.world\/nb\/?s={search_term_string}"},"query-input":{"@type":"PropertyValueSpecification","valueRequired":true,"valueName":"search_term_string"}}],"inLanguage":"pl-PL"},{"@type":"Organization","@id":"https:\/\/notabene.world\/nb\/#organization","name":"NOTABENE.WORLD","url":"https:\/\/notabene.world\/nb\/","logo":{"@type":"ImageObject","inLanguage":"pl-PL","@id":"https:\/\/notabene.world\/nb\/#\/schema\/logo\/image\/","url":"https:\/\/notabene.world\/nb\/wp-content\/uploads\/2022\/01\/NB-club-start-www1.jpg","contentUrl":"https:\/\/notabene.world\/nb\/wp-content\/uploads\/2022\/01\/NB-club-start-www1.jpg","width":1000,"height":839,"caption":"NOTABENE.WORLD"},"image":{"@id":"https:\/\/notabene.world\/nb\/#\/schema\/logo\/image\/"},"sameAs":["https:\/\/www.facebook.com\/Notabene.World"]},{"@type":"Person","@id":"https:\/\/notabene.world\/nb\/#\/schema\/person\/f0c564b35774612eb9d01411cf7db155","name":"Wiktoria S\u0119k","image":{"@type":"ImageObject","inLanguage":"pl-PL","@id":"https:\/\/secure.gravatar.com\/avatar\/06090a995bb3a0f3689d57f910a642c6bc8f38e52120867ff3015b7ac22dcb80?s=96&d=mm&r=g","url":"https:\/\/secure.gravatar.com\/avatar\/06090a995bb3a0f3689d57f910a642c6bc8f38e52120867ff3015b7ac22dcb80?s=96&d=mm&r=g","contentUrl":"https:\/\/secure.gravatar.com\/avatar\/06090a995bb3a0f3689d57f910a642c6bc8f38e52120867ff3015b7ac22dcb80?s=96&d=mm&r=g","caption":"Wiktoria S\u0119k"},"url":"https:\/\/notabene.world\/nb\/author\/wiktoria\/"}]}},"jetpack_featured_media_url":"https:\/\/i0.wp.com\/notabene.world\/nb\/wp-content\/uploads\/2022\/04\/cz.jpg?fit=800%2C445&ssl=1","jetpack_sharing_enabled":true,"jetpack_shortlink":"https:\/\/wp.me\/pdCobN-1pm","_links":{"self":[{"href":"https:\/\/notabene.world\/nb\/wp-json\/wp\/v2\/posts\/5416","targetHints":{"allow":["GET"]}}],"collection":[{"href":"https:\/\/notabene.world\/nb\/wp-json\/wp\/v2\/posts"}],"about":[{"href":"https:\/\/notabene.world\/nb\/wp-json\/wp\/v2\/types\/post"}],"author":[{"embeddable":true,"href":"https:\/\/notabene.world\/nb\/wp-json\/wp\/v2\/users\/4"}],"replies":[{"embeddable":true,"href":"https:\/\/notabene.world\/nb\/wp-json\/wp\/v2\/comments?post=5416"}],"version-history":[{"count":5,"href":"https:\/\/notabene.world\/nb\/wp-json\/wp\/v2\/posts\/5416\/revisions"}],"predecessor-version":[{"id":5424,"href":"https:\/\/notabene.world\/nb\/wp-json\/wp\/v2\/posts\/5416\/revisions\/5424"}],"wp:featuredmedia":[{"embeddable":true,"href":"https:\/\/notabene.world\/nb\/wp-json\/wp\/v2\/media\/5431"}],"wp:attachment":[{"href":"https:\/\/notabene.world\/nb\/wp-json\/wp\/v2\/media?parent=5416"}],"wp:term":[{"taxonomy":"category","embeddable":true,"href":"https:\/\/notabene.world\/nb\/wp-json\/wp\/v2\/categories?post=5416"},{"taxonomy":"post_tag","embeddable":true,"href":"https:\/\/notabene.world\/nb\/wp-json\/wp\/v2\/tags?post=5416"}],"curies":[{"name":"wp","href":"https:\/\/api.w.org\/{rel}","templated":true}]}}