{"id":5647,"date":"2022-05-01T21:54:41","date_gmt":"2022-05-01T19:54:41","guid":{"rendered":"https:\/\/notabene.world\/nb\/?p=5647"},"modified":"2022-07-24T08:32:01","modified_gmt":"2022-07-24T06:32:01","slug":"miliardy-metrow-szesciennych","status":"publish","type":"post","link":"https:\/\/notabene.world\/nb\/miliardy-metrow-szesciennych\/","title":{"rendered":"Miliardy metr\u00f3w sze\u015bciennych\u2026"},"content":{"rendered":"\n<p><\/p>\n\n\n\n<p>Niedziela,1 maja, dla wielu ludzi starszego pokolenia to \u015awi\u0119to Pracy, dla m\u0142odszego &#8211; rocznica wst\u0105pienia Polski do Unii Europejskiej. Dla niekt\u00f3rych za\u015b to tylko drugi dzie\u0144 majowego weekendu. Pytanie, dlaczego nie \u015bwi\u0119tujemy tej rocznicy (ju\u017c osiemnastej) &nbsp;powszechnie,&nbsp; powinno nas, spo\u0142ecze\u0144stwo, mocno niepokoi\u0107. Co prawda, z inicjatywy &nbsp;europos\u0142\u00f3w lub organizacji spo\u0142ecznych odby\u0142y si\u0119 pikniki i spotkania, jednak wiele samorz\u0105d\u00f3w t\u0119 rocznic\u0119 \u201eza\u0142atwia\u201d poprzez wywieszenie unijnych flag. S\u0105 te\u017c takie, kt\u00f3re nie wykonuj\u0105 nawet tego symbolicznego gestu, a przecie\u017c przez ostatnie 18 lat Polacy zyskali tak wiele.<\/p>\n\n\n\n<p>Wed\u0142ug danych Ministerstwa Finans\u00f3w do ko\u0144ca listopada 2021 roku Polska pozyska\u0142a z unijnego bud\u017cetu prawie 210,4 mld EUR, wp\u0142acaj\u0105c do bud\u017cetu UE ponad 68,6 mld EUR (uwzgl\u0119dniaj\u0105c sk\u0142adk\u0119 i zwroty). To dzi\u0119ki wst\u0105pieniu do UE, opr\u00f3cz pieni\u0119dzy i otwartych granic, uzyskali\u015bmy bezpiecze\u0144stwo bycia we wsp\u00f3lnocie. Wida\u0107 to by\u0142o chocia\u017cby w czasie pandemii COVID-19. Teraz, w okresie tocz\u0105cej si\u0119 wojny, bezpiecze\u0144stwo jest jeszcze wa\u017cniejsze, bo wojna to nie tylko dzia\u0142ania na froncie, to tak\u017ce reperkusje gospodarcze dla wszystkich, szczeg\u00f3lnie dla tych, kt\u00f3rzy pomagaj\u0105 Ukrainie.<\/p>\n\n\n\n<p>W \u015brod\u0119 Rosja wstrzyma\u0142a dostawy gazu do Polski w ramach kontraktu jamalskiego, informuj\u0105c, \u017ce to efekt odmowy przej\u015bcia na ruble w rozliczeniach pomi\u0119dzy PGNiG i Gazpromem. Dzi\u015b Polska zu\u017cywa rocznie oko\u0142o 21 mld m<sup>3<\/sup> gazu, z czego 9 mld pochodzi z Rosji. Aby zapewni\u0107 bezpiecze\u0144stwo gazowe, trzeba znale\u017a\u0107 &nbsp;te brakuj\u0105ce 9 mld m<sup>3<\/sup> gazu. Wydobycie krajowe to ok. 4 mld m<sup>3<\/sup>,wci\u0105\u017c wi\u0119c brakuje ponad 5 mld m<sup>3<\/sup>. Gaz ten mo\u017cemy sprowadzi\u0107 w cz\u0119\u015bci do terminalu LNG w \u015awinouj\u015bciu, docelowo mo\u017cna t\u0105 drog\u0105 przepompowa\u0107 6,2 mld m<sup>3 &nbsp;<\/sup>(teraz pozyskujemy 3,8 mld m<sup>3<\/sup>).<\/p>\n\n\n\n<p>Dzi\u015b, tj. 1 maja, &nbsp;powinien by\u0107 otwarty terminal w K\u0142ajpedzie, &nbsp;polsko-litewski interkonektor &nbsp;GIPL, kt\u00f3ry umo\u017cliwi \u015bci\u0105gni\u0119cie 1,5 mld m przez Litw\u0119. Na prze\u0142omie wrze\u015bnia i pa\u017adziernika zacznie te\u017c dzia\u0142a\u0107 gazoci\u0105g Baltic Pipe. Otworzy to dla Polski mo\u017cliwo\u015b\u0107 importu gazu norweskiego, niestety z powodu op\u00f3\u017anie\u0144 w budowie ruroci\u0105gu w Danii w tym roku pop\u0142ynie przez niego tylko 0,6 mld m<sup>3<\/sup>. Gazoci\u0105g osi\u0105gnie swoj\u0105 pe\u0142n\u0105 moc dopiero w 2023 roku, ale pytanie, ile gazu pop\u0142ynie do Polski, jest otwarte. Wszyscy w Europie szukaj\u0105 przecie\u017c nowych \u017ar\u00f3de\u0142, konkurencja b\u0119dzie wi\u0119c spora. Gaz mo\u017cemy sprowadza\u0107 r\u00f3wnie\u017c z Niemiec i S\u0142owacji, ale to ci\u0105gle gaz rosyjski. Na szcz\u0119\u015bcie mamy jeszcze zapas w magazynach wype\u0142nionych w 76%, ale to \u201e\u017celazna\u201d rezerwa, wystarczy na oko\u0142o 2 miesi\u0105ce. O tym, jak wygl\u0105da \u017cycie bez niebieskiego paliwa, przekona\u0142y si\u0119 gminy (10) obs\u0142ugiwane przez firm\u0119 wpisan\u0105 na polsk\u0105 list\u0119 sankcyjn\u0105. Zakr\u0119cone przez 2 dni kurki spowodowa\u0142y ogromne zamieszanie, zw\u0142aszcza w miejscowo\u015bciach wypoczynkowych (np. w \u0141ebie). W sobot\u0119 gaz wr\u00f3ci\u0142 do rur. Mieszka\u0144cy, w\u0142a\u015bciciele hoteli i pensjonat\u00f3w odetchn\u0119li z ulg\u0105. Maj\u00f3wka na pewno pozwoli im uzupe\u0142ni\u0107 nadw\u0105tlone pandemi\u0105 dochody.<\/p>\n\n\n\n<p>Podano nowe dane dotycz\u0105ce kwietniowej inflacji: ju\u017c jest na poziomie 12,3%. To najwi\u0119ksza inflacja od 24 lat. Analitycy finansowi spodziewaj\u0105 si\u0119 dalszych wzrost\u00f3w.<\/p>\n\n\n\n<p>Wojna w Ukrainie trwa ju\u017c 67 dzie\u0144. Ci\u0105g\u0142e ataki w Donbasie, zniszczone lotnisko w Odessie. Coraz g\u0142o\u015bniej m\u00f3wi si\u0119, \u017ce Rosja zamierza rozszerzy\u0107 front o Naddniestrze, co brzmi bardzo niepokoj\u0105co.<\/p>\n\n\n\n<p>I tak ko\u0144czy si\u0119 niedziela, dzie\u0144 \u015bwi\u0119towania i odpoczynku. Jutro \u015awi\u0119to Flagi, pojutrze 231. rocznica uchwalenia Konstytucji 3 Maja przez Sejm w 1791 roku. Mamy o czym pami\u0119ta\u0107. &nbsp;&nbsp;<\/p>\n","protected":false},"excerpt":{"rendered":"<p>Niedziela,1 maja, dla wielu ludzi starszego pokolenia to \u015awi\u0119to Pracy, dla m\u0142odszego &#8211; rocznica wst\u0105pienia Polski do Unii Europejskiej. Dla niekt\u00f3rych za\u015b to tylko drugi dzie\u0144 majowego weekendu. Pytanie, dlaczego nie \u015bwi\u0119tujemy tej rocznicy (ju\u017c osiemnastej) powszechnie, powinno nas, spo\u0142ecze\u0144stwo, mocno niepokoi\u0107. Co prawda, z inicjatywy \u00a0europos\u0142\u00f3w lub organizacji spo\u0142ecznych odby\u0142y si\u0119 pikniki i spotkania, jednak wiele samorz\u0105d\u00f3w t\u0119 rocznic\u0119 \u201eza\u0142atwia\u201d poprzez wywieszenie unijnych flag. S\u0105 te\u017c takie, kt\u00f3re nie wykonuj\u0105 nawet tego symbolicznego gestu, a przecie\u017c przez ostatnie 18 lat Polacy zyskali tak wiele.<\/p>\n","protected":false},"author":35,"featured_media":5655,"comment_status":"closed","ping_status":"closed","sticky":false,"template":"","format":"standard","meta":{"colormag_page_container_layout":"default_layout","colormag_page_sidebar_layout":"default_layout","_jetpack_memberships_contains_paid_content":false,"footnotes":"","_links_to":"","_links_to_target":""},"categories":[42,175,150],"tags":[],"class_list":["post-5647","post","type-post","status-publish","format-standard","has-post-thumbnail","hentry","category-felietony","category-liczby-i-fakty","category-publicystyka"],"yoast_head":"<!-- This site is optimized with the Yoast SEO plugin v27.4 - https:\/\/yoast.com\/product\/yoast-seo-wordpress\/ -->\n<title>Miliardy metr\u00f3w sze\u015bciennych\u2026 - NOTABENE.WORLD<\/title>\n<meta name=\"robots\" content=\"index, follow, max-snippet:-1, max-image-preview:large, max-video-preview:-1\" \/>\n<link rel=\"canonical\" href=\"https:\/\/notabene.world\/nb\/miliardy-metrow-szesciennych\/\" \/>\n<meta property=\"og:locale\" content=\"pl_PL\" \/>\n<meta property=\"og:type\" content=\"article\" \/>\n<meta property=\"og:title\" content=\"Miliardy metr\u00f3w sze\u015bciennych\u2026 - NOTABENE.WORLD\" \/>\n<meta property=\"og:description\" content=\"Niedziela,1 maja, dla wielu ludzi starszego pokolenia to \u015awi\u0119to Pracy, dla m\u0142odszego - rocznica wst\u0105pienia Polski do Unii Europejskiej. Dla niekt\u00f3rych za\u015b to tylko drugi dzie\u0144 majowego weekendu. Pytanie, dlaczego nie \u015bwi\u0119tujemy tej rocznicy (ju\u017c osiemnastej) powszechnie, powinno nas, spo\u0142ecze\u0144stwo, mocno niepokoi\u0107. Co prawda, z inicjatywy \u00a0europos\u0142\u00f3w lub organizacji spo\u0142ecznych odby\u0142y si\u0119 pikniki i spotkania, jednak wiele samorz\u0105d\u00f3w t\u0119 rocznic\u0119 \u201eza\u0142atwia\u201d poprzez wywieszenie unijnych flag. S\u0105 te\u017c takie, kt\u00f3re nie wykonuj\u0105 nawet tego symbolicznego gestu, a przecie\u017c przez ostatnie 18 lat Polacy zyskali tak wiele.\" \/>\n<meta property=\"og:url\" content=\"https:\/\/notabene.world\/nb\/miliardy-metrow-szesciennych\/\" \/>\n<meta property=\"og:site_name\" content=\"NOTABENE.WORLD\" \/>\n<meta property=\"article:publisher\" content=\"https:\/\/www.facebook.com\/Notabene.World\" \/>\n<meta property=\"article:published_time\" content=\"2022-05-01T19:54:41+00:00\" \/>\n<meta property=\"article:modified_time\" content=\"2022-07-24T06:32:01+00:00\" \/>\n<meta property=\"og:image\" content=\"https:\/\/notabene.world\/nb\/wp-content\/uploads\/2022\/05\/n6b.jpg\" \/>\n\t<meta property=\"og:image:width\" content=\"800\" \/>\n\t<meta property=\"og:image:height\" content=\"445\" \/>\n\t<meta property=\"og:image:type\" content=\"image\/jpeg\" \/>\n<meta name=\"author\" content=\"B D\" \/>\n<meta name=\"twitter:card\" content=\"summary_large_image\" \/>\n<meta name=\"twitter:label1\" content=\"Napisane przez\" \/>\n\t<meta name=\"twitter:data1\" content=\"B D\" \/>\n\t<meta name=\"twitter:label2\" content=\"Szacowany czas czytania\" \/>\n\t<meta name=\"twitter:data2\" content=\"4 minuty\" \/>\n<script type=\"application\/ld+json\" class=\"yoast-schema-graph\">{\"@context\":\"https:\\\/\\\/schema.org\",\"@graph\":[{\"@type\":\"Article\",\"@id\":\"https:\\\/\\\/notabene.world\\\/nb\\\/miliardy-metrow-szesciennych\\\/#article\",\"isPartOf\":{\"@id\":\"https:\\\/\\\/notabene.world\\\/nb\\\/miliardy-metrow-szesciennych\\\/\"},\"author\":{\"name\":\"B D\",\"@id\":\"https:\\\/\\\/notabene.world\\\/nb\\\/#\\\/schema\\\/person\\\/9081f0d094ad3e2767736feb48c99520\"},\"headline\":\"Miliardy metr\u00f3w sze\u015bciennych\u2026\",\"datePublished\":\"2022-05-01T19:54:41+00:00\",\"dateModified\":\"2022-07-24T06:32:01+00:00\",\"mainEntityOfPage\":{\"@id\":\"https:\\\/\\\/notabene.world\\\/nb\\\/miliardy-metrow-szesciennych\\\/\"},\"wordCount\":621,\"publisher\":{\"@id\":\"https:\\\/\\\/notabene.world\\\/nb\\\/#organization\"},\"image\":{\"@id\":\"https:\\\/\\\/notabene.world\\\/nb\\\/miliardy-metrow-szesciennych\\\/#primaryimage\"},\"thumbnailUrl\":\"https:\\\/\\\/i0.wp.com\\\/notabene.world\\\/nb\\\/wp-content\\\/uploads\\\/2022\\\/05\\\/n6b.jpg?fit=800%2C445&ssl=1\",\"articleSection\":[\"Felietony\",\"Liczby i Fakty\",\"Publicystyka\"],\"inLanguage\":\"pl-PL\"},{\"@type\":\"WebPage\",\"@id\":\"https:\\\/\\\/notabene.world\\\/nb\\\/miliardy-metrow-szesciennych\\\/\",\"url\":\"https:\\\/\\\/notabene.world\\\/nb\\\/miliardy-metrow-szesciennych\\\/\",\"name\":\"Miliardy metr\u00f3w sze\u015bciennych\u2026 - NOTABENE.WORLD\",\"isPartOf\":{\"@id\":\"https:\\\/\\\/notabene.world\\\/nb\\\/#website\"},\"primaryImageOfPage\":{\"@id\":\"https:\\\/\\\/notabene.world\\\/nb\\\/miliardy-metrow-szesciennych\\\/#primaryimage\"},\"image\":{\"@id\":\"https:\\\/\\\/notabene.world\\\/nb\\\/miliardy-metrow-szesciennych\\\/#primaryimage\"},\"thumbnailUrl\":\"https:\\\/\\\/i0.wp.com\\\/notabene.world\\\/nb\\\/wp-content\\\/uploads\\\/2022\\\/05\\\/n6b.jpg?fit=800%2C445&ssl=1\",\"datePublished\":\"2022-05-01T19:54:41+00:00\",\"dateModified\":\"2022-07-24T06:32:01+00:00\",\"breadcrumb\":{\"@id\":\"https:\\\/\\\/notabene.world\\\/nb\\\/miliardy-metrow-szesciennych\\\/#breadcrumb\"},\"inLanguage\":\"pl-PL\",\"potentialAction\":[{\"@type\":\"ReadAction\",\"target\":[\"https:\\\/\\\/notabene.world\\\/nb\\\/miliardy-metrow-szesciennych\\\/\"]}]},{\"@type\":\"ImageObject\",\"inLanguage\":\"pl-PL\",\"@id\":\"https:\\\/\\\/notabene.world\\\/nb\\\/miliardy-metrow-szesciennych\\\/#primaryimage\",\"url\":\"https:\\\/\\\/i0.wp.com\\\/notabene.world\\\/nb\\\/wp-content\\\/uploads\\\/2022\\\/05\\\/n6b.jpg?fit=800%2C445&ssl=1\",\"contentUrl\":\"https:\\\/\\\/i0.wp.com\\\/notabene.world\\\/nb\\\/wp-content\\\/uploads\\\/2022\\\/05\\\/n6b.jpg?fit=800%2C445&ssl=1\",\"width\":800,\"height\":445,\"caption\":\"colorful abstract random numbers background\"},{\"@type\":\"BreadcrumbList\",\"@id\":\"https:\\\/\\\/notabene.world\\\/nb\\\/miliardy-metrow-szesciennych\\\/#breadcrumb\",\"itemListElement\":[{\"@type\":\"ListItem\",\"position\":1,\"name\":\"Home\",\"item\":\"https:\\\/\\\/notabene.world\\\/nb\\\/\"},{\"@type\":\"ListItem\",\"position\":2,\"name\":\"Miliardy metr\u00f3w sze\u015bciennych\u2026\"}]},{\"@type\":\"WebSite\",\"@id\":\"https:\\\/\\\/notabene.world\\\/nb\\\/#website\",\"url\":\"https:\\\/\\\/notabene.world\\\/nb\\\/\",\"name\":\"NOTABENE.WORLD\",\"description\":\"Przekaz. Warto\u015bci. Wsp\u00f3lnota.\",\"publisher\":{\"@id\":\"https:\\\/\\\/notabene.world\\\/nb\\\/#organization\"},\"potentialAction\":[{\"@type\":\"SearchAction\",\"target\":{\"@type\":\"EntryPoint\",\"urlTemplate\":\"https:\\\/\\\/notabene.world\\\/nb\\\/?s={search_term_string}\"},\"query-input\":{\"@type\":\"PropertyValueSpecification\",\"valueRequired\":true,\"valueName\":\"search_term_string\"}}],\"inLanguage\":\"pl-PL\"},{\"@type\":\"Organization\",\"@id\":\"https:\\\/\\\/notabene.world\\\/nb\\\/#organization\",\"name\":\"NOTABENE.WORLD\",\"url\":\"https:\\\/\\\/notabene.world\\\/nb\\\/\",\"logo\":{\"@type\":\"ImageObject\",\"inLanguage\":\"pl-PL\",\"@id\":\"https:\\\/\\\/notabene.world\\\/nb\\\/#\\\/schema\\\/logo\\\/image\\\/\",\"url\":\"https:\\\/\\\/notabene.world\\\/nb\\\/wp-content\\\/uploads\\\/2022\\\/01\\\/NB-club-start-www1.jpg\",\"contentUrl\":\"https:\\\/\\\/notabene.world\\\/nb\\\/wp-content\\\/uploads\\\/2022\\\/01\\\/NB-club-start-www1.jpg\",\"width\":1000,\"height\":839,\"caption\":\"NOTABENE.WORLD\"},\"image\":{\"@id\":\"https:\\\/\\\/notabene.world\\\/nb\\\/#\\\/schema\\\/logo\\\/image\\\/\"},\"sameAs\":[\"https:\\\/\\\/www.facebook.com\\\/Notabene.World\"]},{\"@type\":\"Person\",\"@id\":\"https:\\\/\\\/notabene.world\\\/nb\\\/#\\\/schema\\\/person\\\/9081f0d094ad3e2767736feb48c99520\",\"name\":\"B D\",\"image\":{\"@type\":\"ImageObject\",\"inLanguage\":\"pl-PL\",\"@id\":\"https:\\\/\\\/secure.gravatar.com\\\/avatar\\\/ebcdcd8c0a7789c85d5a03ead2e68bda7a5fcb1ab728d56a4bd678c5ea15faa2?s=96&d=mm&r=g\",\"url\":\"https:\\\/\\\/secure.gravatar.com\\\/avatar\\\/ebcdcd8c0a7789c85d5a03ead2e68bda7a5fcb1ab728d56a4bd678c5ea15faa2?s=96&d=mm&r=g\",\"contentUrl\":\"https:\\\/\\\/secure.gravatar.com\\\/avatar\\\/ebcdcd8c0a7789c85d5a03ead2e68bda7a5fcb1ab728d56a4bd678c5ea15faa2?s=96&d=mm&r=g\",\"caption\":\"B D\"},\"url\":\"https:\\\/\\\/notabene.world\\\/nb\\\/author\\\/jo-d\\\/\"}]}<\/script>\n<!-- \/ Yoast SEO plugin. -->","yoast_head_json":{"title":"Miliardy metr\u00f3w sze\u015bciennych\u2026 - NOTABENE.WORLD","robots":{"index":"index","follow":"follow","max-snippet":"max-snippet:-1","max-image-preview":"max-image-preview:large","max-video-preview":"max-video-preview:-1"},"canonical":"https:\/\/notabene.world\/nb\/miliardy-metrow-szesciennych\/","og_locale":"pl_PL","og_type":"article","og_title":"Miliardy metr\u00f3w sze\u015bciennych\u2026 - NOTABENE.WORLD","og_description":"Niedziela,1 maja, dla wielu ludzi starszego pokolenia to \u015awi\u0119to Pracy, dla m\u0142odszego - rocznica wst\u0105pienia Polski do Unii Europejskiej. Dla niekt\u00f3rych za\u015b to tylko drugi dzie\u0144 majowego weekendu. Pytanie, dlaczego nie \u015bwi\u0119tujemy tej rocznicy (ju\u017c osiemnastej) powszechnie, powinno nas, spo\u0142ecze\u0144stwo, mocno niepokoi\u0107. Co prawda, z inicjatywy \u00a0europos\u0142\u00f3w lub organizacji spo\u0142ecznych odby\u0142y si\u0119 pikniki i spotkania, jednak wiele samorz\u0105d\u00f3w t\u0119 rocznic\u0119 \u201eza\u0142atwia\u201d poprzez wywieszenie unijnych flag. S\u0105 te\u017c takie, kt\u00f3re nie wykonuj\u0105 nawet tego symbolicznego gestu, a przecie\u017c przez ostatnie 18 lat Polacy zyskali tak wiele.","og_url":"https:\/\/notabene.world\/nb\/miliardy-metrow-szesciennych\/","og_site_name":"NOTABENE.WORLD","article_publisher":"https:\/\/www.facebook.com\/Notabene.World","article_published_time":"2022-05-01T19:54:41+00:00","article_modified_time":"2022-07-24T06:32:01+00:00","og_image":[{"width":800,"height":445,"url":"https:\/\/notabene.world\/nb\/wp-content\/uploads\/2022\/05\/n6b.jpg","type":"image\/jpeg"}],"author":"B D","twitter_card":"summary_large_image","twitter_misc":{"Napisane przez":"B D","Szacowany czas czytania":"4 minuty"},"schema":{"@context":"https:\/\/schema.org","@graph":[{"@type":"Article","@id":"https:\/\/notabene.world\/nb\/miliardy-metrow-szesciennych\/#article","isPartOf":{"@id":"https:\/\/notabene.world\/nb\/miliardy-metrow-szesciennych\/"},"author":{"name":"B D","@id":"https:\/\/notabene.world\/nb\/#\/schema\/person\/9081f0d094ad3e2767736feb48c99520"},"headline":"Miliardy metr\u00f3w sze\u015bciennych\u2026","datePublished":"2022-05-01T19:54:41+00:00","dateModified":"2022-07-24T06:32:01+00:00","mainEntityOfPage":{"@id":"https:\/\/notabene.world\/nb\/miliardy-metrow-szesciennych\/"},"wordCount":621,"publisher":{"@id":"https:\/\/notabene.world\/nb\/#organization"},"image":{"@id":"https:\/\/notabene.world\/nb\/miliardy-metrow-szesciennych\/#primaryimage"},"thumbnailUrl":"https:\/\/i0.wp.com\/notabene.world\/nb\/wp-content\/uploads\/2022\/05\/n6b.jpg?fit=800%2C445&ssl=1","articleSection":["Felietony","Liczby i Fakty","Publicystyka"],"inLanguage":"pl-PL"},{"@type":"WebPage","@id":"https:\/\/notabene.world\/nb\/miliardy-metrow-szesciennych\/","url":"https:\/\/notabene.world\/nb\/miliardy-metrow-szesciennych\/","name":"Miliardy metr\u00f3w sze\u015bciennych\u2026 - NOTABENE.WORLD","isPartOf":{"@id":"https:\/\/notabene.world\/nb\/#website"},"primaryImageOfPage":{"@id":"https:\/\/notabene.world\/nb\/miliardy-metrow-szesciennych\/#primaryimage"},"image":{"@id":"https:\/\/notabene.world\/nb\/miliardy-metrow-szesciennych\/#primaryimage"},"thumbnailUrl":"https:\/\/i0.wp.com\/notabene.world\/nb\/wp-content\/uploads\/2022\/05\/n6b.jpg?fit=800%2C445&ssl=1","datePublished":"2022-05-01T19:54:41+00:00","dateModified":"2022-07-24T06:32:01+00:00","breadcrumb":{"@id":"https:\/\/notabene.world\/nb\/miliardy-metrow-szesciennych\/#breadcrumb"},"inLanguage":"pl-PL","potentialAction":[{"@type":"ReadAction","target":["https:\/\/notabene.world\/nb\/miliardy-metrow-szesciennych\/"]}]},{"@type":"ImageObject","inLanguage":"pl-PL","@id":"https:\/\/notabene.world\/nb\/miliardy-metrow-szesciennych\/#primaryimage","url":"https:\/\/i0.wp.com\/notabene.world\/nb\/wp-content\/uploads\/2022\/05\/n6b.jpg?fit=800%2C445&ssl=1","contentUrl":"https:\/\/i0.wp.com\/notabene.world\/nb\/wp-content\/uploads\/2022\/05\/n6b.jpg?fit=800%2C445&ssl=1","width":800,"height":445,"caption":"colorful abstract random numbers background"},{"@type":"BreadcrumbList","@id":"https:\/\/notabene.world\/nb\/miliardy-metrow-szesciennych\/#breadcrumb","itemListElement":[{"@type":"ListItem","position":1,"name":"Home","item":"https:\/\/notabene.world\/nb\/"},{"@type":"ListItem","position":2,"name":"Miliardy metr\u00f3w sze\u015bciennych\u2026"}]},{"@type":"WebSite","@id":"https:\/\/notabene.world\/nb\/#website","url":"https:\/\/notabene.world\/nb\/","name":"NOTABENE.WORLD","description":"Przekaz. Warto\u015bci. Wsp\u00f3lnota.","publisher":{"@id":"https:\/\/notabene.world\/nb\/#organization"},"potentialAction":[{"@type":"SearchAction","target":{"@type":"EntryPoint","urlTemplate":"https:\/\/notabene.world\/nb\/?s={search_term_string}"},"query-input":{"@type":"PropertyValueSpecification","valueRequired":true,"valueName":"search_term_string"}}],"inLanguage":"pl-PL"},{"@type":"Organization","@id":"https:\/\/notabene.world\/nb\/#organization","name":"NOTABENE.WORLD","url":"https:\/\/notabene.world\/nb\/","logo":{"@type":"ImageObject","inLanguage":"pl-PL","@id":"https:\/\/notabene.world\/nb\/#\/schema\/logo\/image\/","url":"https:\/\/notabene.world\/nb\/wp-content\/uploads\/2022\/01\/NB-club-start-www1.jpg","contentUrl":"https:\/\/notabene.world\/nb\/wp-content\/uploads\/2022\/01\/NB-club-start-www1.jpg","width":1000,"height":839,"caption":"NOTABENE.WORLD"},"image":{"@id":"https:\/\/notabene.world\/nb\/#\/schema\/logo\/image\/"},"sameAs":["https:\/\/www.facebook.com\/Notabene.World"]},{"@type":"Person","@id":"https:\/\/notabene.world\/nb\/#\/schema\/person\/9081f0d094ad3e2767736feb48c99520","name":"B D","image":{"@type":"ImageObject","inLanguage":"pl-PL","@id":"https:\/\/secure.gravatar.com\/avatar\/ebcdcd8c0a7789c85d5a03ead2e68bda7a5fcb1ab728d56a4bd678c5ea15faa2?s=96&d=mm&r=g","url":"https:\/\/secure.gravatar.com\/avatar\/ebcdcd8c0a7789c85d5a03ead2e68bda7a5fcb1ab728d56a4bd678c5ea15faa2?s=96&d=mm&r=g","contentUrl":"https:\/\/secure.gravatar.com\/avatar\/ebcdcd8c0a7789c85d5a03ead2e68bda7a5fcb1ab728d56a4bd678c5ea15faa2?s=96&d=mm&r=g","caption":"B D"},"url":"https:\/\/notabene.world\/nb\/author\/jo-d\/"}]}},"jetpack_featured_media_url":"https:\/\/i0.wp.com\/notabene.world\/nb\/wp-content\/uploads\/2022\/05\/n6b.jpg?fit=800%2C445&ssl=1","jetpack_sharing_enabled":true,"jetpack_shortlink":"https:\/\/wp.me\/pdCobN-1t5","_links":{"self":[{"href":"https:\/\/notabene.world\/nb\/wp-json\/wp\/v2\/posts\/5647","targetHints":{"allow":["GET"]}}],"collection":[{"href":"https:\/\/notabene.world\/nb\/wp-json\/wp\/v2\/posts"}],"about":[{"href":"https:\/\/notabene.world\/nb\/wp-json\/wp\/v2\/types\/post"}],"author":[{"embeddable":true,"href":"https:\/\/notabene.world\/nb\/wp-json\/wp\/v2\/users\/35"}],"replies":[{"embeddable":true,"href":"https:\/\/notabene.world\/nb\/wp-json\/wp\/v2\/comments?post=5647"}],"version-history":[{"count":4,"href":"https:\/\/notabene.world\/nb\/wp-json\/wp\/v2\/posts\/5647\/revisions"}],"predecessor-version":[{"id":5657,"href":"https:\/\/notabene.world\/nb\/wp-json\/wp\/v2\/posts\/5647\/revisions\/5657"}],"wp:featuredmedia":[{"embeddable":true,"href":"https:\/\/notabene.world\/nb\/wp-json\/wp\/v2\/media\/5655"}],"wp:attachment":[{"href":"https:\/\/notabene.world\/nb\/wp-json\/wp\/v2\/media?parent=5647"}],"wp:term":[{"taxonomy":"category","embeddable":true,"href":"https:\/\/notabene.world\/nb\/wp-json\/wp\/v2\/categories?post=5647"},{"taxonomy":"post_tag","embeddable":true,"href":"https:\/\/notabene.world\/nb\/wp-json\/wp\/v2\/tags?post=5647"}],"curies":[{"name":"wp","href":"https:\/\/api.w.org\/{rel}","templated":true}]}}