{"id":5717,"date":"2022-05-04T15:05:50","date_gmt":"2022-05-04T13:05:50","guid":{"rendered":"https:\/\/notabene.world\/nb\/?p=5717"},"modified":"2022-06-25T21:39:06","modified_gmt":"2022-06-25T19:39:06","slug":"cialem-w-polsce-sercem-i-dusza-na-ukrainie-rozmowa-z-pania-inna","status":"publish","type":"post","link":"https:\/\/notabene.world\/nb\/cialem-w-polsce-sercem-i-dusza-na-ukrainie-rozmowa-z-pania-inna\/","title":{"rendered":"Cia\u0142em w Polsce, sercem i dusz\u0105 na Ukrainie: Rozmowa z Pani\u0105 Inn\u0105."},"content":{"rendered":"\n<p>Z tematem pomagania ukrai\u0144skim uchod\u017acom spotykamy si\u0119 niemal\u017ce codziennie. Chcia\u0142abym przedstawi\u0107 histori\u0119 Pani Inny pochodz\u0105cej z Kijowa, z wykszta\u0142cenia psycholo\u017cki, dla kt\u00f3rej los rodak\u00f3w nie jest oboj\u0119tny. Kobieta pomaga\u0142a w  zaaran\u017cowaniu dw\u00f3ch transport\u00f3w wspieraj\u0105cych 95. batalion oraz zorganizowaniu zbi\u00f3rki pieni\u0119dzy, m.in.: na zakup kamery termowizyjnej potrzebnej \u017co\u0142nierzom walcz\u0105cych na froncie. Mia\u0142am okazj\u0119 zada\u0107 jej kilka pyta\u0107 dotycz\u0105cych wy\u017cej wspomnianych akcji.<\/p>\n\n\n\n<p><strong>S\u0142ysza\u0142am, \u017ce organizuje Pani zbi\u00f3rki dla 95. batalionu. Czy mog\u0142aby Pani opowiedzie\u0107, kim s\u0105 ci ludzie?<\/strong><\/p>\n\n\n\n<p><em>To nie s\u0105 zwykli \u017co\u0142nierze. To byli wojskowi, kt\u00f3rzy maj\u0105 odznaczenia. To weterani wojenni, kt\u00f3rzy od 2014 roku  walczyli na wschodzie. Kiedy tylko zacz\u0119\u0142a si\u0119 ta nasza wojna, oni 24 [lutego] od rana byli ju\u017c na swoich miejscach w gotowo\u015bci i od razu poszli na zach\u00f3d Kijowa. Tam wi\u0119cej ni\u017c miesi\u0105c odpierali wojska rosyjskie. I po prostu to dla nich wszystko zacz\u0119li\u015bmy zbiera\u0107. Uzbierali\u015bmy na kamer\u0119 termowizyjn\u0105. By\u0142a ona bardzo droga, ale Polacy, jak i osoby z Austrii, Ameryki, W\u0142och i Szwecji bardzo nam w tym pomog\u0142y. No i ja bardzo chcia\u0142am pojecha\u0107 na Ukrain\u0119 po prostu popatrze\u0107 i t\u0119 kamer\u0119 zawie\u017a\u0107, bo to taka droga rzecz. Opr\u00f3cz tego kupili\u015bmy dla nich buty, lornetki, powerbanki i \u015bpiwory. Staramy si\u0119, jak mo\u017cemy.<\/em><\/p>\n\n\n\n<p><strong>Czy liczba os\u00f3b nale\u017c\u0105ca do tej jednostki stale si\u0119 powi\u0119ksza?<\/strong><\/p>\n\n\n\n<p><em>Tak, poniewa\u017c teraz nabieraj\u0105 du\u017co m\u0142odych. Teraz w tym batalionie jest 150 os\u00f3b, a na pocz\u0105tku liczy\u0142 zaledwie 19 \u017co\u0142nierzy. Dostali nowy sprz\u0119t z Ameryki. Wi\u0119kszo\u015b\u0107 \u017co\u0142nierzy nigdy wcze\u015bniej nie widzia\u0142a takiego wyposa\u017cenia wojskowego. Maj\u0105 nadziej\u0119, \u017ce dzi\u0119ki temu szybciej im do zwyci\u0119stwa.<\/em><\/p>\n\n\n\n<p><strong>Z takim hartem ducha i nastawieniem tylu os\u00f3b na pewno jest to mo\u017cliwe.<\/strong><\/p>\n\n\n\n<p><em>Oczywi\u015bcie, i z tak\u0105 pomoc\u0105, bo jakby nie ona to nie wiem, czy w og\u00f3le mogliby tak. Bardzo pomagacie przez te zbi\u00f3rki i przez to jak nas przyjmujecie. Na Ukrainie zostali m\u0105\u017c i syn, kt\u00f3rzy ciesz\u0105 si\u0119, \u017ce dzieci i kobiety mia\u0142y mo\u017cliwo\u015b\u0107 wyjechania. Jest du\u017co takich os\u00f3b, np.: Pani Marta z Lublina, czy Pan Piotrek z Krakowa, kt\u00f3rzy zorganizowali transport do \u017bytomierza. Jest tyle ludzi ch\u0119tnych do pomocy, \u017ce jeste\u015bmy w szoku.<\/em><\/p>\n\n\n\n<p><strong>Pani te\u017c jecha\u0142a z tym transportem prawda? Jak to wszystko wygl\u0105da?<\/strong><\/p>\n\n\n\n<p><em>Tak, jecha\u0142am. Na autach napisane jest \u201epomoc militarna\u201d i ka\u017cdy \u017cyczy szcz\u0119\u015bliwej drogi. Jak tam nam sprawdzali wszystkie dokumenty w samochodzie, to w\u0142a\u015bnie widzieli\u015bmy, jak ch\u0142opaki po 18 lat z broni\u0105 w r\u0119ku zbieraj\u0105 si\u0119 na wojn\u0119. Dla nich czas, kt\u00f3ry rz\u0105dzi si\u0119 prawami m\u0142odo\u015bci, czas spotka\u0144 z przyjaci\u00f3\u0142mi, wsp\u00f3lnych \u201ewakacji z plecakiem\u201d, czy wieczornych spacer\u00f3w z dziewczyn\u0105 niestety si\u0119 sko\u0144czy\u0142 z powodu rosyjskiej agresji. W\u0142a\u015bnie dla nich b\u0119dziemy teraz organizowa\u0107 zbi\u00f3rk\u0119 na zakup kamizelek.<\/em><\/p>\n\n\n\n<div class=\"wp-block-group is-layout-flow wp-block-group-is-layout-flow\">\n<figure class=\"wp-block-gallery has-nested-images columns-4 is-cropped wp-block-gallery-1 is-layout-flex wp-block-gallery-is-layout-flex\">\n<figure class=\"wp-block-image size-large\"><img data-recalc-dims=\"1\" loading=\"lazy\" decoding=\"async\" width=\"800\" height=\"600\" data-id=\"5736\" src=\"https:\/\/i0.wp.com\/notabene.world\/nb\/wp-content\/uploads\/2022\/05\/image17.jpeg?resize=800%2C600&#038;ssl=1\" alt=\"\" class=\"wp-image-5736\" srcset=\"https:\/\/i0.wp.com\/notabene.world\/nb\/wp-content\/uploads\/2022\/05\/image17.jpeg?w=2016&amp;ssl=1 2016w, https:\/\/i0.wp.com\/notabene.world\/nb\/wp-content\/uploads\/2022\/05\/image17.jpeg?resize=300%2C225&amp;ssl=1 300w, https:\/\/i0.wp.com\/notabene.world\/nb\/wp-content\/uploads\/2022\/05\/image17.jpeg?resize=1024%2C768&amp;ssl=1 1024w, https:\/\/i0.wp.com\/notabene.world\/nb\/wp-content\/uploads\/2022\/05\/image17.jpeg?resize=768%2C576&amp;ssl=1 768w, https:\/\/i0.wp.com\/notabene.world\/nb\/wp-content\/uploads\/2022\/05\/image17.jpeg?resize=1536%2C1152&amp;ssl=1 1536w, https:\/\/i0.wp.com\/notabene.world\/nb\/wp-content\/uploads\/2022\/05\/image17.jpeg?w=1600&amp;ssl=1 1600w\" sizes=\"auto, (max-width: 800px) 100vw, 800px\" \/><figcaption>fot. Inna Hryshchuk<\/figcaption><\/figure>\n\n\n\n<figure class=\"wp-block-image size-large\"><img data-recalc-dims=\"1\" loading=\"lazy\" decoding=\"async\" width=\"569\" height=\"768\" data-id=\"5735\" src=\"https:\/\/i0.wp.com\/notabene.world\/nb\/wp-content\/uploads\/2022\/05\/image18.jpeg?resize=569%2C768&#038;ssl=1\" alt=\"\" class=\"wp-image-5735\" srcset=\"https:\/\/i0.wp.com\/notabene.world\/nb\/wp-content\/uploads\/2022\/05\/image18.jpeg?w=569&amp;ssl=1 569w, https:\/\/i0.wp.com\/notabene.world\/nb\/wp-content\/uploads\/2022\/05\/image18.jpeg?resize=222%2C300&amp;ssl=1 222w\" sizes=\"auto, (max-width: 569px) 100vw, 569px\" \/><figcaption>fot. Inna Hryshchuk<\/figcaption><\/figure>\n\n\n\n<figure class=\"wp-block-image size-large\"><img data-recalc-dims=\"1\" loading=\"lazy\" decoding=\"async\" width=\"460\" height=\"657\" data-id=\"5732\" src=\"https:\/\/i0.wp.com\/notabene.world\/nb\/wp-content\/uploads\/2022\/05\/0.jpg?resize=460%2C657&#038;ssl=1\" alt=\"\" class=\"wp-image-5732\" srcset=\"https:\/\/i0.wp.com\/notabene.world\/nb\/wp-content\/uploads\/2022\/05\/0.jpg?w=460&amp;ssl=1 460w, https:\/\/i0.wp.com\/notabene.world\/nb\/wp-content\/uploads\/2022\/05\/0.jpg?resize=210%2C300&amp;ssl=1 210w\" sizes=\"auto, (max-width: 460px) 100vw, 460px\" \/><figcaption>fot. Inna Hryshchuk<\/figcaption><\/figure>\n\n\n\n<figure class=\"wp-block-image size-large\"><img data-recalc-dims=\"1\" loading=\"lazy\" decoding=\"async\" width=\"526\" height=\"701\" data-id=\"5730\" src=\"https:\/\/i0.wp.com\/notabene.world\/nb\/wp-content\/uploads\/2022\/05\/2.jpg?resize=526%2C701&#038;ssl=1\" alt=\"\" class=\"wp-image-5730\" srcset=\"https:\/\/i0.wp.com\/notabene.world\/nb\/wp-content\/uploads\/2022\/05\/2.jpg?w=526&amp;ssl=1 526w, https:\/\/i0.wp.com\/notabene.world\/nb\/wp-content\/uploads\/2022\/05\/2.jpg?resize=225%2C300&amp;ssl=1 225w\" sizes=\"auto, (max-width: 526px) 100vw, 526px\" \/><figcaption>fot. Inna Hryshchuk<\/figcaption><\/figure>\n\n\n\n<figure class=\"wp-block-image size-large\"><img data-recalc-dims=\"1\" loading=\"lazy\" decoding=\"async\" width=\"800\" height=\"600\" data-id=\"5738\" src=\"https:\/\/i0.wp.com\/notabene.world\/nb\/wp-content\/uploads\/2022\/05\/image14.jpeg?resize=800%2C600&#038;ssl=1\" alt=\"\" class=\"wp-image-5738\" srcset=\"https:\/\/i0.wp.com\/notabene.world\/nb\/wp-content\/uploads\/2022\/05\/image14.jpeg?w=2016&amp;ssl=1 2016w, https:\/\/i0.wp.com\/notabene.world\/nb\/wp-content\/uploads\/2022\/05\/image14.jpeg?resize=300%2C225&amp;ssl=1 300w, https:\/\/i0.wp.com\/notabene.world\/nb\/wp-content\/uploads\/2022\/05\/image14.jpeg?resize=1024%2C768&amp;ssl=1 1024w, https:\/\/i0.wp.com\/notabene.world\/nb\/wp-content\/uploads\/2022\/05\/image14.jpeg?resize=768%2C576&amp;ssl=1 768w, https:\/\/i0.wp.com\/notabene.world\/nb\/wp-content\/uploads\/2022\/05\/image14.jpeg?resize=1536%2C1152&amp;ssl=1 1536w, https:\/\/i0.wp.com\/notabene.world\/nb\/wp-content\/uploads\/2022\/05\/image14.jpeg?w=1600&amp;ssl=1 1600w\" sizes=\"auto, (max-width: 800px) 100vw, 800px\" \/><figcaption>fot. Inna Hryshchuk<\/figcaption><\/figure>\n\n\n\n<figure class=\"wp-block-image\"><img data-recalc-dims=\"1\" loading=\"lazy\" decoding=\"async\" width=\"800\" height=\"600\" data-id=\"5737\" src=\"https:\/\/i0.wp.com\/notabene.world\/nb\/wp-content\/uploads\/2022\/05\/image13.jpeg?resize=800%2C600&#038;ssl=1\" alt=\"\" class=\"wp-image-5737\" srcset=\"https:\/\/i0.wp.com\/notabene.world\/nb\/wp-content\/uploads\/2022\/05\/image13.jpeg?w=1600&amp;ssl=1 1600w, https:\/\/i0.wp.com\/notabene.world\/nb\/wp-content\/uploads\/2022\/05\/image13.jpeg?resize=300%2C225&amp;ssl=1 300w, https:\/\/i0.wp.com\/notabene.world\/nb\/wp-content\/uploads\/2022\/05\/image13.jpeg?resize=1024%2C768&amp;ssl=1 1024w, https:\/\/i0.wp.com\/notabene.world\/nb\/wp-content\/uploads\/2022\/05\/image13.jpeg?resize=768%2C576&amp;ssl=1 768w, https:\/\/i0.wp.com\/notabene.world\/nb\/wp-content\/uploads\/2022\/05\/image13.jpeg?resize=1536%2C1152&amp;ssl=1 1536w\" sizes=\"auto, (max-width: 800px) 100vw, 800px\" \/><figcaption>fot. Inna Hryshchuk<\/figcaption><\/figure>\n<\/figure>\n<\/div>\n\n\n\n<figure class=\"wp-block-image size-full is-resized\"><img data-recalc-dims=\"1\" loading=\"lazy\" decoding=\"async\" src=\"https:\/\/i0.wp.com\/notabene.world\/nb\/wp-content\/uploads\/2022\/05\/0-1.jpg?resize=800%2C600&#038;ssl=1\" alt=\"\" class=\"wp-image-5741\" width=\"800\" height=\"600\" srcset=\"https:\/\/i0.wp.com\/notabene.world\/nb\/wp-content\/uploads\/2022\/05\/0-1.jpg?w=876&amp;ssl=1 876w, https:\/\/i0.wp.com\/notabene.world\/nb\/wp-content\/uploads\/2022\/05\/0-1.jpg?resize=300%2C225&amp;ssl=1 300w, https:\/\/i0.wp.com\/notabene.world\/nb\/wp-content\/uploads\/2022\/05\/0-1.jpg?resize=768%2C576&amp;ssl=1 768w\" sizes=\"auto, (max-width: 800px) 100vw, 800px\" \/><\/figure>\n","protected":false},"excerpt":{"rendered":"<p>Z tematem pomagania ukrai\u0144skim uchod\u017acom spotykamy si\u0119 niemal\u017ce codziennie. Chcia\u0142abym przedstawi\u0107 histori\u0119 Pani Inny pochodz\u0105cej z Kijowa, z wykszta\u0142cenia psycholo\u017cki, dla kt\u00f3rej los rodak\u00f3w nie jest oboj\u0119tny. Kobieta pomaga\u0142a w  zaaran\u017cowaniu dw\u00f3ch transport\u00f3w wspieraj\u0105cych 95. batalion oraz zorganizowaniu zbi\u00f3rki pieni\u0119dzy, m.in.: na zakup kamery termowizyjnej potrzebnej \u017co\u0142nierzom walcz\u0105cych na froncie. Mia\u0142am okazj\u0119 zada\u0107 jej kilka pyta\u0107 dotycz\u0105cych wy\u017cej wspomnianych akcji.<\/p>\n","protected":false},"author":20,"featured_media":5728,"comment_status":"closed","ping_status":"closed","sticky":false,"template":"","format":"standard","meta":{"colormag_page_container_layout":"no_sidebar_full_width","colormag_page_sidebar_layout":"right_sidebar","_jetpack_memberships_contains_paid_content":false,"footnotes":"","_links_to":"","_links_to_target":""},"categories":[64,150,110],"tags":[55],"class_list":["post-5717","post","type-post","status-publish","format-standard","has-post-thumbnail","hentry","category-aktualnosci","category-publicystyka","category-spoleczenstwo-2","tag-spoleczenstwo"],"yoast_head":"<!-- This site is optimized with the Yoast SEO plugin v27.4 - https:\/\/yoast.com\/product\/yoast-seo-wordpress\/ -->\n<title>Cia\u0142em w Polsce, sercem i dusz\u0105 na Ukrainie: Rozmowa z Pani\u0105 Inn\u0105. - NOTABENE.WORLD<\/title>\n<meta name=\"robots\" content=\"index, follow, max-snippet:-1, max-image-preview:large, max-video-preview:-1\" \/>\n<link rel=\"canonical\" href=\"https:\/\/notabene.world\/nb\/cialem-w-polsce-sercem-i-dusza-na-ukrainie-rozmowa-z-pania-inna\/\" \/>\n<meta property=\"og:locale\" content=\"pl_PL\" \/>\n<meta property=\"og:type\" content=\"article\" \/>\n<meta property=\"og:title\" content=\"Cia\u0142em w Polsce, sercem i dusz\u0105 na Ukrainie: Rozmowa z Pani\u0105 Inn\u0105. - NOTABENE.WORLD\" \/>\n<meta property=\"og:description\" content=\"Z tematem pomagania ukrai\u0144skim uchod\u017acom spotykamy si\u0119 niemal\u017ce codziennie. Chcia\u0142abym przedstawi\u0107 histori\u0119 Pani Inny pochodz\u0105cej z Kijowa, z wykszta\u0142cenia psycholo\u017cki, dla kt\u00f3rej los rodak\u00f3w nie jest oboj\u0119tny. Kobieta pomaga\u0142a w zaaran\u017cowaniu dw\u00f3ch transport\u00f3w wspieraj\u0105cych 95. batalion oraz zorganizowaniu zbi\u00f3rki pieni\u0119dzy, m.in.: na zakup kamery termowizyjnej potrzebnej \u017co\u0142nierzom walcz\u0105cych na froncie. Mia\u0142am okazj\u0119 zada\u0107 jej kilka pyta\u0107 dotycz\u0105cych wy\u017cej wspomnianych akcji.\" \/>\n<meta property=\"og:url\" content=\"https:\/\/notabene.world\/nb\/cialem-w-polsce-sercem-i-dusza-na-ukrainie-rozmowa-z-pania-inna\/\" \/>\n<meta property=\"og:site_name\" content=\"NOTABENE.WORLD\" \/>\n<meta property=\"article:publisher\" content=\"https:\/\/www.facebook.com\/Notabene.World\" \/>\n<meta property=\"article:published_time\" content=\"2022-05-04T13:05:50+00:00\" \/>\n<meta property=\"article:modified_time\" content=\"2022-06-25T19:39:06+00:00\" \/>\n<meta property=\"og:image\" content=\"https:\/\/notabene.world\/nb\/wp-content\/uploads\/2022\/05\/279426272_2244706079015241_4346862201690016346_n.jpg\" \/>\n\t<meta property=\"og:image:width\" content=\"2016\" \/>\n\t<meta property=\"og:image:height\" content=\"1512\" \/>\n\t<meta property=\"og:image:type\" content=\"image\/jpeg\" \/>\n<meta name=\"author\" content=\"Julia Piasecka\" \/>\n<meta name=\"twitter:card\" content=\"summary_large_image\" \/>\n<meta name=\"twitter:label1\" content=\"Napisane przez\" \/>\n\t<meta name=\"twitter:data1\" content=\"Julia Piasecka\" \/>\n\t<meta name=\"twitter:label2\" content=\"Szacowany czas czytania\" \/>\n\t<meta name=\"twitter:data2\" content=\"5 minut\" \/>\n<script type=\"application\/ld+json\" class=\"yoast-schema-graph\">{\"@context\":\"https:\\\/\\\/schema.org\",\"@graph\":[{\"@type\":\"Article\",\"@id\":\"https:\\\/\\\/notabene.world\\\/nb\\\/cialem-w-polsce-sercem-i-dusza-na-ukrainie-rozmowa-z-pania-inna\\\/#article\",\"isPartOf\":{\"@id\":\"https:\\\/\\\/notabene.world\\\/nb\\\/cialem-w-polsce-sercem-i-dusza-na-ukrainie-rozmowa-z-pania-inna\\\/\"},\"author\":{\"name\":\"Julia Piasecka\",\"@id\":\"https:\\\/\\\/notabene.world\\\/nb\\\/#\\\/schema\\\/person\\\/825e898a6b9538de96e67bb72d86be15\"},\"headline\":\"Cia\u0142em w Polsce, sercem i dusz\u0105 na Ukrainie: Rozmowa z Pani\u0105 Inn\u0105.\",\"datePublished\":\"2022-05-04T13:05:50+00:00\",\"dateModified\":\"2022-06-25T19:39:06+00:00\",\"mainEntityOfPage\":{\"@id\":\"https:\\\/\\\/notabene.world\\\/nb\\\/cialem-w-polsce-sercem-i-dusza-na-ukrainie-rozmowa-z-pania-inna\\\/\"},\"wordCount\":542,\"publisher\":{\"@id\":\"https:\\\/\\\/notabene.world\\\/nb\\\/#organization\"},\"image\":{\"@id\":\"https:\\\/\\\/notabene.world\\\/nb\\\/cialem-w-polsce-sercem-i-dusza-na-ukrainie-rozmowa-z-pania-inna\\\/#primaryimage\"},\"thumbnailUrl\":\"https:\\\/\\\/i0.wp.com\\\/notabene.world\\\/nb\\\/wp-content\\\/uploads\\\/2022\\\/05\\\/279426272_2244706079015241_4346862201690016346_n.jpg?fit=2016%2C1512&ssl=1\",\"keywords\":[\"#spo\u0142ecze\u0144stwo\"],\"articleSection\":[\"Aktualno\u015bci\",\"Publicystyka\",\"Spo\u0142ecze\u0144stwo\"],\"inLanguage\":\"pl-PL\"},{\"@type\":\"WebPage\",\"@id\":\"https:\\\/\\\/notabene.world\\\/nb\\\/cialem-w-polsce-sercem-i-dusza-na-ukrainie-rozmowa-z-pania-inna\\\/\",\"url\":\"https:\\\/\\\/notabene.world\\\/nb\\\/cialem-w-polsce-sercem-i-dusza-na-ukrainie-rozmowa-z-pania-inna\\\/\",\"name\":\"Cia\u0142em w Polsce, sercem i dusz\u0105 na Ukrainie: Rozmowa z Pani\u0105 Inn\u0105. - NOTABENE.WORLD\",\"isPartOf\":{\"@id\":\"https:\\\/\\\/notabene.world\\\/nb\\\/#website\"},\"primaryImageOfPage\":{\"@id\":\"https:\\\/\\\/notabene.world\\\/nb\\\/cialem-w-polsce-sercem-i-dusza-na-ukrainie-rozmowa-z-pania-inna\\\/#primaryimage\"},\"image\":{\"@id\":\"https:\\\/\\\/notabene.world\\\/nb\\\/cialem-w-polsce-sercem-i-dusza-na-ukrainie-rozmowa-z-pania-inna\\\/#primaryimage\"},\"thumbnailUrl\":\"https:\\\/\\\/i0.wp.com\\\/notabene.world\\\/nb\\\/wp-content\\\/uploads\\\/2022\\\/05\\\/279426272_2244706079015241_4346862201690016346_n.jpg?fit=2016%2C1512&ssl=1\",\"datePublished\":\"2022-05-04T13:05:50+00:00\",\"dateModified\":\"2022-06-25T19:39:06+00:00\",\"breadcrumb\":{\"@id\":\"https:\\\/\\\/notabene.world\\\/nb\\\/cialem-w-polsce-sercem-i-dusza-na-ukrainie-rozmowa-z-pania-inna\\\/#breadcrumb\"},\"inLanguage\":\"pl-PL\",\"potentialAction\":[{\"@type\":\"ReadAction\",\"target\":[\"https:\\\/\\\/notabene.world\\\/nb\\\/cialem-w-polsce-sercem-i-dusza-na-ukrainie-rozmowa-z-pania-inna\\\/\"]}]},{\"@type\":\"ImageObject\",\"inLanguage\":\"pl-PL\",\"@id\":\"https:\\\/\\\/notabene.world\\\/nb\\\/cialem-w-polsce-sercem-i-dusza-na-ukrainie-rozmowa-z-pania-inna\\\/#primaryimage\",\"url\":\"https:\\\/\\\/i0.wp.com\\\/notabene.world\\\/nb\\\/wp-content\\\/uploads\\\/2022\\\/05\\\/279426272_2244706079015241_4346862201690016346_n.jpg?fit=2016%2C1512&ssl=1\",\"contentUrl\":\"https:\\\/\\\/i0.wp.com\\\/notabene.world\\\/nb\\\/wp-content\\\/uploads\\\/2022\\\/05\\\/279426272_2244706079015241_4346862201690016346_n.jpg?fit=2016%2C1512&ssl=1\",\"width\":2016,\"height\":1512},{\"@type\":\"BreadcrumbList\",\"@id\":\"https:\\\/\\\/notabene.world\\\/nb\\\/cialem-w-polsce-sercem-i-dusza-na-ukrainie-rozmowa-z-pania-inna\\\/#breadcrumb\",\"itemListElement\":[{\"@type\":\"ListItem\",\"position\":1,\"name\":\"Home\",\"item\":\"https:\\\/\\\/notabene.world\\\/nb\\\/\"},{\"@type\":\"ListItem\",\"position\":2,\"name\":\"Cia\u0142em w Polsce, sercem i dusz\u0105 na Ukrainie: Rozmowa z Pani\u0105 Inn\u0105.\"}]},{\"@type\":\"WebSite\",\"@id\":\"https:\\\/\\\/notabene.world\\\/nb\\\/#website\",\"url\":\"https:\\\/\\\/notabene.world\\\/nb\\\/\",\"name\":\"NOTABENE.WORLD\",\"description\":\"Przekaz. Warto\u015bci. Wsp\u00f3lnota.\",\"publisher\":{\"@id\":\"https:\\\/\\\/notabene.world\\\/nb\\\/#organization\"},\"potentialAction\":[{\"@type\":\"SearchAction\",\"target\":{\"@type\":\"EntryPoint\",\"urlTemplate\":\"https:\\\/\\\/notabene.world\\\/nb\\\/?s={search_term_string}\"},\"query-input\":{\"@type\":\"PropertyValueSpecification\",\"valueRequired\":true,\"valueName\":\"search_term_string\"}}],\"inLanguage\":\"pl-PL\"},{\"@type\":\"Organization\",\"@id\":\"https:\\\/\\\/notabene.world\\\/nb\\\/#organization\",\"name\":\"NOTABENE.WORLD\",\"url\":\"https:\\\/\\\/notabene.world\\\/nb\\\/\",\"logo\":{\"@type\":\"ImageObject\",\"inLanguage\":\"pl-PL\",\"@id\":\"https:\\\/\\\/notabene.world\\\/nb\\\/#\\\/schema\\\/logo\\\/image\\\/\",\"url\":\"https:\\\/\\\/notabene.world\\\/nb\\\/wp-content\\\/uploads\\\/2022\\\/01\\\/NB-club-start-www1.jpg\",\"contentUrl\":\"https:\\\/\\\/notabene.world\\\/nb\\\/wp-content\\\/uploads\\\/2022\\\/01\\\/NB-club-start-www1.jpg\",\"width\":1000,\"height\":839,\"caption\":\"NOTABENE.WORLD\"},\"image\":{\"@id\":\"https:\\\/\\\/notabene.world\\\/nb\\\/#\\\/schema\\\/logo\\\/image\\\/\"},\"sameAs\":[\"https:\\\/\\\/www.facebook.com\\\/Notabene.World\"]},{\"@type\":\"Person\",\"@id\":\"https:\\\/\\\/notabene.world\\\/nb\\\/#\\\/schema\\\/person\\\/825e898a6b9538de96e67bb72d86be15\",\"name\":\"Julia Piasecka\",\"image\":{\"@type\":\"ImageObject\",\"inLanguage\":\"pl-PL\",\"@id\":\"https:\\\/\\\/secure.gravatar.com\\\/avatar\\\/8cdbdd4ab66b28acbd2c30a91bc2d76052755817b6c6a0bbf9f5a1615ffaf4d0?s=96&d=mm&r=g\",\"url\":\"https:\\\/\\\/secure.gravatar.com\\\/avatar\\\/8cdbdd4ab66b28acbd2c30a91bc2d76052755817b6c6a0bbf9f5a1615ffaf4d0?s=96&d=mm&r=g\",\"contentUrl\":\"https:\\\/\\\/secure.gravatar.com\\\/avatar\\\/8cdbdd4ab66b28acbd2c30a91bc2d76052755817b6c6a0bbf9f5a1615ffaf4d0?s=96&d=mm&r=g\",\"caption\":\"Julia Piasecka\"},\"url\":\"https:\\\/\\\/notabene.world\\\/nb\\\/author\\\/j-p\\\/\"}]}<\/script>\n<!-- \/ Yoast SEO plugin. -->","yoast_head_json":{"title":"Cia\u0142em w Polsce, sercem i dusz\u0105 na Ukrainie: Rozmowa z Pani\u0105 Inn\u0105. - NOTABENE.WORLD","robots":{"index":"index","follow":"follow","max-snippet":"max-snippet:-1","max-image-preview":"max-image-preview:large","max-video-preview":"max-video-preview:-1"},"canonical":"https:\/\/notabene.world\/nb\/cialem-w-polsce-sercem-i-dusza-na-ukrainie-rozmowa-z-pania-inna\/","og_locale":"pl_PL","og_type":"article","og_title":"Cia\u0142em w Polsce, sercem i dusz\u0105 na Ukrainie: Rozmowa z Pani\u0105 Inn\u0105. - NOTABENE.WORLD","og_description":"Z tematem pomagania ukrai\u0144skim uchod\u017acom spotykamy si\u0119 niemal\u017ce codziennie. Chcia\u0142abym przedstawi\u0107 histori\u0119 Pani Inny pochodz\u0105cej z Kijowa, z wykszta\u0142cenia psycholo\u017cki, dla kt\u00f3rej los rodak\u00f3w nie jest oboj\u0119tny. Kobieta pomaga\u0142a w zaaran\u017cowaniu dw\u00f3ch transport\u00f3w wspieraj\u0105cych 95. batalion oraz zorganizowaniu zbi\u00f3rki pieni\u0119dzy, m.in.: na zakup kamery termowizyjnej potrzebnej \u017co\u0142nierzom walcz\u0105cych na froncie. Mia\u0142am okazj\u0119 zada\u0107 jej kilka pyta\u0107 dotycz\u0105cych wy\u017cej wspomnianych akcji.","og_url":"https:\/\/notabene.world\/nb\/cialem-w-polsce-sercem-i-dusza-na-ukrainie-rozmowa-z-pania-inna\/","og_site_name":"NOTABENE.WORLD","article_publisher":"https:\/\/www.facebook.com\/Notabene.World","article_published_time":"2022-05-04T13:05:50+00:00","article_modified_time":"2022-06-25T19:39:06+00:00","og_image":[{"width":2016,"height":1512,"url":"https:\/\/notabene.world\/nb\/wp-content\/uploads\/2022\/05\/279426272_2244706079015241_4346862201690016346_n.jpg","type":"image\/jpeg"}],"author":"Julia Piasecka","twitter_card":"summary_large_image","twitter_misc":{"Napisane przez":"Julia Piasecka","Szacowany czas czytania":"5 minut"},"schema":{"@context":"https:\/\/schema.org","@graph":[{"@type":"Article","@id":"https:\/\/notabene.world\/nb\/cialem-w-polsce-sercem-i-dusza-na-ukrainie-rozmowa-z-pania-inna\/#article","isPartOf":{"@id":"https:\/\/notabene.world\/nb\/cialem-w-polsce-sercem-i-dusza-na-ukrainie-rozmowa-z-pania-inna\/"},"author":{"name":"Julia Piasecka","@id":"https:\/\/notabene.world\/nb\/#\/schema\/person\/825e898a6b9538de96e67bb72d86be15"},"headline":"Cia\u0142em w Polsce, sercem i dusz\u0105 na Ukrainie: Rozmowa z Pani\u0105 Inn\u0105.","datePublished":"2022-05-04T13:05:50+00:00","dateModified":"2022-06-25T19:39:06+00:00","mainEntityOfPage":{"@id":"https:\/\/notabene.world\/nb\/cialem-w-polsce-sercem-i-dusza-na-ukrainie-rozmowa-z-pania-inna\/"},"wordCount":542,"publisher":{"@id":"https:\/\/notabene.world\/nb\/#organization"},"image":{"@id":"https:\/\/notabene.world\/nb\/cialem-w-polsce-sercem-i-dusza-na-ukrainie-rozmowa-z-pania-inna\/#primaryimage"},"thumbnailUrl":"https:\/\/i0.wp.com\/notabene.world\/nb\/wp-content\/uploads\/2022\/05\/279426272_2244706079015241_4346862201690016346_n.jpg?fit=2016%2C1512&ssl=1","keywords":["#spo\u0142ecze\u0144stwo"],"articleSection":["Aktualno\u015bci","Publicystyka","Spo\u0142ecze\u0144stwo"],"inLanguage":"pl-PL"},{"@type":"WebPage","@id":"https:\/\/notabene.world\/nb\/cialem-w-polsce-sercem-i-dusza-na-ukrainie-rozmowa-z-pania-inna\/","url":"https:\/\/notabene.world\/nb\/cialem-w-polsce-sercem-i-dusza-na-ukrainie-rozmowa-z-pania-inna\/","name":"Cia\u0142em w Polsce, sercem i dusz\u0105 na Ukrainie: Rozmowa z Pani\u0105 Inn\u0105. - NOTABENE.WORLD","isPartOf":{"@id":"https:\/\/notabene.world\/nb\/#website"},"primaryImageOfPage":{"@id":"https:\/\/notabene.world\/nb\/cialem-w-polsce-sercem-i-dusza-na-ukrainie-rozmowa-z-pania-inna\/#primaryimage"},"image":{"@id":"https:\/\/notabene.world\/nb\/cialem-w-polsce-sercem-i-dusza-na-ukrainie-rozmowa-z-pania-inna\/#primaryimage"},"thumbnailUrl":"https:\/\/i0.wp.com\/notabene.world\/nb\/wp-content\/uploads\/2022\/05\/279426272_2244706079015241_4346862201690016346_n.jpg?fit=2016%2C1512&ssl=1","datePublished":"2022-05-04T13:05:50+00:00","dateModified":"2022-06-25T19:39:06+00:00","breadcrumb":{"@id":"https:\/\/notabene.world\/nb\/cialem-w-polsce-sercem-i-dusza-na-ukrainie-rozmowa-z-pania-inna\/#breadcrumb"},"inLanguage":"pl-PL","potentialAction":[{"@type":"ReadAction","target":["https:\/\/notabene.world\/nb\/cialem-w-polsce-sercem-i-dusza-na-ukrainie-rozmowa-z-pania-inna\/"]}]},{"@type":"ImageObject","inLanguage":"pl-PL","@id":"https:\/\/notabene.world\/nb\/cialem-w-polsce-sercem-i-dusza-na-ukrainie-rozmowa-z-pania-inna\/#primaryimage","url":"https:\/\/i0.wp.com\/notabene.world\/nb\/wp-content\/uploads\/2022\/05\/279426272_2244706079015241_4346862201690016346_n.jpg?fit=2016%2C1512&ssl=1","contentUrl":"https:\/\/i0.wp.com\/notabene.world\/nb\/wp-content\/uploads\/2022\/05\/279426272_2244706079015241_4346862201690016346_n.jpg?fit=2016%2C1512&ssl=1","width":2016,"height":1512},{"@type":"BreadcrumbList","@id":"https:\/\/notabene.world\/nb\/cialem-w-polsce-sercem-i-dusza-na-ukrainie-rozmowa-z-pania-inna\/#breadcrumb","itemListElement":[{"@type":"ListItem","position":1,"name":"Home","item":"https:\/\/notabene.world\/nb\/"},{"@type":"ListItem","position":2,"name":"Cia\u0142em w Polsce, sercem i dusz\u0105 na Ukrainie: Rozmowa z Pani\u0105 Inn\u0105."}]},{"@type":"WebSite","@id":"https:\/\/notabene.world\/nb\/#website","url":"https:\/\/notabene.world\/nb\/","name":"NOTABENE.WORLD","description":"Przekaz. Warto\u015bci. Wsp\u00f3lnota.","publisher":{"@id":"https:\/\/notabene.world\/nb\/#organization"},"potentialAction":[{"@type":"SearchAction","target":{"@type":"EntryPoint","urlTemplate":"https:\/\/notabene.world\/nb\/?s={search_term_string}"},"query-input":{"@type":"PropertyValueSpecification","valueRequired":true,"valueName":"search_term_string"}}],"inLanguage":"pl-PL"},{"@type":"Organization","@id":"https:\/\/notabene.world\/nb\/#organization","name":"NOTABENE.WORLD","url":"https:\/\/notabene.world\/nb\/","logo":{"@type":"ImageObject","inLanguage":"pl-PL","@id":"https:\/\/notabene.world\/nb\/#\/schema\/logo\/image\/","url":"https:\/\/notabene.world\/nb\/wp-content\/uploads\/2022\/01\/NB-club-start-www1.jpg","contentUrl":"https:\/\/notabene.world\/nb\/wp-content\/uploads\/2022\/01\/NB-club-start-www1.jpg","width":1000,"height":839,"caption":"NOTABENE.WORLD"},"image":{"@id":"https:\/\/notabene.world\/nb\/#\/schema\/logo\/image\/"},"sameAs":["https:\/\/www.facebook.com\/Notabene.World"]},{"@type":"Person","@id":"https:\/\/notabene.world\/nb\/#\/schema\/person\/825e898a6b9538de96e67bb72d86be15","name":"Julia Piasecka","image":{"@type":"ImageObject","inLanguage":"pl-PL","@id":"https:\/\/secure.gravatar.com\/avatar\/8cdbdd4ab66b28acbd2c30a91bc2d76052755817b6c6a0bbf9f5a1615ffaf4d0?s=96&d=mm&r=g","url":"https:\/\/secure.gravatar.com\/avatar\/8cdbdd4ab66b28acbd2c30a91bc2d76052755817b6c6a0bbf9f5a1615ffaf4d0?s=96&d=mm&r=g","contentUrl":"https:\/\/secure.gravatar.com\/avatar\/8cdbdd4ab66b28acbd2c30a91bc2d76052755817b6c6a0bbf9f5a1615ffaf4d0?s=96&d=mm&r=g","caption":"Julia Piasecka"},"url":"https:\/\/notabene.world\/nb\/author\/j-p\/"}]}},"jetpack_featured_media_url":"https:\/\/i0.wp.com\/notabene.world\/nb\/wp-content\/uploads\/2022\/05\/279426272_2244706079015241_4346862201690016346_n.jpg?fit=2016%2C1512&ssl=1","jetpack_sharing_enabled":true,"jetpack_shortlink":"https:\/\/wp.me\/pdCobN-1ud","_links":{"self":[{"href":"https:\/\/notabene.world\/nb\/wp-json\/wp\/v2\/posts\/5717","targetHints":{"allow":["GET"]}}],"collection":[{"href":"https:\/\/notabene.world\/nb\/wp-json\/wp\/v2\/posts"}],"about":[{"href":"https:\/\/notabene.world\/nb\/wp-json\/wp\/v2\/types\/post"}],"author":[{"embeddable":true,"href":"https:\/\/notabene.world\/nb\/wp-json\/wp\/v2\/users\/20"}],"replies":[{"embeddable":true,"href":"https:\/\/notabene.world\/nb\/wp-json\/wp\/v2\/comments?post=5717"}],"version-history":[{"count":5,"href":"https:\/\/notabene.world\/nb\/wp-json\/wp\/v2\/posts\/5717\/revisions"}],"predecessor-version":[{"id":5751,"href":"https:\/\/notabene.world\/nb\/wp-json\/wp\/v2\/posts\/5717\/revisions\/5751"}],"wp:featuredmedia":[{"embeddable":true,"href":"https:\/\/notabene.world\/nb\/wp-json\/wp\/v2\/media\/5728"}],"wp:attachment":[{"href":"https:\/\/notabene.world\/nb\/wp-json\/wp\/v2\/media?parent=5717"}],"wp:term":[{"taxonomy":"category","embeddable":true,"href":"https:\/\/notabene.world\/nb\/wp-json\/wp\/v2\/categories?post=5717"},{"taxonomy":"post_tag","embeddable":true,"href":"https:\/\/notabene.world\/nb\/wp-json\/wp\/v2\/tags?post=5717"}],"curies":[{"name":"wp","href":"https:\/\/api.w.org\/{rel}","templated":true}]}}