{"id":5810,"date":"2022-05-09T08:45:32","date_gmt":"2022-05-09T06:45:32","guid":{"rendered":"https:\/\/notabene.world\/nb\/?p=5810"},"modified":"2024-03-15T04:40:05","modified_gmt":"2024-03-15T03:40:05","slug":"kielecki-spacer-leona-4","status":"publish","type":"post","link":"https:\/\/notabene.world\/nb\/kielecki-spacer-leona-4\/","title":{"rendered":"Kielecki spacer Leona"},"content":{"rendered":"\n<p>Leon pojawi\u0142 si\u0119 w moim \u017cyciu prawie cztery lata temu. Min\u0119\u0142o p\u00f3\u0142 roku od odej\u015bcia Ampera, kt\u00f3ry towarzyszy\u0142 mi prawie osiemna\u015bcie lat. Amper by\u0142 cz\u0142onkiem naszej rodziny od szczeniaka. Kiedy mia\u0142 cztery lata, na ulicy w Sosnowcu, bladym \u015bwitem, po ci\u0119\u017ckiej ulewie, znalaz\u0142am Fifi. Nie mia\u0142a jeszcze roku i tak do\u0142\u0105czy\u0142a do naszej rodziny. Odesz\u0142a dwa lata temu, maj\u0105c prawie szesna\u015bcie lat. Leon ma obecnie siedem lat, wi\u0119c jeszcze kawa\u0142 wsp\u00f3lnego \u017cycia przed nami. Znalaz\u0142am go w schronisku ko\u0142o \u0141odzi, kt\u00f3re ma umow\u0119 z ponad czterdziestoma gminami na Podkarpaciu. Pewnie zosta\u0142 od\u0142owiony gdzie\u015b tam, przetransportowany ponad dwie\u015bcie kilometr\u00f3w i kto by sobie zawraca\u0142 g\u0142ow\u0119, \u017ceby go szuka\u0107 w tak odleg\u0142ym miejscu. Zreszt\u0105 przeszuka\u0142am wiele portali i stron: nikt za nim nie t\u0119skni\u0142! Cz\u0119sto zastanawiam si\u0119 jakie by\u0142o jego \u017cycie. Od pocz\u0105tku dobrze czu\u0142 si\u0119 w mieszkaniu, chocia\u017c na wiele rzeczy reagowa\u0142 w bardzo zabawny spos\u00f3b: to by\u0142o takie \u015bmieszne, psie zdziwienie: to to dzia\u0142a? Mo\u017ce trudno w to uwierzy\u0107, ale zosta\u0142o to udowodnione, \u017ce opieka nad \u017cyw\u0105 istot\u0105, kt\u00f3ra ma okre\u015blone potrzeby, pomaga nada\u0107 sens codziennemu \u017cyciu. Szczeg\u00f3lnie zbawienne jest to dla os\u00f3b mieszkaj\u0105cych samotnie. Ostatnie pandemiczne do\u015bwiadczenia dowiod\u0142y tego w spos\u00f3b niezaprzeczalny. Psy umiej\u0105 interpretowa\u0107 sygna\u0142y komunikacyjne, kt\u00f3re im wysy\u0142amy i rozumiej\u0105, \u017ce co\u015b jest nie tak. Moje psy dostosowywa\u0142y&nbsp; swoje zachowanie do mojego nastroju, a to bardzo pomaga\u0142o i pomaga w obni\u017ceniu stresu (na szcz\u0119\u015bcie rzadko go odczuwam).<\/p>\n\n\n\n<p>Jestem ci\u0105gle aktywna zawodowo, mam dosy\u0107 bogate \u017cycie towarzyskie i Leon nie zawsze mo\u017ce mi towarzyszy\u0107. To wszystko oznacza, \u017ce zostaje sam w domu. Czy t\u0119skni wtedy? Czy si\u0119 nudzi? Leon \u015bpi. Nie zniszczy\u0142 nic w domu, ale to nie oznacza, \u017ce psy tak nie robi\u0105. Psy mog\u0105 \u017ale znosi\u0107 d\u0142u\u017csze rozstania, wi\u0119c warto rozwa\u017cy\u0107 wsp\u00f3lne wakacje (wiele hoteli czy pensjonat\u00f3w oferuje miejsca dla naszych ps\u00f3w). S\u0105 te\u017c hotele oferuj\u0105ce opiek\u0119 nad naszym pupilem, ale tutaj zalecam dok\u0142adne sprawdzenie takiego miejsca. Psy cierpi\u0105 te\u017c po stracie swojego pana: znane s\u0105 przypadki czekania na swojego opiekuna w miejscu sta\u0142ych spotka\u0144. Psy maj\u0105 te\u017c swoje l\u0119ki i smutki, gdy choruj\u0105, odczuwaj\u0105 b\u00f3l, boj\u0105 si\u0119 burzy, fajerwerk\u00f3w lub zwyk\u0142ej k\u0105pieli. Amper obszczekiwa\u0142 petardy, Fifi \u2018mia\u0142a wywalone\u2019, Leon bardzo si\u0119 denerwuje. To dok\u0142adnie jak my, ludzie. Nasze zwierz\u0119ta rozumiej\u0105 na sw\u00f3j spos\u00f3b, czuj\u0105, wsp\u00f3\u0142odczuwaj\u0105 i rado\u015bci i smutki. Widzia\u0142am to u wszystkich moich ps\u00f3w.<\/p>\n\n\n\n<p>Pojawienie si\u0119 psa w domu to du\u017ca odpowiedzialno\u015b\u0107. Niesie tak\u017ce zobowi\u0105zanie finansowe. To codzienna opieka, zwykle czasoch\u0142onna. Ale korzy\u015bci s\u0105 olbrzymie: spacery! Na spacerach poznajemy ludzi, kt\u00f3rych nigdy by\u015bmy nie spotkali! No i musimy, ale naprawd\u0119 musimy znale\u017a\u0107 lekarza weterynarii, kt\u00f3ry zajmie si\u0119 towarzyszem naszego \u017cycia. Nie bez powodu wspomnia\u0142am na pocz\u0105tku o wieku moich ps\u00f3w. Amper do\u017cy\u0142 naprawd\u0119 s\u0119dziwego wieku, Fifi, pomimo w\u0105troby, kt\u00f3ra na USG wygl\u0105da\u0142a jak ser szwajcarski, by\u0142a w zdumiewaj\u0105co dobrej kondycji. Obydwoje zawdzi\u0119czali to wspania\u0142ej opiece weterynaryjnej, jak\u0105 im zafundowa\u0142am. Obydwoje mieli regularne badania krwi, a Fifi badania USG. Cudowny zesp\u00f3\u0142 weterynarzy by\u0142 i nadal jest (bo i Leon jest pod ich opiek\u0105) g\u0142osem moich ps\u00f3w. Kiedy tylko niepokoi\u0142o mnie ich zachowanie, zawsze mog\u0142am i mog\u0119 liczy\u0107 na ich pomoc, na ich fachowo\u015b\u0107. To oni s\u0105 g\u0142osem zwierz\u0105t cierpi\u0105cych. Jak znale\u017a\u0107 takich lekarzy? Nie mam jednoznacznej odpowiedzi. Mo\u017ce si\u0119 okaza\u0107, \u017ce lekarz wpisany na list\u0119 bieg\u0142ych s\u0105dowych oka\u017ce si\u0119 by\u0107 cz\u0142owiekiem lekcewa\u017c\u0105cym wszelkie przepisy i procedury i doprowadzi do \u015bmierci zwierz\u0119cia. Mo\u017ce si\u0119 okaza\u0107, \u017ce lekarz rezyduj\u0105cy w luksusowo wyposa\u017conym gabinecie b\u0119dzie szybko podejmowa\u0107 decyzje o eutanazji, bo albo nie jest w stanie postawi\u0107 prawid\u0142owej diagnozy albo duma nie pozwala mu na konsultacj\u0119 z bardziej do\u015bwiadczonym koleg\u0105 i szybko dorabia si\u0119 przezwiska \u2018doktor \u015bmier\u0107\u2019. Mo\u017ce si\u0119 te\u017c okaza\u0107, \u017ce w niepozornym gabinecie rezyduje lekarz weterynarii o wielkim sercu i niespotykanej intuicji. I to b\u0119dzie w\u0142a\u015bnie ten, kt\u00f3rego nasz zwierzak pokocha i z ufno\u015bci\u0105 podda si\u0119 wszelkim zabiegom. Nasi mniejsi bracia, kt\u00f3rzy tak znacz\u0105co wp\u0142ywaj\u0105 na popraw\u0119 naszej kondycji psychicznej, zas\u0142uguj\u0105 na w\u0142a\u015bciw\u0105 opiek\u0119 weterynaryjn\u0105. Jeste\u015bmy im to winni.<\/p>\n\n\n\n<figure class=\"wp-block-gallery has-nested-images columns-default is-cropped wp-block-gallery-1 is-layout-flex wp-block-gallery-is-layout-flex\">\n<figure class=\"wp-block-image size-large\"><img data-recalc-dims=\"1\" loading=\"lazy\" decoding=\"async\" width=\"640\" height=\"899\" data-id=\"5813\" src=\"https:\/\/i0.wp.com\/notabene.world\/nb\/wp-content\/uploads\/2022\/05\/279520200_492987349287737_8384773787586479282_n.jpg?resize=640%2C899&#038;ssl=1\" alt=\"\" class=\"wp-image-5813\" srcset=\"https:\/\/i0.wp.com\/notabene.world\/nb\/wp-content\/uploads\/2022\/05\/279520200_492987349287737_8384773787586479282_n.jpg?w=640&amp;ssl=1 640w, https:\/\/i0.wp.com\/notabene.world\/nb\/wp-content\/uploads\/2022\/05\/279520200_492987349287737_8384773787586479282_n.jpg?resize=214%2C300&amp;ssl=1 214w\" sizes=\"auto, (max-width: 640px) 100vw, 640px\" \/><\/figure>\n\n\n\n<figure class=\"wp-block-image size-large\"><img data-recalc-dims=\"1\" loading=\"lazy\" decoding=\"async\" width=\"723\" height=\"960\" data-id=\"5814\" src=\"https:\/\/i0.wp.com\/notabene.world\/nb\/wp-content\/uploads\/2022\/05\/279804539_377116954352984_2034617794900491873_n.jpg?resize=723%2C960&#038;ssl=1\" alt=\"\" class=\"wp-image-5814\" srcset=\"https:\/\/i0.wp.com\/notabene.world\/nb\/wp-content\/uploads\/2022\/05\/279804539_377116954352984_2034617794900491873_n.jpg?w=723&amp;ssl=1 723w, https:\/\/i0.wp.com\/notabene.world\/nb\/wp-content\/uploads\/2022\/05\/279804539_377116954352984_2034617794900491873_n.jpg?resize=226%2C300&amp;ssl=1 226w\" sizes=\"auto, (max-width: 723px) 100vw, 723px\" \/><\/figure>\n\n\n\n<figure class=\"wp-block-image size-large\"><img data-recalc-dims=\"1\" loading=\"lazy\" decoding=\"async\" width=\"365\" height=\"705\" data-id=\"5815\" src=\"https:\/\/i0.wp.com\/notabene.world\/nb\/wp-content\/uploads\/2022\/05\/279907616_415648416674063_364595509112104240_n.jpg?resize=365%2C705&#038;ssl=1\" alt=\"\" class=\"wp-image-5815\" srcset=\"https:\/\/i0.wp.com\/notabene.world\/nb\/wp-content\/uploads\/2022\/05\/279907616_415648416674063_364595509112104240_n.jpg?w=365&amp;ssl=1 365w, https:\/\/i0.wp.com\/notabene.world\/nb\/wp-content\/uploads\/2022\/05\/279907616_415648416674063_364595509112104240_n.jpg?resize=155%2C300&amp;ssl=1 155w\" sizes=\"auto, (max-width: 365px) 100vw, 365px\" \/><\/figure>\n<\/figure>\n\n\n\n<figure class=\"wp-block-image size-full\"><img data-recalc-dims=\"1\" loading=\"lazy\" decoding=\"async\" width=\"800\" height=\"800\" src=\"https:\/\/i0.wp.com\/notabene.world\/nb\/wp-content\/uploads\/2024\/03\/irc-plakat-nb.jpg?resize=800%2C800&#038;ssl=1\" alt=\"\" class=\"wp-image-12607\" srcset=\"https:\/\/i0.wp.com\/notabene.world\/nb\/wp-content\/uploads\/2024\/03\/irc-plakat-nb.jpg?w=1024&amp;ssl=1 1024w, https:\/\/i0.wp.com\/notabene.world\/nb\/wp-content\/uploads\/2024\/03\/irc-plakat-nb.jpg?resize=300%2C300&amp;ssl=1 300w, https:\/\/i0.wp.com\/notabene.world\/nb\/wp-content\/uploads\/2024\/03\/irc-plakat-nb.jpg?resize=150%2C150&amp;ssl=1 150w, https:\/\/i0.wp.com\/notabene.world\/nb\/wp-content\/uploads\/2024\/03\/irc-plakat-nb.jpg?resize=768%2C768&amp;ssl=1 768w\" sizes=\"auto, (max-width: 800px) 100vw, 800px\" \/><\/figure>\n","protected":false},"excerpt":{"rendered":"<p>Leon pojawi\u0142 si\u0119 w moim \u017cyciu prawie cztery lata temu. Min\u0119\u0142o p\u00f3\u0142 roku od odej\u015bcia Ampera, kt\u00f3ry towarzyszy\u0142 mi prawie osiemna\u015bcie lat. Amper by\u0142 cz\u0142onkiem naszej rodziny od szczeniaka. Kiedy mia\u0142 cztery lata, na ulicy w Sosnowcu, bladym \u015bwitem, po ci\u0119\u017ckiej ulewie, znalaz\u0142am Fifi. Nie mia\u0142a jeszcze roku i tak do\u0142\u0105czy\u0142a do naszej rodziny. Odesz\u0142a dwa lata temu, maj\u0105c prawie szesna\u015bcie lat. Leon ma obecnie siedem lat, wi\u0119c jeszcze kawa\u0142 wsp\u00f3lnego \u017cycia przed nami.<\/p>\n","protected":false},"author":36,"featured_media":3994,"comment_status":"closed","ping_status":"closed","sticky":false,"template":"","format":"standard","meta":{"colormag_page_container_layout":"no_sidebar_content_centered","colormag_page_sidebar_layout":"no_sidebar","_jetpack_memberships_contains_paid_content":false,"footnotes":"","_links_to":"","_links_to_target":""},"categories":[42,161,150],"tags":[],"class_list":["post-5810","post","type-post","status-publish","format-standard","has-post-thumbnail","hentry","category-felietony","category-kielecki-spacer-leona","category-publicystyka"],"yoast_head":"<!-- This site is optimized with the Yoast SEO plugin v27.4 - https:\/\/yoast.com\/product\/yoast-seo-wordpress\/ -->\n<title>Kielecki spacer Leona - NOTABENE.WORLD<\/title>\n<meta name=\"robots\" content=\"index, follow, max-snippet:-1, max-image-preview:large, max-video-preview:-1\" \/>\n<link rel=\"canonical\" href=\"https:\/\/notabene.world\/nb\/kielecki-spacer-leona-4\/\" \/>\n<meta property=\"og:locale\" content=\"pl_PL\" \/>\n<meta property=\"og:type\" content=\"article\" \/>\n<meta property=\"og:title\" content=\"Kielecki spacer Leona - NOTABENE.WORLD\" \/>\n<meta property=\"og:description\" content=\"Leon pojawi\u0142 si\u0119 w moim \u017cyciu prawie cztery lata temu. Min\u0119\u0142o p\u00f3\u0142 roku od odej\u015bcia Ampera, kt\u00f3ry towarzyszy\u0142 mi prawie osiemna\u015bcie lat. Amper by\u0142 cz\u0142onkiem naszej rodziny od szczeniaka. Kiedy mia\u0142 cztery lata, na ulicy w Sosnowcu, bladym \u015bwitem, po ci\u0119\u017ckiej ulewie, znalaz\u0142am Fifi. Nie mia\u0142a jeszcze roku i tak do\u0142\u0105czy\u0142a do naszej rodziny. Odesz\u0142a dwa lata temu, maj\u0105c prawie szesna\u015bcie lat. Leon ma obecnie siedem lat, wi\u0119c jeszcze kawa\u0142 wsp\u00f3lnego \u017cycia przed nami.\" \/>\n<meta property=\"og:url\" content=\"https:\/\/notabene.world\/nb\/kielecki-spacer-leona-4\/\" \/>\n<meta property=\"og:site_name\" content=\"NOTABENE.WORLD\" \/>\n<meta property=\"article:publisher\" content=\"https:\/\/www.facebook.com\/Notabene.World\" \/>\n<meta property=\"article:published_time\" content=\"2022-05-09T06:45:32+00:00\" \/>\n<meta property=\"article:modified_time\" content=\"2024-03-15T03:40:05+00:00\" \/>\n<meta property=\"og:image\" content=\"https:\/\/notabene.world\/nb\/wp-content\/uploads\/2022\/03\/leon.jpg\" \/>\n\t<meta property=\"og:image:width\" content=\"800\" \/>\n\t<meta property=\"og:image:height\" content=\"445\" \/>\n\t<meta property=\"og:image:type\" content=\"image\/jpeg\" \/>\n<meta name=\"author\" content=\"I R C\" \/>\n<meta name=\"twitter:card\" content=\"summary_large_image\" \/>\n<meta name=\"twitter:label1\" content=\"Napisane przez\" \/>\n\t<meta name=\"twitter:data1\" content=\"I R C\" \/>\n\t<meta name=\"twitter:label2\" content=\"Szacowany czas czytania\" \/>\n\t<meta name=\"twitter:data2\" content=\"5 minut\" \/>\n<script type=\"application\/ld+json\" class=\"yoast-schema-graph\">{\"@context\":\"https:\\\/\\\/schema.org\",\"@graph\":[{\"@type\":\"Article\",\"@id\":\"https:\\\/\\\/notabene.world\\\/nb\\\/kielecki-spacer-leona-4\\\/#article\",\"isPartOf\":{\"@id\":\"https:\\\/\\\/notabene.world\\\/nb\\\/kielecki-spacer-leona-4\\\/\"},\"author\":{\"name\":\"I R C\",\"@id\":\"https:\\\/\\\/notabene.world\\\/nb\\\/#\\\/schema\\\/person\\\/ac70a2aaa7211680d43f77c39f6b6cc6\"},\"headline\":\"Kielecki spacer Leona\",\"datePublished\":\"2022-05-09T06:45:32+00:00\",\"dateModified\":\"2024-03-15T03:40:05+00:00\",\"mainEntityOfPage\":{\"@id\":\"https:\\\/\\\/notabene.world\\\/nb\\\/kielecki-spacer-leona-4\\\/\"},\"wordCount\":777,\"publisher\":{\"@id\":\"https:\\\/\\\/notabene.world\\\/nb\\\/#organization\"},\"image\":{\"@id\":\"https:\\\/\\\/notabene.world\\\/nb\\\/kielecki-spacer-leona-4\\\/#primaryimage\"},\"thumbnailUrl\":\"https:\\\/\\\/i0.wp.com\\\/notabene.world\\\/nb\\\/wp-content\\\/uploads\\\/2022\\\/03\\\/leon.jpg?fit=800%2C445&ssl=1\",\"articleSection\":[\"Felietony\",\"Kielecki Spacer Leona\",\"Publicystyka\"],\"inLanguage\":\"pl-PL\"},{\"@type\":\"WebPage\",\"@id\":\"https:\\\/\\\/notabene.world\\\/nb\\\/kielecki-spacer-leona-4\\\/\",\"url\":\"https:\\\/\\\/notabene.world\\\/nb\\\/kielecki-spacer-leona-4\\\/\",\"name\":\"Kielecki spacer Leona - NOTABENE.WORLD\",\"isPartOf\":{\"@id\":\"https:\\\/\\\/notabene.world\\\/nb\\\/#website\"},\"primaryImageOfPage\":{\"@id\":\"https:\\\/\\\/notabene.world\\\/nb\\\/kielecki-spacer-leona-4\\\/#primaryimage\"},\"image\":{\"@id\":\"https:\\\/\\\/notabene.world\\\/nb\\\/kielecki-spacer-leona-4\\\/#primaryimage\"},\"thumbnailUrl\":\"https:\\\/\\\/i0.wp.com\\\/notabene.world\\\/nb\\\/wp-content\\\/uploads\\\/2022\\\/03\\\/leon.jpg?fit=800%2C445&ssl=1\",\"datePublished\":\"2022-05-09T06:45:32+00:00\",\"dateModified\":\"2024-03-15T03:40:05+00:00\",\"breadcrumb\":{\"@id\":\"https:\\\/\\\/notabene.world\\\/nb\\\/kielecki-spacer-leona-4\\\/#breadcrumb\"},\"inLanguage\":\"pl-PL\",\"potentialAction\":[{\"@type\":\"ReadAction\",\"target\":[\"https:\\\/\\\/notabene.world\\\/nb\\\/kielecki-spacer-leona-4\\\/\"]}]},{\"@type\":\"ImageObject\",\"inLanguage\":\"pl-PL\",\"@id\":\"https:\\\/\\\/notabene.world\\\/nb\\\/kielecki-spacer-leona-4\\\/#primaryimage\",\"url\":\"https:\\\/\\\/i0.wp.com\\\/notabene.world\\\/nb\\\/wp-content\\\/uploads\\\/2022\\\/03\\\/leon.jpg?fit=800%2C445&ssl=1\",\"contentUrl\":\"https:\\\/\\\/i0.wp.com\\\/notabene.world\\\/nb\\\/wp-content\\\/uploads\\\/2022\\\/03\\\/leon.jpg?fit=800%2C445&ssl=1\",\"width\":800,\"height\":445},{\"@type\":\"BreadcrumbList\",\"@id\":\"https:\\\/\\\/notabene.world\\\/nb\\\/kielecki-spacer-leona-4\\\/#breadcrumb\",\"itemListElement\":[{\"@type\":\"ListItem\",\"position\":1,\"name\":\"Home\",\"item\":\"https:\\\/\\\/notabene.world\\\/nb\\\/\"},{\"@type\":\"ListItem\",\"position\":2,\"name\":\"Kielecki spacer Leona\"}]},{\"@type\":\"WebSite\",\"@id\":\"https:\\\/\\\/notabene.world\\\/nb\\\/#website\",\"url\":\"https:\\\/\\\/notabene.world\\\/nb\\\/\",\"name\":\"NOTABENE.WORLD\",\"description\":\"Przekaz. Warto\u015bci. Wsp\u00f3lnota.\",\"publisher\":{\"@id\":\"https:\\\/\\\/notabene.world\\\/nb\\\/#organization\"},\"potentialAction\":[{\"@type\":\"SearchAction\",\"target\":{\"@type\":\"EntryPoint\",\"urlTemplate\":\"https:\\\/\\\/notabene.world\\\/nb\\\/?s={search_term_string}\"},\"query-input\":{\"@type\":\"PropertyValueSpecification\",\"valueRequired\":true,\"valueName\":\"search_term_string\"}}],\"inLanguage\":\"pl-PL\"},{\"@type\":\"Organization\",\"@id\":\"https:\\\/\\\/notabene.world\\\/nb\\\/#organization\",\"name\":\"NOTABENE.WORLD\",\"url\":\"https:\\\/\\\/notabene.world\\\/nb\\\/\",\"logo\":{\"@type\":\"ImageObject\",\"inLanguage\":\"pl-PL\",\"@id\":\"https:\\\/\\\/notabene.world\\\/nb\\\/#\\\/schema\\\/logo\\\/image\\\/\",\"url\":\"https:\\\/\\\/notabene.world\\\/nb\\\/wp-content\\\/uploads\\\/2022\\\/01\\\/NB-club-start-www1.jpg\",\"contentUrl\":\"https:\\\/\\\/notabene.world\\\/nb\\\/wp-content\\\/uploads\\\/2022\\\/01\\\/NB-club-start-www1.jpg\",\"width\":1000,\"height\":839,\"caption\":\"NOTABENE.WORLD\"},\"image\":{\"@id\":\"https:\\\/\\\/notabene.world\\\/nb\\\/#\\\/schema\\\/logo\\\/image\\\/\"},\"sameAs\":[\"https:\\\/\\\/www.facebook.com\\\/Notabene.World\"]},{\"@type\":\"Person\",\"@id\":\"https:\\\/\\\/notabene.world\\\/nb\\\/#\\\/schema\\\/person\\\/ac70a2aaa7211680d43f77c39f6b6cc6\",\"name\":\"I R C\",\"image\":{\"@type\":\"ImageObject\",\"inLanguage\":\"pl-PL\",\"@id\":\"https:\\\/\\\/secure.gravatar.com\\\/avatar\\\/fe2825cf9f743227fcf297d0160324b27a850abef445f5fbfb0296cb18d5d169?s=96&d=mm&r=g\",\"url\":\"https:\\\/\\\/secure.gravatar.com\\\/avatar\\\/fe2825cf9f743227fcf297d0160324b27a850abef445f5fbfb0296cb18d5d169?s=96&d=mm&r=g\",\"contentUrl\":\"https:\\\/\\\/secure.gravatar.com\\\/avatar\\\/fe2825cf9f743227fcf297d0160324b27a850abef445f5fbfb0296cb18d5d169?s=96&d=mm&r=g\",\"caption\":\"I R C\"},\"url\":\"https:\\\/\\\/notabene.world\\\/nb\\\/author\\\/in-r\\\/\"}]}<\/script>\n<!-- \/ Yoast SEO plugin. -->","yoast_head_json":{"title":"Kielecki spacer Leona - NOTABENE.WORLD","robots":{"index":"index","follow":"follow","max-snippet":"max-snippet:-1","max-image-preview":"max-image-preview:large","max-video-preview":"max-video-preview:-1"},"canonical":"https:\/\/notabene.world\/nb\/kielecki-spacer-leona-4\/","og_locale":"pl_PL","og_type":"article","og_title":"Kielecki spacer Leona - NOTABENE.WORLD","og_description":"Leon pojawi\u0142 si\u0119 w moim \u017cyciu prawie cztery lata temu. Min\u0119\u0142o p\u00f3\u0142 roku od odej\u015bcia Ampera, kt\u00f3ry towarzyszy\u0142 mi prawie osiemna\u015bcie lat. Amper by\u0142 cz\u0142onkiem naszej rodziny od szczeniaka. Kiedy mia\u0142 cztery lata, na ulicy w Sosnowcu, bladym \u015bwitem, po ci\u0119\u017ckiej ulewie, znalaz\u0142am Fifi. Nie mia\u0142a jeszcze roku i tak do\u0142\u0105czy\u0142a do naszej rodziny. Odesz\u0142a dwa lata temu, maj\u0105c prawie szesna\u015bcie lat. Leon ma obecnie siedem lat, wi\u0119c jeszcze kawa\u0142 wsp\u00f3lnego \u017cycia przed nami.","og_url":"https:\/\/notabene.world\/nb\/kielecki-spacer-leona-4\/","og_site_name":"NOTABENE.WORLD","article_publisher":"https:\/\/www.facebook.com\/Notabene.World","article_published_time":"2022-05-09T06:45:32+00:00","article_modified_time":"2024-03-15T03:40:05+00:00","og_image":[{"width":800,"height":445,"url":"https:\/\/notabene.world\/nb\/wp-content\/uploads\/2022\/03\/leon.jpg","type":"image\/jpeg"}],"author":"I R C","twitter_card":"summary_large_image","twitter_misc":{"Napisane przez":"I R C","Szacowany czas czytania":"5 minut"},"schema":{"@context":"https:\/\/schema.org","@graph":[{"@type":"Article","@id":"https:\/\/notabene.world\/nb\/kielecki-spacer-leona-4\/#article","isPartOf":{"@id":"https:\/\/notabene.world\/nb\/kielecki-spacer-leona-4\/"},"author":{"name":"I R C","@id":"https:\/\/notabene.world\/nb\/#\/schema\/person\/ac70a2aaa7211680d43f77c39f6b6cc6"},"headline":"Kielecki spacer Leona","datePublished":"2022-05-09T06:45:32+00:00","dateModified":"2024-03-15T03:40:05+00:00","mainEntityOfPage":{"@id":"https:\/\/notabene.world\/nb\/kielecki-spacer-leona-4\/"},"wordCount":777,"publisher":{"@id":"https:\/\/notabene.world\/nb\/#organization"},"image":{"@id":"https:\/\/notabene.world\/nb\/kielecki-spacer-leona-4\/#primaryimage"},"thumbnailUrl":"https:\/\/i0.wp.com\/notabene.world\/nb\/wp-content\/uploads\/2022\/03\/leon.jpg?fit=800%2C445&ssl=1","articleSection":["Felietony","Kielecki Spacer Leona","Publicystyka"],"inLanguage":"pl-PL"},{"@type":"WebPage","@id":"https:\/\/notabene.world\/nb\/kielecki-spacer-leona-4\/","url":"https:\/\/notabene.world\/nb\/kielecki-spacer-leona-4\/","name":"Kielecki spacer Leona - NOTABENE.WORLD","isPartOf":{"@id":"https:\/\/notabene.world\/nb\/#website"},"primaryImageOfPage":{"@id":"https:\/\/notabene.world\/nb\/kielecki-spacer-leona-4\/#primaryimage"},"image":{"@id":"https:\/\/notabene.world\/nb\/kielecki-spacer-leona-4\/#primaryimage"},"thumbnailUrl":"https:\/\/i0.wp.com\/notabene.world\/nb\/wp-content\/uploads\/2022\/03\/leon.jpg?fit=800%2C445&ssl=1","datePublished":"2022-05-09T06:45:32+00:00","dateModified":"2024-03-15T03:40:05+00:00","breadcrumb":{"@id":"https:\/\/notabene.world\/nb\/kielecki-spacer-leona-4\/#breadcrumb"},"inLanguage":"pl-PL","potentialAction":[{"@type":"ReadAction","target":["https:\/\/notabene.world\/nb\/kielecki-spacer-leona-4\/"]}]},{"@type":"ImageObject","inLanguage":"pl-PL","@id":"https:\/\/notabene.world\/nb\/kielecki-spacer-leona-4\/#primaryimage","url":"https:\/\/i0.wp.com\/notabene.world\/nb\/wp-content\/uploads\/2022\/03\/leon.jpg?fit=800%2C445&ssl=1","contentUrl":"https:\/\/i0.wp.com\/notabene.world\/nb\/wp-content\/uploads\/2022\/03\/leon.jpg?fit=800%2C445&ssl=1","width":800,"height":445},{"@type":"BreadcrumbList","@id":"https:\/\/notabene.world\/nb\/kielecki-spacer-leona-4\/#breadcrumb","itemListElement":[{"@type":"ListItem","position":1,"name":"Home","item":"https:\/\/notabene.world\/nb\/"},{"@type":"ListItem","position":2,"name":"Kielecki spacer Leona"}]},{"@type":"WebSite","@id":"https:\/\/notabene.world\/nb\/#website","url":"https:\/\/notabene.world\/nb\/","name":"NOTABENE.WORLD","description":"Przekaz. Warto\u015bci. Wsp\u00f3lnota.","publisher":{"@id":"https:\/\/notabene.world\/nb\/#organization"},"potentialAction":[{"@type":"SearchAction","target":{"@type":"EntryPoint","urlTemplate":"https:\/\/notabene.world\/nb\/?s={search_term_string}"},"query-input":{"@type":"PropertyValueSpecification","valueRequired":true,"valueName":"search_term_string"}}],"inLanguage":"pl-PL"},{"@type":"Organization","@id":"https:\/\/notabene.world\/nb\/#organization","name":"NOTABENE.WORLD","url":"https:\/\/notabene.world\/nb\/","logo":{"@type":"ImageObject","inLanguage":"pl-PL","@id":"https:\/\/notabene.world\/nb\/#\/schema\/logo\/image\/","url":"https:\/\/notabene.world\/nb\/wp-content\/uploads\/2022\/01\/NB-club-start-www1.jpg","contentUrl":"https:\/\/notabene.world\/nb\/wp-content\/uploads\/2022\/01\/NB-club-start-www1.jpg","width":1000,"height":839,"caption":"NOTABENE.WORLD"},"image":{"@id":"https:\/\/notabene.world\/nb\/#\/schema\/logo\/image\/"},"sameAs":["https:\/\/www.facebook.com\/Notabene.World"]},{"@type":"Person","@id":"https:\/\/notabene.world\/nb\/#\/schema\/person\/ac70a2aaa7211680d43f77c39f6b6cc6","name":"I R C","image":{"@type":"ImageObject","inLanguage":"pl-PL","@id":"https:\/\/secure.gravatar.com\/avatar\/fe2825cf9f743227fcf297d0160324b27a850abef445f5fbfb0296cb18d5d169?s=96&d=mm&r=g","url":"https:\/\/secure.gravatar.com\/avatar\/fe2825cf9f743227fcf297d0160324b27a850abef445f5fbfb0296cb18d5d169?s=96&d=mm&r=g","contentUrl":"https:\/\/secure.gravatar.com\/avatar\/fe2825cf9f743227fcf297d0160324b27a850abef445f5fbfb0296cb18d5d169?s=96&d=mm&r=g","caption":"I R C"},"url":"https:\/\/notabene.world\/nb\/author\/in-r\/"}]}},"jetpack_featured_media_url":"https:\/\/i0.wp.com\/notabene.world\/nb\/wp-content\/uploads\/2022\/03\/leon.jpg?fit=800%2C445&ssl=1","jetpack_sharing_enabled":true,"jetpack_shortlink":"https:\/\/wp.me\/pdCobN-1vI","_links":{"self":[{"href":"https:\/\/notabene.world\/nb\/wp-json\/wp\/v2\/posts\/5810","targetHints":{"allow":["GET"]}}],"collection":[{"href":"https:\/\/notabene.world\/nb\/wp-json\/wp\/v2\/posts"}],"about":[{"href":"https:\/\/notabene.world\/nb\/wp-json\/wp\/v2\/types\/post"}],"author":[{"embeddable":true,"href":"https:\/\/notabene.world\/nb\/wp-json\/wp\/v2\/users\/36"}],"replies":[{"embeddable":true,"href":"https:\/\/notabene.world\/nb\/wp-json\/wp\/v2\/comments?post=5810"}],"version-history":[{"count":5,"href":"https:\/\/notabene.world\/nb\/wp-json\/wp\/v2\/posts\/5810\/revisions"}],"predecessor-version":[{"id":12615,"href":"https:\/\/notabene.world\/nb\/wp-json\/wp\/v2\/posts\/5810\/revisions\/12615"}],"wp:featuredmedia":[{"embeddable":true,"href":"https:\/\/notabene.world\/nb\/wp-json\/wp\/v2\/media\/3994"}],"wp:attachment":[{"href":"https:\/\/notabene.world\/nb\/wp-json\/wp\/v2\/media?parent=5810"}],"wp:term":[{"taxonomy":"category","embeddable":true,"href":"https:\/\/notabene.world\/nb\/wp-json\/wp\/v2\/categories?post=5810"},{"taxonomy":"post_tag","embeddable":true,"href":"https:\/\/notabene.world\/nb\/wp-json\/wp\/v2\/tags?post=5810"}],"curies":[{"name":"wp","href":"https:\/\/api.w.org\/{rel}","templated":true}]}}