{"id":6148,"date":"2022-05-29T23:02:00","date_gmt":"2022-05-29T21:02:00","guid":{"rendered":"https:\/\/notabene.world\/nb\/?p=6148"},"modified":"2022-06-20T15:55:10","modified_gmt":"2022-06-20T13:55:10","slug":"32-lata","status":"publish","type":"post","link":"https:\/\/notabene.world\/nb\/32-lata\/","title":{"rendered":"32 lata&#8230;"},"content":{"rendered":"\n<p>Niedziela. Kawa i pochmurny dzie\u0144 to duet sprzyjaj\u0105cy wspomnieniom. A te nasuwaj\u0105 si\u0119 same, bo w tym tygodniu obchodzili\u015bmy najpi\u0119kniejsze \u015bwi\u0119to &#8211; Dzie\u0144 Matki. Ci szcz\u0119\u015bliwcy, kt\u00f3rzy Mamy maj\u0105, sk\u0142adali \u017cyczenia. Ci, kt\u00f3rzy ju\u017c ich nie maj\u0105, mogli tylko wspomina\u0107. I podzi\u0119kowa\u0107 za wszystko.&nbsp;<\/p>\n\n\n\n<p>Tego dnia r\u00f3wnie\u017c p\u00f3\u0142 miliona uczni\u00f3w rozpocz\u0119\u0142o&nbsp;&nbsp;egzamin dla o\u015bmioklasist\u00f3w.&nbsp;<\/p>\n\n\n\n<p>W pi\u0105tek obchodzili\u015bmy Dzie\u0144 Samorz\u0105du Terytorialnego. To \u015bwi\u0119to obchodzone jest corocznie 27 maja. Uchwalone przez Sejm w 2000 roku, upami\u0119tnia pierwsze wybory samorz\u0105dowe. Wybory z 27 maja 1990 roku przeprowadzono na mocy Ustawy o Samorz\u0105dzie gminnym uchwalonej przez Sejm 8 marca 1990 roku. Dzi\u0119ki temu spo\u0142eczno\u015bci lokalne mog\u0142y zarz\u0105dza\u0107 cz\u0119\u015bci\u0105 spraw publicznych, a gminy uzyska\u0142y w\u0142asne \u017ar\u00f3d\u0142a dochod\u00f3w i mo\u017cliwo\u015b\u0107 decydowania o swoich wydatkach. Kolejny, wa\u017cny etap reformy administracyjnej nast\u0105pi\u0142 w styczniu 1999 r. Polega\u0142 na wprowadzeniu dw\u00f3ch dodatkowych szczebli samorz\u0105du: powiat\u00f3w i samorz\u0105dowych wojew\u00f3dztw. Oznacza\u0142o to przesuni\u0119cie kompetencji wykonywania zada\u0144 publicznych ze szczebla rz\u0105dowego na szczebel samorz\u0105dowy.&nbsp;<\/p>\n\n\n\n<p>Dzi\u015b po 32 latach traktujemy samorz\u0105d jak co\u015b oczywistego. Nie \u015bwi\u0119tujemy, jak zwykli\u015bmy to robi\u0107 jeszcze kilkana\u015bcie lat temu. Raczej oczekujemy od wybranych przez nas w\u0142adz coraz wi\u0119cej. I nie zawsze zdajemy sobie spraw\u0119, \u017ce rz\u0105d nak\u0142ada na samorz\u0105d coraz wi\u0119cej obowi\u0105zk\u00f3w, cz\u0119sto zapominaj\u0105c o konieczno\u015bci przekazania pieni\u0119dzy na nowe zadania. Cz\u0119sto nie wiemy (bo si\u0119 tym nie interesujemy), \u017ce nowe drogi, zbiorniki wodne, szko\u0142y, domy kultury, przychodnie zdrowia, szpitale, obiekty sportowe powstaj\u0105 dzi\u0119ki funduszom z Unii Europejskiej, czasami z cz\u0119\u015bciowym wk\u0142adem z bud\u017cet\u00f3w samorz\u0105d\u00f3w. Polska pi\u0119knieje, r\u00f3wnie\u017c&nbsp;&nbsp;dzi\u0119ki temu, \u017ce jeste\u015bmy w Unii, \u017ce dostajemy unijne pieni\u0105dze.&nbsp;<\/p>\n\n\n\n<p>Tymczasem w Ukrainie ju\u017c 95 dzie\u0144 wojny. Trwaj\u0105 ci\u0119\u017ckie walki w Donbasie. Rosjanie zmienili taktyk\u0119, przesun\u0119li tam \u017co\u0142nierzy i ogromn\u0105 ilo\u015b\u0107 broni pancernej. Trwaj\u0105 ci\u0119\u017ckie walki o Siewierodonieck, kluczowe dla Rosjan miasto. Je\u015bli je zdob\u0119d\u0105, og\u0142osz\u0105 sukces: tak oto zdobyli ca\u0142y obw\u00f3d \u0142uga\u0144ski. Walcz\u0105, doszcz\u0119tnie wszystko niszcz\u0105c. Co ciekawe, Rosjanie zrezygnowali z walk o Izium, chocia\u017c to w\u0142a\u015bnie ten kierunek otworzy\u0142by im drog\u0119 na zach\u00f3d. Wed\u0142ug analityk\u00f3w wojskowych obw\u00f3d \u0142uga\u0144ski to cel dora\u017any. Jeden z wa\u017cnych d\u0142ugoterminowy cel\u00f3w Rosji to wywo\u0142anie strachu o g\u0142\u00f3d na \u015bwiecie. G\u0142\u00f3d stanowi g\u0142\u00f3wny element negocjacji Putina o zniesienie sankcji na Rosj\u0119. Rosyjski dyktator powiedzia\u0142 to wprost podczas rozmowy z Macronem i Scholzem. Celem Moskwy jest przej\u0119cie ca\u0142ego p\u00f3\u0142nocnego wybrze\u017ca Morza Czarnego i odci\u0119cie Ukrainy od morza.&nbsp;<\/p>\n\n\n\n<p>Ukraina przed wojn\u0105 by\u0142a drugim eksporterem zb\u00f3\u017c na \u015bwiecie, oko\u0142o 98% handlu odbywa\u0142o si\u0119 drog\u0105 morsk\u0105. W ukrai\u0144skich silosach zgromadzono ok. 25 milion\u00f3w ton zb\u00f3\u017c (wartych oko\u0142o 15 mld dolar\u00f3w). Tyle rocznie spo\u017cywaj\u0105 najs\u0142abiej rozwini\u0119te kraje \u015bwiata. Sekretarz generalny ONZ zaapelowa\u0142 o utworzenie morskiego korytarza humanitarnego. Sprawa staje si\u0119 bardzo pilna, wed\u0142ug ONZ zapasy zbo\u017ca na \u015bwiecie wystarcz\u0105 tylko na 10 tygodni.&nbsp;<\/p>\n\n\n\n<p>Kryzys \u017cywno\u015bciowy pog\u0142\u0119bia susza panuj\u0105ca w ca\u0142ej Europie i silne wysuszaj\u0105ce wiatry w Stanach Zjednoczonych. Zbiory b\u0119d\u0105 znacznie ni\u017csze ni\u017c zazwyczaj. Ceny wszystkich produkt\u00f3w \u017cywno\u015bciowych poszybuj\u0105 w g\u00f3r\u0119. Wiktor Orban pod tym pretekstem wprowadzi\u0142 na W\u0119grzech stan wyj\u0105tkowy. Zmieni\u0142 konstytucj\u0119 i natychmiast wprowadzi\u0142 stan zagro\u017cenia. \u201eWojna i brukselskie sankcje przek\u0142adaj\u0105 si\u0119 na gospodark\u0119 i drastyczny wzrost cen\u201d t\u0142umaczy\u0142 ludowi Orban. Ciekawe, \u017ce ani s\u0142owa nie powiedzia\u0142 o zagro\u017ceniu ze strony Rosji. Orban uzyska\u0142 pe\u0142ni\u0119 w\u0142adzy, mo\u017ce rz\u0105dzi\u0107 dekretami. Zablokowa\u0142 wprowadzenie embarga na import ropy z Rosji dla ca\u0142ej Unii. Sprowadza z Rosji gaz. Jego elektrownia atomowa tak\u017ce zale\u017cy od Rosji. Pojawia si\u0119 pytanie, czy sojusznik zjednoczonej prawicy i rz\u0105du Polski w dalszym ci\u0105gu reprezentuje interesy pa\u0144stw nale\u017c\u0105cych do Unii Europejskiej. Odpowied\u017a zaczyna by\u0107 k\u0142opotliwa.<\/p>\n","protected":false},"excerpt":{"rendered":"<p>W pi\u0105tek obchodzili\u015bmy Dzie\u0144 Samorz\u0105du Terytorialnego. To \u015bwi\u0119to obchodzone jest corocznie 27 maja. Uchwalone przez Sejm w 2000 roku, upami\u0119tnia pierwsze wybory samorz\u0105dowe. Wybory z 27 maja 1990 roku przeprowadzono na mocy Ustawy o Samorz\u0105dzie gminnym uchwalonej przez Sejm 8 marca 1990 roku. Dzi\u0119ki temu spo\u0142eczno\u015bci lokalne mog\u0142y zarz\u0105dza\u0107 cz\u0119\u015bci\u0105 spraw publicznych, a gminy uzyska\u0142y w\u0142asne \u017ar\u00f3d\u0142a dochod\u00f3w i mo\u017cliwo\u015b\u0107 decydowania o swoich wydatkach. Kolejny, wa\u017cny etap reformy administracyjnej nast\u0105pi\u0142 w styczniu 1999 r. Polega\u0142 na wprowadzeniu dw\u00f3ch dodatkowych szczebli samorz\u0105du: powiat\u00f3w i samorz\u0105dowych wojew\u00f3dztw. Oznacza\u0142o to przesuni\u0119cie kompetencji wykonywania zada\u0144 publicznych ze szczebla rz\u0105dowego na szczebel samorz\u0105dowy.<\/p>\n","protected":false},"author":35,"featured_media":6150,"comment_status":"closed","ping_status":"closed","sticky":false,"template":"","format":"standard","meta":{"colormag_page_container_layout":"default_layout","colormag_page_sidebar_layout":"default_layout","_jetpack_memberships_contains_paid_content":false,"footnotes":"","_links_to":"","_links_to_target":""},"categories":[42,175,150],"tags":[],"class_list":["post-6148","post","type-post","status-publish","format-standard","has-post-thumbnail","hentry","category-felietony","category-liczby-i-fakty","category-publicystyka"],"yoast_head":"<!-- This site is optimized with the Yoast SEO plugin v27.4 - https:\/\/yoast.com\/product\/yoast-seo-wordpress\/ -->\n<title>32 lata... - NOTABENE.WORLD<\/title>\n<meta name=\"robots\" content=\"index, follow, max-snippet:-1, max-image-preview:large, max-video-preview:-1\" \/>\n<link rel=\"canonical\" href=\"https:\/\/notabene.world\/nb\/32-lata\/\" \/>\n<meta property=\"og:locale\" content=\"pl_PL\" \/>\n<meta property=\"og:type\" content=\"article\" \/>\n<meta property=\"og:title\" content=\"32 lata... - NOTABENE.WORLD\" \/>\n<meta property=\"og:description\" content=\"W pi\u0105tek obchodzili\u015bmy Dzie\u0144 Samorz\u0105du Terytorialnego. To \u015bwi\u0119to obchodzone jest corocznie 27 maja. Uchwalone przez Sejm w 2000 roku, upami\u0119tnia pierwsze wybory samorz\u0105dowe. Wybory z 27 maja 1990 roku przeprowadzono na mocy Ustawy o Samorz\u0105dzie gminnym uchwalonej przez Sejm 8 marca 1990 roku. Dzi\u0119ki temu spo\u0142eczno\u015bci lokalne mog\u0142y zarz\u0105dza\u0107 cz\u0119\u015bci\u0105 spraw publicznych, a gminy uzyska\u0142y w\u0142asne \u017ar\u00f3d\u0142a dochod\u00f3w i mo\u017cliwo\u015b\u0107 decydowania o swoich wydatkach. Kolejny, wa\u017cny etap reformy administracyjnej nast\u0105pi\u0142 w styczniu 1999 r. Polega\u0142 na wprowadzeniu dw\u00f3ch dodatkowych szczebli samorz\u0105du: powiat\u00f3w i samorz\u0105dowych wojew\u00f3dztw. Oznacza\u0142o to przesuni\u0119cie kompetencji wykonywania zada\u0144 publicznych ze szczebla rz\u0105dowego na szczebel samorz\u0105dowy.\" \/>\n<meta property=\"og:url\" content=\"https:\/\/notabene.world\/nb\/32-lata\/\" \/>\n<meta property=\"og:site_name\" content=\"NOTABENE.WORLD\" \/>\n<meta property=\"article:publisher\" content=\"https:\/\/www.facebook.com\/Notabene.World\" \/>\n<meta property=\"article:published_time\" content=\"2022-05-29T21:02:00+00:00\" \/>\n<meta property=\"article:modified_time\" content=\"2022-06-20T13:55:10+00:00\" \/>\n<meta property=\"og:image\" content=\"https:\/\/notabene.world\/nb\/wp-content\/uploads\/2022\/05\/l2.jpg\" \/>\n\t<meta property=\"og:image:width\" content=\"800\" \/>\n\t<meta property=\"og:image:height\" content=\"445\" \/>\n\t<meta property=\"og:image:type\" content=\"image\/jpeg\" \/>\n<meta name=\"author\" content=\"B D\" \/>\n<meta name=\"twitter:card\" content=\"summary_large_image\" \/>\n<meta name=\"twitter:label1\" content=\"Napisane przez\" \/>\n\t<meta name=\"twitter:data1\" content=\"B D\" \/>\n\t<meta name=\"twitter:label2\" content=\"Szacowany czas czytania\" \/>\n\t<meta name=\"twitter:data2\" content=\"4 minuty\" \/>\n<script type=\"application\/ld+json\" class=\"yoast-schema-graph\">{\"@context\":\"https:\\\/\\\/schema.org\",\"@graph\":[{\"@type\":\"Article\",\"@id\":\"https:\\\/\\\/notabene.world\\\/nb\\\/32-lata\\\/#article\",\"isPartOf\":{\"@id\":\"https:\\\/\\\/notabene.world\\\/nb\\\/32-lata\\\/\"},\"author\":{\"name\":\"B D\",\"@id\":\"https:\\\/\\\/notabene.world\\\/nb\\\/#\\\/schema\\\/person\\\/9081f0d094ad3e2767736feb48c99520\"},\"headline\":\"32 lata&#8230;\",\"datePublished\":\"2022-05-29T21:02:00+00:00\",\"dateModified\":\"2022-06-20T13:55:10+00:00\",\"mainEntityOfPage\":{\"@id\":\"https:\\\/\\\/notabene.world\\\/nb\\\/32-lata\\\/\"},\"wordCount\":704,\"publisher\":{\"@id\":\"https:\\\/\\\/notabene.world\\\/nb\\\/#organization\"},\"image\":{\"@id\":\"https:\\\/\\\/notabene.world\\\/nb\\\/32-lata\\\/#primaryimage\"},\"thumbnailUrl\":\"https:\\\/\\\/i0.wp.com\\\/notabene.world\\\/nb\\\/wp-content\\\/uploads\\\/2022\\\/05\\\/l2.jpg?fit=800%2C445&ssl=1\",\"articleSection\":[\"Felietony\",\"Liczby i Fakty\",\"Publicystyka\"],\"inLanguage\":\"pl-PL\"},{\"@type\":\"WebPage\",\"@id\":\"https:\\\/\\\/notabene.world\\\/nb\\\/32-lata\\\/\",\"url\":\"https:\\\/\\\/notabene.world\\\/nb\\\/32-lata\\\/\",\"name\":\"32 lata... - NOTABENE.WORLD\",\"isPartOf\":{\"@id\":\"https:\\\/\\\/notabene.world\\\/nb\\\/#website\"},\"primaryImageOfPage\":{\"@id\":\"https:\\\/\\\/notabene.world\\\/nb\\\/32-lata\\\/#primaryimage\"},\"image\":{\"@id\":\"https:\\\/\\\/notabene.world\\\/nb\\\/32-lata\\\/#primaryimage\"},\"thumbnailUrl\":\"https:\\\/\\\/i0.wp.com\\\/notabene.world\\\/nb\\\/wp-content\\\/uploads\\\/2022\\\/05\\\/l2.jpg?fit=800%2C445&ssl=1\",\"datePublished\":\"2022-05-29T21:02:00+00:00\",\"dateModified\":\"2022-06-20T13:55:10+00:00\",\"breadcrumb\":{\"@id\":\"https:\\\/\\\/notabene.world\\\/nb\\\/32-lata\\\/#breadcrumb\"},\"inLanguage\":\"pl-PL\",\"potentialAction\":[{\"@type\":\"ReadAction\",\"target\":[\"https:\\\/\\\/notabene.world\\\/nb\\\/32-lata\\\/\"]}]},{\"@type\":\"ImageObject\",\"inLanguage\":\"pl-PL\",\"@id\":\"https:\\\/\\\/notabene.world\\\/nb\\\/32-lata\\\/#primaryimage\",\"url\":\"https:\\\/\\\/i0.wp.com\\\/notabene.world\\\/nb\\\/wp-content\\\/uploads\\\/2022\\\/05\\\/l2.jpg?fit=800%2C445&ssl=1\",\"contentUrl\":\"https:\\\/\\\/i0.wp.com\\\/notabene.world\\\/nb\\\/wp-content\\\/uploads\\\/2022\\\/05\\\/l2.jpg?fit=800%2C445&ssl=1\",\"width\":800,\"height\":445},{\"@type\":\"BreadcrumbList\",\"@id\":\"https:\\\/\\\/notabene.world\\\/nb\\\/32-lata\\\/#breadcrumb\",\"itemListElement\":[{\"@type\":\"ListItem\",\"position\":1,\"name\":\"Home\",\"item\":\"https:\\\/\\\/notabene.world\\\/nb\\\/\"},{\"@type\":\"ListItem\",\"position\":2,\"name\":\"32 lata&#8230;\"}]},{\"@type\":\"WebSite\",\"@id\":\"https:\\\/\\\/notabene.world\\\/nb\\\/#website\",\"url\":\"https:\\\/\\\/notabene.world\\\/nb\\\/\",\"name\":\"NOTABENE.WORLD\",\"description\":\"Przekaz. Warto\u015bci. Wsp\u00f3lnota.\",\"publisher\":{\"@id\":\"https:\\\/\\\/notabene.world\\\/nb\\\/#organization\"},\"potentialAction\":[{\"@type\":\"SearchAction\",\"target\":{\"@type\":\"EntryPoint\",\"urlTemplate\":\"https:\\\/\\\/notabene.world\\\/nb\\\/?s={search_term_string}\"},\"query-input\":{\"@type\":\"PropertyValueSpecification\",\"valueRequired\":true,\"valueName\":\"search_term_string\"}}],\"inLanguage\":\"pl-PL\"},{\"@type\":\"Organization\",\"@id\":\"https:\\\/\\\/notabene.world\\\/nb\\\/#organization\",\"name\":\"NOTABENE.WORLD\",\"url\":\"https:\\\/\\\/notabene.world\\\/nb\\\/\",\"logo\":{\"@type\":\"ImageObject\",\"inLanguage\":\"pl-PL\",\"@id\":\"https:\\\/\\\/notabene.world\\\/nb\\\/#\\\/schema\\\/logo\\\/image\\\/\",\"url\":\"https:\\\/\\\/notabene.world\\\/nb\\\/wp-content\\\/uploads\\\/2022\\\/01\\\/NB-club-start-www1.jpg\",\"contentUrl\":\"https:\\\/\\\/notabene.world\\\/nb\\\/wp-content\\\/uploads\\\/2022\\\/01\\\/NB-club-start-www1.jpg\",\"width\":1000,\"height\":839,\"caption\":\"NOTABENE.WORLD\"},\"image\":{\"@id\":\"https:\\\/\\\/notabene.world\\\/nb\\\/#\\\/schema\\\/logo\\\/image\\\/\"},\"sameAs\":[\"https:\\\/\\\/www.facebook.com\\\/Notabene.World\"]},{\"@type\":\"Person\",\"@id\":\"https:\\\/\\\/notabene.world\\\/nb\\\/#\\\/schema\\\/person\\\/9081f0d094ad3e2767736feb48c99520\",\"name\":\"B D\",\"image\":{\"@type\":\"ImageObject\",\"inLanguage\":\"pl-PL\",\"@id\":\"https:\\\/\\\/secure.gravatar.com\\\/avatar\\\/ebcdcd8c0a7789c85d5a03ead2e68bda7a5fcb1ab728d56a4bd678c5ea15faa2?s=96&d=mm&r=g\",\"url\":\"https:\\\/\\\/secure.gravatar.com\\\/avatar\\\/ebcdcd8c0a7789c85d5a03ead2e68bda7a5fcb1ab728d56a4bd678c5ea15faa2?s=96&d=mm&r=g\",\"contentUrl\":\"https:\\\/\\\/secure.gravatar.com\\\/avatar\\\/ebcdcd8c0a7789c85d5a03ead2e68bda7a5fcb1ab728d56a4bd678c5ea15faa2?s=96&d=mm&r=g\",\"caption\":\"B D\"},\"url\":\"https:\\\/\\\/notabene.world\\\/nb\\\/author\\\/jo-d\\\/\"}]}<\/script>\n<!-- \/ Yoast SEO plugin. -->","yoast_head_json":{"title":"32 lata... - NOTABENE.WORLD","robots":{"index":"index","follow":"follow","max-snippet":"max-snippet:-1","max-image-preview":"max-image-preview:large","max-video-preview":"max-video-preview:-1"},"canonical":"https:\/\/notabene.world\/nb\/32-lata\/","og_locale":"pl_PL","og_type":"article","og_title":"32 lata... - NOTABENE.WORLD","og_description":"W pi\u0105tek obchodzili\u015bmy Dzie\u0144 Samorz\u0105du Terytorialnego. To \u015bwi\u0119to obchodzone jest corocznie 27 maja. Uchwalone przez Sejm w 2000 roku, upami\u0119tnia pierwsze wybory samorz\u0105dowe. Wybory z 27 maja 1990 roku przeprowadzono na mocy Ustawy o Samorz\u0105dzie gminnym uchwalonej przez Sejm 8 marca 1990 roku. Dzi\u0119ki temu spo\u0142eczno\u015bci lokalne mog\u0142y zarz\u0105dza\u0107 cz\u0119\u015bci\u0105 spraw publicznych, a gminy uzyska\u0142y w\u0142asne \u017ar\u00f3d\u0142a dochod\u00f3w i mo\u017cliwo\u015b\u0107 decydowania o swoich wydatkach. Kolejny, wa\u017cny etap reformy administracyjnej nast\u0105pi\u0142 w styczniu 1999 r. Polega\u0142 na wprowadzeniu dw\u00f3ch dodatkowych szczebli samorz\u0105du: powiat\u00f3w i samorz\u0105dowych wojew\u00f3dztw. Oznacza\u0142o to przesuni\u0119cie kompetencji wykonywania zada\u0144 publicznych ze szczebla rz\u0105dowego na szczebel samorz\u0105dowy.","og_url":"https:\/\/notabene.world\/nb\/32-lata\/","og_site_name":"NOTABENE.WORLD","article_publisher":"https:\/\/www.facebook.com\/Notabene.World","article_published_time":"2022-05-29T21:02:00+00:00","article_modified_time":"2022-06-20T13:55:10+00:00","og_image":[{"width":800,"height":445,"url":"https:\/\/notabene.world\/nb\/wp-content\/uploads\/2022\/05\/l2.jpg","type":"image\/jpeg"}],"author":"B D","twitter_card":"summary_large_image","twitter_misc":{"Napisane przez":"B D","Szacowany czas czytania":"4 minuty"},"schema":{"@context":"https:\/\/schema.org","@graph":[{"@type":"Article","@id":"https:\/\/notabene.world\/nb\/32-lata\/#article","isPartOf":{"@id":"https:\/\/notabene.world\/nb\/32-lata\/"},"author":{"name":"B D","@id":"https:\/\/notabene.world\/nb\/#\/schema\/person\/9081f0d094ad3e2767736feb48c99520"},"headline":"32 lata&#8230;","datePublished":"2022-05-29T21:02:00+00:00","dateModified":"2022-06-20T13:55:10+00:00","mainEntityOfPage":{"@id":"https:\/\/notabene.world\/nb\/32-lata\/"},"wordCount":704,"publisher":{"@id":"https:\/\/notabene.world\/nb\/#organization"},"image":{"@id":"https:\/\/notabene.world\/nb\/32-lata\/#primaryimage"},"thumbnailUrl":"https:\/\/i0.wp.com\/notabene.world\/nb\/wp-content\/uploads\/2022\/05\/l2.jpg?fit=800%2C445&ssl=1","articleSection":["Felietony","Liczby i Fakty","Publicystyka"],"inLanguage":"pl-PL"},{"@type":"WebPage","@id":"https:\/\/notabene.world\/nb\/32-lata\/","url":"https:\/\/notabene.world\/nb\/32-lata\/","name":"32 lata... - NOTABENE.WORLD","isPartOf":{"@id":"https:\/\/notabene.world\/nb\/#website"},"primaryImageOfPage":{"@id":"https:\/\/notabene.world\/nb\/32-lata\/#primaryimage"},"image":{"@id":"https:\/\/notabene.world\/nb\/32-lata\/#primaryimage"},"thumbnailUrl":"https:\/\/i0.wp.com\/notabene.world\/nb\/wp-content\/uploads\/2022\/05\/l2.jpg?fit=800%2C445&ssl=1","datePublished":"2022-05-29T21:02:00+00:00","dateModified":"2022-06-20T13:55:10+00:00","breadcrumb":{"@id":"https:\/\/notabene.world\/nb\/32-lata\/#breadcrumb"},"inLanguage":"pl-PL","potentialAction":[{"@type":"ReadAction","target":["https:\/\/notabene.world\/nb\/32-lata\/"]}]},{"@type":"ImageObject","inLanguage":"pl-PL","@id":"https:\/\/notabene.world\/nb\/32-lata\/#primaryimage","url":"https:\/\/i0.wp.com\/notabene.world\/nb\/wp-content\/uploads\/2022\/05\/l2.jpg?fit=800%2C445&ssl=1","contentUrl":"https:\/\/i0.wp.com\/notabene.world\/nb\/wp-content\/uploads\/2022\/05\/l2.jpg?fit=800%2C445&ssl=1","width":800,"height":445},{"@type":"BreadcrumbList","@id":"https:\/\/notabene.world\/nb\/32-lata\/#breadcrumb","itemListElement":[{"@type":"ListItem","position":1,"name":"Home","item":"https:\/\/notabene.world\/nb\/"},{"@type":"ListItem","position":2,"name":"32 lata&#8230;"}]},{"@type":"WebSite","@id":"https:\/\/notabene.world\/nb\/#website","url":"https:\/\/notabene.world\/nb\/","name":"NOTABENE.WORLD","description":"Przekaz. Warto\u015bci. Wsp\u00f3lnota.","publisher":{"@id":"https:\/\/notabene.world\/nb\/#organization"},"potentialAction":[{"@type":"SearchAction","target":{"@type":"EntryPoint","urlTemplate":"https:\/\/notabene.world\/nb\/?s={search_term_string}"},"query-input":{"@type":"PropertyValueSpecification","valueRequired":true,"valueName":"search_term_string"}}],"inLanguage":"pl-PL"},{"@type":"Organization","@id":"https:\/\/notabene.world\/nb\/#organization","name":"NOTABENE.WORLD","url":"https:\/\/notabene.world\/nb\/","logo":{"@type":"ImageObject","inLanguage":"pl-PL","@id":"https:\/\/notabene.world\/nb\/#\/schema\/logo\/image\/","url":"https:\/\/notabene.world\/nb\/wp-content\/uploads\/2022\/01\/NB-club-start-www1.jpg","contentUrl":"https:\/\/notabene.world\/nb\/wp-content\/uploads\/2022\/01\/NB-club-start-www1.jpg","width":1000,"height":839,"caption":"NOTABENE.WORLD"},"image":{"@id":"https:\/\/notabene.world\/nb\/#\/schema\/logo\/image\/"},"sameAs":["https:\/\/www.facebook.com\/Notabene.World"]},{"@type":"Person","@id":"https:\/\/notabene.world\/nb\/#\/schema\/person\/9081f0d094ad3e2767736feb48c99520","name":"B D","image":{"@type":"ImageObject","inLanguage":"pl-PL","@id":"https:\/\/secure.gravatar.com\/avatar\/ebcdcd8c0a7789c85d5a03ead2e68bda7a5fcb1ab728d56a4bd678c5ea15faa2?s=96&d=mm&r=g","url":"https:\/\/secure.gravatar.com\/avatar\/ebcdcd8c0a7789c85d5a03ead2e68bda7a5fcb1ab728d56a4bd678c5ea15faa2?s=96&d=mm&r=g","contentUrl":"https:\/\/secure.gravatar.com\/avatar\/ebcdcd8c0a7789c85d5a03ead2e68bda7a5fcb1ab728d56a4bd678c5ea15faa2?s=96&d=mm&r=g","caption":"B D"},"url":"https:\/\/notabene.world\/nb\/author\/jo-d\/"}]}},"jetpack_featured_media_url":"https:\/\/i0.wp.com\/notabene.world\/nb\/wp-content\/uploads\/2022\/05\/l2.jpg?fit=800%2C445&ssl=1","jetpack_sharing_enabled":true,"jetpack_shortlink":"https:\/\/wp.me\/pdCobN-1Ba","_links":{"self":[{"href":"https:\/\/notabene.world\/nb\/wp-json\/wp\/v2\/posts\/6148","targetHints":{"allow":["GET"]}}],"collection":[{"href":"https:\/\/notabene.world\/nb\/wp-json\/wp\/v2\/posts"}],"about":[{"href":"https:\/\/notabene.world\/nb\/wp-json\/wp\/v2\/types\/post"}],"author":[{"embeddable":true,"href":"https:\/\/notabene.world\/nb\/wp-json\/wp\/v2\/users\/35"}],"replies":[{"embeddable":true,"href":"https:\/\/notabene.world\/nb\/wp-json\/wp\/v2\/comments?post=6148"}],"version-history":[{"count":5,"href":"https:\/\/notabene.world\/nb\/wp-json\/wp\/v2\/posts\/6148\/revisions"}],"predecessor-version":[{"id":6248,"href":"https:\/\/notabene.world\/nb\/wp-json\/wp\/v2\/posts\/6148\/revisions\/6248"}],"wp:featuredmedia":[{"embeddable":true,"href":"https:\/\/notabene.world\/nb\/wp-json\/wp\/v2\/media\/6150"}],"wp:attachment":[{"href":"https:\/\/notabene.world\/nb\/wp-json\/wp\/v2\/media?parent=6148"}],"wp:term":[{"taxonomy":"category","embeddable":true,"href":"https:\/\/notabene.world\/nb\/wp-json\/wp\/v2\/categories?post=6148"},{"taxonomy":"post_tag","embeddable":true,"href":"https:\/\/notabene.world\/nb\/wp-json\/wp\/v2\/tags?post=6148"}],"curies":[{"name":"wp","href":"https:\/\/api.w.org\/{rel}","templated":true}]}}