{"id":6157,"date":"2022-05-28T17:30:00","date_gmt":"2022-05-28T15:30:00","guid":{"rendered":"https:\/\/notabene.world\/nb\/?p=6157"},"modified":"2022-06-15T08:19:33","modified_gmt":"2022-06-15T06:19:33","slug":"dlugo-wyczekiwana-przebudowa-stadionu-lekkoatletycznego-w-koncu-ruszyla","status":"publish","type":"post","link":"https:\/\/notabene.world\/nb\/dlugo-wyczekiwana-przebudowa-stadionu-lekkoatletycznego-w-koncu-ruszyla\/","title":{"rendered":"Ruszy\u0142a przebudowa stadionu lekkoatletycznego w Kielcach. Nareszcie!"},"content":{"rendered":"\n<p>Od paru dni na Kieleckim Stadionie Lekkoatletycznym mo\u017cemy zobaczy\u0107 koparki. Oznacza to tylko jedno. Po latach oczekiwa\u0144 stadion przy ul. Leszka Drogosza doczeka\u0142 si\u0119 swojej przebudowy!<\/p>\n\n\n\n<figure class=\"wp-block-gallery has-nested-images columns-default is-cropped wp-block-gallery-1 is-layout-flex wp-block-gallery-is-layout-flex\">\n<figure class=\"wp-block-image size-large\"><img data-recalc-dims=\"1\" loading=\"lazy\" decoding=\"async\" width=\"769\" height=\"1024\" data-id=\"6176\" src=\"https:\/\/i0.wp.com\/notabene.world\/nb\/wp-content\/uploads\/2022\/05\/1653930086646-1.jpg?resize=769%2C1024&#038;ssl=1\" alt=\"\" class=\"wp-image-6176\" srcset=\"https:\/\/i0.wp.com\/notabene.world\/nb\/wp-content\/uploads\/2022\/05\/1653930086646-1-scaled.jpg?resize=769%2C1024&amp;ssl=1 769w, https:\/\/i0.wp.com\/notabene.world\/nb\/wp-content\/uploads\/2022\/05\/1653930086646-1-scaled.jpg?resize=225%2C300&amp;ssl=1 225w, https:\/\/i0.wp.com\/notabene.world\/nb\/wp-content\/uploads\/2022\/05\/1653930086646-1-scaled.jpg?resize=768%2C1022&amp;ssl=1 768w, https:\/\/i0.wp.com\/notabene.world\/nb\/wp-content\/uploads\/2022\/05\/1653930086646-1-scaled.jpg?resize=1154%2C1536&amp;ssl=1 1154w, https:\/\/i0.wp.com\/notabene.world\/nb\/wp-content\/uploads\/2022\/05\/1653930086646-1-scaled.jpg?resize=1538%2C2048&amp;ssl=1 1538w, https:\/\/i0.wp.com\/notabene.world\/nb\/wp-content\/uploads\/2022\/05\/1653930086646-1-scaled.jpg?w=1923&amp;ssl=1 1923w, https:\/\/i0.wp.com\/notabene.world\/nb\/wp-content\/uploads\/2022\/05\/1653930086646-1-scaled.jpg?w=1600&amp;ssl=1 1600w\" sizes=\"auto, (max-width: 769px) 100vw, 769px\" \/><\/figure>\n<\/figure>\n\n\n\n<p>W dniu 19 maja na terenie stadionu zacz\u0119\u0142y si\u0119 prace budowlane, a ju\u017c po dw\u00f3ch dniach po tartanie nie by\u0142o ani \u015bladu. Jakie najwa\u017cniejsze zmiany zostan\u0105 wprowadzone? To pytanie nurtuje nie tylko osoby trenuj\u0105ce na co dzie\u0144, ale r\u00f3wnie\u017c wszystkich innych mieszka\u0144c\u00f3w Kielc. Oto najnowsze informacje dotycz\u0105ce przebudowy stadionu. <\/p>\n\n\n\n<p>Modernizacja, ku wielkiej rado\u015bci sportowc\u00f3w, zak\u0142ada g\u0142\u00f3wnie zdj\u0119cie starej, zniszczonej nawierzchni oraz wymian\u0119 jej na t\u0105 nowsz\u0105 &#8211; wykonan\u0105 z kauczuku. Du\u017cym udogodnieniem b\u0119dzie r\u00f3wnie\u017c wybudowanie zupe\u0142nie nowej cz\u0119\u015bci. Ta ma sk\u0142ada\u0107 si\u0119 z bie\u017cni rozgrzewkowej o d\u0142ugo\u015bci 150m. Ca\u0142y stadion ma zosta\u0107 ogrodzony oraz wyposa\u017cony w nowe o\u015bwietlenie.<\/p>\n\n\n\n<p>Co to jednak znaczy dla os\u00f3b, kt\u00f3re odwiedza\u0142y stadion wiele razy w tygodniu?<\/p>\n\n\n\n<p>Przy ul. Drogosza Kielecki Klub Lekkoatletyczny ma dost\u0119p r\u00f3wnie\u017c do hali, jednak jak wszyscy dobrze wiemy trwa teraz sezon letni. Wymaga on od zawodnik\u00f3w przygotowania do start\u00f3w na dworze, gdzie mierz\u0105 si\u0119 z wiatrem oraz musz\u0105 dostosowa\u0107 si\u0119 do panuj\u0105cych podczas zawod\u00f3w innych warunk\u00f3w pogodowych. Grupa, kt\u00f3ra szczeg\u00f3lnie potrzebuje stadionu to sprinterzy. Sportowc\u00f3w bardzo zmartwi\u0142 brak dost\u0119pu do stadionu w tak wa\u017cnym dla nich okresie. Ogromnym udogodnieniem dla zawodnik\u00f3w KKL by\u0142y r\u00f3wnie\u017c szatnie z prysznicami oraz w\u0142asne szafki, w kt\u00f3rych sportowcy trzymali sprz\u0119t sportowy oraz ubrania. Ostatecznie klubowi uda\u0142o si\u0119 uzyska\u0107 mo\u017cliwo\u015b\u0107 trenowania na nowym stadionie Politechniki \u015awi\u0119tokrzyskiej. W \u015brodku tego stadionu jest r\u00f3wnie\u017c boisko do pi\u0142ki no\u017cnej, na kt\u00f3rym trenuje wiele kieleckich dru\u017cyn pi\u0142karskich. Dost\u0119p do stadionu jest zatem ograniczony. KKL  ma dost\u0119p do stadionu 5 razy w tygodniu, ale tylko przez p\u00f3\u0142torej godziny ka\u017cdego dnia. Jest to du\u017ce utrudnienie szczeg\u00f3lnie dla grup sk\u0142adaj\u0105cych si\u0119 z wielu os\u00f3b, w kt\u00f3rej ka\u017cdy ko\u0144czy lekcje o innej porze. Na starym stadionie, ka\u017cda grupa przychodzi\u0142a zazwyczaj o innej godzinie, tutaj jednak plan dzia\u0142ania musi si\u0119 zmieni\u0107, poniewa\u017c nie ma takiej mo\u017cliwo\u015bci. Prace na stadionie przy al. Drogosza maja potrwa\u0107 do ko\u0144ca lutego przysz\u0142ego roku. Zawodnicy z niecierpliwo\u015bci\u0105 czekaj\u0105 na jak najszybsze uko\u0144czenie prac i powrotu do starego systemu trenowania.  Przez zniszczon\u0105 nawierzchni\u0119 oraz brak licencji stadion straci\u0142 mo\u017cliwo\u015b\u0107 do organizowania imprez sportowych. Wszyscy maj\u0105 nadziej\u0119, \u017ce po jego odnowieniu wszystko wr\u00f3ci do normy i w przysz\u0142o\u015bci obejrz\u0105 na nim wiele ciekawych start\u00f3w. <\/p>\n\n\n\n<figure class=\"wp-block-gallery has-nested-images columns-default is-cropped wp-block-gallery-2 is-layout-flex wp-block-gallery-is-layout-flex\">\n<figure class=\"wp-block-image size-large\"><img data-recalc-dims=\"1\" loading=\"lazy\" decoding=\"async\" width=\"768\" height=\"1024\" data-id=\"6189\" src=\"https:\/\/i0.wp.com\/notabene.world\/nb\/wp-content\/uploads\/2022\/05\/1653930086669.jpg?resize=768%2C1024&#038;ssl=1\" alt=\"\" class=\"wp-image-6189\" srcset=\"https:\/\/i0.wp.com\/notabene.world\/nb\/wp-content\/uploads\/2022\/05\/1653930086669-scaled.jpg?resize=768%2C1024&amp;ssl=1 768w, https:\/\/i0.wp.com\/notabene.world\/nb\/wp-content\/uploads\/2022\/05\/1653930086669-scaled.jpg?resize=225%2C300&amp;ssl=1 225w, https:\/\/i0.wp.com\/notabene.world\/nb\/wp-content\/uploads\/2022\/05\/1653930086669-scaled.jpg?resize=1152%2C1536&amp;ssl=1 1152w, https:\/\/i0.wp.com\/notabene.world\/nb\/wp-content\/uploads\/2022\/05\/1653930086669-scaled.jpg?resize=1536%2C2048&amp;ssl=1 1536w, https:\/\/i0.wp.com\/notabene.world\/nb\/wp-content\/uploads\/2022\/05\/1653930086669-scaled.jpg?w=1920&amp;ssl=1 1920w, https:\/\/i0.wp.com\/notabene.world\/nb\/wp-content\/uploads\/2022\/05\/1653930086669-scaled.jpg?w=1600&amp;ssl=1 1600w\" sizes=\"auto, (max-width: 768px) 100vw, 768px\" \/><\/figure>\n\n\n\n<figure class=\"wp-block-image size-large\"><img data-recalc-dims=\"1\" loading=\"lazy\" decoding=\"async\" width=\"800\" height=\"600\" data-id=\"6179\" src=\"https:\/\/i0.wp.com\/notabene.world\/nb\/wp-content\/uploads\/2022\/05\/28DC30C7-C066-4CA7-B636-2748022E8EB8.jpeg?resize=800%2C600&#038;ssl=1\" alt=\"\" class=\"wp-image-6179\" srcset=\"https:\/\/i0.wp.com\/notabene.world\/nb\/wp-content\/uploads\/2022\/05\/28DC30C7-C066-4CA7-B636-2748022E8EB8.jpeg?resize=1024%2C768&amp;ssl=1 1024w, https:\/\/i0.wp.com\/notabene.world\/nb\/wp-content\/uploads\/2022\/05\/28DC30C7-C066-4CA7-B636-2748022E8EB8.jpeg?resize=300%2C225&amp;ssl=1 300w, https:\/\/i0.wp.com\/notabene.world\/nb\/wp-content\/uploads\/2022\/05\/28DC30C7-C066-4CA7-B636-2748022E8EB8.jpeg?resize=768%2C576&amp;ssl=1 768w, https:\/\/i0.wp.com\/notabene.world\/nb\/wp-content\/uploads\/2022\/05\/28DC30C7-C066-4CA7-B636-2748022E8EB8.jpeg?w=1280&amp;ssl=1 1280w\" sizes=\"auto, (max-width: 800px) 100vw, 800px\" \/><\/figure>\n\n\n\n<figure class=\"wp-block-image size-large\"><img data-recalc-dims=\"1\" loading=\"lazy\" decoding=\"async\" width=\"768\" height=\"1024\" data-id=\"6180\" src=\"https:\/\/i0.wp.com\/notabene.world\/nb\/wp-content\/uploads\/2022\/05\/417B94F0-53E1-4D17-A3E1-6E9137E48890.jpeg?resize=768%2C1024&#038;ssl=1\" alt=\"\" class=\"wp-image-6180\" srcset=\"https:\/\/i0.wp.com\/notabene.world\/nb\/wp-content\/uploads\/2022\/05\/417B94F0-53E1-4D17-A3E1-6E9137E48890.jpeg?resize=768%2C1024&amp;ssl=1 768w, https:\/\/i0.wp.com\/notabene.world\/nb\/wp-content\/uploads\/2022\/05\/417B94F0-53E1-4D17-A3E1-6E9137E48890.jpeg?resize=225%2C300&amp;ssl=1 225w, https:\/\/i0.wp.com\/notabene.world\/nb\/wp-content\/uploads\/2022\/05\/417B94F0-53E1-4D17-A3E1-6E9137E48890.jpeg?w=960&amp;ssl=1 960w\" sizes=\"auto, (max-width: 768px) 100vw, 768px\" \/><\/figure>\n<\/figure>\n\n\n","protected":false},"excerpt":{"rendered":"<p>Od paru dni na Kieleckim Stadionie Lekkoatletycznym mo\u017cemy zobaczy\u0107 koparki. Oznacza to tylko jedno. Po latach oczekiwa\u0144 stadion przy ul. Leszka Drogosza doczeka\u0142 si\u0119 swojej przebudowy!<\/p>\n<p>Modernizacja, ku wielkiej rado\u015bci sportowc\u00f3w, zak\u0142ada g\u0142\u00f3wnie zdj\u0119cie starej, zniszczonej nawierzchni oraz wymian\u0119 jej na t\u0105 nowsz\u0105 &#8211; wykonan\u0105 z kauczuku. Du\u017cym udogodnieniem b\u0119dzie r\u00f3wnie\u017c wybudowanie zupe\u0142nie nowej cz\u0119\u015bci. Ta ma sk\u0142ada\u0107 si\u0119 z bie\u017cni rozgrzewkowej o d\u0142ugo\u015bci 150m. Ca\u0142y stadion ma zosta\u0107 ogrodzony oraz wyposa\u017cony w nowe o\u015bwietlenie.<\/p>\n<p>Co to jednak znaczy dla os\u00f3b, kt\u00f3re odwiedza\u0142y stadion wiele razy w tygodniu?<\/p>\n","protected":false},"author":38,"featured_media":6195,"comment_status":"closed","ping_status":"closed","sticky":false,"template":"","format":"standard","meta":{"colormag_page_container_layout":"default_layout","colormag_page_sidebar_layout":"default_layout","_jetpack_memberships_contains_paid_content":false,"footnotes":"","_links_to":"","_links_to_target":""},"categories":[12,9],"tags":[],"class_list":["post-6157","post","type-post","status-publish","format-standard","has-post-thumbnail","hentry","category-spoleczenstwo","category-sport"],"yoast_head":"<!-- This site is optimized with the Yoast SEO plugin v27.4 - https:\/\/yoast.com\/product\/yoast-seo-wordpress\/ -->\n<title>Ruszy\u0142a przebudowa stadionu lekkoatletycznego w Kielcach. Nareszcie! - NOTABENE.WORLD<\/title>\n<meta name=\"robots\" content=\"index, follow, max-snippet:-1, max-image-preview:large, max-video-preview:-1\" \/>\n<link rel=\"canonical\" href=\"https:\/\/notabene.world\/nb\/dlugo-wyczekiwana-przebudowa-stadionu-lekkoatletycznego-w-koncu-ruszyla\/\" \/>\n<meta property=\"og:locale\" content=\"pl_PL\" \/>\n<meta property=\"og:type\" content=\"article\" \/>\n<meta property=\"og:title\" content=\"Ruszy\u0142a przebudowa stadionu lekkoatletycznego w Kielcach. Nareszcie! - NOTABENE.WORLD\" \/>\n<meta property=\"og:description\" content=\"Od paru dni na Kieleckim Stadionie Lekkoatletycznym mo\u017cemy zobaczy\u0107 koparki. Oznacza to tylko jedno. Po latach oczekiwa\u0144 stadion przy ul. Leszka Drogosza doczeka\u0142 si\u0119 swojej przebudowy! Modernizacja, ku wielkiej rado\u015bci sportowc\u00f3w, zak\u0142ada g\u0142\u00f3wnie zdj\u0119cie starej, zniszczonej nawierzchni oraz wymian\u0119 jej na t\u0105 nowsz\u0105 - wykonan\u0105 z kauczuku. Du\u017cym udogodnieniem b\u0119dzie r\u00f3wnie\u017c wybudowanie zupe\u0142nie nowej cz\u0119\u015bci. Ta ma sk\u0142ada\u0107 si\u0119 z bie\u017cni rozgrzewkowej o d\u0142ugo\u015bci 150m. Ca\u0142y stadion ma zosta\u0107 ogrodzony oraz wyposa\u017cony w nowe o\u015bwietlenie. Co to jednak znaczy dla os\u00f3b, kt\u00f3re odwiedza\u0142y stadion wiele razy w tygodniu?\" \/>\n<meta property=\"og:url\" content=\"https:\/\/notabene.world\/nb\/dlugo-wyczekiwana-przebudowa-stadionu-lekkoatletycznego-w-koncu-ruszyla\/\" \/>\n<meta property=\"og:site_name\" content=\"NOTABENE.WORLD\" \/>\n<meta property=\"article:publisher\" content=\"https:\/\/www.facebook.com\/Notabene.World\" \/>\n<meta property=\"article:published_time\" content=\"2022-05-28T15:30:00+00:00\" \/>\n<meta property=\"article:modified_time\" content=\"2022-06-15T06:19:33+00:00\" \/>\n<meta property=\"og:image\" content=\"https:\/\/notabene.world\/nb\/wp-content\/uploads\/2022\/05\/stad1.jpg\" \/>\n\t<meta property=\"og:image:width\" content=\"800\" \/>\n\t<meta property=\"og:image:height\" content=\"445\" \/>\n\t<meta property=\"og:image:type\" content=\"image\/jpeg\" \/>\n<meta name=\"author\" content=\"Gabriela Lipi\u0144ska\" \/>\n<meta name=\"twitter:card\" content=\"summary_large_image\" \/>\n<meta name=\"twitter:label1\" content=\"Napisane przez\" \/>\n\t<meta name=\"twitter:data1\" content=\"Gabriela Lipi\u0144ska\" \/>\n\t<meta name=\"twitter:label2\" content=\"Szacowany czas czytania\" \/>\n\t<meta name=\"twitter:data2\" content=\"4 minuty\" \/>\n<script type=\"application\/ld+json\" class=\"yoast-schema-graph\">{\"@context\":\"https:\\\/\\\/schema.org\",\"@graph\":[{\"@type\":\"Article\",\"@id\":\"https:\\\/\\\/notabene.world\\\/nb\\\/dlugo-wyczekiwana-przebudowa-stadionu-lekkoatletycznego-w-koncu-ruszyla\\\/#article\",\"isPartOf\":{\"@id\":\"https:\\\/\\\/notabene.world\\\/nb\\\/dlugo-wyczekiwana-przebudowa-stadionu-lekkoatletycznego-w-koncu-ruszyla\\\/\"},\"author\":{\"name\":\"Gabriela Lipi\u0144ska\",\"@id\":\"https:\\\/\\\/notabene.world\\\/nb\\\/#\\\/schema\\\/person\\\/4e9a17698662d25036f4054dc9fe2bf9\"},\"headline\":\"Ruszy\u0142a przebudowa stadionu lekkoatletycznego w Kielcach. Nareszcie!\",\"datePublished\":\"2022-05-28T15:30:00+00:00\",\"dateModified\":\"2022-06-15T06:19:33+00:00\",\"mainEntityOfPage\":{\"@id\":\"https:\\\/\\\/notabene.world\\\/nb\\\/dlugo-wyczekiwana-przebudowa-stadionu-lekkoatletycznego-w-koncu-ruszyla\\\/\"},\"wordCount\":466,\"publisher\":{\"@id\":\"https:\\\/\\\/notabene.world\\\/nb\\\/#organization\"},\"image\":{\"@id\":\"https:\\\/\\\/notabene.world\\\/nb\\\/dlugo-wyczekiwana-przebudowa-stadionu-lekkoatletycznego-w-koncu-ruszyla\\\/#primaryimage\"},\"thumbnailUrl\":\"https:\\\/\\\/i0.wp.com\\\/notabene.world\\\/nb\\\/wp-content\\\/uploads\\\/2022\\\/05\\\/stad1.jpg?fit=800%2C445&ssl=1\",\"articleSection\":[\"Nasz \u015awiat\",\"Sport\"],\"inLanguage\":\"pl-PL\"},{\"@type\":\"WebPage\",\"@id\":\"https:\\\/\\\/notabene.world\\\/nb\\\/dlugo-wyczekiwana-przebudowa-stadionu-lekkoatletycznego-w-koncu-ruszyla\\\/\",\"url\":\"https:\\\/\\\/notabene.world\\\/nb\\\/dlugo-wyczekiwana-przebudowa-stadionu-lekkoatletycznego-w-koncu-ruszyla\\\/\",\"name\":\"Ruszy\u0142a przebudowa stadionu lekkoatletycznego w Kielcach. Nareszcie! - NOTABENE.WORLD\",\"isPartOf\":{\"@id\":\"https:\\\/\\\/notabene.world\\\/nb\\\/#website\"},\"primaryImageOfPage\":{\"@id\":\"https:\\\/\\\/notabene.world\\\/nb\\\/dlugo-wyczekiwana-przebudowa-stadionu-lekkoatletycznego-w-koncu-ruszyla\\\/#primaryimage\"},\"image\":{\"@id\":\"https:\\\/\\\/notabene.world\\\/nb\\\/dlugo-wyczekiwana-przebudowa-stadionu-lekkoatletycznego-w-koncu-ruszyla\\\/#primaryimage\"},\"thumbnailUrl\":\"https:\\\/\\\/i0.wp.com\\\/notabene.world\\\/nb\\\/wp-content\\\/uploads\\\/2022\\\/05\\\/stad1.jpg?fit=800%2C445&ssl=1\",\"datePublished\":\"2022-05-28T15:30:00+00:00\",\"dateModified\":\"2022-06-15T06:19:33+00:00\",\"breadcrumb\":{\"@id\":\"https:\\\/\\\/notabene.world\\\/nb\\\/dlugo-wyczekiwana-przebudowa-stadionu-lekkoatletycznego-w-koncu-ruszyla\\\/#breadcrumb\"},\"inLanguage\":\"pl-PL\",\"potentialAction\":[{\"@type\":\"ReadAction\",\"target\":[\"https:\\\/\\\/notabene.world\\\/nb\\\/dlugo-wyczekiwana-przebudowa-stadionu-lekkoatletycznego-w-koncu-ruszyla\\\/\"]}]},{\"@type\":\"ImageObject\",\"inLanguage\":\"pl-PL\",\"@id\":\"https:\\\/\\\/notabene.world\\\/nb\\\/dlugo-wyczekiwana-przebudowa-stadionu-lekkoatletycznego-w-koncu-ruszyla\\\/#primaryimage\",\"url\":\"https:\\\/\\\/i0.wp.com\\\/notabene.world\\\/nb\\\/wp-content\\\/uploads\\\/2022\\\/05\\\/stad1.jpg?fit=800%2C445&ssl=1\",\"contentUrl\":\"https:\\\/\\\/i0.wp.com\\\/notabene.world\\\/nb\\\/wp-content\\\/uploads\\\/2022\\\/05\\\/stad1.jpg?fit=800%2C445&ssl=1\",\"width\":800,\"height\":445},{\"@type\":\"BreadcrumbList\",\"@id\":\"https:\\\/\\\/notabene.world\\\/nb\\\/dlugo-wyczekiwana-przebudowa-stadionu-lekkoatletycznego-w-koncu-ruszyla\\\/#breadcrumb\",\"itemListElement\":[{\"@type\":\"ListItem\",\"position\":1,\"name\":\"Home\",\"item\":\"https:\\\/\\\/notabene.world\\\/nb\\\/\"},{\"@type\":\"ListItem\",\"position\":2,\"name\":\"Ruszy\u0142a przebudowa stadionu lekkoatletycznego w Kielcach. Nareszcie!\"}]},{\"@type\":\"WebSite\",\"@id\":\"https:\\\/\\\/notabene.world\\\/nb\\\/#website\",\"url\":\"https:\\\/\\\/notabene.world\\\/nb\\\/\",\"name\":\"NOTABENE.WORLD\",\"description\":\"Przekaz. Warto\u015bci. Wsp\u00f3lnota.\",\"publisher\":{\"@id\":\"https:\\\/\\\/notabene.world\\\/nb\\\/#organization\"},\"potentialAction\":[{\"@type\":\"SearchAction\",\"target\":{\"@type\":\"EntryPoint\",\"urlTemplate\":\"https:\\\/\\\/notabene.world\\\/nb\\\/?s={search_term_string}\"},\"query-input\":{\"@type\":\"PropertyValueSpecification\",\"valueRequired\":true,\"valueName\":\"search_term_string\"}}],\"inLanguage\":\"pl-PL\"},{\"@type\":\"Organization\",\"@id\":\"https:\\\/\\\/notabene.world\\\/nb\\\/#organization\",\"name\":\"NOTABENE.WORLD\",\"url\":\"https:\\\/\\\/notabene.world\\\/nb\\\/\",\"logo\":{\"@type\":\"ImageObject\",\"inLanguage\":\"pl-PL\",\"@id\":\"https:\\\/\\\/notabene.world\\\/nb\\\/#\\\/schema\\\/logo\\\/image\\\/\",\"url\":\"https:\\\/\\\/notabene.world\\\/nb\\\/wp-content\\\/uploads\\\/2022\\\/01\\\/NB-club-start-www1.jpg\",\"contentUrl\":\"https:\\\/\\\/notabene.world\\\/nb\\\/wp-content\\\/uploads\\\/2022\\\/01\\\/NB-club-start-www1.jpg\",\"width\":1000,\"height\":839,\"caption\":\"NOTABENE.WORLD\"},\"image\":{\"@id\":\"https:\\\/\\\/notabene.world\\\/nb\\\/#\\\/schema\\\/logo\\\/image\\\/\"},\"sameAs\":[\"https:\\\/\\\/www.facebook.com\\\/Notabene.World\"]},{\"@type\":\"Person\",\"@id\":\"https:\\\/\\\/notabene.world\\\/nb\\\/#\\\/schema\\\/person\\\/4e9a17698662d25036f4054dc9fe2bf9\",\"name\":\"Gabriela Lipi\u0144ska\",\"image\":{\"@type\":\"ImageObject\",\"inLanguage\":\"pl-PL\",\"@id\":\"https:\\\/\\\/secure.gravatar.com\\\/avatar\\\/687463e1daedd104567f74f8ba7491c9855abbf7e649b21e58208d924216fe5a?s=96&d=mm&r=g\",\"url\":\"https:\\\/\\\/secure.gravatar.com\\\/avatar\\\/687463e1daedd104567f74f8ba7491c9855abbf7e649b21e58208d924216fe5a?s=96&d=mm&r=g\",\"contentUrl\":\"https:\\\/\\\/secure.gravatar.com\\\/avatar\\\/687463e1daedd104567f74f8ba7491c9855abbf7e649b21e58208d924216fe5a?s=96&d=mm&r=g\",\"caption\":\"Gabriela Lipi\u0144ska\"},\"url\":\"https:\\\/\\\/notabene.world\\\/nb\\\/author\\\/ga-l\\\/\"}]}<\/script>\n<!-- \/ Yoast SEO plugin. -->","yoast_head_json":{"title":"Ruszy\u0142a przebudowa stadionu lekkoatletycznego w Kielcach. Nareszcie! - NOTABENE.WORLD","robots":{"index":"index","follow":"follow","max-snippet":"max-snippet:-1","max-image-preview":"max-image-preview:large","max-video-preview":"max-video-preview:-1"},"canonical":"https:\/\/notabene.world\/nb\/dlugo-wyczekiwana-przebudowa-stadionu-lekkoatletycznego-w-koncu-ruszyla\/","og_locale":"pl_PL","og_type":"article","og_title":"Ruszy\u0142a przebudowa stadionu lekkoatletycznego w Kielcach. Nareszcie! - NOTABENE.WORLD","og_description":"Od paru dni na Kieleckim Stadionie Lekkoatletycznym mo\u017cemy zobaczy\u0107 koparki. Oznacza to tylko jedno. Po latach oczekiwa\u0144 stadion przy ul. Leszka Drogosza doczeka\u0142 si\u0119 swojej przebudowy! Modernizacja, ku wielkiej rado\u015bci sportowc\u00f3w, zak\u0142ada g\u0142\u00f3wnie zdj\u0119cie starej, zniszczonej nawierzchni oraz wymian\u0119 jej na t\u0105 nowsz\u0105 - wykonan\u0105 z kauczuku. Du\u017cym udogodnieniem b\u0119dzie r\u00f3wnie\u017c wybudowanie zupe\u0142nie nowej cz\u0119\u015bci. Ta ma sk\u0142ada\u0107 si\u0119 z bie\u017cni rozgrzewkowej o d\u0142ugo\u015bci 150m. Ca\u0142y stadion ma zosta\u0107 ogrodzony oraz wyposa\u017cony w nowe o\u015bwietlenie. Co to jednak znaczy dla os\u00f3b, kt\u00f3re odwiedza\u0142y stadion wiele razy w tygodniu?","og_url":"https:\/\/notabene.world\/nb\/dlugo-wyczekiwana-przebudowa-stadionu-lekkoatletycznego-w-koncu-ruszyla\/","og_site_name":"NOTABENE.WORLD","article_publisher":"https:\/\/www.facebook.com\/Notabene.World","article_published_time":"2022-05-28T15:30:00+00:00","article_modified_time":"2022-06-15T06:19:33+00:00","og_image":[{"width":800,"height":445,"url":"https:\/\/notabene.world\/nb\/wp-content\/uploads\/2022\/05\/stad1.jpg","type":"image\/jpeg"}],"author":"Gabriela Lipi\u0144ska","twitter_card":"summary_large_image","twitter_misc":{"Napisane przez":"Gabriela Lipi\u0144ska","Szacowany czas czytania":"4 minuty"},"schema":{"@context":"https:\/\/schema.org","@graph":[{"@type":"Article","@id":"https:\/\/notabene.world\/nb\/dlugo-wyczekiwana-przebudowa-stadionu-lekkoatletycznego-w-koncu-ruszyla\/#article","isPartOf":{"@id":"https:\/\/notabene.world\/nb\/dlugo-wyczekiwana-przebudowa-stadionu-lekkoatletycznego-w-koncu-ruszyla\/"},"author":{"name":"Gabriela Lipi\u0144ska","@id":"https:\/\/notabene.world\/nb\/#\/schema\/person\/4e9a17698662d25036f4054dc9fe2bf9"},"headline":"Ruszy\u0142a przebudowa stadionu lekkoatletycznego w Kielcach. Nareszcie!","datePublished":"2022-05-28T15:30:00+00:00","dateModified":"2022-06-15T06:19:33+00:00","mainEntityOfPage":{"@id":"https:\/\/notabene.world\/nb\/dlugo-wyczekiwana-przebudowa-stadionu-lekkoatletycznego-w-koncu-ruszyla\/"},"wordCount":466,"publisher":{"@id":"https:\/\/notabene.world\/nb\/#organization"},"image":{"@id":"https:\/\/notabene.world\/nb\/dlugo-wyczekiwana-przebudowa-stadionu-lekkoatletycznego-w-koncu-ruszyla\/#primaryimage"},"thumbnailUrl":"https:\/\/i0.wp.com\/notabene.world\/nb\/wp-content\/uploads\/2022\/05\/stad1.jpg?fit=800%2C445&ssl=1","articleSection":["Nasz \u015awiat","Sport"],"inLanguage":"pl-PL"},{"@type":"WebPage","@id":"https:\/\/notabene.world\/nb\/dlugo-wyczekiwana-przebudowa-stadionu-lekkoatletycznego-w-koncu-ruszyla\/","url":"https:\/\/notabene.world\/nb\/dlugo-wyczekiwana-przebudowa-stadionu-lekkoatletycznego-w-koncu-ruszyla\/","name":"Ruszy\u0142a przebudowa stadionu lekkoatletycznego w Kielcach. Nareszcie! - NOTABENE.WORLD","isPartOf":{"@id":"https:\/\/notabene.world\/nb\/#website"},"primaryImageOfPage":{"@id":"https:\/\/notabene.world\/nb\/dlugo-wyczekiwana-przebudowa-stadionu-lekkoatletycznego-w-koncu-ruszyla\/#primaryimage"},"image":{"@id":"https:\/\/notabene.world\/nb\/dlugo-wyczekiwana-przebudowa-stadionu-lekkoatletycznego-w-koncu-ruszyla\/#primaryimage"},"thumbnailUrl":"https:\/\/i0.wp.com\/notabene.world\/nb\/wp-content\/uploads\/2022\/05\/stad1.jpg?fit=800%2C445&ssl=1","datePublished":"2022-05-28T15:30:00+00:00","dateModified":"2022-06-15T06:19:33+00:00","breadcrumb":{"@id":"https:\/\/notabene.world\/nb\/dlugo-wyczekiwana-przebudowa-stadionu-lekkoatletycznego-w-koncu-ruszyla\/#breadcrumb"},"inLanguage":"pl-PL","potentialAction":[{"@type":"ReadAction","target":["https:\/\/notabene.world\/nb\/dlugo-wyczekiwana-przebudowa-stadionu-lekkoatletycznego-w-koncu-ruszyla\/"]}]},{"@type":"ImageObject","inLanguage":"pl-PL","@id":"https:\/\/notabene.world\/nb\/dlugo-wyczekiwana-przebudowa-stadionu-lekkoatletycznego-w-koncu-ruszyla\/#primaryimage","url":"https:\/\/i0.wp.com\/notabene.world\/nb\/wp-content\/uploads\/2022\/05\/stad1.jpg?fit=800%2C445&ssl=1","contentUrl":"https:\/\/i0.wp.com\/notabene.world\/nb\/wp-content\/uploads\/2022\/05\/stad1.jpg?fit=800%2C445&ssl=1","width":800,"height":445},{"@type":"BreadcrumbList","@id":"https:\/\/notabene.world\/nb\/dlugo-wyczekiwana-przebudowa-stadionu-lekkoatletycznego-w-koncu-ruszyla\/#breadcrumb","itemListElement":[{"@type":"ListItem","position":1,"name":"Home","item":"https:\/\/notabene.world\/nb\/"},{"@type":"ListItem","position":2,"name":"Ruszy\u0142a przebudowa stadionu lekkoatletycznego w Kielcach. Nareszcie!"}]},{"@type":"WebSite","@id":"https:\/\/notabene.world\/nb\/#website","url":"https:\/\/notabene.world\/nb\/","name":"NOTABENE.WORLD","description":"Przekaz. Warto\u015bci. Wsp\u00f3lnota.","publisher":{"@id":"https:\/\/notabene.world\/nb\/#organization"},"potentialAction":[{"@type":"SearchAction","target":{"@type":"EntryPoint","urlTemplate":"https:\/\/notabene.world\/nb\/?s={search_term_string}"},"query-input":{"@type":"PropertyValueSpecification","valueRequired":true,"valueName":"search_term_string"}}],"inLanguage":"pl-PL"},{"@type":"Organization","@id":"https:\/\/notabene.world\/nb\/#organization","name":"NOTABENE.WORLD","url":"https:\/\/notabene.world\/nb\/","logo":{"@type":"ImageObject","inLanguage":"pl-PL","@id":"https:\/\/notabene.world\/nb\/#\/schema\/logo\/image\/","url":"https:\/\/notabene.world\/nb\/wp-content\/uploads\/2022\/01\/NB-club-start-www1.jpg","contentUrl":"https:\/\/notabene.world\/nb\/wp-content\/uploads\/2022\/01\/NB-club-start-www1.jpg","width":1000,"height":839,"caption":"NOTABENE.WORLD"},"image":{"@id":"https:\/\/notabene.world\/nb\/#\/schema\/logo\/image\/"},"sameAs":["https:\/\/www.facebook.com\/Notabene.World"]},{"@type":"Person","@id":"https:\/\/notabene.world\/nb\/#\/schema\/person\/4e9a17698662d25036f4054dc9fe2bf9","name":"Gabriela Lipi\u0144ska","image":{"@type":"ImageObject","inLanguage":"pl-PL","@id":"https:\/\/secure.gravatar.com\/avatar\/687463e1daedd104567f74f8ba7491c9855abbf7e649b21e58208d924216fe5a?s=96&d=mm&r=g","url":"https:\/\/secure.gravatar.com\/avatar\/687463e1daedd104567f74f8ba7491c9855abbf7e649b21e58208d924216fe5a?s=96&d=mm&r=g","contentUrl":"https:\/\/secure.gravatar.com\/avatar\/687463e1daedd104567f74f8ba7491c9855abbf7e649b21e58208d924216fe5a?s=96&d=mm&r=g","caption":"Gabriela Lipi\u0144ska"},"url":"https:\/\/notabene.world\/nb\/author\/ga-l\/"}]}},"jetpack_featured_media_url":"https:\/\/i0.wp.com\/notabene.world\/nb\/wp-content\/uploads\/2022\/05\/stad1.jpg?fit=800%2C445&ssl=1","jetpack_sharing_enabled":true,"jetpack_shortlink":"https:\/\/wp.me\/pdCobN-1Bj","_links":{"self":[{"href":"https:\/\/notabene.world\/nb\/wp-json\/wp\/v2\/posts\/6157","targetHints":{"allow":["GET"]}}],"collection":[{"href":"https:\/\/notabene.world\/nb\/wp-json\/wp\/v2\/posts"}],"about":[{"href":"https:\/\/notabene.world\/nb\/wp-json\/wp\/v2\/types\/post"}],"author":[{"embeddable":true,"href":"https:\/\/notabene.world\/nb\/wp-json\/wp\/v2\/users\/38"}],"replies":[{"embeddable":true,"href":"https:\/\/notabene.world\/nb\/wp-json\/wp\/v2\/comments?post=6157"}],"version-history":[{"count":5,"href":"https:\/\/notabene.world\/nb\/wp-json\/wp\/v2\/posts\/6157\/revisions"}],"predecessor-version":[{"id":6207,"href":"https:\/\/notabene.world\/nb\/wp-json\/wp\/v2\/posts\/6157\/revisions\/6207"}],"wp:featuredmedia":[{"embeddable":true,"href":"https:\/\/notabene.world\/nb\/wp-json\/wp\/v2\/media\/6195"}],"wp:attachment":[{"href":"https:\/\/notabene.world\/nb\/wp-json\/wp\/v2\/media?parent=6157"}],"wp:term":[{"taxonomy":"category","embeddable":true,"href":"https:\/\/notabene.world\/nb\/wp-json\/wp\/v2\/categories?post=6157"},{"taxonomy":"post_tag","embeddable":true,"href":"https:\/\/notabene.world\/nb\/wp-json\/wp\/v2\/tags?post=6157"}],"curies":[{"name":"wp","href":"https:\/\/api.w.org\/{rel}","templated":true}]}}